{"id":70134,"date":"2020-06-23T19:07:12","date_gmt":"2020-06-23T16:07:12","guid":{"rendered":"https:\/\/www.lovendal.ro\/wp52\/?p=70134"},"modified":"2020-06-23T19:07:12","modified_gmt":"2020-06-23T16:07:12","slug":"o-afirmatie-socanta-intr-un-document-din-1782-cetatea-sucevii-a-fost-cladita-de-vechii-daci","status":"publish","type":"post","link":"https:\/\/www.lovendal.ro\/wp52\/o-afirmatie-socanta-intr-un-document-din-1782-cetatea-sucevii-a-fost-cladita-de-vechii-daci\/","title":{"rendered":"O afirma\u0163ie \u015focant\u0103 \u00eentr-un document din 1782: &#8222;Cetatea Sucevii a fost cl\u0103dit\u0103 de vechii Daci!&#8221;"},"content":{"rendered":"<p><a href=\"https:\/\/www.lovendal.ro\/wp52\/wp-content\/uploads\/2020\/06\/cetatea-Suceava-vechii-daci.jpg\"><img loading=\"lazy\" decoding=\"async\" class=\"alignleft size-full wp-image-70135\" src=\"https:\/\/www.lovendal.ro\/wp52\/wp-content\/uploads\/2020\/06\/cetatea-Suceava-vechii-daci.jpg\" alt=\"\" width=\"341\" height=\"209\" srcset=\"https:\/\/www.lovendal.ro\/wp52\/wp-content\/uploads\/2020\/06\/cetatea-Suceava-vechii-daci.jpg 341w, https:\/\/www.lovendal.ro\/wp52\/wp-content\/uploads\/2020\/06\/cetatea-Suceava-vechii-daci-300x184.jpg 300w\" sizes=\"auto, (max-width: 341px) 100vw, 341px\" \/><\/a>\u00cen excep\u0163ionala lucrare <em>&#8222;Documente bucovinene&#8221;<\/em>, Teodor B\u0103lan, \u00een vol.5 (1745-1760) a g\u0103sit, printre altele, un document din 1782 despre cetatea Suceava. Iat\u0103 ce putem citi acolo:<\/p>\n<p><em>&#8222;1782, Dec. 11, Suceava: \u00een fa\u0163a comisiei austriace apare starostele t\u00e2rgului Suceava, Gheorghe Tupil\u0103\u0163, cu p\u00e2rgarii Iuon Apopi, Andrei Dragomir, \u015etefan Zota \u015fi declara c\u0103 nu \u015ftiu, c\u00e2nd \u015fi de cine a fost zidit t\u00e2rgul Sucevii. At\u00e2ta \u015ftiu c\u0103 pe vremuri, \u00een t\u00e2rgul Sucevii, au fost multe limbi \u015fi multe popoare. Documente n&#8217;au. T\u00e2rgul a fost ruinat \u00een urma invaziilor ru\u015filor, t\u0103tarilor, lipcanilor \u015fi ale le\u015filor.<\/em><\/p>\n<p><em>La 1782, Dec. 16, a fost interogat Simeon T\u0103utul, fost mult timp slujba\u015f la ispravnicia Sucevii. Acesta declar\u0103 c\u0103 t\u00e2rgul Sucevii a fost d\u0103r\u00e2mat, iar Radul Voevod l-a ref\u0103cut, iar Alexandru Voevod i-a dat \u00eentocmirea. Cetatea a fost cl\u0103dit\u0103 de vechii Daci! Voevozii moldoveni \u00eent\u00e2i au locuit \u00een ea, pe urm\u0103 au p\u0103r\u0103sit-o. Ieremie (Movil\u0103) Voevod a ref\u0103cut-o. Nu cunoa\u015fte hotarul t\u00e2rgului, dar \u015ftie c\u0103 T\u0103t\u0103ra\u015f, Arenii si Gropile apar\u0163inuser\u0103 t\u00e2rgului&#8221;.<\/em><\/p>\n<p>Ce mi se pare interesant din \u00eentregul text este urm\u0103torul fragment: <strong>&#8222;<\/strong><em><strong>Cetatea a fost cl\u0103dit\u0103 de vechii Daci!&#8221; <\/strong><\/em>\u015ei asta \u00een ciuda afirma\u0163iei istoriei oficiale conform c\u0103reia, pentru prima dat\u0103, Cetatea de Scaun a Sucevei a fost construit\u0103 de voievodul Petru I Mu\u015fat, la finalul sec. XIV-lea. Probabil c\u0103, \u00eenainte de a fi (re)construit\u0103 de domnitorul moldovean, cetatea Sucevii exista \u00een acele vremuri, sub form\u0103 de ruine, pe acela\u015fi sit arheologic.<\/p>\n","protected":false},"excerpt":{"rendered":"<p>\u00cen excep\u0163ionala lucrare &#8222;Documente bucovinene&#8221;, Teodor B\u0103lan, \u00een vol.5 (1745-1760) a g\u0103sit, printre altele, un document din 1782 despre cetatea Suceava. Iat\u0103 ce putem citi acolo: &#8222;1782, Dec. 11, Suceava: \u00een fa\u0163a comisiei austriace apare starostele t\u00e2rgului Suceava, Gheorghe Tupil\u0103\u0163, &#8230; <\/p>\n<p class=\"read-more-container\"><a title=\"O afirma\u0163ie \u015focant\u0103 \u00eentr-un document din 1782: &#8222;Cetatea Sucevii a fost cl\u0103dit\u0103 de vechii Daci!&#8221;\" class=\"read-more button\" href=\"https:\/\/www.lovendal.ro\/wp52\/o-afirmatie-socanta-intr-un-document-din-1782-cetatea-sucevii-a-fost-cladita-de-vechii-daci\/#more-70134\" aria-label=\"Cite\u0219te mai multe despre O afirma\u0163ie \u015focant\u0103 \u00eentr-un document din 1782: &#8222;Cetatea Sucevii a fost cl\u0103dit\u0103 de vechii Daci!&#8221;\">Cititi mai multe<\/a><\/p>\n","protected":false},"author":1,"featured_media":70135,"comment_status":"closed","ping_status":"open","sticky":false,"template":"","format":"standard","meta":{"footnotes":""},"categories":[9],"tags":[2280,1110,1428,12308,1532,377,15024,2822,8044,15023,1977,15025],"class_list":["post-70134","post","type-post","status-publish","format-standard","has-post-thumbnail","hentry","category-istorie","tag-cetate","tag-daci","tag-domnitor","tag-ieremia-movila","tag-istorie-si-civilizatii","tag-moldova","tag-petru-i-musat","tag-rusi","tag-suceava","tag-targ","tag-tatari","tag-teodor-balan","resize-featured-image"],"yoast_head":"<!-- This site is optimized with the Yoast SEO Premium plugin v23.3 (Yoast SEO v27.4) - https:\/\/yoast.com\/product\/yoast-seo-premium-wordpress\/ -->\n<title>O afirma\u0163ie \u015focant\u0103 \u00eentr-un document din 1782: &quot;Cetatea Sucevii a fost cl\u0103dit\u0103 de vechii Daci!&quot; - Secretele lui Lovendal<\/title>\n<meta name=\"robots\" content=\"index, follow, max-snippet:-1, max-image-preview:large, max-video-preview:-1\" \/>\n<link rel=\"canonical\" href=\"https:\/\/www.lovendal.ro\/wp52\/o-afirmatie-socanta-intr-un-document-din-1782-cetatea-sucevii-a-fost-cladita-de-vechii-daci\/\" \/>\n<meta property=\"og:locale\" content=\"ro_RO\" \/>\n<meta property=\"og:type\" content=\"article\" \/>\n<meta property=\"og:title\" content=\"O afirma\u0163ie \u015focant\u0103 \u00eentr-un document din 1782: &quot;Cetatea Sucevii a fost cl\u0103dit\u0103 de vechii Daci!&quot;\" \/>\n<meta property=\"og:description\" content=\"\u00cen excep\u0163ionala lucrare &#8222;Documente bucovinene&#8221;, Teodor B\u0103lan, \u00een vol.5 (1745-1760) a g\u0103sit, printre altele, un document din 1782 despre cetatea Suceava. Iat\u0103 ce putem citi acolo: &#8222;1782, Dec. 11, Suceava: \u00een fa\u0163a comisiei austriace apare starostele t\u00e2rgului Suceava, Gheorghe Tupil\u0103\u0163, ... Cititi mai multe\" \/>\n<meta property=\"og:url\" content=\"https:\/\/www.lovendal.ro\/wp52\/o-afirmatie-socanta-intr-un-document-din-1782-cetatea-sucevii-a-fost-cladita-de-vechii-daci\/\" \/>\n<meta property=\"og:site_name\" content=\"Secretele lui Lovendal\" \/>\n<meta property=\"article:publisher\" content=\"https:\/\/www.facebook.com\/secreteleluilovendal\" \/>\n<meta property=\"article:published_time\" content=\"2020-06-23T16:07:12+00:00\" \/>\n<meta property=\"og:image\" content=\"https:\/\/www.lovendal.ro\/wp52\/wp-content\/uploads\/2020\/06\/cetatea-Suceava-vechii-daci.jpg\" \/>\n\t<meta property=\"og:image:width\" content=\"341\" \/>\n\t<meta property=\"og:image:height\" content=\"209\" \/>\n\t<meta property=\"og:image:type\" content=\"image\/jpeg\" \/>\n<meta name=\"author\" content=\"admin\" \/>\n<meta name=\"twitter:card\" content=\"summary_large_image\" \/>\n<meta name=\"twitter:label1\" content=\"Scris de\" \/>\n\t<meta name=\"twitter:data1\" content=\"admin\" \/>\n\t<meta name=\"twitter:label2\" content=\"Timp estimat pentru citire\" \/>\n\t<meta name=\"twitter:data2\" content=\"1 minut\" \/>\n<script type=\"application\/ld+json\" class=\"yoast-schema-graph\">{\"@context\":\"https:\\\/\\\/schema.org\",\"@graph\":[{\"@type\":\"Article\",\"@id\":\"https:\\\/\\\/www.lovendal.ro\\\/wp52\\\/o-afirmatie-socanta-intr-un-document-din-1782-cetatea-sucevii-a-fost-cladita-de-vechii-daci\\\/#article\",\"isPartOf\":{\"@id\":\"https:\\\/\\\/www.lovendal.ro\\\/wp52\\\/o-afirmatie-socanta-intr-un-document-din-1782-cetatea-sucevii-a-fost-cladita-de-vechii-daci\\\/\"},\"author\":{\"name\":\"admin\",\"@id\":\"https:\\\/\\\/www.lovendal.ro\\\/wp52\\\/#\\\/schema\\\/person\\\/088691de5dfc346bb0c023e1e52ef5d9\"},\"headline\":\"O afirma\u0163ie \u015focant\u0103 \u00eentr-un document din 1782: &#8222;Cetatea Sucevii a fost cl\u0103dit\u0103 de vechii Daci!&#8221;\",\"datePublished\":\"2020-06-23T16:07:12+00:00\",\"mainEntityOfPage\":{\"@id\":\"https:\\\/\\\/www.lovendal.ro\\\/wp52\\\/o-afirmatie-socanta-intr-un-document-din-1782-cetatea-sucevii-a-fost-cladita-de-vechii-daci\\\/\"},\"wordCount\":283,\"publisher\":{\"@id\":\"https:\\\/\\\/www.lovendal.ro\\\/wp52\\\/#organization\"},\"image\":{\"@id\":\"https:\\\/\\\/www.lovendal.ro\\\/wp52\\\/o-afirmatie-socanta-intr-un-document-din-1782-cetatea-sucevii-a-fost-cladita-de-vechii-daci\\\/#primaryimage\"},\"thumbnailUrl\":\"https:\\\/\\\/www.lovendal.ro\\\/wp52\\\/wp-content\\\/uploads\\\/2020\\\/06\\\/cetatea-Suceava-vechii-daci.jpg\",\"keywords\":[\"cetate\",\"daci\",\"domnitor\",\"Ieremia Movil\u0103\",\"Istorie si Civilizatii\",\"Moldova\",\"Petru I Mu\u015fat\",\"ru\u015fi\",\"Suceava\",\"t\u00e2rg\",\"t\u0103tari\",\"Teodor B\u0103lan\"],\"articleSection\":[\"Istorie si Civilizatii\"],\"inLanguage\":\"ro-RO\"},{\"@type\":\"WebPage\",\"@id\":\"https:\\\/\\\/www.lovendal.ro\\\/wp52\\\/o-afirmatie-socanta-intr-un-document-din-1782-cetatea-sucevii-a-fost-cladita-de-vechii-daci\\\/\",\"url\":\"https:\\\/\\\/www.lovendal.ro\\\/wp52\\\/o-afirmatie-socanta-intr-un-document-din-1782-cetatea-sucevii-a-fost-cladita-de-vechii-daci\\\/\",\"name\":\"O afirma\u0163ie \u015focant\u0103 \u00eentr-un document din 1782: \\\"Cetatea Sucevii a fost cl\u0103dit\u0103 de vechii Daci!\\\" - Secretele lui Lovendal\",\"isPartOf\":{\"@id\":\"https:\\\/\\\/www.lovendal.ro\\\/wp52\\\/#website\"},\"primaryImageOfPage\":{\"@id\":\"https:\\\/\\\/www.lovendal.ro\\\/wp52\\\/o-afirmatie-socanta-intr-un-document-din-1782-cetatea-sucevii-a-fost-cladita-de-vechii-daci\\\/#primaryimage\"},\"image\":{\"@id\":\"https:\\\/\\\/www.lovendal.ro\\\/wp52\\\/o-afirmatie-socanta-intr-un-document-din-1782-cetatea-sucevii-a-fost-cladita-de-vechii-daci\\\/#primaryimage\"},\"thumbnailUrl\":\"https:\\\/\\\/www.lovendal.ro\\\/wp52\\\/wp-content\\\/uploads\\\/2020\\\/06\\\/cetatea-Suceava-vechii-daci.jpg\",\"datePublished\":\"2020-06-23T16:07:12+00:00\",\"breadcrumb\":{\"@id\":\"https:\\\/\\\/www.lovendal.ro\\\/wp52\\\/o-afirmatie-socanta-intr-un-document-din-1782-cetatea-sucevii-a-fost-cladita-de-vechii-daci\\\/#breadcrumb\"},\"inLanguage\":\"ro-RO\",\"potentialAction\":[{\"@type\":\"ReadAction\",\"target\":[\"https:\\\/\\\/www.lovendal.ro\\\/wp52\\\/o-afirmatie-socanta-intr-un-document-din-1782-cetatea-sucevii-a-fost-cladita-de-vechii-daci\\\/\"]}]},{\"@type\":\"ImageObject\",\"inLanguage\":\"ro-RO\",\"@id\":\"https:\\\/\\\/www.lovendal.ro\\\/wp52\\\/o-afirmatie-socanta-intr-un-document-din-1782-cetatea-sucevii-a-fost-cladita-de-vechii-daci\\\/#primaryimage\",\"url\":\"https:\\\/\\\/www.lovendal.ro\\\/wp52\\\/wp-content\\\/uploads\\\/2020\\\/06\\\/cetatea-Suceava-vechii-daci.jpg\",\"contentUrl\":\"https:\\\/\\\/www.lovendal.ro\\\/wp52\\\/wp-content\\\/uploads\\\/2020\\\/06\\\/cetatea-Suceava-vechii-daci.jpg\",\"width\":341,\"height\":209},{\"@type\":\"BreadcrumbList\",\"@id\":\"https:\\\/\\\/www.lovendal.ro\\\/wp52\\\/o-afirmatie-socanta-intr-un-document-din-1782-cetatea-sucevii-a-fost-cladita-de-vechii-daci\\\/#breadcrumb\",\"itemListElement\":[{\"@type\":\"ListItem\",\"position\":1,\"name\":\"Home\",\"item\":\"https:\\\/\\\/www.lovendal.ro\\\/wp52\\\/\"},{\"@type\":\"ListItem\",\"position\":2,\"name\":\"O afirma\u0163ie \u015focant\u0103 \u00eentr-un document din 1782: &#8222;Cetatea Sucevii a fost cl\u0103dit\u0103 de vechii Daci!&#8221;\"}]},{\"@type\":\"WebSite\",\"@id\":\"https:\\\/\\\/www.lovendal.ro\\\/wp52\\\/#website\",\"url\":\"https:\\\/\\\/www.lovendal.ro\\\/wp52\\\/\",\"name\":\"Secretele lui Lovendal\",\"description\":\"Site de secrete, stiinta si metafizica - din 2008 -\",\"publisher\":{\"@id\":\"https:\\\/\\\/www.lovendal.ro\\\/wp52\\\/#organization\"},\"potentialAction\":[{\"@type\":\"SearchAction\",\"target\":{\"@type\":\"EntryPoint\",\"urlTemplate\":\"https:\\\/\\\/www.lovendal.ro\\\/wp52\\\/?s={search_term_string}\"},\"query-input\":{\"@type\":\"PropertyValueSpecification\",\"valueRequired\":true,\"valueName\":\"search_term_string\"}}],\"inLanguage\":\"ro-RO\"},{\"@type\":\"Organization\",\"@id\":\"https:\\\/\\\/www.lovendal.ro\\\/wp52\\\/#organization\",\"name\":\"Secretele lui Lovendal\",\"url\":\"https:\\\/\\\/www.lovendal.ro\\\/wp52\\\/\",\"logo\":{\"@type\":\"ImageObject\",\"inLanguage\":\"ro-RO\",\"@id\":\"https:\\\/\\\/www.lovendal.ro\\\/wp52\\\/#\\\/schema\\\/logo\\\/image\\\/\",\"url\":\"https:\\\/\\\/www.lovendal.ro\\\/wp52\\\/wp-content\\\/uploads\\\/2024\\\/06\\\/cropped-SLL-iun-2024-1.jpg\",\"contentUrl\":\"https:\\\/\\\/www.lovendal.ro\\\/wp52\\\/wp-content\\\/uploads\\\/2024\\\/06\\\/cropped-SLL-iun-2024-1.jpg\",\"width\":771,\"height\":240,\"caption\":\"Secretele lui Lovendal\"},\"image\":{\"@id\":\"https:\\\/\\\/www.lovendal.ro\\\/wp52\\\/#\\\/schema\\\/logo\\\/image\\\/\"},\"sameAs\":[\"https:\\\/\\\/www.facebook.com\\\/secreteleluilovendal\"]},{\"@type\":\"Person\",\"@id\":\"https:\\\/\\\/www.lovendal.ro\\\/wp52\\\/#\\\/schema\\\/person\\\/088691de5dfc346bb0c023e1e52ef5d9\",\"name\":\"admin\",\"image\":{\"@type\":\"ImageObject\",\"inLanguage\":\"ro-RO\",\"@id\":\"https:\\\/\\\/secure.gravatar.com\\\/avatar\\\/ecb9cd41f5f63c9c9b989999a59f6e2639a865ec361e9db054db0679a8f341c2?s=96&d=mm&r=g\",\"url\":\"https:\\\/\\\/secure.gravatar.com\\\/avatar\\\/ecb9cd41f5f63c9c9b989999a59f6e2639a865ec361e9db054db0679a8f341c2?s=96&d=mm&r=g\",\"contentUrl\":\"https:\\\/\\\/secure.gravatar.com\\\/avatar\\\/ecb9cd41f5f63c9c9b989999a59f6e2639a865ec361e9db054db0679a8f341c2?s=96&d=mm&r=g\",\"caption\":\"admin\"},\"sameAs\":[\"https:\\\/\\\/www.lovendal.ro\\\/wp52\"]}]}<\/script>\n<!-- \/ Yoast SEO Premium plugin. -->","yoast_head_json":{"title":"O afirma\u0163ie \u015focant\u0103 \u00eentr-un document din 1782: \"Cetatea Sucevii a fost cl\u0103dit\u0103 de vechii Daci!\" - Secretele lui Lovendal","robots":{"index":"index","follow":"follow","max-snippet":"max-snippet:-1","max-image-preview":"max-image-preview:large","max-video-preview":"max-video-preview:-1"},"canonical":"https:\/\/www.lovendal.ro\/wp52\/o-afirmatie-socanta-intr-un-document-din-1782-cetatea-sucevii-a-fost-cladita-de-vechii-daci\/","og_locale":"ro_RO","og_type":"article","og_title":"O afirma\u0163ie \u015focant\u0103 \u00eentr-un document din 1782: \"Cetatea Sucevii a fost cl\u0103dit\u0103 de vechii Daci!\"","og_description":"\u00cen excep\u0163ionala lucrare &#8222;Documente bucovinene&#8221;, Teodor B\u0103lan, \u00een vol.5 (1745-1760) a g\u0103sit, printre altele, un document din 1782 despre cetatea Suceava. Iat\u0103 ce putem citi acolo: &#8222;1782, Dec. 11, Suceava: \u00een fa\u0163a comisiei austriace apare starostele t\u00e2rgului Suceava, Gheorghe Tupil\u0103\u0163, ... Cititi mai multe","og_url":"https:\/\/www.lovendal.ro\/wp52\/o-afirmatie-socanta-intr-un-document-din-1782-cetatea-sucevii-a-fost-cladita-de-vechii-daci\/","og_site_name":"Secretele lui Lovendal","article_publisher":"https:\/\/www.facebook.com\/secreteleluilovendal","article_published_time":"2020-06-23T16:07:12+00:00","og_image":[{"width":341,"height":209,"url":"https:\/\/www.lovendal.ro\/wp52\/wp-content\/uploads\/2020\/06\/cetatea-Suceava-vechii-daci.jpg","type":"image\/jpeg"}],"author":"admin","twitter_card":"summary_large_image","twitter_misc":{"Scris de":"admin","Timp estimat pentru citire":"1 minut"},"schema":{"@context":"https:\/\/schema.org","@graph":[{"@type":"Article","@id":"https:\/\/www.lovendal.ro\/wp52\/o-afirmatie-socanta-intr-un-document-din-1782-cetatea-sucevii-a-fost-cladita-de-vechii-daci\/#article","isPartOf":{"@id":"https:\/\/www.lovendal.ro\/wp52\/o-afirmatie-socanta-intr-un-document-din-1782-cetatea-sucevii-a-fost-cladita-de-vechii-daci\/"},"author":{"name":"admin","@id":"https:\/\/www.lovendal.ro\/wp52\/#\/schema\/person\/088691de5dfc346bb0c023e1e52ef5d9"},"headline":"O afirma\u0163ie \u015focant\u0103 \u00eentr-un document din 1782: &#8222;Cetatea Sucevii a fost cl\u0103dit\u0103 de vechii Daci!&#8221;","datePublished":"2020-06-23T16:07:12+00:00","mainEntityOfPage":{"@id":"https:\/\/www.lovendal.ro\/wp52\/o-afirmatie-socanta-intr-un-document-din-1782-cetatea-sucevii-a-fost-cladita-de-vechii-daci\/"},"wordCount":283,"publisher":{"@id":"https:\/\/www.lovendal.ro\/wp52\/#organization"},"image":{"@id":"https:\/\/www.lovendal.ro\/wp52\/o-afirmatie-socanta-intr-un-document-din-1782-cetatea-sucevii-a-fost-cladita-de-vechii-daci\/#primaryimage"},"thumbnailUrl":"https:\/\/www.lovendal.ro\/wp52\/wp-content\/uploads\/2020\/06\/cetatea-Suceava-vechii-daci.jpg","keywords":["cetate","daci","domnitor","Ieremia Movil\u0103","Istorie si Civilizatii","Moldova","Petru I Mu\u015fat","ru\u015fi","Suceava","t\u00e2rg","t\u0103tari","Teodor B\u0103lan"],"articleSection":["Istorie si Civilizatii"],"inLanguage":"ro-RO"},{"@type":"WebPage","@id":"https:\/\/www.lovendal.ro\/wp52\/o-afirmatie-socanta-intr-un-document-din-1782-cetatea-sucevii-a-fost-cladita-de-vechii-daci\/","url":"https:\/\/www.lovendal.ro\/wp52\/o-afirmatie-socanta-intr-un-document-din-1782-cetatea-sucevii-a-fost-cladita-de-vechii-daci\/","name":"O afirma\u0163ie \u015focant\u0103 \u00eentr-un document din 1782: \"Cetatea Sucevii a fost cl\u0103dit\u0103 de vechii Daci!\" - Secretele lui Lovendal","isPartOf":{"@id":"https:\/\/www.lovendal.ro\/wp52\/#website"},"primaryImageOfPage":{"@id":"https:\/\/www.lovendal.ro\/wp52\/o-afirmatie-socanta-intr-un-document-din-1782-cetatea-sucevii-a-fost-cladita-de-vechii-daci\/#primaryimage"},"image":{"@id":"https:\/\/www.lovendal.ro\/wp52\/o-afirmatie-socanta-intr-un-document-din-1782-cetatea-sucevii-a-fost-cladita-de-vechii-daci\/#primaryimage"},"thumbnailUrl":"https:\/\/www.lovendal.ro\/wp52\/wp-content\/uploads\/2020\/06\/cetatea-Suceava-vechii-daci.jpg","datePublished":"2020-06-23T16:07:12+00:00","breadcrumb":{"@id":"https:\/\/www.lovendal.ro\/wp52\/o-afirmatie-socanta-intr-un-document-din-1782-cetatea-sucevii-a-fost-cladita-de-vechii-daci\/#breadcrumb"},"inLanguage":"ro-RO","potentialAction":[{"@type":"ReadAction","target":["https:\/\/www.lovendal.ro\/wp52\/o-afirmatie-socanta-intr-un-document-din-1782-cetatea-sucevii-a-fost-cladita-de-vechii-daci\/"]}]},{"@type":"ImageObject","inLanguage":"ro-RO","@id":"https:\/\/www.lovendal.ro\/wp52\/o-afirmatie-socanta-intr-un-document-din-1782-cetatea-sucevii-a-fost-cladita-de-vechii-daci\/#primaryimage","url":"https:\/\/www.lovendal.ro\/wp52\/wp-content\/uploads\/2020\/06\/cetatea-Suceava-vechii-daci.jpg","contentUrl":"https:\/\/www.lovendal.ro\/wp52\/wp-content\/uploads\/2020\/06\/cetatea-Suceava-vechii-daci.jpg","width":341,"height":209},{"@type":"BreadcrumbList","@id":"https:\/\/www.lovendal.ro\/wp52\/o-afirmatie-socanta-intr-un-document-din-1782-cetatea-sucevii-a-fost-cladita-de-vechii-daci\/#breadcrumb","itemListElement":[{"@type":"ListItem","position":1,"name":"Home","item":"https:\/\/www.lovendal.ro\/wp52\/"},{"@type":"ListItem","position":2,"name":"O afirma\u0163ie \u015focant\u0103 \u00eentr-un document din 1782: &#8222;Cetatea Sucevii a fost cl\u0103dit\u0103 de vechii Daci!&#8221;"}]},{"@type":"WebSite","@id":"https:\/\/www.lovendal.ro\/wp52\/#website","url":"https:\/\/www.lovendal.ro\/wp52\/","name":"Secretele lui Lovendal","description":"Site de secrete, stiinta si metafizica - din 2008 -","publisher":{"@id":"https:\/\/www.lovendal.ro\/wp52\/#organization"},"potentialAction":[{"@type":"SearchAction","target":{"@type":"EntryPoint","urlTemplate":"https:\/\/www.lovendal.ro\/wp52\/?s={search_term_string}"},"query-input":{"@type":"PropertyValueSpecification","valueRequired":true,"valueName":"search_term_string"}}],"inLanguage":"ro-RO"},{"@type":"Organization","@id":"https:\/\/www.lovendal.ro\/wp52\/#organization","name":"Secretele lui Lovendal","url":"https:\/\/www.lovendal.ro\/wp52\/","logo":{"@type":"ImageObject","inLanguage":"ro-RO","@id":"https:\/\/www.lovendal.ro\/wp52\/#\/schema\/logo\/image\/","url":"https:\/\/www.lovendal.ro\/wp52\/wp-content\/uploads\/2024\/06\/cropped-SLL-iun-2024-1.jpg","contentUrl":"https:\/\/www.lovendal.ro\/wp52\/wp-content\/uploads\/2024\/06\/cropped-SLL-iun-2024-1.jpg","width":771,"height":240,"caption":"Secretele lui Lovendal"},"image":{"@id":"https:\/\/www.lovendal.ro\/wp52\/#\/schema\/logo\/image\/"},"sameAs":["https:\/\/www.facebook.com\/secreteleluilovendal"]},{"@type":"Person","@id":"https:\/\/www.lovendal.ro\/wp52\/#\/schema\/person\/088691de5dfc346bb0c023e1e52ef5d9","name":"admin","image":{"@type":"ImageObject","inLanguage":"ro-RO","@id":"https:\/\/secure.gravatar.com\/avatar\/ecb9cd41f5f63c9c9b989999a59f6e2639a865ec361e9db054db0679a8f341c2?s=96&d=mm&r=g","url":"https:\/\/secure.gravatar.com\/avatar\/ecb9cd41f5f63c9c9b989999a59f6e2639a865ec361e9db054db0679a8f341c2?s=96&d=mm&r=g","contentUrl":"https:\/\/secure.gravatar.com\/avatar\/ecb9cd41f5f63c9c9b989999a59f6e2639a865ec361e9db054db0679a8f341c2?s=96&d=mm&r=g","caption":"admin"},"sameAs":["https:\/\/www.lovendal.ro\/wp52"]}]}},"_links":{"self":[{"href":"https:\/\/www.lovendal.ro\/wp52\/wp-json\/wp\/v2\/posts\/70134","targetHints":{"allow":["GET"]}}],"collection":[{"href":"https:\/\/www.lovendal.ro\/wp52\/wp-json\/wp\/v2\/posts"}],"about":[{"href":"https:\/\/www.lovendal.ro\/wp52\/wp-json\/wp\/v2\/types\/post"}],"author":[{"embeddable":true,"href":"https:\/\/www.lovendal.ro\/wp52\/wp-json\/wp\/v2\/users\/1"}],"replies":[{"embeddable":true,"href":"https:\/\/www.lovendal.ro\/wp52\/wp-json\/wp\/v2\/comments?post=70134"}],"version-history":[{"count":0,"href":"https:\/\/www.lovendal.ro\/wp52\/wp-json\/wp\/v2\/posts\/70134\/revisions"}],"wp:featuredmedia":[{"embeddable":true,"href":"https:\/\/www.lovendal.ro\/wp52\/wp-json\/wp\/v2\/media\/70135"}],"wp:attachment":[{"href":"https:\/\/www.lovendal.ro\/wp52\/wp-json\/wp\/v2\/media?parent=70134"}],"wp:term":[{"taxonomy":"category","embeddable":true,"href":"https:\/\/www.lovendal.ro\/wp52\/wp-json\/wp\/v2\/categories?post=70134"},{"taxonomy":"post_tag","embeddable":true,"href":"https:\/\/www.lovendal.ro\/wp52\/wp-json\/wp\/v2\/tags?post=70134"}],"curies":[{"name":"wp","href":"https:\/\/api.w.org\/{rel}","templated":true}]}}