{"id":69983,"date":"2020-06-13T09:43:05","date_gmt":"2020-06-13T06:43:05","guid":{"rendered":"https:\/\/www.lovendal.ro\/wp52\/?p=69983"},"modified":"2020-06-13T09:43:05","modified_gmt":"2020-06-13T06:43:05","slug":"celebrul-romulus-fondatorul-romei-a-disparut-de-pe-fata-pamantului-printr-o-rapire-extraterestra-in-plina-eclipsa-de-soare-si-furtuna","status":"publish","type":"post","link":"https:\/\/www.lovendal.ro\/wp52\/celebrul-romulus-fondatorul-romei-a-disparut-de-pe-fata-pamantului-printr-o-rapire-extraterestra-in-plina-eclipsa-de-soare-si-furtuna\/","title":{"rendered":"Celebrul Romulus, fondatorul Romei, a disp\u0103rut de pe fa\u0163a P\u0103m\u00e2ntului printr-o &#8222;r\u0103pire extraterestr\u0103&#8221;, \u00een plin\u0103 eclips\u0103 de Soare \u015fi furtun\u0103?"},"content":{"rendered":"<p><a href=\"https:\/\/www.lovendal.ro\/wp52\/wp-content\/uploads\/2020\/06\/disparitia-lui-Romulus.jpg\"><img loading=\"lazy\" decoding=\"async\" class=\"alignleft size-full wp-image-69984\" src=\"https:\/\/www.lovendal.ro\/wp52\/wp-content\/uploads\/2020\/06\/disparitia-lui-Romulus.jpg\" alt=\"\" width=\"340\" height=\"201\" srcset=\"https:\/\/www.lovendal.ro\/wp52\/wp-content\/uploads\/2020\/06\/disparitia-lui-Romulus.jpg 340w, https:\/\/www.lovendal.ro\/wp52\/wp-content\/uploads\/2020\/06\/disparitia-lui-Romulus-300x177.jpg 300w\" sizes=\"auto, (max-width: 340px) 100vw, 340px\" \/><\/a>Istoricul roman Titus Livius (59 \u00ee.Hr. \u2013 17 d.Hr.), autorul istoriei Romei \u2013 <em>\u201eAb urbe condita\u201d (\u201eDe la fondarea Romei\u201d), <\/em>ne poveste\u015fte de legenda cre\u0103rii Romei, cu Romulus \u015fi Remus, gemenii care au fost al\u0103pta\u0163i de o lupoaic\u0103. Unii se \u00eentreab\u0103 dac\u0103 Romulus, fondatorul Romei, a fost o figur\u0103 istoric\u0103 real\u0103 sau o crea\u021bie a mitologiei romane&#8230; \u0162in\u00e2nd cont de faptul c\u0103 Romulus a fost fiul zeului Marte, unii conspira\u0163ioni\u015fti consider\u0103 c\u0103, de fapt, el ar fi fost un hibrid om-extraterestru, cuv\u00e2ntul \u201ezeu\u201d din vechime put\u00e2nd fi asimilat cu cel de \u201eextraterestru\u201d, care a venit \u00een vechime pe Terra.<em><br \/>\n<\/em><\/p>\n<p>Din opera lui Titius Livius re\u0163inem \u00eens\u0103 o alt\u0103 relatare interesant\u0103 &#8211; dispari\u0163ia lui Romulus, ce este descris\u0103 astfel: <em>\u201e\u00centr-o zi,<\/em><br \/>\n<em>c\u00e2nd \u00ee\u015fi inspecta trupele pe C\u00e2mpul lui Marte, \u00eenvecinat cu Mla\u015ftina Caprei, s-a iscat o furtun\u0103, cu tunete asurzitoare. Romulus a fost \u00eenv\u0103luit de un nor at\u00e2t de des, \u00eenc\u00e2t l-a ascuns privirii tuturor celor prezen\u0163i \u015fi din acel moment nu a mai fost z\u0103rit nic\u0103ieri \u00een lume\u201c.<\/em><\/p>\n<p>O alt\u0103 versiune, cea a scriitorului grec Plutarh, dispari\u0163ia s-a produs tot \u00een vecin\u0103tatea \u201eMla\u015ftinii Caprei&#8221;, dar \u00een alt\u0103 modalitate. \u00cen timp ce avea loc o adunare a senatorilor \u015fi a cet\u0103\u0163enilor, <em>&#8222;\u00een acea \u00eemprejurare aerul s-a \u00eenvolburat brusc \u015fi s-a schimbat \u00eentr-un mod miraculos, lumina soarelui a sc\u0103zut \u015fi to\u0163i au fost cuprin\u015fi de un \u00eentuneric surprinz\u0103tor, \u00eenso\u0163it de tunete \u00eenfrico\u015f\u0103toare \u015fi de vijelie. Atunci mul\u0163imea s-a \u00eempr\u0103\u015ftiat \u015fi a luat-o la goan\u0103. C\u00e2nd s-a potolit furtuna \u015fi a reap\u0103rut lumina, oamenii au revenit la locurile lor \u015fi s-au interesat, plini de team\u0103, unde este regele, dar acesta nu a mai putut fi g\u0103sit&#8221;.<\/em><\/p>\n<p>\u00cen versiunea lui Plutarh, se arat\u0103 c\u0103 dispari\u0163ia lui Romulus a fost \u00eenso\u0163it\u0103, \u00een acela\u015fi timp, de o eclips\u0103 \u015fi de o mare furtun\u0103 (aceasta din urm\u0103 a fost men\u0163ionat\u0103 \u015fi de Titus Livius), rezult\u00e2nd o combina\u0163ie, cu siguran\u0163\u0103 \u00eensp\u0103im\u00e2nt\u0103toare, care i-a determinat pe oameni s\u0103 o ia la fug\u0103 pentru a-\u015fi salva via\u0163a.<\/p>\n<p>Aceast\u0103 legend\u0103 a dispari\u0163iei mie \u00eemi sun\u0103 a &#8222;r\u0103pire extraterestr\u0103&#8221;. \u00cens\u0103, cum r\u0103m\u00e2ne cu anun\u0163ul f\u0103cut de cotidianul <em><a href=\"https:\/\/www.nytimes.com\/aponline\/2020\/02\/21\/world\/europe\/ap-eu-italy-romulus-shrine-.html\" target=\"_blank\" rel=\"noopener noreferrer\"><strong>&#8222;The New York Times&#8221;<\/strong><\/a><\/em>, \u00een februarie 2020, conform c\u0103ruia ar fi fost descoperit morm\u00e2ntul lui Romulus? Este acela, cu adev\u0103rat, morm\u00e2ntul fondatorului Romei?<\/p>\n","protected":false},"excerpt":{"rendered":"<p>Istoricul roman Titus Livius (59 \u00ee.Hr. \u2013 17 d.Hr.), autorul istoriei Romei \u2013 \u201eAb urbe condita\u201d (\u201eDe la fondarea Romei\u201d), ne poveste\u015fte de legenda cre\u0103rii Romei, cu Romulus \u015fi Remus, gemenii care au fost al\u0103pta\u0163i de o lupoaic\u0103. Unii se &#8230; <\/p>\n<p class=\"read-more-container\"><a title=\"Celebrul Romulus, fondatorul Romei, a disp\u0103rut de pe fa\u0163a P\u0103m\u00e2ntului printr-o &#8222;r\u0103pire extraterestr\u0103&#8221;, \u00een plin\u0103 eclips\u0103 de Soare \u015fi furtun\u0103?\" class=\"read-more button\" href=\"https:\/\/www.lovendal.ro\/wp52\/celebrul-romulus-fondatorul-romei-a-disparut-de-pe-fata-pamantului-printr-o-rapire-extraterestra-in-plina-eclipsa-de-soare-si-furtuna\/#more-69983\" aria-label=\"Cite\u0219te mai multe despre Celebrul Romulus, fondatorul Romei, a disp\u0103rut de pe fa\u0163a P\u0103m\u00e2ntului printr-o &#8222;r\u0103pire extraterestr\u0103&#8221;, \u00een plin\u0103 eclips\u0103 de Soare \u015fi furtun\u0103?\">Cititi mai multe<\/a><\/p>\n","protected":false},"author":1,"featured_media":69984,"comment_status":"closed","ping_status":"open","sticky":false,"template":"","format":"standard","meta":{"footnotes":""},"categories":[9],"tags":[749,4838,1495,2487,7415,4430,1532,1899,952,156,1222,315,7510,3938,8292,553,8447,865,14240,968],"class_list":["post-69983","post","type-post","status-publish","format-standard","has-post-thumbnail","hentry","category-istorie","tag-disparitie","tag-eclipsa","tag-extraterestru","tag-furtuna","tag-hibrid","tag-istoric","tag-istorie-si-civilizatii","tag-legenda","tag-lumina","tag-marte","tag-mlastina","tag-mormant","tag-new-york-times","tag-plutarh","tag-rapire-extraterestra","tag-roma","tag-romulus","tag-soare","tag-titus-livius","tag-zeu","resize-featured-image"],"yoast_head":"<!-- This site is optimized with the Yoast SEO Premium plugin v23.3 (Yoast SEO v27.4) - https:\/\/yoast.com\/product\/yoast-seo-premium-wordpress\/ -->\n<title>Celebrul Romulus, fondatorul Romei, a disp\u0103rut de pe fa\u0163a P\u0103m\u00e2ntului printr-o &quot;r\u0103pire extraterestr\u0103&quot;, \u00een plin\u0103 eclips\u0103 de Soare \u015fi furtun\u0103? - Secretele lui Lovendal<\/title>\n<meta name=\"robots\" content=\"index, follow, max-snippet:-1, max-image-preview:large, max-video-preview:-1\" \/>\n<link rel=\"canonical\" href=\"https:\/\/www.lovendal.ro\/wp52\/celebrul-romulus-fondatorul-romei-a-disparut-de-pe-fata-pamantului-printr-o-rapire-extraterestra-in-plina-eclipsa-de-soare-si-furtuna\/\" \/>\n<meta property=\"og:locale\" content=\"ro_RO\" \/>\n<meta property=\"og:type\" content=\"article\" \/>\n<meta property=\"og:title\" content=\"Celebrul Romulus, fondatorul Romei, a disp\u0103rut de pe fa\u0163a P\u0103m\u00e2ntului printr-o &quot;r\u0103pire extraterestr\u0103&quot;, \u00een plin\u0103 eclips\u0103 de Soare \u015fi furtun\u0103?\" \/>\n<meta property=\"og:description\" content=\"Istoricul roman Titus Livius (59 \u00ee.Hr. \u2013 17 d.Hr.), autorul istoriei Romei \u2013 \u201eAb urbe condita\u201d (\u201eDe la fondarea Romei\u201d), ne poveste\u015fte de legenda cre\u0103rii Romei, cu Romulus \u015fi Remus, gemenii care au fost al\u0103pta\u0163i de o lupoaic\u0103. Unii se ... Cititi mai multe\" \/>\n<meta property=\"og:url\" content=\"https:\/\/www.lovendal.ro\/wp52\/celebrul-romulus-fondatorul-romei-a-disparut-de-pe-fata-pamantului-printr-o-rapire-extraterestra-in-plina-eclipsa-de-soare-si-furtuna\/\" \/>\n<meta property=\"og:site_name\" content=\"Secretele lui Lovendal\" \/>\n<meta property=\"article:publisher\" content=\"https:\/\/www.facebook.com\/secreteleluilovendal\" \/>\n<meta property=\"article:published_time\" content=\"2020-06-13T06:43:05+00:00\" \/>\n<meta property=\"og:image\" content=\"https:\/\/www.lovendal.ro\/wp52\/wp-content\/uploads\/2020\/06\/disparitia-lui-Romulus.jpg\" \/>\n\t<meta property=\"og:image:width\" content=\"340\" \/>\n\t<meta property=\"og:image:height\" content=\"201\" \/>\n\t<meta property=\"og:image:type\" content=\"image\/jpeg\" \/>\n<meta name=\"author\" content=\"admin\" \/>\n<meta name=\"twitter:card\" content=\"summary_large_image\" \/>\n<meta name=\"twitter:label1\" content=\"Scris de\" \/>\n\t<meta name=\"twitter:data1\" content=\"admin\" \/>\n\t<meta name=\"twitter:label2\" content=\"Timp estimat pentru citire\" \/>\n\t<meta name=\"twitter:data2\" content=\"2 minute\" \/>\n<script type=\"application\/ld+json\" class=\"yoast-schema-graph\">{\"@context\":\"https:\\\/\\\/schema.org\",\"@graph\":[{\"@type\":\"Article\",\"@id\":\"https:\\\/\\\/www.lovendal.ro\\\/wp52\\\/celebrul-romulus-fondatorul-romei-a-disparut-de-pe-fata-pamantului-printr-o-rapire-extraterestra-in-plina-eclipsa-de-soare-si-furtuna\\\/#article\",\"isPartOf\":{\"@id\":\"https:\\\/\\\/www.lovendal.ro\\\/wp52\\\/celebrul-romulus-fondatorul-romei-a-disparut-de-pe-fata-pamantului-printr-o-rapire-extraterestra-in-plina-eclipsa-de-soare-si-furtuna\\\/\"},\"author\":{\"name\":\"admin\",\"@id\":\"https:\\\/\\\/www.lovendal.ro\\\/wp52\\\/#\\\/schema\\\/person\\\/088691de5dfc346bb0c023e1e52ef5d9\"},\"headline\":\"Celebrul Romulus, fondatorul Romei, a disp\u0103rut de pe fa\u0163a P\u0103m\u00e2ntului printr-o &#8222;r\u0103pire extraterestr\u0103&#8221;, \u00een plin\u0103 eclips\u0103 de Soare \u015fi furtun\u0103?\",\"datePublished\":\"2020-06-13T06:43:05+00:00\",\"mainEntityOfPage\":{\"@id\":\"https:\\\/\\\/www.lovendal.ro\\\/wp52\\\/celebrul-romulus-fondatorul-romei-a-disparut-de-pe-fata-pamantului-printr-o-rapire-extraterestra-in-plina-eclipsa-de-soare-si-furtuna\\\/\"},\"wordCount\":446,\"publisher\":{\"@id\":\"https:\\\/\\\/www.lovendal.ro\\\/wp52\\\/#organization\"},\"image\":{\"@id\":\"https:\\\/\\\/www.lovendal.ro\\\/wp52\\\/celebrul-romulus-fondatorul-romei-a-disparut-de-pe-fata-pamantului-printr-o-rapire-extraterestra-in-plina-eclipsa-de-soare-si-furtuna\\\/#primaryimage\"},\"thumbnailUrl\":\"https:\\\/\\\/www.lovendal.ro\\\/wp52\\\/wp-content\\\/uploads\\\/2020\\\/06\\\/disparitia-lui-Romulus.jpg\",\"keywords\":[\"dispari\u0163ie\",\"eclips\u0103\",\"extraterestru\",\"furtun\u0103\",\"hibrid\",\"istoric\",\"Istorie si Civilizatii\",\"legend\u0103\",\"lumin\u0103\",\"Marte\",\"mla\u015ftin\u0103\",\"morm\u00e2nt\",\"New York Times\",\"Plutarh\",\"r\u0103pire extraterestr\u0103\",\"Roma\",\"Romulus\",\"Soare\",\"Titus Livius\",\"zeu\"],\"articleSection\":[\"Istorie si Civilizatii\"],\"inLanguage\":\"ro-RO\"},{\"@type\":\"WebPage\",\"@id\":\"https:\\\/\\\/www.lovendal.ro\\\/wp52\\\/celebrul-romulus-fondatorul-romei-a-disparut-de-pe-fata-pamantului-printr-o-rapire-extraterestra-in-plina-eclipsa-de-soare-si-furtuna\\\/\",\"url\":\"https:\\\/\\\/www.lovendal.ro\\\/wp52\\\/celebrul-romulus-fondatorul-romei-a-disparut-de-pe-fata-pamantului-printr-o-rapire-extraterestra-in-plina-eclipsa-de-soare-si-furtuna\\\/\",\"name\":\"Celebrul Romulus, fondatorul Romei, a disp\u0103rut de pe fa\u0163a P\u0103m\u00e2ntului printr-o \\\"r\u0103pire extraterestr\u0103\\\", \u00een plin\u0103 eclips\u0103 de Soare \u015fi furtun\u0103? - Secretele lui Lovendal\",\"isPartOf\":{\"@id\":\"https:\\\/\\\/www.lovendal.ro\\\/wp52\\\/#website\"},\"primaryImageOfPage\":{\"@id\":\"https:\\\/\\\/www.lovendal.ro\\\/wp52\\\/celebrul-romulus-fondatorul-romei-a-disparut-de-pe-fata-pamantului-printr-o-rapire-extraterestra-in-plina-eclipsa-de-soare-si-furtuna\\\/#primaryimage\"},\"image\":{\"@id\":\"https:\\\/\\\/www.lovendal.ro\\\/wp52\\\/celebrul-romulus-fondatorul-romei-a-disparut-de-pe-fata-pamantului-printr-o-rapire-extraterestra-in-plina-eclipsa-de-soare-si-furtuna\\\/#primaryimage\"},\"thumbnailUrl\":\"https:\\\/\\\/www.lovendal.ro\\\/wp52\\\/wp-content\\\/uploads\\\/2020\\\/06\\\/disparitia-lui-Romulus.jpg\",\"datePublished\":\"2020-06-13T06:43:05+00:00\",\"breadcrumb\":{\"@id\":\"https:\\\/\\\/www.lovendal.ro\\\/wp52\\\/celebrul-romulus-fondatorul-romei-a-disparut-de-pe-fata-pamantului-printr-o-rapire-extraterestra-in-plina-eclipsa-de-soare-si-furtuna\\\/#breadcrumb\"},\"inLanguage\":\"ro-RO\",\"potentialAction\":[{\"@type\":\"ReadAction\",\"target\":[\"https:\\\/\\\/www.lovendal.ro\\\/wp52\\\/celebrul-romulus-fondatorul-romei-a-disparut-de-pe-fata-pamantului-printr-o-rapire-extraterestra-in-plina-eclipsa-de-soare-si-furtuna\\\/\"]}]},{\"@type\":\"ImageObject\",\"inLanguage\":\"ro-RO\",\"@id\":\"https:\\\/\\\/www.lovendal.ro\\\/wp52\\\/celebrul-romulus-fondatorul-romei-a-disparut-de-pe-fata-pamantului-printr-o-rapire-extraterestra-in-plina-eclipsa-de-soare-si-furtuna\\\/#primaryimage\",\"url\":\"https:\\\/\\\/www.lovendal.ro\\\/wp52\\\/wp-content\\\/uploads\\\/2020\\\/06\\\/disparitia-lui-Romulus.jpg\",\"contentUrl\":\"https:\\\/\\\/www.lovendal.ro\\\/wp52\\\/wp-content\\\/uploads\\\/2020\\\/06\\\/disparitia-lui-Romulus.jpg\",\"width\":340,\"height\":201},{\"@type\":\"BreadcrumbList\",\"@id\":\"https:\\\/\\\/www.lovendal.ro\\\/wp52\\\/celebrul-romulus-fondatorul-romei-a-disparut-de-pe-fata-pamantului-printr-o-rapire-extraterestra-in-plina-eclipsa-de-soare-si-furtuna\\\/#breadcrumb\",\"itemListElement\":[{\"@type\":\"ListItem\",\"position\":1,\"name\":\"Home\",\"item\":\"https:\\\/\\\/www.lovendal.ro\\\/wp52\\\/\"},{\"@type\":\"ListItem\",\"position\":2,\"name\":\"Celebrul Romulus, fondatorul Romei, a disp\u0103rut de pe fa\u0163a P\u0103m\u00e2ntului printr-o &#8222;r\u0103pire extraterestr\u0103&#8221;, \u00een plin\u0103 eclips\u0103 de Soare \u015fi furtun\u0103?\"}]},{\"@type\":\"WebSite\",\"@id\":\"https:\\\/\\\/www.lovendal.ro\\\/wp52\\\/#website\",\"url\":\"https:\\\/\\\/www.lovendal.ro\\\/wp52\\\/\",\"name\":\"Secretele lui Lovendal\",\"description\":\"Site de secrete, stiinta si metafizica - din 2008 -\",\"publisher\":{\"@id\":\"https:\\\/\\\/www.lovendal.ro\\\/wp52\\\/#organization\"},\"potentialAction\":[{\"@type\":\"SearchAction\",\"target\":{\"@type\":\"EntryPoint\",\"urlTemplate\":\"https:\\\/\\\/www.lovendal.ro\\\/wp52\\\/?s={search_term_string}\"},\"query-input\":{\"@type\":\"PropertyValueSpecification\",\"valueRequired\":true,\"valueName\":\"search_term_string\"}}],\"inLanguage\":\"ro-RO\"},{\"@type\":\"Organization\",\"@id\":\"https:\\\/\\\/www.lovendal.ro\\\/wp52\\\/#organization\",\"name\":\"Secretele lui Lovendal\",\"url\":\"https:\\\/\\\/www.lovendal.ro\\\/wp52\\\/\",\"logo\":{\"@type\":\"ImageObject\",\"inLanguage\":\"ro-RO\",\"@id\":\"https:\\\/\\\/www.lovendal.ro\\\/wp52\\\/#\\\/schema\\\/logo\\\/image\\\/\",\"url\":\"https:\\\/\\\/www.lovendal.ro\\\/wp52\\\/wp-content\\\/uploads\\\/2024\\\/06\\\/cropped-SLL-iun-2024-1.jpg\",\"contentUrl\":\"https:\\\/\\\/www.lovendal.ro\\\/wp52\\\/wp-content\\\/uploads\\\/2024\\\/06\\\/cropped-SLL-iun-2024-1.jpg\",\"width\":771,\"height\":240,\"caption\":\"Secretele lui Lovendal\"},\"image\":{\"@id\":\"https:\\\/\\\/www.lovendal.ro\\\/wp52\\\/#\\\/schema\\\/logo\\\/image\\\/\"},\"sameAs\":[\"https:\\\/\\\/www.facebook.com\\\/secreteleluilovendal\"]},{\"@type\":\"Person\",\"@id\":\"https:\\\/\\\/www.lovendal.ro\\\/wp52\\\/#\\\/schema\\\/person\\\/088691de5dfc346bb0c023e1e52ef5d9\",\"name\":\"admin\",\"image\":{\"@type\":\"ImageObject\",\"inLanguage\":\"ro-RO\",\"@id\":\"https:\\\/\\\/secure.gravatar.com\\\/avatar\\\/ecb9cd41f5f63c9c9b989999a59f6e2639a865ec361e9db054db0679a8f341c2?s=96&d=mm&r=g\",\"url\":\"https:\\\/\\\/secure.gravatar.com\\\/avatar\\\/ecb9cd41f5f63c9c9b989999a59f6e2639a865ec361e9db054db0679a8f341c2?s=96&d=mm&r=g\",\"contentUrl\":\"https:\\\/\\\/secure.gravatar.com\\\/avatar\\\/ecb9cd41f5f63c9c9b989999a59f6e2639a865ec361e9db054db0679a8f341c2?s=96&d=mm&r=g\",\"caption\":\"admin\"},\"sameAs\":[\"https:\\\/\\\/www.lovendal.ro\\\/wp52\"]}]}<\/script>\n<!-- \/ Yoast SEO Premium plugin. -->","yoast_head_json":{"title":"Celebrul Romulus, fondatorul Romei, a disp\u0103rut de pe fa\u0163a P\u0103m\u00e2ntului printr-o \"r\u0103pire extraterestr\u0103\", \u00een plin\u0103 eclips\u0103 de Soare \u015fi furtun\u0103? - Secretele lui Lovendal","robots":{"index":"index","follow":"follow","max-snippet":"max-snippet:-1","max-image-preview":"max-image-preview:large","max-video-preview":"max-video-preview:-1"},"canonical":"https:\/\/www.lovendal.ro\/wp52\/celebrul-romulus-fondatorul-romei-a-disparut-de-pe-fata-pamantului-printr-o-rapire-extraterestra-in-plina-eclipsa-de-soare-si-furtuna\/","og_locale":"ro_RO","og_type":"article","og_title":"Celebrul Romulus, fondatorul Romei, a disp\u0103rut de pe fa\u0163a P\u0103m\u00e2ntului printr-o \"r\u0103pire extraterestr\u0103\", \u00een plin\u0103 eclips\u0103 de Soare \u015fi furtun\u0103?","og_description":"Istoricul roman Titus Livius (59 \u00ee.Hr. \u2013 17 d.Hr.), autorul istoriei Romei \u2013 \u201eAb urbe condita\u201d (\u201eDe la fondarea Romei\u201d), ne poveste\u015fte de legenda cre\u0103rii Romei, cu Romulus \u015fi Remus, gemenii care au fost al\u0103pta\u0163i de o lupoaic\u0103. Unii se ... Cititi mai multe","og_url":"https:\/\/www.lovendal.ro\/wp52\/celebrul-romulus-fondatorul-romei-a-disparut-de-pe-fata-pamantului-printr-o-rapire-extraterestra-in-plina-eclipsa-de-soare-si-furtuna\/","og_site_name":"Secretele lui Lovendal","article_publisher":"https:\/\/www.facebook.com\/secreteleluilovendal","article_published_time":"2020-06-13T06:43:05+00:00","og_image":[{"width":340,"height":201,"url":"https:\/\/www.lovendal.ro\/wp52\/wp-content\/uploads\/2020\/06\/disparitia-lui-Romulus.jpg","type":"image\/jpeg"}],"author":"admin","twitter_card":"summary_large_image","twitter_misc":{"Scris de":"admin","Timp estimat pentru citire":"2 minute"},"schema":{"@context":"https:\/\/schema.org","@graph":[{"@type":"Article","@id":"https:\/\/www.lovendal.ro\/wp52\/celebrul-romulus-fondatorul-romei-a-disparut-de-pe-fata-pamantului-printr-o-rapire-extraterestra-in-plina-eclipsa-de-soare-si-furtuna\/#article","isPartOf":{"@id":"https:\/\/www.lovendal.ro\/wp52\/celebrul-romulus-fondatorul-romei-a-disparut-de-pe-fata-pamantului-printr-o-rapire-extraterestra-in-plina-eclipsa-de-soare-si-furtuna\/"},"author":{"name":"admin","@id":"https:\/\/www.lovendal.ro\/wp52\/#\/schema\/person\/088691de5dfc346bb0c023e1e52ef5d9"},"headline":"Celebrul Romulus, fondatorul Romei, a disp\u0103rut de pe fa\u0163a P\u0103m\u00e2ntului printr-o &#8222;r\u0103pire extraterestr\u0103&#8221;, \u00een plin\u0103 eclips\u0103 de Soare \u015fi furtun\u0103?","datePublished":"2020-06-13T06:43:05+00:00","mainEntityOfPage":{"@id":"https:\/\/www.lovendal.ro\/wp52\/celebrul-romulus-fondatorul-romei-a-disparut-de-pe-fata-pamantului-printr-o-rapire-extraterestra-in-plina-eclipsa-de-soare-si-furtuna\/"},"wordCount":446,"publisher":{"@id":"https:\/\/www.lovendal.ro\/wp52\/#organization"},"image":{"@id":"https:\/\/www.lovendal.ro\/wp52\/celebrul-romulus-fondatorul-romei-a-disparut-de-pe-fata-pamantului-printr-o-rapire-extraterestra-in-plina-eclipsa-de-soare-si-furtuna\/#primaryimage"},"thumbnailUrl":"https:\/\/www.lovendal.ro\/wp52\/wp-content\/uploads\/2020\/06\/disparitia-lui-Romulus.jpg","keywords":["dispari\u0163ie","eclips\u0103","extraterestru","furtun\u0103","hibrid","istoric","Istorie si Civilizatii","legend\u0103","lumin\u0103","Marte","mla\u015ftin\u0103","morm\u00e2nt","New York Times","Plutarh","r\u0103pire extraterestr\u0103","Roma","Romulus","Soare","Titus Livius","zeu"],"articleSection":["Istorie si Civilizatii"],"inLanguage":"ro-RO"},{"@type":"WebPage","@id":"https:\/\/www.lovendal.ro\/wp52\/celebrul-romulus-fondatorul-romei-a-disparut-de-pe-fata-pamantului-printr-o-rapire-extraterestra-in-plina-eclipsa-de-soare-si-furtuna\/","url":"https:\/\/www.lovendal.ro\/wp52\/celebrul-romulus-fondatorul-romei-a-disparut-de-pe-fata-pamantului-printr-o-rapire-extraterestra-in-plina-eclipsa-de-soare-si-furtuna\/","name":"Celebrul Romulus, fondatorul Romei, a disp\u0103rut de pe fa\u0163a P\u0103m\u00e2ntului printr-o \"r\u0103pire extraterestr\u0103\", \u00een plin\u0103 eclips\u0103 de Soare \u015fi furtun\u0103? - Secretele lui Lovendal","isPartOf":{"@id":"https:\/\/www.lovendal.ro\/wp52\/#website"},"primaryImageOfPage":{"@id":"https:\/\/www.lovendal.ro\/wp52\/celebrul-romulus-fondatorul-romei-a-disparut-de-pe-fata-pamantului-printr-o-rapire-extraterestra-in-plina-eclipsa-de-soare-si-furtuna\/#primaryimage"},"image":{"@id":"https:\/\/www.lovendal.ro\/wp52\/celebrul-romulus-fondatorul-romei-a-disparut-de-pe-fata-pamantului-printr-o-rapire-extraterestra-in-plina-eclipsa-de-soare-si-furtuna\/#primaryimage"},"thumbnailUrl":"https:\/\/www.lovendal.ro\/wp52\/wp-content\/uploads\/2020\/06\/disparitia-lui-Romulus.jpg","datePublished":"2020-06-13T06:43:05+00:00","breadcrumb":{"@id":"https:\/\/www.lovendal.ro\/wp52\/celebrul-romulus-fondatorul-romei-a-disparut-de-pe-fata-pamantului-printr-o-rapire-extraterestra-in-plina-eclipsa-de-soare-si-furtuna\/#breadcrumb"},"inLanguage":"ro-RO","potentialAction":[{"@type":"ReadAction","target":["https:\/\/www.lovendal.ro\/wp52\/celebrul-romulus-fondatorul-romei-a-disparut-de-pe-fata-pamantului-printr-o-rapire-extraterestra-in-plina-eclipsa-de-soare-si-furtuna\/"]}]},{"@type":"ImageObject","inLanguage":"ro-RO","@id":"https:\/\/www.lovendal.ro\/wp52\/celebrul-romulus-fondatorul-romei-a-disparut-de-pe-fata-pamantului-printr-o-rapire-extraterestra-in-plina-eclipsa-de-soare-si-furtuna\/#primaryimage","url":"https:\/\/www.lovendal.ro\/wp52\/wp-content\/uploads\/2020\/06\/disparitia-lui-Romulus.jpg","contentUrl":"https:\/\/www.lovendal.ro\/wp52\/wp-content\/uploads\/2020\/06\/disparitia-lui-Romulus.jpg","width":340,"height":201},{"@type":"BreadcrumbList","@id":"https:\/\/www.lovendal.ro\/wp52\/celebrul-romulus-fondatorul-romei-a-disparut-de-pe-fata-pamantului-printr-o-rapire-extraterestra-in-plina-eclipsa-de-soare-si-furtuna\/#breadcrumb","itemListElement":[{"@type":"ListItem","position":1,"name":"Home","item":"https:\/\/www.lovendal.ro\/wp52\/"},{"@type":"ListItem","position":2,"name":"Celebrul Romulus, fondatorul Romei, a disp\u0103rut de pe fa\u0163a P\u0103m\u00e2ntului printr-o &#8222;r\u0103pire extraterestr\u0103&#8221;, \u00een plin\u0103 eclips\u0103 de Soare \u015fi furtun\u0103?"}]},{"@type":"WebSite","@id":"https:\/\/www.lovendal.ro\/wp52\/#website","url":"https:\/\/www.lovendal.ro\/wp52\/","name":"Secretele lui Lovendal","description":"Site de secrete, stiinta si metafizica - din 2008 -","publisher":{"@id":"https:\/\/www.lovendal.ro\/wp52\/#organization"},"potentialAction":[{"@type":"SearchAction","target":{"@type":"EntryPoint","urlTemplate":"https:\/\/www.lovendal.ro\/wp52\/?s={search_term_string}"},"query-input":{"@type":"PropertyValueSpecification","valueRequired":true,"valueName":"search_term_string"}}],"inLanguage":"ro-RO"},{"@type":"Organization","@id":"https:\/\/www.lovendal.ro\/wp52\/#organization","name":"Secretele lui Lovendal","url":"https:\/\/www.lovendal.ro\/wp52\/","logo":{"@type":"ImageObject","inLanguage":"ro-RO","@id":"https:\/\/www.lovendal.ro\/wp52\/#\/schema\/logo\/image\/","url":"https:\/\/www.lovendal.ro\/wp52\/wp-content\/uploads\/2024\/06\/cropped-SLL-iun-2024-1.jpg","contentUrl":"https:\/\/www.lovendal.ro\/wp52\/wp-content\/uploads\/2024\/06\/cropped-SLL-iun-2024-1.jpg","width":771,"height":240,"caption":"Secretele lui Lovendal"},"image":{"@id":"https:\/\/www.lovendal.ro\/wp52\/#\/schema\/logo\/image\/"},"sameAs":["https:\/\/www.facebook.com\/secreteleluilovendal"]},{"@type":"Person","@id":"https:\/\/www.lovendal.ro\/wp52\/#\/schema\/person\/088691de5dfc346bb0c023e1e52ef5d9","name":"admin","image":{"@type":"ImageObject","inLanguage":"ro-RO","@id":"https:\/\/secure.gravatar.com\/avatar\/ecb9cd41f5f63c9c9b989999a59f6e2639a865ec361e9db054db0679a8f341c2?s=96&d=mm&r=g","url":"https:\/\/secure.gravatar.com\/avatar\/ecb9cd41f5f63c9c9b989999a59f6e2639a865ec361e9db054db0679a8f341c2?s=96&d=mm&r=g","contentUrl":"https:\/\/secure.gravatar.com\/avatar\/ecb9cd41f5f63c9c9b989999a59f6e2639a865ec361e9db054db0679a8f341c2?s=96&d=mm&r=g","caption":"admin"},"sameAs":["https:\/\/www.lovendal.ro\/wp52"]}]}},"_links":{"self":[{"href":"https:\/\/www.lovendal.ro\/wp52\/wp-json\/wp\/v2\/posts\/69983","targetHints":{"allow":["GET"]}}],"collection":[{"href":"https:\/\/www.lovendal.ro\/wp52\/wp-json\/wp\/v2\/posts"}],"about":[{"href":"https:\/\/www.lovendal.ro\/wp52\/wp-json\/wp\/v2\/types\/post"}],"author":[{"embeddable":true,"href":"https:\/\/www.lovendal.ro\/wp52\/wp-json\/wp\/v2\/users\/1"}],"replies":[{"embeddable":true,"href":"https:\/\/www.lovendal.ro\/wp52\/wp-json\/wp\/v2\/comments?post=69983"}],"version-history":[{"count":0,"href":"https:\/\/www.lovendal.ro\/wp52\/wp-json\/wp\/v2\/posts\/69983\/revisions"}],"wp:featuredmedia":[{"embeddable":true,"href":"https:\/\/www.lovendal.ro\/wp52\/wp-json\/wp\/v2\/media\/69984"}],"wp:attachment":[{"href":"https:\/\/www.lovendal.ro\/wp52\/wp-json\/wp\/v2\/media?parent=69983"}],"wp:term":[{"taxonomy":"category","embeddable":true,"href":"https:\/\/www.lovendal.ro\/wp52\/wp-json\/wp\/v2\/categories?post=69983"},{"taxonomy":"post_tag","embeddable":true,"href":"https:\/\/www.lovendal.ro\/wp52\/wp-json\/wp\/v2\/tags?post=69983"}],"curies":[{"name":"wp","href":"https:\/\/api.w.org\/{rel}","templated":true}]}}