{"id":69975,"date":"2020-06-12T13:17:59","date_gmt":"2020-06-12T10:17:59","guid":{"rendered":"https:\/\/www.lovendal.ro\/wp52\/?p=69975"},"modified":"2020-06-12T13:18:17","modified_gmt":"2020-06-12T10:18:17","slug":"o-poveste-terifianta-din-alpii-elvetieni-din-timpul-celui-de-al-doilea-razboi-mondial","status":"publish","type":"post","link":"https:\/\/www.lovendal.ro\/wp52\/o-poveste-terifianta-din-alpii-elvetieni-din-timpul-celui-de-al-doilea-razboi-mondial\/","title":{"rendered":"O poveste terifiant\u0103 din Alpii elve\u0163ieni, din timpul celui de-al doilea r\u0103zboi mondial"},"content":{"rendered":"<p><a href=\"https:\/\/www.lovendal.ro\/wp52\/wp-content\/uploads\/2020\/06\/soldati-cel-deal-doilea-razboi-mondial.jpg\"><img loading=\"lazy\" decoding=\"async\" class=\"alignleft size-full wp-image-69976\" src=\"https:\/\/www.lovendal.ro\/wp52\/wp-content\/uploads\/2020\/06\/soldati-cel-deal-doilea-razboi-mondial.jpg\" alt=\"\" width=\"360\" height=\"251\" srcset=\"https:\/\/www.lovendal.ro\/wp52\/wp-content\/uploads\/2020\/06\/soldati-cel-deal-doilea-razboi-mondial.jpg 360w, https:\/\/www.lovendal.ro\/wp52\/wp-content\/uploads\/2020\/06\/soldati-cel-deal-doilea-razboi-mondial-300x209.jpg 300w\" sizes=\"auto, (max-width: 360px) 100vw, 360px\" \/><\/a>Povestea de mai jos ar fi avut loc \u00een timpul celui de-al doilea r\u0103zboi mondial \u00een Alpii elve\u0163ieni. Relatarea provine de la un b\u0103rbat care sus\u0163ine c\u0103 bunicul lui s-a aflat acolo, \u00eentr-o companie de solda\u021bi britanici, care, \u00een iarna lui 1943, a sta\u021bionat \u00eentr-un sat de munte \u00eendep\u0103rtat din Elve\u0163ia, situat \u00een Mun\u0163ii Alpi, \u015fi \u00een care locuiau \u00een jur de 500 de persoane.<\/p>\n<p>Zona era extrem de izolat\u0103, iar toat\u0103 situa\u021bia s-a complicat c\u00e2nd un viscol a trecut prin regiune, bloc\u00e2nd toate drumurile, dar \u015fi liniile de comunica\u0163ii, altfel c\u0103 solda\u0163ii britanici au r\u0103mas f\u0103r\u0103 contact cu lumea exterioar\u0103.<\/p>\n<p>Pe m\u0103sur\u0103 ce s\u0103pt\u0103m\u00e2nile treceau, iarna devenea mai aprig\u0103 \u00een regiune. Lumina soarelui \u00ee\u015fi f\u0103cea prezen\u0163a aici doar c\u00e2teva ore pe zi. \u00cen aceast\u0103 atmosfer\u0103 \u00eenghe\u0163at\u0103, \u00eentunecat\u0103, cu v\u00e2nturi \u00eenfior\u0103toare, au \u00eenceput s\u0103 se \u00eent\u00e2mple lucruri ciudate \u00een localitate. S\u0103tenii au \u00eenceput s\u0103 se pl\u00e2ng\u0103 c\u0103, de c\u00e2nd sosiser\u0103 trupele britanice, au \u00eenceput s\u0103 dispar\u0103 obiecte din casele lor, cum ar fi prelate, lemn \u0219i alte obiecte mai valoroase. C\u0103pitanul britanic \u015fi-a \u00eentrebat oamenii s\u0103i dac\u0103 vreunul dintre ei se ocup\u0103 cu furtul, dar nimeni n-a recunoscut nimic.<\/p>\n<p>Totul a devenit \u015fi mai ciudat atunci c\u00e2nd un copil a disp\u0103rut. S\u0103tenii au \u00eenceput s\u0103-l caute, dar nu au g\u0103sit nicio urm\u0103 de el. S-a crezut c\u0103 acel copil a fost victima accidental\u0103 a z\u0103pezilor, numai c\u0103 au \u00eenceput s\u0103 dispar\u0103 \u015fi al\u0163i copii. Localnicii \u00eengrozi\u021bi au \u00eenceput s\u0103 cread\u0103 c\u0103 poate o fiar\u0103 s\u0103lbatic\u0103 misterioas\u0103 sau o hait\u0103 de lupi le v\u00e2neaz\u0103 copiii, a\u0219a c\u0103 pentru a-i ajuta, solda\u0163ii britanici au \u00eenceput s\u0103 fac\u0103 patrule de noapte \u00eenarmate prin localitate.<\/p>\n<p>Cu toate acestea, copiii au continuat s\u0103 dispar\u0103, iar apoi, \u00eentr-o noapte, unul dintre solda\u021bii britanici a disp\u0103rut \u0219i el, chiar din cazarm\u0103 (se numea Reginald). Cei mai supersti\u021bio\u0219i au \u00eenceput s\u0103 cread\u0103 c\u0103 o for\u021b\u0103 malefic\u0103 \u0219i supranatural\u0103 s-ar putea afla \u00een spatele acestor dispari\u0163ii din mijlocul mun\u0163ilor.<\/p>\n<p>A venit \u00een sf\u00e2r\u015fit \u015fi prim\u0103vara, iar z\u0103pada mare a \u00eenceput s\u0103 se dezghe\u021be. \u00cen total, erau 7 copii disp\u0103ru\u021bi, precum \u0219i soldatul Reginald. Apoi, \u00een timpul unei patrule nocturne s-a \u00eent\u00e2mplat ceva ciudat, iar nepotul martorului poveste\u015fte urm\u0103toarele:<\/p>\n<p><em>&#8222;Trecuse la miezul nop\u021bii, c\u00e2nd bunicul meu \u0219i tovar\u0103\u0219ii lui au observat o creatur\u0103 care privea pe fereastra dormitorului uneia dintre casele s\u0103tenilor. Bunicul meu se afla la cap\u0103tul opus al str\u0103zii, a\u0219a c\u0103, la \u00eenceput, creatura care se uita pe fereastr\u0103 nu v\u0103zuse patrula. Bunicul meu \u0219i ceilal\u021bi solda\u021bi au strigat la creatur\u0103, iar acesta s-a \u00eendep\u0103rtat imediat de fereastr\u0103 \u0219i a \u00eenceput s\u0103 fug\u0103. To\u021bi cei care erau \u00een patrul\u0103 erau siguri c\u0103 ea se afla \u00een spatele dispari\u021biilor. Au alergat c\u00e2t de repede au putut prin z\u0103pad\u0103, urm\u0103rind creatura. Aceasta, ajuns\u0103 la marginea satului, \u201ea s\u0103rit \u00een p\u0103m\u00e2nt\u201d, iar solda\u0163ii \u015fi-au dat seama \u00een cur\u00e2nd c\u0103 era vorba de o \u201epe\u0219ter\u0103\u201d care fusese scobit\u0103 \u00een lateral, prin z\u0103pad\u0103&#8221;.<\/em><\/p>\n<p>Solda\u021bii \u015fi-au desc\u0103rcat toate armele de foc \u00een pe\u015fter\u0103. Apoi, povestitorul explic\u0103: <em>&#8222;Bunicul meu \u0219i-a scos lanterna \u0219i a observat c\u0103 &#8222;creatura&#8221; pe care au urm\u0103rit-o \u015fi au \u00eempu\u015fcat-o mortal era chiar soldatul Reginald, care \u201edisp\u0103ruse\u201d cu c\u00e2teva s\u0103pt\u0103m\u00e2ni \u00eenainte. \u00cen pe\u0219ter\u0103 se g\u0103seau trupurile a 7 copii m\u00e2nca\u021bi par\u021bial&#8221;.<\/em><\/p>\n<p>Probabil c\u0103 din cauza stresului de a r\u0103m\u00e2ne blocat toat\u0103 iarna, \u00een semi-\u00eentuneric aproape constant (sau pentru c\u0103 avea probleme mentale), Reginald a \u00eennebunit \u0219i a \u00eenceput s\u0103 intre \u00een casele s\u0103tenilor, r\u0103pind copiii din casele lor, \u00een mijlocul nop\u0163ii. El apoi \u00eei omora \u015fi ducea pe copiii pe ascuns \u00een pe\u0219tera pe care a sculptat-o \u200b\u200b\u00een z\u0103pad\u0103&#8230;<\/p>\n","protected":false},"excerpt":{"rendered":"<p>Povestea de mai jos ar fi avut loc \u00een timpul celui de-al doilea r\u0103zboi mondial \u00een Alpii elve\u0163ieni. Relatarea provine de la un b\u0103rbat care sus\u0163ine c\u0103 bunicul lui s-a aflat acolo, \u00eentr-o companie de solda\u021bi britanici, care, \u00een iarna &#8230; <\/p>\n<p class=\"read-more-container\"><a title=\"O poveste terifiant\u0103 din Alpii elve\u0163ieni, din timpul celui de-al doilea r\u0103zboi mondial\" class=\"read-more button\" href=\"https:\/\/www.lovendal.ro\/wp52\/o-poveste-terifianta-din-alpii-elvetieni-din-timpul-celui-de-al-doilea-razboi-mondial\/#more-69975\" aria-label=\"Cite\u0219te mai multe despre O poveste terifiant\u0103 din Alpii elve\u0163ieni, din timpul celui de-al doilea r\u0103zboi mondial\">Cititi mai multe<\/a><\/p>\n","protected":false},"author":1,"featured_media":69976,"comment_status":"closed","ping_status":"open","sticky":false,"template":"","format":"standard","meta":{"footnotes":""},"categories":[5040],"tags":[4154,2854,9818,4554,1073,5557,749,113,6014,2592,1578,2326,5538,3924,952,9363,815,2890,865,1658,513,2345,4330,704,3530],"class_list":["post-69975","post","type-post","status-publish","format-standard","has-post-thumbnail","hentry","category-bizar","tag-alpi","tag-arme","tag-bizar","tag-cel-de-al-doilea-razboi-mondial","tag-copii","tag-creatura","tag-disparitie","tag-elvetia","tag-fereastra","tag-fiara","tag-gheata","tag-iarna","tag-lanterna","tag-lemn","tag-lumina","tag-lupi","tag-munti","tag-pestera","tag-soare","tag-soldat","tag-soldati","tag-strada","tag-vant","tag-viscol","tag-zapada","resize-featured-image"],"yoast_head":"<!-- This site is optimized with the Yoast SEO Premium plugin v23.3 (Yoast SEO v27.4) - https:\/\/yoast.com\/product\/yoast-seo-premium-wordpress\/ -->\n<title>O poveste terifiant\u0103 din Alpii elve\u0163ieni, din timpul celui de-al doilea r\u0103zboi mondial - Secretele lui Lovendal<\/title>\n<meta name=\"robots\" content=\"index, follow, max-snippet:-1, max-image-preview:large, max-video-preview:-1\" \/>\n<link rel=\"canonical\" href=\"https:\/\/www.lovendal.ro\/wp52\/o-poveste-terifianta-din-alpii-elvetieni-din-timpul-celui-de-al-doilea-razboi-mondial\/\" \/>\n<meta property=\"og:locale\" content=\"ro_RO\" \/>\n<meta property=\"og:type\" content=\"article\" \/>\n<meta property=\"og:title\" content=\"O poveste terifiant\u0103 din Alpii elve\u0163ieni, din timpul celui de-al doilea r\u0103zboi mondial\" \/>\n<meta property=\"og:description\" content=\"Povestea de mai jos ar fi avut loc \u00een timpul celui de-al doilea r\u0103zboi mondial \u00een Alpii elve\u0163ieni. Relatarea provine de la un b\u0103rbat care sus\u0163ine c\u0103 bunicul lui s-a aflat acolo, \u00eentr-o companie de solda\u021bi britanici, care, \u00een iarna ... Cititi mai multe\" \/>\n<meta property=\"og:url\" content=\"https:\/\/www.lovendal.ro\/wp52\/o-poveste-terifianta-din-alpii-elvetieni-din-timpul-celui-de-al-doilea-razboi-mondial\/\" \/>\n<meta property=\"og:site_name\" content=\"Secretele lui Lovendal\" \/>\n<meta property=\"article:publisher\" content=\"https:\/\/www.facebook.com\/secreteleluilovendal\" \/>\n<meta property=\"article:published_time\" content=\"2020-06-12T10:17:59+00:00\" \/>\n<meta property=\"article:modified_time\" content=\"2020-06-12T10:18:17+00:00\" \/>\n<meta property=\"og:image\" content=\"https:\/\/www.lovendal.ro\/wp52\/wp-content\/uploads\/2020\/06\/soldati-cel-deal-doilea-razboi-mondial.jpg\" \/>\n\t<meta property=\"og:image:width\" content=\"360\" \/>\n\t<meta property=\"og:image:height\" content=\"251\" \/>\n\t<meta property=\"og:image:type\" content=\"image\/jpeg\" \/>\n<meta name=\"author\" content=\"admin\" \/>\n<meta name=\"twitter:card\" content=\"summary_large_image\" \/>\n<meta name=\"twitter:label1\" content=\"Scris de\" \/>\n\t<meta name=\"twitter:data1\" content=\"admin\" \/>\n\t<meta name=\"twitter:label2\" content=\"Timp estimat pentru citire\" \/>\n\t<meta name=\"twitter:data2\" content=\"3 minute\" \/>\n<script type=\"application\/ld+json\" class=\"yoast-schema-graph\">{\"@context\":\"https:\\\/\\\/schema.org\",\"@graph\":[{\"@type\":\"Article\",\"@id\":\"https:\\\/\\\/www.lovendal.ro\\\/wp52\\\/o-poveste-terifianta-din-alpii-elvetieni-din-timpul-celui-de-al-doilea-razboi-mondial\\\/#article\",\"isPartOf\":{\"@id\":\"https:\\\/\\\/www.lovendal.ro\\\/wp52\\\/o-poveste-terifianta-din-alpii-elvetieni-din-timpul-celui-de-al-doilea-razboi-mondial\\\/\"},\"author\":{\"name\":\"admin\",\"@id\":\"https:\\\/\\\/www.lovendal.ro\\\/wp52\\\/#\\\/schema\\\/person\\\/088691de5dfc346bb0c023e1e52ef5d9\"},\"headline\":\"O poveste terifiant\u0103 din Alpii elve\u0163ieni, din timpul celui de-al doilea r\u0103zboi mondial\",\"datePublished\":\"2020-06-12T10:17:59+00:00\",\"dateModified\":\"2020-06-12T10:18:17+00:00\",\"mainEntityOfPage\":{\"@id\":\"https:\\\/\\\/www.lovendal.ro\\\/wp52\\\/o-poveste-terifianta-din-alpii-elvetieni-din-timpul-celui-de-al-doilea-razboi-mondial\\\/\"},\"wordCount\":705,\"publisher\":{\"@id\":\"https:\\\/\\\/www.lovendal.ro\\\/wp52\\\/#organization\"},\"image\":{\"@id\":\"https:\\\/\\\/www.lovendal.ro\\\/wp52\\\/o-poveste-terifianta-din-alpii-elvetieni-din-timpul-celui-de-al-doilea-razboi-mondial\\\/#primaryimage\"},\"thumbnailUrl\":\"https:\\\/\\\/www.lovendal.ro\\\/wp52\\\/wp-content\\\/uploads\\\/2020\\\/06\\\/soldati-cel-deal-doilea-razboi-mondial.jpg\",\"keywords\":[\"Alpi\",\"arme\",\"Bizar\",\"cel de-al doilea r\u0103zboi mondial\",\"copii\",\"creatur\u0103\",\"dispari\u0163ie\",\"Elve\u0163ia\",\"fereastr\u0103\",\"fiar\u0103\",\"ghea\u0163\u0103\",\"iarn\u0103\",\"lantern\u0103\",\"lemn\",\"lumin\u0103\",\"lupi\",\"mun\u0163i\",\"pe\u015fter\u0103\",\"Soare\",\"soldat\",\"solda\u0163i\",\"strad\u0103\",\"v\u00e2nt\",\"viscol\",\"z\u0103pad\u0103\"],\"articleSection\":[\"Bizar\"],\"inLanguage\":\"ro-RO\"},{\"@type\":\"WebPage\",\"@id\":\"https:\\\/\\\/www.lovendal.ro\\\/wp52\\\/o-poveste-terifianta-din-alpii-elvetieni-din-timpul-celui-de-al-doilea-razboi-mondial\\\/\",\"url\":\"https:\\\/\\\/www.lovendal.ro\\\/wp52\\\/o-poveste-terifianta-din-alpii-elvetieni-din-timpul-celui-de-al-doilea-razboi-mondial\\\/\",\"name\":\"O poveste terifiant\u0103 din Alpii elve\u0163ieni, din timpul celui de-al doilea r\u0103zboi mondial - Secretele lui Lovendal\",\"isPartOf\":{\"@id\":\"https:\\\/\\\/www.lovendal.ro\\\/wp52\\\/#website\"},\"primaryImageOfPage\":{\"@id\":\"https:\\\/\\\/www.lovendal.ro\\\/wp52\\\/o-poveste-terifianta-din-alpii-elvetieni-din-timpul-celui-de-al-doilea-razboi-mondial\\\/#primaryimage\"},\"image\":{\"@id\":\"https:\\\/\\\/www.lovendal.ro\\\/wp52\\\/o-poveste-terifianta-din-alpii-elvetieni-din-timpul-celui-de-al-doilea-razboi-mondial\\\/#primaryimage\"},\"thumbnailUrl\":\"https:\\\/\\\/www.lovendal.ro\\\/wp52\\\/wp-content\\\/uploads\\\/2020\\\/06\\\/soldati-cel-deal-doilea-razboi-mondial.jpg\",\"datePublished\":\"2020-06-12T10:17:59+00:00\",\"dateModified\":\"2020-06-12T10:18:17+00:00\",\"breadcrumb\":{\"@id\":\"https:\\\/\\\/www.lovendal.ro\\\/wp52\\\/o-poveste-terifianta-din-alpii-elvetieni-din-timpul-celui-de-al-doilea-razboi-mondial\\\/#breadcrumb\"},\"inLanguage\":\"ro-RO\",\"potentialAction\":[{\"@type\":\"ReadAction\",\"target\":[\"https:\\\/\\\/www.lovendal.ro\\\/wp52\\\/o-poveste-terifianta-din-alpii-elvetieni-din-timpul-celui-de-al-doilea-razboi-mondial\\\/\"]}]},{\"@type\":\"ImageObject\",\"inLanguage\":\"ro-RO\",\"@id\":\"https:\\\/\\\/www.lovendal.ro\\\/wp52\\\/o-poveste-terifianta-din-alpii-elvetieni-din-timpul-celui-de-al-doilea-razboi-mondial\\\/#primaryimage\",\"url\":\"https:\\\/\\\/www.lovendal.ro\\\/wp52\\\/wp-content\\\/uploads\\\/2020\\\/06\\\/soldati-cel-deal-doilea-razboi-mondial.jpg\",\"contentUrl\":\"https:\\\/\\\/www.lovendal.ro\\\/wp52\\\/wp-content\\\/uploads\\\/2020\\\/06\\\/soldati-cel-deal-doilea-razboi-mondial.jpg\",\"width\":360,\"height\":251},{\"@type\":\"BreadcrumbList\",\"@id\":\"https:\\\/\\\/www.lovendal.ro\\\/wp52\\\/o-poveste-terifianta-din-alpii-elvetieni-din-timpul-celui-de-al-doilea-razboi-mondial\\\/#breadcrumb\",\"itemListElement\":[{\"@type\":\"ListItem\",\"position\":1,\"name\":\"Home\",\"item\":\"https:\\\/\\\/www.lovendal.ro\\\/wp52\\\/\"},{\"@type\":\"ListItem\",\"position\":2,\"name\":\"O poveste terifiant\u0103 din Alpii elve\u0163ieni, din timpul celui de-al doilea r\u0103zboi mondial\"}]},{\"@type\":\"WebSite\",\"@id\":\"https:\\\/\\\/www.lovendal.ro\\\/wp52\\\/#website\",\"url\":\"https:\\\/\\\/www.lovendal.ro\\\/wp52\\\/\",\"name\":\"Secretele lui Lovendal\",\"description\":\"Site de secrete, stiinta si metafizica - din 2008 -\",\"publisher\":{\"@id\":\"https:\\\/\\\/www.lovendal.ro\\\/wp52\\\/#organization\"},\"potentialAction\":[{\"@type\":\"SearchAction\",\"target\":{\"@type\":\"EntryPoint\",\"urlTemplate\":\"https:\\\/\\\/www.lovendal.ro\\\/wp52\\\/?s={search_term_string}\"},\"query-input\":{\"@type\":\"PropertyValueSpecification\",\"valueRequired\":true,\"valueName\":\"search_term_string\"}}],\"inLanguage\":\"ro-RO\"},{\"@type\":\"Organization\",\"@id\":\"https:\\\/\\\/www.lovendal.ro\\\/wp52\\\/#organization\",\"name\":\"Secretele lui Lovendal\",\"url\":\"https:\\\/\\\/www.lovendal.ro\\\/wp52\\\/\",\"logo\":{\"@type\":\"ImageObject\",\"inLanguage\":\"ro-RO\",\"@id\":\"https:\\\/\\\/www.lovendal.ro\\\/wp52\\\/#\\\/schema\\\/logo\\\/image\\\/\",\"url\":\"https:\\\/\\\/www.lovendal.ro\\\/wp52\\\/wp-content\\\/uploads\\\/2024\\\/06\\\/cropped-SLL-iun-2024-1.jpg\",\"contentUrl\":\"https:\\\/\\\/www.lovendal.ro\\\/wp52\\\/wp-content\\\/uploads\\\/2024\\\/06\\\/cropped-SLL-iun-2024-1.jpg\",\"width\":771,\"height\":240,\"caption\":\"Secretele lui Lovendal\"},\"image\":{\"@id\":\"https:\\\/\\\/www.lovendal.ro\\\/wp52\\\/#\\\/schema\\\/logo\\\/image\\\/\"},\"sameAs\":[\"https:\\\/\\\/www.facebook.com\\\/secreteleluilovendal\"]},{\"@type\":\"Person\",\"@id\":\"https:\\\/\\\/www.lovendal.ro\\\/wp52\\\/#\\\/schema\\\/person\\\/088691de5dfc346bb0c023e1e52ef5d9\",\"name\":\"admin\",\"image\":{\"@type\":\"ImageObject\",\"inLanguage\":\"ro-RO\",\"@id\":\"https:\\\/\\\/secure.gravatar.com\\\/avatar\\\/ecb9cd41f5f63c9c9b989999a59f6e2639a865ec361e9db054db0679a8f341c2?s=96&d=mm&r=g\",\"url\":\"https:\\\/\\\/secure.gravatar.com\\\/avatar\\\/ecb9cd41f5f63c9c9b989999a59f6e2639a865ec361e9db054db0679a8f341c2?s=96&d=mm&r=g\",\"contentUrl\":\"https:\\\/\\\/secure.gravatar.com\\\/avatar\\\/ecb9cd41f5f63c9c9b989999a59f6e2639a865ec361e9db054db0679a8f341c2?s=96&d=mm&r=g\",\"caption\":\"admin\"},\"sameAs\":[\"https:\\\/\\\/www.lovendal.ro\\\/wp52\"]}]}<\/script>\n<!-- \/ Yoast SEO Premium plugin. -->","yoast_head_json":{"title":"O poveste terifiant\u0103 din Alpii elve\u0163ieni, din timpul celui de-al doilea r\u0103zboi mondial - Secretele lui Lovendal","robots":{"index":"index","follow":"follow","max-snippet":"max-snippet:-1","max-image-preview":"max-image-preview:large","max-video-preview":"max-video-preview:-1"},"canonical":"https:\/\/www.lovendal.ro\/wp52\/o-poveste-terifianta-din-alpii-elvetieni-din-timpul-celui-de-al-doilea-razboi-mondial\/","og_locale":"ro_RO","og_type":"article","og_title":"O poveste terifiant\u0103 din Alpii elve\u0163ieni, din timpul celui de-al doilea r\u0103zboi mondial","og_description":"Povestea de mai jos ar fi avut loc \u00een timpul celui de-al doilea r\u0103zboi mondial \u00een Alpii elve\u0163ieni. Relatarea provine de la un b\u0103rbat care sus\u0163ine c\u0103 bunicul lui s-a aflat acolo, \u00eentr-o companie de solda\u021bi britanici, care, \u00een iarna ... Cititi mai multe","og_url":"https:\/\/www.lovendal.ro\/wp52\/o-poveste-terifianta-din-alpii-elvetieni-din-timpul-celui-de-al-doilea-razboi-mondial\/","og_site_name":"Secretele lui Lovendal","article_publisher":"https:\/\/www.facebook.com\/secreteleluilovendal","article_published_time":"2020-06-12T10:17:59+00:00","article_modified_time":"2020-06-12T10:18:17+00:00","og_image":[{"width":360,"height":251,"url":"https:\/\/www.lovendal.ro\/wp52\/wp-content\/uploads\/2020\/06\/soldati-cel-deal-doilea-razboi-mondial.jpg","type":"image\/jpeg"}],"author":"admin","twitter_card":"summary_large_image","twitter_misc":{"Scris de":"admin","Timp estimat pentru citire":"3 minute"},"schema":{"@context":"https:\/\/schema.org","@graph":[{"@type":"Article","@id":"https:\/\/www.lovendal.ro\/wp52\/o-poveste-terifianta-din-alpii-elvetieni-din-timpul-celui-de-al-doilea-razboi-mondial\/#article","isPartOf":{"@id":"https:\/\/www.lovendal.ro\/wp52\/o-poveste-terifianta-din-alpii-elvetieni-din-timpul-celui-de-al-doilea-razboi-mondial\/"},"author":{"name":"admin","@id":"https:\/\/www.lovendal.ro\/wp52\/#\/schema\/person\/088691de5dfc346bb0c023e1e52ef5d9"},"headline":"O poveste terifiant\u0103 din Alpii elve\u0163ieni, din timpul celui de-al doilea r\u0103zboi mondial","datePublished":"2020-06-12T10:17:59+00:00","dateModified":"2020-06-12T10:18:17+00:00","mainEntityOfPage":{"@id":"https:\/\/www.lovendal.ro\/wp52\/o-poveste-terifianta-din-alpii-elvetieni-din-timpul-celui-de-al-doilea-razboi-mondial\/"},"wordCount":705,"publisher":{"@id":"https:\/\/www.lovendal.ro\/wp52\/#organization"},"image":{"@id":"https:\/\/www.lovendal.ro\/wp52\/o-poveste-terifianta-din-alpii-elvetieni-din-timpul-celui-de-al-doilea-razboi-mondial\/#primaryimage"},"thumbnailUrl":"https:\/\/www.lovendal.ro\/wp52\/wp-content\/uploads\/2020\/06\/soldati-cel-deal-doilea-razboi-mondial.jpg","keywords":["Alpi","arme","Bizar","cel de-al doilea r\u0103zboi mondial","copii","creatur\u0103","dispari\u0163ie","Elve\u0163ia","fereastr\u0103","fiar\u0103","ghea\u0163\u0103","iarn\u0103","lantern\u0103","lemn","lumin\u0103","lupi","mun\u0163i","pe\u015fter\u0103","Soare","soldat","solda\u0163i","strad\u0103","v\u00e2nt","viscol","z\u0103pad\u0103"],"articleSection":["Bizar"],"inLanguage":"ro-RO"},{"@type":"WebPage","@id":"https:\/\/www.lovendal.ro\/wp52\/o-poveste-terifianta-din-alpii-elvetieni-din-timpul-celui-de-al-doilea-razboi-mondial\/","url":"https:\/\/www.lovendal.ro\/wp52\/o-poveste-terifianta-din-alpii-elvetieni-din-timpul-celui-de-al-doilea-razboi-mondial\/","name":"O poveste terifiant\u0103 din Alpii elve\u0163ieni, din timpul celui de-al doilea r\u0103zboi mondial - Secretele lui Lovendal","isPartOf":{"@id":"https:\/\/www.lovendal.ro\/wp52\/#website"},"primaryImageOfPage":{"@id":"https:\/\/www.lovendal.ro\/wp52\/o-poveste-terifianta-din-alpii-elvetieni-din-timpul-celui-de-al-doilea-razboi-mondial\/#primaryimage"},"image":{"@id":"https:\/\/www.lovendal.ro\/wp52\/o-poveste-terifianta-din-alpii-elvetieni-din-timpul-celui-de-al-doilea-razboi-mondial\/#primaryimage"},"thumbnailUrl":"https:\/\/www.lovendal.ro\/wp52\/wp-content\/uploads\/2020\/06\/soldati-cel-deal-doilea-razboi-mondial.jpg","datePublished":"2020-06-12T10:17:59+00:00","dateModified":"2020-06-12T10:18:17+00:00","breadcrumb":{"@id":"https:\/\/www.lovendal.ro\/wp52\/o-poveste-terifianta-din-alpii-elvetieni-din-timpul-celui-de-al-doilea-razboi-mondial\/#breadcrumb"},"inLanguage":"ro-RO","potentialAction":[{"@type":"ReadAction","target":["https:\/\/www.lovendal.ro\/wp52\/o-poveste-terifianta-din-alpii-elvetieni-din-timpul-celui-de-al-doilea-razboi-mondial\/"]}]},{"@type":"ImageObject","inLanguage":"ro-RO","@id":"https:\/\/www.lovendal.ro\/wp52\/o-poveste-terifianta-din-alpii-elvetieni-din-timpul-celui-de-al-doilea-razboi-mondial\/#primaryimage","url":"https:\/\/www.lovendal.ro\/wp52\/wp-content\/uploads\/2020\/06\/soldati-cel-deal-doilea-razboi-mondial.jpg","contentUrl":"https:\/\/www.lovendal.ro\/wp52\/wp-content\/uploads\/2020\/06\/soldati-cel-deal-doilea-razboi-mondial.jpg","width":360,"height":251},{"@type":"BreadcrumbList","@id":"https:\/\/www.lovendal.ro\/wp52\/o-poveste-terifianta-din-alpii-elvetieni-din-timpul-celui-de-al-doilea-razboi-mondial\/#breadcrumb","itemListElement":[{"@type":"ListItem","position":1,"name":"Home","item":"https:\/\/www.lovendal.ro\/wp52\/"},{"@type":"ListItem","position":2,"name":"O poveste terifiant\u0103 din Alpii elve\u0163ieni, din timpul celui de-al doilea r\u0103zboi mondial"}]},{"@type":"WebSite","@id":"https:\/\/www.lovendal.ro\/wp52\/#website","url":"https:\/\/www.lovendal.ro\/wp52\/","name":"Secretele lui Lovendal","description":"Site de secrete, stiinta si metafizica - din 2008 -","publisher":{"@id":"https:\/\/www.lovendal.ro\/wp52\/#organization"},"potentialAction":[{"@type":"SearchAction","target":{"@type":"EntryPoint","urlTemplate":"https:\/\/www.lovendal.ro\/wp52\/?s={search_term_string}"},"query-input":{"@type":"PropertyValueSpecification","valueRequired":true,"valueName":"search_term_string"}}],"inLanguage":"ro-RO"},{"@type":"Organization","@id":"https:\/\/www.lovendal.ro\/wp52\/#organization","name":"Secretele lui Lovendal","url":"https:\/\/www.lovendal.ro\/wp52\/","logo":{"@type":"ImageObject","inLanguage":"ro-RO","@id":"https:\/\/www.lovendal.ro\/wp52\/#\/schema\/logo\/image\/","url":"https:\/\/www.lovendal.ro\/wp52\/wp-content\/uploads\/2024\/06\/cropped-SLL-iun-2024-1.jpg","contentUrl":"https:\/\/www.lovendal.ro\/wp52\/wp-content\/uploads\/2024\/06\/cropped-SLL-iun-2024-1.jpg","width":771,"height":240,"caption":"Secretele lui Lovendal"},"image":{"@id":"https:\/\/www.lovendal.ro\/wp52\/#\/schema\/logo\/image\/"},"sameAs":["https:\/\/www.facebook.com\/secreteleluilovendal"]},{"@type":"Person","@id":"https:\/\/www.lovendal.ro\/wp52\/#\/schema\/person\/088691de5dfc346bb0c023e1e52ef5d9","name":"admin","image":{"@type":"ImageObject","inLanguage":"ro-RO","@id":"https:\/\/secure.gravatar.com\/avatar\/ecb9cd41f5f63c9c9b989999a59f6e2639a865ec361e9db054db0679a8f341c2?s=96&d=mm&r=g","url":"https:\/\/secure.gravatar.com\/avatar\/ecb9cd41f5f63c9c9b989999a59f6e2639a865ec361e9db054db0679a8f341c2?s=96&d=mm&r=g","contentUrl":"https:\/\/secure.gravatar.com\/avatar\/ecb9cd41f5f63c9c9b989999a59f6e2639a865ec361e9db054db0679a8f341c2?s=96&d=mm&r=g","caption":"admin"},"sameAs":["https:\/\/www.lovendal.ro\/wp52"]}]}},"_links":{"self":[{"href":"https:\/\/www.lovendal.ro\/wp52\/wp-json\/wp\/v2\/posts\/69975","targetHints":{"allow":["GET"]}}],"collection":[{"href":"https:\/\/www.lovendal.ro\/wp52\/wp-json\/wp\/v2\/posts"}],"about":[{"href":"https:\/\/www.lovendal.ro\/wp52\/wp-json\/wp\/v2\/types\/post"}],"author":[{"embeddable":true,"href":"https:\/\/www.lovendal.ro\/wp52\/wp-json\/wp\/v2\/users\/1"}],"replies":[{"embeddable":true,"href":"https:\/\/www.lovendal.ro\/wp52\/wp-json\/wp\/v2\/comments?post=69975"}],"version-history":[{"count":0,"href":"https:\/\/www.lovendal.ro\/wp52\/wp-json\/wp\/v2\/posts\/69975\/revisions"}],"wp:featuredmedia":[{"embeddable":true,"href":"https:\/\/www.lovendal.ro\/wp52\/wp-json\/wp\/v2\/media\/69976"}],"wp:attachment":[{"href":"https:\/\/www.lovendal.ro\/wp52\/wp-json\/wp\/v2\/media?parent=69975"}],"wp:term":[{"taxonomy":"category","embeddable":true,"href":"https:\/\/www.lovendal.ro\/wp52\/wp-json\/wp\/v2\/categories?post=69975"},{"taxonomy":"post_tag","embeddable":true,"href":"https:\/\/www.lovendal.ro\/wp52\/wp-json\/wp\/v2\/tags?post=69975"}],"curies":[{"name":"wp","href":"https:\/\/api.w.org\/{rel}","templated":true}]}}