{"id":6994,"date":"2009-08-20T14:02:44","date_gmt":"2009-08-20T11:02:44","guid":{"rendered":"http:\/\/www.lovendal.net\/wp52\/?p=6994"},"modified":"2009-08-20T14:02:44","modified_gmt":"2009-08-20T11:02:44","slug":"cand-sughiti-te-pomeneste-cineva-sau-e-doar-o-cauza-fiziologica","status":"publish","type":"post","link":"https:\/\/www.lovendal.ro\/wp52\/cand-sughiti-te-pomeneste-cineva-sau-e-doar-o-cauza-fiziologica\/","title":{"rendered":"C\u00e2nd sughi\u0163i, te pomene\u015fte cineva? Sau e doar o cauz\u0103 fiziologic\u0103?"},"content":{"rendered":"<p><a href=\"https:\/\/www.lovendal.ro\/wp52\/wp-content\/uploads\/2009\/08\/sughit.jpg\"><img loading=\"lazy\" decoding=\"async\" class=\"alignleft size-full wp-image-6995\" title=\"sughit\" src=\"https:\/\/www.lovendal.ro\/wp52\/wp-content\/uploads\/2009\/08\/sughit.jpg\" alt=\"sughit\" width=\"294\" height=\"265\" srcset=\"https:\/\/www.lovendal.ro\/wp52\/wp-content\/uploads\/2009\/08\/sughit.jpg 328w, https:\/\/www.lovendal.ro\/wp52\/wp-content\/uploads\/2009\/08\/sughit-300x269.jpg 300w\" sizes=\"auto, (max-width: 294px) 100vw, 294px\" \/><\/a>C\u00e2nd cineva sughi\u0163e, se obi\u015fnuie\u015fte s\u0103 se spun\u0103 &#8211; \u015fi s\u0103 se cread\u0103 &#8211; c\u0103 e \u201esemn&#8221; c\u0103 se discut\u0103 despre el. <em>\u201eM\u0103 pomene\u015fte cineva&#8221;<\/em> exclam\u0103 omul. Sau <em>\u201eAi sughi\u0163at ieri?&#8221;<\/em> e \u00eentrebarea pus\u0103 unui prieten despre care \u00een ajun s-a \u201evorbit&#8221;. E o supersti\u0163ie comun\u0103 multor popoare n\u0103scut\u0103 din cine \u015ftie ce coinciden\u0163\u0103 \u00een nevoia omului de a da o \u201eexplica\u0163ie&#8221; unor fenomene fiziologice care-l surprindeau.<\/p>\n<p>Fire\u015fte, asemenea explica\u0163ie e cu totul fantezist\u0103. Dac\u0103 ar fi adev\u0103rat\u0103, to\u0163i copiii lumii ar duce-o \u00eentr-un sughi\u0163 dat fiind c\u0103 despre ei vorbesc zilnic p\u0103rin\u0163ii, bunicii, unchii, m\u0103tu\u015file, colegii \u015fi \u015fcoala. Explica\u0163ia real\u0103 ne-o ofer\u0103 fiziologii. Sughi\u0163ul este o contrac\u0163ie spasmodic\u0103 a mu\u015fchiului principal respirator &#8211; diafragma. Se manifest\u0103 printr-o inspira\u0163ie brusc\u0103 cu \u00eenchiderea glotei. Aceasta determin\u0103 zgomotul \u015fi senza\u0163ia de sughi\u0163. \u00cen st\u0103rile normale se \u00eent\u00e2mpl\u0103 de obicei c\u00e2nd se bea ap\u0103 rece sau se m\u0103n\u00e2nc\u0103 prea multe paste compacte. Dar e \u015fi un sughi\u0163&#8230; care poate fi un \u201esemn&#8221;, dar nu cel ce i se confer\u0103 prin supersti\u0163ie. Poate fi astfel efectul unor st\u0103ri de boal\u0103, ca, de pild\u0103, obstruc\u0163iile esofagului, pleureziile, insola\u0163ia, \u015focul de lumin\u0103, traumatisme, pl\u0103gi ale toracelui. Medicii constat\u0103 c\u0103 sughi\u0163ul se produce \u00een general atunci c\u00e2nd exist\u0103 focare de excita\u0163ie puternic\u0103 a nervului frenic.<\/p>\n","protected":false},"excerpt":{"rendered":"<p>C\u00e2nd cineva sughi\u0163e, se obi\u015fnuie\u015fte s\u0103 se spun\u0103 &#8211; \u015fi s\u0103 se cread\u0103 &#8211; c\u0103 e \u201esemn&#8221; c\u0103 se discut\u0103 despre el. \u201eM\u0103 pomene\u015fte cineva&#8221; exclam\u0103 omul. Sau \u201eAi sughi\u0163at ieri?&#8221; e \u00eentrebarea pus\u0103 unui prieten despre care \u00een ajun &#8230; <\/p>\n<p class=\"read-more-container\"><a title=\"C\u00e2nd sughi\u0163i, te pomene\u015fte cineva? Sau e doar o cauz\u0103 fiziologic\u0103?\" class=\"read-more button\" href=\"https:\/\/www.lovendal.ro\/wp52\/cand-sughiti-te-pomeneste-cineva-sau-e-doar-o-cauza-fiziologica\/#more-6994\" aria-label=\"Cite\u0219te mai multe despre C\u00e2nd sughi\u0163i, te pomene\u015fte cineva? Sau e doar o cauz\u0103 fiziologic\u0103?\">Cititi mai multe<\/a><\/p>\n","protected":false},"author":1,"featured_media":6995,"comment_status":"open","ping_status":"closed","sticky":false,"template":"","format":"standard","meta":{"footnotes":""},"categories":[6],"tags":[9794,2021],"class_list":["post-6994","post","type-post","status-publish","format-standard","has-post-thumbnail","hentry","category-medicina","tag-medicina","tag-sughit","resize-featured-image"],"yoast_head":"<!-- This site is optimized with the Yoast SEO Premium plugin v23.3 (Yoast SEO v27.4) - https:\/\/yoast.com\/product\/yoast-seo-premium-wordpress\/ -->\n<title>C\u00e2nd sughi\u0163i, te pomene\u015fte cineva? Sau e doar o cauz\u0103 fiziologic\u0103? - Secretele lui Lovendal<\/title>\n<meta name=\"robots\" content=\"index, follow, max-snippet:-1, max-image-preview:large, max-video-preview:-1\" \/>\n<link rel=\"canonical\" href=\"https:\/\/www.lovendal.ro\/wp52\/cand-sughiti-te-pomeneste-cineva-sau-e-doar-o-cauza-fiziologica\/\" \/>\n<meta property=\"og:locale\" content=\"ro_RO\" \/>\n<meta property=\"og:type\" content=\"article\" \/>\n<meta property=\"og:title\" content=\"C\u00e2nd sughi\u0163i, te pomene\u015fte cineva? Sau e doar o cauz\u0103 fiziologic\u0103?\" \/>\n<meta property=\"og:description\" content=\"C\u00e2nd cineva sughi\u0163e, se obi\u015fnuie\u015fte s\u0103 se spun\u0103 &#8211; \u015fi s\u0103 se cread\u0103 &#8211; c\u0103 e \u201esemn&#8221; c\u0103 se discut\u0103 despre el. \u201eM\u0103 pomene\u015fte cineva&#8221; exclam\u0103 omul. Sau \u201eAi sughi\u0163at ieri?&#8221; e \u00eentrebarea pus\u0103 unui prieten despre care \u00een ajun ... Cititi mai multe\" \/>\n<meta property=\"og:url\" content=\"https:\/\/www.lovendal.ro\/wp52\/cand-sughiti-te-pomeneste-cineva-sau-e-doar-o-cauza-fiziologica\/\" \/>\n<meta property=\"og:site_name\" content=\"Secretele lui Lovendal\" \/>\n<meta property=\"article:publisher\" content=\"https:\/\/www.facebook.com\/secreteleluilovendal\" \/>\n<meta property=\"article:published_time\" content=\"2009-08-20T11:02:44+00:00\" \/>\n<meta property=\"og:image\" content=\"https:\/\/www.lovendal.ro\/wp52\/wp-content\/uploads\/2009\/08\/sughit.jpg\" \/>\n\t<meta property=\"og:image:width\" content=\"328\" \/>\n\t<meta property=\"og:image:height\" content=\"295\" \/>\n\t<meta property=\"og:image:type\" content=\"image\/jpeg\" \/>\n<meta name=\"author\" content=\"admin\" \/>\n<meta name=\"twitter:card\" content=\"summary_large_image\" \/>\n<meta name=\"twitter:label1\" content=\"Scris de\" \/>\n\t<meta name=\"twitter:data1\" content=\"admin\" \/>\n\t<meta name=\"twitter:label2\" content=\"Timp estimat pentru citire\" \/>\n\t<meta name=\"twitter:data2\" content=\"1 minut\" \/>\n<script type=\"application\/ld+json\" class=\"yoast-schema-graph\">{\"@context\":\"https:\\\/\\\/schema.org\",\"@graph\":[{\"@type\":\"Article\",\"@id\":\"https:\\\/\\\/www.lovendal.ro\\\/wp52\\\/cand-sughiti-te-pomeneste-cineva-sau-e-doar-o-cauza-fiziologica\\\/#article\",\"isPartOf\":{\"@id\":\"https:\\\/\\\/www.lovendal.ro\\\/wp52\\\/cand-sughiti-te-pomeneste-cineva-sau-e-doar-o-cauza-fiziologica\\\/\"},\"author\":{\"name\":\"admin\",\"@id\":\"https:\\\/\\\/www.lovendal.ro\\\/wp52\\\/#\\\/schema\\\/person\\\/088691de5dfc346bb0c023e1e52ef5d9\"},\"headline\":\"C\u00e2nd sughi\u0163i, te pomene\u015fte cineva? Sau e doar o cauz\u0103 fiziologic\u0103?\",\"datePublished\":\"2009-08-20T11:02:44+00:00\",\"mainEntityOfPage\":{\"@id\":\"https:\\\/\\\/www.lovendal.ro\\\/wp52\\\/cand-sughiti-te-pomeneste-cineva-sau-e-doar-o-cauza-fiziologica\\\/\"},\"wordCount\":258,\"commentCount\":0,\"publisher\":{\"@id\":\"https:\\\/\\\/www.lovendal.ro\\\/wp52\\\/#organization\"},\"image\":{\"@id\":\"https:\\\/\\\/www.lovendal.ro\\\/wp52\\\/cand-sughiti-te-pomeneste-cineva-sau-e-doar-o-cauza-fiziologica\\\/#primaryimage\"},\"thumbnailUrl\":\"https:\\\/\\\/www.lovendal.ro\\\/wp52\\\/wp-content\\\/uploads\\\/2009\\\/08\\\/sughit.jpg\",\"keywords\":[\"Medicina\",\"sughi\u0163\"],\"articleSection\":[\"Medicina\"],\"inLanguage\":\"ro-RO\",\"potentialAction\":[{\"@type\":\"CommentAction\",\"name\":\"Comment\",\"target\":[\"https:\\\/\\\/www.lovendal.ro\\\/wp52\\\/cand-sughiti-te-pomeneste-cineva-sau-e-doar-o-cauza-fiziologica\\\/#respond\"]}]},{\"@type\":\"WebPage\",\"@id\":\"https:\\\/\\\/www.lovendal.ro\\\/wp52\\\/cand-sughiti-te-pomeneste-cineva-sau-e-doar-o-cauza-fiziologica\\\/\",\"url\":\"https:\\\/\\\/www.lovendal.ro\\\/wp52\\\/cand-sughiti-te-pomeneste-cineva-sau-e-doar-o-cauza-fiziologica\\\/\",\"name\":\"C\u00e2nd sughi\u0163i, te pomene\u015fte cineva? Sau e doar o cauz\u0103 fiziologic\u0103? - Secretele lui Lovendal\",\"isPartOf\":{\"@id\":\"https:\\\/\\\/www.lovendal.ro\\\/wp52\\\/#website\"},\"primaryImageOfPage\":{\"@id\":\"https:\\\/\\\/www.lovendal.ro\\\/wp52\\\/cand-sughiti-te-pomeneste-cineva-sau-e-doar-o-cauza-fiziologica\\\/#primaryimage\"},\"image\":{\"@id\":\"https:\\\/\\\/www.lovendal.ro\\\/wp52\\\/cand-sughiti-te-pomeneste-cineva-sau-e-doar-o-cauza-fiziologica\\\/#primaryimage\"},\"thumbnailUrl\":\"https:\\\/\\\/www.lovendal.ro\\\/wp52\\\/wp-content\\\/uploads\\\/2009\\\/08\\\/sughit.jpg\",\"datePublished\":\"2009-08-20T11:02:44+00:00\",\"breadcrumb\":{\"@id\":\"https:\\\/\\\/www.lovendal.ro\\\/wp52\\\/cand-sughiti-te-pomeneste-cineva-sau-e-doar-o-cauza-fiziologica\\\/#breadcrumb\"},\"inLanguage\":\"ro-RO\",\"potentialAction\":[{\"@type\":\"ReadAction\",\"target\":[\"https:\\\/\\\/www.lovendal.ro\\\/wp52\\\/cand-sughiti-te-pomeneste-cineva-sau-e-doar-o-cauza-fiziologica\\\/\"]}]},{\"@type\":\"ImageObject\",\"inLanguage\":\"ro-RO\",\"@id\":\"https:\\\/\\\/www.lovendal.ro\\\/wp52\\\/cand-sughiti-te-pomeneste-cineva-sau-e-doar-o-cauza-fiziologica\\\/#primaryimage\",\"url\":\"https:\\\/\\\/www.lovendal.ro\\\/wp52\\\/wp-content\\\/uploads\\\/2009\\\/08\\\/sughit.jpg\",\"contentUrl\":\"https:\\\/\\\/www.lovendal.ro\\\/wp52\\\/wp-content\\\/uploads\\\/2009\\\/08\\\/sughit.jpg\",\"width\":\"328\",\"height\":\"295\"},{\"@type\":\"BreadcrumbList\",\"@id\":\"https:\\\/\\\/www.lovendal.ro\\\/wp52\\\/cand-sughiti-te-pomeneste-cineva-sau-e-doar-o-cauza-fiziologica\\\/#breadcrumb\",\"itemListElement\":[{\"@type\":\"ListItem\",\"position\":1,\"name\":\"Home\",\"item\":\"https:\\\/\\\/www.lovendal.ro\\\/wp52\\\/\"},{\"@type\":\"ListItem\",\"position\":2,\"name\":\"C\u00e2nd sughi\u0163i, te pomene\u015fte cineva? Sau e doar o cauz\u0103 fiziologic\u0103?\"}]},{\"@type\":\"WebSite\",\"@id\":\"https:\\\/\\\/www.lovendal.ro\\\/wp52\\\/#website\",\"url\":\"https:\\\/\\\/www.lovendal.ro\\\/wp52\\\/\",\"name\":\"Secretele lui Lovendal\",\"description\":\"Site de secrete, stiinta si metafizica - din 2008 -\",\"publisher\":{\"@id\":\"https:\\\/\\\/www.lovendal.ro\\\/wp52\\\/#organization\"},\"potentialAction\":[{\"@type\":\"SearchAction\",\"target\":{\"@type\":\"EntryPoint\",\"urlTemplate\":\"https:\\\/\\\/www.lovendal.ro\\\/wp52\\\/?s={search_term_string}\"},\"query-input\":{\"@type\":\"PropertyValueSpecification\",\"valueRequired\":true,\"valueName\":\"search_term_string\"}}],\"inLanguage\":\"ro-RO\"},{\"@type\":\"Organization\",\"@id\":\"https:\\\/\\\/www.lovendal.ro\\\/wp52\\\/#organization\",\"name\":\"Secretele lui Lovendal\",\"url\":\"https:\\\/\\\/www.lovendal.ro\\\/wp52\\\/\",\"logo\":{\"@type\":\"ImageObject\",\"inLanguage\":\"ro-RO\",\"@id\":\"https:\\\/\\\/www.lovendal.ro\\\/wp52\\\/#\\\/schema\\\/logo\\\/image\\\/\",\"url\":\"https:\\\/\\\/www.lovendal.ro\\\/wp52\\\/wp-content\\\/uploads\\\/2024\\\/06\\\/cropped-SLL-iun-2024-1.jpg\",\"contentUrl\":\"https:\\\/\\\/www.lovendal.ro\\\/wp52\\\/wp-content\\\/uploads\\\/2024\\\/06\\\/cropped-SLL-iun-2024-1.jpg\",\"width\":771,\"height\":240,\"caption\":\"Secretele lui Lovendal\"},\"image\":{\"@id\":\"https:\\\/\\\/www.lovendal.ro\\\/wp52\\\/#\\\/schema\\\/logo\\\/image\\\/\"},\"sameAs\":[\"https:\\\/\\\/www.facebook.com\\\/secreteleluilovendal\"]},{\"@type\":\"Person\",\"@id\":\"https:\\\/\\\/www.lovendal.ro\\\/wp52\\\/#\\\/schema\\\/person\\\/088691de5dfc346bb0c023e1e52ef5d9\",\"name\":\"admin\",\"image\":{\"@type\":\"ImageObject\",\"inLanguage\":\"ro-RO\",\"@id\":\"https:\\\/\\\/secure.gravatar.com\\\/avatar\\\/ecb9cd41f5f63c9c9b989999a59f6e2639a865ec361e9db054db0679a8f341c2?s=96&d=mm&r=g\",\"url\":\"https:\\\/\\\/secure.gravatar.com\\\/avatar\\\/ecb9cd41f5f63c9c9b989999a59f6e2639a865ec361e9db054db0679a8f341c2?s=96&d=mm&r=g\",\"contentUrl\":\"https:\\\/\\\/secure.gravatar.com\\\/avatar\\\/ecb9cd41f5f63c9c9b989999a59f6e2639a865ec361e9db054db0679a8f341c2?s=96&d=mm&r=g\",\"caption\":\"admin\"},\"sameAs\":[\"https:\\\/\\\/www.lovendal.ro\\\/wp52\"]}]}<\/script>\n<!-- \/ Yoast SEO Premium plugin. -->","yoast_head_json":{"title":"C\u00e2nd sughi\u0163i, te pomene\u015fte cineva? Sau e doar o cauz\u0103 fiziologic\u0103? - Secretele lui Lovendal","robots":{"index":"index","follow":"follow","max-snippet":"max-snippet:-1","max-image-preview":"max-image-preview:large","max-video-preview":"max-video-preview:-1"},"canonical":"https:\/\/www.lovendal.ro\/wp52\/cand-sughiti-te-pomeneste-cineva-sau-e-doar-o-cauza-fiziologica\/","og_locale":"ro_RO","og_type":"article","og_title":"C\u00e2nd sughi\u0163i, te pomene\u015fte cineva? Sau e doar o cauz\u0103 fiziologic\u0103?","og_description":"C\u00e2nd cineva sughi\u0163e, se obi\u015fnuie\u015fte s\u0103 se spun\u0103 &#8211; \u015fi s\u0103 se cread\u0103 &#8211; c\u0103 e \u201esemn&#8221; c\u0103 se discut\u0103 despre el. \u201eM\u0103 pomene\u015fte cineva&#8221; exclam\u0103 omul. Sau \u201eAi sughi\u0163at ieri?&#8221; e \u00eentrebarea pus\u0103 unui prieten despre care \u00een ajun ... Cititi mai multe","og_url":"https:\/\/www.lovendal.ro\/wp52\/cand-sughiti-te-pomeneste-cineva-sau-e-doar-o-cauza-fiziologica\/","og_site_name":"Secretele lui Lovendal","article_publisher":"https:\/\/www.facebook.com\/secreteleluilovendal","article_published_time":"2009-08-20T11:02:44+00:00","og_image":[{"width":328,"height":295,"url":"https:\/\/www.lovendal.ro\/wp52\/wp-content\/uploads\/2009\/08\/sughit.jpg","type":"image\/jpeg"}],"author":"admin","twitter_card":"summary_large_image","twitter_misc":{"Scris de":"admin","Timp estimat pentru citire":"1 minut"},"schema":{"@context":"https:\/\/schema.org","@graph":[{"@type":"Article","@id":"https:\/\/www.lovendal.ro\/wp52\/cand-sughiti-te-pomeneste-cineva-sau-e-doar-o-cauza-fiziologica\/#article","isPartOf":{"@id":"https:\/\/www.lovendal.ro\/wp52\/cand-sughiti-te-pomeneste-cineva-sau-e-doar-o-cauza-fiziologica\/"},"author":{"name":"admin","@id":"https:\/\/www.lovendal.ro\/wp52\/#\/schema\/person\/088691de5dfc346bb0c023e1e52ef5d9"},"headline":"C\u00e2nd sughi\u0163i, te pomene\u015fte cineva? Sau e doar o cauz\u0103 fiziologic\u0103?","datePublished":"2009-08-20T11:02:44+00:00","mainEntityOfPage":{"@id":"https:\/\/www.lovendal.ro\/wp52\/cand-sughiti-te-pomeneste-cineva-sau-e-doar-o-cauza-fiziologica\/"},"wordCount":258,"commentCount":0,"publisher":{"@id":"https:\/\/www.lovendal.ro\/wp52\/#organization"},"image":{"@id":"https:\/\/www.lovendal.ro\/wp52\/cand-sughiti-te-pomeneste-cineva-sau-e-doar-o-cauza-fiziologica\/#primaryimage"},"thumbnailUrl":"https:\/\/www.lovendal.ro\/wp52\/wp-content\/uploads\/2009\/08\/sughit.jpg","keywords":["Medicina","sughi\u0163"],"articleSection":["Medicina"],"inLanguage":"ro-RO","potentialAction":[{"@type":"CommentAction","name":"Comment","target":["https:\/\/www.lovendal.ro\/wp52\/cand-sughiti-te-pomeneste-cineva-sau-e-doar-o-cauza-fiziologica\/#respond"]}]},{"@type":"WebPage","@id":"https:\/\/www.lovendal.ro\/wp52\/cand-sughiti-te-pomeneste-cineva-sau-e-doar-o-cauza-fiziologica\/","url":"https:\/\/www.lovendal.ro\/wp52\/cand-sughiti-te-pomeneste-cineva-sau-e-doar-o-cauza-fiziologica\/","name":"C\u00e2nd sughi\u0163i, te pomene\u015fte cineva? Sau e doar o cauz\u0103 fiziologic\u0103? - Secretele lui Lovendal","isPartOf":{"@id":"https:\/\/www.lovendal.ro\/wp52\/#website"},"primaryImageOfPage":{"@id":"https:\/\/www.lovendal.ro\/wp52\/cand-sughiti-te-pomeneste-cineva-sau-e-doar-o-cauza-fiziologica\/#primaryimage"},"image":{"@id":"https:\/\/www.lovendal.ro\/wp52\/cand-sughiti-te-pomeneste-cineva-sau-e-doar-o-cauza-fiziologica\/#primaryimage"},"thumbnailUrl":"https:\/\/www.lovendal.ro\/wp52\/wp-content\/uploads\/2009\/08\/sughit.jpg","datePublished":"2009-08-20T11:02:44+00:00","breadcrumb":{"@id":"https:\/\/www.lovendal.ro\/wp52\/cand-sughiti-te-pomeneste-cineva-sau-e-doar-o-cauza-fiziologica\/#breadcrumb"},"inLanguage":"ro-RO","potentialAction":[{"@type":"ReadAction","target":["https:\/\/www.lovendal.ro\/wp52\/cand-sughiti-te-pomeneste-cineva-sau-e-doar-o-cauza-fiziologica\/"]}]},{"@type":"ImageObject","inLanguage":"ro-RO","@id":"https:\/\/www.lovendal.ro\/wp52\/cand-sughiti-te-pomeneste-cineva-sau-e-doar-o-cauza-fiziologica\/#primaryimage","url":"https:\/\/www.lovendal.ro\/wp52\/wp-content\/uploads\/2009\/08\/sughit.jpg","contentUrl":"https:\/\/www.lovendal.ro\/wp52\/wp-content\/uploads\/2009\/08\/sughit.jpg","width":"328","height":"295"},{"@type":"BreadcrumbList","@id":"https:\/\/www.lovendal.ro\/wp52\/cand-sughiti-te-pomeneste-cineva-sau-e-doar-o-cauza-fiziologica\/#breadcrumb","itemListElement":[{"@type":"ListItem","position":1,"name":"Home","item":"https:\/\/www.lovendal.ro\/wp52\/"},{"@type":"ListItem","position":2,"name":"C\u00e2nd sughi\u0163i, te pomene\u015fte cineva? Sau e doar o cauz\u0103 fiziologic\u0103?"}]},{"@type":"WebSite","@id":"https:\/\/www.lovendal.ro\/wp52\/#website","url":"https:\/\/www.lovendal.ro\/wp52\/","name":"Secretele lui Lovendal","description":"Site de secrete, stiinta si metafizica - din 2008 -","publisher":{"@id":"https:\/\/www.lovendal.ro\/wp52\/#organization"},"potentialAction":[{"@type":"SearchAction","target":{"@type":"EntryPoint","urlTemplate":"https:\/\/www.lovendal.ro\/wp52\/?s={search_term_string}"},"query-input":{"@type":"PropertyValueSpecification","valueRequired":true,"valueName":"search_term_string"}}],"inLanguage":"ro-RO"},{"@type":"Organization","@id":"https:\/\/www.lovendal.ro\/wp52\/#organization","name":"Secretele lui Lovendal","url":"https:\/\/www.lovendal.ro\/wp52\/","logo":{"@type":"ImageObject","inLanguage":"ro-RO","@id":"https:\/\/www.lovendal.ro\/wp52\/#\/schema\/logo\/image\/","url":"https:\/\/www.lovendal.ro\/wp52\/wp-content\/uploads\/2024\/06\/cropped-SLL-iun-2024-1.jpg","contentUrl":"https:\/\/www.lovendal.ro\/wp52\/wp-content\/uploads\/2024\/06\/cropped-SLL-iun-2024-1.jpg","width":771,"height":240,"caption":"Secretele lui Lovendal"},"image":{"@id":"https:\/\/www.lovendal.ro\/wp52\/#\/schema\/logo\/image\/"},"sameAs":["https:\/\/www.facebook.com\/secreteleluilovendal"]},{"@type":"Person","@id":"https:\/\/www.lovendal.ro\/wp52\/#\/schema\/person\/088691de5dfc346bb0c023e1e52ef5d9","name":"admin","image":{"@type":"ImageObject","inLanguage":"ro-RO","@id":"https:\/\/secure.gravatar.com\/avatar\/ecb9cd41f5f63c9c9b989999a59f6e2639a865ec361e9db054db0679a8f341c2?s=96&d=mm&r=g","url":"https:\/\/secure.gravatar.com\/avatar\/ecb9cd41f5f63c9c9b989999a59f6e2639a865ec361e9db054db0679a8f341c2?s=96&d=mm&r=g","contentUrl":"https:\/\/secure.gravatar.com\/avatar\/ecb9cd41f5f63c9c9b989999a59f6e2639a865ec361e9db054db0679a8f341c2?s=96&d=mm&r=g","caption":"admin"},"sameAs":["https:\/\/www.lovendal.ro\/wp52"]}]}},"_links":{"self":[{"href":"https:\/\/www.lovendal.ro\/wp52\/wp-json\/wp\/v2\/posts\/6994","targetHints":{"allow":["GET"]}}],"collection":[{"href":"https:\/\/www.lovendal.ro\/wp52\/wp-json\/wp\/v2\/posts"}],"about":[{"href":"https:\/\/www.lovendal.ro\/wp52\/wp-json\/wp\/v2\/types\/post"}],"author":[{"embeddable":true,"href":"https:\/\/www.lovendal.ro\/wp52\/wp-json\/wp\/v2\/users\/1"}],"replies":[{"embeddable":true,"href":"https:\/\/www.lovendal.ro\/wp52\/wp-json\/wp\/v2\/comments?post=6994"}],"version-history":[{"count":0,"href":"https:\/\/www.lovendal.ro\/wp52\/wp-json\/wp\/v2\/posts\/6994\/revisions"}],"wp:featuredmedia":[{"embeddable":true,"href":"https:\/\/www.lovendal.ro\/wp52\/wp-json\/wp\/v2\/media\/6995"}],"wp:attachment":[{"href":"https:\/\/www.lovendal.ro\/wp52\/wp-json\/wp\/v2\/media?parent=6994"}],"wp:term":[{"taxonomy":"category","embeddable":true,"href":"https:\/\/www.lovendal.ro\/wp52\/wp-json\/wp\/v2\/categories?post=6994"},{"taxonomy":"post_tag","embeddable":true,"href":"https:\/\/www.lovendal.ro\/wp52\/wp-json\/wp\/v2\/tags?post=6994"}],"curies":[{"name":"wp","href":"https:\/\/api.w.org\/{rel}","templated":true}]}}