{"id":69348,"date":"2020-05-12T11:05:35","date_gmt":"2020-05-12T08:05:35","guid":{"rendered":"https:\/\/www.lovendal.ro\/wp52\/?p=69348"},"modified":"2020-05-12T11:05:35","modified_gmt":"2020-05-12T08:05:35","slug":"in-plina-epidemie-si-foamete-un-copil-fu-luat-pe-sus-de-fiinte-necunoscute-dus-in-cer-unde-asista-la-un-concert-al-ingerilor","status":"publish","type":"post","link":"https:\/\/www.lovendal.ro\/wp52\/in-plina-epidemie-si-foamete-un-copil-fu-luat-pe-sus-de-fiinte-necunoscute-dus-in-cer-unde-asista-la-un-concert-al-ingerilor\/","title":{"rendered":"\u00cen plin\u0103 epidemie \u015fi foamete, un copil fu luat pe sus de fiin\u0163e necunoscute, dus \u00een cer, unde asist\u0103 la un &#8222;concert al \u00eengerilor&#8221;"},"content":{"rendered":"<p><a href=\"https:\/\/www.lovendal.ro\/wp52\/wp-content\/uploads\/2020\/05\/ingeri.jpg\"><img loading=\"lazy\" decoding=\"async\" class=\"alignleft size-full wp-image-69349\" src=\"https:\/\/www.lovendal.ro\/wp52\/wp-content\/uploads\/2020\/05\/ingeri.jpg\" alt=\"\" width=\"359\" height=\"229\" srcset=\"https:\/\/www.lovendal.ro\/wp52\/wp-content\/uploads\/2020\/05\/ingeri.jpg 359w, https:\/\/www.lovendal.ro\/wp52\/wp-content\/uploads\/2020\/05\/ingeri-300x191.jpg 300w\" sizes=\"auto, (max-width: 359px) 100vw, 359px\" \/><\/a>Ne afl\u0103m \u00een anul 436 d.Hr. \u00een Constantinopol, capitala Bizan\u0163ului (actualmente Istanbul, capitala Turciei). \u00cen acea perioad\u0103, ora\u015ful era b\u00e2ntuit c\u00e2nd de cium\u0103, c\u00e2nd de foamete, c\u00e2nd de cutremure. P\u0103rea c\u0103 un blestem se revars\u0103 asupra tuturor. Dobor\u00e2\u0163i de at\u00e2tea calamit\u0103\u0163i to\u0163i locuitorii Constantinopolului &#8211; p\u0103r\u0103siser\u0103 ora\u015ful \u015fi se refugiaser\u0103 la \u0163ar\u0103 unde, \u00eempreun\u0103 cu \u00eemp\u0103ratul Teodosiu \u015fi cu patriarhul Proclus, nu mai conteneau s\u0103 se roage pentru ca ora\u015ful s\u0103 fie cru\u0163at de distrugerea complet\u0103; dar amenin\u0163area continua, continuau s\u0103 b\u00e2ntuie \u015fi cutremurele care erau pe cale s\u0103-i \u00eenghit\u0103 pe oameni&#8230; c\u00e2nd s-a \u00eent\u00e2mplat o minune cu totul \u015fi cu totul nea\u015fteptat\u0103 \u015fi mai presus de orice \u00eenchipuire care i-a uimit peste m\u0103sur\u0103 pe oameni.<\/p>\n<p>Iat\u0103 ce ne relateaz\u0103 istoricul Nichifor:\u00a0<em> &#8222;S-a \u00eent\u00e2mplat ca a\u015fa, pe nea\u015fteptate, un copil aflat \u00een mul\u0163ime s\u0103 fie luat pe sus \u015fi dus departe \u00een slava cerului c\u0103 de abia se mai putea vedea; dup\u0103 care, cobor\u00e2t fiind pe p\u0103m\u00e2nt, copilul le-a spus patriarhului \u015fi \u00eemp\u0103ratului \u015fi tuturor celor de fa\u0163\u0103 cum c\u0103 \u201easistase la un mare concert al \u00eengerilor care \u00eel prosl\u0103veau pe bunul Dumnezeu cu c\u00e2ntecele lor sfinte&#8221;.<\/em> Dup\u0103 acest eveniment, toate nenorocirile \u00eencetaser\u0103.<\/p>\n<p>Aceast\u0103 \u201eminune&#8221; a fost confirmat\u0103 \u015fi de Acaciu &#8211; episcop al Constantinopolului &#8211; care a spus: <em>\u201eTot ora\u015ful i-a v\u0103zut pe acel copil&#8221;<\/em>. Iar istoricul Cesare Baronio (1538-1607), autor al scrierii <em>Annaii ecciesiastici (Anale ecleziastice)<\/em> a comentat, o mie de ani mai t\u00e2rziu: <em>\u201eUn eveniment at\u00e2t de important merita s\u0103 fie pomenit p\u00e2n\u0103 \u015fi \u00een cea mai \u00eendep\u0103rtat\u0103 posteritate \u015fi s\u0103 r\u0103m\u00e2n\u0103 mereu \u00een amintirea oamenilor prin consemnarea \u00een analele biserice\u015fti&#8221;<\/em>.<\/p>\n<p>\u00cen \u00eent\u00e2mplarea povestit\u0103 mai sus, unii nu v\u0103d altceva dec\u00e2t un nou exemplu de r\u0103pire extraterestr\u0103&#8230;<\/p>\n","protected":false},"excerpt":{"rendered":"<p>Ne afl\u0103m \u00een anul 436 d.Hr. \u00een Constantinopol, capitala Bizan\u0163ului (actualmente Istanbul, capitala Turciei). \u00cen acea perioad\u0103, ora\u015ful era b\u00e2ntuit c\u00e2nd de cium\u0103, c\u00e2nd de foamete, c\u00e2nd de cutremure. P\u0103rea c\u0103 un blestem se revars\u0103 asupra tuturor. Dobor\u00e2\u0163i de at\u00e2tea &#8230; <\/p>\n<p class=\"read-more-container\"><a title=\"\u00cen plin\u0103 epidemie \u015fi foamete, un copil fu luat pe sus de fiin\u0163e necunoscute, dus \u00een cer, unde asist\u0103 la un &#8222;concert al \u00eengerilor&#8221;\" class=\"read-more button\" href=\"https:\/\/www.lovendal.ro\/wp52\/in-plina-epidemie-si-foamete-un-copil-fu-luat-pe-sus-de-fiinte-necunoscute-dus-in-cer-unde-asista-la-un-concert-al-ingerilor\/#more-69348\" aria-label=\"Cite\u0219te mai multe despre \u00cen plin\u0103 epidemie \u015fi foamete, un copil fu luat pe sus de fiin\u0163e necunoscute, dus \u00een cer, unde asist\u0103 la un &#8222;concert al \u00eengerilor&#8221;\">Cititi mai multe<\/a><\/p>\n","protected":false},"author":1,"featured_media":69349,"comment_status":"closed","ping_status":"open","sticky":false,"template":"","format":"standard","meta":{"footnotes":""},"categories":[14],"tags":[2627,242,14480,829,1331,323,2171,2112,492,295,751,4537,4430,3684,151,9796,269],"class_list":["post-69348","post","type-post","status-publish","format-standard","has-post-thumbnail","hentry","category-paranormal-spiritualitate","tag-bizant","tag-blestem","tag-ciumpa","tag-constantinopol","tag-cutremur","tag-dumnezeu","tag-epidemie","tag-episcop","tag-foamete","tag-imparat","tag-ingeri","tag-istanbul","tag-istoric","tag-minune","tag-oras","tag-paranormal-spiritualitate","tag-turcia","resize-featured-image"],"yoast_head":"<!-- This site is optimized with the Yoast SEO Premium plugin v23.3 (Yoast SEO v27.4) - https:\/\/yoast.com\/product\/yoast-seo-premium-wordpress\/ -->\n<title>\u00cen plin\u0103 epidemie \u015fi foamete, un copil fu luat pe sus de fiin\u0163e necunoscute, dus \u00een cer, unde asist\u0103 la un &quot;concert al \u00eengerilor&quot; - Secretele lui Lovendal<\/title>\n<meta name=\"robots\" content=\"index, follow, max-snippet:-1, max-image-preview:large, max-video-preview:-1\" \/>\n<link rel=\"canonical\" href=\"https:\/\/www.lovendal.ro\/wp52\/in-plina-epidemie-si-foamete-un-copil-fu-luat-pe-sus-de-fiinte-necunoscute-dus-in-cer-unde-asista-la-un-concert-al-ingerilor\/\" \/>\n<meta property=\"og:locale\" content=\"ro_RO\" \/>\n<meta property=\"og:type\" content=\"article\" \/>\n<meta property=\"og:title\" content=\"\u00cen plin\u0103 epidemie \u015fi foamete, un copil fu luat pe sus de fiin\u0163e necunoscute, dus \u00een cer, unde asist\u0103 la un &quot;concert al \u00eengerilor&quot;\" \/>\n<meta property=\"og:description\" content=\"Ne afl\u0103m \u00een anul 436 d.Hr. \u00een Constantinopol, capitala Bizan\u0163ului (actualmente Istanbul, capitala Turciei). \u00cen acea perioad\u0103, ora\u015ful era b\u00e2ntuit c\u00e2nd de cium\u0103, c\u00e2nd de foamete, c\u00e2nd de cutremure. P\u0103rea c\u0103 un blestem se revars\u0103 asupra tuturor. Dobor\u00e2\u0163i de at\u00e2tea ... Cititi mai multe\" \/>\n<meta property=\"og:url\" content=\"https:\/\/www.lovendal.ro\/wp52\/in-plina-epidemie-si-foamete-un-copil-fu-luat-pe-sus-de-fiinte-necunoscute-dus-in-cer-unde-asista-la-un-concert-al-ingerilor\/\" \/>\n<meta property=\"og:site_name\" content=\"Secretele lui Lovendal\" \/>\n<meta property=\"article:publisher\" content=\"https:\/\/www.facebook.com\/secreteleluilovendal\" \/>\n<meta property=\"article:published_time\" content=\"2020-05-12T08:05:35+00:00\" \/>\n<meta property=\"og:image\" content=\"https:\/\/www.lovendal.ro\/wp52\/wp-content\/uploads\/2020\/05\/ingeri.jpg\" \/>\n\t<meta property=\"og:image:width\" content=\"359\" \/>\n\t<meta property=\"og:image:height\" content=\"229\" \/>\n\t<meta property=\"og:image:type\" content=\"image\/jpeg\" \/>\n<meta name=\"author\" content=\"admin\" \/>\n<meta name=\"twitter:card\" content=\"summary_large_image\" \/>\n<meta name=\"twitter:label1\" content=\"Scris de\" \/>\n\t<meta name=\"twitter:data1\" content=\"admin\" \/>\n\t<meta name=\"twitter:label2\" content=\"Timp estimat pentru citire\" \/>\n\t<meta name=\"twitter:data2\" content=\"2 minute\" \/>\n<script type=\"application\/ld+json\" class=\"yoast-schema-graph\">{\"@context\":\"https:\\\/\\\/schema.org\",\"@graph\":[{\"@type\":\"Article\",\"@id\":\"https:\\\/\\\/www.lovendal.ro\\\/wp52\\\/in-plina-epidemie-si-foamete-un-copil-fu-luat-pe-sus-de-fiinte-necunoscute-dus-in-cer-unde-asista-la-un-concert-al-ingerilor\\\/#article\",\"isPartOf\":{\"@id\":\"https:\\\/\\\/www.lovendal.ro\\\/wp52\\\/in-plina-epidemie-si-foamete-un-copil-fu-luat-pe-sus-de-fiinte-necunoscute-dus-in-cer-unde-asista-la-un-concert-al-ingerilor\\\/\"},\"author\":{\"name\":\"admin\",\"@id\":\"https:\\\/\\\/www.lovendal.ro\\\/wp52\\\/#\\\/schema\\\/person\\\/088691de5dfc346bb0c023e1e52ef5d9\"},\"headline\":\"\u00cen plin\u0103 epidemie \u015fi foamete, un copil fu luat pe sus de fiin\u0163e necunoscute, dus \u00een cer, unde asist\u0103 la un &#8222;concert al \u00eengerilor&#8221;\",\"datePublished\":\"2020-05-12T08:05:35+00:00\",\"mainEntityOfPage\":{\"@id\":\"https:\\\/\\\/www.lovendal.ro\\\/wp52\\\/in-plina-epidemie-si-foamete-un-copil-fu-luat-pe-sus-de-fiinte-necunoscute-dus-in-cer-unde-asista-la-un-concert-al-ingerilor\\\/\"},\"wordCount\":353,\"publisher\":{\"@id\":\"https:\\\/\\\/www.lovendal.ro\\\/wp52\\\/#organization\"},\"image\":{\"@id\":\"https:\\\/\\\/www.lovendal.ro\\\/wp52\\\/in-plina-epidemie-si-foamete-un-copil-fu-luat-pe-sus-de-fiinte-necunoscute-dus-in-cer-unde-asista-la-un-concert-al-ingerilor\\\/#primaryimage\"},\"thumbnailUrl\":\"https:\\\/\\\/www.lovendal.ro\\\/wp52\\\/wp-content\\\/uploads\\\/2020\\\/05\\\/ingeri.jpg\",\"keywords\":[\"Bizan\u0163\",\"blestem\",\"ciump\u0103\",\"Constantinopol\",\"cutremur\",\"Dumnezeu\",\"epidemie\",\"episcop\",\"foamete\",\"\u00eemp\u0103rat\",\"\u00eengeri\",\"Istanbul\",\"istoric\",\"minune\",\"ora\u015f\",\"Paranormal-Spiritualitate\",\"Turcia\"],\"articleSection\":[\"Paranormal-Spiritualitate\"],\"inLanguage\":\"ro-RO\"},{\"@type\":\"WebPage\",\"@id\":\"https:\\\/\\\/www.lovendal.ro\\\/wp52\\\/in-plina-epidemie-si-foamete-un-copil-fu-luat-pe-sus-de-fiinte-necunoscute-dus-in-cer-unde-asista-la-un-concert-al-ingerilor\\\/\",\"url\":\"https:\\\/\\\/www.lovendal.ro\\\/wp52\\\/in-plina-epidemie-si-foamete-un-copil-fu-luat-pe-sus-de-fiinte-necunoscute-dus-in-cer-unde-asista-la-un-concert-al-ingerilor\\\/\",\"name\":\"\u00cen plin\u0103 epidemie \u015fi foamete, un copil fu luat pe sus de fiin\u0163e necunoscute, dus \u00een cer, unde asist\u0103 la un \\\"concert al \u00eengerilor\\\" - Secretele lui Lovendal\",\"isPartOf\":{\"@id\":\"https:\\\/\\\/www.lovendal.ro\\\/wp52\\\/#website\"},\"primaryImageOfPage\":{\"@id\":\"https:\\\/\\\/www.lovendal.ro\\\/wp52\\\/in-plina-epidemie-si-foamete-un-copil-fu-luat-pe-sus-de-fiinte-necunoscute-dus-in-cer-unde-asista-la-un-concert-al-ingerilor\\\/#primaryimage\"},\"image\":{\"@id\":\"https:\\\/\\\/www.lovendal.ro\\\/wp52\\\/in-plina-epidemie-si-foamete-un-copil-fu-luat-pe-sus-de-fiinte-necunoscute-dus-in-cer-unde-asista-la-un-concert-al-ingerilor\\\/#primaryimage\"},\"thumbnailUrl\":\"https:\\\/\\\/www.lovendal.ro\\\/wp52\\\/wp-content\\\/uploads\\\/2020\\\/05\\\/ingeri.jpg\",\"datePublished\":\"2020-05-12T08:05:35+00:00\",\"breadcrumb\":{\"@id\":\"https:\\\/\\\/www.lovendal.ro\\\/wp52\\\/in-plina-epidemie-si-foamete-un-copil-fu-luat-pe-sus-de-fiinte-necunoscute-dus-in-cer-unde-asista-la-un-concert-al-ingerilor\\\/#breadcrumb\"},\"inLanguage\":\"ro-RO\",\"potentialAction\":[{\"@type\":\"ReadAction\",\"target\":[\"https:\\\/\\\/www.lovendal.ro\\\/wp52\\\/in-plina-epidemie-si-foamete-un-copil-fu-luat-pe-sus-de-fiinte-necunoscute-dus-in-cer-unde-asista-la-un-concert-al-ingerilor\\\/\"]}]},{\"@type\":\"ImageObject\",\"inLanguage\":\"ro-RO\",\"@id\":\"https:\\\/\\\/www.lovendal.ro\\\/wp52\\\/in-plina-epidemie-si-foamete-un-copil-fu-luat-pe-sus-de-fiinte-necunoscute-dus-in-cer-unde-asista-la-un-concert-al-ingerilor\\\/#primaryimage\",\"url\":\"https:\\\/\\\/www.lovendal.ro\\\/wp52\\\/wp-content\\\/uploads\\\/2020\\\/05\\\/ingeri.jpg\",\"contentUrl\":\"https:\\\/\\\/www.lovendal.ro\\\/wp52\\\/wp-content\\\/uploads\\\/2020\\\/05\\\/ingeri.jpg\",\"width\":359,\"height\":229},{\"@type\":\"BreadcrumbList\",\"@id\":\"https:\\\/\\\/www.lovendal.ro\\\/wp52\\\/in-plina-epidemie-si-foamete-un-copil-fu-luat-pe-sus-de-fiinte-necunoscute-dus-in-cer-unde-asista-la-un-concert-al-ingerilor\\\/#breadcrumb\",\"itemListElement\":[{\"@type\":\"ListItem\",\"position\":1,\"name\":\"Home\",\"item\":\"https:\\\/\\\/www.lovendal.ro\\\/wp52\\\/\"},{\"@type\":\"ListItem\",\"position\":2,\"name\":\"\u00cen plin\u0103 epidemie \u015fi foamete, un copil fu luat pe sus de fiin\u0163e necunoscute, dus \u00een cer, unde asist\u0103 la un &#8222;concert al \u00eengerilor&#8221;\"}]},{\"@type\":\"WebSite\",\"@id\":\"https:\\\/\\\/www.lovendal.ro\\\/wp52\\\/#website\",\"url\":\"https:\\\/\\\/www.lovendal.ro\\\/wp52\\\/\",\"name\":\"Secretele lui Lovendal\",\"description\":\"Site de secrete, stiinta si metafizica - din 2008 -\",\"publisher\":{\"@id\":\"https:\\\/\\\/www.lovendal.ro\\\/wp52\\\/#organization\"},\"potentialAction\":[{\"@type\":\"SearchAction\",\"target\":{\"@type\":\"EntryPoint\",\"urlTemplate\":\"https:\\\/\\\/www.lovendal.ro\\\/wp52\\\/?s={search_term_string}\"},\"query-input\":{\"@type\":\"PropertyValueSpecification\",\"valueRequired\":true,\"valueName\":\"search_term_string\"}}],\"inLanguage\":\"ro-RO\"},{\"@type\":\"Organization\",\"@id\":\"https:\\\/\\\/www.lovendal.ro\\\/wp52\\\/#organization\",\"name\":\"Secretele lui Lovendal\",\"url\":\"https:\\\/\\\/www.lovendal.ro\\\/wp52\\\/\",\"logo\":{\"@type\":\"ImageObject\",\"inLanguage\":\"ro-RO\",\"@id\":\"https:\\\/\\\/www.lovendal.ro\\\/wp52\\\/#\\\/schema\\\/logo\\\/image\\\/\",\"url\":\"https:\\\/\\\/www.lovendal.ro\\\/wp52\\\/wp-content\\\/uploads\\\/2024\\\/06\\\/cropped-SLL-iun-2024-1.jpg\",\"contentUrl\":\"https:\\\/\\\/www.lovendal.ro\\\/wp52\\\/wp-content\\\/uploads\\\/2024\\\/06\\\/cropped-SLL-iun-2024-1.jpg\",\"width\":771,\"height\":240,\"caption\":\"Secretele lui Lovendal\"},\"image\":{\"@id\":\"https:\\\/\\\/www.lovendal.ro\\\/wp52\\\/#\\\/schema\\\/logo\\\/image\\\/\"},\"sameAs\":[\"https:\\\/\\\/www.facebook.com\\\/secreteleluilovendal\"]},{\"@type\":\"Person\",\"@id\":\"https:\\\/\\\/www.lovendal.ro\\\/wp52\\\/#\\\/schema\\\/person\\\/088691de5dfc346bb0c023e1e52ef5d9\",\"name\":\"admin\",\"image\":{\"@type\":\"ImageObject\",\"inLanguage\":\"ro-RO\",\"@id\":\"https:\\\/\\\/secure.gravatar.com\\\/avatar\\\/ecb9cd41f5f63c9c9b989999a59f6e2639a865ec361e9db054db0679a8f341c2?s=96&d=mm&r=g\",\"url\":\"https:\\\/\\\/secure.gravatar.com\\\/avatar\\\/ecb9cd41f5f63c9c9b989999a59f6e2639a865ec361e9db054db0679a8f341c2?s=96&d=mm&r=g\",\"contentUrl\":\"https:\\\/\\\/secure.gravatar.com\\\/avatar\\\/ecb9cd41f5f63c9c9b989999a59f6e2639a865ec361e9db054db0679a8f341c2?s=96&d=mm&r=g\",\"caption\":\"admin\"},\"sameAs\":[\"https:\\\/\\\/www.lovendal.ro\\\/wp52\"]}]}<\/script>\n<!-- \/ Yoast SEO Premium plugin. -->","yoast_head_json":{"title":"\u00cen plin\u0103 epidemie \u015fi foamete, un copil fu luat pe sus de fiin\u0163e necunoscute, dus \u00een cer, unde asist\u0103 la un \"concert al \u00eengerilor\" - Secretele lui Lovendal","robots":{"index":"index","follow":"follow","max-snippet":"max-snippet:-1","max-image-preview":"max-image-preview:large","max-video-preview":"max-video-preview:-1"},"canonical":"https:\/\/www.lovendal.ro\/wp52\/in-plina-epidemie-si-foamete-un-copil-fu-luat-pe-sus-de-fiinte-necunoscute-dus-in-cer-unde-asista-la-un-concert-al-ingerilor\/","og_locale":"ro_RO","og_type":"article","og_title":"\u00cen plin\u0103 epidemie \u015fi foamete, un copil fu luat pe sus de fiin\u0163e necunoscute, dus \u00een cer, unde asist\u0103 la un \"concert al \u00eengerilor\"","og_description":"Ne afl\u0103m \u00een anul 436 d.Hr. \u00een Constantinopol, capitala Bizan\u0163ului (actualmente Istanbul, capitala Turciei). \u00cen acea perioad\u0103, ora\u015ful era b\u00e2ntuit c\u00e2nd de cium\u0103, c\u00e2nd de foamete, c\u00e2nd de cutremure. P\u0103rea c\u0103 un blestem se revars\u0103 asupra tuturor. Dobor\u00e2\u0163i de at\u00e2tea ... Cititi mai multe","og_url":"https:\/\/www.lovendal.ro\/wp52\/in-plina-epidemie-si-foamete-un-copil-fu-luat-pe-sus-de-fiinte-necunoscute-dus-in-cer-unde-asista-la-un-concert-al-ingerilor\/","og_site_name":"Secretele lui Lovendal","article_publisher":"https:\/\/www.facebook.com\/secreteleluilovendal","article_published_time":"2020-05-12T08:05:35+00:00","og_image":[{"width":359,"height":229,"url":"https:\/\/www.lovendal.ro\/wp52\/wp-content\/uploads\/2020\/05\/ingeri.jpg","type":"image\/jpeg"}],"author":"admin","twitter_card":"summary_large_image","twitter_misc":{"Scris de":"admin","Timp estimat pentru citire":"2 minute"},"schema":{"@context":"https:\/\/schema.org","@graph":[{"@type":"Article","@id":"https:\/\/www.lovendal.ro\/wp52\/in-plina-epidemie-si-foamete-un-copil-fu-luat-pe-sus-de-fiinte-necunoscute-dus-in-cer-unde-asista-la-un-concert-al-ingerilor\/#article","isPartOf":{"@id":"https:\/\/www.lovendal.ro\/wp52\/in-plina-epidemie-si-foamete-un-copil-fu-luat-pe-sus-de-fiinte-necunoscute-dus-in-cer-unde-asista-la-un-concert-al-ingerilor\/"},"author":{"name":"admin","@id":"https:\/\/www.lovendal.ro\/wp52\/#\/schema\/person\/088691de5dfc346bb0c023e1e52ef5d9"},"headline":"\u00cen plin\u0103 epidemie \u015fi foamete, un copil fu luat pe sus de fiin\u0163e necunoscute, dus \u00een cer, unde asist\u0103 la un &#8222;concert al \u00eengerilor&#8221;","datePublished":"2020-05-12T08:05:35+00:00","mainEntityOfPage":{"@id":"https:\/\/www.lovendal.ro\/wp52\/in-plina-epidemie-si-foamete-un-copil-fu-luat-pe-sus-de-fiinte-necunoscute-dus-in-cer-unde-asista-la-un-concert-al-ingerilor\/"},"wordCount":353,"publisher":{"@id":"https:\/\/www.lovendal.ro\/wp52\/#organization"},"image":{"@id":"https:\/\/www.lovendal.ro\/wp52\/in-plina-epidemie-si-foamete-un-copil-fu-luat-pe-sus-de-fiinte-necunoscute-dus-in-cer-unde-asista-la-un-concert-al-ingerilor\/#primaryimage"},"thumbnailUrl":"https:\/\/www.lovendal.ro\/wp52\/wp-content\/uploads\/2020\/05\/ingeri.jpg","keywords":["Bizan\u0163","blestem","ciump\u0103","Constantinopol","cutremur","Dumnezeu","epidemie","episcop","foamete","\u00eemp\u0103rat","\u00eengeri","Istanbul","istoric","minune","ora\u015f","Paranormal-Spiritualitate","Turcia"],"articleSection":["Paranormal-Spiritualitate"],"inLanguage":"ro-RO"},{"@type":"WebPage","@id":"https:\/\/www.lovendal.ro\/wp52\/in-plina-epidemie-si-foamete-un-copil-fu-luat-pe-sus-de-fiinte-necunoscute-dus-in-cer-unde-asista-la-un-concert-al-ingerilor\/","url":"https:\/\/www.lovendal.ro\/wp52\/in-plina-epidemie-si-foamete-un-copil-fu-luat-pe-sus-de-fiinte-necunoscute-dus-in-cer-unde-asista-la-un-concert-al-ingerilor\/","name":"\u00cen plin\u0103 epidemie \u015fi foamete, un copil fu luat pe sus de fiin\u0163e necunoscute, dus \u00een cer, unde asist\u0103 la un \"concert al \u00eengerilor\" - Secretele lui Lovendal","isPartOf":{"@id":"https:\/\/www.lovendal.ro\/wp52\/#website"},"primaryImageOfPage":{"@id":"https:\/\/www.lovendal.ro\/wp52\/in-plina-epidemie-si-foamete-un-copil-fu-luat-pe-sus-de-fiinte-necunoscute-dus-in-cer-unde-asista-la-un-concert-al-ingerilor\/#primaryimage"},"image":{"@id":"https:\/\/www.lovendal.ro\/wp52\/in-plina-epidemie-si-foamete-un-copil-fu-luat-pe-sus-de-fiinte-necunoscute-dus-in-cer-unde-asista-la-un-concert-al-ingerilor\/#primaryimage"},"thumbnailUrl":"https:\/\/www.lovendal.ro\/wp52\/wp-content\/uploads\/2020\/05\/ingeri.jpg","datePublished":"2020-05-12T08:05:35+00:00","breadcrumb":{"@id":"https:\/\/www.lovendal.ro\/wp52\/in-plina-epidemie-si-foamete-un-copil-fu-luat-pe-sus-de-fiinte-necunoscute-dus-in-cer-unde-asista-la-un-concert-al-ingerilor\/#breadcrumb"},"inLanguage":"ro-RO","potentialAction":[{"@type":"ReadAction","target":["https:\/\/www.lovendal.ro\/wp52\/in-plina-epidemie-si-foamete-un-copil-fu-luat-pe-sus-de-fiinte-necunoscute-dus-in-cer-unde-asista-la-un-concert-al-ingerilor\/"]}]},{"@type":"ImageObject","inLanguage":"ro-RO","@id":"https:\/\/www.lovendal.ro\/wp52\/in-plina-epidemie-si-foamete-un-copil-fu-luat-pe-sus-de-fiinte-necunoscute-dus-in-cer-unde-asista-la-un-concert-al-ingerilor\/#primaryimage","url":"https:\/\/www.lovendal.ro\/wp52\/wp-content\/uploads\/2020\/05\/ingeri.jpg","contentUrl":"https:\/\/www.lovendal.ro\/wp52\/wp-content\/uploads\/2020\/05\/ingeri.jpg","width":359,"height":229},{"@type":"BreadcrumbList","@id":"https:\/\/www.lovendal.ro\/wp52\/in-plina-epidemie-si-foamete-un-copil-fu-luat-pe-sus-de-fiinte-necunoscute-dus-in-cer-unde-asista-la-un-concert-al-ingerilor\/#breadcrumb","itemListElement":[{"@type":"ListItem","position":1,"name":"Home","item":"https:\/\/www.lovendal.ro\/wp52\/"},{"@type":"ListItem","position":2,"name":"\u00cen plin\u0103 epidemie \u015fi foamete, un copil fu luat pe sus de fiin\u0163e necunoscute, dus \u00een cer, unde asist\u0103 la un &#8222;concert al \u00eengerilor&#8221;"}]},{"@type":"WebSite","@id":"https:\/\/www.lovendal.ro\/wp52\/#website","url":"https:\/\/www.lovendal.ro\/wp52\/","name":"Secretele lui Lovendal","description":"Site de secrete, stiinta si metafizica - din 2008 -","publisher":{"@id":"https:\/\/www.lovendal.ro\/wp52\/#organization"},"potentialAction":[{"@type":"SearchAction","target":{"@type":"EntryPoint","urlTemplate":"https:\/\/www.lovendal.ro\/wp52\/?s={search_term_string}"},"query-input":{"@type":"PropertyValueSpecification","valueRequired":true,"valueName":"search_term_string"}}],"inLanguage":"ro-RO"},{"@type":"Organization","@id":"https:\/\/www.lovendal.ro\/wp52\/#organization","name":"Secretele lui Lovendal","url":"https:\/\/www.lovendal.ro\/wp52\/","logo":{"@type":"ImageObject","inLanguage":"ro-RO","@id":"https:\/\/www.lovendal.ro\/wp52\/#\/schema\/logo\/image\/","url":"https:\/\/www.lovendal.ro\/wp52\/wp-content\/uploads\/2024\/06\/cropped-SLL-iun-2024-1.jpg","contentUrl":"https:\/\/www.lovendal.ro\/wp52\/wp-content\/uploads\/2024\/06\/cropped-SLL-iun-2024-1.jpg","width":771,"height":240,"caption":"Secretele lui Lovendal"},"image":{"@id":"https:\/\/www.lovendal.ro\/wp52\/#\/schema\/logo\/image\/"},"sameAs":["https:\/\/www.facebook.com\/secreteleluilovendal"]},{"@type":"Person","@id":"https:\/\/www.lovendal.ro\/wp52\/#\/schema\/person\/088691de5dfc346bb0c023e1e52ef5d9","name":"admin","image":{"@type":"ImageObject","inLanguage":"ro-RO","@id":"https:\/\/secure.gravatar.com\/avatar\/ecb9cd41f5f63c9c9b989999a59f6e2639a865ec361e9db054db0679a8f341c2?s=96&d=mm&r=g","url":"https:\/\/secure.gravatar.com\/avatar\/ecb9cd41f5f63c9c9b989999a59f6e2639a865ec361e9db054db0679a8f341c2?s=96&d=mm&r=g","contentUrl":"https:\/\/secure.gravatar.com\/avatar\/ecb9cd41f5f63c9c9b989999a59f6e2639a865ec361e9db054db0679a8f341c2?s=96&d=mm&r=g","caption":"admin"},"sameAs":["https:\/\/www.lovendal.ro\/wp52"]}]}},"_links":{"self":[{"href":"https:\/\/www.lovendal.ro\/wp52\/wp-json\/wp\/v2\/posts\/69348","targetHints":{"allow":["GET"]}}],"collection":[{"href":"https:\/\/www.lovendal.ro\/wp52\/wp-json\/wp\/v2\/posts"}],"about":[{"href":"https:\/\/www.lovendal.ro\/wp52\/wp-json\/wp\/v2\/types\/post"}],"author":[{"embeddable":true,"href":"https:\/\/www.lovendal.ro\/wp52\/wp-json\/wp\/v2\/users\/1"}],"replies":[{"embeddable":true,"href":"https:\/\/www.lovendal.ro\/wp52\/wp-json\/wp\/v2\/comments?post=69348"}],"version-history":[{"count":0,"href":"https:\/\/www.lovendal.ro\/wp52\/wp-json\/wp\/v2\/posts\/69348\/revisions"}],"wp:featuredmedia":[{"embeddable":true,"href":"https:\/\/www.lovendal.ro\/wp52\/wp-json\/wp\/v2\/media\/69349"}],"wp:attachment":[{"href":"https:\/\/www.lovendal.ro\/wp52\/wp-json\/wp\/v2\/media?parent=69348"}],"wp:term":[{"taxonomy":"category","embeddable":true,"href":"https:\/\/www.lovendal.ro\/wp52\/wp-json\/wp\/v2\/categories?post=69348"},{"taxonomy":"post_tag","embeddable":true,"href":"https:\/\/www.lovendal.ro\/wp52\/wp-json\/wp\/v2\/tags?post=69348"}],"curies":[{"name":"wp","href":"https:\/\/api.w.org\/{rel}","templated":true}]}}