{"id":69248,"date":"2020-05-10T01:55:35","date_gmt":"2020-05-09T22:55:35","guid":{"rendered":"https:\/\/www.lovendal.ro\/wp52\/?p=69248"},"modified":"2020-05-10T02:14:56","modified_gmt":"2020-05-09T23:14:56","slug":"enigma-nasterii-scriitorului-ion-creanga-de-ce-avem-parte-de-atatea-date","status":"publish","type":"post","link":"https:\/\/www.lovendal.ro\/wp52\/enigma-nasterii-scriitorului-ion-creanga-de-ce-avem-parte-de-atatea-date\/","title":{"rendered":"Enigma na\u015fterii scriitorului Ion Creang\u0103 &#8211; de ce avem parte de at\u00e2tea date contradictorii?"},"content":{"rendered":"<p><a href=\"https:\/\/www.lovendal.ro\/wp52\/wp-content\/uploads\/2020\/05\/Ion-Creanga.jpg\"><img loading=\"lazy\" decoding=\"async\" class=\"alignleft size-full wp-image-69258\" src=\"https:\/\/www.lovendal.ro\/wp52\/wp-content\/uploads\/2020\/05\/Ion-Creanga.jpg\" alt=\"\" width=\"370\" height=\"369\" srcset=\"https:\/\/www.lovendal.ro\/wp52\/wp-content\/uploads\/2020\/05\/Ion-Creanga.jpg 370w, https:\/\/www.lovendal.ro\/wp52\/wp-content\/uploads\/2020\/05\/Ion-Creanga-300x300.jpg 300w, https:\/\/www.lovendal.ro\/wp52\/wp-content\/uploads\/2020\/05\/Ion-Creanga-150x150.jpg 150w\" sizes=\"auto, (max-width: 370px) 100vw, 370px\" \/><\/a>Una dintre cele mai mari enigme ale literaturii rom\u00e2ne\u015fti o constituie data exact\u0103 a na\u015fterii lui Ion Creang\u0103, marele nostru scriitor.\u00a0 \u00cen acest domeniu, avem parte de mult\u0103 incertitudine. Din unele acte ar rezulta c\u0103 Ion Creang\u0103 s-a n\u0103scut \u00een 1835; din alte acte s-ar p\u0103rea c\u0103 el s-a n\u0103scut \u00een 1836, \u00een 1837 sau \u00een 1838; \u00een sf\u00eer\u015fit, o mitric\u0103 a protoieriei \u0163inutului Neam\u0163 indic\u0103 data de 10 iunie 1839 ca fiind aceea a na\u015fterii lui Ion Creang\u0103. De asemenea, mai exist\u0103 o adeverin\u0163\u0103 din 29 august 1855, prin care \u201ecatihetul&#8221; N. Conta de la F\u0103lticeni afirma c\u0103 Ion Creang\u0103 era atunci \u00een v\u00e2rst\u0103 de 15 ani. Deci, mai avem \u00eenc\u0103 un an de luat \u00een considerare: 1840! \u015ei asta nu e tot&#8230;<\/p>\n<p>Cercet\u0103torul Lucian Predescu a semnalat \u00eenc\u0103 din 1931 c\u0103, la Arhivele Statului din Ia\u015fi, se afl\u0103 un indice alfabetic al mitricilor pentru cei n\u0103scu\u0163i \u00een \u0163inutul Neam\u0163 \u00een 1842, \u00een care este men\u0163ionat \u015fi \u201eIoan sin \u015etefan Ciubotariu&#8221; din satul Humule\u015fti, adic\u0103 Ion Creang\u0103. Acest \u201ealfabetar&#8221; a fost trimis de c\u0103tre ispr\u0103vnicia de Neam\u0163 la Departamentul din L\u0103untru din Ia\u015fi. \u00cen mitricile care se p\u0103streaz\u0103 la prim\u0103ria ora\u015fului Piatra Neam\u0163, a fost g\u0103sit un act de na\u015ftere din anul 1842 al unui copil cu numele de Ioan \u015fi al aceluia\u015fi \u015etefan a Petrei din Humule\u015fti \u015fi al so\u0163iei sale Smaranda, fiica lui David Creang\u0103&#8221;. Unii cercet\u0103tori spun c\u0103 pe actul respectiv s-a scris numele gre\u015fit de &#8222;Ioan&#8221;, trebuind s\u0103 fie vorba de Zahei, fratele lui Ioan Creang\u0103.<\/p>\n<p>Astfel, constat\u0103m c\u0103 exist\u0103 dou\u0103 acte, unul din 1839 \u015fi altul din 1842, privitoare la na\u015fterea lui Ion, fiul lui \u015etefan sin Petre Ciubotariu \u015fi al Smarandei. Ambele acte eman\u0103 de la aceea\u015fi autoritate: protoieria \u0163inutului Neam\u0163. Ele au deci aceea\u015fi valoare ca acte oficiale. Dar sunt contradictorii. Dac\u0103 \u00een 1842 autoritatea bisericeasc\u0103 a \u00eenregistrat, \u00een mitricile ei, na\u015fterea lui Ion Creang\u0103, cu o \u00eent\u00e2rziere de mai mul\u0163i ani, este posibil ca deja \u00een 1839 s\u0103 fi survenit o \u00eent\u00e2rziere nu numai de c\u00e2teva luni, dar chiar \u015fi de c\u00e2\u0163iva ani. Totu\u015fi, p\u0103rin\u0163ii lui Ion Creang\u0103, c\u0103s\u0103tori\u0163i la 14 ianuarie 1835, au avut 7 copii. Cel mai \u00een v\u00e2rst\u0103 a fost marele scriitor. Or, este de necrezut ca, \u00eentr-o c\u0103snicie at\u00e2t de rodnic\u0103, s\u0103 fi trecut mai bine de 4 ani p\u00e2n\u0103 s\u0103 fi venit pe lume primul copil.<\/p>\n<p>George C\u0103linescu a sus\u0163inut, \u00eentemeindu-se pe declara\u0163ii f\u0103cute de \u00eensu\u015fi Creang\u0103, c\u0103 data na\u015fterii marelui scriitor \u201edac\u0103 nu cea mai probabil\u0103, cel pu\u0163in aleas\u0103 de Creang\u0103 \u015fi \u00een chipul acesta intangibil\u0103&#8221;, este cea de 1 martie 1837.<\/p>\n<p>La actele deja cunoscute care au pricinuit aceast\u0103 incertitudine ad\u0103ug\u0103m un document publicat \u00een \u201eMonitorul oficial al Moldovei&#8221; de la 15 noiembrie 1860. EI cuprinde lista tinerilor domicilia\u0163i \u00een Ia\u015fi \u015fi care urmau s\u0103 participe la tragerea la sor\u0163i pentru recrutarea o\u015ftirii. \u00cen aceast\u0103 list\u0103, printre tinerii din \u201etagma bisericeasc\u0103&#8221;, se afl\u0103 \u015fi I. Creang\u0103, \u201e\u00eensurat, \u00een v\u00eerst\u0103 de 24 ani&#8221;. A\u015fadar, potrivit acestui act oficial, el s-a n\u0103scut \u00een 1836.<\/p>\n","protected":false},"excerpt":{"rendered":"<p>Una dintre cele mai mari enigme ale literaturii rom\u00e2ne\u015fti o constituie data exact\u0103 a na\u015fterii lui Ion Creang\u0103, marele nostru scriitor.\u00a0 \u00cen acest domeniu, avem parte de mult\u0103 incertitudine. Din unele acte ar rezulta c\u0103 Ion Creang\u0103 s-a n\u0103scut \u00een &#8230; <\/p>\n<p class=\"read-more-container\"><a title=\"Enigma na\u015fterii scriitorului Ion Creang\u0103 &#8211; de ce avem parte de at\u00e2tea date contradictorii?\" class=\"read-more button\" href=\"https:\/\/www.lovendal.ro\/wp52\/enigma-nasterii-scriitorului-ion-creanga-de-ce-avem-parte-de-atatea-date\/#more-69248\" aria-label=\"Cite\u0219te mai multe despre Enigma na\u015fterii scriitorului Ion Creang\u0103 &#8211; de ce avem parte de at\u00e2tea date contradictorii?\">Cititi mai multe<\/a><\/p>\n","protected":false},"author":1,"featured_media":69258,"comment_status":"closed","ping_status":"open","sticky":false,"template":"","format":"standard","meta":{"footnotes":""},"categories":[28],"tags":[9798,13801,14411,329,793,7880,34],"class_list":["post-69248","post","type-post","status-publish","format-standard","has-post-thumbnail","hentry","category-cultura","tag-cultura","tag-falticeni","tag-george-calinescu","tag-iasi","tag-ion-creanga","tag-piatra-neamt","tag-scriitor","resize-featured-image"],"yoast_head":"<!-- This site is optimized with the Yoast SEO Premium plugin v23.3 (Yoast SEO v27.4) - https:\/\/yoast.com\/product\/yoast-seo-premium-wordpress\/ -->\n<title>Enigma na\u015fterii scriitorului Ion Creang\u0103 - de ce avem parte de at\u00e2tea date contradictorii? - Secretele lui Lovendal<\/title>\n<meta name=\"robots\" content=\"index, follow, max-snippet:-1, max-image-preview:large, max-video-preview:-1\" \/>\n<link rel=\"canonical\" href=\"https:\/\/www.lovendal.ro\/wp52\/enigma-nasterii-scriitorului-ion-creanga-de-ce-avem-parte-de-atatea-date\/\" \/>\n<meta property=\"og:locale\" content=\"ro_RO\" \/>\n<meta property=\"og:type\" content=\"article\" \/>\n<meta property=\"og:title\" content=\"Enigma na\u015fterii scriitorului Ion Creang\u0103 - de ce avem parte de at\u00e2tea date contradictorii?\" \/>\n<meta property=\"og:description\" content=\"Una dintre cele mai mari enigme ale literaturii rom\u00e2ne\u015fti o constituie data exact\u0103 a na\u015fterii lui Ion Creang\u0103, marele nostru scriitor.\u00a0 \u00cen acest domeniu, avem parte de mult\u0103 incertitudine. Din unele acte ar rezulta c\u0103 Ion Creang\u0103 s-a n\u0103scut \u00een ... Cititi mai multe\" \/>\n<meta property=\"og:url\" content=\"https:\/\/www.lovendal.ro\/wp52\/enigma-nasterii-scriitorului-ion-creanga-de-ce-avem-parte-de-atatea-date\/\" \/>\n<meta property=\"og:site_name\" content=\"Secretele lui Lovendal\" \/>\n<meta property=\"article:publisher\" content=\"https:\/\/www.facebook.com\/secreteleluilovendal\" \/>\n<meta property=\"article:published_time\" content=\"2020-05-09T22:55:35+00:00\" \/>\n<meta property=\"article:modified_time\" content=\"2020-05-09T23:14:56+00:00\" \/>\n<meta property=\"og:image\" content=\"https:\/\/www.lovendal.ro\/wp52\/wp-content\/uploads\/2020\/05\/Ion-Creanga.jpg\" \/>\n\t<meta property=\"og:image:width\" content=\"370\" \/>\n\t<meta property=\"og:image:height\" content=\"369\" \/>\n\t<meta property=\"og:image:type\" content=\"image\/jpeg\" \/>\n<meta name=\"author\" content=\"admin\" \/>\n<meta name=\"twitter:card\" content=\"summary_large_image\" \/>\n<meta name=\"twitter:label1\" content=\"Scris de\" \/>\n\t<meta name=\"twitter:data1\" content=\"admin\" \/>\n\t<meta name=\"twitter:label2\" content=\"Timp estimat pentru citire\" \/>\n\t<meta name=\"twitter:data2\" content=\"3 minute\" \/>\n<script type=\"application\/ld+json\" class=\"yoast-schema-graph\">{\"@context\":\"https:\\\/\\\/schema.org\",\"@graph\":[{\"@type\":\"Article\",\"@id\":\"https:\\\/\\\/www.lovendal.ro\\\/wp52\\\/enigma-nasterii-scriitorului-ion-creanga-de-ce-avem-parte-de-atatea-date\\\/#article\",\"isPartOf\":{\"@id\":\"https:\\\/\\\/www.lovendal.ro\\\/wp52\\\/enigma-nasterii-scriitorului-ion-creanga-de-ce-avem-parte-de-atatea-date\\\/\"},\"author\":{\"name\":\"admin\",\"@id\":\"https:\\\/\\\/www.lovendal.ro\\\/wp52\\\/#\\\/schema\\\/person\\\/088691de5dfc346bb0c023e1e52ef5d9\"},\"headline\":\"Enigma na\u015fterii scriitorului Ion Creang\u0103 &#8211; de ce avem parte de at\u00e2tea date contradictorii?\",\"datePublished\":\"2020-05-09T22:55:35+00:00\",\"dateModified\":\"2020-05-09T23:14:56+00:00\",\"mainEntityOfPage\":{\"@id\":\"https:\\\/\\\/www.lovendal.ro\\\/wp52\\\/enigma-nasterii-scriitorului-ion-creanga-de-ce-avem-parte-de-atatea-date\\\/\"},\"wordCount\":554,\"publisher\":{\"@id\":\"https:\\\/\\\/www.lovendal.ro\\\/wp52\\\/#organization\"},\"image\":{\"@id\":\"https:\\\/\\\/www.lovendal.ro\\\/wp52\\\/enigma-nasterii-scriitorului-ion-creanga-de-ce-avem-parte-de-atatea-date\\\/#primaryimage\"},\"thumbnailUrl\":\"https:\\\/\\\/www.lovendal.ro\\\/wp52\\\/wp-content\\\/uploads\\\/2020\\\/05\\\/Ion-Creanga.jpg\",\"keywords\":[\"Cultura\",\"F\u0103lticeni\",\"George C\u0103linescu\",\"Ia\u015fi\",\"Ion Creang\u0103\",\"Piatra Neam\u0163\",\"scriitor\"],\"articleSection\":[\"Cultura\"],\"inLanguage\":\"ro-RO\"},{\"@type\":\"WebPage\",\"@id\":\"https:\\\/\\\/www.lovendal.ro\\\/wp52\\\/enigma-nasterii-scriitorului-ion-creanga-de-ce-avem-parte-de-atatea-date\\\/\",\"url\":\"https:\\\/\\\/www.lovendal.ro\\\/wp52\\\/enigma-nasterii-scriitorului-ion-creanga-de-ce-avem-parte-de-atatea-date\\\/\",\"name\":\"Enigma na\u015fterii scriitorului Ion Creang\u0103 - de ce avem parte de at\u00e2tea date contradictorii? - Secretele lui Lovendal\",\"isPartOf\":{\"@id\":\"https:\\\/\\\/www.lovendal.ro\\\/wp52\\\/#website\"},\"primaryImageOfPage\":{\"@id\":\"https:\\\/\\\/www.lovendal.ro\\\/wp52\\\/enigma-nasterii-scriitorului-ion-creanga-de-ce-avem-parte-de-atatea-date\\\/#primaryimage\"},\"image\":{\"@id\":\"https:\\\/\\\/www.lovendal.ro\\\/wp52\\\/enigma-nasterii-scriitorului-ion-creanga-de-ce-avem-parte-de-atatea-date\\\/#primaryimage\"},\"thumbnailUrl\":\"https:\\\/\\\/www.lovendal.ro\\\/wp52\\\/wp-content\\\/uploads\\\/2020\\\/05\\\/Ion-Creanga.jpg\",\"datePublished\":\"2020-05-09T22:55:35+00:00\",\"dateModified\":\"2020-05-09T23:14:56+00:00\",\"breadcrumb\":{\"@id\":\"https:\\\/\\\/www.lovendal.ro\\\/wp52\\\/enigma-nasterii-scriitorului-ion-creanga-de-ce-avem-parte-de-atatea-date\\\/#breadcrumb\"},\"inLanguage\":\"ro-RO\",\"potentialAction\":[{\"@type\":\"ReadAction\",\"target\":[\"https:\\\/\\\/www.lovendal.ro\\\/wp52\\\/enigma-nasterii-scriitorului-ion-creanga-de-ce-avem-parte-de-atatea-date\\\/\"]}]},{\"@type\":\"ImageObject\",\"inLanguage\":\"ro-RO\",\"@id\":\"https:\\\/\\\/www.lovendal.ro\\\/wp52\\\/enigma-nasterii-scriitorului-ion-creanga-de-ce-avem-parte-de-atatea-date\\\/#primaryimage\",\"url\":\"https:\\\/\\\/www.lovendal.ro\\\/wp52\\\/wp-content\\\/uploads\\\/2020\\\/05\\\/Ion-Creanga.jpg\",\"contentUrl\":\"https:\\\/\\\/www.lovendal.ro\\\/wp52\\\/wp-content\\\/uploads\\\/2020\\\/05\\\/Ion-Creanga.jpg\",\"width\":370,\"height\":369},{\"@type\":\"BreadcrumbList\",\"@id\":\"https:\\\/\\\/www.lovendal.ro\\\/wp52\\\/enigma-nasterii-scriitorului-ion-creanga-de-ce-avem-parte-de-atatea-date\\\/#breadcrumb\",\"itemListElement\":[{\"@type\":\"ListItem\",\"position\":1,\"name\":\"Home\",\"item\":\"https:\\\/\\\/www.lovendal.ro\\\/wp52\\\/\"},{\"@type\":\"ListItem\",\"position\":2,\"name\":\"Enigma na\u015fterii scriitorului Ion Creang\u0103 &#8211; de ce avem parte de at\u00e2tea date contradictorii?\"}]},{\"@type\":\"WebSite\",\"@id\":\"https:\\\/\\\/www.lovendal.ro\\\/wp52\\\/#website\",\"url\":\"https:\\\/\\\/www.lovendal.ro\\\/wp52\\\/\",\"name\":\"Secretele lui Lovendal\",\"description\":\"Site de secrete, stiinta si metafizica - din 2008 -\",\"publisher\":{\"@id\":\"https:\\\/\\\/www.lovendal.ro\\\/wp52\\\/#organization\"},\"potentialAction\":[{\"@type\":\"SearchAction\",\"target\":{\"@type\":\"EntryPoint\",\"urlTemplate\":\"https:\\\/\\\/www.lovendal.ro\\\/wp52\\\/?s={search_term_string}\"},\"query-input\":{\"@type\":\"PropertyValueSpecification\",\"valueRequired\":true,\"valueName\":\"search_term_string\"}}],\"inLanguage\":\"ro-RO\"},{\"@type\":\"Organization\",\"@id\":\"https:\\\/\\\/www.lovendal.ro\\\/wp52\\\/#organization\",\"name\":\"Secretele lui Lovendal\",\"url\":\"https:\\\/\\\/www.lovendal.ro\\\/wp52\\\/\",\"logo\":{\"@type\":\"ImageObject\",\"inLanguage\":\"ro-RO\",\"@id\":\"https:\\\/\\\/www.lovendal.ro\\\/wp52\\\/#\\\/schema\\\/logo\\\/image\\\/\",\"url\":\"https:\\\/\\\/www.lovendal.ro\\\/wp52\\\/wp-content\\\/uploads\\\/2024\\\/06\\\/cropped-SLL-iun-2024-1.jpg\",\"contentUrl\":\"https:\\\/\\\/www.lovendal.ro\\\/wp52\\\/wp-content\\\/uploads\\\/2024\\\/06\\\/cropped-SLL-iun-2024-1.jpg\",\"width\":771,\"height\":240,\"caption\":\"Secretele lui Lovendal\"},\"image\":{\"@id\":\"https:\\\/\\\/www.lovendal.ro\\\/wp52\\\/#\\\/schema\\\/logo\\\/image\\\/\"},\"sameAs\":[\"https:\\\/\\\/www.facebook.com\\\/secreteleluilovendal\"]},{\"@type\":\"Person\",\"@id\":\"https:\\\/\\\/www.lovendal.ro\\\/wp52\\\/#\\\/schema\\\/person\\\/088691de5dfc346bb0c023e1e52ef5d9\",\"name\":\"admin\",\"image\":{\"@type\":\"ImageObject\",\"inLanguage\":\"ro-RO\",\"@id\":\"https:\\\/\\\/secure.gravatar.com\\\/avatar\\\/ecb9cd41f5f63c9c9b989999a59f6e2639a865ec361e9db054db0679a8f341c2?s=96&d=mm&r=g\",\"url\":\"https:\\\/\\\/secure.gravatar.com\\\/avatar\\\/ecb9cd41f5f63c9c9b989999a59f6e2639a865ec361e9db054db0679a8f341c2?s=96&d=mm&r=g\",\"contentUrl\":\"https:\\\/\\\/secure.gravatar.com\\\/avatar\\\/ecb9cd41f5f63c9c9b989999a59f6e2639a865ec361e9db054db0679a8f341c2?s=96&d=mm&r=g\",\"caption\":\"admin\"},\"sameAs\":[\"https:\\\/\\\/www.lovendal.ro\\\/wp52\"]}]}<\/script>\n<!-- \/ Yoast SEO Premium plugin. -->","yoast_head_json":{"title":"Enigma na\u015fterii scriitorului Ion Creang\u0103 - de ce avem parte de at\u00e2tea date contradictorii? - Secretele lui Lovendal","robots":{"index":"index","follow":"follow","max-snippet":"max-snippet:-1","max-image-preview":"max-image-preview:large","max-video-preview":"max-video-preview:-1"},"canonical":"https:\/\/www.lovendal.ro\/wp52\/enigma-nasterii-scriitorului-ion-creanga-de-ce-avem-parte-de-atatea-date\/","og_locale":"ro_RO","og_type":"article","og_title":"Enigma na\u015fterii scriitorului Ion Creang\u0103 - de ce avem parte de at\u00e2tea date contradictorii?","og_description":"Una dintre cele mai mari enigme ale literaturii rom\u00e2ne\u015fti o constituie data exact\u0103 a na\u015fterii lui Ion Creang\u0103, marele nostru scriitor.\u00a0 \u00cen acest domeniu, avem parte de mult\u0103 incertitudine. Din unele acte ar rezulta c\u0103 Ion Creang\u0103 s-a n\u0103scut \u00een ... Cititi mai multe","og_url":"https:\/\/www.lovendal.ro\/wp52\/enigma-nasterii-scriitorului-ion-creanga-de-ce-avem-parte-de-atatea-date\/","og_site_name":"Secretele lui Lovendal","article_publisher":"https:\/\/www.facebook.com\/secreteleluilovendal","article_published_time":"2020-05-09T22:55:35+00:00","article_modified_time":"2020-05-09T23:14:56+00:00","og_image":[{"width":370,"height":369,"url":"https:\/\/www.lovendal.ro\/wp52\/wp-content\/uploads\/2020\/05\/Ion-Creanga.jpg","type":"image\/jpeg"}],"author":"admin","twitter_card":"summary_large_image","twitter_misc":{"Scris de":"admin","Timp estimat pentru citire":"3 minute"},"schema":{"@context":"https:\/\/schema.org","@graph":[{"@type":"Article","@id":"https:\/\/www.lovendal.ro\/wp52\/enigma-nasterii-scriitorului-ion-creanga-de-ce-avem-parte-de-atatea-date\/#article","isPartOf":{"@id":"https:\/\/www.lovendal.ro\/wp52\/enigma-nasterii-scriitorului-ion-creanga-de-ce-avem-parte-de-atatea-date\/"},"author":{"name":"admin","@id":"https:\/\/www.lovendal.ro\/wp52\/#\/schema\/person\/088691de5dfc346bb0c023e1e52ef5d9"},"headline":"Enigma na\u015fterii scriitorului Ion Creang\u0103 &#8211; de ce avem parte de at\u00e2tea date contradictorii?","datePublished":"2020-05-09T22:55:35+00:00","dateModified":"2020-05-09T23:14:56+00:00","mainEntityOfPage":{"@id":"https:\/\/www.lovendal.ro\/wp52\/enigma-nasterii-scriitorului-ion-creanga-de-ce-avem-parte-de-atatea-date\/"},"wordCount":554,"publisher":{"@id":"https:\/\/www.lovendal.ro\/wp52\/#organization"},"image":{"@id":"https:\/\/www.lovendal.ro\/wp52\/enigma-nasterii-scriitorului-ion-creanga-de-ce-avem-parte-de-atatea-date\/#primaryimage"},"thumbnailUrl":"https:\/\/www.lovendal.ro\/wp52\/wp-content\/uploads\/2020\/05\/Ion-Creanga.jpg","keywords":["Cultura","F\u0103lticeni","George C\u0103linescu","Ia\u015fi","Ion Creang\u0103","Piatra Neam\u0163","scriitor"],"articleSection":["Cultura"],"inLanguage":"ro-RO"},{"@type":"WebPage","@id":"https:\/\/www.lovendal.ro\/wp52\/enigma-nasterii-scriitorului-ion-creanga-de-ce-avem-parte-de-atatea-date\/","url":"https:\/\/www.lovendal.ro\/wp52\/enigma-nasterii-scriitorului-ion-creanga-de-ce-avem-parte-de-atatea-date\/","name":"Enigma na\u015fterii scriitorului Ion Creang\u0103 - de ce avem parte de at\u00e2tea date contradictorii? - Secretele lui Lovendal","isPartOf":{"@id":"https:\/\/www.lovendal.ro\/wp52\/#website"},"primaryImageOfPage":{"@id":"https:\/\/www.lovendal.ro\/wp52\/enigma-nasterii-scriitorului-ion-creanga-de-ce-avem-parte-de-atatea-date\/#primaryimage"},"image":{"@id":"https:\/\/www.lovendal.ro\/wp52\/enigma-nasterii-scriitorului-ion-creanga-de-ce-avem-parte-de-atatea-date\/#primaryimage"},"thumbnailUrl":"https:\/\/www.lovendal.ro\/wp52\/wp-content\/uploads\/2020\/05\/Ion-Creanga.jpg","datePublished":"2020-05-09T22:55:35+00:00","dateModified":"2020-05-09T23:14:56+00:00","breadcrumb":{"@id":"https:\/\/www.lovendal.ro\/wp52\/enigma-nasterii-scriitorului-ion-creanga-de-ce-avem-parte-de-atatea-date\/#breadcrumb"},"inLanguage":"ro-RO","potentialAction":[{"@type":"ReadAction","target":["https:\/\/www.lovendal.ro\/wp52\/enigma-nasterii-scriitorului-ion-creanga-de-ce-avem-parte-de-atatea-date\/"]}]},{"@type":"ImageObject","inLanguage":"ro-RO","@id":"https:\/\/www.lovendal.ro\/wp52\/enigma-nasterii-scriitorului-ion-creanga-de-ce-avem-parte-de-atatea-date\/#primaryimage","url":"https:\/\/www.lovendal.ro\/wp52\/wp-content\/uploads\/2020\/05\/Ion-Creanga.jpg","contentUrl":"https:\/\/www.lovendal.ro\/wp52\/wp-content\/uploads\/2020\/05\/Ion-Creanga.jpg","width":370,"height":369},{"@type":"BreadcrumbList","@id":"https:\/\/www.lovendal.ro\/wp52\/enigma-nasterii-scriitorului-ion-creanga-de-ce-avem-parte-de-atatea-date\/#breadcrumb","itemListElement":[{"@type":"ListItem","position":1,"name":"Home","item":"https:\/\/www.lovendal.ro\/wp52\/"},{"@type":"ListItem","position":2,"name":"Enigma na\u015fterii scriitorului Ion Creang\u0103 &#8211; de ce avem parte de at\u00e2tea date contradictorii?"}]},{"@type":"WebSite","@id":"https:\/\/www.lovendal.ro\/wp52\/#website","url":"https:\/\/www.lovendal.ro\/wp52\/","name":"Secretele lui Lovendal","description":"Site de secrete, stiinta si metafizica - din 2008 -","publisher":{"@id":"https:\/\/www.lovendal.ro\/wp52\/#organization"},"potentialAction":[{"@type":"SearchAction","target":{"@type":"EntryPoint","urlTemplate":"https:\/\/www.lovendal.ro\/wp52\/?s={search_term_string}"},"query-input":{"@type":"PropertyValueSpecification","valueRequired":true,"valueName":"search_term_string"}}],"inLanguage":"ro-RO"},{"@type":"Organization","@id":"https:\/\/www.lovendal.ro\/wp52\/#organization","name":"Secretele lui Lovendal","url":"https:\/\/www.lovendal.ro\/wp52\/","logo":{"@type":"ImageObject","inLanguage":"ro-RO","@id":"https:\/\/www.lovendal.ro\/wp52\/#\/schema\/logo\/image\/","url":"https:\/\/www.lovendal.ro\/wp52\/wp-content\/uploads\/2024\/06\/cropped-SLL-iun-2024-1.jpg","contentUrl":"https:\/\/www.lovendal.ro\/wp52\/wp-content\/uploads\/2024\/06\/cropped-SLL-iun-2024-1.jpg","width":771,"height":240,"caption":"Secretele lui Lovendal"},"image":{"@id":"https:\/\/www.lovendal.ro\/wp52\/#\/schema\/logo\/image\/"},"sameAs":["https:\/\/www.facebook.com\/secreteleluilovendal"]},{"@type":"Person","@id":"https:\/\/www.lovendal.ro\/wp52\/#\/schema\/person\/088691de5dfc346bb0c023e1e52ef5d9","name":"admin","image":{"@type":"ImageObject","inLanguage":"ro-RO","@id":"https:\/\/secure.gravatar.com\/avatar\/ecb9cd41f5f63c9c9b989999a59f6e2639a865ec361e9db054db0679a8f341c2?s=96&d=mm&r=g","url":"https:\/\/secure.gravatar.com\/avatar\/ecb9cd41f5f63c9c9b989999a59f6e2639a865ec361e9db054db0679a8f341c2?s=96&d=mm&r=g","contentUrl":"https:\/\/secure.gravatar.com\/avatar\/ecb9cd41f5f63c9c9b989999a59f6e2639a865ec361e9db054db0679a8f341c2?s=96&d=mm&r=g","caption":"admin"},"sameAs":["https:\/\/www.lovendal.ro\/wp52"]}]}},"_links":{"self":[{"href":"https:\/\/www.lovendal.ro\/wp52\/wp-json\/wp\/v2\/posts\/69248","targetHints":{"allow":["GET"]}}],"collection":[{"href":"https:\/\/www.lovendal.ro\/wp52\/wp-json\/wp\/v2\/posts"}],"about":[{"href":"https:\/\/www.lovendal.ro\/wp52\/wp-json\/wp\/v2\/types\/post"}],"author":[{"embeddable":true,"href":"https:\/\/www.lovendal.ro\/wp52\/wp-json\/wp\/v2\/users\/1"}],"replies":[{"embeddable":true,"href":"https:\/\/www.lovendal.ro\/wp52\/wp-json\/wp\/v2\/comments?post=69248"}],"version-history":[{"count":0,"href":"https:\/\/www.lovendal.ro\/wp52\/wp-json\/wp\/v2\/posts\/69248\/revisions"}],"wp:featuredmedia":[{"embeddable":true,"href":"https:\/\/www.lovendal.ro\/wp52\/wp-json\/wp\/v2\/media\/69258"}],"wp:attachment":[{"href":"https:\/\/www.lovendal.ro\/wp52\/wp-json\/wp\/v2\/media?parent=69248"}],"wp:term":[{"taxonomy":"category","embeddable":true,"href":"https:\/\/www.lovendal.ro\/wp52\/wp-json\/wp\/v2\/categories?post=69248"},{"taxonomy":"post_tag","embeddable":true,"href":"https:\/\/www.lovendal.ro\/wp52\/wp-json\/wp\/v2\/tags?post=69248"}],"curies":[{"name":"wp","href":"https:\/\/api.w.org\/{rel}","templated":true}]}}