{"id":69150,"date":"2020-05-05T19:31:06","date_gmt":"2020-05-05T16:31:06","guid":{"rendered":"https:\/\/www.lovendal.ro\/wp52\/?p=69150"},"modified":"2020-05-05T19:31:06","modified_gmt":"2020-05-05T16:31:06","slug":"rapiri-extraterestre-din-franta-de-acum-1-200-de-ani-de-pe-timpul-regelui-charlemagne-evocate-in-2-cronici","status":"publish","type":"post","link":"https:\/\/www.lovendal.ro\/wp52\/rapiri-extraterestre-din-franta-de-acum-1-200-de-ani-de-pe-timpul-regelui-charlemagne-evocate-in-2-cronici\/","title":{"rendered":"R\u0103piri extraterestre din Fran\u0163a de acum 1.200 de ani, de pe timpul regelui Charlemagne &#8211; evocate \u00een 2 cronici"},"content":{"rendered":"<p><a href=\"https:\/\/www.lovendal.ro\/wp52\/wp-content\/uploads\/2020\/05\/extraterestri-5000.jpg\"><img loading=\"lazy\" decoding=\"async\" class=\"alignleft size-full wp-image-69151\" src=\"https:\/\/www.lovendal.ro\/wp52\/wp-content\/uploads\/2020\/05\/extraterestri-5000.jpg\" alt=\"\" width=\"345\" height=\"317\" srcset=\"https:\/\/www.lovendal.ro\/wp52\/wp-content\/uploads\/2020\/05\/extraterestri-5000.jpg 345w, https:\/\/www.lovendal.ro\/wp52\/wp-content\/uploads\/2020\/05\/extraterestri-5000-300x276.jpg 300w\" sizes=\"auto, (max-width: 345px) 100vw, 345px\" \/><\/a>\u00cen secolul al IX-lea, \u00een Fran\u0163a exista un episcop, pe nume Agobard, care era unul dintre cei mai \u00eenv\u0103\u021ba\u021bi \u0219i mai renumi\u021bi prela\u021bi ai perioadei sale. \u00cen scrierea sa <em>&#8222;Contra insulsam vulgi opinionem de grandine et tonitruis&#8221;<\/em>. El vrea s\u0103-i conving\u0103 pe al\u0163ii c\u0103 ceea ce au v\u0103zut (OZN-uri \u015fi extratere\u015ftri) nu este adev\u0103rat. Citi\u0163i mai jos:<\/p>\n<p><em>\u201eAm v\u0103zut \u0219i auzit mul\u021bi oameni (&#8230;) care credeau c\u0103 ar exista un t\u0103r\u00e2m anume pe care ei \u00eel numesc Magonia, un t\u0103r\u00e2m spre care se \u00eendreapt\u0103 cor\u0103bii \u00eenaint\u00e2nd prin nori spre a duce acolo roadele p\u0103m\u00e2ntului pe care le-au v\u0103t\u0103mat grindina \u0219i furtunile (&#8230;) I-am v\u0103zut pe unii care-i luaser\u0103 dintr-o adunare pe patru semeni de-ai no\u0219tri, trei b\u0103rba\u021bi \u0219i o femeie, \u0219i-i duceau \u00een lan\u021buri \u0219i oamenii \u00een lan\u021buri, spuneau ei, c\u0103zuser\u0103 de pe cor\u0103biile acelea. Dup\u0103 ce \u00eei \u021binuser\u0103 \u00eenchi\u0219i o vreme le d\u0103duser\u0103 drumul \u0219i-i aduseser\u0103 \u00een fa\u021ba acelei mul\u021bimi (&#8230;) pentru a fi omor\u00e2\u021bi cu pietre. <\/em><\/p>\n<p><em>Pe vremea domniei lui Pipin, faimosul farmazon Zedechia \u0219i-a pus \u00een g\u00e2nd s\u0103i conving\u0103 pe to\u021bi oamenii cum c\u0103 Stihiile ar fi diriguite de oameni. Iar \u00een\u0219el\u0103ciunea de care s-a folosit a fost aceea s\u0103-i sf\u0103tuiasc\u0103 pe Silfi s\u0103 se \u00eenf\u0103\u021bi\u0219eze tuturor, \u00een v\u0103zduh. Lucru pe care Silfii l-au f\u0103cut cum nu se poate mai bine. A\u0219a se face c\u0103 f\u0103pturile acelea s-au fost v\u0103zut prin v\u0103zduh \u00een chip de oameni, c\u00e2nd merg\u00e2nd la pas \u0219i \u00eenve\u0219m\u00e2nta\u021bi ca ni\u0219te lupt\u0103tori, c\u00e2nd odihnindu-se pe crengi sau \u00een ni\u0219te corturi m\u0103re\u021be; iar\u0103 alteori acele creaturi au fost v\u0103zute pe ni\u0219te cor\u0103bii f\u0103urite cum nu se poate mai bine care zburau prin v\u0103zduh dup\u0103 cum b\u0103teau v\u00e2nturile (&#8230;)<\/em><\/p>\n<p><em>Iar Silfii (&#8230;) au r\u0103pit ni\u0219te b\u0103rba\u021bi din mai multe p\u0103r\u021bi pentru a le ar\u0103ta acestora frumoasele silfide, Republica lor, modul lor de oc\u00e2rmuire pentru ca s\u0103-i duc\u0103 mai apoi \u00eend\u0103r\u0103t pe p\u0103m\u00e2nt, pe fiecare la locul lui. \u0218i cum au zis a\u0219a au \u0219i f\u0103cut&#8221;.<\/em><\/p>\n<p>O alt\u0103 surs\u0103 de informa\u021bie relateaz\u0103 ceva asem\u0103n\u0103tor, povestind despre un episod de r\u0103pire extraterestr\u0103:<\/p>\n<p><em>\u201e\u00centr-o bun\u0103 zi, o zi ca oricare alta, au ap\u0103rut pe cerul ora\u0219ului Lyon ni\u0219te obiecte zbur\u0103toare mici din care au cobor\u00e2t trei b\u0103rba\u021bi \u0219i o femeie. \u0218i toat\u0103 suflarea ora\u0219ului s-a \u00eengr\u0103m\u0103dit \u00een jurul lor strig\u00e2nd c\u0103 erau ni\u0219te vr\u0103jitori trimi\u0219i de Grimaldo, du\u0219manul lui Charlemagne, trimi\u0219i s\u0103 nimiceasc\u0103 roadele de pe \u021barinele francilor. <\/em><\/p>\n<p><em>\u0218i degeaba au \u00eencercat s\u0103 se apere cei patru nevinova\u021bi spun\u00e2nd c\u0103 erau \u0219i ei locuitori de pe acele meleaguri \u0219i c\u0103 fuseser\u0103 r\u0103pi\u021bi cu pu\u021bin\u0103 vreme \u00eenainte de c\u0103tre ni\u0219te oameni nemaipomeni\u021bi care le ar\u0103taser\u0103 ni\u0219te minuni nemaiv\u0103zute \u0219i c\u0103 voiau s\u0103 povesteasc\u0103 tuturor ce le fusese dat s\u0103 vad\u0103. Mul\u021bimea, dezl\u0103n\u021buit\u0103 nici n-a vrut s\u0103 \u0219tie de cele spuse de acei oameni \u00eentru ap\u0103rarea lor \u0219i se preg\u0103tea s\u0103-i dea prad\u0103 focului, c\u00e2nd prea bunul Agobardo, episcopul de Lyon, care fusese c\u0103lug\u0103r \u00een acel ora\u0219 \u0219i se bucura de mare pre\u021buire, auzind el acea larm\u0103 s-a gr\u0103bit s\u0103 ajung\u0103 acolo \u0219i dup\u0103 ce a ascultat el \u00eenvinuirile aduse acelor oameni precum \u0219i cele spuse de ace\u0219tia \u00eentru ap\u0103rarea lor, a hot\u0103r\u00e2t \u00een mod solemn cum c\u0103 \u0219i unii \u0219i ceilal\u021bi gre\u0219iser\u0103, c\u0103 nu era adev\u0103rat c\u0103 oamenii aceia ar fi c\u0103zut din cer \u0219i c\u0103 ceea ce spuseser\u0103 ei c\u0103 v\u0103zuser\u0103 era cu neputin\u021b\u0103. <\/em><\/p>\n<p><em>Iar mul\u021bimea a dat crezare cuvintelor rostite de bunul p\u0103rinte Agobardo mai mult dec\u00e2t ar fi dat crezare propriilor lor ochi; drept care s-a lini\u0219tit \u0219i le-a dat drumul celor patru reprezentan\u021bi ai Silfilor \u0219i a primit cum nu se putea mai bine cele scrise de Agobardo \u00een cartea sa \u00eentru dovedirea celor spuse cu acel prilej. A\u0219a \u00eenc\u00e2t cele spuse de cei patru \u00eentru ap\u0103rarea lor s-au dovedit a fi de prisos&#8221;.<\/em><\/p>\n","protected":false},"excerpt":{"rendered":"<p>\u00cen secolul al IX-lea, \u00een Fran\u0163a exista un episcop, pe nume Agobard, care era unul dintre cei mai \u00eenv\u0103\u021ba\u021bi \u0219i mai renumi\u021bi prela\u021bi ai perioadei sale. \u00cen scrierea sa &#8222;Contra insulsam vulgi opinionem de grandine et tonitruis&#8221;. El vrea s\u0103-i &#8230; <\/p>\n<p class=\"read-more-container\"><a title=\"R\u0103piri extraterestre din Fran\u0163a de acum 1.200 de ani, de pe timpul regelui Charlemagne &#8211; evocate \u00een 2 cronici\" class=\"read-more button\" href=\"https:\/\/www.lovendal.ro\/wp52\/rapiri-extraterestre-din-franta-de-acum-1-200-de-ani-de-pe-timpul-regelui-charlemagne-evocate-in-2-cronici\/#more-69150\" aria-label=\"Cite\u0219te mai multe despre R\u0103piri extraterestre din Fran\u0163a de acum 1.200 de ani, de pe timpul regelui Charlemagne &#8211; evocate \u00een 2 cronici\">Cititi mai multe<\/a><\/p>\n","protected":false},"author":1,"featured_media":69151,"comment_status":"closed","ping_status":"open","sticky":false,"template":"","format":"standard","meta":{"footnotes":""},"categories":[14],"tags":[3438,2112,51,202,50,9796,614],"class_list":["post-69150","post","type-post","status-publish","format-standard","has-post-thumbnail","hentry","category-paranormal-spiritualitate","tag-charlemagne","tag-episcop","tag-extraterestri","tag-franta","tag-ozn","tag-paranormal-spiritualitate","tag-vrajitor","resize-featured-image"],"yoast_head":"<!-- This site is optimized with the Yoast SEO Premium plugin v23.3 (Yoast SEO v27.4) - https:\/\/yoast.com\/product\/yoast-seo-premium-wordpress\/ -->\n<title>R\u0103piri extraterestre din Fran\u0163a de acum 1.200 de ani, de pe timpul regelui Charlemagne - evocate \u00een 2 cronici - Secretele lui Lovendal<\/title>\n<meta name=\"robots\" content=\"index, follow, max-snippet:-1, max-image-preview:large, max-video-preview:-1\" \/>\n<link rel=\"canonical\" href=\"https:\/\/www.lovendal.ro\/wp52\/rapiri-extraterestre-din-franta-de-acum-1-200-de-ani-de-pe-timpul-regelui-charlemagne-evocate-in-2-cronici\/\" \/>\n<meta property=\"og:locale\" content=\"ro_RO\" \/>\n<meta property=\"og:type\" content=\"article\" \/>\n<meta property=\"og:title\" content=\"R\u0103piri extraterestre din Fran\u0163a de acum 1.200 de ani, de pe timpul regelui Charlemagne - evocate \u00een 2 cronici\" \/>\n<meta property=\"og:description\" content=\"\u00cen secolul al IX-lea, \u00een Fran\u0163a exista un episcop, pe nume Agobard, care era unul dintre cei mai \u00eenv\u0103\u021ba\u021bi \u0219i mai renumi\u021bi prela\u021bi ai perioadei sale. \u00cen scrierea sa &#8222;Contra insulsam vulgi opinionem de grandine et tonitruis&#8221;. El vrea s\u0103-i ... Cititi mai multe\" \/>\n<meta property=\"og:url\" content=\"https:\/\/www.lovendal.ro\/wp52\/rapiri-extraterestre-din-franta-de-acum-1-200-de-ani-de-pe-timpul-regelui-charlemagne-evocate-in-2-cronici\/\" \/>\n<meta property=\"og:site_name\" content=\"Secretele lui Lovendal\" \/>\n<meta property=\"article:publisher\" content=\"https:\/\/www.facebook.com\/secreteleluilovendal\" \/>\n<meta property=\"article:published_time\" content=\"2020-05-05T16:31:06+00:00\" \/>\n<meta property=\"og:image\" content=\"https:\/\/www.lovendal.ro\/wp52\/wp-content\/uploads\/2020\/05\/extraterestri-5000.jpg\" \/>\n\t<meta property=\"og:image:width\" content=\"345\" \/>\n\t<meta property=\"og:image:height\" content=\"317\" \/>\n\t<meta property=\"og:image:type\" content=\"image\/jpeg\" \/>\n<meta name=\"author\" content=\"admin\" \/>\n<meta name=\"twitter:card\" content=\"summary_large_image\" \/>\n<meta name=\"twitter:label1\" content=\"Scris de\" \/>\n\t<meta name=\"twitter:data1\" content=\"admin\" \/>\n\t<meta name=\"twitter:label2\" content=\"Timp estimat pentru citire\" \/>\n\t<meta name=\"twitter:data2\" content=\"4 minute\" \/>\n<script type=\"application\/ld+json\" class=\"yoast-schema-graph\">{\"@context\":\"https:\\\/\\\/schema.org\",\"@graph\":[{\"@type\":\"Article\",\"@id\":\"https:\\\/\\\/www.lovendal.ro\\\/wp52\\\/rapiri-extraterestre-din-franta-de-acum-1-200-de-ani-de-pe-timpul-regelui-charlemagne-evocate-in-2-cronici\\\/#article\",\"isPartOf\":{\"@id\":\"https:\\\/\\\/www.lovendal.ro\\\/wp52\\\/rapiri-extraterestre-din-franta-de-acum-1-200-de-ani-de-pe-timpul-regelui-charlemagne-evocate-in-2-cronici\\\/\"},\"author\":{\"name\":\"admin\",\"@id\":\"https:\\\/\\\/www.lovendal.ro\\\/wp52\\\/#\\\/schema\\\/person\\\/088691de5dfc346bb0c023e1e52ef5d9\"},\"headline\":\"R\u0103piri extraterestre din Fran\u0163a de acum 1.200 de ani, de pe timpul regelui Charlemagne &#8211; evocate \u00een 2 cronici\",\"datePublished\":\"2020-05-05T16:31:06+00:00\",\"mainEntityOfPage\":{\"@id\":\"https:\\\/\\\/www.lovendal.ro\\\/wp52\\\/rapiri-extraterestre-din-franta-de-acum-1-200-de-ani-de-pe-timpul-regelui-charlemagne-evocate-in-2-cronici\\\/\"},\"wordCount\":775,\"publisher\":{\"@id\":\"https:\\\/\\\/www.lovendal.ro\\\/wp52\\\/#organization\"},\"image\":{\"@id\":\"https:\\\/\\\/www.lovendal.ro\\\/wp52\\\/rapiri-extraterestre-din-franta-de-acum-1-200-de-ani-de-pe-timpul-regelui-charlemagne-evocate-in-2-cronici\\\/#primaryimage\"},\"thumbnailUrl\":\"https:\\\/\\\/www.lovendal.ro\\\/wp52\\\/wp-content\\\/uploads\\\/2020\\\/05\\\/extraterestri-5000.jpg\",\"keywords\":[\"Charlemagne\",\"episcop\",\"extratere\u015ftri\",\"Fran\u0163a\",\"OZN\",\"Paranormal-Spiritualitate\",\"vr\u0103jitor\"],\"articleSection\":[\"Paranormal-Spiritualitate\"],\"inLanguage\":\"ro-RO\"},{\"@type\":\"WebPage\",\"@id\":\"https:\\\/\\\/www.lovendal.ro\\\/wp52\\\/rapiri-extraterestre-din-franta-de-acum-1-200-de-ani-de-pe-timpul-regelui-charlemagne-evocate-in-2-cronici\\\/\",\"url\":\"https:\\\/\\\/www.lovendal.ro\\\/wp52\\\/rapiri-extraterestre-din-franta-de-acum-1-200-de-ani-de-pe-timpul-regelui-charlemagne-evocate-in-2-cronici\\\/\",\"name\":\"R\u0103piri extraterestre din Fran\u0163a de acum 1.200 de ani, de pe timpul regelui Charlemagne - evocate \u00een 2 cronici - Secretele lui Lovendal\",\"isPartOf\":{\"@id\":\"https:\\\/\\\/www.lovendal.ro\\\/wp52\\\/#website\"},\"primaryImageOfPage\":{\"@id\":\"https:\\\/\\\/www.lovendal.ro\\\/wp52\\\/rapiri-extraterestre-din-franta-de-acum-1-200-de-ani-de-pe-timpul-regelui-charlemagne-evocate-in-2-cronici\\\/#primaryimage\"},\"image\":{\"@id\":\"https:\\\/\\\/www.lovendal.ro\\\/wp52\\\/rapiri-extraterestre-din-franta-de-acum-1-200-de-ani-de-pe-timpul-regelui-charlemagne-evocate-in-2-cronici\\\/#primaryimage\"},\"thumbnailUrl\":\"https:\\\/\\\/www.lovendal.ro\\\/wp52\\\/wp-content\\\/uploads\\\/2020\\\/05\\\/extraterestri-5000.jpg\",\"datePublished\":\"2020-05-05T16:31:06+00:00\",\"breadcrumb\":{\"@id\":\"https:\\\/\\\/www.lovendal.ro\\\/wp52\\\/rapiri-extraterestre-din-franta-de-acum-1-200-de-ani-de-pe-timpul-regelui-charlemagne-evocate-in-2-cronici\\\/#breadcrumb\"},\"inLanguage\":\"ro-RO\",\"potentialAction\":[{\"@type\":\"ReadAction\",\"target\":[\"https:\\\/\\\/www.lovendal.ro\\\/wp52\\\/rapiri-extraterestre-din-franta-de-acum-1-200-de-ani-de-pe-timpul-regelui-charlemagne-evocate-in-2-cronici\\\/\"]}]},{\"@type\":\"ImageObject\",\"inLanguage\":\"ro-RO\",\"@id\":\"https:\\\/\\\/www.lovendal.ro\\\/wp52\\\/rapiri-extraterestre-din-franta-de-acum-1-200-de-ani-de-pe-timpul-regelui-charlemagne-evocate-in-2-cronici\\\/#primaryimage\",\"url\":\"https:\\\/\\\/www.lovendal.ro\\\/wp52\\\/wp-content\\\/uploads\\\/2020\\\/05\\\/extraterestri-5000.jpg\",\"contentUrl\":\"https:\\\/\\\/www.lovendal.ro\\\/wp52\\\/wp-content\\\/uploads\\\/2020\\\/05\\\/extraterestri-5000.jpg\",\"width\":345,\"height\":317},{\"@type\":\"BreadcrumbList\",\"@id\":\"https:\\\/\\\/www.lovendal.ro\\\/wp52\\\/rapiri-extraterestre-din-franta-de-acum-1-200-de-ani-de-pe-timpul-regelui-charlemagne-evocate-in-2-cronici\\\/#breadcrumb\",\"itemListElement\":[{\"@type\":\"ListItem\",\"position\":1,\"name\":\"Home\",\"item\":\"https:\\\/\\\/www.lovendal.ro\\\/wp52\\\/\"},{\"@type\":\"ListItem\",\"position\":2,\"name\":\"R\u0103piri extraterestre din Fran\u0163a de acum 1.200 de ani, de pe timpul regelui Charlemagne &#8211; evocate \u00een 2 cronici\"}]},{\"@type\":\"WebSite\",\"@id\":\"https:\\\/\\\/www.lovendal.ro\\\/wp52\\\/#website\",\"url\":\"https:\\\/\\\/www.lovendal.ro\\\/wp52\\\/\",\"name\":\"Secretele lui Lovendal\",\"description\":\"Site de secrete, stiinta si metafizica - din 2008 -\",\"publisher\":{\"@id\":\"https:\\\/\\\/www.lovendal.ro\\\/wp52\\\/#organization\"},\"potentialAction\":[{\"@type\":\"SearchAction\",\"target\":{\"@type\":\"EntryPoint\",\"urlTemplate\":\"https:\\\/\\\/www.lovendal.ro\\\/wp52\\\/?s={search_term_string}\"},\"query-input\":{\"@type\":\"PropertyValueSpecification\",\"valueRequired\":true,\"valueName\":\"search_term_string\"}}],\"inLanguage\":\"ro-RO\"},{\"@type\":\"Organization\",\"@id\":\"https:\\\/\\\/www.lovendal.ro\\\/wp52\\\/#organization\",\"name\":\"Secretele lui Lovendal\",\"url\":\"https:\\\/\\\/www.lovendal.ro\\\/wp52\\\/\",\"logo\":{\"@type\":\"ImageObject\",\"inLanguage\":\"ro-RO\",\"@id\":\"https:\\\/\\\/www.lovendal.ro\\\/wp52\\\/#\\\/schema\\\/logo\\\/image\\\/\",\"url\":\"https:\\\/\\\/www.lovendal.ro\\\/wp52\\\/wp-content\\\/uploads\\\/2024\\\/06\\\/cropped-SLL-iun-2024-1.jpg\",\"contentUrl\":\"https:\\\/\\\/www.lovendal.ro\\\/wp52\\\/wp-content\\\/uploads\\\/2024\\\/06\\\/cropped-SLL-iun-2024-1.jpg\",\"width\":771,\"height\":240,\"caption\":\"Secretele lui Lovendal\"},\"image\":{\"@id\":\"https:\\\/\\\/www.lovendal.ro\\\/wp52\\\/#\\\/schema\\\/logo\\\/image\\\/\"},\"sameAs\":[\"https:\\\/\\\/www.facebook.com\\\/secreteleluilovendal\"]},{\"@type\":\"Person\",\"@id\":\"https:\\\/\\\/www.lovendal.ro\\\/wp52\\\/#\\\/schema\\\/person\\\/088691de5dfc346bb0c023e1e52ef5d9\",\"name\":\"admin\",\"image\":{\"@type\":\"ImageObject\",\"inLanguage\":\"ro-RO\",\"@id\":\"https:\\\/\\\/secure.gravatar.com\\\/avatar\\\/ecb9cd41f5f63c9c9b989999a59f6e2639a865ec361e9db054db0679a8f341c2?s=96&d=mm&r=g\",\"url\":\"https:\\\/\\\/secure.gravatar.com\\\/avatar\\\/ecb9cd41f5f63c9c9b989999a59f6e2639a865ec361e9db054db0679a8f341c2?s=96&d=mm&r=g\",\"contentUrl\":\"https:\\\/\\\/secure.gravatar.com\\\/avatar\\\/ecb9cd41f5f63c9c9b989999a59f6e2639a865ec361e9db054db0679a8f341c2?s=96&d=mm&r=g\",\"caption\":\"admin\"},\"sameAs\":[\"https:\\\/\\\/www.lovendal.ro\\\/wp52\"]}]}<\/script>\n<!-- \/ Yoast SEO Premium plugin. -->","yoast_head_json":{"title":"R\u0103piri extraterestre din Fran\u0163a de acum 1.200 de ani, de pe timpul regelui Charlemagne - evocate \u00een 2 cronici - Secretele lui Lovendal","robots":{"index":"index","follow":"follow","max-snippet":"max-snippet:-1","max-image-preview":"max-image-preview:large","max-video-preview":"max-video-preview:-1"},"canonical":"https:\/\/www.lovendal.ro\/wp52\/rapiri-extraterestre-din-franta-de-acum-1-200-de-ani-de-pe-timpul-regelui-charlemagne-evocate-in-2-cronici\/","og_locale":"ro_RO","og_type":"article","og_title":"R\u0103piri extraterestre din Fran\u0163a de acum 1.200 de ani, de pe timpul regelui Charlemagne - evocate \u00een 2 cronici","og_description":"\u00cen secolul al IX-lea, \u00een Fran\u0163a exista un episcop, pe nume Agobard, care era unul dintre cei mai \u00eenv\u0103\u021ba\u021bi \u0219i mai renumi\u021bi prela\u021bi ai perioadei sale. \u00cen scrierea sa &#8222;Contra insulsam vulgi opinionem de grandine et tonitruis&#8221;. El vrea s\u0103-i ... Cititi mai multe","og_url":"https:\/\/www.lovendal.ro\/wp52\/rapiri-extraterestre-din-franta-de-acum-1-200-de-ani-de-pe-timpul-regelui-charlemagne-evocate-in-2-cronici\/","og_site_name":"Secretele lui Lovendal","article_publisher":"https:\/\/www.facebook.com\/secreteleluilovendal","article_published_time":"2020-05-05T16:31:06+00:00","og_image":[{"width":345,"height":317,"url":"https:\/\/www.lovendal.ro\/wp52\/wp-content\/uploads\/2020\/05\/extraterestri-5000.jpg","type":"image\/jpeg"}],"author":"admin","twitter_card":"summary_large_image","twitter_misc":{"Scris de":"admin","Timp estimat pentru citire":"4 minute"},"schema":{"@context":"https:\/\/schema.org","@graph":[{"@type":"Article","@id":"https:\/\/www.lovendal.ro\/wp52\/rapiri-extraterestre-din-franta-de-acum-1-200-de-ani-de-pe-timpul-regelui-charlemagne-evocate-in-2-cronici\/#article","isPartOf":{"@id":"https:\/\/www.lovendal.ro\/wp52\/rapiri-extraterestre-din-franta-de-acum-1-200-de-ani-de-pe-timpul-regelui-charlemagne-evocate-in-2-cronici\/"},"author":{"name":"admin","@id":"https:\/\/www.lovendal.ro\/wp52\/#\/schema\/person\/088691de5dfc346bb0c023e1e52ef5d9"},"headline":"R\u0103piri extraterestre din Fran\u0163a de acum 1.200 de ani, de pe timpul regelui Charlemagne &#8211; evocate \u00een 2 cronici","datePublished":"2020-05-05T16:31:06+00:00","mainEntityOfPage":{"@id":"https:\/\/www.lovendal.ro\/wp52\/rapiri-extraterestre-din-franta-de-acum-1-200-de-ani-de-pe-timpul-regelui-charlemagne-evocate-in-2-cronici\/"},"wordCount":775,"publisher":{"@id":"https:\/\/www.lovendal.ro\/wp52\/#organization"},"image":{"@id":"https:\/\/www.lovendal.ro\/wp52\/rapiri-extraterestre-din-franta-de-acum-1-200-de-ani-de-pe-timpul-regelui-charlemagne-evocate-in-2-cronici\/#primaryimage"},"thumbnailUrl":"https:\/\/www.lovendal.ro\/wp52\/wp-content\/uploads\/2020\/05\/extraterestri-5000.jpg","keywords":["Charlemagne","episcop","extratere\u015ftri","Fran\u0163a","OZN","Paranormal-Spiritualitate","vr\u0103jitor"],"articleSection":["Paranormal-Spiritualitate"],"inLanguage":"ro-RO"},{"@type":"WebPage","@id":"https:\/\/www.lovendal.ro\/wp52\/rapiri-extraterestre-din-franta-de-acum-1-200-de-ani-de-pe-timpul-regelui-charlemagne-evocate-in-2-cronici\/","url":"https:\/\/www.lovendal.ro\/wp52\/rapiri-extraterestre-din-franta-de-acum-1-200-de-ani-de-pe-timpul-regelui-charlemagne-evocate-in-2-cronici\/","name":"R\u0103piri extraterestre din Fran\u0163a de acum 1.200 de ani, de pe timpul regelui Charlemagne - evocate \u00een 2 cronici - Secretele lui Lovendal","isPartOf":{"@id":"https:\/\/www.lovendal.ro\/wp52\/#website"},"primaryImageOfPage":{"@id":"https:\/\/www.lovendal.ro\/wp52\/rapiri-extraterestre-din-franta-de-acum-1-200-de-ani-de-pe-timpul-regelui-charlemagne-evocate-in-2-cronici\/#primaryimage"},"image":{"@id":"https:\/\/www.lovendal.ro\/wp52\/rapiri-extraterestre-din-franta-de-acum-1-200-de-ani-de-pe-timpul-regelui-charlemagne-evocate-in-2-cronici\/#primaryimage"},"thumbnailUrl":"https:\/\/www.lovendal.ro\/wp52\/wp-content\/uploads\/2020\/05\/extraterestri-5000.jpg","datePublished":"2020-05-05T16:31:06+00:00","breadcrumb":{"@id":"https:\/\/www.lovendal.ro\/wp52\/rapiri-extraterestre-din-franta-de-acum-1-200-de-ani-de-pe-timpul-regelui-charlemagne-evocate-in-2-cronici\/#breadcrumb"},"inLanguage":"ro-RO","potentialAction":[{"@type":"ReadAction","target":["https:\/\/www.lovendal.ro\/wp52\/rapiri-extraterestre-din-franta-de-acum-1-200-de-ani-de-pe-timpul-regelui-charlemagne-evocate-in-2-cronici\/"]}]},{"@type":"ImageObject","inLanguage":"ro-RO","@id":"https:\/\/www.lovendal.ro\/wp52\/rapiri-extraterestre-din-franta-de-acum-1-200-de-ani-de-pe-timpul-regelui-charlemagne-evocate-in-2-cronici\/#primaryimage","url":"https:\/\/www.lovendal.ro\/wp52\/wp-content\/uploads\/2020\/05\/extraterestri-5000.jpg","contentUrl":"https:\/\/www.lovendal.ro\/wp52\/wp-content\/uploads\/2020\/05\/extraterestri-5000.jpg","width":345,"height":317},{"@type":"BreadcrumbList","@id":"https:\/\/www.lovendal.ro\/wp52\/rapiri-extraterestre-din-franta-de-acum-1-200-de-ani-de-pe-timpul-regelui-charlemagne-evocate-in-2-cronici\/#breadcrumb","itemListElement":[{"@type":"ListItem","position":1,"name":"Home","item":"https:\/\/www.lovendal.ro\/wp52\/"},{"@type":"ListItem","position":2,"name":"R\u0103piri extraterestre din Fran\u0163a de acum 1.200 de ani, de pe timpul regelui Charlemagne &#8211; evocate \u00een 2 cronici"}]},{"@type":"WebSite","@id":"https:\/\/www.lovendal.ro\/wp52\/#website","url":"https:\/\/www.lovendal.ro\/wp52\/","name":"Secretele lui Lovendal","description":"Site de secrete, stiinta si metafizica - din 2008 -","publisher":{"@id":"https:\/\/www.lovendal.ro\/wp52\/#organization"},"potentialAction":[{"@type":"SearchAction","target":{"@type":"EntryPoint","urlTemplate":"https:\/\/www.lovendal.ro\/wp52\/?s={search_term_string}"},"query-input":{"@type":"PropertyValueSpecification","valueRequired":true,"valueName":"search_term_string"}}],"inLanguage":"ro-RO"},{"@type":"Organization","@id":"https:\/\/www.lovendal.ro\/wp52\/#organization","name":"Secretele lui Lovendal","url":"https:\/\/www.lovendal.ro\/wp52\/","logo":{"@type":"ImageObject","inLanguage":"ro-RO","@id":"https:\/\/www.lovendal.ro\/wp52\/#\/schema\/logo\/image\/","url":"https:\/\/www.lovendal.ro\/wp52\/wp-content\/uploads\/2024\/06\/cropped-SLL-iun-2024-1.jpg","contentUrl":"https:\/\/www.lovendal.ro\/wp52\/wp-content\/uploads\/2024\/06\/cropped-SLL-iun-2024-1.jpg","width":771,"height":240,"caption":"Secretele lui Lovendal"},"image":{"@id":"https:\/\/www.lovendal.ro\/wp52\/#\/schema\/logo\/image\/"},"sameAs":["https:\/\/www.facebook.com\/secreteleluilovendal"]},{"@type":"Person","@id":"https:\/\/www.lovendal.ro\/wp52\/#\/schema\/person\/088691de5dfc346bb0c023e1e52ef5d9","name":"admin","image":{"@type":"ImageObject","inLanguage":"ro-RO","@id":"https:\/\/secure.gravatar.com\/avatar\/ecb9cd41f5f63c9c9b989999a59f6e2639a865ec361e9db054db0679a8f341c2?s=96&d=mm&r=g","url":"https:\/\/secure.gravatar.com\/avatar\/ecb9cd41f5f63c9c9b989999a59f6e2639a865ec361e9db054db0679a8f341c2?s=96&d=mm&r=g","contentUrl":"https:\/\/secure.gravatar.com\/avatar\/ecb9cd41f5f63c9c9b989999a59f6e2639a865ec361e9db054db0679a8f341c2?s=96&d=mm&r=g","caption":"admin"},"sameAs":["https:\/\/www.lovendal.ro\/wp52"]}]}},"_links":{"self":[{"href":"https:\/\/www.lovendal.ro\/wp52\/wp-json\/wp\/v2\/posts\/69150","targetHints":{"allow":["GET"]}}],"collection":[{"href":"https:\/\/www.lovendal.ro\/wp52\/wp-json\/wp\/v2\/posts"}],"about":[{"href":"https:\/\/www.lovendal.ro\/wp52\/wp-json\/wp\/v2\/types\/post"}],"author":[{"embeddable":true,"href":"https:\/\/www.lovendal.ro\/wp52\/wp-json\/wp\/v2\/users\/1"}],"replies":[{"embeddable":true,"href":"https:\/\/www.lovendal.ro\/wp52\/wp-json\/wp\/v2\/comments?post=69150"}],"version-history":[{"count":0,"href":"https:\/\/www.lovendal.ro\/wp52\/wp-json\/wp\/v2\/posts\/69150\/revisions"}],"wp:featuredmedia":[{"embeddable":true,"href":"https:\/\/www.lovendal.ro\/wp52\/wp-json\/wp\/v2\/media\/69151"}],"wp:attachment":[{"href":"https:\/\/www.lovendal.ro\/wp52\/wp-json\/wp\/v2\/media?parent=69150"}],"wp:term":[{"taxonomy":"category","embeddable":true,"href":"https:\/\/www.lovendal.ro\/wp52\/wp-json\/wp\/v2\/categories?post=69150"},{"taxonomy":"post_tag","embeddable":true,"href":"https:\/\/www.lovendal.ro\/wp52\/wp-json\/wp\/v2\/tags?post=69150"}],"curies":[{"name":"wp","href":"https:\/\/api.w.org\/{rel}","templated":true}]}}