{"id":69132,"date":"2020-05-04T22:04:04","date_gmt":"2020-05-04T19:04:04","guid":{"rendered":"https:\/\/www.lovendal.ro\/wp52\/?p=69132"},"modified":"2020-05-04T22:04:04","modified_gmt":"2020-05-04T19:04:04","slug":"o-dumnezeule-bodyguard-ul-presedintelui-trump-pare-a-fi-un-gigant-de-25-metri","status":"publish","type":"post","link":"https:\/\/www.lovendal.ro\/wp52\/o-dumnezeule-bodyguard-ul-presedintelui-trump-pare-a-fi-un-gigant-de-25-metri\/","title":{"rendered":"O, Dumnezeule, bodyguard-ul pre\u015fedintelui Trump pare a fi un gigant de 2,5 metri!"},"content":{"rendered":"<p><a href=\"https:\/\/www.lovendal.ro\/wp52\/wp-content\/uploads\/2020\/05\/gigant-Twitter-coperta.jpg\"><img loading=\"lazy\" decoding=\"async\" class=\"alignleft size-full wp-image-69136\" src=\"https:\/\/www.lovendal.ro\/wp52\/wp-content\/uploads\/2020\/05\/gigant-Twitter-coperta.jpg\" alt=\"\" width=\"357\" height=\"211\" srcset=\"https:\/\/www.lovendal.ro\/wp52\/wp-content\/uploads\/2020\/05\/gigant-Twitter-coperta.jpg 357w, https:\/\/www.lovendal.ro\/wp52\/wp-content\/uploads\/2020\/05\/gigant-Twitter-coperta-300x177.jpg 300w\" sizes=\"auto, (max-width: 357px) 100vw, 357px\" \/><\/a>Un cititor al site-ului \u00eemi trimite un mesaj privat (\u00eei mul\u0163umesc mult pe aceast\u0103 cale!) despre o fotografie ciudat\u0103 postat\u0103 pe <a href=\"https:\/\/twitter.com\/WhiteHouse\" target=\"_blank\" rel=\"noopener noreferrer\"><strong>contul de Twitter oficial al Casei Albe<\/strong><\/a>. De fapt, e vorba de imaginea de coperta de pe acest cont.<\/p>\n<p>Dar, ce este ciudat la aceast\u0103 fotografie? Ea reprezint\u0103 avionul pre\u015fedintelui Statelor Unite, din care coboar\u0103 Donald Trump \u015fi oficialit\u0103\u0163ile. \u00cen dreapta imaginii, sunt ziari\u015ftii \u015fi fotografii, iar, \u00een fa\u0163a lor (o, Dumnezeule!) apare un bodyguard \u00eenalt, un adev\u0103rat gigant! E adev\u0103rat c\u0103 el pare situat \u00eentr-un plan ceva mai apropiat dec\u00e2t ziari\u015ftii (\u00eens\u0103 nu cu mult) dar, \u0163in\u00e2nd cont de faptul c\u0103 imaginea e f\u0103cut\u0103 de la ceva distan\u0163\u0103, diferen\u0163ele dintre planuri sunt mai mici, deci \u00een\u0103l\u0163imile dintre oameni nu sunt chiar at\u00e2t de relative.<\/p>\n<p>Fotografia aceasta \u00eemi aduce aminte de un articol mai vechi din 2014 &#8211; <a href=\"https:\/\/www.lovendal.ro\/wp52\/garda-nationala-a-sua-foloseste-militari-giganti-de-cel-putin-25-metri-inaltime-ce-fiinte-sunt-acestea\/\" target=\"_blank\" rel=\"noopener noreferrer\"><strong>Garda Na\u0163ional\u0103 a SUA folose\u015fte militari gigan\u0163i de cel pu\u0163in 2,5 metri \u00een\u0103l\u0163ime!? Ce fiin\u0163e sunt acestea?<\/strong><\/a> &#8211; \u00een care apare, tot a\u015fa, un militar gigant din Garda Na\u0163ional\u0103 a SUA, ce pare a avea aparent vreo 2,5 metri \u00een\u0103l\u0163ime!<\/p>\n<p><img loading=\"lazy\" decoding=\"async\" class=\"aligncenter size-full wp-image-47965\" src=\"https:\/\/www.lovendal.ro\/wp52\/wp-content\/uploads\/2017\/02\/soldat-gigant-1.jpg\" alt=\"\" width=\"538\" height=\"336\" srcset=\"https:\/\/www.lovendal.ro\/wp52\/wp-content\/uploads\/2017\/02\/soldat-gigant-1.jpg 538w, https:\/\/www.lovendal.ro\/wp52\/wp-content\/uploads\/2017\/02\/soldat-gigant-1-300x187.jpg 300w, https:\/\/www.lovendal.ro\/wp52\/wp-content\/uploads\/2017\/02\/soldat-gigant-1-320x200.jpg 320w\" sizes=\"auto, (max-width: 538px) 100vw, 538px\" \/>Fotografia original\u0103 de pe Twitter o pute\u0163i vedea <a href=\"https:\/\/pbs.twimg.com\/profile_banners\/822215673812119553\/1580922287\/1500x500\" target=\"_blank\" rel=\"noopener noreferrer\"><strong>AICI<\/strong><\/a>.<\/p>\n<p><a href=\"https:\/\/www.lovendal.ro\/wp52\/wp-content\/uploads\/2020\/05\/SUA-gigant-presedinte-Twitter.jpg\"><img loading=\"lazy\" decoding=\"async\" class=\"aligncenter size-full wp-image-69133\" src=\"https:\/\/www.lovendal.ro\/wp52\/wp-content\/uploads\/2020\/05\/SUA-gigant-presedinte-Twitter.jpg\" alt=\"\" width=\"540\" height=\"180\" srcset=\"https:\/\/www.lovendal.ro\/wp52\/wp-content\/uploads\/2020\/05\/SUA-gigant-presedinte-Twitter.jpg 540w, https:\/\/www.lovendal.ro\/wp52\/wp-content\/uploads\/2020\/05\/SUA-gigant-presedinte-Twitter-300x100.jpg 300w\" sizes=\"auto, (max-width: 540px) 100vw, 540px\" \/><\/a><a href=\"https:\/\/www.lovendal.ro\/wp52\/wp-content\/uploads\/2020\/05\/gigant-Twitter-1.jpg\"><img loading=\"lazy\" decoding=\"async\" class=\"aligncenter size-full wp-image-69134\" src=\"https:\/\/www.lovendal.ro\/wp52\/wp-content\/uploads\/2020\/05\/gigant-Twitter-1.jpg\" alt=\"\" width=\"541\" height=\"355\" srcset=\"https:\/\/www.lovendal.ro\/wp52\/wp-content\/uploads\/2020\/05\/gigant-Twitter-1.jpg 541w, https:\/\/www.lovendal.ro\/wp52\/wp-content\/uploads\/2020\/05\/gigant-Twitter-1-300x197.jpg 300w\" sizes=\"auto, (max-width: 541px) 100vw, 541px\" \/><\/a><a href=\"https:\/\/www.lovendal.ro\/wp52\/wp-content\/uploads\/2020\/05\/gigant-Twitter-2.jpg\"><img loading=\"lazy\" decoding=\"async\" class=\"aligncenter size-full wp-image-69135\" src=\"https:\/\/www.lovendal.ro\/wp52\/wp-content\/uploads\/2020\/05\/gigant-Twitter-2.jpg\" alt=\"\" width=\"541\" height=\"320\" srcset=\"https:\/\/www.lovendal.ro\/wp52\/wp-content\/uploads\/2020\/05\/gigant-Twitter-2.jpg 541w, https:\/\/www.lovendal.ro\/wp52\/wp-content\/uploads\/2020\/05\/gigant-Twitter-2-300x177.jpg 300w\" sizes=\"auto, (max-width: 541px) 100vw, 541px\" \/><\/a><\/p>\n","protected":false},"excerpt":{"rendered":"<p>Un cititor al site-ului \u00eemi trimite un mesaj privat (\u00eei mul\u0163umesc mult pe aceast\u0103 cale!) despre o fotografie ciudat\u0103 postat\u0103 pe contul de Twitter oficial al Casei Albe. De fapt, e vorba de imaginea de coperta de pe acest cont. &#8230; <\/p>\n<p class=\"read-more-container\"><a title=\"O, Dumnezeule, bodyguard-ul pre\u015fedintelui Trump pare a fi un gigant de 2,5 metri!\" class=\"read-more button\" href=\"https:\/\/www.lovendal.ro\/wp52\/o-dumnezeule-bodyguard-ul-presedintelui-trump-pare-a-fi-un-gigant-de-25-metri\/#more-69132\" aria-label=\"Cite\u0219te mai multe despre O, Dumnezeule, bodyguard-ul pre\u015fedintelui Trump pare a fi un gigant de 2,5 metri!\">Cititi mai multe<\/a><\/p>\n","protected":false},"author":1,"featured_media":69136,"comment_status":"closed","ping_status":"open","sticky":false,"template":"","format":"standard","meta":{"footnotes":""},"categories":[5040],"tags":[762,9818,4347,372,5607,15,11392,4789,190,23,10897,4474,2357],"class_list":["post-69132","post","type-post","status-publish","format-standard","has-post-thumbnail","hentry","category-bizar","tag-avion","tag-bizar","tag-bodyguard","tag-casa-alba","tag-fotograf","tag-fotografie","tag-garda-nationala","tag-giganti","tag-presedinte","tag-sua","tag-trump","tag-twitter","tag-ziarist","resize-featured-image"],"yoast_head":"<!-- This site is optimized with the Yoast SEO Premium plugin v23.3 (Yoast SEO v27.4) - https:\/\/yoast.com\/product\/yoast-seo-premium-wordpress\/ -->\n<title>O, Dumnezeule, bodyguard-ul pre\u015fedintelui Trump pare a fi un gigant de 2,5 metri! - Secretele lui Lovendal<\/title>\n<meta name=\"robots\" content=\"index, follow, max-snippet:-1, max-image-preview:large, max-video-preview:-1\" \/>\n<link rel=\"canonical\" href=\"https:\/\/www.lovendal.ro\/wp52\/o-dumnezeule-bodyguard-ul-presedintelui-trump-pare-a-fi-un-gigant-de-25-metri\/\" \/>\n<meta property=\"og:locale\" content=\"ro_RO\" \/>\n<meta property=\"og:type\" content=\"article\" \/>\n<meta property=\"og:title\" content=\"O, Dumnezeule, bodyguard-ul pre\u015fedintelui Trump pare a fi un gigant de 2,5 metri!\" \/>\n<meta property=\"og:description\" content=\"Un cititor al site-ului \u00eemi trimite un mesaj privat (\u00eei mul\u0163umesc mult pe aceast\u0103 cale!) despre o fotografie ciudat\u0103 postat\u0103 pe contul de Twitter oficial al Casei Albe. De fapt, e vorba de imaginea de coperta de pe acest cont. ... Cititi mai multe\" \/>\n<meta property=\"og:url\" content=\"https:\/\/www.lovendal.ro\/wp52\/o-dumnezeule-bodyguard-ul-presedintelui-trump-pare-a-fi-un-gigant-de-25-metri\/\" \/>\n<meta property=\"og:site_name\" content=\"Secretele lui Lovendal\" \/>\n<meta property=\"article:publisher\" content=\"https:\/\/www.facebook.com\/secreteleluilovendal\" \/>\n<meta property=\"article:published_time\" content=\"2020-05-04T19:04:04+00:00\" \/>\n<meta property=\"og:image\" content=\"https:\/\/www.lovendal.ro\/wp52\/wp-content\/uploads\/2020\/05\/gigant-Twitter-coperta.jpg\" \/>\n\t<meta property=\"og:image:width\" content=\"357\" \/>\n\t<meta property=\"og:image:height\" content=\"211\" \/>\n\t<meta property=\"og:image:type\" content=\"image\/jpeg\" \/>\n<meta name=\"author\" content=\"admin\" \/>\n<meta name=\"twitter:card\" content=\"summary_large_image\" \/>\n<meta name=\"twitter:label1\" content=\"Scris de\" \/>\n\t<meta name=\"twitter:data1\" content=\"admin\" \/>\n\t<meta name=\"twitter:label2\" content=\"Timp estimat pentru citire\" \/>\n\t<meta name=\"twitter:data2\" content=\"1 minut\" \/>\n<script type=\"application\/ld+json\" class=\"yoast-schema-graph\">{\"@context\":\"https:\\\/\\\/schema.org\",\"@graph\":[{\"@type\":\"Article\",\"@id\":\"https:\\\/\\\/www.lovendal.ro\\\/wp52\\\/o-dumnezeule-bodyguard-ul-presedintelui-trump-pare-a-fi-un-gigant-de-25-metri\\\/#article\",\"isPartOf\":{\"@id\":\"https:\\\/\\\/www.lovendal.ro\\\/wp52\\\/o-dumnezeule-bodyguard-ul-presedintelui-trump-pare-a-fi-un-gigant-de-25-metri\\\/\"},\"author\":{\"name\":\"admin\",\"@id\":\"https:\\\/\\\/www.lovendal.ro\\\/wp52\\\/#\\\/schema\\\/person\\\/088691de5dfc346bb0c023e1e52ef5d9\"},\"headline\":\"O, Dumnezeule, bodyguard-ul pre\u015fedintelui Trump pare a fi un gigant de 2,5 metri!\",\"datePublished\":\"2020-05-04T19:04:04+00:00\",\"mainEntityOfPage\":{\"@id\":\"https:\\\/\\\/www.lovendal.ro\\\/wp52\\\/o-dumnezeule-bodyguard-ul-presedintelui-trump-pare-a-fi-un-gigant-de-25-metri\\\/\"},\"wordCount\":225,\"publisher\":{\"@id\":\"https:\\\/\\\/www.lovendal.ro\\\/wp52\\\/#organization\"},\"image\":{\"@id\":\"https:\\\/\\\/www.lovendal.ro\\\/wp52\\\/o-dumnezeule-bodyguard-ul-presedintelui-trump-pare-a-fi-un-gigant-de-25-metri\\\/#primaryimage\"},\"thumbnailUrl\":\"https:\\\/\\\/www.lovendal.ro\\\/wp52\\\/wp-content\\\/uploads\\\/2020\\\/05\\\/gigant-Twitter-coperta.jpg\",\"keywords\":[\"avion\",\"Bizar\",\"bodyguard\",\"Casa Alb\u0103\",\"fotograf\",\"fotografie\",\"Garda Na\u0163ional\u0103\",\"gigan\u0163i\",\"pre\u015fedinte\",\"SUA\",\"Trump\",\"Twitter\",\"ziarist\"],\"articleSection\":[\"Bizar\"],\"inLanguage\":\"ro-RO\"},{\"@type\":\"WebPage\",\"@id\":\"https:\\\/\\\/www.lovendal.ro\\\/wp52\\\/o-dumnezeule-bodyguard-ul-presedintelui-trump-pare-a-fi-un-gigant-de-25-metri\\\/\",\"url\":\"https:\\\/\\\/www.lovendal.ro\\\/wp52\\\/o-dumnezeule-bodyguard-ul-presedintelui-trump-pare-a-fi-un-gigant-de-25-metri\\\/\",\"name\":\"O, Dumnezeule, bodyguard-ul pre\u015fedintelui Trump pare a fi un gigant de 2,5 metri! - Secretele lui Lovendal\",\"isPartOf\":{\"@id\":\"https:\\\/\\\/www.lovendal.ro\\\/wp52\\\/#website\"},\"primaryImageOfPage\":{\"@id\":\"https:\\\/\\\/www.lovendal.ro\\\/wp52\\\/o-dumnezeule-bodyguard-ul-presedintelui-trump-pare-a-fi-un-gigant-de-25-metri\\\/#primaryimage\"},\"image\":{\"@id\":\"https:\\\/\\\/www.lovendal.ro\\\/wp52\\\/o-dumnezeule-bodyguard-ul-presedintelui-trump-pare-a-fi-un-gigant-de-25-metri\\\/#primaryimage\"},\"thumbnailUrl\":\"https:\\\/\\\/www.lovendal.ro\\\/wp52\\\/wp-content\\\/uploads\\\/2020\\\/05\\\/gigant-Twitter-coperta.jpg\",\"datePublished\":\"2020-05-04T19:04:04+00:00\",\"breadcrumb\":{\"@id\":\"https:\\\/\\\/www.lovendal.ro\\\/wp52\\\/o-dumnezeule-bodyguard-ul-presedintelui-trump-pare-a-fi-un-gigant-de-25-metri\\\/#breadcrumb\"},\"inLanguage\":\"ro-RO\",\"potentialAction\":[{\"@type\":\"ReadAction\",\"target\":[\"https:\\\/\\\/www.lovendal.ro\\\/wp52\\\/o-dumnezeule-bodyguard-ul-presedintelui-trump-pare-a-fi-un-gigant-de-25-metri\\\/\"]}]},{\"@type\":\"ImageObject\",\"inLanguage\":\"ro-RO\",\"@id\":\"https:\\\/\\\/www.lovendal.ro\\\/wp52\\\/o-dumnezeule-bodyguard-ul-presedintelui-trump-pare-a-fi-un-gigant-de-25-metri\\\/#primaryimage\",\"url\":\"https:\\\/\\\/www.lovendal.ro\\\/wp52\\\/wp-content\\\/uploads\\\/2020\\\/05\\\/gigant-Twitter-coperta.jpg\",\"contentUrl\":\"https:\\\/\\\/www.lovendal.ro\\\/wp52\\\/wp-content\\\/uploads\\\/2020\\\/05\\\/gigant-Twitter-coperta.jpg\",\"width\":357,\"height\":211},{\"@type\":\"BreadcrumbList\",\"@id\":\"https:\\\/\\\/www.lovendal.ro\\\/wp52\\\/o-dumnezeule-bodyguard-ul-presedintelui-trump-pare-a-fi-un-gigant-de-25-metri\\\/#breadcrumb\",\"itemListElement\":[{\"@type\":\"ListItem\",\"position\":1,\"name\":\"Home\",\"item\":\"https:\\\/\\\/www.lovendal.ro\\\/wp52\\\/\"},{\"@type\":\"ListItem\",\"position\":2,\"name\":\"O, Dumnezeule, bodyguard-ul pre\u015fedintelui Trump pare a fi un gigant de 2,5 metri!\"}]},{\"@type\":\"WebSite\",\"@id\":\"https:\\\/\\\/www.lovendal.ro\\\/wp52\\\/#website\",\"url\":\"https:\\\/\\\/www.lovendal.ro\\\/wp52\\\/\",\"name\":\"Secretele lui Lovendal\",\"description\":\"Site de secrete, stiinta si metafizica - din 2008 -\",\"publisher\":{\"@id\":\"https:\\\/\\\/www.lovendal.ro\\\/wp52\\\/#organization\"},\"potentialAction\":[{\"@type\":\"SearchAction\",\"target\":{\"@type\":\"EntryPoint\",\"urlTemplate\":\"https:\\\/\\\/www.lovendal.ro\\\/wp52\\\/?s={search_term_string}\"},\"query-input\":{\"@type\":\"PropertyValueSpecification\",\"valueRequired\":true,\"valueName\":\"search_term_string\"}}],\"inLanguage\":\"ro-RO\"},{\"@type\":\"Organization\",\"@id\":\"https:\\\/\\\/www.lovendal.ro\\\/wp52\\\/#organization\",\"name\":\"Secretele lui Lovendal\",\"url\":\"https:\\\/\\\/www.lovendal.ro\\\/wp52\\\/\",\"logo\":{\"@type\":\"ImageObject\",\"inLanguage\":\"ro-RO\",\"@id\":\"https:\\\/\\\/www.lovendal.ro\\\/wp52\\\/#\\\/schema\\\/logo\\\/image\\\/\",\"url\":\"https:\\\/\\\/www.lovendal.ro\\\/wp52\\\/wp-content\\\/uploads\\\/2024\\\/06\\\/cropped-SLL-iun-2024-1.jpg\",\"contentUrl\":\"https:\\\/\\\/www.lovendal.ro\\\/wp52\\\/wp-content\\\/uploads\\\/2024\\\/06\\\/cropped-SLL-iun-2024-1.jpg\",\"width\":771,\"height\":240,\"caption\":\"Secretele lui Lovendal\"},\"image\":{\"@id\":\"https:\\\/\\\/www.lovendal.ro\\\/wp52\\\/#\\\/schema\\\/logo\\\/image\\\/\"},\"sameAs\":[\"https:\\\/\\\/www.facebook.com\\\/secreteleluilovendal\"]},{\"@type\":\"Person\",\"@id\":\"https:\\\/\\\/www.lovendal.ro\\\/wp52\\\/#\\\/schema\\\/person\\\/088691de5dfc346bb0c023e1e52ef5d9\",\"name\":\"admin\",\"image\":{\"@type\":\"ImageObject\",\"inLanguage\":\"ro-RO\",\"@id\":\"https:\\\/\\\/secure.gravatar.com\\\/avatar\\\/ecb9cd41f5f63c9c9b989999a59f6e2639a865ec361e9db054db0679a8f341c2?s=96&d=mm&r=g\",\"url\":\"https:\\\/\\\/secure.gravatar.com\\\/avatar\\\/ecb9cd41f5f63c9c9b989999a59f6e2639a865ec361e9db054db0679a8f341c2?s=96&d=mm&r=g\",\"contentUrl\":\"https:\\\/\\\/secure.gravatar.com\\\/avatar\\\/ecb9cd41f5f63c9c9b989999a59f6e2639a865ec361e9db054db0679a8f341c2?s=96&d=mm&r=g\",\"caption\":\"admin\"},\"sameAs\":[\"https:\\\/\\\/www.lovendal.ro\\\/wp52\"]}]}<\/script>\n<!-- \/ Yoast SEO Premium plugin. -->","yoast_head_json":{"title":"O, Dumnezeule, bodyguard-ul pre\u015fedintelui Trump pare a fi un gigant de 2,5 metri! - Secretele lui Lovendal","robots":{"index":"index","follow":"follow","max-snippet":"max-snippet:-1","max-image-preview":"max-image-preview:large","max-video-preview":"max-video-preview:-1"},"canonical":"https:\/\/www.lovendal.ro\/wp52\/o-dumnezeule-bodyguard-ul-presedintelui-trump-pare-a-fi-un-gigant-de-25-metri\/","og_locale":"ro_RO","og_type":"article","og_title":"O, Dumnezeule, bodyguard-ul pre\u015fedintelui Trump pare a fi un gigant de 2,5 metri!","og_description":"Un cititor al site-ului \u00eemi trimite un mesaj privat (\u00eei mul\u0163umesc mult pe aceast\u0103 cale!) despre o fotografie ciudat\u0103 postat\u0103 pe contul de Twitter oficial al Casei Albe. De fapt, e vorba de imaginea de coperta de pe acest cont. ... Cititi mai multe","og_url":"https:\/\/www.lovendal.ro\/wp52\/o-dumnezeule-bodyguard-ul-presedintelui-trump-pare-a-fi-un-gigant-de-25-metri\/","og_site_name":"Secretele lui Lovendal","article_publisher":"https:\/\/www.facebook.com\/secreteleluilovendal","article_published_time":"2020-05-04T19:04:04+00:00","og_image":[{"width":357,"height":211,"url":"https:\/\/www.lovendal.ro\/wp52\/wp-content\/uploads\/2020\/05\/gigant-Twitter-coperta.jpg","type":"image\/jpeg"}],"author":"admin","twitter_card":"summary_large_image","twitter_misc":{"Scris de":"admin","Timp estimat pentru citire":"1 minut"},"schema":{"@context":"https:\/\/schema.org","@graph":[{"@type":"Article","@id":"https:\/\/www.lovendal.ro\/wp52\/o-dumnezeule-bodyguard-ul-presedintelui-trump-pare-a-fi-un-gigant-de-25-metri\/#article","isPartOf":{"@id":"https:\/\/www.lovendal.ro\/wp52\/o-dumnezeule-bodyguard-ul-presedintelui-trump-pare-a-fi-un-gigant-de-25-metri\/"},"author":{"name":"admin","@id":"https:\/\/www.lovendal.ro\/wp52\/#\/schema\/person\/088691de5dfc346bb0c023e1e52ef5d9"},"headline":"O, Dumnezeule, bodyguard-ul pre\u015fedintelui Trump pare a fi un gigant de 2,5 metri!","datePublished":"2020-05-04T19:04:04+00:00","mainEntityOfPage":{"@id":"https:\/\/www.lovendal.ro\/wp52\/o-dumnezeule-bodyguard-ul-presedintelui-trump-pare-a-fi-un-gigant-de-25-metri\/"},"wordCount":225,"publisher":{"@id":"https:\/\/www.lovendal.ro\/wp52\/#organization"},"image":{"@id":"https:\/\/www.lovendal.ro\/wp52\/o-dumnezeule-bodyguard-ul-presedintelui-trump-pare-a-fi-un-gigant-de-25-metri\/#primaryimage"},"thumbnailUrl":"https:\/\/www.lovendal.ro\/wp52\/wp-content\/uploads\/2020\/05\/gigant-Twitter-coperta.jpg","keywords":["avion","Bizar","bodyguard","Casa Alb\u0103","fotograf","fotografie","Garda Na\u0163ional\u0103","gigan\u0163i","pre\u015fedinte","SUA","Trump","Twitter","ziarist"],"articleSection":["Bizar"],"inLanguage":"ro-RO"},{"@type":"WebPage","@id":"https:\/\/www.lovendal.ro\/wp52\/o-dumnezeule-bodyguard-ul-presedintelui-trump-pare-a-fi-un-gigant-de-25-metri\/","url":"https:\/\/www.lovendal.ro\/wp52\/o-dumnezeule-bodyguard-ul-presedintelui-trump-pare-a-fi-un-gigant-de-25-metri\/","name":"O, Dumnezeule, bodyguard-ul pre\u015fedintelui Trump pare a fi un gigant de 2,5 metri! - Secretele lui Lovendal","isPartOf":{"@id":"https:\/\/www.lovendal.ro\/wp52\/#website"},"primaryImageOfPage":{"@id":"https:\/\/www.lovendal.ro\/wp52\/o-dumnezeule-bodyguard-ul-presedintelui-trump-pare-a-fi-un-gigant-de-25-metri\/#primaryimage"},"image":{"@id":"https:\/\/www.lovendal.ro\/wp52\/o-dumnezeule-bodyguard-ul-presedintelui-trump-pare-a-fi-un-gigant-de-25-metri\/#primaryimage"},"thumbnailUrl":"https:\/\/www.lovendal.ro\/wp52\/wp-content\/uploads\/2020\/05\/gigant-Twitter-coperta.jpg","datePublished":"2020-05-04T19:04:04+00:00","breadcrumb":{"@id":"https:\/\/www.lovendal.ro\/wp52\/o-dumnezeule-bodyguard-ul-presedintelui-trump-pare-a-fi-un-gigant-de-25-metri\/#breadcrumb"},"inLanguage":"ro-RO","potentialAction":[{"@type":"ReadAction","target":["https:\/\/www.lovendal.ro\/wp52\/o-dumnezeule-bodyguard-ul-presedintelui-trump-pare-a-fi-un-gigant-de-25-metri\/"]}]},{"@type":"ImageObject","inLanguage":"ro-RO","@id":"https:\/\/www.lovendal.ro\/wp52\/o-dumnezeule-bodyguard-ul-presedintelui-trump-pare-a-fi-un-gigant-de-25-metri\/#primaryimage","url":"https:\/\/www.lovendal.ro\/wp52\/wp-content\/uploads\/2020\/05\/gigant-Twitter-coperta.jpg","contentUrl":"https:\/\/www.lovendal.ro\/wp52\/wp-content\/uploads\/2020\/05\/gigant-Twitter-coperta.jpg","width":357,"height":211},{"@type":"BreadcrumbList","@id":"https:\/\/www.lovendal.ro\/wp52\/o-dumnezeule-bodyguard-ul-presedintelui-trump-pare-a-fi-un-gigant-de-25-metri\/#breadcrumb","itemListElement":[{"@type":"ListItem","position":1,"name":"Home","item":"https:\/\/www.lovendal.ro\/wp52\/"},{"@type":"ListItem","position":2,"name":"O, Dumnezeule, bodyguard-ul pre\u015fedintelui Trump pare a fi un gigant de 2,5 metri!"}]},{"@type":"WebSite","@id":"https:\/\/www.lovendal.ro\/wp52\/#website","url":"https:\/\/www.lovendal.ro\/wp52\/","name":"Secretele lui Lovendal","description":"Site de secrete, stiinta si metafizica - din 2008 -","publisher":{"@id":"https:\/\/www.lovendal.ro\/wp52\/#organization"},"potentialAction":[{"@type":"SearchAction","target":{"@type":"EntryPoint","urlTemplate":"https:\/\/www.lovendal.ro\/wp52\/?s={search_term_string}"},"query-input":{"@type":"PropertyValueSpecification","valueRequired":true,"valueName":"search_term_string"}}],"inLanguage":"ro-RO"},{"@type":"Organization","@id":"https:\/\/www.lovendal.ro\/wp52\/#organization","name":"Secretele lui Lovendal","url":"https:\/\/www.lovendal.ro\/wp52\/","logo":{"@type":"ImageObject","inLanguage":"ro-RO","@id":"https:\/\/www.lovendal.ro\/wp52\/#\/schema\/logo\/image\/","url":"https:\/\/www.lovendal.ro\/wp52\/wp-content\/uploads\/2024\/06\/cropped-SLL-iun-2024-1.jpg","contentUrl":"https:\/\/www.lovendal.ro\/wp52\/wp-content\/uploads\/2024\/06\/cropped-SLL-iun-2024-1.jpg","width":771,"height":240,"caption":"Secretele lui Lovendal"},"image":{"@id":"https:\/\/www.lovendal.ro\/wp52\/#\/schema\/logo\/image\/"},"sameAs":["https:\/\/www.facebook.com\/secreteleluilovendal"]},{"@type":"Person","@id":"https:\/\/www.lovendal.ro\/wp52\/#\/schema\/person\/088691de5dfc346bb0c023e1e52ef5d9","name":"admin","image":{"@type":"ImageObject","inLanguage":"ro-RO","@id":"https:\/\/secure.gravatar.com\/avatar\/ecb9cd41f5f63c9c9b989999a59f6e2639a865ec361e9db054db0679a8f341c2?s=96&d=mm&r=g","url":"https:\/\/secure.gravatar.com\/avatar\/ecb9cd41f5f63c9c9b989999a59f6e2639a865ec361e9db054db0679a8f341c2?s=96&d=mm&r=g","contentUrl":"https:\/\/secure.gravatar.com\/avatar\/ecb9cd41f5f63c9c9b989999a59f6e2639a865ec361e9db054db0679a8f341c2?s=96&d=mm&r=g","caption":"admin"},"sameAs":["https:\/\/www.lovendal.ro\/wp52"]}]}},"_links":{"self":[{"href":"https:\/\/www.lovendal.ro\/wp52\/wp-json\/wp\/v2\/posts\/69132","targetHints":{"allow":["GET"]}}],"collection":[{"href":"https:\/\/www.lovendal.ro\/wp52\/wp-json\/wp\/v2\/posts"}],"about":[{"href":"https:\/\/www.lovendal.ro\/wp52\/wp-json\/wp\/v2\/types\/post"}],"author":[{"embeddable":true,"href":"https:\/\/www.lovendal.ro\/wp52\/wp-json\/wp\/v2\/users\/1"}],"replies":[{"embeddable":true,"href":"https:\/\/www.lovendal.ro\/wp52\/wp-json\/wp\/v2\/comments?post=69132"}],"version-history":[{"count":0,"href":"https:\/\/www.lovendal.ro\/wp52\/wp-json\/wp\/v2\/posts\/69132\/revisions"}],"wp:featuredmedia":[{"embeddable":true,"href":"https:\/\/www.lovendal.ro\/wp52\/wp-json\/wp\/v2\/media\/69136"}],"wp:attachment":[{"href":"https:\/\/www.lovendal.ro\/wp52\/wp-json\/wp\/v2\/media?parent=69132"}],"wp:term":[{"taxonomy":"category","embeddable":true,"href":"https:\/\/www.lovendal.ro\/wp52\/wp-json\/wp\/v2\/categories?post=69132"},{"taxonomy":"post_tag","embeddable":true,"href":"https:\/\/www.lovendal.ro\/wp52\/wp-json\/wp\/v2\/tags?post=69132"}],"curies":[{"name":"wp","href":"https:\/\/api.w.org\/{rel}","templated":true}]}}