{"id":69050,"date":"2020-05-02T14:45:43","date_gmt":"2020-05-02T11:45:43","guid":{"rendered":"https:\/\/www.lovendal.ro\/wp52\/?p=69050"},"modified":"2020-05-02T14:45:43","modified_gmt":"2020-05-02T11:45:43","slug":"detalii-uluitoare-despre-originea-organizatiei-illuminati-legatura-ei-cu-o-doctrina-secreta-gnostica-din-secolul-al-iii-lea-si-cu-secta-musulmana-a-asasinilor","status":"publish","type":"post","link":"https:\/\/www.lovendal.ro\/wp52\/detalii-uluitoare-despre-originea-organizatiei-illuminati-legatura-ei-cu-o-doctrina-secreta-gnostica-din-secolul-al-iii-lea-si-cu-secta-musulmana-a-asasinilor\/","title":{"rendered":"Detalii uluitoare despre originea organiza\u0163iei Illuminati &#8211; leg\u0103tura ei cu o doctrin\u0103 secret\u0103 gnostic\u0103 din secolul al III-lea \u015fi cu secta musulman\u0103 a Asasinilor"},"content":{"rendered":"<p><a href=\"https:\/\/www.lovendal.ro\/wp52\/wp-content\/uploads\/2020\/05\/Illuminati-creatie.jpg\"><img loading=\"lazy\" decoding=\"async\" class=\"alignleft size-full wp-image-69051\" src=\"https:\/\/www.lovendal.ro\/wp52\/wp-content\/uploads\/2020\/05\/Illuminati-creatie.jpg\" alt=\"\" width=\"360\" height=\"256\" srcset=\"https:\/\/www.lovendal.ro\/wp52\/wp-content\/uploads\/2020\/05\/Illuminati-creatie.jpg 360w, https:\/\/www.lovendal.ro\/wp52\/wp-content\/uploads\/2020\/05\/Illuminati-creatie-300x213.jpg 300w, https:\/\/www.lovendal.ro\/wp52\/wp-content\/uploads\/2020\/05\/Illuminati-creatie-100x70.jpg 100w\" sizes=\"auto, (max-width: 360px) 100vw, 360px\" \/><\/a>Precum se \u015ftie, pe 1 mai 1776, profesorul de drept civil Adam Weishaupt de la Universitatea Ingolstadt, formeaz\u0103 organiza\u0163ia Illuminati, una dintre cele mai hulite organiza\u0163ii din lume. Dar, trebuie s\u0103 fii naiv s\u0103 crezi c\u0103 un simplu profesor universitar poate s\u0103 creeze de unul singur o organiza\u0163ie, care s\u0103 devin\u0103 \u00een scurt timp spaima tuturor guvernelor din Europa. E clar c\u0103 el a avut \u00een spate sus\u0163inerea altora; de aceea, nu degeaba au ap\u0103rut zvonurile c\u0103 unul dintre co-fondatori ar fi fost Wilhelm de Hesse, patronul lui Mayer Rothschild, creatorul dinastei banchere Rothschild. De atunci, a r\u0103mas zvonul c\u0103 Illuminati reprezint\u0103, de fapt, Rothschild.<\/p>\n<p><em><strong>Weishaupt \u015fi iezui\u0163ii<\/strong><\/em><\/p>\n<p>Ordinul Illuminati a fost interzis de papa Clement al XlV-lea. Acest lucru l-a \u00eenfuriat pe Weishaupt, pentru c\u0103 studia pentru a deveni preot iezuit. De\u015fi acest edict l-a determinat pe Weishaupt s\u0103 rup\u0103 orice leg\u0103tur\u0103 cu biserica, el a r\u0103mas fascinat de canoanele teologiei iezuite.<\/p>\n<p>\u021ain\u00e2nd seama de profunda lui cunoa\u0219tere a Ordinului Iezuit, este posibil ca Weishaupt s\u0103 fi preluat numele de Illuminati de la un grup secret disident din r\u00e2ndurile iezui\u021bilor, numit Alumbrados (\u201eIlumina\u021bii&#8221;) din Spania, grup care fost \u00eenfiin\u021bat de fondatorul iezui\u021bilor, spaniolul Ignatius de Loyola. Ace\u0219tia predicau o form\u0103 de gnosticism, crez\u00e2nd c\u0103 spiritul uman putea ob\u021bine cunoa\u0219terea direct\u0103 a lui Dumnezeu \u0219i c\u0103 \u00eenfloriturile religiei formale nu erau necesare pentru cei care descopereau \u201elumina&#8221;. \u00cen aceste condi\u021bii, nu trebuie s\u0103 ne mire faptul c\u0103 Inchizi\u021bia Spaniol\u0103 a emis edicte succesive de interzicere a activit\u0103\u021bii acestui grup \u00een anii 1568, 1574 \u0219i 1623. Weishaupt scria c\u0103, odat\u0103 ce \u00eentemeiase organiza\u021bia Illuminati, \u0219i el, de asemenea, a avut de \u00eenfruntat <em>\u201edu\u0219m\u0103nia de moarte a iezui\u021bilor, la ale c\u0103ror intrigi a fost totdeauna expus&#8221;.<\/em><\/p>\n<p><em><strong>Doctrina secret\u0103 gnostic\u0103 din secolul al III-lea<\/strong><\/em><\/p>\n<p>Se pare c\u0103 Adam Weishaupt a fost, de asemenea, foarte influen\u021bat \u00een decizia lui de un negustor cunoscut doar sub numele de Kolmer. Acesta, suspectat de unii cercet\u0103tori ca fiind una \u0219i aceea\u0219i persoan\u0103 cu Altotas, care era admirat \u0219i men\u021bionat de magicianul Cur\u021bii franceze \u0219i revolu\u021bionarul Cagliostro, \u0219i-a dob\u00e2ndit cuno\u0219tin\u021bele ezoterice din Egipt \u0219i Persia, tr\u0103ind mul\u021bi ani \u00een Orientul Mijlociu. Kolmer predica o doctrin\u0103 secret\u0103 bazat\u0103 pe o form\u0103 veche de gnosticism, denumit\u0103 maniheism, sau mandeenism, care folosea cuv\u00e2ntul iluminat \u00eenainte de secolul al III-lea.<\/p>\n<p>Din c\u00e2te se spunea, Kolmer l-a \u00eent\u00e2lnit pe Cagliostro pe insula Malta, o citadel\u0103 a Cavalerilor Templieri, \u00een timpul c\u0103l\u0103toriei sale c\u0103tre Fran\u021ba \u0219i Germania, la \u00eenceputul anilor 1770. Cagliostro, viitorul revolu\u021bionar francez, s-a implicat apoi \u00een activit\u0103\u021bile masoneriei \u00eempreun\u0103 cu renumitul fante vene\u021bian Giovanni Giacomo Casanova, precum \u0219i cu misteriosul conte de Saint-Germain.<\/p>\n<p>Odat\u0103 ajuns \u00een Germania, Kolmer i-a \u00eemp\u0103rt\u0103\u0219it secretele sale lui Weishaupt, care apoi a avut nevoie de c\u00e2\u021biva ani pentru a se hot\u0103r\u00ee cum s\u0103 uneasc\u0103 toate sistemele oculte \u00een noul s\u0103u ordin, IIluminati. Devo\u021biunea lui Weishaupt fa\u021b\u0103 de vechile mistere mesopotamiene este demonstrat\u0103 \u0219i de faptul c\u0103 organiza\u021bia lui secret\u0103, Illuminati, adoptase calendarul persan.<\/p>\n<p><strong><em>Structura ini\u0163ial\u0103 a organiza\u0163iei Illuminati<\/em><\/strong><\/p>\n<p>Weishaupt a creat pentru ini\u021bia\u021bi o structur\u0103 piramidal\u0103, dup\u0103 modelul iezuit \u0219i francmasonic, \u00een care persoanele importante ocupau primele nou\u0103 grade superioare din ierarhia organiza\u021biei. Colegilor s\u0103i din organiza\u021bia Illuminati, Weishaupt le era cunoscut sub numele de cod \u201eSpartacus&#8221;, nume \u00eensu\u0219it \u00een onoarea sclavului care a condus o revolt\u0103 s\u00e2ngeroas\u0103 \u00eempotriva romanilor \u00een anul 73 \u00ee.Hr.<\/p>\n<p><strong><em>Organiza\u0163ia Illuminati \u00ee\u015fi are originea \u00een cadrul sectei musulmane a ismaeli\u0163ilor?<\/em><\/strong><\/p>\n<p>Potrivit unui articol ap\u0103rut \u00eentr-o revist\u0103 \u00een anul 1969, organiza\u021bia Illuminati ar fi ap\u0103rut \u00een cadrul sectei musulmane a ismaeli\u021bilor, un grup str\u00e2ns legat de venera\u021bii Cavaleri Templieri, care s-ar putea s\u0103 fi adus idealurile organiza\u021biei Illuminati \u00een Europa cu c\u00e2teva sute de ani \u00eenaintea lui Weishaupt. Autorul articolului spunea c\u0103 Weishaupt studiase \u00eenv\u0103\u021b\u0103turile liderului infamei secte musulmane a Asasinilor, numi\u021bi astfel pentru c\u0103 erau mari consumatori de ha*i\u0219, \u0219i c\u0103 el \u00eensu\u0219i ajungea s\u0103 dob\u00e2ndeasc\u0103 \u201eiluminarea&#8221; cu ajutorul mari*uanei cultivate pe l\u00e2ng\u0103 cas\u0103.<\/p>\n<p><strong><em>Doctrina principal\u0103 a Illuminati: scopul scuz\u0103 mijloacele!<\/em><\/strong><\/p>\n<p>Membrii organiza\u021biei Illuminati erau \u00eendoctrina\u021bi cu cuno\u0219tin\u021bele ezoterice antice \u0219i se opuneau faptului pe care ei \u00eel interpretau a fi tirania exercitat\u0103 asupra popoarelor de Biserica Catolic\u0103 \u0219i de guvernele na\u021bionale sprijinite de aceasta. Weishaupt scria: <em>\u201eOmul, \u00een esen\u021b\u0103, nu este r\u0103u, el este obligat s\u0103 devin\u0103 astfel de c\u0103tre o moralitate arbitrar\u0103. El este r\u0103u pentru c\u0103 religia, statul \u0219i exemplele rele \u00eei pervertesc sufletul. C\u00e2nd, \u00een sf\u00e2r\u0219it, ra\u021biunea va deveni religia oamenilor, atunci va fi rezolvat\u0103 problema.&#8221;<\/em><\/p>\n<p>Weishaupt pomenea, de asemenea, despre o filozofie care a fost utilizat\u0103 cu rezultate cumplite de-a lungul anilor de c\u0103tre Hitler \u0219i de mul\u021bi al\u021bi tirani.<em> \u201eP\u0103stra\u021bi secretul nostru. \u021aine\u021bi minte c\u0103 atingerea scopului scuz\u0103 mijloacele folosite pentru asta \u0219i c\u0103 \u00een\u021belep\u021bii ar trebui s\u0103 foloseasc\u0103, pentru a face binele, toate mijloacele pe care r\u0103ii le folosesc pentru a face r\u0103ul.&#8221;<\/em> A\u0219a c\u0103, pentru ilumina\u021bi, este acceptabil orice mijloc ce-i ajut\u0103 s\u0103-\u0219i ating\u0103 scopurile, indiferent dac\u0103 asta \u00eenseamn\u0103 s\u0103 mint\u0103, s\u0103 \u00een\u0219ele, s\u0103 fure, s\u0103 ucid\u0103 sau s\u0103 declan\u0219eze r\u0103zboaie.<\/p>\n","protected":false},"excerpt":{"rendered":"<p>Precum se \u015ftie, pe 1 mai 1776, profesorul de drept civil Adam Weishaupt de la Universitatea Ingolstadt, formeaz\u0103 organiza\u0163ia Illuminati, una dintre cele mai hulite organiza\u0163ii din lume. Dar, trebuie s\u0103 fii naiv s\u0103 crezi c\u0103 un simplu profesor universitar &#8230; <\/p>\n<p class=\"read-more-container\"><a title=\"Detalii uluitoare despre originea organiza\u0163iei Illuminati &#8211; leg\u0103tura ei cu o doctrin\u0103 secret\u0103 gnostic\u0103 din secolul al III-lea \u015fi cu secta musulman\u0103 a Asasinilor\" class=\"read-more button\" href=\"https:\/\/www.lovendal.ro\/wp52\/detalii-uluitoare-despre-originea-organizatiei-illuminati-legatura-ei-cu-o-doctrina-secreta-gnostica-din-secolul-al-iii-lea-si-cu-secta-musulmana-a-asasinilor\/#more-69050\" aria-label=\"Cite\u0219te mai multe despre Detalii uluitoare despre originea organiza\u0163iei Illuminati &#8211; leg\u0103tura ei cu o doctrin\u0103 secret\u0103 gnostic\u0103 din secolul al III-lea \u015fi cu secta musulman\u0103 a Asasinilor\">Cititi mai multe<\/a><\/p>\n","protected":false},"author":1,"featured_media":69051,"comment_status":"closed","ping_status":"open","sticky":false,"template":"","format":"standard","meta":{"footnotes":""},"categories":[475],"tags":[8192,5435,1415,342,1184,570,2946,358,13787,323,386,341,202,203,3447,4464,85,2094,1289,1906,1784,14324,952,1775,2109,42,4028,97,3878,592,427,2364,1209,4780,1278,318,14323,198,2250,14322],"class_list":["post-69050","post","type-post","status-publish","format-standard","has-post-thumbnail","hentry","category-conspiratii-mistere","tag-adam-weishaupt","tag-bancheri","tag-biserica-catolica","tag-calendar","tag-casanova","tag-cavaleri-templieri","tag-clement-al-xiv-lea","tag-conspiratii-si-mistere","tag-contele-de-cagliostro","tag-dumnezeu","tag-egipt","tag-europa","tag-franta","tag-germania","tag-gnosticism","tag-guvern","tag-hitler","tag-iezuiti","tag-illuminati","tag-inchizitie","tag-insula","tag-ismaeliti","tag-lumina","tag-malta","tag-maniheism","tag-masonerie","tag-orientul-mijlociu","tag-papa","tag-persia","tag-preot","tag-religie","tag-revista","tag-rothschild","tag-sclav","tag-secta","tag-spania","tag-spartacus","tag-st-germain","tag-universitate","tag-wilhelm-de-hesse"],"yoast_head":"<!-- This site is optimized with the Yoast SEO Premium plugin v23.3 (Yoast SEO v27.4) - https:\/\/yoast.com\/product\/yoast-seo-premium-wordpress\/ -->\n<title>Detalii uluitoare despre originea organiza\u0163iei Illuminati - leg\u0103tura ei cu o doctrin\u0103 secret\u0103 gnostic\u0103 din secolul al III-lea \u015fi cu secta musulman\u0103 a Asasinilor - Secretele lui Lovendal<\/title>\n<meta name=\"robots\" content=\"index, follow, max-snippet:-1, max-image-preview:large, max-video-preview:-1\" \/>\n<link rel=\"canonical\" href=\"https:\/\/www.lovendal.ro\/wp52\/detalii-uluitoare-despre-originea-organizatiei-illuminati-legatura-ei-cu-o-doctrina-secreta-gnostica-din-secolul-al-iii-lea-si-cu-secta-musulmana-a-asasinilor\/\" \/>\n<meta property=\"og:locale\" content=\"ro_RO\" \/>\n<meta property=\"og:type\" content=\"article\" \/>\n<meta property=\"og:title\" content=\"Detalii uluitoare despre originea organiza\u0163iei Illuminati - leg\u0103tura ei cu o doctrin\u0103 secret\u0103 gnostic\u0103 din secolul al III-lea \u015fi cu secta musulman\u0103 a Asasinilor\" \/>\n<meta property=\"og:description\" content=\"Precum se \u015ftie, pe 1 mai 1776, profesorul de drept civil Adam Weishaupt de la Universitatea Ingolstadt, formeaz\u0103 organiza\u0163ia Illuminati, una dintre cele mai hulite organiza\u0163ii din lume. Dar, trebuie s\u0103 fii naiv s\u0103 crezi c\u0103 un simplu profesor universitar ... Cititi mai multe\" \/>\n<meta property=\"og:url\" content=\"https:\/\/www.lovendal.ro\/wp52\/detalii-uluitoare-despre-originea-organizatiei-illuminati-legatura-ei-cu-o-doctrina-secreta-gnostica-din-secolul-al-iii-lea-si-cu-secta-musulmana-a-asasinilor\/\" \/>\n<meta property=\"og:site_name\" content=\"Secretele lui Lovendal\" \/>\n<meta property=\"article:publisher\" content=\"https:\/\/www.facebook.com\/secreteleluilovendal\" \/>\n<meta property=\"article:published_time\" content=\"2020-05-02T11:45:43+00:00\" \/>\n<meta property=\"og:image\" content=\"https:\/\/www.lovendal.ro\/wp52\/wp-content\/uploads\/2020\/05\/Illuminati-creatie.jpg\" \/>\n\t<meta property=\"og:image:width\" content=\"360\" \/>\n\t<meta property=\"og:image:height\" content=\"256\" \/>\n\t<meta property=\"og:image:type\" content=\"image\/jpeg\" \/>\n<meta name=\"author\" content=\"admin\" \/>\n<meta name=\"twitter:card\" content=\"summary_large_image\" \/>\n<meta name=\"twitter:label1\" content=\"Scris de\" \/>\n\t<meta name=\"twitter:data1\" content=\"admin\" \/>\n\t<meta name=\"twitter:label2\" content=\"Timp estimat pentru citire\" \/>\n\t<meta name=\"twitter:data2\" content=\"5 minute\" \/>\n<script type=\"application\/ld+json\" class=\"yoast-schema-graph\">{\"@context\":\"https:\\\/\\\/schema.org\",\"@graph\":[{\"@type\":\"Article\",\"@id\":\"https:\\\/\\\/www.lovendal.ro\\\/wp52\\\/detalii-uluitoare-despre-originea-organizatiei-illuminati-legatura-ei-cu-o-doctrina-secreta-gnostica-din-secolul-al-iii-lea-si-cu-secta-musulmana-a-asasinilor\\\/#article\",\"isPartOf\":{\"@id\":\"https:\\\/\\\/www.lovendal.ro\\\/wp52\\\/detalii-uluitoare-despre-originea-organizatiei-illuminati-legatura-ei-cu-o-doctrina-secreta-gnostica-din-secolul-al-iii-lea-si-cu-secta-musulmana-a-asasinilor\\\/\"},\"author\":{\"name\":\"admin\",\"@id\":\"https:\\\/\\\/www.lovendal.ro\\\/wp52\\\/#\\\/schema\\\/person\\\/088691de5dfc346bb0c023e1e52ef5d9\"},\"headline\":\"Detalii uluitoare despre originea organiza\u0163iei Illuminati &#8211; leg\u0103tura ei cu o doctrin\u0103 secret\u0103 gnostic\u0103 din secolul al III-lea \u015fi cu secta musulman\u0103 a Asasinilor\",\"datePublished\":\"2020-05-02T11:45:43+00:00\",\"mainEntityOfPage\":{\"@id\":\"https:\\\/\\\/www.lovendal.ro\\\/wp52\\\/detalii-uluitoare-despre-originea-organizatiei-illuminati-legatura-ei-cu-o-doctrina-secreta-gnostica-din-secolul-al-iii-lea-si-cu-secta-musulmana-a-asasinilor\\\/\"},\"wordCount\":948,\"publisher\":{\"@id\":\"https:\\\/\\\/www.lovendal.ro\\\/wp52\\\/#organization\"},\"image\":{\"@id\":\"https:\\\/\\\/www.lovendal.ro\\\/wp52\\\/detalii-uluitoare-despre-originea-organizatiei-illuminati-legatura-ei-cu-o-doctrina-secreta-gnostica-din-secolul-al-iii-lea-si-cu-secta-musulmana-a-asasinilor\\\/#primaryimage\"},\"thumbnailUrl\":\"https:\\\/\\\/www.lovendal.ro\\\/wp52\\\/wp-content\\\/uploads\\\/2020\\\/05\\\/Illuminati-creatie.jpg\",\"keywords\":[\"Adam Weishaupt\",\"bancheri\",\"Biserica Catolic\u0103\",\"calendar\",\"Casanova\",\"cavaleri templieri\",\"Clement al XIV-lea\",\"Conspiratii si Mistere\",\"contele de Cagliostro\",\"Dumnezeu\",\"Egipt\",\"Europa\",\"Fran\u0163a\",\"Germania\",\"gnosticism\",\"guvern\",\"Hitler\",\"Iezui\u0163i\",\"Illuminati\",\"Inchizi\u0163ie\",\"insul\u0103\",\"ismaeli\u0163i\",\"lumin\u0103\",\"Malta\",\"maniheism\",\"masonerie\",\"Orientul Mijlociu\",\"papa\",\"Persia\",\"preot\",\"religie\",\"revist\u0103\",\"Rothschild\",\"sclav\",\"sect\u0103\",\"Spania\",\"Spartacus\",\"St. Germain\",\"universitate\",\"Wilhelm de Hesse\"],\"articleSection\":[\"Conspiratii si Mistere\"],\"inLanguage\":\"ro-RO\"},{\"@type\":\"WebPage\",\"@id\":\"https:\\\/\\\/www.lovendal.ro\\\/wp52\\\/detalii-uluitoare-despre-originea-organizatiei-illuminati-legatura-ei-cu-o-doctrina-secreta-gnostica-din-secolul-al-iii-lea-si-cu-secta-musulmana-a-asasinilor\\\/\",\"url\":\"https:\\\/\\\/www.lovendal.ro\\\/wp52\\\/detalii-uluitoare-despre-originea-organizatiei-illuminati-legatura-ei-cu-o-doctrina-secreta-gnostica-din-secolul-al-iii-lea-si-cu-secta-musulmana-a-asasinilor\\\/\",\"name\":\"Detalii uluitoare despre originea organiza\u0163iei Illuminati - leg\u0103tura ei cu o doctrin\u0103 secret\u0103 gnostic\u0103 din secolul al III-lea \u015fi cu secta musulman\u0103 a Asasinilor - Secretele lui Lovendal\",\"isPartOf\":{\"@id\":\"https:\\\/\\\/www.lovendal.ro\\\/wp52\\\/#website\"},\"primaryImageOfPage\":{\"@id\":\"https:\\\/\\\/www.lovendal.ro\\\/wp52\\\/detalii-uluitoare-despre-originea-organizatiei-illuminati-legatura-ei-cu-o-doctrina-secreta-gnostica-din-secolul-al-iii-lea-si-cu-secta-musulmana-a-asasinilor\\\/#primaryimage\"},\"image\":{\"@id\":\"https:\\\/\\\/www.lovendal.ro\\\/wp52\\\/detalii-uluitoare-despre-originea-organizatiei-illuminati-legatura-ei-cu-o-doctrina-secreta-gnostica-din-secolul-al-iii-lea-si-cu-secta-musulmana-a-asasinilor\\\/#primaryimage\"},\"thumbnailUrl\":\"https:\\\/\\\/www.lovendal.ro\\\/wp52\\\/wp-content\\\/uploads\\\/2020\\\/05\\\/Illuminati-creatie.jpg\",\"datePublished\":\"2020-05-02T11:45:43+00:00\",\"breadcrumb\":{\"@id\":\"https:\\\/\\\/www.lovendal.ro\\\/wp52\\\/detalii-uluitoare-despre-originea-organizatiei-illuminati-legatura-ei-cu-o-doctrina-secreta-gnostica-din-secolul-al-iii-lea-si-cu-secta-musulmana-a-asasinilor\\\/#breadcrumb\"},\"inLanguage\":\"ro-RO\",\"potentialAction\":[{\"@type\":\"ReadAction\",\"target\":[\"https:\\\/\\\/www.lovendal.ro\\\/wp52\\\/detalii-uluitoare-despre-originea-organizatiei-illuminati-legatura-ei-cu-o-doctrina-secreta-gnostica-din-secolul-al-iii-lea-si-cu-secta-musulmana-a-asasinilor\\\/\"]}]},{\"@type\":\"ImageObject\",\"inLanguage\":\"ro-RO\",\"@id\":\"https:\\\/\\\/www.lovendal.ro\\\/wp52\\\/detalii-uluitoare-despre-originea-organizatiei-illuminati-legatura-ei-cu-o-doctrina-secreta-gnostica-din-secolul-al-iii-lea-si-cu-secta-musulmana-a-asasinilor\\\/#primaryimage\",\"url\":\"https:\\\/\\\/www.lovendal.ro\\\/wp52\\\/wp-content\\\/uploads\\\/2020\\\/05\\\/Illuminati-creatie.jpg\",\"contentUrl\":\"https:\\\/\\\/www.lovendal.ro\\\/wp52\\\/wp-content\\\/uploads\\\/2020\\\/05\\\/Illuminati-creatie.jpg\",\"width\":360,\"height\":256},{\"@type\":\"BreadcrumbList\",\"@id\":\"https:\\\/\\\/www.lovendal.ro\\\/wp52\\\/detalii-uluitoare-despre-originea-organizatiei-illuminati-legatura-ei-cu-o-doctrina-secreta-gnostica-din-secolul-al-iii-lea-si-cu-secta-musulmana-a-asasinilor\\\/#breadcrumb\",\"itemListElement\":[{\"@type\":\"ListItem\",\"position\":1,\"name\":\"Home\",\"item\":\"https:\\\/\\\/www.lovendal.ro\\\/wp52\\\/\"},{\"@type\":\"ListItem\",\"position\":2,\"name\":\"Detalii uluitoare despre originea organiza\u0163iei Illuminati &#8211; leg\u0103tura ei cu o doctrin\u0103 secret\u0103 gnostic\u0103 din secolul al III-lea \u015fi cu secta musulman\u0103 a Asasinilor\"}]},{\"@type\":\"WebSite\",\"@id\":\"https:\\\/\\\/www.lovendal.ro\\\/wp52\\\/#website\",\"url\":\"https:\\\/\\\/www.lovendal.ro\\\/wp52\\\/\",\"name\":\"Secretele lui Lovendal\",\"description\":\"Site de secrete, stiinta si metafizica - din 2008 -\",\"publisher\":{\"@id\":\"https:\\\/\\\/www.lovendal.ro\\\/wp52\\\/#organization\"},\"potentialAction\":[{\"@type\":\"SearchAction\",\"target\":{\"@type\":\"EntryPoint\",\"urlTemplate\":\"https:\\\/\\\/www.lovendal.ro\\\/wp52\\\/?s={search_term_string}\"},\"query-input\":{\"@type\":\"PropertyValueSpecification\",\"valueRequired\":true,\"valueName\":\"search_term_string\"}}],\"inLanguage\":\"ro-RO\"},{\"@type\":\"Organization\",\"@id\":\"https:\\\/\\\/www.lovendal.ro\\\/wp52\\\/#organization\",\"name\":\"Secretele lui Lovendal\",\"url\":\"https:\\\/\\\/www.lovendal.ro\\\/wp52\\\/\",\"logo\":{\"@type\":\"ImageObject\",\"inLanguage\":\"ro-RO\",\"@id\":\"https:\\\/\\\/www.lovendal.ro\\\/wp52\\\/#\\\/schema\\\/logo\\\/image\\\/\",\"url\":\"https:\\\/\\\/www.lovendal.ro\\\/wp52\\\/wp-content\\\/uploads\\\/2024\\\/06\\\/cropped-SLL-iun-2024-1.jpg\",\"contentUrl\":\"https:\\\/\\\/www.lovendal.ro\\\/wp52\\\/wp-content\\\/uploads\\\/2024\\\/06\\\/cropped-SLL-iun-2024-1.jpg\",\"width\":771,\"height\":240,\"caption\":\"Secretele lui Lovendal\"},\"image\":{\"@id\":\"https:\\\/\\\/www.lovendal.ro\\\/wp52\\\/#\\\/schema\\\/logo\\\/image\\\/\"},\"sameAs\":[\"https:\\\/\\\/www.facebook.com\\\/secreteleluilovendal\"]},{\"@type\":\"Person\",\"@id\":\"https:\\\/\\\/www.lovendal.ro\\\/wp52\\\/#\\\/schema\\\/person\\\/088691de5dfc346bb0c023e1e52ef5d9\",\"name\":\"admin\",\"image\":{\"@type\":\"ImageObject\",\"inLanguage\":\"ro-RO\",\"@id\":\"https:\\\/\\\/secure.gravatar.com\\\/avatar\\\/ecb9cd41f5f63c9c9b989999a59f6e2639a865ec361e9db054db0679a8f341c2?s=96&d=mm&r=g\",\"url\":\"https:\\\/\\\/secure.gravatar.com\\\/avatar\\\/ecb9cd41f5f63c9c9b989999a59f6e2639a865ec361e9db054db0679a8f341c2?s=96&d=mm&r=g\",\"contentUrl\":\"https:\\\/\\\/secure.gravatar.com\\\/avatar\\\/ecb9cd41f5f63c9c9b989999a59f6e2639a865ec361e9db054db0679a8f341c2?s=96&d=mm&r=g\",\"caption\":\"admin\"},\"sameAs\":[\"https:\\\/\\\/www.lovendal.ro\\\/wp52\"]}]}<\/script>\n<!-- \/ Yoast SEO Premium plugin. -->","yoast_head_json":{"title":"Detalii uluitoare despre originea organiza\u0163iei Illuminati - leg\u0103tura ei cu o doctrin\u0103 secret\u0103 gnostic\u0103 din secolul al III-lea \u015fi cu secta musulman\u0103 a Asasinilor - Secretele lui Lovendal","robots":{"index":"index","follow":"follow","max-snippet":"max-snippet:-1","max-image-preview":"max-image-preview:large","max-video-preview":"max-video-preview:-1"},"canonical":"https:\/\/www.lovendal.ro\/wp52\/detalii-uluitoare-despre-originea-organizatiei-illuminati-legatura-ei-cu-o-doctrina-secreta-gnostica-din-secolul-al-iii-lea-si-cu-secta-musulmana-a-asasinilor\/","og_locale":"ro_RO","og_type":"article","og_title":"Detalii uluitoare despre originea organiza\u0163iei Illuminati - leg\u0103tura ei cu o doctrin\u0103 secret\u0103 gnostic\u0103 din secolul al III-lea \u015fi cu secta musulman\u0103 a Asasinilor","og_description":"Precum se \u015ftie, pe 1 mai 1776, profesorul de drept civil Adam Weishaupt de la Universitatea Ingolstadt, formeaz\u0103 organiza\u0163ia Illuminati, una dintre cele mai hulite organiza\u0163ii din lume. Dar, trebuie s\u0103 fii naiv s\u0103 crezi c\u0103 un simplu profesor universitar ... Cititi mai multe","og_url":"https:\/\/www.lovendal.ro\/wp52\/detalii-uluitoare-despre-originea-organizatiei-illuminati-legatura-ei-cu-o-doctrina-secreta-gnostica-din-secolul-al-iii-lea-si-cu-secta-musulmana-a-asasinilor\/","og_site_name":"Secretele lui Lovendal","article_publisher":"https:\/\/www.facebook.com\/secreteleluilovendal","article_published_time":"2020-05-02T11:45:43+00:00","og_image":[{"width":360,"height":256,"url":"https:\/\/www.lovendal.ro\/wp52\/wp-content\/uploads\/2020\/05\/Illuminati-creatie.jpg","type":"image\/jpeg"}],"author":"admin","twitter_card":"summary_large_image","twitter_misc":{"Scris de":"admin","Timp estimat pentru citire":"5 minute"},"schema":{"@context":"https:\/\/schema.org","@graph":[{"@type":"Article","@id":"https:\/\/www.lovendal.ro\/wp52\/detalii-uluitoare-despre-originea-organizatiei-illuminati-legatura-ei-cu-o-doctrina-secreta-gnostica-din-secolul-al-iii-lea-si-cu-secta-musulmana-a-asasinilor\/#article","isPartOf":{"@id":"https:\/\/www.lovendal.ro\/wp52\/detalii-uluitoare-despre-originea-organizatiei-illuminati-legatura-ei-cu-o-doctrina-secreta-gnostica-din-secolul-al-iii-lea-si-cu-secta-musulmana-a-asasinilor\/"},"author":{"name":"admin","@id":"https:\/\/www.lovendal.ro\/wp52\/#\/schema\/person\/088691de5dfc346bb0c023e1e52ef5d9"},"headline":"Detalii uluitoare despre originea organiza\u0163iei Illuminati &#8211; leg\u0103tura ei cu o doctrin\u0103 secret\u0103 gnostic\u0103 din secolul al III-lea \u015fi cu secta musulman\u0103 a Asasinilor","datePublished":"2020-05-02T11:45:43+00:00","mainEntityOfPage":{"@id":"https:\/\/www.lovendal.ro\/wp52\/detalii-uluitoare-despre-originea-organizatiei-illuminati-legatura-ei-cu-o-doctrina-secreta-gnostica-din-secolul-al-iii-lea-si-cu-secta-musulmana-a-asasinilor\/"},"wordCount":948,"publisher":{"@id":"https:\/\/www.lovendal.ro\/wp52\/#organization"},"image":{"@id":"https:\/\/www.lovendal.ro\/wp52\/detalii-uluitoare-despre-originea-organizatiei-illuminati-legatura-ei-cu-o-doctrina-secreta-gnostica-din-secolul-al-iii-lea-si-cu-secta-musulmana-a-asasinilor\/#primaryimage"},"thumbnailUrl":"https:\/\/www.lovendal.ro\/wp52\/wp-content\/uploads\/2020\/05\/Illuminati-creatie.jpg","keywords":["Adam Weishaupt","bancheri","Biserica Catolic\u0103","calendar","Casanova","cavaleri templieri","Clement al XIV-lea","Conspiratii si Mistere","contele de Cagliostro","Dumnezeu","Egipt","Europa","Fran\u0163a","Germania","gnosticism","guvern","Hitler","Iezui\u0163i","Illuminati","Inchizi\u0163ie","insul\u0103","ismaeli\u0163i","lumin\u0103","Malta","maniheism","masonerie","Orientul Mijlociu","papa","Persia","preot","religie","revist\u0103","Rothschild","sclav","sect\u0103","Spania","Spartacus","St. Germain","universitate","Wilhelm de Hesse"],"articleSection":["Conspiratii si Mistere"],"inLanguage":"ro-RO"},{"@type":"WebPage","@id":"https:\/\/www.lovendal.ro\/wp52\/detalii-uluitoare-despre-originea-organizatiei-illuminati-legatura-ei-cu-o-doctrina-secreta-gnostica-din-secolul-al-iii-lea-si-cu-secta-musulmana-a-asasinilor\/","url":"https:\/\/www.lovendal.ro\/wp52\/detalii-uluitoare-despre-originea-organizatiei-illuminati-legatura-ei-cu-o-doctrina-secreta-gnostica-din-secolul-al-iii-lea-si-cu-secta-musulmana-a-asasinilor\/","name":"Detalii uluitoare despre originea organiza\u0163iei Illuminati - leg\u0103tura ei cu o doctrin\u0103 secret\u0103 gnostic\u0103 din secolul al III-lea \u015fi cu secta musulman\u0103 a Asasinilor - Secretele lui Lovendal","isPartOf":{"@id":"https:\/\/www.lovendal.ro\/wp52\/#website"},"primaryImageOfPage":{"@id":"https:\/\/www.lovendal.ro\/wp52\/detalii-uluitoare-despre-originea-organizatiei-illuminati-legatura-ei-cu-o-doctrina-secreta-gnostica-din-secolul-al-iii-lea-si-cu-secta-musulmana-a-asasinilor\/#primaryimage"},"image":{"@id":"https:\/\/www.lovendal.ro\/wp52\/detalii-uluitoare-despre-originea-organizatiei-illuminati-legatura-ei-cu-o-doctrina-secreta-gnostica-din-secolul-al-iii-lea-si-cu-secta-musulmana-a-asasinilor\/#primaryimage"},"thumbnailUrl":"https:\/\/www.lovendal.ro\/wp52\/wp-content\/uploads\/2020\/05\/Illuminati-creatie.jpg","datePublished":"2020-05-02T11:45:43+00:00","breadcrumb":{"@id":"https:\/\/www.lovendal.ro\/wp52\/detalii-uluitoare-despre-originea-organizatiei-illuminati-legatura-ei-cu-o-doctrina-secreta-gnostica-din-secolul-al-iii-lea-si-cu-secta-musulmana-a-asasinilor\/#breadcrumb"},"inLanguage":"ro-RO","potentialAction":[{"@type":"ReadAction","target":["https:\/\/www.lovendal.ro\/wp52\/detalii-uluitoare-despre-originea-organizatiei-illuminati-legatura-ei-cu-o-doctrina-secreta-gnostica-din-secolul-al-iii-lea-si-cu-secta-musulmana-a-asasinilor\/"]}]},{"@type":"ImageObject","inLanguage":"ro-RO","@id":"https:\/\/www.lovendal.ro\/wp52\/detalii-uluitoare-despre-originea-organizatiei-illuminati-legatura-ei-cu-o-doctrina-secreta-gnostica-din-secolul-al-iii-lea-si-cu-secta-musulmana-a-asasinilor\/#primaryimage","url":"https:\/\/www.lovendal.ro\/wp52\/wp-content\/uploads\/2020\/05\/Illuminati-creatie.jpg","contentUrl":"https:\/\/www.lovendal.ro\/wp52\/wp-content\/uploads\/2020\/05\/Illuminati-creatie.jpg","width":360,"height":256},{"@type":"BreadcrumbList","@id":"https:\/\/www.lovendal.ro\/wp52\/detalii-uluitoare-despre-originea-organizatiei-illuminati-legatura-ei-cu-o-doctrina-secreta-gnostica-din-secolul-al-iii-lea-si-cu-secta-musulmana-a-asasinilor\/#breadcrumb","itemListElement":[{"@type":"ListItem","position":1,"name":"Home","item":"https:\/\/www.lovendal.ro\/wp52\/"},{"@type":"ListItem","position":2,"name":"Detalii uluitoare despre originea organiza\u0163iei Illuminati &#8211; leg\u0103tura ei cu o doctrin\u0103 secret\u0103 gnostic\u0103 din secolul al III-lea \u015fi cu secta musulman\u0103 a Asasinilor"}]},{"@type":"WebSite","@id":"https:\/\/www.lovendal.ro\/wp52\/#website","url":"https:\/\/www.lovendal.ro\/wp52\/","name":"Secretele lui Lovendal","description":"Site de secrete, stiinta si metafizica - din 2008 -","publisher":{"@id":"https:\/\/www.lovendal.ro\/wp52\/#organization"},"potentialAction":[{"@type":"SearchAction","target":{"@type":"EntryPoint","urlTemplate":"https:\/\/www.lovendal.ro\/wp52\/?s={search_term_string}"},"query-input":{"@type":"PropertyValueSpecification","valueRequired":true,"valueName":"search_term_string"}}],"inLanguage":"ro-RO"},{"@type":"Organization","@id":"https:\/\/www.lovendal.ro\/wp52\/#organization","name":"Secretele lui Lovendal","url":"https:\/\/www.lovendal.ro\/wp52\/","logo":{"@type":"ImageObject","inLanguage":"ro-RO","@id":"https:\/\/www.lovendal.ro\/wp52\/#\/schema\/logo\/image\/","url":"https:\/\/www.lovendal.ro\/wp52\/wp-content\/uploads\/2024\/06\/cropped-SLL-iun-2024-1.jpg","contentUrl":"https:\/\/www.lovendal.ro\/wp52\/wp-content\/uploads\/2024\/06\/cropped-SLL-iun-2024-1.jpg","width":771,"height":240,"caption":"Secretele lui Lovendal"},"image":{"@id":"https:\/\/www.lovendal.ro\/wp52\/#\/schema\/logo\/image\/"},"sameAs":["https:\/\/www.facebook.com\/secreteleluilovendal"]},{"@type":"Person","@id":"https:\/\/www.lovendal.ro\/wp52\/#\/schema\/person\/088691de5dfc346bb0c023e1e52ef5d9","name":"admin","image":{"@type":"ImageObject","inLanguage":"ro-RO","@id":"https:\/\/secure.gravatar.com\/avatar\/ecb9cd41f5f63c9c9b989999a59f6e2639a865ec361e9db054db0679a8f341c2?s=96&d=mm&r=g","url":"https:\/\/secure.gravatar.com\/avatar\/ecb9cd41f5f63c9c9b989999a59f6e2639a865ec361e9db054db0679a8f341c2?s=96&d=mm&r=g","contentUrl":"https:\/\/secure.gravatar.com\/avatar\/ecb9cd41f5f63c9c9b989999a59f6e2639a865ec361e9db054db0679a8f341c2?s=96&d=mm&r=g","caption":"admin"},"sameAs":["https:\/\/www.lovendal.ro\/wp52"]}]}},"_links":{"self":[{"href":"https:\/\/www.lovendal.ro\/wp52\/wp-json\/wp\/v2\/posts\/69050","targetHints":{"allow":["GET"]}}],"collection":[{"href":"https:\/\/www.lovendal.ro\/wp52\/wp-json\/wp\/v2\/posts"}],"about":[{"href":"https:\/\/www.lovendal.ro\/wp52\/wp-json\/wp\/v2\/types\/post"}],"author":[{"embeddable":true,"href":"https:\/\/www.lovendal.ro\/wp52\/wp-json\/wp\/v2\/users\/1"}],"replies":[{"embeddable":true,"href":"https:\/\/www.lovendal.ro\/wp52\/wp-json\/wp\/v2\/comments?post=69050"}],"version-history":[{"count":0,"href":"https:\/\/www.lovendal.ro\/wp52\/wp-json\/wp\/v2\/posts\/69050\/revisions"}],"wp:featuredmedia":[{"embeddable":true,"href":"https:\/\/www.lovendal.ro\/wp52\/wp-json\/wp\/v2\/media\/69051"}],"wp:attachment":[{"href":"https:\/\/www.lovendal.ro\/wp52\/wp-json\/wp\/v2\/media?parent=69050"}],"wp:term":[{"taxonomy":"category","embeddable":true,"href":"https:\/\/www.lovendal.ro\/wp52\/wp-json\/wp\/v2\/categories?post=69050"},{"taxonomy":"post_tag","embeddable":true,"href":"https:\/\/www.lovendal.ro\/wp52\/wp-json\/wp\/v2\/tags?post=69050"}],"curies":[{"name":"wp","href":"https:\/\/api.w.org\/{rel}","templated":true}]}}