{"id":68998,"date":"2020-04-30T23:30:45","date_gmt":"2020-04-30T20:30:45","guid":{"rendered":"https:\/\/www.lovendal.ro\/wp52\/?p=68998"},"modified":"2020-04-30T23:30:45","modified_gmt":"2020-04-30T20:30:45","slug":"povestea-cavalerului-femeie-noche-si-a-celor-2-pitici-care-au-devenit-faimosi-in-europa-istoricii-au-crezut-ca-totul-e-un-basm-pana-le-au-descoperit-sarcofagul","status":"publish","type":"post","link":"https:\/\/www.lovendal.ro\/wp52\/povestea-cavalerului-femeie-noche-si-a-celor-2-pitici-care-au-devenit-faimosi-in-europa-istoricii-au-crezut-ca-totul-e-un-basm-pana-le-au-descoperit-sarcofagul\/","title":{"rendered":"Povestea cavalerului-femeie Noche \u015fi a celor 2 pitici, care au devenit faimo\u015fi \u00een Europa&#8230; Istoricii au crezut c\u0103 totul e un basm, p\u00e2n\u0103 le-au descoperit sarcofagul!"},"content":{"rendered":"<p><a href=\"https:\/\/www.lovendal.ro\/wp52\/wp-content\/uploads\/2020\/04\/cavaler-femeie.jpg\"><img loading=\"lazy\" decoding=\"async\" class=\"alignleft size-full wp-image-68999\" src=\"https:\/\/www.lovendal.ro\/wp52\/wp-content\/uploads\/2020\/04\/cavaler-femeie.jpg\" alt=\"\" width=\"360\" height=\"315\" srcset=\"https:\/\/www.lovendal.ro\/wp52\/wp-content\/uploads\/2020\/04\/cavaler-femeie.jpg 360w, https:\/\/www.lovendal.ro\/wp52\/wp-content\/uploads\/2020\/04\/cavaler-femeie-300x263.jpg 300w\" sizes=\"auto, (max-width: 360px) 100vw, 360px\" \/><\/a>Undeva \u00eentre secolele al XII-lea \u015fi al XIV-lea, o serie de cronicari \u015fi \u00eenv\u0103\u0163a\u0163i men\u0163ioneaz\u0103 c\u0103 \u00een sudul Fran\u0163ei, pe la 1240, a tr\u0103it \u015fi a luptat un cavaler absolut neobi\u015fnuit. Foarte \u00eenalt pentru acele timpuri, c\u00e2nd statura medie a adul\u0163ilor era de 1,45 m, cu plete lungi \u015fi negre, cu un chip de o frumuse\u0163e nep\u0103m\u00e2ntean\u0103, ciudatul t\u00e2n\u0103r, care vorbea curent c\u00e2teva limbi europene contemporane lui, lupta \u00eentotdeauna de partea celor slabi sau nedrept\u0103\u0163i\u0163i.<\/p>\n<p>Cavalerul era \u00eenso\u0163it de doi &#8222;pitici&#8221;, ce p\u0103reau foarte bine propor\u0163iona\u0163i, dar a c\u0103ror \u00een\u0103l\u0163ime era doar de 1 metru. Cei doi aveau chipuri ciudate, cu ochii oblici, de parc\u0103 ar fi fost mongoloizi.<\/p>\n<p>Cronicile povestesc o serie de str\u0103lucite fapte de arme ale neobi\u015fnuitului trio, care ajunsese cunoscut \u00een Fran\u0163a, Spania, precum \u015fi \u00een \u00eentreaga Europ\u0103.<\/p>\n<p>La asediul unui castel din Burgundia, cavalerul cel \u00eenalt (numit Noche) a fost r\u0103nit grav. Doctorii veni\u0163i \u00een cortul s\u0103u au constatat cu stupoare c\u0103 faimosul r\u0103zboinic era&#8230; o femeie! Rana nu a putut fi \u00eenchis\u0103 \u015fi, sim\u0163ind c\u0103 i se apropie sf\u00e2r\u015fitul, frumoasa necunoscut\u0103 le-a cerut scutierilor s\u0103 o poarte \u00eentr-un loc numai de ei \u015ftiut. De atunci, orice referire la cei trei dispare din cronici.<\/p>\n<p>Istoricii moderni au refuzat s\u0103 admit\u0103 veridicitatea relat\u0103rilor despre cavalerul &#8222;Noche&#8221;. \u00cens\u0103, \u00een septembrie 2000, c\u00e2\u0163iva tineri arheologi care efectuau s\u0103p\u0103turi \u00een ruinele unei aba\u0163ii de l\u00e2ng\u0103 ora\u015ful Beziers (Languedoc) au g\u0103sit un sarcofag de piatr\u0103 perfect conservat, \u00een ceea ce fuseser\u0103 ni\u015fte cripte ascunse sub temelia capelei. \u00cen\u0103untru odihnea un schelet \u00een armur\u0103 complet\u0103, cu coif \u015fi sabie lung\u0103.<\/p>\n<p>Spre stupoarea tuturor, scheletul (vechi de 7 secole \u015fi jum\u0103tate) apar\u0163inea unei femei de vreo 40 de ani, \u00eenalt\u0103 de 1,82 m \u015fi brunet\u0103. \u00cen afara armurii \u015fi a c\u0103m\u0103\u015fii de zale, femeia nu avea niciun alt ve\u015fm\u00e2nt sau podoab\u0103. Pe sarcofag nu scria nimic.<\/p>\n<p>\u00cens\u0103, \u00een aceea\u015fi cript\u0103 fuseser\u0103 \u00eenmorm\u00e2nta\u0163i doi b\u0103rba\u0163i de o v\u00e2rst\u0103 nedefinit\u0103, cu arme \u015fi pieptare de zale. Erau \u00eenal\u0163i de 1,05 metri, iar craniile lor p\u0103strau caractere mixte, euro asiatice.<\/p>\n<p>Femeia-cavaler \u015fi cei doi credincio\u015fi scutieri ai s\u0103i dormeau somnul de veci al\u0103turi, \u00eenfrunt\u00e2nd \u00eempreun\u0103 eternitatea, a\u015fa cum \u00eenfruntaser\u0103 \u00eempreun\u0103 via\u0163a \u00eentr-o lume care nu tolera excep\u0163iile mai mult dec\u00e2t cea de ast\u0103zi&#8230;<\/p>\n","protected":false},"excerpt":{"rendered":"<p>Undeva \u00eentre secolele al XII-lea \u015fi al XIV-lea, o serie de cronicari \u015fi \u00eenv\u0103\u0163a\u0163i men\u0163ioneaz\u0103 c\u0103 \u00een sudul Fran\u0163ei, pe la 1240, a tr\u0103it \u015fi a luptat un cavaler absolut neobi\u015fnuit. Foarte \u00eenalt pentru acele timpuri, c\u00e2nd statura medie a &#8230; <\/p>\n<p class=\"read-more-container\"><a title=\"Povestea cavalerului-femeie Noche \u015fi a celor 2 pitici, care au devenit faimo\u015fi \u00een Europa&#8230; Istoricii au crezut c\u0103 totul e un basm, p\u00e2n\u0103 le-au descoperit sarcofagul!\" class=\"read-more button\" href=\"https:\/\/www.lovendal.ro\/wp52\/povestea-cavalerului-femeie-noche-si-a-celor-2-pitici-care-au-devenit-faimosi-in-europa-istoricii-au-crezut-ca-totul-e-un-basm-pana-le-au-descoperit-sarcofagul\/#more-68998\" aria-label=\"Cite\u0219te mai multe despre Povestea cavalerului-femeie Noche \u015fi a celor 2 pitici, care au devenit faimo\u015fi \u00een Europa&#8230; Istoricii au crezut c\u0103 totul e un basm, p\u00e2n\u0103 le-au descoperit sarcofagul!\">Cititi mai multe<\/a><\/p>\n","protected":false},"author":1,"featured_media":68999,"comment_status":"closed","ping_status":"open","sticky":false,"template":"","format":"standard","meta":{"footnotes":""},"categories":[9],"tags":[14314,7801,14313,325,1448,10135,341,1121,202,4430,1532,1899,166,151,1546,1094,4693,3091,318],"class_list":["post-68998","post","type-post","status-publish","format-standard","has-post-thumbnail","hentry","category-istorie","tag-abatie","tag-arheologi","tag-burgundia","tag-castel","tag-cavaler","tag-coif","tag-europa","tag-femeie","tag-franta","tag-istoric","tag-istorie-si-civilizatii","tag-legenda","tag-ochi","tag-oras","tag-pitici","tag-sabie","tag-sarcofag","tag-schelet","tag-spania","resize-featured-image"],"yoast_head":"<!-- This site is optimized with the Yoast SEO Premium plugin v23.3 (Yoast SEO v27.4) - https:\/\/yoast.com\/product\/yoast-seo-premium-wordpress\/ -->\n<title>Povestea cavalerului-femeie Noche \u015fi a celor 2 pitici, care au devenit faimo\u015fi \u00een Europa... Istoricii au crezut c\u0103 totul e un basm, p\u00e2n\u0103 le-au descoperit sarcofagul! - Secretele lui Lovendal<\/title>\n<meta name=\"robots\" content=\"index, follow, max-snippet:-1, max-image-preview:large, max-video-preview:-1\" \/>\n<link rel=\"canonical\" href=\"https:\/\/www.lovendal.ro\/wp52\/povestea-cavalerului-femeie-noche-si-a-celor-2-pitici-care-au-devenit-faimosi-in-europa-istoricii-au-crezut-ca-totul-e-un-basm-pana-le-au-descoperit-sarcofagul\/\" \/>\n<meta property=\"og:locale\" content=\"ro_RO\" \/>\n<meta property=\"og:type\" content=\"article\" \/>\n<meta property=\"og:title\" content=\"Povestea cavalerului-femeie Noche \u015fi a celor 2 pitici, care au devenit faimo\u015fi \u00een Europa... Istoricii au crezut c\u0103 totul e un basm, p\u00e2n\u0103 le-au descoperit sarcofagul!\" \/>\n<meta property=\"og:description\" content=\"Undeva \u00eentre secolele al XII-lea \u015fi al XIV-lea, o serie de cronicari \u015fi \u00eenv\u0103\u0163a\u0163i men\u0163ioneaz\u0103 c\u0103 \u00een sudul Fran\u0163ei, pe la 1240, a tr\u0103it \u015fi a luptat un cavaler absolut neobi\u015fnuit. Foarte \u00eenalt pentru acele timpuri, c\u00e2nd statura medie a ... Cititi mai multe\" \/>\n<meta property=\"og:url\" content=\"https:\/\/www.lovendal.ro\/wp52\/povestea-cavalerului-femeie-noche-si-a-celor-2-pitici-care-au-devenit-faimosi-in-europa-istoricii-au-crezut-ca-totul-e-un-basm-pana-le-au-descoperit-sarcofagul\/\" \/>\n<meta property=\"og:site_name\" content=\"Secretele lui Lovendal\" \/>\n<meta property=\"article:publisher\" content=\"https:\/\/www.facebook.com\/secreteleluilovendal\" \/>\n<meta property=\"article:published_time\" content=\"2020-04-30T20:30:45+00:00\" \/>\n<meta property=\"og:image\" content=\"https:\/\/www.lovendal.ro\/wp52\/wp-content\/uploads\/2020\/04\/cavaler-femeie.jpg\" \/>\n\t<meta property=\"og:image:width\" content=\"360\" \/>\n\t<meta property=\"og:image:height\" content=\"315\" \/>\n\t<meta property=\"og:image:type\" content=\"image\/jpeg\" \/>\n<meta name=\"author\" content=\"admin\" \/>\n<meta name=\"twitter:card\" content=\"summary_large_image\" \/>\n<meta name=\"twitter:label1\" content=\"Scris de\" \/>\n\t<meta name=\"twitter:data1\" content=\"admin\" \/>\n\t<meta name=\"twitter:label2\" content=\"Timp estimat pentru citire\" \/>\n\t<meta name=\"twitter:data2\" content=\"2 minute\" \/>\n<script type=\"application\/ld+json\" class=\"yoast-schema-graph\">{\"@context\":\"https:\\\/\\\/schema.org\",\"@graph\":[{\"@type\":\"Article\",\"@id\":\"https:\\\/\\\/www.lovendal.ro\\\/wp52\\\/povestea-cavalerului-femeie-noche-si-a-celor-2-pitici-care-au-devenit-faimosi-in-europa-istoricii-au-crezut-ca-totul-e-un-basm-pana-le-au-descoperit-sarcofagul\\\/#article\",\"isPartOf\":{\"@id\":\"https:\\\/\\\/www.lovendal.ro\\\/wp52\\\/povestea-cavalerului-femeie-noche-si-a-celor-2-pitici-care-au-devenit-faimosi-in-europa-istoricii-au-crezut-ca-totul-e-un-basm-pana-le-au-descoperit-sarcofagul\\\/\"},\"author\":{\"name\":\"admin\",\"@id\":\"https:\\\/\\\/www.lovendal.ro\\\/wp52\\\/#\\\/schema\\\/person\\\/088691de5dfc346bb0c023e1e52ef5d9\"},\"headline\":\"Povestea cavalerului-femeie Noche \u015fi a celor 2 pitici, care au devenit faimo\u015fi \u00een Europa&#8230; Istoricii au crezut c\u0103 totul e un basm, p\u00e2n\u0103 le-au descoperit sarcofagul!\",\"datePublished\":\"2020-04-30T20:30:45+00:00\",\"mainEntityOfPage\":{\"@id\":\"https:\\\/\\\/www.lovendal.ro\\\/wp52\\\/povestea-cavalerului-femeie-noche-si-a-celor-2-pitici-care-au-devenit-faimosi-in-europa-istoricii-au-crezut-ca-totul-e-un-basm-pana-le-au-descoperit-sarcofagul\\\/\"},\"wordCount\":453,\"publisher\":{\"@id\":\"https:\\\/\\\/www.lovendal.ro\\\/wp52\\\/#organization\"},\"image\":{\"@id\":\"https:\\\/\\\/www.lovendal.ro\\\/wp52\\\/povestea-cavalerului-femeie-noche-si-a-celor-2-pitici-care-au-devenit-faimosi-in-europa-istoricii-au-crezut-ca-totul-e-un-basm-pana-le-au-descoperit-sarcofagul\\\/#primaryimage\"},\"thumbnailUrl\":\"https:\\\/\\\/www.lovendal.ro\\\/wp52\\\/wp-content\\\/uploads\\\/2020\\\/04\\\/cavaler-femeie.jpg\",\"keywords\":[\"aba\u0163ie\",\"arheologi\",\"Burgundia\",\"castel\",\"cavaler\",\"coif\",\"Europa\",\"femeie\",\"Fran\u0163a\",\"istoric\",\"Istorie si Civilizatii\",\"legend\u0103\",\"ochi\",\"ora\u015f\",\"pitici\",\"sabie\",\"sarcofag\",\"schelet\",\"Spania\"],\"articleSection\":[\"Istorie si Civilizatii\"],\"inLanguage\":\"ro-RO\"},{\"@type\":\"WebPage\",\"@id\":\"https:\\\/\\\/www.lovendal.ro\\\/wp52\\\/povestea-cavalerului-femeie-noche-si-a-celor-2-pitici-care-au-devenit-faimosi-in-europa-istoricii-au-crezut-ca-totul-e-un-basm-pana-le-au-descoperit-sarcofagul\\\/\",\"url\":\"https:\\\/\\\/www.lovendal.ro\\\/wp52\\\/povestea-cavalerului-femeie-noche-si-a-celor-2-pitici-care-au-devenit-faimosi-in-europa-istoricii-au-crezut-ca-totul-e-un-basm-pana-le-au-descoperit-sarcofagul\\\/\",\"name\":\"Povestea cavalerului-femeie Noche \u015fi a celor 2 pitici, care au devenit faimo\u015fi \u00een Europa... Istoricii au crezut c\u0103 totul e un basm, p\u00e2n\u0103 le-au descoperit sarcofagul! - Secretele lui Lovendal\",\"isPartOf\":{\"@id\":\"https:\\\/\\\/www.lovendal.ro\\\/wp52\\\/#website\"},\"primaryImageOfPage\":{\"@id\":\"https:\\\/\\\/www.lovendal.ro\\\/wp52\\\/povestea-cavalerului-femeie-noche-si-a-celor-2-pitici-care-au-devenit-faimosi-in-europa-istoricii-au-crezut-ca-totul-e-un-basm-pana-le-au-descoperit-sarcofagul\\\/#primaryimage\"},\"image\":{\"@id\":\"https:\\\/\\\/www.lovendal.ro\\\/wp52\\\/povestea-cavalerului-femeie-noche-si-a-celor-2-pitici-care-au-devenit-faimosi-in-europa-istoricii-au-crezut-ca-totul-e-un-basm-pana-le-au-descoperit-sarcofagul\\\/#primaryimage\"},\"thumbnailUrl\":\"https:\\\/\\\/www.lovendal.ro\\\/wp52\\\/wp-content\\\/uploads\\\/2020\\\/04\\\/cavaler-femeie.jpg\",\"datePublished\":\"2020-04-30T20:30:45+00:00\",\"breadcrumb\":{\"@id\":\"https:\\\/\\\/www.lovendal.ro\\\/wp52\\\/povestea-cavalerului-femeie-noche-si-a-celor-2-pitici-care-au-devenit-faimosi-in-europa-istoricii-au-crezut-ca-totul-e-un-basm-pana-le-au-descoperit-sarcofagul\\\/#breadcrumb\"},\"inLanguage\":\"ro-RO\",\"potentialAction\":[{\"@type\":\"ReadAction\",\"target\":[\"https:\\\/\\\/www.lovendal.ro\\\/wp52\\\/povestea-cavalerului-femeie-noche-si-a-celor-2-pitici-care-au-devenit-faimosi-in-europa-istoricii-au-crezut-ca-totul-e-un-basm-pana-le-au-descoperit-sarcofagul\\\/\"]}]},{\"@type\":\"ImageObject\",\"inLanguage\":\"ro-RO\",\"@id\":\"https:\\\/\\\/www.lovendal.ro\\\/wp52\\\/povestea-cavalerului-femeie-noche-si-a-celor-2-pitici-care-au-devenit-faimosi-in-europa-istoricii-au-crezut-ca-totul-e-un-basm-pana-le-au-descoperit-sarcofagul\\\/#primaryimage\",\"url\":\"https:\\\/\\\/www.lovendal.ro\\\/wp52\\\/wp-content\\\/uploads\\\/2020\\\/04\\\/cavaler-femeie.jpg\",\"contentUrl\":\"https:\\\/\\\/www.lovendal.ro\\\/wp52\\\/wp-content\\\/uploads\\\/2020\\\/04\\\/cavaler-femeie.jpg\",\"width\":360,\"height\":315},{\"@type\":\"BreadcrumbList\",\"@id\":\"https:\\\/\\\/www.lovendal.ro\\\/wp52\\\/povestea-cavalerului-femeie-noche-si-a-celor-2-pitici-care-au-devenit-faimosi-in-europa-istoricii-au-crezut-ca-totul-e-un-basm-pana-le-au-descoperit-sarcofagul\\\/#breadcrumb\",\"itemListElement\":[{\"@type\":\"ListItem\",\"position\":1,\"name\":\"Home\",\"item\":\"https:\\\/\\\/www.lovendal.ro\\\/wp52\\\/\"},{\"@type\":\"ListItem\",\"position\":2,\"name\":\"Povestea cavalerului-femeie Noche \u015fi a celor 2 pitici, care au devenit faimo\u015fi \u00een Europa&#8230; Istoricii au crezut c\u0103 totul e un basm, p\u00e2n\u0103 le-au descoperit sarcofagul!\"}]},{\"@type\":\"WebSite\",\"@id\":\"https:\\\/\\\/www.lovendal.ro\\\/wp52\\\/#website\",\"url\":\"https:\\\/\\\/www.lovendal.ro\\\/wp52\\\/\",\"name\":\"Secretele lui Lovendal\",\"description\":\"Site de secrete, stiinta si metafizica - din 2008 -\",\"publisher\":{\"@id\":\"https:\\\/\\\/www.lovendal.ro\\\/wp52\\\/#organization\"},\"potentialAction\":[{\"@type\":\"SearchAction\",\"target\":{\"@type\":\"EntryPoint\",\"urlTemplate\":\"https:\\\/\\\/www.lovendal.ro\\\/wp52\\\/?s={search_term_string}\"},\"query-input\":{\"@type\":\"PropertyValueSpecification\",\"valueRequired\":true,\"valueName\":\"search_term_string\"}}],\"inLanguage\":\"ro-RO\"},{\"@type\":\"Organization\",\"@id\":\"https:\\\/\\\/www.lovendal.ro\\\/wp52\\\/#organization\",\"name\":\"Secretele lui Lovendal\",\"url\":\"https:\\\/\\\/www.lovendal.ro\\\/wp52\\\/\",\"logo\":{\"@type\":\"ImageObject\",\"inLanguage\":\"ro-RO\",\"@id\":\"https:\\\/\\\/www.lovendal.ro\\\/wp52\\\/#\\\/schema\\\/logo\\\/image\\\/\",\"url\":\"https:\\\/\\\/www.lovendal.ro\\\/wp52\\\/wp-content\\\/uploads\\\/2024\\\/06\\\/cropped-SLL-iun-2024-1.jpg\",\"contentUrl\":\"https:\\\/\\\/www.lovendal.ro\\\/wp52\\\/wp-content\\\/uploads\\\/2024\\\/06\\\/cropped-SLL-iun-2024-1.jpg\",\"width\":771,\"height\":240,\"caption\":\"Secretele lui Lovendal\"},\"image\":{\"@id\":\"https:\\\/\\\/www.lovendal.ro\\\/wp52\\\/#\\\/schema\\\/logo\\\/image\\\/\"},\"sameAs\":[\"https:\\\/\\\/www.facebook.com\\\/secreteleluilovendal\"]},{\"@type\":\"Person\",\"@id\":\"https:\\\/\\\/www.lovendal.ro\\\/wp52\\\/#\\\/schema\\\/person\\\/088691de5dfc346bb0c023e1e52ef5d9\",\"name\":\"admin\",\"image\":{\"@type\":\"ImageObject\",\"inLanguage\":\"ro-RO\",\"@id\":\"https:\\\/\\\/secure.gravatar.com\\\/avatar\\\/ecb9cd41f5f63c9c9b989999a59f6e2639a865ec361e9db054db0679a8f341c2?s=96&d=mm&r=g\",\"url\":\"https:\\\/\\\/secure.gravatar.com\\\/avatar\\\/ecb9cd41f5f63c9c9b989999a59f6e2639a865ec361e9db054db0679a8f341c2?s=96&d=mm&r=g\",\"contentUrl\":\"https:\\\/\\\/secure.gravatar.com\\\/avatar\\\/ecb9cd41f5f63c9c9b989999a59f6e2639a865ec361e9db054db0679a8f341c2?s=96&d=mm&r=g\",\"caption\":\"admin\"},\"sameAs\":[\"https:\\\/\\\/www.lovendal.ro\\\/wp52\"]}]}<\/script>\n<!-- \/ Yoast SEO Premium plugin. -->","yoast_head_json":{"title":"Povestea cavalerului-femeie Noche \u015fi a celor 2 pitici, care au devenit faimo\u015fi \u00een Europa... Istoricii au crezut c\u0103 totul e un basm, p\u00e2n\u0103 le-au descoperit sarcofagul! - Secretele lui Lovendal","robots":{"index":"index","follow":"follow","max-snippet":"max-snippet:-1","max-image-preview":"max-image-preview:large","max-video-preview":"max-video-preview:-1"},"canonical":"https:\/\/www.lovendal.ro\/wp52\/povestea-cavalerului-femeie-noche-si-a-celor-2-pitici-care-au-devenit-faimosi-in-europa-istoricii-au-crezut-ca-totul-e-un-basm-pana-le-au-descoperit-sarcofagul\/","og_locale":"ro_RO","og_type":"article","og_title":"Povestea cavalerului-femeie Noche \u015fi a celor 2 pitici, care au devenit faimo\u015fi \u00een Europa... Istoricii au crezut c\u0103 totul e un basm, p\u00e2n\u0103 le-au descoperit sarcofagul!","og_description":"Undeva \u00eentre secolele al XII-lea \u015fi al XIV-lea, o serie de cronicari \u015fi \u00eenv\u0103\u0163a\u0163i men\u0163ioneaz\u0103 c\u0103 \u00een sudul Fran\u0163ei, pe la 1240, a tr\u0103it \u015fi a luptat un cavaler absolut neobi\u015fnuit. Foarte \u00eenalt pentru acele timpuri, c\u00e2nd statura medie a ... Cititi mai multe","og_url":"https:\/\/www.lovendal.ro\/wp52\/povestea-cavalerului-femeie-noche-si-a-celor-2-pitici-care-au-devenit-faimosi-in-europa-istoricii-au-crezut-ca-totul-e-un-basm-pana-le-au-descoperit-sarcofagul\/","og_site_name":"Secretele lui Lovendal","article_publisher":"https:\/\/www.facebook.com\/secreteleluilovendal","article_published_time":"2020-04-30T20:30:45+00:00","og_image":[{"width":360,"height":315,"url":"https:\/\/www.lovendal.ro\/wp52\/wp-content\/uploads\/2020\/04\/cavaler-femeie.jpg","type":"image\/jpeg"}],"author":"admin","twitter_card":"summary_large_image","twitter_misc":{"Scris de":"admin","Timp estimat pentru citire":"2 minute"},"schema":{"@context":"https:\/\/schema.org","@graph":[{"@type":"Article","@id":"https:\/\/www.lovendal.ro\/wp52\/povestea-cavalerului-femeie-noche-si-a-celor-2-pitici-care-au-devenit-faimosi-in-europa-istoricii-au-crezut-ca-totul-e-un-basm-pana-le-au-descoperit-sarcofagul\/#article","isPartOf":{"@id":"https:\/\/www.lovendal.ro\/wp52\/povestea-cavalerului-femeie-noche-si-a-celor-2-pitici-care-au-devenit-faimosi-in-europa-istoricii-au-crezut-ca-totul-e-un-basm-pana-le-au-descoperit-sarcofagul\/"},"author":{"name":"admin","@id":"https:\/\/www.lovendal.ro\/wp52\/#\/schema\/person\/088691de5dfc346bb0c023e1e52ef5d9"},"headline":"Povestea cavalerului-femeie Noche \u015fi a celor 2 pitici, care au devenit faimo\u015fi \u00een Europa&#8230; Istoricii au crezut c\u0103 totul e un basm, p\u00e2n\u0103 le-au descoperit sarcofagul!","datePublished":"2020-04-30T20:30:45+00:00","mainEntityOfPage":{"@id":"https:\/\/www.lovendal.ro\/wp52\/povestea-cavalerului-femeie-noche-si-a-celor-2-pitici-care-au-devenit-faimosi-in-europa-istoricii-au-crezut-ca-totul-e-un-basm-pana-le-au-descoperit-sarcofagul\/"},"wordCount":453,"publisher":{"@id":"https:\/\/www.lovendal.ro\/wp52\/#organization"},"image":{"@id":"https:\/\/www.lovendal.ro\/wp52\/povestea-cavalerului-femeie-noche-si-a-celor-2-pitici-care-au-devenit-faimosi-in-europa-istoricii-au-crezut-ca-totul-e-un-basm-pana-le-au-descoperit-sarcofagul\/#primaryimage"},"thumbnailUrl":"https:\/\/www.lovendal.ro\/wp52\/wp-content\/uploads\/2020\/04\/cavaler-femeie.jpg","keywords":["aba\u0163ie","arheologi","Burgundia","castel","cavaler","coif","Europa","femeie","Fran\u0163a","istoric","Istorie si Civilizatii","legend\u0103","ochi","ora\u015f","pitici","sabie","sarcofag","schelet","Spania"],"articleSection":["Istorie si Civilizatii"],"inLanguage":"ro-RO"},{"@type":"WebPage","@id":"https:\/\/www.lovendal.ro\/wp52\/povestea-cavalerului-femeie-noche-si-a-celor-2-pitici-care-au-devenit-faimosi-in-europa-istoricii-au-crezut-ca-totul-e-un-basm-pana-le-au-descoperit-sarcofagul\/","url":"https:\/\/www.lovendal.ro\/wp52\/povestea-cavalerului-femeie-noche-si-a-celor-2-pitici-care-au-devenit-faimosi-in-europa-istoricii-au-crezut-ca-totul-e-un-basm-pana-le-au-descoperit-sarcofagul\/","name":"Povestea cavalerului-femeie Noche \u015fi a celor 2 pitici, care au devenit faimo\u015fi \u00een Europa... Istoricii au crezut c\u0103 totul e un basm, p\u00e2n\u0103 le-au descoperit sarcofagul! - Secretele lui Lovendal","isPartOf":{"@id":"https:\/\/www.lovendal.ro\/wp52\/#website"},"primaryImageOfPage":{"@id":"https:\/\/www.lovendal.ro\/wp52\/povestea-cavalerului-femeie-noche-si-a-celor-2-pitici-care-au-devenit-faimosi-in-europa-istoricii-au-crezut-ca-totul-e-un-basm-pana-le-au-descoperit-sarcofagul\/#primaryimage"},"image":{"@id":"https:\/\/www.lovendal.ro\/wp52\/povestea-cavalerului-femeie-noche-si-a-celor-2-pitici-care-au-devenit-faimosi-in-europa-istoricii-au-crezut-ca-totul-e-un-basm-pana-le-au-descoperit-sarcofagul\/#primaryimage"},"thumbnailUrl":"https:\/\/www.lovendal.ro\/wp52\/wp-content\/uploads\/2020\/04\/cavaler-femeie.jpg","datePublished":"2020-04-30T20:30:45+00:00","breadcrumb":{"@id":"https:\/\/www.lovendal.ro\/wp52\/povestea-cavalerului-femeie-noche-si-a-celor-2-pitici-care-au-devenit-faimosi-in-europa-istoricii-au-crezut-ca-totul-e-un-basm-pana-le-au-descoperit-sarcofagul\/#breadcrumb"},"inLanguage":"ro-RO","potentialAction":[{"@type":"ReadAction","target":["https:\/\/www.lovendal.ro\/wp52\/povestea-cavalerului-femeie-noche-si-a-celor-2-pitici-care-au-devenit-faimosi-in-europa-istoricii-au-crezut-ca-totul-e-un-basm-pana-le-au-descoperit-sarcofagul\/"]}]},{"@type":"ImageObject","inLanguage":"ro-RO","@id":"https:\/\/www.lovendal.ro\/wp52\/povestea-cavalerului-femeie-noche-si-a-celor-2-pitici-care-au-devenit-faimosi-in-europa-istoricii-au-crezut-ca-totul-e-un-basm-pana-le-au-descoperit-sarcofagul\/#primaryimage","url":"https:\/\/www.lovendal.ro\/wp52\/wp-content\/uploads\/2020\/04\/cavaler-femeie.jpg","contentUrl":"https:\/\/www.lovendal.ro\/wp52\/wp-content\/uploads\/2020\/04\/cavaler-femeie.jpg","width":360,"height":315},{"@type":"BreadcrumbList","@id":"https:\/\/www.lovendal.ro\/wp52\/povestea-cavalerului-femeie-noche-si-a-celor-2-pitici-care-au-devenit-faimosi-in-europa-istoricii-au-crezut-ca-totul-e-un-basm-pana-le-au-descoperit-sarcofagul\/#breadcrumb","itemListElement":[{"@type":"ListItem","position":1,"name":"Home","item":"https:\/\/www.lovendal.ro\/wp52\/"},{"@type":"ListItem","position":2,"name":"Povestea cavalerului-femeie Noche \u015fi a celor 2 pitici, care au devenit faimo\u015fi \u00een Europa&#8230; Istoricii au crezut c\u0103 totul e un basm, p\u00e2n\u0103 le-au descoperit sarcofagul!"}]},{"@type":"WebSite","@id":"https:\/\/www.lovendal.ro\/wp52\/#website","url":"https:\/\/www.lovendal.ro\/wp52\/","name":"Secretele lui Lovendal","description":"Site de secrete, stiinta si metafizica - din 2008 -","publisher":{"@id":"https:\/\/www.lovendal.ro\/wp52\/#organization"},"potentialAction":[{"@type":"SearchAction","target":{"@type":"EntryPoint","urlTemplate":"https:\/\/www.lovendal.ro\/wp52\/?s={search_term_string}"},"query-input":{"@type":"PropertyValueSpecification","valueRequired":true,"valueName":"search_term_string"}}],"inLanguage":"ro-RO"},{"@type":"Organization","@id":"https:\/\/www.lovendal.ro\/wp52\/#organization","name":"Secretele lui Lovendal","url":"https:\/\/www.lovendal.ro\/wp52\/","logo":{"@type":"ImageObject","inLanguage":"ro-RO","@id":"https:\/\/www.lovendal.ro\/wp52\/#\/schema\/logo\/image\/","url":"https:\/\/www.lovendal.ro\/wp52\/wp-content\/uploads\/2024\/06\/cropped-SLL-iun-2024-1.jpg","contentUrl":"https:\/\/www.lovendal.ro\/wp52\/wp-content\/uploads\/2024\/06\/cropped-SLL-iun-2024-1.jpg","width":771,"height":240,"caption":"Secretele lui Lovendal"},"image":{"@id":"https:\/\/www.lovendal.ro\/wp52\/#\/schema\/logo\/image\/"},"sameAs":["https:\/\/www.facebook.com\/secreteleluilovendal"]},{"@type":"Person","@id":"https:\/\/www.lovendal.ro\/wp52\/#\/schema\/person\/088691de5dfc346bb0c023e1e52ef5d9","name":"admin","image":{"@type":"ImageObject","inLanguage":"ro-RO","@id":"https:\/\/secure.gravatar.com\/avatar\/ecb9cd41f5f63c9c9b989999a59f6e2639a865ec361e9db054db0679a8f341c2?s=96&d=mm&r=g","url":"https:\/\/secure.gravatar.com\/avatar\/ecb9cd41f5f63c9c9b989999a59f6e2639a865ec361e9db054db0679a8f341c2?s=96&d=mm&r=g","contentUrl":"https:\/\/secure.gravatar.com\/avatar\/ecb9cd41f5f63c9c9b989999a59f6e2639a865ec361e9db054db0679a8f341c2?s=96&d=mm&r=g","caption":"admin"},"sameAs":["https:\/\/www.lovendal.ro\/wp52"]}]}},"_links":{"self":[{"href":"https:\/\/www.lovendal.ro\/wp52\/wp-json\/wp\/v2\/posts\/68998","targetHints":{"allow":["GET"]}}],"collection":[{"href":"https:\/\/www.lovendal.ro\/wp52\/wp-json\/wp\/v2\/posts"}],"about":[{"href":"https:\/\/www.lovendal.ro\/wp52\/wp-json\/wp\/v2\/types\/post"}],"author":[{"embeddable":true,"href":"https:\/\/www.lovendal.ro\/wp52\/wp-json\/wp\/v2\/users\/1"}],"replies":[{"embeddable":true,"href":"https:\/\/www.lovendal.ro\/wp52\/wp-json\/wp\/v2\/comments?post=68998"}],"version-history":[{"count":0,"href":"https:\/\/www.lovendal.ro\/wp52\/wp-json\/wp\/v2\/posts\/68998\/revisions"}],"wp:featuredmedia":[{"embeddable":true,"href":"https:\/\/www.lovendal.ro\/wp52\/wp-json\/wp\/v2\/media\/68999"}],"wp:attachment":[{"href":"https:\/\/www.lovendal.ro\/wp52\/wp-json\/wp\/v2\/media?parent=68998"}],"wp:term":[{"taxonomy":"category","embeddable":true,"href":"https:\/\/www.lovendal.ro\/wp52\/wp-json\/wp\/v2\/categories?post=68998"},{"taxonomy":"post_tag","embeddable":true,"href":"https:\/\/www.lovendal.ro\/wp52\/wp-json\/wp\/v2\/tags?post=68998"}],"curies":[{"name":"wp","href":"https:\/\/api.w.org\/{rel}","templated":true}]}}