{"id":68925,"date":"2020-04-28T13:01:48","date_gmt":"2020-04-28T10:01:48","guid":{"rendered":"https:\/\/www.lovendal.ro\/wp52\/?p=68925"},"modified":"2020-04-28T13:03:23","modified_gmt":"2020-04-28T10:03:23","slug":"manea-manescu-comunistul-roman-care-ar-fi-putut-deveni-secretar-general-al-onu-ce-s-a-intamplat-totusi-de-s-a-spulberat-visul-lui-ceausescu","status":"publish","type":"post","link":"https:\/\/www.lovendal.ro\/wp52\/manea-manescu-comunistul-roman-care-ar-fi-putut-deveni-secretar-general-al-onu-ce-s-a-intamplat-totusi-de-s-a-spulberat-visul-lui-ceausescu\/","title":{"rendered":"Manea M\u0103nescu, comunistul rom\u00e2n care ar fi putut deveni secretar general al ONU! Ce s-a \u00eent\u00e2mplat totu\u015fi, de s-a spulberat visul lui Ceau\u015fescu?"},"content":{"rendered":"<p><a href=\"https:\/\/www.lovendal.ro\/wp52\/wp-content\/uploads\/2020\/04\/Manea_Manescu.jpg\"><img loading=\"lazy\" decoding=\"async\" class=\"alignleft size-full wp-image-68926\" src=\"https:\/\/www.lovendal.ro\/wp52\/wp-content\/uploads\/2020\/04\/Manea_Manescu.jpg\" alt=\"\" width=\"350\" height=\"349\" srcset=\"https:\/\/www.lovendal.ro\/wp52\/wp-content\/uploads\/2020\/04\/Manea_Manescu.jpg 350w, https:\/\/www.lovendal.ro\/wp52\/wp-content\/uploads\/2020\/04\/Manea_Manescu-300x300.jpg 300w, https:\/\/www.lovendal.ro\/wp52\/wp-content\/uploads\/2020\/04\/Manea_Manescu-150x150.jpg 150w\" sizes=\"auto, (max-width: 350px) 100vw, 350px\" \/><\/a>A\u0163i auzit de Manea M\u0103nescu? N\u0103scut \u00een 1916, mort la 93 de ani, \u00een 2009, el a fost un binecunoscut comunist. Se credea c\u0103, \u00een cazul mor\u0163ii lui Ceau\u015fescu, el ar fi devenit urm\u0103torul conduc\u0103tor al Rom\u00e2niei comuniste. A de\u0163inut func\u0163ii \u00eenalte \u00een stat: ministru de finan\u0163e, viceprim-ministru, prim-ministru, fiind \u00een acela\u015fi timp membru al CC al PCR. Dup\u0103 &#8217;89, a fost condamnat la 10 ani de \u00eenchisoare pentru c\u0103 a aprobat reprimarea revolu\u021biei.<\/p>\n<p>Fostul ministru de externe comunist \u015etefan Andrei, \u00een timpul unui interviu, ne face \u00eens\u0103 o dezv\u0103luire bomb\u0103 legat de Manea M\u0103nescu: acesta ar fi putut s\u0103 fie secretar general al ONU (Organiza\u0163ia Na\u0163iunilor Unite), cea mai \u00eenalt\u0103 \u015fi mai prestigioas\u0103 func\u0163ie de\u0163inut\u0103 la nivel interna\u0163ional. Dar n-a mai ajuns&#8230;<\/p>\n<p>Se pare c\u0103 Manea M\u0103nescu era foarte apreciat pe plan interna\u0163ional. Dar, ca s\u0103 fii secretar general al ONU, trebuia s\u0103 ai unanimitatea membrilor permanen\u021bi ai Consiliului de Securitate (SUA, URSS, Marea Britanie, Fran\u0163a \u015fi China). Iat\u0103 ce a spus \u015etefan Andrei despre propunerea Manea M\u0103nescu &#8211; secretar general ONU:<\/p>\n<p><em>* Ceau\u0219escu a zis: \u201eHai, m\u0103, s\u0103 \u00eencerc\u0103m cu M\u0103nescu secretar general al ONU&#8221;. \u00eentr-o prim\u0103 faz\u0103, ai no\u0219tri de la Washington f\u0103cuser\u0103 o informare \u00een \u021bar\u0103 numai despre discu\u021bii cu alte \u021b\u0103ri prietene cu Rom\u00e2nia. Nu Fran\u021ba sau Marea Britanie. Cu \u021b\u0103ri \u00een curs de dezvoltare din care rezulta c\u0103, \u00een general, ar avea \u0219anse M\u0103nescu s\u0103 fie ales secretar general.<\/em><\/p>\n<p><em>* Maurer<\/em> (un alt comunist de frunte)<em> nu a fost de acord: \u201eEu nu sunt de acord s\u0103 candideze ca secretar general pentru c\u0103 nu va face fa\u021b\u0103. \u00cen loc s\u0103 folosim ONU pentru politica noastr\u0103, a Rom\u00e2niei, ne va pune \u00een situa\u021bia s\u0103 ne sup\u0103r\u0103m fie cu americanii, fie cu ru\u0219ii&#8221;. Aceasta a fost opinia lui Maurer despre M\u0103nescu.<\/em><\/p>\n<p><em>* Secretarul de stat american Kissinger a spus: &#8222;\u201eNu putem fi de acord ca ministrul de externe al unei \u021b\u0103ri a Tratatului de la Var\u0219ovia, fie ea chiar Rom\u00e2nia, s\u0103 fie secretar general al ONU. Vrem s\u0103 fie o \u021bar\u0103 neutr\u0103 sau nealiniat\u0103&#8221;.<\/em><\/p>\n<p><em>* Englezii au spus la fel. Nu c\u0103 este \u00eempotriv\u0103 s\u0103 fie numit un reprezentant al Rom\u00e2niei, ci c\u0103 \u201esuntem \u00eempotriv\u0103 ca secretarul general al ONU s\u0103 fie dintr-o \u021bar\u0103 comunist\u0103&#8221;.<\/em><\/p>\n<p>\u015ei iac\u0103 a\u015fa visul lui Ceau\u015fescu ca Rom\u00e2nia s\u0103 aib\u0103 postul de secretar general al ONU s-a spulberat&#8230;<\/p>\n","protected":false},"excerpt":{"rendered":"<p>A\u0163i auzit de Manea M\u0103nescu? N\u0103scut \u00een 1916, mort la 93 de ani, \u00een 2009, el a fost un binecunoscut comunist. Se credea c\u0103, \u00een cazul mor\u0163ii lui Ceau\u015fescu, el ar fi devenit urm\u0103torul conduc\u0103tor al Rom\u00e2niei comuniste. A de\u0163inut &#8230; <\/p>\n<p class=\"read-more-container\"><a title=\"Manea M\u0103nescu, comunistul rom\u00e2n care ar fi putut deveni secretar general al ONU! Ce s-a \u00eent\u00e2mplat totu\u015fi, de s-a spulberat visul lui Ceau\u015fescu?\" class=\"read-more button\" href=\"https:\/\/www.lovendal.ro\/wp52\/manea-manescu-comunistul-roman-care-ar-fi-putut-deveni-secretar-general-al-onu-ce-s-a-intamplat-totusi-de-s-a-spulberat-visul-lui-ceausescu\/#more-68925\" aria-label=\"Cite\u0219te mai multe despre Manea M\u0103nescu, comunistul rom\u00e2n care ar fi putut deveni secretar general al ONU! Ce s-a \u00eent\u00e2mplat totu\u015fi, de s-a spulberat visul lui Ceau\u015fescu?\">Cititi mai multe<\/a><\/p>\n","protected":false},"author":1,"featured_media":68926,"comment_status":"closed","ping_status":"open","sticky":false,"template":"","format":"standard","meta":{"footnotes":""},"categories":[9],"tags":[446,7212,202,164,4823,1532,8615,14246,392,8107,607,10707,590,531,589,74,217,23,5598,298],"class_list":["post-68925","post","type-post","status-publish","format-standard","has-post-thumbnail","hentry","category-istorie","tag-china","tag-comunist","tag-franta","tag-inchisoare","tag-interviu","tag-istorie-si-civilizatii","tag-kissinger","tag-manea-manescu","tag-marea-britanie","tag-maurer","tag-ministru","tag-nicolae-ceausescu","tag-onu","tag-prim-ministru","tag-revolutia-romana-din-89","tag-romania","tag-stefan-andrei","tag-sua","tag-tratatul-de-la-varsovia","tag-urss","resize-featured-image"],"yoast_head":"<!-- This site is optimized with the Yoast SEO Premium plugin v23.3 (Yoast SEO v27.4) - https:\/\/yoast.com\/product\/yoast-seo-premium-wordpress\/ -->\n<title>Manea M\u0103nescu, comunistul rom\u00e2n care ar fi putut deveni secretar general al ONU! Ce s-a \u00eent\u00e2mplat totu\u015fi, de s-a spulberat visul lui Ceau\u015fescu? - Secretele lui Lovendal<\/title>\n<meta name=\"robots\" content=\"index, follow, max-snippet:-1, max-image-preview:large, max-video-preview:-1\" \/>\n<link rel=\"canonical\" href=\"https:\/\/www.lovendal.ro\/wp52\/manea-manescu-comunistul-roman-care-ar-fi-putut-deveni-secretar-general-al-onu-ce-s-a-intamplat-totusi-de-s-a-spulberat-visul-lui-ceausescu\/\" \/>\n<meta property=\"og:locale\" content=\"ro_RO\" \/>\n<meta property=\"og:type\" content=\"article\" \/>\n<meta property=\"og:title\" content=\"Manea M\u0103nescu, comunistul rom\u00e2n care ar fi putut deveni secretar general al ONU! Ce s-a \u00eent\u00e2mplat totu\u015fi, de s-a spulberat visul lui Ceau\u015fescu?\" \/>\n<meta property=\"og:description\" content=\"A\u0163i auzit de Manea M\u0103nescu? N\u0103scut \u00een 1916, mort la 93 de ani, \u00een 2009, el a fost un binecunoscut comunist. Se credea c\u0103, \u00een cazul mor\u0163ii lui Ceau\u015fescu, el ar fi devenit urm\u0103torul conduc\u0103tor al Rom\u00e2niei comuniste. A de\u0163inut ... Cititi mai multe\" \/>\n<meta property=\"og:url\" content=\"https:\/\/www.lovendal.ro\/wp52\/manea-manescu-comunistul-roman-care-ar-fi-putut-deveni-secretar-general-al-onu-ce-s-a-intamplat-totusi-de-s-a-spulberat-visul-lui-ceausescu\/\" \/>\n<meta property=\"og:site_name\" content=\"Secretele lui Lovendal\" \/>\n<meta property=\"article:publisher\" content=\"https:\/\/www.facebook.com\/secreteleluilovendal\" \/>\n<meta property=\"article:published_time\" content=\"2020-04-28T10:01:48+00:00\" \/>\n<meta property=\"article:modified_time\" content=\"2020-04-28T10:03:23+00:00\" \/>\n<meta property=\"og:image\" content=\"https:\/\/www.lovendal.ro\/wp52\/wp-content\/uploads\/2020\/04\/Manea_Manescu.jpg\" \/>\n\t<meta property=\"og:image:width\" content=\"350\" \/>\n\t<meta property=\"og:image:height\" content=\"349\" \/>\n\t<meta property=\"og:image:type\" content=\"image\/jpeg\" \/>\n<meta name=\"author\" content=\"admin\" \/>\n<meta name=\"twitter:card\" content=\"summary_large_image\" \/>\n<meta name=\"twitter:label1\" content=\"Scris de\" \/>\n\t<meta name=\"twitter:data1\" content=\"admin\" \/>\n\t<meta name=\"twitter:label2\" content=\"Timp estimat pentru citire\" \/>\n\t<meta name=\"twitter:data2\" content=\"2 minute\" \/>\n<script type=\"application\/ld+json\" class=\"yoast-schema-graph\">{\"@context\":\"https:\\\/\\\/schema.org\",\"@graph\":[{\"@type\":\"Article\",\"@id\":\"https:\\\/\\\/www.lovendal.ro\\\/wp52\\\/manea-manescu-comunistul-roman-care-ar-fi-putut-deveni-secretar-general-al-onu-ce-s-a-intamplat-totusi-de-s-a-spulberat-visul-lui-ceausescu\\\/#article\",\"isPartOf\":{\"@id\":\"https:\\\/\\\/www.lovendal.ro\\\/wp52\\\/manea-manescu-comunistul-roman-care-ar-fi-putut-deveni-secretar-general-al-onu-ce-s-a-intamplat-totusi-de-s-a-spulberat-visul-lui-ceausescu\\\/\"},\"author\":{\"name\":\"admin\",\"@id\":\"https:\\\/\\\/www.lovendal.ro\\\/wp52\\\/#\\\/schema\\\/person\\\/088691de5dfc346bb0c023e1e52ef5d9\"},\"headline\":\"Manea M\u0103nescu, comunistul rom\u00e2n care ar fi putut deveni secretar general al ONU! Ce s-a \u00eent\u00e2mplat totu\u015fi, de s-a spulberat visul lui Ceau\u015fescu?\",\"datePublished\":\"2020-04-28T10:01:48+00:00\",\"dateModified\":\"2020-04-28T10:03:23+00:00\",\"mainEntityOfPage\":{\"@id\":\"https:\\\/\\\/www.lovendal.ro\\\/wp52\\\/manea-manescu-comunistul-roman-care-ar-fi-putut-deveni-secretar-general-al-onu-ce-s-a-intamplat-totusi-de-s-a-spulberat-visul-lui-ceausescu\\\/\"},\"wordCount\":452,\"publisher\":{\"@id\":\"https:\\\/\\\/www.lovendal.ro\\\/wp52\\\/#organization\"},\"image\":{\"@id\":\"https:\\\/\\\/www.lovendal.ro\\\/wp52\\\/manea-manescu-comunistul-roman-care-ar-fi-putut-deveni-secretar-general-al-onu-ce-s-a-intamplat-totusi-de-s-a-spulberat-visul-lui-ceausescu\\\/#primaryimage\"},\"thumbnailUrl\":\"https:\\\/\\\/www.lovendal.ro\\\/wp52\\\/wp-content\\\/uploads\\\/2020\\\/04\\\/Manea_Manescu.jpg\",\"keywords\":[\"China\",\"comunist\",\"Fran\u0163a\",\"\u00eenchisoare\",\"interviu\",\"Istorie si Civilizatii\",\"Kissinger\",\"Manea M\u0103nescu\",\"Marea Britanie\",\"Maurer\",\"ministru\",\"Nicolae Ceau\u015fescu\",\"ONU\",\"prim-ministru\",\"Revolu\u0163ia rom\u00e2n\u0103 din 89\",\"Rom\u00e2nia\",\"\u015etefan Andrei\",\"SUA\",\"tratatul de la Var\u015fovia\",\"URSS\"],\"articleSection\":[\"Istorie si Civilizatii\"],\"inLanguage\":\"ro-RO\"},{\"@type\":\"WebPage\",\"@id\":\"https:\\\/\\\/www.lovendal.ro\\\/wp52\\\/manea-manescu-comunistul-roman-care-ar-fi-putut-deveni-secretar-general-al-onu-ce-s-a-intamplat-totusi-de-s-a-spulberat-visul-lui-ceausescu\\\/\",\"url\":\"https:\\\/\\\/www.lovendal.ro\\\/wp52\\\/manea-manescu-comunistul-roman-care-ar-fi-putut-deveni-secretar-general-al-onu-ce-s-a-intamplat-totusi-de-s-a-spulberat-visul-lui-ceausescu\\\/\",\"name\":\"Manea M\u0103nescu, comunistul rom\u00e2n care ar fi putut deveni secretar general al ONU! Ce s-a \u00eent\u00e2mplat totu\u015fi, de s-a spulberat visul lui Ceau\u015fescu? - Secretele lui Lovendal\",\"isPartOf\":{\"@id\":\"https:\\\/\\\/www.lovendal.ro\\\/wp52\\\/#website\"},\"primaryImageOfPage\":{\"@id\":\"https:\\\/\\\/www.lovendal.ro\\\/wp52\\\/manea-manescu-comunistul-roman-care-ar-fi-putut-deveni-secretar-general-al-onu-ce-s-a-intamplat-totusi-de-s-a-spulberat-visul-lui-ceausescu\\\/#primaryimage\"},\"image\":{\"@id\":\"https:\\\/\\\/www.lovendal.ro\\\/wp52\\\/manea-manescu-comunistul-roman-care-ar-fi-putut-deveni-secretar-general-al-onu-ce-s-a-intamplat-totusi-de-s-a-spulberat-visul-lui-ceausescu\\\/#primaryimage\"},\"thumbnailUrl\":\"https:\\\/\\\/www.lovendal.ro\\\/wp52\\\/wp-content\\\/uploads\\\/2020\\\/04\\\/Manea_Manescu.jpg\",\"datePublished\":\"2020-04-28T10:01:48+00:00\",\"dateModified\":\"2020-04-28T10:03:23+00:00\",\"breadcrumb\":{\"@id\":\"https:\\\/\\\/www.lovendal.ro\\\/wp52\\\/manea-manescu-comunistul-roman-care-ar-fi-putut-deveni-secretar-general-al-onu-ce-s-a-intamplat-totusi-de-s-a-spulberat-visul-lui-ceausescu\\\/#breadcrumb\"},\"inLanguage\":\"ro-RO\",\"potentialAction\":[{\"@type\":\"ReadAction\",\"target\":[\"https:\\\/\\\/www.lovendal.ro\\\/wp52\\\/manea-manescu-comunistul-roman-care-ar-fi-putut-deveni-secretar-general-al-onu-ce-s-a-intamplat-totusi-de-s-a-spulberat-visul-lui-ceausescu\\\/\"]}]},{\"@type\":\"ImageObject\",\"inLanguage\":\"ro-RO\",\"@id\":\"https:\\\/\\\/www.lovendal.ro\\\/wp52\\\/manea-manescu-comunistul-roman-care-ar-fi-putut-deveni-secretar-general-al-onu-ce-s-a-intamplat-totusi-de-s-a-spulberat-visul-lui-ceausescu\\\/#primaryimage\",\"url\":\"https:\\\/\\\/www.lovendal.ro\\\/wp52\\\/wp-content\\\/uploads\\\/2020\\\/04\\\/Manea_Manescu.jpg\",\"contentUrl\":\"https:\\\/\\\/www.lovendal.ro\\\/wp52\\\/wp-content\\\/uploads\\\/2020\\\/04\\\/Manea_Manescu.jpg\",\"width\":350,\"height\":349},{\"@type\":\"BreadcrumbList\",\"@id\":\"https:\\\/\\\/www.lovendal.ro\\\/wp52\\\/manea-manescu-comunistul-roman-care-ar-fi-putut-deveni-secretar-general-al-onu-ce-s-a-intamplat-totusi-de-s-a-spulberat-visul-lui-ceausescu\\\/#breadcrumb\",\"itemListElement\":[{\"@type\":\"ListItem\",\"position\":1,\"name\":\"Home\",\"item\":\"https:\\\/\\\/www.lovendal.ro\\\/wp52\\\/\"},{\"@type\":\"ListItem\",\"position\":2,\"name\":\"Manea M\u0103nescu, comunistul rom\u00e2n care ar fi putut deveni secretar general al ONU! Ce s-a \u00eent\u00e2mplat totu\u015fi, de s-a spulberat visul lui Ceau\u015fescu?\"}]},{\"@type\":\"WebSite\",\"@id\":\"https:\\\/\\\/www.lovendal.ro\\\/wp52\\\/#website\",\"url\":\"https:\\\/\\\/www.lovendal.ro\\\/wp52\\\/\",\"name\":\"Secretele lui Lovendal\",\"description\":\"Site de secrete, stiinta si metafizica - din 2008 -\",\"publisher\":{\"@id\":\"https:\\\/\\\/www.lovendal.ro\\\/wp52\\\/#organization\"},\"potentialAction\":[{\"@type\":\"SearchAction\",\"target\":{\"@type\":\"EntryPoint\",\"urlTemplate\":\"https:\\\/\\\/www.lovendal.ro\\\/wp52\\\/?s={search_term_string}\"},\"query-input\":{\"@type\":\"PropertyValueSpecification\",\"valueRequired\":true,\"valueName\":\"search_term_string\"}}],\"inLanguage\":\"ro-RO\"},{\"@type\":\"Organization\",\"@id\":\"https:\\\/\\\/www.lovendal.ro\\\/wp52\\\/#organization\",\"name\":\"Secretele lui Lovendal\",\"url\":\"https:\\\/\\\/www.lovendal.ro\\\/wp52\\\/\",\"logo\":{\"@type\":\"ImageObject\",\"inLanguage\":\"ro-RO\",\"@id\":\"https:\\\/\\\/www.lovendal.ro\\\/wp52\\\/#\\\/schema\\\/logo\\\/image\\\/\",\"url\":\"https:\\\/\\\/www.lovendal.ro\\\/wp52\\\/wp-content\\\/uploads\\\/2024\\\/06\\\/cropped-SLL-iun-2024-1.jpg\",\"contentUrl\":\"https:\\\/\\\/www.lovendal.ro\\\/wp52\\\/wp-content\\\/uploads\\\/2024\\\/06\\\/cropped-SLL-iun-2024-1.jpg\",\"width\":771,\"height\":240,\"caption\":\"Secretele lui Lovendal\"},\"image\":{\"@id\":\"https:\\\/\\\/www.lovendal.ro\\\/wp52\\\/#\\\/schema\\\/logo\\\/image\\\/\"},\"sameAs\":[\"https:\\\/\\\/www.facebook.com\\\/secreteleluilovendal\"]},{\"@type\":\"Person\",\"@id\":\"https:\\\/\\\/www.lovendal.ro\\\/wp52\\\/#\\\/schema\\\/person\\\/088691de5dfc346bb0c023e1e52ef5d9\",\"name\":\"admin\",\"image\":{\"@type\":\"ImageObject\",\"inLanguage\":\"ro-RO\",\"@id\":\"https:\\\/\\\/secure.gravatar.com\\\/avatar\\\/ecb9cd41f5f63c9c9b989999a59f6e2639a865ec361e9db054db0679a8f341c2?s=96&d=mm&r=g\",\"url\":\"https:\\\/\\\/secure.gravatar.com\\\/avatar\\\/ecb9cd41f5f63c9c9b989999a59f6e2639a865ec361e9db054db0679a8f341c2?s=96&d=mm&r=g\",\"contentUrl\":\"https:\\\/\\\/secure.gravatar.com\\\/avatar\\\/ecb9cd41f5f63c9c9b989999a59f6e2639a865ec361e9db054db0679a8f341c2?s=96&d=mm&r=g\",\"caption\":\"admin\"},\"sameAs\":[\"https:\\\/\\\/www.lovendal.ro\\\/wp52\"]}]}<\/script>\n<!-- \/ Yoast SEO Premium plugin. -->","yoast_head_json":{"title":"Manea M\u0103nescu, comunistul rom\u00e2n care ar fi putut deveni secretar general al ONU! Ce s-a \u00eent\u00e2mplat totu\u015fi, de s-a spulberat visul lui Ceau\u015fescu? - Secretele lui Lovendal","robots":{"index":"index","follow":"follow","max-snippet":"max-snippet:-1","max-image-preview":"max-image-preview:large","max-video-preview":"max-video-preview:-1"},"canonical":"https:\/\/www.lovendal.ro\/wp52\/manea-manescu-comunistul-roman-care-ar-fi-putut-deveni-secretar-general-al-onu-ce-s-a-intamplat-totusi-de-s-a-spulberat-visul-lui-ceausescu\/","og_locale":"ro_RO","og_type":"article","og_title":"Manea M\u0103nescu, comunistul rom\u00e2n care ar fi putut deveni secretar general al ONU! Ce s-a \u00eent\u00e2mplat totu\u015fi, de s-a spulberat visul lui Ceau\u015fescu?","og_description":"A\u0163i auzit de Manea M\u0103nescu? N\u0103scut \u00een 1916, mort la 93 de ani, \u00een 2009, el a fost un binecunoscut comunist. Se credea c\u0103, \u00een cazul mor\u0163ii lui Ceau\u015fescu, el ar fi devenit urm\u0103torul conduc\u0103tor al Rom\u00e2niei comuniste. A de\u0163inut ... Cititi mai multe","og_url":"https:\/\/www.lovendal.ro\/wp52\/manea-manescu-comunistul-roman-care-ar-fi-putut-deveni-secretar-general-al-onu-ce-s-a-intamplat-totusi-de-s-a-spulberat-visul-lui-ceausescu\/","og_site_name":"Secretele lui Lovendal","article_publisher":"https:\/\/www.facebook.com\/secreteleluilovendal","article_published_time":"2020-04-28T10:01:48+00:00","article_modified_time":"2020-04-28T10:03:23+00:00","og_image":[{"width":350,"height":349,"url":"https:\/\/www.lovendal.ro\/wp52\/wp-content\/uploads\/2020\/04\/Manea_Manescu.jpg","type":"image\/jpeg"}],"author":"admin","twitter_card":"summary_large_image","twitter_misc":{"Scris de":"admin","Timp estimat pentru citire":"2 minute"},"schema":{"@context":"https:\/\/schema.org","@graph":[{"@type":"Article","@id":"https:\/\/www.lovendal.ro\/wp52\/manea-manescu-comunistul-roman-care-ar-fi-putut-deveni-secretar-general-al-onu-ce-s-a-intamplat-totusi-de-s-a-spulberat-visul-lui-ceausescu\/#article","isPartOf":{"@id":"https:\/\/www.lovendal.ro\/wp52\/manea-manescu-comunistul-roman-care-ar-fi-putut-deveni-secretar-general-al-onu-ce-s-a-intamplat-totusi-de-s-a-spulberat-visul-lui-ceausescu\/"},"author":{"name":"admin","@id":"https:\/\/www.lovendal.ro\/wp52\/#\/schema\/person\/088691de5dfc346bb0c023e1e52ef5d9"},"headline":"Manea M\u0103nescu, comunistul rom\u00e2n care ar fi putut deveni secretar general al ONU! Ce s-a \u00eent\u00e2mplat totu\u015fi, de s-a spulberat visul lui Ceau\u015fescu?","datePublished":"2020-04-28T10:01:48+00:00","dateModified":"2020-04-28T10:03:23+00:00","mainEntityOfPage":{"@id":"https:\/\/www.lovendal.ro\/wp52\/manea-manescu-comunistul-roman-care-ar-fi-putut-deveni-secretar-general-al-onu-ce-s-a-intamplat-totusi-de-s-a-spulberat-visul-lui-ceausescu\/"},"wordCount":452,"publisher":{"@id":"https:\/\/www.lovendal.ro\/wp52\/#organization"},"image":{"@id":"https:\/\/www.lovendal.ro\/wp52\/manea-manescu-comunistul-roman-care-ar-fi-putut-deveni-secretar-general-al-onu-ce-s-a-intamplat-totusi-de-s-a-spulberat-visul-lui-ceausescu\/#primaryimage"},"thumbnailUrl":"https:\/\/www.lovendal.ro\/wp52\/wp-content\/uploads\/2020\/04\/Manea_Manescu.jpg","keywords":["China","comunist","Fran\u0163a","\u00eenchisoare","interviu","Istorie si Civilizatii","Kissinger","Manea M\u0103nescu","Marea Britanie","Maurer","ministru","Nicolae Ceau\u015fescu","ONU","prim-ministru","Revolu\u0163ia rom\u00e2n\u0103 din 89","Rom\u00e2nia","\u015etefan Andrei","SUA","tratatul de la Var\u015fovia","URSS"],"articleSection":["Istorie si Civilizatii"],"inLanguage":"ro-RO"},{"@type":"WebPage","@id":"https:\/\/www.lovendal.ro\/wp52\/manea-manescu-comunistul-roman-care-ar-fi-putut-deveni-secretar-general-al-onu-ce-s-a-intamplat-totusi-de-s-a-spulberat-visul-lui-ceausescu\/","url":"https:\/\/www.lovendal.ro\/wp52\/manea-manescu-comunistul-roman-care-ar-fi-putut-deveni-secretar-general-al-onu-ce-s-a-intamplat-totusi-de-s-a-spulberat-visul-lui-ceausescu\/","name":"Manea M\u0103nescu, comunistul rom\u00e2n care ar fi putut deveni secretar general al ONU! Ce s-a \u00eent\u00e2mplat totu\u015fi, de s-a spulberat visul lui Ceau\u015fescu? - Secretele lui Lovendal","isPartOf":{"@id":"https:\/\/www.lovendal.ro\/wp52\/#website"},"primaryImageOfPage":{"@id":"https:\/\/www.lovendal.ro\/wp52\/manea-manescu-comunistul-roman-care-ar-fi-putut-deveni-secretar-general-al-onu-ce-s-a-intamplat-totusi-de-s-a-spulberat-visul-lui-ceausescu\/#primaryimage"},"image":{"@id":"https:\/\/www.lovendal.ro\/wp52\/manea-manescu-comunistul-roman-care-ar-fi-putut-deveni-secretar-general-al-onu-ce-s-a-intamplat-totusi-de-s-a-spulberat-visul-lui-ceausescu\/#primaryimage"},"thumbnailUrl":"https:\/\/www.lovendal.ro\/wp52\/wp-content\/uploads\/2020\/04\/Manea_Manescu.jpg","datePublished":"2020-04-28T10:01:48+00:00","dateModified":"2020-04-28T10:03:23+00:00","breadcrumb":{"@id":"https:\/\/www.lovendal.ro\/wp52\/manea-manescu-comunistul-roman-care-ar-fi-putut-deveni-secretar-general-al-onu-ce-s-a-intamplat-totusi-de-s-a-spulberat-visul-lui-ceausescu\/#breadcrumb"},"inLanguage":"ro-RO","potentialAction":[{"@type":"ReadAction","target":["https:\/\/www.lovendal.ro\/wp52\/manea-manescu-comunistul-roman-care-ar-fi-putut-deveni-secretar-general-al-onu-ce-s-a-intamplat-totusi-de-s-a-spulberat-visul-lui-ceausescu\/"]}]},{"@type":"ImageObject","inLanguage":"ro-RO","@id":"https:\/\/www.lovendal.ro\/wp52\/manea-manescu-comunistul-roman-care-ar-fi-putut-deveni-secretar-general-al-onu-ce-s-a-intamplat-totusi-de-s-a-spulberat-visul-lui-ceausescu\/#primaryimage","url":"https:\/\/www.lovendal.ro\/wp52\/wp-content\/uploads\/2020\/04\/Manea_Manescu.jpg","contentUrl":"https:\/\/www.lovendal.ro\/wp52\/wp-content\/uploads\/2020\/04\/Manea_Manescu.jpg","width":350,"height":349},{"@type":"BreadcrumbList","@id":"https:\/\/www.lovendal.ro\/wp52\/manea-manescu-comunistul-roman-care-ar-fi-putut-deveni-secretar-general-al-onu-ce-s-a-intamplat-totusi-de-s-a-spulberat-visul-lui-ceausescu\/#breadcrumb","itemListElement":[{"@type":"ListItem","position":1,"name":"Home","item":"https:\/\/www.lovendal.ro\/wp52\/"},{"@type":"ListItem","position":2,"name":"Manea M\u0103nescu, comunistul rom\u00e2n care ar fi putut deveni secretar general al ONU! Ce s-a \u00eent\u00e2mplat totu\u015fi, de s-a spulberat visul lui Ceau\u015fescu?"}]},{"@type":"WebSite","@id":"https:\/\/www.lovendal.ro\/wp52\/#website","url":"https:\/\/www.lovendal.ro\/wp52\/","name":"Secretele lui Lovendal","description":"Site de secrete, stiinta si metafizica - din 2008 -","publisher":{"@id":"https:\/\/www.lovendal.ro\/wp52\/#organization"},"potentialAction":[{"@type":"SearchAction","target":{"@type":"EntryPoint","urlTemplate":"https:\/\/www.lovendal.ro\/wp52\/?s={search_term_string}"},"query-input":{"@type":"PropertyValueSpecification","valueRequired":true,"valueName":"search_term_string"}}],"inLanguage":"ro-RO"},{"@type":"Organization","@id":"https:\/\/www.lovendal.ro\/wp52\/#organization","name":"Secretele lui Lovendal","url":"https:\/\/www.lovendal.ro\/wp52\/","logo":{"@type":"ImageObject","inLanguage":"ro-RO","@id":"https:\/\/www.lovendal.ro\/wp52\/#\/schema\/logo\/image\/","url":"https:\/\/www.lovendal.ro\/wp52\/wp-content\/uploads\/2024\/06\/cropped-SLL-iun-2024-1.jpg","contentUrl":"https:\/\/www.lovendal.ro\/wp52\/wp-content\/uploads\/2024\/06\/cropped-SLL-iun-2024-1.jpg","width":771,"height":240,"caption":"Secretele lui Lovendal"},"image":{"@id":"https:\/\/www.lovendal.ro\/wp52\/#\/schema\/logo\/image\/"},"sameAs":["https:\/\/www.facebook.com\/secreteleluilovendal"]},{"@type":"Person","@id":"https:\/\/www.lovendal.ro\/wp52\/#\/schema\/person\/088691de5dfc346bb0c023e1e52ef5d9","name":"admin","image":{"@type":"ImageObject","inLanguage":"ro-RO","@id":"https:\/\/secure.gravatar.com\/avatar\/ecb9cd41f5f63c9c9b989999a59f6e2639a865ec361e9db054db0679a8f341c2?s=96&d=mm&r=g","url":"https:\/\/secure.gravatar.com\/avatar\/ecb9cd41f5f63c9c9b989999a59f6e2639a865ec361e9db054db0679a8f341c2?s=96&d=mm&r=g","contentUrl":"https:\/\/secure.gravatar.com\/avatar\/ecb9cd41f5f63c9c9b989999a59f6e2639a865ec361e9db054db0679a8f341c2?s=96&d=mm&r=g","caption":"admin"},"sameAs":["https:\/\/www.lovendal.ro\/wp52"]}]}},"_links":{"self":[{"href":"https:\/\/www.lovendal.ro\/wp52\/wp-json\/wp\/v2\/posts\/68925","targetHints":{"allow":["GET"]}}],"collection":[{"href":"https:\/\/www.lovendal.ro\/wp52\/wp-json\/wp\/v2\/posts"}],"about":[{"href":"https:\/\/www.lovendal.ro\/wp52\/wp-json\/wp\/v2\/types\/post"}],"author":[{"embeddable":true,"href":"https:\/\/www.lovendal.ro\/wp52\/wp-json\/wp\/v2\/users\/1"}],"replies":[{"embeddable":true,"href":"https:\/\/www.lovendal.ro\/wp52\/wp-json\/wp\/v2\/comments?post=68925"}],"version-history":[{"count":0,"href":"https:\/\/www.lovendal.ro\/wp52\/wp-json\/wp\/v2\/posts\/68925\/revisions"}],"wp:featuredmedia":[{"embeddable":true,"href":"https:\/\/www.lovendal.ro\/wp52\/wp-json\/wp\/v2\/media\/68926"}],"wp:attachment":[{"href":"https:\/\/www.lovendal.ro\/wp52\/wp-json\/wp\/v2\/media?parent=68925"}],"wp:term":[{"taxonomy":"category","embeddable":true,"href":"https:\/\/www.lovendal.ro\/wp52\/wp-json\/wp\/v2\/categories?post=68925"},{"taxonomy":"post_tag","embeddable":true,"href":"https:\/\/www.lovendal.ro\/wp52\/wp-json\/wp\/v2\/tags?post=68925"}],"curies":[{"name":"wp","href":"https:\/\/api.w.org\/{rel}","templated":true}]}}