{"id":6824,"date":"2009-08-16T21:05:12","date_gmt":"2009-08-16T18:05:12","guid":{"rendered":"http:\/\/www.lovendal.net\/wp52\/?p=6824"},"modified":"2009-08-16T21:09:54","modified_gmt":"2009-08-16T18:09:54","slug":"un-porsche-blestemat-care-l-a-ucis-pe-marele-actor-james-dean","status":"publish","type":"post","link":"https:\/\/www.lovendal.ro\/wp52\/un-porsche-blestemat-care-l-a-ucis-pe-marele-actor-james-dean\/","title":{"rendered":"Un Porsche blestemat care l-a ucis pe marele actor James Dean"},"content":{"rendered":"<p><a href=\"https:\/\/www.lovendal.ro\/wp52\/wp-content\/uploads\/2009\/08\/Porsche.jpg\"><img loading=\"lazy\" decoding=\"async\" class=\"alignleft size-full wp-image-6957\" title=\"Porsche\" src=\"https:\/\/www.lovendal.ro\/wp52\/wp-content\/uploads\/2009\/08\/Porsche.jpg\" alt=\"Porsche\" width=\"277\" height=\"199\" srcset=\"https:\/\/www.lovendal.ro\/wp52\/wp-content\/uploads\/2009\/08\/Porsche.jpg 319w, https:\/\/www.lovendal.ro\/wp52\/wp-content\/uploads\/2009\/08\/Porsche-300x216.jpg 300w\" sizes=\"auto, (max-width: 277px) 100vw, 277px\" \/><\/a>La 30 septembrie 1955, actorul James Dean a murit la volanul ma\u015finii sale, marca &#8222;Porsche&#8221;, la o curb\u0103 \u00een apropiere de San Francisco. Cu pu\u0163in timp \u00eenainte, actorul Alec Guiness l-a avertizat s\u0103 nu se urce la volanul bolidului. Ulterior, ma\u015fina, cump\u0103rat\u0103 de George Barris,<span> <\/span>s-a desprins din camionul ce o transporta \u015fi a rupt picioarele unui mecanic.<\/p>\n<p>Rev\u00e2ndut\u0103 unui amator de curse auto, acesta a fost la un pas de moarte \u00een timpul unei curse. Un alt pilot a murit \u00een urma exploziei simultane a dou\u0103 pneuri noi. Expus\u0103 la o expozi\u0163ie pe tema securit\u0103\u0163ii rutiere, carcasa ma\u015finii a c\u0103zut de pe podium, r\u0103nind un t\u00e2n\u0103r. Ulterior, un b\u0103rbat a murit c\u00e2nd ma\u015fina era \u00eenc\u0103rcat\u0103 \u00eentr-un camion.<\/p>\n<p>\u00cen timpul transportului, fr\u00e2nele camionului s-au blocat \u015fi acesta a intrat \u00een vitrina unui magazin. \u00cen final, Porsche-ul a fost demontat in 11 buc\u0103\u0163i pentru o expozi\u0163ie, \u00eenainte de a disp\u0103rea misterios \u00een timp ce un tren le transporta spre Los Angeles.<\/p>\n","protected":false},"excerpt":{"rendered":"<p>La 30 septembrie 1955, actorul James Dean a murit la volanul ma\u015finii sale, marca &#8222;Porsche&#8221;, la o curb\u0103 \u00een apropiere de San Francisco. Cu pu\u0163in timp \u00eenainte, actorul Alec Guiness l-a avertizat s\u0103 nu se urce la volanul bolidului. Ulterior, &#8230; <\/p>\n<p class=\"read-more-container\"><a title=\"Un Porsche blestemat care l-a ucis pe marele actor James Dean\" class=\"read-more button\" href=\"https:\/\/www.lovendal.ro\/wp52\/un-porsche-blestemat-care-l-a-ucis-pe-marele-actor-james-dean\/#more-6824\" aria-label=\"Cite\u0219te mai multe despre Un Porsche blestemat care l-a ucis pe marele actor James Dean\">Cititi mai multe<\/a><\/p>\n","protected":false},"author":1,"featured_media":6957,"comment_status":"open","ping_status":"closed","sticky":false,"template":"","format":"standard","meta":{"footnotes":""},"categories":[14],"tags":[242,2018,9796,2017],"class_list":["post-6824","post","type-post","status-publish","format-standard","has-post-thumbnail","hentry","category-paranormal-spiritualitate","tag-blestem","tag-james-dean","tag-paranormal-spiritualitate","tag-porsche","resize-featured-image"],"yoast_head":"<!-- This site is optimized with the Yoast SEO Premium plugin v23.3 (Yoast SEO v27.4) - https:\/\/yoast.com\/product\/yoast-seo-premium-wordpress\/ -->\n<title>Un Porsche blestemat care l-a ucis pe marele actor James Dean - Secretele lui Lovendal<\/title>\n<meta name=\"robots\" content=\"index, follow, max-snippet:-1, max-image-preview:large, max-video-preview:-1\" \/>\n<link rel=\"canonical\" href=\"https:\/\/www.lovendal.ro\/wp52\/un-porsche-blestemat-care-l-a-ucis-pe-marele-actor-james-dean\/\" \/>\n<meta property=\"og:locale\" content=\"ro_RO\" \/>\n<meta property=\"og:type\" content=\"article\" \/>\n<meta property=\"og:title\" content=\"Un Porsche blestemat care l-a ucis pe marele actor James Dean\" \/>\n<meta property=\"og:description\" content=\"La 30 septembrie 1955, actorul James Dean a murit la volanul ma\u015finii sale, marca &#8222;Porsche&#8221;, la o curb\u0103 \u00een apropiere de San Francisco. Cu pu\u0163in timp \u00eenainte, actorul Alec Guiness l-a avertizat s\u0103 nu se urce la volanul bolidului. Ulterior, ... Cititi mai multe\" \/>\n<meta property=\"og:url\" content=\"https:\/\/www.lovendal.ro\/wp52\/un-porsche-blestemat-care-l-a-ucis-pe-marele-actor-james-dean\/\" \/>\n<meta property=\"og:site_name\" content=\"Secretele lui Lovendal\" \/>\n<meta property=\"article:publisher\" content=\"https:\/\/www.facebook.com\/secreteleluilovendal\" \/>\n<meta property=\"article:published_time\" content=\"2009-08-16T18:05:12+00:00\" \/>\n<meta property=\"article:modified_time\" content=\"2009-08-16T18:09:54+00:00\" \/>\n<meta property=\"og:image\" content=\"https:\/\/www.lovendal.ro\/wp52\/wp-content\/uploads\/2009\/08\/Porsche.jpg\" \/>\n\t<meta property=\"og:image:width\" content=\"319\" \/>\n\t<meta property=\"og:image:height\" content=\"230\" \/>\n\t<meta property=\"og:image:type\" content=\"image\/jpeg\" \/>\n<meta name=\"author\" content=\"admin\" \/>\n<meta name=\"twitter:card\" content=\"summary_large_image\" \/>\n<meta name=\"twitter:label1\" content=\"Scris de\" \/>\n\t<meta name=\"twitter:data1\" content=\"admin\" \/>\n\t<meta name=\"twitter:label2\" content=\"Timp estimat pentru citire\" \/>\n\t<meta name=\"twitter:data2\" content=\"1 minut\" \/>\n<script type=\"application\/ld+json\" class=\"yoast-schema-graph\">{\"@context\":\"https:\\\/\\\/schema.org\",\"@graph\":[{\"@type\":\"Article\",\"@id\":\"https:\\\/\\\/www.lovendal.ro\\\/wp52\\\/un-porsche-blestemat-care-l-a-ucis-pe-marele-actor-james-dean\\\/#article\",\"isPartOf\":{\"@id\":\"https:\\\/\\\/www.lovendal.ro\\\/wp52\\\/un-porsche-blestemat-care-l-a-ucis-pe-marele-actor-james-dean\\\/\"},\"author\":{\"name\":\"admin\",\"@id\":\"https:\\\/\\\/www.lovendal.ro\\\/wp52\\\/#\\\/schema\\\/person\\\/088691de5dfc346bb0c023e1e52ef5d9\"},\"headline\":\"Un Porsche blestemat care l-a ucis pe marele actor James Dean\",\"datePublished\":\"2009-08-16T18:05:12+00:00\",\"dateModified\":\"2009-08-16T18:09:54+00:00\",\"mainEntityOfPage\":{\"@id\":\"https:\\\/\\\/www.lovendal.ro\\\/wp52\\\/un-porsche-blestemat-care-l-a-ucis-pe-marele-actor-james-dean\\\/\"},\"wordCount\":188,\"commentCount\":1,\"publisher\":{\"@id\":\"https:\\\/\\\/www.lovendal.ro\\\/wp52\\\/#organization\"},\"image\":{\"@id\":\"https:\\\/\\\/www.lovendal.ro\\\/wp52\\\/un-porsche-blestemat-care-l-a-ucis-pe-marele-actor-james-dean\\\/#primaryimage\"},\"thumbnailUrl\":\"https:\\\/\\\/www.lovendal.ro\\\/wp52\\\/wp-content\\\/uploads\\\/2009\\\/08\\\/Porsche.jpg\",\"keywords\":[\"blestem\",\"James Dean\",\"Paranormal-Spiritualitate\",\"Porsche\"],\"articleSection\":[\"Paranormal-Spiritualitate\"],\"inLanguage\":\"ro-RO\",\"potentialAction\":[{\"@type\":\"CommentAction\",\"name\":\"Comment\",\"target\":[\"https:\\\/\\\/www.lovendal.ro\\\/wp52\\\/un-porsche-blestemat-care-l-a-ucis-pe-marele-actor-james-dean\\\/#respond\"]}]},{\"@type\":\"WebPage\",\"@id\":\"https:\\\/\\\/www.lovendal.ro\\\/wp52\\\/un-porsche-blestemat-care-l-a-ucis-pe-marele-actor-james-dean\\\/\",\"url\":\"https:\\\/\\\/www.lovendal.ro\\\/wp52\\\/un-porsche-blestemat-care-l-a-ucis-pe-marele-actor-james-dean\\\/\",\"name\":\"Un Porsche blestemat care l-a ucis pe marele actor James Dean - Secretele lui Lovendal\",\"isPartOf\":{\"@id\":\"https:\\\/\\\/www.lovendal.ro\\\/wp52\\\/#website\"},\"primaryImageOfPage\":{\"@id\":\"https:\\\/\\\/www.lovendal.ro\\\/wp52\\\/un-porsche-blestemat-care-l-a-ucis-pe-marele-actor-james-dean\\\/#primaryimage\"},\"image\":{\"@id\":\"https:\\\/\\\/www.lovendal.ro\\\/wp52\\\/un-porsche-blestemat-care-l-a-ucis-pe-marele-actor-james-dean\\\/#primaryimage\"},\"thumbnailUrl\":\"https:\\\/\\\/www.lovendal.ro\\\/wp52\\\/wp-content\\\/uploads\\\/2009\\\/08\\\/Porsche.jpg\",\"datePublished\":\"2009-08-16T18:05:12+00:00\",\"dateModified\":\"2009-08-16T18:09:54+00:00\",\"breadcrumb\":{\"@id\":\"https:\\\/\\\/www.lovendal.ro\\\/wp52\\\/un-porsche-blestemat-care-l-a-ucis-pe-marele-actor-james-dean\\\/#breadcrumb\"},\"inLanguage\":\"ro-RO\",\"potentialAction\":[{\"@type\":\"ReadAction\",\"target\":[\"https:\\\/\\\/www.lovendal.ro\\\/wp52\\\/un-porsche-blestemat-care-l-a-ucis-pe-marele-actor-james-dean\\\/\"]}]},{\"@type\":\"ImageObject\",\"inLanguage\":\"ro-RO\",\"@id\":\"https:\\\/\\\/www.lovendal.ro\\\/wp52\\\/un-porsche-blestemat-care-l-a-ucis-pe-marele-actor-james-dean\\\/#primaryimage\",\"url\":\"https:\\\/\\\/www.lovendal.ro\\\/wp52\\\/wp-content\\\/uploads\\\/2009\\\/08\\\/Porsche.jpg\",\"contentUrl\":\"https:\\\/\\\/www.lovendal.ro\\\/wp52\\\/wp-content\\\/uploads\\\/2009\\\/08\\\/Porsche.jpg\",\"width\":\"319\",\"height\":\"230\"},{\"@type\":\"BreadcrumbList\",\"@id\":\"https:\\\/\\\/www.lovendal.ro\\\/wp52\\\/un-porsche-blestemat-care-l-a-ucis-pe-marele-actor-james-dean\\\/#breadcrumb\",\"itemListElement\":[{\"@type\":\"ListItem\",\"position\":1,\"name\":\"Home\",\"item\":\"https:\\\/\\\/www.lovendal.ro\\\/wp52\\\/\"},{\"@type\":\"ListItem\",\"position\":2,\"name\":\"Un Porsche blestemat care l-a ucis pe marele actor James Dean\"}]},{\"@type\":\"WebSite\",\"@id\":\"https:\\\/\\\/www.lovendal.ro\\\/wp52\\\/#website\",\"url\":\"https:\\\/\\\/www.lovendal.ro\\\/wp52\\\/\",\"name\":\"Secretele lui Lovendal\",\"description\":\"Site de secrete, stiinta si metafizica - din 2008 -\",\"publisher\":{\"@id\":\"https:\\\/\\\/www.lovendal.ro\\\/wp52\\\/#organization\"},\"potentialAction\":[{\"@type\":\"SearchAction\",\"target\":{\"@type\":\"EntryPoint\",\"urlTemplate\":\"https:\\\/\\\/www.lovendal.ro\\\/wp52\\\/?s={search_term_string}\"},\"query-input\":{\"@type\":\"PropertyValueSpecification\",\"valueRequired\":true,\"valueName\":\"search_term_string\"}}],\"inLanguage\":\"ro-RO\"},{\"@type\":\"Organization\",\"@id\":\"https:\\\/\\\/www.lovendal.ro\\\/wp52\\\/#organization\",\"name\":\"Secretele lui Lovendal\",\"url\":\"https:\\\/\\\/www.lovendal.ro\\\/wp52\\\/\",\"logo\":{\"@type\":\"ImageObject\",\"inLanguage\":\"ro-RO\",\"@id\":\"https:\\\/\\\/www.lovendal.ro\\\/wp52\\\/#\\\/schema\\\/logo\\\/image\\\/\",\"url\":\"https:\\\/\\\/www.lovendal.ro\\\/wp52\\\/wp-content\\\/uploads\\\/2024\\\/06\\\/cropped-SLL-iun-2024-1.jpg\",\"contentUrl\":\"https:\\\/\\\/www.lovendal.ro\\\/wp52\\\/wp-content\\\/uploads\\\/2024\\\/06\\\/cropped-SLL-iun-2024-1.jpg\",\"width\":771,\"height\":240,\"caption\":\"Secretele lui Lovendal\"},\"image\":{\"@id\":\"https:\\\/\\\/www.lovendal.ro\\\/wp52\\\/#\\\/schema\\\/logo\\\/image\\\/\"},\"sameAs\":[\"https:\\\/\\\/www.facebook.com\\\/secreteleluilovendal\"]},{\"@type\":\"Person\",\"@id\":\"https:\\\/\\\/www.lovendal.ro\\\/wp52\\\/#\\\/schema\\\/person\\\/088691de5dfc346bb0c023e1e52ef5d9\",\"name\":\"admin\",\"image\":{\"@type\":\"ImageObject\",\"inLanguage\":\"ro-RO\",\"@id\":\"https:\\\/\\\/secure.gravatar.com\\\/avatar\\\/ecb9cd41f5f63c9c9b989999a59f6e2639a865ec361e9db054db0679a8f341c2?s=96&d=mm&r=g\",\"url\":\"https:\\\/\\\/secure.gravatar.com\\\/avatar\\\/ecb9cd41f5f63c9c9b989999a59f6e2639a865ec361e9db054db0679a8f341c2?s=96&d=mm&r=g\",\"contentUrl\":\"https:\\\/\\\/secure.gravatar.com\\\/avatar\\\/ecb9cd41f5f63c9c9b989999a59f6e2639a865ec361e9db054db0679a8f341c2?s=96&d=mm&r=g\",\"caption\":\"admin\"},\"sameAs\":[\"https:\\\/\\\/www.lovendal.ro\\\/wp52\"]}]}<\/script>\n<!-- \/ Yoast SEO Premium plugin. -->","yoast_head_json":{"title":"Un Porsche blestemat care l-a ucis pe marele actor James Dean - Secretele lui Lovendal","robots":{"index":"index","follow":"follow","max-snippet":"max-snippet:-1","max-image-preview":"max-image-preview:large","max-video-preview":"max-video-preview:-1"},"canonical":"https:\/\/www.lovendal.ro\/wp52\/un-porsche-blestemat-care-l-a-ucis-pe-marele-actor-james-dean\/","og_locale":"ro_RO","og_type":"article","og_title":"Un Porsche blestemat care l-a ucis pe marele actor James Dean","og_description":"La 30 septembrie 1955, actorul James Dean a murit la volanul ma\u015finii sale, marca &#8222;Porsche&#8221;, la o curb\u0103 \u00een apropiere de San Francisco. Cu pu\u0163in timp \u00eenainte, actorul Alec Guiness l-a avertizat s\u0103 nu se urce la volanul bolidului. Ulterior, ... Cititi mai multe","og_url":"https:\/\/www.lovendal.ro\/wp52\/un-porsche-blestemat-care-l-a-ucis-pe-marele-actor-james-dean\/","og_site_name":"Secretele lui Lovendal","article_publisher":"https:\/\/www.facebook.com\/secreteleluilovendal","article_published_time":"2009-08-16T18:05:12+00:00","article_modified_time":"2009-08-16T18:09:54+00:00","og_image":[{"width":319,"height":230,"url":"https:\/\/www.lovendal.ro\/wp52\/wp-content\/uploads\/2009\/08\/Porsche.jpg","type":"image\/jpeg"}],"author":"admin","twitter_card":"summary_large_image","twitter_misc":{"Scris de":"admin","Timp estimat pentru citire":"1 minut"},"schema":{"@context":"https:\/\/schema.org","@graph":[{"@type":"Article","@id":"https:\/\/www.lovendal.ro\/wp52\/un-porsche-blestemat-care-l-a-ucis-pe-marele-actor-james-dean\/#article","isPartOf":{"@id":"https:\/\/www.lovendal.ro\/wp52\/un-porsche-blestemat-care-l-a-ucis-pe-marele-actor-james-dean\/"},"author":{"name":"admin","@id":"https:\/\/www.lovendal.ro\/wp52\/#\/schema\/person\/088691de5dfc346bb0c023e1e52ef5d9"},"headline":"Un Porsche blestemat care l-a ucis pe marele actor James Dean","datePublished":"2009-08-16T18:05:12+00:00","dateModified":"2009-08-16T18:09:54+00:00","mainEntityOfPage":{"@id":"https:\/\/www.lovendal.ro\/wp52\/un-porsche-blestemat-care-l-a-ucis-pe-marele-actor-james-dean\/"},"wordCount":188,"commentCount":1,"publisher":{"@id":"https:\/\/www.lovendal.ro\/wp52\/#organization"},"image":{"@id":"https:\/\/www.lovendal.ro\/wp52\/un-porsche-blestemat-care-l-a-ucis-pe-marele-actor-james-dean\/#primaryimage"},"thumbnailUrl":"https:\/\/www.lovendal.ro\/wp52\/wp-content\/uploads\/2009\/08\/Porsche.jpg","keywords":["blestem","James Dean","Paranormal-Spiritualitate","Porsche"],"articleSection":["Paranormal-Spiritualitate"],"inLanguage":"ro-RO","potentialAction":[{"@type":"CommentAction","name":"Comment","target":["https:\/\/www.lovendal.ro\/wp52\/un-porsche-blestemat-care-l-a-ucis-pe-marele-actor-james-dean\/#respond"]}]},{"@type":"WebPage","@id":"https:\/\/www.lovendal.ro\/wp52\/un-porsche-blestemat-care-l-a-ucis-pe-marele-actor-james-dean\/","url":"https:\/\/www.lovendal.ro\/wp52\/un-porsche-blestemat-care-l-a-ucis-pe-marele-actor-james-dean\/","name":"Un Porsche blestemat care l-a ucis pe marele actor James Dean - Secretele lui Lovendal","isPartOf":{"@id":"https:\/\/www.lovendal.ro\/wp52\/#website"},"primaryImageOfPage":{"@id":"https:\/\/www.lovendal.ro\/wp52\/un-porsche-blestemat-care-l-a-ucis-pe-marele-actor-james-dean\/#primaryimage"},"image":{"@id":"https:\/\/www.lovendal.ro\/wp52\/un-porsche-blestemat-care-l-a-ucis-pe-marele-actor-james-dean\/#primaryimage"},"thumbnailUrl":"https:\/\/www.lovendal.ro\/wp52\/wp-content\/uploads\/2009\/08\/Porsche.jpg","datePublished":"2009-08-16T18:05:12+00:00","dateModified":"2009-08-16T18:09:54+00:00","breadcrumb":{"@id":"https:\/\/www.lovendal.ro\/wp52\/un-porsche-blestemat-care-l-a-ucis-pe-marele-actor-james-dean\/#breadcrumb"},"inLanguage":"ro-RO","potentialAction":[{"@type":"ReadAction","target":["https:\/\/www.lovendal.ro\/wp52\/un-porsche-blestemat-care-l-a-ucis-pe-marele-actor-james-dean\/"]}]},{"@type":"ImageObject","inLanguage":"ro-RO","@id":"https:\/\/www.lovendal.ro\/wp52\/un-porsche-blestemat-care-l-a-ucis-pe-marele-actor-james-dean\/#primaryimage","url":"https:\/\/www.lovendal.ro\/wp52\/wp-content\/uploads\/2009\/08\/Porsche.jpg","contentUrl":"https:\/\/www.lovendal.ro\/wp52\/wp-content\/uploads\/2009\/08\/Porsche.jpg","width":"319","height":"230"},{"@type":"BreadcrumbList","@id":"https:\/\/www.lovendal.ro\/wp52\/un-porsche-blestemat-care-l-a-ucis-pe-marele-actor-james-dean\/#breadcrumb","itemListElement":[{"@type":"ListItem","position":1,"name":"Home","item":"https:\/\/www.lovendal.ro\/wp52\/"},{"@type":"ListItem","position":2,"name":"Un Porsche blestemat care l-a ucis pe marele actor James Dean"}]},{"@type":"WebSite","@id":"https:\/\/www.lovendal.ro\/wp52\/#website","url":"https:\/\/www.lovendal.ro\/wp52\/","name":"Secretele lui Lovendal","description":"Site de secrete, stiinta si metafizica - din 2008 -","publisher":{"@id":"https:\/\/www.lovendal.ro\/wp52\/#organization"},"potentialAction":[{"@type":"SearchAction","target":{"@type":"EntryPoint","urlTemplate":"https:\/\/www.lovendal.ro\/wp52\/?s={search_term_string}"},"query-input":{"@type":"PropertyValueSpecification","valueRequired":true,"valueName":"search_term_string"}}],"inLanguage":"ro-RO"},{"@type":"Organization","@id":"https:\/\/www.lovendal.ro\/wp52\/#organization","name":"Secretele lui Lovendal","url":"https:\/\/www.lovendal.ro\/wp52\/","logo":{"@type":"ImageObject","inLanguage":"ro-RO","@id":"https:\/\/www.lovendal.ro\/wp52\/#\/schema\/logo\/image\/","url":"https:\/\/www.lovendal.ro\/wp52\/wp-content\/uploads\/2024\/06\/cropped-SLL-iun-2024-1.jpg","contentUrl":"https:\/\/www.lovendal.ro\/wp52\/wp-content\/uploads\/2024\/06\/cropped-SLL-iun-2024-1.jpg","width":771,"height":240,"caption":"Secretele lui Lovendal"},"image":{"@id":"https:\/\/www.lovendal.ro\/wp52\/#\/schema\/logo\/image\/"},"sameAs":["https:\/\/www.facebook.com\/secreteleluilovendal"]},{"@type":"Person","@id":"https:\/\/www.lovendal.ro\/wp52\/#\/schema\/person\/088691de5dfc346bb0c023e1e52ef5d9","name":"admin","image":{"@type":"ImageObject","inLanguage":"ro-RO","@id":"https:\/\/secure.gravatar.com\/avatar\/ecb9cd41f5f63c9c9b989999a59f6e2639a865ec361e9db054db0679a8f341c2?s=96&d=mm&r=g","url":"https:\/\/secure.gravatar.com\/avatar\/ecb9cd41f5f63c9c9b989999a59f6e2639a865ec361e9db054db0679a8f341c2?s=96&d=mm&r=g","contentUrl":"https:\/\/secure.gravatar.com\/avatar\/ecb9cd41f5f63c9c9b989999a59f6e2639a865ec361e9db054db0679a8f341c2?s=96&d=mm&r=g","caption":"admin"},"sameAs":["https:\/\/www.lovendal.ro\/wp52"]}]}},"_links":{"self":[{"href":"https:\/\/www.lovendal.ro\/wp52\/wp-json\/wp\/v2\/posts\/6824","targetHints":{"allow":["GET"]}}],"collection":[{"href":"https:\/\/www.lovendal.ro\/wp52\/wp-json\/wp\/v2\/posts"}],"about":[{"href":"https:\/\/www.lovendal.ro\/wp52\/wp-json\/wp\/v2\/types\/post"}],"author":[{"embeddable":true,"href":"https:\/\/www.lovendal.ro\/wp52\/wp-json\/wp\/v2\/users\/1"}],"replies":[{"embeddable":true,"href":"https:\/\/www.lovendal.ro\/wp52\/wp-json\/wp\/v2\/comments?post=6824"}],"version-history":[{"count":0,"href":"https:\/\/www.lovendal.ro\/wp52\/wp-json\/wp\/v2\/posts\/6824\/revisions"}],"wp:featuredmedia":[{"embeddable":true,"href":"https:\/\/www.lovendal.ro\/wp52\/wp-json\/wp\/v2\/media\/6957"}],"wp:attachment":[{"href":"https:\/\/www.lovendal.ro\/wp52\/wp-json\/wp\/v2\/media?parent=6824"}],"wp:term":[{"taxonomy":"category","embeddable":true,"href":"https:\/\/www.lovendal.ro\/wp52\/wp-json\/wp\/v2\/categories?post=6824"},{"taxonomy":"post_tag","embeddable":true,"href":"https:\/\/www.lovendal.ro\/wp52\/wp-json\/wp\/v2\/tags?post=6824"}],"curies":[{"name":"wp","href":"https:\/\/api.w.org\/{rel}","templated":true}]}}