{"id":67803,"date":"2020-04-15T15:25:32","date_gmt":"2020-04-15T12:25:32","guid":{"rendered":"https:\/\/www.lovendal.ro\/wp52\/?p=67803"},"modified":"2020-04-15T15:25:32","modified_gmt":"2020-04-15T12:25:32","slug":"in-irlanda-zilele-acestea-se-aude-un-sunet-al-cerului-grav-apocaliptic-ce-pare-ca-vine-din-cosmos-ce-dumnezeu-o-mai-fi","status":"publish","type":"post","link":"https:\/\/www.lovendal.ro\/wp52\/in-irlanda-zilele-acestea-se-aude-un-sunet-al-cerului-grav-apocaliptic-ce-pare-ca-vine-din-cosmos-ce-dumnezeu-o-mai-fi\/","title":{"rendered":"\u00cen Irlanda, zilele acestea se aude un &#8222;sunet al cerului&#8221; grav, apocaliptic, ce pare c\u0103 vine din Cosmos&#8230; Ce Dumnezeu o mai fi!?"},"content":{"rendered":"<p><a href=\"https:\/\/www.lovendal.ro\/wp52\/wp-content\/uploads\/2020\/04\/sunete-ciudate-in-ceruri.jpg\"><img loading=\"lazy\" decoding=\"async\" class=\"alignleft size-full wp-image-67804\" src=\"https:\/\/www.lovendal.ro\/wp52\/wp-content\/uploads\/2020\/04\/sunete-ciudate-in-ceruri.jpg\" alt=\"\" width=\"351\" height=\"246\" srcset=\"https:\/\/www.lovendal.ro\/wp52\/wp-content\/uploads\/2020\/04\/sunete-ciudate-in-ceruri.jpg 351w, https:\/\/www.lovendal.ro\/wp52\/wp-content\/uploads\/2020\/04\/sunete-ciudate-in-ceruri-300x210.jpg 300w, https:\/\/www.lovendal.ro\/wp52\/wp-content\/uploads\/2020\/04\/sunete-ciudate-in-ceruri-100x70.jpg 100w\" sizes=\"auto, (max-width: 351px) 100vw, 351px\" \/><\/a>Un cititor mi-a trimis azi un mesaj (\u00eei mul\u0163umesc \u00eenc\u0103 o dat\u0103 pe aceast\u0103 cale) \u015fi un link c\u0103tre un <a href=\"https:\/\/www.youtube.com\/watch?v=9mJwG_Ec97c&amp;feature=youtu.be&amp;fbclid=IwAR2oEs88s_Oz_gZt4cHm7-DOmgs7OCLabMvnRYq6Kw7tI95iWxsiFzAsoak&amp;app=desktop\" target=\"_blank\" rel=\"noopener noreferrer\"><strong>videoclip YouTube, <\/strong><\/a> care a fost \u00eenregistrat zilele acestea l\u00e2ng\u0103 Drogheda (unul dintre cele mai vechi ora\u015fe din Irlanda).<\/p>\n<p>V\u0103 rog pe to\u0163i s\u0103 urm\u0103ri\u0163i acest videoclip \u015fi, mai ales, s\u0103 asculta\u0163i sunetul de acolo. \u00cen afar\u0103 de zgomotul p\u0103s\u0103rilor din copaci, \u00een fundal se aude un sunet grav, apocaliptic, ce pare c\u0103 vine din Cosmos. Acest sunet se aude ciclic, din 10 \u00een 10 secunde, \u015fi nu dureaz\u0103 mult. Ce-ar putea fi?<\/p>\n<p>E adev\u0103rat c\u0103 \u00een anii trecu\u0163i s-au mai auzit sunete ciudate din cer \u00een mai multe col\u0163uri ale lumii. De exemplu, \u00een 2011-2012 s-au auzit asemenea zgomote; nu \u015ftiu dac\u0103 sunt asem\u0103n\u0103toare cu cele \u00eenregistrate zilele acestea \u00een Irlanda, dar \u00eentr-un interviu acordat acum 8 ani, geofizicianul \u015fi specialistul \u00een geodinamic\u0103 \u015fi geotectonic\u0103, Dr. Elchin Kalilov, a spus c\u0103, dup\u0103 analiza \u00eenregistr\u0103rilor sunetelor bizare, a aflat c\u0103 ele apar\u0163in infrasunetelor, ce nu pot fi auzite de oameni: <em>&#8222;Ceea ce oamenii aud reprezint\u0103 o mic\u0103 parte din puterea acestor sunete. Ele sunt emisii acustice de joas\u0103 frecven\u0163\u0103 (20 \u015fi 100 Hz), ele numindu-se \u00een geofizic\u0103 \u201eunde acustico-gravita\u0163ionale\u201d. Ele se formeaz\u0103 \u00een atmosfera superioar\u0103 a P\u0103m\u00e2ntului \u015fi pot fi cauzate de cutremure, erup\u0163ii vulcanice, uragane, tsunami etc. Totu\u015fi, sunetele \u00eenregistrate, at\u00e2t din punct de vedere al teritoriului acoperit, c\u00e2t \u015fi a puterii lor, nu pot fi cauzate de fenomenele mai sus men\u0163ionate.\u201d<\/em><\/p>\n<p>Videoclipul cu sunetele ciudate din Irlanda poate fi vizionat, dar mai ales ascultat <a href=\"https:\/\/www.youtube.com\/watch?v=9mJwG_Ec97c&amp;feature=youtu.be&amp;fbclid=IwAR2oEs88s_Oz_gZt4cHm7-DOmgs7OCLabMvnRYq6Kw7tI95iWxsiFzAsoak&amp;app=desktop\" target=\"_blank\" rel=\"noopener noreferrer\"><strong>AICI<\/strong><\/a>.<\/p>\n<p>&nbsp;<\/p>\n","protected":false},"excerpt":{"rendered":"<p>Un cititor mi-a trimis azi un mesaj (\u00eei mul\u0163umesc \u00eenc\u0103 o dat\u0103 pe aceast\u0103 cale) \u015fi un link c\u0103tre un videoclip YouTube, care a fost \u00eenregistrat zilele acestea l\u00e2ng\u0103 Drogheda (unul dintre cele mai vechi ora\u015fe din Irlanda). V\u0103 rog &#8230; <\/p>\n<p class=\"read-more-container\"><a title=\"\u00cen Irlanda, zilele acestea se aude un &#8222;sunet al cerului&#8221; grav, apocaliptic, ce pare c\u0103 vine din Cosmos&#8230; Ce Dumnezeu o mai fi!?\" class=\"read-more button\" href=\"https:\/\/www.lovendal.ro\/wp52\/in-irlanda-zilele-acestea-se-aude-un-sunet-al-cerului-grav-apocaliptic-ce-pare-ca-vine-din-cosmos-ce-dumnezeu-o-mai-fi\/#more-67803\" aria-label=\"Cite\u0219te mai multe despre \u00cen Irlanda, zilele acestea se aude un &#8222;sunet al cerului&#8221; grav, apocaliptic, ce pare c\u0103 vine din Cosmos&#8230; Ce Dumnezeu o mai fi!?\">Cititi mai multe<\/a><\/p>\n","protected":false},"author":1,"featured_media":67804,"comment_status":"closed","ping_status":"open","sticky":false,"template":"","format":"standard","meta":{"footnotes":""},"categories":[5040],"tags":[2502,9818,2286,1310,1331,7452,7998,122,4823,490,151,105,653,3224,1975,2240,2042,4223],"class_list":["post-67803","post","type-post","status-publish","format-standard","has-post-thumbnail","hentry","category-bizar","tag-atmosfera","tag-bizar","tag-copaci","tag-cosmos","tag-cutremur","tag-eruptie-vulcanica","tag-geofizician","tag-infrasunete","tag-interviu","tag-irlanda","tag-oras","tag-pamant","tag-pasari","tag-sunete","tag-tsunami","tag-uragan","tag-videoclip","tag-youtube","resize-featured-image"],"yoast_head":"<!-- This site is optimized with the Yoast SEO Premium plugin v23.3 (Yoast SEO v27.4) - https:\/\/yoast.com\/product\/yoast-seo-premium-wordpress\/ -->\n<title>\u00cen Irlanda, zilele acestea se aude un &quot;sunet al cerului&quot; grav, apocaliptic, ce pare c\u0103 vine din Cosmos... Ce Dumnezeu o mai fi!? - Secretele lui Lovendal<\/title>\n<meta name=\"robots\" content=\"index, follow, max-snippet:-1, max-image-preview:large, max-video-preview:-1\" \/>\n<link rel=\"canonical\" href=\"https:\/\/www.lovendal.ro\/wp52\/in-irlanda-zilele-acestea-se-aude-un-sunet-al-cerului-grav-apocaliptic-ce-pare-ca-vine-din-cosmos-ce-dumnezeu-o-mai-fi\/\" \/>\n<meta property=\"og:locale\" content=\"ro_RO\" \/>\n<meta property=\"og:type\" content=\"article\" \/>\n<meta property=\"og:title\" content=\"\u00cen Irlanda, zilele acestea se aude un &quot;sunet al cerului&quot; grav, apocaliptic, ce pare c\u0103 vine din Cosmos... Ce Dumnezeu o mai fi!?\" \/>\n<meta property=\"og:description\" content=\"Un cititor mi-a trimis azi un mesaj (\u00eei mul\u0163umesc \u00eenc\u0103 o dat\u0103 pe aceast\u0103 cale) \u015fi un link c\u0103tre un videoclip YouTube, care a fost \u00eenregistrat zilele acestea l\u00e2ng\u0103 Drogheda (unul dintre cele mai vechi ora\u015fe din Irlanda). V\u0103 rog ... Cititi mai multe\" \/>\n<meta property=\"og:url\" content=\"https:\/\/www.lovendal.ro\/wp52\/in-irlanda-zilele-acestea-se-aude-un-sunet-al-cerului-grav-apocaliptic-ce-pare-ca-vine-din-cosmos-ce-dumnezeu-o-mai-fi\/\" \/>\n<meta property=\"og:site_name\" content=\"Secretele lui Lovendal\" \/>\n<meta property=\"article:publisher\" content=\"https:\/\/www.facebook.com\/secreteleluilovendal\" \/>\n<meta property=\"article:published_time\" content=\"2020-04-15T12:25:32+00:00\" \/>\n<meta property=\"og:image\" content=\"https:\/\/www.lovendal.ro\/wp52\/wp-content\/uploads\/2020\/04\/sunete-ciudate-in-ceruri.jpg\" \/>\n\t<meta property=\"og:image:width\" content=\"351\" \/>\n\t<meta property=\"og:image:height\" content=\"246\" \/>\n\t<meta property=\"og:image:type\" content=\"image\/jpeg\" \/>\n<meta name=\"author\" content=\"admin\" \/>\n<meta name=\"twitter:card\" content=\"summary_large_image\" \/>\n<meta name=\"twitter:label1\" content=\"Scris de\" \/>\n\t<meta name=\"twitter:data1\" content=\"admin\" \/>\n\t<meta name=\"twitter:label2\" content=\"Timp estimat pentru citire\" \/>\n\t<meta name=\"twitter:data2\" content=\"1 minut\" \/>\n<script type=\"application\/ld+json\" class=\"yoast-schema-graph\">{\"@context\":\"https:\\\/\\\/schema.org\",\"@graph\":[{\"@type\":\"Article\",\"@id\":\"https:\\\/\\\/www.lovendal.ro\\\/wp52\\\/in-irlanda-zilele-acestea-se-aude-un-sunet-al-cerului-grav-apocaliptic-ce-pare-ca-vine-din-cosmos-ce-dumnezeu-o-mai-fi\\\/#article\",\"isPartOf\":{\"@id\":\"https:\\\/\\\/www.lovendal.ro\\\/wp52\\\/in-irlanda-zilele-acestea-se-aude-un-sunet-al-cerului-grav-apocaliptic-ce-pare-ca-vine-din-cosmos-ce-dumnezeu-o-mai-fi\\\/\"},\"author\":{\"name\":\"admin\",\"@id\":\"https:\\\/\\\/www.lovendal.ro\\\/wp52\\\/#\\\/schema\\\/person\\\/088691de5dfc346bb0c023e1e52ef5d9\"},\"headline\":\"\u00cen Irlanda, zilele acestea se aude un &#8222;sunet al cerului&#8221; grav, apocaliptic, ce pare c\u0103 vine din Cosmos&#8230; Ce Dumnezeu o mai fi!?\",\"datePublished\":\"2020-04-15T12:25:32+00:00\",\"mainEntityOfPage\":{\"@id\":\"https:\\\/\\\/www.lovendal.ro\\\/wp52\\\/in-irlanda-zilele-acestea-se-aude-un-sunet-al-cerului-grav-apocaliptic-ce-pare-ca-vine-din-cosmos-ce-dumnezeu-o-mai-fi\\\/\"},\"wordCount\":300,\"publisher\":{\"@id\":\"https:\\\/\\\/www.lovendal.ro\\\/wp52\\\/#organization\"},\"image\":{\"@id\":\"https:\\\/\\\/www.lovendal.ro\\\/wp52\\\/in-irlanda-zilele-acestea-se-aude-un-sunet-al-cerului-grav-apocaliptic-ce-pare-ca-vine-din-cosmos-ce-dumnezeu-o-mai-fi\\\/#primaryimage\"},\"thumbnailUrl\":\"https:\\\/\\\/www.lovendal.ro\\\/wp52\\\/wp-content\\\/uploads\\\/2020\\\/04\\\/sunete-ciudate-in-ceruri.jpg\",\"keywords\":[\"atmosfer\u0103\",\"Bizar\",\"copaci\",\"Cosmos\",\"cutremur\",\"erup\u0163ie vulcanic\u0103\",\"geofizician\",\"infrasunete\",\"interviu\",\"Irlanda\",\"ora\u015f\",\"P\u0103m\u00e2nt\",\"p\u0103s\u0103ri\",\"sunete\",\"tsunami\",\"uragan\",\"videoclip\",\"YouTube\"],\"articleSection\":[\"Bizar\"],\"inLanguage\":\"ro-RO\"},{\"@type\":\"WebPage\",\"@id\":\"https:\\\/\\\/www.lovendal.ro\\\/wp52\\\/in-irlanda-zilele-acestea-se-aude-un-sunet-al-cerului-grav-apocaliptic-ce-pare-ca-vine-din-cosmos-ce-dumnezeu-o-mai-fi\\\/\",\"url\":\"https:\\\/\\\/www.lovendal.ro\\\/wp52\\\/in-irlanda-zilele-acestea-se-aude-un-sunet-al-cerului-grav-apocaliptic-ce-pare-ca-vine-din-cosmos-ce-dumnezeu-o-mai-fi\\\/\",\"name\":\"\u00cen Irlanda, zilele acestea se aude un \\\"sunet al cerului\\\" grav, apocaliptic, ce pare c\u0103 vine din Cosmos... Ce Dumnezeu o mai fi!? - Secretele lui Lovendal\",\"isPartOf\":{\"@id\":\"https:\\\/\\\/www.lovendal.ro\\\/wp52\\\/#website\"},\"primaryImageOfPage\":{\"@id\":\"https:\\\/\\\/www.lovendal.ro\\\/wp52\\\/in-irlanda-zilele-acestea-se-aude-un-sunet-al-cerului-grav-apocaliptic-ce-pare-ca-vine-din-cosmos-ce-dumnezeu-o-mai-fi\\\/#primaryimage\"},\"image\":{\"@id\":\"https:\\\/\\\/www.lovendal.ro\\\/wp52\\\/in-irlanda-zilele-acestea-se-aude-un-sunet-al-cerului-grav-apocaliptic-ce-pare-ca-vine-din-cosmos-ce-dumnezeu-o-mai-fi\\\/#primaryimage\"},\"thumbnailUrl\":\"https:\\\/\\\/www.lovendal.ro\\\/wp52\\\/wp-content\\\/uploads\\\/2020\\\/04\\\/sunete-ciudate-in-ceruri.jpg\",\"datePublished\":\"2020-04-15T12:25:32+00:00\",\"breadcrumb\":{\"@id\":\"https:\\\/\\\/www.lovendal.ro\\\/wp52\\\/in-irlanda-zilele-acestea-se-aude-un-sunet-al-cerului-grav-apocaliptic-ce-pare-ca-vine-din-cosmos-ce-dumnezeu-o-mai-fi\\\/#breadcrumb\"},\"inLanguage\":\"ro-RO\",\"potentialAction\":[{\"@type\":\"ReadAction\",\"target\":[\"https:\\\/\\\/www.lovendal.ro\\\/wp52\\\/in-irlanda-zilele-acestea-se-aude-un-sunet-al-cerului-grav-apocaliptic-ce-pare-ca-vine-din-cosmos-ce-dumnezeu-o-mai-fi\\\/\"]}]},{\"@type\":\"ImageObject\",\"inLanguage\":\"ro-RO\",\"@id\":\"https:\\\/\\\/www.lovendal.ro\\\/wp52\\\/in-irlanda-zilele-acestea-se-aude-un-sunet-al-cerului-grav-apocaliptic-ce-pare-ca-vine-din-cosmos-ce-dumnezeu-o-mai-fi\\\/#primaryimage\",\"url\":\"https:\\\/\\\/www.lovendal.ro\\\/wp52\\\/wp-content\\\/uploads\\\/2020\\\/04\\\/sunete-ciudate-in-ceruri.jpg\",\"contentUrl\":\"https:\\\/\\\/www.lovendal.ro\\\/wp52\\\/wp-content\\\/uploads\\\/2020\\\/04\\\/sunete-ciudate-in-ceruri.jpg\",\"width\":351,\"height\":246},{\"@type\":\"BreadcrumbList\",\"@id\":\"https:\\\/\\\/www.lovendal.ro\\\/wp52\\\/in-irlanda-zilele-acestea-se-aude-un-sunet-al-cerului-grav-apocaliptic-ce-pare-ca-vine-din-cosmos-ce-dumnezeu-o-mai-fi\\\/#breadcrumb\",\"itemListElement\":[{\"@type\":\"ListItem\",\"position\":1,\"name\":\"Home\",\"item\":\"https:\\\/\\\/www.lovendal.ro\\\/wp52\\\/\"},{\"@type\":\"ListItem\",\"position\":2,\"name\":\"\u00cen Irlanda, zilele acestea se aude un &#8222;sunet al cerului&#8221; grav, apocaliptic, ce pare c\u0103 vine din Cosmos&#8230; Ce Dumnezeu o mai fi!?\"}]},{\"@type\":\"WebSite\",\"@id\":\"https:\\\/\\\/www.lovendal.ro\\\/wp52\\\/#website\",\"url\":\"https:\\\/\\\/www.lovendal.ro\\\/wp52\\\/\",\"name\":\"Secretele lui Lovendal\",\"description\":\"Site de secrete, stiinta si metafizica - din 2008 -\",\"publisher\":{\"@id\":\"https:\\\/\\\/www.lovendal.ro\\\/wp52\\\/#organization\"},\"potentialAction\":[{\"@type\":\"SearchAction\",\"target\":{\"@type\":\"EntryPoint\",\"urlTemplate\":\"https:\\\/\\\/www.lovendal.ro\\\/wp52\\\/?s={search_term_string}\"},\"query-input\":{\"@type\":\"PropertyValueSpecification\",\"valueRequired\":true,\"valueName\":\"search_term_string\"}}],\"inLanguage\":\"ro-RO\"},{\"@type\":\"Organization\",\"@id\":\"https:\\\/\\\/www.lovendal.ro\\\/wp52\\\/#organization\",\"name\":\"Secretele lui Lovendal\",\"url\":\"https:\\\/\\\/www.lovendal.ro\\\/wp52\\\/\",\"logo\":{\"@type\":\"ImageObject\",\"inLanguage\":\"ro-RO\",\"@id\":\"https:\\\/\\\/www.lovendal.ro\\\/wp52\\\/#\\\/schema\\\/logo\\\/image\\\/\",\"url\":\"https:\\\/\\\/www.lovendal.ro\\\/wp52\\\/wp-content\\\/uploads\\\/2024\\\/06\\\/cropped-SLL-iun-2024-1.jpg\",\"contentUrl\":\"https:\\\/\\\/www.lovendal.ro\\\/wp52\\\/wp-content\\\/uploads\\\/2024\\\/06\\\/cropped-SLL-iun-2024-1.jpg\",\"width\":771,\"height\":240,\"caption\":\"Secretele lui Lovendal\"},\"image\":{\"@id\":\"https:\\\/\\\/www.lovendal.ro\\\/wp52\\\/#\\\/schema\\\/logo\\\/image\\\/\"},\"sameAs\":[\"https:\\\/\\\/www.facebook.com\\\/secreteleluilovendal\"]},{\"@type\":\"Person\",\"@id\":\"https:\\\/\\\/www.lovendal.ro\\\/wp52\\\/#\\\/schema\\\/person\\\/088691de5dfc346bb0c023e1e52ef5d9\",\"name\":\"admin\",\"image\":{\"@type\":\"ImageObject\",\"inLanguage\":\"ro-RO\",\"@id\":\"https:\\\/\\\/secure.gravatar.com\\\/avatar\\\/ecb9cd41f5f63c9c9b989999a59f6e2639a865ec361e9db054db0679a8f341c2?s=96&d=mm&r=g\",\"url\":\"https:\\\/\\\/secure.gravatar.com\\\/avatar\\\/ecb9cd41f5f63c9c9b989999a59f6e2639a865ec361e9db054db0679a8f341c2?s=96&d=mm&r=g\",\"contentUrl\":\"https:\\\/\\\/secure.gravatar.com\\\/avatar\\\/ecb9cd41f5f63c9c9b989999a59f6e2639a865ec361e9db054db0679a8f341c2?s=96&d=mm&r=g\",\"caption\":\"admin\"},\"sameAs\":[\"https:\\\/\\\/www.lovendal.ro\\\/wp52\"]}]}<\/script>\n<!-- \/ Yoast SEO Premium plugin. -->","yoast_head_json":{"title":"\u00cen Irlanda, zilele acestea se aude un \"sunet al cerului\" grav, apocaliptic, ce pare c\u0103 vine din Cosmos... Ce Dumnezeu o mai fi!? - Secretele lui Lovendal","robots":{"index":"index","follow":"follow","max-snippet":"max-snippet:-1","max-image-preview":"max-image-preview:large","max-video-preview":"max-video-preview:-1"},"canonical":"https:\/\/www.lovendal.ro\/wp52\/in-irlanda-zilele-acestea-se-aude-un-sunet-al-cerului-grav-apocaliptic-ce-pare-ca-vine-din-cosmos-ce-dumnezeu-o-mai-fi\/","og_locale":"ro_RO","og_type":"article","og_title":"\u00cen Irlanda, zilele acestea se aude un \"sunet al cerului\" grav, apocaliptic, ce pare c\u0103 vine din Cosmos... Ce Dumnezeu o mai fi!?","og_description":"Un cititor mi-a trimis azi un mesaj (\u00eei mul\u0163umesc \u00eenc\u0103 o dat\u0103 pe aceast\u0103 cale) \u015fi un link c\u0103tre un videoclip YouTube, care a fost \u00eenregistrat zilele acestea l\u00e2ng\u0103 Drogheda (unul dintre cele mai vechi ora\u015fe din Irlanda). V\u0103 rog ... Cititi mai multe","og_url":"https:\/\/www.lovendal.ro\/wp52\/in-irlanda-zilele-acestea-se-aude-un-sunet-al-cerului-grav-apocaliptic-ce-pare-ca-vine-din-cosmos-ce-dumnezeu-o-mai-fi\/","og_site_name":"Secretele lui Lovendal","article_publisher":"https:\/\/www.facebook.com\/secreteleluilovendal","article_published_time":"2020-04-15T12:25:32+00:00","og_image":[{"width":351,"height":246,"url":"https:\/\/www.lovendal.ro\/wp52\/wp-content\/uploads\/2020\/04\/sunete-ciudate-in-ceruri.jpg","type":"image\/jpeg"}],"author":"admin","twitter_card":"summary_large_image","twitter_misc":{"Scris de":"admin","Timp estimat pentru citire":"1 minut"},"schema":{"@context":"https:\/\/schema.org","@graph":[{"@type":"Article","@id":"https:\/\/www.lovendal.ro\/wp52\/in-irlanda-zilele-acestea-se-aude-un-sunet-al-cerului-grav-apocaliptic-ce-pare-ca-vine-din-cosmos-ce-dumnezeu-o-mai-fi\/#article","isPartOf":{"@id":"https:\/\/www.lovendal.ro\/wp52\/in-irlanda-zilele-acestea-se-aude-un-sunet-al-cerului-grav-apocaliptic-ce-pare-ca-vine-din-cosmos-ce-dumnezeu-o-mai-fi\/"},"author":{"name":"admin","@id":"https:\/\/www.lovendal.ro\/wp52\/#\/schema\/person\/088691de5dfc346bb0c023e1e52ef5d9"},"headline":"\u00cen Irlanda, zilele acestea se aude un &#8222;sunet al cerului&#8221; grav, apocaliptic, ce pare c\u0103 vine din Cosmos&#8230; Ce Dumnezeu o mai fi!?","datePublished":"2020-04-15T12:25:32+00:00","mainEntityOfPage":{"@id":"https:\/\/www.lovendal.ro\/wp52\/in-irlanda-zilele-acestea-se-aude-un-sunet-al-cerului-grav-apocaliptic-ce-pare-ca-vine-din-cosmos-ce-dumnezeu-o-mai-fi\/"},"wordCount":300,"publisher":{"@id":"https:\/\/www.lovendal.ro\/wp52\/#organization"},"image":{"@id":"https:\/\/www.lovendal.ro\/wp52\/in-irlanda-zilele-acestea-se-aude-un-sunet-al-cerului-grav-apocaliptic-ce-pare-ca-vine-din-cosmos-ce-dumnezeu-o-mai-fi\/#primaryimage"},"thumbnailUrl":"https:\/\/www.lovendal.ro\/wp52\/wp-content\/uploads\/2020\/04\/sunete-ciudate-in-ceruri.jpg","keywords":["atmosfer\u0103","Bizar","copaci","Cosmos","cutremur","erup\u0163ie vulcanic\u0103","geofizician","infrasunete","interviu","Irlanda","ora\u015f","P\u0103m\u00e2nt","p\u0103s\u0103ri","sunete","tsunami","uragan","videoclip","YouTube"],"articleSection":["Bizar"],"inLanguage":"ro-RO"},{"@type":"WebPage","@id":"https:\/\/www.lovendal.ro\/wp52\/in-irlanda-zilele-acestea-se-aude-un-sunet-al-cerului-grav-apocaliptic-ce-pare-ca-vine-din-cosmos-ce-dumnezeu-o-mai-fi\/","url":"https:\/\/www.lovendal.ro\/wp52\/in-irlanda-zilele-acestea-se-aude-un-sunet-al-cerului-grav-apocaliptic-ce-pare-ca-vine-din-cosmos-ce-dumnezeu-o-mai-fi\/","name":"\u00cen Irlanda, zilele acestea se aude un \"sunet al cerului\" grav, apocaliptic, ce pare c\u0103 vine din Cosmos... Ce Dumnezeu o mai fi!? - Secretele lui Lovendal","isPartOf":{"@id":"https:\/\/www.lovendal.ro\/wp52\/#website"},"primaryImageOfPage":{"@id":"https:\/\/www.lovendal.ro\/wp52\/in-irlanda-zilele-acestea-se-aude-un-sunet-al-cerului-grav-apocaliptic-ce-pare-ca-vine-din-cosmos-ce-dumnezeu-o-mai-fi\/#primaryimage"},"image":{"@id":"https:\/\/www.lovendal.ro\/wp52\/in-irlanda-zilele-acestea-se-aude-un-sunet-al-cerului-grav-apocaliptic-ce-pare-ca-vine-din-cosmos-ce-dumnezeu-o-mai-fi\/#primaryimage"},"thumbnailUrl":"https:\/\/www.lovendal.ro\/wp52\/wp-content\/uploads\/2020\/04\/sunete-ciudate-in-ceruri.jpg","datePublished":"2020-04-15T12:25:32+00:00","breadcrumb":{"@id":"https:\/\/www.lovendal.ro\/wp52\/in-irlanda-zilele-acestea-se-aude-un-sunet-al-cerului-grav-apocaliptic-ce-pare-ca-vine-din-cosmos-ce-dumnezeu-o-mai-fi\/#breadcrumb"},"inLanguage":"ro-RO","potentialAction":[{"@type":"ReadAction","target":["https:\/\/www.lovendal.ro\/wp52\/in-irlanda-zilele-acestea-se-aude-un-sunet-al-cerului-grav-apocaliptic-ce-pare-ca-vine-din-cosmos-ce-dumnezeu-o-mai-fi\/"]}]},{"@type":"ImageObject","inLanguage":"ro-RO","@id":"https:\/\/www.lovendal.ro\/wp52\/in-irlanda-zilele-acestea-se-aude-un-sunet-al-cerului-grav-apocaliptic-ce-pare-ca-vine-din-cosmos-ce-dumnezeu-o-mai-fi\/#primaryimage","url":"https:\/\/www.lovendal.ro\/wp52\/wp-content\/uploads\/2020\/04\/sunete-ciudate-in-ceruri.jpg","contentUrl":"https:\/\/www.lovendal.ro\/wp52\/wp-content\/uploads\/2020\/04\/sunete-ciudate-in-ceruri.jpg","width":351,"height":246},{"@type":"BreadcrumbList","@id":"https:\/\/www.lovendal.ro\/wp52\/in-irlanda-zilele-acestea-se-aude-un-sunet-al-cerului-grav-apocaliptic-ce-pare-ca-vine-din-cosmos-ce-dumnezeu-o-mai-fi\/#breadcrumb","itemListElement":[{"@type":"ListItem","position":1,"name":"Home","item":"https:\/\/www.lovendal.ro\/wp52\/"},{"@type":"ListItem","position":2,"name":"\u00cen Irlanda, zilele acestea se aude un &#8222;sunet al cerului&#8221; grav, apocaliptic, ce pare c\u0103 vine din Cosmos&#8230; Ce Dumnezeu o mai fi!?"}]},{"@type":"WebSite","@id":"https:\/\/www.lovendal.ro\/wp52\/#website","url":"https:\/\/www.lovendal.ro\/wp52\/","name":"Secretele lui Lovendal","description":"Site de secrete, stiinta si metafizica - din 2008 -","publisher":{"@id":"https:\/\/www.lovendal.ro\/wp52\/#organization"},"potentialAction":[{"@type":"SearchAction","target":{"@type":"EntryPoint","urlTemplate":"https:\/\/www.lovendal.ro\/wp52\/?s={search_term_string}"},"query-input":{"@type":"PropertyValueSpecification","valueRequired":true,"valueName":"search_term_string"}}],"inLanguage":"ro-RO"},{"@type":"Organization","@id":"https:\/\/www.lovendal.ro\/wp52\/#organization","name":"Secretele lui Lovendal","url":"https:\/\/www.lovendal.ro\/wp52\/","logo":{"@type":"ImageObject","inLanguage":"ro-RO","@id":"https:\/\/www.lovendal.ro\/wp52\/#\/schema\/logo\/image\/","url":"https:\/\/www.lovendal.ro\/wp52\/wp-content\/uploads\/2024\/06\/cropped-SLL-iun-2024-1.jpg","contentUrl":"https:\/\/www.lovendal.ro\/wp52\/wp-content\/uploads\/2024\/06\/cropped-SLL-iun-2024-1.jpg","width":771,"height":240,"caption":"Secretele lui Lovendal"},"image":{"@id":"https:\/\/www.lovendal.ro\/wp52\/#\/schema\/logo\/image\/"},"sameAs":["https:\/\/www.facebook.com\/secreteleluilovendal"]},{"@type":"Person","@id":"https:\/\/www.lovendal.ro\/wp52\/#\/schema\/person\/088691de5dfc346bb0c023e1e52ef5d9","name":"admin","image":{"@type":"ImageObject","inLanguage":"ro-RO","@id":"https:\/\/secure.gravatar.com\/avatar\/ecb9cd41f5f63c9c9b989999a59f6e2639a865ec361e9db054db0679a8f341c2?s=96&d=mm&r=g","url":"https:\/\/secure.gravatar.com\/avatar\/ecb9cd41f5f63c9c9b989999a59f6e2639a865ec361e9db054db0679a8f341c2?s=96&d=mm&r=g","contentUrl":"https:\/\/secure.gravatar.com\/avatar\/ecb9cd41f5f63c9c9b989999a59f6e2639a865ec361e9db054db0679a8f341c2?s=96&d=mm&r=g","caption":"admin"},"sameAs":["https:\/\/www.lovendal.ro\/wp52"]}]}},"_links":{"self":[{"href":"https:\/\/www.lovendal.ro\/wp52\/wp-json\/wp\/v2\/posts\/67803","targetHints":{"allow":["GET"]}}],"collection":[{"href":"https:\/\/www.lovendal.ro\/wp52\/wp-json\/wp\/v2\/posts"}],"about":[{"href":"https:\/\/www.lovendal.ro\/wp52\/wp-json\/wp\/v2\/types\/post"}],"author":[{"embeddable":true,"href":"https:\/\/www.lovendal.ro\/wp52\/wp-json\/wp\/v2\/users\/1"}],"replies":[{"embeddable":true,"href":"https:\/\/www.lovendal.ro\/wp52\/wp-json\/wp\/v2\/comments?post=67803"}],"version-history":[{"count":0,"href":"https:\/\/www.lovendal.ro\/wp52\/wp-json\/wp\/v2\/posts\/67803\/revisions"}],"wp:featuredmedia":[{"embeddable":true,"href":"https:\/\/www.lovendal.ro\/wp52\/wp-json\/wp\/v2\/media\/67804"}],"wp:attachment":[{"href":"https:\/\/www.lovendal.ro\/wp52\/wp-json\/wp\/v2\/media?parent=67803"}],"wp:term":[{"taxonomy":"category","embeddable":true,"href":"https:\/\/www.lovendal.ro\/wp52\/wp-json\/wp\/v2\/categories?post=67803"},{"taxonomy":"post_tag","embeddable":true,"href":"https:\/\/www.lovendal.ro\/wp52\/wp-json\/wp\/v2\/tags?post=67803"}],"curies":[{"name":"wp","href":"https:\/\/api.w.org\/{rel}","templated":true}]}}