{"id":6775,"date":"2009-08-11T07:21:34","date_gmt":"2009-08-11T04:21:34","guid":{"rendered":"http:\/\/www.lovendal.net\/wp52\/?p=6775"},"modified":"2009-08-11T07:21:34","modified_gmt":"2009-08-11T04:21:34","slug":"ati-auzit-de-un-crater-de-pe-venus-ce-poarta-numele-de-elena-vacarescu","status":"publish","type":"post","link":"https:\/\/www.lovendal.ro\/wp52\/ati-auzit-de-un-crater-de-pe-venus-ce-poarta-numele-de-elena-vacarescu\/","title":{"rendered":"A\u0163i auzit de un crater de pe Venus ce poart\u0103 numele de Elena V\u0103c\u0103rescu?"},"content":{"rendered":"<p><a href=\"https:\/\/www.lovendal.ro\/wp52\/wp-content\/uploads\/2009\/08\/elena_vacarescu.jpg\"><img loading=\"lazy\" decoding=\"async\" class=\"alignleft size-full wp-image-6785\" title=\"elena_vacarescu\" src=\"https:\/\/www.lovendal.ro\/wp52\/wp-content\/uploads\/2009\/08\/elena_vacarescu.jpg\" alt=\"elena_vacarescu\" width=\"278\" height=\"256\" \/><\/a>Pe Venus, un crater ca o floare ro\u015fie uria\u015f\u0103, ce \u00ee\u015fi deschide petalele fierbin\u0163i pe un diametru de 32 de km, poart\u0103 numele poetei Elena V\u0103c\u0103rescu (1864-1947). Faima ei este mai degrab\u0103 literar\u0103 \u015fi monden\u0103, c\u0103ci pu\u0163ini au auzit de activitatea sa politic\u0103 \u015fi cultural\u0103. Din pricina logodnei sale cu prin\u0163ul Ferdinand, neagreat\u0103 de regele Carol I, a fost nevoit\u0103 s\u0103 plece \u00een exil, la Paris.<\/p>\n<p>Meritele ei dep\u0103\u015fesc cu mult lumea literar\u0103, Elena V\u0103c\u0103rescu fiind un model de femeie excep\u0163ional\u0103, inteligen\u0163\u0103 \u015fi iubitoare de \u0163ar\u0103, mult admirat\u0103 de contemporani. Ea a fost prima femeie-ambasadoare din Rom\u00e2nia. A participat, \u00een 1919, la Conferin\u0163a de Pace de la Paris, \u00een delega\u0163ia condus\u0103 de Gheorghe T\u0103t\u0103rescu, iar ulterior a fost numit\u0103 secretar general al Asocia\u0163iei romane de pe l\u00e2ng\u0103 Societatea Na\u0163iunilor, organism precursor al ONU. Pre\u015fedintele delega\u0163iei romane era Nicolae Titulescu, pe care Elena V\u0103c\u0103rescu l-a secondat, at\u00e2t \u00een chestiuni culturale, c\u00e2t \u015fi \u00een ac\u0163iuni politice importante, \u00een perioada c\u00e2t a stat la Geneva, unde se afla sediul Societ\u0103\u0163ii.<\/p>\n<p>Prietenul Elenei V\u0103c\u0103rescu, marele poet francez Paul Valery, spunea c\u0103 \u00een ea coexist\u0103 un poet \u015fi un admirabil om politic. \u00cen 1922, a fost aleas\u0103 membr\u0103 permanent\u0103 \u00een comitetul de conducere al Comisiei de Cooperare Intelectual\u0103, iar peste doi ani va participa la fondarea Institutului Interna\u0163ional de Cooperare Intelectual\u0103, al\u0103turi de Paul Valery, Albert Einstein \u015fi alte nume sonore. \u00cen 1925, a fost primit\u0103 \u00een Academia Rom\u00e2n\u0103, care \u00ee\u015fi deschisese por\u0163ile \u015fi pentru femei, iar doi ani mai t\u00e2rziu, pre\u015fedintele Fran\u0163ei \u00eei va \u00eenm\u00e2na ordinul Legiunii de Onoare. A fost de dou\u0103 ori laureat\u0103 a Academiei Franceze \u015fi vrednic\u0103 urma\u015f\u0103 a \u00eenainta\u015filor ei V\u0103c\u0103re\u015fti &#8211; Ien\u0103chi\u0163\u0103 \u015fi Iancu &#8211; al c\u0103ror testament l-a \u00eendeplinit. (&#8222;Urma\u015filor mei, V\u0103c\u0103re\u015fti,\/ Las vou\u0103 mo\u015ftenire\/ Cre\u015fterea limbii romane\/ \u015ei-a patriei cinstire.&#8221;)<\/p>\n<p>A publicat mai multe volume de poezie \u015fi proz\u0103 \u015fi a tradus \u00een limba francez\u0103 din poeziile lui Eminescu, Blaga, Goga, Top\u00e2rceanu, Minulescu, Vinea. A murit \u00een 1947, purt\u00e2nd \u00een suflet, dincolo de morm\u00e2nt, durerea pentru soarta neamului ei pe care l-a iubit at\u00e2ta \u015fi pe care \u00eel a\u015fteptau anii lungi \u015fi \u00eentuneca\u0163i ai comunismului.<\/p>\n","protected":false},"excerpt":{"rendered":"<p>Pe Venus, un crater ca o floare ro\u015fie uria\u015f\u0103, ce \u00ee\u015fi deschide petalele fierbin\u0163i pe un diametru de 32 de km, poart\u0103 numele poetei Elena V\u0103c\u0103rescu (1864-1947). Faima ei este mai degrab\u0103 literar\u0103 \u015fi monden\u0103, c\u0103ci pu\u0163ini au auzit de &#8230; <\/p>\n<p class=\"read-more-container\"><a title=\"A\u0163i auzit de un crater de pe Venus ce poart\u0103 numele de Elena V\u0103c\u0103rescu?\" class=\"read-more button\" href=\"https:\/\/www.lovendal.ro\/wp52\/ati-auzit-de-un-crater-de-pe-venus-ce-poarta-numele-de-elena-vacarescu\/#more-6775\" aria-label=\"Cite\u0219te mai multe despre A\u0163i auzit de un crater de pe Venus ce poart\u0103 numele de Elena V\u0103c\u0103rescu?\">Cititi mai multe<\/a><\/p>\n","protected":false},"author":1,"featured_media":6785,"comment_status":"open","ping_status":"closed","sticky":false,"template":"","format":"standard","meta":{"footnotes":""},"categories":[28],"tags":[9798,1982,1121,215],"class_list":["post-6775","post","type-post","status-publish","format-standard","has-post-thumbnail","hentry","category-cultura","tag-cultura","tag-elena-vacarescu","tag-femeie","tag-poet","resize-featured-image"],"yoast_head":"<!-- This site is optimized with the Yoast SEO Premium plugin v23.3 (Yoast SEO v27.4) - https:\/\/yoast.com\/product\/yoast-seo-premium-wordpress\/ -->\n<title>A\u0163i auzit de un crater de pe Venus ce poart\u0103 numele de Elena V\u0103c\u0103rescu? - Secretele lui Lovendal<\/title>\n<meta name=\"robots\" content=\"index, follow, max-snippet:-1, max-image-preview:large, max-video-preview:-1\" \/>\n<link rel=\"canonical\" href=\"https:\/\/www.lovendal.ro\/wp52\/ati-auzit-de-un-crater-de-pe-venus-ce-poarta-numele-de-elena-vacarescu\/\" \/>\n<meta property=\"og:locale\" content=\"ro_RO\" \/>\n<meta property=\"og:type\" content=\"article\" \/>\n<meta property=\"og:title\" content=\"A\u0163i auzit de un crater de pe Venus ce poart\u0103 numele de Elena V\u0103c\u0103rescu?\" \/>\n<meta property=\"og:description\" content=\"Pe Venus, un crater ca o floare ro\u015fie uria\u015f\u0103, ce \u00ee\u015fi deschide petalele fierbin\u0163i pe un diametru de 32 de km, poart\u0103 numele poetei Elena V\u0103c\u0103rescu (1864-1947). Faima ei este mai degrab\u0103 literar\u0103 \u015fi monden\u0103, c\u0103ci pu\u0163ini au auzit de ... Cititi mai multe\" \/>\n<meta property=\"og:url\" content=\"https:\/\/www.lovendal.ro\/wp52\/ati-auzit-de-un-crater-de-pe-venus-ce-poarta-numele-de-elena-vacarescu\/\" \/>\n<meta property=\"og:site_name\" content=\"Secretele lui Lovendal\" \/>\n<meta property=\"article:publisher\" content=\"https:\/\/www.facebook.com\/secreteleluilovendal\" \/>\n<meta property=\"article:published_time\" content=\"2009-08-11T04:21:34+00:00\" \/>\n<meta property=\"og:image\" content=\"https:\/\/www.lovendal.ro\/wp52\/wp-content\/uploads\/2009\/08\/elena_vacarescu.jpg\" \/>\n\t<meta property=\"og:image:width\" content=\"278\" \/>\n\t<meta property=\"og:image:height\" content=\"256\" \/>\n\t<meta property=\"og:image:type\" content=\"image\/jpeg\" \/>\n<meta name=\"author\" content=\"admin\" \/>\n<meta name=\"twitter:card\" content=\"summary_large_image\" \/>\n<meta name=\"twitter:label1\" content=\"Scris de\" \/>\n\t<meta name=\"twitter:data1\" content=\"admin\" \/>\n\t<meta name=\"twitter:label2\" content=\"Timp estimat pentru citire\" \/>\n\t<meta name=\"twitter:data2\" content=\"2 minute\" \/>\n<script type=\"application\/ld+json\" class=\"yoast-schema-graph\">{\"@context\":\"https:\\\/\\\/schema.org\",\"@graph\":[{\"@type\":\"Article\",\"@id\":\"https:\\\/\\\/www.lovendal.ro\\\/wp52\\\/ati-auzit-de-un-crater-de-pe-venus-ce-poarta-numele-de-elena-vacarescu\\\/#article\",\"isPartOf\":{\"@id\":\"https:\\\/\\\/www.lovendal.ro\\\/wp52\\\/ati-auzit-de-un-crater-de-pe-venus-ce-poarta-numele-de-elena-vacarescu\\\/\"},\"author\":{\"name\":\"admin\",\"@id\":\"https:\\\/\\\/www.lovendal.ro\\\/wp52\\\/#\\\/schema\\\/person\\\/088691de5dfc346bb0c023e1e52ef5d9\"},\"headline\":\"A\u0163i auzit de un crater de pe Venus ce poart\u0103 numele de Elena V\u0103c\u0103rescu?\",\"datePublished\":\"2009-08-11T04:21:34+00:00\",\"mainEntityOfPage\":{\"@id\":\"https:\\\/\\\/www.lovendal.ro\\\/wp52\\\/ati-auzit-de-un-crater-de-pe-venus-ce-poarta-numele-de-elena-vacarescu\\\/\"},\"wordCount\":416,\"commentCount\":1,\"publisher\":{\"@id\":\"https:\\\/\\\/www.lovendal.ro\\\/wp52\\\/#organization\"},\"image\":{\"@id\":\"https:\\\/\\\/www.lovendal.ro\\\/wp52\\\/ati-auzit-de-un-crater-de-pe-venus-ce-poarta-numele-de-elena-vacarescu\\\/#primaryimage\"},\"thumbnailUrl\":\"https:\\\/\\\/www.lovendal.ro\\\/wp52\\\/wp-content\\\/uploads\\\/2009\\\/08\\\/elena_vacarescu.jpg\",\"keywords\":[\"Cultura\",\"Elena V\u0103c\u0103rescu\",\"femeie\",\"poet\"],\"articleSection\":[\"Cultura\"],\"inLanguage\":\"ro-RO\",\"potentialAction\":[{\"@type\":\"CommentAction\",\"name\":\"Comment\",\"target\":[\"https:\\\/\\\/www.lovendal.ro\\\/wp52\\\/ati-auzit-de-un-crater-de-pe-venus-ce-poarta-numele-de-elena-vacarescu\\\/#respond\"]}]},{\"@type\":\"WebPage\",\"@id\":\"https:\\\/\\\/www.lovendal.ro\\\/wp52\\\/ati-auzit-de-un-crater-de-pe-venus-ce-poarta-numele-de-elena-vacarescu\\\/\",\"url\":\"https:\\\/\\\/www.lovendal.ro\\\/wp52\\\/ati-auzit-de-un-crater-de-pe-venus-ce-poarta-numele-de-elena-vacarescu\\\/\",\"name\":\"A\u0163i auzit de un crater de pe Venus ce poart\u0103 numele de Elena V\u0103c\u0103rescu? - Secretele lui Lovendal\",\"isPartOf\":{\"@id\":\"https:\\\/\\\/www.lovendal.ro\\\/wp52\\\/#website\"},\"primaryImageOfPage\":{\"@id\":\"https:\\\/\\\/www.lovendal.ro\\\/wp52\\\/ati-auzit-de-un-crater-de-pe-venus-ce-poarta-numele-de-elena-vacarescu\\\/#primaryimage\"},\"image\":{\"@id\":\"https:\\\/\\\/www.lovendal.ro\\\/wp52\\\/ati-auzit-de-un-crater-de-pe-venus-ce-poarta-numele-de-elena-vacarescu\\\/#primaryimage\"},\"thumbnailUrl\":\"https:\\\/\\\/www.lovendal.ro\\\/wp52\\\/wp-content\\\/uploads\\\/2009\\\/08\\\/elena_vacarescu.jpg\",\"datePublished\":\"2009-08-11T04:21:34+00:00\",\"breadcrumb\":{\"@id\":\"https:\\\/\\\/www.lovendal.ro\\\/wp52\\\/ati-auzit-de-un-crater-de-pe-venus-ce-poarta-numele-de-elena-vacarescu\\\/#breadcrumb\"},\"inLanguage\":\"ro-RO\",\"potentialAction\":[{\"@type\":\"ReadAction\",\"target\":[\"https:\\\/\\\/www.lovendal.ro\\\/wp52\\\/ati-auzit-de-un-crater-de-pe-venus-ce-poarta-numele-de-elena-vacarescu\\\/\"]}]},{\"@type\":\"ImageObject\",\"inLanguage\":\"ro-RO\",\"@id\":\"https:\\\/\\\/www.lovendal.ro\\\/wp52\\\/ati-auzit-de-un-crater-de-pe-venus-ce-poarta-numele-de-elena-vacarescu\\\/#primaryimage\",\"url\":\"https:\\\/\\\/www.lovendal.ro\\\/wp52\\\/wp-content\\\/uploads\\\/2009\\\/08\\\/elena_vacarescu.jpg\",\"contentUrl\":\"https:\\\/\\\/www.lovendal.ro\\\/wp52\\\/wp-content\\\/uploads\\\/2009\\\/08\\\/elena_vacarescu.jpg\",\"width\":\"278\",\"height\":\"256\"},{\"@type\":\"BreadcrumbList\",\"@id\":\"https:\\\/\\\/www.lovendal.ro\\\/wp52\\\/ati-auzit-de-un-crater-de-pe-venus-ce-poarta-numele-de-elena-vacarescu\\\/#breadcrumb\",\"itemListElement\":[{\"@type\":\"ListItem\",\"position\":1,\"name\":\"Home\",\"item\":\"https:\\\/\\\/www.lovendal.ro\\\/wp52\\\/\"},{\"@type\":\"ListItem\",\"position\":2,\"name\":\"A\u0163i auzit de un crater de pe Venus ce poart\u0103 numele de Elena V\u0103c\u0103rescu?\"}]},{\"@type\":\"WebSite\",\"@id\":\"https:\\\/\\\/www.lovendal.ro\\\/wp52\\\/#website\",\"url\":\"https:\\\/\\\/www.lovendal.ro\\\/wp52\\\/\",\"name\":\"Secretele lui Lovendal\",\"description\":\"Site de secrete, stiinta si metafizica - din 2008 -\",\"publisher\":{\"@id\":\"https:\\\/\\\/www.lovendal.ro\\\/wp52\\\/#organization\"},\"potentialAction\":[{\"@type\":\"SearchAction\",\"target\":{\"@type\":\"EntryPoint\",\"urlTemplate\":\"https:\\\/\\\/www.lovendal.ro\\\/wp52\\\/?s={search_term_string}\"},\"query-input\":{\"@type\":\"PropertyValueSpecification\",\"valueRequired\":true,\"valueName\":\"search_term_string\"}}],\"inLanguage\":\"ro-RO\"},{\"@type\":\"Organization\",\"@id\":\"https:\\\/\\\/www.lovendal.ro\\\/wp52\\\/#organization\",\"name\":\"Secretele lui Lovendal\",\"url\":\"https:\\\/\\\/www.lovendal.ro\\\/wp52\\\/\",\"logo\":{\"@type\":\"ImageObject\",\"inLanguage\":\"ro-RO\",\"@id\":\"https:\\\/\\\/www.lovendal.ro\\\/wp52\\\/#\\\/schema\\\/logo\\\/image\\\/\",\"url\":\"https:\\\/\\\/www.lovendal.ro\\\/wp52\\\/wp-content\\\/uploads\\\/2024\\\/06\\\/cropped-SLL-iun-2024-1.jpg\",\"contentUrl\":\"https:\\\/\\\/www.lovendal.ro\\\/wp52\\\/wp-content\\\/uploads\\\/2024\\\/06\\\/cropped-SLL-iun-2024-1.jpg\",\"width\":771,\"height\":240,\"caption\":\"Secretele lui Lovendal\"},\"image\":{\"@id\":\"https:\\\/\\\/www.lovendal.ro\\\/wp52\\\/#\\\/schema\\\/logo\\\/image\\\/\"},\"sameAs\":[\"https:\\\/\\\/www.facebook.com\\\/secreteleluilovendal\"]},{\"@type\":\"Person\",\"@id\":\"https:\\\/\\\/www.lovendal.ro\\\/wp52\\\/#\\\/schema\\\/person\\\/088691de5dfc346bb0c023e1e52ef5d9\",\"name\":\"admin\",\"image\":{\"@type\":\"ImageObject\",\"inLanguage\":\"ro-RO\",\"@id\":\"https:\\\/\\\/secure.gravatar.com\\\/avatar\\\/ecb9cd41f5f63c9c9b989999a59f6e2639a865ec361e9db054db0679a8f341c2?s=96&d=mm&r=g\",\"url\":\"https:\\\/\\\/secure.gravatar.com\\\/avatar\\\/ecb9cd41f5f63c9c9b989999a59f6e2639a865ec361e9db054db0679a8f341c2?s=96&d=mm&r=g\",\"contentUrl\":\"https:\\\/\\\/secure.gravatar.com\\\/avatar\\\/ecb9cd41f5f63c9c9b989999a59f6e2639a865ec361e9db054db0679a8f341c2?s=96&d=mm&r=g\",\"caption\":\"admin\"},\"sameAs\":[\"https:\\\/\\\/www.lovendal.ro\\\/wp52\"]}]}<\/script>\n<!-- \/ Yoast SEO Premium plugin. -->","yoast_head_json":{"title":"A\u0163i auzit de un crater de pe Venus ce poart\u0103 numele de Elena V\u0103c\u0103rescu? - Secretele lui Lovendal","robots":{"index":"index","follow":"follow","max-snippet":"max-snippet:-1","max-image-preview":"max-image-preview:large","max-video-preview":"max-video-preview:-1"},"canonical":"https:\/\/www.lovendal.ro\/wp52\/ati-auzit-de-un-crater-de-pe-venus-ce-poarta-numele-de-elena-vacarescu\/","og_locale":"ro_RO","og_type":"article","og_title":"A\u0163i auzit de un crater de pe Venus ce poart\u0103 numele de Elena V\u0103c\u0103rescu?","og_description":"Pe Venus, un crater ca o floare ro\u015fie uria\u015f\u0103, ce \u00ee\u015fi deschide petalele fierbin\u0163i pe un diametru de 32 de km, poart\u0103 numele poetei Elena V\u0103c\u0103rescu (1864-1947). Faima ei este mai degrab\u0103 literar\u0103 \u015fi monden\u0103, c\u0103ci pu\u0163ini au auzit de ... Cititi mai multe","og_url":"https:\/\/www.lovendal.ro\/wp52\/ati-auzit-de-un-crater-de-pe-venus-ce-poarta-numele-de-elena-vacarescu\/","og_site_name":"Secretele lui Lovendal","article_publisher":"https:\/\/www.facebook.com\/secreteleluilovendal","article_published_time":"2009-08-11T04:21:34+00:00","og_image":[{"width":278,"height":256,"url":"https:\/\/www.lovendal.ro\/wp52\/wp-content\/uploads\/2009\/08\/elena_vacarescu.jpg","type":"image\/jpeg"}],"author":"admin","twitter_card":"summary_large_image","twitter_misc":{"Scris de":"admin","Timp estimat pentru citire":"2 minute"},"schema":{"@context":"https:\/\/schema.org","@graph":[{"@type":"Article","@id":"https:\/\/www.lovendal.ro\/wp52\/ati-auzit-de-un-crater-de-pe-venus-ce-poarta-numele-de-elena-vacarescu\/#article","isPartOf":{"@id":"https:\/\/www.lovendal.ro\/wp52\/ati-auzit-de-un-crater-de-pe-venus-ce-poarta-numele-de-elena-vacarescu\/"},"author":{"name":"admin","@id":"https:\/\/www.lovendal.ro\/wp52\/#\/schema\/person\/088691de5dfc346bb0c023e1e52ef5d9"},"headline":"A\u0163i auzit de un crater de pe Venus ce poart\u0103 numele de Elena V\u0103c\u0103rescu?","datePublished":"2009-08-11T04:21:34+00:00","mainEntityOfPage":{"@id":"https:\/\/www.lovendal.ro\/wp52\/ati-auzit-de-un-crater-de-pe-venus-ce-poarta-numele-de-elena-vacarescu\/"},"wordCount":416,"commentCount":1,"publisher":{"@id":"https:\/\/www.lovendal.ro\/wp52\/#organization"},"image":{"@id":"https:\/\/www.lovendal.ro\/wp52\/ati-auzit-de-un-crater-de-pe-venus-ce-poarta-numele-de-elena-vacarescu\/#primaryimage"},"thumbnailUrl":"https:\/\/www.lovendal.ro\/wp52\/wp-content\/uploads\/2009\/08\/elena_vacarescu.jpg","keywords":["Cultura","Elena V\u0103c\u0103rescu","femeie","poet"],"articleSection":["Cultura"],"inLanguage":"ro-RO","potentialAction":[{"@type":"CommentAction","name":"Comment","target":["https:\/\/www.lovendal.ro\/wp52\/ati-auzit-de-un-crater-de-pe-venus-ce-poarta-numele-de-elena-vacarescu\/#respond"]}]},{"@type":"WebPage","@id":"https:\/\/www.lovendal.ro\/wp52\/ati-auzit-de-un-crater-de-pe-venus-ce-poarta-numele-de-elena-vacarescu\/","url":"https:\/\/www.lovendal.ro\/wp52\/ati-auzit-de-un-crater-de-pe-venus-ce-poarta-numele-de-elena-vacarescu\/","name":"A\u0163i auzit de un crater de pe Venus ce poart\u0103 numele de Elena V\u0103c\u0103rescu? - Secretele lui Lovendal","isPartOf":{"@id":"https:\/\/www.lovendal.ro\/wp52\/#website"},"primaryImageOfPage":{"@id":"https:\/\/www.lovendal.ro\/wp52\/ati-auzit-de-un-crater-de-pe-venus-ce-poarta-numele-de-elena-vacarescu\/#primaryimage"},"image":{"@id":"https:\/\/www.lovendal.ro\/wp52\/ati-auzit-de-un-crater-de-pe-venus-ce-poarta-numele-de-elena-vacarescu\/#primaryimage"},"thumbnailUrl":"https:\/\/www.lovendal.ro\/wp52\/wp-content\/uploads\/2009\/08\/elena_vacarescu.jpg","datePublished":"2009-08-11T04:21:34+00:00","breadcrumb":{"@id":"https:\/\/www.lovendal.ro\/wp52\/ati-auzit-de-un-crater-de-pe-venus-ce-poarta-numele-de-elena-vacarescu\/#breadcrumb"},"inLanguage":"ro-RO","potentialAction":[{"@type":"ReadAction","target":["https:\/\/www.lovendal.ro\/wp52\/ati-auzit-de-un-crater-de-pe-venus-ce-poarta-numele-de-elena-vacarescu\/"]}]},{"@type":"ImageObject","inLanguage":"ro-RO","@id":"https:\/\/www.lovendal.ro\/wp52\/ati-auzit-de-un-crater-de-pe-venus-ce-poarta-numele-de-elena-vacarescu\/#primaryimage","url":"https:\/\/www.lovendal.ro\/wp52\/wp-content\/uploads\/2009\/08\/elena_vacarescu.jpg","contentUrl":"https:\/\/www.lovendal.ro\/wp52\/wp-content\/uploads\/2009\/08\/elena_vacarescu.jpg","width":"278","height":"256"},{"@type":"BreadcrumbList","@id":"https:\/\/www.lovendal.ro\/wp52\/ati-auzit-de-un-crater-de-pe-venus-ce-poarta-numele-de-elena-vacarescu\/#breadcrumb","itemListElement":[{"@type":"ListItem","position":1,"name":"Home","item":"https:\/\/www.lovendal.ro\/wp52\/"},{"@type":"ListItem","position":2,"name":"A\u0163i auzit de un crater de pe Venus ce poart\u0103 numele de Elena V\u0103c\u0103rescu?"}]},{"@type":"WebSite","@id":"https:\/\/www.lovendal.ro\/wp52\/#website","url":"https:\/\/www.lovendal.ro\/wp52\/","name":"Secretele lui Lovendal","description":"Site de secrete, stiinta si metafizica - din 2008 -","publisher":{"@id":"https:\/\/www.lovendal.ro\/wp52\/#organization"},"potentialAction":[{"@type":"SearchAction","target":{"@type":"EntryPoint","urlTemplate":"https:\/\/www.lovendal.ro\/wp52\/?s={search_term_string}"},"query-input":{"@type":"PropertyValueSpecification","valueRequired":true,"valueName":"search_term_string"}}],"inLanguage":"ro-RO"},{"@type":"Organization","@id":"https:\/\/www.lovendal.ro\/wp52\/#organization","name":"Secretele lui Lovendal","url":"https:\/\/www.lovendal.ro\/wp52\/","logo":{"@type":"ImageObject","inLanguage":"ro-RO","@id":"https:\/\/www.lovendal.ro\/wp52\/#\/schema\/logo\/image\/","url":"https:\/\/www.lovendal.ro\/wp52\/wp-content\/uploads\/2024\/06\/cropped-SLL-iun-2024-1.jpg","contentUrl":"https:\/\/www.lovendal.ro\/wp52\/wp-content\/uploads\/2024\/06\/cropped-SLL-iun-2024-1.jpg","width":771,"height":240,"caption":"Secretele lui Lovendal"},"image":{"@id":"https:\/\/www.lovendal.ro\/wp52\/#\/schema\/logo\/image\/"},"sameAs":["https:\/\/www.facebook.com\/secreteleluilovendal"]},{"@type":"Person","@id":"https:\/\/www.lovendal.ro\/wp52\/#\/schema\/person\/088691de5dfc346bb0c023e1e52ef5d9","name":"admin","image":{"@type":"ImageObject","inLanguage":"ro-RO","@id":"https:\/\/secure.gravatar.com\/avatar\/ecb9cd41f5f63c9c9b989999a59f6e2639a865ec361e9db054db0679a8f341c2?s=96&d=mm&r=g","url":"https:\/\/secure.gravatar.com\/avatar\/ecb9cd41f5f63c9c9b989999a59f6e2639a865ec361e9db054db0679a8f341c2?s=96&d=mm&r=g","contentUrl":"https:\/\/secure.gravatar.com\/avatar\/ecb9cd41f5f63c9c9b989999a59f6e2639a865ec361e9db054db0679a8f341c2?s=96&d=mm&r=g","caption":"admin"},"sameAs":["https:\/\/www.lovendal.ro\/wp52"]}]}},"_links":{"self":[{"href":"https:\/\/www.lovendal.ro\/wp52\/wp-json\/wp\/v2\/posts\/6775","targetHints":{"allow":["GET"]}}],"collection":[{"href":"https:\/\/www.lovendal.ro\/wp52\/wp-json\/wp\/v2\/posts"}],"about":[{"href":"https:\/\/www.lovendal.ro\/wp52\/wp-json\/wp\/v2\/types\/post"}],"author":[{"embeddable":true,"href":"https:\/\/www.lovendal.ro\/wp52\/wp-json\/wp\/v2\/users\/1"}],"replies":[{"embeddable":true,"href":"https:\/\/www.lovendal.ro\/wp52\/wp-json\/wp\/v2\/comments?post=6775"}],"version-history":[{"count":0,"href":"https:\/\/www.lovendal.ro\/wp52\/wp-json\/wp\/v2\/posts\/6775\/revisions"}],"wp:featuredmedia":[{"embeddable":true,"href":"https:\/\/www.lovendal.ro\/wp52\/wp-json\/wp\/v2\/media\/6785"}],"wp:attachment":[{"href":"https:\/\/www.lovendal.ro\/wp52\/wp-json\/wp\/v2\/media?parent=6775"}],"wp:term":[{"taxonomy":"category","embeddable":true,"href":"https:\/\/www.lovendal.ro\/wp52\/wp-json\/wp\/v2\/categories?post=6775"},{"taxonomy":"post_tag","embeddable":true,"href":"https:\/\/www.lovendal.ro\/wp52\/wp-json\/wp\/v2\/tags?post=6775"}],"curies":[{"name":"wp","href":"https:\/\/api.w.org\/{rel}","templated":true}]}}