{"id":6727,"date":"2009-08-09T08:34:47","date_gmt":"2009-08-09T05:34:47","guid":{"rendered":"http:\/\/www.lovendal.net\/wp52\/?p=6727"},"modified":"2009-08-10T07:57:25","modified_gmt":"2009-08-10T04:57:25","slug":"conspiratia-incalzirii-globale-10-mituri-care-au-inselat-omenirea","status":"publish","type":"post","link":"https:\/\/www.lovendal.ro\/wp52\/conspiratia-incalzirii-globale-10-mituri-care-au-inselat-omenirea\/","title":{"rendered":"Conspira\u0163ia \u00eenc\u0103lzirii globale: 10 mituri care au \u00een\u015felat omenirea"},"content":{"rendered":"<p><a href=\"https:\/\/www.lovendal.ro\/wp52\/wp-content\/uploads\/2009\/08\/incalzirea-globala-2.jpg\"><img loading=\"lazy\" decoding=\"async\" class=\"alignleft size-full wp-image-6728\" title=\"incalzirea globala 2\" src=\"https:\/\/www.lovendal.ro\/wp52\/wp-content\/uploads\/2009\/08\/incalzirea-globala-2.jpg\" alt=\"incalzirea globala 2\" width=\"303\" height=\"185\" \/><\/a>Cred c\u0103 foarte mul\u0163i dintre noi au auzit \u00een ultima perioad\u0103 foarte des pronun\u0163ate cuvintele \u201c\u00eenc\u0103lzire global\u0103\u201d sau \u201cefect de ser\u0103\u201d, aproape p\u00e2n\u0103 la satura\u0163ie. Ni se spune c\u0103, datorit\u0103 activit\u0103\u0163ii omului, se degaj\u0103 dioxid de carbon \u00een atmosfer\u0103, lucru care ar duce la \u00eenc\u0103lzirea planetei, ceea ce ar avea pentru viitor consecin\u0163e dezastruoase pentru omenire. Cine n-ar putea crede ceea ce ni se spune? Dar, am inv\u0103\u0163at din experien\u0163a ultimilor ani, c\u0103 ceea ce ni se spune nu \u00eenseamn\u0103 neap\u0103rat c\u0103 e \u015fi adev\u0103rat, \u015fi \u00een spatele tuturor lucrurilor se ascunde un alt adev\u0103r. A\u015fa c\u0103 am descoperit faptul c\u0103 \u00een spatele \u00eenc\u0103lzirii globale, adev\u0103rul este altul. S\u0103 vedem \u00eempreun\u0103 care este \u015fi care ar fi motiva\u0163ia disimul\u0103rii sale.<\/p>\n<p>Mai \u00eent\u00e2i vom \u00eencepe cu o list\u0103 de 10 mituri despre \u00eenc\u0103lzirea global\u0103, mituri care se sparg unul dup\u0103 altul, asemenea unui balon de s\u0103pun<\/p>\n<p><strong>MITUL NR.1:<\/strong> Planeta noastr\u0103 este supus\u0103 \u00een continuu \u00eenc\u0103lzirii globale.<\/p>\n<p><strong>ADEV\u0102RUL: <\/strong>M\u0103sur\u0103torile de temperatur\u0103 din ultimii ani, realizate din sateli\u0163i sau baloane meteorologice, au ar\u0103tat faptul c\u0103 planeta noastr\u0103 s-a r\u0103cit \u00een ultimii ani, pierz\u00e2nd \u00een doar 18 luni circa 15% din a\u015fa-zisa \u00eenc\u0103lzire global\u0103 care are loc de aproximativ un secol. De fapt, pentru a fi reali\u015fti, trebuie subliniat faptul c\u0103 a\u015fa-zis\u0103 \u00eenc\u0103lzire global\u0103 din ultima sut\u0103 de ani \u00eenseamn\u0103 doar&#8230;jum\u0103tate de grad Celsius \u00een plus, iar la acest rezultat s-a ajuns \u015fi prin erori de m\u0103surare, temperaturile lu\u00e2ndu-se la nivelul ora\u015felor, unde exist\u0103 un &#8222;efect urban de \u00eenc\u0103zire&#8221;, la nivelul ora\u015felor, c\u0103ldura fiind mai mare dec\u00e2t la nivelul altor teritorii mai pu\u0163in populate de c\u0103tre oameni.<\/p>\n<p><strong>MITUL NR.2:<\/strong> Temperaturile mai ridicate vor fi dezastruoase, c\u0103ci ghe\u0163arii se vor topi, iar oamenii vor muri.<\/p>\n<p><strong>ADEV\u0102RUL<\/strong>: \u00cen Marea Britanie, fiecare iarn\u0103 mai bl\u00e2nd\u0103 fa\u0163\u0103 de obicei salveaz\u0103 circa 20.000 de oameni care ar putea fi murit \u00een urma complica\u0163iilor provocate de r\u0103ceal\u0103. Dac\u0103 face\u0163i extrapolare la nivelul tuturor \u0163\u0103rilor nordice, pute\u0163i constata \u015fi singuri c\u00e2t de multe vie\u0163i omene\u015fti salveaz\u0103 fiecare iarn\u0103 mai bl\u00e2nd\u0103. \u00cen ceea ce prive\u015fte topirea ghe\u0163arilor, e adev\u0103rat c\u0103 acest lucru se \u00eent\u00e2mpl\u0103 mai des, dar este un proces natural \u00een istoria planetei. Dar, odat\u0103 cu topirea ghe\u0163arilor, nivelul apei nu va cre\u015fte at\u00e2t de mult pe c\u00e2t s-ar crede (face\u0163i un experiment acas\u0103: pune\u0163i ni\u015fte ap\u0103 \u00eentr-un bol de ap\u0103, marca\u0163i nivelul, apoi pune\u0163i bolul la \u00eenghe\u0163at, dezghe\u0163a\u0163i-l \u015fi apoi ve\u0163i constata c\u0103 nivelul apei va fi mai mic dec\u00e2t cel ini\u0163ial). De asemenea, datele din ghe\u0163arii din zonele arctice \u015fi antarctice au ar\u0103tat faptul c\u0103 \u00een trecut temperaturile au crescut de zece ori mai mult dec\u00e2t actuala cre\u015ftere, \u015fi nu s-a \u00eent\u00e2mplat nimic dezastruos pentru planet\u0103.<\/p>\n<p><strong><a href=\"https:\/\/www.lovendal.ro\/wp52\/wp-content\/uploads\/2009\/08\/dioxid-de-carbon.jpg\"><img loading=\"lazy\" decoding=\"async\" class=\"alignleft size-full wp-image-6729\" title=\"dioxid de carbon\" src=\"https:\/\/www.lovendal.ro\/wp52\/wp-content\/uploads\/2009\/08\/dioxid-de-carbon.jpg\" alt=\"dioxid de carbon\" width=\"296\" height=\"148\" srcset=\"https:\/\/www.lovendal.ro\/wp52\/wp-content\/uploads\/2009\/08\/dioxid-de-carbon.jpg 458w, https:\/\/www.lovendal.ro\/wp52\/wp-content\/uploads\/2009\/08\/dioxid-de-carbon-300x150.jpg 300w\" sizes=\"auto, (max-width: 296px) 100vw, 296px\" \/><\/a>MITUL NR.3<\/strong>: Nivelul dioxidului de carbon din atmosfer\u0103 este extrem de mare, cum n-a mai fost niciodat\u0103 \u00een istoria planetei.<\/p>\n<p><strong>ADEV\u0102RUL<\/strong>: Nivelul de dioxid de carbon din trecutul planetei a fost de 18 ori mai mare dec\u00e2t \u00een prezent, atunci c\u00e2nd ma\u015finile, fabricile \u015fi centralele electrice nu existau. Deci, nivelul dioxidului de carbon cre\u015fte \u015fi coboar\u0103 f\u0103r\u0103 prezen\u0163a vreunei activit\u0103\u0163i umane.<\/p>\n<p><strong>MITUL NR.4<\/strong>: Nivelul dioxidului de carbon a crescut \u00een special datorit\u0103 activit\u0103\u0163ii umane.<\/p>\n<p><strong>ADEV\u0102RUL<\/strong>: 96,5% din totalul emisiilor de dioxid de carbon o constituie sursele naturale, omenirea fiind responsabil\u0103 doar pentru 3,5% din aceste emisii (0,6% provine din emisiile ma\u015finilor, iar circa 1% din \u00eenc\u0103lzirea cl\u0103dirilor). \u015ei atunci, pentru ce mai pl\u0103tim taxa de poluare pentru ma\u015fini, de exemplu? Ciudat e faptul c\u0103 benzina sau motorina pentru autovehicole e suprataxat\u0103 de 3-4 ori fa\u0163\u0103 de costul ei ini\u0163ial, \u00een timp ce combustibilul pentru \u00eenc\u0103lzirea cl\u0103dirilor e suprataxat foarte pu\u0163in, de\u015fi \u00eenc\u0103lzirea pentru cl\u0103diri produce de 2 ori mai mult dioxid de carbon.<\/p>\n<p><strong>MITUL NR.5<\/strong>: Cre\u015fterea dioxidului de carbon din atmosfer\u0103 cauzeaz\u0103 cre\u015fterea schimb\u0103rilor de temperatur\u0103 pe planet\u0103.<\/p>\n<p><strong>ADEV\u0102RUL<\/strong>: Un articol ap\u0103rut \u00eentr-o revist\u0103 \u015ftiin\u0163ific\u0103, folosindu-se de informa\u0163iile da ar\u0103tat faptul c\u0103, de la ultima er\u0103 glaciar\u0103, de fiecare dat\u0103 c\u00e2nd temperatura global\u0103 \u015fi nivelul dioxidului de carbon s-au schimbat, <strong>nivelul dioxidului de carbon s-a modificat dup\u0103 ce temperatura s-a schimbat<\/strong>, a\u015fa c\u0103 teoria \u00eenc\u0103lzirii globale datorit\u0103 activit\u0103\u0163ii umane a pus efectul \u00eenaintea cauzei, ceea ce \u00eenseamn\u0103 c\u0103 reducerea nivelului de dioxid de carbon este un lucru inutil. \u00cen plus, vaporii de ap\u0103 \u015fi de metan sunt gaze care produc un efect de ser\u0103 mult mai puternic dec\u00e2t dioxidul de carbon.<\/p>\n<p><strong>MITUL NR.6<\/strong>: Reducerea folosirii ma\u015finilor va reduce nivelul de dioxid de carbon \u015fi va salva planeta.<\/p>\n<p><strong>ADEV\u0102RUL<\/strong>: Planeta n-are nevoie de nicio salvare, iar dac\u0103 am \u00eendep\u0103rta peste noapte toate ma\u015finile de pe strad\u0103, acest lucru n-ar produce nicio schimbare \u00een nivelul dioxidului de carbon din atmosfer\u0103, a\u015fa cum se poate vedea la Mitul nr.4. De asemenea, e inutil s\u0103 \u00eencerc\u0103m s\u0103 modific\u0103m nivelul dioxidului de carbon, pentru c\u0103 acesta e doar efectul, iar cauza se afl\u0103 \u00een alt\u0103 parte: \u00een schimbarea activit\u0103\u0163ii Soarelui care determin\u0103 o anumit\u0103 cre\u015ftere a temperaturii pe p\u0103m\u00e2nt, aceast\u0103 cre\u015ftere de temperatur\u0103 determin\u00e2nd cre\u015fterea nivelului de dioxid de carbon care se ridic\u0103 de la nivelul oceanelor.<\/p>\n<p><strong>MITUL NR.7<\/strong>: Vijeliile, uraganele \u015fi inunda\u0163iile din ultima vreme ar fi cauzate de \u00eenc\u0103lzirea global\u0103 datorat\u0103 activit\u0103\u0163ii umane.<\/p>\n<p><strong>ADEV\u0102RUL<\/strong>: Fenomenele extreme ale vremii din ultima perioad\u0103 se datoreaz\u0103 ciclului activit\u0103\u0163ii solare, \u015fi nu datorit\u0103 emisiilor de dioxid de carbon sau alegerilor politice. C\u0103derile mari de precipita\u0163ii e un perfect exemplu care demonstreaz\u0103 acest lucru, c\u0103ci apar atunci c\u00e2nd activitatea solar\u0103 atinge maximul ei, iar acest model se repet\u0103 la fiecare 11 ani p\u00e2n\u0103 \u00een anul 2045.<\/p>\n<p><strong>MITUL NR.8<\/strong>: Accizele pe benzin\u0103 \u015fi motorin\u0103, taxele de poluare pentru ma\u015fini \u015fi alte taxe sunt perfect justificabile pentru a opri cre\u015fterea nivelului de dioxid de carbon.<\/p>\n<p><strong>ADEV\u0102RUL<\/strong>: \u00centruc\u00e2t emisiile de dioxid de carbon de la ma\u015fini \u015fi fabrici nu au dec\u00e2t un impact extrem de minor asupra climatului Terrei, aceste taxe n-au niciun fundament real, \u015fi sunt doar o alt\u0103 surs\u0103 de a \u00eembog\u0103\u0163i statele lumii cu taxe nejustificate impuse cet\u0103\u0163enilor.<\/p>\n<p><strong><a href=\"https:\/\/www.lovendal.ro\/wp52\/wp-content\/uploads\/2009\/08\/incalzirea-globala.jpg\"><img loading=\"lazy\" decoding=\"async\" class=\"alignleft size-full wp-image-6731\" title=\"incalzirea globala\" src=\"https:\/\/www.lovendal.ro\/wp52\/wp-content\/uploads\/2009\/08\/incalzirea-globala.jpg\" alt=\"incalzirea globala\" width=\"234\" height=\"234\" srcset=\"https:\/\/www.lovendal.ro\/wp52\/wp-content\/uploads\/2009\/08\/incalzirea-globala.jpg 234w, https:\/\/www.lovendal.ro\/wp52\/wp-content\/uploads\/2009\/08\/incalzirea-globala-150x150.jpg 150w\" sizes=\"auto, (max-width: 234px) 100vw, 234px\" \/><\/a>MITUL NR.9<\/strong>: Oamenii de \u015ftiin\u0163\u0103 din Grupul Interguvernamental pentru Schimbarea Climatic\u0103 (IPCC &#8211; Inter-governmental Panel on Climate Change) sus\u0163in faptul c\u0103 aceast\u0103 \u00eenc\u0103lzire global\u0103 este un lucru real \u015fi c\u0103 omenirea trebuie s\u0103 fac\u0103 ceva pentru a opri acest lucru.<\/p>\n<p><strong>ADEV\u0102RUL<\/strong>: Se uit\u0103 faptul c\u0103 acest grup de oameni de \u015ftiin\u0163\u0103 sunt numi\u0163i de c\u0103tre guverne. \u00centr-unul din rapoartele IPCC, Dr. John Christy, \u015feful acelui raport, a recunoscut faptul c\u0103 a fost ad\u0103ugat pe ultima sut\u0103 de metri un scenariu alarmant \u00een care temperaturile vor cre\u015fte \u00een viitorii 100 de ani cu circa 6 grade. Cine a avut interesul s\u0103 adauge acest pessimist? R\u0103spunsul e simplu: politicienii le-au spus oamenilor de \u015ftiin\u0163\u0103 ce s\u0103 scrie.<\/p>\n<p><strong>MITUL NR.10<\/strong>: \u00cen lume, sunt doar c\u00e2\u0163iva cercet\u0103tori rebeli care ar nega teoria \u00eenc\u0103lzirii globale cauzat\u0103 de umanitate.<\/p>\n<p><strong>ADEV\u0102RUL<\/strong>: Exist\u0103 circa 18.000 de semn\u0103turi ale oamenilor de \u015ftiin\u0163\u0103 din \u00eentreaga lume pe o scrisoare denumit\u0103 \u201cPeti\u0163ia Oregon\u201d, \u00een care se spune c\u0103 nu exist\u0103 nicio eviden\u0163\u0103 asupra \u00eenc\u0103lzirii globale cauzat\u0103 de umanitate, care nu are nicio influen\u0163\u0103 asupra climatului Terrei. Mul\u0163i oameni de \u015ftiin\u0163\u0103 cred c\u0103 Acordul de la Kyoto (acordul prin care liderii politici ai lumii au luat hot\u0103r\u00e2rea reducerii emisiilor de dioxid de carbon) a fost o mare pierdere de timp, fiind unul dintre cele mai mari \u00een\u015fel\u0103torii politice realizate vreodat\u0103 \u00een istoria omenirii. A\u015fa cum afirma cineva: <em>\u201cScopul fundamental al strategiilor politice publice este acela de a men\u0163ine popula\u0163ia alarmat\u0103, care-\u015fi dore\u015fte astfel siguran\u0163a, lucru ce poate fi realizat prin tot felul de gogori\u0163e, toate imaginare\u201d<\/em>. Dorin\u0163a de a salva lumea \u00eenseamn\u0103 de fapt dorin\u0163a de a conduce.<\/p>\n<p><strong>Motiva\u0163ia conspira\u0163iei \u00eenc\u0103lzirii globale<\/strong><\/p>\n<p>Acum, trebuie s\u0103 vedem ce i-ar impinge pe oamenii politici s\u0103 propage acest neadev\u0103r, al \u00eenc\u0103lzirii globale. Ceva mai sus am ar\u0103tat faptul c\u0103 scopul general ar fi acela al \u0163inerii omenirii sub alert\u0103. Unii au descoperit motiva\u0163ii mai precise, uneori chiar contradictorii. S\u0103 trecem \u00een revist\u0103 c\u00e2teva din ele:<\/p>\n<p>&#8211; o dorin\u0163\u0103 a unor state din Na\u0163iunile Unite de a promova o guvernare mondial\u0103 (visul de secole al francmasoneriei);<\/p>\n<p>&#8211; o dorin\u0163\u0103 a unor ecologi\u015fti de a preveni dezvoltarea industrial\u0103 din Africa, \u015fi a p\u0103stra astfel acest continent ca \u201cvirgin\u201d;<\/p>\n<p>&#8211; o dorin\u0163\u0103 a altor ecologi\u015fti de a transfera industria poluatoare din \u0163\u0103rile dezvoltate \u00een \u0163\u0103rile mai pu\u0163in dezvoltate (vezi acordul de la Kyoto care stipuleaz\u0103 posibilitatea \u201ccump\u0103r\u0103rii\u201d polu\u0103rii cu dioxid de carbon de c\u0103tre \u0163\u0103rile bogate);<\/p>\n<p>&#8211; o dorin\u0163\u0103 a unor oameni de \u015ftiin\u0163\u0103 de a avea suport financiar crescut;<\/p>\n<p>&#8211; o dorin\u0163\u0103 a guvernelor de a cre\u015fte taxele la benzin\u0103, motorin\u0103 \u015fi ma\u015fini;<\/p>\n<p>&#8211; o dorin\u0163\u0103 a unei ideologii anti-americane, anti-occidentale, care crede c\u0103 tot ce este industrializat este r\u0103u;<\/p>\n<p>&#8211; o dorin\u0163\u0103 a unor lideri conservatori, ca Margaret Thatcher sau Helmuth Kohl, de a promova energia nuclear\u0103, \u00een detrimentul energiei clasice, bazate pe petrol, c\u0103rbune \u015fi gaze.<\/p>\n<p>Oricare ar fi motiva\u0163ia, trebuie s\u0103 respingem aceast\u0103 nou\u0103 fars\u0103 pus\u0103 la cale pentru a prosti omenirea \u015fi, \u00eenainte de a crede tot ce se zboar\u0103, s\u0103 mai cercet\u0103m cu precau\u0163ie lucrurile. \u201cCrede \u015fi nu cerceta\u201d e un principiu bun doar \u00een credin\u0163a interioar\u0103, nu \u015fi \u00een alte aspecte ale omenirii.<\/p>\n<p>\u00cen final, iat\u0103 ce declara Senatorul James Inhofe, \u00een Comitetul Senatului SUA privind Politicile publice \u015fi de mediu:<em> &#8222;Cu toat\u0103 aceast\u0103 isterie, cu toate fricile induse, cu toat\u0103 aceast\u0103 \u015ftiin\u0163\u0103 fals\u0103 care ni se induce, n-ar putea fi \u00eenc\u0103lzirea global\u0103 drept cea mai mare fars\u0103 cu care a fost manipulat vreodat\u0103 poporul american?&#8221;<\/em><\/p>\n","protected":false},"excerpt":{"rendered":"<p>Cred c\u0103 foarte mul\u0163i dintre noi au auzit \u00een ultima perioad\u0103 foarte des pronun\u0163ate cuvintele \u201c\u00eenc\u0103lzire global\u0103\u201d sau \u201cefect de ser\u0103\u201d, aproape p\u00e2n\u0103 la satura\u0163ie. Ni se spune c\u0103, datorit\u0103 activit\u0103\u0163ii omului, se degaj\u0103 dioxid de carbon \u00een atmosfer\u0103, lucru &#8230; <\/p>\n<p class=\"read-more-container\"><a title=\"Conspira\u0163ia \u00eenc\u0103lzirii globale: 10 mituri care au \u00een\u015felat omenirea\" class=\"read-more button\" href=\"https:\/\/www.lovendal.ro\/wp52\/conspiratia-incalzirii-globale-10-mituri-care-au-inselat-omenirea\/#more-6727\" aria-label=\"Cite\u0219te mai multe despre Conspira\u0163ia \u00eenc\u0103lzirii globale: 10 mituri care au \u00een\u015felat omenirea\">Cititi mai multe<\/a><\/p>\n","protected":false},"author":1,"featured_media":6728,"comment_status":"open","ping_status":"closed","sticky":false,"template":"","format":"standard","meta":{"footnotes":""},"categories":[475],"tags":[1524,356,1960,865,300],"class_list":["post-6727","post","type-post","status-publish","format-standard","has-post-thumbnail","hentry","category-conspiratii-mistere","tag-conspiratii-si-societati-secrete","tag-dioxid-de-carbon","tag-incalzire-globala","tag-soare","tag-terra","resize-featured-image"],"yoast_head":"<!-- This site is optimized with the Yoast SEO Premium plugin v23.3 (Yoast SEO v27.4) - https:\/\/yoast.com\/product\/yoast-seo-premium-wordpress\/ -->\n<title>Conspira\u0163ia \u00eenc\u0103lzirii globale: 10 mituri care au \u00een\u015felat omenirea - Secretele lui Lovendal<\/title>\n<meta name=\"robots\" content=\"index, follow, max-snippet:-1, max-image-preview:large, max-video-preview:-1\" \/>\n<link rel=\"canonical\" href=\"https:\/\/www.lovendal.ro\/wp52\/conspiratia-incalzirii-globale-10-mituri-care-au-inselat-omenirea\/\" \/>\n<meta property=\"og:locale\" content=\"ro_RO\" \/>\n<meta property=\"og:type\" content=\"article\" \/>\n<meta property=\"og:title\" content=\"Conspira\u0163ia \u00eenc\u0103lzirii globale: 10 mituri care au \u00een\u015felat omenirea\" \/>\n<meta property=\"og:description\" content=\"Cred c\u0103 foarte mul\u0163i dintre noi au auzit \u00een ultima perioad\u0103 foarte des pronun\u0163ate cuvintele \u201c\u00eenc\u0103lzire global\u0103\u201d sau \u201cefect de ser\u0103\u201d, aproape p\u00e2n\u0103 la satura\u0163ie. Ni se spune c\u0103, datorit\u0103 activit\u0103\u0163ii omului, se degaj\u0103 dioxid de carbon \u00een atmosfer\u0103, lucru ... Cititi mai multe\" \/>\n<meta property=\"og:url\" content=\"https:\/\/www.lovendal.ro\/wp52\/conspiratia-incalzirii-globale-10-mituri-care-au-inselat-omenirea\/\" \/>\n<meta property=\"og:site_name\" content=\"Secretele lui Lovendal\" \/>\n<meta property=\"article:publisher\" content=\"https:\/\/www.facebook.com\/secreteleluilovendal\" \/>\n<meta property=\"article:published_time\" content=\"2009-08-09T05:34:47+00:00\" \/>\n<meta property=\"article:modified_time\" content=\"2009-08-10T04:57:25+00:00\" \/>\n<meta property=\"og:image\" content=\"https:\/\/www.lovendal.ro\/wp52\/wp-content\/uploads\/2009\/08\/incalzirea-globala-2.jpg\" \/>\n\t<meta property=\"og:image:width\" content=\"348\" \/>\n\t<meta property=\"og:image:height\" content=\"190\" \/>\n\t<meta property=\"og:image:type\" content=\"image\/jpeg\" \/>\n<meta name=\"author\" content=\"admin\" \/>\n<meta name=\"twitter:card\" content=\"summary_large_image\" \/>\n<meta name=\"twitter:label1\" content=\"Scris de\" \/>\n\t<meta name=\"twitter:data1\" content=\"admin\" \/>\n\t<meta name=\"twitter:label2\" content=\"Timp estimat pentru citire\" \/>\n\t<meta name=\"twitter:data2\" content=\"9 minute\" \/>\n<script type=\"application\/ld+json\" class=\"yoast-schema-graph\">{\"@context\":\"https:\\\/\\\/schema.org\",\"@graph\":[{\"@type\":\"Article\",\"@id\":\"https:\\\/\\\/www.lovendal.ro\\\/wp52\\\/conspiratia-incalzirii-globale-10-mituri-care-au-inselat-omenirea\\\/#article\",\"isPartOf\":{\"@id\":\"https:\\\/\\\/www.lovendal.ro\\\/wp52\\\/conspiratia-incalzirii-globale-10-mituri-care-au-inselat-omenirea\\\/\"},\"author\":{\"name\":\"admin\",\"@id\":\"https:\\\/\\\/www.lovendal.ro\\\/wp52\\\/#\\\/schema\\\/person\\\/088691de5dfc346bb0c023e1e52ef5d9\"},\"headline\":\"Conspira\u0163ia \u00eenc\u0103lzirii globale: 10 mituri care au \u00een\u015felat omenirea\",\"datePublished\":\"2009-08-09T05:34:47+00:00\",\"dateModified\":\"2009-08-10T04:57:25+00:00\",\"mainEntityOfPage\":{\"@id\":\"https:\\\/\\\/www.lovendal.ro\\\/wp52\\\/conspiratia-incalzirii-globale-10-mituri-care-au-inselat-omenirea\\\/\"},\"wordCount\":1741,\"commentCount\":26,\"publisher\":{\"@id\":\"https:\\\/\\\/www.lovendal.ro\\\/wp52\\\/#organization\"},\"image\":{\"@id\":\"https:\\\/\\\/www.lovendal.ro\\\/wp52\\\/conspiratia-incalzirii-globale-10-mituri-care-au-inselat-omenirea\\\/#primaryimage\"},\"thumbnailUrl\":\"https:\\\/\\\/www.lovendal.ro\\\/wp52\\\/wp-content\\\/uploads\\\/2009\\\/08\\\/incalzirea-globala-2.jpg\",\"keywords\":[\"Conspiratii si Societati secrete\",\"dioxid de carbon\",\"\u00eenc\u0103lzire global\u0103\",\"Soare\",\"Terra\"],\"articleSection\":[\"Conspiratii si Mistere\"],\"inLanguage\":\"ro-RO\",\"potentialAction\":[{\"@type\":\"CommentAction\",\"name\":\"Comment\",\"target\":[\"https:\\\/\\\/www.lovendal.ro\\\/wp52\\\/conspiratia-incalzirii-globale-10-mituri-care-au-inselat-omenirea\\\/#respond\"]}]},{\"@type\":\"WebPage\",\"@id\":\"https:\\\/\\\/www.lovendal.ro\\\/wp52\\\/conspiratia-incalzirii-globale-10-mituri-care-au-inselat-omenirea\\\/\",\"url\":\"https:\\\/\\\/www.lovendal.ro\\\/wp52\\\/conspiratia-incalzirii-globale-10-mituri-care-au-inselat-omenirea\\\/\",\"name\":\"Conspira\u0163ia \u00eenc\u0103lzirii globale: 10 mituri care au \u00een\u015felat omenirea - Secretele lui Lovendal\",\"isPartOf\":{\"@id\":\"https:\\\/\\\/www.lovendal.ro\\\/wp52\\\/#website\"},\"primaryImageOfPage\":{\"@id\":\"https:\\\/\\\/www.lovendal.ro\\\/wp52\\\/conspiratia-incalzirii-globale-10-mituri-care-au-inselat-omenirea\\\/#primaryimage\"},\"image\":{\"@id\":\"https:\\\/\\\/www.lovendal.ro\\\/wp52\\\/conspiratia-incalzirii-globale-10-mituri-care-au-inselat-omenirea\\\/#primaryimage\"},\"thumbnailUrl\":\"https:\\\/\\\/www.lovendal.ro\\\/wp52\\\/wp-content\\\/uploads\\\/2009\\\/08\\\/incalzirea-globala-2.jpg\",\"datePublished\":\"2009-08-09T05:34:47+00:00\",\"dateModified\":\"2009-08-10T04:57:25+00:00\",\"breadcrumb\":{\"@id\":\"https:\\\/\\\/www.lovendal.ro\\\/wp52\\\/conspiratia-incalzirii-globale-10-mituri-care-au-inselat-omenirea\\\/#breadcrumb\"},\"inLanguage\":\"ro-RO\",\"potentialAction\":[{\"@type\":\"ReadAction\",\"target\":[\"https:\\\/\\\/www.lovendal.ro\\\/wp52\\\/conspiratia-incalzirii-globale-10-mituri-care-au-inselat-omenirea\\\/\"]}]},{\"@type\":\"ImageObject\",\"inLanguage\":\"ro-RO\",\"@id\":\"https:\\\/\\\/www.lovendal.ro\\\/wp52\\\/conspiratia-incalzirii-globale-10-mituri-care-au-inselat-omenirea\\\/#primaryimage\",\"url\":\"https:\\\/\\\/www.lovendal.ro\\\/wp52\\\/wp-content\\\/uploads\\\/2009\\\/08\\\/incalzirea-globala-2.jpg\",\"contentUrl\":\"https:\\\/\\\/www.lovendal.ro\\\/wp52\\\/wp-content\\\/uploads\\\/2009\\\/08\\\/incalzirea-globala-2.jpg\",\"width\":\"348\",\"height\":\"190\"},{\"@type\":\"BreadcrumbList\",\"@id\":\"https:\\\/\\\/www.lovendal.ro\\\/wp52\\\/conspiratia-incalzirii-globale-10-mituri-care-au-inselat-omenirea\\\/#breadcrumb\",\"itemListElement\":[{\"@type\":\"ListItem\",\"position\":1,\"name\":\"Home\",\"item\":\"https:\\\/\\\/www.lovendal.ro\\\/wp52\\\/\"},{\"@type\":\"ListItem\",\"position\":2,\"name\":\"Conspira\u0163ia \u00eenc\u0103lzirii globale: 10 mituri care au \u00een\u015felat omenirea\"}]},{\"@type\":\"WebSite\",\"@id\":\"https:\\\/\\\/www.lovendal.ro\\\/wp52\\\/#website\",\"url\":\"https:\\\/\\\/www.lovendal.ro\\\/wp52\\\/\",\"name\":\"Secretele lui Lovendal\",\"description\":\"Site de secrete, stiinta si metafizica - din 2008 -\",\"publisher\":{\"@id\":\"https:\\\/\\\/www.lovendal.ro\\\/wp52\\\/#organization\"},\"potentialAction\":[{\"@type\":\"SearchAction\",\"target\":{\"@type\":\"EntryPoint\",\"urlTemplate\":\"https:\\\/\\\/www.lovendal.ro\\\/wp52\\\/?s={search_term_string}\"},\"query-input\":{\"@type\":\"PropertyValueSpecification\",\"valueRequired\":true,\"valueName\":\"search_term_string\"}}],\"inLanguage\":\"ro-RO\"},{\"@type\":\"Organization\",\"@id\":\"https:\\\/\\\/www.lovendal.ro\\\/wp52\\\/#organization\",\"name\":\"Secretele lui Lovendal\",\"url\":\"https:\\\/\\\/www.lovendal.ro\\\/wp52\\\/\",\"logo\":{\"@type\":\"ImageObject\",\"inLanguage\":\"ro-RO\",\"@id\":\"https:\\\/\\\/www.lovendal.ro\\\/wp52\\\/#\\\/schema\\\/logo\\\/image\\\/\",\"url\":\"https:\\\/\\\/www.lovendal.ro\\\/wp52\\\/wp-content\\\/uploads\\\/2024\\\/06\\\/cropped-SLL-iun-2024-1.jpg\",\"contentUrl\":\"https:\\\/\\\/www.lovendal.ro\\\/wp52\\\/wp-content\\\/uploads\\\/2024\\\/06\\\/cropped-SLL-iun-2024-1.jpg\",\"width\":771,\"height\":240,\"caption\":\"Secretele lui Lovendal\"},\"image\":{\"@id\":\"https:\\\/\\\/www.lovendal.ro\\\/wp52\\\/#\\\/schema\\\/logo\\\/image\\\/\"},\"sameAs\":[\"https:\\\/\\\/www.facebook.com\\\/secreteleluilovendal\"]},{\"@type\":\"Person\",\"@id\":\"https:\\\/\\\/www.lovendal.ro\\\/wp52\\\/#\\\/schema\\\/person\\\/088691de5dfc346bb0c023e1e52ef5d9\",\"name\":\"admin\",\"image\":{\"@type\":\"ImageObject\",\"inLanguage\":\"ro-RO\",\"@id\":\"https:\\\/\\\/secure.gravatar.com\\\/avatar\\\/ecb9cd41f5f63c9c9b989999a59f6e2639a865ec361e9db054db0679a8f341c2?s=96&d=mm&r=g\",\"url\":\"https:\\\/\\\/secure.gravatar.com\\\/avatar\\\/ecb9cd41f5f63c9c9b989999a59f6e2639a865ec361e9db054db0679a8f341c2?s=96&d=mm&r=g\",\"contentUrl\":\"https:\\\/\\\/secure.gravatar.com\\\/avatar\\\/ecb9cd41f5f63c9c9b989999a59f6e2639a865ec361e9db054db0679a8f341c2?s=96&d=mm&r=g\",\"caption\":\"admin\"},\"sameAs\":[\"https:\\\/\\\/www.lovendal.ro\\\/wp52\"]}]}<\/script>\n<!-- \/ Yoast SEO Premium plugin. -->","yoast_head_json":{"title":"Conspira\u0163ia \u00eenc\u0103lzirii globale: 10 mituri care au \u00een\u015felat omenirea - Secretele lui Lovendal","robots":{"index":"index","follow":"follow","max-snippet":"max-snippet:-1","max-image-preview":"max-image-preview:large","max-video-preview":"max-video-preview:-1"},"canonical":"https:\/\/www.lovendal.ro\/wp52\/conspiratia-incalzirii-globale-10-mituri-care-au-inselat-omenirea\/","og_locale":"ro_RO","og_type":"article","og_title":"Conspira\u0163ia \u00eenc\u0103lzirii globale: 10 mituri care au \u00een\u015felat omenirea","og_description":"Cred c\u0103 foarte mul\u0163i dintre noi au auzit \u00een ultima perioad\u0103 foarte des pronun\u0163ate cuvintele \u201c\u00eenc\u0103lzire global\u0103\u201d sau \u201cefect de ser\u0103\u201d, aproape p\u00e2n\u0103 la satura\u0163ie. Ni se spune c\u0103, datorit\u0103 activit\u0103\u0163ii omului, se degaj\u0103 dioxid de carbon \u00een atmosfer\u0103, lucru ... Cititi mai multe","og_url":"https:\/\/www.lovendal.ro\/wp52\/conspiratia-incalzirii-globale-10-mituri-care-au-inselat-omenirea\/","og_site_name":"Secretele lui Lovendal","article_publisher":"https:\/\/www.facebook.com\/secreteleluilovendal","article_published_time":"2009-08-09T05:34:47+00:00","article_modified_time":"2009-08-10T04:57:25+00:00","og_image":[{"width":348,"height":190,"url":"https:\/\/www.lovendal.ro\/wp52\/wp-content\/uploads\/2009\/08\/incalzirea-globala-2.jpg","type":"image\/jpeg"}],"author":"admin","twitter_card":"summary_large_image","twitter_misc":{"Scris de":"admin","Timp estimat pentru citire":"9 minute"},"schema":{"@context":"https:\/\/schema.org","@graph":[{"@type":"Article","@id":"https:\/\/www.lovendal.ro\/wp52\/conspiratia-incalzirii-globale-10-mituri-care-au-inselat-omenirea\/#article","isPartOf":{"@id":"https:\/\/www.lovendal.ro\/wp52\/conspiratia-incalzirii-globale-10-mituri-care-au-inselat-omenirea\/"},"author":{"name":"admin","@id":"https:\/\/www.lovendal.ro\/wp52\/#\/schema\/person\/088691de5dfc346bb0c023e1e52ef5d9"},"headline":"Conspira\u0163ia \u00eenc\u0103lzirii globale: 10 mituri care au \u00een\u015felat omenirea","datePublished":"2009-08-09T05:34:47+00:00","dateModified":"2009-08-10T04:57:25+00:00","mainEntityOfPage":{"@id":"https:\/\/www.lovendal.ro\/wp52\/conspiratia-incalzirii-globale-10-mituri-care-au-inselat-omenirea\/"},"wordCount":1741,"commentCount":26,"publisher":{"@id":"https:\/\/www.lovendal.ro\/wp52\/#organization"},"image":{"@id":"https:\/\/www.lovendal.ro\/wp52\/conspiratia-incalzirii-globale-10-mituri-care-au-inselat-omenirea\/#primaryimage"},"thumbnailUrl":"https:\/\/www.lovendal.ro\/wp52\/wp-content\/uploads\/2009\/08\/incalzirea-globala-2.jpg","keywords":["Conspiratii si Societati secrete","dioxid de carbon","\u00eenc\u0103lzire global\u0103","Soare","Terra"],"articleSection":["Conspiratii si Mistere"],"inLanguage":"ro-RO","potentialAction":[{"@type":"CommentAction","name":"Comment","target":["https:\/\/www.lovendal.ro\/wp52\/conspiratia-incalzirii-globale-10-mituri-care-au-inselat-omenirea\/#respond"]}]},{"@type":"WebPage","@id":"https:\/\/www.lovendal.ro\/wp52\/conspiratia-incalzirii-globale-10-mituri-care-au-inselat-omenirea\/","url":"https:\/\/www.lovendal.ro\/wp52\/conspiratia-incalzirii-globale-10-mituri-care-au-inselat-omenirea\/","name":"Conspira\u0163ia \u00eenc\u0103lzirii globale: 10 mituri care au \u00een\u015felat omenirea - Secretele lui Lovendal","isPartOf":{"@id":"https:\/\/www.lovendal.ro\/wp52\/#website"},"primaryImageOfPage":{"@id":"https:\/\/www.lovendal.ro\/wp52\/conspiratia-incalzirii-globale-10-mituri-care-au-inselat-omenirea\/#primaryimage"},"image":{"@id":"https:\/\/www.lovendal.ro\/wp52\/conspiratia-incalzirii-globale-10-mituri-care-au-inselat-omenirea\/#primaryimage"},"thumbnailUrl":"https:\/\/www.lovendal.ro\/wp52\/wp-content\/uploads\/2009\/08\/incalzirea-globala-2.jpg","datePublished":"2009-08-09T05:34:47+00:00","dateModified":"2009-08-10T04:57:25+00:00","breadcrumb":{"@id":"https:\/\/www.lovendal.ro\/wp52\/conspiratia-incalzirii-globale-10-mituri-care-au-inselat-omenirea\/#breadcrumb"},"inLanguage":"ro-RO","potentialAction":[{"@type":"ReadAction","target":["https:\/\/www.lovendal.ro\/wp52\/conspiratia-incalzirii-globale-10-mituri-care-au-inselat-omenirea\/"]}]},{"@type":"ImageObject","inLanguage":"ro-RO","@id":"https:\/\/www.lovendal.ro\/wp52\/conspiratia-incalzirii-globale-10-mituri-care-au-inselat-omenirea\/#primaryimage","url":"https:\/\/www.lovendal.ro\/wp52\/wp-content\/uploads\/2009\/08\/incalzirea-globala-2.jpg","contentUrl":"https:\/\/www.lovendal.ro\/wp52\/wp-content\/uploads\/2009\/08\/incalzirea-globala-2.jpg","width":"348","height":"190"},{"@type":"BreadcrumbList","@id":"https:\/\/www.lovendal.ro\/wp52\/conspiratia-incalzirii-globale-10-mituri-care-au-inselat-omenirea\/#breadcrumb","itemListElement":[{"@type":"ListItem","position":1,"name":"Home","item":"https:\/\/www.lovendal.ro\/wp52\/"},{"@type":"ListItem","position":2,"name":"Conspira\u0163ia \u00eenc\u0103lzirii globale: 10 mituri care au \u00een\u015felat omenirea"}]},{"@type":"WebSite","@id":"https:\/\/www.lovendal.ro\/wp52\/#website","url":"https:\/\/www.lovendal.ro\/wp52\/","name":"Secretele lui Lovendal","description":"Site de secrete, stiinta si metafizica - din 2008 -","publisher":{"@id":"https:\/\/www.lovendal.ro\/wp52\/#organization"},"potentialAction":[{"@type":"SearchAction","target":{"@type":"EntryPoint","urlTemplate":"https:\/\/www.lovendal.ro\/wp52\/?s={search_term_string}"},"query-input":{"@type":"PropertyValueSpecification","valueRequired":true,"valueName":"search_term_string"}}],"inLanguage":"ro-RO"},{"@type":"Organization","@id":"https:\/\/www.lovendal.ro\/wp52\/#organization","name":"Secretele lui Lovendal","url":"https:\/\/www.lovendal.ro\/wp52\/","logo":{"@type":"ImageObject","inLanguage":"ro-RO","@id":"https:\/\/www.lovendal.ro\/wp52\/#\/schema\/logo\/image\/","url":"https:\/\/www.lovendal.ro\/wp52\/wp-content\/uploads\/2024\/06\/cropped-SLL-iun-2024-1.jpg","contentUrl":"https:\/\/www.lovendal.ro\/wp52\/wp-content\/uploads\/2024\/06\/cropped-SLL-iun-2024-1.jpg","width":771,"height":240,"caption":"Secretele lui Lovendal"},"image":{"@id":"https:\/\/www.lovendal.ro\/wp52\/#\/schema\/logo\/image\/"},"sameAs":["https:\/\/www.facebook.com\/secreteleluilovendal"]},{"@type":"Person","@id":"https:\/\/www.lovendal.ro\/wp52\/#\/schema\/person\/088691de5dfc346bb0c023e1e52ef5d9","name":"admin","image":{"@type":"ImageObject","inLanguage":"ro-RO","@id":"https:\/\/secure.gravatar.com\/avatar\/ecb9cd41f5f63c9c9b989999a59f6e2639a865ec361e9db054db0679a8f341c2?s=96&d=mm&r=g","url":"https:\/\/secure.gravatar.com\/avatar\/ecb9cd41f5f63c9c9b989999a59f6e2639a865ec361e9db054db0679a8f341c2?s=96&d=mm&r=g","contentUrl":"https:\/\/secure.gravatar.com\/avatar\/ecb9cd41f5f63c9c9b989999a59f6e2639a865ec361e9db054db0679a8f341c2?s=96&d=mm&r=g","caption":"admin"},"sameAs":["https:\/\/www.lovendal.ro\/wp52"]}]}},"_links":{"self":[{"href":"https:\/\/www.lovendal.ro\/wp52\/wp-json\/wp\/v2\/posts\/6727","targetHints":{"allow":["GET"]}}],"collection":[{"href":"https:\/\/www.lovendal.ro\/wp52\/wp-json\/wp\/v2\/posts"}],"about":[{"href":"https:\/\/www.lovendal.ro\/wp52\/wp-json\/wp\/v2\/types\/post"}],"author":[{"embeddable":true,"href":"https:\/\/www.lovendal.ro\/wp52\/wp-json\/wp\/v2\/users\/1"}],"replies":[{"embeddable":true,"href":"https:\/\/www.lovendal.ro\/wp52\/wp-json\/wp\/v2\/comments?post=6727"}],"version-history":[{"count":0,"href":"https:\/\/www.lovendal.ro\/wp52\/wp-json\/wp\/v2\/posts\/6727\/revisions"}],"wp:featuredmedia":[{"embeddable":true,"href":"https:\/\/www.lovendal.ro\/wp52\/wp-json\/wp\/v2\/media\/6728"}],"wp:attachment":[{"href":"https:\/\/www.lovendal.ro\/wp52\/wp-json\/wp\/v2\/media?parent=6727"}],"wp:term":[{"taxonomy":"category","embeddable":true,"href":"https:\/\/www.lovendal.ro\/wp52\/wp-json\/wp\/v2\/categories?post=6727"},{"taxonomy":"post_tag","embeddable":true,"href":"https:\/\/www.lovendal.ro\/wp52\/wp-json\/wp\/v2\/tags?post=6727"}],"curies":[{"name":"wp","href":"https:\/\/api.w.org\/{rel}","templated":true}]}}