{"id":67203,"date":"2020-03-19T11:45:29","date_gmt":"2020-03-19T09:45:29","guid":{"rendered":"https:\/\/www.lovendal.ro\/wp52\/?p=67203"},"modified":"2020-03-19T11:45:29","modified_gmt":"2020-03-19T09:45:29","slug":"cum-mi-am-activat-memorii-pe-care-le-credeam-de-mult-uitate-cu-ajutorul-unor-mirosuri-specifice","status":"publish","type":"post","link":"https:\/\/www.lovendal.ro\/wp52\/cum-mi-am-activat-memorii-pe-care-le-credeam-de-mult-uitate-cu-ajutorul-unor-mirosuri-specifice\/","title":{"rendered":"Cum mi-am activat memorii pe care le credeam de mult uitate cu ajutorul unor mirosuri specifice"},"content":{"rendered":"<p><a href=\"https:\/\/www.lovendal.ro\/wp52\/wp-content\/uploads\/2020\/03\/creier.jpg\"><img loading=\"lazy\" decoding=\"async\" class=\"alignleft size-full wp-image-67204\" src=\"https:\/\/www.lovendal.ro\/wp52\/wp-content\/uploads\/2020\/03\/creier.jpg\" alt=\"\" width=\"355\" height=\"283\" srcset=\"https:\/\/www.lovendal.ro\/wp52\/wp-content\/uploads\/2020\/03\/creier.jpg 355w, https:\/\/www.lovendal.ro\/wp52\/wp-content\/uploads\/2020\/03\/creier-300x239.jpg 300w\" sizes=\"auto, (max-width: 355px) 100vw, 355px\" \/><\/a>Totul s-a \u00eent\u00e2mplat acum c\u00e2\u0163iva ani. Am intrat \u00eentr-o cl\u0103dire cu ni\u015fte treburi; acolo, am sim\u0163it deodat\u0103 un miros ciudat (o combina\u0163ie \u00eentre clor \u015fi alte arome). Instantaneu, mintea mea a luat-o razna \u015fi am sim\u0163it c\u0103 &#8222;m-am teleportat&#8221; \u00een copil\u0103rie, atunci c\u00e2nd aveam 5-6 ani, c\u00e2nd intram \u00een gr\u0103dini\u0163\u0103 \u015fi sim\u0163eam acel miros. Mi-am adus aminte perfect holul gr\u0103dini\u0163ei, cum urcam sc\u0103rile la etaj, cum m\u0103 duceam pe la buc\u0103t\u0103ria institu\u0163iei \u015fi multe alte detalii. F\u0103r\u0103 acel miros specific, memoria mea de copil de gr\u0103dini\u0163\u0103 nu s-ar mai fi activat at\u00e2t de bine. A\u015fadar, mirosul a fost declan\u015fatorul memoriei.<\/p>\n<p>De ce-am f\u0103cut introducerea asta? Pentru c\u0103, \u00een conformitate cu un nou studiu publicat \u00een revista <em>&#8222;Learning Memory&#8221;<\/em> (linkul \u00eel g\u0103si\u0163i <a href=\"http:\/\/learnmem.cshlp.org\/content\/27\/4\/150.abstract\" target=\"_blank\" rel=\"noopener noreferrer\"><strong>AICI<\/strong><\/a>), cel pu\u0163in \u00een cazul \u015foarecilor s-a f\u0103cut o leg\u0103tur\u0103 \u00eentre miros \u015fi memorie, anumite arome put\u00e2nd declan\u015fa memoria unei experien\u0163e trecute.<\/p>\n<p>Autorul principal al lucr\u0103rii este omul de \u015ftiin\u0163e \u00een neurologie Steve Ramirez, de la Universitatea din Boston (SUA). El a creat o &#8222;memorie de fric\u0103&#8221; la \u015foareci, d\u00e2ndu-le o serie de \u015focuri electrice \u00een interiorul unui container. \u00cen timpul acestor \u015focuri electrice, jum\u0103tate din \u015foareci au fost expu\u015fi la un miros specific (arom\u0103 de esen\u0163\u0103 de migdale), cealalt\u0103 jum\u0103tate neprimind nimic. Dup\u0103 o anumit\u0103 perioad\u0103 de timp, \u015foarecii care au fost expu\u015fi mirosului de migdale, aveau o activitate semnificativ\u0103 \u00een creier, \u00een hipocampus, \u00een zona aferent\u0103 memoriei.<\/p>\n<p>Concluzia: mirosul declan\u015feaz\u0103 memoria! \u00cens\u0103, din punctul meu de vedere, nu-i nimic nou sub soare&#8230;<\/p>\n","protected":false},"excerpt":{"rendered":"<p>Totul s-a \u00eent\u00e2mplat acum c\u00e2\u0163iva ani. Am intrat \u00eentr-o cl\u0103dire cu ni\u015fte treburi; acolo, am sim\u0163it deodat\u0103 un miros ciudat (o combina\u0163ie \u00eentre clor \u015fi alte arome). Instantaneu, mintea mea a luat-o razna \u015fi am sim\u0163it c\u0103 &#8222;m-am teleportat&#8221; \u00een &#8230; <\/p>\n<p class=\"read-more-container\"><a title=\"Cum mi-am activat memorii pe care le credeam de mult uitate cu ajutorul unor mirosuri specifice\" class=\"read-more button\" href=\"https:\/\/www.lovendal.ro\/wp52\/cum-mi-am-activat-memorii-pe-care-le-credeam-de-mult-uitate-cu-ajutorul-unor-mirosuri-specifice\/#more-67203\" aria-label=\"Cite\u0219te mai multe despre Cum mi-am activat memorii pe care le credeam de mult uitate cu ajutorul unor mirosuri specifice\">Cititi mai multe<\/a><\/p>\n","protected":false},"author":1,"featured_media":67204,"comment_status":"closed","ping_status":"open","sticky":false,"template":"","format":"standard","meta":{"footnotes":""},"categories":[106],"tags":[5070,8319,230,229,6791,4404,4961,2364,351,9803,23,2250],"class_list":["post-67203","post","type-post","status-publish","format-standard","has-post-thumbnail","hentry","category-stiinta","tag-boston","tag-clor","tag-creier","tag-memorie","tag-migdale","tag-miros","tag-neurologie","tag-revista","tag-soareci","tag-stiinta","tag-sua","tag-universitate"],"yoast_head":"<!-- This site is optimized with the Yoast SEO Premium plugin v23.3 (Yoast SEO v27.4) - https:\/\/yoast.com\/product\/yoast-seo-premium-wordpress\/ -->\n<title>Cum mi-am activat memorii pe care le credeam de mult uitate cu ajutorul unor mirosuri specifice - Secretele lui Lovendal<\/title>\n<meta name=\"robots\" content=\"index, follow, max-snippet:-1, max-image-preview:large, max-video-preview:-1\" \/>\n<link rel=\"canonical\" href=\"https:\/\/www.lovendal.ro\/wp52\/cum-mi-am-activat-memorii-pe-care-le-credeam-de-mult-uitate-cu-ajutorul-unor-mirosuri-specifice\/\" \/>\n<meta property=\"og:locale\" content=\"ro_RO\" \/>\n<meta property=\"og:type\" content=\"article\" \/>\n<meta property=\"og:title\" content=\"Cum mi-am activat memorii pe care le credeam de mult uitate cu ajutorul unor mirosuri specifice\" \/>\n<meta property=\"og:description\" content=\"Totul s-a \u00eent\u00e2mplat acum c\u00e2\u0163iva ani. Am intrat \u00eentr-o cl\u0103dire cu ni\u015fte treburi; acolo, am sim\u0163it deodat\u0103 un miros ciudat (o combina\u0163ie \u00eentre clor \u015fi alte arome). Instantaneu, mintea mea a luat-o razna \u015fi am sim\u0163it c\u0103 &#8222;m-am teleportat&#8221; \u00een ... Cititi mai multe\" \/>\n<meta property=\"og:url\" content=\"https:\/\/www.lovendal.ro\/wp52\/cum-mi-am-activat-memorii-pe-care-le-credeam-de-mult-uitate-cu-ajutorul-unor-mirosuri-specifice\/\" \/>\n<meta property=\"og:site_name\" content=\"Secretele lui Lovendal\" \/>\n<meta property=\"article:publisher\" content=\"https:\/\/www.facebook.com\/secreteleluilovendal\" \/>\n<meta property=\"article:published_time\" content=\"2020-03-19T09:45:29+00:00\" \/>\n<meta property=\"og:image\" content=\"https:\/\/www.lovendal.ro\/wp52\/wp-content\/uploads\/2020\/03\/creier.jpg\" \/>\n\t<meta property=\"og:image:width\" content=\"355\" \/>\n\t<meta property=\"og:image:height\" content=\"283\" \/>\n\t<meta property=\"og:image:type\" content=\"image\/jpeg\" \/>\n<meta name=\"author\" content=\"admin\" \/>\n<meta name=\"twitter:card\" content=\"summary_large_image\" \/>\n<meta name=\"twitter:label1\" content=\"Scris de\" \/>\n\t<meta name=\"twitter:data1\" content=\"admin\" \/>\n\t<meta name=\"twitter:label2\" content=\"Timp estimat pentru citire\" \/>\n\t<meta name=\"twitter:data2\" content=\"1 minut\" \/>\n<script type=\"application\/ld+json\" class=\"yoast-schema-graph\">{\"@context\":\"https:\\\/\\\/schema.org\",\"@graph\":[{\"@type\":\"Article\",\"@id\":\"https:\\\/\\\/www.lovendal.ro\\\/wp52\\\/cum-mi-am-activat-memorii-pe-care-le-credeam-de-mult-uitate-cu-ajutorul-unor-mirosuri-specifice\\\/#article\",\"isPartOf\":{\"@id\":\"https:\\\/\\\/www.lovendal.ro\\\/wp52\\\/cum-mi-am-activat-memorii-pe-care-le-credeam-de-mult-uitate-cu-ajutorul-unor-mirosuri-specifice\\\/\"},\"author\":{\"name\":\"admin\",\"@id\":\"https:\\\/\\\/www.lovendal.ro\\\/wp52\\\/#\\\/schema\\\/person\\\/088691de5dfc346bb0c023e1e52ef5d9\"},\"headline\":\"Cum mi-am activat memorii pe care le credeam de mult uitate cu ajutorul unor mirosuri specifice\",\"datePublished\":\"2020-03-19T09:45:29+00:00\",\"mainEntityOfPage\":{\"@id\":\"https:\\\/\\\/www.lovendal.ro\\\/wp52\\\/cum-mi-am-activat-memorii-pe-care-le-credeam-de-mult-uitate-cu-ajutorul-unor-mirosuri-specifice\\\/\"},\"wordCount\":301,\"publisher\":{\"@id\":\"https:\\\/\\\/www.lovendal.ro\\\/wp52\\\/#organization\"},\"image\":{\"@id\":\"https:\\\/\\\/www.lovendal.ro\\\/wp52\\\/cum-mi-am-activat-memorii-pe-care-le-credeam-de-mult-uitate-cu-ajutorul-unor-mirosuri-specifice\\\/#primaryimage\"},\"thumbnailUrl\":\"https:\\\/\\\/www.lovendal.ro\\\/wp52\\\/wp-content\\\/uploads\\\/2020\\\/03\\\/creier.jpg\",\"keywords\":[\"Boston\",\"clor\",\"creier\",\"memorie\",\"migdale\",\"miros\",\"neurologie\",\"revist\u0103\",\"\u015foareci\",\"Stiinta\",\"SUA\",\"universitate\"],\"articleSection\":[\"Stiinta\"],\"inLanguage\":\"ro-RO\"},{\"@type\":\"WebPage\",\"@id\":\"https:\\\/\\\/www.lovendal.ro\\\/wp52\\\/cum-mi-am-activat-memorii-pe-care-le-credeam-de-mult-uitate-cu-ajutorul-unor-mirosuri-specifice\\\/\",\"url\":\"https:\\\/\\\/www.lovendal.ro\\\/wp52\\\/cum-mi-am-activat-memorii-pe-care-le-credeam-de-mult-uitate-cu-ajutorul-unor-mirosuri-specifice\\\/\",\"name\":\"Cum mi-am activat memorii pe care le credeam de mult uitate cu ajutorul unor mirosuri specifice - Secretele lui Lovendal\",\"isPartOf\":{\"@id\":\"https:\\\/\\\/www.lovendal.ro\\\/wp52\\\/#website\"},\"primaryImageOfPage\":{\"@id\":\"https:\\\/\\\/www.lovendal.ro\\\/wp52\\\/cum-mi-am-activat-memorii-pe-care-le-credeam-de-mult-uitate-cu-ajutorul-unor-mirosuri-specifice\\\/#primaryimage\"},\"image\":{\"@id\":\"https:\\\/\\\/www.lovendal.ro\\\/wp52\\\/cum-mi-am-activat-memorii-pe-care-le-credeam-de-mult-uitate-cu-ajutorul-unor-mirosuri-specifice\\\/#primaryimage\"},\"thumbnailUrl\":\"https:\\\/\\\/www.lovendal.ro\\\/wp52\\\/wp-content\\\/uploads\\\/2020\\\/03\\\/creier.jpg\",\"datePublished\":\"2020-03-19T09:45:29+00:00\",\"breadcrumb\":{\"@id\":\"https:\\\/\\\/www.lovendal.ro\\\/wp52\\\/cum-mi-am-activat-memorii-pe-care-le-credeam-de-mult-uitate-cu-ajutorul-unor-mirosuri-specifice\\\/#breadcrumb\"},\"inLanguage\":\"ro-RO\",\"potentialAction\":[{\"@type\":\"ReadAction\",\"target\":[\"https:\\\/\\\/www.lovendal.ro\\\/wp52\\\/cum-mi-am-activat-memorii-pe-care-le-credeam-de-mult-uitate-cu-ajutorul-unor-mirosuri-specifice\\\/\"]}]},{\"@type\":\"ImageObject\",\"inLanguage\":\"ro-RO\",\"@id\":\"https:\\\/\\\/www.lovendal.ro\\\/wp52\\\/cum-mi-am-activat-memorii-pe-care-le-credeam-de-mult-uitate-cu-ajutorul-unor-mirosuri-specifice\\\/#primaryimage\",\"url\":\"https:\\\/\\\/www.lovendal.ro\\\/wp52\\\/wp-content\\\/uploads\\\/2020\\\/03\\\/creier.jpg\",\"contentUrl\":\"https:\\\/\\\/www.lovendal.ro\\\/wp52\\\/wp-content\\\/uploads\\\/2020\\\/03\\\/creier.jpg\",\"width\":355,\"height\":283},{\"@type\":\"BreadcrumbList\",\"@id\":\"https:\\\/\\\/www.lovendal.ro\\\/wp52\\\/cum-mi-am-activat-memorii-pe-care-le-credeam-de-mult-uitate-cu-ajutorul-unor-mirosuri-specifice\\\/#breadcrumb\",\"itemListElement\":[{\"@type\":\"ListItem\",\"position\":1,\"name\":\"Home\",\"item\":\"https:\\\/\\\/www.lovendal.ro\\\/wp52\\\/\"},{\"@type\":\"ListItem\",\"position\":2,\"name\":\"Cum mi-am activat memorii pe care le credeam de mult uitate cu ajutorul unor mirosuri specifice\"}]},{\"@type\":\"WebSite\",\"@id\":\"https:\\\/\\\/www.lovendal.ro\\\/wp52\\\/#website\",\"url\":\"https:\\\/\\\/www.lovendal.ro\\\/wp52\\\/\",\"name\":\"Secretele lui Lovendal\",\"description\":\"Site de secrete, stiinta si metafizica - din 2008 -\",\"publisher\":{\"@id\":\"https:\\\/\\\/www.lovendal.ro\\\/wp52\\\/#organization\"},\"potentialAction\":[{\"@type\":\"SearchAction\",\"target\":{\"@type\":\"EntryPoint\",\"urlTemplate\":\"https:\\\/\\\/www.lovendal.ro\\\/wp52\\\/?s={search_term_string}\"},\"query-input\":{\"@type\":\"PropertyValueSpecification\",\"valueRequired\":true,\"valueName\":\"search_term_string\"}}],\"inLanguage\":\"ro-RO\"},{\"@type\":\"Organization\",\"@id\":\"https:\\\/\\\/www.lovendal.ro\\\/wp52\\\/#organization\",\"name\":\"Secretele lui Lovendal\",\"url\":\"https:\\\/\\\/www.lovendal.ro\\\/wp52\\\/\",\"logo\":{\"@type\":\"ImageObject\",\"inLanguage\":\"ro-RO\",\"@id\":\"https:\\\/\\\/www.lovendal.ro\\\/wp52\\\/#\\\/schema\\\/logo\\\/image\\\/\",\"url\":\"https:\\\/\\\/www.lovendal.ro\\\/wp52\\\/wp-content\\\/uploads\\\/2024\\\/06\\\/cropped-SLL-iun-2024-1.jpg\",\"contentUrl\":\"https:\\\/\\\/www.lovendal.ro\\\/wp52\\\/wp-content\\\/uploads\\\/2024\\\/06\\\/cropped-SLL-iun-2024-1.jpg\",\"width\":771,\"height\":240,\"caption\":\"Secretele lui Lovendal\"},\"image\":{\"@id\":\"https:\\\/\\\/www.lovendal.ro\\\/wp52\\\/#\\\/schema\\\/logo\\\/image\\\/\"},\"sameAs\":[\"https:\\\/\\\/www.facebook.com\\\/secreteleluilovendal\"]},{\"@type\":\"Person\",\"@id\":\"https:\\\/\\\/www.lovendal.ro\\\/wp52\\\/#\\\/schema\\\/person\\\/088691de5dfc346bb0c023e1e52ef5d9\",\"name\":\"admin\",\"image\":{\"@type\":\"ImageObject\",\"inLanguage\":\"ro-RO\",\"@id\":\"https:\\\/\\\/secure.gravatar.com\\\/avatar\\\/ecb9cd41f5f63c9c9b989999a59f6e2639a865ec361e9db054db0679a8f341c2?s=96&d=mm&r=g\",\"url\":\"https:\\\/\\\/secure.gravatar.com\\\/avatar\\\/ecb9cd41f5f63c9c9b989999a59f6e2639a865ec361e9db054db0679a8f341c2?s=96&d=mm&r=g\",\"contentUrl\":\"https:\\\/\\\/secure.gravatar.com\\\/avatar\\\/ecb9cd41f5f63c9c9b989999a59f6e2639a865ec361e9db054db0679a8f341c2?s=96&d=mm&r=g\",\"caption\":\"admin\"},\"sameAs\":[\"https:\\\/\\\/www.lovendal.ro\\\/wp52\"]}]}<\/script>\n<!-- \/ Yoast SEO Premium plugin. -->","yoast_head_json":{"title":"Cum mi-am activat memorii pe care le credeam de mult uitate cu ajutorul unor mirosuri specifice - Secretele lui Lovendal","robots":{"index":"index","follow":"follow","max-snippet":"max-snippet:-1","max-image-preview":"max-image-preview:large","max-video-preview":"max-video-preview:-1"},"canonical":"https:\/\/www.lovendal.ro\/wp52\/cum-mi-am-activat-memorii-pe-care-le-credeam-de-mult-uitate-cu-ajutorul-unor-mirosuri-specifice\/","og_locale":"ro_RO","og_type":"article","og_title":"Cum mi-am activat memorii pe care le credeam de mult uitate cu ajutorul unor mirosuri specifice","og_description":"Totul s-a \u00eent\u00e2mplat acum c\u00e2\u0163iva ani. Am intrat \u00eentr-o cl\u0103dire cu ni\u015fte treburi; acolo, am sim\u0163it deodat\u0103 un miros ciudat (o combina\u0163ie \u00eentre clor \u015fi alte arome). Instantaneu, mintea mea a luat-o razna \u015fi am sim\u0163it c\u0103 &#8222;m-am teleportat&#8221; \u00een ... Cititi mai multe","og_url":"https:\/\/www.lovendal.ro\/wp52\/cum-mi-am-activat-memorii-pe-care-le-credeam-de-mult-uitate-cu-ajutorul-unor-mirosuri-specifice\/","og_site_name":"Secretele lui Lovendal","article_publisher":"https:\/\/www.facebook.com\/secreteleluilovendal","article_published_time":"2020-03-19T09:45:29+00:00","og_image":[{"width":355,"height":283,"url":"https:\/\/www.lovendal.ro\/wp52\/wp-content\/uploads\/2020\/03\/creier.jpg","type":"image\/jpeg"}],"author":"admin","twitter_card":"summary_large_image","twitter_misc":{"Scris de":"admin","Timp estimat pentru citire":"1 minut"},"schema":{"@context":"https:\/\/schema.org","@graph":[{"@type":"Article","@id":"https:\/\/www.lovendal.ro\/wp52\/cum-mi-am-activat-memorii-pe-care-le-credeam-de-mult-uitate-cu-ajutorul-unor-mirosuri-specifice\/#article","isPartOf":{"@id":"https:\/\/www.lovendal.ro\/wp52\/cum-mi-am-activat-memorii-pe-care-le-credeam-de-mult-uitate-cu-ajutorul-unor-mirosuri-specifice\/"},"author":{"name":"admin","@id":"https:\/\/www.lovendal.ro\/wp52\/#\/schema\/person\/088691de5dfc346bb0c023e1e52ef5d9"},"headline":"Cum mi-am activat memorii pe care le credeam de mult uitate cu ajutorul unor mirosuri specifice","datePublished":"2020-03-19T09:45:29+00:00","mainEntityOfPage":{"@id":"https:\/\/www.lovendal.ro\/wp52\/cum-mi-am-activat-memorii-pe-care-le-credeam-de-mult-uitate-cu-ajutorul-unor-mirosuri-specifice\/"},"wordCount":301,"publisher":{"@id":"https:\/\/www.lovendal.ro\/wp52\/#organization"},"image":{"@id":"https:\/\/www.lovendal.ro\/wp52\/cum-mi-am-activat-memorii-pe-care-le-credeam-de-mult-uitate-cu-ajutorul-unor-mirosuri-specifice\/#primaryimage"},"thumbnailUrl":"https:\/\/www.lovendal.ro\/wp52\/wp-content\/uploads\/2020\/03\/creier.jpg","keywords":["Boston","clor","creier","memorie","migdale","miros","neurologie","revist\u0103","\u015foareci","Stiinta","SUA","universitate"],"articleSection":["Stiinta"],"inLanguage":"ro-RO"},{"@type":"WebPage","@id":"https:\/\/www.lovendal.ro\/wp52\/cum-mi-am-activat-memorii-pe-care-le-credeam-de-mult-uitate-cu-ajutorul-unor-mirosuri-specifice\/","url":"https:\/\/www.lovendal.ro\/wp52\/cum-mi-am-activat-memorii-pe-care-le-credeam-de-mult-uitate-cu-ajutorul-unor-mirosuri-specifice\/","name":"Cum mi-am activat memorii pe care le credeam de mult uitate cu ajutorul unor mirosuri specifice - Secretele lui Lovendal","isPartOf":{"@id":"https:\/\/www.lovendal.ro\/wp52\/#website"},"primaryImageOfPage":{"@id":"https:\/\/www.lovendal.ro\/wp52\/cum-mi-am-activat-memorii-pe-care-le-credeam-de-mult-uitate-cu-ajutorul-unor-mirosuri-specifice\/#primaryimage"},"image":{"@id":"https:\/\/www.lovendal.ro\/wp52\/cum-mi-am-activat-memorii-pe-care-le-credeam-de-mult-uitate-cu-ajutorul-unor-mirosuri-specifice\/#primaryimage"},"thumbnailUrl":"https:\/\/www.lovendal.ro\/wp52\/wp-content\/uploads\/2020\/03\/creier.jpg","datePublished":"2020-03-19T09:45:29+00:00","breadcrumb":{"@id":"https:\/\/www.lovendal.ro\/wp52\/cum-mi-am-activat-memorii-pe-care-le-credeam-de-mult-uitate-cu-ajutorul-unor-mirosuri-specifice\/#breadcrumb"},"inLanguage":"ro-RO","potentialAction":[{"@type":"ReadAction","target":["https:\/\/www.lovendal.ro\/wp52\/cum-mi-am-activat-memorii-pe-care-le-credeam-de-mult-uitate-cu-ajutorul-unor-mirosuri-specifice\/"]}]},{"@type":"ImageObject","inLanguage":"ro-RO","@id":"https:\/\/www.lovendal.ro\/wp52\/cum-mi-am-activat-memorii-pe-care-le-credeam-de-mult-uitate-cu-ajutorul-unor-mirosuri-specifice\/#primaryimage","url":"https:\/\/www.lovendal.ro\/wp52\/wp-content\/uploads\/2020\/03\/creier.jpg","contentUrl":"https:\/\/www.lovendal.ro\/wp52\/wp-content\/uploads\/2020\/03\/creier.jpg","width":355,"height":283},{"@type":"BreadcrumbList","@id":"https:\/\/www.lovendal.ro\/wp52\/cum-mi-am-activat-memorii-pe-care-le-credeam-de-mult-uitate-cu-ajutorul-unor-mirosuri-specifice\/#breadcrumb","itemListElement":[{"@type":"ListItem","position":1,"name":"Home","item":"https:\/\/www.lovendal.ro\/wp52\/"},{"@type":"ListItem","position":2,"name":"Cum mi-am activat memorii pe care le credeam de mult uitate cu ajutorul unor mirosuri specifice"}]},{"@type":"WebSite","@id":"https:\/\/www.lovendal.ro\/wp52\/#website","url":"https:\/\/www.lovendal.ro\/wp52\/","name":"Secretele lui Lovendal","description":"Site de secrete, stiinta si metafizica - din 2008 -","publisher":{"@id":"https:\/\/www.lovendal.ro\/wp52\/#organization"},"potentialAction":[{"@type":"SearchAction","target":{"@type":"EntryPoint","urlTemplate":"https:\/\/www.lovendal.ro\/wp52\/?s={search_term_string}"},"query-input":{"@type":"PropertyValueSpecification","valueRequired":true,"valueName":"search_term_string"}}],"inLanguage":"ro-RO"},{"@type":"Organization","@id":"https:\/\/www.lovendal.ro\/wp52\/#organization","name":"Secretele lui Lovendal","url":"https:\/\/www.lovendal.ro\/wp52\/","logo":{"@type":"ImageObject","inLanguage":"ro-RO","@id":"https:\/\/www.lovendal.ro\/wp52\/#\/schema\/logo\/image\/","url":"https:\/\/www.lovendal.ro\/wp52\/wp-content\/uploads\/2024\/06\/cropped-SLL-iun-2024-1.jpg","contentUrl":"https:\/\/www.lovendal.ro\/wp52\/wp-content\/uploads\/2024\/06\/cropped-SLL-iun-2024-1.jpg","width":771,"height":240,"caption":"Secretele lui Lovendal"},"image":{"@id":"https:\/\/www.lovendal.ro\/wp52\/#\/schema\/logo\/image\/"},"sameAs":["https:\/\/www.facebook.com\/secreteleluilovendal"]},{"@type":"Person","@id":"https:\/\/www.lovendal.ro\/wp52\/#\/schema\/person\/088691de5dfc346bb0c023e1e52ef5d9","name":"admin","image":{"@type":"ImageObject","inLanguage":"ro-RO","@id":"https:\/\/secure.gravatar.com\/avatar\/ecb9cd41f5f63c9c9b989999a59f6e2639a865ec361e9db054db0679a8f341c2?s=96&d=mm&r=g","url":"https:\/\/secure.gravatar.com\/avatar\/ecb9cd41f5f63c9c9b989999a59f6e2639a865ec361e9db054db0679a8f341c2?s=96&d=mm&r=g","contentUrl":"https:\/\/secure.gravatar.com\/avatar\/ecb9cd41f5f63c9c9b989999a59f6e2639a865ec361e9db054db0679a8f341c2?s=96&d=mm&r=g","caption":"admin"},"sameAs":["https:\/\/www.lovendal.ro\/wp52"]}]}},"_links":{"self":[{"href":"https:\/\/www.lovendal.ro\/wp52\/wp-json\/wp\/v2\/posts\/67203","targetHints":{"allow":["GET"]}}],"collection":[{"href":"https:\/\/www.lovendal.ro\/wp52\/wp-json\/wp\/v2\/posts"}],"about":[{"href":"https:\/\/www.lovendal.ro\/wp52\/wp-json\/wp\/v2\/types\/post"}],"author":[{"embeddable":true,"href":"https:\/\/www.lovendal.ro\/wp52\/wp-json\/wp\/v2\/users\/1"}],"replies":[{"embeddable":true,"href":"https:\/\/www.lovendal.ro\/wp52\/wp-json\/wp\/v2\/comments?post=67203"}],"version-history":[{"count":0,"href":"https:\/\/www.lovendal.ro\/wp52\/wp-json\/wp\/v2\/posts\/67203\/revisions"}],"wp:featuredmedia":[{"embeddable":true,"href":"https:\/\/www.lovendal.ro\/wp52\/wp-json\/wp\/v2\/media\/67204"}],"wp:attachment":[{"href":"https:\/\/www.lovendal.ro\/wp52\/wp-json\/wp\/v2\/media?parent=67203"}],"wp:term":[{"taxonomy":"category","embeddable":true,"href":"https:\/\/www.lovendal.ro\/wp52\/wp-json\/wp\/v2\/categories?post=67203"},{"taxonomy":"post_tag","embeddable":true,"href":"https:\/\/www.lovendal.ro\/wp52\/wp-json\/wp\/v2\/tags?post=67203"}],"curies":[{"name":"wp","href":"https:\/\/api.w.org\/{rel}","templated":true}]}}