{"id":669,"date":"2008-10-15T01:43:47","date_gmt":"2008-10-14T21:43:47","guid":{"rendered":"http:\/\/www.lovendal.net\/wp52\/?p=669"},"modified":"2020-02-10T22:59:55","modified_gmt":"2020-02-10T20:59:55","slug":"la-6-ani-mozart-a-cerut-o-de-nevasta-pe-fiica-unei-imparatese","status":"publish","type":"post","link":"https:\/\/www.lovendal.ro\/wp52\/la-6-ani-mozart-a-cerut-o-de-nevasta-pe-fiica-unei-imparatese\/","title":{"rendered":"La 6 ani, Mozart a cerut-o de nevast\u0103 pe fiica unei \u00eemp\u0103r\u0103tese"},"content":{"rendered":"<p><a href=\"https:\/\/www.lovendal.ro\/wp52\/wp-content\/uploads\/2008\/10\/Mozart-copil.jpg\"><img loading=\"lazy\" decoding=\"async\" class=\"alignleft size-full wp-image-66555\" src=\"https:\/\/www.lovendal.ro\/wp52\/wp-content\/uploads\/2008\/10\/Mozart-copil.jpg\" alt=\"\" width=\"337\" height=\"244\" srcset=\"https:\/\/www.lovendal.ro\/wp52\/wp-content\/uploads\/2008\/10\/Mozart-copil.jpg 337w, https:\/\/www.lovendal.ro\/wp52\/wp-content\/uploads\/2008\/10\/Mozart-copil-300x217.jpg 300w, https:\/\/www.lovendal.ro\/wp52\/wp-content\/uploads\/2008\/10\/Mozart-copil-324x235.jpg 324w\" sizes=\"auto, (max-width: 337px) 100vw, 337px\" \/><\/a>Secolul al XVIII-lea, familia imperial\u0103 austriac\u0103 era pasionat\u0103 toat\u0103 muzic\u0103. Tat\u0103l Mariei Tereza, \u00eemp\u0103ratul Carol al VI-lea, era un excelent clavecinist \u015fi nu considera c\u0103 este sub demnitatea lui s\u0103 dirijeze orchestra Cur\u0163ii. Mariei Tereza \u00eei pl\u0103cea s\u0103 c\u00e2nte din gur\u0103. So\u0163ului s\u0103u, Francis, \u00eei pl\u0103cea vocea ei de contralto. Familia imperial\u0103 \u00eei \u00eencuraj\u0103 pe muzicieni. Maestrul de muzic\u0103 al Cur\u0163ii era Wagenseil, dar erau preferate lucr\u0103rile lui Haydn \u015fi Gluck.<\/p>\n<p>C\u00e2nd au auzit de un anume Mozart, un copil-minune din Salzburg, care a venit la Viena \u00een 1762, Maria Tereza l-a invitat la Hofburg. \u00cenconjura\u0163i de copiii lor, Maria Tereza \u015fi Francis l-au ascultat pe micul Mozart timp de 3 ore. Apoi au vorbit mult timp cu el \u015fi cu tat\u0103l lui despre muzic\u0103. P\u0103rin\u0163ii s-au dovedit deosebit de afabili: <em>&#8222;Am fost primi\u0163i cu at\u00e2tea favoruri de Maiest\u0103\u0163ile lor \u00eenc\u00e2t, dac\u0103 v-a\u015f povesti detaliat, relatarea mea ar fi considerat\u0103 un basm&#8221;<\/em>, scria tat\u0103l lui Mozart unuia dintre prietenii lui.<\/p>\n<p>\u00cen familia artistului se povestea cum micul pianist-minune a alunecat \u015fi a c\u0103zut pe parchetul foarte bine lustruit din salon \u015fi cum Maria Antoaneta (viitoarea regin\u0103 a Fran\u0163ei), cea mai mic\u0103 dintre arhiducese, care era exact de v\u00e2rsta lui, s-a repezit s\u0103-l ajute s\u0103 se ridice \u015fi l-a s\u0103rutat. <em>&#8222;E\u015fti foarte dr\u0103gu\u0163\u0103&#8221;<\/em>, i-a spus el, <em>&#8222;a\u015f vrea s\u0103 m\u0103 \u00eensor cu tine&#8221;.<\/em> &#8222;Ca semn de recuno\u015ftin\u0163a&#8221;, i-a r\u0103spuns el \u00eemp\u0103r\u0103tesei c\u00e2nd aceasta a r\u00e2s \u015fi l-a \u00eentrebat de ce vrea s\u0103 se \u00eensoare cu fiica ei.<\/p>\n<p>\u00cent\u00e2mplarea a fost povestit\u0103 de mai multe ori \u015fi, de\u015fi nu poate fi confirmat\u0103 cu documente, este foarte plauzibil\u0103. La Viena, abaterile de la protocol erau posibile \u015fi educa\u0163ia arhiducilor nu le \u00een\u0103bu\u015fise spontaneitatea.<\/p>\n","protected":false},"excerpt":{"rendered":"<p>Secolul al XVIII-lea, familia imperial\u0103 austriac\u0103 era pasionat\u0103 toat\u0103 muzic\u0103. Tat\u0103l Mariei Tereza, \u00eemp\u0103ratul Carol al VI-lea, era un excelent clavecinist \u015fi nu considera c\u0103 este sub demnitatea lui s\u0103 dirijeze orchestra Cur\u0163ii. Mariei Tereza \u00eei pl\u0103cea s\u0103 c\u00e2nte din &#8230; <\/p>\n<p class=\"read-more-container\"><a title=\"La 6 ani, Mozart a cerut-o de nevast\u0103 pe fiica unei \u00eemp\u0103r\u0103tese\" class=\"read-more button\" href=\"https:\/\/www.lovendal.ro\/wp52\/la-6-ani-mozart-a-cerut-o-de-nevasta-pe-fiica-unei-imparatese\/#more-669\" aria-label=\"Cite\u0219te mai multe despre La 6 ani, Mozart a cerut-o de nevast\u0103 pe fiica unei \u00eemp\u0103r\u0103tese\">Cititi mai multe<\/a><\/p>\n","protected":false},"author":1,"featured_media":66555,"comment_status":"open","ping_status":"closed","sticky":false,"template":"","format":"standard","meta":{"footnotes":""},"categories":[28],"tags":[9798,312,29,262],"class_list":["post-669","post","type-post","status-publish","format-standard","has-post-thumbnail","hentry","category-cultura","tag-cultura","tag-maria-tereza","tag-mozart","tag-muzica-simfonica","resize-featured-image"],"yoast_head":"<!-- This site is optimized with the Yoast SEO Premium plugin v23.3 (Yoast SEO v27.4) - https:\/\/yoast.com\/product\/yoast-seo-premium-wordpress\/ -->\n<title>La 6 ani, Mozart a cerut-o de nevast\u0103 pe fiica unei \u00eemp\u0103r\u0103tese - Secretele lui Lovendal<\/title>\n<meta name=\"robots\" content=\"index, follow, max-snippet:-1, max-image-preview:large, max-video-preview:-1\" \/>\n<link rel=\"canonical\" href=\"https:\/\/www.lovendal.ro\/wp52\/la-6-ani-mozart-a-cerut-o-de-nevasta-pe-fiica-unei-imparatese\/\" \/>\n<meta property=\"og:locale\" content=\"ro_RO\" \/>\n<meta property=\"og:type\" content=\"article\" \/>\n<meta property=\"og:title\" content=\"La 6 ani, Mozart a cerut-o de nevast\u0103 pe fiica unei \u00eemp\u0103r\u0103tese\" \/>\n<meta property=\"og:description\" content=\"Secolul al XVIII-lea, familia imperial\u0103 austriac\u0103 era pasionat\u0103 toat\u0103 muzic\u0103. Tat\u0103l Mariei Tereza, \u00eemp\u0103ratul Carol al VI-lea, era un excelent clavecinist \u015fi nu considera c\u0103 este sub demnitatea lui s\u0103 dirijeze orchestra Cur\u0163ii. Mariei Tereza \u00eei pl\u0103cea s\u0103 c\u00e2nte din ... Cititi mai multe\" \/>\n<meta property=\"og:url\" content=\"https:\/\/www.lovendal.ro\/wp52\/la-6-ani-mozart-a-cerut-o-de-nevasta-pe-fiica-unei-imparatese\/\" \/>\n<meta property=\"og:site_name\" content=\"Secretele lui Lovendal\" \/>\n<meta property=\"article:publisher\" content=\"https:\/\/www.facebook.com\/secreteleluilovendal\" \/>\n<meta property=\"article:published_time\" content=\"2008-10-14T21:43:47+00:00\" \/>\n<meta property=\"article:modified_time\" content=\"2020-02-10T20:59:55+00:00\" \/>\n<meta property=\"og:image\" content=\"https:\/\/www.lovendal.ro\/wp52\/wp-content\/uploads\/2008\/10\/Mozart-copil.jpg\" \/>\n\t<meta property=\"og:image:width\" content=\"337\" \/>\n\t<meta property=\"og:image:height\" content=\"244\" \/>\n\t<meta property=\"og:image:type\" content=\"image\/jpeg\" \/>\n<meta name=\"author\" content=\"admin\" \/>\n<meta name=\"twitter:card\" content=\"summary_large_image\" \/>\n<meta name=\"twitter:label1\" content=\"Scris de\" \/>\n\t<meta name=\"twitter:data1\" content=\"admin\" \/>\n\t<meta name=\"twitter:label2\" content=\"Timp estimat pentru citire\" \/>\n\t<meta name=\"twitter:data2\" content=\"2 minute\" \/>\n<script type=\"application\/ld+json\" class=\"yoast-schema-graph\">{\"@context\":\"https:\\\/\\\/schema.org\",\"@graph\":[{\"@type\":\"Article\",\"@id\":\"https:\\\/\\\/www.lovendal.ro\\\/wp52\\\/la-6-ani-mozart-a-cerut-o-de-nevasta-pe-fiica-unei-imparatese\\\/#article\",\"isPartOf\":{\"@id\":\"https:\\\/\\\/www.lovendal.ro\\\/wp52\\\/la-6-ani-mozart-a-cerut-o-de-nevasta-pe-fiica-unei-imparatese\\\/\"},\"author\":{\"name\":\"admin\",\"@id\":\"https:\\\/\\\/www.lovendal.ro\\\/wp52\\\/#\\\/schema\\\/person\\\/088691de5dfc346bb0c023e1e52ef5d9\"},\"headline\":\"La 6 ani, Mozart a cerut-o de nevast\u0103 pe fiica unei \u00eemp\u0103r\u0103tese\",\"datePublished\":\"2008-10-14T21:43:47+00:00\",\"dateModified\":\"2020-02-10T20:59:55+00:00\",\"mainEntityOfPage\":{\"@id\":\"https:\\\/\\\/www.lovendal.ro\\\/wp52\\\/la-6-ani-mozart-a-cerut-o-de-nevasta-pe-fiica-unei-imparatese\\\/\"},\"wordCount\":330,\"commentCount\":1,\"publisher\":{\"@id\":\"https:\\\/\\\/www.lovendal.ro\\\/wp52\\\/#organization\"},\"image\":{\"@id\":\"https:\\\/\\\/www.lovendal.ro\\\/wp52\\\/la-6-ani-mozart-a-cerut-o-de-nevasta-pe-fiica-unei-imparatese\\\/#primaryimage\"},\"thumbnailUrl\":\"https:\\\/\\\/www.lovendal.ro\\\/wp52\\\/wp-content\\\/uploads\\\/2008\\\/10\\\/Mozart-copil.jpg\",\"keywords\":[\"Cultura\",\"Maria Tereza\",\"Mozart\",\"muzic\u0103 simfonic\u0103\"],\"articleSection\":[\"Cultura\"],\"inLanguage\":\"ro-RO\",\"potentialAction\":[{\"@type\":\"CommentAction\",\"name\":\"Comment\",\"target\":[\"https:\\\/\\\/www.lovendal.ro\\\/wp52\\\/la-6-ani-mozart-a-cerut-o-de-nevasta-pe-fiica-unei-imparatese\\\/#respond\"]}]},{\"@type\":\"WebPage\",\"@id\":\"https:\\\/\\\/www.lovendal.ro\\\/wp52\\\/la-6-ani-mozart-a-cerut-o-de-nevasta-pe-fiica-unei-imparatese\\\/\",\"url\":\"https:\\\/\\\/www.lovendal.ro\\\/wp52\\\/la-6-ani-mozart-a-cerut-o-de-nevasta-pe-fiica-unei-imparatese\\\/\",\"name\":\"La 6 ani, Mozart a cerut-o de nevast\u0103 pe fiica unei \u00eemp\u0103r\u0103tese - Secretele lui Lovendal\",\"isPartOf\":{\"@id\":\"https:\\\/\\\/www.lovendal.ro\\\/wp52\\\/#website\"},\"primaryImageOfPage\":{\"@id\":\"https:\\\/\\\/www.lovendal.ro\\\/wp52\\\/la-6-ani-mozart-a-cerut-o-de-nevasta-pe-fiica-unei-imparatese\\\/#primaryimage\"},\"image\":{\"@id\":\"https:\\\/\\\/www.lovendal.ro\\\/wp52\\\/la-6-ani-mozart-a-cerut-o-de-nevasta-pe-fiica-unei-imparatese\\\/#primaryimage\"},\"thumbnailUrl\":\"https:\\\/\\\/www.lovendal.ro\\\/wp52\\\/wp-content\\\/uploads\\\/2008\\\/10\\\/Mozart-copil.jpg\",\"datePublished\":\"2008-10-14T21:43:47+00:00\",\"dateModified\":\"2020-02-10T20:59:55+00:00\",\"breadcrumb\":{\"@id\":\"https:\\\/\\\/www.lovendal.ro\\\/wp52\\\/la-6-ani-mozart-a-cerut-o-de-nevasta-pe-fiica-unei-imparatese\\\/#breadcrumb\"},\"inLanguage\":\"ro-RO\",\"potentialAction\":[{\"@type\":\"ReadAction\",\"target\":[\"https:\\\/\\\/www.lovendal.ro\\\/wp52\\\/la-6-ani-mozart-a-cerut-o-de-nevasta-pe-fiica-unei-imparatese\\\/\"]}]},{\"@type\":\"ImageObject\",\"inLanguage\":\"ro-RO\",\"@id\":\"https:\\\/\\\/www.lovendal.ro\\\/wp52\\\/la-6-ani-mozart-a-cerut-o-de-nevasta-pe-fiica-unei-imparatese\\\/#primaryimage\",\"url\":\"https:\\\/\\\/www.lovendal.ro\\\/wp52\\\/wp-content\\\/uploads\\\/2008\\\/10\\\/Mozart-copil.jpg\",\"contentUrl\":\"https:\\\/\\\/www.lovendal.ro\\\/wp52\\\/wp-content\\\/uploads\\\/2008\\\/10\\\/Mozart-copil.jpg\",\"width\":337,\"height\":244},{\"@type\":\"BreadcrumbList\",\"@id\":\"https:\\\/\\\/www.lovendal.ro\\\/wp52\\\/la-6-ani-mozart-a-cerut-o-de-nevasta-pe-fiica-unei-imparatese\\\/#breadcrumb\",\"itemListElement\":[{\"@type\":\"ListItem\",\"position\":1,\"name\":\"Home\",\"item\":\"https:\\\/\\\/www.lovendal.ro\\\/wp52\\\/\"},{\"@type\":\"ListItem\",\"position\":2,\"name\":\"La 6 ani, Mozart a cerut-o de nevast\u0103 pe fiica unei \u00eemp\u0103r\u0103tese\"}]},{\"@type\":\"WebSite\",\"@id\":\"https:\\\/\\\/www.lovendal.ro\\\/wp52\\\/#website\",\"url\":\"https:\\\/\\\/www.lovendal.ro\\\/wp52\\\/\",\"name\":\"Secretele lui Lovendal\",\"description\":\"Site de secrete, stiinta si metafizica - din 2008 -\",\"publisher\":{\"@id\":\"https:\\\/\\\/www.lovendal.ro\\\/wp52\\\/#organization\"},\"potentialAction\":[{\"@type\":\"SearchAction\",\"target\":{\"@type\":\"EntryPoint\",\"urlTemplate\":\"https:\\\/\\\/www.lovendal.ro\\\/wp52\\\/?s={search_term_string}\"},\"query-input\":{\"@type\":\"PropertyValueSpecification\",\"valueRequired\":true,\"valueName\":\"search_term_string\"}}],\"inLanguage\":\"ro-RO\"},{\"@type\":\"Organization\",\"@id\":\"https:\\\/\\\/www.lovendal.ro\\\/wp52\\\/#organization\",\"name\":\"Secretele lui Lovendal\",\"url\":\"https:\\\/\\\/www.lovendal.ro\\\/wp52\\\/\",\"logo\":{\"@type\":\"ImageObject\",\"inLanguage\":\"ro-RO\",\"@id\":\"https:\\\/\\\/www.lovendal.ro\\\/wp52\\\/#\\\/schema\\\/logo\\\/image\\\/\",\"url\":\"https:\\\/\\\/www.lovendal.ro\\\/wp52\\\/wp-content\\\/uploads\\\/2024\\\/06\\\/cropped-SLL-iun-2024-1.jpg\",\"contentUrl\":\"https:\\\/\\\/www.lovendal.ro\\\/wp52\\\/wp-content\\\/uploads\\\/2024\\\/06\\\/cropped-SLL-iun-2024-1.jpg\",\"width\":771,\"height\":240,\"caption\":\"Secretele lui Lovendal\"},\"image\":{\"@id\":\"https:\\\/\\\/www.lovendal.ro\\\/wp52\\\/#\\\/schema\\\/logo\\\/image\\\/\"},\"sameAs\":[\"https:\\\/\\\/www.facebook.com\\\/secreteleluilovendal\"]},{\"@type\":\"Person\",\"@id\":\"https:\\\/\\\/www.lovendal.ro\\\/wp52\\\/#\\\/schema\\\/person\\\/088691de5dfc346bb0c023e1e52ef5d9\",\"name\":\"admin\",\"image\":{\"@type\":\"ImageObject\",\"inLanguage\":\"ro-RO\",\"@id\":\"https:\\\/\\\/secure.gravatar.com\\\/avatar\\\/ecb9cd41f5f63c9c9b989999a59f6e2639a865ec361e9db054db0679a8f341c2?s=96&d=mm&r=g\",\"url\":\"https:\\\/\\\/secure.gravatar.com\\\/avatar\\\/ecb9cd41f5f63c9c9b989999a59f6e2639a865ec361e9db054db0679a8f341c2?s=96&d=mm&r=g\",\"contentUrl\":\"https:\\\/\\\/secure.gravatar.com\\\/avatar\\\/ecb9cd41f5f63c9c9b989999a59f6e2639a865ec361e9db054db0679a8f341c2?s=96&d=mm&r=g\",\"caption\":\"admin\"},\"sameAs\":[\"https:\\\/\\\/www.lovendal.ro\\\/wp52\"]}]}<\/script>\n<!-- \/ Yoast SEO Premium plugin. -->","yoast_head_json":{"title":"La 6 ani, Mozart a cerut-o de nevast\u0103 pe fiica unei \u00eemp\u0103r\u0103tese - Secretele lui Lovendal","robots":{"index":"index","follow":"follow","max-snippet":"max-snippet:-1","max-image-preview":"max-image-preview:large","max-video-preview":"max-video-preview:-1"},"canonical":"https:\/\/www.lovendal.ro\/wp52\/la-6-ani-mozart-a-cerut-o-de-nevasta-pe-fiica-unei-imparatese\/","og_locale":"ro_RO","og_type":"article","og_title":"La 6 ani, Mozart a cerut-o de nevast\u0103 pe fiica unei \u00eemp\u0103r\u0103tese","og_description":"Secolul al XVIII-lea, familia imperial\u0103 austriac\u0103 era pasionat\u0103 toat\u0103 muzic\u0103. Tat\u0103l Mariei Tereza, \u00eemp\u0103ratul Carol al VI-lea, era un excelent clavecinist \u015fi nu considera c\u0103 este sub demnitatea lui s\u0103 dirijeze orchestra Cur\u0163ii. Mariei Tereza \u00eei pl\u0103cea s\u0103 c\u00e2nte din ... Cititi mai multe","og_url":"https:\/\/www.lovendal.ro\/wp52\/la-6-ani-mozart-a-cerut-o-de-nevasta-pe-fiica-unei-imparatese\/","og_site_name":"Secretele lui Lovendal","article_publisher":"https:\/\/www.facebook.com\/secreteleluilovendal","article_published_time":"2008-10-14T21:43:47+00:00","article_modified_time":"2020-02-10T20:59:55+00:00","og_image":[{"width":337,"height":244,"url":"https:\/\/www.lovendal.ro\/wp52\/wp-content\/uploads\/2008\/10\/Mozart-copil.jpg","type":"image\/jpeg"}],"author":"admin","twitter_card":"summary_large_image","twitter_misc":{"Scris de":"admin","Timp estimat pentru citire":"2 minute"},"schema":{"@context":"https:\/\/schema.org","@graph":[{"@type":"Article","@id":"https:\/\/www.lovendal.ro\/wp52\/la-6-ani-mozart-a-cerut-o-de-nevasta-pe-fiica-unei-imparatese\/#article","isPartOf":{"@id":"https:\/\/www.lovendal.ro\/wp52\/la-6-ani-mozart-a-cerut-o-de-nevasta-pe-fiica-unei-imparatese\/"},"author":{"name":"admin","@id":"https:\/\/www.lovendal.ro\/wp52\/#\/schema\/person\/088691de5dfc346bb0c023e1e52ef5d9"},"headline":"La 6 ani, Mozart a cerut-o de nevast\u0103 pe fiica unei \u00eemp\u0103r\u0103tese","datePublished":"2008-10-14T21:43:47+00:00","dateModified":"2020-02-10T20:59:55+00:00","mainEntityOfPage":{"@id":"https:\/\/www.lovendal.ro\/wp52\/la-6-ani-mozart-a-cerut-o-de-nevasta-pe-fiica-unei-imparatese\/"},"wordCount":330,"commentCount":1,"publisher":{"@id":"https:\/\/www.lovendal.ro\/wp52\/#organization"},"image":{"@id":"https:\/\/www.lovendal.ro\/wp52\/la-6-ani-mozart-a-cerut-o-de-nevasta-pe-fiica-unei-imparatese\/#primaryimage"},"thumbnailUrl":"https:\/\/www.lovendal.ro\/wp52\/wp-content\/uploads\/2008\/10\/Mozart-copil.jpg","keywords":["Cultura","Maria Tereza","Mozart","muzic\u0103 simfonic\u0103"],"articleSection":["Cultura"],"inLanguage":"ro-RO","potentialAction":[{"@type":"CommentAction","name":"Comment","target":["https:\/\/www.lovendal.ro\/wp52\/la-6-ani-mozart-a-cerut-o-de-nevasta-pe-fiica-unei-imparatese\/#respond"]}]},{"@type":"WebPage","@id":"https:\/\/www.lovendal.ro\/wp52\/la-6-ani-mozart-a-cerut-o-de-nevasta-pe-fiica-unei-imparatese\/","url":"https:\/\/www.lovendal.ro\/wp52\/la-6-ani-mozart-a-cerut-o-de-nevasta-pe-fiica-unei-imparatese\/","name":"La 6 ani, Mozart a cerut-o de nevast\u0103 pe fiica unei \u00eemp\u0103r\u0103tese - Secretele lui Lovendal","isPartOf":{"@id":"https:\/\/www.lovendal.ro\/wp52\/#website"},"primaryImageOfPage":{"@id":"https:\/\/www.lovendal.ro\/wp52\/la-6-ani-mozart-a-cerut-o-de-nevasta-pe-fiica-unei-imparatese\/#primaryimage"},"image":{"@id":"https:\/\/www.lovendal.ro\/wp52\/la-6-ani-mozart-a-cerut-o-de-nevasta-pe-fiica-unei-imparatese\/#primaryimage"},"thumbnailUrl":"https:\/\/www.lovendal.ro\/wp52\/wp-content\/uploads\/2008\/10\/Mozart-copil.jpg","datePublished":"2008-10-14T21:43:47+00:00","dateModified":"2020-02-10T20:59:55+00:00","breadcrumb":{"@id":"https:\/\/www.lovendal.ro\/wp52\/la-6-ani-mozart-a-cerut-o-de-nevasta-pe-fiica-unei-imparatese\/#breadcrumb"},"inLanguage":"ro-RO","potentialAction":[{"@type":"ReadAction","target":["https:\/\/www.lovendal.ro\/wp52\/la-6-ani-mozart-a-cerut-o-de-nevasta-pe-fiica-unei-imparatese\/"]}]},{"@type":"ImageObject","inLanguage":"ro-RO","@id":"https:\/\/www.lovendal.ro\/wp52\/la-6-ani-mozart-a-cerut-o-de-nevasta-pe-fiica-unei-imparatese\/#primaryimage","url":"https:\/\/www.lovendal.ro\/wp52\/wp-content\/uploads\/2008\/10\/Mozart-copil.jpg","contentUrl":"https:\/\/www.lovendal.ro\/wp52\/wp-content\/uploads\/2008\/10\/Mozart-copil.jpg","width":337,"height":244},{"@type":"BreadcrumbList","@id":"https:\/\/www.lovendal.ro\/wp52\/la-6-ani-mozart-a-cerut-o-de-nevasta-pe-fiica-unei-imparatese\/#breadcrumb","itemListElement":[{"@type":"ListItem","position":1,"name":"Home","item":"https:\/\/www.lovendal.ro\/wp52\/"},{"@type":"ListItem","position":2,"name":"La 6 ani, Mozart a cerut-o de nevast\u0103 pe fiica unei \u00eemp\u0103r\u0103tese"}]},{"@type":"WebSite","@id":"https:\/\/www.lovendal.ro\/wp52\/#website","url":"https:\/\/www.lovendal.ro\/wp52\/","name":"Secretele lui Lovendal","description":"Site de secrete, stiinta si metafizica - din 2008 -","publisher":{"@id":"https:\/\/www.lovendal.ro\/wp52\/#organization"},"potentialAction":[{"@type":"SearchAction","target":{"@type":"EntryPoint","urlTemplate":"https:\/\/www.lovendal.ro\/wp52\/?s={search_term_string}"},"query-input":{"@type":"PropertyValueSpecification","valueRequired":true,"valueName":"search_term_string"}}],"inLanguage":"ro-RO"},{"@type":"Organization","@id":"https:\/\/www.lovendal.ro\/wp52\/#organization","name":"Secretele lui Lovendal","url":"https:\/\/www.lovendal.ro\/wp52\/","logo":{"@type":"ImageObject","inLanguage":"ro-RO","@id":"https:\/\/www.lovendal.ro\/wp52\/#\/schema\/logo\/image\/","url":"https:\/\/www.lovendal.ro\/wp52\/wp-content\/uploads\/2024\/06\/cropped-SLL-iun-2024-1.jpg","contentUrl":"https:\/\/www.lovendal.ro\/wp52\/wp-content\/uploads\/2024\/06\/cropped-SLL-iun-2024-1.jpg","width":771,"height":240,"caption":"Secretele lui Lovendal"},"image":{"@id":"https:\/\/www.lovendal.ro\/wp52\/#\/schema\/logo\/image\/"},"sameAs":["https:\/\/www.facebook.com\/secreteleluilovendal"]},{"@type":"Person","@id":"https:\/\/www.lovendal.ro\/wp52\/#\/schema\/person\/088691de5dfc346bb0c023e1e52ef5d9","name":"admin","image":{"@type":"ImageObject","inLanguage":"ro-RO","@id":"https:\/\/secure.gravatar.com\/avatar\/ecb9cd41f5f63c9c9b989999a59f6e2639a865ec361e9db054db0679a8f341c2?s=96&d=mm&r=g","url":"https:\/\/secure.gravatar.com\/avatar\/ecb9cd41f5f63c9c9b989999a59f6e2639a865ec361e9db054db0679a8f341c2?s=96&d=mm&r=g","contentUrl":"https:\/\/secure.gravatar.com\/avatar\/ecb9cd41f5f63c9c9b989999a59f6e2639a865ec361e9db054db0679a8f341c2?s=96&d=mm&r=g","caption":"admin"},"sameAs":["https:\/\/www.lovendal.ro\/wp52"]}]}},"_links":{"self":[{"href":"https:\/\/www.lovendal.ro\/wp52\/wp-json\/wp\/v2\/posts\/669","targetHints":{"allow":["GET"]}}],"collection":[{"href":"https:\/\/www.lovendal.ro\/wp52\/wp-json\/wp\/v2\/posts"}],"about":[{"href":"https:\/\/www.lovendal.ro\/wp52\/wp-json\/wp\/v2\/types\/post"}],"author":[{"embeddable":true,"href":"https:\/\/www.lovendal.ro\/wp52\/wp-json\/wp\/v2\/users\/1"}],"replies":[{"embeddable":true,"href":"https:\/\/www.lovendal.ro\/wp52\/wp-json\/wp\/v2\/comments?post=669"}],"version-history":[{"count":0,"href":"https:\/\/www.lovendal.ro\/wp52\/wp-json\/wp\/v2\/posts\/669\/revisions"}],"wp:featuredmedia":[{"embeddable":true,"href":"https:\/\/www.lovendal.ro\/wp52\/wp-json\/wp\/v2\/media\/66555"}],"wp:attachment":[{"href":"https:\/\/www.lovendal.ro\/wp52\/wp-json\/wp\/v2\/media?parent=669"}],"wp:term":[{"taxonomy":"category","embeddable":true,"href":"https:\/\/www.lovendal.ro\/wp52\/wp-json\/wp\/v2\/categories?post=669"},{"taxonomy":"post_tag","embeddable":true,"href":"https:\/\/www.lovendal.ro\/wp52\/wp-json\/wp\/v2\/tags?post=669"}],"curies":[{"name":"wp","href":"https:\/\/api.w.org\/{rel}","templated":true}]}}