{"id":6664,"date":"2009-08-05T09:39:33","date_gmt":"2009-08-05T06:39:33","guid":{"rendered":"http:\/\/www.lovendal.net\/wp52\/?p=6664"},"modified":"2017-04-21T10:29:21","modified_gmt":"2017-04-21T07:29:21","slug":"conspiratia-razelor-ultraviolete-radiatia-solara-nu-e-daunatoare-sanatatii","status":"publish","type":"post","link":"https:\/\/www.lovendal.ro\/wp52\/conspiratia-razelor-ultraviolete-radiatia-solara-nu-e-daunatoare-sanatatii\/","title":{"rendered":"Conspira\u0163ia razelor ultraviolete: radia\u0163ia solar\u0103 nu e d\u0103un\u0103toare s\u0103n\u0103t\u0103\u0163ii!"},"content":{"rendered":"<p><a href=\"https:\/\/www.lovendal.ro\/wp52\/wp-content\/uploads\/2009\/08\/radiatia-solara.jpg\"><img loading=\"lazy\" decoding=\"async\" class=\"alignleft size-full wp-image-49644\" src=\"https:\/\/www.lovendal.ro\/wp52\/wp-content\/uploads\/2009\/08\/radiatia-solara.jpg\" alt=\"\" width=\"332\" height=\"277\" srcset=\"https:\/\/www.lovendal.ro\/wp52\/wp-content\/uploads\/2009\/08\/radiatia-solara.jpg 332w, https:\/\/www.lovendal.ro\/wp52\/wp-content\/uploads\/2009\/08\/radiatia-solara-300x250.jpg 300w\" sizes=\"auto, (max-width: 332px) 100vw, 332px\" \/><\/a>De c\u00e2te ori vi s-a spus s\u0103 v\u0103 da\u0163i cu creme de protec\u0163ie solar\u0103 \u00een zilele c\u00e2nd soarele arde foarte puternic? Dac\u0103 a\u0163i fi american, conform unei statistici a Institutului Federal de Statistic\u0103, p\u00e2n\u0103 la \u00eemplinirea v\u00e2rstei de 21 ani, vi s-a repetat acest lucru, numai pu\u0163in de&#8230;8.463 de ori! \u015ei de ce? Pentru c\u0103 vi s-a indus ideea c\u0103 radia\u0163ia ultraviolet\u0103 este d\u0103un\u0103toare s\u0103n\u0103t\u0103\u0163ii dvs., dar singurul lucru pe care radia\u0163ia ultraviolet\u0103 o afecteaz\u0103 este doar portofelul dvs.<\/p>\n<p>Conform cercet\u0103torilor \u015ftiin\u0163ifici Dr. Matthew Kingston-Brown \u015fi Dr. Harold Schafferton, radia\u0163ia ultraviolet\u0103 nu este deloc d\u0103un\u0103toare. De fapt, ea este esen\u0163ial\u0103 pentru starea de s\u0103n\u0103tate a omului. <em>&#8222;Radia\u0163ia ultraviolet\u0103 nu este deloc demonul pe care l-au portretizat agen\u0163iile guvernamentale de s\u0103n\u0103tate \u015fi mass-media&#8221;<\/em>, afirm\u0103 Dr. Kingston-Brown.<em> &#8222;Corpul dvs. trebuie s\u0103 absoarb\u0103 o cantitate mare de ultraviolete pentru a men\u0163ine pielea \u00eentr-o stare corespunz\u0103toare, prin care s\u0103 resping\u0103 infec\u0163iile \u015fi s\u0103 ajute la refacerea celulelor dermale&#8221;<\/em>. Dr. Schafferton explic\u0103, de asemenea: <em>&#8222;Arsura produs\u0103 de soare nu este un semn grav de distrugere a pielii. Dac\u0103 m\u0103n\u00e2nci prea mult zah\u0103r, devii hiperglicemic, dac\u0103 bei prea mult vin, devii beat. La fel, dac\u0103 absorbi prea multe ultraviolete, veai avea parte de o arsur\u0103 dureroas\u0103 de soare, dar lucrul acesta nu cauzeaz\u0103 cancer de piele! Acest cancer e rezultatul polu\u0103rii aerului \u015fi al&#8230;cremelor de protec\u0163ie solar\u0103!&#8221;<\/em><\/p>\n<p>Cei doi doctori afirm\u0103 c\u0103 au descoperit un adev\u0103rat complot prin care oamenilor le este indus\u0103 ideea c\u0103 ultravioletele sunt d\u0103un\u0103toare.<em> &#8222;Dac\u0103 crezi c\u0103 ultravioletele \u00ee\u0163i vor da cancer, atunci te vei duce s\u0103 cumperi produse pentru a te proteja de el. E o adev\u0103rat\u0103 conspira\u0163ie realizat\u0103 foarte inteligent&#8221;,<\/em> afirm\u0103 Dr. Kingston-Brown. A\u015fadar, oamenii sunt convin\u015fi c\u00e2t de d\u0103un\u0103toare le sunt razele ultraviolete \u015fi \u00ee\u015fi vor cump\u0103ra produsele de protec\u0163ie solar\u0103. Dar aceste creme de protec\u0163ie au diferite chimicale \u00een ele, care le fac s\u0103 fie nu doar d\u0103un\u0103toare s\u0103n\u0103t\u0103\u0163ii pielii, dar mai \u015fi creeaz\u0103 o anumit\u0103 dependen\u0163\u0103 \u00een folosirea lor.<\/p>\n<p>Oamenii vor continua s\u0103 cumpere creme de protec\u0163ie solar\u0103 \u00een timpul lunilor de var\u0103 p\u00e2n\u0103 iarna. \u00cen timpul lunilor friguroase, oamenii nu ies at\u00e2t de mult afar\u0103, a\u015fa c\u0103 renun\u0163\u0103 \u00een a mai folosi aceste creme. Atunci, \u00eens\u0103 ei vor cump\u0103ra medicamente \u00eempotriva gripei \u015fi r\u0103celii. Produse de acelea\u015fi companii care fabric\u0103 cremel de protec\u0163ie solar\u0103. Dar, precum se \u015ftie nu exist\u0103 niciun medicament eficient \u00eempotriva gripei \u015fi r\u0103celii. Dar marile companii farmaceutice \u015fi de cosmetice vor ca oamenii s\u0103 le cumpere produsele, indiferent de c\u00e2t de &#8222;bune&#8221; sau nu ar fi ceea ce ofer\u0103.<em> &#8222;Noi <\/em>(Dr. Kingston-Brown \u015fi Dr. Schafferton) <em>suntem foarte \u00eengrijora\u0163i cu privire la aceast\u0103 conspira\u0163ie care se perpetueaz\u0103 de mult timp, dar ce putem face noi? Nu suntem dec\u00e2t doi oameni de \u015ftiin\u0163\u0103 care vrem s\u0103 alert\u0103m oamenii asupra riscului prin care se expun folosind aceste produse&#8221;.<\/em><\/p>\n<p>Concluzia final\u0103: NU FOLOSI\u0162I CREME DE PROTEC\u0162IE SOLAR\u0102!<\/p>\n","protected":false},"excerpt":{"rendered":"<p>De c\u00e2te ori vi s-a spus s\u0103 v\u0103 da\u0163i cu creme de protec\u0163ie solar\u0103 \u00een zilele c\u00e2nd soarele arde foarte puternic? Dac\u0103 a\u0163i fi american, conform unei statistici a Institutului Federal de Statistic\u0103, p\u00e2n\u0103 la \u00eemplinirea v\u00e2rstei de 21 ani, &#8230; <\/p>\n<p class=\"read-more-container\"><a title=\"Conspira\u0163ia razelor ultraviolete: radia\u0163ia solar\u0103 nu e d\u0103un\u0103toare s\u0103n\u0103t\u0103\u0163ii!\" class=\"read-more button\" href=\"https:\/\/www.lovendal.ro\/wp52\/conspiratia-razelor-ultraviolete-radiatia-solara-nu-e-daunatoare-sanatatii\/#more-6664\" aria-label=\"Cite\u0219te mai multe despre Conspira\u0163ia razelor ultraviolete: radia\u0163ia solar\u0103 nu e d\u0103un\u0103toare s\u0103n\u0103t\u0103\u0163ii!\">Cititi mai multe<\/a><\/p>\n","protected":false},"author":1,"featured_media":49644,"comment_status":"open","ping_status":"closed","sticky":false,"template":"","format":"standard","meta":{"footnotes":""},"categories":[475],"tags":[358,1953,865,1954],"class_list":["post-6664","post","type-post","status-publish","format-standard","has-post-thumbnail","hentry","category-conspiratii-mistere","tag-conspiratii-si-mistere","tag-piele","tag-soare","tag-ultraviolete","resize-featured-image"],"yoast_head":"<!-- This site is optimized with the Yoast SEO Premium plugin v23.3 (Yoast SEO v27.4) - https:\/\/yoast.com\/product\/yoast-seo-premium-wordpress\/ -->\n<title>Conspira\u0163ia razelor ultraviolete: radia\u0163ia solar\u0103 nu e d\u0103un\u0103toare s\u0103n\u0103t\u0103\u0163ii! - Secretele lui Lovendal<\/title>\n<meta name=\"robots\" content=\"index, follow, max-snippet:-1, max-image-preview:large, max-video-preview:-1\" \/>\n<link rel=\"canonical\" href=\"https:\/\/www.lovendal.ro\/wp52\/conspiratia-razelor-ultraviolete-radiatia-solara-nu-e-daunatoare-sanatatii\/\" \/>\n<meta property=\"og:locale\" content=\"ro_RO\" \/>\n<meta property=\"og:type\" content=\"article\" \/>\n<meta property=\"og:title\" content=\"Conspira\u0163ia razelor ultraviolete: radia\u0163ia solar\u0103 nu e d\u0103un\u0103toare s\u0103n\u0103t\u0103\u0163ii!\" \/>\n<meta property=\"og:description\" content=\"De c\u00e2te ori vi s-a spus s\u0103 v\u0103 da\u0163i cu creme de protec\u0163ie solar\u0103 \u00een zilele c\u00e2nd soarele arde foarte puternic? Dac\u0103 a\u0163i fi american, conform unei statistici a Institutului Federal de Statistic\u0103, p\u00e2n\u0103 la \u00eemplinirea v\u00e2rstei de 21 ani, ... Cititi mai multe\" \/>\n<meta property=\"og:url\" content=\"https:\/\/www.lovendal.ro\/wp52\/conspiratia-razelor-ultraviolete-radiatia-solara-nu-e-daunatoare-sanatatii\/\" \/>\n<meta property=\"og:site_name\" content=\"Secretele lui Lovendal\" \/>\n<meta property=\"article:publisher\" content=\"https:\/\/www.facebook.com\/secreteleluilovendal\" \/>\n<meta property=\"article:published_time\" content=\"2009-08-05T06:39:33+00:00\" \/>\n<meta property=\"article:modified_time\" content=\"2017-04-21T07:29:21+00:00\" \/>\n<meta property=\"og:image\" content=\"https:\/\/www.lovendal.ro\/wp52\/wp-content\/uploads\/2009\/08\/radiatia-solara.jpg\" \/>\n\t<meta property=\"og:image:width\" content=\"332\" \/>\n\t<meta property=\"og:image:height\" content=\"277\" \/>\n\t<meta property=\"og:image:type\" content=\"image\/jpeg\" \/>\n<meta name=\"author\" content=\"admin\" \/>\n<meta name=\"twitter:card\" content=\"summary_large_image\" \/>\n<meta name=\"twitter:label1\" content=\"Scris de\" \/>\n\t<meta name=\"twitter:data1\" content=\"admin\" \/>\n\t<meta name=\"twitter:label2\" content=\"Timp estimat pentru citire\" \/>\n\t<meta name=\"twitter:data2\" content=\"3 minute\" \/>\n<script type=\"application\/ld+json\" class=\"yoast-schema-graph\">{\"@context\":\"https:\\\/\\\/schema.org\",\"@graph\":[{\"@type\":\"Article\",\"@id\":\"https:\\\/\\\/www.lovendal.ro\\\/wp52\\\/conspiratia-razelor-ultraviolete-radiatia-solara-nu-e-daunatoare-sanatatii\\\/#article\",\"isPartOf\":{\"@id\":\"https:\\\/\\\/www.lovendal.ro\\\/wp52\\\/conspiratia-razelor-ultraviolete-radiatia-solara-nu-e-daunatoare-sanatatii\\\/\"},\"author\":{\"name\":\"admin\",\"@id\":\"https:\\\/\\\/www.lovendal.ro\\\/wp52\\\/#\\\/schema\\\/person\\\/088691de5dfc346bb0c023e1e52ef5d9\"},\"headline\":\"Conspira\u0163ia razelor ultraviolete: radia\u0163ia solar\u0103 nu e d\u0103un\u0103toare s\u0103n\u0103t\u0103\u0163ii!\",\"datePublished\":\"2009-08-05T06:39:33+00:00\",\"dateModified\":\"2017-04-21T07:29:21+00:00\",\"mainEntityOfPage\":{\"@id\":\"https:\\\/\\\/www.lovendal.ro\\\/wp52\\\/conspiratia-razelor-ultraviolete-radiatia-solara-nu-e-daunatoare-sanatatii\\\/\"},\"wordCount\":556,\"commentCount\":13,\"publisher\":{\"@id\":\"https:\\\/\\\/www.lovendal.ro\\\/wp52\\\/#organization\"},\"image\":{\"@id\":\"https:\\\/\\\/www.lovendal.ro\\\/wp52\\\/conspiratia-razelor-ultraviolete-radiatia-solara-nu-e-daunatoare-sanatatii\\\/#primaryimage\"},\"thumbnailUrl\":\"https:\\\/\\\/www.lovendal.ro\\\/wp52\\\/wp-content\\\/uploads\\\/2009\\\/08\\\/radiatia-solara.jpg\",\"keywords\":[\"Conspiratii si Mistere\",\"piele\",\"Soare\",\"ultraviolete\"],\"articleSection\":[\"Conspiratii si Mistere\"],\"inLanguage\":\"ro-RO\",\"potentialAction\":[{\"@type\":\"CommentAction\",\"name\":\"Comment\",\"target\":[\"https:\\\/\\\/www.lovendal.ro\\\/wp52\\\/conspiratia-razelor-ultraviolete-radiatia-solara-nu-e-daunatoare-sanatatii\\\/#respond\"]}]},{\"@type\":\"WebPage\",\"@id\":\"https:\\\/\\\/www.lovendal.ro\\\/wp52\\\/conspiratia-razelor-ultraviolete-radiatia-solara-nu-e-daunatoare-sanatatii\\\/\",\"url\":\"https:\\\/\\\/www.lovendal.ro\\\/wp52\\\/conspiratia-razelor-ultraviolete-radiatia-solara-nu-e-daunatoare-sanatatii\\\/\",\"name\":\"Conspira\u0163ia razelor ultraviolete: radia\u0163ia solar\u0103 nu e d\u0103un\u0103toare s\u0103n\u0103t\u0103\u0163ii! - Secretele lui Lovendal\",\"isPartOf\":{\"@id\":\"https:\\\/\\\/www.lovendal.ro\\\/wp52\\\/#website\"},\"primaryImageOfPage\":{\"@id\":\"https:\\\/\\\/www.lovendal.ro\\\/wp52\\\/conspiratia-razelor-ultraviolete-radiatia-solara-nu-e-daunatoare-sanatatii\\\/#primaryimage\"},\"image\":{\"@id\":\"https:\\\/\\\/www.lovendal.ro\\\/wp52\\\/conspiratia-razelor-ultraviolete-radiatia-solara-nu-e-daunatoare-sanatatii\\\/#primaryimage\"},\"thumbnailUrl\":\"https:\\\/\\\/www.lovendal.ro\\\/wp52\\\/wp-content\\\/uploads\\\/2009\\\/08\\\/radiatia-solara.jpg\",\"datePublished\":\"2009-08-05T06:39:33+00:00\",\"dateModified\":\"2017-04-21T07:29:21+00:00\",\"breadcrumb\":{\"@id\":\"https:\\\/\\\/www.lovendal.ro\\\/wp52\\\/conspiratia-razelor-ultraviolete-radiatia-solara-nu-e-daunatoare-sanatatii\\\/#breadcrumb\"},\"inLanguage\":\"ro-RO\",\"potentialAction\":[{\"@type\":\"ReadAction\",\"target\":[\"https:\\\/\\\/www.lovendal.ro\\\/wp52\\\/conspiratia-razelor-ultraviolete-radiatia-solara-nu-e-daunatoare-sanatatii\\\/\"]}]},{\"@type\":\"ImageObject\",\"inLanguage\":\"ro-RO\",\"@id\":\"https:\\\/\\\/www.lovendal.ro\\\/wp52\\\/conspiratia-razelor-ultraviolete-radiatia-solara-nu-e-daunatoare-sanatatii\\\/#primaryimage\",\"url\":\"https:\\\/\\\/www.lovendal.ro\\\/wp52\\\/wp-content\\\/uploads\\\/2009\\\/08\\\/radiatia-solara.jpg\",\"contentUrl\":\"https:\\\/\\\/www.lovendal.ro\\\/wp52\\\/wp-content\\\/uploads\\\/2009\\\/08\\\/radiatia-solara.jpg\",\"width\":332,\"height\":277},{\"@type\":\"BreadcrumbList\",\"@id\":\"https:\\\/\\\/www.lovendal.ro\\\/wp52\\\/conspiratia-razelor-ultraviolete-radiatia-solara-nu-e-daunatoare-sanatatii\\\/#breadcrumb\",\"itemListElement\":[{\"@type\":\"ListItem\",\"position\":1,\"name\":\"Home\",\"item\":\"https:\\\/\\\/www.lovendal.ro\\\/wp52\\\/\"},{\"@type\":\"ListItem\",\"position\":2,\"name\":\"Conspira\u0163ia razelor ultraviolete: radia\u0163ia solar\u0103 nu e d\u0103un\u0103toare s\u0103n\u0103t\u0103\u0163ii!\"}]},{\"@type\":\"WebSite\",\"@id\":\"https:\\\/\\\/www.lovendal.ro\\\/wp52\\\/#website\",\"url\":\"https:\\\/\\\/www.lovendal.ro\\\/wp52\\\/\",\"name\":\"Secretele lui Lovendal\",\"description\":\"Site de secrete, stiinta si metafizica - din 2008 -\",\"publisher\":{\"@id\":\"https:\\\/\\\/www.lovendal.ro\\\/wp52\\\/#organization\"},\"potentialAction\":[{\"@type\":\"SearchAction\",\"target\":{\"@type\":\"EntryPoint\",\"urlTemplate\":\"https:\\\/\\\/www.lovendal.ro\\\/wp52\\\/?s={search_term_string}\"},\"query-input\":{\"@type\":\"PropertyValueSpecification\",\"valueRequired\":true,\"valueName\":\"search_term_string\"}}],\"inLanguage\":\"ro-RO\"},{\"@type\":\"Organization\",\"@id\":\"https:\\\/\\\/www.lovendal.ro\\\/wp52\\\/#organization\",\"name\":\"Secretele lui Lovendal\",\"url\":\"https:\\\/\\\/www.lovendal.ro\\\/wp52\\\/\",\"logo\":{\"@type\":\"ImageObject\",\"inLanguage\":\"ro-RO\",\"@id\":\"https:\\\/\\\/www.lovendal.ro\\\/wp52\\\/#\\\/schema\\\/logo\\\/image\\\/\",\"url\":\"https:\\\/\\\/www.lovendal.ro\\\/wp52\\\/wp-content\\\/uploads\\\/2024\\\/06\\\/cropped-SLL-iun-2024-1.jpg\",\"contentUrl\":\"https:\\\/\\\/www.lovendal.ro\\\/wp52\\\/wp-content\\\/uploads\\\/2024\\\/06\\\/cropped-SLL-iun-2024-1.jpg\",\"width\":771,\"height\":240,\"caption\":\"Secretele lui Lovendal\"},\"image\":{\"@id\":\"https:\\\/\\\/www.lovendal.ro\\\/wp52\\\/#\\\/schema\\\/logo\\\/image\\\/\"},\"sameAs\":[\"https:\\\/\\\/www.facebook.com\\\/secreteleluilovendal\"]},{\"@type\":\"Person\",\"@id\":\"https:\\\/\\\/www.lovendal.ro\\\/wp52\\\/#\\\/schema\\\/person\\\/088691de5dfc346bb0c023e1e52ef5d9\",\"name\":\"admin\",\"image\":{\"@type\":\"ImageObject\",\"inLanguage\":\"ro-RO\",\"@id\":\"https:\\\/\\\/secure.gravatar.com\\\/avatar\\\/ecb9cd41f5f63c9c9b989999a59f6e2639a865ec361e9db054db0679a8f341c2?s=96&d=mm&r=g\",\"url\":\"https:\\\/\\\/secure.gravatar.com\\\/avatar\\\/ecb9cd41f5f63c9c9b989999a59f6e2639a865ec361e9db054db0679a8f341c2?s=96&d=mm&r=g\",\"contentUrl\":\"https:\\\/\\\/secure.gravatar.com\\\/avatar\\\/ecb9cd41f5f63c9c9b989999a59f6e2639a865ec361e9db054db0679a8f341c2?s=96&d=mm&r=g\",\"caption\":\"admin\"},\"sameAs\":[\"https:\\\/\\\/www.lovendal.ro\\\/wp52\"]}]}<\/script>\n<!-- \/ Yoast SEO Premium plugin. -->","yoast_head_json":{"title":"Conspira\u0163ia razelor ultraviolete: radia\u0163ia solar\u0103 nu e d\u0103un\u0103toare s\u0103n\u0103t\u0103\u0163ii! - Secretele lui Lovendal","robots":{"index":"index","follow":"follow","max-snippet":"max-snippet:-1","max-image-preview":"max-image-preview:large","max-video-preview":"max-video-preview:-1"},"canonical":"https:\/\/www.lovendal.ro\/wp52\/conspiratia-razelor-ultraviolete-radiatia-solara-nu-e-daunatoare-sanatatii\/","og_locale":"ro_RO","og_type":"article","og_title":"Conspira\u0163ia razelor ultraviolete: radia\u0163ia solar\u0103 nu e d\u0103un\u0103toare s\u0103n\u0103t\u0103\u0163ii!","og_description":"De c\u00e2te ori vi s-a spus s\u0103 v\u0103 da\u0163i cu creme de protec\u0163ie solar\u0103 \u00een zilele c\u00e2nd soarele arde foarte puternic? Dac\u0103 a\u0163i fi american, conform unei statistici a Institutului Federal de Statistic\u0103, p\u00e2n\u0103 la \u00eemplinirea v\u00e2rstei de 21 ani, ... Cititi mai multe","og_url":"https:\/\/www.lovendal.ro\/wp52\/conspiratia-razelor-ultraviolete-radiatia-solara-nu-e-daunatoare-sanatatii\/","og_site_name":"Secretele lui Lovendal","article_publisher":"https:\/\/www.facebook.com\/secreteleluilovendal","article_published_time":"2009-08-05T06:39:33+00:00","article_modified_time":"2017-04-21T07:29:21+00:00","og_image":[{"width":332,"height":277,"url":"https:\/\/www.lovendal.ro\/wp52\/wp-content\/uploads\/2009\/08\/radiatia-solara.jpg","type":"image\/jpeg"}],"author":"admin","twitter_card":"summary_large_image","twitter_misc":{"Scris de":"admin","Timp estimat pentru citire":"3 minute"},"schema":{"@context":"https:\/\/schema.org","@graph":[{"@type":"Article","@id":"https:\/\/www.lovendal.ro\/wp52\/conspiratia-razelor-ultraviolete-radiatia-solara-nu-e-daunatoare-sanatatii\/#article","isPartOf":{"@id":"https:\/\/www.lovendal.ro\/wp52\/conspiratia-razelor-ultraviolete-radiatia-solara-nu-e-daunatoare-sanatatii\/"},"author":{"name":"admin","@id":"https:\/\/www.lovendal.ro\/wp52\/#\/schema\/person\/088691de5dfc346bb0c023e1e52ef5d9"},"headline":"Conspira\u0163ia razelor ultraviolete: radia\u0163ia solar\u0103 nu e d\u0103un\u0103toare s\u0103n\u0103t\u0103\u0163ii!","datePublished":"2009-08-05T06:39:33+00:00","dateModified":"2017-04-21T07:29:21+00:00","mainEntityOfPage":{"@id":"https:\/\/www.lovendal.ro\/wp52\/conspiratia-razelor-ultraviolete-radiatia-solara-nu-e-daunatoare-sanatatii\/"},"wordCount":556,"commentCount":13,"publisher":{"@id":"https:\/\/www.lovendal.ro\/wp52\/#organization"},"image":{"@id":"https:\/\/www.lovendal.ro\/wp52\/conspiratia-razelor-ultraviolete-radiatia-solara-nu-e-daunatoare-sanatatii\/#primaryimage"},"thumbnailUrl":"https:\/\/www.lovendal.ro\/wp52\/wp-content\/uploads\/2009\/08\/radiatia-solara.jpg","keywords":["Conspiratii si Mistere","piele","Soare","ultraviolete"],"articleSection":["Conspiratii si Mistere"],"inLanguage":"ro-RO","potentialAction":[{"@type":"CommentAction","name":"Comment","target":["https:\/\/www.lovendal.ro\/wp52\/conspiratia-razelor-ultraviolete-radiatia-solara-nu-e-daunatoare-sanatatii\/#respond"]}]},{"@type":"WebPage","@id":"https:\/\/www.lovendal.ro\/wp52\/conspiratia-razelor-ultraviolete-radiatia-solara-nu-e-daunatoare-sanatatii\/","url":"https:\/\/www.lovendal.ro\/wp52\/conspiratia-razelor-ultraviolete-radiatia-solara-nu-e-daunatoare-sanatatii\/","name":"Conspira\u0163ia razelor ultraviolete: radia\u0163ia solar\u0103 nu e d\u0103un\u0103toare s\u0103n\u0103t\u0103\u0163ii! - Secretele lui Lovendal","isPartOf":{"@id":"https:\/\/www.lovendal.ro\/wp52\/#website"},"primaryImageOfPage":{"@id":"https:\/\/www.lovendal.ro\/wp52\/conspiratia-razelor-ultraviolete-radiatia-solara-nu-e-daunatoare-sanatatii\/#primaryimage"},"image":{"@id":"https:\/\/www.lovendal.ro\/wp52\/conspiratia-razelor-ultraviolete-radiatia-solara-nu-e-daunatoare-sanatatii\/#primaryimage"},"thumbnailUrl":"https:\/\/www.lovendal.ro\/wp52\/wp-content\/uploads\/2009\/08\/radiatia-solara.jpg","datePublished":"2009-08-05T06:39:33+00:00","dateModified":"2017-04-21T07:29:21+00:00","breadcrumb":{"@id":"https:\/\/www.lovendal.ro\/wp52\/conspiratia-razelor-ultraviolete-radiatia-solara-nu-e-daunatoare-sanatatii\/#breadcrumb"},"inLanguage":"ro-RO","potentialAction":[{"@type":"ReadAction","target":["https:\/\/www.lovendal.ro\/wp52\/conspiratia-razelor-ultraviolete-radiatia-solara-nu-e-daunatoare-sanatatii\/"]}]},{"@type":"ImageObject","inLanguage":"ro-RO","@id":"https:\/\/www.lovendal.ro\/wp52\/conspiratia-razelor-ultraviolete-radiatia-solara-nu-e-daunatoare-sanatatii\/#primaryimage","url":"https:\/\/www.lovendal.ro\/wp52\/wp-content\/uploads\/2009\/08\/radiatia-solara.jpg","contentUrl":"https:\/\/www.lovendal.ro\/wp52\/wp-content\/uploads\/2009\/08\/radiatia-solara.jpg","width":332,"height":277},{"@type":"BreadcrumbList","@id":"https:\/\/www.lovendal.ro\/wp52\/conspiratia-razelor-ultraviolete-radiatia-solara-nu-e-daunatoare-sanatatii\/#breadcrumb","itemListElement":[{"@type":"ListItem","position":1,"name":"Home","item":"https:\/\/www.lovendal.ro\/wp52\/"},{"@type":"ListItem","position":2,"name":"Conspira\u0163ia razelor ultraviolete: radia\u0163ia solar\u0103 nu e d\u0103un\u0103toare s\u0103n\u0103t\u0103\u0163ii!"}]},{"@type":"WebSite","@id":"https:\/\/www.lovendal.ro\/wp52\/#website","url":"https:\/\/www.lovendal.ro\/wp52\/","name":"Secretele lui Lovendal","description":"Site de secrete, stiinta si metafizica - din 2008 -","publisher":{"@id":"https:\/\/www.lovendal.ro\/wp52\/#organization"},"potentialAction":[{"@type":"SearchAction","target":{"@type":"EntryPoint","urlTemplate":"https:\/\/www.lovendal.ro\/wp52\/?s={search_term_string}"},"query-input":{"@type":"PropertyValueSpecification","valueRequired":true,"valueName":"search_term_string"}}],"inLanguage":"ro-RO"},{"@type":"Organization","@id":"https:\/\/www.lovendal.ro\/wp52\/#organization","name":"Secretele lui Lovendal","url":"https:\/\/www.lovendal.ro\/wp52\/","logo":{"@type":"ImageObject","inLanguage":"ro-RO","@id":"https:\/\/www.lovendal.ro\/wp52\/#\/schema\/logo\/image\/","url":"https:\/\/www.lovendal.ro\/wp52\/wp-content\/uploads\/2024\/06\/cropped-SLL-iun-2024-1.jpg","contentUrl":"https:\/\/www.lovendal.ro\/wp52\/wp-content\/uploads\/2024\/06\/cropped-SLL-iun-2024-1.jpg","width":771,"height":240,"caption":"Secretele lui Lovendal"},"image":{"@id":"https:\/\/www.lovendal.ro\/wp52\/#\/schema\/logo\/image\/"},"sameAs":["https:\/\/www.facebook.com\/secreteleluilovendal"]},{"@type":"Person","@id":"https:\/\/www.lovendal.ro\/wp52\/#\/schema\/person\/088691de5dfc346bb0c023e1e52ef5d9","name":"admin","image":{"@type":"ImageObject","inLanguage":"ro-RO","@id":"https:\/\/secure.gravatar.com\/avatar\/ecb9cd41f5f63c9c9b989999a59f6e2639a865ec361e9db054db0679a8f341c2?s=96&d=mm&r=g","url":"https:\/\/secure.gravatar.com\/avatar\/ecb9cd41f5f63c9c9b989999a59f6e2639a865ec361e9db054db0679a8f341c2?s=96&d=mm&r=g","contentUrl":"https:\/\/secure.gravatar.com\/avatar\/ecb9cd41f5f63c9c9b989999a59f6e2639a865ec361e9db054db0679a8f341c2?s=96&d=mm&r=g","caption":"admin"},"sameAs":["https:\/\/www.lovendal.ro\/wp52"]}]}},"_links":{"self":[{"href":"https:\/\/www.lovendal.ro\/wp52\/wp-json\/wp\/v2\/posts\/6664","targetHints":{"allow":["GET"]}}],"collection":[{"href":"https:\/\/www.lovendal.ro\/wp52\/wp-json\/wp\/v2\/posts"}],"about":[{"href":"https:\/\/www.lovendal.ro\/wp52\/wp-json\/wp\/v2\/types\/post"}],"author":[{"embeddable":true,"href":"https:\/\/www.lovendal.ro\/wp52\/wp-json\/wp\/v2\/users\/1"}],"replies":[{"embeddable":true,"href":"https:\/\/www.lovendal.ro\/wp52\/wp-json\/wp\/v2\/comments?post=6664"}],"version-history":[{"count":0,"href":"https:\/\/www.lovendal.ro\/wp52\/wp-json\/wp\/v2\/posts\/6664\/revisions"}],"wp:featuredmedia":[{"embeddable":true,"href":"https:\/\/www.lovendal.ro\/wp52\/wp-json\/wp\/v2\/media\/49644"}],"wp:attachment":[{"href":"https:\/\/www.lovendal.ro\/wp52\/wp-json\/wp\/v2\/media?parent=6664"}],"wp:term":[{"taxonomy":"category","embeddable":true,"href":"https:\/\/www.lovendal.ro\/wp52\/wp-json\/wp\/v2\/categories?post=6664"},{"taxonomy":"post_tag","embeddable":true,"href":"https:\/\/www.lovendal.ro\/wp52\/wp-json\/wp\/v2\/tags?post=6664"}],"curies":[{"name":"wp","href":"https:\/\/api.w.org\/{rel}","templated":true}]}}