{"id":66298,"date":"2020-01-31T14:46:04","date_gmt":"2020-01-31T12:46:04","guid":{"rendered":"https:\/\/www.lovendal.ro\/wp52\/?p=66298"},"modified":"2020-01-31T14:46:04","modified_gmt":"2020-01-31T12:46:04","slug":"intr-o-animatie-din-2016-megastar-ul-american-kobe-bryan-este-infatisat-cum-se-taraste-dintr-un-elicopter-prabusit-mai-credeti-ca-a-fost-doar-accident-de-elicopter-tragedia-din-2020","status":"publish","type":"post","link":"https:\/\/www.lovendal.ro\/wp52\/intr-o-animatie-din-2016-megastar-ul-american-kobe-bryan-este-infatisat-cum-se-taraste-dintr-un-elicopter-prabusit-mai-credeti-ca-a-fost-doar-accident-de-elicopter-tragedia-din-2020\/","title":{"rendered":"\u00centr-o anima\u0163ie din 2016, megastar-ul american Kobe Bryan este \u00eenf\u0103\u0163i\u015fat cum se t\u00e2r\u0103\u015fte dintr-un elicopter pr\u0103bu\u015fit! Mai crede\u0163i c\u0103 a fost doar &#8222;accident de elicopter&#8221; tragedia din 2020?"},"content":{"rendered":"<figure id=\"attachment_66299\" aria-describedby=\"caption-attachment-66299\" style=\"width: 338px\" class=\"wp-caption alignleft\"><a href=\"https:\/\/www.lovendal.ro\/wp52\/wp-content\/uploads\/2020\/01\/Kobe-Bryant-animatie-coperta.jpg\"><img loading=\"lazy\" decoding=\"async\" class=\"size-full wp-image-66299\" src=\"https:\/\/www.lovendal.ro\/wp52\/wp-content\/uploads\/2020\/01\/Kobe-Bryant-animatie-coperta.jpg\" alt=\"\" width=\"348\" height=\"236\" srcset=\"https:\/\/www.lovendal.ro\/wp52\/wp-content\/uploads\/2020\/01\/Kobe-Bryant-animatie-coperta.jpg 348w, https:\/\/www.lovendal.ro\/wp52\/wp-content\/uploads\/2020\/01\/Kobe-Bryant-animatie-coperta-300x203.jpg 300w\" sizes=\"auto, (max-width: 348px) 100vw, 348px\" \/><\/a><figcaption id=\"caption-attachment-66299\" class=\"wp-caption-text\"><strong>Imagine:<\/strong> captura <a href=\"https:\/\/www.youtube.com\/watch?v=6-306jTSFsk\" target=\"_blank\" rel=\"noopener noreferrer\"><strong>videoclip YouTube<\/strong><\/a><\/figcaption><\/figure>\n<p>Moartea mega-star-ului american de baschet Kobe Bryant, \u00eentr-un accident tragic de elicopter, a creat multe emo\u0163ii \u00een \u00eentreaga lume. Dar, \u00eentr-un articol de pe <a href=\"https:\/\/www.washingtontimes.com\/news\/2020\/jan\/27\/comedy-central-scrubs-legends-episode-that-depicte\/\" target=\"_blank\" rel=\"noopener noreferrer\"><strong>Washington Times<\/strong><\/a>, afl\u0103m un lucru extrem de interesant. \u015ei anume faptul c\u0103 postul de televiziune &#8222;Comedy Central&#8221; a eliminat un episod din 2016 al sitcom-ului animat \u201eLegends of Chamberlain Heights\u201d care \u00eel \u00eenf\u0103\u021bi\u0219a pe starul Kobe Bryant murind \u00eentr-un accident de elicopter (!) Profe\u0163ie neagr\u0103 sau ce-a fost asta?<\/p>\n<p>\u00cen anima\u0163ia respectiv\u0103, este reprezentat Kobe Bryant, care \u00eencearc\u0103 s\u0103 se t\u00e2rasc\u0103 dintr-un elicopter pr\u0103bu\u015fit, \u00eenainte s\u0103 explodeze. Episodul din 2016, intitulat \u201eSf\u00e2r\u0219itul zilelor\u201d, a creat rumoare pe re\u021belele de socializare, dup\u0103 ce Bryant \u0219i fiica sa, \u00een v\u00e2rst\u0103 de 13 ani, Gianna Bryant, au murit \u00eentr-un accident de elicopter pe 26 ianuarie 2020 \u00een California. Episodul respectiv nu mai este disponibil pe site-ul lui &#8222;Comedy Central&#8221; sau pe pagina de Facebook a re\u021belei de televiziune.<\/p>\n<p>Cei de la &#8222;Comedy Center&#8221; au postat \u0219i pe Twitter, rug\u00e2nd \u015fi pe al\u0163ii s\u0103 nu dea share la episodul respectiv, din respect pentru familia lui Bryant. <em>\u201eDin respect pentru Kobe \u0219i familia sa, am eliminat clipul \u0219i v\u0103 rug\u0103m s\u0103 v\u0103 rog s\u0103 nu-i da\u0163i share\u201d<\/em>.<\/p>\n<p>Pe YouTube, pute\u0163i vedea videoclipul cu episodul respectiv <a href=\"https:\/\/www.youtube.com\/watch?v=6-306jTSFsk\" target=\"_blank\" rel=\"noopener noreferrer\"><strong>AICI<\/strong><\/a>. Acum, ce v\u0103 spun, dragi cititori&#8230; Eu nu cred \u00een coinciden\u0163e, a\u015fa c\u0103 stau \u015fi m\u0103 \u00eentreb: a fost &#8222;asasinat&#8221; Kobe Bryant, conform scenariului din anima\u0163ie, adic\u0103 &#8222;accident de elicopter&#8221;? E posibil. Cine \u015fi de ce a avut acest interes?<\/p>\n<figure id=\"attachment_66300\" aria-describedby=\"caption-attachment-66300\" style=\"width: 530px\" class=\"wp-caption aligncenter\"><a href=\"https:\/\/www.lovendal.ro\/wp52\/wp-content\/uploads\/2020\/01\/Kobe-Bryant-animatie.jpg\"><img loading=\"lazy\" decoding=\"async\" class=\"size-full wp-image-66300\" src=\"https:\/\/www.lovendal.ro\/wp52\/wp-content\/uploads\/2020\/01\/Kobe-Bryant-animatie.jpg\" alt=\"\" width=\"540\" height=\"299\" srcset=\"https:\/\/www.lovendal.ro\/wp52\/wp-content\/uploads\/2020\/01\/Kobe-Bryant-animatie.jpg 540w, https:\/\/www.lovendal.ro\/wp52\/wp-content\/uploads\/2020\/01\/Kobe-Bryant-animatie-300x166.jpg 300w\" sizes=\"auto, (max-width: 540px) 100vw, 540px\" \/><\/a><figcaption id=\"caption-attachment-66300\" class=\"wp-caption-text\"><strong>Imagine:<\/strong> captura <a href=\"https:\/\/www.youtube.com\/watch?v=6-306jTSFsk\" target=\"_blank\" rel=\"noopener noreferrer\"><strong>videoclip YouTube<\/strong><\/a><\/figcaption><\/figure>\n","protected":false},"excerpt":{"rendered":"<p>Moartea mega-star-ului american de baschet Kobe Bryant, \u00eentr-un accident tragic de elicopter, a creat multe emo\u0163ii \u00een \u00eentreaga lume. Dar, \u00eentr-un articol de pe Washington Times, afl\u0103m un lucru extrem de interesant. \u015ei anume faptul c\u0103 postul de televiziune &#8222;Comedy &#8230; <\/p>\n<p class=\"read-more-container\"><a title=\"\u00centr-o anima\u0163ie din 2016, megastar-ul american Kobe Bryan este \u00eenf\u0103\u0163i\u015fat cum se t\u00e2r\u0103\u015fte dintr-un elicopter pr\u0103bu\u015fit! Mai crede\u0163i c\u0103 a fost doar &#8222;accident de elicopter&#8221; tragedia din 2020?\" class=\"read-more button\" href=\"https:\/\/www.lovendal.ro\/wp52\/intr-o-animatie-din-2016-megastar-ul-american-kobe-bryan-este-infatisat-cum-se-taraste-dintr-un-elicopter-prabusit-mai-credeti-ca-a-fost-doar-accident-de-elicopter-tragedia-din-2020\/#more-66298\" aria-label=\"Cite\u0219te mai multe despre \u00centr-o anima\u0163ie din 2016, megastar-ul american Kobe Bryan este \u00eenf\u0103\u0163i\u015fat cum se t\u00e2r\u0103\u015fte dintr-un elicopter pr\u0103bu\u015fit! Mai crede\u0163i c\u0103 a fost doar &#8222;accident de elicopter&#8221; tragedia din 2020?\">Cititi mai multe<\/a><\/p>\n","protected":false},"author":1,"featured_media":66299,"comment_status":"closed","ping_status":"open","sticky":false,"template":"","format":"standard","meta":{"footnotes":""},"categories":[475],"tags":[2647,1393,2431,358,1806,3283,4052,108,4474,2042,4223],"class_list":["post-66298","post","type-post","status-publish","format-standard","has-post-thumbnail","hentry","category-conspiratii-mistere","tag-accident","tag-california","tag-coincidenta","tag-conspiratii-si-mistere","tag-desene-animate","tag-elicopter","tag-facebook","tag-moarte","tag-twitter","tag-videoclip","tag-youtube","resize-featured-image"],"yoast_head":"<!-- This site is optimized with the Yoast SEO Premium plugin v23.3 (Yoast SEO v27.4) - https:\/\/yoast.com\/product\/yoast-seo-premium-wordpress\/ -->\n<title>\u00centr-o anima\u0163ie din 2016, megastar-ul american Kobe Bryan este \u00eenf\u0103\u0163i\u015fat cum se t\u00e2r\u0103\u015fte dintr-un elicopter pr\u0103bu\u015fit! Mai crede\u0163i c\u0103 a fost doar &quot;accident de elicopter&quot; tragedia din 2020? - Secretele lui Lovendal<\/title>\n<meta name=\"robots\" content=\"index, follow, max-snippet:-1, max-image-preview:large, max-video-preview:-1\" \/>\n<link rel=\"canonical\" href=\"https:\/\/www.lovendal.ro\/wp52\/intr-o-animatie-din-2016-megastar-ul-american-kobe-bryan-este-infatisat-cum-se-taraste-dintr-un-elicopter-prabusit-mai-credeti-ca-a-fost-doar-accident-de-elicopter-tragedia-din-2020\/\" \/>\n<meta property=\"og:locale\" content=\"ro_RO\" \/>\n<meta property=\"og:type\" content=\"article\" \/>\n<meta property=\"og:title\" content=\"\u00centr-o anima\u0163ie din 2016, megastar-ul american Kobe Bryan este \u00eenf\u0103\u0163i\u015fat cum se t\u00e2r\u0103\u015fte dintr-un elicopter pr\u0103bu\u015fit! Mai crede\u0163i c\u0103 a fost doar &quot;accident de elicopter&quot; tragedia din 2020?\" \/>\n<meta property=\"og:description\" content=\"Moartea mega-star-ului american de baschet Kobe Bryant, \u00eentr-un accident tragic de elicopter, a creat multe emo\u0163ii \u00een \u00eentreaga lume. Dar, \u00eentr-un articol de pe Washington Times, afl\u0103m un lucru extrem de interesant. \u015ei anume faptul c\u0103 postul de televiziune &#8222;Comedy ... Cititi mai multe\" \/>\n<meta property=\"og:url\" content=\"https:\/\/www.lovendal.ro\/wp52\/intr-o-animatie-din-2016-megastar-ul-american-kobe-bryan-este-infatisat-cum-se-taraste-dintr-un-elicopter-prabusit-mai-credeti-ca-a-fost-doar-accident-de-elicopter-tragedia-din-2020\/\" \/>\n<meta property=\"og:site_name\" content=\"Secretele lui Lovendal\" \/>\n<meta property=\"article:publisher\" content=\"https:\/\/www.facebook.com\/secreteleluilovendal\" \/>\n<meta property=\"article:published_time\" content=\"2020-01-31T12:46:04+00:00\" \/>\n<meta property=\"og:image\" content=\"https:\/\/www.lovendal.ro\/wp52\/wp-content\/uploads\/2020\/01\/Kobe-Bryant-animatie-coperta.jpg\" \/>\n\t<meta property=\"og:image:width\" content=\"348\" \/>\n\t<meta property=\"og:image:height\" content=\"236\" \/>\n\t<meta property=\"og:image:type\" content=\"image\/jpeg\" \/>\n<meta name=\"author\" content=\"admin\" \/>\n<meta name=\"twitter:card\" content=\"summary_large_image\" \/>\n<meta name=\"twitter:label1\" content=\"Scris de\" \/>\n\t<meta name=\"twitter:data1\" content=\"admin\" \/>\n\t<meta name=\"twitter:label2\" content=\"Timp estimat pentru citire\" \/>\n\t<meta name=\"twitter:data2\" content=\"1 minut\" \/>\n<script type=\"application\/ld+json\" class=\"yoast-schema-graph\">{\"@context\":\"https:\\\/\\\/schema.org\",\"@graph\":[{\"@type\":\"Article\",\"@id\":\"https:\\\/\\\/www.lovendal.ro\\\/wp52\\\/intr-o-animatie-din-2016-megastar-ul-american-kobe-bryan-este-infatisat-cum-se-taraste-dintr-un-elicopter-prabusit-mai-credeti-ca-a-fost-doar-accident-de-elicopter-tragedia-din-2020\\\/#article\",\"isPartOf\":{\"@id\":\"https:\\\/\\\/www.lovendal.ro\\\/wp52\\\/intr-o-animatie-din-2016-megastar-ul-american-kobe-bryan-este-infatisat-cum-se-taraste-dintr-un-elicopter-prabusit-mai-credeti-ca-a-fost-doar-accident-de-elicopter-tragedia-din-2020\\\/\"},\"author\":{\"name\":\"admin\",\"@id\":\"https:\\\/\\\/www.lovendal.ro\\\/wp52\\\/#\\\/schema\\\/person\\\/088691de5dfc346bb0c023e1e52ef5d9\"},\"headline\":\"\u00centr-o anima\u0163ie din 2016, megastar-ul american Kobe Bryan este \u00eenf\u0103\u0163i\u015fat cum se t\u00e2r\u0103\u015fte dintr-un elicopter pr\u0103bu\u015fit! Mai crede\u0163i c\u0103 a fost doar &#8222;accident de elicopter&#8221; tragedia din 2020?\",\"datePublished\":\"2020-01-31T12:46:04+00:00\",\"mainEntityOfPage\":{\"@id\":\"https:\\\/\\\/www.lovendal.ro\\\/wp52\\\/intr-o-animatie-din-2016-megastar-ul-american-kobe-bryan-este-infatisat-cum-se-taraste-dintr-un-elicopter-prabusit-mai-credeti-ca-a-fost-doar-accident-de-elicopter-tragedia-din-2020\\\/\"},\"wordCount\":317,\"publisher\":{\"@id\":\"https:\\\/\\\/www.lovendal.ro\\\/wp52\\\/#organization\"},\"image\":{\"@id\":\"https:\\\/\\\/www.lovendal.ro\\\/wp52\\\/intr-o-animatie-din-2016-megastar-ul-american-kobe-bryan-este-infatisat-cum-se-taraste-dintr-un-elicopter-prabusit-mai-credeti-ca-a-fost-doar-accident-de-elicopter-tragedia-din-2020\\\/#primaryimage\"},\"thumbnailUrl\":\"https:\\\/\\\/www.lovendal.ro\\\/wp52\\\/wp-content\\\/uploads\\\/2020\\\/01\\\/Kobe-Bryant-animatie-coperta.jpg\",\"keywords\":[\"accident\",\"California\",\"coinciden\u0163\u0103\",\"Conspiratii si Mistere\",\"desene animate\",\"elicopter\",\"Facebook\",\"moarte\",\"Twitter\",\"videoclip\",\"YouTube\"],\"articleSection\":[\"Conspiratii si Mistere\"],\"inLanguage\":\"ro-RO\"},{\"@type\":\"WebPage\",\"@id\":\"https:\\\/\\\/www.lovendal.ro\\\/wp52\\\/intr-o-animatie-din-2016-megastar-ul-american-kobe-bryan-este-infatisat-cum-se-taraste-dintr-un-elicopter-prabusit-mai-credeti-ca-a-fost-doar-accident-de-elicopter-tragedia-din-2020\\\/\",\"url\":\"https:\\\/\\\/www.lovendal.ro\\\/wp52\\\/intr-o-animatie-din-2016-megastar-ul-american-kobe-bryan-este-infatisat-cum-se-taraste-dintr-un-elicopter-prabusit-mai-credeti-ca-a-fost-doar-accident-de-elicopter-tragedia-din-2020\\\/\",\"name\":\"\u00centr-o anima\u0163ie din 2016, megastar-ul american Kobe Bryan este \u00eenf\u0103\u0163i\u015fat cum se t\u00e2r\u0103\u015fte dintr-un elicopter pr\u0103bu\u015fit! Mai crede\u0163i c\u0103 a fost doar \\\"accident de elicopter\\\" tragedia din 2020? - Secretele lui Lovendal\",\"isPartOf\":{\"@id\":\"https:\\\/\\\/www.lovendal.ro\\\/wp52\\\/#website\"},\"primaryImageOfPage\":{\"@id\":\"https:\\\/\\\/www.lovendal.ro\\\/wp52\\\/intr-o-animatie-din-2016-megastar-ul-american-kobe-bryan-este-infatisat-cum-se-taraste-dintr-un-elicopter-prabusit-mai-credeti-ca-a-fost-doar-accident-de-elicopter-tragedia-din-2020\\\/#primaryimage\"},\"image\":{\"@id\":\"https:\\\/\\\/www.lovendal.ro\\\/wp52\\\/intr-o-animatie-din-2016-megastar-ul-american-kobe-bryan-este-infatisat-cum-se-taraste-dintr-un-elicopter-prabusit-mai-credeti-ca-a-fost-doar-accident-de-elicopter-tragedia-din-2020\\\/#primaryimage\"},\"thumbnailUrl\":\"https:\\\/\\\/www.lovendal.ro\\\/wp52\\\/wp-content\\\/uploads\\\/2020\\\/01\\\/Kobe-Bryant-animatie-coperta.jpg\",\"datePublished\":\"2020-01-31T12:46:04+00:00\",\"breadcrumb\":{\"@id\":\"https:\\\/\\\/www.lovendal.ro\\\/wp52\\\/intr-o-animatie-din-2016-megastar-ul-american-kobe-bryan-este-infatisat-cum-se-taraste-dintr-un-elicopter-prabusit-mai-credeti-ca-a-fost-doar-accident-de-elicopter-tragedia-din-2020\\\/#breadcrumb\"},\"inLanguage\":\"ro-RO\",\"potentialAction\":[{\"@type\":\"ReadAction\",\"target\":[\"https:\\\/\\\/www.lovendal.ro\\\/wp52\\\/intr-o-animatie-din-2016-megastar-ul-american-kobe-bryan-este-infatisat-cum-se-taraste-dintr-un-elicopter-prabusit-mai-credeti-ca-a-fost-doar-accident-de-elicopter-tragedia-din-2020\\\/\"]}]},{\"@type\":\"ImageObject\",\"inLanguage\":\"ro-RO\",\"@id\":\"https:\\\/\\\/www.lovendal.ro\\\/wp52\\\/intr-o-animatie-din-2016-megastar-ul-american-kobe-bryan-este-infatisat-cum-se-taraste-dintr-un-elicopter-prabusit-mai-credeti-ca-a-fost-doar-accident-de-elicopter-tragedia-din-2020\\\/#primaryimage\",\"url\":\"https:\\\/\\\/www.lovendal.ro\\\/wp52\\\/wp-content\\\/uploads\\\/2020\\\/01\\\/Kobe-Bryant-animatie-coperta.jpg\",\"contentUrl\":\"https:\\\/\\\/www.lovendal.ro\\\/wp52\\\/wp-content\\\/uploads\\\/2020\\\/01\\\/Kobe-Bryant-animatie-coperta.jpg\",\"width\":348,\"height\":236,\"caption\":\"Imagine: captura videoclip YouTube\"},{\"@type\":\"BreadcrumbList\",\"@id\":\"https:\\\/\\\/www.lovendal.ro\\\/wp52\\\/intr-o-animatie-din-2016-megastar-ul-american-kobe-bryan-este-infatisat-cum-se-taraste-dintr-un-elicopter-prabusit-mai-credeti-ca-a-fost-doar-accident-de-elicopter-tragedia-din-2020\\\/#breadcrumb\",\"itemListElement\":[{\"@type\":\"ListItem\",\"position\":1,\"name\":\"Home\",\"item\":\"https:\\\/\\\/www.lovendal.ro\\\/wp52\\\/\"},{\"@type\":\"ListItem\",\"position\":2,\"name\":\"\u00centr-o anima\u0163ie din 2016, megastar-ul american Kobe Bryan este \u00eenf\u0103\u0163i\u015fat cum se t\u00e2r\u0103\u015fte dintr-un elicopter pr\u0103bu\u015fit! Mai crede\u0163i c\u0103 a fost doar &#8222;accident de elicopter&#8221; tragedia din 2020?\"}]},{\"@type\":\"WebSite\",\"@id\":\"https:\\\/\\\/www.lovendal.ro\\\/wp52\\\/#website\",\"url\":\"https:\\\/\\\/www.lovendal.ro\\\/wp52\\\/\",\"name\":\"Secretele lui Lovendal\",\"description\":\"Site de secrete, stiinta si metafizica - din 2008 -\",\"publisher\":{\"@id\":\"https:\\\/\\\/www.lovendal.ro\\\/wp52\\\/#organization\"},\"potentialAction\":[{\"@type\":\"SearchAction\",\"target\":{\"@type\":\"EntryPoint\",\"urlTemplate\":\"https:\\\/\\\/www.lovendal.ro\\\/wp52\\\/?s={search_term_string}\"},\"query-input\":{\"@type\":\"PropertyValueSpecification\",\"valueRequired\":true,\"valueName\":\"search_term_string\"}}],\"inLanguage\":\"ro-RO\"},{\"@type\":\"Organization\",\"@id\":\"https:\\\/\\\/www.lovendal.ro\\\/wp52\\\/#organization\",\"name\":\"Secretele lui Lovendal\",\"url\":\"https:\\\/\\\/www.lovendal.ro\\\/wp52\\\/\",\"logo\":{\"@type\":\"ImageObject\",\"inLanguage\":\"ro-RO\",\"@id\":\"https:\\\/\\\/www.lovendal.ro\\\/wp52\\\/#\\\/schema\\\/logo\\\/image\\\/\",\"url\":\"https:\\\/\\\/www.lovendal.ro\\\/wp52\\\/wp-content\\\/uploads\\\/2024\\\/06\\\/cropped-SLL-iun-2024-1.jpg\",\"contentUrl\":\"https:\\\/\\\/www.lovendal.ro\\\/wp52\\\/wp-content\\\/uploads\\\/2024\\\/06\\\/cropped-SLL-iun-2024-1.jpg\",\"width\":771,\"height\":240,\"caption\":\"Secretele lui Lovendal\"},\"image\":{\"@id\":\"https:\\\/\\\/www.lovendal.ro\\\/wp52\\\/#\\\/schema\\\/logo\\\/image\\\/\"},\"sameAs\":[\"https:\\\/\\\/www.facebook.com\\\/secreteleluilovendal\"]},{\"@type\":\"Person\",\"@id\":\"https:\\\/\\\/www.lovendal.ro\\\/wp52\\\/#\\\/schema\\\/person\\\/088691de5dfc346bb0c023e1e52ef5d9\",\"name\":\"admin\",\"image\":{\"@type\":\"ImageObject\",\"inLanguage\":\"ro-RO\",\"@id\":\"https:\\\/\\\/secure.gravatar.com\\\/avatar\\\/ecb9cd41f5f63c9c9b989999a59f6e2639a865ec361e9db054db0679a8f341c2?s=96&d=mm&r=g\",\"url\":\"https:\\\/\\\/secure.gravatar.com\\\/avatar\\\/ecb9cd41f5f63c9c9b989999a59f6e2639a865ec361e9db054db0679a8f341c2?s=96&d=mm&r=g\",\"contentUrl\":\"https:\\\/\\\/secure.gravatar.com\\\/avatar\\\/ecb9cd41f5f63c9c9b989999a59f6e2639a865ec361e9db054db0679a8f341c2?s=96&d=mm&r=g\",\"caption\":\"admin\"},\"sameAs\":[\"https:\\\/\\\/www.lovendal.ro\\\/wp52\"]}]}<\/script>\n<!-- \/ Yoast SEO Premium plugin. -->","yoast_head_json":{"title":"\u00centr-o anima\u0163ie din 2016, megastar-ul american Kobe Bryan este \u00eenf\u0103\u0163i\u015fat cum se t\u00e2r\u0103\u015fte dintr-un elicopter pr\u0103bu\u015fit! Mai crede\u0163i c\u0103 a fost doar \"accident de elicopter\" tragedia din 2020? - Secretele lui Lovendal","robots":{"index":"index","follow":"follow","max-snippet":"max-snippet:-1","max-image-preview":"max-image-preview:large","max-video-preview":"max-video-preview:-1"},"canonical":"https:\/\/www.lovendal.ro\/wp52\/intr-o-animatie-din-2016-megastar-ul-american-kobe-bryan-este-infatisat-cum-se-taraste-dintr-un-elicopter-prabusit-mai-credeti-ca-a-fost-doar-accident-de-elicopter-tragedia-din-2020\/","og_locale":"ro_RO","og_type":"article","og_title":"\u00centr-o anima\u0163ie din 2016, megastar-ul american Kobe Bryan este \u00eenf\u0103\u0163i\u015fat cum se t\u00e2r\u0103\u015fte dintr-un elicopter pr\u0103bu\u015fit! Mai crede\u0163i c\u0103 a fost doar \"accident de elicopter\" tragedia din 2020?","og_description":"Moartea mega-star-ului american de baschet Kobe Bryant, \u00eentr-un accident tragic de elicopter, a creat multe emo\u0163ii \u00een \u00eentreaga lume. Dar, \u00eentr-un articol de pe Washington Times, afl\u0103m un lucru extrem de interesant. \u015ei anume faptul c\u0103 postul de televiziune &#8222;Comedy ... Cititi mai multe","og_url":"https:\/\/www.lovendal.ro\/wp52\/intr-o-animatie-din-2016-megastar-ul-american-kobe-bryan-este-infatisat-cum-se-taraste-dintr-un-elicopter-prabusit-mai-credeti-ca-a-fost-doar-accident-de-elicopter-tragedia-din-2020\/","og_site_name":"Secretele lui Lovendal","article_publisher":"https:\/\/www.facebook.com\/secreteleluilovendal","article_published_time":"2020-01-31T12:46:04+00:00","og_image":[{"width":348,"height":236,"url":"https:\/\/www.lovendal.ro\/wp52\/wp-content\/uploads\/2020\/01\/Kobe-Bryant-animatie-coperta.jpg","type":"image\/jpeg"}],"author":"admin","twitter_card":"summary_large_image","twitter_misc":{"Scris de":"admin","Timp estimat pentru citire":"1 minut"},"schema":{"@context":"https:\/\/schema.org","@graph":[{"@type":"Article","@id":"https:\/\/www.lovendal.ro\/wp52\/intr-o-animatie-din-2016-megastar-ul-american-kobe-bryan-este-infatisat-cum-se-taraste-dintr-un-elicopter-prabusit-mai-credeti-ca-a-fost-doar-accident-de-elicopter-tragedia-din-2020\/#article","isPartOf":{"@id":"https:\/\/www.lovendal.ro\/wp52\/intr-o-animatie-din-2016-megastar-ul-american-kobe-bryan-este-infatisat-cum-se-taraste-dintr-un-elicopter-prabusit-mai-credeti-ca-a-fost-doar-accident-de-elicopter-tragedia-din-2020\/"},"author":{"name":"admin","@id":"https:\/\/www.lovendal.ro\/wp52\/#\/schema\/person\/088691de5dfc346bb0c023e1e52ef5d9"},"headline":"\u00centr-o anima\u0163ie din 2016, megastar-ul american Kobe Bryan este \u00eenf\u0103\u0163i\u015fat cum se t\u00e2r\u0103\u015fte dintr-un elicopter pr\u0103bu\u015fit! Mai crede\u0163i c\u0103 a fost doar &#8222;accident de elicopter&#8221; tragedia din 2020?","datePublished":"2020-01-31T12:46:04+00:00","mainEntityOfPage":{"@id":"https:\/\/www.lovendal.ro\/wp52\/intr-o-animatie-din-2016-megastar-ul-american-kobe-bryan-este-infatisat-cum-se-taraste-dintr-un-elicopter-prabusit-mai-credeti-ca-a-fost-doar-accident-de-elicopter-tragedia-din-2020\/"},"wordCount":317,"publisher":{"@id":"https:\/\/www.lovendal.ro\/wp52\/#organization"},"image":{"@id":"https:\/\/www.lovendal.ro\/wp52\/intr-o-animatie-din-2016-megastar-ul-american-kobe-bryan-este-infatisat-cum-se-taraste-dintr-un-elicopter-prabusit-mai-credeti-ca-a-fost-doar-accident-de-elicopter-tragedia-din-2020\/#primaryimage"},"thumbnailUrl":"https:\/\/www.lovendal.ro\/wp52\/wp-content\/uploads\/2020\/01\/Kobe-Bryant-animatie-coperta.jpg","keywords":["accident","California","coinciden\u0163\u0103","Conspiratii si Mistere","desene animate","elicopter","Facebook","moarte","Twitter","videoclip","YouTube"],"articleSection":["Conspiratii si Mistere"],"inLanguage":"ro-RO"},{"@type":"WebPage","@id":"https:\/\/www.lovendal.ro\/wp52\/intr-o-animatie-din-2016-megastar-ul-american-kobe-bryan-este-infatisat-cum-se-taraste-dintr-un-elicopter-prabusit-mai-credeti-ca-a-fost-doar-accident-de-elicopter-tragedia-din-2020\/","url":"https:\/\/www.lovendal.ro\/wp52\/intr-o-animatie-din-2016-megastar-ul-american-kobe-bryan-este-infatisat-cum-se-taraste-dintr-un-elicopter-prabusit-mai-credeti-ca-a-fost-doar-accident-de-elicopter-tragedia-din-2020\/","name":"\u00centr-o anima\u0163ie din 2016, megastar-ul american Kobe Bryan este \u00eenf\u0103\u0163i\u015fat cum se t\u00e2r\u0103\u015fte dintr-un elicopter pr\u0103bu\u015fit! Mai crede\u0163i c\u0103 a fost doar \"accident de elicopter\" tragedia din 2020? - Secretele lui Lovendal","isPartOf":{"@id":"https:\/\/www.lovendal.ro\/wp52\/#website"},"primaryImageOfPage":{"@id":"https:\/\/www.lovendal.ro\/wp52\/intr-o-animatie-din-2016-megastar-ul-american-kobe-bryan-este-infatisat-cum-se-taraste-dintr-un-elicopter-prabusit-mai-credeti-ca-a-fost-doar-accident-de-elicopter-tragedia-din-2020\/#primaryimage"},"image":{"@id":"https:\/\/www.lovendal.ro\/wp52\/intr-o-animatie-din-2016-megastar-ul-american-kobe-bryan-este-infatisat-cum-se-taraste-dintr-un-elicopter-prabusit-mai-credeti-ca-a-fost-doar-accident-de-elicopter-tragedia-din-2020\/#primaryimage"},"thumbnailUrl":"https:\/\/www.lovendal.ro\/wp52\/wp-content\/uploads\/2020\/01\/Kobe-Bryant-animatie-coperta.jpg","datePublished":"2020-01-31T12:46:04+00:00","breadcrumb":{"@id":"https:\/\/www.lovendal.ro\/wp52\/intr-o-animatie-din-2016-megastar-ul-american-kobe-bryan-este-infatisat-cum-se-taraste-dintr-un-elicopter-prabusit-mai-credeti-ca-a-fost-doar-accident-de-elicopter-tragedia-din-2020\/#breadcrumb"},"inLanguage":"ro-RO","potentialAction":[{"@type":"ReadAction","target":["https:\/\/www.lovendal.ro\/wp52\/intr-o-animatie-din-2016-megastar-ul-american-kobe-bryan-este-infatisat-cum-se-taraste-dintr-un-elicopter-prabusit-mai-credeti-ca-a-fost-doar-accident-de-elicopter-tragedia-din-2020\/"]}]},{"@type":"ImageObject","inLanguage":"ro-RO","@id":"https:\/\/www.lovendal.ro\/wp52\/intr-o-animatie-din-2016-megastar-ul-american-kobe-bryan-este-infatisat-cum-se-taraste-dintr-un-elicopter-prabusit-mai-credeti-ca-a-fost-doar-accident-de-elicopter-tragedia-din-2020\/#primaryimage","url":"https:\/\/www.lovendal.ro\/wp52\/wp-content\/uploads\/2020\/01\/Kobe-Bryant-animatie-coperta.jpg","contentUrl":"https:\/\/www.lovendal.ro\/wp52\/wp-content\/uploads\/2020\/01\/Kobe-Bryant-animatie-coperta.jpg","width":348,"height":236,"caption":"Imagine: captura videoclip YouTube"},{"@type":"BreadcrumbList","@id":"https:\/\/www.lovendal.ro\/wp52\/intr-o-animatie-din-2016-megastar-ul-american-kobe-bryan-este-infatisat-cum-se-taraste-dintr-un-elicopter-prabusit-mai-credeti-ca-a-fost-doar-accident-de-elicopter-tragedia-din-2020\/#breadcrumb","itemListElement":[{"@type":"ListItem","position":1,"name":"Home","item":"https:\/\/www.lovendal.ro\/wp52\/"},{"@type":"ListItem","position":2,"name":"\u00centr-o anima\u0163ie din 2016, megastar-ul american Kobe Bryan este \u00eenf\u0103\u0163i\u015fat cum se t\u00e2r\u0103\u015fte dintr-un elicopter pr\u0103bu\u015fit! Mai crede\u0163i c\u0103 a fost doar &#8222;accident de elicopter&#8221; tragedia din 2020?"}]},{"@type":"WebSite","@id":"https:\/\/www.lovendal.ro\/wp52\/#website","url":"https:\/\/www.lovendal.ro\/wp52\/","name":"Secretele lui Lovendal","description":"Site de secrete, stiinta si metafizica - din 2008 -","publisher":{"@id":"https:\/\/www.lovendal.ro\/wp52\/#organization"},"potentialAction":[{"@type":"SearchAction","target":{"@type":"EntryPoint","urlTemplate":"https:\/\/www.lovendal.ro\/wp52\/?s={search_term_string}"},"query-input":{"@type":"PropertyValueSpecification","valueRequired":true,"valueName":"search_term_string"}}],"inLanguage":"ro-RO"},{"@type":"Organization","@id":"https:\/\/www.lovendal.ro\/wp52\/#organization","name":"Secretele lui Lovendal","url":"https:\/\/www.lovendal.ro\/wp52\/","logo":{"@type":"ImageObject","inLanguage":"ro-RO","@id":"https:\/\/www.lovendal.ro\/wp52\/#\/schema\/logo\/image\/","url":"https:\/\/www.lovendal.ro\/wp52\/wp-content\/uploads\/2024\/06\/cropped-SLL-iun-2024-1.jpg","contentUrl":"https:\/\/www.lovendal.ro\/wp52\/wp-content\/uploads\/2024\/06\/cropped-SLL-iun-2024-1.jpg","width":771,"height":240,"caption":"Secretele lui Lovendal"},"image":{"@id":"https:\/\/www.lovendal.ro\/wp52\/#\/schema\/logo\/image\/"},"sameAs":["https:\/\/www.facebook.com\/secreteleluilovendal"]},{"@type":"Person","@id":"https:\/\/www.lovendal.ro\/wp52\/#\/schema\/person\/088691de5dfc346bb0c023e1e52ef5d9","name":"admin","image":{"@type":"ImageObject","inLanguage":"ro-RO","@id":"https:\/\/secure.gravatar.com\/avatar\/ecb9cd41f5f63c9c9b989999a59f6e2639a865ec361e9db054db0679a8f341c2?s=96&d=mm&r=g","url":"https:\/\/secure.gravatar.com\/avatar\/ecb9cd41f5f63c9c9b989999a59f6e2639a865ec361e9db054db0679a8f341c2?s=96&d=mm&r=g","contentUrl":"https:\/\/secure.gravatar.com\/avatar\/ecb9cd41f5f63c9c9b989999a59f6e2639a865ec361e9db054db0679a8f341c2?s=96&d=mm&r=g","caption":"admin"},"sameAs":["https:\/\/www.lovendal.ro\/wp52"]}]}},"_links":{"self":[{"href":"https:\/\/www.lovendal.ro\/wp52\/wp-json\/wp\/v2\/posts\/66298","targetHints":{"allow":["GET"]}}],"collection":[{"href":"https:\/\/www.lovendal.ro\/wp52\/wp-json\/wp\/v2\/posts"}],"about":[{"href":"https:\/\/www.lovendal.ro\/wp52\/wp-json\/wp\/v2\/types\/post"}],"author":[{"embeddable":true,"href":"https:\/\/www.lovendal.ro\/wp52\/wp-json\/wp\/v2\/users\/1"}],"replies":[{"embeddable":true,"href":"https:\/\/www.lovendal.ro\/wp52\/wp-json\/wp\/v2\/comments?post=66298"}],"version-history":[{"count":0,"href":"https:\/\/www.lovendal.ro\/wp52\/wp-json\/wp\/v2\/posts\/66298\/revisions"}],"wp:featuredmedia":[{"embeddable":true,"href":"https:\/\/www.lovendal.ro\/wp52\/wp-json\/wp\/v2\/media\/66299"}],"wp:attachment":[{"href":"https:\/\/www.lovendal.ro\/wp52\/wp-json\/wp\/v2\/media?parent=66298"}],"wp:term":[{"taxonomy":"category","embeddable":true,"href":"https:\/\/www.lovendal.ro\/wp52\/wp-json\/wp\/v2\/categories?post=66298"},{"taxonomy":"post_tag","embeddable":true,"href":"https:\/\/www.lovendal.ro\/wp52\/wp-json\/wp\/v2\/tags?post=66298"}],"curies":[{"name":"wp","href":"https:\/\/api.w.org\/{rel}","templated":true}]}}