{"id":65439,"date":"2019-12-05T15:48:54","date_gmt":"2019-12-05T13:48:54","guid":{"rendered":"https:\/\/www.lovendal.ro\/wp52\/?p=65439"},"modified":"2019-12-05T15:48:54","modified_gmt":"2019-12-05T13:48:54","slug":"revolutia-romana-din-decembrie-89-a-fost-initiata-si-dirijata-de-gorbaciov-si-kgb-considera-radu-portocala-scriitor-roman-si-nepotul-unui-fost-ministru-de-interne","status":"publish","type":"post","link":"https:\/\/www.lovendal.ro\/wp52\/revolutia-romana-din-decembrie-89-a-fost-initiata-si-dirijata-de-gorbaciov-si-kgb-considera-radu-portocala-scriitor-roman-si-nepotul-unui-fost-ministru-de-interne\/","title":{"rendered":"&#8222;Revolu\u0163ia rom\u00e2n\u0103 din decembrie &#8217;89&#8221; a fost ini\u0163iat\u0103 \u015fi dirijat\u0103 de Gorbaciov \u015fi KGB &#8211; consider\u0103 Radu Portocal\u0103, scriitor rom\u00e2n \u015fi nepotul unui fost ministru de Interne"},"content":{"rendered":"<figure id=\"attachment_65440\" aria-describedby=\"caption-attachment-65440\" style=\"width: 340px\" class=\"wp-caption alignleft\"><a href=\"https:\/\/www.lovendal.ro\/wp52\/wp-content\/uploads\/2019\/12\/Revolutia-romana-din-89.jpg\"><img loading=\"lazy\" decoding=\"async\" class=\"size-full wp-image-65440\" src=\"https:\/\/www.lovendal.ro\/wp52\/wp-content\/uploads\/2019\/12\/Revolutia-romana-din-89.jpg\" alt=\"\" width=\"350\" height=\"286\" srcset=\"https:\/\/www.lovendal.ro\/wp52\/wp-content\/uploads\/2019\/12\/Revolutia-romana-din-89.jpg 350w, https:\/\/www.lovendal.ro\/wp52\/wp-content\/uploads\/2019\/12\/Revolutia-romana-din-89-300x245.jpg 300w\" sizes=\"auto, (max-width: 350px) 100vw, 350px\" \/><\/a><figcaption id=\"caption-attachment-65440\" class=\"wp-caption-text\"><strong>Imagine:<\/strong> (c) www.lovendal.ro<\/figcaption><\/figure>\n<p>Cum suntem \u00een decembrie 2019 \u015fi se \u00eemplinesc 30 de ani de la Revolu\u0163ia rom\u00e2n\u0103 din 1989, poate c\u0103 ar trebui s\u0103 dezbatem mai larg subiectul acesta. Precum se \u015ftie, p\u0103rerile istoricilor sunt \u00eemp\u0103r\u0163ite despre acest eveniment: unii zic c\u0103 a fost o lovitur\u0103 de stat, suprapus\u0103 peste revolu\u0163ie, al\u0163ii c\u0103 a fost o simpl\u0103 revolu\u0163ie popular\u0103 spontan\u0103.<\/p>\n<p>Foarte interesant este punctul de vedere al lui Radu Portocal\u0103, un scriitor rom\u00e2n care tr\u0103ie\u015fte \u00een Fran\u0163a din 1982 \u015fi care este nepotul fostului om politic liberal \u0219i ministru interne (cu nume omonim, Radu Portocal\u0103) din perioada 1937 &#8211; 1939. A\u015fadar, are ceva rela\u0163ii \u00een lumea ocult\u0103 a politicii \u015fi a serviciilor secrete. \u00cen 1991 Radu Portocal\u0103 scrie o lucrare \u00een care arat\u0103 c\u0103 Rom\u00e2nia era de mult\u0103 vreme un laborator pentru experien\u021bele politice sovietice. Astfel, el consider\u0103 c\u0103 \u00een decembrie 1989 a avut loc o lovitur\u0103 de stat instrumentat\u0103 de URSS.<\/p>\n<p>Conform tezei scriitorului francez de origine rom\u00e2n\u0103, creierul loviturii de stat din Rom\u00e2nia a fost liderul sovietic de atunci, Mihail Gorbaciov. Acesta a ini\u021biat procesul politic al pr\u0103bu\u0219irii lui Ceau\u0219escu \u00eenc\u0103 din 1987, dup\u0103 revolta muncitorilor de la Bra\u0219ov, care a indicat limpede c\u0103 \u0219i \u00een Rom\u00e2nia este posibil\u0103 o schimbare politic\u0103 reformatoare. Astfel c\u0103, din 1987, Moscova creeaz\u0103 \u00een Rom\u00e2nia structura unei diziden\u021be la nivelul nomenclaturii, prin vechi comuni\u015fti c\u0103zu\u021bi \u00een dizgra\u021bia lui Ceau\u0219escu, care \u00eel critic\u0103 pe secretarul general al PCR, dar nu \u015fi comunismul. Dar, \u00eenc\u0103 din 1985, Securitatea apropiat\u0103 de KGB-ul sovietic lucra temeinic \u015fi preg\u0103tea terenul pentru evenimentele din &#8217;89, consider\u0103 Portocal\u0103.<\/p>\n","protected":false},"excerpt":{"rendered":"<p>Cum suntem \u00een decembrie 2019 \u015fi se \u00eemplinesc 30 de ani de la Revolu\u0163ia rom\u00e2n\u0103 din 1989, poate c\u0103 ar trebui s\u0103 dezbatem mai larg subiectul acesta. Precum se \u015ftie, p\u0103rerile istoricilor sunt \u00eemp\u0103r\u0163ite despre acest eveniment: unii zic c\u0103 &#8230; <\/p>\n<p class=\"read-more-container\"><a title=\"&#8222;Revolu\u0163ia rom\u00e2n\u0103 din decembrie &#8217;89&#8221; a fost ini\u0163iat\u0103 \u015fi dirijat\u0103 de Gorbaciov \u015fi KGB &#8211; consider\u0103 Radu Portocal\u0103, scriitor rom\u00e2n \u015fi nepotul unui fost ministru de Interne\" class=\"read-more button\" href=\"https:\/\/www.lovendal.ro\/wp52\/revolutia-romana-din-decembrie-89-a-fost-initiata-si-dirijata-de-gorbaciov-si-kgb-considera-radu-portocala-scriitor-roman-si-nepotul-unui-fost-ministru-de-interne\/#more-65439\" aria-label=\"Cite\u0219te mai multe despre &#8222;Revolu\u0163ia rom\u00e2n\u0103 din decembrie &#8217;89&#8221; a fost ini\u0163iat\u0103 \u015fi dirijat\u0103 de Gorbaciov \u015fi KGB &#8211; consider\u0103 Radu Portocal\u0103, scriitor rom\u00e2n \u015fi nepotul unui fost ministru de Interne\">Cititi mai multe<\/a><\/p>\n","protected":false},"author":1,"featured_media":65440,"comment_status":"closed","ping_status":"open","sticky":false,"template":"","format":"standard","meta":{"footnotes":""},"categories":[475],"tags":[4761,135,81,358,202,1819,251,6203,607,1308,13970,589,136,74,279,298],"class_list":["post-65439","post","type-post","status-publish","format-standard","has-post-thumbnail","hentry","category-conspiratii-mistere","tag-brasov","tag-ceausescu","tag-comunism","tag-conspiratii-si-mistere","tag-franta","tag-gorbaciov","tag-kgb","tag-lovitura-de-stat","tag-ministru","tag-moscova","tag-radu-portocala","tag-revolutia-romana-din-89","tag-revolutie","tag-romania","tag-securitatea","tag-urss","resize-featured-image"],"yoast_head":"<!-- This site is optimized with the Yoast SEO Premium plugin v23.3 (Yoast SEO v27.4) - https:\/\/yoast.com\/product\/yoast-seo-premium-wordpress\/ -->\n<title>&quot;Revolu\u0163ia rom\u00e2n\u0103 din decembrie &#039;89&quot; a fost ini\u0163iat\u0103 \u015fi dirijat\u0103 de Gorbaciov \u015fi KGB - consider\u0103 Radu Portocal\u0103, scriitor rom\u00e2n \u015fi nepotul unui fost ministru de Interne - Secretele lui Lovendal<\/title>\n<meta name=\"robots\" content=\"index, follow, max-snippet:-1, max-image-preview:large, max-video-preview:-1\" \/>\n<link rel=\"canonical\" href=\"https:\/\/www.lovendal.ro\/wp52\/revolutia-romana-din-decembrie-89-a-fost-initiata-si-dirijata-de-gorbaciov-si-kgb-considera-radu-portocala-scriitor-roman-si-nepotul-unui-fost-ministru-de-interne\/\" \/>\n<meta property=\"og:locale\" content=\"ro_RO\" \/>\n<meta property=\"og:type\" content=\"article\" \/>\n<meta property=\"og:title\" content=\"&quot;Revolu\u0163ia rom\u00e2n\u0103 din decembrie &#039;89&quot; a fost ini\u0163iat\u0103 \u015fi dirijat\u0103 de Gorbaciov \u015fi KGB - consider\u0103 Radu Portocal\u0103, scriitor rom\u00e2n \u015fi nepotul unui fost ministru de Interne\" \/>\n<meta property=\"og:description\" content=\"Cum suntem \u00een decembrie 2019 \u015fi se \u00eemplinesc 30 de ani de la Revolu\u0163ia rom\u00e2n\u0103 din 1989, poate c\u0103 ar trebui s\u0103 dezbatem mai larg subiectul acesta. Precum se \u015ftie, p\u0103rerile istoricilor sunt \u00eemp\u0103r\u0163ite despre acest eveniment: unii zic c\u0103 ... Cititi mai multe\" \/>\n<meta property=\"og:url\" content=\"https:\/\/www.lovendal.ro\/wp52\/revolutia-romana-din-decembrie-89-a-fost-initiata-si-dirijata-de-gorbaciov-si-kgb-considera-radu-portocala-scriitor-roman-si-nepotul-unui-fost-ministru-de-interne\/\" \/>\n<meta property=\"og:site_name\" content=\"Secretele lui Lovendal\" \/>\n<meta property=\"article:publisher\" content=\"https:\/\/www.facebook.com\/secreteleluilovendal\" \/>\n<meta property=\"article:published_time\" content=\"2019-12-05T13:48:54+00:00\" \/>\n<meta property=\"og:image\" content=\"https:\/\/www.lovendal.ro\/wp52\/wp-content\/uploads\/2019\/12\/Revolutia-romana-din-89.jpg\" \/>\n\t<meta property=\"og:image:width\" content=\"350\" \/>\n\t<meta property=\"og:image:height\" content=\"286\" \/>\n\t<meta property=\"og:image:type\" content=\"image\/jpeg\" \/>\n<meta name=\"author\" content=\"admin\" \/>\n<meta name=\"twitter:card\" content=\"summary_large_image\" \/>\n<meta name=\"twitter:label1\" content=\"Scris de\" \/>\n\t<meta name=\"twitter:data1\" content=\"admin\" \/>\n\t<meta name=\"twitter:label2\" content=\"Timp estimat pentru citire\" \/>\n\t<meta name=\"twitter:data2\" content=\"1 minut\" \/>\n<script type=\"application\/ld+json\" class=\"yoast-schema-graph\">{\"@context\":\"https:\\\/\\\/schema.org\",\"@graph\":[{\"@type\":\"Article\",\"@id\":\"https:\\\/\\\/www.lovendal.ro\\\/wp52\\\/revolutia-romana-din-decembrie-89-a-fost-initiata-si-dirijata-de-gorbaciov-si-kgb-considera-radu-portocala-scriitor-roman-si-nepotul-unui-fost-ministru-de-interne\\\/#article\",\"isPartOf\":{\"@id\":\"https:\\\/\\\/www.lovendal.ro\\\/wp52\\\/revolutia-romana-din-decembrie-89-a-fost-initiata-si-dirijata-de-gorbaciov-si-kgb-considera-radu-portocala-scriitor-roman-si-nepotul-unui-fost-ministru-de-interne\\\/\"},\"author\":{\"name\":\"admin\",\"@id\":\"https:\\\/\\\/www.lovendal.ro\\\/wp52\\\/#\\\/schema\\\/person\\\/088691de5dfc346bb0c023e1e52ef5d9\"},\"headline\":\"&#8222;Revolu\u0163ia rom\u00e2n\u0103 din decembrie &#8217;89&#8221; a fost ini\u0163iat\u0103 \u015fi dirijat\u0103 de Gorbaciov \u015fi KGB &#8211; consider\u0103 Radu Portocal\u0103, scriitor rom\u00e2n \u015fi nepotul unui fost ministru de Interne\",\"datePublished\":\"2019-12-05T13:48:54+00:00\",\"mainEntityOfPage\":{\"@id\":\"https:\\\/\\\/www.lovendal.ro\\\/wp52\\\/revolutia-romana-din-decembrie-89-a-fost-initiata-si-dirijata-de-gorbaciov-si-kgb-considera-radu-portocala-scriitor-roman-si-nepotul-unui-fost-ministru-de-interne\\\/\"},\"wordCount\":319,\"publisher\":{\"@id\":\"https:\\\/\\\/www.lovendal.ro\\\/wp52\\\/#organization\"},\"image\":{\"@id\":\"https:\\\/\\\/www.lovendal.ro\\\/wp52\\\/revolutia-romana-din-decembrie-89-a-fost-initiata-si-dirijata-de-gorbaciov-si-kgb-considera-radu-portocala-scriitor-roman-si-nepotul-unui-fost-ministru-de-interne\\\/#primaryimage\"},\"thumbnailUrl\":\"https:\\\/\\\/www.lovendal.ro\\\/wp52\\\/wp-content\\\/uploads\\\/2019\\\/12\\\/Revolutia-romana-din-89.jpg\",\"keywords\":[\"Bra\u015fov\",\"Ceau\u015fescu\",\"comunism\",\"Conspiratii si Mistere\",\"Fran\u0163a\",\"Gorbaciov\",\"KGB\",\"lovitur\u0103 de stat\",\"ministru\",\"Moscova\",\"Radu Portocal\u0103\",\"Revolu\u0163ia rom\u00e2n\u0103 din 89\",\"revolu\u0163ie\",\"Rom\u00e2nia\",\"Securitatea\",\"URSS\"],\"articleSection\":[\"Conspiratii si Mistere\"],\"inLanguage\":\"ro-RO\"},{\"@type\":\"WebPage\",\"@id\":\"https:\\\/\\\/www.lovendal.ro\\\/wp52\\\/revolutia-romana-din-decembrie-89-a-fost-initiata-si-dirijata-de-gorbaciov-si-kgb-considera-radu-portocala-scriitor-roman-si-nepotul-unui-fost-ministru-de-interne\\\/\",\"url\":\"https:\\\/\\\/www.lovendal.ro\\\/wp52\\\/revolutia-romana-din-decembrie-89-a-fost-initiata-si-dirijata-de-gorbaciov-si-kgb-considera-radu-portocala-scriitor-roman-si-nepotul-unui-fost-ministru-de-interne\\\/\",\"name\":\"\\\"Revolu\u0163ia rom\u00e2n\u0103 din decembrie '89\\\" a fost ini\u0163iat\u0103 \u015fi dirijat\u0103 de Gorbaciov \u015fi KGB - consider\u0103 Radu Portocal\u0103, scriitor rom\u00e2n \u015fi nepotul unui fost ministru de Interne - Secretele lui Lovendal\",\"isPartOf\":{\"@id\":\"https:\\\/\\\/www.lovendal.ro\\\/wp52\\\/#website\"},\"primaryImageOfPage\":{\"@id\":\"https:\\\/\\\/www.lovendal.ro\\\/wp52\\\/revolutia-romana-din-decembrie-89-a-fost-initiata-si-dirijata-de-gorbaciov-si-kgb-considera-radu-portocala-scriitor-roman-si-nepotul-unui-fost-ministru-de-interne\\\/#primaryimage\"},\"image\":{\"@id\":\"https:\\\/\\\/www.lovendal.ro\\\/wp52\\\/revolutia-romana-din-decembrie-89-a-fost-initiata-si-dirijata-de-gorbaciov-si-kgb-considera-radu-portocala-scriitor-roman-si-nepotul-unui-fost-ministru-de-interne\\\/#primaryimage\"},\"thumbnailUrl\":\"https:\\\/\\\/www.lovendal.ro\\\/wp52\\\/wp-content\\\/uploads\\\/2019\\\/12\\\/Revolutia-romana-din-89.jpg\",\"datePublished\":\"2019-12-05T13:48:54+00:00\",\"breadcrumb\":{\"@id\":\"https:\\\/\\\/www.lovendal.ro\\\/wp52\\\/revolutia-romana-din-decembrie-89-a-fost-initiata-si-dirijata-de-gorbaciov-si-kgb-considera-radu-portocala-scriitor-roman-si-nepotul-unui-fost-ministru-de-interne\\\/#breadcrumb\"},\"inLanguage\":\"ro-RO\",\"potentialAction\":[{\"@type\":\"ReadAction\",\"target\":[\"https:\\\/\\\/www.lovendal.ro\\\/wp52\\\/revolutia-romana-din-decembrie-89-a-fost-initiata-si-dirijata-de-gorbaciov-si-kgb-considera-radu-portocala-scriitor-roman-si-nepotul-unui-fost-ministru-de-interne\\\/\"]}]},{\"@type\":\"ImageObject\",\"inLanguage\":\"ro-RO\",\"@id\":\"https:\\\/\\\/www.lovendal.ro\\\/wp52\\\/revolutia-romana-din-decembrie-89-a-fost-initiata-si-dirijata-de-gorbaciov-si-kgb-considera-radu-portocala-scriitor-roman-si-nepotul-unui-fost-ministru-de-interne\\\/#primaryimage\",\"url\":\"https:\\\/\\\/www.lovendal.ro\\\/wp52\\\/wp-content\\\/uploads\\\/2019\\\/12\\\/Revolutia-romana-din-89.jpg\",\"contentUrl\":\"https:\\\/\\\/www.lovendal.ro\\\/wp52\\\/wp-content\\\/uploads\\\/2019\\\/12\\\/Revolutia-romana-din-89.jpg\",\"width\":350,\"height\":286,\"caption\":\"Imagine: (c) www.lovendal.ro\"},{\"@type\":\"BreadcrumbList\",\"@id\":\"https:\\\/\\\/www.lovendal.ro\\\/wp52\\\/revolutia-romana-din-decembrie-89-a-fost-initiata-si-dirijata-de-gorbaciov-si-kgb-considera-radu-portocala-scriitor-roman-si-nepotul-unui-fost-ministru-de-interne\\\/#breadcrumb\",\"itemListElement\":[{\"@type\":\"ListItem\",\"position\":1,\"name\":\"Home\",\"item\":\"https:\\\/\\\/www.lovendal.ro\\\/wp52\\\/\"},{\"@type\":\"ListItem\",\"position\":2,\"name\":\"&#8222;Revolu\u0163ia rom\u00e2n\u0103 din decembrie &#8217;89&#8221; a fost ini\u0163iat\u0103 \u015fi dirijat\u0103 de Gorbaciov \u015fi KGB &#8211; consider\u0103 Radu Portocal\u0103, scriitor rom\u00e2n \u015fi nepotul unui fost ministru de Interne\"}]},{\"@type\":\"WebSite\",\"@id\":\"https:\\\/\\\/www.lovendal.ro\\\/wp52\\\/#website\",\"url\":\"https:\\\/\\\/www.lovendal.ro\\\/wp52\\\/\",\"name\":\"Secretele lui Lovendal\",\"description\":\"Site de secrete, stiinta si metafizica - din 2008 -\",\"publisher\":{\"@id\":\"https:\\\/\\\/www.lovendal.ro\\\/wp52\\\/#organization\"},\"potentialAction\":[{\"@type\":\"SearchAction\",\"target\":{\"@type\":\"EntryPoint\",\"urlTemplate\":\"https:\\\/\\\/www.lovendal.ro\\\/wp52\\\/?s={search_term_string}\"},\"query-input\":{\"@type\":\"PropertyValueSpecification\",\"valueRequired\":true,\"valueName\":\"search_term_string\"}}],\"inLanguage\":\"ro-RO\"},{\"@type\":\"Organization\",\"@id\":\"https:\\\/\\\/www.lovendal.ro\\\/wp52\\\/#organization\",\"name\":\"Secretele lui Lovendal\",\"url\":\"https:\\\/\\\/www.lovendal.ro\\\/wp52\\\/\",\"logo\":{\"@type\":\"ImageObject\",\"inLanguage\":\"ro-RO\",\"@id\":\"https:\\\/\\\/www.lovendal.ro\\\/wp52\\\/#\\\/schema\\\/logo\\\/image\\\/\",\"url\":\"https:\\\/\\\/www.lovendal.ro\\\/wp52\\\/wp-content\\\/uploads\\\/2024\\\/06\\\/cropped-SLL-iun-2024-1.jpg\",\"contentUrl\":\"https:\\\/\\\/www.lovendal.ro\\\/wp52\\\/wp-content\\\/uploads\\\/2024\\\/06\\\/cropped-SLL-iun-2024-1.jpg\",\"width\":771,\"height\":240,\"caption\":\"Secretele lui Lovendal\"},\"image\":{\"@id\":\"https:\\\/\\\/www.lovendal.ro\\\/wp52\\\/#\\\/schema\\\/logo\\\/image\\\/\"},\"sameAs\":[\"https:\\\/\\\/www.facebook.com\\\/secreteleluilovendal\"]},{\"@type\":\"Person\",\"@id\":\"https:\\\/\\\/www.lovendal.ro\\\/wp52\\\/#\\\/schema\\\/person\\\/088691de5dfc346bb0c023e1e52ef5d9\",\"name\":\"admin\",\"image\":{\"@type\":\"ImageObject\",\"inLanguage\":\"ro-RO\",\"@id\":\"https:\\\/\\\/secure.gravatar.com\\\/avatar\\\/ecb9cd41f5f63c9c9b989999a59f6e2639a865ec361e9db054db0679a8f341c2?s=96&d=mm&r=g\",\"url\":\"https:\\\/\\\/secure.gravatar.com\\\/avatar\\\/ecb9cd41f5f63c9c9b989999a59f6e2639a865ec361e9db054db0679a8f341c2?s=96&d=mm&r=g\",\"contentUrl\":\"https:\\\/\\\/secure.gravatar.com\\\/avatar\\\/ecb9cd41f5f63c9c9b989999a59f6e2639a865ec361e9db054db0679a8f341c2?s=96&d=mm&r=g\",\"caption\":\"admin\"},\"sameAs\":[\"https:\\\/\\\/www.lovendal.ro\\\/wp52\"]}]}<\/script>\n<!-- \/ Yoast SEO Premium plugin. -->","yoast_head_json":{"title":"\"Revolu\u0163ia rom\u00e2n\u0103 din decembrie '89\" a fost ini\u0163iat\u0103 \u015fi dirijat\u0103 de Gorbaciov \u015fi KGB - consider\u0103 Radu Portocal\u0103, scriitor rom\u00e2n \u015fi nepotul unui fost ministru de Interne - Secretele lui Lovendal","robots":{"index":"index","follow":"follow","max-snippet":"max-snippet:-1","max-image-preview":"max-image-preview:large","max-video-preview":"max-video-preview:-1"},"canonical":"https:\/\/www.lovendal.ro\/wp52\/revolutia-romana-din-decembrie-89-a-fost-initiata-si-dirijata-de-gorbaciov-si-kgb-considera-radu-portocala-scriitor-roman-si-nepotul-unui-fost-ministru-de-interne\/","og_locale":"ro_RO","og_type":"article","og_title":"\"Revolu\u0163ia rom\u00e2n\u0103 din decembrie '89\" a fost ini\u0163iat\u0103 \u015fi dirijat\u0103 de Gorbaciov \u015fi KGB - consider\u0103 Radu Portocal\u0103, scriitor rom\u00e2n \u015fi nepotul unui fost ministru de Interne","og_description":"Cum suntem \u00een decembrie 2019 \u015fi se \u00eemplinesc 30 de ani de la Revolu\u0163ia rom\u00e2n\u0103 din 1989, poate c\u0103 ar trebui s\u0103 dezbatem mai larg subiectul acesta. Precum se \u015ftie, p\u0103rerile istoricilor sunt \u00eemp\u0103r\u0163ite despre acest eveniment: unii zic c\u0103 ... Cititi mai multe","og_url":"https:\/\/www.lovendal.ro\/wp52\/revolutia-romana-din-decembrie-89-a-fost-initiata-si-dirijata-de-gorbaciov-si-kgb-considera-radu-portocala-scriitor-roman-si-nepotul-unui-fost-ministru-de-interne\/","og_site_name":"Secretele lui Lovendal","article_publisher":"https:\/\/www.facebook.com\/secreteleluilovendal","article_published_time":"2019-12-05T13:48:54+00:00","og_image":[{"width":350,"height":286,"url":"https:\/\/www.lovendal.ro\/wp52\/wp-content\/uploads\/2019\/12\/Revolutia-romana-din-89.jpg","type":"image\/jpeg"}],"author":"admin","twitter_card":"summary_large_image","twitter_misc":{"Scris de":"admin","Timp estimat pentru citire":"1 minut"},"schema":{"@context":"https:\/\/schema.org","@graph":[{"@type":"Article","@id":"https:\/\/www.lovendal.ro\/wp52\/revolutia-romana-din-decembrie-89-a-fost-initiata-si-dirijata-de-gorbaciov-si-kgb-considera-radu-portocala-scriitor-roman-si-nepotul-unui-fost-ministru-de-interne\/#article","isPartOf":{"@id":"https:\/\/www.lovendal.ro\/wp52\/revolutia-romana-din-decembrie-89-a-fost-initiata-si-dirijata-de-gorbaciov-si-kgb-considera-radu-portocala-scriitor-roman-si-nepotul-unui-fost-ministru-de-interne\/"},"author":{"name":"admin","@id":"https:\/\/www.lovendal.ro\/wp52\/#\/schema\/person\/088691de5dfc346bb0c023e1e52ef5d9"},"headline":"&#8222;Revolu\u0163ia rom\u00e2n\u0103 din decembrie &#8217;89&#8221; a fost ini\u0163iat\u0103 \u015fi dirijat\u0103 de Gorbaciov \u015fi KGB &#8211; consider\u0103 Radu Portocal\u0103, scriitor rom\u00e2n \u015fi nepotul unui fost ministru de Interne","datePublished":"2019-12-05T13:48:54+00:00","mainEntityOfPage":{"@id":"https:\/\/www.lovendal.ro\/wp52\/revolutia-romana-din-decembrie-89-a-fost-initiata-si-dirijata-de-gorbaciov-si-kgb-considera-radu-portocala-scriitor-roman-si-nepotul-unui-fost-ministru-de-interne\/"},"wordCount":319,"publisher":{"@id":"https:\/\/www.lovendal.ro\/wp52\/#organization"},"image":{"@id":"https:\/\/www.lovendal.ro\/wp52\/revolutia-romana-din-decembrie-89-a-fost-initiata-si-dirijata-de-gorbaciov-si-kgb-considera-radu-portocala-scriitor-roman-si-nepotul-unui-fost-ministru-de-interne\/#primaryimage"},"thumbnailUrl":"https:\/\/www.lovendal.ro\/wp52\/wp-content\/uploads\/2019\/12\/Revolutia-romana-din-89.jpg","keywords":["Bra\u015fov","Ceau\u015fescu","comunism","Conspiratii si Mistere","Fran\u0163a","Gorbaciov","KGB","lovitur\u0103 de stat","ministru","Moscova","Radu Portocal\u0103","Revolu\u0163ia rom\u00e2n\u0103 din 89","revolu\u0163ie","Rom\u00e2nia","Securitatea","URSS"],"articleSection":["Conspiratii si Mistere"],"inLanguage":"ro-RO"},{"@type":"WebPage","@id":"https:\/\/www.lovendal.ro\/wp52\/revolutia-romana-din-decembrie-89-a-fost-initiata-si-dirijata-de-gorbaciov-si-kgb-considera-radu-portocala-scriitor-roman-si-nepotul-unui-fost-ministru-de-interne\/","url":"https:\/\/www.lovendal.ro\/wp52\/revolutia-romana-din-decembrie-89-a-fost-initiata-si-dirijata-de-gorbaciov-si-kgb-considera-radu-portocala-scriitor-roman-si-nepotul-unui-fost-ministru-de-interne\/","name":"\"Revolu\u0163ia rom\u00e2n\u0103 din decembrie '89\" a fost ini\u0163iat\u0103 \u015fi dirijat\u0103 de Gorbaciov \u015fi KGB - consider\u0103 Radu Portocal\u0103, scriitor rom\u00e2n \u015fi nepotul unui fost ministru de Interne - Secretele lui Lovendal","isPartOf":{"@id":"https:\/\/www.lovendal.ro\/wp52\/#website"},"primaryImageOfPage":{"@id":"https:\/\/www.lovendal.ro\/wp52\/revolutia-romana-din-decembrie-89-a-fost-initiata-si-dirijata-de-gorbaciov-si-kgb-considera-radu-portocala-scriitor-roman-si-nepotul-unui-fost-ministru-de-interne\/#primaryimage"},"image":{"@id":"https:\/\/www.lovendal.ro\/wp52\/revolutia-romana-din-decembrie-89-a-fost-initiata-si-dirijata-de-gorbaciov-si-kgb-considera-radu-portocala-scriitor-roman-si-nepotul-unui-fost-ministru-de-interne\/#primaryimage"},"thumbnailUrl":"https:\/\/www.lovendal.ro\/wp52\/wp-content\/uploads\/2019\/12\/Revolutia-romana-din-89.jpg","datePublished":"2019-12-05T13:48:54+00:00","breadcrumb":{"@id":"https:\/\/www.lovendal.ro\/wp52\/revolutia-romana-din-decembrie-89-a-fost-initiata-si-dirijata-de-gorbaciov-si-kgb-considera-radu-portocala-scriitor-roman-si-nepotul-unui-fost-ministru-de-interne\/#breadcrumb"},"inLanguage":"ro-RO","potentialAction":[{"@type":"ReadAction","target":["https:\/\/www.lovendal.ro\/wp52\/revolutia-romana-din-decembrie-89-a-fost-initiata-si-dirijata-de-gorbaciov-si-kgb-considera-radu-portocala-scriitor-roman-si-nepotul-unui-fost-ministru-de-interne\/"]}]},{"@type":"ImageObject","inLanguage":"ro-RO","@id":"https:\/\/www.lovendal.ro\/wp52\/revolutia-romana-din-decembrie-89-a-fost-initiata-si-dirijata-de-gorbaciov-si-kgb-considera-radu-portocala-scriitor-roman-si-nepotul-unui-fost-ministru-de-interne\/#primaryimage","url":"https:\/\/www.lovendal.ro\/wp52\/wp-content\/uploads\/2019\/12\/Revolutia-romana-din-89.jpg","contentUrl":"https:\/\/www.lovendal.ro\/wp52\/wp-content\/uploads\/2019\/12\/Revolutia-romana-din-89.jpg","width":350,"height":286,"caption":"Imagine: (c) www.lovendal.ro"},{"@type":"BreadcrumbList","@id":"https:\/\/www.lovendal.ro\/wp52\/revolutia-romana-din-decembrie-89-a-fost-initiata-si-dirijata-de-gorbaciov-si-kgb-considera-radu-portocala-scriitor-roman-si-nepotul-unui-fost-ministru-de-interne\/#breadcrumb","itemListElement":[{"@type":"ListItem","position":1,"name":"Home","item":"https:\/\/www.lovendal.ro\/wp52\/"},{"@type":"ListItem","position":2,"name":"&#8222;Revolu\u0163ia rom\u00e2n\u0103 din decembrie &#8217;89&#8221; a fost ini\u0163iat\u0103 \u015fi dirijat\u0103 de Gorbaciov \u015fi KGB &#8211; consider\u0103 Radu Portocal\u0103, scriitor rom\u00e2n \u015fi nepotul unui fost ministru de Interne"}]},{"@type":"WebSite","@id":"https:\/\/www.lovendal.ro\/wp52\/#website","url":"https:\/\/www.lovendal.ro\/wp52\/","name":"Secretele lui Lovendal","description":"Site de secrete, stiinta si metafizica - din 2008 -","publisher":{"@id":"https:\/\/www.lovendal.ro\/wp52\/#organization"},"potentialAction":[{"@type":"SearchAction","target":{"@type":"EntryPoint","urlTemplate":"https:\/\/www.lovendal.ro\/wp52\/?s={search_term_string}"},"query-input":{"@type":"PropertyValueSpecification","valueRequired":true,"valueName":"search_term_string"}}],"inLanguage":"ro-RO"},{"@type":"Organization","@id":"https:\/\/www.lovendal.ro\/wp52\/#organization","name":"Secretele lui Lovendal","url":"https:\/\/www.lovendal.ro\/wp52\/","logo":{"@type":"ImageObject","inLanguage":"ro-RO","@id":"https:\/\/www.lovendal.ro\/wp52\/#\/schema\/logo\/image\/","url":"https:\/\/www.lovendal.ro\/wp52\/wp-content\/uploads\/2024\/06\/cropped-SLL-iun-2024-1.jpg","contentUrl":"https:\/\/www.lovendal.ro\/wp52\/wp-content\/uploads\/2024\/06\/cropped-SLL-iun-2024-1.jpg","width":771,"height":240,"caption":"Secretele lui Lovendal"},"image":{"@id":"https:\/\/www.lovendal.ro\/wp52\/#\/schema\/logo\/image\/"},"sameAs":["https:\/\/www.facebook.com\/secreteleluilovendal"]},{"@type":"Person","@id":"https:\/\/www.lovendal.ro\/wp52\/#\/schema\/person\/088691de5dfc346bb0c023e1e52ef5d9","name":"admin","image":{"@type":"ImageObject","inLanguage":"ro-RO","@id":"https:\/\/secure.gravatar.com\/avatar\/ecb9cd41f5f63c9c9b989999a59f6e2639a865ec361e9db054db0679a8f341c2?s=96&d=mm&r=g","url":"https:\/\/secure.gravatar.com\/avatar\/ecb9cd41f5f63c9c9b989999a59f6e2639a865ec361e9db054db0679a8f341c2?s=96&d=mm&r=g","contentUrl":"https:\/\/secure.gravatar.com\/avatar\/ecb9cd41f5f63c9c9b989999a59f6e2639a865ec361e9db054db0679a8f341c2?s=96&d=mm&r=g","caption":"admin"},"sameAs":["https:\/\/www.lovendal.ro\/wp52"]}]}},"_links":{"self":[{"href":"https:\/\/www.lovendal.ro\/wp52\/wp-json\/wp\/v2\/posts\/65439","targetHints":{"allow":["GET"]}}],"collection":[{"href":"https:\/\/www.lovendal.ro\/wp52\/wp-json\/wp\/v2\/posts"}],"about":[{"href":"https:\/\/www.lovendal.ro\/wp52\/wp-json\/wp\/v2\/types\/post"}],"author":[{"embeddable":true,"href":"https:\/\/www.lovendal.ro\/wp52\/wp-json\/wp\/v2\/users\/1"}],"replies":[{"embeddable":true,"href":"https:\/\/www.lovendal.ro\/wp52\/wp-json\/wp\/v2\/comments?post=65439"}],"version-history":[{"count":0,"href":"https:\/\/www.lovendal.ro\/wp52\/wp-json\/wp\/v2\/posts\/65439\/revisions"}],"wp:featuredmedia":[{"embeddable":true,"href":"https:\/\/www.lovendal.ro\/wp52\/wp-json\/wp\/v2\/media\/65440"}],"wp:attachment":[{"href":"https:\/\/www.lovendal.ro\/wp52\/wp-json\/wp\/v2\/media?parent=65439"}],"wp:term":[{"taxonomy":"category","embeddable":true,"href":"https:\/\/www.lovendal.ro\/wp52\/wp-json\/wp\/v2\/categories?post=65439"},{"taxonomy":"post_tag","embeddable":true,"href":"https:\/\/www.lovendal.ro\/wp52\/wp-json\/wp\/v2\/tags?post=65439"}],"curies":[{"name":"wp","href":"https:\/\/api.w.org\/{rel}","templated":true}]}}