{"id":65417,"date":"2019-12-03T13:06:32","date_gmt":"2019-12-03T11:06:32","guid":{"rendered":"https:\/\/www.lovendal.ro\/wp52\/?p=65417"},"modified":"2019-12-03T13:06:32","modified_gmt":"2019-12-03T11:06:32","slug":"panica-generala-intr-un-oras-din-canada-o-raza-misterioasa-provenita-dintr-o-sfera-de-lumina-a-fost-vazuta-pe-cerul-noptii","status":"publish","type":"post","link":"https:\/\/www.lovendal.ro\/wp52\/panica-generala-intr-un-oras-din-canada-o-raza-misterioasa-provenita-dintr-o-sfera-de-lumina-a-fost-vazuta-pe-cerul-noptii\/","title":{"rendered":"Panic\u0103 general\u0103 \u00eentr-un ora\u015f din Canada: o raz\u0103 misterioas\u0103, provenit\u0103 dintr-o sfer\u0103 de lumin\u0103, a fost v\u0103zut\u0103 pe cerul nop\u0163ii"},"content":{"rendered":"<figure id=\"attachment_65418\" aria-describedby=\"caption-attachment-65418\" style=\"width: 331px\" class=\"wp-caption alignleft\"><a href=\"https:\/\/www.lovendal.ro\/wp52\/wp-content\/uploads\/2019\/12\/pilon-de-lumina-Canada-coperta.jpg\"><img loading=\"lazy\" decoding=\"async\" class=\"size-full wp-image-65418\" src=\"https:\/\/www.lovendal.ro\/wp52\/wp-content\/uploads\/2019\/12\/pilon-de-lumina-Canada-coperta.jpg\" alt=\"\" width=\"341\" height=\"226\" srcset=\"https:\/\/www.lovendal.ro\/wp52\/wp-content\/uploads\/2019\/12\/pilon-de-lumina-Canada-coperta.jpg 341w, https:\/\/www.lovendal.ro\/wp52\/wp-content\/uploads\/2019\/12\/pilon-de-lumina-Canada-coperta-300x199.jpg 300w\" sizes=\"auto, (max-width: 341px) 100vw, 341px\" \/><\/a><figcaption id=\"caption-attachment-65418\" class=\"wp-caption-text\"><strong>Imagine:<\/strong> captura <a href=\"https:\/\/www.youtube.com\/watch?v=_mUUm2cdEIo&amp;feature=emb_title\" target=\"_blank\" rel=\"noopener noreferrer\"><strong>YouTube<\/strong><\/a><\/figcaption><\/figure>\n<p>\u00cen seara datei de 27 noiembrie 2019, locuitorii din Edmonton (regiunea Alberta, Canada) au fost uimi\u021bi de prezen\u021ba unei raze gigantice de lumin\u0103, care p\u0103rea s\u0103 fie proiectat\u0103 de o sfer\u0103 uria\u0219\u0103 de lumin\u0103, care se afla l\u00e2ng\u0103 o rafin\u0103rie de petrol. Aceast\u0103 raz\u0103 misterioas\u0103 de lumin\u0103 a provocat panic\u0103 \u00een r\u00e2ndul oamenilor, care au asaltat cu telefoane pompierii \u0219i poli\u021bia.<\/p>\n<p>Potrivit presei locale, fenomenul ciudat a fost v\u0103zut pentru prima dat\u0103 \u00een jurul orei 19 \u0219i a r\u0103mas vizibil ore \u00eentregi. A\u0219a cum se \u00eent\u00e2mpl\u0103 adesea cu astfel de evenimente, mul\u021bi oameni au publicat fotografii cu misteriosul pilon de lumin\u0103 pe re\u021belele de socializare \u0219i au speculat mult despre originea acestuia.<\/p>\n<p>Iar printre cele mai populare teorii a fost cea care presupune c\u0103 pilonul de lumin\u0103 este o dovad\u0103 a unei invazii extraterestre. Cu toate acestea, cei mai sceptici \u0219i-au exprimat \u00eengrijorarea c\u0103 lumina ciudat\u0103 provine dintr-un dezastru produs de m\u00e2na omului.<\/p>\n<p>Potrivit versiunii oficiale, raza de lumin\u0103 nu era nici de origine extraterestr\u0103, nici demonic\u0103 \u0219i are o explica\u021bie mai pu\u021bin &#8222;paranormal\u0103&#8221;. Pompierii din Edmonton au scris pe Twitter c\u0103: <em>\u201es-a stabilit c\u0103 ar putea fi vorba de un incendiu controlat la rafin\u0103ria Imperial Oil din Strathcona, care va continua pentru urm\u0103toarele 48 de ore\u201d<\/em>. Potrivit lui CBC News, ar fi fost vorba de o incinerare, pentru a arde \u00een siguran\u021b\u0103 gazele suplimentare care nu pot fi utilizate. Strathcona este o rafin\u0103rie de petrol situat\u0103 chiar \u00een afara Edmonton-ului.<\/p>\n<p>Unii conspira\u0163ioni\u015fti spun \u00eens\u0103 c\u0103 pilonul de lumin\u0103 nu are nicio leg\u0103tur\u0103 cu rafin\u0103ria Strathcona, deoarece, ca regul\u0103 general\u0103, orice activitate neobi\u0219nuit\u0103 \u00een instala\u021biile rafin\u0103riei era comunicat\u0103 public \u00een avans. De aceea, ei cred c\u0103 autorit\u0103\u021bile canadiene \u00eencearc\u0103 s\u0103 ascund\u0103 ceea ce s-a \u00eent\u00e2mplat, c\u0103 raza de lumin\u0103 este de origine extraterestr\u0103, fie un fel de semnal, fie ar fi vorba de debarcarea unei nave extraterestre.<\/p>\n<figure id=\"attachment_65419\" aria-describedby=\"caption-attachment-65419\" style=\"width: 532px\" class=\"wp-caption aligncenter\"><a href=\"https:\/\/www.lovendal.ro\/wp52\/wp-content\/uploads\/2019\/12\/pilon-de-lumina-Canada.jpg\"><img loading=\"lazy\" decoding=\"async\" class=\"wp-image-65419 size-full\" src=\"https:\/\/www.lovendal.ro\/wp52\/wp-content\/uploads\/2019\/12\/pilon-de-lumina-Canada.jpg\" alt=\"\" width=\"542\" height=\"359\" srcset=\"https:\/\/www.lovendal.ro\/wp52\/wp-content\/uploads\/2019\/12\/pilon-de-lumina-Canada.jpg 542w, https:\/\/www.lovendal.ro\/wp52\/wp-content\/uploads\/2019\/12\/pilon-de-lumina-Canada-300x199.jpg 300w\" sizes=\"auto, (max-width: 542px) 100vw, 542px\" \/><\/a><figcaption id=\"caption-attachment-65419\" class=\"wp-caption-text\"><strong>Imagine:<\/strong> captura <a href=\"https:\/\/www.youtube.com\/watch?v=_mUUm2cdEIo&amp;feature=emb_title\" target=\"_blank\" rel=\"noopener noreferrer\"><strong>YouTube<\/strong><\/a><\/figcaption><\/figure>\n","protected":false},"excerpt":{"rendered":"<p>\u00cen seara datei de 27 noiembrie 2019, locuitorii din Edmonton (regiunea Alberta, Canada) au fost uimi\u021bi de prezen\u021ba unei raze gigantice de lumin\u0103, care p\u0103rea s\u0103 fie proiectat\u0103 de o sfer\u0103 uria\u0219\u0103 de lumin\u0103, care se afla l\u00e2ng\u0103 o rafin\u0103rie &#8230; <\/p>\n<p class=\"read-more-container\"><a title=\"Panic\u0103 general\u0103 \u00eentr-un ora\u015f din Canada: o raz\u0103 misterioas\u0103, provenit\u0103 dintr-o sfer\u0103 de lumin\u0103, a fost v\u0103zut\u0103 pe cerul nop\u0163ii\" class=\"read-more button\" href=\"https:\/\/www.lovendal.ro\/wp52\/panica-generala-intr-un-oras-din-canada-o-raza-misterioasa-provenita-dintr-o-sfera-de-lumina-a-fost-vazuta-pe-cerul-noptii\/#more-65417\" aria-label=\"Cite\u0219te mai multe despre Panic\u0103 general\u0103 \u00eentr-un ora\u015f din Canada: o raz\u0103 misterioas\u0103, provenit\u0103 dintr-o sfer\u0103 de lumin\u0103, a fost v\u0103zut\u0103 pe cerul nop\u0163ii\">Cititi mai multe<\/a><\/p>\n","protected":false},"author":1,"featured_media":65418,"comment_status":"closed","ping_status":"open","sticky":false,"template":"","format":"standard","meta":{"footnotes":""},"categories":[5040],"tags":[9818,272,13967,51,15,2693,1741,12097,952,7818,151,3234,1189,552,5114,4474],"class_list":["post-65417","post","type-post","status-publish","format-standard","has-post-thumbnail","hentry","category-bizar","tag-bizar","tag-canada","tag-edmonton","tag-extraterestri","tag-fotografie","tag-gaze","tag-incendiu","tag-invazie-extraterestra","tag-lumina","tag-nava-extraterestra","tag-oras","tag-petrol","tag-politie","tag-pompieri","tag-rafinarie","tag-twitter","resize-featured-image"],"yoast_head":"<!-- This site is optimized with the Yoast SEO Premium plugin v23.3 (Yoast SEO v27.4) - https:\/\/yoast.com\/product\/yoast-seo-premium-wordpress\/ -->\n<title>Panic\u0103 general\u0103 \u00eentr-un ora\u015f din Canada: o raz\u0103 misterioas\u0103, provenit\u0103 dintr-o sfer\u0103 de lumin\u0103, a fost v\u0103zut\u0103 pe cerul nop\u0163ii - Secretele lui Lovendal<\/title>\n<meta name=\"robots\" content=\"index, follow, max-snippet:-1, max-image-preview:large, max-video-preview:-1\" \/>\n<link rel=\"canonical\" href=\"https:\/\/www.lovendal.ro\/wp52\/panica-generala-intr-un-oras-din-canada-o-raza-misterioasa-provenita-dintr-o-sfera-de-lumina-a-fost-vazuta-pe-cerul-noptii\/\" \/>\n<meta property=\"og:locale\" content=\"ro_RO\" \/>\n<meta property=\"og:type\" content=\"article\" \/>\n<meta property=\"og:title\" content=\"Panic\u0103 general\u0103 \u00eentr-un ora\u015f din Canada: o raz\u0103 misterioas\u0103, provenit\u0103 dintr-o sfer\u0103 de lumin\u0103, a fost v\u0103zut\u0103 pe cerul nop\u0163ii\" \/>\n<meta property=\"og:description\" content=\"\u00cen seara datei de 27 noiembrie 2019, locuitorii din Edmonton (regiunea Alberta, Canada) au fost uimi\u021bi de prezen\u021ba unei raze gigantice de lumin\u0103, care p\u0103rea s\u0103 fie proiectat\u0103 de o sfer\u0103 uria\u0219\u0103 de lumin\u0103, care se afla l\u00e2ng\u0103 o rafin\u0103rie ... Cititi mai multe\" \/>\n<meta property=\"og:url\" content=\"https:\/\/www.lovendal.ro\/wp52\/panica-generala-intr-un-oras-din-canada-o-raza-misterioasa-provenita-dintr-o-sfera-de-lumina-a-fost-vazuta-pe-cerul-noptii\/\" \/>\n<meta property=\"og:site_name\" content=\"Secretele lui Lovendal\" \/>\n<meta property=\"article:publisher\" content=\"https:\/\/www.facebook.com\/secreteleluilovendal\" \/>\n<meta property=\"article:published_time\" content=\"2019-12-03T11:06:32+00:00\" \/>\n<meta property=\"og:image\" content=\"https:\/\/www.lovendal.ro\/wp52\/wp-content\/uploads\/2019\/12\/pilon-de-lumina-Canada-coperta.jpg\" \/>\n\t<meta property=\"og:image:width\" content=\"341\" \/>\n\t<meta property=\"og:image:height\" content=\"226\" \/>\n\t<meta property=\"og:image:type\" content=\"image\/jpeg\" \/>\n<meta name=\"author\" content=\"admin\" \/>\n<meta name=\"twitter:card\" content=\"summary_large_image\" \/>\n<meta name=\"twitter:label1\" content=\"Scris de\" \/>\n\t<meta name=\"twitter:data1\" content=\"admin\" \/>\n\t<meta name=\"twitter:label2\" content=\"Timp estimat pentru citire\" \/>\n\t<meta name=\"twitter:data2\" content=\"2 minute\" \/>\n<script type=\"application\/ld+json\" class=\"yoast-schema-graph\">{\"@context\":\"https:\\\/\\\/schema.org\",\"@graph\":[{\"@type\":\"Article\",\"@id\":\"https:\\\/\\\/www.lovendal.ro\\\/wp52\\\/panica-generala-intr-un-oras-din-canada-o-raza-misterioasa-provenita-dintr-o-sfera-de-lumina-a-fost-vazuta-pe-cerul-noptii\\\/#article\",\"isPartOf\":{\"@id\":\"https:\\\/\\\/www.lovendal.ro\\\/wp52\\\/panica-generala-intr-un-oras-din-canada-o-raza-misterioasa-provenita-dintr-o-sfera-de-lumina-a-fost-vazuta-pe-cerul-noptii\\\/\"},\"author\":{\"name\":\"admin\",\"@id\":\"https:\\\/\\\/www.lovendal.ro\\\/wp52\\\/#\\\/schema\\\/person\\\/088691de5dfc346bb0c023e1e52ef5d9\"},\"headline\":\"Panic\u0103 general\u0103 \u00eentr-un ora\u015f din Canada: o raz\u0103 misterioas\u0103, provenit\u0103 dintr-o sfer\u0103 de lumin\u0103, a fost v\u0103zut\u0103 pe cerul nop\u0163ii\",\"datePublished\":\"2019-12-03T11:06:32+00:00\",\"mainEntityOfPage\":{\"@id\":\"https:\\\/\\\/www.lovendal.ro\\\/wp52\\\/panica-generala-intr-un-oras-din-canada-o-raza-misterioasa-provenita-dintr-o-sfera-de-lumina-a-fost-vazuta-pe-cerul-noptii\\\/\"},\"wordCount\":373,\"publisher\":{\"@id\":\"https:\\\/\\\/www.lovendal.ro\\\/wp52\\\/#organization\"},\"image\":{\"@id\":\"https:\\\/\\\/www.lovendal.ro\\\/wp52\\\/panica-generala-intr-un-oras-din-canada-o-raza-misterioasa-provenita-dintr-o-sfera-de-lumina-a-fost-vazuta-pe-cerul-noptii\\\/#primaryimage\"},\"thumbnailUrl\":\"https:\\\/\\\/www.lovendal.ro\\\/wp52\\\/wp-content\\\/uploads\\\/2019\\\/12\\\/pilon-de-lumina-Canada-coperta.jpg\",\"keywords\":[\"Bizar\",\"Canada\",\"Edmonton\",\"extratere\u015ftri\",\"fotografie\",\"gaze\",\"incendiu\",\"invazie extraterestr\u0103\",\"lumin\u0103\",\"nav\u0103 extraterestr\u0103\",\"ora\u015f\",\"petrol\",\"poli\u0163ie\",\"pompieri\",\"rafin\u0103rie\",\"Twitter\"],\"articleSection\":[\"Bizar\"],\"inLanguage\":\"ro-RO\"},{\"@type\":\"WebPage\",\"@id\":\"https:\\\/\\\/www.lovendal.ro\\\/wp52\\\/panica-generala-intr-un-oras-din-canada-o-raza-misterioasa-provenita-dintr-o-sfera-de-lumina-a-fost-vazuta-pe-cerul-noptii\\\/\",\"url\":\"https:\\\/\\\/www.lovendal.ro\\\/wp52\\\/panica-generala-intr-un-oras-din-canada-o-raza-misterioasa-provenita-dintr-o-sfera-de-lumina-a-fost-vazuta-pe-cerul-noptii\\\/\",\"name\":\"Panic\u0103 general\u0103 \u00eentr-un ora\u015f din Canada: o raz\u0103 misterioas\u0103, provenit\u0103 dintr-o sfer\u0103 de lumin\u0103, a fost v\u0103zut\u0103 pe cerul nop\u0163ii - Secretele lui Lovendal\",\"isPartOf\":{\"@id\":\"https:\\\/\\\/www.lovendal.ro\\\/wp52\\\/#website\"},\"primaryImageOfPage\":{\"@id\":\"https:\\\/\\\/www.lovendal.ro\\\/wp52\\\/panica-generala-intr-un-oras-din-canada-o-raza-misterioasa-provenita-dintr-o-sfera-de-lumina-a-fost-vazuta-pe-cerul-noptii\\\/#primaryimage\"},\"image\":{\"@id\":\"https:\\\/\\\/www.lovendal.ro\\\/wp52\\\/panica-generala-intr-un-oras-din-canada-o-raza-misterioasa-provenita-dintr-o-sfera-de-lumina-a-fost-vazuta-pe-cerul-noptii\\\/#primaryimage\"},\"thumbnailUrl\":\"https:\\\/\\\/www.lovendal.ro\\\/wp52\\\/wp-content\\\/uploads\\\/2019\\\/12\\\/pilon-de-lumina-Canada-coperta.jpg\",\"datePublished\":\"2019-12-03T11:06:32+00:00\",\"breadcrumb\":{\"@id\":\"https:\\\/\\\/www.lovendal.ro\\\/wp52\\\/panica-generala-intr-un-oras-din-canada-o-raza-misterioasa-provenita-dintr-o-sfera-de-lumina-a-fost-vazuta-pe-cerul-noptii\\\/#breadcrumb\"},\"inLanguage\":\"ro-RO\",\"potentialAction\":[{\"@type\":\"ReadAction\",\"target\":[\"https:\\\/\\\/www.lovendal.ro\\\/wp52\\\/panica-generala-intr-un-oras-din-canada-o-raza-misterioasa-provenita-dintr-o-sfera-de-lumina-a-fost-vazuta-pe-cerul-noptii\\\/\"]}]},{\"@type\":\"ImageObject\",\"inLanguage\":\"ro-RO\",\"@id\":\"https:\\\/\\\/www.lovendal.ro\\\/wp52\\\/panica-generala-intr-un-oras-din-canada-o-raza-misterioasa-provenita-dintr-o-sfera-de-lumina-a-fost-vazuta-pe-cerul-noptii\\\/#primaryimage\",\"url\":\"https:\\\/\\\/www.lovendal.ro\\\/wp52\\\/wp-content\\\/uploads\\\/2019\\\/12\\\/pilon-de-lumina-Canada-coperta.jpg\",\"contentUrl\":\"https:\\\/\\\/www.lovendal.ro\\\/wp52\\\/wp-content\\\/uploads\\\/2019\\\/12\\\/pilon-de-lumina-Canada-coperta.jpg\",\"width\":341,\"height\":226,\"caption\":\"Imagine: captura YouTube\"},{\"@type\":\"BreadcrumbList\",\"@id\":\"https:\\\/\\\/www.lovendal.ro\\\/wp52\\\/panica-generala-intr-un-oras-din-canada-o-raza-misterioasa-provenita-dintr-o-sfera-de-lumina-a-fost-vazuta-pe-cerul-noptii\\\/#breadcrumb\",\"itemListElement\":[{\"@type\":\"ListItem\",\"position\":1,\"name\":\"Home\",\"item\":\"https:\\\/\\\/www.lovendal.ro\\\/wp52\\\/\"},{\"@type\":\"ListItem\",\"position\":2,\"name\":\"Panic\u0103 general\u0103 \u00eentr-un ora\u015f din Canada: o raz\u0103 misterioas\u0103, provenit\u0103 dintr-o sfer\u0103 de lumin\u0103, a fost v\u0103zut\u0103 pe cerul nop\u0163ii\"}]},{\"@type\":\"WebSite\",\"@id\":\"https:\\\/\\\/www.lovendal.ro\\\/wp52\\\/#website\",\"url\":\"https:\\\/\\\/www.lovendal.ro\\\/wp52\\\/\",\"name\":\"Secretele lui Lovendal\",\"description\":\"Site de secrete, stiinta si metafizica - din 2008 -\",\"publisher\":{\"@id\":\"https:\\\/\\\/www.lovendal.ro\\\/wp52\\\/#organization\"},\"potentialAction\":[{\"@type\":\"SearchAction\",\"target\":{\"@type\":\"EntryPoint\",\"urlTemplate\":\"https:\\\/\\\/www.lovendal.ro\\\/wp52\\\/?s={search_term_string}\"},\"query-input\":{\"@type\":\"PropertyValueSpecification\",\"valueRequired\":true,\"valueName\":\"search_term_string\"}}],\"inLanguage\":\"ro-RO\"},{\"@type\":\"Organization\",\"@id\":\"https:\\\/\\\/www.lovendal.ro\\\/wp52\\\/#organization\",\"name\":\"Secretele lui Lovendal\",\"url\":\"https:\\\/\\\/www.lovendal.ro\\\/wp52\\\/\",\"logo\":{\"@type\":\"ImageObject\",\"inLanguage\":\"ro-RO\",\"@id\":\"https:\\\/\\\/www.lovendal.ro\\\/wp52\\\/#\\\/schema\\\/logo\\\/image\\\/\",\"url\":\"https:\\\/\\\/www.lovendal.ro\\\/wp52\\\/wp-content\\\/uploads\\\/2024\\\/06\\\/cropped-SLL-iun-2024-1.jpg\",\"contentUrl\":\"https:\\\/\\\/www.lovendal.ro\\\/wp52\\\/wp-content\\\/uploads\\\/2024\\\/06\\\/cropped-SLL-iun-2024-1.jpg\",\"width\":771,\"height\":240,\"caption\":\"Secretele lui Lovendal\"},\"image\":{\"@id\":\"https:\\\/\\\/www.lovendal.ro\\\/wp52\\\/#\\\/schema\\\/logo\\\/image\\\/\"},\"sameAs\":[\"https:\\\/\\\/www.facebook.com\\\/secreteleluilovendal\"]},{\"@type\":\"Person\",\"@id\":\"https:\\\/\\\/www.lovendal.ro\\\/wp52\\\/#\\\/schema\\\/person\\\/088691de5dfc346bb0c023e1e52ef5d9\",\"name\":\"admin\",\"image\":{\"@type\":\"ImageObject\",\"inLanguage\":\"ro-RO\",\"@id\":\"https:\\\/\\\/secure.gravatar.com\\\/avatar\\\/ecb9cd41f5f63c9c9b989999a59f6e2639a865ec361e9db054db0679a8f341c2?s=96&d=mm&r=g\",\"url\":\"https:\\\/\\\/secure.gravatar.com\\\/avatar\\\/ecb9cd41f5f63c9c9b989999a59f6e2639a865ec361e9db054db0679a8f341c2?s=96&d=mm&r=g\",\"contentUrl\":\"https:\\\/\\\/secure.gravatar.com\\\/avatar\\\/ecb9cd41f5f63c9c9b989999a59f6e2639a865ec361e9db054db0679a8f341c2?s=96&d=mm&r=g\",\"caption\":\"admin\"},\"sameAs\":[\"https:\\\/\\\/www.lovendal.ro\\\/wp52\"]}]}<\/script>\n<!-- \/ Yoast SEO Premium plugin. -->","yoast_head_json":{"title":"Panic\u0103 general\u0103 \u00eentr-un ora\u015f din Canada: o raz\u0103 misterioas\u0103, provenit\u0103 dintr-o sfer\u0103 de lumin\u0103, a fost v\u0103zut\u0103 pe cerul nop\u0163ii - Secretele lui Lovendal","robots":{"index":"index","follow":"follow","max-snippet":"max-snippet:-1","max-image-preview":"max-image-preview:large","max-video-preview":"max-video-preview:-1"},"canonical":"https:\/\/www.lovendal.ro\/wp52\/panica-generala-intr-un-oras-din-canada-o-raza-misterioasa-provenita-dintr-o-sfera-de-lumina-a-fost-vazuta-pe-cerul-noptii\/","og_locale":"ro_RO","og_type":"article","og_title":"Panic\u0103 general\u0103 \u00eentr-un ora\u015f din Canada: o raz\u0103 misterioas\u0103, provenit\u0103 dintr-o sfer\u0103 de lumin\u0103, a fost v\u0103zut\u0103 pe cerul nop\u0163ii","og_description":"\u00cen seara datei de 27 noiembrie 2019, locuitorii din Edmonton (regiunea Alberta, Canada) au fost uimi\u021bi de prezen\u021ba unei raze gigantice de lumin\u0103, care p\u0103rea s\u0103 fie proiectat\u0103 de o sfer\u0103 uria\u0219\u0103 de lumin\u0103, care se afla l\u00e2ng\u0103 o rafin\u0103rie ... Cititi mai multe","og_url":"https:\/\/www.lovendal.ro\/wp52\/panica-generala-intr-un-oras-din-canada-o-raza-misterioasa-provenita-dintr-o-sfera-de-lumina-a-fost-vazuta-pe-cerul-noptii\/","og_site_name":"Secretele lui Lovendal","article_publisher":"https:\/\/www.facebook.com\/secreteleluilovendal","article_published_time":"2019-12-03T11:06:32+00:00","og_image":[{"width":341,"height":226,"url":"https:\/\/www.lovendal.ro\/wp52\/wp-content\/uploads\/2019\/12\/pilon-de-lumina-Canada-coperta.jpg","type":"image\/jpeg"}],"author":"admin","twitter_card":"summary_large_image","twitter_misc":{"Scris de":"admin","Timp estimat pentru citire":"2 minute"},"schema":{"@context":"https:\/\/schema.org","@graph":[{"@type":"Article","@id":"https:\/\/www.lovendal.ro\/wp52\/panica-generala-intr-un-oras-din-canada-o-raza-misterioasa-provenita-dintr-o-sfera-de-lumina-a-fost-vazuta-pe-cerul-noptii\/#article","isPartOf":{"@id":"https:\/\/www.lovendal.ro\/wp52\/panica-generala-intr-un-oras-din-canada-o-raza-misterioasa-provenita-dintr-o-sfera-de-lumina-a-fost-vazuta-pe-cerul-noptii\/"},"author":{"name":"admin","@id":"https:\/\/www.lovendal.ro\/wp52\/#\/schema\/person\/088691de5dfc346bb0c023e1e52ef5d9"},"headline":"Panic\u0103 general\u0103 \u00eentr-un ora\u015f din Canada: o raz\u0103 misterioas\u0103, provenit\u0103 dintr-o sfer\u0103 de lumin\u0103, a fost v\u0103zut\u0103 pe cerul nop\u0163ii","datePublished":"2019-12-03T11:06:32+00:00","mainEntityOfPage":{"@id":"https:\/\/www.lovendal.ro\/wp52\/panica-generala-intr-un-oras-din-canada-o-raza-misterioasa-provenita-dintr-o-sfera-de-lumina-a-fost-vazuta-pe-cerul-noptii\/"},"wordCount":373,"publisher":{"@id":"https:\/\/www.lovendal.ro\/wp52\/#organization"},"image":{"@id":"https:\/\/www.lovendal.ro\/wp52\/panica-generala-intr-un-oras-din-canada-o-raza-misterioasa-provenita-dintr-o-sfera-de-lumina-a-fost-vazuta-pe-cerul-noptii\/#primaryimage"},"thumbnailUrl":"https:\/\/www.lovendal.ro\/wp52\/wp-content\/uploads\/2019\/12\/pilon-de-lumina-Canada-coperta.jpg","keywords":["Bizar","Canada","Edmonton","extratere\u015ftri","fotografie","gaze","incendiu","invazie extraterestr\u0103","lumin\u0103","nav\u0103 extraterestr\u0103","ora\u015f","petrol","poli\u0163ie","pompieri","rafin\u0103rie","Twitter"],"articleSection":["Bizar"],"inLanguage":"ro-RO"},{"@type":"WebPage","@id":"https:\/\/www.lovendal.ro\/wp52\/panica-generala-intr-un-oras-din-canada-o-raza-misterioasa-provenita-dintr-o-sfera-de-lumina-a-fost-vazuta-pe-cerul-noptii\/","url":"https:\/\/www.lovendal.ro\/wp52\/panica-generala-intr-un-oras-din-canada-o-raza-misterioasa-provenita-dintr-o-sfera-de-lumina-a-fost-vazuta-pe-cerul-noptii\/","name":"Panic\u0103 general\u0103 \u00eentr-un ora\u015f din Canada: o raz\u0103 misterioas\u0103, provenit\u0103 dintr-o sfer\u0103 de lumin\u0103, a fost v\u0103zut\u0103 pe cerul nop\u0163ii - Secretele lui Lovendal","isPartOf":{"@id":"https:\/\/www.lovendal.ro\/wp52\/#website"},"primaryImageOfPage":{"@id":"https:\/\/www.lovendal.ro\/wp52\/panica-generala-intr-un-oras-din-canada-o-raza-misterioasa-provenita-dintr-o-sfera-de-lumina-a-fost-vazuta-pe-cerul-noptii\/#primaryimage"},"image":{"@id":"https:\/\/www.lovendal.ro\/wp52\/panica-generala-intr-un-oras-din-canada-o-raza-misterioasa-provenita-dintr-o-sfera-de-lumina-a-fost-vazuta-pe-cerul-noptii\/#primaryimage"},"thumbnailUrl":"https:\/\/www.lovendal.ro\/wp52\/wp-content\/uploads\/2019\/12\/pilon-de-lumina-Canada-coperta.jpg","datePublished":"2019-12-03T11:06:32+00:00","breadcrumb":{"@id":"https:\/\/www.lovendal.ro\/wp52\/panica-generala-intr-un-oras-din-canada-o-raza-misterioasa-provenita-dintr-o-sfera-de-lumina-a-fost-vazuta-pe-cerul-noptii\/#breadcrumb"},"inLanguage":"ro-RO","potentialAction":[{"@type":"ReadAction","target":["https:\/\/www.lovendal.ro\/wp52\/panica-generala-intr-un-oras-din-canada-o-raza-misterioasa-provenita-dintr-o-sfera-de-lumina-a-fost-vazuta-pe-cerul-noptii\/"]}]},{"@type":"ImageObject","inLanguage":"ro-RO","@id":"https:\/\/www.lovendal.ro\/wp52\/panica-generala-intr-un-oras-din-canada-o-raza-misterioasa-provenita-dintr-o-sfera-de-lumina-a-fost-vazuta-pe-cerul-noptii\/#primaryimage","url":"https:\/\/www.lovendal.ro\/wp52\/wp-content\/uploads\/2019\/12\/pilon-de-lumina-Canada-coperta.jpg","contentUrl":"https:\/\/www.lovendal.ro\/wp52\/wp-content\/uploads\/2019\/12\/pilon-de-lumina-Canada-coperta.jpg","width":341,"height":226,"caption":"Imagine: captura YouTube"},{"@type":"BreadcrumbList","@id":"https:\/\/www.lovendal.ro\/wp52\/panica-generala-intr-un-oras-din-canada-o-raza-misterioasa-provenita-dintr-o-sfera-de-lumina-a-fost-vazuta-pe-cerul-noptii\/#breadcrumb","itemListElement":[{"@type":"ListItem","position":1,"name":"Home","item":"https:\/\/www.lovendal.ro\/wp52\/"},{"@type":"ListItem","position":2,"name":"Panic\u0103 general\u0103 \u00eentr-un ora\u015f din Canada: o raz\u0103 misterioas\u0103, provenit\u0103 dintr-o sfer\u0103 de lumin\u0103, a fost v\u0103zut\u0103 pe cerul nop\u0163ii"}]},{"@type":"WebSite","@id":"https:\/\/www.lovendal.ro\/wp52\/#website","url":"https:\/\/www.lovendal.ro\/wp52\/","name":"Secretele lui Lovendal","description":"Site de secrete, stiinta si metafizica - din 2008 -","publisher":{"@id":"https:\/\/www.lovendal.ro\/wp52\/#organization"},"potentialAction":[{"@type":"SearchAction","target":{"@type":"EntryPoint","urlTemplate":"https:\/\/www.lovendal.ro\/wp52\/?s={search_term_string}"},"query-input":{"@type":"PropertyValueSpecification","valueRequired":true,"valueName":"search_term_string"}}],"inLanguage":"ro-RO"},{"@type":"Organization","@id":"https:\/\/www.lovendal.ro\/wp52\/#organization","name":"Secretele lui Lovendal","url":"https:\/\/www.lovendal.ro\/wp52\/","logo":{"@type":"ImageObject","inLanguage":"ro-RO","@id":"https:\/\/www.lovendal.ro\/wp52\/#\/schema\/logo\/image\/","url":"https:\/\/www.lovendal.ro\/wp52\/wp-content\/uploads\/2024\/06\/cropped-SLL-iun-2024-1.jpg","contentUrl":"https:\/\/www.lovendal.ro\/wp52\/wp-content\/uploads\/2024\/06\/cropped-SLL-iun-2024-1.jpg","width":771,"height":240,"caption":"Secretele lui Lovendal"},"image":{"@id":"https:\/\/www.lovendal.ro\/wp52\/#\/schema\/logo\/image\/"},"sameAs":["https:\/\/www.facebook.com\/secreteleluilovendal"]},{"@type":"Person","@id":"https:\/\/www.lovendal.ro\/wp52\/#\/schema\/person\/088691de5dfc346bb0c023e1e52ef5d9","name":"admin","image":{"@type":"ImageObject","inLanguage":"ro-RO","@id":"https:\/\/secure.gravatar.com\/avatar\/ecb9cd41f5f63c9c9b989999a59f6e2639a865ec361e9db054db0679a8f341c2?s=96&d=mm&r=g","url":"https:\/\/secure.gravatar.com\/avatar\/ecb9cd41f5f63c9c9b989999a59f6e2639a865ec361e9db054db0679a8f341c2?s=96&d=mm&r=g","contentUrl":"https:\/\/secure.gravatar.com\/avatar\/ecb9cd41f5f63c9c9b989999a59f6e2639a865ec361e9db054db0679a8f341c2?s=96&d=mm&r=g","caption":"admin"},"sameAs":["https:\/\/www.lovendal.ro\/wp52"]}]}},"_links":{"self":[{"href":"https:\/\/www.lovendal.ro\/wp52\/wp-json\/wp\/v2\/posts\/65417","targetHints":{"allow":["GET"]}}],"collection":[{"href":"https:\/\/www.lovendal.ro\/wp52\/wp-json\/wp\/v2\/posts"}],"about":[{"href":"https:\/\/www.lovendal.ro\/wp52\/wp-json\/wp\/v2\/types\/post"}],"author":[{"embeddable":true,"href":"https:\/\/www.lovendal.ro\/wp52\/wp-json\/wp\/v2\/users\/1"}],"replies":[{"embeddable":true,"href":"https:\/\/www.lovendal.ro\/wp52\/wp-json\/wp\/v2\/comments?post=65417"}],"version-history":[{"count":0,"href":"https:\/\/www.lovendal.ro\/wp52\/wp-json\/wp\/v2\/posts\/65417\/revisions"}],"wp:featuredmedia":[{"embeddable":true,"href":"https:\/\/www.lovendal.ro\/wp52\/wp-json\/wp\/v2\/media\/65418"}],"wp:attachment":[{"href":"https:\/\/www.lovendal.ro\/wp52\/wp-json\/wp\/v2\/media?parent=65417"}],"wp:term":[{"taxonomy":"category","embeddable":true,"href":"https:\/\/www.lovendal.ro\/wp52\/wp-json\/wp\/v2\/categories?post=65417"},{"taxonomy":"post_tag","embeddable":true,"href":"https:\/\/www.lovendal.ro\/wp52\/wp-json\/wp\/v2\/tags?post=65417"}],"curies":[{"name":"wp","href":"https:\/\/api.w.org\/{rel}","templated":true}]}}