{"id":65368,"date":"2019-11-29T10:12:35","date_gmt":"2019-11-29T08:12:35","guid":{"rendered":"https:\/\/www.lovendal.ro\/wp52\/?p=65368"},"modified":"2019-11-29T10:12:35","modified_gmt":"2019-11-29T08:12:35","slug":"specialistii-de-la-nasa-au-ramas-perplecsi-un-zid-de-plasma-fierbinte-ne-inconjoara-sistemul-solar","status":"publish","type":"post","link":"https:\/\/www.lovendal.ro\/wp52\/specialistii-de-la-nasa-au-ramas-perplecsi-un-zid-de-plasma-fierbinte-ne-inconjoara-sistemul-solar\/","title":{"rendered":"Speciali\u015ftii de la NASA au r\u0103mas perplec\u015fi: un &#8222;zid&#8221; de plasm\u0103 fierbinte ne \u00eenconjoar\u0103 sistemul solar!"},"content":{"rendered":"<figure id=\"attachment_65369\" aria-describedby=\"caption-attachment-65369\" style=\"width: 338px\" class=\"wp-caption alignleft\"><a href=\"https:\/\/www.lovendal.ro\/wp52\/wp-content\/uploads\/2019\/11\/sistem-solar.jpg\"><img loading=\"lazy\" decoding=\"async\" class=\"size-full wp-image-65369\" src=\"https:\/\/www.lovendal.ro\/wp52\/wp-content\/uploads\/2019\/11\/sistem-solar.jpg\" alt=\"\" width=\"348\" height=\"270\" srcset=\"https:\/\/www.lovendal.ro\/wp52\/wp-content\/uploads\/2019\/11\/sistem-solar.jpg 348w, https:\/\/www.lovendal.ro\/wp52\/wp-content\/uploads\/2019\/11\/sistem-solar-300x233.jpg 300w\" sizes=\"auto, (max-width: 348px) 100vw, 348px\" \/><\/a><figcaption id=\"caption-attachment-65369\" class=\"wp-caption-text\"><strong>Imagine:<\/strong> NASA (Commons Creative &#8211; free)<\/figcaption><\/figure>\n<p>Universul nostru are at\u00e2tea mistere, \u00eenc\u00e2t cu greu ar putea fi ele rezolvate vreodat\u0103. Iar unul din mistere se reg\u0103se\u015fte chiar \u00een \u015ftirea de mai jos. Astfel, conform speciali\u015ftilor de la NASA, sistemul nostru solar este \u00eenconjurat de un &#8222;zid&#8221; de plasm\u0103 fierbinte, care \u00eel separ\u0103 de spa\u021biul interstelar. Aparent, c\u00e2nd sonda spa\u0163ial\u0103 Voyager 2 a c\u0103l\u0103torit dincolo de limitele sistemului nostru solar, senzorii s\u0103i au capturat o temperatur\u0103 care a ajuns p\u00e2n\u0103 la 31.000 de grade Celsius!<\/p>\n<p>Se pare c\u0103 bariera descoperit\u0103 de NASA este creat\u0103 de v\u00e2ntul solar care provine de la steaua noastr\u0103. Din aceast\u0103 cauz\u0103, Voyager 2 nu a putut s\u0103 dep\u0103\u0219easc\u0103 bariara pentru a ajunge \u00een spa\u021biul interstelar, fiind blocat \u00eentr-o faz\u0103 de tranzi\u021bie. Pentru moment, nu exist\u0103 informa\u0163ii cu privire la grosimea \u0219i densitatea barierei.<\/p>\n<p>Exist\u0103 posibilitatea ca bariera plasmatic\u0103 s\u0103 denatureze datele \u00eenregistrate \u00een spa\u021biul exterior sistemului nostru solar, ceea ce ne conduce la crearea unor concep\u021bii gre\u0219ite \u0219i ne\u00een\u021belegeri despre ceea ce se afl\u0103 dincolo de Soarele nostru. Ceea ce este clar este c\u0103 suntem departe de a cunoa\u0219te totul despre ceea ce este \u00een afara sistemului nostru solar.<\/p>\n<p>La temperatura aceasta imens\u0103 (de 31.000 de grade Celsius), ce materiale sunt necesare pentru ca o nav\u0103 spa\u0163ial\u0103 s\u0103 poat\u0103 traversa &#8222;zidul&#8221; de plasm\u0103? Cum au reu\u015fit extratere\u015ftrii s-o fac\u0103 dac\u0103 au ajuns vreodat\u0103 cu o nav\u0103 spa\u0163ial\u0103 pe P\u0103m\u00e2nt?<\/p>\n","protected":false},"excerpt":{"rendered":"<p>Universul nostru are at\u00e2tea mistere, \u00eenc\u00e2t cu greu ar putea fi ele rezolvate vreodat\u0103. Iar unul din mistere se reg\u0103se\u015fte chiar \u00een \u015ftirea de mai jos. Astfel, conform speciali\u015ftilor de la NASA, sistemul nostru solar este \u00eenconjurat de un &#8222;zid&#8221; &#8230; <\/p>\n<p class=\"read-more-container\"><a title=\"Speciali\u015ftii de la NASA au r\u0103mas perplec\u015fi: un &#8222;zid&#8221; de plasm\u0103 fierbinte ne \u00eenconjoar\u0103 sistemul solar!\" class=\"read-more button\" href=\"https:\/\/www.lovendal.ro\/wp52\/specialistii-de-la-nasa-au-ramas-perplecsi-un-zid-de-plasma-fierbinte-ne-inconjoara-sistemul-solar\/#more-65368\" aria-label=\"Cite\u0219te mai multe despre Speciali\u015ftii de la NASA au r\u0103mas perplec\u015fi: un &#8222;zid&#8221; de plasm\u0103 fierbinte ne \u00eenconjoar\u0103 sistemul solar!\">Cititi mai multe<\/a><\/p>\n","protected":false},"author":1,"featured_media":65369,"comment_status":"closed","ping_status":"open","sticky":false,"template":"","format":"standard","meta":{"footnotes":""},"categories":[11039],"tags":[102,51,150,1324,105,660,865,2358,1087,4477,9445],"class_list":["post-65368","post","type-post","status-publish","format-standard","has-post-thumbnail","hentry","category-astronomie","tag-astronomie","tag-extraterestri","tag-nasa","tag-nava-spatiala","tag-pamant","tag-plasma","tag-soare","tag-temperatura","tag-univers","tag-vant-solar","tag-voyager-2","resize-featured-image"],"yoast_head":"<!-- This site is optimized with the Yoast SEO Premium plugin v23.3 (Yoast SEO v27.4) - https:\/\/yoast.com\/product\/yoast-seo-premium-wordpress\/ -->\n<title>Speciali\u015ftii de la NASA au r\u0103mas perplec\u015fi: un &quot;zid&quot; de plasm\u0103 fierbinte ne \u00eenconjoar\u0103 sistemul solar! - Secretele lui Lovendal<\/title>\n<meta name=\"robots\" content=\"index, follow, max-snippet:-1, max-image-preview:large, max-video-preview:-1\" \/>\n<link rel=\"canonical\" href=\"https:\/\/www.lovendal.ro\/wp52\/specialistii-de-la-nasa-au-ramas-perplecsi-un-zid-de-plasma-fierbinte-ne-inconjoara-sistemul-solar\/\" \/>\n<meta property=\"og:locale\" content=\"ro_RO\" \/>\n<meta property=\"og:type\" content=\"article\" \/>\n<meta property=\"og:title\" content=\"Speciali\u015ftii de la NASA au r\u0103mas perplec\u015fi: un &quot;zid&quot; de plasm\u0103 fierbinte ne \u00eenconjoar\u0103 sistemul solar!\" \/>\n<meta property=\"og:description\" content=\"Universul nostru are at\u00e2tea mistere, \u00eenc\u00e2t cu greu ar putea fi ele rezolvate vreodat\u0103. Iar unul din mistere se reg\u0103se\u015fte chiar \u00een \u015ftirea de mai jos. Astfel, conform speciali\u015ftilor de la NASA, sistemul nostru solar este \u00eenconjurat de un &#8222;zid&#8221; ... Cititi mai multe\" \/>\n<meta property=\"og:url\" content=\"https:\/\/www.lovendal.ro\/wp52\/specialistii-de-la-nasa-au-ramas-perplecsi-un-zid-de-plasma-fierbinte-ne-inconjoara-sistemul-solar\/\" \/>\n<meta property=\"og:site_name\" content=\"Secretele lui Lovendal\" \/>\n<meta property=\"article:publisher\" content=\"https:\/\/www.facebook.com\/secreteleluilovendal\" \/>\n<meta property=\"article:published_time\" content=\"2019-11-29T08:12:35+00:00\" \/>\n<meta property=\"og:image\" content=\"https:\/\/www.lovendal.ro\/wp52\/wp-content\/uploads\/2019\/11\/sistem-solar.jpg\" \/>\n\t<meta property=\"og:image:width\" content=\"348\" \/>\n\t<meta property=\"og:image:height\" content=\"270\" \/>\n\t<meta property=\"og:image:type\" content=\"image\/jpeg\" \/>\n<meta name=\"author\" content=\"admin\" \/>\n<meta name=\"twitter:card\" content=\"summary_large_image\" \/>\n<meta name=\"twitter:label1\" content=\"Scris de\" \/>\n\t<meta name=\"twitter:data1\" content=\"admin\" \/>\n\t<meta name=\"twitter:label2\" content=\"Timp estimat pentru citire\" \/>\n\t<meta name=\"twitter:data2\" content=\"1 minut\" \/>\n<script type=\"application\/ld+json\" class=\"yoast-schema-graph\">{\"@context\":\"https:\\\/\\\/schema.org\",\"@graph\":[{\"@type\":\"Article\",\"@id\":\"https:\\\/\\\/www.lovendal.ro\\\/wp52\\\/specialistii-de-la-nasa-au-ramas-perplecsi-un-zid-de-plasma-fierbinte-ne-inconjoara-sistemul-solar\\\/#article\",\"isPartOf\":{\"@id\":\"https:\\\/\\\/www.lovendal.ro\\\/wp52\\\/specialistii-de-la-nasa-au-ramas-perplecsi-un-zid-de-plasma-fierbinte-ne-inconjoara-sistemul-solar\\\/\"},\"author\":{\"name\":\"admin\",\"@id\":\"https:\\\/\\\/www.lovendal.ro\\\/wp52\\\/#\\\/schema\\\/person\\\/088691de5dfc346bb0c023e1e52ef5d9\"},\"headline\":\"Speciali\u015ftii de la NASA au r\u0103mas perplec\u015fi: un &#8222;zid&#8221; de plasm\u0103 fierbinte ne \u00eenconjoar\u0103 sistemul solar!\",\"datePublished\":\"2019-11-29T08:12:35+00:00\",\"mainEntityOfPage\":{\"@id\":\"https:\\\/\\\/www.lovendal.ro\\\/wp52\\\/specialistii-de-la-nasa-au-ramas-perplecsi-un-zid-de-plasma-fierbinte-ne-inconjoara-sistemul-solar\\\/\"},\"wordCount\":284,\"publisher\":{\"@id\":\"https:\\\/\\\/www.lovendal.ro\\\/wp52\\\/#organization\"},\"image\":{\"@id\":\"https:\\\/\\\/www.lovendal.ro\\\/wp52\\\/specialistii-de-la-nasa-au-ramas-perplecsi-un-zid-de-plasma-fierbinte-ne-inconjoara-sistemul-solar\\\/#primaryimage\"},\"thumbnailUrl\":\"https:\\\/\\\/www.lovendal.ro\\\/wp52\\\/wp-content\\\/uploads\\\/2019\\\/11\\\/sistem-solar.jpg\",\"keywords\":[\"astronomie\",\"extratere\u015ftri\",\"NASA\",\"nav\u0103 spa\u0163ial\u0103\",\"P\u0103m\u00e2nt\",\"plasm\u0103\",\"Soare\",\"temperatur\u0103\",\"Univers\",\"v\u00e2nt solar\",\"Voyager 2\"],\"articleSection\":[\"Astronomie\"],\"inLanguage\":\"ro-RO\"},{\"@type\":\"WebPage\",\"@id\":\"https:\\\/\\\/www.lovendal.ro\\\/wp52\\\/specialistii-de-la-nasa-au-ramas-perplecsi-un-zid-de-plasma-fierbinte-ne-inconjoara-sistemul-solar\\\/\",\"url\":\"https:\\\/\\\/www.lovendal.ro\\\/wp52\\\/specialistii-de-la-nasa-au-ramas-perplecsi-un-zid-de-plasma-fierbinte-ne-inconjoara-sistemul-solar\\\/\",\"name\":\"Speciali\u015ftii de la NASA au r\u0103mas perplec\u015fi: un \\\"zid\\\" de plasm\u0103 fierbinte ne \u00eenconjoar\u0103 sistemul solar! - Secretele lui Lovendal\",\"isPartOf\":{\"@id\":\"https:\\\/\\\/www.lovendal.ro\\\/wp52\\\/#website\"},\"primaryImageOfPage\":{\"@id\":\"https:\\\/\\\/www.lovendal.ro\\\/wp52\\\/specialistii-de-la-nasa-au-ramas-perplecsi-un-zid-de-plasma-fierbinte-ne-inconjoara-sistemul-solar\\\/#primaryimage\"},\"image\":{\"@id\":\"https:\\\/\\\/www.lovendal.ro\\\/wp52\\\/specialistii-de-la-nasa-au-ramas-perplecsi-un-zid-de-plasma-fierbinte-ne-inconjoara-sistemul-solar\\\/#primaryimage\"},\"thumbnailUrl\":\"https:\\\/\\\/www.lovendal.ro\\\/wp52\\\/wp-content\\\/uploads\\\/2019\\\/11\\\/sistem-solar.jpg\",\"datePublished\":\"2019-11-29T08:12:35+00:00\",\"breadcrumb\":{\"@id\":\"https:\\\/\\\/www.lovendal.ro\\\/wp52\\\/specialistii-de-la-nasa-au-ramas-perplecsi-un-zid-de-plasma-fierbinte-ne-inconjoara-sistemul-solar\\\/#breadcrumb\"},\"inLanguage\":\"ro-RO\",\"potentialAction\":[{\"@type\":\"ReadAction\",\"target\":[\"https:\\\/\\\/www.lovendal.ro\\\/wp52\\\/specialistii-de-la-nasa-au-ramas-perplecsi-un-zid-de-plasma-fierbinte-ne-inconjoara-sistemul-solar\\\/\"]}]},{\"@type\":\"ImageObject\",\"inLanguage\":\"ro-RO\",\"@id\":\"https:\\\/\\\/www.lovendal.ro\\\/wp52\\\/specialistii-de-la-nasa-au-ramas-perplecsi-un-zid-de-plasma-fierbinte-ne-inconjoara-sistemul-solar\\\/#primaryimage\",\"url\":\"https:\\\/\\\/www.lovendal.ro\\\/wp52\\\/wp-content\\\/uploads\\\/2019\\\/11\\\/sistem-solar.jpg\",\"contentUrl\":\"https:\\\/\\\/www.lovendal.ro\\\/wp52\\\/wp-content\\\/uploads\\\/2019\\\/11\\\/sistem-solar.jpg\",\"width\":348,\"height\":270,\"caption\":\"Imagine: NASA (Commons Creative - free)\"},{\"@type\":\"BreadcrumbList\",\"@id\":\"https:\\\/\\\/www.lovendal.ro\\\/wp52\\\/specialistii-de-la-nasa-au-ramas-perplecsi-un-zid-de-plasma-fierbinte-ne-inconjoara-sistemul-solar\\\/#breadcrumb\",\"itemListElement\":[{\"@type\":\"ListItem\",\"position\":1,\"name\":\"Home\",\"item\":\"https:\\\/\\\/www.lovendal.ro\\\/wp52\\\/\"},{\"@type\":\"ListItem\",\"position\":2,\"name\":\"Speciali\u015ftii de la NASA au r\u0103mas perplec\u015fi: un &#8222;zid&#8221; de plasm\u0103 fierbinte ne \u00eenconjoar\u0103 sistemul solar!\"}]},{\"@type\":\"WebSite\",\"@id\":\"https:\\\/\\\/www.lovendal.ro\\\/wp52\\\/#website\",\"url\":\"https:\\\/\\\/www.lovendal.ro\\\/wp52\\\/\",\"name\":\"Secretele lui Lovendal\",\"description\":\"Site de secrete, stiinta si metafizica - din 2008 -\",\"publisher\":{\"@id\":\"https:\\\/\\\/www.lovendal.ro\\\/wp52\\\/#organization\"},\"potentialAction\":[{\"@type\":\"SearchAction\",\"target\":{\"@type\":\"EntryPoint\",\"urlTemplate\":\"https:\\\/\\\/www.lovendal.ro\\\/wp52\\\/?s={search_term_string}\"},\"query-input\":{\"@type\":\"PropertyValueSpecification\",\"valueRequired\":true,\"valueName\":\"search_term_string\"}}],\"inLanguage\":\"ro-RO\"},{\"@type\":\"Organization\",\"@id\":\"https:\\\/\\\/www.lovendal.ro\\\/wp52\\\/#organization\",\"name\":\"Secretele lui Lovendal\",\"url\":\"https:\\\/\\\/www.lovendal.ro\\\/wp52\\\/\",\"logo\":{\"@type\":\"ImageObject\",\"inLanguage\":\"ro-RO\",\"@id\":\"https:\\\/\\\/www.lovendal.ro\\\/wp52\\\/#\\\/schema\\\/logo\\\/image\\\/\",\"url\":\"https:\\\/\\\/www.lovendal.ro\\\/wp52\\\/wp-content\\\/uploads\\\/2024\\\/06\\\/cropped-SLL-iun-2024-1.jpg\",\"contentUrl\":\"https:\\\/\\\/www.lovendal.ro\\\/wp52\\\/wp-content\\\/uploads\\\/2024\\\/06\\\/cropped-SLL-iun-2024-1.jpg\",\"width\":771,\"height\":240,\"caption\":\"Secretele lui Lovendal\"},\"image\":{\"@id\":\"https:\\\/\\\/www.lovendal.ro\\\/wp52\\\/#\\\/schema\\\/logo\\\/image\\\/\"},\"sameAs\":[\"https:\\\/\\\/www.facebook.com\\\/secreteleluilovendal\"]},{\"@type\":\"Person\",\"@id\":\"https:\\\/\\\/www.lovendal.ro\\\/wp52\\\/#\\\/schema\\\/person\\\/088691de5dfc346bb0c023e1e52ef5d9\",\"name\":\"admin\",\"image\":{\"@type\":\"ImageObject\",\"inLanguage\":\"ro-RO\",\"@id\":\"https:\\\/\\\/secure.gravatar.com\\\/avatar\\\/ecb9cd41f5f63c9c9b989999a59f6e2639a865ec361e9db054db0679a8f341c2?s=96&d=mm&r=g\",\"url\":\"https:\\\/\\\/secure.gravatar.com\\\/avatar\\\/ecb9cd41f5f63c9c9b989999a59f6e2639a865ec361e9db054db0679a8f341c2?s=96&d=mm&r=g\",\"contentUrl\":\"https:\\\/\\\/secure.gravatar.com\\\/avatar\\\/ecb9cd41f5f63c9c9b989999a59f6e2639a865ec361e9db054db0679a8f341c2?s=96&d=mm&r=g\",\"caption\":\"admin\"},\"sameAs\":[\"https:\\\/\\\/www.lovendal.ro\\\/wp52\"]}]}<\/script>\n<!-- \/ Yoast SEO Premium plugin. -->","yoast_head_json":{"title":"Speciali\u015ftii de la NASA au r\u0103mas perplec\u015fi: un \"zid\" de plasm\u0103 fierbinte ne \u00eenconjoar\u0103 sistemul solar! - Secretele lui Lovendal","robots":{"index":"index","follow":"follow","max-snippet":"max-snippet:-1","max-image-preview":"max-image-preview:large","max-video-preview":"max-video-preview:-1"},"canonical":"https:\/\/www.lovendal.ro\/wp52\/specialistii-de-la-nasa-au-ramas-perplecsi-un-zid-de-plasma-fierbinte-ne-inconjoara-sistemul-solar\/","og_locale":"ro_RO","og_type":"article","og_title":"Speciali\u015ftii de la NASA au r\u0103mas perplec\u015fi: un \"zid\" de plasm\u0103 fierbinte ne \u00eenconjoar\u0103 sistemul solar!","og_description":"Universul nostru are at\u00e2tea mistere, \u00eenc\u00e2t cu greu ar putea fi ele rezolvate vreodat\u0103. Iar unul din mistere se reg\u0103se\u015fte chiar \u00een \u015ftirea de mai jos. Astfel, conform speciali\u015ftilor de la NASA, sistemul nostru solar este \u00eenconjurat de un &#8222;zid&#8221; ... Cititi mai multe","og_url":"https:\/\/www.lovendal.ro\/wp52\/specialistii-de-la-nasa-au-ramas-perplecsi-un-zid-de-plasma-fierbinte-ne-inconjoara-sistemul-solar\/","og_site_name":"Secretele lui Lovendal","article_publisher":"https:\/\/www.facebook.com\/secreteleluilovendal","article_published_time":"2019-11-29T08:12:35+00:00","og_image":[{"width":348,"height":270,"url":"https:\/\/www.lovendal.ro\/wp52\/wp-content\/uploads\/2019\/11\/sistem-solar.jpg","type":"image\/jpeg"}],"author":"admin","twitter_card":"summary_large_image","twitter_misc":{"Scris de":"admin","Timp estimat pentru citire":"1 minut"},"schema":{"@context":"https:\/\/schema.org","@graph":[{"@type":"Article","@id":"https:\/\/www.lovendal.ro\/wp52\/specialistii-de-la-nasa-au-ramas-perplecsi-un-zid-de-plasma-fierbinte-ne-inconjoara-sistemul-solar\/#article","isPartOf":{"@id":"https:\/\/www.lovendal.ro\/wp52\/specialistii-de-la-nasa-au-ramas-perplecsi-un-zid-de-plasma-fierbinte-ne-inconjoara-sistemul-solar\/"},"author":{"name":"admin","@id":"https:\/\/www.lovendal.ro\/wp52\/#\/schema\/person\/088691de5dfc346bb0c023e1e52ef5d9"},"headline":"Speciali\u015ftii de la NASA au r\u0103mas perplec\u015fi: un &#8222;zid&#8221; de plasm\u0103 fierbinte ne \u00eenconjoar\u0103 sistemul solar!","datePublished":"2019-11-29T08:12:35+00:00","mainEntityOfPage":{"@id":"https:\/\/www.lovendal.ro\/wp52\/specialistii-de-la-nasa-au-ramas-perplecsi-un-zid-de-plasma-fierbinte-ne-inconjoara-sistemul-solar\/"},"wordCount":284,"publisher":{"@id":"https:\/\/www.lovendal.ro\/wp52\/#organization"},"image":{"@id":"https:\/\/www.lovendal.ro\/wp52\/specialistii-de-la-nasa-au-ramas-perplecsi-un-zid-de-plasma-fierbinte-ne-inconjoara-sistemul-solar\/#primaryimage"},"thumbnailUrl":"https:\/\/www.lovendal.ro\/wp52\/wp-content\/uploads\/2019\/11\/sistem-solar.jpg","keywords":["astronomie","extratere\u015ftri","NASA","nav\u0103 spa\u0163ial\u0103","P\u0103m\u00e2nt","plasm\u0103","Soare","temperatur\u0103","Univers","v\u00e2nt solar","Voyager 2"],"articleSection":["Astronomie"],"inLanguage":"ro-RO"},{"@type":"WebPage","@id":"https:\/\/www.lovendal.ro\/wp52\/specialistii-de-la-nasa-au-ramas-perplecsi-un-zid-de-plasma-fierbinte-ne-inconjoara-sistemul-solar\/","url":"https:\/\/www.lovendal.ro\/wp52\/specialistii-de-la-nasa-au-ramas-perplecsi-un-zid-de-plasma-fierbinte-ne-inconjoara-sistemul-solar\/","name":"Speciali\u015ftii de la NASA au r\u0103mas perplec\u015fi: un \"zid\" de plasm\u0103 fierbinte ne \u00eenconjoar\u0103 sistemul solar! - Secretele lui Lovendal","isPartOf":{"@id":"https:\/\/www.lovendal.ro\/wp52\/#website"},"primaryImageOfPage":{"@id":"https:\/\/www.lovendal.ro\/wp52\/specialistii-de-la-nasa-au-ramas-perplecsi-un-zid-de-plasma-fierbinte-ne-inconjoara-sistemul-solar\/#primaryimage"},"image":{"@id":"https:\/\/www.lovendal.ro\/wp52\/specialistii-de-la-nasa-au-ramas-perplecsi-un-zid-de-plasma-fierbinte-ne-inconjoara-sistemul-solar\/#primaryimage"},"thumbnailUrl":"https:\/\/www.lovendal.ro\/wp52\/wp-content\/uploads\/2019\/11\/sistem-solar.jpg","datePublished":"2019-11-29T08:12:35+00:00","breadcrumb":{"@id":"https:\/\/www.lovendal.ro\/wp52\/specialistii-de-la-nasa-au-ramas-perplecsi-un-zid-de-plasma-fierbinte-ne-inconjoara-sistemul-solar\/#breadcrumb"},"inLanguage":"ro-RO","potentialAction":[{"@type":"ReadAction","target":["https:\/\/www.lovendal.ro\/wp52\/specialistii-de-la-nasa-au-ramas-perplecsi-un-zid-de-plasma-fierbinte-ne-inconjoara-sistemul-solar\/"]}]},{"@type":"ImageObject","inLanguage":"ro-RO","@id":"https:\/\/www.lovendal.ro\/wp52\/specialistii-de-la-nasa-au-ramas-perplecsi-un-zid-de-plasma-fierbinte-ne-inconjoara-sistemul-solar\/#primaryimage","url":"https:\/\/www.lovendal.ro\/wp52\/wp-content\/uploads\/2019\/11\/sistem-solar.jpg","contentUrl":"https:\/\/www.lovendal.ro\/wp52\/wp-content\/uploads\/2019\/11\/sistem-solar.jpg","width":348,"height":270,"caption":"Imagine: NASA (Commons Creative - free)"},{"@type":"BreadcrumbList","@id":"https:\/\/www.lovendal.ro\/wp52\/specialistii-de-la-nasa-au-ramas-perplecsi-un-zid-de-plasma-fierbinte-ne-inconjoara-sistemul-solar\/#breadcrumb","itemListElement":[{"@type":"ListItem","position":1,"name":"Home","item":"https:\/\/www.lovendal.ro\/wp52\/"},{"@type":"ListItem","position":2,"name":"Speciali\u015ftii de la NASA au r\u0103mas perplec\u015fi: un &#8222;zid&#8221; de plasm\u0103 fierbinte ne \u00eenconjoar\u0103 sistemul solar!"}]},{"@type":"WebSite","@id":"https:\/\/www.lovendal.ro\/wp52\/#website","url":"https:\/\/www.lovendal.ro\/wp52\/","name":"Secretele lui Lovendal","description":"Site de secrete, stiinta si metafizica - din 2008 -","publisher":{"@id":"https:\/\/www.lovendal.ro\/wp52\/#organization"},"potentialAction":[{"@type":"SearchAction","target":{"@type":"EntryPoint","urlTemplate":"https:\/\/www.lovendal.ro\/wp52\/?s={search_term_string}"},"query-input":{"@type":"PropertyValueSpecification","valueRequired":true,"valueName":"search_term_string"}}],"inLanguage":"ro-RO"},{"@type":"Organization","@id":"https:\/\/www.lovendal.ro\/wp52\/#organization","name":"Secretele lui Lovendal","url":"https:\/\/www.lovendal.ro\/wp52\/","logo":{"@type":"ImageObject","inLanguage":"ro-RO","@id":"https:\/\/www.lovendal.ro\/wp52\/#\/schema\/logo\/image\/","url":"https:\/\/www.lovendal.ro\/wp52\/wp-content\/uploads\/2024\/06\/cropped-SLL-iun-2024-1.jpg","contentUrl":"https:\/\/www.lovendal.ro\/wp52\/wp-content\/uploads\/2024\/06\/cropped-SLL-iun-2024-1.jpg","width":771,"height":240,"caption":"Secretele lui Lovendal"},"image":{"@id":"https:\/\/www.lovendal.ro\/wp52\/#\/schema\/logo\/image\/"},"sameAs":["https:\/\/www.facebook.com\/secreteleluilovendal"]},{"@type":"Person","@id":"https:\/\/www.lovendal.ro\/wp52\/#\/schema\/person\/088691de5dfc346bb0c023e1e52ef5d9","name":"admin","image":{"@type":"ImageObject","inLanguage":"ro-RO","@id":"https:\/\/secure.gravatar.com\/avatar\/ecb9cd41f5f63c9c9b989999a59f6e2639a865ec361e9db054db0679a8f341c2?s=96&d=mm&r=g","url":"https:\/\/secure.gravatar.com\/avatar\/ecb9cd41f5f63c9c9b989999a59f6e2639a865ec361e9db054db0679a8f341c2?s=96&d=mm&r=g","contentUrl":"https:\/\/secure.gravatar.com\/avatar\/ecb9cd41f5f63c9c9b989999a59f6e2639a865ec361e9db054db0679a8f341c2?s=96&d=mm&r=g","caption":"admin"},"sameAs":["https:\/\/www.lovendal.ro\/wp52"]}]}},"_links":{"self":[{"href":"https:\/\/www.lovendal.ro\/wp52\/wp-json\/wp\/v2\/posts\/65368","targetHints":{"allow":["GET"]}}],"collection":[{"href":"https:\/\/www.lovendal.ro\/wp52\/wp-json\/wp\/v2\/posts"}],"about":[{"href":"https:\/\/www.lovendal.ro\/wp52\/wp-json\/wp\/v2\/types\/post"}],"author":[{"embeddable":true,"href":"https:\/\/www.lovendal.ro\/wp52\/wp-json\/wp\/v2\/users\/1"}],"replies":[{"embeddable":true,"href":"https:\/\/www.lovendal.ro\/wp52\/wp-json\/wp\/v2\/comments?post=65368"}],"version-history":[{"count":0,"href":"https:\/\/www.lovendal.ro\/wp52\/wp-json\/wp\/v2\/posts\/65368\/revisions"}],"wp:featuredmedia":[{"embeddable":true,"href":"https:\/\/www.lovendal.ro\/wp52\/wp-json\/wp\/v2\/media\/65369"}],"wp:attachment":[{"href":"https:\/\/www.lovendal.ro\/wp52\/wp-json\/wp\/v2\/media?parent=65368"}],"wp:term":[{"taxonomy":"category","embeddable":true,"href":"https:\/\/www.lovendal.ro\/wp52\/wp-json\/wp\/v2\/categories?post=65368"},{"taxonomy":"post_tag","embeddable":true,"href":"https:\/\/www.lovendal.ro\/wp52\/wp-json\/wp\/v2\/tags?post=65368"}],"curies":[{"name":"wp","href":"https:\/\/api.w.org\/{rel}","templated":true}]}}