{"id":6480,"date":"2009-07-26T08:35:14","date_gmt":"2009-07-26T05:35:14","guid":{"rendered":"http:\/\/www.lovendal.net\/wp52\/?p=6480"},"modified":"2009-07-26T08:35:14","modified_gmt":"2009-07-26T05:35:14","slug":"churchill-rasistulsunt-de-acord-cu-folosirea-gazelor-toxice-impotriva-triburilor-de-salbatici","status":"publish","type":"post","link":"https:\/\/www.lovendal.ro\/wp52\/churchill-rasistulsunt-de-acord-cu-folosirea-gazelor-toxice-impotriva-triburilor-de-salbatici\/","title":{"rendered":"Churchill, rasistul:&#8221;Sunt de acord cu folosirea gazelor toxice \u00eempotriva triburilor de s\u0103lbatici&#8221;"},"content":{"rendered":"<p><a href=\"https:\/\/www.lovendal.ro\/wp52\/wp-content\/uploads\/2009\/07\/churchill25.jpg\"><img loading=\"lazy\" decoding=\"async\" class=\"alignleft size-full wp-image-6481\" title=\"churchill25\" src=\"https:\/\/www.lovendal.ro\/wp52\/wp-content\/uploads\/2009\/07\/churchill25.jpg\" alt=\"churchill25\" width=\"303\" height=\"216\" srcset=\"https:\/\/www.lovendal.ro\/wp52\/wp-content\/uploads\/2009\/07\/churchill25.jpg 335w, https:\/\/www.lovendal.ro\/wp52\/wp-content\/uploads\/2009\/07\/churchill25-300x214.jpg 300w\" sizes=\"auto, (max-width: 303px) 100vw, 303px\" \/><\/a>Calit\u0103\u0163ile lui Churchill (fostul mare prim-ministru al Marii Britaniei) de politician \u015fi orator au fost unanim recunoscute \u015fi nu-i de mirare c\u0103, \u00eentr-un sondaj realizat de BBC, Winston Churchill a fost declarat \u201ecel mai mare britanic al secolului XX\u201d. Nu exist\u0103 niciun dubiu c\u0103 retorica sa, cultura sa vast\u0103, \u00eel situeaz\u0103 deasupra oric\u0103rui alt politician contemporan \u015fi mul\u0163i cunosc cel pu\u0163in dou\u0103 dintre nenum\u0103ratele sale vorbe de duh.<\/p>\n<p>\u015ei totu\u015fi, acest laureat al premiului Nobel pentru Literatur\u0103, acest eliberator al popoarelor de sub opresiunea hitlerista sau japonez\u0103, nu a fost cu nimic mai pu\u0163in rasist dec\u00e2t marele s\u0103u du\u015fman, Hitler. <em>\u201eNu admit c\u0103 pieilor ro\u015fii din America sau popula\u0163iei negroide din Australia li s-ar fi f\u0103cut un mare r\u0103u din cauz\u0103 c\u0103 o ras\u0103 superioar\u0103, cea alb\u0103, le-a luat locul\u201d.<\/em> Nu, nu este un fragment din Mein Kampf, ci declara\u0163ia lui Churchill la lucr\u0103rile Comisiei Regale asupra Palestinei, din 1937.<\/p>\n<p>Ca pre\u015fedinte al Consiliului Avia\u0163iei, el era \u015fi mai tran\u015fant: <em>\u201eNu \u00een\u0163eleg discu\u0163iile despre folosirea gazelor de lupt\u0103. Sunt total de acord cu folosirea gazelor toxice \u00eempotriva unor triburi de s\u0103lbatici.\u201d<\/em><\/p>\n","protected":false},"excerpt":{"rendered":"<p>Calit\u0103\u0163ile lui Churchill (fostul mare prim-ministru al Marii Britaniei) de politician \u015fi orator au fost unanim recunoscute \u015fi nu-i de mirare c\u0103, \u00eentr-un sondaj realizat de BBC, Winston Churchill a fost declarat \u201ecel mai mare britanic al secolului XX\u201d. Nu &#8230; <\/p>\n<p class=\"read-more-container\"><a title=\"Churchill, rasistul:&#8221;Sunt de acord cu folosirea gazelor toxice \u00eempotriva triburilor de s\u0103lbatici&#8221;\" class=\"read-more button\" href=\"https:\/\/www.lovendal.ro\/wp52\/churchill-rasistulsunt-de-acord-cu-folosirea-gazelor-toxice-impotriva-triburilor-de-salbatici\/#more-6480\" aria-label=\"Cite\u0219te mai multe despre Churchill, rasistul:&#8221;Sunt de acord cu folosirea gazelor toxice \u00eempotriva triburilor de s\u0103lbatici&#8221;\">Cititi mai multe<\/a><\/p>\n","protected":false},"author":1,"featured_media":6481,"comment_status":"open","ping_status":"closed","sticky":false,"template":"","format":"standard","meta":{"footnotes":""},"categories":[9],"tags":[83,1532,392,531,1896],"class_list":["post-6480","post","type-post","status-publish","format-standard","has-post-thumbnail","hentry","category-istorie","tag-churchill","tag-istorie-si-civilizatii","tag-marea-britanie","tag-prim-ministru","tag-rasism","resize-featured-image"],"yoast_head":"<!-- This site is optimized with the Yoast SEO Premium plugin v23.3 (Yoast SEO v27.4) - https:\/\/yoast.com\/product\/yoast-seo-premium-wordpress\/ -->\n<title>Churchill, rasistul:&quot;Sunt de acord cu folosirea gazelor toxice \u00eempotriva triburilor de s\u0103lbatici&quot; - Secretele lui Lovendal<\/title>\n<meta name=\"robots\" content=\"index, follow, max-snippet:-1, max-image-preview:large, max-video-preview:-1\" \/>\n<link rel=\"canonical\" href=\"https:\/\/www.lovendal.ro\/wp52\/churchill-rasistulsunt-de-acord-cu-folosirea-gazelor-toxice-impotriva-triburilor-de-salbatici\/\" \/>\n<meta property=\"og:locale\" content=\"ro_RO\" \/>\n<meta property=\"og:type\" content=\"article\" \/>\n<meta property=\"og:title\" content=\"Churchill, rasistul:&quot;Sunt de acord cu folosirea gazelor toxice \u00eempotriva triburilor de s\u0103lbatici&quot;\" \/>\n<meta property=\"og:description\" content=\"Calit\u0103\u0163ile lui Churchill (fostul mare prim-ministru al Marii Britaniei) de politician \u015fi orator au fost unanim recunoscute \u015fi nu-i de mirare c\u0103, \u00eentr-un sondaj realizat de BBC, Winston Churchill a fost declarat \u201ecel mai mare britanic al secolului XX\u201d. Nu ... Cititi mai multe\" \/>\n<meta property=\"og:url\" content=\"https:\/\/www.lovendal.ro\/wp52\/churchill-rasistulsunt-de-acord-cu-folosirea-gazelor-toxice-impotriva-triburilor-de-salbatici\/\" \/>\n<meta property=\"og:site_name\" content=\"Secretele lui Lovendal\" \/>\n<meta property=\"article:publisher\" content=\"https:\/\/www.facebook.com\/secreteleluilovendal\" \/>\n<meta property=\"article:published_time\" content=\"2009-07-26T05:35:14+00:00\" \/>\n<meta property=\"og:image\" content=\"https:\/\/www.lovendal.ro\/wp52\/wp-content\/uploads\/2009\/07\/churchill25.jpg\" \/>\n\t<meta property=\"og:image:width\" content=\"335\" \/>\n\t<meta property=\"og:image:height\" content=\"239\" \/>\n\t<meta property=\"og:image:type\" content=\"image\/jpeg\" \/>\n<meta name=\"author\" content=\"admin\" \/>\n<meta name=\"twitter:card\" content=\"summary_large_image\" \/>\n<meta name=\"twitter:label1\" content=\"Scris de\" \/>\n\t<meta name=\"twitter:data1\" content=\"admin\" \/>\n\t<meta name=\"twitter:label2\" content=\"Timp estimat pentru citire\" \/>\n\t<meta name=\"twitter:data2\" content=\"1 minut\" \/>\n<script type=\"application\/ld+json\" class=\"yoast-schema-graph\">{\"@context\":\"https:\\\/\\\/schema.org\",\"@graph\":[{\"@type\":\"Article\",\"@id\":\"https:\\\/\\\/www.lovendal.ro\\\/wp52\\\/churchill-rasistulsunt-de-acord-cu-folosirea-gazelor-toxice-impotriva-triburilor-de-salbatici\\\/#article\",\"isPartOf\":{\"@id\":\"https:\\\/\\\/www.lovendal.ro\\\/wp52\\\/churchill-rasistulsunt-de-acord-cu-folosirea-gazelor-toxice-impotriva-triburilor-de-salbatici\\\/\"},\"author\":{\"name\":\"admin\",\"@id\":\"https:\\\/\\\/www.lovendal.ro\\\/wp52\\\/#\\\/schema\\\/person\\\/088691de5dfc346bb0c023e1e52ef5d9\"},\"headline\":\"Churchill, rasistul:&#8221;Sunt de acord cu folosirea gazelor toxice \u00eempotriva triburilor de s\u0103lbatici&#8221;\",\"datePublished\":\"2009-07-26T05:35:14+00:00\",\"mainEntityOfPage\":{\"@id\":\"https:\\\/\\\/www.lovendal.ro\\\/wp52\\\/churchill-rasistulsunt-de-acord-cu-folosirea-gazelor-toxice-impotriva-triburilor-de-salbatici\\\/\"},\"wordCount\":216,\"commentCount\":1,\"publisher\":{\"@id\":\"https:\\\/\\\/www.lovendal.ro\\\/wp52\\\/#organization\"},\"image\":{\"@id\":\"https:\\\/\\\/www.lovendal.ro\\\/wp52\\\/churchill-rasistulsunt-de-acord-cu-folosirea-gazelor-toxice-impotriva-triburilor-de-salbatici\\\/#primaryimage\"},\"thumbnailUrl\":\"https:\\\/\\\/www.lovendal.ro\\\/wp52\\\/wp-content\\\/uploads\\\/2009\\\/07\\\/churchill25.jpg\",\"keywords\":[\"Churchill\",\"Istorie si Civilizatii\",\"Marea Britanie\",\"prim-ministru\",\"rasism\"],\"articleSection\":[\"Istorie si Civilizatii\"],\"inLanguage\":\"ro-RO\",\"potentialAction\":[{\"@type\":\"CommentAction\",\"name\":\"Comment\",\"target\":[\"https:\\\/\\\/www.lovendal.ro\\\/wp52\\\/churchill-rasistulsunt-de-acord-cu-folosirea-gazelor-toxice-impotriva-triburilor-de-salbatici\\\/#respond\"]}]},{\"@type\":\"WebPage\",\"@id\":\"https:\\\/\\\/www.lovendal.ro\\\/wp52\\\/churchill-rasistulsunt-de-acord-cu-folosirea-gazelor-toxice-impotriva-triburilor-de-salbatici\\\/\",\"url\":\"https:\\\/\\\/www.lovendal.ro\\\/wp52\\\/churchill-rasistulsunt-de-acord-cu-folosirea-gazelor-toxice-impotriva-triburilor-de-salbatici\\\/\",\"name\":\"Churchill, rasistul:\\\"Sunt de acord cu folosirea gazelor toxice \u00eempotriva triburilor de s\u0103lbatici\\\" - Secretele lui Lovendal\",\"isPartOf\":{\"@id\":\"https:\\\/\\\/www.lovendal.ro\\\/wp52\\\/#website\"},\"primaryImageOfPage\":{\"@id\":\"https:\\\/\\\/www.lovendal.ro\\\/wp52\\\/churchill-rasistulsunt-de-acord-cu-folosirea-gazelor-toxice-impotriva-triburilor-de-salbatici\\\/#primaryimage\"},\"image\":{\"@id\":\"https:\\\/\\\/www.lovendal.ro\\\/wp52\\\/churchill-rasistulsunt-de-acord-cu-folosirea-gazelor-toxice-impotriva-triburilor-de-salbatici\\\/#primaryimage\"},\"thumbnailUrl\":\"https:\\\/\\\/www.lovendal.ro\\\/wp52\\\/wp-content\\\/uploads\\\/2009\\\/07\\\/churchill25.jpg\",\"datePublished\":\"2009-07-26T05:35:14+00:00\",\"breadcrumb\":{\"@id\":\"https:\\\/\\\/www.lovendal.ro\\\/wp52\\\/churchill-rasistulsunt-de-acord-cu-folosirea-gazelor-toxice-impotriva-triburilor-de-salbatici\\\/#breadcrumb\"},\"inLanguage\":\"ro-RO\",\"potentialAction\":[{\"@type\":\"ReadAction\",\"target\":[\"https:\\\/\\\/www.lovendal.ro\\\/wp52\\\/churchill-rasistulsunt-de-acord-cu-folosirea-gazelor-toxice-impotriva-triburilor-de-salbatici\\\/\"]}]},{\"@type\":\"ImageObject\",\"inLanguage\":\"ro-RO\",\"@id\":\"https:\\\/\\\/www.lovendal.ro\\\/wp52\\\/churchill-rasistulsunt-de-acord-cu-folosirea-gazelor-toxice-impotriva-triburilor-de-salbatici\\\/#primaryimage\",\"url\":\"https:\\\/\\\/www.lovendal.ro\\\/wp52\\\/wp-content\\\/uploads\\\/2009\\\/07\\\/churchill25.jpg\",\"contentUrl\":\"https:\\\/\\\/www.lovendal.ro\\\/wp52\\\/wp-content\\\/uploads\\\/2009\\\/07\\\/churchill25.jpg\",\"width\":\"335\",\"height\":\"239\"},{\"@type\":\"BreadcrumbList\",\"@id\":\"https:\\\/\\\/www.lovendal.ro\\\/wp52\\\/churchill-rasistulsunt-de-acord-cu-folosirea-gazelor-toxice-impotriva-triburilor-de-salbatici\\\/#breadcrumb\",\"itemListElement\":[{\"@type\":\"ListItem\",\"position\":1,\"name\":\"Home\",\"item\":\"https:\\\/\\\/www.lovendal.ro\\\/wp52\\\/\"},{\"@type\":\"ListItem\",\"position\":2,\"name\":\"Churchill, rasistul:&#8221;Sunt de acord cu folosirea gazelor toxice \u00eempotriva triburilor de s\u0103lbatici&#8221;\"}]},{\"@type\":\"WebSite\",\"@id\":\"https:\\\/\\\/www.lovendal.ro\\\/wp52\\\/#website\",\"url\":\"https:\\\/\\\/www.lovendal.ro\\\/wp52\\\/\",\"name\":\"Secretele lui Lovendal\",\"description\":\"Site de secrete, stiinta si metafizica - din 2008 -\",\"publisher\":{\"@id\":\"https:\\\/\\\/www.lovendal.ro\\\/wp52\\\/#organization\"},\"potentialAction\":[{\"@type\":\"SearchAction\",\"target\":{\"@type\":\"EntryPoint\",\"urlTemplate\":\"https:\\\/\\\/www.lovendal.ro\\\/wp52\\\/?s={search_term_string}\"},\"query-input\":{\"@type\":\"PropertyValueSpecification\",\"valueRequired\":true,\"valueName\":\"search_term_string\"}}],\"inLanguage\":\"ro-RO\"},{\"@type\":\"Organization\",\"@id\":\"https:\\\/\\\/www.lovendal.ro\\\/wp52\\\/#organization\",\"name\":\"Secretele lui Lovendal\",\"url\":\"https:\\\/\\\/www.lovendal.ro\\\/wp52\\\/\",\"logo\":{\"@type\":\"ImageObject\",\"inLanguage\":\"ro-RO\",\"@id\":\"https:\\\/\\\/www.lovendal.ro\\\/wp52\\\/#\\\/schema\\\/logo\\\/image\\\/\",\"url\":\"https:\\\/\\\/www.lovendal.ro\\\/wp52\\\/wp-content\\\/uploads\\\/2024\\\/06\\\/cropped-SLL-iun-2024-1.jpg\",\"contentUrl\":\"https:\\\/\\\/www.lovendal.ro\\\/wp52\\\/wp-content\\\/uploads\\\/2024\\\/06\\\/cropped-SLL-iun-2024-1.jpg\",\"width\":771,\"height\":240,\"caption\":\"Secretele lui Lovendal\"},\"image\":{\"@id\":\"https:\\\/\\\/www.lovendal.ro\\\/wp52\\\/#\\\/schema\\\/logo\\\/image\\\/\"},\"sameAs\":[\"https:\\\/\\\/www.facebook.com\\\/secreteleluilovendal\"]},{\"@type\":\"Person\",\"@id\":\"https:\\\/\\\/www.lovendal.ro\\\/wp52\\\/#\\\/schema\\\/person\\\/088691de5dfc346bb0c023e1e52ef5d9\",\"name\":\"admin\",\"image\":{\"@type\":\"ImageObject\",\"inLanguage\":\"ro-RO\",\"@id\":\"https:\\\/\\\/secure.gravatar.com\\\/avatar\\\/ecb9cd41f5f63c9c9b989999a59f6e2639a865ec361e9db054db0679a8f341c2?s=96&d=mm&r=g\",\"url\":\"https:\\\/\\\/secure.gravatar.com\\\/avatar\\\/ecb9cd41f5f63c9c9b989999a59f6e2639a865ec361e9db054db0679a8f341c2?s=96&d=mm&r=g\",\"contentUrl\":\"https:\\\/\\\/secure.gravatar.com\\\/avatar\\\/ecb9cd41f5f63c9c9b989999a59f6e2639a865ec361e9db054db0679a8f341c2?s=96&d=mm&r=g\",\"caption\":\"admin\"},\"sameAs\":[\"https:\\\/\\\/www.lovendal.ro\\\/wp52\"]}]}<\/script>\n<!-- \/ Yoast SEO Premium plugin. -->","yoast_head_json":{"title":"Churchill, rasistul:\"Sunt de acord cu folosirea gazelor toxice \u00eempotriva triburilor de s\u0103lbatici\" - Secretele lui Lovendal","robots":{"index":"index","follow":"follow","max-snippet":"max-snippet:-1","max-image-preview":"max-image-preview:large","max-video-preview":"max-video-preview:-1"},"canonical":"https:\/\/www.lovendal.ro\/wp52\/churchill-rasistulsunt-de-acord-cu-folosirea-gazelor-toxice-impotriva-triburilor-de-salbatici\/","og_locale":"ro_RO","og_type":"article","og_title":"Churchill, rasistul:\"Sunt de acord cu folosirea gazelor toxice \u00eempotriva triburilor de s\u0103lbatici\"","og_description":"Calit\u0103\u0163ile lui Churchill (fostul mare prim-ministru al Marii Britaniei) de politician \u015fi orator au fost unanim recunoscute \u015fi nu-i de mirare c\u0103, \u00eentr-un sondaj realizat de BBC, Winston Churchill a fost declarat \u201ecel mai mare britanic al secolului XX\u201d. Nu ... Cititi mai multe","og_url":"https:\/\/www.lovendal.ro\/wp52\/churchill-rasistulsunt-de-acord-cu-folosirea-gazelor-toxice-impotriva-triburilor-de-salbatici\/","og_site_name":"Secretele lui Lovendal","article_publisher":"https:\/\/www.facebook.com\/secreteleluilovendal","article_published_time":"2009-07-26T05:35:14+00:00","og_image":[{"width":335,"height":239,"url":"https:\/\/www.lovendal.ro\/wp52\/wp-content\/uploads\/2009\/07\/churchill25.jpg","type":"image\/jpeg"}],"author":"admin","twitter_card":"summary_large_image","twitter_misc":{"Scris de":"admin","Timp estimat pentru citire":"1 minut"},"schema":{"@context":"https:\/\/schema.org","@graph":[{"@type":"Article","@id":"https:\/\/www.lovendal.ro\/wp52\/churchill-rasistulsunt-de-acord-cu-folosirea-gazelor-toxice-impotriva-triburilor-de-salbatici\/#article","isPartOf":{"@id":"https:\/\/www.lovendal.ro\/wp52\/churchill-rasistulsunt-de-acord-cu-folosirea-gazelor-toxice-impotriva-triburilor-de-salbatici\/"},"author":{"name":"admin","@id":"https:\/\/www.lovendal.ro\/wp52\/#\/schema\/person\/088691de5dfc346bb0c023e1e52ef5d9"},"headline":"Churchill, rasistul:&#8221;Sunt de acord cu folosirea gazelor toxice \u00eempotriva triburilor de s\u0103lbatici&#8221;","datePublished":"2009-07-26T05:35:14+00:00","mainEntityOfPage":{"@id":"https:\/\/www.lovendal.ro\/wp52\/churchill-rasistulsunt-de-acord-cu-folosirea-gazelor-toxice-impotriva-triburilor-de-salbatici\/"},"wordCount":216,"commentCount":1,"publisher":{"@id":"https:\/\/www.lovendal.ro\/wp52\/#organization"},"image":{"@id":"https:\/\/www.lovendal.ro\/wp52\/churchill-rasistulsunt-de-acord-cu-folosirea-gazelor-toxice-impotriva-triburilor-de-salbatici\/#primaryimage"},"thumbnailUrl":"https:\/\/www.lovendal.ro\/wp52\/wp-content\/uploads\/2009\/07\/churchill25.jpg","keywords":["Churchill","Istorie si Civilizatii","Marea Britanie","prim-ministru","rasism"],"articleSection":["Istorie si Civilizatii"],"inLanguage":"ro-RO","potentialAction":[{"@type":"CommentAction","name":"Comment","target":["https:\/\/www.lovendal.ro\/wp52\/churchill-rasistulsunt-de-acord-cu-folosirea-gazelor-toxice-impotriva-triburilor-de-salbatici\/#respond"]}]},{"@type":"WebPage","@id":"https:\/\/www.lovendal.ro\/wp52\/churchill-rasistulsunt-de-acord-cu-folosirea-gazelor-toxice-impotriva-triburilor-de-salbatici\/","url":"https:\/\/www.lovendal.ro\/wp52\/churchill-rasistulsunt-de-acord-cu-folosirea-gazelor-toxice-impotriva-triburilor-de-salbatici\/","name":"Churchill, rasistul:\"Sunt de acord cu folosirea gazelor toxice \u00eempotriva triburilor de s\u0103lbatici\" - Secretele lui Lovendal","isPartOf":{"@id":"https:\/\/www.lovendal.ro\/wp52\/#website"},"primaryImageOfPage":{"@id":"https:\/\/www.lovendal.ro\/wp52\/churchill-rasistulsunt-de-acord-cu-folosirea-gazelor-toxice-impotriva-triburilor-de-salbatici\/#primaryimage"},"image":{"@id":"https:\/\/www.lovendal.ro\/wp52\/churchill-rasistulsunt-de-acord-cu-folosirea-gazelor-toxice-impotriva-triburilor-de-salbatici\/#primaryimage"},"thumbnailUrl":"https:\/\/www.lovendal.ro\/wp52\/wp-content\/uploads\/2009\/07\/churchill25.jpg","datePublished":"2009-07-26T05:35:14+00:00","breadcrumb":{"@id":"https:\/\/www.lovendal.ro\/wp52\/churchill-rasistulsunt-de-acord-cu-folosirea-gazelor-toxice-impotriva-triburilor-de-salbatici\/#breadcrumb"},"inLanguage":"ro-RO","potentialAction":[{"@type":"ReadAction","target":["https:\/\/www.lovendal.ro\/wp52\/churchill-rasistulsunt-de-acord-cu-folosirea-gazelor-toxice-impotriva-triburilor-de-salbatici\/"]}]},{"@type":"ImageObject","inLanguage":"ro-RO","@id":"https:\/\/www.lovendal.ro\/wp52\/churchill-rasistulsunt-de-acord-cu-folosirea-gazelor-toxice-impotriva-triburilor-de-salbatici\/#primaryimage","url":"https:\/\/www.lovendal.ro\/wp52\/wp-content\/uploads\/2009\/07\/churchill25.jpg","contentUrl":"https:\/\/www.lovendal.ro\/wp52\/wp-content\/uploads\/2009\/07\/churchill25.jpg","width":"335","height":"239"},{"@type":"BreadcrumbList","@id":"https:\/\/www.lovendal.ro\/wp52\/churchill-rasistulsunt-de-acord-cu-folosirea-gazelor-toxice-impotriva-triburilor-de-salbatici\/#breadcrumb","itemListElement":[{"@type":"ListItem","position":1,"name":"Home","item":"https:\/\/www.lovendal.ro\/wp52\/"},{"@type":"ListItem","position":2,"name":"Churchill, rasistul:&#8221;Sunt de acord cu folosirea gazelor toxice \u00eempotriva triburilor de s\u0103lbatici&#8221;"}]},{"@type":"WebSite","@id":"https:\/\/www.lovendal.ro\/wp52\/#website","url":"https:\/\/www.lovendal.ro\/wp52\/","name":"Secretele lui Lovendal","description":"Site de secrete, stiinta si metafizica - din 2008 -","publisher":{"@id":"https:\/\/www.lovendal.ro\/wp52\/#organization"},"potentialAction":[{"@type":"SearchAction","target":{"@type":"EntryPoint","urlTemplate":"https:\/\/www.lovendal.ro\/wp52\/?s={search_term_string}"},"query-input":{"@type":"PropertyValueSpecification","valueRequired":true,"valueName":"search_term_string"}}],"inLanguage":"ro-RO"},{"@type":"Organization","@id":"https:\/\/www.lovendal.ro\/wp52\/#organization","name":"Secretele lui Lovendal","url":"https:\/\/www.lovendal.ro\/wp52\/","logo":{"@type":"ImageObject","inLanguage":"ro-RO","@id":"https:\/\/www.lovendal.ro\/wp52\/#\/schema\/logo\/image\/","url":"https:\/\/www.lovendal.ro\/wp52\/wp-content\/uploads\/2024\/06\/cropped-SLL-iun-2024-1.jpg","contentUrl":"https:\/\/www.lovendal.ro\/wp52\/wp-content\/uploads\/2024\/06\/cropped-SLL-iun-2024-1.jpg","width":771,"height":240,"caption":"Secretele lui Lovendal"},"image":{"@id":"https:\/\/www.lovendal.ro\/wp52\/#\/schema\/logo\/image\/"},"sameAs":["https:\/\/www.facebook.com\/secreteleluilovendal"]},{"@type":"Person","@id":"https:\/\/www.lovendal.ro\/wp52\/#\/schema\/person\/088691de5dfc346bb0c023e1e52ef5d9","name":"admin","image":{"@type":"ImageObject","inLanguage":"ro-RO","@id":"https:\/\/secure.gravatar.com\/avatar\/ecb9cd41f5f63c9c9b989999a59f6e2639a865ec361e9db054db0679a8f341c2?s=96&d=mm&r=g","url":"https:\/\/secure.gravatar.com\/avatar\/ecb9cd41f5f63c9c9b989999a59f6e2639a865ec361e9db054db0679a8f341c2?s=96&d=mm&r=g","contentUrl":"https:\/\/secure.gravatar.com\/avatar\/ecb9cd41f5f63c9c9b989999a59f6e2639a865ec361e9db054db0679a8f341c2?s=96&d=mm&r=g","caption":"admin"},"sameAs":["https:\/\/www.lovendal.ro\/wp52"]}]}},"_links":{"self":[{"href":"https:\/\/www.lovendal.ro\/wp52\/wp-json\/wp\/v2\/posts\/6480","targetHints":{"allow":["GET"]}}],"collection":[{"href":"https:\/\/www.lovendal.ro\/wp52\/wp-json\/wp\/v2\/posts"}],"about":[{"href":"https:\/\/www.lovendal.ro\/wp52\/wp-json\/wp\/v2\/types\/post"}],"author":[{"embeddable":true,"href":"https:\/\/www.lovendal.ro\/wp52\/wp-json\/wp\/v2\/users\/1"}],"replies":[{"embeddable":true,"href":"https:\/\/www.lovendal.ro\/wp52\/wp-json\/wp\/v2\/comments?post=6480"}],"version-history":[{"count":0,"href":"https:\/\/www.lovendal.ro\/wp52\/wp-json\/wp\/v2\/posts\/6480\/revisions"}],"wp:featuredmedia":[{"embeddable":true,"href":"https:\/\/www.lovendal.ro\/wp52\/wp-json\/wp\/v2\/media\/6481"}],"wp:attachment":[{"href":"https:\/\/www.lovendal.ro\/wp52\/wp-json\/wp\/v2\/media?parent=6480"}],"wp:term":[{"taxonomy":"category","embeddable":true,"href":"https:\/\/www.lovendal.ro\/wp52\/wp-json\/wp\/v2\/categories?post=6480"},{"taxonomy":"post_tag","embeddable":true,"href":"https:\/\/www.lovendal.ro\/wp52\/wp-json\/wp\/v2\/tags?post=6480"}],"curies":[{"name":"wp","href":"https:\/\/api.w.org\/{rel}","templated":true}]}}