{"id":64509,"date":"2019-10-14T00:14:18","date_gmt":"2019-10-13T21:14:18","guid":{"rendered":"https:\/\/www.lovendal.ro\/wp52\/?p=64509"},"modified":"2019-10-14T00:14:18","modified_gmt":"2019-10-13T21:14:18","slug":"misteriosii-copii-cu-ochi-negri-exista-in-capitala-italiei-roma-o-poveste-infricosatoare","status":"publish","type":"post","link":"https:\/\/www.lovendal.ro\/wp52\/misteriosii-copii-cu-ochi-negri-exista-in-capitala-italiei-roma-o-poveste-infricosatoare\/","title":{"rendered":"Misterio\u015fii copii cu ochi negri exist\u0103 \u00een capitala Italiei, Roma? O poveste \u00eenfrico\u015f\u0103toare&#8230;"},"content":{"rendered":"<figure id=\"attachment_64510\" aria-describedby=\"caption-attachment-64510\" style=\"width: 332px\" class=\"wp-caption alignleft\"><a href=\"https:\/\/www.lovendal.ro\/wp52\/wp-content\/uploads\/2019\/10\/copii-cu-ochi-negri.jpg\"><img loading=\"lazy\" decoding=\"async\" class=\"size-full wp-image-64510\" src=\"https:\/\/www.lovendal.ro\/wp52\/wp-content\/uploads\/2019\/10\/copii-cu-ochi-negri.jpg\" alt=\"\" width=\"342\" height=\"264\" srcset=\"https:\/\/www.lovendal.ro\/wp52\/wp-content\/uploads\/2019\/10\/copii-cu-ochi-negri.jpg 342w, https:\/\/www.lovendal.ro\/wp52\/wp-content\/uploads\/2019\/10\/copii-cu-ochi-negri-300x232.jpg 300w\" sizes=\"auto, (max-width: 342px) 100vw, 342px\" \/><\/a><figcaption id=\"caption-attachment-64510\" class=\"wp-caption-text\"><strong>Imagine:<\/strong> prelucrare proprie<\/figcaption><\/figure>\n<p>Urm\u0103toarea povestire e de pe site-ul <a href=\"https:\/\/www.phantomsandmonsters.com\/2019\/10\/black-eyed-kids-in-rome.html\" target=\"_blank\" rel=\"noopener noreferrer\"><strong>phantomsandmonsters.com<\/strong><\/a> \u015fi a fost relatat\u0103 de un martor care pretinde c\u0103 a observat ni\u015fte copii cu ochi negri \u00een Roma, \u00een vara anului 2017. Eu nu am f\u0103cut dec\u00e2t traducerea (\u015fi o adaptare succint\u0103)&#8230; voi decide\u0163i c\u00e2t de adev\u0103rat\u0103 poate fi.<\/p>\n<p>&#8211; Era august 2017. Tocmai absolvisem liceul \u0219i, drept cadou, p\u0103rin\u021bii \u0219i bunicii mei mi-au oferit o vacan\u0163\u0103 la Roma (Italia). M-am dus \u00eempreun\u0103 cu unul din prietenii mei (Caleb), \u00eentr-un hotel din zona Termini.<\/p>\n<p>&#8211; Ne-am cazat acolo, pentru c\u0103 aveam acces la toate mijloacele de transport \u00een comun (metrou, autobuz, tren intercity).<\/p>\n<p>&#8211; \u00centr-o sear\u0103, \u00een jurul orei 21:30, dup\u0103 ce am terminat de luat cina, eu cu prietenul meu ne-am \u00eendreptat spre sta\u021bia de metrou pentru a ne \u00eentoarce spre hotel, c\u00e2nd am observat c\u0103 doi copii ne urm\u0103reau. Cei 2 copii nu aveau mai mult de 10 &#8211; 12 ani.<\/p>\n<p>&#8211; Prima dat\u0103 ne-am g\u00e2ndit c\u0103 cei doi vor doar s\u0103 ne fure. Iluminatul stradal nu era printre cel mai grozav, iar soarele apusese demult.<\/p>\n<p>&#8211; Dar, ce-am putut remarca era faptul c\u0103 cei doi erau \u00eembr\u0103ca\u021bi \u00een haine negre, unul fiind b\u0103iat \u015fi cealalt\u0103 fat\u0103. B\u0103iatul avea o tunsoare foarte scurt\u0103, \u00een timp ce fata purta o beret\u0103 (de culoare \u00eenchis\u0103) \u0219i avea p\u0103rul lung \u015fi u\u0219or cre\u0163.<\/p>\n<p>&#8211; Am sim\u021bit un pic de nelini\u0219te, pentru c\u0103 ceva nu p\u0103rea \u201enormal\u201d. La vremea respectiv\u0103 nu credeam nimic \u00een lucruri paranormale, fiind \u00eengrijora\u0163i s\u0103 nu ne fure.<\/p>\n<p>&#8211; Oricum, la un moment dat ei disp\u0103ruser\u0103 &#8211; nu i-am mai v\u0103zut. Am c\u0103l\u0103torit cu metroul \u015fi apoi am ajuns la hotel, \u00een camera mea, \u00een jurul orei 22.<\/p>\n<p>&#8211; M-am dus s\u0103 fac un du\u0219 \u00eenainte de culcare \u0219i, la un moment dat, mi s-a p\u0103rut c\u0103 aud o b\u0103taie la u\u0219a mea. Dup\u0103 2 minute, \u00eemi pun ceva pe mine \u015fi m\u0103 uit pe vizorul u\u015fii. \u00cenm\u0103rmuresc c\u00e2nd \u00eei v\u0103d pe cei doi copii care m\u0103 urm\u0103riser\u0103 \u00een urm\u0103 cu jum\u0103tate de or\u0103.<\/p>\n<p>&#8211; M-am uitat \u00eenc\u0103 o dat\u0103 cu aten\u0163ie la ei: b\u0103iatul, dar \u015fi fata aveau o pielea at\u00e2t de alb\u0103, \u00eenc\u00e2t p\u0103rea c\u0103 cineva le-a pictat-o.<\/p>\n<p>&#8211; Cei doi copii p\u0103reau a fi reci, de ghea\u0163\u0103. Ochii lor erau complet negri, \u00eenfrico\u015f\u0103tori.<\/p>\n<p>&#8211; Cum de au ajuns ace\u015fti doi copii care \u00eei v\u0103zusem \u00een urm\u0103 cu jum\u0103tate de or\u0103 tocmai la camera mea? Mai ales c\u0103, pentru a ajunge aici, aveau nevoie de cartela de acces la lift. \u015ei de ce au stat c\u00e2teva minute la u\u015fa mea? Ce voiau de la mine?<\/p>\n<p>&#8211; Deodat\u0103, am auzit vocea b\u0103iatului care mi-a spus: <em>\u201eNu o s\u0103 ne l\u0103sa\u021bi s\u0103 intr\u0103m? Ne-am pierdut\u201d.<\/em><\/p>\n<p>&#8211; Am decis s\u0103 m\u0103 \u00eendep\u0103rtez de u\u015f\u0103 \u015fi m-am mutat \u00een pat. Am stat a\u015fa cam o or\u0103, \u00eencerc\u00e2nd s\u0103 nu fac niciun zgomot, \u00een speran\u021ba c\u0103 se vor l\u0103sa p\u0103guba\u015fi.<\/p>\n<p>&#8211; M-am hot\u0103r\u00e2t s\u0103 nu-i spun nimic prietenului meu; p\u00e2n\u0103 la urm\u0103, probabil c\u0103 eram doar paranoic&#8230;<\/p>\n<p>P.S. Ace\u015fti copii cu ochi negri exist\u0103, spun unii cercet\u0103tori \u00een domeniul paranormalului, fiind experimente genetice \u00eenfrico\u015f\u0103toare, realizate de oameni de \u015ftiin\u0163\u0103 diabolici.<\/p>\n<p>\u00centr-un interviu acordat de cercet\u0103torul Lynn Marzulli site-ului Prophetic Info Wars, acesta crede c\u0103 ace\u015fti copii cu ochi negri reprezint\u0103 un program secret de \u00eencruci\u015fare hibrid\u0103 \u015fi de schimbare a ADN-ului nostru. De fapt, spune Lynn Marzulli, ace\u0219ti copii-demon sunt rezultatul unui program secret de \u00eencruci\u015fare \u00eentre extratere\u015ftrii Nephilim din Biblie (urma\u0219ii lui Satana) \u0219i femeile umane, rezult\u00e2nd un hibrid, care are un corp uman \u015fi care nu poate fi diferen\u0163iat cu adev\u0103rat de o fiin\u021b\u0103 uman\u0103, dec\u00e2t faptul c\u0103 ochii s\u0103i sunt negri. Hibrizii rezulta\u0163i ar avea astfel capacitatea s\u0103-\u015fi lege min\u0163ile \u00eentre ei, s\u0103 citeasc\u0103 g\u00e2ndurile \u015fi emo\u0163iile oamenilor obi\u015fnui\u0163i.<\/p>\n","protected":false},"excerpt":{"rendered":"<p>Urm\u0103toarea povestire e de pe site-ul phantomsandmonsters.com \u015fi a fost relatat\u0103 de un martor care pretinde c\u0103 a observat ni\u015fte copii cu ochi negri \u00een Roma, \u00een vara anului 2017. Eu nu am f\u0103cut dec\u00e2t traducerea (\u015fi o adaptare succint\u0103)&#8230; &#8230; <\/p>\n<p class=\"read-more-container\"><a title=\"Misterio\u015fii copii cu ochi negri exist\u0103 \u00een capitala Italiei, Roma? O poveste \u00eenfrico\u015f\u0103toare&#8230;\" class=\"read-more button\" href=\"https:\/\/www.lovendal.ro\/wp52\/misteriosii-copii-cu-ochi-negri-exista-in-capitala-italiei-roma-o-poveste-infricosatoare\/#more-64509\" aria-label=\"Cite\u0219te mai multe despre Misterio\u015fii copii cu ochi negri exist\u0103 \u00een capitala Italiei, Roma? O poveste \u00eenfrico\u015f\u0103toare&#8230;\">Cititi mai multe<\/a><\/p>\n","protected":false},"author":1,"featured_media":64510,"comment_status":"closed","ping_status":"open","sticky":false,"template":"","format":"standard","meta":{"footnotes":""},"categories":[14],"tags":[3289,60,1073,5238,51,9065,2276,8581,2420,4823,1302,2513,755,4169,9988,1169,9796,1953,553,750,865,2078],"class_list":["post-64509","post","type-post","status-publish","format-standard","has-post-thumbnail","hentry","category-paranormal-spiritualitate","tag-autobuz","tag-biblie","tag-copii","tag-corp","tag-extraterestri","tag-ganduri","tag-haine","tag-hibrizi","tag-hotel","tag-interviu","tag-lift","tag-metrou","tag-minte","tag-nephilim","tag-ochi-negri","tag-par","tag-paranormal-spiritualitate","tag-piele","tag-roma","tag-satana","tag-soare","tag-tren","resize-featured-image"],"yoast_head":"<!-- This site is optimized with the Yoast SEO Premium plugin v23.3 (Yoast SEO v27.4) - https:\/\/yoast.com\/product\/yoast-seo-premium-wordpress\/ -->\n<title>Misterio\u015fii copii cu ochi negri exist\u0103 \u00een capitala Italiei, Roma? O poveste \u00eenfrico\u015f\u0103toare... - Secretele lui Lovendal<\/title>\n<meta name=\"robots\" content=\"index, follow, max-snippet:-1, max-image-preview:large, max-video-preview:-1\" \/>\n<link rel=\"canonical\" href=\"https:\/\/www.lovendal.ro\/wp52\/misteriosii-copii-cu-ochi-negri-exista-in-capitala-italiei-roma-o-poveste-infricosatoare\/\" \/>\n<meta property=\"og:locale\" content=\"ro_RO\" \/>\n<meta property=\"og:type\" content=\"article\" \/>\n<meta property=\"og:title\" content=\"Misterio\u015fii copii cu ochi negri exist\u0103 \u00een capitala Italiei, Roma? O poveste \u00eenfrico\u015f\u0103toare...\" \/>\n<meta property=\"og:description\" content=\"Urm\u0103toarea povestire e de pe site-ul phantomsandmonsters.com \u015fi a fost relatat\u0103 de un martor care pretinde c\u0103 a observat ni\u015fte copii cu ochi negri \u00een Roma, \u00een vara anului 2017. Eu nu am f\u0103cut dec\u00e2t traducerea (\u015fi o adaptare succint\u0103)&#8230; ... Cititi mai multe\" \/>\n<meta property=\"og:url\" content=\"https:\/\/www.lovendal.ro\/wp52\/misteriosii-copii-cu-ochi-negri-exista-in-capitala-italiei-roma-o-poveste-infricosatoare\/\" \/>\n<meta property=\"og:site_name\" content=\"Secretele lui Lovendal\" \/>\n<meta property=\"article:publisher\" content=\"https:\/\/www.facebook.com\/secreteleluilovendal\" \/>\n<meta property=\"article:published_time\" content=\"2019-10-13T21:14:18+00:00\" \/>\n<meta property=\"og:image\" content=\"https:\/\/www.lovendal.ro\/wp52\/wp-content\/uploads\/2019\/10\/copii-cu-ochi-negri.jpg\" \/>\n\t<meta property=\"og:image:width\" content=\"342\" \/>\n\t<meta property=\"og:image:height\" content=\"264\" \/>\n\t<meta property=\"og:image:type\" content=\"image\/jpeg\" \/>\n<meta name=\"author\" content=\"admin\" \/>\n<meta name=\"twitter:card\" content=\"summary_large_image\" \/>\n<meta name=\"twitter:label1\" content=\"Scris de\" \/>\n\t<meta name=\"twitter:data1\" content=\"admin\" \/>\n\t<meta name=\"twitter:label2\" content=\"Timp estimat pentru citire\" \/>\n\t<meta name=\"twitter:data2\" content=\"4 minute\" \/>\n<script type=\"application\/ld+json\" class=\"yoast-schema-graph\">{\"@context\":\"https:\\\/\\\/schema.org\",\"@graph\":[{\"@type\":\"Article\",\"@id\":\"https:\\\/\\\/www.lovendal.ro\\\/wp52\\\/misteriosii-copii-cu-ochi-negri-exista-in-capitala-italiei-roma-o-poveste-infricosatoare\\\/#article\",\"isPartOf\":{\"@id\":\"https:\\\/\\\/www.lovendal.ro\\\/wp52\\\/misteriosii-copii-cu-ochi-negri-exista-in-capitala-italiei-roma-o-poveste-infricosatoare\\\/\"},\"author\":{\"name\":\"admin\",\"@id\":\"https:\\\/\\\/www.lovendal.ro\\\/wp52\\\/#\\\/schema\\\/person\\\/088691de5dfc346bb0c023e1e52ef5d9\"},\"headline\":\"Misterio\u015fii copii cu ochi negri exist\u0103 \u00een capitala Italiei, Roma? O poveste \u00eenfrico\u015f\u0103toare&#8230;\",\"datePublished\":\"2019-10-13T21:14:18+00:00\",\"mainEntityOfPage\":{\"@id\":\"https:\\\/\\\/www.lovendal.ro\\\/wp52\\\/misteriosii-copii-cu-ochi-negri-exista-in-capitala-italiei-roma-o-poveste-infricosatoare\\\/\"},\"wordCount\":723,\"publisher\":{\"@id\":\"https:\\\/\\\/www.lovendal.ro\\\/wp52\\\/#organization\"},\"image\":{\"@id\":\"https:\\\/\\\/www.lovendal.ro\\\/wp52\\\/misteriosii-copii-cu-ochi-negri-exista-in-capitala-italiei-roma-o-poveste-infricosatoare\\\/#primaryimage\"},\"thumbnailUrl\":\"https:\\\/\\\/www.lovendal.ro\\\/wp52\\\/wp-content\\\/uploads\\\/2019\\\/10\\\/copii-cu-ochi-negri.jpg\",\"keywords\":[\"autobuz\",\"Biblie\",\"copii\",\"corp\",\"extratere\u015ftri\",\"g\u00e2nduri\",\"haine\",\"hibrizi\",\"hotel\",\"interviu\",\"lift\",\"metrou\",\"minte\",\"Nephilim\",\"ochi negri\",\"p\u0103r\",\"Paranormal-Spiritualitate\",\"piele\",\"Roma\",\"Satana\",\"Soare\",\"tren\"],\"articleSection\":[\"Paranormal-Spiritualitate\"],\"inLanguage\":\"ro-RO\"},{\"@type\":\"WebPage\",\"@id\":\"https:\\\/\\\/www.lovendal.ro\\\/wp52\\\/misteriosii-copii-cu-ochi-negri-exista-in-capitala-italiei-roma-o-poveste-infricosatoare\\\/\",\"url\":\"https:\\\/\\\/www.lovendal.ro\\\/wp52\\\/misteriosii-copii-cu-ochi-negri-exista-in-capitala-italiei-roma-o-poveste-infricosatoare\\\/\",\"name\":\"Misterio\u015fii copii cu ochi negri exist\u0103 \u00een capitala Italiei, Roma? O poveste \u00eenfrico\u015f\u0103toare... - Secretele lui Lovendal\",\"isPartOf\":{\"@id\":\"https:\\\/\\\/www.lovendal.ro\\\/wp52\\\/#website\"},\"primaryImageOfPage\":{\"@id\":\"https:\\\/\\\/www.lovendal.ro\\\/wp52\\\/misteriosii-copii-cu-ochi-negri-exista-in-capitala-italiei-roma-o-poveste-infricosatoare\\\/#primaryimage\"},\"image\":{\"@id\":\"https:\\\/\\\/www.lovendal.ro\\\/wp52\\\/misteriosii-copii-cu-ochi-negri-exista-in-capitala-italiei-roma-o-poveste-infricosatoare\\\/#primaryimage\"},\"thumbnailUrl\":\"https:\\\/\\\/www.lovendal.ro\\\/wp52\\\/wp-content\\\/uploads\\\/2019\\\/10\\\/copii-cu-ochi-negri.jpg\",\"datePublished\":\"2019-10-13T21:14:18+00:00\",\"breadcrumb\":{\"@id\":\"https:\\\/\\\/www.lovendal.ro\\\/wp52\\\/misteriosii-copii-cu-ochi-negri-exista-in-capitala-italiei-roma-o-poveste-infricosatoare\\\/#breadcrumb\"},\"inLanguage\":\"ro-RO\",\"potentialAction\":[{\"@type\":\"ReadAction\",\"target\":[\"https:\\\/\\\/www.lovendal.ro\\\/wp52\\\/misteriosii-copii-cu-ochi-negri-exista-in-capitala-italiei-roma-o-poveste-infricosatoare\\\/\"]}]},{\"@type\":\"ImageObject\",\"inLanguage\":\"ro-RO\",\"@id\":\"https:\\\/\\\/www.lovendal.ro\\\/wp52\\\/misteriosii-copii-cu-ochi-negri-exista-in-capitala-italiei-roma-o-poveste-infricosatoare\\\/#primaryimage\",\"url\":\"https:\\\/\\\/www.lovendal.ro\\\/wp52\\\/wp-content\\\/uploads\\\/2019\\\/10\\\/copii-cu-ochi-negri.jpg\",\"contentUrl\":\"https:\\\/\\\/www.lovendal.ro\\\/wp52\\\/wp-content\\\/uploads\\\/2019\\\/10\\\/copii-cu-ochi-negri.jpg\",\"width\":342,\"height\":264,\"caption\":\"Imagine: prelucrare proprie\"},{\"@type\":\"BreadcrumbList\",\"@id\":\"https:\\\/\\\/www.lovendal.ro\\\/wp52\\\/misteriosii-copii-cu-ochi-negri-exista-in-capitala-italiei-roma-o-poveste-infricosatoare\\\/#breadcrumb\",\"itemListElement\":[{\"@type\":\"ListItem\",\"position\":1,\"name\":\"Home\",\"item\":\"https:\\\/\\\/www.lovendal.ro\\\/wp52\\\/\"},{\"@type\":\"ListItem\",\"position\":2,\"name\":\"Misterio\u015fii copii cu ochi negri exist\u0103 \u00een capitala Italiei, Roma? O poveste \u00eenfrico\u015f\u0103toare&#8230;\"}]},{\"@type\":\"WebSite\",\"@id\":\"https:\\\/\\\/www.lovendal.ro\\\/wp52\\\/#website\",\"url\":\"https:\\\/\\\/www.lovendal.ro\\\/wp52\\\/\",\"name\":\"Secretele lui Lovendal\",\"description\":\"Site de secrete, stiinta si metafizica - din 2008 -\",\"publisher\":{\"@id\":\"https:\\\/\\\/www.lovendal.ro\\\/wp52\\\/#organization\"},\"potentialAction\":[{\"@type\":\"SearchAction\",\"target\":{\"@type\":\"EntryPoint\",\"urlTemplate\":\"https:\\\/\\\/www.lovendal.ro\\\/wp52\\\/?s={search_term_string}\"},\"query-input\":{\"@type\":\"PropertyValueSpecification\",\"valueRequired\":true,\"valueName\":\"search_term_string\"}}],\"inLanguage\":\"ro-RO\"},{\"@type\":\"Organization\",\"@id\":\"https:\\\/\\\/www.lovendal.ro\\\/wp52\\\/#organization\",\"name\":\"Secretele lui Lovendal\",\"url\":\"https:\\\/\\\/www.lovendal.ro\\\/wp52\\\/\",\"logo\":{\"@type\":\"ImageObject\",\"inLanguage\":\"ro-RO\",\"@id\":\"https:\\\/\\\/www.lovendal.ro\\\/wp52\\\/#\\\/schema\\\/logo\\\/image\\\/\",\"url\":\"https:\\\/\\\/www.lovendal.ro\\\/wp52\\\/wp-content\\\/uploads\\\/2024\\\/06\\\/cropped-SLL-iun-2024-1.jpg\",\"contentUrl\":\"https:\\\/\\\/www.lovendal.ro\\\/wp52\\\/wp-content\\\/uploads\\\/2024\\\/06\\\/cropped-SLL-iun-2024-1.jpg\",\"width\":771,\"height\":240,\"caption\":\"Secretele lui Lovendal\"},\"image\":{\"@id\":\"https:\\\/\\\/www.lovendal.ro\\\/wp52\\\/#\\\/schema\\\/logo\\\/image\\\/\"},\"sameAs\":[\"https:\\\/\\\/www.facebook.com\\\/secreteleluilovendal\"]},{\"@type\":\"Person\",\"@id\":\"https:\\\/\\\/www.lovendal.ro\\\/wp52\\\/#\\\/schema\\\/person\\\/088691de5dfc346bb0c023e1e52ef5d9\",\"name\":\"admin\",\"image\":{\"@type\":\"ImageObject\",\"inLanguage\":\"ro-RO\",\"@id\":\"https:\\\/\\\/secure.gravatar.com\\\/avatar\\\/ecb9cd41f5f63c9c9b989999a59f6e2639a865ec361e9db054db0679a8f341c2?s=96&d=mm&r=g\",\"url\":\"https:\\\/\\\/secure.gravatar.com\\\/avatar\\\/ecb9cd41f5f63c9c9b989999a59f6e2639a865ec361e9db054db0679a8f341c2?s=96&d=mm&r=g\",\"contentUrl\":\"https:\\\/\\\/secure.gravatar.com\\\/avatar\\\/ecb9cd41f5f63c9c9b989999a59f6e2639a865ec361e9db054db0679a8f341c2?s=96&d=mm&r=g\",\"caption\":\"admin\"},\"sameAs\":[\"https:\\\/\\\/www.lovendal.ro\\\/wp52\"]}]}<\/script>\n<!-- \/ Yoast SEO Premium plugin. -->","yoast_head_json":{"title":"Misterio\u015fii copii cu ochi negri exist\u0103 \u00een capitala Italiei, Roma? O poveste \u00eenfrico\u015f\u0103toare... - Secretele lui Lovendal","robots":{"index":"index","follow":"follow","max-snippet":"max-snippet:-1","max-image-preview":"max-image-preview:large","max-video-preview":"max-video-preview:-1"},"canonical":"https:\/\/www.lovendal.ro\/wp52\/misteriosii-copii-cu-ochi-negri-exista-in-capitala-italiei-roma-o-poveste-infricosatoare\/","og_locale":"ro_RO","og_type":"article","og_title":"Misterio\u015fii copii cu ochi negri exist\u0103 \u00een capitala Italiei, Roma? O poveste \u00eenfrico\u015f\u0103toare...","og_description":"Urm\u0103toarea povestire e de pe site-ul phantomsandmonsters.com \u015fi a fost relatat\u0103 de un martor care pretinde c\u0103 a observat ni\u015fte copii cu ochi negri \u00een Roma, \u00een vara anului 2017. Eu nu am f\u0103cut dec\u00e2t traducerea (\u015fi o adaptare succint\u0103)&#8230; ... Cititi mai multe","og_url":"https:\/\/www.lovendal.ro\/wp52\/misteriosii-copii-cu-ochi-negri-exista-in-capitala-italiei-roma-o-poveste-infricosatoare\/","og_site_name":"Secretele lui Lovendal","article_publisher":"https:\/\/www.facebook.com\/secreteleluilovendal","article_published_time":"2019-10-13T21:14:18+00:00","og_image":[{"width":342,"height":264,"url":"https:\/\/www.lovendal.ro\/wp52\/wp-content\/uploads\/2019\/10\/copii-cu-ochi-negri.jpg","type":"image\/jpeg"}],"author":"admin","twitter_card":"summary_large_image","twitter_misc":{"Scris de":"admin","Timp estimat pentru citire":"4 minute"},"schema":{"@context":"https:\/\/schema.org","@graph":[{"@type":"Article","@id":"https:\/\/www.lovendal.ro\/wp52\/misteriosii-copii-cu-ochi-negri-exista-in-capitala-italiei-roma-o-poveste-infricosatoare\/#article","isPartOf":{"@id":"https:\/\/www.lovendal.ro\/wp52\/misteriosii-copii-cu-ochi-negri-exista-in-capitala-italiei-roma-o-poveste-infricosatoare\/"},"author":{"name":"admin","@id":"https:\/\/www.lovendal.ro\/wp52\/#\/schema\/person\/088691de5dfc346bb0c023e1e52ef5d9"},"headline":"Misterio\u015fii copii cu ochi negri exist\u0103 \u00een capitala Italiei, Roma? O poveste \u00eenfrico\u015f\u0103toare&#8230;","datePublished":"2019-10-13T21:14:18+00:00","mainEntityOfPage":{"@id":"https:\/\/www.lovendal.ro\/wp52\/misteriosii-copii-cu-ochi-negri-exista-in-capitala-italiei-roma-o-poveste-infricosatoare\/"},"wordCount":723,"publisher":{"@id":"https:\/\/www.lovendal.ro\/wp52\/#organization"},"image":{"@id":"https:\/\/www.lovendal.ro\/wp52\/misteriosii-copii-cu-ochi-negri-exista-in-capitala-italiei-roma-o-poveste-infricosatoare\/#primaryimage"},"thumbnailUrl":"https:\/\/www.lovendal.ro\/wp52\/wp-content\/uploads\/2019\/10\/copii-cu-ochi-negri.jpg","keywords":["autobuz","Biblie","copii","corp","extratere\u015ftri","g\u00e2nduri","haine","hibrizi","hotel","interviu","lift","metrou","minte","Nephilim","ochi negri","p\u0103r","Paranormal-Spiritualitate","piele","Roma","Satana","Soare","tren"],"articleSection":["Paranormal-Spiritualitate"],"inLanguage":"ro-RO"},{"@type":"WebPage","@id":"https:\/\/www.lovendal.ro\/wp52\/misteriosii-copii-cu-ochi-negri-exista-in-capitala-italiei-roma-o-poveste-infricosatoare\/","url":"https:\/\/www.lovendal.ro\/wp52\/misteriosii-copii-cu-ochi-negri-exista-in-capitala-italiei-roma-o-poveste-infricosatoare\/","name":"Misterio\u015fii copii cu ochi negri exist\u0103 \u00een capitala Italiei, Roma? O poveste \u00eenfrico\u015f\u0103toare... - Secretele lui Lovendal","isPartOf":{"@id":"https:\/\/www.lovendal.ro\/wp52\/#website"},"primaryImageOfPage":{"@id":"https:\/\/www.lovendal.ro\/wp52\/misteriosii-copii-cu-ochi-negri-exista-in-capitala-italiei-roma-o-poveste-infricosatoare\/#primaryimage"},"image":{"@id":"https:\/\/www.lovendal.ro\/wp52\/misteriosii-copii-cu-ochi-negri-exista-in-capitala-italiei-roma-o-poveste-infricosatoare\/#primaryimage"},"thumbnailUrl":"https:\/\/www.lovendal.ro\/wp52\/wp-content\/uploads\/2019\/10\/copii-cu-ochi-negri.jpg","datePublished":"2019-10-13T21:14:18+00:00","breadcrumb":{"@id":"https:\/\/www.lovendal.ro\/wp52\/misteriosii-copii-cu-ochi-negri-exista-in-capitala-italiei-roma-o-poveste-infricosatoare\/#breadcrumb"},"inLanguage":"ro-RO","potentialAction":[{"@type":"ReadAction","target":["https:\/\/www.lovendal.ro\/wp52\/misteriosii-copii-cu-ochi-negri-exista-in-capitala-italiei-roma-o-poveste-infricosatoare\/"]}]},{"@type":"ImageObject","inLanguage":"ro-RO","@id":"https:\/\/www.lovendal.ro\/wp52\/misteriosii-copii-cu-ochi-negri-exista-in-capitala-italiei-roma-o-poveste-infricosatoare\/#primaryimage","url":"https:\/\/www.lovendal.ro\/wp52\/wp-content\/uploads\/2019\/10\/copii-cu-ochi-negri.jpg","contentUrl":"https:\/\/www.lovendal.ro\/wp52\/wp-content\/uploads\/2019\/10\/copii-cu-ochi-negri.jpg","width":342,"height":264,"caption":"Imagine: prelucrare proprie"},{"@type":"BreadcrumbList","@id":"https:\/\/www.lovendal.ro\/wp52\/misteriosii-copii-cu-ochi-negri-exista-in-capitala-italiei-roma-o-poveste-infricosatoare\/#breadcrumb","itemListElement":[{"@type":"ListItem","position":1,"name":"Home","item":"https:\/\/www.lovendal.ro\/wp52\/"},{"@type":"ListItem","position":2,"name":"Misterio\u015fii copii cu ochi negri exist\u0103 \u00een capitala Italiei, Roma? O poveste \u00eenfrico\u015f\u0103toare&#8230;"}]},{"@type":"WebSite","@id":"https:\/\/www.lovendal.ro\/wp52\/#website","url":"https:\/\/www.lovendal.ro\/wp52\/","name":"Secretele lui Lovendal","description":"Site de secrete, stiinta si metafizica - din 2008 -","publisher":{"@id":"https:\/\/www.lovendal.ro\/wp52\/#organization"},"potentialAction":[{"@type":"SearchAction","target":{"@type":"EntryPoint","urlTemplate":"https:\/\/www.lovendal.ro\/wp52\/?s={search_term_string}"},"query-input":{"@type":"PropertyValueSpecification","valueRequired":true,"valueName":"search_term_string"}}],"inLanguage":"ro-RO"},{"@type":"Organization","@id":"https:\/\/www.lovendal.ro\/wp52\/#organization","name":"Secretele lui Lovendal","url":"https:\/\/www.lovendal.ro\/wp52\/","logo":{"@type":"ImageObject","inLanguage":"ro-RO","@id":"https:\/\/www.lovendal.ro\/wp52\/#\/schema\/logo\/image\/","url":"https:\/\/www.lovendal.ro\/wp52\/wp-content\/uploads\/2024\/06\/cropped-SLL-iun-2024-1.jpg","contentUrl":"https:\/\/www.lovendal.ro\/wp52\/wp-content\/uploads\/2024\/06\/cropped-SLL-iun-2024-1.jpg","width":771,"height":240,"caption":"Secretele lui Lovendal"},"image":{"@id":"https:\/\/www.lovendal.ro\/wp52\/#\/schema\/logo\/image\/"},"sameAs":["https:\/\/www.facebook.com\/secreteleluilovendal"]},{"@type":"Person","@id":"https:\/\/www.lovendal.ro\/wp52\/#\/schema\/person\/088691de5dfc346bb0c023e1e52ef5d9","name":"admin","image":{"@type":"ImageObject","inLanguage":"ro-RO","@id":"https:\/\/secure.gravatar.com\/avatar\/ecb9cd41f5f63c9c9b989999a59f6e2639a865ec361e9db054db0679a8f341c2?s=96&d=mm&r=g","url":"https:\/\/secure.gravatar.com\/avatar\/ecb9cd41f5f63c9c9b989999a59f6e2639a865ec361e9db054db0679a8f341c2?s=96&d=mm&r=g","contentUrl":"https:\/\/secure.gravatar.com\/avatar\/ecb9cd41f5f63c9c9b989999a59f6e2639a865ec361e9db054db0679a8f341c2?s=96&d=mm&r=g","caption":"admin"},"sameAs":["https:\/\/www.lovendal.ro\/wp52"]}]}},"_links":{"self":[{"href":"https:\/\/www.lovendal.ro\/wp52\/wp-json\/wp\/v2\/posts\/64509","targetHints":{"allow":["GET"]}}],"collection":[{"href":"https:\/\/www.lovendal.ro\/wp52\/wp-json\/wp\/v2\/posts"}],"about":[{"href":"https:\/\/www.lovendal.ro\/wp52\/wp-json\/wp\/v2\/types\/post"}],"author":[{"embeddable":true,"href":"https:\/\/www.lovendal.ro\/wp52\/wp-json\/wp\/v2\/users\/1"}],"replies":[{"embeddable":true,"href":"https:\/\/www.lovendal.ro\/wp52\/wp-json\/wp\/v2\/comments?post=64509"}],"version-history":[{"count":0,"href":"https:\/\/www.lovendal.ro\/wp52\/wp-json\/wp\/v2\/posts\/64509\/revisions"}],"wp:featuredmedia":[{"embeddable":true,"href":"https:\/\/www.lovendal.ro\/wp52\/wp-json\/wp\/v2\/media\/64510"}],"wp:attachment":[{"href":"https:\/\/www.lovendal.ro\/wp52\/wp-json\/wp\/v2\/media?parent=64509"}],"wp:term":[{"taxonomy":"category","embeddable":true,"href":"https:\/\/www.lovendal.ro\/wp52\/wp-json\/wp\/v2\/categories?post=64509"},{"taxonomy":"post_tag","embeddable":true,"href":"https:\/\/www.lovendal.ro\/wp52\/wp-json\/wp\/v2\/tags?post=64509"}],"curies":[{"name":"wp","href":"https:\/\/api.w.org\/{rel}","templated":true}]}}