{"id":64294,"date":"2019-10-02T22:26:52","date_gmt":"2019-10-02T19:26:52","guid":{"rendered":"https:\/\/www.lovendal.ro\/wp52\/?p=64294"},"modified":"2019-10-02T22:26:52","modified_gmt":"2019-10-02T19:26:52","slug":"moartea-enigmatica-a-papei-ioan-paul-i-a-fost-el-ucis-de-marea-mafie-internationala","status":"publish","type":"post","link":"https:\/\/www.lovendal.ro\/wp52\/moartea-enigmatica-a-papei-ioan-paul-i-a-fost-el-ucis-de-marea-mafie-internationala\/","title":{"rendered":"Moartea enigmatic\u0103 a papei Ioan Paul I &#8211; a fost el ucis de marea mafie interna\u0163ional\u0103?"},"content":{"rendered":"<figure id=\"attachment_64295\" aria-describedby=\"caption-attachment-64295\" style=\"width: 329px\" class=\"wp-caption alignleft\"><a href=\"https:\/\/www.lovendal.ro\/wp52\/wp-content\/uploads\/2019\/10\/papa-Ioan-Paul-I.jpg\"><img loading=\"lazy\" decoding=\"async\" class=\"size-full wp-image-64295\" src=\"https:\/\/www.lovendal.ro\/wp52\/wp-content\/uploads\/2019\/10\/papa-Ioan-Paul-I.jpg\" alt=\"\" width=\"339\" height=\"272\" srcset=\"https:\/\/www.lovendal.ro\/wp52\/wp-content\/uploads\/2019\/10\/papa-Ioan-Paul-I.jpg 339w, https:\/\/www.lovendal.ro\/wp52\/wp-content\/uploads\/2019\/10\/papa-Ioan-Paul-I-300x241.jpg 300w\" sizes=\"auto, (max-width: 339px) 100vw, 339px\" \/><\/a><figcaption id=\"caption-attachment-64295\" class=\"wp-caption-text\"><strong>Imagine:<\/strong> prelucrare proprie<\/figcaption><\/figure>\n<p><em><strong>Moartea fulger\u0103toare a unui pap\u0103<\/strong><\/em><\/p>\n<p>Pe 26 august 1978, cardinalul Albino Luciani a fost ales pap\u0103, lu\u00e2nd numele de Ioan Paul I. 33 de zile mai t\u00e2rziu, pe 28 septembrie 1978, papa s-a a\u0219ezat la cin\u0103 \u00een apartamentul s\u0103u din Vatican, cu cei doi secretari ai s\u0103i, p\u0103rintele italian Diego Lorenzi \u0219i p\u0103rintele irlandez John Magee. A fost o mas\u0103 simpl\u0103 &#8211; sup\u0103, fasole proasp\u0103t\u0103 \u0219i salat\u0103.<\/p>\n<p>Secretarii au consumat fiecare c\u00e2te un pahar de vin; Papa a b\u0103ut doar ap\u0103. C\u00e2nd s-a terminat masa, cei trei au urm\u0103rit la TV un program de \u0219tiri. Apoi, cur\u00e2nd dup\u0103 ora 21, Ioan Paul I s-a retras la somn, pun\u00e2ndu-\u0219i ceasul de\u0219tept\u0103tor pentru ora la care se trezea \u00een mod normal, ora 4:30.<\/p>\n<p>A doua zi diminea\u021b\u0103, exact la acea or\u0103, o c\u0103lug\u0103ri\u021b\u0103 b\u0103tea la u\u0219a dormitorului s\u0103u, pentru a-i duce cafeaua. \u00cen mod neobi\u0219nuit, n-a primit niciun r\u0103spuns. Un sfert de or\u0103 mai t\u00e2rziu, se \u00eentoarse \u0219i b\u0103tu din nou. Tot nu primi niciun r\u0103spuns.<\/p>\n<p>Alarmat\u0103, ea deschise u\u0219a. Papa st\u0103tea \u00een pat, av\u00e2nd asupra lui ochelarii \u0219i c\u00e2teva foi de h\u00e2rtie \u00een m\u00e2n\u0103. \u00cei c\u0103uta pulsul; nu era niciunul &#8211; \u00eencheietura m\u00e2inii era rece. Panicat\u0103, s-a gr\u0103bit s\u0103-i trezeasc\u0103 pe secretarii Lorenzi \u0219i Magee, care l-au sunat imediat pe secretarul de stat, cardinalul Jean Villot.<\/p>\n<p>Acum era ora 5 diminea\u021ba. Villot a \u00eenceput s\u0103 ia lucrurile \u00een m\u00e2n\u0103. A interzis tuturor celor prezen\u021bi s\u0103 sufle vreun cuv\u00e2nt despre ceea ce s-a \u00eent\u00e2mplat, apoi l-a chemat pe \u0219eful adjunct al serviciului de s\u0103n\u0103tate al Vaticanului, dr. Renato Buzzonetti. De\u015fi nu-l examinase niciodat\u0103 p\u00e2n\u0103 atunci, medicul a stabilit c\u0103 papa a avut un atac de cord, pun\u00e2nd ora mor\u021bii \u00een jurul orei 23:00.<\/p>\n<p>\u00centre timp, p\u0103rintele Lorenzi, l-a sunat pe medicul personal al papei, Giuseppe da Ros. Acesta a spus ulterior c\u0103 doar cu c\u00e2teva zile \u00eenainte \u00eel examinase pe pap\u0103, despre care spusese c\u0103 \u201enu este bine, ci foarte bine\u201d. Adic\u0103, papa era s\u0103n\u0103tos.<\/p>\n<p><strong>Apar \u015fi suspiciunile&#8230;<\/strong><\/p>\n<p>Acestea sunt faptele legate de moartea papei. De ce, totu\u0219i, \u00een urm\u0103toarele 24 de ore, au ap\u0103rut mai multe suspiciuni?<\/p>\n<p>\u00cen primul r\u00e2nd, Villot se comportase foarte ciudat. \u00cen primul r\u00e2nd, el luase pastilele &#8211; Effortil &#8211; pe care papa le lua pentru tensiunea arterial\u0103 sc\u0103zut\u0103, dar \u015fi ochelarii, papucii \u0219i h\u00e2rtiile de pe biroul de studiu al papei. Nu se \u015ftie ce s-a \u00eent\u00e2mplat cu aceste h\u00e2rtii&#8230;<\/p>\n<p>Apoi, secretarul de stat a ordonat, de asemenea, ca \u00eentregul apartament papal &#8211; toate cele 19 camere ale acestuia &#8211; s\u0103 fie eliberat de toate bunurile papei. Apartamentul a fost apoi sigilat p\u00e2n\u0103 la sosirea succesorului s\u0103u. \u00cen aceea\u0219i diminea\u0163\u0103, la ora 5, trupul mort al papei a \u015fi fost \u00eemb\u0103ls\u0103mat.<\/p>\n<p>Impresia clar\u0103 &#8211; dup\u0103 cum presa italian\u0103 a subliniat &#8211; a fost aceea c\u0103 Vaticanul era ner\u0103bd\u0103tor s\u0103 ascund\u0103 dovezi, refuz\u00e2ndu-se orice alte investiga\u0163ii post-mortem.<\/p>\n<p><strong>Enigma stabilirii diagnosticului papei<\/strong><\/p>\n<p>\u00cen ceea ce prive\u015fte diagnosticul stabilit de dr. Buzzonetti, acesta a fost pur \u0219i simplu inacceptabil. Un medic specialist britanic \u00een cardiologie a declarat: <em>\u201ePentru ca un medic s\u0103 diagnosticheze din prima infarctul miocardic ca fiind cauza mor\u021bii este un lucru gre\u0219it (&#8230;) Un astfel de diagnostic poate fi dat numai dup\u0103 o autopsie&#8221;.<\/em><\/p>\n<p>Trebuie amintit, de asemenea, c\u0103 Ioan Paul I a fost nefum\u0103tor toat\u0103 via\u021b\u0103, a b\u0103ut rar \u0219i pu\u021bin \u0219i a avut o istorie lung\u0103 de tensiune arterial\u0103 sc\u0103zut\u0103. \u00cen aceste condi\u0163ii, ar fi fost pu\u0163in probabil s\u0103 fi f\u0103cut un atac de cord brusc \u015fi fatal.<\/p>\n<p>Pentru presa italian\u0103, era clar c\u0103 moartea fulger\u0103toare a papei a fost mai mult dec\u00e2t suspect\u0103. Dar, dac\u0103 papa Ioan Paul I n-a murit din cauze naturale, de ce ar fi trebuit cineva s\u0103 ucid\u0103 acest om bl\u00e2nd, z\u00e2mbitor, care p\u0103rea c\u0103 revars\u0103 numai bun\u0103tate?<\/p>\n<p><strong>De ce-ar fi vrut cineva s\u0103-l omoare pe pap\u0103?<\/strong><\/p>\n<p>Au fost sugerate multe motive. Unii acuz\u0103 persoane de frunte din ierarhia Bisericii, inclusiv pe Villot \u00eensu\u0219i, pe c\u00e2\u021biva al\u021bi membri ai Curiei Papale \u0219i chiar pe cardinalul Cody, arhiepiscopul corupt al Chicago-ului. Dac\u0103 vreunul dintre ace\u0219tia ar fi dorit cu adev\u0103rat s\u0103-l elimine pe pap\u0103, ar fi fost destul de u\u0219or; Vaticanul nu are for\u021be de poli\u021bie, iar poli\u021bia italian\u0103 nu poate intra pe teritoriul s\u0103u dec\u00e2t dac\u0103 este invitat\u0103.<\/p>\n<p>A\u015fa cum spuneam \u00eentr-un articol din 2010 &#8211; <a href=\"https:\/\/www.lovendal.ro\/wp52\/asasinarea-papei-ioan-paul-i-opera-diavolilor-de-pe-culoarele-vaticanului\/\" target=\"_blank\" rel=\"noopener noreferrer\"><strong>Asasinarea papei Ioan Paul I, opera \u201ediavolilor\u201d de pe culoarele Vaticanului<\/strong><\/a> &#8211; este posibil ca Ioan Paul I s\u0103 fi fost omor\u00e2t \u00eentruc\u00e2t \u00ee\u015fi propusese s\u0103 reformeze Banca Vaticanului, care se transformase \u00eentr-o hidr\u0103 a marilor finan\u0163e multina\u0163ionale.<\/p>\n","protected":false},"excerpt":{"rendered":"<p>Moartea fulger\u0103toare a unui pap\u0103 Pe 26 august 1978, cardinalul Albino Luciani a fost ales pap\u0103, lu\u00e2nd numele de Ioan Paul I. 33 de zile mai t\u00e2rziu, pe 28 septembrie 1978, papa s-a a\u0219ezat la cin\u0103 \u00een apartamentul s\u0103u din &#8230; <\/p>\n<p class=\"read-more-container\"><a title=\"Moartea enigmatic\u0103 a papei Ioan Paul I &#8211; a fost el ucis de marea mafie interna\u0163ional\u0103?\" class=\"read-more button\" href=\"https:\/\/www.lovendal.ro\/wp52\/moartea-enigmatica-a-papei-ioan-paul-i-a-fost-el-ucis-de-marea-mafie-internationala\/#more-64294\" aria-label=\"Cite\u0219te mai multe despre Moartea enigmatic\u0103 a papei Ioan Paul I &#8211; a fost el ucis de marea mafie interna\u0163ional\u0103?\">Cititi mai multe<\/a><\/p>\n","protected":false},"author":1,"featured_media":64295,"comment_status":"closed","ping_status":"open","sticky":false,"template":"","format":"standard","meta":{"footnotes":""},"categories":[9],"tags":[601,3893,335,2663,3543,625,1489,2005,3288,7379,334,3542,1532,4496,3763,108,2399,97,11567,1189,11591,2754,233,339,543],"class_list":["post-64294","post","type-post","status-publish","format-standard","has-post-thumbnail","hentry","category-istorie","tag-apa","tag-arhiepiscop","tag-atac-de-cord","tag-banca","tag-banca-vaticanului","tag-cafea","tag-calugarita","tag-cardinal","tag-chicago","tag-fasole","tag-inima","tag-ioan-paul-i","tag-istorie-si-civilizatii","tag-mass-media","tag-medic","tag-moarte","tag-ochelari","tag-papa","tag-pastile","tag-politie","tag-salata","tag-supa","tag-tv","tag-vatican","tag-vin","resize-featured-image"],"yoast_head":"<!-- This site is optimized with the Yoast SEO Premium plugin v23.3 (Yoast SEO v27.4) - https:\/\/yoast.com\/product\/yoast-seo-premium-wordpress\/ -->\n<title>Moartea enigmatic\u0103 a papei Ioan Paul I - a fost el ucis de marea mafie interna\u0163ional\u0103? - Secretele lui Lovendal<\/title>\n<meta name=\"robots\" content=\"index, follow, max-snippet:-1, max-image-preview:large, max-video-preview:-1\" \/>\n<link rel=\"canonical\" href=\"https:\/\/www.lovendal.ro\/wp52\/moartea-enigmatica-a-papei-ioan-paul-i-a-fost-el-ucis-de-marea-mafie-internationala\/\" \/>\n<meta property=\"og:locale\" content=\"ro_RO\" \/>\n<meta property=\"og:type\" content=\"article\" \/>\n<meta property=\"og:title\" content=\"Moartea enigmatic\u0103 a papei Ioan Paul I - a fost el ucis de marea mafie interna\u0163ional\u0103?\" \/>\n<meta property=\"og:description\" content=\"Moartea fulger\u0103toare a unui pap\u0103 Pe 26 august 1978, cardinalul Albino Luciani a fost ales pap\u0103, lu\u00e2nd numele de Ioan Paul I. 33 de zile mai t\u00e2rziu, pe 28 septembrie 1978, papa s-a a\u0219ezat la cin\u0103 \u00een apartamentul s\u0103u din ... Cititi mai multe\" \/>\n<meta property=\"og:url\" content=\"https:\/\/www.lovendal.ro\/wp52\/moartea-enigmatica-a-papei-ioan-paul-i-a-fost-el-ucis-de-marea-mafie-internationala\/\" \/>\n<meta property=\"og:site_name\" content=\"Secretele lui Lovendal\" \/>\n<meta property=\"article:publisher\" content=\"https:\/\/www.facebook.com\/secreteleluilovendal\" \/>\n<meta property=\"article:published_time\" content=\"2019-10-02T19:26:52+00:00\" \/>\n<meta property=\"og:image\" content=\"https:\/\/www.lovendal.ro\/wp52\/wp-content\/uploads\/2019\/10\/papa-Ioan-Paul-I.jpg\" \/>\n\t<meta property=\"og:image:width\" content=\"339\" \/>\n\t<meta property=\"og:image:height\" content=\"272\" \/>\n\t<meta property=\"og:image:type\" content=\"image\/jpeg\" \/>\n<meta name=\"author\" content=\"admin\" \/>\n<meta name=\"twitter:card\" content=\"summary_large_image\" \/>\n<meta name=\"twitter:label1\" content=\"Scris de\" \/>\n\t<meta name=\"twitter:data1\" content=\"admin\" \/>\n\t<meta name=\"twitter:label2\" content=\"Timp estimat pentru citire\" \/>\n\t<meta name=\"twitter:data2\" content=\"4 minute\" \/>\n<script type=\"application\/ld+json\" class=\"yoast-schema-graph\">{\"@context\":\"https:\\\/\\\/schema.org\",\"@graph\":[{\"@type\":\"Article\",\"@id\":\"https:\\\/\\\/www.lovendal.ro\\\/wp52\\\/moartea-enigmatica-a-papei-ioan-paul-i-a-fost-el-ucis-de-marea-mafie-internationala\\\/#article\",\"isPartOf\":{\"@id\":\"https:\\\/\\\/www.lovendal.ro\\\/wp52\\\/moartea-enigmatica-a-papei-ioan-paul-i-a-fost-el-ucis-de-marea-mafie-internationala\\\/\"},\"author\":{\"name\":\"admin\",\"@id\":\"https:\\\/\\\/www.lovendal.ro\\\/wp52\\\/#\\\/schema\\\/person\\\/088691de5dfc346bb0c023e1e52ef5d9\"},\"headline\":\"Moartea enigmatic\u0103 a papei Ioan Paul I &#8211; a fost el ucis de marea mafie interna\u0163ional\u0103?\",\"datePublished\":\"2019-10-02T19:26:52+00:00\",\"mainEntityOfPage\":{\"@id\":\"https:\\\/\\\/www.lovendal.ro\\\/wp52\\\/moartea-enigmatica-a-papei-ioan-paul-i-a-fost-el-ucis-de-marea-mafie-internationala\\\/\"},\"wordCount\":863,\"publisher\":{\"@id\":\"https:\\\/\\\/www.lovendal.ro\\\/wp52\\\/#organization\"},\"image\":{\"@id\":\"https:\\\/\\\/www.lovendal.ro\\\/wp52\\\/moartea-enigmatica-a-papei-ioan-paul-i-a-fost-el-ucis-de-marea-mafie-internationala\\\/#primaryimage\"},\"thumbnailUrl\":\"https:\\\/\\\/www.lovendal.ro\\\/wp52\\\/wp-content\\\/uploads\\\/2019\\\/10\\\/papa-Ioan-Paul-I.jpg\",\"keywords\":[\"ap\u0103\",\"arhiepiscop\",\"atac de cord\",\"banc\u0103\",\"Banca Vaticanului\",\"cafea\",\"c\u0103lug\u0103ri\u0163\u0103\",\"cardinal\",\"Chicago\",\"fasole\",\"inim\u0103\",\"Ioan Paul I\",\"Istorie si Civilizatii\",\"mass-media\",\"medic\",\"moarte\",\"ochelari\",\"papa\",\"pastile\",\"poli\u0163ie\",\"salat\u0103\",\"sup\u0103\",\"TV\",\"Vatican\",\"vin\"],\"articleSection\":[\"Istorie si Civilizatii\"],\"inLanguage\":\"ro-RO\"},{\"@type\":\"WebPage\",\"@id\":\"https:\\\/\\\/www.lovendal.ro\\\/wp52\\\/moartea-enigmatica-a-papei-ioan-paul-i-a-fost-el-ucis-de-marea-mafie-internationala\\\/\",\"url\":\"https:\\\/\\\/www.lovendal.ro\\\/wp52\\\/moartea-enigmatica-a-papei-ioan-paul-i-a-fost-el-ucis-de-marea-mafie-internationala\\\/\",\"name\":\"Moartea enigmatic\u0103 a papei Ioan Paul I - a fost el ucis de marea mafie interna\u0163ional\u0103? - Secretele lui Lovendal\",\"isPartOf\":{\"@id\":\"https:\\\/\\\/www.lovendal.ro\\\/wp52\\\/#website\"},\"primaryImageOfPage\":{\"@id\":\"https:\\\/\\\/www.lovendal.ro\\\/wp52\\\/moartea-enigmatica-a-papei-ioan-paul-i-a-fost-el-ucis-de-marea-mafie-internationala\\\/#primaryimage\"},\"image\":{\"@id\":\"https:\\\/\\\/www.lovendal.ro\\\/wp52\\\/moartea-enigmatica-a-papei-ioan-paul-i-a-fost-el-ucis-de-marea-mafie-internationala\\\/#primaryimage\"},\"thumbnailUrl\":\"https:\\\/\\\/www.lovendal.ro\\\/wp52\\\/wp-content\\\/uploads\\\/2019\\\/10\\\/papa-Ioan-Paul-I.jpg\",\"datePublished\":\"2019-10-02T19:26:52+00:00\",\"breadcrumb\":{\"@id\":\"https:\\\/\\\/www.lovendal.ro\\\/wp52\\\/moartea-enigmatica-a-papei-ioan-paul-i-a-fost-el-ucis-de-marea-mafie-internationala\\\/#breadcrumb\"},\"inLanguage\":\"ro-RO\",\"potentialAction\":[{\"@type\":\"ReadAction\",\"target\":[\"https:\\\/\\\/www.lovendal.ro\\\/wp52\\\/moartea-enigmatica-a-papei-ioan-paul-i-a-fost-el-ucis-de-marea-mafie-internationala\\\/\"]}]},{\"@type\":\"ImageObject\",\"inLanguage\":\"ro-RO\",\"@id\":\"https:\\\/\\\/www.lovendal.ro\\\/wp52\\\/moartea-enigmatica-a-papei-ioan-paul-i-a-fost-el-ucis-de-marea-mafie-internationala\\\/#primaryimage\",\"url\":\"https:\\\/\\\/www.lovendal.ro\\\/wp52\\\/wp-content\\\/uploads\\\/2019\\\/10\\\/papa-Ioan-Paul-I.jpg\",\"contentUrl\":\"https:\\\/\\\/www.lovendal.ro\\\/wp52\\\/wp-content\\\/uploads\\\/2019\\\/10\\\/papa-Ioan-Paul-I.jpg\",\"width\":339,\"height\":272,\"caption\":\"Imagine: prelucrare proprie\"},{\"@type\":\"BreadcrumbList\",\"@id\":\"https:\\\/\\\/www.lovendal.ro\\\/wp52\\\/moartea-enigmatica-a-papei-ioan-paul-i-a-fost-el-ucis-de-marea-mafie-internationala\\\/#breadcrumb\",\"itemListElement\":[{\"@type\":\"ListItem\",\"position\":1,\"name\":\"Home\",\"item\":\"https:\\\/\\\/www.lovendal.ro\\\/wp52\\\/\"},{\"@type\":\"ListItem\",\"position\":2,\"name\":\"Moartea enigmatic\u0103 a papei Ioan Paul I &#8211; a fost el ucis de marea mafie interna\u0163ional\u0103?\"}]},{\"@type\":\"WebSite\",\"@id\":\"https:\\\/\\\/www.lovendal.ro\\\/wp52\\\/#website\",\"url\":\"https:\\\/\\\/www.lovendal.ro\\\/wp52\\\/\",\"name\":\"Secretele lui Lovendal\",\"description\":\"Site de secrete, stiinta si metafizica - din 2008 -\",\"publisher\":{\"@id\":\"https:\\\/\\\/www.lovendal.ro\\\/wp52\\\/#organization\"},\"potentialAction\":[{\"@type\":\"SearchAction\",\"target\":{\"@type\":\"EntryPoint\",\"urlTemplate\":\"https:\\\/\\\/www.lovendal.ro\\\/wp52\\\/?s={search_term_string}\"},\"query-input\":{\"@type\":\"PropertyValueSpecification\",\"valueRequired\":true,\"valueName\":\"search_term_string\"}}],\"inLanguage\":\"ro-RO\"},{\"@type\":\"Organization\",\"@id\":\"https:\\\/\\\/www.lovendal.ro\\\/wp52\\\/#organization\",\"name\":\"Secretele lui Lovendal\",\"url\":\"https:\\\/\\\/www.lovendal.ro\\\/wp52\\\/\",\"logo\":{\"@type\":\"ImageObject\",\"inLanguage\":\"ro-RO\",\"@id\":\"https:\\\/\\\/www.lovendal.ro\\\/wp52\\\/#\\\/schema\\\/logo\\\/image\\\/\",\"url\":\"https:\\\/\\\/www.lovendal.ro\\\/wp52\\\/wp-content\\\/uploads\\\/2024\\\/06\\\/cropped-SLL-iun-2024-1.jpg\",\"contentUrl\":\"https:\\\/\\\/www.lovendal.ro\\\/wp52\\\/wp-content\\\/uploads\\\/2024\\\/06\\\/cropped-SLL-iun-2024-1.jpg\",\"width\":771,\"height\":240,\"caption\":\"Secretele lui Lovendal\"},\"image\":{\"@id\":\"https:\\\/\\\/www.lovendal.ro\\\/wp52\\\/#\\\/schema\\\/logo\\\/image\\\/\"},\"sameAs\":[\"https:\\\/\\\/www.facebook.com\\\/secreteleluilovendal\"]},{\"@type\":\"Person\",\"@id\":\"https:\\\/\\\/www.lovendal.ro\\\/wp52\\\/#\\\/schema\\\/person\\\/088691de5dfc346bb0c023e1e52ef5d9\",\"name\":\"admin\",\"image\":{\"@type\":\"ImageObject\",\"inLanguage\":\"ro-RO\",\"@id\":\"https:\\\/\\\/secure.gravatar.com\\\/avatar\\\/ecb9cd41f5f63c9c9b989999a59f6e2639a865ec361e9db054db0679a8f341c2?s=96&d=mm&r=g\",\"url\":\"https:\\\/\\\/secure.gravatar.com\\\/avatar\\\/ecb9cd41f5f63c9c9b989999a59f6e2639a865ec361e9db054db0679a8f341c2?s=96&d=mm&r=g\",\"contentUrl\":\"https:\\\/\\\/secure.gravatar.com\\\/avatar\\\/ecb9cd41f5f63c9c9b989999a59f6e2639a865ec361e9db054db0679a8f341c2?s=96&d=mm&r=g\",\"caption\":\"admin\"},\"sameAs\":[\"https:\\\/\\\/www.lovendal.ro\\\/wp52\"]}]}<\/script>\n<!-- \/ Yoast SEO Premium plugin. -->","yoast_head_json":{"title":"Moartea enigmatic\u0103 a papei Ioan Paul I - a fost el ucis de marea mafie interna\u0163ional\u0103? - Secretele lui Lovendal","robots":{"index":"index","follow":"follow","max-snippet":"max-snippet:-1","max-image-preview":"max-image-preview:large","max-video-preview":"max-video-preview:-1"},"canonical":"https:\/\/www.lovendal.ro\/wp52\/moartea-enigmatica-a-papei-ioan-paul-i-a-fost-el-ucis-de-marea-mafie-internationala\/","og_locale":"ro_RO","og_type":"article","og_title":"Moartea enigmatic\u0103 a papei Ioan Paul I - a fost el ucis de marea mafie interna\u0163ional\u0103?","og_description":"Moartea fulger\u0103toare a unui pap\u0103 Pe 26 august 1978, cardinalul Albino Luciani a fost ales pap\u0103, lu\u00e2nd numele de Ioan Paul I. 33 de zile mai t\u00e2rziu, pe 28 septembrie 1978, papa s-a a\u0219ezat la cin\u0103 \u00een apartamentul s\u0103u din ... Cititi mai multe","og_url":"https:\/\/www.lovendal.ro\/wp52\/moartea-enigmatica-a-papei-ioan-paul-i-a-fost-el-ucis-de-marea-mafie-internationala\/","og_site_name":"Secretele lui Lovendal","article_publisher":"https:\/\/www.facebook.com\/secreteleluilovendal","article_published_time":"2019-10-02T19:26:52+00:00","og_image":[{"width":339,"height":272,"url":"https:\/\/www.lovendal.ro\/wp52\/wp-content\/uploads\/2019\/10\/papa-Ioan-Paul-I.jpg","type":"image\/jpeg"}],"author":"admin","twitter_card":"summary_large_image","twitter_misc":{"Scris de":"admin","Timp estimat pentru citire":"4 minute"},"schema":{"@context":"https:\/\/schema.org","@graph":[{"@type":"Article","@id":"https:\/\/www.lovendal.ro\/wp52\/moartea-enigmatica-a-papei-ioan-paul-i-a-fost-el-ucis-de-marea-mafie-internationala\/#article","isPartOf":{"@id":"https:\/\/www.lovendal.ro\/wp52\/moartea-enigmatica-a-papei-ioan-paul-i-a-fost-el-ucis-de-marea-mafie-internationala\/"},"author":{"name":"admin","@id":"https:\/\/www.lovendal.ro\/wp52\/#\/schema\/person\/088691de5dfc346bb0c023e1e52ef5d9"},"headline":"Moartea enigmatic\u0103 a papei Ioan Paul I &#8211; a fost el ucis de marea mafie interna\u0163ional\u0103?","datePublished":"2019-10-02T19:26:52+00:00","mainEntityOfPage":{"@id":"https:\/\/www.lovendal.ro\/wp52\/moartea-enigmatica-a-papei-ioan-paul-i-a-fost-el-ucis-de-marea-mafie-internationala\/"},"wordCount":863,"publisher":{"@id":"https:\/\/www.lovendal.ro\/wp52\/#organization"},"image":{"@id":"https:\/\/www.lovendal.ro\/wp52\/moartea-enigmatica-a-papei-ioan-paul-i-a-fost-el-ucis-de-marea-mafie-internationala\/#primaryimage"},"thumbnailUrl":"https:\/\/www.lovendal.ro\/wp52\/wp-content\/uploads\/2019\/10\/papa-Ioan-Paul-I.jpg","keywords":["ap\u0103","arhiepiscop","atac de cord","banc\u0103","Banca Vaticanului","cafea","c\u0103lug\u0103ri\u0163\u0103","cardinal","Chicago","fasole","inim\u0103","Ioan Paul I","Istorie si Civilizatii","mass-media","medic","moarte","ochelari","papa","pastile","poli\u0163ie","salat\u0103","sup\u0103","TV","Vatican","vin"],"articleSection":["Istorie si Civilizatii"],"inLanguage":"ro-RO"},{"@type":"WebPage","@id":"https:\/\/www.lovendal.ro\/wp52\/moartea-enigmatica-a-papei-ioan-paul-i-a-fost-el-ucis-de-marea-mafie-internationala\/","url":"https:\/\/www.lovendal.ro\/wp52\/moartea-enigmatica-a-papei-ioan-paul-i-a-fost-el-ucis-de-marea-mafie-internationala\/","name":"Moartea enigmatic\u0103 a papei Ioan Paul I - a fost el ucis de marea mafie interna\u0163ional\u0103? - Secretele lui Lovendal","isPartOf":{"@id":"https:\/\/www.lovendal.ro\/wp52\/#website"},"primaryImageOfPage":{"@id":"https:\/\/www.lovendal.ro\/wp52\/moartea-enigmatica-a-papei-ioan-paul-i-a-fost-el-ucis-de-marea-mafie-internationala\/#primaryimage"},"image":{"@id":"https:\/\/www.lovendal.ro\/wp52\/moartea-enigmatica-a-papei-ioan-paul-i-a-fost-el-ucis-de-marea-mafie-internationala\/#primaryimage"},"thumbnailUrl":"https:\/\/www.lovendal.ro\/wp52\/wp-content\/uploads\/2019\/10\/papa-Ioan-Paul-I.jpg","datePublished":"2019-10-02T19:26:52+00:00","breadcrumb":{"@id":"https:\/\/www.lovendal.ro\/wp52\/moartea-enigmatica-a-papei-ioan-paul-i-a-fost-el-ucis-de-marea-mafie-internationala\/#breadcrumb"},"inLanguage":"ro-RO","potentialAction":[{"@type":"ReadAction","target":["https:\/\/www.lovendal.ro\/wp52\/moartea-enigmatica-a-papei-ioan-paul-i-a-fost-el-ucis-de-marea-mafie-internationala\/"]}]},{"@type":"ImageObject","inLanguage":"ro-RO","@id":"https:\/\/www.lovendal.ro\/wp52\/moartea-enigmatica-a-papei-ioan-paul-i-a-fost-el-ucis-de-marea-mafie-internationala\/#primaryimage","url":"https:\/\/www.lovendal.ro\/wp52\/wp-content\/uploads\/2019\/10\/papa-Ioan-Paul-I.jpg","contentUrl":"https:\/\/www.lovendal.ro\/wp52\/wp-content\/uploads\/2019\/10\/papa-Ioan-Paul-I.jpg","width":339,"height":272,"caption":"Imagine: prelucrare proprie"},{"@type":"BreadcrumbList","@id":"https:\/\/www.lovendal.ro\/wp52\/moartea-enigmatica-a-papei-ioan-paul-i-a-fost-el-ucis-de-marea-mafie-internationala\/#breadcrumb","itemListElement":[{"@type":"ListItem","position":1,"name":"Home","item":"https:\/\/www.lovendal.ro\/wp52\/"},{"@type":"ListItem","position":2,"name":"Moartea enigmatic\u0103 a papei Ioan Paul I &#8211; a fost el ucis de marea mafie interna\u0163ional\u0103?"}]},{"@type":"WebSite","@id":"https:\/\/www.lovendal.ro\/wp52\/#website","url":"https:\/\/www.lovendal.ro\/wp52\/","name":"Secretele lui Lovendal","description":"Site de secrete, stiinta si metafizica - din 2008 -","publisher":{"@id":"https:\/\/www.lovendal.ro\/wp52\/#organization"},"potentialAction":[{"@type":"SearchAction","target":{"@type":"EntryPoint","urlTemplate":"https:\/\/www.lovendal.ro\/wp52\/?s={search_term_string}"},"query-input":{"@type":"PropertyValueSpecification","valueRequired":true,"valueName":"search_term_string"}}],"inLanguage":"ro-RO"},{"@type":"Organization","@id":"https:\/\/www.lovendal.ro\/wp52\/#organization","name":"Secretele lui Lovendal","url":"https:\/\/www.lovendal.ro\/wp52\/","logo":{"@type":"ImageObject","inLanguage":"ro-RO","@id":"https:\/\/www.lovendal.ro\/wp52\/#\/schema\/logo\/image\/","url":"https:\/\/www.lovendal.ro\/wp52\/wp-content\/uploads\/2024\/06\/cropped-SLL-iun-2024-1.jpg","contentUrl":"https:\/\/www.lovendal.ro\/wp52\/wp-content\/uploads\/2024\/06\/cropped-SLL-iun-2024-1.jpg","width":771,"height":240,"caption":"Secretele lui Lovendal"},"image":{"@id":"https:\/\/www.lovendal.ro\/wp52\/#\/schema\/logo\/image\/"},"sameAs":["https:\/\/www.facebook.com\/secreteleluilovendal"]},{"@type":"Person","@id":"https:\/\/www.lovendal.ro\/wp52\/#\/schema\/person\/088691de5dfc346bb0c023e1e52ef5d9","name":"admin","image":{"@type":"ImageObject","inLanguage":"ro-RO","@id":"https:\/\/secure.gravatar.com\/avatar\/ecb9cd41f5f63c9c9b989999a59f6e2639a865ec361e9db054db0679a8f341c2?s=96&d=mm&r=g","url":"https:\/\/secure.gravatar.com\/avatar\/ecb9cd41f5f63c9c9b989999a59f6e2639a865ec361e9db054db0679a8f341c2?s=96&d=mm&r=g","contentUrl":"https:\/\/secure.gravatar.com\/avatar\/ecb9cd41f5f63c9c9b989999a59f6e2639a865ec361e9db054db0679a8f341c2?s=96&d=mm&r=g","caption":"admin"},"sameAs":["https:\/\/www.lovendal.ro\/wp52"]}]}},"_links":{"self":[{"href":"https:\/\/www.lovendal.ro\/wp52\/wp-json\/wp\/v2\/posts\/64294","targetHints":{"allow":["GET"]}}],"collection":[{"href":"https:\/\/www.lovendal.ro\/wp52\/wp-json\/wp\/v2\/posts"}],"about":[{"href":"https:\/\/www.lovendal.ro\/wp52\/wp-json\/wp\/v2\/types\/post"}],"author":[{"embeddable":true,"href":"https:\/\/www.lovendal.ro\/wp52\/wp-json\/wp\/v2\/users\/1"}],"replies":[{"embeddable":true,"href":"https:\/\/www.lovendal.ro\/wp52\/wp-json\/wp\/v2\/comments?post=64294"}],"version-history":[{"count":0,"href":"https:\/\/www.lovendal.ro\/wp52\/wp-json\/wp\/v2\/posts\/64294\/revisions"}],"wp:featuredmedia":[{"embeddable":true,"href":"https:\/\/www.lovendal.ro\/wp52\/wp-json\/wp\/v2\/media\/64295"}],"wp:attachment":[{"href":"https:\/\/www.lovendal.ro\/wp52\/wp-json\/wp\/v2\/media?parent=64294"}],"wp:term":[{"taxonomy":"category","embeddable":true,"href":"https:\/\/www.lovendal.ro\/wp52\/wp-json\/wp\/v2\/categories?post=64294"},{"taxonomy":"post_tag","embeddable":true,"href":"https:\/\/www.lovendal.ro\/wp52\/wp-json\/wp\/v2\/tags?post=64294"}],"curies":[{"name":"wp","href":"https:\/\/api.w.org\/{rel}","templated":true}]}}