{"id":63982,"date":"2019-09-15T15:41:36","date_gmt":"2019-09-15T12:41:36","guid":{"rendered":"https:\/\/www.lovendal.ro\/wp52\/?p=63982"},"modified":"2019-09-15T15:41:36","modified_gmt":"2019-09-15T12:41:36","slug":"exclusiv-care-a-fost-pacatul-originar-al-omului-conform-bibliei-faptul-ca-eva-s-a-culcat-cu-sarpele-satana-desi-era-cu-adam","status":"publish","type":"post","link":"https:\/\/www.lovendal.ro\/wp52\/exclusiv-care-a-fost-pacatul-originar-al-omului-conform-bibliei-faptul-ca-eva-s-a-culcat-cu-sarpele-satana-desi-era-cu-adam\/","title":{"rendered":"EXCLUSIV! Care a fost p\u0103catul originar al omului, conform Bibliei? Faptul c\u0103 Eva s-a culcat cu \u015farpele (Satana), de\u015fi era cu Adam?"},"content":{"rendered":"<figure id=\"attachment_63984\" aria-describedby=\"caption-attachment-63984\" style=\"width: 332px\" class=\"wp-caption alignleft\"><a href=\"https:\/\/www.lovendal.ro\/wp52\/wp-content\/uploads\/2019\/09\/Eva-si-sarpele.jpg\"><img loading=\"lazy\" decoding=\"async\" class=\"wp-image-63984 size-full\" src=\"https:\/\/www.lovendal.ro\/wp52\/wp-content\/uploads\/2019\/09\/Eva-si-sarpele.jpg\" alt=\"\" width=\"342\" height=\"221\" srcset=\"https:\/\/www.lovendal.ro\/wp52\/wp-content\/uploads\/2019\/09\/Eva-si-sarpele.jpg 342w, https:\/\/www.lovendal.ro\/wp52\/wp-content\/uploads\/2019\/09\/Eva-si-sarpele-300x194.jpg 300w\" sizes=\"auto, (max-width: 342px) 100vw, 342px\" \/><\/a><figcaption id=\"caption-attachment-63984\" class=\"wp-caption-text\"><strong>Foto:<\/strong> prelucrare proprie<\/figcaption><\/figure>\n<p>Marea majoritate dintre noi cunoa\u015ftem care a fost &#8222;p\u0103catul originar&#8221; conform Bibliei: mu\u015fcarea m\u0103rului de c\u0103tre Eva, mai precis neascultarea de c\u0103tre femeie a cuv\u00e2ntului lui Dumnezeu. S\u0103 mai revedem \u00eenc\u0103 o dat\u0103 fragmentul din Genez\u0103 (cap.3):<\/p>\n<p><em>1. \u015earpele \u00eens\u0103 era cel mai \u015firet dintre toate fiarele de pe p\u0103m\u00e2nt, pe care le f\u0103cuse Domnul Dumnezeu. \u015ei a zis \u015farpele c\u0103tre femeie: &#8222;Dumnezeu a zis El, oare, s\u0103 nu m\u00e2nca\u0163i roade din orice pom din rai?&#8221;<\/em><br \/>\n<em>2. Iar femeia a zis c\u0103tre \u015farpe: &#8222;Roade din pomii raiului putem s\u0103 m\u00e2nc\u0103m;<\/em><br \/>\n<em>3. Numai din rodul pomului celui din mijlocul raiului ne-a zis Dumnezeu: &#8222;S\u0103 nu m\u00e2nca\u0163i din el, nici s\u0103 v\u0103 atinge\u0163i de el, ca s\u0103 nu muri\u0163i!&#8221;<\/em><br \/>\n<em>4. Atunci \u015farpele a zis c\u0103tre femeie: &#8222;Nu, nu ve\u0163i muri!<\/em><br \/>\n<em>5. Dar Dumnezeu \u015ftie c\u0103 \u00een ziua \u00een care ve\u0163i m\u00e2nca din el vi se vor deschide ochii \u015fi ve\u0163i fi ca Dumnezeu, cunosc\u00e2nd binele \u015fi r\u0103ul&#8221;.<\/em><br \/>\n<em>6. De aceea femeia, socotind c\u0103 rodul pomului este bun de m\u00e2ncat \u015fi pl\u0103cut ochilor la vedere \u015fi vrednic de dorit, pentru c\u0103 d\u0103 \u015ftiin\u0163\u0103, a luat din el \u015fi a m\u00e2ncat \u015fi a dat b\u0103rbatului s\u0103u \u015fi a m\u00e2ncat \u015fi el.<\/em><br \/>\n<em>7. Atunci li s-au deschis ochii la am\u00e2ndoi \u015fi au cunoscut c\u0103 erau goi, \u015fi au cusut frunze de smochin \u015fi \u015fi-au f\u0103cut acoper\u0103minte.<\/em><br \/>\n<em>8. Iar c\u00e2nd au auzit glasul Domnului Dumnezeu, Care umbla prin rai, \u00een r\u0103coarea serii, s-au ascuns Adam \u015fi femeia lui de fa\u0163a Domnului Dumnezeu printre pomii raiului.<\/em><br \/>\n<em>9. \u015ei a strigat Domnul Dumnezeu pe Adam \u015fi i-a zis: &#8222;Adame, unde e\u015fti?&#8221;<\/em><br \/>\n<em>10. R\u0103spuns-a acesta: &#8222;Am auzit glasul T\u0103u \u00een rai \u015fi m-am temut, c\u0103ci sunt gol, \u015fi m-am ascuns&#8221;.<\/em><br \/>\n<em>11. \u015ei i-a zis Dumnezeu: &#8222;Cine ti-a spus c\u0103 e\u015fti gol? Nu cumva ai m\u00e2ncat din pomul din care ti-am poruncit s\u0103 nu m\u0103n\u00e2nci?&#8221;<\/em><br \/>\n<em>12. Zis-a Adam: &#8222;Femeia care mi-ai dat-o s\u0103 fie cu mine, aceea mi-a dat din pom \u015fi am m\u00e2ncat&#8221;.<\/em><br \/>\n<em>13. \u015ei a zis Domnul Dumnezeu c\u0103tre femeie: &#8222;Pentru ce ai f\u0103cut aceasta?&#8221; Iar femeia a zis: &#8222;\u015earpele m-a am\u0103git \u015fi eu am m\u00e2ncat&#8221;.<\/em><br \/>\n<em>14. Zis-a Domnul Dumnezeu c\u0103tre \u015farpe: &#8222;Pentru c\u0103 ai f\u0103cut aceasta, blestemat s\u0103 fii \u00eentre toate animalele \u015fi \u00eentre toate fiarele c\u00e2mpului; pe p\u00e2ntecele t\u0103u s\u0103 te t\u00e2r\u0103\u015fti \u015fi \u0163\u0103r\u00e2n\u0103 s\u0103 m\u0103n\u00e2nci \u00een toate zilele vie\u0163ii tale!<\/em><br \/>\n<em>15. Du\u015fm\u0103nie voi pune \u00eentre tine \u015fi \u00eentre femeie, \u00eentre s\u0103m\u00e2n\u0163a ta \u015fi s\u0103m\u00e2n\u0163a ei; aceasta \u00ee\u0163i va zdrobi capul, iar tu \u00eei vei \u00een\u0163epa c\u0103lc\u00e2iul&#8221;.<\/em><br \/>\n<em>16. Iar femeii i-a zis: &#8222;Voi \u00eenmul\u0163i mereu necazurile tale, mai ales \u00een vremea sarcinii tale; \u00een dureri vei na\u015fte copii; atras\u0103 vei fi c\u0103tre b\u0103rbatul t\u0103u \u015fi el te va st\u0103p\u00e2ni&#8221;.<\/em><br \/>\n<em>17. Iar lui Adam i-a zis: &#8222;Pentru c\u0103 ai ascultat vorba femeii tale \u015fi ai m\u00e2ncat din pomul din care \u0163i-am poruncit: &#8222;S\u0103 nu m\u0103n\u00e2nci&#8221;, blestemat va fi p\u0103m\u00e2ntul pentru tine! Cu osteneal\u0103 s\u0103 te hr\u0103ne\u015fti din el \u00een toate zilele vie\u0163ii tale!<\/em><br \/>\n<em>18. Spini \u015fi p\u0103l\u0103mid\u0103 \u00ee\u0163i va rodi el \u015fi te vei hr\u0103ni cu iarba c\u00e2mpului!<\/em><br \/>\n<em>19. \u00cen sudoarea fetei tale \u00ee\u0163i vei m\u00e2nca p\u00e2inea ta, p\u00e2n\u0103 te vei \u00eentoarce \u00een p\u0103m\u00e2ntul din care e\u015fti luat; c\u0103ci p\u0103m\u00e2nt e\u015fti \u015fi \u00een p\u0103m\u00e2nt te vei \u00eentoarce&#8221;.<\/em><\/p>\n<p>Dar, exist\u0103 mi\u015fc\u0103ri cre\u015ftine, ca Mi\u015fcarea Identit\u0103\u0163ii Cre\u015ftine, Canalul P\u0103storilor sau Biserica Unificat\u0103, care cred c\u0103 Eva s-ar fi culcat cu \u015farpele (Satana), de aici pornind &#8222;p\u0103catul originar&#8221;. De exemplu, teologul William Branham (1909-1965) spune c\u0103 \u00een Gr\u0103dina Edenului, Eva a fost sedus\u0103 de c\u0103tre \u015farpe, iar &#8222;s\u0103m\u00e2n\u0163a \u015farpelui&#8221; s-a amestecat cu &#8222;s\u0103m\u00e2n\u0163a Evei&#8221; cum ne spune fragmentul 3:15<em> &#8222;Du\u015fm\u0103nie voi pune \u00eentre tine \u015fi \u00eentre femeie, \u00eentre s\u0103m\u00e2n\u0163a ta \u015fi s\u0103m\u00e2n\u0163a ei&#8221;, <\/em>astfel \u00eenc\u00e2t se poate spune c\u0103 Eva a avut mai \u00eent\u00e2i rela\u0163ii intime cu \u015farpele \u015fi nu cu Adam, b\u0103rbatul ei. Dup\u0103 ce s-a \u00eent\u00e2mplat acest lucru, Dumnezeu a blestemat \u0219arpele.<\/p>\n<p>A\u015fadar, dac\u0103 Eva \u0219i \u015farpele (Satana) au avut o rela\u0163ie amoroas\u0103, p\u0103catul originar este privit ca fiind de natur\u0103 se*ual\u0103, spre deosebire de interpretarea tradi\u021bional\u0103 conform c\u0103reia p\u0103catul ar fi dat de neascultarea de Dumnezeu.<\/p>\n<p>Aceea\u015fi interpretare a fragmentului 3:15 din Genez\u0103 se reg\u0103se\u015fte \u015fi \u00een \u00eenv\u0103\u021b\u0103turile teologului cre\u015ftin Arnold Murray (1929\u20132014). El spune c\u0103 Eva, dup\u0103 ce s-a unit cu \u015farpele, l-a avut ca urma\u015f pe Cain, \u00een timp ce Abel, cel\u0103lalt copil, a rezultat din \u00eempreunarea Evei cu Adam.<\/p>\n<p>Foarte interesant e faptul c\u0103 aceea\u015fi ipotez\u0103, ca cea expus\u0103 mai sus, este relatat\u0103 de o lucrare a teologiei evreie\u015fti, de origine ocult\u0103, <em>\u201cTargum Pseudo-Jonathan\u201d<\/em>, care spune c\u0103 ademenirea Evei cu un m\u0103r de c\u0103tre acel \u015farpe din gr\u0103dina Edenului nu a fost altceva dec\u00e2t o rela\u0163ie adulter\u0103 pe care Eva a avut-o cu \u015farpele, care n-ar fi altcineva dec\u00e2t \u00eengerul c\u0103zut Samael sau Lucifer. \u00cen urma acestei rela\u0163ii, s-a n\u0103scut Cain, care era astfel fiul lui Lucifer. Cain a avut mai mul\u0163i mo\u015ftenitori, cre\u00e2nd astfel o ras\u0103 de oameni luciferici. Dup\u0103 ce Abel a fost omor\u00e2t, Adam \u015fi Eva s-au \u00eempreunat din nou \u015fi l-au avut ca fiu pe Seth, cre\u00e2nd astfel rasa \u201coamenilor Domnului\u201d. Din aceast\u0103 ras\u0103 din urm\u0103 provine \u015fi Iisus Hristos; nici nu s-ar putea altfel, din moment ce to\u0163i descenden\u0163ii lui Cain au fost omor\u00e2\u0163i de potopul biblic, poate \u015fi din acest motiv: c\u0103 to\u0163i erau urma\u015fii lui Lucifer. Citi\u0163i mai multe \u00een acest articol: <a href=\"https:\/\/www.lovendal.ro\/wp52\/adevarata-istorie-biblica-cain-nu-a-fost-fiul-lui-adam-ci-fiul-diavolului-al-ingerului-cazut-samael-dupa-ce-acesta-a-sedus-o-pe-eva\/\" target=\"_blank\" rel=\"noopener noreferrer\"><strong>Adev\u0103rata istorie biblic\u0103: Cain nu a fost fiul lui Adam, ci fiul diavolului (al \u00eengerului c\u0103zut Samael), dup\u0103 ce acesta a sedus-o pe Eva!<\/strong><\/a><\/p>\n","protected":false},"excerpt":{"rendered":"<p>Marea majoritate dintre noi cunoa\u015ftem care a fost &#8222;p\u0103catul originar&#8221; conform Bibliei: mu\u015fcarea m\u0103rului de c\u0103tre Eva, mai precis neascultarea de c\u0103tre femeie a cuv\u00e2ntului lui Dumnezeu. S\u0103 mai revedem \u00eenc\u0103 o dat\u0103 fragmentul din Genez\u0103 (cap.3): 1. \u015earpele \u00eens\u0103 &#8230; <\/p>\n<p class=\"read-more-container\"><a title=\"EXCLUSIV! Care a fost p\u0103catul originar al omului, conform Bibliei? Faptul c\u0103 Eva s-a culcat cu \u015farpele (Satana), de\u015fi era cu Adam?\" class=\"read-more button\" href=\"https:\/\/www.lovendal.ro\/wp52\/exclusiv-care-a-fost-pacatul-originar-al-omului-conform-bibliei-faptul-ca-eva-s-a-culcat-cu-sarpele-satana-desi-era-cu-adam\/#more-63982\" aria-label=\"Cite\u0219te mai multe despre EXCLUSIV! Care a fost p\u0103catul originar al omului, conform Bibliei? Faptul c\u0103 Eva s-a culcat cu \u015farpele (Satana), de\u015fi era cu Adam?\">Cititi mai multe<\/a><\/p>\n","protected":false},"author":1,"featured_media":63984,"comment_status":"closed","ping_status":"open","sticky":false,"template":"","format":"standard","meta":{"footnotes":""},"categories":[14],"tags":[4853,1699,60,4852,323,1700,1121,210,2056,1738,881,9796,1003,1252,750,4022,3668,5888],"class_list":["post-63982","post","type-post","status-publish","format-standard","has-post-thumbnail","hentry","category-paranormal-spiritualitate","tag-abel","tag-adam","tag-biblie","tag-cain","tag-dumnezeu","tag-eva","tag-femeie","tag-iisus-hristos","tag-lucifer","tag-mar","tag-pacat","tag-paranormal-spiritualitate","tag-potopul-lui-noe","tag-sarpe","tag-satana","tag-seth","tag-teolog","tag-teologie","resize-featured-image"],"yoast_head":"<!-- This site is optimized with the Yoast SEO Premium plugin v23.3 (Yoast SEO v27.4) - https:\/\/yoast.com\/product\/yoast-seo-premium-wordpress\/ -->\n<title>EXCLUSIV! Care a fost p\u0103catul originar al omului, conform Bibliei? Faptul c\u0103 Eva s-a culcat cu \u015farpele (Satana), de\u015fi era cu Adam? - Secretele lui Lovendal<\/title>\n<meta name=\"robots\" content=\"index, follow, max-snippet:-1, max-image-preview:large, max-video-preview:-1\" \/>\n<link rel=\"canonical\" href=\"https:\/\/www.lovendal.ro\/wp52\/exclusiv-care-a-fost-pacatul-originar-al-omului-conform-bibliei-faptul-ca-eva-s-a-culcat-cu-sarpele-satana-desi-era-cu-adam\/\" \/>\n<meta property=\"og:locale\" content=\"ro_RO\" \/>\n<meta property=\"og:type\" content=\"article\" \/>\n<meta property=\"og:title\" content=\"EXCLUSIV! Care a fost p\u0103catul originar al omului, conform Bibliei? Faptul c\u0103 Eva s-a culcat cu \u015farpele (Satana), de\u015fi era cu Adam?\" \/>\n<meta property=\"og:description\" content=\"Marea majoritate dintre noi cunoa\u015ftem care a fost &#8222;p\u0103catul originar&#8221; conform Bibliei: mu\u015fcarea m\u0103rului de c\u0103tre Eva, mai precis neascultarea de c\u0103tre femeie a cuv\u00e2ntului lui Dumnezeu. S\u0103 mai revedem \u00eenc\u0103 o dat\u0103 fragmentul din Genez\u0103 (cap.3): 1. \u015earpele \u00eens\u0103 ... Cititi mai multe\" \/>\n<meta property=\"og:url\" content=\"https:\/\/www.lovendal.ro\/wp52\/exclusiv-care-a-fost-pacatul-originar-al-omului-conform-bibliei-faptul-ca-eva-s-a-culcat-cu-sarpele-satana-desi-era-cu-adam\/\" \/>\n<meta property=\"og:site_name\" content=\"Secretele lui Lovendal\" \/>\n<meta property=\"article:publisher\" content=\"https:\/\/www.facebook.com\/secreteleluilovendal\" \/>\n<meta property=\"article:published_time\" content=\"2019-09-15T12:41:36+00:00\" \/>\n<meta property=\"og:image\" content=\"https:\/\/www.lovendal.ro\/wp52\/wp-content\/uploads\/2019\/09\/Eva-si-sarpele.jpg\" \/>\n\t<meta property=\"og:image:width\" content=\"342\" \/>\n\t<meta property=\"og:image:height\" content=\"221\" \/>\n\t<meta property=\"og:image:type\" content=\"image\/jpeg\" \/>\n<meta name=\"author\" content=\"admin\" \/>\n<meta name=\"twitter:card\" content=\"summary_large_image\" \/>\n<meta name=\"twitter:label1\" content=\"Scris de\" \/>\n\t<meta name=\"twitter:data1\" content=\"admin\" \/>\n\t<meta name=\"twitter:label2\" content=\"Timp estimat pentru citire\" \/>\n\t<meta name=\"twitter:data2\" content=\"5 minute\" \/>\n<script type=\"application\/ld+json\" class=\"yoast-schema-graph\">{\"@context\":\"https:\\\/\\\/schema.org\",\"@graph\":[{\"@type\":\"Article\",\"@id\":\"https:\\\/\\\/www.lovendal.ro\\\/wp52\\\/exclusiv-care-a-fost-pacatul-originar-al-omului-conform-bibliei-faptul-ca-eva-s-a-culcat-cu-sarpele-satana-desi-era-cu-adam\\\/#article\",\"isPartOf\":{\"@id\":\"https:\\\/\\\/www.lovendal.ro\\\/wp52\\\/exclusiv-care-a-fost-pacatul-originar-al-omului-conform-bibliei-faptul-ca-eva-s-a-culcat-cu-sarpele-satana-desi-era-cu-adam\\\/\"},\"author\":{\"name\":\"admin\",\"@id\":\"https:\\\/\\\/www.lovendal.ro\\\/wp52\\\/#\\\/schema\\\/person\\\/088691de5dfc346bb0c023e1e52ef5d9\"},\"headline\":\"EXCLUSIV! Care a fost p\u0103catul originar al omului, conform Bibliei? Faptul c\u0103 Eva s-a culcat cu \u015farpele (Satana), de\u015fi era cu Adam?\",\"datePublished\":\"2019-09-15T12:41:36+00:00\",\"mainEntityOfPage\":{\"@id\":\"https:\\\/\\\/www.lovendal.ro\\\/wp52\\\/exclusiv-care-a-fost-pacatul-originar-al-omului-conform-bibliei-faptul-ca-eva-s-a-culcat-cu-sarpele-satana-desi-era-cu-adam\\\/\"},\"wordCount\":1082,\"publisher\":{\"@id\":\"https:\\\/\\\/www.lovendal.ro\\\/wp52\\\/#organization\"},\"image\":{\"@id\":\"https:\\\/\\\/www.lovendal.ro\\\/wp52\\\/exclusiv-care-a-fost-pacatul-originar-al-omului-conform-bibliei-faptul-ca-eva-s-a-culcat-cu-sarpele-satana-desi-era-cu-adam\\\/#primaryimage\"},\"thumbnailUrl\":\"https:\\\/\\\/www.lovendal.ro\\\/wp52\\\/wp-content\\\/uploads\\\/2019\\\/09\\\/Eva-si-sarpele.jpg\",\"keywords\":[\"Abel\",\"Adam\",\"Biblie\",\"Cain\",\"Dumnezeu\",\"Eva\",\"femeie\",\"Iisus Hristos\",\"Lucifer\",\"mar\",\"p\u0103cat\",\"Paranormal-Spiritualitate\",\"potopul lui Noe\",\"\u015farpe\",\"Satana\",\"Seth\",\"teolog\",\"teologie\"],\"articleSection\":[\"Paranormal-Spiritualitate\"],\"inLanguage\":\"ro-RO\"},{\"@type\":\"WebPage\",\"@id\":\"https:\\\/\\\/www.lovendal.ro\\\/wp52\\\/exclusiv-care-a-fost-pacatul-originar-al-omului-conform-bibliei-faptul-ca-eva-s-a-culcat-cu-sarpele-satana-desi-era-cu-adam\\\/\",\"url\":\"https:\\\/\\\/www.lovendal.ro\\\/wp52\\\/exclusiv-care-a-fost-pacatul-originar-al-omului-conform-bibliei-faptul-ca-eva-s-a-culcat-cu-sarpele-satana-desi-era-cu-adam\\\/\",\"name\":\"EXCLUSIV! Care a fost p\u0103catul originar al omului, conform Bibliei? Faptul c\u0103 Eva s-a culcat cu \u015farpele (Satana), de\u015fi era cu Adam? - Secretele lui Lovendal\",\"isPartOf\":{\"@id\":\"https:\\\/\\\/www.lovendal.ro\\\/wp52\\\/#website\"},\"primaryImageOfPage\":{\"@id\":\"https:\\\/\\\/www.lovendal.ro\\\/wp52\\\/exclusiv-care-a-fost-pacatul-originar-al-omului-conform-bibliei-faptul-ca-eva-s-a-culcat-cu-sarpele-satana-desi-era-cu-adam\\\/#primaryimage\"},\"image\":{\"@id\":\"https:\\\/\\\/www.lovendal.ro\\\/wp52\\\/exclusiv-care-a-fost-pacatul-originar-al-omului-conform-bibliei-faptul-ca-eva-s-a-culcat-cu-sarpele-satana-desi-era-cu-adam\\\/#primaryimage\"},\"thumbnailUrl\":\"https:\\\/\\\/www.lovendal.ro\\\/wp52\\\/wp-content\\\/uploads\\\/2019\\\/09\\\/Eva-si-sarpele.jpg\",\"datePublished\":\"2019-09-15T12:41:36+00:00\",\"breadcrumb\":{\"@id\":\"https:\\\/\\\/www.lovendal.ro\\\/wp52\\\/exclusiv-care-a-fost-pacatul-originar-al-omului-conform-bibliei-faptul-ca-eva-s-a-culcat-cu-sarpele-satana-desi-era-cu-adam\\\/#breadcrumb\"},\"inLanguage\":\"ro-RO\",\"potentialAction\":[{\"@type\":\"ReadAction\",\"target\":[\"https:\\\/\\\/www.lovendal.ro\\\/wp52\\\/exclusiv-care-a-fost-pacatul-originar-al-omului-conform-bibliei-faptul-ca-eva-s-a-culcat-cu-sarpele-satana-desi-era-cu-adam\\\/\"]}]},{\"@type\":\"ImageObject\",\"inLanguage\":\"ro-RO\",\"@id\":\"https:\\\/\\\/www.lovendal.ro\\\/wp52\\\/exclusiv-care-a-fost-pacatul-originar-al-omului-conform-bibliei-faptul-ca-eva-s-a-culcat-cu-sarpele-satana-desi-era-cu-adam\\\/#primaryimage\",\"url\":\"https:\\\/\\\/www.lovendal.ro\\\/wp52\\\/wp-content\\\/uploads\\\/2019\\\/09\\\/Eva-si-sarpele.jpg\",\"contentUrl\":\"https:\\\/\\\/www.lovendal.ro\\\/wp52\\\/wp-content\\\/uploads\\\/2019\\\/09\\\/Eva-si-sarpele.jpg\",\"width\":342,\"height\":221},{\"@type\":\"BreadcrumbList\",\"@id\":\"https:\\\/\\\/www.lovendal.ro\\\/wp52\\\/exclusiv-care-a-fost-pacatul-originar-al-omului-conform-bibliei-faptul-ca-eva-s-a-culcat-cu-sarpele-satana-desi-era-cu-adam\\\/#breadcrumb\",\"itemListElement\":[{\"@type\":\"ListItem\",\"position\":1,\"name\":\"Home\",\"item\":\"https:\\\/\\\/www.lovendal.ro\\\/wp52\\\/\"},{\"@type\":\"ListItem\",\"position\":2,\"name\":\"EXCLUSIV! Care a fost p\u0103catul originar al omului, conform Bibliei? Faptul c\u0103 Eva s-a culcat cu \u015farpele (Satana), de\u015fi era cu Adam?\"}]},{\"@type\":\"WebSite\",\"@id\":\"https:\\\/\\\/www.lovendal.ro\\\/wp52\\\/#website\",\"url\":\"https:\\\/\\\/www.lovendal.ro\\\/wp52\\\/\",\"name\":\"Secretele lui Lovendal\",\"description\":\"Site de secrete, stiinta si metafizica - din 2008 -\",\"publisher\":{\"@id\":\"https:\\\/\\\/www.lovendal.ro\\\/wp52\\\/#organization\"},\"potentialAction\":[{\"@type\":\"SearchAction\",\"target\":{\"@type\":\"EntryPoint\",\"urlTemplate\":\"https:\\\/\\\/www.lovendal.ro\\\/wp52\\\/?s={search_term_string}\"},\"query-input\":{\"@type\":\"PropertyValueSpecification\",\"valueRequired\":true,\"valueName\":\"search_term_string\"}}],\"inLanguage\":\"ro-RO\"},{\"@type\":\"Organization\",\"@id\":\"https:\\\/\\\/www.lovendal.ro\\\/wp52\\\/#organization\",\"name\":\"Secretele lui Lovendal\",\"url\":\"https:\\\/\\\/www.lovendal.ro\\\/wp52\\\/\",\"logo\":{\"@type\":\"ImageObject\",\"inLanguage\":\"ro-RO\",\"@id\":\"https:\\\/\\\/www.lovendal.ro\\\/wp52\\\/#\\\/schema\\\/logo\\\/image\\\/\",\"url\":\"https:\\\/\\\/www.lovendal.ro\\\/wp52\\\/wp-content\\\/uploads\\\/2024\\\/06\\\/cropped-SLL-iun-2024-1.jpg\",\"contentUrl\":\"https:\\\/\\\/www.lovendal.ro\\\/wp52\\\/wp-content\\\/uploads\\\/2024\\\/06\\\/cropped-SLL-iun-2024-1.jpg\",\"width\":771,\"height\":240,\"caption\":\"Secretele lui Lovendal\"},\"image\":{\"@id\":\"https:\\\/\\\/www.lovendal.ro\\\/wp52\\\/#\\\/schema\\\/logo\\\/image\\\/\"},\"sameAs\":[\"https:\\\/\\\/www.facebook.com\\\/secreteleluilovendal\"]},{\"@type\":\"Person\",\"@id\":\"https:\\\/\\\/www.lovendal.ro\\\/wp52\\\/#\\\/schema\\\/person\\\/088691de5dfc346bb0c023e1e52ef5d9\",\"name\":\"admin\",\"image\":{\"@type\":\"ImageObject\",\"inLanguage\":\"ro-RO\",\"@id\":\"https:\\\/\\\/secure.gravatar.com\\\/avatar\\\/ecb9cd41f5f63c9c9b989999a59f6e2639a865ec361e9db054db0679a8f341c2?s=96&d=mm&r=g\",\"url\":\"https:\\\/\\\/secure.gravatar.com\\\/avatar\\\/ecb9cd41f5f63c9c9b989999a59f6e2639a865ec361e9db054db0679a8f341c2?s=96&d=mm&r=g\",\"contentUrl\":\"https:\\\/\\\/secure.gravatar.com\\\/avatar\\\/ecb9cd41f5f63c9c9b989999a59f6e2639a865ec361e9db054db0679a8f341c2?s=96&d=mm&r=g\",\"caption\":\"admin\"},\"sameAs\":[\"https:\\\/\\\/www.lovendal.ro\\\/wp52\"]}]}<\/script>\n<!-- \/ Yoast SEO Premium plugin. -->","yoast_head_json":{"title":"EXCLUSIV! Care a fost p\u0103catul originar al omului, conform Bibliei? Faptul c\u0103 Eva s-a culcat cu \u015farpele (Satana), de\u015fi era cu Adam? - Secretele lui Lovendal","robots":{"index":"index","follow":"follow","max-snippet":"max-snippet:-1","max-image-preview":"max-image-preview:large","max-video-preview":"max-video-preview:-1"},"canonical":"https:\/\/www.lovendal.ro\/wp52\/exclusiv-care-a-fost-pacatul-originar-al-omului-conform-bibliei-faptul-ca-eva-s-a-culcat-cu-sarpele-satana-desi-era-cu-adam\/","og_locale":"ro_RO","og_type":"article","og_title":"EXCLUSIV! Care a fost p\u0103catul originar al omului, conform Bibliei? Faptul c\u0103 Eva s-a culcat cu \u015farpele (Satana), de\u015fi era cu Adam?","og_description":"Marea majoritate dintre noi cunoa\u015ftem care a fost &#8222;p\u0103catul originar&#8221; conform Bibliei: mu\u015fcarea m\u0103rului de c\u0103tre Eva, mai precis neascultarea de c\u0103tre femeie a cuv\u00e2ntului lui Dumnezeu. S\u0103 mai revedem \u00eenc\u0103 o dat\u0103 fragmentul din Genez\u0103 (cap.3): 1. \u015earpele \u00eens\u0103 ... Cititi mai multe","og_url":"https:\/\/www.lovendal.ro\/wp52\/exclusiv-care-a-fost-pacatul-originar-al-omului-conform-bibliei-faptul-ca-eva-s-a-culcat-cu-sarpele-satana-desi-era-cu-adam\/","og_site_name":"Secretele lui Lovendal","article_publisher":"https:\/\/www.facebook.com\/secreteleluilovendal","article_published_time":"2019-09-15T12:41:36+00:00","og_image":[{"width":342,"height":221,"url":"https:\/\/www.lovendal.ro\/wp52\/wp-content\/uploads\/2019\/09\/Eva-si-sarpele.jpg","type":"image\/jpeg"}],"author":"admin","twitter_card":"summary_large_image","twitter_misc":{"Scris de":"admin","Timp estimat pentru citire":"5 minute"},"schema":{"@context":"https:\/\/schema.org","@graph":[{"@type":"Article","@id":"https:\/\/www.lovendal.ro\/wp52\/exclusiv-care-a-fost-pacatul-originar-al-omului-conform-bibliei-faptul-ca-eva-s-a-culcat-cu-sarpele-satana-desi-era-cu-adam\/#article","isPartOf":{"@id":"https:\/\/www.lovendal.ro\/wp52\/exclusiv-care-a-fost-pacatul-originar-al-omului-conform-bibliei-faptul-ca-eva-s-a-culcat-cu-sarpele-satana-desi-era-cu-adam\/"},"author":{"name":"admin","@id":"https:\/\/www.lovendal.ro\/wp52\/#\/schema\/person\/088691de5dfc346bb0c023e1e52ef5d9"},"headline":"EXCLUSIV! Care a fost p\u0103catul originar al omului, conform Bibliei? Faptul c\u0103 Eva s-a culcat cu \u015farpele (Satana), de\u015fi era cu Adam?","datePublished":"2019-09-15T12:41:36+00:00","mainEntityOfPage":{"@id":"https:\/\/www.lovendal.ro\/wp52\/exclusiv-care-a-fost-pacatul-originar-al-omului-conform-bibliei-faptul-ca-eva-s-a-culcat-cu-sarpele-satana-desi-era-cu-adam\/"},"wordCount":1082,"publisher":{"@id":"https:\/\/www.lovendal.ro\/wp52\/#organization"},"image":{"@id":"https:\/\/www.lovendal.ro\/wp52\/exclusiv-care-a-fost-pacatul-originar-al-omului-conform-bibliei-faptul-ca-eva-s-a-culcat-cu-sarpele-satana-desi-era-cu-adam\/#primaryimage"},"thumbnailUrl":"https:\/\/www.lovendal.ro\/wp52\/wp-content\/uploads\/2019\/09\/Eva-si-sarpele.jpg","keywords":["Abel","Adam","Biblie","Cain","Dumnezeu","Eva","femeie","Iisus Hristos","Lucifer","mar","p\u0103cat","Paranormal-Spiritualitate","potopul lui Noe","\u015farpe","Satana","Seth","teolog","teologie"],"articleSection":["Paranormal-Spiritualitate"],"inLanguage":"ro-RO"},{"@type":"WebPage","@id":"https:\/\/www.lovendal.ro\/wp52\/exclusiv-care-a-fost-pacatul-originar-al-omului-conform-bibliei-faptul-ca-eva-s-a-culcat-cu-sarpele-satana-desi-era-cu-adam\/","url":"https:\/\/www.lovendal.ro\/wp52\/exclusiv-care-a-fost-pacatul-originar-al-omului-conform-bibliei-faptul-ca-eva-s-a-culcat-cu-sarpele-satana-desi-era-cu-adam\/","name":"EXCLUSIV! Care a fost p\u0103catul originar al omului, conform Bibliei? Faptul c\u0103 Eva s-a culcat cu \u015farpele (Satana), de\u015fi era cu Adam? - Secretele lui Lovendal","isPartOf":{"@id":"https:\/\/www.lovendal.ro\/wp52\/#website"},"primaryImageOfPage":{"@id":"https:\/\/www.lovendal.ro\/wp52\/exclusiv-care-a-fost-pacatul-originar-al-omului-conform-bibliei-faptul-ca-eva-s-a-culcat-cu-sarpele-satana-desi-era-cu-adam\/#primaryimage"},"image":{"@id":"https:\/\/www.lovendal.ro\/wp52\/exclusiv-care-a-fost-pacatul-originar-al-omului-conform-bibliei-faptul-ca-eva-s-a-culcat-cu-sarpele-satana-desi-era-cu-adam\/#primaryimage"},"thumbnailUrl":"https:\/\/www.lovendal.ro\/wp52\/wp-content\/uploads\/2019\/09\/Eva-si-sarpele.jpg","datePublished":"2019-09-15T12:41:36+00:00","breadcrumb":{"@id":"https:\/\/www.lovendal.ro\/wp52\/exclusiv-care-a-fost-pacatul-originar-al-omului-conform-bibliei-faptul-ca-eva-s-a-culcat-cu-sarpele-satana-desi-era-cu-adam\/#breadcrumb"},"inLanguage":"ro-RO","potentialAction":[{"@type":"ReadAction","target":["https:\/\/www.lovendal.ro\/wp52\/exclusiv-care-a-fost-pacatul-originar-al-omului-conform-bibliei-faptul-ca-eva-s-a-culcat-cu-sarpele-satana-desi-era-cu-adam\/"]}]},{"@type":"ImageObject","inLanguage":"ro-RO","@id":"https:\/\/www.lovendal.ro\/wp52\/exclusiv-care-a-fost-pacatul-originar-al-omului-conform-bibliei-faptul-ca-eva-s-a-culcat-cu-sarpele-satana-desi-era-cu-adam\/#primaryimage","url":"https:\/\/www.lovendal.ro\/wp52\/wp-content\/uploads\/2019\/09\/Eva-si-sarpele.jpg","contentUrl":"https:\/\/www.lovendal.ro\/wp52\/wp-content\/uploads\/2019\/09\/Eva-si-sarpele.jpg","width":342,"height":221},{"@type":"BreadcrumbList","@id":"https:\/\/www.lovendal.ro\/wp52\/exclusiv-care-a-fost-pacatul-originar-al-omului-conform-bibliei-faptul-ca-eva-s-a-culcat-cu-sarpele-satana-desi-era-cu-adam\/#breadcrumb","itemListElement":[{"@type":"ListItem","position":1,"name":"Home","item":"https:\/\/www.lovendal.ro\/wp52\/"},{"@type":"ListItem","position":2,"name":"EXCLUSIV! Care a fost p\u0103catul originar al omului, conform Bibliei? Faptul c\u0103 Eva s-a culcat cu \u015farpele (Satana), de\u015fi era cu Adam?"}]},{"@type":"WebSite","@id":"https:\/\/www.lovendal.ro\/wp52\/#website","url":"https:\/\/www.lovendal.ro\/wp52\/","name":"Secretele lui Lovendal","description":"Site de secrete, stiinta si metafizica - din 2008 -","publisher":{"@id":"https:\/\/www.lovendal.ro\/wp52\/#organization"},"potentialAction":[{"@type":"SearchAction","target":{"@type":"EntryPoint","urlTemplate":"https:\/\/www.lovendal.ro\/wp52\/?s={search_term_string}"},"query-input":{"@type":"PropertyValueSpecification","valueRequired":true,"valueName":"search_term_string"}}],"inLanguage":"ro-RO"},{"@type":"Organization","@id":"https:\/\/www.lovendal.ro\/wp52\/#organization","name":"Secretele lui Lovendal","url":"https:\/\/www.lovendal.ro\/wp52\/","logo":{"@type":"ImageObject","inLanguage":"ro-RO","@id":"https:\/\/www.lovendal.ro\/wp52\/#\/schema\/logo\/image\/","url":"https:\/\/www.lovendal.ro\/wp52\/wp-content\/uploads\/2024\/06\/cropped-SLL-iun-2024-1.jpg","contentUrl":"https:\/\/www.lovendal.ro\/wp52\/wp-content\/uploads\/2024\/06\/cropped-SLL-iun-2024-1.jpg","width":771,"height":240,"caption":"Secretele lui Lovendal"},"image":{"@id":"https:\/\/www.lovendal.ro\/wp52\/#\/schema\/logo\/image\/"},"sameAs":["https:\/\/www.facebook.com\/secreteleluilovendal"]},{"@type":"Person","@id":"https:\/\/www.lovendal.ro\/wp52\/#\/schema\/person\/088691de5dfc346bb0c023e1e52ef5d9","name":"admin","image":{"@type":"ImageObject","inLanguage":"ro-RO","@id":"https:\/\/secure.gravatar.com\/avatar\/ecb9cd41f5f63c9c9b989999a59f6e2639a865ec361e9db054db0679a8f341c2?s=96&d=mm&r=g","url":"https:\/\/secure.gravatar.com\/avatar\/ecb9cd41f5f63c9c9b989999a59f6e2639a865ec361e9db054db0679a8f341c2?s=96&d=mm&r=g","contentUrl":"https:\/\/secure.gravatar.com\/avatar\/ecb9cd41f5f63c9c9b989999a59f6e2639a865ec361e9db054db0679a8f341c2?s=96&d=mm&r=g","caption":"admin"},"sameAs":["https:\/\/www.lovendal.ro\/wp52"]}]}},"_links":{"self":[{"href":"https:\/\/www.lovendal.ro\/wp52\/wp-json\/wp\/v2\/posts\/63982","targetHints":{"allow":["GET"]}}],"collection":[{"href":"https:\/\/www.lovendal.ro\/wp52\/wp-json\/wp\/v2\/posts"}],"about":[{"href":"https:\/\/www.lovendal.ro\/wp52\/wp-json\/wp\/v2\/types\/post"}],"author":[{"embeddable":true,"href":"https:\/\/www.lovendal.ro\/wp52\/wp-json\/wp\/v2\/users\/1"}],"replies":[{"embeddable":true,"href":"https:\/\/www.lovendal.ro\/wp52\/wp-json\/wp\/v2\/comments?post=63982"}],"version-history":[{"count":0,"href":"https:\/\/www.lovendal.ro\/wp52\/wp-json\/wp\/v2\/posts\/63982\/revisions"}],"wp:featuredmedia":[{"embeddable":true,"href":"https:\/\/www.lovendal.ro\/wp52\/wp-json\/wp\/v2\/media\/63984"}],"wp:attachment":[{"href":"https:\/\/www.lovendal.ro\/wp52\/wp-json\/wp\/v2\/media?parent=63982"}],"wp:term":[{"taxonomy":"category","embeddable":true,"href":"https:\/\/www.lovendal.ro\/wp52\/wp-json\/wp\/v2\/categories?post=63982"},{"taxonomy":"post_tag","embeddable":true,"href":"https:\/\/www.lovendal.ro\/wp52\/wp-json\/wp\/v2\/tags?post=63982"}],"curies":[{"name":"wp","href":"https:\/\/api.w.org\/{rel}","templated":true}]}}