{"id":63821,"date":"2019-09-05T23:56:32","date_gmt":"2019-09-05T20:56:32","guid":{"rendered":"https:\/\/www.lovendal.ro\/wp52\/?p=63821"},"modified":"2019-09-05T23:56:32","modified_gmt":"2019-09-05T20:56:32","slug":"de-ce-ar-vrea-extraterestrii-din-constelatia-lebedei-sa-ia-legatura-cu-cei-trei-antici-din-agartha","status":"publish","type":"post","link":"https:\/\/www.lovendal.ro\/wp52\/de-ce-ar-vrea-extraterestrii-din-constelatia-lebedei-sa-ia-legatura-cu-cei-trei-antici-din-agartha\/","title":{"rendered":"De ce ar vrea extratere\u015ftrii din constela\u0163ia Lebedei s\u0103 ia leg\u0103tura cu &#8222;cei trei antici&#8221; din Agartha?"},"content":{"rendered":"<figure id=\"attachment_63824\" aria-describedby=\"caption-attachment-63824\" style=\"width: 332px\" class=\"wp-caption alignleft\"><a href=\"https:\/\/www.lovendal.ro\/wp52\/wp-content\/uploads\/2019\/09\/extraterestri-3-intelepti-Agartha.jpg\"><img loading=\"lazy\" decoding=\"async\" class=\"size-full wp-image-63824\" src=\"https:\/\/www.lovendal.ro\/wp52\/wp-content\/uploads\/2019\/09\/extraterestri-3-intelepti-Agartha.jpg\" alt=\"\" width=\"342\" height=\"209\" srcset=\"https:\/\/www.lovendal.ro\/wp52\/wp-content\/uploads\/2019\/09\/extraterestri-3-intelepti-Agartha.jpg 342w, https:\/\/www.lovendal.ro\/wp52\/wp-content\/uploads\/2019\/09\/extraterestri-3-intelepti-Agartha-300x183.jpg 300w\" sizes=\"auto, (max-width: 342px) 100vw, 342px\" \/><\/a><figcaption id=\"caption-attachment-63824\" class=\"wp-caption-text\"><strong>Foto:<\/strong> prelucrare proprie<\/figcaption><\/figure>\n<p>Un cercet\u0103tor din domeniul fenomenului ozenistic prime\u015fte urm\u0103toarea informa\u0163ie (\u015focant\u0103 pentru unii, abera\u0163ie pentru cei mai mul\u0163i): <em>\u201eAnumite farfurii zbur\u0103toare au aterizat \u00een Rainbow City, Antarctica, provenind dintr-un alt sistem solar, din constela\u021bia Lebedei, aflat\u0103 la o distan\u021b\u0103 de 200 de ani lumin\u0103. C\u00e2t timp le-a luat ca s\u0103 ajung\u0103 aici: trei s\u0103pt\u0103m\u00e2ni. \u00cei c\u0103utau pe Cei Trei Antici din Agharta, deoarece aveau o problem\u0103 pe care nu o puteau rezolva. Problema lumii \u00eendep\u0103rtate r\u0103m\u00e2ne nerezolvat\u0103. I-au contactat pe doi dintre Cei Trei Antici&#8221;.<\/em><\/p>\n<p>Bun&#8230;s\u0103 analiz\u0103m pu\u0163in aceast\u0103 informa\u0163ie (s\u0103 presupunem prin absurd c\u0103 ar fi adev\u0103rat\u0103). De ce ar fi aterizat extratere\u015ftrii tocmai \u00een Antarctica? Pentru c\u0103 acolo s-ar afla (conform unor oculti\u015fti) intrarea \u00een celebrul t\u0103r\u00e2m subteran Agartha. Ni\u015fte h\u0103r\u0163i naziste secrete, declasificate \u00een anul 2017, arat\u0103 c\u0103 aceast\u0103 lume subteran\u0103 exist\u0103 \u015fi ea este locuit\u0103 de forme de via\u021b\u0103 pe care nu le-am v\u0103zut niciodat\u0103. Nazi\u0219tii chiar au explorat regiunile polare ale P\u0103m\u00e2ntului \u0219i au ajuns p\u00e2n\u0103 acolo \u00eenc\u00e2t s\u0103 creeze baze secrete \u00een Antarctica (citi\u0163i mai multe \u00een acest articol: <span class=\"post-title\"><a href=\"https:\/\/www.lovendal.ro\/wp52\/agartha-o-lume-subterana-din-interiorul-planetei-noastre-confirmata-de-harti-si-documente-secrete-naziste\/\" target=\"_blank\" rel=\"noopener noreferrer\"><strong>Agartha, o lume subteran\u0103 din interiorul planetei noastre, confirmat\u0103 de h\u0103r\u0163i \u015fi documente secrete naziste<\/strong><\/a>).<\/span><\/p>\n<p>Pe de alt\u0103 parte, cine ar fi &#8222;Cei Trei Antici&#8221; din Agartha? Probabil, e vorba de ni\u015fte fiin\u0163e umane (sau extraterestre?), aproape nemuritoare (au o v\u00e2rst\u0103 apreciabil\u0103, de c\u00e2teva mii de ani). De ce spun asta? Pentru c\u0103 am mai \u00eent\u00e2lnit legende despre fiin\u0163e superioare, b\u0103tr\u00e2ne de mii de ani, care tr\u0103iesc ascunse departe de ochii omenirii&#8230; De ce ar vrea extratere\u015ftrii s\u0103-i contacteze pe cei 3 \u00een\u0163elep\u0163i din Agartha? De ce tocmai pe ei? Pentru c\u0103 e posibil s\u0103 existe ni\u015fte conexiuni foarte vechi, de care noi habar n-avem&#8230;<\/p>\n","protected":false},"excerpt":{"rendered":"<p>Un cercet\u0103tor din domeniul fenomenului ozenistic prime\u015fte urm\u0103toarea informa\u0163ie (\u015focant\u0103 pentru unii, abera\u0163ie pentru cei mai mul\u0163i): \u201eAnumite farfurii zbur\u0103toare au aterizat \u00een Rainbow City, Antarctica, provenind dintr-un alt sistem solar, din constela\u021bia Lebedei, aflat\u0103 la o distan\u021b\u0103 de 200 &#8230; <\/p>\n<p class=\"read-more-container\"><a title=\"De ce ar vrea extratere\u015ftrii din constela\u0163ia Lebedei s\u0103 ia leg\u0103tura cu &#8222;cei trei antici&#8221; din Agartha?\" class=\"read-more button\" href=\"https:\/\/www.lovendal.ro\/wp52\/de-ce-ar-vrea-extraterestrii-din-constelatia-lebedei-sa-ia-legatura-cu-cei-trei-antici-din-agartha\/#more-63821\" aria-label=\"Cite\u0219te mai multe despre De ce ar vrea extratere\u015ftrii din constela\u0163ia Lebedei s\u0103 ia leg\u0103tura cu &#8222;cei trei antici&#8221; din Agartha?\">Cititi mai multe<\/a><\/p>\n","protected":false},"author":1,"featured_media":63824,"comment_status":"closed","ping_status":"open","sticky":false,"template":"","format":"standard","meta":{"footnotes":""},"categories":[14],"tags":[1181,1730,103,51,648,3337,105,9796],"class_list":["post-63821","post","type-post","status-publish","format-standard","has-post-thumbnail","hentry","category-paranormal-spiritualitate","tag-agartha","tag-antarctica","tag-constelatie","tag-extraterestri","tag-farfurie-zburatoare","tag-nazisti","tag-pamant","tag-paranormal-spiritualitate","resize-featured-image"],"yoast_head":"<!-- This site is optimized with the Yoast SEO Premium plugin v23.3 (Yoast SEO v27.4) - https:\/\/yoast.com\/product\/yoast-seo-premium-wordpress\/ -->\n<title>De ce ar vrea extratere\u015ftrii din constela\u0163ia Lebedei s\u0103 ia leg\u0103tura cu &quot;cei trei antici&quot; din Agartha? - Secretele lui Lovendal<\/title>\n<meta name=\"robots\" content=\"index, follow, max-snippet:-1, max-image-preview:large, max-video-preview:-1\" \/>\n<link rel=\"canonical\" href=\"https:\/\/www.lovendal.ro\/wp52\/de-ce-ar-vrea-extraterestrii-din-constelatia-lebedei-sa-ia-legatura-cu-cei-trei-antici-din-agartha\/\" \/>\n<meta property=\"og:locale\" content=\"ro_RO\" \/>\n<meta property=\"og:type\" content=\"article\" \/>\n<meta property=\"og:title\" content=\"De ce ar vrea extratere\u015ftrii din constela\u0163ia Lebedei s\u0103 ia leg\u0103tura cu &quot;cei trei antici&quot; din Agartha?\" \/>\n<meta property=\"og:description\" content=\"Un cercet\u0103tor din domeniul fenomenului ozenistic prime\u015fte urm\u0103toarea informa\u0163ie (\u015focant\u0103 pentru unii, abera\u0163ie pentru cei mai mul\u0163i): \u201eAnumite farfurii zbur\u0103toare au aterizat \u00een Rainbow City, Antarctica, provenind dintr-un alt sistem solar, din constela\u021bia Lebedei, aflat\u0103 la o distan\u021b\u0103 de 200 ... Cititi mai multe\" \/>\n<meta property=\"og:url\" content=\"https:\/\/www.lovendal.ro\/wp52\/de-ce-ar-vrea-extraterestrii-din-constelatia-lebedei-sa-ia-legatura-cu-cei-trei-antici-din-agartha\/\" \/>\n<meta property=\"og:site_name\" content=\"Secretele lui Lovendal\" \/>\n<meta property=\"article:publisher\" content=\"https:\/\/www.facebook.com\/secreteleluilovendal\" \/>\n<meta property=\"article:published_time\" content=\"2019-09-05T20:56:32+00:00\" \/>\n<meta property=\"og:image\" content=\"https:\/\/www.lovendal.ro\/wp52\/wp-content\/uploads\/2019\/09\/extraterestri-3-intelepti-Agartha.jpg\" \/>\n\t<meta property=\"og:image:width\" content=\"342\" \/>\n\t<meta property=\"og:image:height\" content=\"209\" \/>\n\t<meta property=\"og:image:type\" content=\"image\/jpeg\" \/>\n<meta name=\"author\" content=\"admin\" \/>\n<meta name=\"twitter:card\" content=\"summary_large_image\" \/>\n<meta name=\"twitter:label1\" content=\"Scris de\" \/>\n\t<meta name=\"twitter:data1\" content=\"admin\" \/>\n\t<meta name=\"twitter:label2\" content=\"Timp estimat pentru citire\" \/>\n\t<meta name=\"twitter:data2\" content=\"2 minute\" \/>\n<script type=\"application\/ld+json\" class=\"yoast-schema-graph\">{\"@context\":\"https:\\\/\\\/schema.org\",\"@graph\":[{\"@type\":\"Article\",\"@id\":\"https:\\\/\\\/www.lovendal.ro\\\/wp52\\\/de-ce-ar-vrea-extraterestrii-din-constelatia-lebedei-sa-ia-legatura-cu-cei-trei-antici-din-agartha\\\/#article\",\"isPartOf\":{\"@id\":\"https:\\\/\\\/www.lovendal.ro\\\/wp52\\\/de-ce-ar-vrea-extraterestrii-din-constelatia-lebedei-sa-ia-legatura-cu-cei-trei-antici-din-agartha\\\/\"},\"author\":{\"name\":\"admin\",\"@id\":\"https:\\\/\\\/www.lovendal.ro\\\/wp52\\\/#\\\/schema\\\/person\\\/088691de5dfc346bb0c023e1e52ef5d9\"},\"headline\":\"De ce ar vrea extratere\u015ftrii din constela\u0163ia Lebedei s\u0103 ia leg\u0103tura cu &#8222;cei trei antici&#8221; din Agartha?\",\"datePublished\":\"2019-09-05T20:56:32+00:00\",\"mainEntityOfPage\":{\"@id\":\"https:\\\/\\\/www.lovendal.ro\\\/wp52\\\/de-ce-ar-vrea-extraterestrii-din-constelatia-lebedei-sa-ia-legatura-cu-cei-trei-antici-din-agartha\\\/\"},\"wordCount\":357,\"publisher\":{\"@id\":\"https:\\\/\\\/www.lovendal.ro\\\/wp52\\\/#organization\"},\"image\":{\"@id\":\"https:\\\/\\\/www.lovendal.ro\\\/wp52\\\/de-ce-ar-vrea-extraterestrii-din-constelatia-lebedei-sa-ia-legatura-cu-cei-trei-antici-din-agartha\\\/#primaryimage\"},\"thumbnailUrl\":\"https:\\\/\\\/www.lovendal.ro\\\/wp52\\\/wp-content\\\/uploads\\\/2019\\\/09\\\/extraterestri-3-intelepti-Agartha.jpg\",\"keywords\":[\"Agartha\",\"Antarctica\",\"constela\u0163ie\",\"extratere\u015ftri\",\"farfurie zbur\u0103toare\",\"nazi\u015fti\",\"P\u0103m\u00e2nt\",\"Paranormal-Spiritualitate\"],\"articleSection\":[\"Paranormal-Spiritualitate\"],\"inLanguage\":\"ro-RO\"},{\"@type\":\"WebPage\",\"@id\":\"https:\\\/\\\/www.lovendal.ro\\\/wp52\\\/de-ce-ar-vrea-extraterestrii-din-constelatia-lebedei-sa-ia-legatura-cu-cei-trei-antici-din-agartha\\\/\",\"url\":\"https:\\\/\\\/www.lovendal.ro\\\/wp52\\\/de-ce-ar-vrea-extraterestrii-din-constelatia-lebedei-sa-ia-legatura-cu-cei-trei-antici-din-agartha\\\/\",\"name\":\"De ce ar vrea extratere\u015ftrii din constela\u0163ia Lebedei s\u0103 ia leg\u0103tura cu \\\"cei trei antici\\\" din Agartha? - Secretele lui Lovendal\",\"isPartOf\":{\"@id\":\"https:\\\/\\\/www.lovendal.ro\\\/wp52\\\/#website\"},\"primaryImageOfPage\":{\"@id\":\"https:\\\/\\\/www.lovendal.ro\\\/wp52\\\/de-ce-ar-vrea-extraterestrii-din-constelatia-lebedei-sa-ia-legatura-cu-cei-trei-antici-din-agartha\\\/#primaryimage\"},\"image\":{\"@id\":\"https:\\\/\\\/www.lovendal.ro\\\/wp52\\\/de-ce-ar-vrea-extraterestrii-din-constelatia-lebedei-sa-ia-legatura-cu-cei-trei-antici-din-agartha\\\/#primaryimage\"},\"thumbnailUrl\":\"https:\\\/\\\/www.lovendal.ro\\\/wp52\\\/wp-content\\\/uploads\\\/2019\\\/09\\\/extraterestri-3-intelepti-Agartha.jpg\",\"datePublished\":\"2019-09-05T20:56:32+00:00\",\"breadcrumb\":{\"@id\":\"https:\\\/\\\/www.lovendal.ro\\\/wp52\\\/de-ce-ar-vrea-extraterestrii-din-constelatia-lebedei-sa-ia-legatura-cu-cei-trei-antici-din-agartha\\\/#breadcrumb\"},\"inLanguage\":\"ro-RO\",\"potentialAction\":[{\"@type\":\"ReadAction\",\"target\":[\"https:\\\/\\\/www.lovendal.ro\\\/wp52\\\/de-ce-ar-vrea-extraterestrii-din-constelatia-lebedei-sa-ia-legatura-cu-cei-trei-antici-din-agartha\\\/\"]}]},{\"@type\":\"ImageObject\",\"inLanguage\":\"ro-RO\",\"@id\":\"https:\\\/\\\/www.lovendal.ro\\\/wp52\\\/de-ce-ar-vrea-extraterestrii-din-constelatia-lebedei-sa-ia-legatura-cu-cei-trei-antici-din-agartha\\\/#primaryimage\",\"url\":\"https:\\\/\\\/www.lovendal.ro\\\/wp52\\\/wp-content\\\/uploads\\\/2019\\\/09\\\/extraterestri-3-intelepti-Agartha.jpg\",\"contentUrl\":\"https:\\\/\\\/www.lovendal.ro\\\/wp52\\\/wp-content\\\/uploads\\\/2019\\\/09\\\/extraterestri-3-intelepti-Agartha.jpg\",\"width\":342,\"height\":209,\"caption\":\"Foto: prelucrare proprie\"},{\"@type\":\"BreadcrumbList\",\"@id\":\"https:\\\/\\\/www.lovendal.ro\\\/wp52\\\/de-ce-ar-vrea-extraterestrii-din-constelatia-lebedei-sa-ia-legatura-cu-cei-trei-antici-din-agartha\\\/#breadcrumb\",\"itemListElement\":[{\"@type\":\"ListItem\",\"position\":1,\"name\":\"Home\",\"item\":\"https:\\\/\\\/www.lovendal.ro\\\/wp52\\\/\"},{\"@type\":\"ListItem\",\"position\":2,\"name\":\"De ce ar vrea extratere\u015ftrii din constela\u0163ia Lebedei s\u0103 ia leg\u0103tura cu &#8222;cei trei antici&#8221; din Agartha?\"}]},{\"@type\":\"WebSite\",\"@id\":\"https:\\\/\\\/www.lovendal.ro\\\/wp52\\\/#website\",\"url\":\"https:\\\/\\\/www.lovendal.ro\\\/wp52\\\/\",\"name\":\"Secretele lui Lovendal\",\"description\":\"Site de secrete, stiinta si metafizica - din 2008 -\",\"publisher\":{\"@id\":\"https:\\\/\\\/www.lovendal.ro\\\/wp52\\\/#organization\"},\"potentialAction\":[{\"@type\":\"SearchAction\",\"target\":{\"@type\":\"EntryPoint\",\"urlTemplate\":\"https:\\\/\\\/www.lovendal.ro\\\/wp52\\\/?s={search_term_string}\"},\"query-input\":{\"@type\":\"PropertyValueSpecification\",\"valueRequired\":true,\"valueName\":\"search_term_string\"}}],\"inLanguage\":\"ro-RO\"},{\"@type\":\"Organization\",\"@id\":\"https:\\\/\\\/www.lovendal.ro\\\/wp52\\\/#organization\",\"name\":\"Secretele lui Lovendal\",\"url\":\"https:\\\/\\\/www.lovendal.ro\\\/wp52\\\/\",\"logo\":{\"@type\":\"ImageObject\",\"inLanguage\":\"ro-RO\",\"@id\":\"https:\\\/\\\/www.lovendal.ro\\\/wp52\\\/#\\\/schema\\\/logo\\\/image\\\/\",\"url\":\"https:\\\/\\\/www.lovendal.ro\\\/wp52\\\/wp-content\\\/uploads\\\/2024\\\/06\\\/cropped-SLL-iun-2024-1.jpg\",\"contentUrl\":\"https:\\\/\\\/www.lovendal.ro\\\/wp52\\\/wp-content\\\/uploads\\\/2024\\\/06\\\/cropped-SLL-iun-2024-1.jpg\",\"width\":771,\"height\":240,\"caption\":\"Secretele lui Lovendal\"},\"image\":{\"@id\":\"https:\\\/\\\/www.lovendal.ro\\\/wp52\\\/#\\\/schema\\\/logo\\\/image\\\/\"},\"sameAs\":[\"https:\\\/\\\/www.facebook.com\\\/secreteleluilovendal\"]},{\"@type\":\"Person\",\"@id\":\"https:\\\/\\\/www.lovendal.ro\\\/wp52\\\/#\\\/schema\\\/person\\\/088691de5dfc346bb0c023e1e52ef5d9\",\"name\":\"admin\",\"image\":{\"@type\":\"ImageObject\",\"inLanguage\":\"ro-RO\",\"@id\":\"https:\\\/\\\/secure.gravatar.com\\\/avatar\\\/ecb9cd41f5f63c9c9b989999a59f6e2639a865ec361e9db054db0679a8f341c2?s=96&d=mm&r=g\",\"url\":\"https:\\\/\\\/secure.gravatar.com\\\/avatar\\\/ecb9cd41f5f63c9c9b989999a59f6e2639a865ec361e9db054db0679a8f341c2?s=96&d=mm&r=g\",\"contentUrl\":\"https:\\\/\\\/secure.gravatar.com\\\/avatar\\\/ecb9cd41f5f63c9c9b989999a59f6e2639a865ec361e9db054db0679a8f341c2?s=96&d=mm&r=g\",\"caption\":\"admin\"},\"sameAs\":[\"https:\\\/\\\/www.lovendal.ro\\\/wp52\"]}]}<\/script>\n<!-- \/ Yoast SEO Premium plugin. -->","yoast_head_json":{"title":"De ce ar vrea extratere\u015ftrii din constela\u0163ia Lebedei s\u0103 ia leg\u0103tura cu \"cei trei antici\" din Agartha? - Secretele lui Lovendal","robots":{"index":"index","follow":"follow","max-snippet":"max-snippet:-1","max-image-preview":"max-image-preview:large","max-video-preview":"max-video-preview:-1"},"canonical":"https:\/\/www.lovendal.ro\/wp52\/de-ce-ar-vrea-extraterestrii-din-constelatia-lebedei-sa-ia-legatura-cu-cei-trei-antici-din-agartha\/","og_locale":"ro_RO","og_type":"article","og_title":"De ce ar vrea extratere\u015ftrii din constela\u0163ia Lebedei s\u0103 ia leg\u0103tura cu \"cei trei antici\" din Agartha?","og_description":"Un cercet\u0103tor din domeniul fenomenului ozenistic prime\u015fte urm\u0103toarea informa\u0163ie (\u015focant\u0103 pentru unii, abera\u0163ie pentru cei mai mul\u0163i): \u201eAnumite farfurii zbur\u0103toare au aterizat \u00een Rainbow City, Antarctica, provenind dintr-un alt sistem solar, din constela\u021bia Lebedei, aflat\u0103 la o distan\u021b\u0103 de 200 ... Cititi mai multe","og_url":"https:\/\/www.lovendal.ro\/wp52\/de-ce-ar-vrea-extraterestrii-din-constelatia-lebedei-sa-ia-legatura-cu-cei-trei-antici-din-agartha\/","og_site_name":"Secretele lui Lovendal","article_publisher":"https:\/\/www.facebook.com\/secreteleluilovendal","article_published_time":"2019-09-05T20:56:32+00:00","og_image":[{"width":342,"height":209,"url":"https:\/\/www.lovendal.ro\/wp52\/wp-content\/uploads\/2019\/09\/extraterestri-3-intelepti-Agartha.jpg","type":"image\/jpeg"}],"author":"admin","twitter_card":"summary_large_image","twitter_misc":{"Scris de":"admin","Timp estimat pentru citire":"2 minute"},"schema":{"@context":"https:\/\/schema.org","@graph":[{"@type":"Article","@id":"https:\/\/www.lovendal.ro\/wp52\/de-ce-ar-vrea-extraterestrii-din-constelatia-lebedei-sa-ia-legatura-cu-cei-trei-antici-din-agartha\/#article","isPartOf":{"@id":"https:\/\/www.lovendal.ro\/wp52\/de-ce-ar-vrea-extraterestrii-din-constelatia-lebedei-sa-ia-legatura-cu-cei-trei-antici-din-agartha\/"},"author":{"name":"admin","@id":"https:\/\/www.lovendal.ro\/wp52\/#\/schema\/person\/088691de5dfc346bb0c023e1e52ef5d9"},"headline":"De ce ar vrea extratere\u015ftrii din constela\u0163ia Lebedei s\u0103 ia leg\u0103tura cu &#8222;cei trei antici&#8221; din Agartha?","datePublished":"2019-09-05T20:56:32+00:00","mainEntityOfPage":{"@id":"https:\/\/www.lovendal.ro\/wp52\/de-ce-ar-vrea-extraterestrii-din-constelatia-lebedei-sa-ia-legatura-cu-cei-trei-antici-din-agartha\/"},"wordCount":357,"publisher":{"@id":"https:\/\/www.lovendal.ro\/wp52\/#organization"},"image":{"@id":"https:\/\/www.lovendal.ro\/wp52\/de-ce-ar-vrea-extraterestrii-din-constelatia-lebedei-sa-ia-legatura-cu-cei-trei-antici-din-agartha\/#primaryimage"},"thumbnailUrl":"https:\/\/www.lovendal.ro\/wp52\/wp-content\/uploads\/2019\/09\/extraterestri-3-intelepti-Agartha.jpg","keywords":["Agartha","Antarctica","constela\u0163ie","extratere\u015ftri","farfurie zbur\u0103toare","nazi\u015fti","P\u0103m\u00e2nt","Paranormal-Spiritualitate"],"articleSection":["Paranormal-Spiritualitate"],"inLanguage":"ro-RO"},{"@type":"WebPage","@id":"https:\/\/www.lovendal.ro\/wp52\/de-ce-ar-vrea-extraterestrii-din-constelatia-lebedei-sa-ia-legatura-cu-cei-trei-antici-din-agartha\/","url":"https:\/\/www.lovendal.ro\/wp52\/de-ce-ar-vrea-extraterestrii-din-constelatia-lebedei-sa-ia-legatura-cu-cei-trei-antici-din-agartha\/","name":"De ce ar vrea extratere\u015ftrii din constela\u0163ia Lebedei s\u0103 ia leg\u0103tura cu \"cei trei antici\" din Agartha? - Secretele lui Lovendal","isPartOf":{"@id":"https:\/\/www.lovendal.ro\/wp52\/#website"},"primaryImageOfPage":{"@id":"https:\/\/www.lovendal.ro\/wp52\/de-ce-ar-vrea-extraterestrii-din-constelatia-lebedei-sa-ia-legatura-cu-cei-trei-antici-din-agartha\/#primaryimage"},"image":{"@id":"https:\/\/www.lovendal.ro\/wp52\/de-ce-ar-vrea-extraterestrii-din-constelatia-lebedei-sa-ia-legatura-cu-cei-trei-antici-din-agartha\/#primaryimage"},"thumbnailUrl":"https:\/\/www.lovendal.ro\/wp52\/wp-content\/uploads\/2019\/09\/extraterestri-3-intelepti-Agartha.jpg","datePublished":"2019-09-05T20:56:32+00:00","breadcrumb":{"@id":"https:\/\/www.lovendal.ro\/wp52\/de-ce-ar-vrea-extraterestrii-din-constelatia-lebedei-sa-ia-legatura-cu-cei-trei-antici-din-agartha\/#breadcrumb"},"inLanguage":"ro-RO","potentialAction":[{"@type":"ReadAction","target":["https:\/\/www.lovendal.ro\/wp52\/de-ce-ar-vrea-extraterestrii-din-constelatia-lebedei-sa-ia-legatura-cu-cei-trei-antici-din-agartha\/"]}]},{"@type":"ImageObject","inLanguage":"ro-RO","@id":"https:\/\/www.lovendal.ro\/wp52\/de-ce-ar-vrea-extraterestrii-din-constelatia-lebedei-sa-ia-legatura-cu-cei-trei-antici-din-agartha\/#primaryimage","url":"https:\/\/www.lovendal.ro\/wp52\/wp-content\/uploads\/2019\/09\/extraterestri-3-intelepti-Agartha.jpg","contentUrl":"https:\/\/www.lovendal.ro\/wp52\/wp-content\/uploads\/2019\/09\/extraterestri-3-intelepti-Agartha.jpg","width":342,"height":209,"caption":"Foto: prelucrare proprie"},{"@type":"BreadcrumbList","@id":"https:\/\/www.lovendal.ro\/wp52\/de-ce-ar-vrea-extraterestrii-din-constelatia-lebedei-sa-ia-legatura-cu-cei-trei-antici-din-agartha\/#breadcrumb","itemListElement":[{"@type":"ListItem","position":1,"name":"Home","item":"https:\/\/www.lovendal.ro\/wp52\/"},{"@type":"ListItem","position":2,"name":"De ce ar vrea extratere\u015ftrii din constela\u0163ia Lebedei s\u0103 ia leg\u0103tura cu &#8222;cei trei antici&#8221; din Agartha?"}]},{"@type":"WebSite","@id":"https:\/\/www.lovendal.ro\/wp52\/#website","url":"https:\/\/www.lovendal.ro\/wp52\/","name":"Secretele lui Lovendal","description":"Site de secrete, stiinta si metafizica - din 2008 -","publisher":{"@id":"https:\/\/www.lovendal.ro\/wp52\/#organization"},"potentialAction":[{"@type":"SearchAction","target":{"@type":"EntryPoint","urlTemplate":"https:\/\/www.lovendal.ro\/wp52\/?s={search_term_string}"},"query-input":{"@type":"PropertyValueSpecification","valueRequired":true,"valueName":"search_term_string"}}],"inLanguage":"ro-RO"},{"@type":"Organization","@id":"https:\/\/www.lovendal.ro\/wp52\/#organization","name":"Secretele lui Lovendal","url":"https:\/\/www.lovendal.ro\/wp52\/","logo":{"@type":"ImageObject","inLanguage":"ro-RO","@id":"https:\/\/www.lovendal.ro\/wp52\/#\/schema\/logo\/image\/","url":"https:\/\/www.lovendal.ro\/wp52\/wp-content\/uploads\/2024\/06\/cropped-SLL-iun-2024-1.jpg","contentUrl":"https:\/\/www.lovendal.ro\/wp52\/wp-content\/uploads\/2024\/06\/cropped-SLL-iun-2024-1.jpg","width":771,"height":240,"caption":"Secretele lui Lovendal"},"image":{"@id":"https:\/\/www.lovendal.ro\/wp52\/#\/schema\/logo\/image\/"},"sameAs":["https:\/\/www.facebook.com\/secreteleluilovendal"]},{"@type":"Person","@id":"https:\/\/www.lovendal.ro\/wp52\/#\/schema\/person\/088691de5dfc346bb0c023e1e52ef5d9","name":"admin","image":{"@type":"ImageObject","inLanguage":"ro-RO","@id":"https:\/\/secure.gravatar.com\/avatar\/ecb9cd41f5f63c9c9b989999a59f6e2639a865ec361e9db054db0679a8f341c2?s=96&d=mm&r=g","url":"https:\/\/secure.gravatar.com\/avatar\/ecb9cd41f5f63c9c9b989999a59f6e2639a865ec361e9db054db0679a8f341c2?s=96&d=mm&r=g","contentUrl":"https:\/\/secure.gravatar.com\/avatar\/ecb9cd41f5f63c9c9b989999a59f6e2639a865ec361e9db054db0679a8f341c2?s=96&d=mm&r=g","caption":"admin"},"sameAs":["https:\/\/www.lovendal.ro\/wp52"]}]}},"_links":{"self":[{"href":"https:\/\/www.lovendal.ro\/wp52\/wp-json\/wp\/v2\/posts\/63821","targetHints":{"allow":["GET"]}}],"collection":[{"href":"https:\/\/www.lovendal.ro\/wp52\/wp-json\/wp\/v2\/posts"}],"about":[{"href":"https:\/\/www.lovendal.ro\/wp52\/wp-json\/wp\/v2\/types\/post"}],"author":[{"embeddable":true,"href":"https:\/\/www.lovendal.ro\/wp52\/wp-json\/wp\/v2\/users\/1"}],"replies":[{"embeddable":true,"href":"https:\/\/www.lovendal.ro\/wp52\/wp-json\/wp\/v2\/comments?post=63821"}],"version-history":[{"count":0,"href":"https:\/\/www.lovendal.ro\/wp52\/wp-json\/wp\/v2\/posts\/63821\/revisions"}],"wp:featuredmedia":[{"embeddable":true,"href":"https:\/\/www.lovendal.ro\/wp52\/wp-json\/wp\/v2\/media\/63824"}],"wp:attachment":[{"href":"https:\/\/www.lovendal.ro\/wp52\/wp-json\/wp\/v2\/media?parent=63821"}],"wp:term":[{"taxonomy":"category","embeddable":true,"href":"https:\/\/www.lovendal.ro\/wp52\/wp-json\/wp\/v2\/categories?post=63821"},{"taxonomy":"post_tag","embeddable":true,"href":"https:\/\/www.lovendal.ro\/wp52\/wp-json\/wp\/v2\/tags?post=63821"}],"curies":[{"name":"wp","href":"https:\/\/api.w.org\/{rel}","templated":true}]}}