{"id":63649,"date":"2019-08-23T17:37:13","date_gmt":"2019-08-23T14:37:13","guid":{"rendered":"https:\/\/www.lovendal.ro\/wp52\/?p=63649"},"modified":"2019-08-23T17:37:13","modified_gmt":"2019-08-23T14:37:13","slug":"giganticele-incendii-din-america-de-sud-au-fost-initiate-de-arme-militare-cu-laser-care-ar-fi-scopul-ascuns","status":"publish","type":"post","link":"https:\/\/www.lovendal.ro\/wp52\/giganticele-incendii-din-america-de-sud-au-fost-initiate-de-arme-militare-cu-laser-care-ar-fi-scopul-ascuns\/","title":{"rendered":"Giganticele incendii din America de Sud au fost ini\u0163iate de arme militare cu laser? Care ar fi scopul ascuns?"},"content":{"rendered":"<figure id=\"attachment_63650\" aria-describedby=\"caption-attachment-63650\" style=\"width: 336px\" class=\"wp-caption alignleft\"><a href=\"https:\/\/www.lovendal.ro\/wp52\/wp-content\/uploads\/2019\/08\/incendiu-padure.jpg\"><img loading=\"lazy\" decoding=\"async\" class=\"size-full wp-image-63650\" src=\"https:\/\/www.lovendal.ro\/wp52\/wp-content\/uploads\/2019\/08\/incendiu-padure.jpg\" alt=\"\" width=\"346\" height=\"230\" srcset=\"https:\/\/www.lovendal.ro\/wp52\/wp-content\/uploads\/2019\/08\/incendiu-padure.jpg 346w, https:\/\/www.lovendal.ro\/wp52\/wp-content\/uploads\/2019\/08\/incendiu-padure-300x199.jpg 300w\" sizes=\"auto, (max-width: 346px) 100vw, 346px\" \/><\/a><figcaption id=\"caption-attachment-63650\" class=\"wp-caption-text\"><strong>Foto:<\/strong> <a href=\"https:\/\/pixabay.com\/ro\/photos\/p%C4%83dure-foc-lemn-fierbinte-fum-3872888\/\" target=\"_blank\" rel=\"noopener noreferrer\"><strong>pixabay.com<\/strong><\/a> (Commons Creative &#8211; free)<\/figcaption><\/figure>\n<p>\u015etirea zilelor acestea este urm\u0103toarea: o suprafa\u0163\u0103 imens\u0103 (de 7,4 milioane de kmp) din bazinul fluviului Amazon din Brazilia este afectat\u0103 de un incendiu devastator, stabilind un record \u00een ultimul deceniu. De\u015fi incendiile forestiere sunt obi\u0219nuite \u00een Amazon, \u00een timpul sezonului secetos (din iulie p\u00e2n\u0103 \u00een octombrie), totu\u015fi \u00een anul acesta sunt mult mai mari dec\u00e2t anii trecu\u0163i. Incendiile pot avea cauze naturale (ca fulgerele), dar pot fi provocate \u0219i de oameni &#8211; fermieri care cur\u0103\u021b\u0103 astfel terenurile.<\/p>\n<p>De\u015fi activi\u015ftii mediului \u00eenconjur\u0103tor \u00eel acuz\u0103 pe pre\u015fedintele brazilian, Jair Bolsonaro, c\u0103 ar fi \u00eencurajat astfel de activit\u0103\u0163i, acesta, la r\u00e2ndul lui, acuz\u0103 ONG-urile c\u0103 au fost cele care au pus focul pentru a afecta imaginea guvernului. Fumul emanat s-a \u00eempr\u0103\u0219tiat deasupra \u00eentregii regiuni a Amazonului \u0219i dincolo de ea. Astfel, se pare c\u0103 fumul a ajuns pe coasta Atlanticului. Ora\u0219ul Sao Paulo, aflat la 3.200 de kilometri distan\u021b\u0103, a fost cufundat \u00een \u00eentuneric, fiind acoperit de fum.<\/p>\n<p>Bazinul Amazon, care g\u0103zduie\u0219te peste 3 milioane de specii de plante \u0219i animale \u0219i 1 milion de membri ai comunit\u0103\u021bilor indigene, este crucial \u00een reglarea \u00eenc\u0103lzirii globale. P\u0103durile absorb anual milioane de tone de emisii de carbon.<\/p>\n<p>Dar, interesant e faptul c\u0103 nu doar Brazilia e afectat\u0103 de aceste incendii, ci \u00eentreaga Americ\u0103 de Sud. Astfel, \u0163\u0103ri ca Venezuela, Bolivia, Columbia \u0219i Peru se confrunt\u0103 cu mii de focare de incendiu.<\/p>\n<p>Totu\u015fi, n-ar fi exclus ca aceste incendii s\u0103 fie provocate inte\u0163ionat, simultan \u00een mai multe \u0163\u0103ri, pentru a crea o criz\u0103 mondial\u0103 \u00een subiectul &#8222;\u00eenc\u0103lzirii globale&#8221;. A\u015fa cum spuneam \u00eentr-un articol publicat anul trecut (<span class=\"post-title\"><a href=\"https:\/\/www.lovendal.ro\/wp52\/exclusiv-marile-incendii-din-lume-pot-fi-declansate-de-arme-militare-cu-laser\/\" target=\"_blank\" rel=\"noopener noreferrer\"><strong>EXCLUSIV! Marile incendii din lume pot fi declan\u015fate de arme militare cu laser?<\/strong><\/a>), n-ar fi imposibil ca unele incendii din lume s\u0103 fie declan\u015fate cu arme militare cu laser. \u00centr-un videoclip publicat pe YouTube se afirm\u0103 c\u0103 marea c<\/span>orpora\u0163ie Lockheed dezvolt\u0103 arme laser pentru Armata American\u0103. De exemplu, exist\u0103\u00a0 sistemul laser Athena, de 30 de KW, care a fost capabil s\u0103 doboare 5 avioane-dron\u0103.<\/p>\n<p><a href=\"https:\/\/www.lovendal.ro\/wp52\/wp-content\/uploads\/2018\/08\/laser1.jpg\"><img loading=\"lazy\" decoding=\"async\" class=\"aligncenter size-full wp-image-57222\" src=\"https:\/\/www.lovendal.ro\/wp52\/wp-content\/uploads\/2018\/08\/laser1.jpg\" alt=\"\" width=\"538\" height=\"345\" srcset=\"https:\/\/www.lovendal.ro\/wp52\/wp-content\/uploads\/2018\/08\/laser1.jpg 538w, https:\/\/www.lovendal.ro\/wp52\/wp-content\/uploads\/2018\/08\/laser1-300x192.jpg 300w\" sizes=\"auto, (max-width: 538px) 100vw, 538px\" \/><\/a><\/p>\n<p><a href=\"https:\/\/www.lovendal.ro\/wp52\/wp-content\/uploads\/2018\/08\/laser2.jpg\"><img loading=\"lazy\" decoding=\"async\" class=\"aligncenter size-full wp-image-57223\" src=\"https:\/\/www.lovendal.ro\/wp52\/wp-content\/uploads\/2018\/08\/laser2.jpg\" alt=\"\" width=\"539\" height=\"303\" srcset=\"https:\/\/www.lovendal.ro\/wp52\/wp-content\/uploads\/2018\/08\/laser2.jpg 539w, https:\/\/www.lovendal.ro\/wp52\/wp-content\/uploads\/2018\/08\/laser2-300x169.jpg 300w\" sizes=\"auto, (max-width: 539px) 100vw, 539px\" \/><\/a>Mai jos pute\u0163i vedea o captur\u0103 dintr-o filmare extrem de interesant\u0103, f\u0103cut\u0103 din elicopter, noaptea, deasupra unei zone cuprinse de incendiu.<\/p>\n<p><a href=\"https:\/\/www.lovendal.ro\/wp52\/wp-content\/uploads\/2018\/08\/incendiu1.jpg\"><img loading=\"lazy\" decoding=\"async\" class=\"aligncenter size-full wp-image-57225\" src=\"https:\/\/www.lovendal.ro\/wp52\/wp-content\/uploads\/2018\/08\/incendiu1.jpg\" alt=\"\" width=\"538\" height=\"343\" srcset=\"https:\/\/www.lovendal.ro\/wp52\/wp-content\/uploads\/2018\/08\/incendiu1.jpg 538w, https:\/\/www.lovendal.ro\/wp52\/wp-content\/uploads\/2018\/08\/incendiu1-300x191.jpg 300w\" sizes=\"auto, (max-width: 538px) 100vw, 538px\" \/><\/a>La un moment dat, operatorul care filmeaz\u0103 din elicopter, mi\u015fc\u0103 mai sus camera, \u00eentr-o &#8222;zon\u0103 interzis\u0103&#8221;, ce n-ar fi trebuit surprins\u0103, \u00een care se observ\u0103 un fel de raz\u0103 laser verde. Apoi, el duce repede camera \u00een jos&#8230;<\/p>\n<p><a href=\"https:\/\/www.lovendal.ro\/wp52\/wp-content\/uploads\/2018\/08\/incendiu2.jpg\"><img loading=\"lazy\" decoding=\"async\" class=\"aligncenter size-full wp-image-57226\" src=\"https:\/\/www.lovendal.ro\/wp52\/wp-content\/uploads\/2018\/08\/incendiu2.jpg\" alt=\"\" width=\"540\" height=\"337\" srcset=\"https:\/\/www.lovendal.ro\/wp52\/wp-content\/uploads\/2018\/08\/incendiu2.jpg 540w, https:\/\/www.lovendal.ro\/wp52\/wp-content\/uploads\/2018\/08\/incendiu2-300x187.jpg 300w, https:\/\/www.lovendal.ro\/wp52\/wp-content\/uploads\/2018\/08\/incendiu2-320x200.jpg 320w\" sizes=\"auto, (max-width: 540px) 100vw, 540px\" \/><\/a>\u00centrebarea care se pune e urm\u0103toarea: pot fi incendiile devastatoare provocate de arme laser militare avansate? Nu ar fi exclus, la fel cum n-ar fi exclus folosirea armelor laser \u00een provocarea incendiilor din America de Sud&#8230;<\/p>\n","protected":false},"excerpt":{"rendered":"<p>\u015etirea zilelor acestea este urm\u0103toarea: o suprafa\u0163\u0103 imens\u0103 (de 7,4 milioane de kmp) din bazinul fluviului Amazon din Brazilia este afectat\u0103 de un incendiu devastator, stabilind un record \u00een ultimul deceniu. De\u015fi incendiile forestiere sunt obi\u0219nuite \u00een Amazon, \u00een timpul &#8230; <\/p>\n<p class=\"read-more-container\"><a title=\"Giganticele incendii din America de Sud au fost ini\u0163iate de arme militare cu laser? Care ar fi scopul ascuns?\" class=\"read-more button\" href=\"https:\/\/www.lovendal.ro\/wp52\/giganticele-incendii-din-america-de-sud-au-fost-initiate-de-arme-militare-cu-laser-care-ar-fi-scopul-ascuns\/#more-63649\" aria-label=\"Cite\u0219te mai multe despre Giganticele incendii din America de Sud au fost ini\u0163iate de arme militare cu laser? Care ar fi scopul ascuns?\">Cititi mai multe<\/a><\/p>\n","protected":false},"author":1,"featured_media":63650,"comment_status":"closed","ping_status":"open","sticky":false,"template":"","format":"standard","meta":{"footnotes":""},"categories":[475],"tags":[3133,4420,8492,762,1442,358,3283,2190,6497,949,8467,4464,1960,1741,13761,2634,3597,151,2398,190,8395,2042,4223],"class_list":["post-63649","post","type-post","status-publish","format-standard","has-post-thumbnail","hentry","category-conspiratii-mistere","tag-amazon","tag-america-de-sud","tag-armata-americana","tag-avion","tag-brazilia","tag-conspiratii-si-mistere","tag-elicopter","tag-fermier","tag-flacari","tag-foc","tag-fulgere","tag-guvern","tag-incalzire-globala","tag-incendiu","tag-jair-bolsonaro","tag-laser","tag-lockheed-martin","tag-oras","tag-padure","tag-presedinte","tag-sao-paolo","tag-videoclip","tag-youtube"],"yoast_head":"<!-- This site is optimized with the Yoast SEO Premium plugin v23.3 (Yoast SEO v27.4) - https:\/\/yoast.com\/product\/yoast-seo-premium-wordpress\/ -->\n<title>Giganticele incendii din America de Sud au fost ini\u0163iate de arme militare cu laser? Care ar fi scopul ascuns? - Secretele lui Lovendal<\/title>\n<meta name=\"robots\" content=\"index, follow, max-snippet:-1, max-image-preview:large, max-video-preview:-1\" \/>\n<link rel=\"canonical\" href=\"https:\/\/www.lovendal.ro\/wp52\/giganticele-incendii-din-america-de-sud-au-fost-initiate-de-arme-militare-cu-laser-care-ar-fi-scopul-ascuns\/\" \/>\n<meta property=\"og:locale\" content=\"ro_RO\" \/>\n<meta property=\"og:type\" content=\"article\" \/>\n<meta property=\"og:title\" content=\"Giganticele incendii din America de Sud au fost ini\u0163iate de arme militare cu laser? Care ar fi scopul ascuns?\" \/>\n<meta property=\"og:description\" content=\"\u015etirea zilelor acestea este urm\u0103toarea: o suprafa\u0163\u0103 imens\u0103 (de 7,4 milioane de kmp) din bazinul fluviului Amazon din Brazilia este afectat\u0103 de un incendiu devastator, stabilind un record \u00een ultimul deceniu. De\u015fi incendiile forestiere sunt obi\u0219nuite \u00een Amazon, \u00een timpul ... Cititi mai multe\" \/>\n<meta property=\"og:url\" content=\"https:\/\/www.lovendal.ro\/wp52\/giganticele-incendii-din-america-de-sud-au-fost-initiate-de-arme-militare-cu-laser-care-ar-fi-scopul-ascuns\/\" \/>\n<meta property=\"og:site_name\" content=\"Secretele lui Lovendal\" \/>\n<meta property=\"article:publisher\" content=\"https:\/\/www.facebook.com\/secreteleluilovendal\" \/>\n<meta property=\"article:published_time\" content=\"2019-08-23T14:37:13+00:00\" \/>\n<meta property=\"og:image\" content=\"https:\/\/www.lovendal.ro\/wp52\/wp-content\/uploads\/2019\/08\/incendiu-padure.jpg\" \/>\n\t<meta property=\"og:image:width\" content=\"346\" \/>\n\t<meta property=\"og:image:height\" content=\"230\" \/>\n\t<meta property=\"og:image:type\" content=\"image\/jpeg\" \/>\n<meta name=\"author\" content=\"admin\" \/>\n<meta name=\"twitter:card\" content=\"summary_large_image\" \/>\n<meta name=\"twitter:label1\" content=\"Scris de\" \/>\n\t<meta name=\"twitter:data1\" content=\"admin\" \/>\n\t<meta name=\"twitter:label2\" content=\"Timp estimat pentru citire\" \/>\n\t<meta name=\"twitter:data2\" content=\"2 minute\" \/>\n<script type=\"application\/ld+json\" class=\"yoast-schema-graph\">{\"@context\":\"https:\\\/\\\/schema.org\",\"@graph\":[{\"@type\":\"Article\",\"@id\":\"https:\\\/\\\/www.lovendal.ro\\\/wp52\\\/giganticele-incendii-din-america-de-sud-au-fost-initiate-de-arme-militare-cu-laser-care-ar-fi-scopul-ascuns\\\/#article\",\"isPartOf\":{\"@id\":\"https:\\\/\\\/www.lovendal.ro\\\/wp52\\\/giganticele-incendii-din-america-de-sud-au-fost-initiate-de-arme-militare-cu-laser-care-ar-fi-scopul-ascuns\\\/\"},\"author\":{\"name\":\"admin\",\"@id\":\"https:\\\/\\\/www.lovendal.ro\\\/wp52\\\/#\\\/schema\\\/person\\\/088691de5dfc346bb0c023e1e52ef5d9\"},\"headline\":\"Giganticele incendii din America de Sud au fost ini\u0163iate de arme militare cu laser? Care ar fi scopul ascuns?\",\"datePublished\":\"2019-08-23T14:37:13+00:00\",\"mainEntityOfPage\":{\"@id\":\"https:\\\/\\\/www.lovendal.ro\\\/wp52\\\/giganticele-incendii-din-america-de-sud-au-fost-initiate-de-arme-militare-cu-laser-care-ar-fi-scopul-ascuns\\\/\"},\"wordCount\":479,\"publisher\":{\"@id\":\"https:\\\/\\\/www.lovendal.ro\\\/wp52\\\/#organization\"},\"image\":{\"@id\":\"https:\\\/\\\/www.lovendal.ro\\\/wp52\\\/giganticele-incendii-din-america-de-sud-au-fost-initiate-de-arme-militare-cu-laser-care-ar-fi-scopul-ascuns\\\/#primaryimage\"},\"thumbnailUrl\":\"https:\\\/\\\/www.lovendal.ro\\\/wp52\\\/wp-content\\\/uploads\\\/2019\\\/08\\\/incendiu-padure.jpg\",\"keywords\":[\"Amazon\",\"America de Sud\",\"Armata American\u0103\",\"avion\",\"Brazilia\",\"Conspiratii si Mistere\",\"elicopter\",\"fermier\",\"fl\u0103c\u0103ri\",\"foc\",\"fulgere\",\"guvern\",\"\u00eenc\u0103lzire global\u0103\",\"incendiu\",\"Jair Bolsonaro\",\"laser\",\"Lockheed Martin\",\"ora\u015f\",\"p\u0103dure\",\"pre\u015fedinte\",\"Sao Paolo\",\"videoclip\",\"YouTube\"],\"articleSection\":[\"Conspiratii si Mistere\"],\"inLanguage\":\"ro-RO\"},{\"@type\":\"WebPage\",\"@id\":\"https:\\\/\\\/www.lovendal.ro\\\/wp52\\\/giganticele-incendii-din-america-de-sud-au-fost-initiate-de-arme-militare-cu-laser-care-ar-fi-scopul-ascuns\\\/\",\"url\":\"https:\\\/\\\/www.lovendal.ro\\\/wp52\\\/giganticele-incendii-din-america-de-sud-au-fost-initiate-de-arme-militare-cu-laser-care-ar-fi-scopul-ascuns\\\/\",\"name\":\"Giganticele incendii din America de Sud au fost ini\u0163iate de arme militare cu laser? Care ar fi scopul ascuns? - Secretele lui Lovendal\",\"isPartOf\":{\"@id\":\"https:\\\/\\\/www.lovendal.ro\\\/wp52\\\/#website\"},\"primaryImageOfPage\":{\"@id\":\"https:\\\/\\\/www.lovendal.ro\\\/wp52\\\/giganticele-incendii-din-america-de-sud-au-fost-initiate-de-arme-militare-cu-laser-care-ar-fi-scopul-ascuns\\\/#primaryimage\"},\"image\":{\"@id\":\"https:\\\/\\\/www.lovendal.ro\\\/wp52\\\/giganticele-incendii-din-america-de-sud-au-fost-initiate-de-arme-militare-cu-laser-care-ar-fi-scopul-ascuns\\\/#primaryimage\"},\"thumbnailUrl\":\"https:\\\/\\\/www.lovendal.ro\\\/wp52\\\/wp-content\\\/uploads\\\/2019\\\/08\\\/incendiu-padure.jpg\",\"datePublished\":\"2019-08-23T14:37:13+00:00\",\"breadcrumb\":{\"@id\":\"https:\\\/\\\/www.lovendal.ro\\\/wp52\\\/giganticele-incendii-din-america-de-sud-au-fost-initiate-de-arme-militare-cu-laser-care-ar-fi-scopul-ascuns\\\/#breadcrumb\"},\"inLanguage\":\"ro-RO\",\"potentialAction\":[{\"@type\":\"ReadAction\",\"target\":[\"https:\\\/\\\/www.lovendal.ro\\\/wp52\\\/giganticele-incendii-din-america-de-sud-au-fost-initiate-de-arme-militare-cu-laser-care-ar-fi-scopul-ascuns\\\/\"]}]},{\"@type\":\"ImageObject\",\"inLanguage\":\"ro-RO\",\"@id\":\"https:\\\/\\\/www.lovendal.ro\\\/wp52\\\/giganticele-incendii-din-america-de-sud-au-fost-initiate-de-arme-militare-cu-laser-care-ar-fi-scopul-ascuns\\\/#primaryimage\",\"url\":\"https:\\\/\\\/www.lovendal.ro\\\/wp52\\\/wp-content\\\/uploads\\\/2019\\\/08\\\/incendiu-padure.jpg\",\"contentUrl\":\"https:\\\/\\\/www.lovendal.ro\\\/wp52\\\/wp-content\\\/uploads\\\/2019\\\/08\\\/incendiu-padure.jpg\",\"width\":346,\"height\":230,\"caption\":\"Foto: pixabay.com (Commons Creative - free)\"},{\"@type\":\"BreadcrumbList\",\"@id\":\"https:\\\/\\\/www.lovendal.ro\\\/wp52\\\/giganticele-incendii-din-america-de-sud-au-fost-initiate-de-arme-militare-cu-laser-care-ar-fi-scopul-ascuns\\\/#breadcrumb\",\"itemListElement\":[{\"@type\":\"ListItem\",\"position\":1,\"name\":\"Home\",\"item\":\"https:\\\/\\\/www.lovendal.ro\\\/wp52\\\/\"},{\"@type\":\"ListItem\",\"position\":2,\"name\":\"Giganticele incendii din America de Sud au fost ini\u0163iate de arme militare cu laser? Care ar fi scopul ascuns?\"}]},{\"@type\":\"WebSite\",\"@id\":\"https:\\\/\\\/www.lovendal.ro\\\/wp52\\\/#website\",\"url\":\"https:\\\/\\\/www.lovendal.ro\\\/wp52\\\/\",\"name\":\"Secretele lui Lovendal\",\"description\":\"Site de secrete, stiinta si metafizica - din 2008 -\",\"publisher\":{\"@id\":\"https:\\\/\\\/www.lovendal.ro\\\/wp52\\\/#organization\"},\"potentialAction\":[{\"@type\":\"SearchAction\",\"target\":{\"@type\":\"EntryPoint\",\"urlTemplate\":\"https:\\\/\\\/www.lovendal.ro\\\/wp52\\\/?s={search_term_string}\"},\"query-input\":{\"@type\":\"PropertyValueSpecification\",\"valueRequired\":true,\"valueName\":\"search_term_string\"}}],\"inLanguage\":\"ro-RO\"},{\"@type\":\"Organization\",\"@id\":\"https:\\\/\\\/www.lovendal.ro\\\/wp52\\\/#organization\",\"name\":\"Secretele lui Lovendal\",\"url\":\"https:\\\/\\\/www.lovendal.ro\\\/wp52\\\/\",\"logo\":{\"@type\":\"ImageObject\",\"inLanguage\":\"ro-RO\",\"@id\":\"https:\\\/\\\/www.lovendal.ro\\\/wp52\\\/#\\\/schema\\\/logo\\\/image\\\/\",\"url\":\"https:\\\/\\\/www.lovendal.ro\\\/wp52\\\/wp-content\\\/uploads\\\/2024\\\/06\\\/cropped-SLL-iun-2024-1.jpg\",\"contentUrl\":\"https:\\\/\\\/www.lovendal.ro\\\/wp52\\\/wp-content\\\/uploads\\\/2024\\\/06\\\/cropped-SLL-iun-2024-1.jpg\",\"width\":771,\"height\":240,\"caption\":\"Secretele lui Lovendal\"},\"image\":{\"@id\":\"https:\\\/\\\/www.lovendal.ro\\\/wp52\\\/#\\\/schema\\\/logo\\\/image\\\/\"},\"sameAs\":[\"https:\\\/\\\/www.facebook.com\\\/secreteleluilovendal\"]},{\"@type\":\"Person\",\"@id\":\"https:\\\/\\\/www.lovendal.ro\\\/wp52\\\/#\\\/schema\\\/person\\\/088691de5dfc346bb0c023e1e52ef5d9\",\"name\":\"admin\",\"image\":{\"@type\":\"ImageObject\",\"inLanguage\":\"ro-RO\",\"@id\":\"https:\\\/\\\/secure.gravatar.com\\\/avatar\\\/ecb9cd41f5f63c9c9b989999a59f6e2639a865ec361e9db054db0679a8f341c2?s=96&d=mm&r=g\",\"url\":\"https:\\\/\\\/secure.gravatar.com\\\/avatar\\\/ecb9cd41f5f63c9c9b989999a59f6e2639a865ec361e9db054db0679a8f341c2?s=96&d=mm&r=g\",\"contentUrl\":\"https:\\\/\\\/secure.gravatar.com\\\/avatar\\\/ecb9cd41f5f63c9c9b989999a59f6e2639a865ec361e9db054db0679a8f341c2?s=96&d=mm&r=g\",\"caption\":\"admin\"},\"sameAs\":[\"https:\\\/\\\/www.lovendal.ro\\\/wp52\"]}]}<\/script>\n<!-- \/ Yoast SEO Premium plugin. -->","yoast_head_json":{"title":"Giganticele incendii din America de Sud au fost ini\u0163iate de arme militare cu laser? Care ar fi scopul ascuns? - Secretele lui Lovendal","robots":{"index":"index","follow":"follow","max-snippet":"max-snippet:-1","max-image-preview":"max-image-preview:large","max-video-preview":"max-video-preview:-1"},"canonical":"https:\/\/www.lovendal.ro\/wp52\/giganticele-incendii-din-america-de-sud-au-fost-initiate-de-arme-militare-cu-laser-care-ar-fi-scopul-ascuns\/","og_locale":"ro_RO","og_type":"article","og_title":"Giganticele incendii din America de Sud au fost ini\u0163iate de arme militare cu laser? Care ar fi scopul ascuns?","og_description":"\u015etirea zilelor acestea este urm\u0103toarea: o suprafa\u0163\u0103 imens\u0103 (de 7,4 milioane de kmp) din bazinul fluviului Amazon din Brazilia este afectat\u0103 de un incendiu devastator, stabilind un record \u00een ultimul deceniu. De\u015fi incendiile forestiere sunt obi\u0219nuite \u00een Amazon, \u00een timpul ... Cititi mai multe","og_url":"https:\/\/www.lovendal.ro\/wp52\/giganticele-incendii-din-america-de-sud-au-fost-initiate-de-arme-militare-cu-laser-care-ar-fi-scopul-ascuns\/","og_site_name":"Secretele lui Lovendal","article_publisher":"https:\/\/www.facebook.com\/secreteleluilovendal","article_published_time":"2019-08-23T14:37:13+00:00","og_image":[{"width":346,"height":230,"url":"https:\/\/www.lovendal.ro\/wp52\/wp-content\/uploads\/2019\/08\/incendiu-padure.jpg","type":"image\/jpeg"}],"author":"admin","twitter_card":"summary_large_image","twitter_misc":{"Scris de":"admin","Timp estimat pentru citire":"2 minute"},"schema":{"@context":"https:\/\/schema.org","@graph":[{"@type":"Article","@id":"https:\/\/www.lovendal.ro\/wp52\/giganticele-incendii-din-america-de-sud-au-fost-initiate-de-arme-militare-cu-laser-care-ar-fi-scopul-ascuns\/#article","isPartOf":{"@id":"https:\/\/www.lovendal.ro\/wp52\/giganticele-incendii-din-america-de-sud-au-fost-initiate-de-arme-militare-cu-laser-care-ar-fi-scopul-ascuns\/"},"author":{"name":"admin","@id":"https:\/\/www.lovendal.ro\/wp52\/#\/schema\/person\/088691de5dfc346bb0c023e1e52ef5d9"},"headline":"Giganticele incendii din America de Sud au fost ini\u0163iate de arme militare cu laser? Care ar fi scopul ascuns?","datePublished":"2019-08-23T14:37:13+00:00","mainEntityOfPage":{"@id":"https:\/\/www.lovendal.ro\/wp52\/giganticele-incendii-din-america-de-sud-au-fost-initiate-de-arme-militare-cu-laser-care-ar-fi-scopul-ascuns\/"},"wordCount":479,"publisher":{"@id":"https:\/\/www.lovendal.ro\/wp52\/#organization"},"image":{"@id":"https:\/\/www.lovendal.ro\/wp52\/giganticele-incendii-din-america-de-sud-au-fost-initiate-de-arme-militare-cu-laser-care-ar-fi-scopul-ascuns\/#primaryimage"},"thumbnailUrl":"https:\/\/www.lovendal.ro\/wp52\/wp-content\/uploads\/2019\/08\/incendiu-padure.jpg","keywords":["Amazon","America de Sud","Armata American\u0103","avion","Brazilia","Conspiratii si Mistere","elicopter","fermier","fl\u0103c\u0103ri","foc","fulgere","guvern","\u00eenc\u0103lzire global\u0103","incendiu","Jair Bolsonaro","laser","Lockheed Martin","ora\u015f","p\u0103dure","pre\u015fedinte","Sao Paolo","videoclip","YouTube"],"articleSection":["Conspiratii si Mistere"],"inLanguage":"ro-RO"},{"@type":"WebPage","@id":"https:\/\/www.lovendal.ro\/wp52\/giganticele-incendii-din-america-de-sud-au-fost-initiate-de-arme-militare-cu-laser-care-ar-fi-scopul-ascuns\/","url":"https:\/\/www.lovendal.ro\/wp52\/giganticele-incendii-din-america-de-sud-au-fost-initiate-de-arme-militare-cu-laser-care-ar-fi-scopul-ascuns\/","name":"Giganticele incendii din America de Sud au fost ini\u0163iate de arme militare cu laser? Care ar fi scopul ascuns? - Secretele lui Lovendal","isPartOf":{"@id":"https:\/\/www.lovendal.ro\/wp52\/#website"},"primaryImageOfPage":{"@id":"https:\/\/www.lovendal.ro\/wp52\/giganticele-incendii-din-america-de-sud-au-fost-initiate-de-arme-militare-cu-laser-care-ar-fi-scopul-ascuns\/#primaryimage"},"image":{"@id":"https:\/\/www.lovendal.ro\/wp52\/giganticele-incendii-din-america-de-sud-au-fost-initiate-de-arme-militare-cu-laser-care-ar-fi-scopul-ascuns\/#primaryimage"},"thumbnailUrl":"https:\/\/www.lovendal.ro\/wp52\/wp-content\/uploads\/2019\/08\/incendiu-padure.jpg","datePublished":"2019-08-23T14:37:13+00:00","breadcrumb":{"@id":"https:\/\/www.lovendal.ro\/wp52\/giganticele-incendii-din-america-de-sud-au-fost-initiate-de-arme-militare-cu-laser-care-ar-fi-scopul-ascuns\/#breadcrumb"},"inLanguage":"ro-RO","potentialAction":[{"@type":"ReadAction","target":["https:\/\/www.lovendal.ro\/wp52\/giganticele-incendii-din-america-de-sud-au-fost-initiate-de-arme-militare-cu-laser-care-ar-fi-scopul-ascuns\/"]}]},{"@type":"ImageObject","inLanguage":"ro-RO","@id":"https:\/\/www.lovendal.ro\/wp52\/giganticele-incendii-din-america-de-sud-au-fost-initiate-de-arme-militare-cu-laser-care-ar-fi-scopul-ascuns\/#primaryimage","url":"https:\/\/www.lovendal.ro\/wp52\/wp-content\/uploads\/2019\/08\/incendiu-padure.jpg","contentUrl":"https:\/\/www.lovendal.ro\/wp52\/wp-content\/uploads\/2019\/08\/incendiu-padure.jpg","width":346,"height":230,"caption":"Foto: pixabay.com (Commons Creative - free)"},{"@type":"BreadcrumbList","@id":"https:\/\/www.lovendal.ro\/wp52\/giganticele-incendii-din-america-de-sud-au-fost-initiate-de-arme-militare-cu-laser-care-ar-fi-scopul-ascuns\/#breadcrumb","itemListElement":[{"@type":"ListItem","position":1,"name":"Home","item":"https:\/\/www.lovendal.ro\/wp52\/"},{"@type":"ListItem","position":2,"name":"Giganticele incendii din America de Sud au fost ini\u0163iate de arme militare cu laser? Care ar fi scopul ascuns?"}]},{"@type":"WebSite","@id":"https:\/\/www.lovendal.ro\/wp52\/#website","url":"https:\/\/www.lovendal.ro\/wp52\/","name":"Secretele lui Lovendal","description":"Site de secrete, stiinta si metafizica - din 2008 -","publisher":{"@id":"https:\/\/www.lovendal.ro\/wp52\/#organization"},"potentialAction":[{"@type":"SearchAction","target":{"@type":"EntryPoint","urlTemplate":"https:\/\/www.lovendal.ro\/wp52\/?s={search_term_string}"},"query-input":{"@type":"PropertyValueSpecification","valueRequired":true,"valueName":"search_term_string"}}],"inLanguage":"ro-RO"},{"@type":"Organization","@id":"https:\/\/www.lovendal.ro\/wp52\/#organization","name":"Secretele lui Lovendal","url":"https:\/\/www.lovendal.ro\/wp52\/","logo":{"@type":"ImageObject","inLanguage":"ro-RO","@id":"https:\/\/www.lovendal.ro\/wp52\/#\/schema\/logo\/image\/","url":"https:\/\/www.lovendal.ro\/wp52\/wp-content\/uploads\/2024\/06\/cropped-SLL-iun-2024-1.jpg","contentUrl":"https:\/\/www.lovendal.ro\/wp52\/wp-content\/uploads\/2024\/06\/cropped-SLL-iun-2024-1.jpg","width":771,"height":240,"caption":"Secretele lui Lovendal"},"image":{"@id":"https:\/\/www.lovendal.ro\/wp52\/#\/schema\/logo\/image\/"},"sameAs":["https:\/\/www.facebook.com\/secreteleluilovendal"]},{"@type":"Person","@id":"https:\/\/www.lovendal.ro\/wp52\/#\/schema\/person\/088691de5dfc346bb0c023e1e52ef5d9","name":"admin","image":{"@type":"ImageObject","inLanguage":"ro-RO","@id":"https:\/\/secure.gravatar.com\/avatar\/ecb9cd41f5f63c9c9b989999a59f6e2639a865ec361e9db054db0679a8f341c2?s=96&d=mm&r=g","url":"https:\/\/secure.gravatar.com\/avatar\/ecb9cd41f5f63c9c9b989999a59f6e2639a865ec361e9db054db0679a8f341c2?s=96&d=mm&r=g","contentUrl":"https:\/\/secure.gravatar.com\/avatar\/ecb9cd41f5f63c9c9b989999a59f6e2639a865ec361e9db054db0679a8f341c2?s=96&d=mm&r=g","caption":"admin"},"sameAs":["https:\/\/www.lovendal.ro\/wp52"]}]}},"_links":{"self":[{"href":"https:\/\/www.lovendal.ro\/wp52\/wp-json\/wp\/v2\/posts\/63649","targetHints":{"allow":["GET"]}}],"collection":[{"href":"https:\/\/www.lovendal.ro\/wp52\/wp-json\/wp\/v2\/posts"}],"about":[{"href":"https:\/\/www.lovendal.ro\/wp52\/wp-json\/wp\/v2\/types\/post"}],"author":[{"embeddable":true,"href":"https:\/\/www.lovendal.ro\/wp52\/wp-json\/wp\/v2\/users\/1"}],"replies":[{"embeddable":true,"href":"https:\/\/www.lovendal.ro\/wp52\/wp-json\/wp\/v2\/comments?post=63649"}],"version-history":[{"count":0,"href":"https:\/\/www.lovendal.ro\/wp52\/wp-json\/wp\/v2\/posts\/63649\/revisions"}],"wp:featuredmedia":[{"embeddable":true,"href":"https:\/\/www.lovendal.ro\/wp52\/wp-json\/wp\/v2\/media\/63650"}],"wp:attachment":[{"href":"https:\/\/www.lovendal.ro\/wp52\/wp-json\/wp\/v2\/media?parent=63649"}],"wp:term":[{"taxonomy":"category","embeddable":true,"href":"https:\/\/www.lovendal.ro\/wp52\/wp-json\/wp\/v2\/categories?post=63649"},{"taxonomy":"post_tag","embeddable":true,"href":"https:\/\/www.lovendal.ro\/wp52\/wp-json\/wp\/v2\/tags?post=63649"}],"curies":[{"name":"wp","href":"https:\/\/api.w.org\/{rel}","templated":true}]}}