{"id":63308,"date":"2019-07-27T07:00:08","date_gmt":"2019-07-27T04:00:08","guid":{"rendered":"https:\/\/www.lovendal.ro\/wp52\/?p=63308"},"modified":"2019-07-26T23:13:45","modified_gmt":"2019-07-26T20:13:45","slug":"de-ce-ni-se-ascunde-ca-limba-latina-se-trage-din-limba-romana-straveche-si-nu-invers-de-ce-ni-se-ascunde-ca-imparatul-traian-a-fost-de-origine-traca-daca","status":"publish","type":"post","link":"https:\/\/www.lovendal.ro\/wp52\/de-ce-ni-se-ascunde-ca-limba-latina-se-trage-din-limba-romana-straveche-si-nu-invers-de-ce-ni-se-ascunde-ca-imparatul-traian-a-fost-de-origine-traca-daca\/","title":{"rendered":"De ce ni se ascunde c\u0103 limba latina se trage din limba rom\u00e2n\u0103 str\u0103veche \u015fi nu invers? De ce ni se ascunde c\u0103 \u00eemp\u0103ratul Traian a fost de origine trac\u0103 (dac\u0103)?"},"content":{"rendered":"<p><a href=\"https:\/\/www.lovendal.ro\/wp52\/wp-content\/uploads\/2019\/07\/DACI.jpg\"><img loading=\"lazy\" decoding=\"async\" class=\"alignleft size-full wp-image-63309\" src=\"https:\/\/www.lovendal.ro\/wp52\/wp-content\/uploads\/2019\/07\/DACI.jpg\" alt=\"\" width=\"338\" height=\"300\" srcset=\"https:\/\/www.lovendal.ro\/wp52\/wp-content\/uploads\/2019\/07\/DACI.jpg 338w, https:\/\/www.lovendal.ro\/wp52\/wp-content\/uploads\/2019\/07\/DACI-300x266.jpg 300w\" sizes=\"auto, (max-width: 338px) 100vw, 338px\" \/><\/a>\u00centr-un interviu acordat postului de televiziune TVR Cluj, \u00een 16 decembrie 2012, Miceal Ledwith, fost consilier al Papei Ioan Paul al II-lea, unul din oamenii care au avut acces la toate documentele secrete din biblioteca Vaticanului, a declarat c\u0103 latina cult\u0103 se trage din limba rom\u00e2n\u0103 str\u0103veche \u0219i nu invers cum se credea p\u00e2n\u0103 acum:<\/p>\n<p><em>\u201cChiar dac\u0103 se \u0219tie c\u0103 latina e limba oficial\u0103 a Bisericii Catolice, precum \u0219i limba Imperiului Roman, iar limba rom\u00e2n\u0103 este o limb\u0103 latin\u0103, mai pu\u021bin\u0103 lume cunoa\u0219te c\u0103 limba rom\u00e2n\u0103, sau precursoarea sa, vine din locul din care se trage limba latin\u0103, \u0219i nu invers. Cu alte cuvinte, nu limba rom\u00e2n\u0103 este o limb\u0103 latin\u0103, ci mai degrab\u0103 limba latin\u0103 este o limb\u0103 rom\u00e2neasc\u0103. A\u0219adar, vreau s\u0103-i salut pe oamenii din Mun\u021bii Bucegi, din Bra\u0219ov, din Bucure\u0219ti. Voi sunte\u021bi cei care a\u021bi oferit un vehicul minunat lumii occidentale <\/em>(limba latin\u0103 &#8211; n.r.)<em>&#8222;<\/em> (ziarul<em> &#8222;Libertatea&#8221;,<\/em> 6 aprilie, 2013).<\/p>\n<p>Deci, teoria conform c\u0103reia romanii au cucerit o parte din Dacia, iar dacii, inclusiv cei din teritoriile necucerite de Roma, \u0219i-au abandonat limba str\u0103mo\u0219ilor lor \u0219i au \u00eenceput s\u0103 vorbeasc\u0103 latina e complet fals\u0103. Conform declara\u021biei lui Ledwith, la \u00eent\u00e2lnirea lor cu romanii, dacii nu au avut nevoie de translatori: vorbeau deja limba din care se n\u0103scuse chiar latina. Din aceast\u0103 perspectiv\u0103, rom\u00e2nii apar drept unul \u0219i acela\u0219i popor cu dacii, continuatorii direc\u021bi \u0219i legitimi ai acestora. Mai mult, ar rezulta c\u0103 \u0219i romanii ar fi fost neam tracic.<\/p>\n<p>Dacia a fost cotropit\u0103 de romani \u00een propor\u021bie de numai 15% \u0219i pentru o perioad\u0103 istoric\u0103 foarte scurt\u0103, de 164 de ani. Restul din teritoriul Daciei nu a fost c\u0103lcat de picior de legionar roman. Istoricii Leon E. Stover si Bruce Kraig, \u00een cartea lor &#8222;The Indo-European heritage\u201d , vorbesc despre Vechea Europ\u0103 a mileniului 5 \u00ee.d.H., care-\u0219i avea locul \u00een centrul Rom\u00e2niei de azi.<\/p>\n<p>\u00cen filmul documentar ap\u0103rut \u00een 2012 <em>\u201cDacii, adev\u0103ruri tubur\u0103toare&#8221;,<\/em> dr. Mircea Chelaru \u0219i mul\u021bi al\u021bi istorici \u0219i exper\u021bi cunoscu\u021bi spun adev\u0103ruri mai pu\u0163in cunoscute despre daci. Printre altele, afl\u0103m c\u0103 nu rom\u00e2nii se trag din romani, cum se credea, ci o parte din italieni se trag din traci, sau c\u0103 cea mai veche scriere g\u0103sit\u0103 a fost de origine trac\u0103 (scrierea tartarian\u0103 &#8211; cu 1000 ani mai veche dec\u00e2t cea sumerian\u0103).<\/p>\n<p>\u00cen film se prezint\u0103 un fragment din testamentul \u00eemp\u0103ratului Traian c\u0103tre Licinius Chietus (cel care a intrat cu legiunea sa \u00een Sarmisegetuza), \u00een care m\u0103rturise\u0219te originea sa: <em>\u201cPe mine m\u0103 cheam\u0103 Traian, de la toponimul Trahianus din Trahia, \u0219i m-am n\u0103scut la anul 801 de la facerea Romei \u00een 13 al lui octombrie \u00eentr-un sat care era locuit de tribul coloni\u0219tilor turdeani, vorbindu-se limba lor veche \u0219i o latin\u0103 aproximativ\u0103 a\u0219a cum, de altminteri, o vorbeau to\u021bi dacii\u201d. <\/em>Poate c\u0103 de asta Traian a fost at\u00e2t de interesat de Dacia?<em><br \/>\n<\/em><\/p>\n<p>Despre \u00eemp\u0103ratul roman, istoricul roman DioCasius spunea: <em>\u201cS\u0103 nu uit\u0103m c\u0103 Traian a fost un trac veritabil, r\u0103zboaiele dintre Traian \u0219i Decebal au fost r\u0103zboaie fratricide, iar tracii au fost daci.&#8221;<\/em><\/p>\n","protected":false},"excerpt":{"rendered":"<p>\u00centr-un interviu acordat postului de televiziune TVR Cluj, \u00een 16 decembrie 2012, Miceal Ledwith, fost consilier al Papei Ioan Paul al II-lea, unul din oamenii care au avut acces la toate documentele secrete din biblioteca Vaticanului, a declarat c\u0103 latina &#8230; <\/p>\n<p class=\"read-more-container\"><a title=\"De ce ni se ascunde c\u0103 limba latina se trage din limba rom\u00e2n\u0103 str\u0103veche \u015fi nu invers? De ce ni se ascunde c\u0103 \u00eemp\u0103ratul Traian a fost de origine trac\u0103 (dac\u0103)?\" class=\"read-more button\" href=\"https:\/\/www.lovendal.ro\/wp52\/de-ce-ni-se-ascunde-ca-limba-latina-se-trage-din-limba-romana-straveche-si-nu-invers-de-ce-ni-se-ascunde-ca-imparatul-traian-a-fost-de-origine-traca-daca\/#more-63308\" aria-label=\"Cite\u0219te mai multe despre De ce ni se ascunde c\u0103 limba latina se trage din limba rom\u00e2n\u0103 str\u0103veche \u015fi nu invers? De ce ni se ascunde c\u0103 \u00eemp\u0103ratul Traian a fost de origine trac\u0103 (dac\u0103)?\">Cititi mai multe<\/a><\/p>\n","protected":false},"author":1,"featured_media":63309,"comment_status":"closed","ping_status":"open","sticky":false,"template":"","format":"standard","meta":{"footnotes":""},"categories":[9],"tags":[10664,1415,4761,827,1110,1157,341,295,4823,4430,1532,4015,2602,4065,858,2689,1159],"class_list":["post-63308","post","type-post","status-publish","format-standard","has-post-thumbnail","hentry","category-istorie","tag-biblioteca-vaticanului","tag-biserica-catolica","tag-brasov","tag-bucuresti","tag-daci","tag-dacia","tag-europa","tag-imparat","tag-interviu","tag-istoric","tag-istorie-si-civilizatii","tag-limba-latina","tag-limba-romana","tag-muntii-bucegi","tag-romani","tag-traci","tag-traian"],"yoast_head":"<!-- This site is optimized with the Yoast SEO Premium plugin v23.3 (Yoast SEO v27.4) - https:\/\/yoast.com\/product\/yoast-seo-premium-wordpress\/ -->\n<title>De ce ni se ascunde c\u0103 limba latina se trage din limba rom\u00e2n\u0103 str\u0103veche \u015fi nu invers? De ce ni se ascunde c\u0103 \u00eemp\u0103ratul Traian a fost de origine trac\u0103 (dac\u0103)? - Secretele lui Lovendal<\/title>\n<meta name=\"robots\" content=\"index, follow, max-snippet:-1, max-image-preview:large, max-video-preview:-1\" \/>\n<link rel=\"canonical\" href=\"https:\/\/www.lovendal.ro\/wp52\/de-ce-ni-se-ascunde-ca-limba-latina-se-trage-din-limba-romana-straveche-si-nu-invers-de-ce-ni-se-ascunde-ca-imparatul-traian-a-fost-de-origine-traca-daca\/\" \/>\n<meta property=\"og:locale\" content=\"ro_RO\" \/>\n<meta property=\"og:type\" content=\"article\" \/>\n<meta property=\"og:title\" content=\"De ce ni se ascunde c\u0103 limba latina se trage din limba rom\u00e2n\u0103 str\u0103veche \u015fi nu invers? De ce ni se ascunde c\u0103 \u00eemp\u0103ratul Traian a fost de origine trac\u0103 (dac\u0103)?\" \/>\n<meta property=\"og:description\" content=\"\u00centr-un interviu acordat postului de televiziune TVR Cluj, \u00een 16 decembrie 2012, Miceal Ledwith, fost consilier al Papei Ioan Paul al II-lea, unul din oamenii care au avut acces la toate documentele secrete din biblioteca Vaticanului, a declarat c\u0103 latina ... Cititi mai multe\" \/>\n<meta property=\"og:url\" content=\"https:\/\/www.lovendal.ro\/wp52\/de-ce-ni-se-ascunde-ca-limba-latina-se-trage-din-limba-romana-straveche-si-nu-invers-de-ce-ni-se-ascunde-ca-imparatul-traian-a-fost-de-origine-traca-daca\/\" \/>\n<meta property=\"og:site_name\" content=\"Secretele lui Lovendal\" \/>\n<meta property=\"article:publisher\" content=\"https:\/\/www.facebook.com\/secreteleluilovendal\" \/>\n<meta property=\"article:published_time\" content=\"2019-07-27T04:00:08+00:00\" \/>\n<meta property=\"og:image\" content=\"https:\/\/www.lovendal.ro\/wp52\/wp-content\/uploads\/2019\/07\/DACI.jpg\" \/>\n\t<meta property=\"og:image:width\" content=\"338\" \/>\n\t<meta property=\"og:image:height\" content=\"300\" \/>\n\t<meta property=\"og:image:type\" content=\"image\/jpeg\" \/>\n<meta name=\"author\" content=\"admin\" \/>\n<meta name=\"twitter:card\" content=\"summary_large_image\" \/>\n<meta name=\"twitter:label1\" content=\"Scris de\" \/>\n\t<meta name=\"twitter:data1\" content=\"admin\" \/>\n\t<meta name=\"twitter:label2\" content=\"Timp estimat pentru citire\" \/>\n\t<meta name=\"twitter:data2\" content=\"3 minute\" \/>\n<script type=\"application\/ld+json\" class=\"yoast-schema-graph\">{\"@context\":\"https:\\\/\\\/schema.org\",\"@graph\":[{\"@type\":\"Article\",\"@id\":\"https:\\\/\\\/www.lovendal.ro\\\/wp52\\\/de-ce-ni-se-ascunde-ca-limba-latina-se-trage-din-limba-romana-straveche-si-nu-invers-de-ce-ni-se-ascunde-ca-imparatul-traian-a-fost-de-origine-traca-daca\\\/#article\",\"isPartOf\":{\"@id\":\"https:\\\/\\\/www.lovendal.ro\\\/wp52\\\/de-ce-ni-se-ascunde-ca-limba-latina-se-trage-din-limba-romana-straveche-si-nu-invers-de-ce-ni-se-ascunde-ca-imparatul-traian-a-fost-de-origine-traca-daca\\\/\"},\"author\":{\"name\":\"admin\",\"@id\":\"https:\\\/\\\/www.lovendal.ro\\\/wp52\\\/#\\\/schema\\\/person\\\/088691de5dfc346bb0c023e1e52ef5d9\"},\"headline\":\"De ce ni se ascunde c\u0103 limba latina se trage din limba rom\u00e2n\u0103 str\u0103veche \u015fi nu invers? De ce ni se ascunde c\u0103 \u00eemp\u0103ratul Traian a fost de origine trac\u0103 (dac\u0103)?\",\"datePublished\":\"2019-07-27T04:00:08+00:00\",\"mainEntityOfPage\":{\"@id\":\"https:\\\/\\\/www.lovendal.ro\\\/wp52\\\/de-ce-ni-se-ascunde-ca-limba-latina-se-trage-din-limba-romana-straveche-si-nu-invers-de-ce-ni-se-ascunde-ca-imparatul-traian-a-fost-de-origine-traca-daca\\\/\"},\"wordCount\":578,\"publisher\":{\"@id\":\"https:\\\/\\\/www.lovendal.ro\\\/wp52\\\/#organization\"},\"image\":{\"@id\":\"https:\\\/\\\/www.lovendal.ro\\\/wp52\\\/de-ce-ni-se-ascunde-ca-limba-latina-se-trage-din-limba-romana-straveche-si-nu-invers-de-ce-ni-se-ascunde-ca-imparatul-traian-a-fost-de-origine-traca-daca\\\/#primaryimage\"},\"thumbnailUrl\":\"https:\\\/\\\/www.lovendal.ro\\\/wp52\\\/wp-content\\\/uploads\\\/2019\\\/07\\\/DACI.jpg\",\"keywords\":[\"Biblioteca Vaticanului\",\"Biserica Catolic\u0103\",\"Bra\u015fov\",\"Bucure\u015fti\",\"daci\",\"Dacia\",\"Europa\",\"\u00eemp\u0103rat\",\"interviu\",\"istoric\",\"Istorie si Civilizatii\",\"limba latin\u0103\",\"limba rom\u00e2n\u0103\",\"Mun\u0163ii Bucegi\",\"romani\",\"traci\",\"Traian\"],\"articleSection\":[\"Istorie si Civilizatii\"],\"inLanguage\":\"ro-RO\"},{\"@type\":\"WebPage\",\"@id\":\"https:\\\/\\\/www.lovendal.ro\\\/wp52\\\/de-ce-ni-se-ascunde-ca-limba-latina-se-trage-din-limba-romana-straveche-si-nu-invers-de-ce-ni-se-ascunde-ca-imparatul-traian-a-fost-de-origine-traca-daca\\\/\",\"url\":\"https:\\\/\\\/www.lovendal.ro\\\/wp52\\\/de-ce-ni-se-ascunde-ca-limba-latina-se-trage-din-limba-romana-straveche-si-nu-invers-de-ce-ni-se-ascunde-ca-imparatul-traian-a-fost-de-origine-traca-daca\\\/\",\"name\":\"De ce ni se ascunde c\u0103 limba latina se trage din limba rom\u00e2n\u0103 str\u0103veche \u015fi nu invers? De ce ni se ascunde c\u0103 \u00eemp\u0103ratul Traian a fost de origine trac\u0103 (dac\u0103)? - Secretele lui Lovendal\",\"isPartOf\":{\"@id\":\"https:\\\/\\\/www.lovendal.ro\\\/wp52\\\/#website\"},\"primaryImageOfPage\":{\"@id\":\"https:\\\/\\\/www.lovendal.ro\\\/wp52\\\/de-ce-ni-se-ascunde-ca-limba-latina-se-trage-din-limba-romana-straveche-si-nu-invers-de-ce-ni-se-ascunde-ca-imparatul-traian-a-fost-de-origine-traca-daca\\\/#primaryimage\"},\"image\":{\"@id\":\"https:\\\/\\\/www.lovendal.ro\\\/wp52\\\/de-ce-ni-se-ascunde-ca-limba-latina-se-trage-din-limba-romana-straveche-si-nu-invers-de-ce-ni-se-ascunde-ca-imparatul-traian-a-fost-de-origine-traca-daca\\\/#primaryimage\"},\"thumbnailUrl\":\"https:\\\/\\\/www.lovendal.ro\\\/wp52\\\/wp-content\\\/uploads\\\/2019\\\/07\\\/DACI.jpg\",\"datePublished\":\"2019-07-27T04:00:08+00:00\",\"breadcrumb\":{\"@id\":\"https:\\\/\\\/www.lovendal.ro\\\/wp52\\\/de-ce-ni-se-ascunde-ca-limba-latina-se-trage-din-limba-romana-straveche-si-nu-invers-de-ce-ni-se-ascunde-ca-imparatul-traian-a-fost-de-origine-traca-daca\\\/#breadcrumb\"},\"inLanguage\":\"ro-RO\",\"potentialAction\":[{\"@type\":\"ReadAction\",\"target\":[\"https:\\\/\\\/www.lovendal.ro\\\/wp52\\\/de-ce-ni-se-ascunde-ca-limba-latina-se-trage-din-limba-romana-straveche-si-nu-invers-de-ce-ni-se-ascunde-ca-imparatul-traian-a-fost-de-origine-traca-daca\\\/\"]}]},{\"@type\":\"ImageObject\",\"inLanguage\":\"ro-RO\",\"@id\":\"https:\\\/\\\/www.lovendal.ro\\\/wp52\\\/de-ce-ni-se-ascunde-ca-limba-latina-se-trage-din-limba-romana-straveche-si-nu-invers-de-ce-ni-se-ascunde-ca-imparatul-traian-a-fost-de-origine-traca-daca\\\/#primaryimage\",\"url\":\"https:\\\/\\\/www.lovendal.ro\\\/wp52\\\/wp-content\\\/uploads\\\/2019\\\/07\\\/DACI.jpg\",\"contentUrl\":\"https:\\\/\\\/www.lovendal.ro\\\/wp52\\\/wp-content\\\/uploads\\\/2019\\\/07\\\/DACI.jpg\",\"width\":338,\"height\":300},{\"@type\":\"BreadcrumbList\",\"@id\":\"https:\\\/\\\/www.lovendal.ro\\\/wp52\\\/de-ce-ni-se-ascunde-ca-limba-latina-se-trage-din-limba-romana-straveche-si-nu-invers-de-ce-ni-se-ascunde-ca-imparatul-traian-a-fost-de-origine-traca-daca\\\/#breadcrumb\",\"itemListElement\":[{\"@type\":\"ListItem\",\"position\":1,\"name\":\"Home\",\"item\":\"https:\\\/\\\/www.lovendal.ro\\\/wp52\\\/\"},{\"@type\":\"ListItem\",\"position\":2,\"name\":\"De ce ni se ascunde c\u0103 limba latina se trage din limba rom\u00e2n\u0103 str\u0103veche \u015fi nu invers? De ce ni se ascunde c\u0103 \u00eemp\u0103ratul Traian a fost de origine trac\u0103 (dac\u0103)?\"}]},{\"@type\":\"WebSite\",\"@id\":\"https:\\\/\\\/www.lovendal.ro\\\/wp52\\\/#website\",\"url\":\"https:\\\/\\\/www.lovendal.ro\\\/wp52\\\/\",\"name\":\"Secretele lui Lovendal\",\"description\":\"Site de secrete, stiinta si metafizica - din 2008 -\",\"publisher\":{\"@id\":\"https:\\\/\\\/www.lovendal.ro\\\/wp52\\\/#organization\"},\"potentialAction\":[{\"@type\":\"SearchAction\",\"target\":{\"@type\":\"EntryPoint\",\"urlTemplate\":\"https:\\\/\\\/www.lovendal.ro\\\/wp52\\\/?s={search_term_string}\"},\"query-input\":{\"@type\":\"PropertyValueSpecification\",\"valueRequired\":true,\"valueName\":\"search_term_string\"}}],\"inLanguage\":\"ro-RO\"},{\"@type\":\"Organization\",\"@id\":\"https:\\\/\\\/www.lovendal.ro\\\/wp52\\\/#organization\",\"name\":\"Secretele lui Lovendal\",\"url\":\"https:\\\/\\\/www.lovendal.ro\\\/wp52\\\/\",\"logo\":{\"@type\":\"ImageObject\",\"inLanguage\":\"ro-RO\",\"@id\":\"https:\\\/\\\/www.lovendal.ro\\\/wp52\\\/#\\\/schema\\\/logo\\\/image\\\/\",\"url\":\"https:\\\/\\\/www.lovendal.ro\\\/wp52\\\/wp-content\\\/uploads\\\/2024\\\/06\\\/cropped-SLL-iun-2024-1.jpg\",\"contentUrl\":\"https:\\\/\\\/www.lovendal.ro\\\/wp52\\\/wp-content\\\/uploads\\\/2024\\\/06\\\/cropped-SLL-iun-2024-1.jpg\",\"width\":771,\"height\":240,\"caption\":\"Secretele lui Lovendal\"},\"image\":{\"@id\":\"https:\\\/\\\/www.lovendal.ro\\\/wp52\\\/#\\\/schema\\\/logo\\\/image\\\/\"},\"sameAs\":[\"https:\\\/\\\/www.facebook.com\\\/secreteleluilovendal\"]},{\"@type\":\"Person\",\"@id\":\"https:\\\/\\\/www.lovendal.ro\\\/wp52\\\/#\\\/schema\\\/person\\\/088691de5dfc346bb0c023e1e52ef5d9\",\"name\":\"admin\",\"image\":{\"@type\":\"ImageObject\",\"inLanguage\":\"ro-RO\",\"@id\":\"https:\\\/\\\/secure.gravatar.com\\\/avatar\\\/ecb9cd41f5f63c9c9b989999a59f6e2639a865ec361e9db054db0679a8f341c2?s=96&d=mm&r=g\",\"url\":\"https:\\\/\\\/secure.gravatar.com\\\/avatar\\\/ecb9cd41f5f63c9c9b989999a59f6e2639a865ec361e9db054db0679a8f341c2?s=96&d=mm&r=g\",\"contentUrl\":\"https:\\\/\\\/secure.gravatar.com\\\/avatar\\\/ecb9cd41f5f63c9c9b989999a59f6e2639a865ec361e9db054db0679a8f341c2?s=96&d=mm&r=g\",\"caption\":\"admin\"},\"sameAs\":[\"https:\\\/\\\/www.lovendal.ro\\\/wp52\"]}]}<\/script>\n<!-- \/ Yoast SEO Premium plugin. -->","yoast_head_json":{"title":"De ce ni se ascunde c\u0103 limba latina se trage din limba rom\u00e2n\u0103 str\u0103veche \u015fi nu invers? De ce ni se ascunde c\u0103 \u00eemp\u0103ratul Traian a fost de origine trac\u0103 (dac\u0103)? - Secretele lui Lovendal","robots":{"index":"index","follow":"follow","max-snippet":"max-snippet:-1","max-image-preview":"max-image-preview:large","max-video-preview":"max-video-preview:-1"},"canonical":"https:\/\/www.lovendal.ro\/wp52\/de-ce-ni-se-ascunde-ca-limba-latina-se-trage-din-limba-romana-straveche-si-nu-invers-de-ce-ni-se-ascunde-ca-imparatul-traian-a-fost-de-origine-traca-daca\/","og_locale":"ro_RO","og_type":"article","og_title":"De ce ni se ascunde c\u0103 limba latina se trage din limba rom\u00e2n\u0103 str\u0103veche \u015fi nu invers? De ce ni se ascunde c\u0103 \u00eemp\u0103ratul Traian a fost de origine trac\u0103 (dac\u0103)?","og_description":"\u00centr-un interviu acordat postului de televiziune TVR Cluj, \u00een 16 decembrie 2012, Miceal Ledwith, fost consilier al Papei Ioan Paul al II-lea, unul din oamenii care au avut acces la toate documentele secrete din biblioteca Vaticanului, a declarat c\u0103 latina ... Cititi mai multe","og_url":"https:\/\/www.lovendal.ro\/wp52\/de-ce-ni-se-ascunde-ca-limba-latina-se-trage-din-limba-romana-straveche-si-nu-invers-de-ce-ni-se-ascunde-ca-imparatul-traian-a-fost-de-origine-traca-daca\/","og_site_name":"Secretele lui Lovendal","article_publisher":"https:\/\/www.facebook.com\/secreteleluilovendal","article_published_time":"2019-07-27T04:00:08+00:00","og_image":[{"width":338,"height":300,"url":"https:\/\/www.lovendal.ro\/wp52\/wp-content\/uploads\/2019\/07\/DACI.jpg","type":"image\/jpeg"}],"author":"admin","twitter_card":"summary_large_image","twitter_misc":{"Scris de":"admin","Timp estimat pentru citire":"3 minute"},"schema":{"@context":"https:\/\/schema.org","@graph":[{"@type":"Article","@id":"https:\/\/www.lovendal.ro\/wp52\/de-ce-ni-se-ascunde-ca-limba-latina-se-trage-din-limba-romana-straveche-si-nu-invers-de-ce-ni-se-ascunde-ca-imparatul-traian-a-fost-de-origine-traca-daca\/#article","isPartOf":{"@id":"https:\/\/www.lovendal.ro\/wp52\/de-ce-ni-se-ascunde-ca-limba-latina-se-trage-din-limba-romana-straveche-si-nu-invers-de-ce-ni-se-ascunde-ca-imparatul-traian-a-fost-de-origine-traca-daca\/"},"author":{"name":"admin","@id":"https:\/\/www.lovendal.ro\/wp52\/#\/schema\/person\/088691de5dfc346bb0c023e1e52ef5d9"},"headline":"De ce ni se ascunde c\u0103 limba latina se trage din limba rom\u00e2n\u0103 str\u0103veche \u015fi nu invers? De ce ni se ascunde c\u0103 \u00eemp\u0103ratul Traian a fost de origine trac\u0103 (dac\u0103)?","datePublished":"2019-07-27T04:00:08+00:00","mainEntityOfPage":{"@id":"https:\/\/www.lovendal.ro\/wp52\/de-ce-ni-se-ascunde-ca-limba-latina-se-trage-din-limba-romana-straveche-si-nu-invers-de-ce-ni-se-ascunde-ca-imparatul-traian-a-fost-de-origine-traca-daca\/"},"wordCount":578,"publisher":{"@id":"https:\/\/www.lovendal.ro\/wp52\/#organization"},"image":{"@id":"https:\/\/www.lovendal.ro\/wp52\/de-ce-ni-se-ascunde-ca-limba-latina-se-trage-din-limba-romana-straveche-si-nu-invers-de-ce-ni-se-ascunde-ca-imparatul-traian-a-fost-de-origine-traca-daca\/#primaryimage"},"thumbnailUrl":"https:\/\/www.lovendal.ro\/wp52\/wp-content\/uploads\/2019\/07\/DACI.jpg","keywords":["Biblioteca Vaticanului","Biserica Catolic\u0103","Bra\u015fov","Bucure\u015fti","daci","Dacia","Europa","\u00eemp\u0103rat","interviu","istoric","Istorie si Civilizatii","limba latin\u0103","limba rom\u00e2n\u0103","Mun\u0163ii Bucegi","romani","traci","Traian"],"articleSection":["Istorie si Civilizatii"],"inLanguage":"ro-RO"},{"@type":"WebPage","@id":"https:\/\/www.lovendal.ro\/wp52\/de-ce-ni-se-ascunde-ca-limba-latina-se-trage-din-limba-romana-straveche-si-nu-invers-de-ce-ni-se-ascunde-ca-imparatul-traian-a-fost-de-origine-traca-daca\/","url":"https:\/\/www.lovendal.ro\/wp52\/de-ce-ni-se-ascunde-ca-limba-latina-se-trage-din-limba-romana-straveche-si-nu-invers-de-ce-ni-se-ascunde-ca-imparatul-traian-a-fost-de-origine-traca-daca\/","name":"De ce ni se ascunde c\u0103 limba latina se trage din limba rom\u00e2n\u0103 str\u0103veche \u015fi nu invers? De ce ni se ascunde c\u0103 \u00eemp\u0103ratul Traian a fost de origine trac\u0103 (dac\u0103)? - Secretele lui Lovendal","isPartOf":{"@id":"https:\/\/www.lovendal.ro\/wp52\/#website"},"primaryImageOfPage":{"@id":"https:\/\/www.lovendal.ro\/wp52\/de-ce-ni-se-ascunde-ca-limba-latina-se-trage-din-limba-romana-straveche-si-nu-invers-de-ce-ni-se-ascunde-ca-imparatul-traian-a-fost-de-origine-traca-daca\/#primaryimage"},"image":{"@id":"https:\/\/www.lovendal.ro\/wp52\/de-ce-ni-se-ascunde-ca-limba-latina-se-trage-din-limba-romana-straveche-si-nu-invers-de-ce-ni-se-ascunde-ca-imparatul-traian-a-fost-de-origine-traca-daca\/#primaryimage"},"thumbnailUrl":"https:\/\/www.lovendal.ro\/wp52\/wp-content\/uploads\/2019\/07\/DACI.jpg","datePublished":"2019-07-27T04:00:08+00:00","breadcrumb":{"@id":"https:\/\/www.lovendal.ro\/wp52\/de-ce-ni-se-ascunde-ca-limba-latina-se-trage-din-limba-romana-straveche-si-nu-invers-de-ce-ni-se-ascunde-ca-imparatul-traian-a-fost-de-origine-traca-daca\/#breadcrumb"},"inLanguage":"ro-RO","potentialAction":[{"@type":"ReadAction","target":["https:\/\/www.lovendal.ro\/wp52\/de-ce-ni-se-ascunde-ca-limba-latina-se-trage-din-limba-romana-straveche-si-nu-invers-de-ce-ni-se-ascunde-ca-imparatul-traian-a-fost-de-origine-traca-daca\/"]}]},{"@type":"ImageObject","inLanguage":"ro-RO","@id":"https:\/\/www.lovendal.ro\/wp52\/de-ce-ni-se-ascunde-ca-limba-latina-se-trage-din-limba-romana-straveche-si-nu-invers-de-ce-ni-se-ascunde-ca-imparatul-traian-a-fost-de-origine-traca-daca\/#primaryimage","url":"https:\/\/www.lovendal.ro\/wp52\/wp-content\/uploads\/2019\/07\/DACI.jpg","contentUrl":"https:\/\/www.lovendal.ro\/wp52\/wp-content\/uploads\/2019\/07\/DACI.jpg","width":338,"height":300},{"@type":"BreadcrumbList","@id":"https:\/\/www.lovendal.ro\/wp52\/de-ce-ni-se-ascunde-ca-limba-latina-se-trage-din-limba-romana-straveche-si-nu-invers-de-ce-ni-se-ascunde-ca-imparatul-traian-a-fost-de-origine-traca-daca\/#breadcrumb","itemListElement":[{"@type":"ListItem","position":1,"name":"Home","item":"https:\/\/www.lovendal.ro\/wp52\/"},{"@type":"ListItem","position":2,"name":"De ce ni se ascunde c\u0103 limba latina se trage din limba rom\u00e2n\u0103 str\u0103veche \u015fi nu invers? De ce ni se ascunde c\u0103 \u00eemp\u0103ratul Traian a fost de origine trac\u0103 (dac\u0103)?"}]},{"@type":"WebSite","@id":"https:\/\/www.lovendal.ro\/wp52\/#website","url":"https:\/\/www.lovendal.ro\/wp52\/","name":"Secretele lui Lovendal","description":"Site de secrete, stiinta si metafizica - din 2008 -","publisher":{"@id":"https:\/\/www.lovendal.ro\/wp52\/#organization"},"potentialAction":[{"@type":"SearchAction","target":{"@type":"EntryPoint","urlTemplate":"https:\/\/www.lovendal.ro\/wp52\/?s={search_term_string}"},"query-input":{"@type":"PropertyValueSpecification","valueRequired":true,"valueName":"search_term_string"}}],"inLanguage":"ro-RO"},{"@type":"Organization","@id":"https:\/\/www.lovendal.ro\/wp52\/#organization","name":"Secretele lui Lovendal","url":"https:\/\/www.lovendal.ro\/wp52\/","logo":{"@type":"ImageObject","inLanguage":"ro-RO","@id":"https:\/\/www.lovendal.ro\/wp52\/#\/schema\/logo\/image\/","url":"https:\/\/www.lovendal.ro\/wp52\/wp-content\/uploads\/2024\/06\/cropped-SLL-iun-2024-1.jpg","contentUrl":"https:\/\/www.lovendal.ro\/wp52\/wp-content\/uploads\/2024\/06\/cropped-SLL-iun-2024-1.jpg","width":771,"height":240,"caption":"Secretele lui Lovendal"},"image":{"@id":"https:\/\/www.lovendal.ro\/wp52\/#\/schema\/logo\/image\/"},"sameAs":["https:\/\/www.facebook.com\/secreteleluilovendal"]},{"@type":"Person","@id":"https:\/\/www.lovendal.ro\/wp52\/#\/schema\/person\/088691de5dfc346bb0c023e1e52ef5d9","name":"admin","image":{"@type":"ImageObject","inLanguage":"ro-RO","@id":"https:\/\/secure.gravatar.com\/avatar\/ecb9cd41f5f63c9c9b989999a59f6e2639a865ec361e9db054db0679a8f341c2?s=96&d=mm&r=g","url":"https:\/\/secure.gravatar.com\/avatar\/ecb9cd41f5f63c9c9b989999a59f6e2639a865ec361e9db054db0679a8f341c2?s=96&d=mm&r=g","contentUrl":"https:\/\/secure.gravatar.com\/avatar\/ecb9cd41f5f63c9c9b989999a59f6e2639a865ec361e9db054db0679a8f341c2?s=96&d=mm&r=g","caption":"admin"},"sameAs":["https:\/\/www.lovendal.ro\/wp52"]}]}},"_links":{"self":[{"href":"https:\/\/www.lovendal.ro\/wp52\/wp-json\/wp\/v2\/posts\/63308","targetHints":{"allow":["GET"]}}],"collection":[{"href":"https:\/\/www.lovendal.ro\/wp52\/wp-json\/wp\/v2\/posts"}],"about":[{"href":"https:\/\/www.lovendal.ro\/wp52\/wp-json\/wp\/v2\/types\/post"}],"author":[{"embeddable":true,"href":"https:\/\/www.lovendal.ro\/wp52\/wp-json\/wp\/v2\/users\/1"}],"replies":[{"embeddable":true,"href":"https:\/\/www.lovendal.ro\/wp52\/wp-json\/wp\/v2\/comments?post=63308"}],"version-history":[{"count":0,"href":"https:\/\/www.lovendal.ro\/wp52\/wp-json\/wp\/v2\/posts\/63308\/revisions"}],"wp:featuredmedia":[{"embeddable":true,"href":"https:\/\/www.lovendal.ro\/wp52\/wp-json\/wp\/v2\/media\/63309"}],"wp:attachment":[{"href":"https:\/\/www.lovendal.ro\/wp52\/wp-json\/wp\/v2\/media?parent=63308"}],"wp:term":[{"taxonomy":"category","embeddable":true,"href":"https:\/\/www.lovendal.ro\/wp52\/wp-json\/wp\/v2\/categories?post=63308"},{"taxonomy":"post_tag","embeddable":true,"href":"https:\/\/www.lovendal.ro\/wp52\/wp-json\/wp\/v2\/tags?post=63308"}],"curies":[{"name":"wp","href":"https:\/\/api.w.org\/{rel}","templated":true}]}}