{"id":6323,"date":"2009-07-18T21:12:39","date_gmt":"2009-07-18T18:12:39","guid":{"rendered":"http:\/\/www.lovendal.net\/wp52\/?p=6323"},"modified":"2009-07-18T21:26:44","modified_gmt":"2009-07-18T18:26:44","slug":"cele-mai-vechi-infatisari-ale-sfintilor-petru-si-pavel","status":"publish","type":"post","link":"https:\/\/www.lovendal.ro\/wp52\/cele-mai-vechi-infatisari-ale-sfintilor-petru-si-pavel\/","title":{"rendered":"Cele mai vechi \u00eenf\u0103\u0163i\u015f\u0103ri ale sfin\u0163ilor Petru \u015fi Pavel"},"content":{"rendered":"<p><a href=\"https:\/\/www.lovendal.ro\/wp52\/wp-content\/uploads\/2009\/07\/Petru-si-Pavel.jpg\"><img loading=\"lazy\" decoding=\"async\" class=\"alignleft size-full wp-image-6324\" title=\"Petru si Pavel\" src=\"https:\/\/www.lovendal.ro\/wp52\/wp-content\/uploads\/2009\/07\/Petru-si-Pavel.jpg\" alt=\"Petru si Pavel\" width=\"272\" height=\"184\" srcset=\"https:\/\/www.lovendal.ro\/wp52\/wp-content\/uploads\/2009\/07\/Petru-si-Pavel.jpg 308w, https:\/\/www.lovendal.ro\/wp52\/wp-content\/uploads\/2009\/07\/Petru-si-Pavel-300x203.jpg 300w\" sizes=\"auto, (max-width: 272px) 100vw, 272px\" \/><\/a>Ziarul Vaticanului, <strong>\u201cL\u2019Osservatore Romano\u201d,<\/strong> a publicat, pentru prima dat\u0103 de la descoperire, chipurile Sfin\u0163ilor Apostoli Petru \u015fi Pavel, despre care cercet\u0103torii spun c\u0103 sunt cele mai vechi imagini existente ale celor doi sfin\u0163i. Ele dateaz\u0103 din secolul al IV-lea \u015fi au fost identificate pe zidurile unei catacombe din Roma.<\/p>\n<p>Descoperirea a fost anun\u0163at\u0103 pentru prima dat\u0103 pe 28 iunie 2009, \u00een contextul \u00een care anul acesta a fost numit \u201cAnno Paulino\u201d, Biserica Romano-Catolic\u0103 celebr\u00e2nd 2.000 de ani de la na\u015fterea Sf\u00e2ntului Pavel. Pentru prima dat\u0103, a ie\u015fit la iveal\u0103 imaginea Sf\u00e2ntului Pavel pe 19 iunie, \u00een urma restaur\u0103rilor care se efectueaz\u0103 de cel pu\u0163in un an \u00eentr-o catacomb\u0103\u00a0 dedicat\u0103 Sfintei Tecla, de pe Via Ostinese, la mic\u0103 distan\u0163\u0103 de basilica Apostolului Pavel. Cur\u0103\u0163\u00e2nd cu laserul bolta unei \u00eenc\u0103peri, arheologii au scos la iveal\u0103, \u00eentr-un col\u0163, o frumoas\u0103 decora\u0163iune \u00een fresc\u0103 a unui chip cu o fa\u0163a sever\u0103, a\u015fa cum este redat Sf\u00e2ntul Pavel \u00een icoane. \u00cen centru, a ap\u0103rut imaginea Bunului Pastor, iar de jur-\u00eemprejur, \u00een celelalte trei col\u0163uri, chipurile Apostolului Petru \u015fi ale altor doi apostoli, unul t\u00e2n\u0103r \u015fi cel\u0103lalt cu tr\u0103s\u0103turi accentuate, probabil Ioan \u015fi Iacob.<\/p>\n<p>La momentul respectiv, Fabrizio Bisconti, secretarul Comisiei Pontificale de Arheologie Sacr\u0103, declar\u0103: <em>\u201dAlte imagini ale Sf\u00e2ntului Pavel erau cunoscute din catacombele \u015fi din sarcofagele romane, dar portretul descoperit uime\u015fte prin expresia sugestiv\u0103 \u015fi a l\u0103sat f\u0103r\u0103 suflare pe restauratori, care au \u00eentrerupt imediat munca lor, c\u0103 intimida\u0163i de acea privire veche, de acea fizionomie care, ie\u015fit\u0103 din \u00eentunericul catacombei, emo\u0163ioneaz\u0103 \u015fi str\u0103fulger\u0103 pe acela care o contempl\u0103\u201d.<\/em><\/p>\n<p>Pavel apare cu o barb\u0103 \u00eenchis\u0103 \u015fi ascu\u0163it\u0103, pe un fond ro\u015fu, \u00eenconjurat de o aur\u0103 de un galben str\u0103lucitor, cu nasul pronun\u0163at, cu fruntea str\u0103b\u0103tut\u0103 de riduri profunde, asem\u0103n\u00e2ndu-se cu\u00a0 tr\u0103s\u0103turile filosofului Plotin. Toate aceste tr\u0103s\u0103turi trimit la pu\u0163inele informa\u0163ii care privesc aspectul fizic al celui care a fost denumit \u201cApostolul Neamurilor\u201d. Un pasaj din cartea apocrifa <strong>\u201cFaptele lui Pavel \u015fi Teclei\u201d<\/strong> \u00eel define\u015fte pe Pavel c\u0103 fiind <em>\u201cun om mic de statur\u0103, chel, robust, cu spr\u00e2ncene mari \u015fi nas mare. Plin de har. Uneori avea \u00eenf\u0103\u0163i\u015farea unui om, alteori a unui \u00eenger\u201d.<\/em><\/p>\n<p>Chipul lui Petru este caracterizat de un fel de resemnare senin\u0103, fa\u0163a fiindu-i marcat\u0103 de o barb\u0103 rotund\u0103\u00a0 \u015fi c\u0103runt\u0103. La fel \u015fi p\u0103rul, bogat, este c\u0103runt. Ambele chipuri sunt \u00eencadrate \u00een medalioane de culoare ro\u015f-aurie. Excep\u0163ionala descoperire a necesitat o aten\u0163ie deosebit\u0103, pentru c\u0103 restauratorii, pentru a o pune \u00een eviden\u0163\u0103, au \u00eendep\u0103rtat cu laserul mai multe straturi de argila \u015fi calcar.<\/p>\n","protected":false},"excerpt":{"rendered":"<p>Ziarul Vaticanului, \u201cL\u2019Osservatore Romano\u201d, a publicat, pentru prima dat\u0103 de la descoperire, chipurile Sfin\u0163ilor Apostoli Petru \u015fi Pavel, despre care cercet\u0103torii spun c\u0103 sunt cele mai vechi imagini existente ale celor doi sfin\u0163i. Ele dateaz\u0103 din secolul al IV-lea \u015fi &#8230; <\/p>\n<p class=\"read-more-container\"><a title=\"Cele mai vechi \u00eenf\u0103\u0163i\u015f\u0103ri ale sfin\u0163ilor Petru \u015fi Pavel\" class=\"read-more button\" href=\"https:\/\/www.lovendal.ro\/wp52\/cele-mai-vechi-infatisari-ale-sfintilor-petru-si-pavel\/#more-6323\" aria-label=\"Cite\u0219te mai multe despre Cele mai vechi \u00eenf\u0103\u0163i\u015f\u0103ri ale sfin\u0163ilor Petru \u015fi Pavel\">Cititi mai multe<\/a><\/p>\n","protected":false},"author":1,"featured_media":6324,"comment_status":"open","ping_status":"closed","sticky":false,"template":"","format":"standard","meta":{"footnotes":""},"categories":[14],"tags":[211,9796,1850,1849,339],"class_list":["post-6323","post","type-post","status-publish","format-standard","has-post-thumbnail","hentry","category-paranormal-spiritualitate","tag-crestinism","tag-paranormal-spiritualitate","tag-sf-pavel","tag-sf-petru","tag-vatican","resize-featured-image"],"yoast_head":"<!-- This site is optimized with the Yoast SEO Premium plugin v23.3 (Yoast SEO v27.4) - https:\/\/yoast.com\/product\/yoast-seo-premium-wordpress\/ -->\n<title>Cele mai vechi \u00eenf\u0103\u0163i\u015f\u0103ri ale sfin\u0163ilor Petru \u015fi Pavel - Secretele lui Lovendal<\/title>\n<meta name=\"robots\" content=\"index, follow, max-snippet:-1, max-image-preview:large, max-video-preview:-1\" \/>\n<link rel=\"canonical\" href=\"https:\/\/www.lovendal.ro\/wp52\/cele-mai-vechi-infatisari-ale-sfintilor-petru-si-pavel\/\" \/>\n<meta property=\"og:locale\" content=\"ro_RO\" \/>\n<meta property=\"og:type\" content=\"article\" \/>\n<meta property=\"og:title\" content=\"Cele mai vechi \u00eenf\u0103\u0163i\u015f\u0103ri ale sfin\u0163ilor Petru \u015fi Pavel\" \/>\n<meta property=\"og:description\" content=\"Ziarul Vaticanului, \u201cL\u2019Osservatore Romano\u201d, a publicat, pentru prima dat\u0103 de la descoperire, chipurile Sfin\u0163ilor Apostoli Petru \u015fi Pavel, despre care cercet\u0103torii spun c\u0103 sunt cele mai vechi imagini existente ale celor doi sfin\u0163i. Ele dateaz\u0103 din secolul al IV-lea \u015fi ... Cititi mai multe\" \/>\n<meta property=\"og:url\" content=\"https:\/\/www.lovendal.ro\/wp52\/cele-mai-vechi-infatisari-ale-sfintilor-petru-si-pavel\/\" \/>\n<meta property=\"og:site_name\" content=\"Secretele lui Lovendal\" \/>\n<meta property=\"article:publisher\" content=\"https:\/\/www.facebook.com\/secreteleluilovendal\" \/>\n<meta property=\"article:published_time\" content=\"2009-07-18T18:12:39+00:00\" \/>\n<meta property=\"article:modified_time\" content=\"2009-07-18T18:26:44+00:00\" \/>\n<meta property=\"og:image\" content=\"https:\/\/www.lovendal.ro\/wp52\/wp-content\/uploads\/2009\/07\/Petru-si-Pavel.jpg\" \/>\n\t<meta property=\"og:image:width\" content=\"308\" \/>\n\t<meta property=\"og:image:height\" content=\"209\" \/>\n\t<meta property=\"og:image:type\" content=\"image\/jpeg\" \/>\n<meta name=\"author\" content=\"admin\" \/>\n<meta name=\"twitter:card\" content=\"summary_large_image\" \/>\n<meta name=\"twitter:label1\" content=\"Scris de\" \/>\n\t<meta name=\"twitter:data1\" content=\"admin\" \/>\n\t<meta name=\"twitter:label2\" content=\"Timp estimat pentru citire\" \/>\n\t<meta name=\"twitter:data2\" content=\"2 minute\" \/>\n<script type=\"application\/ld+json\" class=\"yoast-schema-graph\">{\"@context\":\"https:\\\/\\\/schema.org\",\"@graph\":[{\"@type\":\"Article\",\"@id\":\"https:\\\/\\\/www.lovendal.ro\\\/wp52\\\/cele-mai-vechi-infatisari-ale-sfintilor-petru-si-pavel\\\/#article\",\"isPartOf\":{\"@id\":\"https:\\\/\\\/www.lovendal.ro\\\/wp52\\\/cele-mai-vechi-infatisari-ale-sfintilor-petru-si-pavel\\\/\"},\"author\":{\"name\":\"admin\",\"@id\":\"https:\\\/\\\/www.lovendal.ro\\\/wp52\\\/#\\\/schema\\\/person\\\/088691de5dfc346bb0c023e1e52ef5d9\"},\"headline\":\"Cele mai vechi \u00eenf\u0103\u0163i\u015f\u0103ri ale sfin\u0163ilor Petru \u015fi Pavel\",\"datePublished\":\"2009-07-18T18:12:39+00:00\",\"dateModified\":\"2009-07-18T18:26:44+00:00\",\"mainEntityOfPage\":{\"@id\":\"https:\\\/\\\/www.lovendal.ro\\\/wp52\\\/cele-mai-vechi-infatisari-ale-sfintilor-petru-si-pavel\\\/\"},\"wordCount\":480,\"commentCount\":1,\"publisher\":{\"@id\":\"https:\\\/\\\/www.lovendal.ro\\\/wp52\\\/#organization\"},\"image\":{\"@id\":\"https:\\\/\\\/www.lovendal.ro\\\/wp52\\\/cele-mai-vechi-infatisari-ale-sfintilor-petru-si-pavel\\\/#primaryimage\"},\"thumbnailUrl\":\"https:\\\/\\\/www.lovendal.ro\\\/wp52\\\/wp-content\\\/uploads\\\/2009\\\/07\\\/Petru-si-Pavel.jpg\",\"keywords\":[\"cre\u015ftinism\",\"Paranormal-Spiritualitate\",\"Sf. Pavel\",\"Sf. Petru\",\"Vatican\"],\"articleSection\":[\"Paranormal-Spiritualitate\"],\"inLanguage\":\"ro-RO\",\"potentialAction\":[{\"@type\":\"CommentAction\",\"name\":\"Comment\",\"target\":[\"https:\\\/\\\/www.lovendal.ro\\\/wp52\\\/cele-mai-vechi-infatisari-ale-sfintilor-petru-si-pavel\\\/#respond\"]}]},{\"@type\":\"WebPage\",\"@id\":\"https:\\\/\\\/www.lovendal.ro\\\/wp52\\\/cele-mai-vechi-infatisari-ale-sfintilor-petru-si-pavel\\\/\",\"url\":\"https:\\\/\\\/www.lovendal.ro\\\/wp52\\\/cele-mai-vechi-infatisari-ale-sfintilor-petru-si-pavel\\\/\",\"name\":\"Cele mai vechi \u00eenf\u0103\u0163i\u015f\u0103ri ale sfin\u0163ilor Petru \u015fi Pavel - Secretele lui Lovendal\",\"isPartOf\":{\"@id\":\"https:\\\/\\\/www.lovendal.ro\\\/wp52\\\/#website\"},\"primaryImageOfPage\":{\"@id\":\"https:\\\/\\\/www.lovendal.ro\\\/wp52\\\/cele-mai-vechi-infatisari-ale-sfintilor-petru-si-pavel\\\/#primaryimage\"},\"image\":{\"@id\":\"https:\\\/\\\/www.lovendal.ro\\\/wp52\\\/cele-mai-vechi-infatisari-ale-sfintilor-petru-si-pavel\\\/#primaryimage\"},\"thumbnailUrl\":\"https:\\\/\\\/www.lovendal.ro\\\/wp52\\\/wp-content\\\/uploads\\\/2009\\\/07\\\/Petru-si-Pavel.jpg\",\"datePublished\":\"2009-07-18T18:12:39+00:00\",\"dateModified\":\"2009-07-18T18:26:44+00:00\",\"breadcrumb\":{\"@id\":\"https:\\\/\\\/www.lovendal.ro\\\/wp52\\\/cele-mai-vechi-infatisari-ale-sfintilor-petru-si-pavel\\\/#breadcrumb\"},\"inLanguage\":\"ro-RO\",\"potentialAction\":[{\"@type\":\"ReadAction\",\"target\":[\"https:\\\/\\\/www.lovendal.ro\\\/wp52\\\/cele-mai-vechi-infatisari-ale-sfintilor-petru-si-pavel\\\/\"]}]},{\"@type\":\"ImageObject\",\"inLanguage\":\"ro-RO\",\"@id\":\"https:\\\/\\\/www.lovendal.ro\\\/wp52\\\/cele-mai-vechi-infatisari-ale-sfintilor-petru-si-pavel\\\/#primaryimage\",\"url\":\"https:\\\/\\\/www.lovendal.ro\\\/wp52\\\/wp-content\\\/uploads\\\/2009\\\/07\\\/Petru-si-Pavel.jpg\",\"contentUrl\":\"https:\\\/\\\/www.lovendal.ro\\\/wp52\\\/wp-content\\\/uploads\\\/2009\\\/07\\\/Petru-si-Pavel.jpg\",\"width\":\"308\",\"height\":\"209\"},{\"@type\":\"BreadcrumbList\",\"@id\":\"https:\\\/\\\/www.lovendal.ro\\\/wp52\\\/cele-mai-vechi-infatisari-ale-sfintilor-petru-si-pavel\\\/#breadcrumb\",\"itemListElement\":[{\"@type\":\"ListItem\",\"position\":1,\"name\":\"Home\",\"item\":\"https:\\\/\\\/www.lovendal.ro\\\/wp52\\\/\"},{\"@type\":\"ListItem\",\"position\":2,\"name\":\"Cele mai vechi \u00eenf\u0103\u0163i\u015f\u0103ri ale sfin\u0163ilor Petru \u015fi Pavel\"}]},{\"@type\":\"WebSite\",\"@id\":\"https:\\\/\\\/www.lovendal.ro\\\/wp52\\\/#website\",\"url\":\"https:\\\/\\\/www.lovendal.ro\\\/wp52\\\/\",\"name\":\"Secretele lui Lovendal\",\"description\":\"Site de secrete, stiinta si metafizica - din 2008 -\",\"publisher\":{\"@id\":\"https:\\\/\\\/www.lovendal.ro\\\/wp52\\\/#organization\"},\"potentialAction\":[{\"@type\":\"SearchAction\",\"target\":{\"@type\":\"EntryPoint\",\"urlTemplate\":\"https:\\\/\\\/www.lovendal.ro\\\/wp52\\\/?s={search_term_string}\"},\"query-input\":{\"@type\":\"PropertyValueSpecification\",\"valueRequired\":true,\"valueName\":\"search_term_string\"}}],\"inLanguage\":\"ro-RO\"},{\"@type\":\"Organization\",\"@id\":\"https:\\\/\\\/www.lovendal.ro\\\/wp52\\\/#organization\",\"name\":\"Secretele lui Lovendal\",\"url\":\"https:\\\/\\\/www.lovendal.ro\\\/wp52\\\/\",\"logo\":{\"@type\":\"ImageObject\",\"inLanguage\":\"ro-RO\",\"@id\":\"https:\\\/\\\/www.lovendal.ro\\\/wp52\\\/#\\\/schema\\\/logo\\\/image\\\/\",\"url\":\"https:\\\/\\\/www.lovendal.ro\\\/wp52\\\/wp-content\\\/uploads\\\/2024\\\/06\\\/cropped-SLL-iun-2024-1.jpg\",\"contentUrl\":\"https:\\\/\\\/www.lovendal.ro\\\/wp52\\\/wp-content\\\/uploads\\\/2024\\\/06\\\/cropped-SLL-iun-2024-1.jpg\",\"width\":771,\"height\":240,\"caption\":\"Secretele lui Lovendal\"},\"image\":{\"@id\":\"https:\\\/\\\/www.lovendal.ro\\\/wp52\\\/#\\\/schema\\\/logo\\\/image\\\/\"},\"sameAs\":[\"https:\\\/\\\/www.facebook.com\\\/secreteleluilovendal\"]},{\"@type\":\"Person\",\"@id\":\"https:\\\/\\\/www.lovendal.ro\\\/wp52\\\/#\\\/schema\\\/person\\\/088691de5dfc346bb0c023e1e52ef5d9\",\"name\":\"admin\",\"image\":{\"@type\":\"ImageObject\",\"inLanguage\":\"ro-RO\",\"@id\":\"https:\\\/\\\/secure.gravatar.com\\\/avatar\\\/ecb9cd41f5f63c9c9b989999a59f6e2639a865ec361e9db054db0679a8f341c2?s=96&d=mm&r=g\",\"url\":\"https:\\\/\\\/secure.gravatar.com\\\/avatar\\\/ecb9cd41f5f63c9c9b989999a59f6e2639a865ec361e9db054db0679a8f341c2?s=96&d=mm&r=g\",\"contentUrl\":\"https:\\\/\\\/secure.gravatar.com\\\/avatar\\\/ecb9cd41f5f63c9c9b989999a59f6e2639a865ec361e9db054db0679a8f341c2?s=96&d=mm&r=g\",\"caption\":\"admin\"},\"sameAs\":[\"https:\\\/\\\/www.lovendal.ro\\\/wp52\"]}]}<\/script>\n<!-- \/ Yoast SEO Premium plugin. -->","yoast_head_json":{"title":"Cele mai vechi \u00eenf\u0103\u0163i\u015f\u0103ri ale sfin\u0163ilor Petru \u015fi Pavel - Secretele lui Lovendal","robots":{"index":"index","follow":"follow","max-snippet":"max-snippet:-1","max-image-preview":"max-image-preview:large","max-video-preview":"max-video-preview:-1"},"canonical":"https:\/\/www.lovendal.ro\/wp52\/cele-mai-vechi-infatisari-ale-sfintilor-petru-si-pavel\/","og_locale":"ro_RO","og_type":"article","og_title":"Cele mai vechi \u00eenf\u0103\u0163i\u015f\u0103ri ale sfin\u0163ilor Petru \u015fi Pavel","og_description":"Ziarul Vaticanului, \u201cL\u2019Osservatore Romano\u201d, a publicat, pentru prima dat\u0103 de la descoperire, chipurile Sfin\u0163ilor Apostoli Petru \u015fi Pavel, despre care cercet\u0103torii spun c\u0103 sunt cele mai vechi imagini existente ale celor doi sfin\u0163i. Ele dateaz\u0103 din secolul al IV-lea \u015fi ... Cititi mai multe","og_url":"https:\/\/www.lovendal.ro\/wp52\/cele-mai-vechi-infatisari-ale-sfintilor-petru-si-pavel\/","og_site_name":"Secretele lui Lovendal","article_publisher":"https:\/\/www.facebook.com\/secreteleluilovendal","article_published_time":"2009-07-18T18:12:39+00:00","article_modified_time":"2009-07-18T18:26:44+00:00","og_image":[{"width":308,"height":209,"url":"https:\/\/www.lovendal.ro\/wp52\/wp-content\/uploads\/2009\/07\/Petru-si-Pavel.jpg","type":"image\/jpeg"}],"author":"admin","twitter_card":"summary_large_image","twitter_misc":{"Scris de":"admin","Timp estimat pentru citire":"2 minute"},"schema":{"@context":"https:\/\/schema.org","@graph":[{"@type":"Article","@id":"https:\/\/www.lovendal.ro\/wp52\/cele-mai-vechi-infatisari-ale-sfintilor-petru-si-pavel\/#article","isPartOf":{"@id":"https:\/\/www.lovendal.ro\/wp52\/cele-mai-vechi-infatisari-ale-sfintilor-petru-si-pavel\/"},"author":{"name":"admin","@id":"https:\/\/www.lovendal.ro\/wp52\/#\/schema\/person\/088691de5dfc346bb0c023e1e52ef5d9"},"headline":"Cele mai vechi \u00eenf\u0103\u0163i\u015f\u0103ri ale sfin\u0163ilor Petru \u015fi Pavel","datePublished":"2009-07-18T18:12:39+00:00","dateModified":"2009-07-18T18:26:44+00:00","mainEntityOfPage":{"@id":"https:\/\/www.lovendal.ro\/wp52\/cele-mai-vechi-infatisari-ale-sfintilor-petru-si-pavel\/"},"wordCount":480,"commentCount":1,"publisher":{"@id":"https:\/\/www.lovendal.ro\/wp52\/#organization"},"image":{"@id":"https:\/\/www.lovendal.ro\/wp52\/cele-mai-vechi-infatisari-ale-sfintilor-petru-si-pavel\/#primaryimage"},"thumbnailUrl":"https:\/\/www.lovendal.ro\/wp52\/wp-content\/uploads\/2009\/07\/Petru-si-Pavel.jpg","keywords":["cre\u015ftinism","Paranormal-Spiritualitate","Sf. Pavel","Sf. Petru","Vatican"],"articleSection":["Paranormal-Spiritualitate"],"inLanguage":"ro-RO","potentialAction":[{"@type":"CommentAction","name":"Comment","target":["https:\/\/www.lovendal.ro\/wp52\/cele-mai-vechi-infatisari-ale-sfintilor-petru-si-pavel\/#respond"]}]},{"@type":"WebPage","@id":"https:\/\/www.lovendal.ro\/wp52\/cele-mai-vechi-infatisari-ale-sfintilor-petru-si-pavel\/","url":"https:\/\/www.lovendal.ro\/wp52\/cele-mai-vechi-infatisari-ale-sfintilor-petru-si-pavel\/","name":"Cele mai vechi \u00eenf\u0103\u0163i\u015f\u0103ri ale sfin\u0163ilor Petru \u015fi Pavel - Secretele lui Lovendal","isPartOf":{"@id":"https:\/\/www.lovendal.ro\/wp52\/#website"},"primaryImageOfPage":{"@id":"https:\/\/www.lovendal.ro\/wp52\/cele-mai-vechi-infatisari-ale-sfintilor-petru-si-pavel\/#primaryimage"},"image":{"@id":"https:\/\/www.lovendal.ro\/wp52\/cele-mai-vechi-infatisari-ale-sfintilor-petru-si-pavel\/#primaryimage"},"thumbnailUrl":"https:\/\/www.lovendal.ro\/wp52\/wp-content\/uploads\/2009\/07\/Petru-si-Pavel.jpg","datePublished":"2009-07-18T18:12:39+00:00","dateModified":"2009-07-18T18:26:44+00:00","breadcrumb":{"@id":"https:\/\/www.lovendal.ro\/wp52\/cele-mai-vechi-infatisari-ale-sfintilor-petru-si-pavel\/#breadcrumb"},"inLanguage":"ro-RO","potentialAction":[{"@type":"ReadAction","target":["https:\/\/www.lovendal.ro\/wp52\/cele-mai-vechi-infatisari-ale-sfintilor-petru-si-pavel\/"]}]},{"@type":"ImageObject","inLanguage":"ro-RO","@id":"https:\/\/www.lovendal.ro\/wp52\/cele-mai-vechi-infatisari-ale-sfintilor-petru-si-pavel\/#primaryimage","url":"https:\/\/www.lovendal.ro\/wp52\/wp-content\/uploads\/2009\/07\/Petru-si-Pavel.jpg","contentUrl":"https:\/\/www.lovendal.ro\/wp52\/wp-content\/uploads\/2009\/07\/Petru-si-Pavel.jpg","width":"308","height":"209"},{"@type":"BreadcrumbList","@id":"https:\/\/www.lovendal.ro\/wp52\/cele-mai-vechi-infatisari-ale-sfintilor-petru-si-pavel\/#breadcrumb","itemListElement":[{"@type":"ListItem","position":1,"name":"Home","item":"https:\/\/www.lovendal.ro\/wp52\/"},{"@type":"ListItem","position":2,"name":"Cele mai vechi \u00eenf\u0103\u0163i\u015f\u0103ri ale sfin\u0163ilor Petru \u015fi Pavel"}]},{"@type":"WebSite","@id":"https:\/\/www.lovendal.ro\/wp52\/#website","url":"https:\/\/www.lovendal.ro\/wp52\/","name":"Secretele lui Lovendal","description":"Site de secrete, stiinta si metafizica - din 2008 -","publisher":{"@id":"https:\/\/www.lovendal.ro\/wp52\/#organization"},"potentialAction":[{"@type":"SearchAction","target":{"@type":"EntryPoint","urlTemplate":"https:\/\/www.lovendal.ro\/wp52\/?s={search_term_string}"},"query-input":{"@type":"PropertyValueSpecification","valueRequired":true,"valueName":"search_term_string"}}],"inLanguage":"ro-RO"},{"@type":"Organization","@id":"https:\/\/www.lovendal.ro\/wp52\/#organization","name":"Secretele lui Lovendal","url":"https:\/\/www.lovendal.ro\/wp52\/","logo":{"@type":"ImageObject","inLanguage":"ro-RO","@id":"https:\/\/www.lovendal.ro\/wp52\/#\/schema\/logo\/image\/","url":"https:\/\/www.lovendal.ro\/wp52\/wp-content\/uploads\/2024\/06\/cropped-SLL-iun-2024-1.jpg","contentUrl":"https:\/\/www.lovendal.ro\/wp52\/wp-content\/uploads\/2024\/06\/cropped-SLL-iun-2024-1.jpg","width":771,"height":240,"caption":"Secretele lui Lovendal"},"image":{"@id":"https:\/\/www.lovendal.ro\/wp52\/#\/schema\/logo\/image\/"},"sameAs":["https:\/\/www.facebook.com\/secreteleluilovendal"]},{"@type":"Person","@id":"https:\/\/www.lovendal.ro\/wp52\/#\/schema\/person\/088691de5dfc346bb0c023e1e52ef5d9","name":"admin","image":{"@type":"ImageObject","inLanguage":"ro-RO","@id":"https:\/\/secure.gravatar.com\/avatar\/ecb9cd41f5f63c9c9b989999a59f6e2639a865ec361e9db054db0679a8f341c2?s=96&d=mm&r=g","url":"https:\/\/secure.gravatar.com\/avatar\/ecb9cd41f5f63c9c9b989999a59f6e2639a865ec361e9db054db0679a8f341c2?s=96&d=mm&r=g","contentUrl":"https:\/\/secure.gravatar.com\/avatar\/ecb9cd41f5f63c9c9b989999a59f6e2639a865ec361e9db054db0679a8f341c2?s=96&d=mm&r=g","caption":"admin"},"sameAs":["https:\/\/www.lovendal.ro\/wp52"]}]}},"_links":{"self":[{"href":"https:\/\/www.lovendal.ro\/wp52\/wp-json\/wp\/v2\/posts\/6323","targetHints":{"allow":["GET"]}}],"collection":[{"href":"https:\/\/www.lovendal.ro\/wp52\/wp-json\/wp\/v2\/posts"}],"about":[{"href":"https:\/\/www.lovendal.ro\/wp52\/wp-json\/wp\/v2\/types\/post"}],"author":[{"embeddable":true,"href":"https:\/\/www.lovendal.ro\/wp52\/wp-json\/wp\/v2\/users\/1"}],"replies":[{"embeddable":true,"href":"https:\/\/www.lovendal.ro\/wp52\/wp-json\/wp\/v2\/comments?post=6323"}],"version-history":[{"count":0,"href":"https:\/\/www.lovendal.ro\/wp52\/wp-json\/wp\/v2\/posts\/6323\/revisions"}],"wp:featuredmedia":[{"embeddable":true,"href":"https:\/\/www.lovendal.ro\/wp52\/wp-json\/wp\/v2\/media\/6324"}],"wp:attachment":[{"href":"https:\/\/www.lovendal.ro\/wp52\/wp-json\/wp\/v2\/media?parent=6323"}],"wp:term":[{"taxonomy":"category","embeddable":true,"href":"https:\/\/www.lovendal.ro\/wp52\/wp-json\/wp\/v2\/categories?post=6323"},{"taxonomy":"post_tag","embeddable":true,"href":"https:\/\/www.lovendal.ro\/wp52\/wp-json\/wp\/v2\/tags?post=6323"}],"curies":[{"name":"wp","href":"https:\/\/api.w.org\/{rel}","templated":true}]}}