{"id":63176,"date":"2019-07-22T12:22:20","date_gmt":"2019-07-22T09:22:20","guid":{"rendered":"https:\/\/www.lovendal.ro\/wp52\/?p=63176"},"modified":"2019-07-22T12:22:20","modified_gmt":"2019-07-22T09:22:20","slug":"fotografii-color-care-iti-taie-respiratia-de-acum-100-de-ani-prin-utilizarea-tehnicii-autochrome-lumiere","status":"publish","type":"post","link":"https:\/\/www.lovendal.ro\/wp52\/fotografii-color-care-iti-taie-respiratia-de-acum-100-de-ani-prin-utilizarea-tehnicii-autochrome-lumiere\/","title":{"rendered":"Fotografii color care \u00ee\u0163i taie respira\u0163ia, de acum 100 de ani, prin utilizarea tehnicii Autochrome Lumiere"},"content":{"rendered":"<p><a href=\"https:\/\/www.lovendal.ro\/wp52\/wp-content\/uploads\/2019\/07\/fotografie-veche.jpg\"><img loading=\"lazy\" decoding=\"async\" class=\"alignleft size-full wp-image-63188\" src=\"https:\/\/www.lovendal.ro\/wp52\/wp-content\/uploads\/2019\/07\/fotografie-veche.jpg\" alt=\"\" width=\"334\" height=\"245\" srcset=\"https:\/\/www.lovendal.ro\/wp52\/wp-content\/uploads\/2019\/07\/fotografie-veche.jpg 334w, https:\/\/www.lovendal.ro\/wp52\/wp-content\/uploads\/2019\/07\/fotografie-veche-300x220.jpg 300w, https:\/\/www.lovendal.ro\/wp52\/wp-content\/uploads\/2019\/07\/fotografie-veche-86x64.jpg 86w\" sizes=\"auto, (max-width: 334px) 100vw, 334px\" \/><\/a>C\u00e2nd v\u0103 g\u00e2ndi\u021bi la fotografii vechi sau la fotografii istorice, v\u0103 g\u00e2ndi\u021bi logic la fotografii alb-negru, dar, dup\u0103 cum pute\u021bi vedea din fotografiile uimitoare de epoc\u0103 de la \u00eenceputul secolului XX, din acest articol, imaginile color sunt mai demult dec\u00e2t crede\u021bi.<\/p>\n<p>\u00cenainte de 1907, dac\u0103 voia\u0163i o fotografie color, atunci trebuia s\u0103 o colora\u021bi folosind diferi\u0163i pigmen\u021bi, dar doi fra\u021bi francezi, Auguste \u0219i Louis Lumi\u00e8re, au revolu\u021bionat totul printr-un proces numit Autochrome Lumiere. Utiliz\u00e2nd amidonul extras din cartofi \u0219i o emulsie sensibil\u0103 la lumin\u0103, ei au reu\u0219it s\u0103 produc\u0103 culori \u00een fotografia de epoc\u0103, f\u0103r\u0103 a necesita o colorizare suplimentar\u0103. \u00cen ciuda faptului c\u0103 era dificil de fabricat \u0219i, de asemenea, oarecum scump, tehnica a fost foarte popular\u0103 printre fotografii amatori, unul dintre primele albume color din lume fiind publicat folosindu-se tehnica Autochrome Lumiere.<\/p>\n<p>Fra\u021bii Lumiere au revolu\u021bionat lumea fotografiei color p\u00e2n\u0103 c\u00e2nd Kodak a dus lucrurile la un nivel cu totul nou, odat\u0103 cu inven\u021bia filmului Kodachrome \u00een 1935, o alternativ\u0103 mai u\u0219oar\u0103 \u0219i mai convenabil\u0103, care a f\u0103cut rapid Autochrome Lumiere un procedeu \u00eenvechit (de\u0219i popularitatea sa continuat \u00een Fran\u021ba p\u00e2n\u0103 \u00een anii 1950). Kodachrome a fost, \u00een cele din urm\u0103, dep\u0103\u0219it\u0103 de popularitatea fotografiei digitale (Kodak a \u00eencetat s\u0103 produc\u0103 Kodachrome \u00een 2009), dar progresele moderne \u00een tehnologia fotografic\u0103 nu ar fi fost posibile f\u0103r\u0103 munca de pionierat al fra\u0163ilor Lumiere.<\/p>\n<p>Vede\u0163i mai jos o colec\u021bie de fotografii istorice uimitoare, \u00een culori, folosind tehnica inovatoare a fra\u0163ilor Lumiere. Unele fotografii \u00ee\u0163i taie respira\u0163ia&#8230;<\/p>\n<figure id=\"attachment_63177\" aria-describedby=\"caption-attachment-63177\" style=\"width: 531px\" class=\"wp-caption aligncenter\"><a href=\"https:\/\/www.lovendal.ro\/wp52\/wp-content\/uploads\/2019\/07\/Christina-in-rosu-1913.jpg\"><img loading=\"lazy\" decoding=\"async\" class=\"size-full wp-image-63177\" src=\"https:\/\/www.lovendal.ro\/wp52\/wp-content\/uploads\/2019\/07\/Christina-in-rosu-1913.jpg\" alt=\"\" width=\"541\" height=\"388\" srcset=\"https:\/\/www.lovendal.ro\/wp52\/wp-content\/uploads\/2019\/07\/Christina-in-rosu-1913.jpg 541w, https:\/\/www.lovendal.ro\/wp52\/wp-content\/uploads\/2019\/07\/Christina-in-rosu-1913-300x215.jpg 300w\" sizes=\"auto, (max-width: 541px) 100vw, 541px\" \/><\/a><figcaption id=\"caption-attachment-63177\" class=\"wp-caption-text\"><strong>Christina in rosu (1913)<\/strong><\/figcaption><\/figure>\n<figure id=\"attachment_63178\" aria-describedby=\"caption-attachment-63178\" style=\"width: 532px\" class=\"wp-caption aligncenter\"><a href=\"https:\/\/www.lovendal.ro\/wp52\/wp-content\/uploads\/2019\/07\/2-fete-la-balcon-1908.jpg\"><img loading=\"lazy\" decoding=\"async\" class=\"size-full wp-image-63178\" src=\"https:\/\/www.lovendal.ro\/wp52\/wp-content\/uploads\/2019\/07\/2-fete-la-balcon-1908.jpg\" alt=\"\" width=\"542\" height=\"760\" srcset=\"https:\/\/www.lovendal.ro\/wp52\/wp-content\/uploads\/2019\/07\/2-fete-la-balcon-1908.jpg 542w, https:\/\/www.lovendal.ro\/wp52\/wp-content\/uploads\/2019\/07\/2-fete-la-balcon-1908-214x300.jpg 214w\" sizes=\"auto, (max-width: 542px) 100vw, 542px\" \/><\/a><figcaption id=\"caption-attachment-63178\" class=\"wp-caption-text\"><strong>2 fete la balcon (1908)<\/strong><\/figcaption><\/figure>\n<figure id=\"attachment_63179\" aria-describedby=\"caption-attachment-63179\" style=\"width: 531px\" class=\"wp-caption aligncenter\"><a href=\"https:\/\/www.lovendal.ro\/wp52\/wp-content\/uploads\/2019\/07\/Mark-Twain-1908.jpg\"><img loading=\"lazy\" decoding=\"async\" class=\"size-full wp-image-63179\" src=\"https:\/\/www.lovendal.ro\/wp52\/wp-content\/uploads\/2019\/07\/Mark-Twain-1908.jpg\" alt=\"\" width=\"541\" height=\"424\" srcset=\"https:\/\/www.lovendal.ro\/wp52\/wp-content\/uploads\/2019\/07\/Mark-Twain-1908.jpg 541w, https:\/\/www.lovendal.ro\/wp52\/wp-content\/uploads\/2019\/07\/Mark-Twain-1908-300x235.jpg 300w, https:\/\/www.lovendal.ro\/wp52\/wp-content\/uploads\/2019\/07\/Mark-Twain-1908-279x220.jpg 279w\" sizes=\"auto, (max-width: 541px) 100vw, 541px\" \/><\/a><figcaption id=\"caption-attachment-63179\" class=\"wp-caption-text\"><strong>Mark Twain (1908)<\/strong><\/figcaption><\/figure>\n<figure id=\"attachment_63180\" aria-describedby=\"caption-attachment-63180\" style=\"width: 531px\" class=\"wp-caption aligncenter\"><a href=\"https:\/\/www.lovendal.ro\/wp52\/wp-content\/uploads\/2019\/07\/2-copii-malul-lacului-Lucerna-1927.jpg\"><img loading=\"lazy\" decoding=\"async\" class=\"size-full wp-image-63180\" src=\"https:\/\/www.lovendal.ro\/wp52\/wp-content\/uploads\/2019\/07\/2-copii-malul-lacului-Lucerna-1927.jpg\" alt=\"\" width=\"541\" height=\"722\" srcset=\"https:\/\/www.lovendal.ro\/wp52\/wp-content\/uploads\/2019\/07\/2-copii-malul-lacului-Lucerna-1927.jpg 541w, https:\/\/www.lovendal.ro\/wp52\/wp-content\/uploads\/2019\/07\/2-copii-malul-lacului-Lucerna-1927-225x300.jpg 225w\" sizes=\"auto, (max-width: 541px) 100vw, 541px\" \/><\/a><figcaption id=\"caption-attachment-63180\" class=\"wp-caption-text\"><strong>2 copii pe malul lacului Lucerna \/ Elvetia (1927)<\/strong><\/figcaption><\/figure>\n<figure id=\"attachment_63181\" aria-describedby=\"caption-attachment-63181\" style=\"width: 531px\" class=\"wp-caption aligncenter\"><a href=\"https:\/\/www.lovendal.ro\/wp52\/wp-content\/uploads\/2019\/07\/o-femeie-si-fiica-ei-in-padure-1910.jpg\"><img loading=\"lazy\" decoding=\"async\" class=\"size-full wp-image-63181\" src=\"https:\/\/www.lovendal.ro\/wp52\/wp-content\/uploads\/2019\/07\/o-femeie-si-fiica-ei-in-padure-1910.jpg\" alt=\"\" width=\"541\" height=\"393\" srcset=\"https:\/\/www.lovendal.ro\/wp52\/wp-content\/uploads\/2019\/07\/o-femeie-si-fiica-ei-in-padure-1910.jpg 541w, https:\/\/www.lovendal.ro\/wp52\/wp-content\/uploads\/2019\/07\/o-femeie-si-fiica-ei-in-padure-1910-300x218.jpg 300w\" sizes=\"auto, (max-width: 541px) 100vw, 541px\" \/><\/a><figcaption id=\"caption-attachment-63181\" class=\"wp-caption-text\"><strong>O femeie si fiica ei in padure (1910)<\/strong><\/figcaption><\/figure>\n<figure id=\"attachment_63182\" aria-describedby=\"caption-attachment-63182\" style=\"width: 531px\" class=\"wp-caption aligncenter\"><a href=\"https:\/\/www.lovendal.ro\/wp52\/wp-content\/uploads\/2019\/07\/2-surori-1908.jpg\"><img loading=\"lazy\" decoding=\"async\" class=\"size-full wp-image-63182\" src=\"https:\/\/www.lovendal.ro\/wp52\/wp-content\/uploads\/2019\/07\/2-surori-1908.jpg\" alt=\"\" width=\"541\" height=\"387\" srcset=\"https:\/\/www.lovendal.ro\/wp52\/wp-content\/uploads\/2019\/07\/2-surori-1908.jpg 541w, https:\/\/www.lovendal.ro\/wp52\/wp-content\/uploads\/2019\/07\/2-surori-1908-300x215.jpg 300w\" sizes=\"auto, (max-width: 541px) 100vw, 541px\" \/><\/a><figcaption id=\"caption-attachment-63182\" class=\"wp-caption-text\"><strong>2 surori (1908)<\/strong><\/figcaption><\/figure>\n<figure id=\"attachment_63183\" aria-describedby=\"caption-attachment-63183\" style=\"width: 531px\" class=\"wp-caption aligncenter\"><a href=\"https:\/\/www.lovendal.ro\/wp52\/wp-content\/uploads\/2019\/07\/Lanchester-Tourer-38-CP-1913.jpg\"><img loading=\"lazy\" decoding=\"async\" class=\"size-full wp-image-63183\" src=\"https:\/\/www.lovendal.ro\/wp52\/wp-content\/uploads\/2019\/07\/Lanchester-Tourer-38-CP-1913.jpg\" alt=\"\" width=\"541\" height=\"372\" srcset=\"https:\/\/www.lovendal.ro\/wp52\/wp-content\/uploads\/2019\/07\/Lanchester-Tourer-38-CP-1913.jpg 541w, https:\/\/www.lovendal.ro\/wp52\/wp-content\/uploads\/2019\/07\/Lanchester-Tourer-38-CP-1913-300x206.jpg 300w\" sizes=\"auto, (max-width: 541px) 100vw, 541px\" \/><\/a><figcaption id=\"caption-attachment-63183\" class=\"wp-caption-text\"><strong>Lanchester Tourer 38 CP (1913)<\/strong><\/figcaption><\/figure>\n<figure id=\"attachment_63184\" aria-describedby=\"caption-attachment-63184\" style=\"width: 531px\" class=\"wp-caption aligncenter\"><a href=\"https:\/\/www.lovendal.ro\/wp52\/wp-content\/uploads\/2019\/07\/Scufita-rosie-1907.jpg\"><img loading=\"lazy\" decoding=\"async\" class=\"size-full wp-image-63184\" src=\"https:\/\/www.lovendal.ro\/wp52\/wp-content\/uploads\/2019\/07\/Scufita-rosie-1907.jpg\" alt=\"\" width=\"541\" height=\"688\" srcset=\"https:\/\/www.lovendal.ro\/wp52\/wp-content\/uploads\/2019\/07\/Scufita-rosie-1907.jpg 541w, https:\/\/www.lovendal.ro\/wp52\/wp-content\/uploads\/2019\/07\/Scufita-rosie-1907-236x300.jpg 236w\" sizes=\"auto, (max-width: 541px) 100vw, 541px\" \/><\/a><figcaption id=\"caption-attachment-63184\" class=\"wp-caption-text\"><strong>Scufita rosie (1907)<\/strong><\/figcaption><\/figure>\n<figure id=\"attachment_63185\" aria-describedby=\"caption-attachment-63185\" style=\"width: 529px\" class=\"wp-caption aligncenter\"><a href=\"https:\/\/www.lovendal.ro\/wp52\/wp-content\/uploads\/2019\/07\/Paris-1914.jpg\"><img loading=\"lazy\" decoding=\"async\" class=\"size-full wp-image-63185\" src=\"https:\/\/www.lovendal.ro\/wp52\/wp-content\/uploads\/2019\/07\/Paris-1914.jpg\" alt=\"\" width=\"539\" height=\"364\" srcset=\"https:\/\/www.lovendal.ro\/wp52\/wp-content\/uploads\/2019\/07\/Paris-1914.jpg 539w, https:\/\/www.lovendal.ro\/wp52\/wp-content\/uploads\/2019\/07\/Paris-1914-300x203.jpg 300w\" sizes=\"auto, (max-width: 539px) 100vw, 539px\" \/><\/a><figcaption id=\"caption-attachment-63185\" class=\"wp-caption-text\"><strong>Paris (1914)<\/strong><\/figcaption><\/figure>\n<figure id=\"attachment_63186\" aria-describedby=\"caption-attachment-63186\" style=\"width: 530px\" class=\"wp-caption aligncenter\"><a href=\"https:\/\/www.lovendal.ro\/wp52\/wp-content\/uploads\/2019\/07\/domnisoara-in-gradina-1908.jpg\"><img loading=\"lazy\" decoding=\"async\" class=\"size-full wp-image-63186\" src=\"https:\/\/www.lovendal.ro\/wp52\/wp-content\/uploads\/2019\/07\/domnisoara-in-gradina-1908.jpg\" alt=\"\" width=\"540\" height=\"388\" srcset=\"https:\/\/www.lovendal.ro\/wp52\/wp-content\/uploads\/2019\/07\/domnisoara-in-gradina-1908.jpg 540w, https:\/\/www.lovendal.ro\/wp52\/wp-content\/uploads\/2019\/07\/domnisoara-in-gradina-1908-300x216.jpg 300w\" sizes=\"auto, (max-width: 540px) 100vw, 540px\" \/><\/a><figcaption id=\"caption-attachment-63186\" class=\"wp-caption-text\"><strong>Domnisoara in gradina (1908)<\/strong><\/figcaption><\/figure>\n<figure id=\"attachment_63187\" aria-describedby=\"caption-attachment-63187\" style=\"width: 531px\" class=\"wp-caption aligncenter\"><a href=\"https:\/\/www.lovendal.ro\/wp52\/wp-content\/uploads\/2019\/07\/soldat-francez-1917.jpg\"><img loading=\"lazy\" decoding=\"async\" class=\"size-full wp-image-63187\" src=\"https:\/\/www.lovendal.ro\/wp52\/wp-content\/uploads\/2019\/07\/soldat-francez-1917.jpg\" alt=\"\" width=\"541\" height=\"386\" srcset=\"https:\/\/www.lovendal.ro\/wp52\/wp-content\/uploads\/2019\/07\/soldat-francez-1917.jpg 541w, https:\/\/www.lovendal.ro\/wp52\/wp-content\/uploads\/2019\/07\/soldat-francez-1917-300x214.jpg 300w\" sizes=\"auto, (max-width: 541px) 100vw, 541px\" \/><\/a><figcaption id=\"caption-attachment-63187\" class=\"wp-caption-text\"><strong>Soldat francez (1917)<\/strong><\/figcaption><\/figure>\n","protected":false},"excerpt":{"rendered":"<p>C\u00e2nd v\u0103 g\u00e2ndi\u021bi la fotografii vechi sau la fotografii istorice, v\u0103 g\u00e2ndi\u021bi logic la fotografii alb-negru, dar, dup\u0103 cum pute\u021bi vedea din fotografiile uimitoare de epoc\u0103 de la \u00eenceputul secolului XX, din acest articol, imaginile color sunt mai demult dec\u00e2t &#8230; <\/p>\n<p class=\"read-more-container\"><a title=\"Fotografii color care \u00ee\u0163i taie respira\u0163ia, de acum 100 de ani, prin utilizarea tehnicii Autochrome Lumiere\" class=\"read-more button\" href=\"https:\/\/www.lovendal.ro\/wp52\/fotografii-color-care-iti-taie-respiratia-de-acum-100-de-ani-prin-utilizarea-tehnicii-autochrome-lumiere\/#more-63176\" aria-label=\"Cite\u0219te mai multe despre Fotografii color care \u00ee\u0163i taie respira\u0163ia, de acum 100 de ani, prin utilizarea tehnicii Autochrome Lumiere\">Cititi mai multe<\/a><\/p>\n","protected":false},"author":1,"featured_media":63188,"comment_status":"closed","ping_status":"open","sticky":false,"template":"","format":"standard","meta":{"footnotes":""},"categories":[9],"tags":[5154,13697,5563,15,13694,202,2781,1532,13695,321,13696,952,836,816],"class_list":["post-63176","post","type-post","status-publish","format-standard","has-post-thumbnail","hentry","category-istorie","tag-amidon","tag-autochrome","tag-cartofi","tag-fotografie","tag-fotografie-color","tag-franta","tag-gradina","tag-istorie-si-civilizatii","tag-kodachrome","tag-kodak","tag-lumiere","tag-lumina","tag-paris","tag-scufita-rosie"],"yoast_head":"<!-- This site is optimized with the Yoast SEO Premium plugin v23.3 (Yoast SEO v27.4) - https:\/\/yoast.com\/product\/yoast-seo-premium-wordpress\/ -->\n<title>Fotografii color care \u00ee\u0163i taie respira\u0163ia, de acum 100 de ani, prin utilizarea tehnicii Autochrome Lumiere - Secretele lui Lovendal<\/title>\n<meta name=\"robots\" content=\"index, follow, max-snippet:-1, max-image-preview:large, max-video-preview:-1\" \/>\n<link rel=\"canonical\" href=\"https:\/\/www.lovendal.ro\/wp52\/fotografii-color-care-iti-taie-respiratia-de-acum-100-de-ani-prin-utilizarea-tehnicii-autochrome-lumiere\/\" \/>\n<meta property=\"og:locale\" content=\"ro_RO\" \/>\n<meta property=\"og:type\" content=\"article\" \/>\n<meta property=\"og:title\" content=\"Fotografii color care \u00ee\u0163i taie respira\u0163ia, de acum 100 de ani, prin utilizarea tehnicii Autochrome Lumiere\" \/>\n<meta property=\"og:description\" content=\"C\u00e2nd v\u0103 g\u00e2ndi\u021bi la fotografii vechi sau la fotografii istorice, v\u0103 g\u00e2ndi\u021bi logic la fotografii alb-negru, dar, dup\u0103 cum pute\u021bi vedea din fotografiile uimitoare de epoc\u0103 de la \u00eenceputul secolului XX, din acest articol, imaginile color sunt mai demult dec\u00e2t ... Cititi mai multe\" \/>\n<meta property=\"og:url\" content=\"https:\/\/www.lovendal.ro\/wp52\/fotografii-color-care-iti-taie-respiratia-de-acum-100-de-ani-prin-utilizarea-tehnicii-autochrome-lumiere\/\" \/>\n<meta property=\"og:site_name\" content=\"Secretele lui Lovendal\" \/>\n<meta property=\"article:publisher\" content=\"https:\/\/www.facebook.com\/secreteleluilovendal\" \/>\n<meta property=\"article:published_time\" content=\"2019-07-22T09:22:20+00:00\" \/>\n<meta property=\"og:image\" content=\"https:\/\/www.lovendal.ro\/wp52\/wp-content\/uploads\/2019\/07\/fotografie-veche.jpg\" \/>\n\t<meta property=\"og:image:width\" content=\"334\" \/>\n\t<meta property=\"og:image:height\" content=\"245\" \/>\n\t<meta property=\"og:image:type\" content=\"image\/jpeg\" \/>\n<meta name=\"author\" content=\"admin\" \/>\n<meta name=\"twitter:card\" content=\"summary_large_image\" \/>\n<meta name=\"twitter:label1\" content=\"Scris de\" \/>\n\t<meta name=\"twitter:data1\" content=\"admin\" \/>\n\t<meta name=\"twitter:label2\" content=\"Timp estimat pentru citire\" \/>\n\t<meta name=\"twitter:data2\" content=\"2 minute\" \/>\n<script type=\"application\/ld+json\" class=\"yoast-schema-graph\">{\"@context\":\"https:\\\/\\\/schema.org\",\"@graph\":[{\"@type\":\"Article\",\"@id\":\"https:\\\/\\\/www.lovendal.ro\\\/wp52\\\/fotografii-color-care-iti-taie-respiratia-de-acum-100-de-ani-prin-utilizarea-tehnicii-autochrome-lumiere\\\/#article\",\"isPartOf\":{\"@id\":\"https:\\\/\\\/www.lovendal.ro\\\/wp52\\\/fotografii-color-care-iti-taie-respiratia-de-acum-100-de-ani-prin-utilizarea-tehnicii-autochrome-lumiere\\\/\"},\"author\":{\"name\":\"admin\",\"@id\":\"https:\\\/\\\/www.lovendal.ro\\\/wp52\\\/#\\\/schema\\\/person\\\/088691de5dfc346bb0c023e1e52ef5d9\"},\"headline\":\"Fotografii color care \u00ee\u0163i taie respira\u0163ia, de acum 100 de ani, prin utilizarea tehnicii Autochrome Lumiere\",\"datePublished\":\"2019-07-22T09:22:20+00:00\",\"mainEntityOfPage\":{\"@id\":\"https:\\\/\\\/www.lovendal.ro\\\/wp52\\\/fotografii-color-care-iti-taie-respiratia-de-acum-100-de-ani-prin-utilizarea-tehnicii-autochrome-lumiere\\\/\"},\"wordCount\":403,\"publisher\":{\"@id\":\"https:\\\/\\\/www.lovendal.ro\\\/wp52\\\/#organization\"},\"image\":{\"@id\":\"https:\\\/\\\/www.lovendal.ro\\\/wp52\\\/fotografii-color-care-iti-taie-respiratia-de-acum-100-de-ani-prin-utilizarea-tehnicii-autochrome-lumiere\\\/#primaryimage\"},\"thumbnailUrl\":\"https:\\\/\\\/www.lovendal.ro\\\/wp52\\\/wp-content\\\/uploads\\\/2019\\\/07\\\/fotografie-veche.jpg\",\"keywords\":[\"amidon\",\"Autochrome\",\"cartofi\",\"fotografie\",\"fotografie color\",\"Fran\u0163a\",\"gr\u0103din\u0103\",\"Istorie si Civilizatii\",\"Kodachrome\",\"Kodak\",\"Lumiere\",\"lumin\u0103\",\"Paris\",\"Scufi\u0163a Ro\u015fie\"],\"articleSection\":[\"Istorie si Civilizatii\"],\"inLanguage\":\"ro-RO\"},{\"@type\":\"WebPage\",\"@id\":\"https:\\\/\\\/www.lovendal.ro\\\/wp52\\\/fotografii-color-care-iti-taie-respiratia-de-acum-100-de-ani-prin-utilizarea-tehnicii-autochrome-lumiere\\\/\",\"url\":\"https:\\\/\\\/www.lovendal.ro\\\/wp52\\\/fotografii-color-care-iti-taie-respiratia-de-acum-100-de-ani-prin-utilizarea-tehnicii-autochrome-lumiere\\\/\",\"name\":\"Fotografii color care \u00ee\u0163i taie respira\u0163ia, de acum 100 de ani, prin utilizarea tehnicii Autochrome Lumiere - Secretele lui Lovendal\",\"isPartOf\":{\"@id\":\"https:\\\/\\\/www.lovendal.ro\\\/wp52\\\/#website\"},\"primaryImageOfPage\":{\"@id\":\"https:\\\/\\\/www.lovendal.ro\\\/wp52\\\/fotografii-color-care-iti-taie-respiratia-de-acum-100-de-ani-prin-utilizarea-tehnicii-autochrome-lumiere\\\/#primaryimage\"},\"image\":{\"@id\":\"https:\\\/\\\/www.lovendal.ro\\\/wp52\\\/fotografii-color-care-iti-taie-respiratia-de-acum-100-de-ani-prin-utilizarea-tehnicii-autochrome-lumiere\\\/#primaryimage\"},\"thumbnailUrl\":\"https:\\\/\\\/www.lovendal.ro\\\/wp52\\\/wp-content\\\/uploads\\\/2019\\\/07\\\/fotografie-veche.jpg\",\"datePublished\":\"2019-07-22T09:22:20+00:00\",\"breadcrumb\":{\"@id\":\"https:\\\/\\\/www.lovendal.ro\\\/wp52\\\/fotografii-color-care-iti-taie-respiratia-de-acum-100-de-ani-prin-utilizarea-tehnicii-autochrome-lumiere\\\/#breadcrumb\"},\"inLanguage\":\"ro-RO\",\"potentialAction\":[{\"@type\":\"ReadAction\",\"target\":[\"https:\\\/\\\/www.lovendal.ro\\\/wp52\\\/fotografii-color-care-iti-taie-respiratia-de-acum-100-de-ani-prin-utilizarea-tehnicii-autochrome-lumiere\\\/\"]}]},{\"@type\":\"ImageObject\",\"inLanguage\":\"ro-RO\",\"@id\":\"https:\\\/\\\/www.lovendal.ro\\\/wp52\\\/fotografii-color-care-iti-taie-respiratia-de-acum-100-de-ani-prin-utilizarea-tehnicii-autochrome-lumiere\\\/#primaryimage\",\"url\":\"https:\\\/\\\/www.lovendal.ro\\\/wp52\\\/wp-content\\\/uploads\\\/2019\\\/07\\\/fotografie-veche.jpg\",\"contentUrl\":\"https:\\\/\\\/www.lovendal.ro\\\/wp52\\\/wp-content\\\/uploads\\\/2019\\\/07\\\/fotografie-veche.jpg\",\"width\":334,\"height\":245},{\"@type\":\"BreadcrumbList\",\"@id\":\"https:\\\/\\\/www.lovendal.ro\\\/wp52\\\/fotografii-color-care-iti-taie-respiratia-de-acum-100-de-ani-prin-utilizarea-tehnicii-autochrome-lumiere\\\/#breadcrumb\",\"itemListElement\":[{\"@type\":\"ListItem\",\"position\":1,\"name\":\"Home\",\"item\":\"https:\\\/\\\/www.lovendal.ro\\\/wp52\\\/\"},{\"@type\":\"ListItem\",\"position\":2,\"name\":\"Fotografii color care \u00ee\u0163i taie respira\u0163ia, de acum 100 de ani, prin utilizarea tehnicii Autochrome Lumiere\"}]},{\"@type\":\"WebSite\",\"@id\":\"https:\\\/\\\/www.lovendal.ro\\\/wp52\\\/#website\",\"url\":\"https:\\\/\\\/www.lovendal.ro\\\/wp52\\\/\",\"name\":\"Secretele lui Lovendal\",\"description\":\"Site de secrete, stiinta si metafizica - din 2008 -\",\"publisher\":{\"@id\":\"https:\\\/\\\/www.lovendal.ro\\\/wp52\\\/#organization\"},\"potentialAction\":[{\"@type\":\"SearchAction\",\"target\":{\"@type\":\"EntryPoint\",\"urlTemplate\":\"https:\\\/\\\/www.lovendal.ro\\\/wp52\\\/?s={search_term_string}\"},\"query-input\":{\"@type\":\"PropertyValueSpecification\",\"valueRequired\":true,\"valueName\":\"search_term_string\"}}],\"inLanguage\":\"ro-RO\"},{\"@type\":\"Organization\",\"@id\":\"https:\\\/\\\/www.lovendal.ro\\\/wp52\\\/#organization\",\"name\":\"Secretele lui Lovendal\",\"url\":\"https:\\\/\\\/www.lovendal.ro\\\/wp52\\\/\",\"logo\":{\"@type\":\"ImageObject\",\"inLanguage\":\"ro-RO\",\"@id\":\"https:\\\/\\\/www.lovendal.ro\\\/wp52\\\/#\\\/schema\\\/logo\\\/image\\\/\",\"url\":\"https:\\\/\\\/www.lovendal.ro\\\/wp52\\\/wp-content\\\/uploads\\\/2024\\\/06\\\/cropped-SLL-iun-2024-1.jpg\",\"contentUrl\":\"https:\\\/\\\/www.lovendal.ro\\\/wp52\\\/wp-content\\\/uploads\\\/2024\\\/06\\\/cropped-SLL-iun-2024-1.jpg\",\"width\":771,\"height\":240,\"caption\":\"Secretele lui Lovendal\"},\"image\":{\"@id\":\"https:\\\/\\\/www.lovendal.ro\\\/wp52\\\/#\\\/schema\\\/logo\\\/image\\\/\"},\"sameAs\":[\"https:\\\/\\\/www.facebook.com\\\/secreteleluilovendal\"]},{\"@type\":\"Person\",\"@id\":\"https:\\\/\\\/www.lovendal.ro\\\/wp52\\\/#\\\/schema\\\/person\\\/088691de5dfc346bb0c023e1e52ef5d9\",\"name\":\"admin\",\"image\":{\"@type\":\"ImageObject\",\"inLanguage\":\"ro-RO\",\"@id\":\"https:\\\/\\\/secure.gravatar.com\\\/avatar\\\/ecb9cd41f5f63c9c9b989999a59f6e2639a865ec361e9db054db0679a8f341c2?s=96&d=mm&r=g\",\"url\":\"https:\\\/\\\/secure.gravatar.com\\\/avatar\\\/ecb9cd41f5f63c9c9b989999a59f6e2639a865ec361e9db054db0679a8f341c2?s=96&d=mm&r=g\",\"contentUrl\":\"https:\\\/\\\/secure.gravatar.com\\\/avatar\\\/ecb9cd41f5f63c9c9b989999a59f6e2639a865ec361e9db054db0679a8f341c2?s=96&d=mm&r=g\",\"caption\":\"admin\"},\"sameAs\":[\"https:\\\/\\\/www.lovendal.ro\\\/wp52\"]}]}<\/script>\n<!-- \/ Yoast SEO Premium plugin. -->","yoast_head_json":{"title":"Fotografii color care \u00ee\u0163i taie respira\u0163ia, de acum 100 de ani, prin utilizarea tehnicii Autochrome Lumiere - Secretele lui Lovendal","robots":{"index":"index","follow":"follow","max-snippet":"max-snippet:-1","max-image-preview":"max-image-preview:large","max-video-preview":"max-video-preview:-1"},"canonical":"https:\/\/www.lovendal.ro\/wp52\/fotografii-color-care-iti-taie-respiratia-de-acum-100-de-ani-prin-utilizarea-tehnicii-autochrome-lumiere\/","og_locale":"ro_RO","og_type":"article","og_title":"Fotografii color care \u00ee\u0163i taie respira\u0163ia, de acum 100 de ani, prin utilizarea tehnicii Autochrome Lumiere","og_description":"C\u00e2nd v\u0103 g\u00e2ndi\u021bi la fotografii vechi sau la fotografii istorice, v\u0103 g\u00e2ndi\u021bi logic la fotografii alb-negru, dar, dup\u0103 cum pute\u021bi vedea din fotografiile uimitoare de epoc\u0103 de la \u00eenceputul secolului XX, din acest articol, imaginile color sunt mai demult dec\u00e2t ... Cititi mai multe","og_url":"https:\/\/www.lovendal.ro\/wp52\/fotografii-color-care-iti-taie-respiratia-de-acum-100-de-ani-prin-utilizarea-tehnicii-autochrome-lumiere\/","og_site_name":"Secretele lui Lovendal","article_publisher":"https:\/\/www.facebook.com\/secreteleluilovendal","article_published_time":"2019-07-22T09:22:20+00:00","og_image":[{"width":334,"height":245,"url":"https:\/\/www.lovendal.ro\/wp52\/wp-content\/uploads\/2019\/07\/fotografie-veche.jpg","type":"image\/jpeg"}],"author":"admin","twitter_card":"summary_large_image","twitter_misc":{"Scris de":"admin","Timp estimat pentru citire":"2 minute"},"schema":{"@context":"https:\/\/schema.org","@graph":[{"@type":"Article","@id":"https:\/\/www.lovendal.ro\/wp52\/fotografii-color-care-iti-taie-respiratia-de-acum-100-de-ani-prin-utilizarea-tehnicii-autochrome-lumiere\/#article","isPartOf":{"@id":"https:\/\/www.lovendal.ro\/wp52\/fotografii-color-care-iti-taie-respiratia-de-acum-100-de-ani-prin-utilizarea-tehnicii-autochrome-lumiere\/"},"author":{"name":"admin","@id":"https:\/\/www.lovendal.ro\/wp52\/#\/schema\/person\/088691de5dfc346bb0c023e1e52ef5d9"},"headline":"Fotografii color care \u00ee\u0163i taie respira\u0163ia, de acum 100 de ani, prin utilizarea tehnicii Autochrome Lumiere","datePublished":"2019-07-22T09:22:20+00:00","mainEntityOfPage":{"@id":"https:\/\/www.lovendal.ro\/wp52\/fotografii-color-care-iti-taie-respiratia-de-acum-100-de-ani-prin-utilizarea-tehnicii-autochrome-lumiere\/"},"wordCount":403,"publisher":{"@id":"https:\/\/www.lovendal.ro\/wp52\/#organization"},"image":{"@id":"https:\/\/www.lovendal.ro\/wp52\/fotografii-color-care-iti-taie-respiratia-de-acum-100-de-ani-prin-utilizarea-tehnicii-autochrome-lumiere\/#primaryimage"},"thumbnailUrl":"https:\/\/www.lovendal.ro\/wp52\/wp-content\/uploads\/2019\/07\/fotografie-veche.jpg","keywords":["amidon","Autochrome","cartofi","fotografie","fotografie color","Fran\u0163a","gr\u0103din\u0103","Istorie si Civilizatii","Kodachrome","Kodak","Lumiere","lumin\u0103","Paris","Scufi\u0163a Ro\u015fie"],"articleSection":["Istorie si Civilizatii"],"inLanguage":"ro-RO"},{"@type":"WebPage","@id":"https:\/\/www.lovendal.ro\/wp52\/fotografii-color-care-iti-taie-respiratia-de-acum-100-de-ani-prin-utilizarea-tehnicii-autochrome-lumiere\/","url":"https:\/\/www.lovendal.ro\/wp52\/fotografii-color-care-iti-taie-respiratia-de-acum-100-de-ani-prin-utilizarea-tehnicii-autochrome-lumiere\/","name":"Fotografii color care \u00ee\u0163i taie respira\u0163ia, de acum 100 de ani, prin utilizarea tehnicii Autochrome Lumiere - Secretele lui Lovendal","isPartOf":{"@id":"https:\/\/www.lovendal.ro\/wp52\/#website"},"primaryImageOfPage":{"@id":"https:\/\/www.lovendal.ro\/wp52\/fotografii-color-care-iti-taie-respiratia-de-acum-100-de-ani-prin-utilizarea-tehnicii-autochrome-lumiere\/#primaryimage"},"image":{"@id":"https:\/\/www.lovendal.ro\/wp52\/fotografii-color-care-iti-taie-respiratia-de-acum-100-de-ani-prin-utilizarea-tehnicii-autochrome-lumiere\/#primaryimage"},"thumbnailUrl":"https:\/\/www.lovendal.ro\/wp52\/wp-content\/uploads\/2019\/07\/fotografie-veche.jpg","datePublished":"2019-07-22T09:22:20+00:00","breadcrumb":{"@id":"https:\/\/www.lovendal.ro\/wp52\/fotografii-color-care-iti-taie-respiratia-de-acum-100-de-ani-prin-utilizarea-tehnicii-autochrome-lumiere\/#breadcrumb"},"inLanguage":"ro-RO","potentialAction":[{"@type":"ReadAction","target":["https:\/\/www.lovendal.ro\/wp52\/fotografii-color-care-iti-taie-respiratia-de-acum-100-de-ani-prin-utilizarea-tehnicii-autochrome-lumiere\/"]}]},{"@type":"ImageObject","inLanguage":"ro-RO","@id":"https:\/\/www.lovendal.ro\/wp52\/fotografii-color-care-iti-taie-respiratia-de-acum-100-de-ani-prin-utilizarea-tehnicii-autochrome-lumiere\/#primaryimage","url":"https:\/\/www.lovendal.ro\/wp52\/wp-content\/uploads\/2019\/07\/fotografie-veche.jpg","contentUrl":"https:\/\/www.lovendal.ro\/wp52\/wp-content\/uploads\/2019\/07\/fotografie-veche.jpg","width":334,"height":245},{"@type":"BreadcrumbList","@id":"https:\/\/www.lovendal.ro\/wp52\/fotografii-color-care-iti-taie-respiratia-de-acum-100-de-ani-prin-utilizarea-tehnicii-autochrome-lumiere\/#breadcrumb","itemListElement":[{"@type":"ListItem","position":1,"name":"Home","item":"https:\/\/www.lovendal.ro\/wp52\/"},{"@type":"ListItem","position":2,"name":"Fotografii color care \u00ee\u0163i taie respira\u0163ia, de acum 100 de ani, prin utilizarea tehnicii Autochrome Lumiere"}]},{"@type":"WebSite","@id":"https:\/\/www.lovendal.ro\/wp52\/#website","url":"https:\/\/www.lovendal.ro\/wp52\/","name":"Secretele lui Lovendal","description":"Site de secrete, stiinta si metafizica - din 2008 -","publisher":{"@id":"https:\/\/www.lovendal.ro\/wp52\/#organization"},"potentialAction":[{"@type":"SearchAction","target":{"@type":"EntryPoint","urlTemplate":"https:\/\/www.lovendal.ro\/wp52\/?s={search_term_string}"},"query-input":{"@type":"PropertyValueSpecification","valueRequired":true,"valueName":"search_term_string"}}],"inLanguage":"ro-RO"},{"@type":"Organization","@id":"https:\/\/www.lovendal.ro\/wp52\/#organization","name":"Secretele lui Lovendal","url":"https:\/\/www.lovendal.ro\/wp52\/","logo":{"@type":"ImageObject","inLanguage":"ro-RO","@id":"https:\/\/www.lovendal.ro\/wp52\/#\/schema\/logo\/image\/","url":"https:\/\/www.lovendal.ro\/wp52\/wp-content\/uploads\/2024\/06\/cropped-SLL-iun-2024-1.jpg","contentUrl":"https:\/\/www.lovendal.ro\/wp52\/wp-content\/uploads\/2024\/06\/cropped-SLL-iun-2024-1.jpg","width":771,"height":240,"caption":"Secretele lui Lovendal"},"image":{"@id":"https:\/\/www.lovendal.ro\/wp52\/#\/schema\/logo\/image\/"},"sameAs":["https:\/\/www.facebook.com\/secreteleluilovendal"]},{"@type":"Person","@id":"https:\/\/www.lovendal.ro\/wp52\/#\/schema\/person\/088691de5dfc346bb0c023e1e52ef5d9","name":"admin","image":{"@type":"ImageObject","inLanguage":"ro-RO","@id":"https:\/\/secure.gravatar.com\/avatar\/ecb9cd41f5f63c9c9b989999a59f6e2639a865ec361e9db054db0679a8f341c2?s=96&d=mm&r=g","url":"https:\/\/secure.gravatar.com\/avatar\/ecb9cd41f5f63c9c9b989999a59f6e2639a865ec361e9db054db0679a8f341c2?s=96&d=mm&r=g","contentUrl":"https:\/\/secure.gravatar.com\/avatar\/ecb9cd41f5f63c9c9b989999a59f6e2639a865ec361e9db054db0679a8f341c2?s=96&d=mm&r=g","caption":"admin"},"sameAs":["https:\/\/www.lovendal.ro\/wp52"]}]}},"_links":{"self":[{"href":"https:\/\/www.lovendal.ro\/wp52\/wp-json\/wp\/v2\/posts\/63176","targetHints":{"allow":["GET"]}}],"collection":[{"href":"https:\/\/www.lovendal.ro\/wp52\/wp-json\/wp\/v2\/posts"}],"about":[{"href":"https:\/\/www.lovendal.ro\/wp52\/wp-json\/wp\/v2\/types\/post"}],"author":[{"embeddable":true,"href":"https:\/\/www.lovendal.ro\/wp52\/wp-json\/wp\/v2\/users\/1"}],"replies":[{"embeddable":true,"href":"https:\/\/www.lovendal.ro\/wp52\/wp-json\/wp\/v2\/comments?post=63176"}],"version-history":[{"count":0,"href":"https:\/\/www.lovendal.ro\/wp52\/wp-json\/wp\/v2\/posts\/63176\/revisions"}],"wp:featuredmedia":[{"embeddable":true,"href":"https:\/\/www.lovendal.ro\/wp52\/wp-json\/wp\/v2\/media\/63188"}],"wp:attachment":[{"href":"https:\/\/www.lovendal.ro\/wp52\/wp-json\/wp\/v2\/media?parent=63176"}],"wp:term":[{"taxonomy":"category","embeddable":true,"href":"https:\/\/www.lovendal.ro\/wp52\/wp-json\/wp\/v2\/categories?post=63176"},{"taxonomy":"post_tag","embeddable":true,"href":"https:\/\/www.lovendal.ro\/wp52\/wp-json\/wp\/v2\/tags?post=63176"}],"curies":[{"name":"wp","href":"https:\/\/api.w.org\/{rel}","templated":true}]}}