{"id":63127,"date":"2019-07-20T10:41:09","date_gmt":"2019-07-20T07:41:09","guid":{"rendered":"https:\/\/www.lovendal.ro\/wp52\/?p=63127"},"modified":"2019-07-20T10:41:09","modified_gmt":"2019-07-20T07:41:09","slug":"in-cetatea-zanelor-din-covasna-a-locuit-in-vremuri-imemoriale-celebra-ileana-cosanzeana-se-afla-acolo-o-poarta-stelara-care-duce-catre-alte-lumi","status":"publish","type":"post","link":"https:\/\/www.lovendal.ro\/wp52\/in-cetatea-zanelor-din-covasna-a-locuit-in-vremuri-imemoriale-celebra-ileana-cosanzeana-se-afla-acolo-o-poarta-stelara-care-duce-catre-alte-lumi\/","title":{"rendered":"\u00cen &#8222;Cetatea Z\u00e2nelor&#8221; din Covasna a locuit \u00een vremuri imemoriale celebra Ileana Cos\u00e2nzeana? Se afl\u0103 acolo o &#8222;poart\u0103 stelar\u0103&#8221; care duce c\u0103tre alte lumi?"},"content":{"rendered":"<p><a href=\"https:\/\/www.lovendal.ro\/wp52\/wp-content\/uploads\/2019\/07\/cetatea-zanelor-ileana-cosanzeana.jpg\"><img loading=\"lazy\" decoding=\"async\" class=\"alignleft size-full wp-image-63128\" src=\"https:\/\/www.lovendal.ro\/wp52\/wp-content\/uploads\/2019\/07\/cetatea-zanelor-ileana-cosanzeana.jpg\" alt=\"\" width=\"341\" height=\"237\" srcset=\"https:\/\/www.lovendal.ro\/wp52\/wp-content\/uploads\/2019\/07\/cetatea-zanelor-ileana-cosanzeana.jpg 341w, https:\/\/www.lovendal.ro\/wp52\/wp-content\/uploads\/2019\/07\/cetatea-zanelor-ileana-cosanzeana-300x209.jpg 300w\" sizes=\"auto, (max-width: 341px) 100vw, 341px\" \/><\/a>Avem o \u0163ar\u0103 minunat\u0103, iar multe locuri din Rom\u00e2nia par a fi \u00eenc\u0103rcate de legende \u015fi mister. Iar unul din aceste locuri este Covasna; aici exist\u0103 o cetate &#8211; Cetatea Miske (sau Cetatea Z\u00e2nelor), care este situat\u0103 nu departe de ora\u015ful Covasna, \u00eentr-un cadru de poveste. Lipsa informa\u0163iilor legate de anul construc\u0163iei sau alte detalii lume\u015fti contribuie pe deplin la aura misterioas\u0103 din jurul cet\u0103\u0163ii.<\/p>\n<p>Cu toate acestea, exist\u0103 o legend\u0103 local\u0103, potrivit c\u0103reia \u00een aceast\u0103 cetate ar fi locuit nimeni alta dec\u00e2t Ileana Cos\u00e2nzeana. \u00cen beciuri ar fi fost ascuns\u0103 averea, p\u0103zit\u0103 de un coco\u015f care dormea o dat\u0103 la \u015fapte ani; atunci se deschideau ni\u015fte por\u0163i secrete, iar averea putea fi v\u0103zut\u0103 de cei care se aflau prin preajma cet\u0103\u0163ii.<\/p>\n<p>Ileana Cos\u00e2nzeana este personajul principal feminin din basmele mitologice rom\u00e2ne\u0219ti, corespondentul feminin al lui F\u0103t-Frumos, de obicei idealul feminin al acestuia. Ea este o z\u00e2n\u0103, o fecioar\u0103 n\u0103zdr\u0103van\u0103, ini\u021biat\u0103 \u00een magia binef\u0103c\u0103toare, care adesea are ca sfetnic \u0219i prieten un cal n\u0103zdr\u0103van. \u00centotdeauna este foarte frumoas\u0103. Conform tradi\u021biei folclorice, ea este r\u0103pit\u0103 de zmeu (balaur) \u0219i \u00eenchis\u0103 \u00eentr-un turn, castel sau, mai simplu, dus\u0103 pe T\u0103r\u00e2mul Cel\u0103lalt. Eroina este salvat\u0103 de F\u0103t-Frumos, care, \u00een drumul s\u0103u spre Ileana Cos\u00e2nzeana, trece prin multe \u00eencerc\u0103ri ini\u021biatice. \u00cen final el se bate cu zmeul, \u00eel \u00eenvinge \u0219i o elibereaz\u0103. Astfel, basmul se \u00eencheie, de cele mai multe ori, cu \u00eenf\u0103ptuirea nun\u021bii. \u0218i am\u00e2ndoi tr\u0103iesc ferici\u021bi p\u00e2n\u0103 la ad\u00e2nci b\u0103tr\u00e2ne\u021bi. Ileana Cos\u00e2nzeana apare sub numele de <em>&#8222;Ileana Simziana&#8221;<\/em>, un basm scris de Petre Ispirescu.<\/p>\n<p>Se spune c\u0103 Cetatea Z\u00e2nelor este o cetate dacic\u0103, fiind veche astfel de cel pu\u0163in 2.000 de ani. O alt\u0103 legend\u0103 popular\u0103, la fel de interesant\u0103, spune c\u0103 toate comorile cet\u0103\u0163ii sunt p\u0103zite de c\u0103tre balauri. Comorile pot fi descoperite doar \u00een noaptea zilei Sf. Gheorghe, de c\u0103tre un al \u0219aptelea copil n\u0103scut \u00eentr-o familie. Se pare c\u0103 povestea legendei s-ar adeveri \u00eens\u0103, numai \u00een momentele cu luna plin\u0103.<\/p>\n<p><a href=\"https:\/\/www.lovendal.ro\/wp52\/wp-content\/uploads\/2019\/07\/Cetatea-Zanelor.jpg\"><img loading=\"lazy\" decoding=\"async\" class=\"aligncenter size-full wp-image-63129\" src=\"https:\/\/www.lovendal.ro\/wp52\/wp-content\/uploads\/2019\/07\/Cetatea-Zanelor.jpg\" alt=\"\" width=\"539\" height=\"259\" srcset=\"https:\/\/www.lovendal.ro\/wp52\/wp-content\/uploads\/2019\/07\/Cetatea-Zanelor.jpg 539w, https:\/\/www.lovendal.ro\/wp52\/wp-content\/uploads\/2019\/07\/Cetatea-Zanelor-300x144.jpg 300w\" sizes=\"auto, (max-width: 539px) 100vw, 539px\" \/><\/a>Toate aceste basme sunt minunate, dar ele s-ar putea s\u0103 arate un alt adev\u0103r: n-ar fi exclus c\u0103 \u00een aceast\u0103 zon\u0103 s\u0103 se ascund\u0103 ni\u015fte &#8222;stargate&#8221; (&#8222;por\u0163i stelare&#8221;) care s\u0103 duc\u0103 direct c\u0103tre alte dimensiuni sau lumi din acest Univers. O \u201cpoart\u0103 stelar\u0103 natural\u0103\u201d este similar\u0103 cu un \u201cpod Einstein-Rosen\u201d sau cu o \u201cgaur\u0103 de vierme\u201d, \u00een care spa\u0163iul \u015fi timpul sunt distorsionate de c\u00e2mpurile gravita\u021bionale intense generate de stelele care se pr\u0103bu\u015fesc. La un punct de singularitate, timpul s-ar opri la infinit, a\u0219a cum a fost prezis de Albert Einstein, \u00een teoria sa general\u0103 a relativit\u0103\u021bii. Acest lucru ar face posibil ca oricine s\u0103 poat\u0103 supravie\u021bui c\u00e2mpurilor gravita\u021bionale intense ce \u00eenso\u021besc un punct de singularitate. Astfel, fizicienii consider\u0103 c\u0103 este teoretic posibil ca un pod Einstein-Rosen s\u0103 se formeze, iar cel care ajunge aici s\u0103 poat\u0103 c\u0103l\u0103tori instantaneu \u00een timp sau \u00een spa\u0163iu.<\/p>\n","protected":false},"excerpt":{"rendered":"<p>Avem o \u0163ar\u0103 minunat\u0103, iar multe locuri din Rom\u00e2nia par a fi \u00eenc\u0103rcate de legende \u015fi mister. Iar unul din aceste locuri este Covasna; aici exist\u0103 o cetate &#8211; Cetatea Miske (sau Cetatea Z\u00e2nelor), care este situat\u0103 nu departe de &#8230; <\/p>\n<p class=\"read-more-container\"><a title=\"\u00cen &#8222;Cetatea Z\u00e2nelor&#8221; din Covasna a locuit \u00een vremuri imemoriale celebra Ileana Cos\u00e2nzeana? Se afl\u0103 acolo o &#8222;poart\u0103 stelar\u0103&#8221; care duce c\u0103tre alte lumi?\" class=\"read-more button\" href=\"https:\/\/www.lovendal.ro\/wp52\/in-cetatea-zanelor-din-covasna-a-locuit-in-vremuri-imemoriale-celebra-ileana-cosanzeana-se-afla-acolo-o-poarta-stelara-care-duce-catre-alte-lumi\/#more-63127\" aria-label=\"Cite\u0219te mai multe despre \u00cen &#8222;Cetatea Z\u00e2nelor&#8221; din Covasna a locuit \u00een vremuri imemoriale celebra Ileana Cos\u00e2nzeana? Se afl\u0103 acolo o &#8222;poart\u0103 stelar\u0103&#8221; care duce c\u0103tre alte lumi?\">Cititi mai multe<\/a><\/p>\n","protected":false},"author":1,"featured_media":63128,"comment_status":"closed","ping_status":"open","sticky":false,"template":"","format":"standard","meta":{"footnotes":""},"categories":[10210],"tags":[1644,818,240,2280,13685,936,205,6065,4527,610,8165,2048,3510,12026,1899,5016,151,13686,4603,6088,74,10211,2501,789,3098,2163,6647],"class_list":["post-63127","post","type-post","status-publish","format-standard","has-post-thumbnail","hentry","category-romania-misterioasa","tag-balaur","tag-basm","tag-cal","tag-cetate","tag-cetatea-zanelor","tag-cocos","tag-comoara","tag-covasna","tag-dimensiune","tag-einstein","tag-fat-frumos","tag-fizician","tag-gaura-de-vierme","tag-ileana-cosanzeana","tag-legenda","tag-nunta","tag-oras","tag-petre-ispirescu","tag-poarta-stelara","tag-pod-einstein-rosen","tag-romania","tag-romania-misterioasa","tag-spatiu","tag-timp","tag-turn","tag-zana","tag-zmeu"],"yoast_head":"<!-- This site is optimized with the Yoast SEO Premium plugin v23.3 (Yoast SEO v27.4) - https:\/\/yoast.com\/product\/yoast-seo-premium-wordpress\/ -->\n<title>\u00cen &quot;Cetatea Z\u00e2nelor&quot; din Covasna a locuit \u00een vremuri imemoriale celebra Ileana Cos\u00e2nzeana? Se afl\u0103 acolo o &quot;poart\u0103 stelar\u0103&quot; care duce c\u0103tre alte lumi? - Secretele lui Lovendal<\/title>\n<meta name=\"robots\" content=\"index, follow, max-snippet:-1, max-image-preview:large, max-video-preview:-1\" \/>\n<link rel=\"canonical\" href=\"https:\/\/www.lovendal.ro\/wp52\/in-cetatea-zanelor-din-covasna-a-locuit-in-vremuri-imemoriale-celebra-ileana-cosanzeana-se-afla-acolo-o-poarta-stelara-care-duce-catre-alte-lumi\/\" \/>\n<meta property=\"og:locale\" content=\"ro_RO\" \/>\n<meta property=\"og:type\" content=\"article\" \/>\n<meta property=\"og:title\" content=\"\u00cen &quot;Cetatea Z\u00e2nelor&quot; din Covasna a locuit \u00een vremuri imemoriale celebra Ileana Cos\u00e2nzeana? Se afl\u0103 acolo o &quot;poart\u0103 stelar\u0103&quot; care duce c\u0103tre alte lumi?\" \/>\n<meta property=\"og:description\" content=\"Avem o \u0163ar\u0103 minunat\u0103, iar multe locuri din Rom\u00e2nia par a fi \u00eenc\u0103rcate de legende \u015fi mister. Iar unul din aceste locuri este Covasna; aici exist\u0103 o cetate &#8211; Cetatea Miske (sau Cetatea Z\u00e2nelor), care este situat\u0103 nu departe de ... Cititi mai multe\" \/>\n<meta property=\"og:url\" content=\"https:\/\/www.lovendal.ro\/wp52\/in-cetatea-zanelor-din-covasna-a-locuit-in-vremuri-imemoriale-celebra-ileana-cosanzeana-se-afla-acolo-o-poarta-stelara-care-duce-catre-alte-lumi\/\" \/>\n<meta property=\"og:site_name\" content=\"Secretele lui Lovendal\" \/>\n<meta property=\"article:publisher\" content=\"https:\/\/www.facebook.com\/secreteleluilovendal\" \/>\n<meta property=\"article:published_time\" content=\"2019-07-20T07:41:09+00:00\" \/>\n<meta property=\"og:image\" content=\"https:\/\/www.lovendal.ro\/wp52\/wp-content\/uploads\/2019\/07\/cetatea-zanelor-ileana-cosanzeana.jpg\" \/>\n\t<meta property=\"og:image:width\" content=\"341\" \/>\n\t<meta property=\"og:image:height\" content=\"237\" \/>\n\t<meta property=\"og:image:type\" content=\"image\/jpeg\" \/>\n<meta name=\"author\" content=\"admin\" \/>\n<meta name=\"twitter:card\" content=\"summary_large_image\" \/>\n<meta name=\"twitter:label1\" content=\"Scris de\" \/>\n\t<meta name=\"twitter:data1\" content=\"admin\" \/>\n\t<meta name=\"twitter:label2\" content=\"Timp estimat pentru citire\" \/>\n\t<meta name=\"twitter:data2\" content=\"3 minute\" \/>\n<script type=\"application\/ld+json\" class=\"yoast-schema-graph\">{\"@context\":\"https:\\\/\\\/schema.org\",\"@graph\":[{\"@type\":\"Article\",\"@id\":\"https:\\\/\\\/www.lovendal.ro\\\/wp52\\\/in-cetatea-zanelor-din-covasna-a-locuit-in-vremuri-imemoriale-celebra-ileana-cosanzeana-se-afla-acolo-o-poarta-stelara-care-duce-catre-alte-lumi\\\/#article\",\"isPartOf\":{\"@id\":\"https:\\\/\\\/www.lovendal.ro\\\/wp52\\\/in-cetatea-zanelor-din-covasna-a-locuit-in-vremuri-imemoriale-celebra-ileana-cosanzeana-se-afla-acolo-o-poarta-stelara-care-duce-catre-alte-lumi\\\/\"},\"author\":{\"name\":\"admin\",\"@id\":\"https:\\\/\\\/www.lovendal.ro\\\/wp52\\\/#\\\/schema\\\/person\\\/088691de5dfc346bb0c023e1e52ef5d9\"},\"headline\":\"\u00cen &#8222;Cetatea Z\u00e2nelor&#8221; din Covasna a locuit \u00een vremuri imemoriale celebra Ileana Cos\u00e2nzeana? Se afl\u0103 acolo o &#8222;poart\u0103 stelar\u0103&#8221; care duce c\u0103tre alte lumi?\",\"datePublished\":\"2019-07-20T07:41:09+00:00\",\"mainEntityOfPage\":{\"@id\":\"https:\\\/\\\/www.lovendal.ro\\\/wp52\\\/in-cetatea-zanelor-din-covasna-a-locuit-in-vremuri-imemoriale-celebra-ileana-cosanzeana-se-afla-acolo-o-poarta-stelara-care-duce-catre-alte-lumi\\\/\"},\"wordCount\":565,\"publisher\":{\"@id\":\"https:\\\/\\\/www.lovendal.ro\\\/wp52\\\/#organization\"},\"image\":{\"@id\":\"https:\\\/\\\/www.lovendal.ro\\\/wp52\\\/in-cetatea-zanelor-din-covasna-a-locuit-in-vremuri-imemoriale-celebra-ileana-cosanzeana-se-afla-acolo-o-poarta-stelara-care-duce-catre-alte-lumi\\\/#primaryimage\"},\"thumbnailUrl\":\"https:\\\/\\\/www.lovendal.ro\\\/wp52\\\/wp-content\\\/uploads\\\/2019\\\/07\\\/cetatea-zanelor-ileana-cosanzeana.jpg\",\"keywords\":[\"balaur\",\"basm\",\"cal\",\"cetate\",\"Cetatea Z\u00e2nelor\",\"coco\u015f\",\"comoar\u0103\",\"Covasna\",\"dimensiune\",\"Einstein\",\"F\u0103t Frumos\",\"fizician\",\"gaur\u0103 de vierme\",\"Ileana Cos\u00e2nzeana\",\"legend\u0103\",\"nunt\u0103\",\"ora\u015f\",\"Petre Ispirescu\",\"poart\u0103 stelar\u0103\",\"pod Einstein-Rosen\",\"Rom\u00e2nia\",\"Romania misterioas\u0103\",\"spa\u0163iu\",\"timp\",\"turn\",\"z\u00e2n\u0103\",\"zmeu\"],\"articleSection\":[\"Romania misterioasa\"],\"inLanguage\":\"ro-RO\"},{\"@type\":\"WebPage\",\"@id\":\"https:\\\/\\\/www.lovendal.ro\\\/wp52\\\/in-cetatea-zanelor-din-covasna-a-locuit-in-vremuri-imemoriale-celebra-ileana-cosanzeana-se-afla-acolo-o-poarta-stelara-care-duce-catre-alte-lumi\\\/\",\"url\":\"https:\\\/\\\/www.lovendal.ro\\\/wp52\\\/in-cetatea-zanelor-din-covasna-a-locuit-in-vremuri-imemoriale-celebra-ileana-cosanzeana-se-afla-acolo-o-poarta-stelara-care-duce-catre-alte-lumi\\\/\",\"name\":\"\u00cen \\\"Cetatea Z\u00e2nelor\\\" din Covasna a locuit \u00een vremuri imemoriale celebra Ileana Cos\u00e2nzeana? Se afl\u0103 acolo o \\\"poart\u0103 stelar\u0103\\\" care duce c\u0103tre alte lumi? - Secretele lui Lovendal\",\"isPartOf\":{\"@id\":\"https:\\\/\\\/www.lovendal.ro\\\/wp52\\\/#website\"},\"primaryImageOfPage\":{\"@id\":\"https:\\\/\\\/www.lovendal.ro\\\/wp52\\\/in-cetatea-zanelor-din-covasna-a-locuit-in-vremuri-imemoriale-celebra-ileana-cosanzeana-se-afla-acolo-o-poarta-stelara-care-duce-catre-alte-lumi\\\/#primaryimage\"},\"image\":{\"@id\":\"https:\\\/\\\/www.lovendal.ro\\\/wp52\\\/in-cetatea-zanelor-din-covasna-a-locuit-in-vremuri-imemoriale-celebra-ileana-cosanzeana-se-afla-acolo-o-poarta-stelara-care-duce-catre-alte-lumi\\\/#primaryimage\"},\"thumbnailUrl\":\"https:\\\/\\\/www.lovendal.ro\\\/wp52\\\/wp-content\\\/uploads\\\/2019\\\/07\\\/cetatea-zanelor-ileana-cosanzeana.jpg\",\"datePublished\":\"2019-07-20T07:41:09+00:00\",\"breadcrumb\":{\"@id\":\"https:\\\/\\\/www.lovendal.ro\\\/wp52\\\/in-cetatea-zanelor-din-covasna-a-locuit-in-vremuri-imemoriale-celebra-ileana-cosanzeana-se-afla-acolo-o-poarta-stelara-care-duce-catre-alte-lumi\\\/#breadcrumb\"},\"inLanguage\":\"ro-RO\",\"potentialAction\":[{\"@type\":\"ReadAction\",\"target\":[\"https:\\\/\\\/www.lovendal.ro\\\/wp52\\\/in-cetatea-zanelor-din-covasna-a-locuit-in-vremuri-imemoriale-celebra-ileana-cosanzeana-se-afla-acolo-o-poarta-stelara-care-duce-catre-alte-lumi\\\/\"]}]},{\"@type\":\"ImageObject\",\"inLanguage\":\"ro-RO\",\"@id\":\"https:\\\/\\\/www.lovendal.ro\\\/wp52\\\/in-cetatea-zanelor-din-covasna-a-locuit-in-vremuri-imemoriale-celebra-ileana-cosanzeana-se-afla-acolo-o-poarta-stelara-care-duce-catre-alte-lumi\\\/#primaryimage\",\"url\":\"https:\\\/\\\/www.lovendal.ro\\\/wp52\\\/wp-content\\\/uploads\\\/2019\\\/07\\\/cetatea-zanelor-ileana-cosanzeana.jpg\",\"contentUrl\":\"https:\\\/\\\/www.lovendal.ro\\\/wp52\\\/wp-content\\\/uploads\\\/2019\\\/07\\\/cetatea-zanelor-ileana-cosanzeana.jpg\",\"width\":341,\"height\":237},{\"@type\":\"BreadcrumbList\",\"@id\":\"https:\\\/\\\/www.lovendal.ro\\\/wp52\\\/in-cetatea-zanelor-din-covasna-a-locuit-in-vremuri-imemoriale-celebra-ileana-cosanzeana-se-afla-acolo-o-poarta-stelara-care-duce-catre-alte-lumi\\\/#breadcrumb\",\"itemListElement\":[{\"@type\":\"ListItem\",\"position\":1,\"name\":\"Home\",\"item\":\"https:\\\/\\\/www.lovendal.ro\\\/wp52\\\/\"},{\"@type\":\"ListItem\",\"position\":2,\"name\":\"\u00cen &#8222;Cetatea Z\u00e2nelor&#8221; din Covasna a locuit \u00een vremuri imemoriale celebra Ileana Cos\u00e2nzeana? Se afl\u0103 acolo o &#8222;poart\u0103 stelar\u0103&#8221; care duce c\u0103tre alte lumi?\"}]},{\"@type\":\"WebSite\",\"@id\":\"https:\\\/\\\/www.lovendal.ro\\\/wp52\\\/#website\",\"url\":\"https:\\\/\\\/www.lovendal.ro\\\/wp52\\\/\",\"name\":\"Secretele lui Lovendal\",\"description\":\"Site de secrete, stiinta si metafizica - din 2008 -\",\"publisher\":{\"@id\":\"https:\\\/\\\/www.lovendal.ro\\\/wp52\\\/#organization\"},\"potentialAction\":[{\"@type\":\"SearchAction\",\"target\":{\"@type\":\"EntryPoint\",\"urlTemplate\":\"https:\\\/\\\/www.lovendal.ro\\\/wp52\\\/?s={search_term_string}\"},\"query-input\":{\"@type\":\"PropertyValueSpecification\",\"valueRequired\":true,\"valueName\":\"search_term_string\"}}],\"inLanguage\":\"ro-RO\"},{\"@type\":\"Organization\",\"@id\":\"https:\\\/\\\/www.lovendal.ro\\\/wp52\\\/#organization\",\"name\":\"Secretele lui Lovendal\",\"url\":\"https:\\\/\\\/www.lovendal.ro\\\/wp52\\\/\",\"logo\":{\"@type\":\"ImageObject\",\"inLanguage\":\"ro-RO\",\"@id\":\"https:\\\/\\\/www.lovendal.ro\\\/wp52\\\/#\\\/schema\\\/logo\\\/image\\\/\",\"url\":\"https:\\\/\\\/www.lovendal.ro\\\/wp52\\\/wp-content\\\/uploads\\\/2024\\\/06\\\/cropped-SLL-iun-2024-1.jpg\",\"contentUrl\":\"https:\\\/\\\/www.lovendal.ro\\\/wp52\\\/wp-content\\\/uploads\\\/2024\\\/06\\\/cropped-SLL-iun-2024-1.jpg\",\"width\":771,\"height\":240,\"caption\":\"Secretele lui Lovendal\"},\"image\":{\"@id\":\"https:\\\/\\\/www.lovendal.ro\\\/wp52\\\/#\\\/schema\\\/logo\\\/image\\\/\"},\"sameAs\":[\"https:\\\/\\\/www.facebook.com\\\/secreteleluilovendal\"]},{\"@type\":\"Person\",\"@id\":\"https:\\\/\\\/www.lovendal.ro\\\/wp52\\\/#\\\/schema\\\/person\\\/088691de5dfc346bb0c023e1e52ef5d9\",\"name\":\"admin\",\"image\":{\"@type\":\"ImageObject\",\"inLanguage\":\"ro-RO\",\"@id\":\"https:\\\/\\\/secure.gravatar.com\\\/avatar\\\/ecb9cd41f5f63c9c9b989999a59f6e2639a865ec361e9db054db0679a8f341c2?s=96&d=mm&r=g\",\"url\":\"https:\\\/\\\/secure.gravatar.com\\\/avatar\\\/ecb9cd41f5f63c9c9b989999a59f6e2639a865ec361e9db054db0679a8f341c2?s=96&d=mm&r=g\",\"contentUrl\":\"https:\\\/\\\/secure.gravatar.com\\\/avatar\\\/ecb9cd41f5f63c9c9b989999a59f6e2639a865ec361e9db054db0679a8f341c2?s=96&d=mm&r=g\",\"caption\":\"admin\"},\"sameAs\":[\"https:\\\/\\\/www.lovendal.ro\\\/wp52\"]}]}<\/script>\n<!-- \/ Yoast SEO Premium plugin. -->","yoast_head_json":{"title":"\u00cen \"Cetatea Z\u00e2nelor\" din Covasna a locuit \u00een vremuri imemoriale celebra Ileana Cos\u00e2nzeana? Se afl\u0103 acolo o \"poart\u0103 stelar\u0103\" care duce c\u0103tre alte lumi? - Secretele lui Lovendal","robots":{"index":"index","follow":"follow","max-snippet":"max-snippet:-1","max-image-preview":"max-image-preview:large","max-video-preview":"max-video-preview:-1"},"canonical":"https:\/\/www.lovendal.ro\/wp52\/in-cetatea-zanelor-din-covasna-a-locuit-in-vremuri-imemoriale-celebra-ileana-cosanzeana-se-afla-acolo-o-poarta-stelara-care-duce-catre-alte-lumi\/","og_locale":"ro_RO","og_type":"article","og_title":"\u00cen \"Cetatea Z\u00e2nelor\" din Covasna a locuit \u00een vremuri imemoriale celebra Ileana Cos\u00e2nzeana? Se afl\u0103 acolo o \"poart\u0103 stelar\u0103\" care duce c\u0103tre alte lumi?","og_description":"Avem o \u0163ar\u0103 minunat\u0103, iar multe locuri din Rom\u00e2nia par a fi \u00eenc\u0103rcate de legende \u015fi mister. Iar unul din aceste locuri este Covasna; aici exist\u0103 o cetate &#8211; Cetatea Miske (sau Cetatea Z\u00e2nelor), care este situat\u0103 nu departe de ... Cititi mai multe","og_url":"https:\/\/www.lovendal.ro\/wp52\/in-cetatea-zanelor-din-covasna-a-locuit-in-vremuri-imemoriale-celebra-ileana-cosanzeana-se-afla-acolo-o-poarta-stelara-care-duce-catre-alte-lumi\/","og_site_name":"Secretele lui Lovendal","article_publisher":"https:\/\/www.facebook.com\/secreteleluilovendal","article_published_time":"2019-07-20T07:41:09+00:00","og_image":[{"width":341,"height":237,"url":"https:\/\/www.lovendal.ro\/wp52\/wp-content\/uploads\/2019\/07\/cetatea-zanelor-ileana-cosanzeana.jpg","type":"image\/jpeg"}],"author":"admin","twitter_card":"summary_large_image","twitter_misc":{"Scris de":"admin","Timp estimat pentru citire":"3 minute"},"schema":{"@context":"https:\/\/schema.org","@graph":[{"@type":"Article","@id":"https:\/\/www.lovendal.ro\/wp52\/in-cetatea-zanelor-din-covasna-a-locuit-in-vremuri-imemoriale-celebra-ileana-cosanzeana-se-afla-acolo-o-poarta-stelara-care-duce-catre-alte-lumi\/#article","isPartOf":{"@id":"https:\/\/www.lovendal.ro\/wp52\/in-cetatea-zanelor-din-covasna-a-locuit-in-vremuri-imemoriale-celebra-ileana-cosanzeana-se-afla-acolo-o-poarta-stelara-care-duce-catre-alte-lumi\/"},"author":{"name":"admin","@id":"https:\/\/www.lovendal.ro\/wp52\/#\/schema\/person\/088691de5dfc346bb0c023e1e52ef5d9"},"headline":"\u00cen &#8222;Cetatea Z\u00e2nelor&#8221; din Covasna a locuit \u00een vremuri imemoriale celebra Ileana Cos\u00e2nzeana? Se afl\u0103 acolo o &#8222;poart\u0103 stelar\u0103&#8221; care duce c\u0103tre alte lumi?","datePublished":"2019-07-20T07:41:09+00:00","mainEntityOfPage":{"@id":"https:\/\/www.lovendal.ro\/wp52\/in-cetatea-zanelor-din-covasna-a-locuit-in-vremuri-imemoriale-celebra-ileana-cosanzeana-se-afla-acolo-o-poarta-stelara-care-duce-catre-alte-lumi\/"},"wordCount":565,"publisher":{"@id":"https:\/\/www.lovendal.ro\/wp52\/#organization"},"image":{"@id":"https:\/\/www.lovendal.ro\/wp52\/in-cetatea-zanelor-din-covasna-a-locuit-in-vremuri-imemoriale-celebra-ileana-cosanzeana-se-afla-acolo-o-poarta-stelara-care-duce-catre-alte-lumi\/#primaryimage"},"thumbnailUrl":"https:\/\/www.lovendal.ro\/wp52\/wp-content\/uploads\/2019\/07\/cetatea-zanelor-ileana-cosanzeana.jpg","keywords":["balaur","basm","cal","cetate","Cetatea Z\u00e2nelor","coco\u015f","comoar\u0103","Covasna","dimensiune","Einstein","F\u0103t Frumos","fizician","gaur\u0103 de vierme","Ileana Cos\u00e2nzeana","legend\u0103","nunt\u0103","ora\u015f","Petre Ispirescu","poart\u0103 stelar\u0103","pod Einstein-Rosen","Rom\u00e2nia","Romania misterioas\u0103","spa\u0163iu","timp","turn","z\u00e2n\u0103","zmeu"],"articleSection":["Romania misterioasa"],"inLanguage":"ro-RO"},{"@type":"WebPage","@id":"https:\/\/www.lovendal.ro\/wp52\/in-cetatea-zanelor-din-covasna-a-locuit-in-vremuri-imemoriale-celebra-ileana-cosanzeana-se-afla-acolo-o-poarta-stelara-care-duce-catre-alte-lumi\/","url":"https:\/\/www.lovendal.ro\/wp52\/in-cetatea-zanelor-din-covasna-a-locuit-in-vremuri-imemoriale-celebra-ileana-cosanzeana-se-afla-acolo-o-poarta-stelara-care-duce-catre-alte-lumi\/","name":"\u00cen \"Cetatea Z\u00e2nelor\" din Covasna a locuit \u00een vremuri imemoriale celebra Ileana Cos\u00e2nzeana? Se afl\u0103 acolo o \"poart\u0103 stelar\u0103\" care duce c\u0103tre alte lumi? - Secretele lui Lovendal","isPartOf":{"@id":"https:\/\/www.lovendal.ro\/wp52\/#website"},"primaryImageOfPage":{"@id":"https:\/\/www.lovendal.ro\/wp52\/in-cetatea-zanelor-din-covasna-a-locuit-in-vremuri-imemoriale-celebra-ileana-cosanzeana-se-afla-acolo-o-poarta-stelara-care-duce-catre-alte-lumi\/#primaryimage"},"image":{"@id":"https:\/\/www.lovendal.ro\/wp52\/in-cetatea-zanelor-din-covasna-a-locuit-in-vremuri-imemoriale-celebra-ileana-cosanzeana-se-afla-acolo-o-poarta-stelara-care-duce-catre-alte-lumi\/#primaryimage"},"thumbnailUrl":"https:\/\/www.lovendal.ro\/wp52\/wp-content\/uploads\/2019\/07\/cetatea-zanelor-ileana-cosanzeana.jpg","datePublished":"2019-07-20T07:41:09+00:00","breadcrumb":{"@id":"https:\/\/www.lovendal.ro\/wp52\/in-cetatea-zanelor-din-covasna-a-locuit-in-vremuri-imemoriale-celebra-ileana-cosanzeana-se-afla-acolo-o-poarta-stelara-care-duce-catre-alte-lumi\/#breadcrumb"},"inLanguage":"ro-RO","potentialAction":[{"@type":"ReadAction","target":["https:\/\/www.lovendal.ro\/wp52\/in-cetatea-zanelor-din-covasna-a-locuit-in-vremuri-imemoriale-celebra-ileana-cosanzeana-se-afla-acolo-o-poarta-stelara-care-duce-catre-alte-lumi\/"]}]},{"@type":"ImageObject","inLanguage":"ro-RO","@id":"https:\/\/www.lovendal.ro\/wp52\/in-cetatea-zanelor-din-covasna-a-locuit-in-vremuri-imemoriale-celebra-ileana-cosanzeana-se-afla-acolo-o-poarta-stelara-care-duce-catre-alte-lumi\/#primaryimage","url":"https:\/\/www.lovendal.ro\/wp52\/wp-content\/uploads\/2019\/07\/cetatea-zanelor-ileana-cosanzeana.jpg","contentUrl":"https:\/\/www.lovendal.ro\/wp52\/wp-content\/uploads\/2019\/07\/cetatea-zanelor-ileana-cosanzeana.jpg","width":341,"height":237},{"@type":"BreadcrumbList","@id":"https:\/\/www.lovendal.ro\/wp52\/in-cetatea-zanelor-din-covasna-a-locuit-in-vremuri-imemoriale-celebra-ileana-cosanzeana-se-afla-acolo-o-poarta-stelara-care-duce-catre-alte-lumi\/#breadcrumb","itemListElement":[{"@type":"ListItem","position":1,"name":"Home","item":"https:\/\/www.lovendal.ro\/wp52\/"},{"@type":"ListItem","position":2,"name":"\u00cen &#8222;Cetatea Z\u00e2nelor&#8221; din Covasna a locuit \u00een vremuri imemoriale celebra Ileana Cos\u00e2nzeana? Se afl\u0103 acolo o &#8222;poart\u0103 stelar\u0103&#8221; care duce c\u0103tre alte lumi?"}]},{"@type":"WebSite","@id":"https:\/\/www.lovendal.ro\/wp52\/#website","url":"https:\/\/www.lovendal.ro\/wp52\/","name":"Secretele lui Lovendal","description":"Site de secrete, stiinta si metafizica - din 2008 -","publisher":{"@id":"https:\/\/www.lovendal.ro\/wp52\/#organization"},"potentialAction":[{"@type":"SearchAction","target":{"@type":"EntryPoint","urlTemplate":"https:\/\/www.lovendal.ro\/wp52\/?s={search_term_string}"},"query-input":{"@type":"PropertyValueSpecification","valueRequired":true,"valueName":"search_term_string"}}],"inLanguage":"ro-RO"},{"@type":"Organization","@id":"https:\/\/www.lovendal.ro\/wp52\/#organization","name":"Secretele lui Lovendal","url":"https:\/\/www.lovendal.ro\/wp52\/","logo":{"@type":"ImageObject","inLanguage":"ro-RO","@id":"https:\/\/www.lovendal.ro\/wp52\/#\/schema\/logo\/image\/","url":"https:\/\/www.lovendal.ro\/wp52\/wp-content\/uploads\/2024\/06\/cropped-SLL-iun-2024-1.jpg","contentUrl":"https:\/\/www.lovendal.ro\/wp52\/wp-content\/uploads\/2024\/06\/cropped-SLL-iun-2024-1.jpg","width":771,"height":240,"caption":"Secretele lui Lovendal"},"image":{"@id":"https:\/\/www.lovendal.ro\/wp52\/#\/schema\/logo\/image\/"},"sameAs":["https:\/\/www.facebook.com\/secreteleluilovendal"]},{"@type":"Person","@id":"https:\/\/www.lovendal.ro\/wp52\/#\/schema\/person\/088691de5dfc346bb0c023e1e52ef5d9","name":"admin","image":{"@type":"ImageObject","inLanguage":"ro-RO","@id":"https:\/\/secure.gravatar.com\/avatar\/ecb9cd41f5f63c9c9b989999a59f6e2639a865ec361e9db054db0679a8f341c2?s=96&d=mm&r=g","url":"https:\/\/secure.gravatar.com\/avatar\/ecb9cd41f5f63c9c9b989999a59f6e2639a865ec361e9db054db0679a8f341c2?s=96&d=mm&r=g","contentUrl":"https:\/\/secure.gravatar.com\/avatar\/ecb9cd41f5f63c9c9b989999a59f6e2639a865ec361e9db054db0679a8f341c2?s=96&d=mm&r=g","caption":"admin"},"sameAs":["https:\/\/www.lovendal.ro\/wp52"]}]}},"_links":{"self":[{"href":"https:\/\/www.lovendal.ro\/wp52\/wp-json\/wp\/v2\/posts\/63127","targetHints":{"allow":["GET"]}}],"collection":[{"href":"https:\/\/www.lovendal.ro\/wp52\/wp-json\/wp\/v2\/posts"}],"about":[{"href":"https:\/\/www.lovendal.ro\/wp52\/wp-json\/wp\/v2\/types\/post"}],"author":[{"embeddable":true,"href":"https:\/\/www.lovendal.ro\/wp52\/wp-json\/wp\/v2\/users\/1"}],"replies":[{"embeddable":true,"href":"https:\/\/www.lovendal.ro\/wp52\/wp-json\/wp\/v2\/comments?post=63127"}],"version-history":[{"count":0,"href":"https:\/\/www.lovendal.ro\/wp52\/wp-json\/wp\/v2\/posts\/63127\/revisions"}],"wp:featuredmedia":[{"embeddable":true,"href":"https:\/\/www.lovendal.ro\/wp52\/wp-json\/wp\/v2\/media\/63128"}],"wp:attachment":[{"href":"https:\/\/www.lovendal.ro\/wp52\/wp-json\/wp\/v2\/media?parent=63127"}],"wp:term":[{"taxonomy":"category","embeddable":true,"href":"https:\/\/www.lovendal.ro\/wp52\/wp-json\/wp\/v2\/categories?post=63127"},{"taxonomy":"post_tag","embeddable":true,"href":"https:\/\/www.lovendal.ro\/wp52\/wp-json\/wp\/v2\/tags?post=63127"}],"curies":[{"name":"wp","href":"https:\/\/api.w.org\/{rel}","templated":true}]}}