{"id":63122,"date":"2019-07-19T17:33:38","date_gmt":"2019-07-19T14:33:38","guid":{"rendered":"https:\/\/www.lovendal.ro\/wp52\/?p=63122"},"modified":"2019-07-19T17:33:38","modified_gmt":"2019-07-19T14:33:38","slug":"misteriosul-tren-cu-aur-nazist-dintr-o-mina-din-valcea-ce-s-a-intamplat-cu-el","status":"publish","type":"post","link":"https:\/\/www.lovendal.ro\/wp52\/misteriosul-tren-cu-aur-nazist-dintr-o-mina-din-valcea-ce-s-a-intamplat-cu-el\/","title":{"rendered":"Misteriosul tren cu aur nazist dintr-o min\u0103 din V\u00e2lcea &#8211; ce s-a \u00eent\u00e2mplat cu el?"},"content":{"rendered":"<figure id=\"attachment_63123\" aria-describedby=\"caption-attachment-63123\" style=\"width: 330px\" class=\"wp-caption alignleft\"><a href=\"https:\/\/www.lovendal.ro\/wp52\/wp-content\/uploads\/2019\/07\/tren-cu-aur-nazist.jpg\"><img loading=\"lazy\" decoding=\"async\" class=\"size-full wp-image-63123\" src=\"https:\/\/www.lovendal.ro\/wp52\/wp-content\/uploads\/2019\/07\/tren-cu-aur-nazist.jpg\" alt=\"\" width=\"340\" height=\"223\" srcset=\"https:\/\/www.lovendal.ro\/wp52\/wp-content\/uploads\/2019\/07\/tren-cu-aur-nazist.jpg 340w, https:\/\/www.lovendal.ro\/wp52\/wp-content\/uploads\/2019\/07\/tren-cu-aur-nazist-300x197.jpg 300w\" sizes=\"auto, (max-width: 340px) 100vw, 340px\" \/><\/a><figcaption id=\"caption-attachment-63123\" class=\"wp-caption-text\">Layout 1<\/figcaption><\/figure>\n<p>Exist\u0103 o legend\u0103 privind un tren de aur nazist, care con\u0163inea multe din bog\u0103\u0163iile Poloniei, \u015fi care a fost \u00eengropat \u015fi ascuns la sf\u00e2r\u015fitul celui de-al doilea r\u0103zboi mondial. \u00cen timpul ocupa\u0163iei naziste (\u00eentre 1939 \u015fi 1945), Polonia a fost jefuit\u0103 de un tezaur, incluz\u00e2nd rezervele de aur ale B\u0103ncii Na\u0163ionale, pietre pre\u0163ioase \u015fi diferite opere de art\u0103. \u00cen mai 1945, exist\u00e2nd riscul ca tezaurul s\u0103 cad\u0103 \u00een m\u00e2inile ru\u015filor, nem\u0163ii trimit un tren blindat pentru a ascunde acest tezaur. Potrivit legendelor locale, trenul a intrat \u00een tunelul de l\u00e2ng\u0103 Castelul Ksiaz (Polonia) \u015fi nu a mai ie\u015fit niciodat\u0103. \u00cen anul 2015, o \u015ftire f\u0103cea \u00eenconjurul lumii, precum c\u0103 doi b\u0103rba\u0163i ar fi descoperit trenul de aur nazist, dar refuz\u0103 s\u0103 dezv\u0103luie locul p\u00e2n\u0103 nu primesc o recompens\u0103 substan\u0163ial\u0103. P\u00e2n\u0103 la urm\u0103 nu s-a mai \u00eent\u00e2mplat nimic de atunci, iar trenul de aur nazist din Polonia r\u0103m\u00e2ne deocamdat\u0103 o legend\u0103&#8230;<\/p>\n<p>La fel de &#8222;legend\u0103&#8221; este \u015fi urm\u0103toarea poveste, publicat\u0103 \u00een anul 2016 \u00een cotidianul on-line <a href=\"http:\/\/www.ramnicuvalceaweek.ro\/?p=20007&amp;fbclid=IwAR0h_q2qbj0QvMc1x8aRPqX_zoXfqxFU9VXi005cnOma5JDrx_elPQWP-RY\" target=\"_blank\" rel=\"noopener noreferrer\"><strong>ramnicuvalceaweek.ro<\/strong><\/a>, \u015fi care vorbe\u015fte tot de un presupus tren cu aur \u00eengropat de nazi\u015fti \u00een Mina lui Stan din Brezoi (jude\u0163ul V\u00e2lcea).<\/p>\n<p>Articolul spune c\u0103 pe Valea Lotrului s-a explotat aur \u00een dou\u0103 mine: una la Valea lui Stan \u015fi alta la Cataracte. Ambele mine au fost exploatate de nazi\u015fti din 1940 p\u00e2n\u0103 \u00een 23 august 1944, av\u00e2nd ca lucr\u0103tori prizonieri ru\u015fi (circa 1.000). Vine \u015fi ziua de 23 august 1944, c\u00e2nd Rom\u00e2nia, \u00een urma loviturii de stat, declar\u0103 r\u0103zboi Germaniei. Un tren plin cu aur se afla \u00een min\u0103; comandamentul nazist de la Mina lui Stan prime\u015fte ordin de a distruge tot; mina este \u00eendesat\u0103 cu explozibil, iar tot muntele se n\u0103ruie \u015fi \u00eenghite trenul cu aur.<\/p>\n<p>C\u0103 este sau nu legend\u0103, nu vom \u015fti poate niciodat\u0103. Foarte interesant este \u00eens\u0103 comentariul unui cititor din acel articol:<em> &#8222;Trenul \u0103la a fost g\u0103sit \u00een anii 60. Cunosc povestea de la un martor ocular. M\u0103 mir c\u0103 cineva a r\u0103scolit aceste amintiri\u2026&#8221;<\/em><\/p>\n","protected":false},"excerpt":{"rendered":"<p>Exist\u0103 o legend\u0103 privind un tren de aur nazist, care con\u0163inea multe din bog\u0103\u0163iile Poloniei, \u015fi care a fost \u00eengropat \u015fi ascuns la sf\u00e2r\u015fitul celui de-al doilea r\u0103zboi mondial. \u00cen timpul ocupa\u0163iei naziste (\u00eentre 1939 \u015fi 1945), Polonia a fost &#8230; <\/p>\n<p class=\"read-more-container\"><a title=\"Misteriosul tren cu aur nazist dintr-o min\u0103 din V\u00e2lcea &#8211; ce s-a \u00eent\u00e2mplat cu el?\" class=\"read-more button\" href=\"https:\/\/www.lovendal.ro\/wp52\/misteriosul-tren-cu-aur-nazist-dintr-o-mina-din-valcea-ce-s-a-intamplat-cu-el\/#more-63122\" aria-label=\"Cite\u0219te mai multe despre Misteriosul tren cu aur nazist dintr-o min\u0103 din V\u00e2lcea &#8211; ce s-a \u00eent\u00e2mplat cu el?\">Cititi mai multe<\/a><\/p>\n","protected":false},"author":1,"featured_media":63123,"comment_status":"closed","ping_status":"open","sticky":false,"template":"","format":"standard","meta":{"footnotes":""},"categories":[9],"tags":[685,325,4554,203,1532,1899,6203,3207,3337,5387,583,74,2822,2078,1995,5290],"class_list":["post-63122","post","type-post","status-publish","format-standard","has-post-thumbnail","hentry","category-istorie","tag-aur","tag-castel","tag-cel-de-al-doilea-razboi-mondial","tag-germania","tag-istorie-si-civilizatii","tag-legenda","tag-lovitura-de-stat","tag-mina","tag-nazisti","tag-pietre-pretioase","tag-polonia","tag-romania","tag-rusi","tag-tren","tag-tunel","tag-valcea"],"yoast_head":"<!-- This site is optimized with the Yoast SEO Premium plugin v23.3 (Yoast SEO v27.4) - https:\/\/yoast.com\/product\/yoast-seo-premium-wordpress\/ -->\n<title>Misteriosul tren cu aur nazist dintr-o min\u0103 din V\u00e2lcea - ce s-a \u00eent\u00e2mplat cu el? - Secretele lui Lovendal<\/title>\n<meta name=\"robots\" content=\"index, follow, max-snippet:-1, max-image-preview:large, max-video-preview:-1\" \/>\n<link rel=\"canonical\" href=\"https:\/\/www.lovendal.ro\/wp52\/misteriosul-tren-cu-aur-nazist-dintr-o-mina-din-valcea-ce-s-a-intamplat-cu-el\/\" \/>\n<meta property=\"og:locale\" content=\"ro_RO\" \/>\n<meta property=\"og:type\" content=\"article\" \/>\n<meta property=\"og:title\" content=\"Misteriosul tren cu aur nazist dintr-o min\u0103 din V\u00e2lcea - ce s-a \u00eent\u00e2mplat cu el?\" \/>\n<meta property=\"og:description\" content=\"Exist\u0103 o legend\u0103 privind un tren de aur nazist, care con\u0163inea multe din bog\u0103\u0163iile Poloniei, \u015fi care a fost \u00eengropat \u015fi ascuns la sf\u00e2r\u015fitul celui de-al doilea r\u0103zboi mondial. \u00cen timpul ocupa\u0163iei naziste (\u00eentre 1939 \u015fi 1945), Polonia a fost ... Cititi mai multe\" \/>\n<meta property=\"og:url\" content=\"https:\/\/www.lovendal.ro\/wp52\/misteriosul-tren-cu-aur-nazist-dintr-o-mina-din-valcea-ce-s-a-intamplat-cu-el\/\" \/>\n<meta property=\"og:site_name\" content=\"Secretele lui Lovendal\" \/>\n<meta property=\"article:publisher\" content=\"https:\/\/www.facebook.com\/secreteleluilovendal\" \/>\n<meta property=\"article:published_time\" content=\"2019-07-19T14:33:38+00:00\" \/>\n<meta property=\"og:image\" content=\"https:\/\/www.lovendal.ro\/wp52\/wp-content\/uploads\/2019\/07\/tren-cu-aur-nazist.jpg\" \/>\n\t<meta property=\"og:image:width\" content=\"340\" \/>\n\t<meta property=\"og:image:height\" content=\"223\" \/>\n\t<meta property=\"og:image:type\" content=\"image\/jpeg\" \/>\n<meta name=\"author\" content=\"admin\" \/>\n<meta name=\"twitter:card\" content=\"summary_large_image\" \/>\n<meta name=\"twitter:label1\" content=\"Scris de\" \/>\n\t<meta name=\"twitter:data1\" content=\"admin\" \/>\n\t<meta name=\"twitter:label2\" content=\"Timp estimat pentru citire\" \/>\n\t<meta name=\"twitter:data2\" content=\"2 minute\" \/>\n<script type=\"application\/ld+json\" class=\"yoast-schema-graph\">{\"@context\":\"https:\\\/\\\/schema.org\",\"@graph\":[{\"@type\":\"Article\",\"@id\":\"https:\\\/\\\/www.lovendal.ro\\\/wp52\\\/misteriosul-tren-cu-aur-nazist-dintr-o-mina-din-valcea-ce-s-a-intamplat-cu-el\\\/#article\",\"isPartOf\":{\"@id\":\"https:\\\/\\\/www.lovendal.ro\\\/wp52\\\/misteriosul-tren-cu-aur-nazist-dintr-o-mina-din-valcea-ce-s-a-intamplat-cu-el\\\/\"},\"author\":{\"name\":\"admin\",\"@id\":\"https:\\\/\\\/www.lovendal.ro\\\/wp52\\\/#\\\/schema\\\/person\\\/088691de5dfc346bb0c023e1e52ef5d9\"},\"headline\":\"Misteriosul tren cu aur nazist dintr-o min\u0103 din V\u00e2lcea &#8211; ce s-a \u00eent\u00e2mplat cu el?\",\"datePublished\":\"2019-07-19T14:33:38+00:00\",\"mainEntityOfPage\":{\"@id\":\"https:\\\/\\\/www.lovendal.ro\\\/wp52\\\/misteriosul-tren-cu-aur-nazist-dintr-o-mina-din-valcea-ce-s-a-intamplat-cu-el\\\/\"},\"wordCount\":383,\"publisher\":{\"@id\":\"https:\\\/\\\/www.lovendal.ro\\\/wp52\\\/#organization\"},\"image\":{\"@id\":\"https:\\\/\\\/www.lovendal.ro\\\/wp52\\\/misteriosul-tren-cu-aur-nazist-dintr-o-mina-din-valcea-ce-s-a-intamplat-cu-el\\\/#primaryimage\"},\"thumbnailUrl\":\"https:\\\/\\\/www.lovendal.ro\\\/wp52\\\/wp-content\\\/uploads\\\/2019\\\/07\\\/tren-cu-aur-nazist.jpg\",\"keywords\":[\"aur\",\"castel\",\"cel de-al doilea r\u0103zboi mondial\",\"Germania\",\"Istorie si Civilizatii\",\"legend\u0103\",\"lovitur\u0103 de stat\",\"min\u0103\",\"nazi\u015fti\",\"pietre pre\u0163ioase\",\"Polonia\",\"Rom\u00e2nia\",\"ru\u015fi\",\"tren\",\"tunel\",\"V\u00e2lcea\"],\"articleSection\":[\"Istorie si Civilizatii\"],\"inLanguage\":\"ro-RO\"},{\"@type\":\"WebPage\",\"@id\":\"https:\\\/\\\/www.lovendal.ro\\\/wp52\\\/misteriosul-tren-cu-aur-nazist-dintr-o-mina-din-valcea-ce-s-a-intamplat-cu-el\\\/\",\"url\":\"https:\\\/\\\/www.lovendal.ro\\\/wp52\\\/misteriosul-tren-cu-aur-nazist-dintr-o-mina-din-valcea-ce-s-a-intamplat-cu-el\\\/\",\"name\":\"Misteriosul tren cu aur nazist dintr-o min\u0103 din V\u00e2lcea - ce s-a \u00eent\u00e2mplat cu el? - Secretele lui Lovendal\",\"isPartOf\":{\"@id\":\"https:\\\/\\\/www.lovendal.ro\\\/wp52\\\/#website\"},\"primaryImageOfPage\":{\"@id\":\"https:\\\/\\\/www.lovendal.ro\\\/wp52\\\/misteriosul-tren-cu-aur-nazist-dintr-o-mina-din-valcea-ce-s-a-intamplat-cu-el\\\/#primaryimage\"},\"image\":{\"@id\":\"https:\\\/\\\/www.lovendal.ro\\\/wp52\\\/misteriosul-tren-cu-aur-nazist-dintr-o-mina-din-valcea-ce-s-a-intamplat-cu-el\\\/#primaryimage\"},\"thumbnailUrl\":\"https:\\\/\\\/www.lovendal.ro\\\/wp52\\\/wp-content\\\/uploads\\\/2019\\\/07\\\/tren-cu-aur-nazist.jpg\",\"datePublished\":\"2019-07-19T14:33:38+00:00\",\"breadcrumb\":{\"@id\":\"https:\\\/\\\/www.lovendal.ro\\\/wp52\\\/misteriosul-tren-cu-aur-nazist-dintr-o-mina-din-valcea-ce-s-a-intamplat-cu-el\\\/#breadcrumb\"},\"inLanguage\":\"ro-RO\",\"potentialAction\":[{\"@type\":\"ReadAction\",\"target\":[\"https:\\\/\\\/www.lovendal.ro\\\/wp52\\\/misteriosul-tren-cu-aur-nazist-dintr-o-mina-din-valcea-ce-s-a-intamplat-cu-el\\\/\"]}]},{\"@type\":\"ImageObject\",\"inLanguage\":\"ro-RO\",\"@id\":\"https:\\\/\\\/www.lovendal.ro\\\/wp52\\\/misteriosul-tren-cu-aur-nazist-dintr-o-mina-din-valcea-ce-s-a-intamplat-cu-el\\\/#primaryimage\",\"url\":\"https:\\\/\\\/www.lovendal.ro\\\/wp52\\\/wp-content\\\/uploads\\\/2019\\\/07\\\/tren-cu-aur-nazist.jpg\",\"contentUrl\":\"https:\\\/\\\/www.lovendal.ro\\\/wp52\\\/wp-content\\\/uploads\\\/2019\\\/07\\\/tren-cu-aur-nazist.jpg\",\"width\":340,\"height\":223,\"caption\":\"Layout 1\"},{\"@type\":\"BreadcrumbList\",\"@id\":\"https:\\\/\\\/www.lovendal.ro\\\/wp52\\\/misteriosul-tren-cu-aur-nazist-dintr-o-mina-din-valcea-ce-s-a-intamplat-cu-el\\\/#breadcrumb\",\"itemListElement\":[{\"@type\":\"ListItem\",\"position\":1,\"name\":\"Home\",\"item\":\"https:\\\/\\\/www.lovendal.ro\\\/wp52\\\/\"},{\"@type\":\"ListItem\",\"position\":2,\"name\":\"Misteriosul tren cu aur nazist dintr-o min\u0103 din V\u00e2lcea &#8211; ce s-a \u00eent\u00e2mplat cu el?\"}]},{\"@type\":\"WebSite\",\"@id\":\"https:\\\/\\\/www.lovendal.ro\\\/wp52\\\/#website\",\"url\":\"https:\\\/\\\/www.lovendal.ro\\\/wp52\\\/\",\"name\":\"Secretele lui Lovendal\",\"description\":\"Site de secrete, stiinta si metafizica - din 2008 -\",\"publisher\":{\"@id\":\"https:\\\/\\\/www.lovendal.ro\\\/wp52\\\/#organization\"},\"potentialAction\":[{\"@type\":\"SearchAction\",\"target\":{\"@type\":\"EntryPoint\",\"urlTemplate\":\"https:\\\/\\\/www.lovendal.ro\\\/wp52\\\/?s={search_term_string}\"},\"query-input\":{\"@type\":\"PropertyValueSpecification\",\"valueRequired\":true,\"valueName\":\"search_term_string\"}}],\"inLanguage\":\"ro-RO\"},{\"@type\":\"Organization\",\"@id\":\"https:\\\/\\\/www.lovendal.ro\\\/wp52\\\/#organization\",\"name\":\"Secretele lui Lovendal\",\"url\":\"https:\\\/\\\/www.lovendal.ro\\\/wp52\\\/\",\"logo\":{\"@type\":\"ImageObject\",\"inLanguage\":\"ro-RO\",\"@id\":\"https:\\\/\\\/www.lovendal.ro\\\/wp52\\\/#\\\/schema\\\/logo\\\/image\\\/\",\"url\":\"https:\\\/\\\/www.lovendal.ro\\\/wp52\\\/wp-content\\\/uploads\\\/2024\\\/06\\\/cropped-SLL-iun-2024-1.jpg\",\"contentUrl\":\"https:\\\/\\\/www.lovendal.ro\\\/wp52\\\/wp-content\\\/uploads\\\/2024\\\/06\\\/cropped-SLL-iun-2024-1.jpg\",\"width\":771,\"height\":240,\"caption\":\"Secretele lui Lovendal\"},\"image\":{\"@id\":\"https:\\\/\\\/www.lovendal.ro\\\/wp52\\\/#\\\/schema\\\/logo\\\/image\\\/\"},\"sameAs\":[\"https:\\\/\\\/www.facebook.com\\\/secreteleluilovendal\"]},{\"@type\":\"Person\",\"@id\":\"https:\\\/\\\/www.lovendal.ro\\\/wp52\\\/#\\\/schema\\\/person\\\/088691de5dfc346bb0c023e1e52ef5d9\",\"name\":\"admin\",\"image\":{\"@type\":\"ImageObject\",\"inLanguage\":\"ro-RO\",\"@id\":\"https:\\\/\\\/secure.gravatar.com\\\/avatar\\\/ecb9cd41f5f63c9c9b989999a59f6e2639a865ec361e9db054db0679a8f341c2?s=96&d=mm&r=g\",\"url\":\"https:\\\/\\\/secure.gravatar.com\\\/avatar\\\/ecb9cd41f5f63c9c9b989999a59f6e2639a865ec361e9db054db0679a8f341c2?s=96&d=mm&r=g\",\"contentUrl\":\"https:\\\/\\\/secure.gravatar.com\\\/avatar\\\/ecb9cd41f5f63c9c9b989999a59f6e2639a865ec361e9db054db0679a8f341c2?s=96&d=mm&r=g\",\"caption\":\"admin\"},\"sameAs\":[\"https:\\\/\\\/www.lovendal.ro\\\/wp52\"]}]}<\/script>\n<!-- \/ Yoast SEO Premium plugin. -->","yoast_head_json":{"title":"Misteriosul tren cu aur nazist dintr-o min\u0103 din V\u00e2lcea - ce s-a \u00eent\u00e2mplat cu el? - Secretele lui Lovendal","robots":{"index":"index","follow":"follow","max-snippet":"max-snippet:-1","max-image-preview":"max-image-preview:large","max-video-preview":"max-video-preview:-1"},"canonical":"https:\/\/www.lovendal.ro\/wp52\/misteriosul-tren-cu-aur-nazist-dintr-o-mina-din-valcea-ce-s-a-intamplat-cu-el\/","og_locale":"ro_RO","og_type":"article","og_title":"Misteriosul tren cu aur nazist dintr-o min\u0103 din V\u00e2lcea - ce s-a \u00eent\u00e2mplat cu el?","og_description":"Exist\u0103 o legend\u0103 privind un tren de aur nazist, care con\u0163inea multe din bog\u0103\u0163iile Poloniei, \u015fi care a fost \u00eengropat \u015fi ascuns la sf\u00e2r\u015fitul celui de-al doilea r\u0103zboi mondial. \u00cen timpul ocupa\u0163iei naziste (\u00eentre 1939 \u015fi 1945), Polonia a fost ... Cititi mai multe","og_url":"https:\/\/www.lovendal.ro\/wp52\/misteriosul-tren-cu-aur-nazist-dintr-o-mina-din-valcea-ce-s-a-intamplat-cu-el\/","og_site_name":"Secretele lui Lovendal","article_publisher":"https:\/\/www.facebook.com\/secreteleluilovendal","article_published_time":"2019-07-19T14:33:38+00:00","og_image":[{"width":340,"height":223,"url":"https:\/\/www.lovendal.ro\/wp52\/wp-content\/uploads\/2019\/07\/tren-cu-aur-nazist.jpg","type":"image\/jpeg"}],"author":"admin","twitter_card":"summary_large_image","twitter_misc":{"Scris de":"admin","Timp estimat pentru citire":"2 minute"},"schema":{"@context":"https:\/\/schema.org","@graph":[{"@type":"Article","@id":"https:\/\/www.lovendal.ro\/wp52\/misteriosul-tren-cu-aur-nazist-dintr-o-mina-din-valcea-ce-s-a-intamplat-cu-el\/#article","isPartOf":{"@id":"https:\/\/www.lovendal.ro\/wp52\/misteriosul-tren-cu-aur-nazist-dintr-o-mina-din-valcea-ce-s-a-intamplat-cu-el\/"},"author":{"name":"admin","@id":"https:\/\/www.lovendal.ro\/wp52\/#\/schema\/person\/088691de5dfc346bb0c023e1e52ef5d9"},"headline":"Misteriosul tren cu aur nazist dintr-o min\u0103 din V\u00e2lcea &#8211; ce s-a \u00eent\u00e2mplat cu el?","datePublished":"2019-07-19T14:33:38+00:00","mainEntityOfPage":{"@id":"https:\/\/www.lovendal.ro\/wp52\/misteriosul-tren-cu-aur-nazist-dintr-o-mina-din-valcea-ce-s-a-intamplat-cu-el\/"},"wordCount":383,"publisher":{"@id":"https:\/\/www.lovendal.ro\/wp52\/#organization"},"image":{"@id":"https:\/\/www.lovendal.ro\/wp52\/misteriosul-tren-cu-aur-nazist-dintr-o-mina-din-valcea-ce-s-a-intamplat-cu-el\/#primaryimage"},"thumbnailUrl":"https:\/\/www.lovendal.ro\/wp52\/wp-content\/uploads\/2019\/07\/tren-cu-aur-nazist.jpg","keywords":["aur","castel","cel de-al doilea r\u0103zboi mondial","Germania","Istorie si Civilizatii","legend\u0103","lovitur\u0103 de stat","min\u0103","nazi\u015fti","pietre pre\u0163ioase","Polonia","Rom\u00e2nia","ru\u015fi","tren","tunel","V\u00e2lcea"],"articleSection":["Istorie si Civilizatii"],"inLanguage":"ro-RO"},{"@type":"WebPage","@id":"https:\/\/www.lovendal.ro\/wp52\/misteriosul-tren-cu-aur-nazist-dintr-o-mina-din-valcea-ce-s-a-intamplat-cu-el\/","url":"https:\/\/www.lovendal.ro\/wp52\/misteriosul-tren-cu-aur-nazist-dintr-o-mina-din-valcea-ce-s-a-intamplat-cu-el\/","name":"Misteriosul tren cu aur nazist dintr-o min\u0103 din V\u00e2lcea - ce s-a \u00eent\u00e2mplat cu el? - Secretele lui Lovendal","isPartOf":{"@id":"https:\/\/www.lovendal.ro\/wp52\/#website"},"primaryImageOfPage":{"@id":"https:\/\/www.lovendal.ro\/wp52\/misteriosul-tren-cu-aur-nazist-dintr-o-mina-din-valcea-ce-s-a-intamplat-cu-el\/#primaryimage"},"image":{"@id":"https:\/\/www.lovendal.ro\/wp52\/misteriosul-tren-cu-aur-nazist-dintr-o-mina-din-valcea-ce-s-a-intamplat-cu-el\/#primaryimage"},"thumbnailUrl":"https:\/\/www.lovendal.ro\/wp52\/wp-content\/uploads\/2019\/07\/tren-cu-aur-nazist.jpg","datePublished":"2019-07-19T14:33:38+00:00","breadcrumb":{"@id":"https:\/\/www.lovendal.ro\/wp52\/misteriosul-tren-cu-aur-nazist-dintr-o-mina-din-valcea-ce-s-a-intamplat-cu-el\/#breadcrumb"},"inLanguage":"ro-RO","potentialAction":[{"@type":"ReadAction","target":["https:\/\/www.lovendal.ro\/wp52\/misteriosul-tren-cu-aur-nazist-dintr-o-mina-din-valcea-ce-s-a-intamplat-cu-el\/"]}]},{"@type":"ImageObject","inLanguage":"ro-RO","@id":"https:\/\/www.lovendal.ro\/wp52\/misteriosul-tren-cu-aur-nazist-dintr-o-mina-din-valcea-ce-s-a-intamplat-cu-el\/#primaryimage","url":"https:\/\/www.lovendal.ro\/wp52\/wp-content\/uploads\/2019\/07\/tren-cu-aur-nazist.jpg","contentUrl":"https:\/\/www.lovendal.ro\/wp52\/wp-content\/uploads\/2019\/07\/tren-cu-aur-nazist.jpg","width":340,"height":223,"caption":"Layout 1"},{"@type":"BreadcrumbList","@id":"https:\/\/www.lovendal.ro\/wp52\/misteriosul-tren-cu-aur-nazist-dintr-o-mina-din-valcea-ce-s-a-intamplat-cu-el\/#breadcrumb","itemListElement":[{"@type":"ListItem","position":1,"name":"Home","item":"https:\/\/www.lovendal.ro\/wp52\/"},{"@type":"ListItem","position":2,"name":"Misteriosul tren cu aur nazist dintr-o min\u0103 din V\u00e2lcea &#8211; ce s-a \u00eent\u00e2mplat cu el?"}]},{"@type":"WebSite","@id":"https:\/\/www.lovendal.ro\/wp52\/#website","url":"https:\/\/www.lovendal.ro\/wp52\/","name":"Secretele lui Lovendal","description":"Site de secrete, stiinta si metafizica - din 2008 -","publisher":{"@id":"https:\/\/www.lovendal.ro\/wp52\/#organization"},"potentialAction":[{"@type":"SearchAction","target":{"@type":"EntryPoint","urlTemplate":"https:\/\/www.lovendal.ro\/wp52\/?s={search_term_string}"},"query-input":{"@type":"PropertyValueSpecification","valueRequired":true,"valueName":"search_term_string"}}],"inLanguage":"ro-RO"},{"@type":"Organization","@id":"https:\/\/www.lovendal.ro\/wp52\/#organization","name":"Secretele lui Lovendal","url":"https:\/\/www.lovendal.ro\/wp52\/","logo":{"@type":"ImageObject","inLanguage":"ro-RO","@id":"https:\/\/www.lovendal.ro\/wp52\/#\/schema\/logo\/image\/","url":"https:\/\/www.lovendal.ro\/wp52\/wp-content\/uploads\/2024\/06\/cropped-SLL-iun-2024-1.jpg","contentUrl":"https:\/\/www.lovendal.ro\/wp52\/wp-content\/uploads\/2024\/06\/cropped-SLL-iun-2024-1.jpg","width":771,"height":240,"caption":"Secretele lui Lovendal"},"image":{"@id":"https:\/\/www.lovendal.ro\/wp52\/#\/schema\/logo\/image\/"},"sameAs":["https:\/\/www.facebook.com\/secreteleluilovendal"]},{"@type":"Person","@id":"https:\/\/www.lovendal.ro\/wp52\/#\/schema\/person\/088691de5dfc346bb0c023e1e52ef5d9","name":"admin","image":{"@type":"ImageObject","inLanguage":"ro-RO","@id":"https:\/\/secure.gravatar.com\/avatar\/ecb9cd41f5f63c9c9b989999a59f6e2639a865ec361e9db054db0679a8f341c2?s=96&d=mm&r=g","url":"https:\/\/secure.gravatar.com\/avatar\/ecb9cd41f5f63c9c9b989999a59f6e2639a865ec361e9db054db0679a8f341c2?s=96&d=mm&r=g","contentUrl":"https:\/\/secure.gravatar.com\/avatar\/ecb9cd41f5f63c9c9b989999a59f6e2639a865ec361e9db054db0679a8f341c2?s=96&d=mm&r=g","caption":"admin"},"sameAs":["https:\/\/www.lovendal.ro\/wp52"]}]}},"_links":{"self":[{"href":"https:\/\/www.lovendal.ro\/wp52\/wp-json\/wp\/v2\/posts\/63122","targetHints":{"allow":["GET"]}}],"collection":[{"href":"https:\/\/www.lovendal.ro\/wp52\/wp-json\/wp\/v2\/posts"}],"about":[{"href":"https:\/\/www.lovendal.ro\/wp52\/wp-json\/wp\/v2\/types\/post"}],"author":[{"embeddable":true,"href":"https:\/\/www.lovendal.ro\/wp52\/wp-json\/wp\/v2\/users\/1"}],"replies":[{"embeddable":true,"href":"https:\/\/www.lovendal.ro\/wp52\/wp-json\/wp\/v2\/comments?post=63122"}],"version-history":[{"count":0,"href":"https:\/\/www.lovendal.ro\/wp52\/wp-json\/wp\/v2\/posts\/63122\/revisions"}],"wp:featuredmedia":[{"embeddable":true,"href":"https:\/\/www.lovendal.ro\/wp52\/wp-json\/wp\/v2\/media\/63123"}],"wp:attachment":[{"href":"https:\/\/www.lovendal.ro\/wp52\/wp-json\/wp\/v2\/media?parent=63122"}],"wp:term":[{"taxonomy":"category","embeddable":true,"href":"https:\/\/www.lovendal.ro\/wp52\/wp-json\/wp\/v2\/categories?post=63122"},{"taxonomy":"post_tag","embeddable":true,"href":"https:\/\/www.lovendal.ro\/wp52\/wp-json\/wp\/v2\/tags?post=63122"}],"curies":[{"name":"wp","href":"https:\/\/api.w.org\/{rel}","templated":true}]}}