{"id":63040,"date":"2019-07-13T07:55:52","date_gmt":"2019-07-13T04:55:52","guid":{"rendered":"https:\/\/www.lovendal.ro\/wp52\/?p=63040"},"modified":"2020-04-27T16:42:42","modified_gmt":"2020-04-27T13:42:42","slug":"cel-mai-recent-studiu-stiintific-practic-nu-avem-incalzire-globala-din-cauza-activitatii-umane","status":"publish","type":"post","link":"https:\/\/www.lovendal.ro\/wp52\/cel-mai-recent-studiu-stiintific-practic-nu-avem-incalzire-globala-din-cauza-activitatii-umane\/","title":{"rendered":"Cel mai recent studiu \u015ftiin\u0163ific &#8211; &#8222;Practic, nu avem \u00eenc\u0103lzire global\u0103 din cauza activit\u0103\u0163ii umane&#8221;"},"content":{"rendered":"<p><a href=\"https:\/\/www.lovendal.ro\/wp52\/wp-content\/uploads\/2019\/07\/incalzirea-globala-falsa.jpg\"><img loading=\"lazy\" decoding=\"async\" class=\"alignleft size-full wp-image-63041\" src=\"https:\/\/www.lovendal.ro\/wp52\/wp-content\/uploads\/2019\/07\/incalzirea-globala-falsa.jpg\" alt=\"\" width=\"347\" height=\"248\" srcset=\"https:\/\/www.lovendal.ro\/wp52\/wp-content\/uploads\/2019\/07\/incalzirea-globala-falsa.jpg 347w, https:\/\/www.lovendal.ro\/wp52\/wp-content\/uploads\/2019\/07\/incalzirea-globala-falsa-300x214.jpg 300w\" sizes=\"auto, (max-width: 347px) 100vw, 347px\" \/><\/a>Pentru c\u0103 termenul de &#8222;\u00eenc\u0103lzire global\u0103&#8221; suna cam ciudat pentru a demonstra publicului cum ni se \u00eenc\u0103lze\u015fte planeta (de\u015fi, iat\u0103, avem z\u0103pad\u0103 la mun\u0163i, \u00een Rom\u00e2nia, la mijlocul lui iulie 2019 &#8211; ceva nemai\u00eent\u00e2lnit de mult timp), de c\u00e2\u0163iva ani a \u00eenceput s\u0103 se foloseasc\u0103 termenul de &#8222;schimb\u0103ri climatice&#8221;, care sun\u0103 mai corect.<\/p>\n<p>Teoria care se dore\u015fte a ne fi introdus\u0103 \u00een minte de c\u0103tre mai mul\u0163i oameni de \u015ftiin\u0163\u0103, organiza\u0163ii globaliste \u015fi mass-media globalist\u0103, este aceea c\u0103, din cauza activit\u0103\u0163ii umane \/ industriale, ca urmare a efectului de ser\u0103 produs de CO2, planeta sufer\u0103 de o &#8222;\u00eenc\u0103lzire global\u0103&#8221; (s\u0103-i spunem &#8222;schimbare climatic\u0103&#8221;), \u00een care temperaturile anuale cresc, ghe\u0163arii se topesc \u015fi se \u00eenregistreaz\u0103 fenomene climaterice extreme (tornade \/ furtuni etc.). Pentru asta, ni se impun tot felul de taxe pentru &#8222;schimbarea climatic\u0103&#8221;, de parc\u0103 aceste taxe ar rezolva ceva, f\u0103c\u00e2ndu-te s\u0103 te \u00eentrebi dac\u0103 nu cumva totul este doar o nou\u0103 afacere pentru globali\u015fti.<\/p>\n<p>De\u015fi nu se poate nega c\u0103 exist\u0103 o mic\u0103 \u00eenc\u0103lzire a climei, dar \u015fi fenomene climaterice violente, totu\u015fi, unii climatologi au demonstrat c\u0103 acest fenomen a existat \u015fi \u00een trecutul planetei noastre, adic\u0103 este un fenomen natural, ce apare pe fiecare planet\u0103 a sistemului nostru \u015fi care nu are leg\u0103tur\u0103 cu activit\u0103\u0163ile umane. Poluarea industrial\u0103 exist\u0103, e adev\u0103rat, dar ea nu are leg\u0103tur\u0103 cu &#8222;schimb\u0103rile climatice&#8221;.<\/p>\n<p>Cum &#8222;\u00eenc\u0103lzirea global\u0103&#8221; \/ &#8222;schimb\u0103rile climatice&#8221; a devenit subiectul principal al globali\u015ftilor \u015fi al mass-mediei aservite lor, nu e de mirare c\u0103 m\u0103 bucur\u0103 c\u0103 \u00eenc\u0103 mai exist\u0103 oameni de \u015ftiin\u0163\u0103 integri, care demonstreaz\u0103 clar mitul &#8222;schimb\u0103rilor climatice&#8221; datorite activit\u0103\u0163ii umane. \u00centr-un studiu \u015ftiin\u0163ific publicat pe 29 iunie 2019 de doi cercet\u0103tori finlandezi pe baza de date \u015ftiin\u0163ifice <a href=\"https:\/\/arxiv.org\/abs\/1907.00165\" target=\"_blank\" rel=\"noopener noreferrer\"><strong>arxiv.org<\/strong><\/a>, se demonstreaz\u0103 clar faptul c\u0103 nu exist\u0103 eviden\u0163e pentru schimb\u0103rile climatice din cauze umane.<\/p>\n<p>Tot studiul \u015ftiin\u0163ific poate fi citit <a href=\"https:\/\/arxiv.org\/pdf\/1907.00165\" target=\"_blank\" rel=\"noopener noreferrer\"><strong>AICI<\/strong><\/a> \u00een format .pdf, iar \u00een concluziile sale putem citi urm\u0103toarele:<em> &#8222;Am demonstrat c\u0103 modelele generale de circula\u0163ie a aerului (CGM) utilizate \u00een raportul AR5 al IPCC (Comisia Interguvernamental\u0103 privind Schimb\u0103rile Climatice) nu pot calcula corect componenta natural\u0103 \u00een observarea temperaturii globale. Motivul este acela c\u0103 modelul nu reu\u015fe\u015fte s\u0103 determine influen\u0163a norilor jo\u015fi asupra temperaturii globale. O component\u0103 natural\u0103 prea mic\u0103 are drept rezultat o contribu\u0163ie prea mare a gazelor cu efect de ser\u0103, ca de exemplu CO2. Deoarece partea uman\u0103 vinovat\u0103 de apari\u0163ia CO2 este mai mic\u0103 de 10%, practic <strong>nu avem schimb\u0103ri climatice din cauza activit\u0103\u0163ii umane<\/strong>. Norii jo\u015fi controleaz\u0103 \u00een cea mai mare parte temperatura global\u0103&#8221;.<\/em><\/p>\n<p>Precum am mai spus \u015fi alt\u0103 d\u0103\u0163i, s-ar putea ca &#8222;schimb\u0103rile climatice&#8221; s\u0103 nu fie altceva dec\u00e2t un fenomen natural, &#8222;vinovat&#8221; pentru acest fenomen fiind Soarele, dar \u015fi razele cosmice din spa\u0163iul \u00eendep\u0103rtat. \u00cen 2013<span class=\"post-title\"> un grup de cercet\u0103tori danezi, care a reprodus atmosfera P\u0103m\u00e2ntului \u00een laborator, a reu\u015fit s\u0103 demonstreze faptul c\u0103 norii se formeaz\u0103 ca urmare a ac\u0163iunii razelor cosmice, nu ca urmare a activit\u0103\u0163ii naturii sau a omului de pe P\u0103m\u00e2nt. Echipa de cercet\u0103tori crede c\u0103 fluctua\u0163iile de raze cosmice, cauzate de schimb\u0103rile \u00een activitatea solar\u0103 (c\u00e2mpul magnetic al Soarelui), pot juca un rol important \u00een schimbarea climatic\u0103.<br \/>\n<\/span><\/p>\n","protected":false},"excerpt":{"rendered":"<p>Pentru c\u0103 termenul de &#8222;\u00eenc\u0103lzire global\u0103&#8221; suna cam ciudat pentru a demonstra publicului cum ni se \u00eenc\u0103lze\u015fte planeta (de\u015fi, iat\u0103, avem z\u0103pad\u0103 la mun\u0163i, \u00een Rom\u00e2nia, la mijlocul lui iulie 2019 &#8211; ceva nemai\u00eent\u00e2lnit de mult timp), de c\u00e2\u0163iva ani &#8230; <\/p>\n<p class=\"read-more-container\"><a title=\"Cel mai recent studiu \u015ftiin\u0163ific &#8211; &#8222;Practic, nu avem \u00eenc\u0103lzire global\u0103 din cauza activit\u0103\u0163ii umane&#8221;\" class=\"read-more button\" href=\"https:\/\/www.lovendal.ro\/wp52\/cel-mai-recent-studiu-stiintific-practic-nu-avem-incalzire-globala-din-cauza-activitatii-umane\/#more-63040\" aria-label=\"Cite\u0219te mai multe despre Cel mai recent studiu \u015ftiin\u0163ific &#8211; &#8222;Practic, nu avem \u00eenc\u0103lzire global\u0103 din cauza activit\u0103\u0163ii umane&#8221;\">Cititi mai multe<\/a><\/p>\n","protected":false},"author":1,"featured_media":63041,"comment_status":"closed","ping_status":"open","sticky":false,"template":"","format":"standard","meta":{"footnotes":""},"categories":[475],"tags":[2502,1662,1962,358,1961,2487,10525,1960,4496,815,1978,105,732,354,4189,74,13672,3417,865,2358,4175,3530],"class_list":["post-63040","post","type-post","status-publish","format-standard","has-post-thumbnail","hentry","category-conspiratii-mistere","tag-atmosfera","tag-camp-magnetic","tag-co2","tag-conspiratii-si-mistere","tag-efect-de-sera","tag-furtuna","tag-globalist","tag-incalzire-globala","tag-mass-media","tag-munti","tag-nori","tag-pamant","tag-planeta","tag-poluare","tag-raze-cosmice","tag-romania","tag-schimbari-climatice","tag-sistem-solar","tag-soare","tag-temperatura","tag-tornada","tag-zapada"],"yoast_head":"<!-- This site is optimized with the Yoast SEO Premium plugin v23.3 (Yoast SEO v27.4) - https:\/\/yoast.com\/product\/yoast-seo-premium-wordpress\/ -->\n<title>Cel mai recent studiu \u015ftiin\u0163ific - &quot;Practic, nu avem \u00eenc\u0103lzire global\u0103 din cauza activit\u0103\u0163ii umane&quot; - Secretele lui Lovendal<\/title>\n<meta name=\"robots\" content=\"index, follow, max-snippet:-1, max-image-preview:large, max-video-preview:-1\" \/>\n<link rel=\"canonical\" href=\"https:\/\/www.lovendal.ro\/wp52\/cel-mai-recent-studiu-stiintific-practic-nu-avem-incalzire-globala-din-cauza-activitatii-umane\/\" \/>\n<meta property=\"og:locale\" content=\"ro_RO\" \/>\n<meta property=\"og:type\" content=\"article\" \/>\n<meta property=\"og:title\" content=\"Cel mai recent studiu \u015ftiin\u0163ific - &quot;Practic, nu avem \u00eenc\u0103lzire global\u0103 din cauza activit\u0103\u0163ii umane&quot;\" \/>\n<meta property=\"og:description\" content=\"Pentru c\u0103 termenul de &#8222;\u00eenc\u0103lzire global\u0103&#8221; suna cam ciudat pentru a demonstra publicului cum ni se \u00eenc\u0103lze\u015fte planeta (de\u015fi, iat\u0103, avem z\u0103pad\u0103 la mun\u0163i, \u00een Rom\u00e2nia, la mijlocul lui iulie 2019 &#8211; ceva nemai\u00eent\u00e2lnit de mult timp), de c\u00e2\u0163iva ani ... Cititi mai multe\" \/>\n<meta property=\"og:url\" content=\"https:\/\/www.lovendal.ro\/wp52\/cel-mai-recent-studiu-stiintific-practic-nu-avem-incalzire-globala-din-cauza-activitatii-umane\/\" \/>\n<meta property=\"og:site_name\" content=\"Secretele lui Lovendal\" \/>\n<meta property=\"article:publisher\" content=\"https:\/\/www.facebook.com\/secreteleluilovendal\" \/>\n<meta property=\"article:published_time\" content=\"2019-07-13T04:55:52+00:00\" \/>\n<meta property=\"article:modified_time\" content=\"2020-04-27T13:42:42+00:00\" \/>\n<meta property=\"og:image\" content=\"https:\/\/www.lovendal.ro\/wp52\/wp-content\/uploads\/2019\/07\/incalzirea-globala-falsa.jpg\" \/>\n\t<meta property=\"og:image:width\" content=\"347\" \/>\n\t<meta property=\"og:image:height\" content=\"248\" \/>\n\t<meta property=\"og:image:type\" content=\"image\/jpeg\" \/>\n<meta name=\"author\" content=\"admin\" \/>\n<meta name=\"twitter:card\" content=\"summary_large_image\" \/>\n<meta name=\"twitter:label1\" content=\"Scris de\" \/>\n\t<meta name=\"twitter:data1\" content=\"admin\" \/>\n\t<meta name=\"twitter:label2\" content=\"Timp estimat pentru citire\" \/>\n\t<meta name=\"twitter:data2\" content=\"3 minute\" \/>\n<script type=\"application\/ld+json\" class=\"yoast-schema-graph\">{\"@context\":\"https:\\\/\\\/schema.org\",\"@graph\":[{\"@type\":\"Article\",\"@id\":\"https:\\\/\\\/www.lovendal.ro\\\/wp52\\\/cel-mai-recent-studiu-stiintific-practic-nu-avem-incalzire-globala-din-cauza-activitatii-umane\\\/#article\",\"isPartOf\":{\"@id\":\"https:\\\/\\\/www.lovendal.ro\\\/wp52\\\/cel-mai-recent-studiu-stiintific-practic-nu-avem-incalzire-globala-din-cauza-activitatii-umane\\\/\"},\"author\":{\"name\":\"admin\",\"@id\":\"https:\\\/\\\/www.lovendal.ro\\\/wp52\\\/#\\\/schema\\\/person\\\/088691de5dfc346bb0c023e1e52ef5d9\"},\"headline\":\"Cel mai recent studiu \u015ftiin\u0163ific &#8211; &#8222;Practic, nu avem \u00eenc\u0103lzire global\u0103 din cauza activit\u0103\u0163ii umane&#8221;\",\"datePublished\":\"2019-07-13T04:55:52+00:00\",\"dateModified\":\"2020-04-27T13:42:42+00:00\",\"mainEntityOfPage\":{\"@id\":\"https:\\\/\\\/www.lovendal.ro\\\/wp52\\\/cel-mai-recent-studiu-stiintific-practic-nu-avem-incalzire-globala-din-cauza-activitatii-umane\\\/\"},\"wordCount\":592,\"publisher\":{\"@id\":\"https:\\\/\\\/www.lovendal.ro\\\/wp52\\\/#organization\"},\"image\":{\"@id\":\"https:\\\/\\\/www.lovendal.ro\\\/wp52\\\/cel-mai-recent-studiu-stiintific-practic-nu-avem-incalzire-globala-din-cauza-activitatii-umane\\\/#primaryimage\"},\"thumbnailUrl\":\"https:\\\/\\\/www.lovendal.ro\\\/wp52\\\/wp-content\\\/uploads\\\/2019\\\/07\\\/incalzirea-globala-falsa.jpg\",\"keywords\":[\"atmosfer\u0103\",\"c\u00e2mp magnetic\",\"CO2\",\"Conspiratii si Mistere\",\"efect de ser\u0103\",\"furtun\u0103\",\"globalist\",\"\u00eenc\u0103lzire global\u0103\",\"mass-media\",\"mun\u0163i\",\"nori\",\"P\u0103m\u00e2nt\",\"planet\u0103\",\"poluare\",\"raze cosmice\",\"Rom\u00e2nia\",\"schimb\u0103ri climatice\",\"sistem solar\",\"Soare\",\"temperatur\u0103\",\"tornad\u0103\",\"z\u0103pad\u0103\"],\"articleSection\":[\"Conspiratii si Mistere\"],\"inLanguage\":\"ro-RO\"},{\"@type\":\"WebPage\",\"@id\":\"https:\\\/\\\/www.lovendal.ro\\\/wp52\\\/cel-mai-recent-studiu-stiintific-practic-nu-avem-incalzire-globala-din-cauza-activitatii-umane\\\/\",\"url\":\"https:\\\/\\\/www.lovendal.ro\\\/wp52\\\/cel-mai-recent-studiu-stiintific-practic-nu-avem-incalzire-globala-din-cauza-activitatii-umane\\\/\",\"name\":\"Cel mai recent studiu \u015ftiin\u0163ific - \\\"Practic, nu avem \u00eenc\u0103lzire global\u0103 din cauza activit\u0103\u0163ii umane\\\" - Secretele lui Lovendal\",\"isPartOf\":{\"@id\":\"https:\\\/\\\/www.lovendal.ro\\\/wp52\\\/#website\"},\"primaryImageOfPage\":{\"@id\":\"https:\\\/\\\/www.lovendal.ro\\\/wp52\\\/cel-mai-recent-studiu-stiintific-practic-nu-avem-incalzire-globala-din-cauza-activitatii-umane\\\/#primaryimage\"},\"image\":{\"@id\":\"https:\\\/\\\/www.lovendal.ro\\\/wp52\\\/cel-mai-recent-studiu-stiintific-practic-nu-avem-incalzire-globala-din-cauza-activitatii-umane\\\/#primaryimage\"},\"thumbnailUrl\":\"https:\\\/\\\/www.lovendal.ro\\\/wp52\\\/wp-content\\\/uploads\\\/2019\\\/07\\\/incalzirea-globala-falsa.jpg\",\"datePublished\":\"2019-07-13T04:55:52+00:00\",\"dateModified\":\"2020-04-27T13:42:42+00:00\",\"breadcrumb\":{\"@id\":\"https:\\\/\\\/www.lovendal.ro\\\/wp52\\\/cel-mai-recent-studiu-stiintific-practic-nu-avem-incalzire-globala-din-cauza-activitatii-umane\\\/#breadcrumb\"},\"inLanguage\":\"ro-RO\",\"potentialAction\":[{\"@type\":\"ReadAction\",\"target\":[\"https:\\\/\\\/www.lovendal.ro\\\/wp52\\\/cel-mai-recent-studiu-stiintific-practic-nu-avem-incalzire-globala-din-cauza-activitatii-umane\\\/\"]}]},{\"@type\":\"ImageObject\",\"inLanguage\":\"ro-RO\",\"@id\":\"https:\\\/\\\/www.lovendal.ro\\\/wp52\\\/cel-mai-recent-studiu-stiintific-practic-nu-avem-incalzire-globala-din-cauza-activitatii-umane\\\/#primaryimage\",\"url\":\"https:\\\/\\\/www.lovendal.ro\\\/wp52\\\/wp-content\\\/uploads\\\/2019\\\/07\\\/incalzirea-globala-falsa.jpg\",\"contentUrl\":\"https:\\\/\\\/www.lovendal.ro\\\/wp52\\\/wp-content\\\/uploads\\\/2019\\\/07\\\/incalzirea-globala-falsa.jpg\",\"width\":347,\"height\":248},{\"@type\":\"BreadcrumbList\",\"@id\":\"https:\\\/\\\/www.lovendal.ro\\\/wp52\\\/cel-mai-recent-studiu-stiintific-practic-nu-avem-incalzire-globala-din-cauza-activitatii-umane\\\/#breadcrumb\",\"itemListElement\":[{\"@type\":\"ListItem\",\"position\":1,\"name\":\"Home\",\"item\":\"https:\\\/\\\/www.lovendal.ro\\\/wp52\\\/\"},{\"@type\":\"ListItem\",\"position\":2,\"name\":\"Cel mai recent studiu \u015ftiin\u0163ific &#8211; &#8222;Practic, nu avem \u00eenc\u0103lzire global\u0103 din cauza activit\u0103\u0163ii umane&#8221;\"}]},{\"@type\":\"WebSite\",\"@id\":\"https:\\\/\\\/www.lovendal.ro\\\/wp52\\\/#website\",\"url\":\"https:\\\/\\\/www.lovendal.ro\\\/wp52\\\/\",\"name\":\"Secretele lui Lovendal\",\"description\":\"Site de secrete, stiinta si metafizica - din 2008 -\",\"publisher\":{\"@id\":\"https:\\\/\\\/www.lovendal.ro\\\/wp52\\\/#organization\"},\"potentialAction\":[{\"@type\":\"SearchAction\",\"target\":{\"@type\":\"EntryPoint\",\"urlTemplate\":\"https:\\\/\\\/www.lovendal.ro\\\/wp52\\\/?s={search_term_string}\"},\"query-input\":{\"@type\":\"PropertyValueSpecification\",\"valueRequired\":true,\"valueName\":\"search_term_string\"}}],\"inLanguage\":\"ro-RO\"},{\"@type\":\"Organization\",\"@id\":\"https:\\\/\\\/www.lovendal.ro\\\/wp52\\\/#organization\",\"name\":\"Secretele lui Lovendal\",\"url\":\"https:\\\/\\\/www.lovendal.ro\\\/wp52\\\/\",\"logo\":{\"@type\":\"ImageObject\",\"inLanguage\":\"ro-RO\",\"@id\":\"https:\\\/\\\/www.lovendal.ro\\\/wp52\\\/#\\\/schema\\\/logo\\\/image\\\/\",\"url\":\"https:\\\/\\\/www.lovendal.ro\\\/wp52\\\/wp-content\\\/uploads\\\/2024\\\/06\\\/cropped-SLL-iun-2024-1.jpg\",\"contentUrl\":\"https:\\\/\\\/www.lovendal.ro\\\/wp52\\\/wp-content\\\/uploads\\\/2024\\\/06\\\/cropped-SLL-iun-2024-1.jpg\",\"width\":771,\"height\":240,\"caption\":\"Secretele lui Lovendal\"},\"image\":{\"@id\":\"https:\\\/\\\/www.lovendal.ro\\\/wp52\\\/#\\\/schema\\\/logo\\\/image\\\/\"},\"sameAs\":[\"https:\\\/\\\/www.facebook.com\\\/secreteleluilovendal\"]},{\"@type\":\"Person\",\"@id\":\"https:\\\/\\\/www.lovendal.ro\\\/wp52\\\/#\\\/schema\\\/person\\\/088691de5dfc346bb0c023e1e52ef5d9\",\"name\":\"admin\",\"image\":{\"@type\":\"ImageObject\",\"inLanguage\":\"ro-RO\",\"@id\":\"https:\\\/\\\/secure.gravatar.com\\\/avatar\\\/ecb9cd41f5f63c9c9b989999a59f6e2639a865ec361e9db054db0679a8f341c2?s=96&d=mm&r=g\",\"url\":\"https:\\\/\\\/secure.gravatar.com\\\/avatar\\\/ecb9cd41f5f63c9c9b989999a59f6e2639a865ec361e9db054db0679a8f341c2?s=96&d=mm&r=g\",\"contentUrl\":\"https:\\\/\\\/secure.gravatar.com\\\/avatar\\\/ecb9cd41f5f63c9c9b989999a59f6e2639a865ec361e9db054db0679a8f341c2?s=96&d=mm&r=g\",\"caption\":\"admin\"},\"sameAs\":[\"https:\\\/\\\/www.lovendal.ro\\\/wp52\"]}]}<\/script>\n<!-- \/ Yoast SEO Premium plugin. -->","yoast_head_json":{"title":"Cel mai recent studiu \u015ftiin\u0163ific - \"Practic, nu avem \u00eenc\u0103lzire global\u0103 din cauza activit\u0103\u0163ii umane\" - Secretele lui Lovendal","robots":{"index":"index","follow":"follow","max-snippet":"max-snippet:-1","max-image-preview":"max-image-preview:large","max-video-preview":"max-video-preview:-1"},"canonical":"https:\/\/www.lovendal.ro\/wp52\/cel-mai-recent-studiu-stiintific-practic-nu-avem-incalzire-globala-din-cauza-activitatii-umane\/","og_locale":"ro_RO","og_type":"article","og_title":"Cel mai recent studiu \u015ftiin\u0163ific - \"Practic, nu avem \u00eenc\u0103lzire global\u0103 din cauza activit\u0103\u0163ii umane\"","og_description":"Pentru c\u0103 termenul de &#8222;\u00eenc\u0103lzire global\u0103&#8221; suna cam ciudat pentru a demonstra publicului cum ni se \u00eenc\u0103lze\u015fte planeta (de\u015fi, iat\u0103, avem z\u0103pad\u0103 la mun\u0163i, \u00een Rom\u00e2nia, la mijlocul lui iulie 2019 &#8211; ceva nemai\u00eent\u00e2lnit de mult timp), de c\u00e2\u0163iva ani ... Cititi mai multe","og_url":"https:\/\/www.lovendal.ro\/wp52\/cel-mai-recent-studiu-stiintific-practic-nu-avem-incalzire-globala-din-cauza-activitatii-umane\/","og_site_name":"Secretele lui Lovendal","article_publisher":"https:\/\/www.facebook.com\/secreteleluilovendal","article_published_time":"2019-07-13T04:55:52+00:00","article_modified_time":"2020-04-27T13:42:42+00:00","og_image":[{"width":347,"height":248,"url":"https:\/\/www.lovendal.ro\/wp52\/wp-content\/uploads\/2019\/07\/incalzirea-globala-falsa.jpg","type":"image\/jpeg"}],"author":"admin","twitter_card":"summary_large_image","twitter_misc":{"Scris de":"admin","Timp estimat pentru citire":"3 minute"},"schema":{"@context":"https:\/\/schema.org","@graph":[{"@type":"Article","@id":"https:\/\/www.lovendal.ro\/wp52\/cel-mai-recent-studiu-stiintific-practic-nu-avem-incalzire-globala-din-cauza-activitatii-umane\/#article","isPartOf":{"@id":"https:\/\/www.lovendal.ro\/wp52\/cel-mai-recent-studiu-stiintific-practic-nu-avem-incalzire-globala-din-cauza-activitatii-umane\/"},"author":{"name":"admin","@id":"https:\/\/www.lovendal.ro\/wp52\/#\/schema\/person\/088691de5dfc346bb0c023e1e52ef5d9"},"headline":"Cel mai recent studiu \u015ftiin\u0163ific &#8211; &#8222;Practic, nu avem \u00eenc\u0103lzire global\u0103 din cauza activit\u0103\u0163ii umane&#8221;","datePublished":"2019-07-13T04:55:52+00:00","dateModified":"2020-04-27T13:42:42+00:00","mainEntityOfPage":{"@id":"https:\/\/www.lovendal.ro\/wp52\/cel-mai-recent-studiu-stiintific-practic-nu-avem-incalzire-globala-din-cauza-activitatii-umane\/"},"wordCount":592,"publisher":{"@id":"https:\/\/www.lovendal.ro\/wp52\/#organization"},"image":{"@id":"https:\/\/www.lovendal.ro\/wp52\/cel-mai-recent-studiu-stiintific-practic-nu-avem-incalzire-globala-din-cauza-activitatii-umane\/#primaryimage"},"thumbnailUrl":"https:\/\/www.lovendal.ro\/wp52\/wp-content\/uploads\/2019\/07\/incalzirea-globala-falsa.jpg","keywords":["atmosfer\u0103","c\u00e2mp magnetic","CO2","Conspiratii si Mistere","efect de ser\u0103","furtun\u0103","globalist","\u00eenc\u0103lzire global\u0103","mass-media","mun\u0163i","nori","P\u0103m\u00e2nt","planet\u0103","poluare","raze cosmice","Rom\u00e2nia","schimb\u0103ri climatice","sistem solar","Soare","temperatur\u0103","tornad\u0103","z\u0103pad\u0103"],"articleSection":["Conspiratii si Mistere"],"inLanguage":"ro-RO"},{"@type":"WebPage","@id":"https:\/\/www.lovendal.ro\/wp52\/cel-mai-recent-studiu-stiintific-practic-nu-avem-incalzire-globala-din-cauza-activitatii-umane\/","url":"https:\/\/www.lovendal.ro\/wp52\/cel-mai-recent-studiu-stiintific-practic-nu-avem-incalzire-globala-din-cauza-activitatii-umane\/","name":"Cel mai recent studiu \u015ftiin\u0163ific - \"Practic, nu avem \u00eenc\u0103lzire global\u0103 din cauza activit\u0103\u0163ii umane\" - Secretele lui Lovendal","isPartOf":{"@id":"https:\/\/www.lovendal.ro\/wp52\/#website"},"primaryImageOfPage":{"@id":"https:\/\/www.lovendal.ro\/wp52\/cel-mai-recent-studiu-stiintific-practic-nu-avem-incalzire-globala-din-cauza-activitatii-umane\/#primaryimage"},"image":{"@id":"https:\/\/www.lovendal.ro\/wp52\/cel-mai-recent-studiu-stiintific-practic-nu-avem-incalzire-globala-din-cauza-activitatii-umane\/#primaryimage"},"thumbnailUrl":"https:\/\/www.lovendal.ro\/wp52\/wp-content\/uploads\/2019\/07\/incalzirea-globala-falsa.jpg","datePublished":"2019-07-13T04:55:52+00:00","dateModified":"2020-04-27T13:42:42+00:00","breadcrumb":{"@id":"https:\/\/www.lovendal.ro\/wp52\/cel-mai-recent-studiu-stiintific-practic-nu-avem-incalzire-globala-din-cauza-activitatii-umane\/#breadcrumb"},"inLanguage":"ro-RO","potentialAction":[{"@type":"ReadAction","target":["https:\/\/www.lovendal.ro\/wp52\/cel-mai-recent-studiu-stiintific-practic-nu-avem-incalzire-globala-din-cauza-activitatii-umane\/"]}]},{"@type":"ImageObject","inLanguage":"ro-RO","@id":"https:\/\/www.lovendal.ro\/wp52\/cel-mai-recent-studiu-stiintific-practic-nu-avem-incalzire-globala-din-cauza-activitatii-umane\/#primaryimage","url":"https:\/\/www.lovendal.ro\/wp52\/wp-content\/uploads\/2019\/07\/incalzirea-globala-falsa.jpg","contentUrl":"https:\/\/www.lovendal.ro\/wp52\/wp-content\/uploads\/2019\/07\/incalzirea-globala-falsa.jpg","width":347,"height":248},{"@type":"BreadcrumbList","@id":"https:\/\/www.lovendal.ro\/wp52\/cel-mai-recent-studiu-stiintific-practic-nu-avem-incalzire-globala-din-cauza-activitatii-umane\/#breadcrumb","itemListElement":[{"@type":"ListItem","position":1,"name":"Home","item":"https:\/\/www.lovendal.ro\/wp52\/"},{"@type":"ListItem","position":2,"name":"Cel mai recent studiu \u015ftiin\u0163ific &#8211; &#8222;Practic, nu avem \u00eenc\u0103lzire global\u0103 din cauza activit\u0103\u0163ii umane&#8221;"}]},{"@type":"WebSite","@id":"https:\/\/www.lovendal.ro\/wp52\/#website","url":"https:\/\/www.lovendal.ro\/wp52\/","name":"Secretele lui Lovendal","description":"Site de secrete, stiinta si metafizica - din 2008 -","publisher":{"@id":"https:\/\/www.lovendal.ro\/wp52\/#organization"},"potentialAction":[{"@type":"SearchAction","target":{"@type":"EntryPoint","urlTemplate":"https:\/\/www.lovendal.ro\/wp52\/?s={search_term_string}"},"query-input":{"@type":"PropertyValueSpecification","valueRequired":true,"valueName":"search_term_string"}}],"inLanguage":"ro-RO"},{"@type":"Organization","@id":"https:\/\/www.lovendal.ro\/wp52\/#organization","name":"Secretele lui Lovendal","url":"https:\/\/www.lovendal.ro\/wp52\/","logo":{"@type":"ImageObject","inLanguage":"ro-RO","@id":"https:\/\/www.lovendal.ro\/wp52\/#\/schema\/logo\/image\/","url":"https:\/\/www.lovendal.ro\/wp52\/wp-content\/uploads\/2024\/06\/cropped-SLL-iun-2024-1.jpg","contentUrl":"https:\/\/www.lovendal.ro\/wp52\/wp-content\/uploads\/2024\/06\/cropped-SLL-iun-2024-1.jpg","width":771,"height":240,"caption":"Secretele lui Lovendal"},"image":{"@id":"https:\/\/www.lovendal.ro\/wp52\/#\/schema\/logo\/image\/"},"sameAs":["https:\/\/www.facebook.com\/secreteleluilovendal"]},{"@type":"Person","@id":"https:\/\/www.lovendal.ro\/wp52\/#\/schema\/person\/088691de5dfc346bb0c023e1e52ef5d9","name":"admin","image":{"@type":"ImageObject","inLanguage":"ro-RO","@id":"https:\/\/secure.gravatar.com\/avatar\/ecb9cd41f5f63c9c9b989999a59f6e2639a865ec361e9db054db0679a8f341c2?s=96&d=mm&r=g","url":"https:\/\/secure.gravatar.com\/avatar\/ecb9cd41f5f63c9c9b989999a59f6e2639a865ec361e9db054db0679a8f341c2?s=96&d=mm&r=g","contentUrl":"https:\/\/secure.gravatar.com\/avatar\/ecb9cd41f5f63c9c9b989999a59f6e2639a865ec361e9db054db0679a8f341c2?s=96&d=mm&r=g","caption":"admin"},"sameAs":["https:\/\/www.lovendal.ro\/wp52"]}]}},"_links":{"self":[{"href":"https:\/\/www.lovendal.ro\/wp52\/wp-json\/wp\/v2\/posts\/63040","targetHints":{"allow":["GET"]}}],"collection":[{"href":"https:\/\/www.lovendal.ro\/wp52\/wp-json\/wp\/v2\/posts"}],"about":[{"href":"https:\/\/www.lovendal.ro\/wp52\/wp-json\/wp\/v2\/types\/post"}],"author":[{"embeddable":true,"href":"https:\/\/www.lovendal.ro\/wp52\/wp-json\/wp\/v2\/users\/1"}],"replies":[{"embeddable":true,"href":"https:\/\/www.lovendal.ro\/wp52\/wp-json\/wp\/v2\/comments?post=63040"}],"version-history":[{"count":0,"href":"https:\/\/www.lovendal.ro\/wp52\/wp-json\/wp\/v2\/posts\/63040\/revisions"}],"wp:featuredmedia":[{"embeddable":true,"href":"https:\/\/www.lovendal.ro\/wp52\/wp-json\/wp\/v2\/media\/63041"}],"wp:attachment":[{"href":"https:\/\/www.lovendal.ro\/wp52\/wp-json\/wp\/v2\/media?parent=63040"}],"wp:term":[{"taxonomy":"category","embeddable":true,"href":"https:\/\/www.lovendal.ro\/wp52\/wp-json\/wp\/v2\/categories?post=63040"},{"taxonomy":"post_tag","embeddable":true,"href":"https:\/\/www.lovendal.ro\/wp52\/wp-json\/wp\/v2\/tags?post=63040"}],"curies":[{"name":"wp","href":"https:\/\/api.w.org\/{rel}","templated":true}]}}