{"id":62908,"date":"2019-07-02T17:00:53","date_gmt":"2019-07-02T14:00:53","guid":{"rendered":"https:\/\/www.lovendal.ro\/wp52\/?p=62908"},"modified":"2019-07-02T17:00:53","modified_gmt":"2019-07-02T14:00:53","slug":"cine-erau-oamenii-stelelor-ce-sunt-evocati-in-legendele-indienilor-nativi-din-america","status":"publish","type":"post","link":"https:\/\/www.lovendal.ro\/wp52\/cine-erau-oamenii-stelelor-ce-sunt-evocati-in-legendele-indienilor-nativi-din-america\/","title":{"rendered":"Cine erau &#8222;oamenii stelelor&#8221; ce sunt evoca\u0163i \u00een legendele indienilor nativi din America?"},"content":{"rendered":"<p><a href=\"https:\/\/www.lovendal.ro\/wp52\/wp-content\/uploads\/2019\/07\/amerindieni-extraterestri.jpg\"><img loading=\"lazy\" decoding=\"async\" class=\"alignleft size-full wp-image-62909\" src=\"https:\/\/www.lovendal.ro\/wp52\/wp-content\/uploads\/2019\/07\/amerindieni-extraterestri.jpg\" alt=\"\" width=\"341\" height=\"207\" srcset=\"https:\/\/www.lovendal.ro\/wp52\/wp-content\/uploads\/2019\/07\/amerindieni-extraterestri.jpg 341w, https:\/\/www.lovendal.ro\/wp52\/wp-content\/uploads\/2019\/07\/amerindieni-extraterestri-300x182.jpg 300w\" sizes=\"auto, (max-width: 341px) 100vw, 341px\" \/><\/a>\u00cenainte ca europenii s\u0103 fi descoperit America, teritoriul acesta a fost populat de o varietate de culturi amerindiene. Din p\u0103cate, anihilarea aproape total\u0103 de c\u0103tre cuceritorii spanioli a americanilor nativi a \u00eensemnat, de asemenea, dispari\u021bia cuno\u015ftin\u0163elor vechi pe care ace\u015ftia o de\u0163ineau. \u00cens\u0103, c\u00e2t s-a mai p\u0103strat \u00een miturile triburilor americane indigene, am putut afla c\u0103, \u00eenc\u0103 din timpuri imemoriale, ace\u015ftia au avut contact cu &#8222;oamenii stelelor&#8221;, termen care denume\u015fte diverse fiin\u0163e care au venit din cer pentru a-i \u00eenv\u0103\u0163a pe oameni din \u00een\u0163elepciunea lor.<\/p>\n<p><em>&#8222;Poporul meu vorbe\u015fte despre oamenii din stele care au venit la noi cu multe genera\u021bii \u00een urm\u0103&#8221;<\/em>, spune Richard Wagamese unul din pu\u0163inii amerindieni care mai tr\u0103iesc \u015fi ast\u0103zi. <em>&#8222;Oamenii din stele au adus \u00eenv\u0103\u021b\u0103turi \u0219i povestiri spirituale, precum \u0219i h\u0103r\u021bi ale Cosmosului. Ei erau buni, iubitori, constituind un adev\u0103rat exemplu. Dar, unde au plecat? De unde au venit? Ce magie \u0219tiin\u021bific\u0103 le-a permis s\u0103 fac\u0103 o astfel de c\u0103l\u0103torie cosmic\u0103 incredibil\u0103?&#8221;<\/em><\/p>\n<p>Indienii Hopi credeau c\u0103 str\u0103mo\u0219ii lor provin din Pleiade, iar comportamentul extratere\u015ftrilor pleiadieni se reflect\u0103 \u00een stilul de via\u021b\u0103 al indienilor Hopi. Ar putea asta s\u0103 \u00eensemne c\u0103 legendele Hopi privind geneza s\u0103 aib\u0103 un adev\u0103r \u00een ele? Legendele amerindienilor din Dakota fac referire la acela\u0219i grup de stele &#8211; Tiyami au fost numite de ei &#8211; ca fiind casa de origine a str\u0103mo\u0219ilor lor.<\/p>\n<p>Amerindienii Cree credeau c\u0103 \u00eentr-un timp \u00eendep\u0103rtat, str\u0103mo\u0219ii lor au sosit din stele doar pentru a deveni oameni pe P\u0103m\u00e2nt. Legendele native ale poporului Lakota vorbesc despre fiin\u021be cele\u0219ti misterioase, care se manifestau ca sfere de lumin\u0103 \u0219i care alegeau copiii oamenilor s\u0103-i urmeze \u00eentr-o c\u0103l\u0103torie prin spa\u021biu \u0219i timp.<\/p>\n<p>F\u0103r\u0103 excep\u021bie, toate triburile native americane promoveaz\u0103 o leg\u0103tur\u0103 ombilical\u0103 cu Mama-P\u0103m\u00e2nt. Ei se v\u0103d pe ei \u00een\u0219i\u0219i ca &#8222;\u00eengrijitorii originali&#8221; ai planetei noastre \u0219i se pl\u00e2ng de calea c\u0103tre distrugere pe care o avem \u00een prezent. Mul\u0163i lideri indieni v\u0103d acest lucru ca motiv principal \u00een spatele sl\u0103biciunii leg\u0103turii dintre omenire \u0219i oamenii stelelor.<\/p>\n<p>Poate c\u0103, dac\u0103 ne-am putea schimba atitudinea noastr\u0103 fa\u0163\u0103 de Terra, atunci am putea reaprinde aceast\u0103 leg\u0103tur\u0103. Poate c\u0103 extratere\u015ftrii se afl\u0103 acolo \u00een stele, dar ne a\u015fteapt\u0103 pe noi s\u0103 ne revenim&#8230;<\/p>\n","protected":false},"excerpt":{"rendered":"<p>\u00cenainte ca europenii s\u0103 fi descoperit America, teritoriul acesta a fost populat de o varietate de culturi amerindiene. Din p\u0103cate, anihilarea aproape total\u0103 de c\u0103tre cuceritorii spanioli a americanilor nativi a \u00eensemnat, de asemenea, dispari\u021bia cuno\u015ftin\u0163elor vechi pe care ace\u015ftia &#8230; <\/p>\n<p class=\"read-more-container\"><a title=\"Cine erau &#8222;oamenii stelelor&#8221; ce sunt evoca\u0163i \u00een legendele indienilor nativi din America?\" class=\"read-more button\" href=\"https:\/\/www.lovendal.ro\/wp52\/cine-erau-oamenii-stelelor-ce-sunt-evocati-in-legendele-indienilor-nativi-din-america\/#more-62908\" aria-label=\"Cite\u0219te mai multe despre Cine erau &#8222;oamenii stelelor&#8221; ce sunt evoca\u0163i \u00een legendele indienilor nativi din America?\">Cititi mai multe<\/a><\/p>\n","protected":false},"author":1,"featured_media":62909,"comment_status":"closed","ping_status":"open","sticky":false,"template":"","format":"standard","meta":{"footnotes":""},"categories":[14],"tags":[10,5556,51,720,3231,1899,952,57,105,9796,3330,2501,3175,789,2701],"class_list":["post-62908","post","type-post","status-publish","format-standard","has-post-thumbnail","hentry","category-paranormal-spiritualitate","tag-america","tag-amerindieni","tag-extraterestri","tag-harta","tag-hopi","tag-legenda","tag-lumina","tag-oameni","tag-pamant","tag-paranormal-spiritualitate","tag-pleiade","tag-spatiu","tag-stele","tag-timp","tag-trib","resize-featured-image"],"yoast_head":"<!-- This site is optimized with the Yoast SEO Premium plugin v23.3 (Yoast SEO v27.4) - https:\/\/yoast.com\/product\/yoast-seo-premium-wordpress\/ -->\n<title>Cine erau &quot;oamenii stelelor&quot; ce sunt evoca\u0163i \u00een legendele indienilor nativi din America? - Secretele lui Lovendal<\/title>\n<meta name=\"robots\" content=\"index, follow, max-snippet:-1, max-image-preview:large, max-video-preview:-1\" \/>\n<link rel=\"canonical\" href=\"https:\/\/www.lovendal.ro\/wp52\/cine-erau-oamenii-stelelor-ce-sunt-evocati-in-legendele-indienilor-nativi-din-america\/\" \/>\n<meta property=\"og:locale\" content=\"ro_RO\" \/>\n<meta property=\"og:type\" content=\"article\" \/>\n<meta property=\"og:title\" content=\"Cine erau &quot;oamenii stelelor&quot; ce sunt evoca\u0163i \u00een legendele indienilor nativi din America?\" \/>\n<meta property=\"og:description\" content=\"\u00cenainte ca europenii s\u0103 fi descoperit America, teritoriul acesta a fost populat de o varietate de culturi amerindiene. Din p\u0103cate, anihilarea aproape total\u0103 de c\u0103tre cuceritorii spanioli a americanilor nativi a \u00eensemnat, de asemenea, dispari\u021bia cuno\u015ftin\u0163elor vechi pe care ace\u015ftia ... Cititi mai multe\" \/>\n<meta property=\"og:url\" content=\"https:\/\/www.lovendal.ro\/wp52\/cine-erau-oamenii-stelelor-ce-sunt-evocati-in-legendele-indienilor-nativi-din-america\/\" \/>\n<meta property=\"og:site_name\" content=\"Secretele lui Lovendal\" \/>\n<meta property=\"article:publisher\" content=\"https:\/\/www.facebook.com\/secreteleluilovendal\" \/>\n<meta property=\"article:published_time\" content=\"2019-07-02T14:00:53+00:00\" \/>\n<meta property=\"og:image\" content=\"https:\/\/www.lovendal.ro\/wp52\/wp-content\/uploads\/2019\/07\/amerindieni-extraterestri.jpg\" \/>\n\t<meta property=\"og:image:width\" content=\"341\" \/>\n\t<meta property=\"og:image:height\" content=\"207\" \/>\n\t<meta property=\"og:image:type\" content=\"image\/jpeg\" \/>\n<meta name=\"author\" content=\"admin\" \/>\n<meta name=\"twitter:card\" content=\"summary_large_image\" \/>\n<meta name=\"twitter:label1\" content=\"Scris de\" \/>\n\t<meta name=\"twitter:data1\" content=\"admin\" \/>\n\t<meta name=\"twitter:label2\" content=\"Timp estimat pentru citire\" \/>\n\t<meta name=\"twitter:data2\" content=\"2 minute\" \/>\n<script type=\"application\/ld+json\" class=\"yoast-schema-graph\">{\"@context\":\"https:\\\/\\\/schema.org\",\"@graph\":[{\"@type\":\"Article\",\"@id\":\"https:\\\/\\\/www.lovendal.ro\\\/wp52\\\/cine-erau-oamenii-stelelor-ce-sunt-evocati-in-legendele-indienilor-nativi-din-america\\\/#article\",\"isPartOf\":{\"@id\":\"https:\\\/\\\/www.lovendal.ro\\\/wp52\\\/cine-erau-oamenii-stelelor-ce-sunt-evocati-in-legendele-indienilor-nativi-din-america\\\/\"},\"author\":{\"name\":\"admin\",\"@id\":\"https:\\\/\\\/www.lovendal.ro\\\/wp52\\\/#\\\/schema\\\/person\\\/088691de5dfc346bb0c023e1e52ef5d9\"},\"headline\":\"Cine erau &#8222;oamenii stelelor&#8221; ce sunt evoca\u0163i \u00een legendele indienilor nativi din America?\",\"datePublished\":\"2019-07-02T14:00:53+00:00\",\"mainEntityOfPage\":{\"@id\":\"https:\\\/\\\/www.lovendal.ro\\\/wp52\\\/cine-erau-oamenii-stelelor-ce-sunt-evocati-in-legendele-indienilor-nativi-din-america\\\/\"},\"wordCount\":435,\"publisher\":{\"@id\":\"https:\\\/\\\/www.lovendal.ro\\\/wp52\\\/#organization\"},\"image\":{\"@id\":\"https:\\\/\\\/www.lovendal.ro\\\/wp52\\\/cine-erau-oamenii-stelelor-ce-sunt-evocati-in-legendele-indienilor-nativi-din-america\\\/#primaryimage\"},\"thumbnailUrl\":\"https:\\\/\\\/www.lovendal.ro\\\/wp52\\\/wp-content\\\/uploads\\\/2019\\\/07\\\/amerindieni-extraterestri.jpg\",\"keywords\":[\"America\",\"amerindieni\",\"extratere\u015ftri\",\"hart\u0103\",\"hopi\",\"legend\u0103\",\"lumin\u0103\",\"oameni\",\"P\u0103m\u00e2nt\",\"Paranormal-Spiritualitate\",\"Pleiade\",\"spa\u0163iu\",\"stele\",\"timp\",\"trib\"],\"articleSection\":[\"Paranormal-Spiritualitate\"],\"inLanguage\":\"ro-RO\"},{\"@type\":\"WebPage\",\"@id\":\"https:\\\/\\\/www.lovendal.ro\\\/wp52\\\/cine-erau-oamenii-stelelor-ce-sunt-evocati-in-legendele-indienilor-nativi-din-america\\\/\",\"url\":\"https:\\\/\\\/www.lovendal.ro\\\/wp52\\\/cine-erau-oamenii-stelelor-ce-sunt-evocati-in-legendele-indienilor-nativi-din-america\\\/\",\"name\":\"Cine erau \\\"oamenii stelelor\\\" ce sunt evoca\u0163i \u00een legendele indienilor nativi din America? - Secretele lui Lovendal\",\"isPartOf\":{\"@id\":\"https:\\\/\\\/www.lovendal.ro\\\/wp52\\\/#website\"},\"primaryImageOfPage\":{\"@id\":\"https:\\\/\\\/www.lovendal.ro\\\/wp52\\\/cine-erau-oamenii-stelelor-ce-sunt-evocati-in-legendele-indienilor-nativi-din-america\\\/#primaryimage\"},\"image\":{\"@id\":\"https:\\\/\\\/www.lovendal.ro\\\/wp52\\\/cine-erau-oamenii-stelelor-ce-sunt-evocati-in-legendele-indienilor-nativi-din-america\\\/#primaryimage\"},\"thumbnailUrl\":\"https:\\\/\\\/www.lovendal.ro\\\/wp52\\\/wp-content\\\/uploads\\\/2019\\\/07\\\/amerindieni-extraterestri.jpg\",\"datePublished\":\"2019-07-02T14:00:53+00:00\",\"breadcrumb\":{\"@id\":\"https:\\\/\\\/www.lovendal.ro\\\/wp52\\\/cine-erau-oamenii-stelelor-ce-sunt-evocati-in-legendele-indienilor-nativi-din-america\\\/#breadcrumb\"},\"inLanguage\":\"ro-RO\",\"potentialAction\":[{\"@type\":\"ReadAction\",\"target\":[\"https:\\\/\\\/www.lovendal.ro\\\/wp52\\\/cine-erau-oamenii-stelelor-ce-sunt-evocati-in-legendele-indienilor-nativi-din-america\\\/\"]}]},{\"@type\":\"ImageObject\",\"inLanguage\":\"ro-RO\",\"@id\":\"https:\\\/\\\/www.lovendal.ro\\\/wp52\\\/cine-erau-oamenii-stelelor-ce-sunt-evocati-in-legendele-indienilor-nativi-din-america\\\/#primaryimage\",\"url\":\"https:\\\/\\\/www.lovendal.ro\\\/wp52\\\/wp-content\\\/uploads\\\/2019\\\/07\\\/amerindieni-extraterestri.jpg\",\"contentUrl\":\"https:\\\/\\\/www.lovendal.ro\\\/wp52\\\/wp-content\\\/uploads\\\/2019\\\/07\\\/amerindieni-extraterestri.jpg\",\"width\":341,\"height\":207},{\"@type\":\"BreadcrumbList\",\"@id\":\"https:\\\/\\\/www.lovendal.ro\\\/wp52\\\/cine-erau-oamenii-stelelor-ce-sunt-evocati-in-legendele-indienilor-nativi-din-america\\\/#breadcrumb\",\"itemListElement\":[{\"@type\":\"ListItem\",\"position\":1,\"name\":\"Home\",\"item\":\"https:\\\/\\\/www.lovendal.ro\\\/wp52\\\/\"},{\"@type\":\"ListItem\",\"position\":2,\"name\":\"Cine erau &#8222;oamenii stelelor&#8221; ce sunt evoca\u0163i \u00een legendele indienilor nativi din America?\"}]},{\"@type\":\"WebSite\",\"@id\":\"https:\\\/\\\/www.lovendal.ro\\\/wp52\\\/#website\",\"url\":\"https:\\\/\\\/www.lovendal.ro\\\/wp52\\\/\",\"name\":\"Secretele lui Lovendal\",\"description\":\"Site de secrete, stiinta si metafizica - din 2008 -\",\"publisher\":{\"@id\":\"https:\\\/\\\/www.lovendal.ro\\\/wp52\\\/#organization\"},\"potentialAction\":[{\"@type\":\"SearchAction\",\"target\":{\"@type\":\"EntryPoint\",\"urlTemplate\":\"https:\\\/\\\/www.lovendal.ro\\\/wp52\\\/?s={search_term_string}\"},\"query-input\":{\"@type\":\"PropertyValueSpecification\",\"valueRequired\":true,\"valueName\":\"search_term_string\"}}],\"inLanguage\":\"ro-RO\"},{\"@type\":\"Organization\",\"@id\":\"https:\\\/\\\/www.lovendal.ro\\\/wp52\\\/#organization\",\"name\":\"Secretele lui Lovendal\",\"url\":\"https:\\\/\\\/www.lovendal.ro\\\/wp52\\\/\",\"logo\":{\"@type\":\"ImageObject\",\"inLanguage\":\"ro-RO\",\"@id\":\"https:\\\/\\\/www.lovendal.ro\\\/wp52\\\/#\\\/schema\\\/logo\\\/image\\\/\",\"url\":\"https:\\\/\\\/www.lovendal.ro\\\/wp52\\\/wp-content\\\/uploads\\\/2024\\\/06\\\/cropped-SLL-iun-2024-1.jpg\",\"contentUrl\":\"https:\\\/\\\/www.lovendal.ro\\\/wp52\\\/wp-content\\\/uploads\\\/2024\\\/06\\\/cropped-SLL-iun-2024-1.jpg\",\"width\":771,\"height\":240,\"caption\":\"Secretele lui Lovendal\"},\"image\":{\"@id\":\"https:\\\/\\\/www.lovendal.ro\\\/wp52\\\/#\\\/schema\\\/logo\\\/image\\\/\"},\"sameAs\":[\"https:\\\/\\\/www.facebook.com\\\/secreteleluilovendal\"]},{\"@type\":\"Person\",\"@id\":\"https:\\\/\\\/www.lovendal.ro\\\/wp52\\\/#\\\/schema\\\/person\\\/088691de5dfc346bb0c023e1e52ef5d9\",\"name\":\"admin\",\"image\":{\"@type\":\"ImageObject\",\"inLanguage\":\"ro-RO\",\"@id\":\"https:\\\/\\\/secure.gravatar.com\\\/avatar\\\/ecb9cd41f5f63c9c9b989999a59f6e2639a865ec361e9db054db0679a8f341c2?s=96&d=mm&r=g\",\"url\":\"https:\\\/\\\/secure.gravatar.com\\\/avatar\\\/ecb9cd41f5f63c9c9b989999a59f6e2639a865ec361e9db054db0679a8f341c2?s=96&d=mm&r=g\",\"contentUrl\":\"https:\\\/\\\/secure.gravatar.com\\\/avatar\\\/ecb9cd41f5f63c9c9b989999a59f6e2639a865ec361e9db054db0679a8f341c2?s=96&d=mm&r=g\",\"caption\":\"admin\"},\"sameAs\":[\"https:\\\/\\\/www.lovendal.ro\\\/wp52\"]}]}<\/script>\n<!-- \/ Yoast SEO Premium plugin. -->","yoast_head_json":{"title":"Cine erau \"oamenii stelelor\" ce sunt evoca\u0163i \u00een legendele indienilor nativi din America? - Secretele lui Lovendal","robots":{"index":"index","follow":"follow","max-snippet":"max-snippet:-1","max-image-preview":"max-image-preview:large","max-video-preview":"max-video-preview:-1"},"canonical":"https:\/\/www.lovendal.ro\/wp52\/cine-erau-oamenii-stelelor-ce-sunt-evocati-in-legendele-indienilor-nativi-din-america\/","og_locale":"ro_RO","og_type":"article","og_title":"Cine erau \"oamenii stelelor\" ce sunt evoca\u0163i \u00een legendele indienilor nativi din America?","og_description":"\u00cenainte ca europenii s\u0103 fi descoperit America, teritoriul acesta a fost populat de o varietate de culturi amerindiene. Din p\u0103cate, anihilarea aproape total\u0103 de c\u0103tre cuceritorii spanioli a americanilor nativi a \u00eensemnat, de asemenea, dispari\u021bia cuno\u015ftin\u0163elor vechi pe care ace\u015ftia ... Cititi mai multe","og_url":"https:\/\/www.lovendal.ro\/wp52\/cine-erau-oamenii-stelelor-ce-sunt-evocati-in-legendele-indienilor-nativi-din-america\/","og_site_name":"Secretele lui Lovendal","article_publisher":"https:\/\/www.facebook.com\/secreteleluilovendal","article_published_time":"2019-07-02T14:00:53+00:00","og_image":[{"width":341,"height":207,"url":"https:\/\/www.lovendal.ro\/wp52\/wp-content\/uploads\/2019\/07\/amerindieni-extraterestri.jpg","type":"image\/jpeg"}],"author":"admin","twitter_card":"summary_large_image","twitter_misc":{"Scris de":"admin","Timp estimat pentru citire":"2 minute"},"schema":{"@context":"https:\/\/schema.org","@graph":[{"@type":"Article","@id":"https:\/\/www.lovendal.ro\/wp52\/cine-erau-oamenii-stelelor-ce-sunt-evocati-in-legendele-indienilor-nativi-din-america\/#article","isPartOf":{"@id":"https:\/\/www.lovendal.ro\/wp52\/cine-erau-oamenii-stelelor-ce-sunt-evocati-in-legendele-indienilor-nativi-din-america\/"},"author":{"name":"admin","@id":"https:\/\/www.lovendal.ro\/wp52\/#\/schema\/person\/088691de5dfc346bb0c023e1e52ef5d9"},"headline":"Cine erau &#8222;oamenii stelelor&#8221; ce sunt evoca\u0163i \u00een legendele indienilor nativi din America?","datePublished":"2019-07-02T14:00:53+00:00","mainEntityOfPage":{"@id":"https:\/\/www.lovendal.ro\/wp52\/cine-erau-oamenii-stelelor-ce-sunt-evocati-in-legendele-indienilor-nativi-din-america\/"},"wordCount":435,"publisher":{"@id":"https:\/\/www.lovendal.ro\/wp52\/#organization"},"image":{"@id":"https:\/\/www.lovendal.ro\/wp52\/cine-erau-oamenii-stelelor-ce-sunt-evocati-in-legendele-indienilor-nativi-din-america\/#primaryimage"},"thumbnailUrl":"https:\/\/www.lovendal.ro\/wp52\/wp-content\/uploads\/2019\/07\/amerindieni-extraterestri.jpg","keywords":["America","amerindieni","extratere\u015ftri","hart\u0103","hopi","legend\u0103","lumin\u0103","oameni","P\u0103m\u00e2nt","Paranormal-Spiritualitate","Pleiade","spa\u0163iu","stele","timp","trib"],"articleSection":["Paranormal-Spiritualitate"],"inLanguage":"ro-RO"},{"@type":"WebPage","@id":"https:\/\/www.lovendal.ro\/wp52\/cine-erau-oamenii-stelelor-ce-sunt-evocati-in-legendele-indienilor-nativi-din-america\/","url":"https:\/\/www.lovendal.ro\/wp52\/cine-erau-oamenii-stelelor-ce-sunt-evocati-in-legendele-indienilor-nativi-din-america\/","name":"Cine erau \"oamenii stelelor\" ce sunt evoca\u0163i \u00een legendele indienilor nativi din America? - Secretele lui Lovendal","isPartOf":{"@id":"https:\/\/www.lovendal.ro\/wp52\/#website"},"primaryImageOfPage":{"@id":"https:\/\/www.lovendal.ro\/wp52\/cine-erau-oamenii-stelelor-ce-sunt-evocati-in-legendele-indienilor-nativi-din-america\/#primaryimage"},"image":{"@id":"https:\/\/www.lovendal.ro\/wp52\/cine-erau-oamenii-stelelor-ce-sunt-evocati-in-legendele-indienilor-nativi-din-america\/#primaryimage"},"thumbnailUrl":"https:\/\/www.lovendal.ro\/wp52\/wp-content\/uploads\/2019\/07\/amerindieni-extraterestri.jpg","datePublished":"2019-07-02T14:00:53+00:00","breadcrumb":{"@id":"https:\/\/www.lovendal.ro\/wp52\/cine-erau-oamenii-stelelor-ce-sunt-evocati-in-legendele-indienilor-nativi-din-america\/#breadcrumb"},"inLanguage":"ro-RO","potentialAction":[{"@type":"ReadAction","target":["https:\/\/www.lovendal.ro\/wp52\/cine-erau-oamenii-stelelor-ce-sunt-evocati-in-legendele-indienilor-nativi-din-america\/"]}]},{"@type":"ImageObject","inLanguage":"ro-RO","@id":"https:\/\/www.lovendal.ro\/wp52\/cine-erau-oamenii-stelelor-ce-sunt-evocati-in-legendele-indienilor-nativi-din-america\/#primaryimage","url":"https:\/\/www.lovendal.ro\/wp52\/wp-content\/uploads\/2019\/07\/amerindieni-extraterestri.jpg","contentUrl":"https:\/\/www.lovendal.ro\/wp52\/wp-content\/uploads\/2019\/07\/amerindieni-extraterestri.jpg","width":341,"height":207},{"@type":"BreadcrumbList","@id":"https:\/\/www.lovendal.ro\/wp52\/cine-erau-oamenii-stelelor-ce-sunt-evocati-in-legendele-indienilor-nativi-din-america\/#breadcrumb","itemListElement":[{"@type":"ListItem","position":1,"name":"Home","item":"https:\/\/www.lovendal.ro\/wp52\/"},{"@type":"ListItem","position":2,"name":"Cine erau &#8222;oamenii stelelor&#8221; ce sunt evoca\u0163i \u00een legendele indienilor nativi din America?"}]},{"@type":"WebSite","@id":"https:\/\/www.lovendal.ro\/wp52\/#website","url":"https:\/\/www.lovendal.ro\/wp52\/","name":"Secretele lui Lovendal","description":"Site de secrete, stiinta si metafizica - din 2008 -","publisher":{"@id":"https:\/\/www.lovendal.ro\/wp52\/#organization"},"potentialAction":[{"@type":"SearchAction","target":{"@type":"EntryPoint","urlTemplate":"https:\/\/www.lovendal.ro\/wp52\/?s={search_term_string}"},"query-input":{"@type":"PropertyValueSpecification","valueRequired":true,"valueName":"search_term_string"}}],"inLanguage":"ro-RO"},{"@type":"Organization","@id":"https:\/\/www.lovendal.ro\/wp52\/#organization","name":"Secretele lui Lovendal","url":"https:\/\/www.lovendal.ro\/wp52\/","logo":{"@type":"ImageObject","inLanguage":"ro-RO","@id":"https:\/\/www.lovendal.ro\/wp52\/#\/schema\/logo\/image\/","url":"https:\/\/www.lovendal.ro\/wp52\/wp-content\/uploads\/2024\/06\/cropped-SLL-iun-2024-1.jpg","contentUrl":"https:\/\/www.lovendal.ro\/wp52\/wp-content\/uploads\/2024\/06\/cropped-SLL-iun-2024-1.jpg","width":771,"height":240,"caption":"Secretele lui Lovendal"},"image":{"@id":"https:\/\/www.lovendal.ro\/wp52\/#\/schema\/logo\/image\/"},"sameAs":["https:\/\/www.facebook.com\/secreteleluilovendal"]},{"@type":"Person","@id":"https:\/\/www.lovendal.ro\/wp52\/#\/schema\/person\/088691de5dfc346bb0c023e1e52ef5d9","name":"admin","image":{"@type":"ImageObject","inLanguage":"ro-RO","@id":"https:\/\/secure.gravatar.com\/avatar\/ecb9cd41f5f63c9c9b989999a59f6e2639a865ec361e9db054db0679a8f341c2?s=96&d=mm&r=g","url":"https:\/\/secure.gravatar.com\/avatar\/ecb9cd41f5f63c9c9b989999a59f6e2639a865ec361e9db054db0679a8f341c2?s=96&d=mm&r=g","contentUrl":"https:\/\/secure.gravatar.com\/avatar\/ecb9cd41f5f63c9c9b989999a59f6e2639a865ec361e9db054db0679a8f341c2?s=96&d=mm&r=g","caption":"admin"},"sameAs":["https:\/\/www.lovendal.ro\/wp52"]}]}},"_links":{"self":[{"href":"https:\/\/www.lovendal.ro\/wp52\/wp-json\/wp\/v2\/posts\/62908","targetHints":{"allow":["GET"]}}],"collection":[{"href":"https:\/\/www.lovendal.ro\/wp52\/wp-json\/wp\/v2\/posts"}],"about":[{"href":"https:\/\/www.lovendal.ro\/wp52\/wp-json\/wp\/v2\/types\/post"}],"author":[{"embeddable":true,"href":"https:\/\/www.lovendal.ro\/wp52\/wp-json\/wp\/v2\/users\/1"}],"replies":[{"embeddable":true,"href":"https:\/\/www.lovendal.ro\/wp52\/wp-json\/wp\/v2\/comments?post=62908"}],"version-history":[{"count":0,"href":"https:\/\/www.lovendal.ro\/wp52\/wp-json\/wp\/v2\/posts\/62908\/revisions"}],"wp:featuredmedia":[{"embeddable":true,"href":"https:\/\/www.lovendal.ro\/wp52\/wp-json\/wp\/v2\/media\/62909"}],"wp:attachment":[{"href":"https:\/\/www.lovendal.ro\/wp52\/wp-json\/wp\/v2\/media?parent=62908"}],"wp:term":[{"taxonomy":"category","embeddable":true,"href":"https:\/\/www.lovendal.ro\/wp52\/wp-json\/wp\/v2\/categories?post=62908"},{"taxonomy":"post_tag","embeddable":true,"href":"https:\/\/www.lovendal.ro\/wp52\/wp-json\/wp\/v2\/tags?post=62908"}],"curies":[{"name":"wp","href":"https:\/\/api.w.org\/{rel}","templated":true}]}}