{"id":6279,"date":"2009-07-16T09:37:23","date_gmt":"2009-07-16T06:37:23","guid":{"rendered":"http:\/\/www.lovendal.net\/wp52\/?p=6279"},"modified":"2009-07-16T09:37:23","modified_gmt":"2009-07-16T06:37:23","slug":"cum-isi-punea-papucii-sau-halatul-regele-ludovic-al-xiv-lea-al-frantei","status":"publish","type":"post","link":"https:\/\/www.lovendal.ro\/wp52\/cum-isi-punea-papucii-sau-halatul-regele-ludovic-al-xiv-lea-al-frantei\/","title":{"rendered":"Cum \u00ee\u015fi punea papucii sau halatul regele Ludovic al XIV-lea al Fran\u0163ei"},"content":{"rendered":"<p><a href=\"https:\/\/www.lovendal.ro\/wp52\/wp-content\/uploads\/2009\/07\/Louis-xiv.jpg\"><img loading=\"lazy\" decoding=\"async\" class=\"alignleft size-full wp-image-6280\" title=\"Louis-xiv\" src=\"https:\/\/www.lovendal.ro\/wp52\/wp-content\/uploads\/2009\/07\/Louis-xiv.jpg\" alt=\"Louis-xiv\" width=\"310\" height=\"262\" srcset=\"https:\/\/www.lovendal.ro\/wp52\/wp-content\/uploads\/2009\/07\/Louis-xiv.jpg 348w, https:\/\/www.lovendal.ro\/wp52\/wp-content\/uploads\/2009\/07\/Louis-xiv-300x253.jpg 300w\" sizes=\"auto, (max-width: 310px) 100vw, 310px\" \/><\/a>Ludovic al XIV-lea (1638-1714), str\u0103lucitul rege al Fran\u0163ei&#8230;&#8221;Regelui-soare&#8221; \u00eei pl\u0103cea via\u0163a de la curte, era pe gustul lui lumea plin\u0103 de anima\u0163ie a Versailles-ului, \u00eens\u0103 dorea s\u0103 fie soarele, \u00een jurul c\u0103ruia se \u00eenv\u00e2rte \u00eentregul\u00a0 univers\u00a0 al cur\u0163ii. A reajustat deci \u015fi a impopo\u0163onat eticheta spaniol\u0103 dup\u0103 propriul s\u0103u gust.<\/p>\n<p>S\u0103 d\u0103m pu\u0163in deoparte cortina secolelor, pentru a p\u0103trunde \u00een dormitorul regelui. Prim-cameristul trage draperiile patului, fiindc\u0103 e diminea\u0163\u0103. Regele se treze\u015fte. Lacheii \u00eei introduc pe nobilii care au dreptul s\u0103 fie de fa\u0163\u0103 la aceast\u0103 clip\u0103 solemn\u0103. \u00ce\u015fi fac apari\u0163ia prin\u0163ii de s\u00e2nge; \u015fambelanul-\u015fef \u00eenainteaz\u0103 cu plec\u0103ciuni, apoi \u015feful garderobier, \u00eempreun\u0103 cu patru \u015fambelani.<\/p>\n<p>\u00cencepe lever-ul, ceremonialul de sculare a regelui. Regele coboar\u0103 din ilustrul pat, care este a\u015fezat pe direc\u0163ia axei gr\u0103dinii de la Versailles \u015fi constituie centrul castelului; Regele Soare este centrul cur\u0163ii sale, precum Soarele e centrul sistemului planetar. Dup\u0103 o scurt\u0103 rug\u0103ciune, prim-cameristul \u00eei picur\u0103 pe m\u00e2n\u0103 c\u00e2\u0163iva stropi de esen\u0163\u0103 aromat\u0103 \u015fi cu aceasta sp\u0103latul de diminea\u0163\u0103 s-a ispr\u0103vit. Primul-\u015fambelan \u00eei pune papucii, apoi \u00eei pred\u0103 \u015fambelanului-\u015fef halatul de cas\u0103, iar acesta \u00eel \u00eembrac\u0103 pe rege. Apoi regele se a\u015faz\u0103 \u00een fotoliu. Frizerul cur\u0163ii \u00eei scoate boneta de noapte \u015fi \u00eei piapt\u0103n\u0103 p\u0103rul, \u00een timp ce primul-\u015fambelan \u00eei \u0163ine \u00een fa\u0163\u0103 oglinda.<\/p>\n<p>Acestea sunt am\u0103nunte neinteresante, p\u00e2n\u0103 la plictis, \u00eens\u0103 \u00een via\u0163a cur\u0163ii de la Versailles ele erau de mare importan\u0163\u0103 \u015fi pline de semnifica\u0163ie. S\u0103-i pui regelui papucii sau halului de cas\u0103 era o favoare extraordinar\u0103, pe care ceilal\u0163i curteni o priveau galbeni de invidie. Ordinea \u00een care decurgea \u00eembr\u0103catul a fost hot\u0103r\u00e2t\u0103 de \u00eensu\u015fi regele, stabilindu-i desf\u0103\u015furarea cu o rigurozitate matematic\u0103. Regele, p\u00e2n\u0103 la v\u00e2rsta de 77 de ani, \u00eentotdeauna a fost \u00eenc\u0103l\u0163at cu papucii de c\u0103tre primul-\u015fambelan \u015fi \u00eembr\u0103cat cu halatul de c\u0103tre \u015fambelanul-\u015fef. S\u0103 propui schimbarea rolurilor ar fi dovedit g\u00e2nduri revolu\u0163ionare.<\/p>\n<p>\u00cen dimine\u0163ile mohor\u00e2te, dac\u0103 era nevoie de lumin\u0103, avea de lucru \u015fi vreunul din membrii asisten\u0163ei. \u015eambelanul-\u015fef \u00eel \u00eentreba \u00een \u015foapt\u0103 pe rege cui s\u0103 i se acorde favoarea de a \u0163ine lum\u00e2narea. Regele desemna o notabilitate \u015fi respectivul, cu pieptul umflat de m\u00e2ndrie, \u0163inea un sfe\u015fnic cu dou\u0103 bra\u0163e c\u00e2t timp dura \u00eembr\u0103catul. S\u0103 fim bine \u00een\u0163ele\u015fi: un sfe\u015fnic cu dou\u0103 bra\u0163e. Fiindc\u0103 \u00een mecanismul bine g\u00e2ndit \u015fi \u015flefuit al etichetei de la curte, Ludovic a prev\u0103zut p\u00e2n\u0103 \u015fi dreptul de \u00eentrebuin\u0163are a sfe\u015fnicelor. Numai regele avea voie s\u0103 \u00eentrebuin\u0163eze un sfe\u015fnic cu dou\u0103 bra\u0163e; to\u0163i ceilal\u0163i trebuia s\u0103-\u015fi fac\u0103 lumin\u0103 doar cu un sfe\u015fnic cu un singur bra\u0163! Ce e \u015fi cu regii \u0103\u015ftia&#8230;<\/p>\n","protected":false},"excerpt":{"rendered":"<p>Ludovic al XIV-lea (1638-1714), str\u0103lucitul rege al Fran\u0163ei&#8230;&#8221;Regelui-soare&#8221; \u00eei pl\u0103cea via\u0163a de la curte, era pe gustul lui lumea plin\u0103 de anima\u0163ie a Versailles-ului, \u00eens\u0103 dorea s\u0103 fie soarele, \u00een jurul c\u0103ruia se \u00eenv\u00e2rte \u00eentregul\u00a0 univers\u00a0 al cur\u0163ii. A reajustat &#8230; <\/p>\n<p class=\"read-more-container\"><a title=\"Cum \u00ee\u015fi punea papucii sau halatul regele Ludovic al XIV-lea al Fran\u0163ei\" class=\"read-more button\" href=\"https:\/\/www.lovendal.ro\/wp52\/cum-isi-punea-papucii-sau-halatul-regele-ludovic-al-xiv-lea-al-frantei\/#more-6279\" aria-label=\"Cite\u0219te mai multe despre Cum \u00ee\u015fi punea papucii sau halatul regele Ludovic al XIV-lea al Fran\u0163ei\">Cititi mai multe<\/a><\/p>\n","protected":false},"author":1,"featured_media":6280,"comment_status":"open","ping_status":"closed","sticky":false,"template":"","format":"standard","meta":{"footnotes":""},"categories":[9],"tags":[202,1532,577,453,1837,1836],"class_list":["post-6279","post","type-post","status-publish","format-standard","has-post-thumbnail","hentry","category-istorie","tag-franta","tag-istorie-si-civilizatii","tag-ludovic-al-xiv-lea","tag-rege","tag-sambelan","tag-versailles","resize-featured-image"],"yoast_head":"<!-- This site is optimized with the Yoast SEO Premium plugin v23.3 (Yoast SEO v27.4) - https:\/\/yoast.com\/product\/yoast-seo-premium-wordpress\/ -->\n<title>Cum \u00ee\u015fi punea papucii sau halatul regele Ludovic al XIV-lea al Fran\u0163ei - Secretele lui Lovendal<\/title>\n<meta name=\"robots\" content=\"index, follow, max-snippet:-1, max-image-preview:large, max-video-preview:-1\" \/>\n<link rel=\"canonical\" href=\"https:\/\/www.lovendal.ro\/wp52\/cum-isi-punea-papucii-sau-halatul-regele-ludovic-al-xiv-lea-al-frantei\/\" \/>\n<meta property=\"og:locale\" content=\"ro_RO\" \/>\n<meta property=\"og:type\" content=\"article\" \/>\n<meta property=\"og:title\" content=\"Cum \u00ee\u015fi punea papucii sau halatul regele Ludovic al XIV-lea al Fran\u0163ei\" \/>\n<meta property=\"og:description\" content=\"Ludovic al XIV-lea (1638-1714), str\u0103lucitul rege al Fran\u0163ei&#8230;&#8221;Regelui-soare&#8221; \u00eei pl\u0103cea via\u0163a de la curte, era pe gustul lui lumea plin\u0103 de anima\u0163ie a Versailles-ului, \u00eens\u0103 dorea s\u0103 fie soarele, \u00een jurul c\u0103ruia se \u00eenv\u00e2rte \u00eentregul\u00a0 univers\u00a0 al cur\u0163ii. A reajustat ... Cititi mai multe\" \/>\n<meta property=\"og:url\" content=\"https:\/\/www.lovendal.ro\/wp52\/cum-isi-punea-papucii-sau-halatul-regele-ludovic-al-xiv-lea-al-frantei\/\" \/>\n<meta property=\"og:site_name\" content=\"Secretele lui Lovendal\" \/>\n<meta property=\"article:publisher\" content=\"https:\/\/www.facebook.com\/secreteleluilovendal\" \/>\n<meta property=\"article:published_time\" content=\"2009-07-16T06:37:23+00:00\" \/>\n<meta property=\"og:image\" content=\"https:\/\/www.lovendal.ro\/wp52\/wp-content\/uploads\/2009\/07\/Louis-xiv.jpg\" \/>\n\t<meta property=\"og:image:width\" content=\"348\" \/>\n\t<meta property=\"og:image:height\" content=\"294\" \/>\n\t<meta property=\"og:image:type\" content=\"image\/jpeg\" \/>\n<meta name=\"author\" content=\"admin\" \/>\n<meta name=\"twitter:card\" content=\"summary_large_image\" \/>\n<meta name=\"twitter:label1\" content=\"Scris de\" \/>\n\t<meta name=\"twitter:data1\" content=\"admin\" \/>\n\t<meta name=\"twitter:label2\" content=\"Timp estimat pentru citire\" \/>\n\t<meta name=\"twitter:data2\" content=\"3 minute\" \/>\n<script type=\"application\/ld+json\" class=\"yoast-schema-graph\">{\"@context\":\"https:\\\/\\\/schema.org\",\"@graph\":[{\"@type\":\"Article\",\"@id\":\"https:\\\/\\\/www.lovendal.ro\\\/wp52\\\/cum-isi-punea-papucii-sau-halatul-regele-ludovic-al-xiv-lea-al-frantei\\\/#article\",\"isPartOf\":{\"@id\":\"https:\\\/\\\/www.lovendal.ro\\\/wp52\\\/cum-isi-punea-papucii-sau-halatul-regele-ludovic-al-xiv-lea-al-frantei\\\/\"},\"author\":{\"name\":\"admin\",\"@id\":\"https:\\\/\\\/www.lovendal.ro\\\/wp52\\\/#\\\/schema\\\/person\\\/088691de5dfc346bb0c023e1e52ef5d9\"},\"headline\":\"Cum \u00ee\u015fi punea papucii sau halatul regele Ludovic al XIV-lea al Fran\u0163ei\",\"datePublished\":\"2009-07-16T06:37:23+00:00\",\"mainEntityOfPage\":{\"@id\":\"https:\\\/\\\/www.lovendal.ro\\\/wp52\\\/cum-isi-punea-papucii-sau-halatul-regele-ludovic-al-xiv-lea-al-frantei\\\/\"},\"wordCount\":516,\"commentCount\":1,\"publisher\":{\"@id\":\"https:\\\/\\\/www.lovendal.ro\\\/wp52\\\/#organization\"},\"image\":{\"@id\":\"https:\\\/\\\/www.lovendal.ro\\\/wp52\\\/cum-isi-punea-papucii-sau-halatul-regele-ludovic-al-xiv-lea-al-frantei\\\/#primaryimage\"},\"thumbnailUrl\":\"https:\\\/\\\/www.lovendal.ro\\\/wp52\\\/wp-content\\\/uploads\\\/2009\\\/07\\\/Louis-xiv.jpg\",\"keywords\":[\"Fran\u0163a\",\"Istorie si Civilizatii\",\"Ludovic al XIV-lea\",\"rege\",\"\u015fambelan\",\"Versailles\"],\"articleSection\":[\"Istorie si Civilizatii\"],\"inLanguage\":\"ro-RO\",\"potentialAction\":[{\"@type\":\"CommentAction\",\"name\":\"Comment\",\"target\":[\"https:\\\/\\\/www.lovendal.ro\\\/wp52\\\/cum-isi-punea-papucii-sau-halatul-regele-ludovic-al-xiv-lea-al-frantei\\\/#respond\"]}]},{\"@type\":\"WebPage\",\"@id\":\"https:\\\/\\\/www.lovendal.ro\\\/wp52\\\/cum-isi-punea-papucii-sau-halatul-regele-ludovic-al-xiv-lea-al-frantei\\\/\",\"url\":\"https:\\\/\\\/www.lovendal.ro\\\/wp52\\\/cum-isi-punea-papucii-sau-halatul-regele-ludovic-al-xiv-lea-al-frantei\\\/\",\"name\":\"Cum \u00ee\u015fi punea papucii sau halatul regele Ludovic al XIV-lea al Fran\u0163ei - Secretele lui Lovendal\",\"isPartOf\":{\"@id\":\"https:\\\/\\\/www.lovendal.ro\\\/wp52\\\/#website\"},\"primaryImageOfPage\":{\"@id\":\"https:\\\/\\\/www.lovendal.ro\\\/wp52\\\/cum-isi-punea-papucii-sau-halatul-regele-ludovic-al-xiv-lea-al-frantei\\\/#primaryimage\"},\"image\":{\"@id\":\"https:\\\/\\\/www.lovendal.ro\\\/wp52\\\/cum-isi-punea-papucii-sau-halatul-regele-ludovic-al-xiv-lea-al-frantei\\\/#primaryimage\"},\"thumbnailUrl\":\"https:\\\/\\\/www.lovendal.ro\\\/wp52\\\/wp-content\\\/uploads\\\/2009\\\/07\\\/Louis-xiv.jpg\",\"datePublished\":\"2009-07-16T06:37:23+00:00\",\"breadcrumb\":{\"@id\":\"https:\\\/\\\/www.lovendal.ro\\\/wp52\\\/cum-isi-punea-papucii-sau-halatul-regele-ludovic-al-xiv-lea-al-frantei\\\/#breadcrumb\"},\"inLanguage\":\"ro-RO\",\"potentialAction\":[{\"@type\":\"ReadAction\",\"target\":[\"https:\\\/\\\/www.lovendal.ro\\\/wp52\\\/cum-isi-punea-papucii-sau-halatul-regele-ludovic-al-xiv-lea-al-frantei\\\/\"]}]},{\"@type\":\"ImageObject\",\"inLanguage\":\"ro-RO\",\"@id\":\"https:\\\/\\\/www.lovendal.ro\\\/wp52\\\/cum-isi-punea-papucii-sau-halatul-regele-ludovic-al-xiv-lea-al-frantei\\\/#primaryimage\",\"url\":\"https:\\\/\\\/www.lovendal.ro\\\/wp52\\\/wp-content\\\/uploads\\\/2009\\\/07\\\/Louis-xiv.jpg\",\"contentUrl\":\"https:\\\/\\\/www.lovendal.ro\\\/wp52\\\/wp-content\\\/uploads\\\/2009\\\/07\\\/Louis-xiv.jpg\",\"width\":\"348\",\"height\":\"294\"},{\"@type\":\"BreadcrumbList\",\"@id\":\"https:\\\/\\\/www.lovendal.ro\\\/wp52\\\/cum-isi-punea-papucii-sau-halatul-regele-ludovic-al-xiv-lea-al-frantei\\\/#breadcrumb\",\"itemListElement\":[{\"@type\":\"ListItem\",\"position\":1,\"name\":\"Home\",\"item\":\"https:\\\/\\\/www.lovendal.ro\\\/wp52\\\/\"},{\"@type\":\"ListItem\",\"position\":2,\"name\":\"Cum \u00ee\u015fi punea papucii sau halatul regele Ludovic al XIV-lea al Fran\u0163ei\"}]},{\"@type\":\"WebSite\",\"@id\":\"https:\\\/\\\/www.lovendal.ro\\\/wp52\\\/#website\",\"url\":\"https:\\\/\\\/www.lovendal.ro\\\/wp52\\\/\",\"name\":\"Secretele lui Lovendal\",\"description\":\"Site de secrete, stiinta si metafizica - din 2008 -\",\"publisher\":{\"@id\":\"https:\\\/\\\/www.lovendal.ro\\\/wp52\\\/#organization\"},\"potentialAction\":[{\"@type\":\"SearchAction\",\"target\":{\"@type\":\"EntryPoint\",\"urlTemplate\":\"https:\\\/\\\/www.lovendal.ro\\\/wp52\\\/?s={search_term_string}\"},\"query-input\":{\"@type\":\"PropertyValueSpecification\",\"valueRequired\":true,\"valueName\":\"search_term_string\"}}],\"inLanguage\":\"ro-RO\"},{\"@type\":\"Organization\",\"@id\":\"https:\\\/\\\/www.lovendal.ro\\\/wp52\\\/#organization\",\"name\":\"Secretele lui Lovendal\",\"url\":\"https:\\\/\\\/www.lovendal.ro\\\/wp52\\\/\",\"logo\":{\"@type\":\"ImageObject\",\"inLanguage\":\"ro-RO\",\"@id\":\"https:\\\/\\\/www.lovendal.ro\\\/wp52\\\/#\\\/schema\\\/logo\\\/image\\\/\",\"url\":\"https:\\\/\\\/www.lovendal.ro\\\/wp52\\\/wp-content\\\/uploads\\\/2024\\\/06\\\/cropped-SLL-iun-2024-1.jpg\",\"contentUrl\":\"https:\\\/\\\/www.lovendal.ro\\\/wp52\\\/wp-content\\\/uploads\\\/2024\\\/06\\\/cropped-SLL-iun-2024-1.jpg\",\"width\":771,\"height\":240,\"caption\":\"Secretele lui Lovendal\"},\"image\":{\"@id\":\"https:\\\/\\\/www.lovendal.ro\\\/wp52\\\/#\\\/schema\\\/logo\\\/image\\\/\"},\"sameAs\":[\"https:\\\/\\\/www.facebook.com\\\/secreteleluilovendal\"]},{\"@type\":\"Person\",\"@id\":\"https:\\\/\\\/www.lovendal.ro\\\/wp52\\\/#\\\/schema\\\/person\\\/088691de5dfc346bb0c023e1e52ef5d9\",\"name\":\"admin\",\"image\":{\"@type\":\"ImageObject\",\"inLanguage\":\"ro-RO\",\"@id\":\"https:\\\/\\\/secure.gravatar.com\\\/avatar\\\/ecb9cd41f5f63c9c9b989999a59f6e2639a865ec361e9db054db0679a8f341c2?s=96&d=mm&r=g\",\"url\":\"https:\\\/\\\/secure.gravatar.com\\\/avatar\\\/ecb9cd41f5f63c9c9b989999a59f6e2639a865ec361e9db054db0679a8f341c2?s=96&d=mm&r=g\",\"contentUrl\":\"https:\\\/\\\/secure.gravatar.com\\\/avatar\\\/ecb9cd41f5f63c9c9b989999a59f6e2639a865ec361e9db054db0679a8f341c2?s=96&d=mm&r=g\",\"caption\":\"admin\"},\"sameAs\":[\"https:\\\/\\\/www.lovendal.ro\\\/wp52\"]}]}<\/script>\n<!-- \/ Yoast SEO Premium plugin. -->","yoast_head_json":{"title":"Cum \u00ee\u015fi punea papucii sau halatul regele Ludovic al XIV-lea al Fran\u0163ei - Secretele lui Lovendal","robots":{"index":"index","follow":"follow","max-snippet":"max-snippet:-1","max-image-preview":"max-image-preview:large","max-video-preview":"max-video-preview:-1"},"canonical":"https:\/\/www.lovendal.ro\/wp52\/cum-isi-punea-papucii-sau-halatul-regele-ludovic-al-xiv-lea-al-frantei\/","og_locale":"ro_RO","og_type":"article","og_title":"Cum \u00ee\u015fi punea papucii sau halatul regele Ludovic al XIV-lea al Fran\u0163ei","og_description":"Ludovic al XIV-lea (1638-1714), str\u0103lucitul rege al Fran\u0163ei&#8230;&#8221;Regelui-soare&#8221; \u00eei pl\u0103cea via\u0163a de la curte, era pe gustul lui lumea plin\u0103 de anima\u0163ie a Versailles-ului, \u00eens\u0103 dorea s\u0103 fie soarele, \u00een jurul c\u0103ruia se \u00eenv\u00e2rte \u00eentregul\u00a0 univers\u00a0 al cur\u0163ii. A reajustat ... Cititi mai multe","og_url":"https:\/\/www.lovendal.ro\/wp52\/cum-isi-punea-papucii-sau-halatul-regele-ludovic-al-xiv-lea-al-frantei\/","og_site_name":"Secretele lui Lovendal","article_publisher":"https:\/\/www.facebook.com\/secreteleluilovendal","article_published_time":"2009-07-16T06:37:23+00:00","og_image":[{"width":348,"height":294,"url":"https:\/\/www.lovendal.ro\/wp52\/wp-content\/uploads\/2009\/07\/Louis-xiv.jpg","type":"image\/jpeg"}],"author":"admin","twitter_card":"summary_large_image","twitter_misc":{"Scris de":"admin","Timp estimat pentru citire":"3 minute"},"schema":{"@context":"https:\/\/schema.org","@graph":[{"@type":"Article","@id":"https:\/\/www.lovendal.ro\/wp52\/cum-isi-punea-papucii-sau-halatul-regele-ludovic-al-xiv-lea-al-frantei\/#article","isPartOf":{"@id":"https:\/\/www.lovendal.ro\/wp52\/cum-isi-punea-papucii-sau-halatul-regele-ludovic-al-xiv-lea-al-frantei\/"},"author":{"name":"admin","@id":"https:\/\/www.lovendal.ro\/wp52\/#\/schema\/person\/088691de5dfc346bb0c023e1e52ef5d9"},"headline":"Cum \u00ee\u015fi punea papucii sau halatul regele Ludovic al XIV-lea al Fran\u0163ei","datePublished":"2009-07-16T06:37:23+00:00","mainEntityOfPage":{"@id":"https:\/\/www.lovendal.ro\/wp52\/cum-isi-punea-papucii-sau-halatul-regele-ludovic-al-xiv-lea-al-frantei\/"},"wordCount":516,"commentCount":1,"publisher":{"@id":"https:\/\/www.lovendal.ro\/wp52\/#organization"},"image":{"@id":"https:\/\/www.lovendal.ro\/wp52\/cum-isi-punea-papucii-sau-halatul-regele-ludovic-al-xiv-lea-al-frantei\/#primaryimage"},"thumbnailUrl":"https:\/\/www.lovendal.ro\/wp52\/wp-content\/uploads\/2009\/07\/Louis-xiv.jpg","keywords":["Fran\u0163a","Istorie si Civilizatii","Ludovic al XIV-lea","rege","\u015fambelan","Versailles"],"articleSection":["Istorie si Civilizatii"],"inLanguage":"ro-RO","potentialAction":[{"@type":"CommentAction","name":"Comment","target":["https:\/\/www.lovendal.ro\/wp52\/cum-isi-punea-papucii-sau-halatul-regele-ludovic-al-xiv-lea-al-frantei\/#respond"]}]},{"@type":"WebPage","@id":"https:\/\/www.lovendal.ro\/wp52\/cum-isi-punea-papucii-sau-halatul-regele-ludovic-al-xiv-lea-al-frantei\/","url":"https:\/\/www.lovendal.ro\/wp52\/cum-isi-punea-papucii-sau-halatul-regele-ludovic-al-xiv-lea-al-frantei\/","name":"Cum \u00ee\u015fi punea papucii sau halatul regele Ludovic al XIV-lea al Fran\u0163ei - Secretele lui Lovendal","isPartOf":{"@id":"https:\/\/www.lovendal.ro\/wp52\/#website"},"primaryImageOfPage":{"@id":"https:\/\/www.lovendal.ro\/wp52\/cum-isi-punea-papucii-sau-halatul-regele-ludovic-al-xiv-lea-al-frantei\/#primaryimage"},"image":{"@id":"https:\/\/www.lovendal.ro\/wp52\/cum-isi-punea-papucii-sau-halatul-regele-ludovic-al-xiv-lea-al-frantei\/#primaryimage"},"thumbnailUrl":"https:\/\/www.lovendal.ro\/wp52\/wp-content\/uploads\/2009\/07\/Louis-xiv.jpg","datePublished":"2009-07-16T06:37:23+00:00","breadcrumb":{"@id":"https:\/\/www.lovendal.ro\/wp52\/cum-isi-punea-papucii-sau-halatul-regele-ludovic-al-xiv-lea-al-frantei\/#breadcrumb"},"inLanguage":"ro-RO","potentialAction":[{"@type":"ReadAction","target":["https:\/\/www.lovendal.ro\/wp52\/cum-isi-punea-papucii-sau-halatul-regele-ludovic-al-xiv-lea-al-frantei\/"]}]},{"@type":"ImageObject","inLanguage":"ro-RO","@id":"https:\/\/www.lovendal.ro\/wp52\/cum-isi-punea-papucii-sau-halatul-regele-ludovic-al-xiv-lea-al-frantei\/#primaryimage","url":"https:\/\/www.lovendal.ro\/wp52\/wp-content\/uploads\/2009\/07\/Louis-xiv.jpg","contentUrl":"https:\/\/www.lovendal.ro\/wp52\/wp-content\/uploads\/2009\/07\/Louis-xiv.jpg","width":"348","height":"294"},{"@type":"BreadcrumbList","@id":"https:\/\/www.lovendal.ro\/wp52\/cum-isi-punea-papucii-sau-halatul-regele-ludovic-al-xiv-lea-al-frantei\/#breadcrumb","itemListElement":[{"@type":"ListItem","position":1,"name":"Home","item":"https:\/\/www.lovendal.ro\/wp52\/"},{"@type":"ListItem","position":2,"name":"Cum \u00ee\u015fi punea papucii sau halatul regele Ludovic al XIV-lea al Fran\u0163ei"}]},{"@type":"WebSite","@id":"https:\/\/www.lovendal.ro\/wp52\/#website","url":"https:\/\/www.lovendal.ro\/wp52\/","name":"Secretele lui Lovendal","description":"Site de secrete, stiinta si metafizica - din 2008 -","publisher":{"@id":"https:\/\/www.lovendal.ro\/wp52\/#organization"},"potentialAction":[{"@type":"SearchAction","target":{"@type":"EntryPoint","urlTemplate":"https:\/\/www.lovendal.ro\/wp52\/?s={search_term_string}"},"query-input":{"@type":"PropertyValueSpecification","valueRequired":true,"valueName":"search_term_string"}}],"inLanguage":"ro-RO"},{"@type":"Organization","@id":"https:\/\/www.lovendal.ro\/wp52\/#organization","name":"Secretele lui Lovendal","url":"https:\/\/www.lovendal.ro\/wp52\/","logo":{"@type":"ImageObject","inLanguage":"ro-RO","@id":"https:\/\/www.lovendal.ro\/wp52\/#\/schema\/logo\/image\/","url":"https:\/\/www.lovendal.ro\/wp52\/wp-content\/uploads\/2024\/06\/cropped-SLL-iun-2024-1.jpg","contentUrl":"https:\/\/www.lovendal.ro\/wp52\/wp-content\/uploads\/2024\/06\/cropped-SLL-iun-2024-1.jpg","width":771,"height":240,"caption":"Secretele lui Lovendal"},"image":{"@id":"https:\/\/www.lovendal.ro\/wp52\/#\/schema\/logo\/image\/"},"sameAs":["https:\/\/www.facebook.com\/secreteleluilovendal"]},{"@type":"Person","@id":"https:\/\/www.lovendal.ro\/wp52\/#\/schema\/person\/088691de5dfc346bb0c023e1e52ef5d9","name":"admin","image":{"@type":"ImageObject","inLanguage":"ro-RO","@id":"https:\/\/secure.gravatar.com\/avatar\/ecb9cd41f5f63c9c9b989999a59f6e2639a865ec361e9db054db0679a8f341c2?s=96&d=mm&r=g","url":"https:\/\/secure.gravatar.com\/avatar\/ecb9cd41f5f63c9c9b989999a59f6e2639a865ec361e9db054db0679a8f341c2?s=96&d=mm&r=g","contentUrl":"https:\/\/secure.gravatar.com\/avatar\/ecb9cd41f5f63c9c9b989999a59f6e2639a865ec361e9db054db0679a8f341c2?s=96&d=mm&r=g","caption":"admin"},"sameAs":["https:\/\/www.lovendal.ro\/wp52"]}]}},"_links":{"self":[{"href":"https:\/\/www.lovendal.ro\/wp52\/wp-json\/wp\/v2\/posts\/6279","targetHints":{"allow":["GET"]}}],"collection":[{"href":"https:\/\/www.lovendal.ro\/wp52\/wp-json\/wp\/v2\/posts"}],"about":[{"href":"https:\/\/www.lovendal.ro\/wp52\/wp-json\/wp\/v2\/types\/post"}],"author":[{"embeddable":true,"href":"https:\/\/www.lovendal.ro\/wp52\/wp-json\/wp\/v2\/users\/1"}],"replies":[{"embeddable":true,"href":"https:\/\/www.lovendal.ro\/wp52\/wp-json\/wp\/v2\/comments?post=6279"}],"version-history":[{"count":0,"href":"https:\/\/www.lovendal.ro\/wp52\/wp-json\/wp\/v2\/posts\/6279\/revisions"}],"wp:featuredmedia":[{"embeddable":true,"href":"https:\/\/www.lovendal.ro\/wp52\/wp-json\/wp\/v2\/media\/6280"}],"wp:attachment":[{"href":"https:\/\/www.lovendal.ro\/wp52\/wp-json\/wp\/v2\/media?parent=6279"}],"wp:term":[{"taxonomy":"category","embeddable":true,"href":"https:\/\/www.lovendal.ro\/wp52\/wp-json\/wp\/v2\/categories?post=6279"},{"taxonomy":"post_tag","embeddable":true,"href":"https:\/\/www.lovendal.ro\/wp52\/wp-json\/wp\/v2\/tags?post=6279"}],"curies":[{"name":"wp","href":"https:\/\/api.w.org\/{rel}","templated":true}]}}