{"id":62491,"date":"2019-05-31T09:23:50","date_gmt":"2019-05-31T06:23:50","guid":{"rendered":"https:\/\/www.lovendal.ro\/wp52\/?p=62491"},"modified":"2019-05-31T09:23:50","modified_gmt":"2019-05-31T06:23:50","slug":"exista-iadul-papa-francisc-a-dat-un-raspuns-socant-care-i-a-bulversat-pe-multi","status":"publish","type":"post","link":"https:\/\/www.lovendal.ro\/wp52\/exista-iadul-papa-francisc-a-dat-un-raspuns-socant-care-i-a-bulversat-pe-multi\/","title":{"rendered":"Exist\u0103 iadul? Papa Francisc a dat un r\u0103spuns \u015focant, care i-a bulversat pe mul\u0163i"},"content":{"rendered":"<p><a href=\"https:\/\/www.lovendal.ro\/wp52\/wp-content\/uploads\/2019\/05\/papa-Francisc-iad.jpg\"><img loading=\"lazy\" decoding=\"async\" class=\"alignleft size-full wp-image-62492\" src=\"https:\/\/www.lovendal.ro\/wp52\/wp-content\/uploads\/2019\/05\/papa-Francisc-iad.jpg\" alt=\"\" width=\"342\" height=\"242\" srcset=\"https:\/\/www.lovendal.ro\/wp52\/wp-content\/uploads\/2019\/05\/papa-Francisc-iad.jpg 342w, https:\/\/www.lovendal.ro\/wp52\/wp-content\/uploads\/2019\/05\/papa-Francisc-iad-300x212.jpg 300w\" sizes=\"auto, (max-width: 342px) 100vw, 342px\" \/><\/a>Chiar \u00eenainte de Pa\u0219tele catolic din anul 2018, un comentariu al papei Francisc a produs stupoare \u00een \u00eentreaga lume. De ce? Pentru c\u0103, \u00een mod aparent, papa ar fi negat chiar unul din conceptele de baz\u0103 ale cre\u015ftinismului: existen\u0163a iadului (infernului). Astfel, un jurnalist italian (Eugenio Scalfari) i-a luat un interviu papei, \u00eentreb\u00e2ndu-l unde se duc &#8222;sufletele rele&#8221;, la care papa a r\u0103spuns:<\/p>\n<p><em>&#8222;Acele suflete nu sunt pedepsite. Cei care se poc\u0103iesc ob\u021bin iertarea lui Dumnezeu \u0219i \u00ee\u0219i iau locul \u00een r\u00e2ndurile celor care \u00eel sl\u0103vesc pe Dumnezeu, dar cei care nu se poc\u0103iesc \u0219i nu pot fi ierta\u021bi, dispar. Nu exist\u0103 un iad, dar dispari\u021bia sufletelor p\u0103c\u0103toase exist\u0103&#8221;.<\/em><\/p>\n<p>Aceast\u0103 afirma\u0163ie a provocat un &#8222;scandal&#8221; \u00een mass-media interna\u0163ional\u0103, papa fiind acuzat c\u0103 neag\u0103 existen\u0163a iadului. Ulterior \u00eens\u0103, Vaticanul a spus c\u0103 jurnalistul italian &#8222;a reconstruit&#8221; cuvintele papei, d\u00e2ndu-i o alt\u0103 semnifica\u0163ie.<\/p>\n<p>Al\u0163i doi papi anterior lui Francisc, au avut pozi\u0163ii mai clare despre iad. Papa Benedict al XVI-lea a spus \u00een 2007 c\u0103 iadul<em> &#8222;exist\u0103 cu adev\u0103rat \u0219i este etern, chiar dac\u0103 nimeni nu mai vorbe\u0219te despre asta&#8221;<\/em>, \u00een timp ce \u00een 1999 Papa Ioan Paul al II-lea spunea c\u0103 iadul este <em>&#8222;consecin\u021ba final\u0103 a p\u0103catului \u00een sine &#8230; mai degrab\u0103 dec\u00e2t un loc, indic\u0103 starea celor care se separ\u0103 definitiv de Dumnezeu, sursa \u00eentregii vie\u021bi \u0219i bucurii&#8221;.<\/em><\/p>\n","protected":false},"excerpt":{"rendered":"<p>Chiar \u00eenainte de Pa\u0219tele catolic din anul 2018, un comentariu al papei Francisc a produs stupoare \u00een \u00eentreaga lume. De ce? Pentru c\u0103, \u00een mod aparent, papa ar fi negat chiar unul din conceptele de baz\u0103 ale cre\u015ftinismului: existen\u0163a iadului &#8230; <\/p>\n<p class=\"read-more-container\"><a title=\"Exist\u0103 iadul? Papa Francisc a dat un r\u0103spuns \u015focant, care i-a bulversat pe mul\u0163i\" class=\"read-more button\" href=\"https:\/\/www.lovendal.ro\/wp52\/exista-iadul-papa-francisc-a-dat-un-raspuns-socant-care-i-a-bulversat-pe-multi\/#more-62491\" aria-label=\"Cite\u0219te mai multe despre Exist\u0103 iadul? Papa Francisc a dat un r\u0103spuns \u015focant, care i-a bulversat pe mul\u0163i\">Cititi mai multe<\/a><\/p>\n","protected":false},"author":1,"featured_media":62492,"comment_status":"closed","ping_status":"open","sticky":false,"template":"","format":"standard","meta":{"footnotes":""},"categories":[14],"tags":[2646,211,323,1923,4823,2575,8886,4496,338,97,6945,9796,3148,1676,339],"class_list":["post-62491","post","type-post","status-publish","format-standard","has-post-thumbnail","hentry","category-paranormal-spiritualitate","tag-benedict-al-xvi-lea","tag-crestinism","tag-dumnezeu","tag-iad","tag-interviu","tag-ioan-paul-al-ii-lea","tag-jurnalist","tag-mass-media","tag-pacate","tag-papa","tag-papa-francisc","tag-paranormal-spiritualitate","tag-paste","tag-suflet","tag-vatican","resize-featured-image"],"yoast_head":"<!-- This site is optimized with the Yoast SEO Premium plugin v23.3 (Yoast SEO v27.4) - https:\/\/yoast.com\/product\/yoast-seo-premium-wordpress\/ -->\n<title>Exist\u0103 iadul? Papa Francisc a dat un r\u0103spuns \u015focant, care i-a bulversat pe mul\u0163i - Secretele lui Lovendal<\/title>\n<meta name=\"robots\" content=\"index, follow, max-snippet:-1, max-image-preview:large, max-video-preview:-1\" \/>\n<link rel=\"canonical\" href=\"https:\/\/www.lovendal.ro\/wp52\/exista-iadul-papa-francisc-a-dat-un-raspuns-socant-care-i-a-bulversat-pe-multi\/\" \/>\n<meta property=\"og:locale\" content=\"ro_RO\" \/>\n<meta property=\"og:type\" content=\"article\" \/>\n<meta property=\"og:title\" content=\"Exist\u0103 iadul? Papa Francisc a dat un r\u0103spuns \u015focant, care i-a bulversat pe mul\u0163i\" \/>\n<meta property=\"og:description\" content=\"Chiar \u00eenainte de Pa\u0219tele catolic din anul 2018, un comentariu al papei Francisc a produs stupoare \u00een \u00eentreaga lume. De ce? Pentru c\u0103, \u00een mod aparent, papa ar fi negat chiar unul din conceptele de baz\u0103 ale cre\u015ftinismului: existen\u0163a iadului ... Cititi mai multe\" \/>\n<meta property=\"og:url\" content=\"https:\/\/www.lovendal.ro\/wp52\/exista-iadul-papa-francisc-a-dat-un-raspuns-socant-care-i-a-bulversat-pe-multi\/\" \/>\n<meta property=\"og:site_name\" content=\"Secretele lui Lovendal\" \/>\n<meta property=\"article:publisher\" content=\"https:\/\/www.facebook.com\/secreteleluilovendal\" \/>\n<meta property=\"article:published_time\" content=\"2019-05-31T06:23:50+00:00\" \/>\n<meta property=\"og:image\" content=\"https:\/\/www.lovendal.ro\/wp52\/wp-content\/uploads\/2019\/05\/papa-Francisc-iad.jpg\" \/>\n\t<meta property=\"og:image:width\" content=\"342\" \/>\n\t<meta property=\"og:image:height\" content=\"242\" \/>\n\t<meta property=\"og:image:type\" content=\"image\/jpeg\" \/>\n<meta name=\"author\" content=\"admin\" \/>\n<meta name=\"twitter:card\" content=\"summary_large_image\" \/>\n<meta name=\"twitter:label1\" content=\"Scris de\" \/>\n\t<meta name=\"twitter:data1\" content=\"admin\" \/>\n\t<meta name=\"twitter:label2\" content=\"Timp estimat pentru citire\" \/>\n\t<meta name=\"twitter:data2\" content=\"1 minut\" \/>\n<script type=\"application\/ld+json\" class=\"yoast-schema-graph\">{\"@context\":\"https:\\\/\\\/schema.org\",\"@graph\":[{\"@type\":\"Article\",\"@id\":\"https:\\\/\\\/www.lovendal.ro\\\/wp52\\\/exista-iadul-papa-francisc-a-dat-un-raspuns-socant-care-i-a-bulversat-pe-multi\\\/#article\",\"isPartOf\":{\"@id\":\"https:\\\/\\\/www.lovendal.ro\\\/wp52\\\/exista-iadul-papa-francisc-a-dat-un-raspuns-socant-care-i-a-bulversat-pe-multi\\\/\"},\"author\":{\"name\":\"admin\",\"@id\":\"https:\\\/\\\/www.lovendal.ro\\\/wp52\\\/#\\\/schema\\\/person\\\/088691de5dfc346bb0c023e1e52ef5d9\"},\"headline\":\"Exist\u0103 iadul? Papa Francisc a dat un r\u0103spuns \u015focant, care i-a bulversat pe mul\u0163i\",\"datePublished\":\"2019-05-31T06:23:50+00:00\",\"mainEntityOfPage\":{\"@id\":\"https:\\\/\\\/www.lovendal.ro\\\/wp52\\\/exista-iadul-papa-francisc-a-dat-un-raspuns-socant-care-i-a-bulversat-pe-multi\\\/\"},\"wordCount\":257,\"publisher\":{\"@id\":\"https:\\\/\\\/www.lovendal.ro\\\/wp52\\\/#organization\"},\"image\":{\"@id\":\"https:\\\/\\\/www.lovendal.ro\\\/wp52\\\/exista-iadul-papa-francisc-a-dat-un-raspuns-socant-care-i-a-bulversat-pe-multi\\\/#primaryimage\"},\"thumbnailUrl\":\"https:\\\/\\\/www.lovendal.ro\\\/wp52\\\/wp-content\\\/uploads\\\/2019\\\/05\\\/papa-Francisc-iad.jpg\",\"keywords\":[\"Benedict al XVI-lea\",\"cre\u015ftinism\",\"Dumnezeu\",\"iad\",\"interviu\",\"Ioan Paul al II-lea\",\"jurnalist\",\"mass-media\",\"p\u0103cate\",\"papa\",\"papa Francisc\",\"Paranormal-Spiritualitate\",\"Pa\u015fte\",\"suflet\",\"Vatican\"],\"articleSection\":[\"Paranormal-Spiritualitate\"],\"inLanguage\":\"ro-RO\"},{\"@type\":\"WebPage\",\"@id\":\"https:\\\/\\\/www.lovendal.ro\\\/wp52\\\/exista-iadul-papa-francisc-a-dat-un-raspuns-socant-care-i-a-bulversat-pe-multi\\\/\",\"url\":\"https:\\\/\\\/www.lovendal.ro\\\/wp52\\\/exista-iadul-papa-francisc-a-dat-un-raspuns-socant-care-i-a-bulversat-pe-multi\\\/\",\"name\":\"Exist\u0103 iadul? Papa Francisc a dat un r\u0103spuns \u015focant, care i-a bulversat pe mul\u0163i - Secretele lui Lovendal\",\"isPartOf\":{\"@id\":\"https:\\\/\\\/www.lovendal.ro\\\/wp52\\\/#website\"},\"primaryImageOfPage\":{\"@id\":\"https:\\\/\\\/www.lovendal.ro\\\/wp52\\\/exista-iadul-papa-francisc-a-dat-un-raspuns-socant-care-i-a-bulversat-pe-multi\\\/#primaryimage\"},\"image\":{\"@id\":\"https:\\\/\\\/www.lovendal.ro\\\/wp52\\\/exista-iadul-papa-francisc-a-dat-un-raspuns-socant-care-i-a-bulversat-pe-multi\\\/#primaryimage\"},\"thumbnailUrl\":\"https:\\\/\\\/www.lovendal.ro\\\/wp52\\\/wp-content\\\/uploads\\\/2019\\\/05\\\/papa-Francisc-iad.jpg\",\"datePublished\":\"2019-05-31T06:23:50+00:00\",\"breadcrumb\":{\"@id\":\"https:\\\/\\\/www.lovendal.ro\\\/wp52\\\/exista-iadul-papa-francisc-a-dat-un-raspuns-socant-care-i-a-bulversat-pe-multi\\\/#breadcrumb\"},\"inLanguage\":\"ro-RO\",\"potentialAction\":[{\"@type\":\"ReadAction\",\"target\":[\"https:\\\/\\\/www.lovendal.ro\\\/wp52\\\/exista-iadul-papa-francisc-a-dat-un-raspuns-socant-care-i-a-bulversat-pe-multi\\\/\"]}]},{\"@type\":\"ImageObject\",\"inLanguage\":\"ro-RO\",\"@id\":\"https:\\\/\\\/www.lovendal.ro\\\/wp52\\\/exista-iadul-papa-francisc-a-dat-un-raspuns-socant-care-i-a-bulversat-pe-multi\\\/#primaryimage\",\"url\":\"https:\\\/\\\/www.lovendal.ro\\\/wp52\\\/wp-content\\\/uploads\\\/2019\\\/05\\\/papa-Francisc-iad.jpg\",\"contentUrl\":\"https:\\\/\\\/www.lovendal.ro\\\/wp52\\\/wp-content\\\/uploads\\\/2019\\\/05\\\/papa-Francisc-iad.jpg\",\"width\":342,\"height\":242},{\"@type\":\"BreadcrumbList\",\"@id\":\"https:\\\/\\\/www.lovendal.ro\\\/wp52\\\/exista-iadul-papa-francisc-a-dat-un-raspuns-socant-care-i-a-bulversat-pe-multi\\\/#breadcrumb\",\"itemListElement\":[{\"@type\":\"ListItem\",\"position\":1,\"name\":\"Home\",\"item\":\"https:\\\/\\\/www.lovendal.ro\\\/wp52\\\/\"},{\"@type\":\"ListItem\",\"position\":2,\"name\":\"Exist\u0103 iadul? Papa Francisc a dat un r\u0103spuns \u015focant, care i-a bulversat pe mul\u0163i\"}]},{\"@type\":\"WebSite\",\"@id\":\"https:\\\/\\\/www.lovendal.ro\\\/wp52\\\/#website\",\"url\":\"https:\\\/\\\/www.lovendal.ro\\\/wp52\\\/\",\"name\":\"Secretele lui Lovendal\",\"description\":\"Site de secrete, stiinta si metafizica - din 2008 -\",\"publisher\":{\"@id\":\"https:\\\/\\\/www.lovendal.ro\\\/wp52\\\/#organization\"},\"potentialAction\":[{\"@type\":\"SearchAction\",\"target\":{\"@type\":\"EntryPoint\",\"urlTemplate\":\"https:\\\/\\\/www.lovendal.ro\\\/wp52\\\/?s={search_term_string}\"},\"query-input\":{\"@type\":\"PropertyValueSpecification\",\"valueRequired\":true,\"valueName\":\"search_term_string\"}}],\"inLanguage\":\"ro-RO\"},{\"@type\":\"Organization\",\"@id\":\"https:\\\/\\\/www.lovendal.ro\\\/wp52\\\/#organization\",\"name\":\"Secretele lui Lovendal\",\"url\":\"https:\\\/\\\/www.lovendal.ro\\\/wp52\\\/\",\"logo\":{\"@type\":\"ImageObject\",\"inLanguage\":\"ro-RO\",\"@id\":\"https:\\\/\\\/www.lovendal.ro\\\/wp52\\\/#\\\/schema\\\/logo\\\/image\\\/\",\"url\":\"https:\\\/\\\/www.lovendal.ro\\\/wp52\\\/wp-content\\\/uploads\\\/2024\\\/06\\\/cropped-SLL-iun-2024-1.jpg\",\"contentUrl\":\"https:\\\/\\\/www.lovendal.ro\\\/wp52\\\/wp-content\\\/uploads\\\/2024\\\/06\\\/cropped-SLL-iun-2024-1.jpg\",\"width\":771,\"height\":240,\"caption\":\"Secretele lui Lovendal\"},\"image\":{\"@id\":\"https:\\\/\\\/www.lovendal.ro\\\/wp52\\\/#\\\/schema\\\/logo\\\/image\\\/\"},\"sameAs\":[\"https:\\\/\\\/www.facebook.com\\\/secreteleluilovendal\"]},{\"@type\":\"Person\",\"@id\":\"https:\\\/\\\/www.lovendal.ro\\\/wp52\\\/#\\\/schema\\\/person\\\/088691de5dfc346bb0c023e1e52ef5d9\",\"name\":\"admin\",\"image\":{\"@type\":\"ImageObject\",\"inLanguage\":\"ro-RO\",\"@id\":\"https:\\\/\\\/secure.gravatar.com\\\/avatar\\\/ecb9cd41f5f63c9c9b989999a59f6e2639a865ec361e9db054db0679a8f341c2?s=96&d=mm&r=g\",\"url\":\"https:\\\/\\\/secure.gravatar.com\\\/avatar\\\/ecb9cd41f5f63c9c9b989999a59f6e2639a865ec361e9db054db0679a8f341c2?s=96&d=mm&r=g\",\"contentUrl\":\"https:\\\/\\\/secure.gravatar.com\\\/avatar\\\/ecb9cd41f5f63c9c9b989999a59f6e2639a865ec361e9db054db0679a8f341c2?s=96&d=mm&r=g\",\"caption\":\"admin\"},\"sameAs\":[\"https:\\\/\\\/www.lovendal.ro\\\/wp52\"]}]}<\/script>\n<!-- \/ Yoast SEO Premium plugin. -->","yoast_head_json":{"title":"Exist\u0103 iadul? Papa Francisc a dat un r\u0103spuns \u015focant, care i-a bulversat pe mul\u0163i - Secretele lui Lovendal","robots":{"index":"index","follow":"follow","max-snippet":"max-snippet:-1","max-image-preview":"max-image-preview:large","max-video-preview":"max-video-preview:-1"},"canonical":"https:\/\/www.lovendal.ro\/wp52\/exista-iadul-papa-francisc-a-dat-un-raspuns-socant-care-i-a-bulversat-pe-multi\/","og_locale":"ro_RO","og_type":"article","og_title":"Exist\u0103 iadul? Papa Francisc a dat un r\u0103spuns \u015focant, care i-a bulversat pe mul\u0163i","og_description":"Chiar \u00eenainte de Pa\u0219tele catolic din anul 2018, un comentariu al papei Francisc a produs stupoare \u00een \u00eentreaga lume. De ce? Pentru c\u0103, \u00een mod aparent, papa ar fi negat chiar unul din conceptele de baz\u0103 ale cre\u015ftinismului: existen\u0163a iadului ... Cititi mai multe","og_url":"https:\/\/www.lovendal.ro\/wp52\/exista-iadul-papa-francisc-a-dat-un-raspuns-socant-care-i-a-bulversat-pe-multi\/","og_site_name":"Secretele lui Lovendal","article_publisher":"https:\/\/www.facebook.com\/secreteleluilovendal","article_published_time":"2019-05-31T06:23:50+00:00","og_image":[{"width":342,"height":242,"url":"https:\/\/www.lovendal.ro\/wp52\/wp-content\/uploads\/2019\/05\/papa-Francisc-iad.jpg","type":"image\/jpeg"}],"author":"admin","twitter_card":"summary_large_image","twitter_misc":{"Scris de":"admin","Timp estimat pentru citire":"1 minut"},"schema":{"@context":"https:\/\/schema.org","@graph":[{"@type":"Article","@id":"https:\/\/www.lovendal.ro\/wp52\/exista-iadul-papa-francisc-a-dat-un-raspuns-socant-care-i-a-bulversat-pe-multi\/#article","isPartOf":{"@id":"https:\/\/www.lovendal.ro\/wp52\/exista-iadul-papa-francisc-a-dat-un-raspuns-socant-care-i-a-bulversat-pe-multi\/"},"author":{"name":"admin","@id":"https:\/\/www.lovendal.ro\/wp52\/#\/schema\/person\/088691de5dfc346bb0c023e1e52ef5d9"},"headline":"Exist\u0103 iadul? Papa Francisc a dat un r\u0103spuns \u015focant, care i-a bulversat pe mul\u0163i","datePublished":"2019-05-31T06:23:50+00:00","mainEntityOfPage":{"@id":"https:\/\/www.lovendal.ro\/wp52\/exista-iadul-papa-francisc-a-dat-un-raspuns-socant-care-i-a-bulversat-pe-multi\/"},"wordCount":257,"publisher":{"@id":"https:\/\/www.lovendal.ro\/wp52\/#organization"},"image":{"@id":"https:\/\/www.lovendal.ro\/wp52\/exista-iadul-papa-francisc-a-dat-un-raspuns-socant-care-i-a-bulversat-pe-multi\/#primaryimage"},"thumbnailUrl":"https:\/\/www.lovendal.ro\/wp52\/wp-content\/uploads\/2019\/05\/papa-Francisc-iad.jpg","keywords":["Benedict al XVI-lea","cre\u015ftinism","Dumnezeu","iad","interviu","Ioan Paul al II-lea","jurnalist","mass-media","p\u0103cate","papa","papa Francisc","Paranormal-Spiritualitate","Pa\u015fte","suflet","Vatican"],"articleSection":["Paranormal-Spiritualitate"],"inLanguage":"ro-RO"},{"@type":"WebPage","@id":"https:\/\/www.lovendal.ro\/wp52\/exista-iadul-papa-francisc-a-dat-un-raspuns-socant-care-i-a-bulversat-pe-multi\/","url":"https:\/\/www.lovendal.ro\/wp52\/exista-iadul-papa-francisc-a-dat-un-raspuns-socant-care-i-a-bulversat-pe-multi\/","name":"Exist\u0103 iadul? Papa Francisc a dat un r\u0103spuns \u015focant, care i-a bulversat pe mul\u0163i - Secretele lui Lovendal","isPartOf":{"@id":"https:\/\/www.lovendal.ro\/wp52\/#website"},"primaryImageOfPage":{"@id":"https:\/\/www.lovendal.ro\/wp52\/exista-iadul-papa-francisc-a-dat-un-raspuns-socant-care-i-a-bulversat-pe-multi\/#primaryimage"},"image":{"@id":"https:\/\/www.lovendal.ro\/wp52\/exista-iadul-papa-francisc-a-dat-un-raspuns-socant-care-i-a-bulversat-pe-multi\/#primaryimage"},"thumbnailUrl":"https:\/\/www.lovendal.ro\/wp52\/wp-content\/uploads\/2019\/05\/papa-Francisc-iad.jpg","datePublished":"2019-05-31T06:23:50+00:00","breadcrumb":{"@id":"https:\/\/www.lovendal.ro\/wp52\/exista-iadul-papa-francisc-a-dat-un-raspuns-socant-care-i-a-bulversat-pe-multi\/#breadcrumb"},"inLanguage":"ro-RO","potentialAction":[{"@type":"ReadAction","target":["https:\/\/www.lovendal.ro\/wp52\/exista-iadul-papa-francisc-a-dat-un-raspuns-socant-care-i-a-bulversat-pe-multi\/"]}]},{"@type":"ImageObject","inLanguage":"ro-RO","@id":"https:\/\/www.lovendal.ro\/wp52\/exista-iadul-papa-francisc-a-dat-un-raspuns-socant-care-i-a-bulversat-pe-multi\/#primaryimage","url":"https:\/\/www.lovendal.ro\/wp52\/wp-content\/uploads\/2019\/05\/papa-Francisc-iad.jpg","contentUrl":"https:\/\/www.lovendal.ro\/wp52\/wp-content\/uploads\/2019\/05\/papa-Francisc-iad.jpg","width":342,"height":242},{"@type":"BreadcrumbList","@id":"https:\/\/www.lovendal.ro\/wp52\/exista-iadul-papa-francisc-a-dat-un-raspuns-socant-care-i-a-bulversat-pe-multi\/#breadcrumb","itemListElement":[{"@type":"ListItem","position":1,"name":"Home","item":"https:\/\/www.lovendal.ro\/wp52\/"},{"@type":"ListItem","position":2,"name":"Exist\u0103 iadul? Papa Francisc a dat un r\u0103spuns \u015focant, care i-a bulversat pe mul\u0163i"}]},{"@type":"WebSite","@id":"https:\/\/www.lovendal.ro\/wp52\/#website","url":"https:\/\/www.lovendal.ro\/wp52\/","name":"Secretele lui Lovendal","description":"Site de secrete, stiinta si metafizica - din 2008 -","publisher":{"@id":"https:\/\/www.lovendal.ro\/wp52\/#organization"},"potentialAction":[{"@type":"SearchAction","target":{"@type":"EntryPoint","urlTemplate":"https:\/\/www.lovendal.ro\/wp52\/?s={search_term_string}"},"query-input":{"@type":"PropertyValueSpecification","valueRequired":true,"valueName":"search_term_string"}}],"inLanguage":"ro-RO"},{"@type":"Organization","@id":"https:\/\/www.lovendal.ro\/wp52\/#organization","name":"Secretele lui Lovendal","url":"https:\/\/www.lovendal.ro\/wp52\/","logo":{"@type":"ImageObject","inLanguage":"ro-RO","@id":"https:\/\/www.lovendal.ro\/wp52\/#\/schema\/logo\/image\/","url":"https:\/\/www.lovendal.ro\/wp52\/wp-content\/uploads\/2024\/06\/cropped-SLL-iun-2024-1.jpg","contentUrl":"https:\/\/www.lovendal.ro\/wp52\/wp-content\/uploads\/2024\/06\/cropped-SLL-iun-2024-1.jpg","width":771,"height":240,"caption":"Secretele lui Lovendal"},"image":{"@id":"https:\/\/www.lovendal.ro\/wp52\/#\/schema\/logo\/image\/"},"sameAs":["https:\/\/www.facebook.com\/secreteleluilovendal"]},{"@type":"Person","@id":"https:\/\/www.lovendal.ro\/wp52\/#\/schema\/person\/088691de5dfc346bb0c023e1e52ef5d9","name":"admin","image":{"@type":"ImageObject","inLanguage":"ro-RO","@id":"https:\/\/secure.gravatar.com\/avatar\/ecb9cd41f5f63c9c9b989999a59f6e2639a865ec361e9db054db0679a8f341c2?s=96&d=mm&r=g","url":"https:\/\/secure.gravatar.com\/avatar\/ecb9cd41f5f63c9c9b989999a59f6e2639a865ec361e9db054db0679a8f341c2?s=96&d=mm&r=g","contentUrl":"https:\/\/secure.gravatar.com\/avatar\/ecb9cd41f5f63c9c9b989999a59f6e2639a865ec361e9db054db0679a8f341c2?s=96&d=mm&r=g","caption":"admin"},"sameAs":["https:\/\/www.lovendal.ro\/wp52"]}]}},"_links":{"self":[{"href":"https:\/\/www.lovendal.ro\/wp52\/wp-json\/wp\/v2\/posts\/62491","targetHints":{"allow":["GET"]}}],"collection":[{"href":"https:\/\/www.lovendal.ro\/wp52\/wp-json\/wp\/v2\/posts"}],"about":[{"href":"https:\/\/www.lovendal.ro\/wp52\/wp-json\/wp\/v2\/types\/post"}],"author":[{"embeddable":true,"href":"https:\/\/www.lovendal.ro\/wp52\/wp-json\/wp\/v2\/users\/1"}],"replies":[{"embeddable":true,"href":"https:\/\/www.lovendal.ro\/wp52\/wp-json\/wp\/v2\/comments?post=62491"}],"version-history":[{"count":0,"href":"https:\/\/www.lovendal.ro\/wp52\/wp-json\/wp\/v2\/posts\/62491\/revisions"}],"wp:featuredmedia":[{"embeddable":true,"href":"https:\/\/www.lovendal.ro\/wp52\/wp-json\/wp\/v2\/media\/62492"}],"wp:attachment":[{"href":"https:\/\/www.lovendal.ro\/wp52\/wp-json\/wp\/v2\/media?parent=62491"}],"wp:term":[{"taxonomy":"category","embeddable":true,"href":"https:\/\/www.lovendal.ro\/wp52\/wp-json\/wp\/v2\/categories?post=62491"},{"taxonomy":"post_tag","embeddable":true,"href":"https:\/\/www.lovendal.ro\/wp52\/wp-json\/wp\/v2\/tags?post=62491"}],"curies":[{"name":"wp","href":"https:\/\/api.w.org\/{rel}","templated":true}]}}