{"id":62446,"date":"2019-05-26T18:20:01","date_gmt":"2019-05-26T15:20:01","guid":{"rendered":"https:\/\/www.lovendal.ro\/wp52\/?p=62446"},"modified":"2019-05-26T18:20:01","modified_gmt":"2019-05-26T15:20:01","slug":"o-dara-luminoasa-enigmatica-a-fost-fotografiata-pe-cerul-noptii-la-iasi-seamana-cu-un-ozn-tip-tigara-observat-de-la-nivelul-statiei-spatiale-internationale","status":"publish","type":"post","link":"https:\/\/www.lovendal.ro\/wp52\/o-dara-luminoasa-enigmatica-a-fost-fotografiata-pe-cerul-noptii-la-iasi-seamana-cu-un-ozn-tip-tigara-observat-de-la-nivelul-statiei-spatiale-internationale\/","title":{"rendered":"O d\u00e2r\u0103 luminoas\u0103 enigmatic\u0103 a fost fotografiat\u0103 pe cerul nop\u0163ii la Ia\u015fi. Seam\u0103n\u0103 cu un &#8222;OZN tip \u0163igar\u0103&#8221; observat de la nivelul Sta\u0163iei Spa\u0163iale Interna\u0163ionale&#8230;"},"content":{"rendered":"<p><a href=\"https:\/\/www.lovendal.ro\/wp52\/wp-content\/uploads\/2019\/05\/OZN-tigara-Iasi-coperta.jpg\"><img loading=\"lazy\" decoding=\"async\" class=\"alignleft size-full wp-image-62447\" src=\"https:\/\/www.lovendal.ro\/wp52\/wp-content\/uploads\/2019\/05\/OZN-tigara-Iasi-coperta.jpg\" alt=\"\" width=\"341\" height=\"241\" srcset=\"https:\/\/www.lovendal.ro\/wp52\/wp-content\/uploads\/2019\/05\/OZN-tigara-Iasi-coperta.jpg 341w, https:\/\/www.lovendal.ro\/wp52\/wp-content\/uploads\/2019\/05\/OZN-tigara-Iasi-coperta-300x212.jpg 300w\" sizes=\"auto, (max-width: 341px) 100vw, 341px\" \/><\/a>Un cititor (pe nume Ovidiu) &#8211; c\u0103ruia \u00eei mul\u0163umesc tare mult pe aceast\u0103 cale &#8211; \u00eemi trimite un mesaj, \u00eenso\u0163it de o fotografie misterioas\u0103. Aceast\u0103 fotografie a fost realizat\u0103 \u00een Ia\u015fi, \u00een seara zilei de vineri, 24 mai 2019, cu mult dup\u0103 apusul soarelui. Ce se vede \u00een ea? O d\u00e2r\u0103 mare de lumin\u0103, de o natur\u0103 enigmatic\u0103. Tot Ovidiu \u00eemi mai precizeaz\u0103 faptul c\u0103 ieri seara, pe 25 mai 2019, din ora\u015ful Darabani (jude\u0163ul Boto\u015fani) au fost observate dou\u0103 d\u00e2re de lumin\u0103 asem\u0103n\u0103toare, \u00een jurul orei 23:30.<\/p>\n<p>Cititorul \u00eemi trimite \u015fi un link de pe site-ul ufointernationalproject.com, \u00een care poate fi g\u0103sit un articol \u00een care se vorbe\u015fte despre un OZN lung, \u00een form\u0103 de \u0163igar\u0103, care a fost fotografiat de la nivelul Sta\u0163iei Spa\u0163iale Interna\u0163ionale, pe 7 iulie 2017. Iar acest OZN din 2017 se aseam\u0103n\u0103 mult cu cel fotografiat la Ia\u015fi \u00een 24 mai 2019.<\/p>\n<p>Ce poate fi? O comet\u0103? Meteorit? Nu cred, at\u00e2t timp c\u00e2t nu s-a anun\u0163at un eveniment astronomic vizibil pe cerul nop\u0163ii. N-a\u015f exclude totu\u015fi s\u0103 afl\u0103m \u00een perioada urm\u0103toare c\u0103 ar fi vorba de un test secret cu o rachet\u0103 intercontinental\u0103&#8230;<\/p>\n<p>Iat\u0103 &#8222;OZN-ul&#8221; din Ia\u015fi:<\/p>\n<p><a href=\"https:\/\/www.lovendal.ro\/wp52\/wp-content\/uploads\/2019\/05\/OZN-tigara-Iasi.jpg\"><img loading=\"lazy\" decoding=\"async\" class=\"aligncenter size-full wp-image-62448\" src=\"https:\/\/www.lovendal.ro\/wp52\/wp-content\/uploads\/2019\/05\/OZN-tigara-Iasi.jpg\" alt=\"\" width=\"542\" height=\"532\" srcset=\"https:\/\/www.lovendal.ro\/wp52\/wp-content\/uploads\/2019\/05\/OZN-tigara-Iasi.jpg 542w, https:\/\/www.lovendal.ro\/wp52\/wp-content\/uploads\/2019\/05\/OZN-tigara-Iasi-300x294.jpg 300w\" sizes=\"auto, (max-width: 542px) 100vw, 542px\" \/><\/a><\/p>\n<p>\u015ei &#8222;OZN&#8221;-ul fotografiat de pe Sta\u0163ia Spa\u0163ial\u0103 Interna\u0163ional\u0103:<\/p>\n<p><a href=\"https:\/\/www.lovendal.ro\/wp52\/wp-content\/uploads\/2019\/05\/OZN-tigara.jpg\"><img loading=\"lazy\" decoding=\"async\" class=\"aligncenter size-full wp-image-62449\" src=\"https:\/\/www.lovendal.ro\/wp52\/wp-content\/uploads\/2019\/05\/OZN-tigara.jpg\" alt=\"\" width=\"538\" height=\"304\" srcset=\"https:\/\/www.lovendal.ro\/wp52\/wp-content\/uploads\/2019\/05\/OZN-tigara.jpg 538w, https:\/\/www.lovendal.ro\/wp52\/wp-content\/uploads\/2019\/05\/OZN-tigara-300x170.jpg 300w\" sizes=\"auto, (max-width: 538px) 100vw, 538px\" \/><\/a><\/p>\n<p>&nbsp;<\/p>\n<p>&nbsp;<\/p>\n<p>&nbsp;<\/p>\n","protected":false},"excerpt":{"rendered":"<p>Un cititor (pe nume Ovidiu) &#8211; c\u0103ruia \u00eei mul\u0163umesc tare mult pe aceast\u0103 cale &#8211; \u00eemi trimite un mesaj, \u00eenso\u0163it de o fotografie misterioas\u0103. Aceast\u0103 fotografie a fost realizat\u0103 \u00een Ia\u015fi, \u00een seara zilei de vineri, 24 mai 2019, cu &#8230; <\/p>\n<p class=\"read-more-container\"><a title=\"O d\u00e2r\u0103 luminoas\u0103 enigmatic\u0103 a fost fotografiat\u0103 pe cerul nop\u0163ii la Ia\u015fi. Seam\u0103n\u0103 cu un &#8222;OZN tip \u0163igar\u0103&#8221; observat de la nivelul Sta\u0163iei Spa\u0163iale Interna\u0163ionale&#8230;\" class=\"read-more button\" href=\"https:\/\/www.lovendal.ro\/wp52\/o-dara-luminoasa-enigmatica-a-fost-fotografiata-pe-cerul-noptii-la-iasi-seamana-cu-un-ozn-tip-tigara-observat-de-la-nivelul-statiei-spatiale-internationale\/#more-62446\" aria-label=\"Cite\u0219te mai multe despre O d\u00e2r\u0103 luminoas\u0103 enigmatic\u0103 a fost fotografiat\u0103 pe cerul nop\u0163ii la Ia\u015fi. Seam\u0103n\u0103 cu un &#8222;OZN tip \u0163igar\u0103&#8221; observat de la nivelul Sta\u0163iei Spa\u0163iale Interna\u0163ionale&#8230;\">Cititi mai multe<\/a><\/p>\n","protected":false},"author":1,"featured_media":62447,"comment_status":"closed","ping_status":"open","sticky":false,"template":"","format":"standard","meta":{"footnotes":""},"categories":[14],"tags":[10564,160,13596,15,329,952,161,50,9796,1635,5133],"class_list":["post-62446","post","type-post","status-publish","format-standard","has-post-thumbnail","hentry","category-paranormal-spiritualitate","tag-botosani","tag-cometa","tag-darabani","tag-fotografie","tag-iasi","tag-lumina","tag-meteorit","tag-ozn","tag-paranormal-spiritualitate","tag-racheta","tag-statia-spatiala-internationala","resize-featured-image"],"yoast_head":"<!-- This site is optimized with the Yoast SEO Premium plugin v23.3 (Yoast SEO v27.4) - https:\/\/yoast.com\/product\/yoast-seo-premium-wordpress\/ -->\n<title>O d\u00e2r\u0103 luminoas\u0103 enigmatic\u0103 a fost fotografiat\u0103 pe cerul nop\u0163ii la Ia\u015fi. Seam\u0103n\u0103 cu un &quot;OZN tip \u0163igar\u0103&quot; observat de la nivelul Sta\u0163iei Spa\u0163iale Interna\u0163ionale... - Secretele lui Lovendal<\/title>\n<meta name=\"robots\" content=\"index, follow, max-snippet:-1, max-image-preview:large, max-video-preview:-1\" \/>\n<link rel=\"canonical\" href=\"https:\/\/www.lovendal.ro\/wp52\/o-dara-luminoasa-enigmatica-a-fost-fotografiata-pe-cerul-noptii-la-iasi-seamana-cu-un-ozn-tip-tigara-observat-de-la-nivelul-statiei-spatiale-internationale\/\" \/>\n<meta property=\"og:locale\" content=\"ro_RO\" \/>\n<meta property=\"og:type\" content=\"article\" \/>\n<meta property=\"og:title\" content=\"O d\u00e2r\u0103 luminoas\u0103 enigmatic\u0103 a fost fotografiat\u0103 pe cerul nop\u0163ii la Ia\u015fi. Seam\u0103n\u0103 cu un &quot;OZN tip \u0163igar\u0103&quot; observat de la nivelul Sta\u0163iei Spa\u0163iale Interna\u0163ionale...\" \/>\n<meta property=\"og:description\" content=\"Un cititor (pe nume Ovidiu) &#8211; c\u0103ruia \u00eei mul\u0163umesc tare mult pe aceast\u0103 cale &#8211; \u00eemi trimite un mesaj, \u00eenso\u0163it de o fotografie misterioas\u0103. Aceast\u0103 fotografie a fost realizat\u0103 \u00een Ia\u015fi, \u00een seara zilei de vineri, 24 mai 2019, cu ... Cititi mai multe\" \/>\n<meta property=\"og:url\" content=\"https:\/\/www.lovendal.ro\/wp52\/o-dara-luminoasa-enigmatica-a-fost-fotografiata-pe-cerul-noptii-la-iasi-seamana-cu-un-ozn-tip-tigara-observat-de-la-nivelul-statiei-spatiale-internationale\/\" \/>\n<meta property=\"og:site_name\" content=\"Secretele lui Lovendal\" \/>\n<meta property=\"article:publisher\" content=\"https:\/\/www.facebook.com\/secreteleluilovendal\" \/>\n<meta property=\"article:published_time\" content=\"2019-05-26T15:20:01+00:00\" \/>\n<meta property=\"og:image\" content=\"https:\/\/www.lovendal.ro\/wp52\/wp-content\/uploads\/2019\/05\/OZN-tigara-Iasi-coperta.jpg\" \/>\n\t<meta property=\"og:image:width\" content=\"341\" \/>\n\t<meta property=\"og:image:height\" content=\"241\" \/>\n\t<meta property=\"og:image:type\" content=\"image\/jpeg\" \/>\n<meta name=\"author\" content=\"admin\" \/>\n<meta name=\"twitter:card\" content=\"summary_large_image\" \/>\n<meta name=\"twitter:label1\" content=\"Scris de\" \/>\n\t<meta name=\"twitter:data1\" content=\"admin\" \/>\n\t<meta name=\"twitter:label2\" content=\"Timp estimat pentru citire\" \/>\n\t<meta name=\"twitter:data2\" content=\"1 minut\" \/>\n<script type=\"application\/ld+json\" class=\"yoast-schema-graph\">{\"@context\":\"https:\\\/\\\/schema.org\",\"@graph\":[{\"@type\":\"Article\",\"@id\":\"https:\\\/\\\/www.lovendal.ro\\\/wp52\\\/o-dara-luminoasa-enigmatica-a-fost-fotografiata-pe-cerul-noptii-la-iasi-seamana-cu-un-ozn-tip-tigara-observat-de-la-nivelul-statiei-spatiale-internationale\\\/#article\",\"isPartOf\":{\"@id\":\"https:\\\/\\\/www.lovendal.ro\\\/wp52\\\/o-dara-luminoasa-enigmatica-a-fost-fotografiata-pe-cerul-noptii-la-iasi-seamana-cu-un-ozn-tip-tigara-observat-de-la-nivelul-statiei-spatiale-internationale\\\/\"},\"author\":{\"name\":\"admin\",\"@id\":\"https:\\\/\\\/www.lovendal.ro\\\/wp52\\\/#\\\/schema\\\/person\\\/088691de5dfc346bb0c023e1e52ef5d9\"},\"headline\":\"O d\u00e2r\u0103 luminoas\u0103 enigmatic\u0103 a fost fotografiat\u0103 pe cerul nop\u0163ii la Ia\u015fi. Seam\u0103n\u0103 cu un &#8222;OZN tip \u0163igar\u0103&#8221; observat de la nivelul Sta\u0163iei Spa\u0163iale Interna\u0163ionale&#8230;\",\"datePublished\":\"2019-05-26T15:20:01+00:00\",\"mainEntityOfPage\":{\"@id\":\"https:\\\/\\\/www.lovendal.ro\\\/wp52\\\/o-dara-luminoasa-enigmatica-a-fost-fotografiata-pe-cerul-noptii-la-iasi-seamana-cu-un-ozn-tip-tigara-observat-de-la-nivelul-statiei-spatiale-internationale\\\/\"},\"wordCount\":257,\"publisher\":{\"@id\":\"https:\\\/\\\/www.lovendal.ro\\\/wp52\\\/#organization\"},\"image\":{\"@id\":\"https:\\\/\\\/www.lovendal.ro\\\/wp52\\\/o-dara-luminoasa-enigmatica-a-fost-fotografiata-pe-cerul-noptii-la-iasi-seamana-cu-un-ozn-tip-tigara-observat-de-la-nivelul-statiei-spatiale-internationale\\\/#primaryimage\"},\"thumbnailUrl\":\"https:\\\/\\\/www.lovendal.ro\\\/wp52\\\/wp-content\\\/uploads\\\/2019\\\/05\\\/OZN-tigara-Iasi-coperta.jpg\",\"keywords\":[\"Boto\u015fani\",\"comet\u0103\",\"Darabani\",\"fotografie\",\"Ia\u015fi\",\"lumin\u0103\",\"meteorit\",\"OZN\",\"Paranormal-Spiritualitate\",\"rachet\u0103\",\"Sta\u0163ia Spa\u0163ial\u0103 Interna\u0163ional\u0103\"],\"articleSection\":[\"Paranormal-Spiritualitate\"],\"inLanguage\":\"ro-RO\"},{\"@type\":\"WebPage\",\"@id\":\"https:\\\/\\\/www.lovendal.ro\\\/wp52\\\/o-dara-luminoasa-enigmatica-a-fost-fotografiata-pe-cerul-noptii-la-iasi-seamana-cu-un-ozn-tip-tigara-observat-de-la-nivelul-statiei-spatiale-internationale\\\/\",\"url\":\"https:\\\/\\\/www.lovendal.ro\\\/wp52\\\/o-dara-luminoasa-enigmatica-a-fost-fotografiata-pe-cerul-noptii-la-iasi-seamana-cu-un-ozn-tip-tigara-observat-de-la-nivelul-statiei-spatiale-internationale\\\/\",\"name\":\"O d\u00e2r\u0103 luminoas\u0103 enigmatic\u0103 a fost fotografiat\u0103 pe cerul nop\u0163ii la Ia\u015fi. Seam\u0103n\u0103 cu un \\\"OZN tip \u0163igar\u0103\\\" observat de la nivelul Sta\u0163iei Spa\u0163iale Interna\u0163ionale... - Secretele lui Lovendal\",\"isPartOf\":{\"@id\":\"https:\\\/\\\/www.lovendal.ro\\\/wp52\\\/#website\"},\"primaryImageOfPage\":{\"@id\":\"https:\\\/\\\/www.lovendal.ro\\\/wp52\\\/o-dara-luminoasa-enigmatica-a-fost-fotografiata-pe-cerul-noptii-la-iasi-seamana-cu-un-ozn-tip-tigara-observat-de-la-nivelul-statiei-spatiale-internationale\\\/#primaryimage\"},\"image\":{\"@id\":\"https:\\\/\\\/www.lovendal.ro\\\/wp52\\\/o-dara-luminoasa-enigmatica-a-fost-fotografiata-pe-cerul-noptii-la-iasi-seamana-cu-un-ozn-tip-tigara-observat-de-la-nivelul-statiei-spatiale-internationale\\\/#primaryimage\"},\"thumbnailUrl\":\"https:\\\/\\\/www.lovendal.ro\\\/wp52\\\/wp-content\\\/uploads\\\/2019\\\/05\\\/OZN-tigara-Iasi-coperta.jpg\",\"datePublished\":\"2019-05-26T15:20:01+00:00\",\"breadcrumb\":{\"@id\":\"https:\\\/\\\/www.lovendal.ro\\\/wp52\\\/o-dara-luminoasa-enigmatica-a-fost-fotografiata-pe-cerul-noptii-la-iasi-seamana-cu-un-ozn-tip-tigara-observat-de-la-nivelul-statiei-spatiale-internationale\\\/#breadcrumb\"},\"inLanguage\":\"ro-RO\",\"potentialAction\":[{\"@type\":\"ReadAction\",\"target\":[\"https:\\\/\\\/www.lovendal.ro\\\/wp52\\\/o-dara-luminoasa-enigmatica-a-fost-fotografiata-pe-cerul-noptii-la-iasi-seamana-cu-un-ozn-tip-tigara-observat-de-la-nivelul-statiei-spatiale-internationale\\\/\"]}]},{\"@type\":\"ImageObject\",\"inLanguage\":\"ro-RO\",\"@id\":\"https:\\\/\\\/www.lovendal.ro\\\/wp52\\\/o-dara-luminoasa-enigmatica-a-fost-fotografiata-pe-cerul-noptii-la-iasi-seamana-cu-un-ozn-tip-tigara-observat-de-la-nivelul-statiei-spatiale-internationale\\\/#primaryimage\",\"url\":\"https:\\\/\\\/www.lovendal.ro\\\/wp52\\\/wp-content\\\/uploads\\\/2019\\\/05\\\/OZN-tigara-Iasi-coperta.jpg\",\"contentUrl\":\"https:\\\/\\\/www.lovendal.ro\\\/wp52\\\/wp-content\\\/uploads\\\/2019\\\/05\\\/OZN-tigara-Iasi-coperta.jpg\",\"width\":341,\"height\":241},{\"@type\":\"BreadcrumbList\",\"@id\":\"https:\\\/\\\/www.lovendal.ro\\\/wp52\\\/o-dara-luminoasa-enigmatica-a-fost-fotografiata-pe-cerul-noptii-la-iasi-seamana-cu-un-ozn-tip-tigara-observat-de-la-nivelul-statiei-spatiale-internationale\\\/#breadcrumb\",\"itemListElement\":[{\"@type\":\"ListItem\",\"position\":1,\"name\":\"Home\",\"item\":\"https:\\\/\\\/www.lovendal.ro\\\/wp52\\\/\"},{\"@type\":\"ListItem\",\"position\":2,\"name\":\"O d\u00e2r\u0103 luminoas\u0103 enigmatic\u0103 a fost fotografiat\u0103 pe cerul nop\u0163ii la Ia\u015fi. Seam\u0103n\u0103 cu un &#8222;OZN tip \u0163igar\u0103&#8221; observat de la nivelul Sta\u0163iei Spa\u0163iale Interna\u0163ionale&#8230;\"}]},{\"@type\":\"WebSite\",\"@id\":\"https:\\\/\\\/www.lovendal.ro\\\/wp52\\\/#website\",\"url\":\"https:\\\/\\\/www.lovendal.ro\\\/wp52\\\/\",\"name\":\"Secretele lui Lovendal\",\"description\":\"Site de secrete, stiinta si metafizica - din 2008 -\",\"publisher\":{\"@id\":\"https:\\\/\\\/www.lovendal.ro\\\/wp52\\\/#organization\"},\"potentialAction\":[{\"@type\":\"SearchAction\",\"target\":{\"@type\":\"EntryPoint\",\"urlTemplate\":\"https:\\\/\\\/www.lovendal.ro\\\/wp52\\\/?s={search_term_string}\"},\"query-input\":{\"@type\":\"PropertyValueSpecification\",\"valueRequired\":true,\"valueName\":\"search_term_string\"}}],\"inLanguage\":\"ro-RO\"},{\"@type\":\"Organization\",\"@id\":\"https:\\\/\\\/www.lovendal.ro\\\/wp52\\\/#organization\",\"name\":\"Secretele lui Lovendal\",\"url\":\"https:\\\/\\\/www.lovendal.ro\\\/wp52\\\/\",\"logo\":{\"@type\":\"ImageObject\",\"inLanguage\":\"ro-RO\",\"@id\":\"https:\\\/\\\/www.lovendal.ro\\\/wp52\\\/#\\\/schema\\\/logo\\\/image\\\/\",\"url\":\"https:\\\/\\\/www.lovendal.ro\\\/wp52\\\/wp-content\\\/uploads\\\/2024\\\/06\\\/cropped-SLL-iun-2024-1.jpg\",\"contentUrl\":\"https:\\\/\\\/www.lovendal.ro\\\/wp52\\\/wp-content\\\/uploads\\\/2024\\\/06\\\/cropped-SLL-iun-2024-1.jpg\",\"width\":771,\"height\":240,\"caption\":\"Secretele lui Lovendal\"},\"image\":{\"@id\":\"https:\\\/\\\/www.lovendal.ro\\\/wp52\\\/#\\\/schema\\\/logo\\\/image\\\/\"},\"sameAs\":[\"https:\\\/\\\/www.facebook.com\\\/secreteleluilovendal\"]},{\"@type\":\"Person\",\"@id\":\"https:\\\/\\\/www.lovendal.ro\\\/wp52\\\/#\\\/schema\\\/person\\\/088691de5dfc346bb0c023e1e52ef5d9\",\"name\":\"admin\",\"image\":{\"@type\":\"ImageObject\",\"inLanguage\":\"ro-RO\",\"@id\":\"https:\\\/\\\/secure.gravatar.com\\\/avatar\\\/ecb9cd41f5f63c9c9b989999a59f6e2639a865ec361e9db054db0679a8f341c2?s=96&d=mm&r=g\",\"url\":\"https:\\\/\\\/secure.gravatar.com\\\/avatar\\\/ecb9cd41f5f63c9c9b989999a59f6e2639a865ec361e9db054db0679a8f341c2?s=96&d=mm&r=g\",\"contentUrl\":\"https:\\\/\\\/secure.gravatar.com\\\/avatar\\\/ecb9cd41f5f63c9c9b989999a59f6e2639a865ec361e9db054db0679a8f341c2?s=96&d=mm&r=g\",\"caption\":\"admin\"},\"sameAs\":[\"https:\\\/\\\/www.lovendal.ro\\\/wp52\"]}]}<\/script>\n<!-- \/ Yoast SEO Premium plugin. -->","yoast_head_json":{"title":"O d\u00e2r\u0103 luminoas\u0103 enigmatic\u0103 a fost fotografiat\u0103 pe cerul nop\u0163ii la Ia\u015fi. Seam\u0103n\u0103 cu un \"OZN tip \u0163igar\u0103\" observat de la nivelul Sta\u0163iei Spa\u0163iale Interna\u0163ionale... - Secretele lui Lovendal","robots":{"index":"index","follow":"follow","max-snippet":"max-snippet:-1","max-image-preview":"max-image-preview:large","max-video-preview":"max-video-preview:-1"},"canonical":"https:\/\/www.lovendal.ro\/wp52\/o-dara-luminoasa-enigmatica-a-fost-fotografiata-pe-cerul-noptii-la-iasi-seamana-cu-un-ozn-tip-tigara-observat-de-la-nivelul-statiei-spatiale-internationale\/","og_locale":"ro_RO","og_type":"article","og_title":"O d\u00e2r\u0103 luminoas\u0103 enigmatic\u0103 a fost fotografiat\u0103 pe cerul nop\u0163ii la Ia\u015fi. Seam\u0103n\u0103 cu un \"OZN tip \u0163igar\u0103\" observat de la nivelul Sta\u0163iei Spa\u0163iale Interna\u0163ionale...","og_description":"Un cititor (pe nume Ovidiu) &#8211; c\u0103ruia \u00eei mul\u0163umesc tare mult pe aceast\u0103 cale &#8211; \u00eemi trimite un mesaj, \u00eenso\u0163it de o fotografie misterioas\u0103. Aceast\u0103 fotografie a fost realizat\u0103 \u00een Ia\u015fi, \u00een seara zilei de vineri, 24 mai 2019, cu ... Cititi mai multe","og_url":"https:\/\/www.lovendal.ro\/wp52\/o-dara-luminoasa-enigmatica-a-fost-fotografiata-pe-cerul-noptii-la-iasi-seamana-cu-un-ozn-tip-tigara-observat-de-la-nivelul-statiei-spatiale-internationale\/","og_site_name":"Secretele lui Lovendal","article_publisher":"https:\/\/www.facebook.com\/secreteleluilovendal","article_published_time":"2019-05-26T15:20:01+00:00","og_image":[{"width":341,"height":241,"url":"https:\/\/www.lovendal.ro\/wp52\/wp-content\/uploads\/2019\/05\/OZN-tigara-Iasi-coperta.jpg","type":"image\/jpeg"}],"author":"admin","twitter_card":"summary_large_image","twitter_misc":{"Scris de":"admin","Timp estimat pentru citire":"1 minut"},"schema":{"@context":"https:\/\/schema.org","@graph":[{"@type":"Article","@id":"https:\/\/www.lovendal.ro\/wp52\/o-dara-luminoasa-enigmatica-a-fost-fotografiata-pe-cerul-noptii-la-iasi-seamana-cu-un-ozn-tip-tigara-observat-de-la-nivelul-statiei-spatiale-internationale\/#article","isPartOf":{"@id":"https:\/\/www.lovendal.ro\/wp52\/o-dara-luminoasa-enigmatica-a-fost-fotografiata-pe-cerul-noptii-la-iasi-seamana-cu-un-ozn-tip-tigara-observat-de-la-nivelul-statiei-spatiale-internationale\/"},"author":{"name":"admin","@id":"https:\/\/www.lovendal.ro\/wp52\/#\/schema\/person\/088691de5dfc346bb0c023e1e52ef5d9"},"headline":"O d\u00e2r\u0103 luminoas\u0103 enigmatic\u0103 a fost fotografiat\u0103 pe cerul nop\u0163ii la Ia\u015fi. Seam\u0103n\u0103 cu un &#8222;OZN tip \u0163igar\u0103&#8221; observat de la nivelul Sta\u0163iei Spa\u0163iale Interna\u0163ionale&#8230;","datePublished":"2019-05-26T15:20:01+00:00","mainEntityOfPage":{"@id":"https:\/\/www.lovendal.ro\/wp52\/o-dara-luminoasa-enigmatica-a-fost-fotografiata-pe-cerul-noptii-la-iasi-seamana-cu-un-ozn-tip-tigara-observat-de-la-nivelul-statiei-spatiale-internationale\/"},"wordCount":257,"publisher":{"@id":"https:\/\/www.lovendal.ro\/wp52\/#organization"},"image":{"@id":"https:\/\/www.lovendal.ro\/wp52\/o-dara-luminoasa-enigmatica-a-fost-fotografiata-pe-cerul-noptii-la-iasi-seamana-cu-un-ozn-tip-tigara-observat-de-la-nivelul-statiei-spatiale-internationale\/#primaryimage"},"thumbnailUrl":"https:\/\/www.lovendal.ro\/wp52\/wp-content\/uploads\/2019\/05\/OZN-tigara-Iasi-coperta.jpg","keywords":["Boto\u015fani","comet\u0103","Darabani","fotografie","Ia\u015fi","lumin\u0103","meteorit","OZN","Paranormal-Spiritualitate","rachet\u0103","Sta\u0163ia Spa\u0163ial\u0103 Interna\u0163ional\u0103"],"articleSection":["Paranormal-Spiritualitate"],"inLanguage":"ro-RO"},{"@type":"WebPage","@id":"https:\/\/www.lovendal.ro\/wp52\/o-dara-luminoasa-enigmatica-a-fost-fotografiata-pe-cerul-noptii-la-iasi-seamana-cu-un-ozn-tip-tigara-observat-de-la-nivelul-statiei-spatiale-internationale\/","url":"https:\/\/www.lovendal.ro\/wp52\/o-dara-luminoasa-enigmatica-a-fost-fotografiata-pe-cerul-noptii-la-iasi-seamana-cu-un-ozn-tip-tigara-observat-de-la-nivelul-statiei-spatiale-internationale\/","name":"O d\u00e2r\u0103 luminoas\u0103 enigmatic\u0103 a fost fotografiat\u0103 pe cerul nop\u0163ii la Ia\u015fi. Seam\u0103n\u0103 cu un \"OZN tip \u0163igar\u0103\" observat de la nivelul Sta\u0163iei Spa\u0163iale Interna\u0163ionale... - Secretele lui Lovendal","isPartOf":{"@id":"https:\/\/www.lovendal.ro\/wp52\/#website"},"primaryImageOfPage":{"@id":"https:\/\/www.lovendal.ro\/wp52\/o-dara-luminoasa-enigmatica-a-fost-fotografiata-pe-cerul-noptii-la-iasi-seamana-cu-un-ozn-tip-tigara-observat-de-la-nivelul-statiei-spatiale-internationale\/#primaryimage"},"image":{"@id":"https:\/\/www.lovendal.ro\/wp52\/o-dara-luminoasa-enigmatica-a-fost-fotografiata-pe-cerul-noptii-la-iasi-seamana-cu-un-ozn-tip-tigara-observat-de-la-nivelul-statiei-spatiale-internationale\/#primaryimage"},"thumbnailUrl":"https:\/\/www.lovendal.ro\/wp52\/wp-content\/uploads\/2019\/05\/OZN-tigara-Iasi-coperta.jpg","datePublished":"2019-05-26T15:20:01+00:00","breadcrumb":{"@id":"https:\/\/www.lovendal.ro\/wp52\/o-dara-luminoasa-enigmatica-a-fost-fotografiata-pe-cerul-noptii-la-iasi-seamana-cu-un-ozn-tip-tigara-observat-de-la-nivelul-statiei-spatiale-internationale\/#breadcrumb"},"inLanguage":"ro-RO","potentialAction":[{"@type":"ReadAction","target":["https:\/\/www.lovendal.ro\/wp52\/o-dara-luminoasa-enigmatica-a-fost-fotografiata-pe-cerul-noptii-la-iasi-seamana-cu-un-ozn-tip-tigara-observat-de-la-nivelul-statiei-spatiale-internationale\/"]}]},{"@type":"ImageObject","inLanguage":"ro-RO","@id":"https:\/\/www.lovendal.ro\/wp52\/o-dara-luminoasa-enigmatica-a-fost-fotografiata-pe-cerul-noptii-la-iasi-seamana-cu-un-ozn-tip-tigara-observat-de-la-nivelul-statiei-spatiale-internationale\/#primaryimage","url":"https:\/\/www.lovendal.ro\/wp52\/wp-content\/uploads\/2019\/05\/OZN-tigara-Iasi-coperta.jpg","contentUrl":"https:\/\/www.lovendal.ro\/wp52\/wp-content\/uploads\/2019\/05\/OZN-tigara-Iasi-coperta.jpg","width":341,"height":241},{"@type":"BreadcrumbList","@id":"https:\/\/www.lovendal.ro\/wp52\/o-dara-luminoasa-enigmatica-a-fost-fotografiata-pe-cerul-noptii-la-iasi-seamana-cu-un-ozn-tip-tigara-observat-de-la-nivelul-statiei-spatiale-internationale\/#breadcrumb","itemListElement":[{"@type":"ListItem","position":1,"name":"Home","item":"https:\/\/www.lovendal.ro\/wp52\/"},{"@type":"ListItem","position":2,"name":"O d\u00e2r\u0103 luminoas\u0103 enigmatic\u0103 a fost fotografiat\u0103 pe cerul nop\u0163ii la Ia\u015fi. Seam\u0103n\u0103 cu un &#8222;OZN tip \u0163igar\u0103&#8221; observat de la nivelul Sta\u0163iei Spa\u0163iale Interna\u0163ionale&#8230;"}]},{"@type":"WebSite","@id":"https:\/\/www.lovendal.ro\/wp52\/#website","url":"https:\/\/www.lovendal.ro\/wp52\/","name":"Secretele lui Lovendal","description":"Site de secrete, stiinta si metafizica - din 2008 -","publisher":{"@id":"https:\/\/www.lovendal.ro\/wp52\/#organization"},"potentialAction":[{"@type":"SearchAction","target":{"@type":"EntryPoint","urlTemplate":"https:\/\/www.lovendal.ro\/wp52\/?s={search_term_string}"},"query-input":{"@type":"PropertyValueSpecification","valueRequired":true,"valueName":"search_term_string"}}],"inLanguage":"ro-RO"},{"@type":"Organization","@id":"https:\/\/www.lovendal.ro\/wp52\/#organization","name":"Secretele lui Lovendal","url":"https:\/\/www.lovendal.ro\/wp52\/","logo":{"@type":"ImageObject","inLanguage":"ro-RO","@id":"https:\/\/www.lovendal.ro\/wp52\/#\/schema\/logo\/image\/","url":"https:\/\/www.lovendal.ro\/wp52\/wp-content\/uploads\/2024\/06\/cropped-SLL-iun-2024-1.jpg","contentUrl":"https:\/\/www.lovendal.ro\/wp52\/wp-content\/uploads\/2024\/06\/cropped-SLL-iun-2024-1.jpg","width":771,"height":240,"caption":"Secretele lui Lovendal"},"image":{"@id":"https:\/\/www.lovendal.ro\/wp52\/#\/schema\/logo\/image\/"},"sameAs":["https:\/\/www.facebook.com\/secreteleluilovendal"]},{"@type":"Person","@id":"https:\/\/www.lovendal.ro\/wp52\/#\/schema\/person\/088691de5dfc346bb0c023e1e52ef5d9","name":"admin","image":{"@type":"ImageObject","inLanguage":"ro-RO","@id":"https:\/\/secure.gravatar.com\/avatar\/ecb9cd41f5f63c9c9b989999a59f6e2639a865ec361e9db054db0679a8f341c2?s=96&d=mm&r=g","url":"https:\/\/secure.gravatar.com\/avatar\/ecb9cd41f5f63c9c9b989999a59f6e2639a865ec361e9db054db0679a8f341c2?s=96&d=mm&r=g","contentUrl":"https:\/\/secure.gravatar.com\/avatar\/ecb9cd41f5f63c9c9b989999a59f6e2639a865ec361e9db054db0679a8f341c2?s=96&d=mm&r=g","caption":"admin"},"sameAs":["https:\/\/www.lovendal.ro\/wp52"]}]}},"_links":{"self":[{"href":"https:\/\/www.lovendal.ro\/wp52\/wp-json\/wp\/v2\/posts\/62446","targetHints":{"allow":["GET"]}}],"collection":[{"href":"https:\/\/www.lovendal.ro\/wp52\/wp-json\/wp\/v2\/posts"}],"about":[{"href":"https:\/\/www.lovendal.ro\/wp52\/wp-json\/wp\/v2\/types\/post"}],"author":[{"embeddable":true,"href":"https:\/\/www.lovendal.ro\/wp52\/wp-json\/wp\/v2\/users\/1"}],"replies":[{"embeddable":true,"href":"https:\/\/www.lovendal.ro\/wp52\/wp-json\/wp\/v2\/comments?post=62446"}],"version-history":[{"count":0,"href":"https:\/\/www.lovendal.ro\/wp52\/wp-json\/wp\/v2\/posts\/62446\/revisions"}],"wp:featuredmedia":[{"embeddable":true,"href":"https:\/\/www.lovendal.ro\/wp52\/wp-json\/wp\/v2\/media\/62447"}],"wp:attachment":[{"href":"https:\/\/www.lovendal.ro\/wp52\/wp-json\/wp\/v2\/media?parent=62446"}],"wp:term":[{"taxonomy":"category","embeddable":true,"href":"https:\/\/www.lovendal.ro\/wp52\/wp-json\/wp\/v2\/categories?post=62446"},{"taxonomy":"post_tag","embeddable":true,"href":"https:\/\/www.lovendal.ro\/wp52\/wp-json\/wp\/v2\/tags?post=62446"}],"curies":[{"name":"wp","href":"https:\/\/api.w.org\/{rel}","templated":true}]}}