{"id":62284,"date":"2019-05-10T13:57:47","date_gmt":"2019-05-10T10:57:47","guid":{"rendered":"https:\/\/www.lovendal.ro\/wp52\/?p=62284"},"modified":"2019-05-10T13:59:39","modified_gmt":"2019-05-10T10:59:39","slug":"pamantul-se-incalzeste-sau-se-raceste-un-nou-studiu-arata-clar-acum-11-500-15-000-de-ani-era-mai-cald-cu-7-grade-celsius-decat-in-ziua-de-astazi-si-atunci-exista-incalzire-globala-ca-urmare","status":"publish","type":"post","link":"https:\/\/www.lovendal.ro\/wp52\/pamantul-se-incalzeste-sau-se-raceste-un-nou-studiu-arata-clar-acum-11-500-15-000-de-ani-era-mai-cald-cu-7-grade-celsius-decat-in-ziua-de-astazi-si-atunci-exista-incalzire-globala-ca-urmare\/","title":{"rendered":"P\u0103m\u00e2ntul se \u00eenc\u0103lze\u015fte sau se r\u0103ce\u015fte? Un nou studiu arat\u0103 clar: &#8222;acum 11.500-15.000 de ani era mai cald cu 7 grade Celsius dec\u00e2t \u00een ziua de ast\u0103zi&#8221;! \u015ei atunci exista &#8222;\u00eenc\u0103lzire global\u0103&#8221; ca urmare a activit\u0103\u0163ii industriale!? :)"},"content":{"rendered":"<p><a href=\"https:\/\/www.lovendal.ro\/wp52\/wp-content\/uploads\/2019\/05\/incalzire-globala-minciuna.jpg\"><img loading=\"lazy\" decoding=\"async\" class=\"alignleft size-full wp-image-62286\" src=\"https:\/\/www.lovendal.ro\/wp52\/wp-content\/uploads\/2019\/05\/incalzire-globala-minciuna.jpg\" alt=\"\" width=\"336\" height=\"309\" srcset=\"https:\/\/www.lovendal.ro\/wp52\/wp-content\/uploads\/2019\/05\/incalzire-globala-minciuna.jpg 336w, https:\/\/www.lovendal.ro\/wp52\/wp-content\/uploads\/2019\/05\/incalzire-globala-minciuna-300x276.jpg 300w\" sizes=\"auto, (max-width: 336px) 100vw, 336px\" \/><\/a>C\u00e2nd multe dovezi arat\u0103 c\u0103 &#8222;\u00eenc\u0103lzirea global\u0103 provocat\u0103 de oameni&#8221; NU EXIST\u0102, c\u0103 a\u015fa-zisa &#8222;schimbare climatic\u0103 ca urmare a gazelor cu efect de ser\u0103&#8221; este un FAKE NEWS mare c\u00e2t casa, nu \u00een\u0163eleg cum exist\u0103 \u00eenc\u0103 publica\u0163ii \/ oameni de \u015ftiin\u0163\u0103 \/ studii care mai sus\u0163in asemenea enormitate. \u015ei te faci s\u0103 te g\u00e2nde\u015fti, pe bun\u0103 dreptate, dac\u0103 \u00een spatele a\u015fa-zisei &#8222;\u00eenc\u0103lziri globale&#8221; nu exist\u0103 altceva dec\u00e2t ni\u015fte interese financiare enorme (sau poate chiar mai mult dec\u00e2t financiare &#8211; de natur\u0103 conspirativ\u0103 \/ politic\u0103).<\/p>\n<p>Iar ultima dovad\u0103 o pute\u0163i g\u0103si \u00eentr-o lucrare \u015ftiin\u0163ific\u0103 publicat\u0103 pe <a href=\"https:\/\/agupubs.onlinelibrary.wiley.com\/doi\/abs\/10.1029\/2018PA003376\" target=\"_blank\" rel=\"noopener noreferrer\"><strong>agupubs.onlinelibrary.wiley.com<\/strong><\/a>, intitulat\u0103 <em>&#8222;Southward displacement of the North Atlantic Subtropical Gyre circulation system during North Atlantic cold spells&#8221;<\/em>. Documentul PDF al lucr\u0103rii \u015ftiin\u0163ifice \u00eel pute\u0163i downloada de <a href=\"https:\/\/agupubs.onlinelibrary.wiley.com\/doi\/pdf\/10.1029\/2018PA003376\" target=\"_blank\" rel=\"noopener noreferrer\"><strong>AICI<\/strong><\/a>.<\/p>\n<p>A\u015fa cum spune \u00eentr-un tweet de pe contul de Twitter al lui Kenneth Richard, &#8222;o nou\u0103 reconstruc\u0163ie a temperaturii din zona tropical\u0103 atlantic\u0103 arat\u0103 c\u0103 acum 11.500-15.000 de ani era mai cald cu 7 grade Celsius dec\u00e2t \u00een ziua de ast\u0103zi, atunci c\u00e2nd concentra\u0163iile de CO2 erau \u00een jur de 210-220 ppm&#8221;.<\/p>\n<blockquote class=\"twitter-tweet\" data-lang=\"ro\">\n<p dir=\"ltr\" lang=\"en\">A new tropical Atlantic subsurface temperature reconstruction indicates it was 7\u00b0C warmer than today during the Younger Dryas\/B\u00f8lling-Aller\u00f8d (~15,000-11,500 years ago), when CO2 concentrations hovered around 210-220 ppm.<\/p>\n<p>Rei\u00dfig et al., 2019<a href=\"https:\/\/t.co\/GCIVTFJTUb\">https:\/\/t.co\/GCIVTFJTUb<\/a> <a href=\"https:\/\/t.co\/kI7QUEoqUZ\">pic.twitter.com\/kI7QUEoqUZ<\/a><\/p>\n<p>\u2014 Kenneth Richard (@Kenneth72712993) <a href=\"https:\/\/twitter.com\/Kenneth72712993\/status\/1125870440247902208?ref_src=twsrc%5Etfw\">7 mai 2019<\/a><\/p><\/blockquote>\n<p><script async src=\"https:\/\/platform.twitter.com\/widgets.js\" charset=\"utf-8\"><\/script><\/p>\n<p>A\u015fadar, a\u0163i \u00een\u0163eles cum stau lucrurile? Acum peste 10.000 de ani, c\u00e2nd nu exista activitate industrial\u0103 \u015fi poluare, temperaturile erau mai mari cu 7 grade dec\u00e2t \u00een ziua de ast\u0103zi, c\u00e2nd exist\u0103 activitate industrial\u0103 \u015fi poluare, iar nivelul CO2 e \u00een jur de 450 ppm. Deci, nu exist\u0103 nicio leg\u0103tur\u0103 \u00eentre nivelul activit\u0103\u0163ii industriale \/ poluare \/ CO2 cu nivelul temperaturii. \u00cen concluzie, \u00eenc\u0103lzirea global\u0103 datorat\u0103 activit\u0103\u0163ii umane este o teorie fals\u0103, dar care a devenit &#8222;adev\u0103rat\u0103&#8221; fiind repetat\u0103 de at\u00e2tea ori \u00een toat\u0103 mass-media (\u00een special \u00een mass-media oficial\u0103). Iar principiul cu care se ghideaz\u0103 EI (manipulatorii din umbr\u0103) este urm\u0103torul: repet\u0103 o minciun\u0103 de mii de or\u0103 la TV \/ pe Internet, p\u00e2n\u0103 c\u00e2nd oamenii o s-o cread\u0103.<\/p>\n<p><a href=\"https:\/\/www.lovendal.ro\/wp52\/wp-content\/uploads\/2019\/05\/7-grade-mai-cald-1.jpg\"><img loading=\"lazy\" decoding=\"async\" class=\"aligncenter size-full wp-image-62288\" src=\"https:\/\/www.lovendal.ro\/wp52\/wp-content\/uploads\/2019\/05\/7-grade-mai-cald-1.jpg\" alt=\"\" width=\"539\" height=\"346\" srcset=\"https:\/\/www.lovendal.ro\/wp52\/wp-content\/uploads\/2019\/05\/7-grade-mai-cald-1.jpg 539w, https:\/\/www.lovendal.ro\/wp52\/wp-content\/uploads\/2019\/05\/7-grade-mai-cald-1-300x193.jpg 300w\" sizes=\"auto, (max-width: 539px) 100vw, 539px\" \/><\/a><\/p>\n","protected":false},"excerpt":{"rendered":"<p>C\u00e2nd multe dovezi arat\u0103 c\u0103 &#8222;\u00eenc\u0103lzirea global\u0103 provocat\u0103 de oameni&#8221; NU EXIST\u0102, c\u0103 a\u015fa-zisa &#8222;schimbare climatic\u0103 ca urmare a gazelor cu efect de ser\u0103&#8221; este un FAKE NEWS mare c\u00e2t casa, nu \u00een\u0163eleg cum exist\u0103 \u00eenc\u0103 publica\u0163ii \/ oameni de &#8230; <\/p>\n<p class=\"read-more-container\"><a title=\"P\u0103m\u00e2ntul se \u00eenc\u0103lze\u015fte sau se r\u0103ce\u015fte? Un nou studiu arat\u0103 clar: &#8222;acum 11.500-15.000 de ani era mai cald cu 7 grade Celsius dec\u00e2t \u00een ziua de ast\u0103zi&#8221;! \u015ei atunci exista &#8222;\u00eenc\u0103lzire global\u0103&#8221; ca urmare a activit\u0103\u0163ii industriale!? :)\" class=\"read-more button\" href=\"https:\/\/www.lovendal.ro\/wp52\/pamantul-se-incalzeste-sau-se-raceste-un-nou-studiu-arata-clar-acum-11-500-15-000-de-ani-era-mai-cald-cu-7-grade-celsius-decat-in-ziua-de-astazi-si-atunci-exista-incalzire-globala-ca-urmare\/#more-62284\" aria-label=\"Cite\u0219te mai multe despre P\u0103m\u00e2ntul se \u00eenc\u0103lze\u015fte sau se r\u0103ce\u015fte? Un nou studiu arat\u0103 clar: &#8222;acum 11.500-15.000 de ani era mai cald cu 7 grade Celsius dec\u00e2t \u00een ziua de ast\u0103zi&#8221;! \u015ei atunci exista &#8222;\u00eenc\u0103lzire global\u0103&#8221; ca urmare a activit\u0103\u0163ii industriale!? :)\">Cititi mai multe<\/a><\/p>\n","protected":false},"author":1,"featured_media":62286,"comment_status":"closed","ping_status":"open","sticky":false,"template":"","format":"standard","meta":{"footnotes":""},"categories":[475],"tags":[1962,358,1960,597,4496,354,2358,233,4474],"class_list":["post-62284","post","type-post","status-publish","format-standard","has-post-thumbnail","hentry","category-conspiratii-mistere","tag-co2","tag-conspiratii-si-mistere","tag-incalzire-globala","tag-internet","tag-mass-media","tag-poluare","tag-temperatura","tag-tv","tag-twitter","resize-featured-image"],"yoast_head":"<!-- This site is optimized with the Yoast SEO Premium plugin v23.3 (Yoast SEO v27.4) - https:\/\/yoast.com\/product\/yoast-seo-premium-wordpress\/ -->\n<title>P\u0103m\u00e2ntul se \u00eenc\u0103lze\u015fte sau se r\u0103ce\u015fte? Un nou studiu arat\u0103 clar: &quot;acum 11.500-15.000 de ani era mai cald cu 7 grade Celsius dec\u00e2t \u00een ziua de ast\u0103zi&quot;! \u015ei atunci exista &quot;\u00eenc\u0103lzire global\u0103&quot; ca urmare a activit\u0103\u0163ii industriale!? :) - Secretele lui Lovendal<\/title>\n<meta name=\"robots\" content=\"index, follow, max-snippet:-1, max-image-preview:large, max-video-preview:-1\" \/>\n<link rel=\"canonical\" href=\"https:\/\/www.lovendal.ro\/wp52\/pamantul-se-incalzeste-sau-se-raceste-un-nou-studiu-arata-clar-acum-11-500-15-000-de-ani-era-mai-cald-cu-7-grade-celsius-decat-in-ziua-de-astazi-si-atunci-exista-incalzire-globala-ca-urmare\/\" \/>\n<meta property=\"og:locale\" content=\"ro_RO\" \/>\n<meta property=\"og:type\" content=\"article\" \/>\n<meta property=\"og:title\" content=\"P\u0103m\u00e2ntul se \u00eenc\u0103lze\u015fte sau se r\u0103ce\u015fte? Un nou studiu arat\u0103 clar: &quot;acum 11.500-15.000 de ani era mai cald cu 7 grade Celsius dec\u00e2t \u00een ziua de ast\u0103zi&quot;! \u015ei atunci exista &quot;\u00eenc\u0103lzire global\u0103&quot; ca urmare a activit\u0103\u0163ii industriale!? :)\" \/>\n<meta property=\"og:description\" content=\"C\u00e2nd multe dovezi arat\u0103 c\u0103 &#8222;\u00eenc\u0103lzirea global\u0103 provocat\u0103 de oameni&#8221; NU EXIST\u0102, c\u0103 a\u015fa-zisa &#8222;schimbare climatic\u0103 ca urmare a gazelor cu efect de ser\u0103&#8221; este un FAKE NEWS mare c\u00e2t casa, nu \u00een\u0163eleg cum exist\u0103 \u00eenc\u0103 publica\u0163ii \/ oameni de ... Cititi mai multe\" \/>\n<meta property=\"og:url\" content=\"https:\/\/www.lovendal.ro\/wp52\/pamantul-se-incalzeste-sau-se-raceste-un-nou-studiu-arata-clar-acum-11-500-15-000-de-ani-era-mai-cald-cu-7-grade-celsius-decat-in-ziua-de-astazi-si-atunci-exista-incalzire-globala-ca-urmare\/\" \/>\n<meta property=\"og:site_name\" content=\"Secretele lui Lovendal\" \/>\n<meta property=\"article:publisher\" content=\"https:\/\/www.facebook.com\/secreteleluilovendal\" \/>\n<meta property=\"article:published_time\" content=\"2019-05-10T10:57:47+00:00\" \/>\n<meta property=\"article:modified_time\" content=\"2019-05-10T10:59:39+00:00\" \/>\n<meta property=\"og:image\" content=\"https:\/\/www.lovendal.ro\/wp52\/wp-content\/uploads\/2019\/05\/incalzire-globala-minciuna.jpg\" \/>\n\t<meta property=\"og:image:width\" content=\"336\" \/>\n\t<meta property=\"og:image:height\" content=\"309\" \/>\n\t<meta property=\"og:image:type\" content=\"image\/jpeg\" \/>\n<meta name=\"author\" content=\"admin\" \/>\n<meta name=\"twitter:card\" content=\"summary_large_image\" \/>\n<meta name=\"twitter:label1\" content=\"Scris de\" \/>\n\t<meta name=\"twitter:data1\" content=\"admin\" \/>\n\t<meta name=\"twitter:label2\" content=\"Timp estimat pentru citire\" \/>\n\t<meta name=\"twitter:data2\" content=\"2 minute\" \/>\n<script type=\"application\/ld+json\" class=\"yoast-schema-graph\">{\"@context\":\"https:\\\/\\\/schema.org\",\"@graph\":[{\"@type\":\"Article\",\"@id\":\"https:\\\/\\\/www.lovendal.ro\\\/wp52\\\/pamantul-se-incalzeste-sau-se-raceste-un-nou-studiu-arata-clar-acum-11-500-15-000-de-ani-era-mai-cald-cu-7-grade-celsius-decat-in-ziua-de-astazi-si-atunci-exista-incalzire-globala-ca-urmare\\\/#article\",\"isPartOf\":{\"@id\":\"https:\\\/\\\/www.lovendal.ro\\\/wp52\\\/pamantul-se-incalzeste-sau-se-raceste-un-nou-studiu-arata-clar-acum-11-500-15-000-de-ani-era-mai-cald-cu-7-grade-celsius-decat-in-ziua-de-astazi-si-atunci-exista-incalzire-globala-ca-urmare\\\/\"},\"author\":{\"name\":\"admin\",\"@id\":\"https:\\\/\\\/www.lovendal.ro\\\/wp52\\\/#\\\/schema\\\/person\\\/088691de5dfc346bb0c023e1e52ef5d9\"},\"headline\":\"P\u0103m\u00e2ntul se \u00eenc\u0103lze\u015fte sau se r\u0103ce\u015fte? Un nou studiu arat\u0103 clar: &#8222;acum 11.500-15.000 de ani era mai cald cu 7 grade Celsius dec\u00e2t \u00een ziua de ast\u0103zi&#8221;! \u015ei atunci exista &#8222;\u00eenc\u0103lzire global\u0103&#8221; ca urmare a activit\u0103\u0163ii industriale!? :)\",\"datePublished\":\"2019-05-10T10:57:47+00:00\",\"dateModified\":\"2019-05-10T10:59:39+00:00\",\"mainEntityOfPage\":{\"@id\":\"https:\\\/\\\/www.lovendal.ro\\\/wp52\\\/pamantul-se-incalzeste-sau-se-raceste-un-nou-studiu-arata-clar-acum-11-500-15-000-de-ani-era-mai-cald-cu-7-grade-celsius-decat-in-ziua-de-astazi-si-atunci-exista-incalzire-globala-ca-urmare\\\/\"},\"wordCount\":423,\"publisher\":{\"@id\":\"https:\\\/\\\/www.lovendal.ro\\\/wp52\\\/#organization\"},\"image\":{\"@id\":\"https:\\\/\\\/www.lovendal.ro\\\/wp52\\\/pamantul-se-incalzeste-sau-se-raceste-un-nou-studiu-arata-clar-acum-11-500-15-000-de-ani-era-mai-cald-cu-7-grade-celsius-decat-in-ziua-de-astazi-si-atunci-exista-incalzire-globala-ca-urmare\\\/#primaryimage\"},\"thumbnailUrl\":\"https:\\\/\\\/www.lovendal.ro\\\/wp52\\\/wp-content\\\/uploads\\\/2019\\\/05\\\/incalzire-globala-minciuna.jpg\",\"keywords\":[\"CO2\",\"Conspiratii si Mistere\",\"\u00eenc\u0103lzire global\u0103\",\"Internet\",\"mass-media\",\"poluare\",\"temperatur\u0103\",\"TV\",\"Twitter\"],\"articleSection\":[\"Conspiratii si Mistere\"],\"inLanguage\":\"ro-RO\"},{\"@type\":\"WebPage\",\"@id\":\"https:\\\/\\\/www.lovendal.ro\\\/wp52\\\/pamantul-se-incalzeste-sau-se-raceste-un-nou-studiu-arata-clar-acum-11-500-15-000-de-ani-era-mai-cald-cu-7-grade-celsius-decat-in-ziua-de-astazi-si-atunci-exista-incalzire-globala-ca-urmare\\\/\",\"url\":\"https:\\\/\\\/www.lovendal.ro\\\/wp52\\\/pamantul-se-incalzeste-sau-se-raceste-un-nou-studiu-arata-clar-acum-11-500-15-000-de-ani-era-mai-cald-cu-7-grade-celsius-decat-in-ziua-de-astazi-si-atunci-exista-incalzire-globala-ca-urmare\\\/\",\"name\":\"P\u0103m\u00e2ntul se \u00eenc\u0103lze\u015fte sau se r\u0103ce\u015fte? Un nou studiu arat\u0103 clar: \\\"acum 11.500-15.000 de ani era mai cald cu 7 grade Celsius dec\u00e2t \u00een ziua de ast\u0103zi\\\"! \u015ei atunci exista \\\"\u00eenc\u0103lzire global\u0103\\\" ca urmare a activit\u0103\u0163ii industriale!? :) - Secretele lui Lovendal\",\"isPartOf\":{\"@id\":\"https:\\\/\\\/www.lovendal.ro\\\/wp52\\\/#website\"},\"primaryImageOfPage\":{\"@id\":\"https:\\\/\\\/www.lovendal.ro\\\/wp52\\\/pamantul-se-incalzeste-sau-se-raceste-un-nou-studiu-arata-clar-acum-11-500-15-000-de-ani-era-mai-cald-cu-7-grade-celsius-decat-in-ziua-de-astazi-si-atunci-exista-incalzire-globala-ca-urmare\\\/#primaryimage\"},\"image\":{\"@id\":\"https:\\\/\\\/www.lovendal.ro\\\/wp52\\\/pamantul-se-incalzeste-sau-se-raceste-un-nou-studiu-arata-clar-acum-11-500-15-000-de-ani-era-mai-cald-cu-7-grade-celsius-decat-in-ziua-de-astazi-si-atunci-exista-incalzire-globala-ca-urmare\\\/#primaryimage\"},\"thumbnailUrl\":\"https:\\\/\\\/www.lovendal.ro\\\/wp52\\\/wp-content\\\/uploads\\\/2019\\\/05\\\/incalzire-globala-minciuna.jpg\",\"datePublished\":\"2019-05-10T10:57:47+00:00\",\"dateModified\":\"2019-05-10T10:59:39+00:00\",\"breadcrumb\":{\"@id\":\"https:\\\/\\\/www.lovendal.ro\\\/wp52\\\/pamantul-se-incalzeste-sau-se-raceste-un-nou-studiu-arata-clar-acum-11-500-15-000-de-ani-era-mai-cald-cu-7-grade-celsius-decat-in-ziua-de-astazi-si-atunci-exista-incalzire-globala-ca-urmare\\\/#breadcrumb\"},\"inLanguage\":\"ro-RO\",\"potentialAction\":[{\"@type\":\"ReadAction\",\"target\":[\"https:\\\/\\\/www.lovendal.ro\\\/wp52\\\/pamantul-se-incalzeste-sau-se-raceste-un-nou-studiu-arata-clar-acum-11-500-15-000-de-ani-era-mai-cald-cu-7-grade-celsius-decat-in-ziua-de-astazi-si-atunci-exista-incalzire-globala-ca-urmare\\\/\"]}]},{\"@type\":\"ImageObject\",\"inLanguage\":\"ro-RO\",\"@id\":\"https:\\\/\\\/www.lovendal.ro\\\/wp52\\\/pamantul-se-incalzeste-sau-se-raceste-un-nou-studiu-arata-clar-acum-11-500-15-000-de-ani-era-mai-cald-cu-7-grade-celsius-decat-in-ziua-de-astazi-si-atunci-exista-incalzire-globala-ca-urmare\\\/#primaryimage\",\"url\":\"https:\\\/\\\/www.lovendal.ro\\\/wp52\\\/wp-content\\\/uploads\\\/2019\\\/05\\\/incalzire-globala-minciuna.jpg\",\"contentUrl\":\"https:\\\/\\\/www.lovendal.ro\\\/wp52\\\/wp-content\\\/uploads\\\/2019\\\/05\\\/incalzire-globala-minciuna.jpg\",\"width\":336,\"height\":309},{\"@type\":\"BreadcrumbList\",\"@id\":\"https:\\\/\\\/www.lovendal.ro\\\/wp52\\\/pamantul-se-incalzeste-sau-se-raceste-un-nou-studiu-arata-clar-acum-11-500-15-000-de-ani-era-mai-cald-cu-7-grade-celsius-decat-in-ziua-de-astazi-si-atunci-exista-incalzire-globala-ca-urmare\\\/#breadcrumb\",\"itemListElement\":[{\"@type\":\"ListItem\",\"position\":1,\"name\":\"Home\",\"item\":\"https:\\\/\\\/www.lovendal.ro\\\/wp52\\\/\"},{\"@type\":\"ListItem\",\"position\":2,\"name\":\"P\u0103m\u00e2ntul se \u00eenc\u0103lze\u015fte sau se r\u0103ce\u015fte? Un nou studiu arat\u0103 clar: &#8222;acum 11.500-15.000 de ani era mai cald cu 7 grade Celsius dec\u00e2t \u00een ziua de ast\u0103zi&#8221;! \u015ei atunci exista &#8222;\u00eenc\u0103lzire global\u0103&#8221; ca urmare a activit\u0103\u0163ii industriale!? :)\"}]},{\"@type\":\"WebSite\",\"@id\":\"https:\\\/\\\/www.lovendal.ro\\\/wp52\\\/#website\",\"url\":\"https:\\\/\\\/www.lovendal.ro\\\/wp52\\\/\",\"name\":\"Secretele lui Lovendal\",\"description\":\"Site de secrete, stiinta si metafizica - din 2008 -\",\"publisher\":{\"@id\":\"https:\\\/\\\/www.lovendal.ro\\\/wp52\\\/#organization\"},\"potentialAction\":[{\"@type\":\"SearchAction\",\"target\":{\"@type\":\"EntryPoint\",\"urlTemplate\":\"https:\\\/\\\/www.lovendal.ro\\\/wp52\\\/?s={search_term_string}\"},\"query-input\":{\"@type\":\"PropertyValueSpecification\",\"valueRequired\":true,\"valueName\":\"search_term_string\"}}],\"inLanguage\":\"ro-RO\"},{\"@type\":\"Organization\",\"@id\":\"https:\\\/\\\/www.lovendal.ro\\\/wp52\\\/#organization\",\"name\":\"Secretele lui Lovendal\",\"url\":\"https:\\\/\\\/www.lovendal.ro\\\/wp52\\\/\",\"logo\":{\"@type\":\"ImageObject\",\"inLanguage\":\"ro-RO\",\"@id\":\"https:\\\/\\\/www.lovendal.ro\\\/wp52\\\/#\\\/schema\\\/logo\\\/image\\\/\",\"url\":\"https:\\\/\\\/www.lovendal.ro\\\/wp52\\\/wp-content\\\/uploads\\\/2024\\\/06\\\/cropped-SLL-iun-2024-1.jpg\",\"contentUrl\":\"https:\\\/\\\/www.lovendal.ro\\\/wp52\\\/wp-content\\\/uploads\\\/2024\\\/06\\\/cropped-SLL-iun-2024-1.jpg\",\"width\":771,\"height\":240,\"caption\":\"Secretele lui Lovendal\"},\"image\":{\"@id\":\"https:\\\/\\\/www.lovendal.ro\\\/wp52\\\/#\\\/schema\\\/logo\\\/image\\\/\"},\"sameAs\":[\"https:\\\/\\\/www.facebook.com\\\/secreteleluilovendal\"]},{\"@type\":\"Person\",\"@id\":\"https:\\\/\\\/www.lovendal.ro\\\/wp52\\\/#\\\/schema\\\/person\\\/088691de5dfc346bb0c023e1e52ef5d9\",\"name\":\"admin\",\"image\":{\"@type\":\"ImageObject\",\"inLanguage\":\"ro-RO\",\"@id\":\"https:\\\/\\\/secure.gravatar.com\\\/avatar\\\/ecb9cd41f5f63c9c9b989999a59f6e2639a865ec361e9db054db0679a8f341c2?s=96&d=mm&r=g\",\"url\":\"https:\\\/\\\/secure.gravatar.com\\\/avatar\\\/ecb9cd41f5f63c9c9b989999a59f6e2639a865ec361e9db054db0679a8f341c2?s=96&d=mm&r=g\",\"contentUrl\":\"https:\\\/\\\/secure.gravatar.com\\\/avatar\\\/ecb9cd41f5f63c9c9b989999a59f6e2639a865ec361e9db054db0679a8f341c2?s=96&d=mm&r=g\",\"caption\":\"admin\"},\"sameAs\":[\"https:\\\/\\\/www.lovendal.ro\\\/wp52\"]}]}<\/script>\n<!-- \/ Yoast SEO Premium plugin. -->","yoast_head_json":{"title":"P\u0103m\u00e2ntul se \u00eenc\u0103lze\u015fte sau se r\u0103ce\u015fte? Un nou studiu arat\u0103 clar: \"acum 11.500-15.000 de ani era mai cald cu 7 grade Celsius dec\u00e2t \u00een ziua de ast\u0103zi\"! \u015ei atunci exista \"\u00eenc\u0103lzire global\u0103\" ca urmare a activit\u0103\u0163ii industriale!? :) - Secretele lui Lovendal","robots":{"index":"index","follow":"follow","max-snippet":"max-snippet:-1","max-image-preview":"max-image-preview:large","max-video-preview":"max-video-preview:-1"},"canonical":"https:\/\/www.lovendal.ro\/wp52\/pamantul-se-incalzeste-sau-se-raceste-un-nou-studiu-arata-clar-acum-11-500-15-000-de-ani-era-mai-cald-cu-7-grade-celsius-decat-in-ziua-de-astazi-si-atunci-exista-incalzire-globala-ca-urmare\/","og_locale":"ro_RO","og_type":"article","og_title":"P\u0103m\u00e2ntul se \u00eenc\u0103lze\u015fte sau se r\u0103ce\u015fte? Un nou studiu arat\u0103 clar: \"acum 11.500-15.000 de ani era mai cald cu 7 grade Celsius dec\u00e2t \u00een ziua de ast\u0103zi\"! \u015ei atunci exista \"\u00eenc\u0103lzire global\u0103\" ca urmare a activit\u0103\u0163ii industriale!? :)","og_description":"C\u00e2nd multe dovezi arat\u0103 c\u0103 &#8222;\u00eenc\u0103lzirea global\u0103 provocat\u0103 de oameni&#8221; NU EXIST\u0102, c\u0103 a\u015fa-zisa &#8222;schimbare climatic\u0103 ca urmare a gazelor cu efect de ser\u0103&#8221; este un FAKE NEWS mare c\u00e2t casa, nu \u00een\u0163eleg cum exist\u0103 \u00eenc\u0103 publica\u0163ii \/ oameni de ... Cititi mai multe","og_url":"https:\/\/www.lovendal.ro\/wp52\/pamantul-se-incalzeste-sau-se-raceste-un-nou-studiu-arata-clar-acum-11-500-15-000-de-ani-era-mai-cald-cu-7-grade-celsius-decat-in-ziua-de-astazi-si-atunci-exista-incalzire-globala-ca-urmare\/","og_site_name":"Secretele lui Lovendal","article_publisher":"https:\/\/www.facebook.com\/secreteleluilovendal","article_published_time":"2019-05-10T10:57:47+00:00","article_modified_time":"2019-05-10T10:59:39+00:00","og_image":[{"width":336,"height":309,"url":"https:\/\/www.lovendal.ro\/wp52\/wp-content\/uploads\/2019\/05\/incalzire-globala-minciuna.jpg","type":"image\/jpeg"}],"author":"admin","twitter_card":"summary_large_image","twitter_misc":{"Scris de":"admin","Timp estimat pentru citire":"2 minute"},"schema":{"@context":"https:\/\/schema.org","@graph":[{"@type":"Article","@id":"https:\/\/www.lovendal.ro\/wp52\/pamantul-se-incalzeste-sau-se-raceste-un-nou-studiu-arata-clar-acum-11-500-15-000-de-ani-era-mai-cald-cu-7-grade-celsius-decat-in-ziua-de-astazi-si-atunci-exista-incalzire-globala-ca-urmare\/#article","isPartOf":{"@id":"https:\/\/www.lovendal.ro\/wp52\/pamantul-se-incalzeste-sau-se-raceste-un-nou-studiu-arata-clar-acum-11-500-15-000-de-ani-era-mai-cald-cu-7-grade-celsius-decat-in-ziua-de-astazi-si-atunci-exista-incalzire-globala-ca-urmare\/"},"author":{"name":"admin","@id":"https:\/\/www.lovendal.ro\/wp52\/#\/schema\/person\/088691de5dfc346bb0c023e1e52ef5d9"},"headline":"P\u0103m\u00e2ntul se \u00eenc\u0103lze\u015fte sau se r\u0103ce\u015fte? Un nou studiu arat\u0103 clar: &#8222;acum 11.500-15.000 de ani era mai cald cu 7 grade Celsius dec\u00e2t \u00een ziua de ast\u0103zi&#8221;! \u015ei atunci exista &#8222;\u00eenc\u0103lzire global\u0103&#8221; ca urmare a activit\u0103\u0163ii industriale!? :)","datePublished":"2019-05-10T10:57:47+00:00","dateModified":"2019-05-10T10:59:39+00:00","mainEntityOfPage":{"@id":"https:\/\/www.lovendal.ro\/wp52\/pamantul-se-incalzeste-sau-se-raceste-un-nou-studiu-arata-clar-acum-11-500-15-000-de-ani-era-mai-cald-cu-7-grade-celsius-decat-in-ziua-de-astazi-si-atunci-exista-incalzire-globala-ca-urmare\/"},"wordCount":423,"publisher":{"@id":"https:\/\/www.lovendal.ro\/wp52\/#organization"},"image":{"@id":"https:\/\/www.lovendal.ro\/wp52\/pamantul-se-incalzeste-sau-se-raceste-un-nou-studiu-arata-clar-acum-11-500-15-000-de-ani-era-mai-cald-cu-7-grade-celsius-decat-in-ziua-de-astazi-si-atunci-exista-incalzire-globala-ca-urmare\/#primaryimage"},"thumbnailUrl":"https:\/\/www.lovendal.ro\/wp52\/wp-content\/uploads\/2019\/05\/incalzire-globala-minciuna.jpg","keywords":["CO2","Conspiratii si Mistere","\u00eenc\u0103lzire global\u0103","Internet","mass-media","poluare","temperatur\u0103","TV","Twitter"],"articleSection":["Conspiratii si Mistere"],"inLanguage":"ro-RO"},{"@type":"WebPage","@id":"https:\/\/www.lovendal.ro\/wp52\/pamantul-se-incalzeste-sau-se-raceste-un-nou-studiu-arata-clar-acum-11-500-15-000-de-ani-era-mai-cald-cu-7-grade-celsius-decat-in-ziua-de-astazi-si-atunci-exista-incalzire-globala-ca-urmare\/","url":"https:\/\/www.lovendal.ro\/wp52\/pamantul-se-incalzeste-sau-se-raceste-un-nou-studiu-arata-clar-acum-11-500-15-000-de-ani-era-mai-cald-cu-7-grade-celsius-decat-in-ziua-de-astazi-si-atunci-exista-incalzire-globala-ca-urmare\/","name":"P\u0103m\u00e2ntul se \u00eenc\u0103lze\u015fte sau se r\u0103ce\u015fte? Un nou studiu arat\u0103 clar: \"acum 11.500-15.000 de ani era mai cald cu 7 grade Celsius dec\u00e2t \u00een ziua de ast\u0103zi\"! \u015ei atunci exista \"\u00eenc\u0103lzire global\u0103\" ca urmare a activit\u0103\u0163ii industriale!? :) - Secretele lui Lovendal","isPartOf":{"@id":"https:\/\/www.lovendal.ro\/wp52\/#website"},"primaryImageOfPage":{"@id":"https:\/\/www.lovendal.ro\/wp52\/pamantul-se-incalzeste-sau-se-raceste-un-nou-studiu-arata-clar-acum-11-500-15-000-de-ani-era-mai-cald-cu-7-grade-celsius-decat-in-ziua-de-astazi-si-atunci-exista-incalzire-globala-ca-urmare\/#primaryimage"},"image":{"@id":"https:\/\/www.lovendal.ro\/wp52\/pamantul-se-incalzeste-sau-se-raceste-un-nou-studiu-arata-clar-acum-11-500-15-000-de-ani-era-mai-cald-cu-7-grade-celsius-decat-in-ziua-de-astazi-si-atunci-exista-incalzire-globala-ca-urmare\/#primaryimage"},"thumbnailUrl":"https:\/\/www.lovendal.ro\/wp52\/wp-content\/uploads\/2019\/05\/incalzire-globala-minciuna.jpg","datePublished":"2019-05-10T10:57:47+00:00","dateModified":"2019-05-10T10:59:39+00:00","breadcrumb":{"@id":"https:\/\/www.lovendal.ro\/wp52\/pamantul-se-incalzeste-sau-se-raceste-un-nou-studiu-arata-clar-acum-11-500-15-000-de-ani-era-mai-cald-cu-7-grade-celsius-decat-in-ziua-de-astazi-si-atunci-exista-incalzire-globala-ca-urmare\/#breadcrumb"},"inLanguage":"ro-RO","potentialAction":[{"@type":"ReadAction","target":["https:\/\/www.lovendal.ro\/wp52\/pamantul-se-incalzeste-sau-se-raceste-un-nou-studiu-arata-clar-acum-11-500-15-000-de-ani-era-mai-cald-cu-7-grade-celsius-decat-in-ziua-de-astazi-si-atunci-exista-incalzire-globala-ca-urmare\/"]}]},{"@type":"ImageObject","inLanguage":"ro-RO","@id":"https:\/\/www.lovendal.ro\/wp52\/pamantul-se-incalzeste-sau-se-raceste-un-nou-studiu-arata-clar-acum-11-500-15-000-de-ani-era-mai-cald-cu-7-grade-celsius-decat-in-ziua-de-astazi-si-atunci-exista-incalzire-globala-ca-urmare\/#primaryimage","url":"https:\/\/www.lovendal.ro\/wp52\/wp-content\/uploads\/2019\/05\/incalzire-globala-minciuna.jpg","contentUrl":"https:\/\/www.lovendal.ro\/wp52\/wp-content\/uploads\/2019\/05\/incalzire-globala-minciuna.jpg","width":336,"height":309},{"@type":"BreadcrumbList","@id":"https:\/\/www.lovendal.ro\/wp52\/pamantul-se-incalzeste-sau-se-raceste-un-nou-studiu-arata-clar-acum-11-500-15-000-de-ani-era-mai-cald-cu-7-grade-celsius-decat-in-ziua-de-astazi-si-atunci-exista-incalzire-globala-ca-urmare\/#breadcrumb","itemListElement":[{"@type":"ListItem","position":1,"name":"Home","item":"https:\/\/www.lovendal.ro\/wp52\/"},{"@type":"ListItem","position":2,"name":"P\u0103m\u00e2ntul se \u00eenc\u0103lze\u015fte sau se r\u0103ce\u015fte? Un nou studiu arat\u0103 clar: &#8222;acum 11.500-15.000 de ani era mai cald cu 7 grade Celsius dec\u00e2t \u00een ziua de ast\u0103zi&#8221;! \u015ei atunci exista &#8222;\u00eenc\u0103lzire global\u0103&#8221; ca urmare a activit\u0103\u0163ii industriale!? :)"}]},{"@type":"WebSite","@id":"https:\/\/www.lovendal.ro\/wp52\/#website","url":"https:\/\/www.lovendal.ro\/wp52\/","name":"Secretele lui Lovendal","description":"Site de secrete, stiinta si metafizica - din 2008 -","publisher":{"@id":"https:\/\/www.lovendal.ro\/wp52\/#organization"},"potentialAction":[{"@type":"SearchAction","target":{"@type":"EntryPoint","urlTemplate":"https:\/\/www.lovendal.ro\/wp52\/?s={search_term_string}"},"query-input":{"@type":"PropertyValueSpecification","valueRequired":true,"valueName":"search_term_string"}}],"inLanguage":"ro-RO"},{"@type":"Organization","@id":"https:\/\/www.lovendal.ro\/wp52\/#organization","name":"Secretele lui Lovendal","url":"https:\/\/www.lovendal.ro\/wp52\/","logo":{"@type":"ImageObject","inLanguage":"ro-RO","@id":"https:\/\/www.lovendal.ro\/wp52\/#\/schema\/logo\/image\/","url":"https:\/\/www.lovendal.ro\/wp52\/wp-content\/uploads\/2024\/06\/cropped-SLL-iun-2024-1.jpg","contentUrl":"https:\/\/www.lovendal.ro\/wp52\/wp-content\/uploads\/2024\/06\/cropped-SLL-iun-2024-1.jpg","width":771,"height":240,"caption":"Secretele lui Lovendal"},"image":{"@id":"https:\/\/www.lovendal.ro\/wp52\/#\/schema\/logo\/image\/"},"sameAs":["https:\/\/www.facebook.com\/secreteleluilovendal"]},{"@type":"Person","@id":"https:\/\/www.lovendal.ro\/wp52\/#\/schema\/person\/088691de5dfc346bb0c023e1e52ef5d9","name":"admin","image":{"@type":"ImageObject","inLanguage":"ro-RO","@id":"https:\/\/secure.gravatar.com\/avatar\/ecb9cd41f5f63c9c9b989999a59f6e2639a865ec361e9db054db0679a8f341c2?s=96&d=mm&r=g","url":"https:\/\/secure.gravatar.com\/avatar\/ecb9cd41f5f63c9c9b989999a59f6e2639a865ec361e9db054db0679a8f341c2?s=96&d=mm&r=g","contentUrl":"https:\/\/secure.gravatar.com\/avatar\/ecb9cd41f5f63c9c9b989999a59f6e2639a865ec361e9db054db0679a8f341c2?s=96&d=mm&r=g","caption":"admin"},"sameAs":["https:\/\/www.lovendal.ro\/wp52"]}]}},"_links":{"self":[{"href":"https:\/\/www.lovendal.ro\/wp52\/wp-json\/wp\/v2\/posts\/62284","targetHints":{"allow":["GET"]}}],"collection":[{"href":"https:\/\/www.lovendal.ro\/wp52\/wp-json\/wp\/v2\/posts"}],"about":[{"href":"https:\/\/www.lovendal.ro\/wp52\/wp-json\/wp\/v2\/types\/post"}],"author":[{"embeddable":true,"href":"https:\/\/www.lovendal.ro\/wp52\/wp-json\/wp\/v2\/users\/1"}],"replies":[{"embeddable":true,"href":"https:\/\/www.lovendal.ro\/wp52\/wp-json\/wp\/v2\/comments?post=62284"}],"version-history":[{"count":0,"href":"https:\/\/www.lovendal.ro\/wp52\/wp-json\/wp\/v2\/posts\/62284\/revisions"}],"wp:featuredmedia":[{"embeddable":true,"href":"https:\/\/www.lovendal.ro\/wp52\/wp-json\/wp\/v2\/media\/62286"}],"wp:attachment":[{"href":"https:\/\/www.lovendal.ro\/wp52\/wp-json\/wp\/v2\/media?parent=62284"}],"wp:term":[{"taxonomy":"category","embeddable":true,"href":"https:\/\/www.lovendal.ro\/wp52\/wp-json\/wp\/v2\/categories?post=62284"},{"taxonomy":"post_tag","embeddable":true,"href":"https:\/\/www.lovendal.ro\/wp52\/wp-json\/wp\/v2\/tags?post=62284"}],"curies":[{"name":"wp","href":"https:\/\/api.w.org\/{rel}","templated":true}]}}