{"id":62142,"date":"2019-05-03T22:13:49","date_gmt":"2019-05-03T19:13:49","guid":{"rendered":"https:\/\/www.lovendal.ro\/wp52\/?p=62142"},"modified":"2019-05-03T22:13:49","modified_gmt":"2019-05-03T19:13:49","slug":"proprietarul-miliardar-al-corporatiei-cartier-cu-o-avere-de-75-miliarde-de-dolari-nu-poate-dormi-noaptea-pentru-ca-se-teme-ca-cei-saraci-se-vor-revolta-impotriva-bogatilor","status":"publish","type":"post","link":"https:\/\/www.lovendal.ro\/wp52\/proprietarul-miliardar-al-corporatiei-cartier-cu-o-avere-de-75-miliarde-de-dolari-nu-poate-dormi-noaptea-pentru-ca-se-teme-ca-cei-saraci-se-vor-revolta-impotriva-bogatilor\/","title":{"rendered":"Proprietarul miliardar al corpora\u0163iei Cartier, cu o avere de 7,5 miliarde de dolari, nu poate dormi noaptea pentru c\u0103 se teme c\u0103 cei s\u0103raci se vor revolta \u00eempotriva boga\u0163ilor"},"content":{"rendered":"<p><a href=\"https:\/\/www.lovendal.ro\/wp52\/wp-content\/uploads\/2019\/05\/Rupert-Johann.jpg\"><img loading=\"lazy\" decoding=\"async\" class=\"alignleft size-full wp-image-62143\" src=\"https:\/\/www.lovendal.ro\/wp52\/wp-content\/uploads\/2019\/05\/Rupert-Johann.jpg\" alt=\"\" width=\"336\" height=\"257\" srcset=\"https:\/\/www.lovendal.ro\/wp52\/wp-content\/uploads\/2019\/05\/Rupert-Johann.jpg 336w, https:\/\/www.lovendal.ro\/wp52\/wp-content\/uploads\/2019\/05\/Rupert-Johann-300x229.jpg 300w\" sizes=\"auto, (max-width: 336px) 100vw, 336px\" \/><\/a>Johann Rupert, proprietarul multimiliardar al companiei de bijuterii de lux Cartier, care are o avere de 7,5 miliarde de dolari, \u015fi-a exprimat lumii, \u00een anul 2015, unele dintre cele mai mari temeri ale sale. De exemplu, el \u00ee\u0219i face griji c\u0103 robo\u021bii o s\u0103 \u00eenlocuiasc\u0103 \u00eentr-o bun\u0103 zi lucr\u0103torii \u0219i c\u0103 s\u0103racii se vor revolta \u00eentr-o bun\u0103 zi \u00eempotriva boga\u021bilor.<\/p>\n<p>Vorbind la Summit-ul de lux al Financial Times din Monaco din 2015, Rupert le-a spus participan\u0163ilor c\u0103 nu poate s\u0103 doarm\u0103 cu g\u00e2ndul la schimb\u0103rile inevitabile care trebuie s\u0103 aib\u0103 loc \u00een sistemul nostru \u00een ceea ce prive\u0219te decalajele de bog\u0103\u021bie &#8211; ele nu trebuie s\u0103 fie r\u0103sturn\u0103ri violente, dar acest mod de a fi nu mai poate dura pentru totdeauna.<\/p>\n<p>Realitatea situa\u021biei este c\u0103, \u00een lumea noastr\u0103, cei care nu dispun de mijloacele de a-\u0219i \u00eendeplini nevoile sunt \u00een cre\u0219tere. Se crede c\u0103 p\u00e2n\u0103 \u00een 2030 1% dintre cei mai boga\u0163i oameni vor de\u021bine dou\u0103 treimi din averea global\u0103. Acest lucru se \u00eent\u00e2mpl\u0103 din mai multe motive, ca de exemplu coduri fiscale controversate, planuri de salvare a b\u0103ncilor, corup\u0163ie, subven\u021bii guvernamentale \u0219i multe altele.<\/p>\n<p>A\u0219a dorim s\u0103 fie vie\u021bile noastre? \u00centr-o lume \u00een care oamenii boga\u021bi sunt pur \u0219i simplu capabili s\u0103 manipuleze \u0219i s\u0103 controleze pe al\u021bii? Nu trebuie s\u0103-i judec\u0103m pe acei cu averi mari &#8211; nu este vorba de asta &#8211; ci pur \u0219i simplu trebuie s\u0103 ne punem \u00eentrebarea: de ce tr\u0103im \u00eentr-un mod \u00een care permitem oamenilor puternici s\u0103-i \u0163in\u0103 \u00een s\u0103r\u0103cie pe ceilal\u0163i?<\/p>\n<p>Potrivit lui Bloomberg, Johann Rupert a spus \u00een conferin\u021b\u0103 c\u0103 atunci c\u00e2nd s\u0103racii se vor revolta, clasa de mijloc nu va mai dori s\u0103 cumpere bunuri de lux din teama de a-\u0219i expune averea. <em>&#8222;Cum va face fa\u0163\u0103 societatea \u0219omajului structural \u0219i invidiei, urii \u0219i r\u0103zboiului social?&#8221;<\/em>, a spus el. <em>&#8222;\u00cen acest stadiu distrugem clasa de mijloc \u0219i ne va afecta. Este nedrept. Deci, asta m\u0103 \u021bine treaz noaptea&#8221;<\/em>, a spus Johann Rupert.<\/p>\n<p>Din punctul meu de vedere, problema este urm\u0103toarea: miliardarii lumii trebuie s\u0103-\u015fi dea seama c\u0103, individual, nu au ce face cu aceast\u0103 bog\u0103\u0163ie pe care o de\u0163in \u015fi, de aceea, ar trebui s\u0103 devin\u0103 \u015fi responsabili din punct de vedere social. De exemplu, s\u0103-\u015fi str\u00e2ng\u0103 o parte din averea de\u0163inut\u0103 (s\u0103 zicem, 50%) \u015fi s\u0103 investeasc\u0103 \u00een proiecte sociale globale &#8211; s\u0103 spunem transformarea de\u015fertului Sahara \u00eentr-o &#8222;oaz\u0103 agricol\u0103&#8221;, pentru a rezolva problema foametei din Africa. Cu astfel de investi\u0163ii \u00een proiecte sociale, posibilitatea de revolt\u0103 a s\u0103racilor ar deveni mai mic\u0103. Dar, dac\u0103 miliardarii g\u00e2ndesc egoist \u015fi se g\u00e2ndesc doar cum s\u0103-\u015fi p\u0103streze bog\u0103\u0163iile, f\u0103r\u0103 s\u0103 mai dea &#8222;share&#8221; \u015fi la al\u0163ii&#8230;<\/p>\n","protected":false},"excerpt":{"rendered":"<p>Johann Rupert, proprietarul multimiliardar al companiei de bijuterii de lux Cartier, care are o avere de 7,5 miliarde de dolari, \u015fi-a exprimat lumii, \u00een anul 2015, unele dintre cele mai mari temeri ale sale. De exemplu, el \u00ee\u0219i face griji &#8230; <\/p>\n<p class=\"read-more-container\"><a title=\"Proprietarul miliardar al corpora\u0163iei Cartier, cu o avere de 7,5 miliarde de dolari, nu poate dormi noaptea pentru c\u0103 se teme c\u0103 cei s\u0103raci se vor revolta \u00eempotriva boga\u0163ilor\" class=\"read-more button\" href=\"https:\/\/www.lovendal.ro\/wp52\/proprietarul-miliardar-al-corporatiei-cartier-cu-o-avere-de-75-miliarde-de-dolari-nu-poate-dormi-noaptea-pentru-ca-se-teme-ca-cei-saraci-se-vor-revolta-impotriva-bogatilor\/#more-62142\" aria-label=\"Cite\u0219te mai multe despre Proprietarul miliardar al corpora\u0163iei Cartier, cu o avere de 7,5 miliarde de dolari, nu poate dormi noaptea pentru c\u0103 se teme c\u0103 cei s\u0103raci se vor revolta \u00eempotriva boga\u0163ilor\">Cititi mai multe<\/a><\/p>\n","protected":false},"author":1,"featured_media":62143,"comment_status":"closed","ping_status":"open","sticky":false,"template":"","format":"standard","meta":{"footnotes":""},"categories":[40],"tags":[3967,222,2091,10876,13545,7208,4923,9799,2629,688,2934],"class_list":["post-62142","post","type-post","status-publish","format-standard","has-post-thumbnail","hentry","category-politica","tag-avere","tag-banci","tag-bogati","tag-cartier","tag-johann-rupert","tag-miliardar","tag-monaco","tag-politica-economie-geostrategie","tag-roboti","tag-sahara","tag-saraci","resize-featured-image"],"yoast_head":"<!-- This site is optimized with the Yoast SEO Premium plugin v23.3 (Yoast SEO v27.4) - https:\/\/yoast.com\/product\/yoast-seo-premium-wordpress\/ -->\n<title>Proprietarul miliardar al corpora\u0163iei Cartier, cu o avere de 7,5 miliarde de dolari, nu poate dormi noaptea pentru c\u0103 se teme c\u0103 cei s\u0103raci se vor revolta \u00eempotriva boga\u0163ilor - Secretele lui Lovendal<\/title>\n<meta name=\"robots\" content=\"index, follow, max-snippet:-1, max-image-preview:large, max-video-preview:-1\" \/>\n<link rel=\"canonical\" href=\"https:\/\/www.lovendal.ro\/wp52\/proprietarul-miliardar-al-corporatiei-cartier-cu-o-avere-de-75-miliarde-de-dolari-nu-poate-dormi-noaptea-pentru-ca-se-teme-ca-cei-saraci-se-vor-revolta-impotriva-bogatilor\/\" \/>\n<meta property=\"og:locale\" content=\"ro_RO\" \/>\n<meta property=\"og:type\" content=\"article\" \/>\n<meta property=\"og:title\" content=\"Proprietarul miliardar al corpora\u0163iei Cartier, cu o avere de 7,5 miliarde de dolari, nu poate dormi noaptea pentru c\u0103 se teme c\u0103 cei s\u0103raci se vor revolta \u00eempotriva boga\u0163ilor\" \/>\n<meta property=\"og:description\" content=\"Johann Rupert, proprietarul multimiliardar al companiei de bijuterii de lux Cartier, care are o avere de 7,5 miliarde de dolari, \u015fi-a exprimat lumii, \u00een anul 2015, unele dintre cele mai mari temeri ale sale. De exemplu, el \u00ee\u0219i face griji ... Cititi mai multe\" \/>\n<meta property=\"og:url\" content=\"https:\/\/www.lovendal.ro\/wp52\/proprietarul-miliardar-al-corporatiei-cartier-cu-o-avere-de-75-miliarde-de-dolari-nu-poate-dormi-noaptea-pentru-ca-se-teme-ca-cei-saraci-se-vor-revolta-impotriva-bogatilor\/\" \/>\n<meta property=\"og:site_name\" content=\"Secretele lui Lovendal\" \/>\n<meta property=\"article:publisher\" content=\"https:\/\/www.facebook.com\/secreteleluilovendal\" \/>\n<meta property=\"article:published_time\" content=\"2019-05-03T19:13:49+00:00\" \/>\n<meta property=\"og:image\" content=\"https:\/\/www.lovendal.ro\/wp52\/wp-content\/uploads\/2019\/05\/Rupert-Johann.jpg\" \/>\n\t<meta property=\"og:image:width\" content=\"336\" \/>\n\t<meta property=\"og:image:height\" content=\"257\" \/>\n\t<meta property=\"og:image:type\" content=\"image\/jpeg\" \/>\n<meta name=\"author\" content=\"admin\" \/>\n<meta name=\"twitter:card\" content=\"summary_large_image\" \/>\n<meta name=\"twitter:label1\" content=\"Scris de\" \/>\n\t<meta name=\"twitter:data1\" content=\"admin\" \/>\n\t<meta name=\"twitter:label2\" content=\"Timp estimat pentru citire\" \/>\n\t<meta name=\"twitter:data2\" content=\"2 minute\" \/>\n<script type=\"application\/ld+json\" class=\"yoast-schema-graph\">{\"@context\":\"https:\\\/\\\/schema.org\",\"@graph\":[{\"@type\":\"Article\",\"@id\":\"https:\\\/\\\/www.lovendal.ro\\\/wp52\\\/proprietarul-miliardar-al-corporatiei-cartier-cu-o-avere-de-75-miliarde-de-dolari-nu-poate-dormi-noaptea-pentru-ca-se-teme-ca-cei-saraci-se-vor-revolta-impotriva-bogatilor\\\/#article\",\"isPartOf\":{\"@id\":\"https:\\\/\\\/www.lovendal.ro\\\/wp52\\\/proprietarul-miliardar-al-corporatiei-cartier-cu-o-avere-de-75-miliarde-de-dolari-nu-poate-dormi-noaptea-pentru-ca-se-teme-ca-cei-saraci-se-vor-revolta-impotriva-bogatilor\\\/\"},\"author\":{\"name\":\"admin\",\"@id\":\"https:\\\/\\\/www.lovendal.ro\\\/wp52\\\/#\\\/schema\\\/person\\\/088691de5dfc346bb0c023e1e52ef5d9\"},\"headline\":\"Proprietarul miliardar al corpora\u0163iei Cartier, cu o avere de 7,5 miliarde de dolari, nu poate dormi noaptea pentru c\u0103 se teme c\u0103 cei s\u0103raci se vor revolta \u00eempotriva boga\u0163ilor\",\"datePublished\":\"2019-05-03T19:13:49+00:00\",\"mainEntityOfPage\":{\"@id\":\"https:\\\/\\\/www.lovendal.ro\\\/wp52\\\/proprietarul-miliardar-al-corporatiei-cartier-cu-o-avere-de-75-miliarde-de-dolari-nu-poate-dormi-noaptea-pentru-ca-se-teme-ca-cei-saraci-se-vor-revolta-impotriva-bogatilor\\\/\"},\"wordCount\":517,\"publisher\":{\"@id\":\"https:\\\/\\\/www.lovendal.ro\\\/wp52\\\/#organization\"},\"image\":{\"@id\":\"https:\\\/\\\/www.lovendal.ro\\\/wp52\\\/proprietarul-miliardar-al-corporatiei-cartier-cu-o-avere-de-75-miliarde-de-dolari-nu-poate-dormi-noaptea-pentru-ca-se-teme-ca-cei-saraci-se-vor-revolta-impotriva-bogatilor\\\/#primaryimage\"},\"thumbnailUrl\":\"https:\\\/\\\/www.lovendal.ro\\\/wp52\\\/wp-content\\\/uploads\\\/2019\\\/05\\\/Rupert-Johann.jpg\",\"keywords\":[\"avere\",\"b\u0103nci\",\"boga\u0163i\",\"cartier\",\"Johann Rupert\",\"miliardar\",\"Monaco\",\"Politica-Economie-Geostrategie\",\"robo\u0163i\",\"Sahara\",\"s\u0103raci\"],\"articleSection\":[\"Politica-Economie-Geostrategie\"],\"inLanguage\":\"ro-RO\"},{\"@type\":\"WebPage\",\"@id\":\"https:\\\/\\\/www.lovendal.ro\\\/wp52\\\/proprietarul-miliardar-al-corporatiei-cartier-cu-o-avere-de-75-miliarde-de-dolari-nu-poate-dormi-noaptea-pentru-ca-se-teme-ca-cei-saraci-se-vor-revolta-impotriva-bogatilor\\\/\",\"url\":\"https:\\\/\\\/www.lovendal.ro\\\/wp52\\\/proprietarul-miliardar-al-corporatiei-cartier-cu-o-avere-de-75-miliarde-de-dolari-nu-poate-dormi-noaptea-pentru-ca-se-teme-ca-cei-saraci-se-vor-revolta-impotriva-bogatilor\\\/\",\"name\":\"Proprietarul miliardar al corpora\u0163iei Cartier, cu o avere de 7,5 miliarde de dolari, nu poate dormi noaptea pentru c\u0103 se teme c\u0103 cei s\u0103raci se vor revolta \u00eempotriva boga\u0163ilor - Secretele lui Lovendal\",\"isPartOf\":{\"@id\":\"https:\\\/\\\/www.lovendal.ro\\\/wp52\\\/#website\"},\"primaryImageOfPage\":{\"@id\":\"https:\\\/\\\/www.lovendal.ro\\\/wp52\\\/proprietarul-miliardar-al-corporatiei-cartier-cu-o-avere-de-75-miliarde-de-dolari-nu-poate-dormi-noaptea-pentru-ca-se-teme-ca-cei-saraci-se-vor-revolta-impotriva-bogatilor\\\/#primaryimage\"},\"image\":{\"@id\":\"https:\\\/\\\/www.lovendal.ro\\\/wp52\\\/proprietarul-miliardar-al-corporatiei-cartier-cu-o-avere-de-75-miliarde-de-dolari-nu-poate-dormi-noaptea-pentru-ca-se-teme-ca-cei-saraci-se-vor-revolta-impotriva-bogatilor\\\/#primaryimage\"},\"thumbnailUrl\":\"https:\\\/\\\/www.lovendal.ro\\\/wp52\\\/wp-content\\\/uploads\\\/2019\\\/05\\\/Rupert-Johann.jpg\",\"datePublished\":\"2019-05-03T19:13:49+00:00\",\"breadcrumb\":{\"@id\":\"https:\\\/\\\/www.lovendal.ro\\\/wp52\\\/proprietarul-miliardar-al-corporatiei-cartier-cu-o-avere-de-75-miliarde-de-dolari-nu-poate-dormi-noaptea-pentru-ca-se-teme-ca-cei-saraci-se-vor-revolta-impotriva-bogatilor\\\/#breadcrumb\"},\"inLanguage\":\"ro-RO\",\"potentialAction\":[{\"@type\":\"ReadAction\",\"target\":[\"https:\\\/\\\/www.lovendal.ro\\\/wp52\\\/proprietarul-miliardar-al-corporatiei-cartier-cu-o-avere-de-75-miliarde-de-dolari-nu-poate-dormi-noaptea-pentru-ca-se-teme-ca-cei-saraci-se-vor-revolta-impotriva-bogatilor\\\/\"]}]},{\"@type\":\"ImageObject\",\"inLanguage\":\"ro-RO\",\"@id\":\"https:\\\/\\\/www.lovendal.ro\\\/wp52\\\/proprietarul-miliardar-al-corporatiei-cartier-cu-o-avere-de-75-miliarde-de-dolari-nu-poate-dormi-noaptea-pentru-ca-se-teme-ca-cei-saraci-se-vor-revolta-impotriva-bogatilor\\\/#primaryimage\",\"url\":\"https:\\\/\\\/www.lovendal.ro\\\/wp52\\\/wp-content\\\/uploads\\\/2019\\\/05\\\/Rupert-Johann.jpg\",\"contentUrl\":\"https:\\\/\\\/www.lovendal.ro\\\/wp52\\\/wp-content\\\/uploads\\\/2019\\\/05\\\/Rupert-Johann.jpg\",\"width\":336,\"height\":257},{\"@type\":\"BreadcrumbList\",\"@id\":\"https:\\\/\\\/www.lovendal.ro\\\/wp52\\\/proprietarul-miliardar-al-corporatiei-cartier-cu-o-avere-de-75-miliarde-de-dolari-nu-poate-dormi-noaptea-pentru-ca-se-teme-ca-cei-saraci-se-vor-revolta-impotriva-bogatilor\\\/#breadcrumb\",\"itemListElement\":[{\"@type\":\"ListItem\",\"position\":1,\"name\":\"Home\",\"item\":\"https:\\\/\\\/www.lovendal.ro\\\/wp52\\\/\"},{\"@type\":\"ListItem\",\"position\":2,\"name\":\"Proprietarul miliardar al corpora\u0163iei Cartier, cu o avere de 7,5 miliarde de dolari, nu poate dormi noaptea pentru c\u0103 se teme c\u0103 cei s\u0103raci se vor revolta \u00eempotriva boga\u0163ilor\"}]},{\"@type\":\"WebSite\",\"@id\":\"https:\\\/\\\/www.lovendal.ro\\\/wp52\\\/#website\",\"url\":\"https:\\\/\\\/www.lovendal.ro\\\/wp52\\\/\",\"name\":\"Secretele lui Lovendal\",\"description\":\"Site de secrete, stiinta si metafizica - din 2008 -\",\"publisher\":{\"@id\":\"https:\\\/\\\/www.lovendal.ro\\\/wp52\\\/#organization\"},\"potentialAction\":[{\"@type\":\"SearchAction\",\"target\":{\"@type\":\"EntryPoint\",\"urlTemplate\":\"https:\\\/\\\/www.lovendal.ro\\\/wp52\\\/?s={search_term_string}\"},\"query-input\":{\"@type\":\"PropertyValueSpecification\",\"valueRequired\":true,\"valueName\":\"search_term_string\"}}],\"inLanguage\":\"ro-RO\"},{\"@type\":\"Organization\",\"@id\":\"https:\\\/\\\/www.lovendal.ro\\\/wp52\\\/#organization\",\"name\":\"Secretele lui Lovendal\",\"url\":\"https:\\\/\\\/www.lovendal.ro\\\/wp52\\\/\",\"logo\":{\"@type\":\"ImageObject\",\"inLanguage\":\"ro-RO\",\"@id\":\"https:\\\/\\\/www.lovendal.ro\\\/wp52\\\/#\\\/schema\\\/logo\\\/image\\\/\",\"url\":\"https:\\\/\\\/www.lovendal.ro\\\/wp52\\\/wp-content\\\/uploads\\\/2024\\\/06\\\/cropped-SLL-iun-2024-1.jpg\",\"contentUrl\":\"https:\\\/\\\/www.lovendal.ro\\\/wp52\\\/wp-content\\\/uploads\\\/2024\\\/06\\\/cropped-SLL-iun-2024-1.jpg\",\"width\":771,\"height\":240,\"caption\":\"Secretele lui Lovendal\"},\"image\":{\"@id\":\"https:\\\/\\\/www.lovendal.ro\\\/wp52\\\/#\\\/schema\\\/logo\\\/image\\\/\"},\"sameAs\":[\"https:\\\/\\\/www.facebook.com\\\/secreteleluilovendal\"]},{\"@type\":\"Person\",\"@id\":\"https:\\\/\\\/www.lovendal.ro\\\/wp52\\\/#\\\/schema\\\/person\\\/088691de5dfc346bb0c023e1e52ef5d9\",\"name\":\"admin\",\"image\":{\"@type\":\"ImageObject\",\"inLanguage\":\"ro-RO\",\"@id\":\"https:\\\/\\\/secure.gravatar.com\\\/avatar\\\/ecb9cd41f5f63c9c9b989999a59f6e2639a865ec361e9db054db0679a8f341c2?s=96&d=mm&r=g\",\"url\":\"https:\\\/\\\/secure.gravatar.com\\\/avatar\\\/ecb9cd41f5f63c9c9b989999a59f6e2639a865ec361e9db054db0679a8f341c2?s=96&d=mm&r=g\",\"contentUrl\":\"https:\\\/\\\/secure.gravatar.com\\\/avatar\\\/ecb9cd41f5f63c9c9b989999a59f6e2639a865ec361e9db054db0679a8f341c2?s=96&d=mm&r=g\",\"caption\":\"admin\"},\"sameAs\":[\"https:\\\/\\\/www.lovendal.ro\\\/wp52\"]}]}<\/script>\n<!-- \/ Yoast SEO Premium plugin. -->","yoast_head_json":{"title":"Proprietarul miliardar al corpora\u0163iei Cartier, cu o avere de 7,5 miliarde de dolari, nu poate dormi noaptea pentru c\u0103 se teme c\u0103 cei s\u0103raci se vor revolta \u00eempotriva boga\u0163ilor - Secretele lui Lovendal","robots":{"index":"index","follow":"follow","max-snippet":"max-snippet:-1","max-image-preview":"max-image-preview:large","max-video-preview":"max-video-preview:-1"},"canonical":"https:\/\/www.lovendal.ro\/wp52\/proprietarul-miliardar-al-corporatiei-cartier-cu-o-avere-de-75-miliarde-de-dolari-nu-poate-dormi-noaptea-pentru-ca-se-teme-ca-cei-saraci-se-vor-revolta-impotriva-bogatilor\/","og_locale":"ro_RO","og_type":"article","og_title":"Proprietarul miliardar al corpora\u0163iei Cartier, cu o avere de 7,5 miliarde de dolari, nu poate dormi noaptea pentru c\u0103 se teme c\u0103 cei s\u0103raci se vor revolta \u00eempotriva boga\u0163ilor","og_description":"Johann Rupert, proprietarul multimiliardar al companiei de bijuterii de lux Cartier, care are o avere de 7,5 miliarde de dolari, \u015fi-a exprimat lumii, \u00een anul 2015, unele dintre cele mai mari temeri ale sale. De exemplu, el \u00ee\u0219i face griji ... Cititi mai multe","og_url":"https:\/\/www.lovendal.ro\/wp52\/proprietarul-miliardar-al-corporatiei-cartier-cu-o-avere-de-75-miliarde-de-dolari-nu-poate-dormi-noaptea-pentru-ca-se-teme-ca-cei-saraci-se-vor-revolta-impotriva-bogatilor\/","og_site_name":"Secretele lui Lovendal","article_publisher":"https:\/\/www.facebook.com\/secreteleluilovendal","article_published_time":"2019-05-03T19:13:49+00:00","og_image":[{"width":336,"height":257,"url":"https:\/\/www.lovendal.ro\/wp52\/wp-content\/uploads\/2019\/05\/Rupert-Johann.jpg","type":"image\/jpeg"}],"author":"admin","twitter_card":"summary_large_image","twitter_misc":{"Scris de":"admin","Timp estimat pentru citire":"2 minute"},"schema":{"@context":"https:\/\/schema.org","@graph":[{"@type":"Article","@id":"https:\/\/www.lovendal.ro\/wp52\/proprietarul-miliardar-al-corporatiei-cartier-cu-o-avere-de-75-miliarde-de-dolari-nu-poate-dormi-noaptea-pentru-ca-se-teme-ca-cei-saraci-se-vor-revolta-impotriva-bogatilor\/#article","isPartOf":{"@id":"https:\/\/www.lovendal.ro\/wp52\/proprietarul-miliardar-al-corporatiei-cartier-cu-o-avere-de-75-miliarde-de-dolari-nu-poate-dormi-noaptea-pentru-ca-se-teme-ca-cei-saraci-se-vor-revolta-impotriva-bogatilor\/"},"author":{"name":"admin","@id":"https:\/\/www.lovendal.ro\/wp52\/#\/schema\/person\/088691de5dfc346bb0c023e1e52ef5d9"},"headline":"Proprietarul miliardar al corpora\u0163iei Cartier, cu o avere de 7,5 miliarde de dolari, nu poate dormi noaptea pentru c\u0103 se teme c\u0103 cei s\u0103raci se vor revolta \u00eempotriva boga\u0163ilor","datePublished":"2019-05-03T19:13:49+00:00","mainEntityOfPage":{"@id":"https:\/\/www.lovendal.ro\/wp52\/proprietarul-miliardar-al-corporatiei-cartier-cu-o-avere-de-75-miliarde-de-dolari-nu-poate-dormi-noaptea-pentru-ca-se-teme-ca-cei-saraci-se-vor-revolta-impotriva-bogatilor\/"},"wordCount":517,"publisher":{"@id":"https:\/\/www.lovendal.ro\/wp52\/#organization"},"image":{"@id":"https:\/\/www.lovendal.ro\/wp52\/proprietarul-miliardar-al-corporatiei-cartier-cu-o-avere-de-75-miliarde-de-dolari-nu-poate-dormi-noaptea-pentru-ca-se-teme-ca-cei-saraci-se-vor-revolta-impotriva-bogatilor\/#primaryimage"},"thumbnailUrl":"https:\/\/www.lovendal.ro\/wp52\/wp-content\/uploads\/2019\/05\/Rupert-Johann.jpg","keywords":["avere","b\u0103nci","boga\u0163i","cartier","Johann Rupert","miliardar","Monaco","Politica-Economie-Geostrategie","robo\u0163i","Sahara","s\u0103raci"],"articleSection":["Politica-Economie-Geostrategie"],"inLanguage":"ro-RO"},{"@type":"WebPage","@id":"https:\/\/www.lovendal.ro\/wp52\/proprietarul-miliardar-al-corporatiei-cartier-cu-o-avere-de-75-miliarde-de-dolari-nu-poate-dormi-noaptea-pentru-ca-se-teme-ca-cei-saraci-se-vor-revolta-impotriva-bogatilor\/","url":"https:\/\/www.lovendal.ro\/wp52\/proprietarul-miliardar-al-corporatiei-cartier-cu-o-avere-de-75-miliarde-de-dolari-nu-poate-dormi-noaptea-pentru-ca-se-teme-ca-cei-saraci-se-vor-revolta-impotriva-bogatilor\/","name":"Proprietarul miliardar al corpora\u0163iei Cartier, cu o avere de 7,5 miliarde de dolari, nu poate dormi noaptea pentru c\u0103 se teme c\u0103 cei s\u0103raci se vor revolta \u00eempotriva boga\u0163ilor - Secretele lui Lovendal","isPartOf":{"@id":"https:\/\/www.lovendal.ro\/wp52\/#website"},"primaryImageOfPage":{"@id":"https:\/\/www.lovendal.ro\/wp52\/proprietarul-miliardar-al-corporatiei-cartier-cu-o-avere-de-75-miliarde-de-dolari-nu-poate-dormi-noaptea-pentru-ca-se-teme-ca-cei-saraci-se-vor-revolta-impotriva-bogatilor\/#primaryimage"},"image":{"@id":"https:\/\/www.lovendal.ro\/wp52\/proprietarul-miliardar-al-corporatiei-cartier-cu-o-avere-de-75-miliarde-de-dolari-nu-poate-dormi-noaptea-pentru-ca-se-teme-ca-cei-saraci-se-vor-revolta-impotriva-bogatilor\/#primaryimage"},"thumbnailUrl":"https:\/\/www.lovendal.ro\/wp52\/wp-content\/uploads\/2019\/05\/Rupert-Johann.jpg","datePublished":"2019-05-03T19:13:49+00:00","breadcrumb":{"@id":"https:\/\/www.lovendal.ro\/wp52\/proprietarul-miliardar-al-corporatiei-cartier-cu-o-avere-de-75-miliarde-de-dolari-nu-poate-dormi-noaptea-pentru-ca-se-teme-ca-cei-saraci-se-vor-revolta-impotriva-bogatilor\/#breadcrumb"},"inLanguage":"ro-RO","potentialAction":[{"@type":"ReadAction","target":["https:\/\/www.lovendal.ro\/wp52\/proprietarul-miliardar-al-corporatiei-cartier-cu-o-avere-de-75-miliarde-de-dolari-nu-poate-dormi-noaptea-pentru-ca-se-teme-ca-cei-saraci-se-vor-revolta-impotriva-bogatilor\/"]}]},{"@type":"ImageObject","inLanguage":"ro-RO","@id":"https:\/\/www.lovendal.ro\/wp52\/proprietarul-miliardar-al-corporatiei-cartier-cu-o-avere-de-75-miliarde-de-dolari-nu-poate-dormi-noaptea-pentru-ca-se-teme-ca-cei-saraci-se-vor-revolta-impotriva-bogatilor\/#primaryimage","url":"https:\/\/www.lovendal.ro\/wp52\/wp-content\/uploads\/2019\/05\/Rupert-Johann.jpg","contentUrl":"https:\/\/www.lovendal.ro\/wp52\/wp-content\/uploads\/2019\/05\/Rupert-Johann.jpg","width":336,"height":257},{"@type":"BreadcrumbList","@id":"https:\/\/www.lovendal.ro\/wp52\/proprietarul-miliardar-al-corporatiei-cartier-cu-o-avere-de-75-miliarde-de-dolari-nu-poate-dormi-noaptea-pentru-ca-se-teme-ca-cei-saraci-se-vor-revolta-impotriva-bogatilor\/#breadcrumb","itemListElement":[{"@type":"ListItem","position":1,"name":"Home","item":"https:\/\/www.lovendal.ro\/wp52\/"},{"@type":"ListItem","position":2,"name":"Proprietarul miliardar al corpora\u0163iei Cartier, cu o avere de 7,5 miliarde de dolari, nu poate dormi noaptea pentru c\u0103 se teme c\u0103 cei s\u0103raci se vor revolta \u00eempotriva boga\u0163ilor"}]},{"@type":"WebSite","@id":"https:\/\/www.lovendal.ro\/wp52\/#website","url":"https:\/\/www.lovendal.ro\/wp52\/","name":"Secretele lui Lovendal","description":"Site de secrete, stiinta si metafizica - din 2008 -","publisher":{"@id":"https:\/\/www.lovendal.ro\/wp52\/#organization"},"potentialAction":[{"@type":"SearchAction","target":{"@type":"EntryPoint","urlTemplate":"https:\/\/www.lovendal.ro\/wp52\/?s={search_term_string}"},"query-input":{"@type":"PropertyValueSpecification","valueRequired":true,"valueName":"search_term_string"}}],"inLanguage":"ro-RO"},{"@type":"Organization","@id":"https:\/\/www.lovendal.ro\/wp52\/#organization","name":"Secretele lui Lovendal","url":"https:\/\/www.lovendal.ro\/wp52\/","logo":{"@type":"ImageObject","inLanguage":"ro-RO","@id":"https:\/\/www.lovendal.ro\/wp52\/#\/schema\/logo\/image\/","url":"https:\/\/www.lovendal.ro\/wp52\/wp-content\/uploads\/2024\/06\/cropped-SLL-iun-2024-1.jpg","contentUrl":"https:\/\/www.lovendal.ro\/wp52\/wp-content\/uploads\/2024\/06\/cropped-SLL-iun-2024-1.jpg","width":771,"height":240,"caption":"Secretele lui Lovendal"},"image":{"@id":"https:\/\/www.lovendal.ro\/wp52\/#\/schema\/logo\/image\/"},"sameAs":["https:\/\/www.facebook.com\/secreteleluilovendal"]},{"@type":"Person","@id":"https:\/\/www.lovendal.ro\/wp52\/#\/schema\/person\/088691de5dfc346bb0c023e1e52ef5d9","name":"admin","image":{"@type":"ImageObject","inLanguage":"ro-RO","@id":"https:\/\/secure.gravatar.com\/avatar\/ecb9cd41f5f63c9c9b989999a59f6e2639a865ec361e9db054db0679a8f341c2?s=96&d=mm&r=g","url":"https:\/\/secure.gravatar.com\/avatar\/ecb9cd41f5f63c9c9b989999a59f6e2639a865ec361e9db054db0679a8f341c2?s=96&d=mm&r=g","contentUrl":"https:\/\/secure.gravatar.com\/avatar\/ecb9cd41f5f63c9c9b989999a59f6e2639a865ec361e9db054db0679a8f341c2?s=96&d=mm&r=g","caption":"admin"},"sameAs":["https:\/\/www.lovendal.ro\/wp52"]}]}},"_links":{"self":[{"href":"https:\/\/www.lovendal.ro\/wp52\/wp-json\/wp\/v2\/posts\/62142","targetHints":{"allow":["GET"]}}],"collection":[{"href":"https:\/\/www.lovendal.ro\/wp52\/wp-json\/wp\/v2\/posts"}],"about":[{"href":"https:\/\/www.lovendal.ro\/wp52\/wp-json\/wp\/v2\/types\/post"}],"author":[{"embeddable":true,"href":"https:\/\/www.lovendal.ro\/wp52\/wp-json\/wp\/v2\/users\/1"}],"replies":[{"embeddable":true,"href":"https:\/\/www.lovendal.ro\/wp52\/wp-json\/wp\/v2\/comments?post=62142"}],"version-history":[{"count":0,"href":"https:\/\/www.lovendal.ro\/wp52\/wp-json\/wp\/v2\/posts\/62142\/revisions"}],"wp:featuredmedia":[{"embeddable":true,"href":"https:\/\/www.lovendal.ro\/wp52\/wp-json\/wp\/v2\/media\/62143"}],"wp:attachment":[{"href":"https:\/\/www.lovendal.ro\/wp52\/wp-json\/wp\/v2\/media?parent=62142"}],"wp:term":[{"taxonomy":"category","embeddable":true,"href":"https:\/\/www.lovendal.ro\/wp52\/wp-json\/wp\/v2\/categories?post=62142"},{"taxonomy":"post_tag","embeddable":true,"href":"https:\/\/www.lovendal.ro\/wp52\/wp-json\/wp\/v2\/tags?post=62142"}],"curies":[{"name":"wp","href":"https:\/\/api.w.org\/{rel}","templated":true}]}}