{"id":6214,"date":"2009-07-13T07:33:00","date_gmt":"2009-07-13T04:33:00","guid":{"rendered":"http:\/\/www.lovendal.net\/wp52\/?p=6214"},"modified":"2009-07-13T07:33:00","modified_gmt":"2009-07-13T04:33:00","slug":"biserica-nationala-a-reichului-mein-kampf-in-locul-bibliei","status":"publish","type":"post","link":"https:\/\/www.lovendal.ro\/wp52\/biserica-nationala-a-reichului-mein-kampf-in-locul-bibliei\/","title":{"rendered":"Biserica Na\u0163ional\u0103 a Reichului: &#8222;Mein Kampf&#8221; \u00een locul Bibliei"},"content":{"rendered":"<p><a href=\"https:\/\/www.lovendal.ro\/wp52\/wp-content\/uploads\/2009\/07\/mein-kampf.jpg\"><img loading=\"lazy\" decoding=\"async\" class=\"alignleft size-full wp-image-6221\" title=\"mein kampf\" src=\"https:\/\/www.lovendal.ro\/wp52\/wp-content\/uploads\/2009\/07\/mein-kampf.jpg\" alt=\"mein kampf\" width=\"280\" height=\"251\" srcset=\"https:\/\/www.lovendal.ro\/wp52\/wp-content\/uploads\/2009\/07\/mein-kampf.jpg 302w, https:\/\/www.lovendal.ro\/wp52\/wp-content\/uploads\/2009\/07\/mein-kampf-300x268.jpg 300w\" sizes=\"auto, (max-width: 280px) 100vw, 280px\" \/><\/a>\u00cen plin\u0103 epoc\u0103 a nazismului \u00een Germania, \u00een 1942, dr. Alfred Rosenberg, un sus\u0163in\u0103tor fervent al \u201enoii biserici na\u0163ionale\u201c, a emis o doctrin\u0103 \u00een 30 de puncte a Bisericii Na\u0163ionale a Reich-ului, care prevedea practic transformarea tuturor bisericilor \u00een instrumente ale statului \u015fi eliminarea treptat\u0103 a cre\u015ftinismului din toate aspectele religioase. \u015eapte dintre cele 30 de puncte se refer\u0103 explicit la eliminarea Bibliei \u015fi la \u00eenlocuirea acesteia cu &#8222;<strong>Mein Kampf<\/strong>&#8221; (cartea scris\u0103 de Hitler):<\/p>\n<p>13) Biserica Na\u0163ional\u0103 a Reich-ului solicit\u0103 imediat \u00eencetarea tip\u0103ririi Bibliei, precum \u015fi circularea acesteia prin Reich \u015fi prin colonii. Toate ziarele cu con\u0163inut religios sunt de asemenea interzise;<\/p>\n<p>14) Biserica Na\u0163ional\u0103 a Reich-ului va face ca importarea Bibliei \u015fi a altor lucr\u0103ri religioase pe teritoriul Reich-ului s\u0103 fie imposibil\u0103.<\/p>\n<p>15) Biserica Na\u0163ional\u0103 a Reich-ului decreteaz\u0103 drept cel mai important document al tuturor timpurilor \u2013 astfel cel care va inspira poporul german \u2013 cartea Fuhrer-ului nostru, <strong>Mein Kampf<\/strong>. Se recunoa\u015fte astfel c\u0103 aceast\u0103 carte con\u0163ine principiile purit\u0103\u0163ii morale pe care poporul german trebuie s\u0103 le respecte.<\/p>\n<p>16) Biserica Na\u0163ional\u0103 a Reich-ului se va obliga s\u0103 vegheze la r\u0103sp\u00e2ndirea acestei c\u0103r\u0163i, astfel ca fiecare german s\u0103 o respecte.<\/p>\n<p>17) Biserica Na\u0163ional\u0103 a Reich-ului stipuleaz\u0103 ca viitoarele edi\u0163ii ale <strong>Mein Kampf<\/strong> s\u0103 aib\u0103 acela\u015fi num\u0103r de pagini \u015fi con\u0163inutul nemodificat.<\/p>\n<p>18) Biserica Na\u0163ional\u0103 a Reich-ului va \u00eenl\u0103tura din altare Biblia, crucea, precum \u015fi celelalte obiecte de cult.<\/p>\n<p>19) \u00cen locul lor vor fi puse, pentru a fi venerate de poporul german \u015fi de c\u0103tre Dumnezeu, cea mai sf\u00e2nt\u0103 dintre c\u0103r\u0163i, <strong>Mein Kampf<\/strong>, iar la st\u00e2nga ei o spad\u0103.<\/p>\n","protected":false},"excerpt":{"rendered":"<p>\u00cen plin\u0103 epoc\u0103 a nazismului \u00een Germania, \u00een 1942, dr. Alfred Rosenberg, un sus\u0163in\u0103tor fervent al \u201enoii biserici na\u0163ionale\u201c, a emis o doctrin\u0103 \u00een 30 de puncte a Bisericii Na\u0163ionale a Reich-ului, care prevedea practic transformarea tuturor bisericilor \u00een instrumente &#8230; <\/p>\n<p class=\"read-more-container\"><a title=\"Biserica Na\u0163ional\u0103 a Reichului: &#8222;Mein Kampf&#8221; \u00een locul Bibliei\" class=\"read-more button\" href=\"https:\/\/www.lovendal.ro\/wp52\/biserica-nationala-a-reichului-mein-kampf-in-locul-bibliei\/#more-6214\" aria-label=\"Cite\u0219te mai multe despre Biserica Na\u0163ional\u0103 a Reichului: &#8222;Mein Kampf&#8221; \u00een locul Bibliei\">Cititi mai multe<\/a><\/p>\n","protected":false},"author":1,"featured_media":6221,"comment_status":"open","ping_status":"closed","sticky":false,"template":"","format":"standard","meta":{"footnotes":""},"categories":[9],"tags":[60,253,211,521,85,1532,1820,1821],"class_list":["post-6214","post","type-post","status-publish","format-standard","has-post-thumbnail","hentry","category-istorie","tag-biblie","tag-biserica","tag-crestinism","tag-fascism","tag-hitler","tag-istorie-si-civilizatii","tag-mein-kampf","tag-reich","resize-featured-image"],"yoast_head":"<!-- This site is optimized with the Yoast SEO Premium plugin v23.3 (Yoast SEO v27.4) - https:\/\/yoast.com\/product\/yoast-seo-premium-wordpress\/ -->\n<title>Biserica Na\u0163ional\u0103 a Reichului: &quot;Mein Kampf&quot; \u00een locul Bibliei - Secretele lui Lovendal<\/title>\n<meta name=\"robots\" content=\"index, follow, max-snippet:-1, max-image-preview:large, max-video-preview:-1\" \/>\n<link rel=\"canonical\" href=\"https:\/\/www.lovendal.ro\/wp52\/biserica-nationala-a-reichului-mein-kampf-in-locul-bibliei\/\" \/>\n<meta property=\"og:locale\" content=\"ro_RO\" \/>\n<meta property=\"og:type\" content=\"article\" \/>\n<meta property=\"og:title\" content=\"Biserica Na\u0163ional\u0103 a Reichului: &quot;Mein Kampf&quot; \u00een locul Bibliei\" \/>\n<meta property=\"og:description\" content=\"\u00cen plin\u0103 epoc\u0103 a nazismului \u00een Germania, \u00een 1942, dr. Alfred Rosenberg, un sus\u0163in\u0103tor fervent al \u201enoii biserici na\u0163ionale\u201c, a emis o doctrin\u0103 \u00een 30 de puncte a Bisericii Na\u0163ionale a Reich-ului, care prevedea practic transformarea tuturor bisericilor \u00een instrumente ... Cititi mai multe\" \/>\n<meta property=\"og:url\" content=\"https:\/\/www.lovendal.ro\/wp52\/biserica-nationala-a-reichului-mein-kampf-in-locul-bibliei\/\" \/>\n<meta property=\"og:site_name\" content=\"Secretele lui Lovendal\" \/>\n<meta property=\"article:publisher\" content=\"https:\/\/www.facebook.com\/secreteleluilovendal\" \/>\n<meta property=\"article:published_time\" content=\"2009-07-13T04:33:00+00:00\" \/>\n<meta property=\"og:image\" content=\"https:\/\/www.lovendal.ro\/wp52\/wp-content\/uploads\/2009\/07\/mein-kampf.jpg\" \/>\n\t<meta property=\"og:image:width\" content=\"302\" \/>\n\t<meta property=\"og:image:height\" content=\"270\" \/>\n\t<meta property=\"og:image:type\" content=\"image\/jpeg\" \/>\n<meta name=\"author\" content=\"admin\" \/>\n<meta name=\"twitter:card\" content=\"summary_large_image\" \/>\n<meta name=\"twitter:label1\" content=\"Scris de\" \/>\n\t<meta name=\"twitter:data1\" content=\"admin\" \/>\n\t<meta name=\"twitter:label2\" content=\"Timp estimat pentru citire\" \/>\n\t<meta name=\"twitter:data2\" content=\"1 minut\" \/>\n<script type=\"application\/ld+json\" class=\"yoast-schema-graph\">{\"@context\":\"https:\\\/\\\/schema.org\",\"@graph\":[{\"@type\":\"Article\",\"@id\":\"https:\\\/\\\/www.lovendal.ro\\\/wp52\\\/biserica-nationala-a-reichului-mein-kampf-in-locul-bibliei\\\/#article\",\"isPartOf\":{\"@id\":\"https:\\\/\\\/www.lovendal.ro\\\/wp52\\\/biserica-nationala-a-reichului-mein-kampf-in-locul-bibliei\\\/\"},\"author\":{\"name\":\"admin\",\"@id\":\"https:\\\/\\\/www.lovendal.ro\\\/wp52\\\/#\\\/schema\\\/person\\\/088691de5dfc346bb0c023e1e52ef5d9\"},\"headline\":\"Biserica Na\u0163ional\u0103 a Reichului: &#8222;Mein Kampf&#8221; \u00een locul Bibliei\",\"datePublished\":\"2009-07-13T04:33:00+00:00\",\"mainEntityOfPage\":{\"@id\":\"https:\\\/\\\/www.lovendal.ro\\\/wp52\\\/biserica-nationala-a-reichului-mein-kampf-in-locul-bibliei\\\/\"},\"wordCount\":288,\"commentCount\":0,\"publisher\":{\"@id\":\"https:\\\/\\\/www.lovendal.ro\\\/wp52\\\/#organization\"},\"image\":{\"@id\":\"https:\\\/\\\/www.lovendal.ro\\\/wp52\\\/biserica-nationala-a-reichului-mein-kampf-in-locul-bibliei\\\/#primaryimage\"},\"thumbnailUrl\":\"https:\\\/\\\/www.lovendal.ro\\\/wp52\\\/wp-content\\\/uploads\\\/2009\\\/07\\\/mein-kampf.jpg\",\"keywords\":[\"Biblie\",\"biseric\u0103\",\"cre\u015ftinism\",\"fascism\",\"Hitler\",\"Istorie si Civilizatii\",\"Mein Kampf\",\"Reich\"],\"articleSection\":[\"Istorie si Civilizatii\"],\"inLanguage\":\"ro-RO\",\"potentialAction\":[{\"@type\":\"CommentAction\",\"name\":\"Comment\",\"target\":[\"https:\\\/\\\/www.lovendal.ro\\\/wp52\\\/biserica-nationala-a-reichului-mein-kampf-in-locul-bibliei\\\/#respond\"]}]},{\"@type\":\"WebPage\",\"@id\":\"https:\\\/\\\/www.lovendal.ro\\\/wp52\\\/biserica-nationala-a-reichului-mein-kampf-in-locul-bibliei\\\/\",\"url\":\"https:\\\/\\\/www.lovendal.ro\\\/wp52\\\/biserica-nationala-a-reichului-mein-kampf-in-locul-bibliei\\\/\",\"name\":\"Biserica Na\u0163ional\u0103 a Reichului: \\\"Mein Kampf\\\" \u00een locul Bibliei - Secretele lui Lovendal\",\"isPartOf\":{\"@id\":\"https:\\\/\\\/www.lovendal.ro\\\/wp52\\\/#website\"},\"primaryImageOfPage\":{\"@id\":\"https:\\\/\\\/www.lovendal.ro\\\/wp52\\\/biserica-nationala-a-reichului-mein-kampf-in-locul-bibliei\\\/#primaryimage\"},\"image\":{\"@id\":\"https:\\\/\\\/www.lovendal.ro\\\/wp52\\\/biserica-nationala-a-reichului-mein-kampf-in-locul-bibliei\\\/#primaryimage\"},\"thumbnailUrl\":\"https:\\\/\\\/www.lovendal.ro\\\/wp52\\\/wp-content\\\/uploads\\\/2009\\\/07\\\/mein-kampf.jpg\",\"datePublished\":\"2009-07-13T04:33:00+00:00\",\"breadcrumb\":{\"@id\":\"https:\\\/\\\/www.lovendal.ro\\\/wp52\\\/biserica-nationala-a-reichului-mein-kampf-in-locul-bibliei\\\/#breadcrumb\"},\"inLanguage\":\"ro-RO\",\"potentialAction\":[{\"@type\":\"ReadAction\",\"target\":[\"https:\\\/\\\/www.lovendal.ro\\\/wp52\\\/biserica-nationala-a-reichului-mein-kampf-in-locul-bibliei\\\/\"]}]},{\"@type\":\"ImageObject\",\"inLanguage\":\"ro-RO\",\"@id\":\"https:\\\/\\\/www.lovendal.ro\\\/wp52\\\/biserica-nationala-a-reichului-mein-kampf-in-locul-bibliei\\\/#primaryimage\",\"url\":\"https:\\\/\\\/www.lovendal.ro\\\/wp52\\\/wp-content\\\/uploads\\\/2009\\\/07\\\/mein-kampf.jpg\",\"contentUrl\":\"https:\\\/\\\/www.lovendal.ro\\\/wp52\\\/wp-content\\\/uploads\\\/2009\\\/07\\\/mein-kampf.jpg\",\"width\":\"302\",\"height\":\"270\"},{\"@type\":\"BreadcrumbList\",\"@id\":\"https:\\\/\\\/www.lovendal.ro\\\/wp52\\\/biserica-nationala-a-reichului-mein-kampf-in-locul-bibliei\\\/#breadcrumb\",\"itemListElement\":[{\"@type\":\"ListItem\",\"position\":1,\"name\":\"Home\",\"item\":\"https:\\\/\\\/www.lovendal.ro\\\/wp52\\\/\"},{\"@type\":\"ListItem\",\"position\":2,\"name\":\"Biserica Na\u0163ional\u0103 a Reichului: &#8222;Mein Kampf&#8221; \u00een locul Bibliei\"}]},{\"@type\":\"WebSite\",\"@id\":\"https:\\\/\\\/www.lovendal.ro\\\/wp52\\\/#website\",\"url\":\"https:\\\/\\\/www.lovendal.ro\\\/wp52\\\/\",\"name\":\"Secretele lui Lovendal\",\"description\":\"Site de secrete, stiinta si metafizica - din 2008 -\",\"publisher\":{\"@id\":\"https:\\\/\\\/www.lovendal.ro\\\/wp52\\\/#organization\"},\"potentialAction\":[{\"@type\":\"SearchAction\",\"target\":{\"@type\":\"EntryPoint\",\"urlTemplate\":\"https:\\\/\\\/www.lovendal.ro\\\/wp52\\\/?s={search_term_string}\"},\"query-input\":{\"@type\":\"PropertyValueSpecification\",\"valueRequired\":true,\"valueName\":\"search_term_string\"}}],\"inLanguage\":\"ro-RO\"},{\"@type\":\"Organization\",\"@id\":\"https:\\\/\\\/www.lovendal.ro\\\/wp52\\\/#organization\",\"name\":\"Secretele lui Lovendal\",\"url\":\"https:\\\/\\\/www.lovendal.ro\\\/wp52\\\/\",\"logo\":{\"@type\":\"ImageObject\",\"inLanguage\":\"ro-RO\",\"@id\":\"https:\\\/\\\/www.lovendal.ro\\\/wp52\\\/#\\\/schema\\\/logo\\\/image\\\/\",\"url\":\"https:\\\/\\\/www.lovendal.ro\\\/wp52\\\/wp-content\\\/uploads\\\/2024\\\/06\\\/cropped-SLL-iun-2024-1.jpg\",\"contentUrl\":\"https:\\\/\\\/www.lovendal.ro\\\/wp52\\\/wp-content\\\/uploads\\\/2024\\\/06\\\/cropped-SLL-iun-2024-1.jpg\",\"width\":771,\"height\":240,\"caption\":\"Secretele lui Lovendal\"},\"image\":{\"@id\":\"https:\\\/\\\/www.lovendal.ro\\\/wp52\\\/#\\\/schema\\\/logo\\\/image\\\/\"},\"sameAs\":[\"https:\\\/\\\/www.facebook.com\\\/secreteleluilovendal\"]},{\"@type\":\"Person\",\"@id\":\"https:\\\/\\\/www.lovendal.ro\\\/wp52\\\/#\\\/schema\\\/person\\\/088691de5dfc346bb0c023e1e52ef5d9\",\"name\":\"admin\",\"image\":{\"@type\":\"ImageObject\",\"inLanguage\":\"ro-RO\",\"@id\":\"https:\\\/\\\/secure.gravatar.com\\\/avatar\\\/ecb9cd41f5f63c9c9b989999a59f6e2639a865ec361e9db054db0679a8f341c2?s=96&d=mm&r=g\",\"url\":\"https:\\\/\\\/secure.gravatar.com\\\/avatar\\\/ecb9cd41f5f63c9c9b989999a59f6e2639a865ec361e9db054db0679a8f341c2?s=96&d=mm&r=g\",\"contentUrl\":\"https:\\\/\\\/secure.gravatar.com\\\/avatar\\\/ecb9cd41f5f63c9c9b989999a59f6e2639a865ec361e9db054db0679a8f341c2?s=96&d=mm&r=g\",\"caption\":\"admin\"},\"sameAs\":[\"https:\\\/\\\/www.lovendal.ro\\\/wp52\"]}]}<\/script>\n<!-- \/ Yoast SEO Premium plugin. -->","yoast_head_json":{"title":"Biserica Na\u0163ional\u0103 a Reichului: \"Mein Kampf\" \u00een locul Bibliei - Secretele lui Lovendal","robots":{"index":"index","follow":"follow","max-snippet":"max-snippet:-1","max-image-preview":"max-image-preview:large","max-video-preview":"max-video-preview:-1"},"canonical":"https:\/\/www.lovendal.ro\/wp52\/biserica-nationala-a-reichului-mein-kampf-in-locul-bibliei\/","og_locale":"ro_RO","og_type":"article","og_title":"Biserica Na\u0163ional\u0103 a Reichului: \"Mein Kampf\" \u00een locul Bibliei","og_description":"\u00cen plin\u0103 epoc\u0103 a nazismului \u00een Germania, \u00een 1942, dr. Alfred Rosenberg, un sus\u0163in\u0103tor fervent al \u201enoii biserici na\u0163ionale\u201c, a emis o doctrin\u0103 \u00een 30 de puncte a Bisericii Na\u0163ionale a Reich-ului, care prevedea practic transformarea tuturor bisericilor \u00een instrumente ... Cititi mai multe","og_url":"https:\/\/www.lovendal.ro\/wp52\/biserica-nationala-a-reichului-mein-kampf-in-locul-bibliei\/","og_site_name":"Secretele lui Lovendal","article_publisher":"https:\/\/www.facebook.com\/secreteleluilovendal","article_published_time":"2009-07-13T04:33:00+00:00","og_image":[{"width":302,"height":270,"url":"https:\/\/www.lovendal.ro\/wp52\/wp-content\/uploads\/2009\/07\/mein-kampf.jpg","type":"image\/jpeg"}],"author":"admin","twitter_card":"summary_large_image","twitter_misc":{"Scris de":"admin","Timp estimat pentru citire":"1 minut"},"schema":{"@context":"https:\/\/schema.org","@graph":[{"@type":"Article","@id":"https:\/\/www.lovendal.ro\/wp52\/biserica-nationala-a-reichului-mein-kampf-in-locul-bibliei\/#article","isPartOf":{"@id":"https:\/\/www.lovendal.ro\/wp52\/biserica-nationala-a-reichului-mein-kampf-in-locul-bibliei\/"},"author":{"name":"admin","@id":"https:\/\/www.lovendal.ro\/wp52\/#\/schema\/person\/088691de5dfc346bb0c023e1e52ef5d9"},"headline":"Biserica Na\u0163ional\u0103 a Reichului: &#8222;Mein Kampf&#8221; \u00een locul Bibliei","datePublished":"2009-07-13T04:33:00+00:00","mainEntityOfPage":{"@id":"https:\/\/www.lovendal.ro\/wp52\/biserica-nationala-a-reichului-mein-kampf-in-locul-bibliei\/"},"wordCount":288,"commentCount":0,"publisher":{"@id":"https:\/\/www.lovendal.ro\/wp52\/#organization"},"image":{"@id":"https:\/\/www.lovendal.ro\/wp52\/biserica-nationala-a-reichului-mein-kampf-in-locul-bibliei\/#primaryimage"},"thumbnailUrl":"https:\/\/www.lovendal.ro\/wp52\/wp-content\/uploads\/2009\/07\/mein-kampf.jpg","keywords":["Biblie","biseric\u0103","cre\u015ftinism","fascism","Hitler","Istorie si Civilizatii","Mein Kampf","Reich"],"articleSection":["Istorie si Civilizatii"],"inLanguage":"ro-RO","potentialAction":[{"@type":"CommentAction","name":"Comment","target":["https:\/\/www.lovendal.ro\/wp52\/biserica-nationala-a-reichului-mein-kampf-in-locul-bibliei\/#respond"]}]},{"@type":"WebPage","@id":"https:\/\/www.lovendal.ro\/wp52\/biserica-nationala-a-reichului-mein-kampf-in-locul-bibliei\/","url":"https:\/\/www.lovendal.ro\/wp52\/biserica-nationala-a-reichului-mein-kampf-in-locul-bibliei\/","name":"Biserica Na\u0163ional\u0103 a Reichului: \"Mein Kampf\" \u00een locul Bibliei - Secretele lui Lovendal","isPartOf":{"@id":"https:\/\/www.lovendal.ro\/wp52\/#website"},"primaryImageOfPage":{"@id":"https:\/\/www.lovendal.ro\/wp52\/biserica-nationala-a-reichului-mein-kampf-in-locul-bibliei\/#primaryimage"},"image":{"@id":"https:\/\/www.lovendal.ro\/wp52\/biserica-nationala-a-reichului-mein-kampf-in-locul-bibliei\/#primaryimage"},"thumbnailUrl":"https:\/\/www.lovendal.ro\/wp52\/wp-content\/uploads\/2009\/07\/mein-kampf.jpg","datePublished":"2009-07-13T04:33:00+00:00","breadcrumb":{"@id":"https:\/\/www.lovendal.ro\/wp52\/biserica-nationala-a-reichului-mein-kampf-in-locul-bibliei\/#breadcrumb"},"inLanguage":"ro-RO","potentialAction":[{"@type":"ReadAction","target":["https:\/\/www.lovendal.ro\/wp52\/biserica-nationala-a-reichului-mein-kampf-in-locul-bibliei\/"]}]},{"@type":"ImageObject","inLanguage":"ro-RO","@id":"https:\/\/www.lovendal.ro\/wp52\/biserica-nationala-a-reichului-mein-kampf-in-locul-bibliei\/#primaryimage","url":"https:\/\/www.lovendal.ro\/wp52\/wp-content\/uploads\/2009\/07\/mein-kampf.jpg","contentUrl":"https:\/\/www.lovendal.ro\/wp52\/wp-content\/uploads\/2009\/07\/mein-kampf.jpg","width":"302","height":"270"},{"@type":"BreadcrumbList","@id":"https:\/\/www.lovendal.ro\/wp52\/biserica-nationala-a-reichului-mein-kampf-in-locul-bibliei\/#breadcrumb","itemListElement":[{"@type":"ListItem","position":1,"name":"Home","item":"https:\/\/www.lovendal.ro\/wp52\/"},{"@type":"ListItem","position":2,"name":"Biserica Na\u0163ional\u0103 a Reichului: &#8222;Mein Kampf&#8221; \u00een locul Bibliei"}]},{"@type":"WebSite","@id":"https:\/\/www.lovendal.ro\/wp52\/#website","url":"https:\/\/www.lovendal.ro\/wp52\/","name":"Secretele lui Lovendal","description":"Site de secrete, stiinta si metafizica - din 2008 -","publisher":{"@id":"https:\/\/www.lovendal.ro\/wp52\/#organization"},"potentialAction":[{"@type":"SearchAction","target":{"@type":"EntryPoint","urlTemplate":"https:\/\/www.lovendal.ro\/wp52\/?s={search_term_string}"},"query-input":{"@type":"PropertyValueSpecification","valueRequired":true,"valueName":"search_term_string"}}],"inLanguage":"ro-RO"},{"@type":"Organization","@id":"https:\/\/www.lovendal.ro\/wp52\/#organization","name":"Secretele lui Lovendal","url":"https:\/\/www.lovendal.ro\/wp52\/","logo":{"@type":"ImageObject","inLanguage":"ro-RO","@id":"https:\/\/www.lovendal.ro\/wp52\/#\/schema\/logo\/image\/","url":"https:\/\/www.lovendal.ro\/wp52\/wp-content\/uploads\/2024\/06\/cropped-SLL-iun-2024-1.jpg","contentUrl":"https:\/\/www.lovendal.ro\/wp52\/wp-content\/uploads\/2024\/06\/cropped-SLL-iun-2024-1.jpg","width":771,"height":240,"caption":"Secretele lui Lovendal"},"image":{"@id":"https:\/\/www.lovendal.ro\/wp52\/#\/schema\/logo\/image\/"},"sameAs":["https:\/\/www.facebook.com\/secreteleluilovendal"]},{"@type":"Person","@id":"https:\/\/www.lovendal.ro\/wp52\/#\/schema\/person\/088691de5dfc346bb0c023e1e52ef5d9","name":"admin","image":{"@type":"ImageObject","inLanguage":"ro-RO","@id":"https:\/\/secure.gravatar.com\/avatar\/ecb9cd41f5f63c9c9b989999a59f6e2639a865ec361e9db054db0679a8f341c2?s=96&d=mm&r=g","url":"https:\/\/secure.gravatar.com\/avatar\/ecb9cd41f5f63c9c9b989999a59f6e2639a865ec361e9db054db0679a8f341c2?s=96&d=mm&r=g","contentUrl":"https:\/\/secure.gravatar.com\/avatar\/ecb9cd41f5f63c9c9b989999a59f6e2639a865ec361e9db054db0679a8f341c2?s=96&d=mm&r=g","caption":"admin"},"sameAs":["https:\/\/www.lovendal.ro\/wp52"]}]}},"_links":{"self":[{"href":"https:\/\/www.lovendal.ro\/wp52\/wp-json\/wp\/v2\/posts\/6214","targetHints":{"allow":["GET"]}}],"collection":[{"href":"https:\/\/www.lovendal.ro\/wp52\/wp-json\/wp\/v2\/posts"}],"about":[{"href":"https:\/\/www.lovendal.ro\/wp52\/wp-json\/wp\/v2\/types\/post"}],"author":[{"embeddable":true,"href":"https:\/\/www.lovendal.ro\/wp52\/wp-json\/wp\/v2\/users\/1"}],"replies":[{"embeddable":true,"href":"https:\/\/www.lovendal.ro\/wp52\/wp-json\/wp\/v2\/comments?post=6214"}],"version-history":[{"count":0,"href":"https:\/\/www.lovendal.ro\/wp52\/wp-json\/wp\/v2\/posts\/6214\/revisions"}],"wp:featuredmedia":[{"embeddable":true,"href":"https:\/\/www.lovendal.ro\/wp52\/wp-json\/wp\/v2\/media\/6221"}],"wp:attachment":[{"href":"https:\/\/www.lovendal.ro\/wp52\/wp-json\/wp\/v2\/media?parent=6214"}],"wp:term":[{"taxonomy":"category","embeddable":true,"href":"https:\/\/www.lovendal.ro\/wp52\/wp-json\/wp\/v2\/categories?post=6214"},{"taxonomy":"post_tag","embeddable":true,"href":"https:\/\/www.lovendal.ro\/wp52\/wp-json\/wp\/v2\/tags?post=6214"}],"curies":[{"name":"wp","href":"https:\/\/api.w.org\/{rel}","templated":true}]}}