{"id":61558,"date":"2019-04-01T16:41:38","date_gmt":"2019-04-01T13:41:38","guid":{"rendered":"https:\/\/www.lovendal.ro\/wp52\/?p=61558"},"modified":"2019-04-01T16:41:38","modified_gmt":"2019-04-01T13:41:38","slug":"violenta-salbatica-a-comunismului-asa-cum-a-fost-ea-predicata-de-marx-de-lenin-si-de-alti-reprezentanti-criminali-bolsevici","status":"publish","type":"post","link":"https:\/\/www.lovendal.ro\/wp52\/violenta-salbatica-a-comunismului-asa-cum-a-fost-ea-predicata-de-marx-de-lenin-si-de-alti-reprezentanti-criminali-bolsevici\/","title":{"rendered":"Violen\u0163a s\u0103lbatic\u0103 a comunismului, a\u015fa cum a fost ea predicat\u0103 de Marx, de Lenin \u015fi de al\u0163i reprezentan\u0163i criminali bol\u015fevici"},"content":{"rendered":"<p><a href=\"https:\/\/www.lovendal.ro\/wp52\/wp-content\/uploads\/2019\/04\/Marx-Lenin.jpg\"><img loading=\"lazy\" decoding=\"async\" class=\"alignleft size-full wp-image-61559\" src=\"https:\/\/www.lovendal.ro\/wp52\/wp-content\/uploads\/2019\/04\/Marx-Lenin.jpg\" alt=\"\" width=\"342\" height=\"233\" srcset=\"https:\/\/www.lovendal.ro\/wp52\/wp-content\/uploads\/2019\/04\/Marx-Lenin.jpg 342w, https:\/\/www.lovendal.ro\/wp52\/wp-content\/uploads\/2019\/04\/Marx-Lenin-300x204.jpg 300w\" sizes=\"auto, (max-width: 342px) 100vw, 342px\" \/><\/a>Pe 5 mai 2018, pre\u015fedintele Comisiei Europene, Jean Claude Juncker, a f\u0103cut un gest nes\u0103buit \u015fi incredibil pentru un \u00eenalt oficial european: pur \u015fi simplu l-a elogiat pe Karl Marx, ideologul comunismului, cu ocazia comemor\u0103rii a 200 de ani de la na\u015fterea acestuia. Juncker a spus despre Marx c\u0103 <em>&#8222;a fost un filozof care a g\u00e2ndit \u00een viitor \u0219i a avut apira\u021bii creative&#8221;.<\/em><\/p>\n<p>S\u0103 vedem ce &#8222;aspira\u0163ii creative&#8221; a avut acest Karl Marx. La sf\u00e2r\u015fitul Manifestului Partidului Comunist, KarI Marx \u015fi Friedrich Engels proclam\u0103, \u00een mod deschis, c\u0103 \u201e\u0163elurile lor\u201d comuni\u015ftii nu le pot atinge dec\u00e2t \u201eprin <strong>r\u0103sturnarea violent\u0103 a oric\u0103rei ordini sociale tradi\u0163ionale<\/strong>\u201d. Dup\u0103 Lenin, ideea aceasta ideea revolu\u0163iei violente &#8211; care trebuie s\u0103 fie insuflat\u0103 \u201esistematic maselor\u201d, se g\u0103se\u015fte la baza \u00eentregii doctrine marxiste, fiindc\u0103 \u201ef\u0103r\u0103 revolu\u0163ie violent\u0103, este imposibil s\u0103 substitui Statul proletar Statului burghez\u201d.<\/p>\n<p>Fidel principiului violen\u0163ei, mai mult chiar, convins c\u0103 nu exist\u0103 revolu\u0163ie \u201ef\u0103r\u0103 baie de s\u00e2nge\u201d, \u015fi c\u0103 revolu\u0163ionarii nu vor ie\u015fi \u00eenving\u0103tori din lupt\u0103 \u201ef\u0103r\u0103 cea mai nemiloas\u0103 teroare\u201d, iat\u0103 ce scria Lenin \u00eentr-o scrisoare inedit\u0103 (Lenin, care s-a inspirat cu at\u00e2ta ardoare din idolul s\u0103u, Marx): \u201e<strong>Cu c\u00e2t num\u0103rul de reprezentan\u0163i ai burgheziei \u015fi ai clerului reac\u0163ionar, pe care \u00eei vom putea \u00eempu\u015fca, va fi mai mare, cu at\u00e2t va fi mai bine<\/strong>\u201d.<\/p>\n<p>\u00cen cartea lui Arthur Koestler, <em>\u201eZero \u015fi infinitul\u201d<\/em>, personajul principal, comunistul sovietic Ruba\u015fov, vorbe\u015fte astfel: <em>\u201eNoi am \u00eempins a\u015fa departe logica, \u00eenc\u00e2t pentru a regla o divergen\u0163\u0103 de opinii,<strong> nu cunoa\u015ftem dec\u00e2t un singur argument: moartea<\/strong>.\u00a0 Noi am creat cel mai gigantic aparat poli\u0163ienesc, \u00een care delatorii au devenit o institu\u0163ie na\u0163ional\u0103, \u015fi l-am \u00eenzestrat cu cel mai rafinat \u015fi mai \u015ftiin\u0163ific sistem de torturi mintale \u015fi fizice. Noi m\u00e2n\u0103m, cu pocnituri de bici, gloatele care gem, c\u0103tre o fericire viitoare, pe care numai noi o putem \u00eentrez\u0103ri.\u201d <\/em><\/p>\n<p>\u00centocmai lui Lenin, to\u0163i discipolii s\u0103i, to\u0163i teoreticienii marxism-leninismului vor impune cu insisten\u0163\u0103, necesitatea violen\u0163ei. Pentru Dimitri Manuilski, fostul secretar general al Kominternului, <em>\u201etoate tr\u0103d\u0103rile, <strong>toate crimele, toate cruzimile sunt nu numai permise, ci recomandabile<\/strong>, deoarece scopul lor este stabilirea paradisului comunist<\/em>\u201d. Programul Interna\u0163ionalei Comuniste, adoptat de c\u0103tre Congresul Mondial de la Moscova \u00een septembrie 1928, decidea c\u0103 adev\u0103rata cucerire a puterii de c\u0103tre proletariat nu poate avea loc dec\u00e2t prin \u201eabolirea violent\u0103 a burgheziei de la putere\u201d, prin \u201edistrugerea aparatului de Stat capitalist\u201d, \u00eenlocuit cu noile organe ale puterii proletare, care sunt, \u00eenainte de toate, \u201einstrumente de represiune destinate a zdrobi rezisten\u0163a exploatatorilor\u201d. La r\u00e2ndul s\u0103u, mare\u015falul Tuhacevski, dezgustat de \u201epacostea\u201d cre\u015ftinismului, declara \u00een 1936, unei reviste franceze, c\u0103 <strong>aceste idei \u00eenvechite, aceast\u0103 moral\u0103<\/strong>, <strong>aceast\u0103 civiliza\u0163ie cre\u015ftin\u0103, pot fi lichidate \u201enumai prin violen\u0163\u0103\u201d<\/strong>.<\/p>\n<p>Oricum, pentru marxi\u015fti \u015fi lenini\u015fti, comunismul vrea s\u0103 devin\u0103 el \u00eensu\u015fi o religie, ca s\u0103 ia locul cre\u015ftinismului. Scopul s\u0103u ultim este distrugerea cre\u015ftinismului nu numai \u00een via\u0163a public\u0103, dar mai cu seam\u0103 extirparea sa total\u0103 \u015fi definitiv\u0103 din con\u015ftiin\u0163a cet\u0103\u0163enilor, \u00een vederea transform\u0103rii omului vechi, de tip burghezo-mo\u015fieresc, \u00eentr-un om nou \u2013 acel tr\u00e2mbi\u0163at homo sovieticus \u2013 \u015fi a cre\u0103rii, prin el, a societ\u0103\u0163ii comuniste.<\/p>\n<p>Mare\u015falul sovietic Beria (fost \u015fef NKVD, unul din principalii responsabili ai epur\u0103rilor staliniste din deceniul al patrulea), ur\u00e2nd bun venit studen\u0163ilor americani de la Universitatea Lenin, subliniaz\u0103 \u00een ce fel obiectivele comuniste pot fi atinse: <em>\u201ePrimul \u015fi cel mai important demers al nostru este acela de a produce c\u00e2t mai mult haos \u00een cultura du\u015fmanului. Fructele ac\u0163iunilor noastre cresc bine \u00eentr-un climat de haos, ne\u00eencredere, depresiune economic\u0103 \u015fi nesiguran\u0163\u0103 \u015ftiin\u0163ific\u0103. Aceasta pentru c\u0103 o popula\u0163ie astfel \u00eencercat\u0103 \u00ee\u015fi poate afla pacea numai \u00een statul comunist oferit de noi \u015fi pentru c\u0103, p\u00e2n\u0103 la urm\u0103, numai comunismul poate s\u0103 rezolve problemele maselor\u201d<\/em>.<\/p>\n<p>Cheia de bolt\u0103 a strategiei marxist-leniniste este aceasta: ascultarea de care au nevoie conduc\u0103torii \u2013 ascultarea din partea supu\u015filor lor \u2013 este rezultatul unei for\u0163e. Ea nu se poate ob\u0163ine dec\u00e2t cu ajutorul unor \u201eremedii violente\u201d, pentru eradicarea personalit\u0103\u0163ii individului, fie printr-o \u201eperseverent\u0103 \u015fi continu\u0103 \u00eendoctrinare\u201d (demonstr\u00e2ndu-i-se c\u0103 \u201eata\u015famentele sale de dinainte au fost \u00eendreptate spre o \u0163int\u0103 lipsit\u0103 de valoare\u201d), fie recurg\u00e2ndu-se la tehnici violente.<\/p>\n","protected":false},"excerpt":{"rendered":"<p>Pe 5 mai 2018, pre\u015fedintele Comisiei Europene, Jean Claude Juncker, a f\u0103cut un gest nes\u0103buit \u015fi incredibil pentru un \u00eenalt oficial european: pur \u015fi simplu l-a elogiat pe Karl Marx, ideologul comunismului, cu ocazia comemor\u0103rii a 200 de ani de &#8230; <\/p>\n<p class=\"read-more-container\"><a title=\"Violen\u0163a s\u0103lbatic\u0103 a comunismului, a\u015fa cum a fost ea predicat\u0103 de Marx, de Lenin \u015fi de al\u0163i reprezentan\u0163i criminali bol\u015fevici\" class=\"read-more button\" href=\"https:\/\/www.lovendal.ro\/wp52\/violenta-salbatica-a-comunismului-asa-cum-a-fost-ea-predicata-de-marx-de-lenin-si-de-alti-reprezentanti-criminali-bolsevici\/#more-61558\" aria-label=\"Cite\u0219te mai multe despre Violen\u0163a s\u0103lbatic\u0103 a comunismului, a\u015fa cum a fost ea predicat\u0103 de Marx, de Lenin \u015fi de al\u0163i reprezentan\u0163i criminali bol\u015fevici\">Cititi mai multe<\/a><\/p>\n","protected":false},"author":1,"featured_media":61559,"comment_status":"closed","ping_status":"open","sticky":false,"template":"","format":"standard","meta":{"footnotes":""},"categories":[9],"tags":[6672,1980,9184,81,211,297,4820,1532,10546,13439,734,2107,760,1308,1917,2364,13440,2250,3362],"class_list":["post-61558","post","type-post","status-publish","format-standard","has-post-thumbnail","hentry","category-istorie","tag-americani","tag-beria","tag-comisia-europeana","tag-comunism","tag-crestinism","tag-crime","tag-haos","tag-istorie-si-civilizatii","tag-juncker","tag-komintern","tag-lenin","tag-maresal","tag-marx","tag-moscova","tag-nkvd","tag-revista","tag-tuhacevski","tag-universitate","tag-violenta","resize-featured-image"],"yoast_head":"<!-- This site is optimized with the Yoast SEO Premium plugin v23.3 (Yoast SEO v27.4) - https:\/\/yoast.com\/product\/yoast-seo-premium-wordpress\/ -->\n<title>Violen\u0163a s\u0103lbatic\u0103 a comunismului, a\u015fa cum a fost ea predicat\u0103 de Marx, de Lenin \u015fi de al\u0163i reprezentan\u0163i criminali bol\u015fevici - Secretele lui Lovendal<\/title>\n<meta name=\"robots\" content=\"index, follow, max-snippet:-1, max-image-preview:large, max-video-preview:-1\" \/>\n<link rel=\"canonical\" href=\"https:\/\/www.lovendal.ro\/wp52\/violenta-salbatica-a-comunismului-asa-cum-a-fost-ea-predicata-de-marx-de-lenin-si-de-alti-reprezentanti-criminali-bolsevici\/\" \/>\n<meta property=\"og:locale\" content=\"ro_RO\" \/>\n<meta property=\"og:type\" content=\"article\" \/>\n<meta property=\"og:title\" content=\"Violen\u0163a s\u0103lbatic\u0103 a comunismului, a\u015fa cum a fost ea predicat\u0103 de Marx, de Lenin \u015fi de al\u0163i reprezentan\u0163i criminali bol\u015fevici\" \/>\n<meta property=\"og:description\" content=\"Pe 5 mai 2018, pre\u015fedintele Comisiei Europene, Jean Claude Juncker, a f\u0103cut un gest nes\u0103buit \u015fi incredibil pentru un \u00eenalt oficial european: pur \u015fi simplu l-a elogiat pe Karl Marx, ideologul comunismului, cu ocazia comemor\u0103rii a 200 de ani de ... Cititi mai multe\" \/>\n<meta property=\"og:url\" content=\"https:\/\/www.lovendal.ro\/wp52\/violenta-salbatica-a-comunismului-asa-cum-a-fost-ea-predicata-de-marx-de-lenin-si-de-alti-reprezentanti-criminali-bolsevici\/\" \/>\n<meta property=\"og:site_name\" content=\"Secretele lui Lovendal\" \/>\n<meta property=\"article:publisher\" content=\"https:\/\/www.facebook.com\/secreteleluilovendal\" \/>\n<meta property=\"article:published_time\" content=\"2019-04-01T13:41:38+00:00\" \/>\n<meta property=\"og:image\" content=\"https:\/\/www.lovendal.ro\/wp52\/wp-content\/uploads\/2019\/04\/Marx-Lenin.jpg\" \/>\n\t<meta property=\"og:image:width\" content=\"342\" \/>\n\t<meta property=\"og:image:height\" content=\"233\" \/>\n\t<meta property=\"og:image:type\" content=\"image\/jpeg\" \/>\n<meta name=\"author\" content=\"admin\" \/>\n<meta name=\"twitter:card\" content=\"summary_large_image\" \/>\n<meta name=\"twitter:label1\" content=\"Scris de\" \/>\n\t<meta name=\"twitter:data1\" content=\"admin\" \/>\n\t<meta name=\"twitter:label2\" content=\"Timp estimat pentru citire\" \/>\n\t<meta name=\"twitter:data2\" content=\"4 minute\" \/>\n<script type=\"application\/ld+json\" class=\"yoast-schema-graph\">{\"@context\":\"https:\\\/\\\/schema.org\",\"@graph\":[{\"@type\":\"Article\",\"@id\":\"https:\\\/\\\/www.lovendal.ro\\\/wp52\\\/violenta-salbatica-a-comunismului-asa-cum-a-fost-ea-predicata-de-marx-de-lenin-si-de-alti-reprezentanti-criminali-bolsevici\\\/#article\",\"isPartOf\":{\"@id\":\"https:\\\/\\\/www.lovendal.ro\\\/wp52\\\/violenta-salbatica-a-comunismului-asa-cum-a-fost-ea-predicata-de-marx-de-lenin-si-de-alti-reprezentanti-criminali-bolsevici\\\/\"},\"author\":{\"name\":\"admin\",\"@id\":\"https:\\\/\\\/www.lovendal.ro\\\/wp52\\\/#\\\/schema\\\/person\\\/088691de5dfc346bb0c023e1e52ef5d9\"},\"headline\":\"Violen\u0163a s\u0103lbatic\u0103 a comunismului, a\u015fa cum a fost ea predicat\u0103 de Marx, de Lenin \u015fi de al\u0163i reprezentan\u0163i criminali bol\u015fevici\",\"datePublished\":\"2019-04-01T13:41:38+00:00\",\"mainEntityOfPage\":{\"@id\":\"https:\\\/\\\/www.lovendal.ro\\\/wp52\\\/violenta-salbatica-a-comunismului-asa-cum-a-fost-ea-predicata-de-marx-de-lenin-si-de-alti-reprezentanti-criminali-bolsevici\\\/\"},\"wordCount\":788,\"publisher\":{\"@id\":\"https:\\\/\\\/www.lovendal.ro\\\/wp52\\\/#organization\"},\"image\":{\"@id\":\"https:\\\/\\\/www.lovendal.ro\\\/wp52\\\/violenta-salbatica-a-comunismului-asa-cum-a-fost-ea-predicata-de-marx-de-lenin-si-de-alti-reprezentanti-criminali-bolsevici\\\/#primaryimage\"},\"thumbnailUrl\":\"https:\\\/\\\/www.lovendal.ro\\\/wp52\\\/wp-content\\\/uploads\\\/2019\\\/04\\\/Marx-Lenin.jpg\",\"keywords\":[\"americani\",\"Beria\",\"Comisia European\u0103\",\"comunism\",\"cre\u015ftinism\",\"crime\",\"haos\",\"Istorie si Civilizatii\",\"Juncker\",\"Komintern\",\"Lenin\",\"mare\u015fal\",\"Marx\",\"Moscova\",\"NKVD\",\"revist\u0103\",\"Tuhacevski\",\"universitate\",\"violen\u0163\u0103\"],\"articleSection\":[\"Istorie si Civilizatii\"],\"inLanguage\":\"ro-RO\"},{\"@type\":\"WebPage\",\"@id\":\"https:\\\/\\\/www.lovendal.ro\\\/wp52\\\/violenta-salbatica-a-comunismului-asa-cum-a-fost-ea-predicata-de-marx-de-lenin-si-de-alti-reprezentanti-criminali-bolsevici\\\/\",\"url\":\"https:\\\/\\\/www.lovendal.ro\\\/wp52\\\/violenta-salbatica-a-comunismului-asa-cum-a-fost-ea-predicata-de-marx-de-lenin-si-de-alti-reprezentanti-criminali-bolsevici\\\/\",\"name\":\"Violen\u0163a s\u0103lbatic\u0103 a comunismului, a\u015fa cum a fost ea predicat\u0103 de Marx, de Lenin \u015fi de al\u0163i reprezentan\u0163i criminali bol\u015fevici - Secretele lui Lovendal\",\"isPartOf\":{\"@id\":\"https:\\\/\\\/www.lovendal.ro\\\/wp52\\\/#website\"},\"primaryImageOfPage\":{\"@id\":\"https:\\\/\\\/www.lovendal.ro\\\/wp52\\\/violenta-salbatica-a-comunismului-asa-cum-a-fost-ea-predicata-de-marx-de-lenin-si-de-alti-reprezentanti-criminali-bolsevici\\\/#primaryimage\"},\"image\":{\"@id\":\"https:\\\/\\\/www.lovendal.ro\\\/wp52\\\/violenta-salbatica-a-comunismului-asa-cum-a-fost-ea-predicata-de-marx-de-lenin-si-de-alti-reprezentanti-criminali-bolsevici\\\/#primaryimage\"},\"thumbnailUrl\":\"https:\\\/\\\/www.lovendal.ro\\\/wp52\\\/wp-content\\\/uploads\\\/2019\\\/04\\\/Marx-Lenin.jpg\",\"datePublished\":\"2019-04-01T13:41:38+00:00\",\"breadcrumb\":{\"@id\":\"https:\\\/\\\/www.lovendal.ro\\\/wp52\\\/violenta-salbatica-a-comunismului-asa-cum-a-fost-ea-predicata-de-marx-de-lenin-si-de-alti-reprezentanti-criminali-bolsevici\\\/#breadcrumb\"},\"inLanguage\":\"ro-RO\",\"potentialAction\":[{\"@type\":\"ReadAction\",\"target\":[\"https:\\\/\\\/www.lovendal.ro\\\/wp52\\\/violenta-salbatica-a-comunismului-asa-cum-a-fost-ea-predicata-de-marx-de-lenin-si-de-alti-reprezentanti-criminali-bolsevici\\\/\"]}]},{\"@type\":\"ImageObject\",\"inLanguage\":\"ro-RO\",\"@id\":\"https:\\\/\\\/www.lovendal.ro\\\/wp52\\\/violenta-salbatica-a-comunismului-asa-cum-a-fost-ea-predicata-de-marx-de-lenin-si-de-alti-reprezentanti-criminali-bolsevici\\\/#primaryimage\",\"url\":\"https:\\\/\\\/www.lovendal.ro\\\/wp52\\\/wp-content\\\/uploads\\\/2019\\\/04\\\/Marx-Lenin.jpg\",\"contentUrl\":\"https:\\\/\\\/www.lovendal.ro\\\/wp52\\\/wp-content\\\/uploads\\\/2019\\\/04\\\/Marx-Lenin.jpg\",\"width\":342,\"height\":233},{\"@type\":\"BreadcrumbList\",\"@id\":\"https:\\\/\\\/www.lovendal.ro\\\/wp52\\\/violenta-salbatica-a-comunismului-asa-cum-a-fost-ea-predicata-de-marx-de-lenin-si-de-alti-reprezentanti-criminali-bolsevici\\\/#breadcrumb\",\"itemListElement\":[{\"@type\":\"ListItem\",\"position\":1,\"name\":\"Home\",\"item\":\"https:\\\/\\\/www.lovendal.ro\\\/wp52\\\/\"},{\"@type\":\"ListItem\",\"position\":2,\"name\":\"Violen\u0163a s\u0103lbatic\u0103 a comunismului, a\u015fa cum a fost ea predicat\u0103 de Marx, de Lenin \u015fi de al\u0163i reprezentan\u0163i criminali bol\u015fevici\"}]},{\"@type\":\"WebSite\",\"@id\":\"https:\\\/\\\/www.lovendal.ro\\\/wp52\\\/#website\",\"url\":\"https:\\\/\\\/www.lovendal.ro\\\/wp52\\\/\",\"name\":\"Secretele lui Lovendal\",\"description\":\"Site de secrete, stiinta si metafizica - din 2008 -\",\"publisher\":{\"@id\":\"https:\\\/\\\/www.lovendal.ro\\\/wp52\\\/#organization\"},\"potentialAction\":[{\"@type\":\"SearchAction\",\"target\":{\"@type\":\"EntryPoint\",\"urlTemplate\":\"https:\\\/\\\/www.lovendal.ro\\\/wp52\\\/?s={search_term_string}\"},\"query-input\":{\"@type\":\"PropertyValueSpecification\",\"valueRequired\":true,\"valueName\":\"search_term_string\"}}],\"inLanguage\":\"ro-RO\"},{\"@type\":\"Organization\",\"@id\":\"https:\\\/\\\/www.lovendal.ro\\\/wp52\\\/#organization\",\"name\":\"Secretele lui Lovendal\",\"url\":\"https:\\\/\\\/www.lovendal.ro\\\/wp52\\\/\",\"logo\":{\"@type\":\"ImageObject\",\"inLanguage\":\"ro-RO\",\"@id\":\"https:\\\/\\\/www.lovendal.ro\\\/wp52\\\/#\\\/schema\\\/logo\\\/image\\\/\",\"url\":\"https:\\\/\\\/www.lovendal.ro\\\/wp52\\\/wp-content\\\/uploads\\\/2024\\\/06\\\/cropped-SLL-iun-2024-1.jpg\",\"contentUrl\":\"https:\\\/\\\/www.lovendal.ro\\\/wp52\\\/wp-content\\\/uploads\\\/2024\\\/06\\\/cropped-SLL-iun-2024-1.jpg\",\"width\":771,\"height\":240,\"caption\":\"Secretele lui Lovendal\"},\"image\":{\"@id\":\"https:\\\/\\\/www.lovendal.ro\\\/wp52\\\/#\\\/schema\\\/logo\\\/image\\\/\"},\"sameAs\":[\"https:\\\/\\\/www.facebook.com\\\/secreteleluilovendal\"]},{\"@type\":\"Person\",\"@id\":\"https:\\\/\\\/www.lovendal.ro\\\/wp52\\\/#\\\/schema\\\/person\\\/088691de5dfc346bb0c023e1e52ef5d9\",\"name\":\"admin\",\"image\":{\"@type\":\"ImageObject\",\"inLanguage\":\"ro-RO\",\"@id\":\"https:\\\/\\\/secure.gravatar.com\\\/avatar\\\/ecb9cd41f5f63c9c9b989999a59f6e2639a865ec361e9db054db0679a8f341c2?s=96&d=mm&r=g\",\"url\":\"https:\\\/\\\/secure.gravatar.com\\\/avatar\\\/ecb9cd41f5f63c9c9b989999a59f6e2639a865ec361e9db054db0679a8f341c2?s=96&d=mm&r=g\",\"contentUrl\":\"https:\\\/\\\/secure.gravatar.com\\\/avatar\\\/ecb9cd41f5f63c9c9b989999a59f6e2639a865ec361e9db054db0679a8f341c2?s=96&d=mm&r=g\",\"caption\":\"admin\"},\"sameAs\":[\"https:\\\/\\\/www.lovendal.ro\\\/wp52\"]}]}<\/script>\n<!-- \/ Yoast SEO Premium plugin. -->","yoast_head_json":{"title":"Violen\u0163a s\u0103lbatic\u0103 a comunismului, a\u015fa cum a fost ea predicat\u0103 de Marx, de Lenin \u015fi de al\u0163i reprezentan\u0163i criminali bol\u015fevici - Secretele lui Lovendal","robots":{"index":"index","follow":"follow","max-snippet":"max-snippet:-1","max-image-preview":"max-image-preview:large","max-video-preview":"max-video-preview:-1"},"canonical":"https:\/\/www.lovendal.ro\/wp52\/violenta-salbatica-a-comunismului-asa-cum-a-fost-ea-predicata-de-marx-de-lenin-si-de-alti-reprezentanti-criminali-bolsevici\/","og_locale":"ro_RO","og_type":"article","og_title":"Violen\u0163a s\u0103lbatic\u0103 a comunismului, a\u015fa cum a fost ea predicat\u0103 de Marx, de Lenin \u015fi de al\u0163i reprezentan\u0163i criminali bol\u015fevici","og_description":"Pe 5 mai 2018, pre\u015fedintele Comisiei Europene, Jean Claude Juncker, a f\u0103cut un gest nes\u0103buit \u015fi incredibil pentru un \u00eenalt oficial european: pur \u015fi simplu l-a elogiat pe Karl Marx, ideologul comunismului, cu ocazia comemor\u0103rii a 200 de ani de ... Cititi mai multe","og_url":"https:\/\/www.lovendal.ro\/wp52\/violenta-salbatica-a-comunismului-asa-cum-a-fost-ea-predicata-de-marx-de-lenin-si-de-alti-reprezentanti-criminali-bolsevici\/","og_site_name":"Secretele lui Lovendal","article_publisher":"https:\/\/www.facebook.com\/secreteleluilovendal","article_published_time":"2019-04-01T13:41:38+00:00","og_image":[{"width":342,"height":233,"url":"https:\/\/www.lovendal.ro\/wp52\/wp-content\/uploads\/2019\/04\/Marx-Lenin.jpg","type":"image\/jpeg"}],"author":"admin","twitter_card":"summary_large_image","twitter_misc":{"Scris de":"admin","Timp estimat pentru citire":"4 minute"},"schema":{"@context":"https:\/\/schema.org","@graph":[{"@type":"Article","@id":"https:\/\/www.lovendal.ro\/wp52\/violenta-salbatica-a-comunismului-asa-cum-a-fost-ea-predicata-de-marx-de-lenin-si-de-alti-reprezentanti-criminali-bolsevici\/#article","isPartOf":{"@id":"https:\/\/www.lovendal.ro\/wp52\/violenta-salbatica-a-comunismului-asa-cum-a-fost-ea-predicata-de-marx-de-lenin-si-de-alti-reprezentanti-criminali-bolsevici\/"},"author":{"name":"admin","@id":"https:\/\/www.lovendal.ro\/wp52\/#\/schema\/person\/088691de5dfc346bb0c023e1e52ef5d9"},"headline":"Violen\u0163a s\u0103lbatic\u0103 a comunismului, a\u015fa cum a fost ea predicat\u0103 de Marx, de Lenin \u015fi de al\u0163i reprezentan\u0163i criminali bol\u015fevici","datePublished":"2019-04-01T13:41:38+00:00","mainEntityOfPage":{"@id":"https:\/\/www.lovendal.ro\/wp52\/violenta-salbatica-a-comunismului-asa-cum-a-fost-ea-predicata-de-marx-de-lenin-si-de-alti-reprezentanti-criminali-bolsevici\/"},"wordCount":788,"publisher":{"@id":"https:\/\/www.lovendal.ro\/wp52\/#organization"},"image":{"@id":"https:\/\/www.lovendal.ro\/wp52\/violenta-salbatica-a-comunismului-asa-cum-a-fost-ea-predicata-de-marx-de-lenin-si-de-alti-reprezentanti-criminali-bolsevici\/#primaryimage"},"thumbnailUrl":"https:\/\/www.lovendal.ro\/wp52\/wp-content\/uploads\/2019\/04\/Marx-Lenin.jpg","keywords":["americani","Beria","Comisia European\u0103","comunism","cre\u015ftinism","crime","haos","Istorie si Civilizatii","Juncker","Komintern","Lenin","mare\u015fal","Marx","Moscova","NKVD","revist\u0103","Tuhacevski","universitate","violen\u0163\u0103"],"articleSection":["Istorie si Civilizatii"],"inLanguage":"ro-RO"},{"@type":"WebPage","@id":"https:\/\/www.lovendal.ro\/wp52\/violenta-salbatica-a-comunismului-asa-cum-a-fost-ea-predicata-de-marx-de-lenin-si-de-alti-reprezentanti-criminali-bolsevici\/","url":"https:\/\/www.lovendal.ro\/wp52\/violenta-salbatica-a-comunismului-asa-cum-a-fost-ea-predicata-de-marx-de-lenin-si-de-alti-reprezentanti-criminali-bolsevici\/","name":"Violen\u0163a s\u0103lbatic\u0103 a comunismului, a\u015fa cum a fost ea predicat\u0103 de Marx, de Lenin \u015fi de al\u0163i reprezentan\u0163i criminali bol\u015fevici - Secretele lui Lovendal","isPartOf":{"@id":"https:\/\/www.lovendal.ro\/wp52\/#website"},"primaryImageOfPage":{"@id":"https:\/\/www.lovendal.ro\/wp52\/violenta-salbatica-a-comunismului-asa-cum-a-fost-ea-predicata-de-marx-de-lenin-si-de-alti-reprezentanti-criminali-bolsevici\/#primaryimage"},"image":{"@id":"https:\/\/www.lovendal.ro\/wp52\/violenta-salbatica-a-comunismului-asa-cum-a-fost-ea-predicata-de-marx-de-lenin-si-de-alti-reprezentanti-criminali-bolsevici\/#primaryimage"},"thumbnailUrl":"https:\/\/www.lovendal.ro\/wp52\/wp-content\/uploads\/2019\/04\/Marx-Lenin.jpg","datePublished":"2019-04-01T13:41:38+00:00","breadcrumb":{"@id":"https:\/\/www.lovendal.ro\/wp52\/violenta-salbatica-a-comunismului-asa-cum-a-fost-ea-predicata-de-marx-de-lenin-si-de-alti-reprezentanti-criminali-bolsevici\/#breadcrumb"},"inLanguage":"ro-RO","potentialAction":[{"@type":"ReadAction","target":["https:\/\/www.lovendal.ro\/wp52\/violenta-salbatica-a-comunismului-asa-cum-a-fost-ea-predicata-de-marx-de-lenin-si-de-alti-reprezentanti-criminali-bolsevici\/"]}]},{"@type":"ImageObject","inLanguage":"ro-RO","@id":"https:\/\/www.lovendal.ro\/wp52\/violenta-salbatica-a-comunismului-asa-cum-a-fost-ea-predicata-de-marx-de-lenin-si-de-alti-reprezentanti-criminali-bolsevici\/#primaryimage","url":"https:\/\/www.lovendal.ro\/wp52\/wp-content\/uploads\/2019\/04\/Marx-Lenin.jpg","contentUrl":"https:\/\/www.lovendal.ro\/wp52\/wp-content\/uploads\/2019\/04\/Marx-Lenin.jpg","width":342,"height":233},{"@type":"BreadcrumbList","@id":"https:\/\/www.lovendal.ro\/wp52\/violenta-salbatica-a-comunismului-asa-cum-a-fost-ea-predicata-de-marx-de-lenin-si-de-alti-reprezentanti-criminali-bolsevici\/#breadcrumb","itemListElement":[{"@type":"ListItem","position":1,"name":"Home","item":"https:\/\/www.lovendal.ro\/wp52\/"},{"@type":"ListItem","position":2,"name":"Violen\u0163a s\u0103lbatic\u0103 a comunismului, a\u015fa cum a fost ea predicat\u0103 de Marx, de Lenin \u015fi de al\u0163i reprezentan\u0163i criminali bol\u015fevici"}]},{"@type":"WebSite","@id":"https:\/\/www.lovendal.ro\/wp52\/#website","url":"https:\/\/www.lovendal.ro\/wp52\/","name":"Secretele lui Lovendal","description":"Site de secrete, stiinta si metafizica - din 2008 -","publisher":{"@id":"https:\/\/www.lovendal.ro\/wp52\/#organization"},"potentialAction":[{"@type":"SearchAction","target":{"@type":"EntryPoint","urlTemplate":"https:\/\/www.lovendal.ro\/wp52\/?s={search_term_string}"},"query-input":{"@type":"PropertyValueSpecification","valueRequired":true,"valueName":"search_term_string"}}],"inLanguage":"ro-RO"},{"@type":"Organization","@id":"https:\/\/www.lovendal.ro\/wp52\/#organization","name":"Secretele lui Lovendal","url":"https:\/\/www.lovendal.ro\/wp52\/","logo":{"@type":"ImageObject","inLanguage":"ro-RO","@id":"https:\/\/www.lovendal.ro\/wp52\/#\/schema\/logo\/image\/","url":"https:\/\/www.lovendal.ro\/wp52\/wp-content\/uploads\/2024\/06\/cropped-SLL-iun-2024-1.jpg","contentUrl":"https:\/\/www.lovendal.ro\/wp52\/wp-content\/uploads\/2024\/06\/cropped-SLL-iun-2024-1.jpg","width":771,"height":240,"caption":"Secretele lui Lovendal"},"image":{"@id":"https:\/\/www.lovendal.ro\/wp52\/#\/schema\/logo\/image\/"},"sameAs":["https:\/\/www.facebook.com\/secreteleluilovendal"]},{"@type":"Person","@id":"https:\/\/www.lovendal.ro\/wp52\/#\/schema\/person\/088691de5dfc346bb0c023e1e52ef5d9","name":"admin","image":{"@type":"ImageObject","inLanguage":"ro-RO","@id":"https:\/\/secure.gravatar.com\/avatar\/ecb9cd41f5f63c9c9b989999a59f6e2639a865ec361e9db054db0679a8f341c2?s=96&d=mm&r=g","url":"https:\/\/secure.gravatar.com\/avatar\/ecb9cd41f5f63c9c9b989999a59f6e2639a865ec361e9db054db0679a8f341c2?s=96&d=mm&r=g","contentUrl":"https:\/\/secure.gravatar.com\/avatar\/ecb9cd41f5f63c9c9b989999a59f6e2639a865ec361e9db054db0679a8f341c2?s=96&d=mm&r=g","caption":"admin"},"sameAs":["https:\/\/www.lovendal.ro\/wp52"]}]}},"_links":{"self":[{"href":"https:\/\/www.lovendal.ro\/wp52\/wp-json\/wp\/v2\/posts\/61558","targetHints":{"allow":["GET"]}}],"collection":[{"href":"https:\/\/www.lovendal.ro\/wp52\/wp-json\/wp\/v2\/posts"}],"about":[{"href":"https:\/\/www.lovendal.ro\/wp52\/wp-json\/wp\/v2\/types\/post"}],"author":[{"embeddable":true,"href":"https:\/\/www.lovendal.ro\/wp52\/wp-json\/wp\/v2\/users\/1"}],"replies":[{"embeddable":true,"href":"https:\/\/www.lovendal.ro\/wp52\/wp-json\/wp\/v2\/comments?post=61558"}],"version-history":[{"count":0,"href":"https:\/\/www.lovendal.ro\/wp52\/wp-json\/wp\/v2\/posts\/61558\/revisions"}],"wp:featuredmedia":[{"embeddable":true,"href":"https:\/\/www.lovendal.ro\/wp52\/wp-json\/wp\/v2\/media\/61559"}],"wp:attachment":[{"href":"https:\/\/www.lovendal.ro\/wp52\/wp-json\/wp\/v2\/media?parent=61558"}],"wp:term":[{"taxonomy":"category","embeddable":true,"href":"https:\/\/www.lovendal.ro\/wp52\/wp-json\/wp\/v2\/categories?post=61558"},{"taxonomy":"post_tag","embeddable":true,"href":"https:\/\/www.lovendal.ro\/wp52\/wp-json\/wp\/v2\/tags?post=61558"}],"curies":[{"name":"wp","href":"https:\/\/api.w.org\/{rel}","templated":true}]}}