{"id":61545,"date":"2019-04-01T09:24:31","date_gmt":"2019-04-01T06:24:31","guid":{"rendered":"https:\/\/www.lovendal.ro\/wp52\/?p=61545"},"modified":"2019-04-01T09:24:31","modified_gmt":"2019-04-01T06:24:31","slug":"o-dumnezeule-un-soft-genealogic-a-descoperit-ca-iliescu-se-trage-din-patriarhul-biblic-matusalem-cel-care-a-trait-969-de-ani-cat-va-trai-iliescu","status":"publish","type":"post","link":"https:\/\/www.lovendal.ro\/wp52\/o-dumnezeule-un-soft-genealogic-a-descoperit-ca-iliescu-se-trage-din-patriarhul-biblic-matusalem-cel-care-a-trait-969-de-ani-cat-va-trai-iliescu\/","title":{"rendered":"O, Dumnezeule! Un soft genealogic a descoperit c\u0103 Iliescu se trage din patriarhul biblic Matusalem, cel care a tr\u0103it 969 de ani! C\u00e2t va tr\u0103i Iliescu?"},"content":{"rendered":"<p><a href=\"https:\/\/www.lovendal.ro\/wp52\/wp-content\/uploads\/2019\/04\/Matusalem-Iliescu.jpg\"><img loading=\"lazy\" decoding=\"async\" class=\"alignleft size-full wp-image-61546\" src=\"https:\/\/www.lovendal.ro\/wp52\/wp-content\/uploads\/2019\/04\/Matusalem-Iliescu.jpg\" alt=\"\" width=\"337\" height=\"272\" srcset=\"https:\/\/www.lovendal.ro\/wp52\/wp-content\/uploads\/2019\/04\/Matusalem-Iliescu.jpg 337w, https:\/\/www.lovendal.ro\/wp52\/wp-content\/uploads\/2019\/04\/Matusalem-Iliescu-300x242.jpg 300w\" sizes=\"auto, (max-width: 337px) 100vw, 337px\" \/><\/a>Genealogia este una dintre cele mai vechi, dar \u0219i printre cele mai importante, \u0219tiin\u021be auxiliare ale istoriei av\u00e2nd drept scop studiul na\u0219terii \u0219i evolu\u021bia famiililor, \u00eenrudirile care se stabilesc \u00eentre persoanele unei epoci, evolu\u021bia acestor \u00eenrudiri \u00een timp, precum \u0219i rolul pe care aceste \u00eenrudiri \u00eel joac\u0103 \u00een desf\u0103\u0219urarea evenimentelor istorice. Genealogiile sunt \u00een\u0219iruiri sistematice ale membrilor unei familii, f\u0103cute pentru a stabili originea \u0219i gradul lor de rudenie.<\/p>\n<p>De exemplu, \u00een anul 2018 scriam un articol (<a href=\"https:\/\/www.lovendal.ro\/wp52\/exclusiv-alexandru-ioan-cuza-avea-in-el-sangele-lui-stefan-cel-mare\/\" target=\"_blank\" rel=\"noopener noreferrer\"><strong>EXCLUSIV! Alexandru Ioan Cuza avea \u00een el s\u00e2ngele lui \u015etefan cel Mare<\/strong><\/a>) despre primul domnitor al Rom\u00e2niei, Alexandru Ioan Cuza, care avea \u00een el s\u00e2ngele lui \u015etefan cel Mare. \u00centotdeauna m-au interesat lucrurile acestea&#8230; oare conduc\u0103torii Rom\u00e2niei sau ale provinciilor rom\u00e2ne\u015fti se tr\u0103geau din al\u0163i conduc\u0103tori care au tr\u0103it \u00eenaintea lor?<\/p>\n<p>Zilele trecute m-am g\u00e2ndit s\u0103 aflu care au fost \u00eenainta\u015fii lui Ion Iliescu, primul pre\u015fedinte al Rom\u00e2niei dup\u0103 comunism. Precum \u015fti\u0163i, \u00een ultima perioad\u0103 au ap\u0103rut \u00een spa\u0163iul social-media o mul\u0163ime de glume (macabre sau nu) despre \u00eendelungata v\u00e2rst\u0103 pe care Iliescu o are. Dac\u0103 nu cumva Iliescu a descoperit vreo re\u0163et\u0103 secret\u0103 a longevit\u0103\u0163ii, m-am g\u00e2ndit c\u0103 poate totul i se trage de la genele str\u0103mo\u015filor lui.<\/p>\n<p>A\u015fa c\u0103 m-am apucat s\u0103-i fac genealogia lui Iliescu, folosindu-m\u0103 de datele pe care le aveam la dispozi\u0163ie, dar \u015fi de baze de date de pe Internet, cum ar fi Familysearch.org (care este o baz\u0103 de date enorm\u0103 ce con\u0163ine informa\u0163ii din \u00eentreaga lume despre ascenden\u0163a diverselor personalit\u0103\u0163i ale lumii). Dac\u0103 informa\u0163iile de\u0163inute sunt corecte, atunci ceea ce am descoperit este cu adev\u0103rat \u015focant. Ion Iliescu nu numai c\u0103 are ca str\u0103mo\u015fi pe domnitori celebri ca \u015eerban Cantacuzino Vod\u0103, Vlad \u0162epe\u015f sau Basarab I, dar, merg\u00e2nd mult mai departe \u00een genealogie, \u015fi corel\u00e2ndu-m\u0103 cu descoperirile genealogi\u015ftilor \u015fi arheologilor, am aflat cu stupoare c\u0103 Iliescu s-ar putea trage din binecunoscutul patriarh biblic Matusalem, cel care a tr\u0103it 969 de ani, conform Bibliei!<\/p>\n<p>Acum, nu zic c\u0103 Iliescu ar putea tr\u0103i ca Matusalem, dar am putea s\u0103 ne a\u015ftept\u0103m s\u0103 dep\u0103\u015feasc\u0103 cu u\u015furin\u0163\u0103 v\u00e2rsta de 100 de ani&#8230;<\/p>\n<p>P.S. 1 APRILIE \u0102STA&#8230;<\/p>\n","protected":false},"excerpt":{"rendered":"<p>Genealogia este una dintre cele mai vechi, dar \u0219i printre cele mai importante, \u0219tiin\u021be auxiliare ale istoriei av\u00e2nd drept scop studiul na\u0219terii \u0219i evolu\u021bia famiililor, \u00eenrudirile care se stabilesc \u00eentre persoanele unei epoci, evolu\u021bia acestor \u00eenrudiri \u00een timp, precum \u0219i &#8230; <\/p>\n<p class=\"read-more-container\"><a title=\"O, Dumnezeule! Un soft genealogic a descoperit c\u0103 Iliescu se trage din patriarhul biblic Matusalem, cel care a tr\u0103it 969 de ani! C\u00e2t va tr\u0103i Iliescu?\" class=\"read-more button\" href=\"https:\/\/www.lovendal.ro\/wp52\/o-dumnezeule-un-soft-genealogic-a-descoperit-ca-iliescu-se-trage-din-patriarhul-biblic-matusalem-cel-care-a-trait-969-de-ani-cat-va-trai-iliescu\/#more-61545\" aria-label=\"Cite\u0219te mai multe despre O, Dumnezeule! Un soft genealogic a descoperit c\u0103 Iliescu se trage din patriarhul biblic Matusalem, cel care a tr\u0103it 969 de ani! C\u00e2t va tr\u0103i Iliescu?\">Cititi mai multe<\/a><\/p>\n","protected":false},"author":1,"featured_media":61546,"comment_status":"closed","ping_status":"open","sticky":false,"template":"","format":"standard","meta":{"footnotes":""},"categories":[1833],"tags":[7801,1427,60,81,9052,227,9808,1539,41,597,61,301,190,74,1681,544,133],"class_list":["post-61545","post","type-post","status-publish","format-standard","has-post-thumbnail","hentry","category-farse-celebre","tag-arheologi","tag-basarab-i","tag-biblie","tag-comunism","tag-cuza","tag-domnitori","tag-farse-celebre","tag-genealogie","tag-iliescu","tag-internet","tag-matusalem","tag-patriarh","tag-presedinte","tag-romania","tag-serban-cantacuzino-voda","tag-stefan-cel-mare","tag-vlad-tepes","resize-featured-image"],"yoast_head":"<!-- This site is optimized with the Yoast SEO Premium plugin v23.3 (Yoast SEO v27.4) - https:\/\/yoast.com\/product\/yoast-seo-premium-wordpress\/ -->\n<title>O, Dumnezeule! Un soft genealogic a descoperit c\u0103 Iliescu se trage din patriarhul biblic Matusalem, cel care a tr\u0103it 969 de ani! C\u00e2t va tr\u0103i Iliescu? - Secretele lui Lovendal<\/title>\n<meta name=\"robots\" content=\"index, follow, max-snippet:-1, max-image-preview:large, max-video-preview:-1\" \/>\n<link rel=\"canonical\" href=\"https:\/\/www.lovendal.ro\/wp52\/o-dumnezeule-un-soft-genealogic-a-descoperit-ca-iliescu-se-trage-din-patriarhul-biblic-matusalem-cel-care-a-trait-969-de-ani-cat-va-trai-iliescu\/\" \/>\n<meta property=\"og:locale\" content=\"ro_RO\" \/>\n<meta property=\"og:type\" content=\"article\" \/>\n<meta property=\"og:title\" content=\"O, Dumnezeule! Un soft genealogic a descoperit c\u0103 Iliescu se trage din patriarhul biblic Matusalem, cel care a tr\u0103it 969 de ani! C\u00e2t va tr\u0103i Iliescu?\" \/>\n<meta property=\"og:description\" content=\"Genealogia este una dintre cele mai vechi, dar \u0219i printre cele mai importante, \u0219tiin\u021be auxiliare ale istoriei av\u00e2nd drept scop studiul na\u0219terii \u0219i evolu\u021bia famiililor, \u00eenrudirile care se stabilesc \u00eentre persoanele unei epoci, evolu\u021bia acestor \u00eenrudiri \u00een timp, precum \u0219i ... Cititi mai multe\" \/>\n<meta property=\"og:url\" content=\"https:\/\/www.lovendal.ro\/wp52\/o-dumnezeule-un-soft-genealogic-a-descoperit-ca-iliescu-se-trage-din-patriarhul-biblic-matusalem-cel-care-a-trait-969-de-ani-cat-va-trai-iliescu\/\" \/>\n<meta property=\"og:site_name\" content=\"Secretele lui Lovendal\" \/>\n<meta property=\"article:publisher\" content=\"https:\/\/www.facebook.com\/secreteleluilovendal\" \/>\n<meta property=\"article:published_time\" content=\"2019-04-01T06:24:31+00:00\" \/>\n<meta property=\"og:image\" content=\"https:\/\/www.lovendal.ro\/wp52\/wp-content\/uploads\/2019\/04\/Matusalem-Iliescu.jpg\" \/>\n\t<meta property=\"og:image:width\" content=\"337\" \/>\n\t<meta property=\"og:image:height\" content=\"272\" \/>\n\t<meta property=\"og:image:type\" content=\"image\/jpeg\" \/>\n<meta name=\"author\" content=\"admin\" \/>\n<meta name=\"twitter:card\" content=\"summary_large_image\" \/>\n<meta name=\"twitter:label1\" content=\"Scris de\" \/>\n\t<meta name=\"twitter:data1\" content=\"admin\" \/>\n\t<meta name=\"twitter:label2\" content=\"Timp estimat pentru citire\" \/>\n\t<meta name=\"twitter:data2\" content=\"2 minute\" \/>\n<script type=\"application\/ld+json\" class=\"yoast-schema-graph\">{\"@context\":\"https:\\\/\\\/schema.org\",\"@graph\":[{\"@type\":\"Article\",\"@id\":\"https:\\\/\\\/www.lovendal.ro\\\/wp52\\\/o-dumnezeule-un-soft-genealogic-a-descoperit-ca-iliescu-se-trage-din-patriarhul-biblic-matusalem-cel-care-a-trait-969-de-ani-cat-va-trai-iliescu\\\/#article\",\"isPartOf\":{\"@id\":\"https:\\\/\\\/www.lovendal.ro\\\/wp52\\\/o-dumnezeule-un-soft-genealogic-a-descoperit-ca-iliescu-se-trage-din-patriarhul-biblic-matusalem-cel-care-a-trait-969-de-ani-cat-va-trai-iliescu\\\/\"},\"author\":{\"name\":\"admin\",\"@id\":\"https:\\\/\\\/www.lovendal.ro\\\/wp52\\\/#\\\/schema\\\/person\\\/088691de5dfc346bb0c023e1e52ef5d9\"},\"headline\":\"O, Dumnezeule! Un soft genealogic a descoperit c\u0103 Iliescu se trage din patriarhul biblic Matusalem, cel care a tr\u0103it 969 de ani! C\u00e2t va tr\u0103i Iliescu?\",\"datePublished\":\"2019-04-01T06:24:31+00:00\",\"mainEntityOfPage\":{\"@id\":\"https:\\\/\\\/www.lovendal.ro\\\/wp52\\\/o-dumnezeule-un-soft-genealogic-a-descoperit-ca-iliescu-se-trage-din-patriarhul-biblic-matusalem-cel-care-a-trait-969-de-ani-cat-va-trai-iliescu\\\/\"},\"wordCount\":427,\"publisher\":{\"@id\":\"https:\\\/\\\/www.lovendal.ro\\\/wp52\\\/#organization\"},\"image\":{\"@id\":\"https:\\\/\\\/www.lovendal.ro\\\/wp52\\\/o-dumnezeule-un-soft-genealogic-a-descoperit-ca-iliescu-se-trage-din-patriarhul-biblic-matusalem-cel-care-a-trait-969-de-ani-cat-va-trai-iliescu\\\/#primaryimage\"},\"thumbnailUrl\":\"https:\\\/\\\/www.lovendal.ro\\\/wp52\\\/wp-content\\\/uploads\\\/2019\\\/04\\\/Matusalem-Iliescu.jpg\",\"keywords\":[\"arheologi\",\"Basarab I\",\"Biblie\",\"comunism\",\"Cuza\",\"domnitori\",\"Farse si Fantezii\",\"genealogie\",\"Iliescu\",\"Internet\",\"Matusalem\",\"patriarh\",\"pre\u015fedinte\",\"Rom\u00e2nia\",\"\u015eerban Cantacuzino Vod\u0103\",\"\u015etefan cel Mare\",\"Vlad \u0162epe\u015f\"],\"articleSection\":[\"Farse si Fantezii\"],\"inLanguage\":\"ro-RO\"},{\"@type\":\"WebPage\",\"@id\":\"https:\\\/\\\/www.lovendal.ro\\\/wp52\\\/o-dumnezeule-un-soft-genealogic-a-descoperit-ca-iliescu-se-trage-din-patriarhul-biblic-matusalem-cel-care-a-trait-969-de-ani-cat-va-trai-iliescu\\\/\",\"url\":\"https:\\\/\\\/www.lovendal.ro\\\/wp52\\\/o-dumnezeule-un-soft-genealogic-a-descoperit-ca-iliescu-se-trage-din-patriarhul-biblic-matusalem-cel-care-a-trait-969-de-ani-cat-va-trai-iliescu\\\/\",\"name\":\"O, Dumnezeule! Un soft genealogic a descoperit c\u0103 Iliescu se trage din patriarhul biblic Matusalem, cel care a tr\u0103it 969 de ani! C\u00e2t va tr\u0103i Iliescu? - Secretele lui Lovendal\",\"isPartOf\":{\"@id\":\"https:\\\/\\\/www.lovendal.ro\\\/wp52\\\/#website\"},\"primaryImageOfPage\":{\"@id\":\"https:\\\/\\\/www.lovendal.ro\\\/wp52\\\/o-dumnezeule-un-soft-genealogic-a-descoperit-ca-iliescu-se-trage-din-patriarhul-biblic-matusalem-cel-care-a-trait-969-de-ani-cat-va-trai-iliescu\\\/#primaryimage\"},\"image\":{\"@id\":\"https:\\\/\\\/www.lovendal.ro\\\/wp52\\\/o-dumnezeule-un-soft-genealogic-a-descoperit-ca-iliescu-se-trage-din-patriarhul-biblic-matusalem-cel-care-a-trait-969-de-ani-cat-va-trai-iliescu\\\/#primaryimage\"},\"thumbnailUrl\":\"https:\\\/\\\/www.lovendal.ro\\\/wp52\\\/wp-content\\\/uploads\\\/2019\\\/04\\\/Matusalem-Iliescu.jpg\",\"datePublished\":\"2019-04-01T06:24:31+00:00\",\"breadcrumb\":{\"@id\":\"https:\\\/\\\/www.lovendal.ro\\\/wp52\\\/o-dumnezeule-un-soft-genealogic-a-descoperit-ca-iliescu-se-trage-din-patriarhul-biblic-matusalem-cel-care-a-trait-969-de-ani-cat-va-trai-iliescu\\\/#breadcrumb\"},\"inLanguage\":\"ro-RO\",\"potentialAction\":[{\"@type\":\"ReadAction\",\"target\":[\"https:\\\/\\\/www.lovendal.ro\\\/wp52\\\/o-dumnezeule-un-soft-genealogic-a-descoperit-ca-iliescu-se-trage-din-patriarhul-biblic-matusalem-cel-care-a-trait-969-de-ani-cat-va-trai-iliescu\\\/\"]}]},{\"@type\":\"ImageObject\",\"inLanguage\":\"ro-RO\",\"@id\":\"https:\\\/\\\/www.lovendal.ro\\\/wp52\\\/o-dumnezeule-un-soft-genealogic-a-descoperit-ca-iliescu-se-trage-din-patriarhul-biblic-matusalem-cel-care-a-trait-969-de-ani-cat-va-trai-iliescu\\\/#primaryimage\",\"url\":\"https:\\\/\\\/www.lovendal.ro\\\/wp52\\\/wp-content\\\/uploads\\\/2019\\\/04\\\/Matusalem-Iliescu.jpg\",\"contentUrl\":\"https:\\\/\\\/www.lovendal.ro\\\/wp52\\\/wp-content\\\/uploads\\\/2019\\\/04\\\/Matusalem-Iliescu.jpg\",\"width\":337,\"height\":272},{\"@type\":\"BreadcrumbList\",\"@id\":\"https:\\\/\\\/www.lovendal.ro\\\/wp52\\\/o-dumnezeule-un-soft-genealogic-a-descoperit-ca-iliescu-se-trage-din-patriarhul-biblic-matusalem-cel-care-a-trait-969-de-ani-cat-va-trai-iliescu\\\/#breadcrumb\",\"itemListElement\":[{\"@type\":\"ListItem\",\"position\":1,\"name\":\"Home\",\"item\":\"https:\\\/\\\/www.lovendal.ro\\\/wp52\\\/\"},{\"@type\":\"ListItem\",\"position\":2,\"name\":\"O, Dumnezeule! Un soft genealogic a descoperit c\u0103 Iliescu se trage din patriarhul biblic Matusalem, cel care a tr\u0103it 969 de ani! C\u00e2t va tr\u0103i Iliescu?\"}]},{\"@type\":\"WebSite\",\"@id\":\"https:\\\/\\\/www.lovendal.ro\\\/wp52\\\/#website\",\"url\":\"https:\\\/\\\/www.lovendal.ro\\\/wp52\\\/\",\"name\":\"Secretele lui Lovendal\",\"description\":\"Site de secrete, stiinta si metafizica - din 2008 -\",\"publisher\":{\"@id\":\"https:\\\/\\\/www.lovendal.ro\\\/wp52\\\/#organization\"},\"potentialAction\":[{\"@type\":\"SearchAction\",\"target\":{\"@type\":\"EntryPoint\",\"urlTemplate\":\"https:\\\/\\\/www.lovendal.ro\\\/wp52\\\/?s={search_term_string}\"},\"query-input\":{\"@type\":\"PropertyValueSpecification\",\"valueRequired\":true,\"valueName\":\"search_term_string\"}}],\"inLanguage\":\"ro-RO\"},{\"@type\":\"Organization\",\"@id\":\"https:\\\/\\\/www.lovendal.ro\\\/wp52\\\/#organization\",\"name\":\"Secretele lui Lovendal\",\"url\":\"https:\\\/\\\/www.lovendal.ro\\\/wp52\\\/\",\"logo\":{\"@type\":\"ImageObject\",\"inLanguage\":\"ro-RO\",\"@id\":\"https:\\\/\\\/www.lovendal.ro\\\/wp52\\\/#\\\/schema\\\/logo\\\/image\\\/\",\"url\":\"https:\\\/\\\/www.lovendal.ro\\\/wp52\\\/wp-content\\\/uploads\\\/2024\\\/06\\\/cropped-SLL-iun-2024-1.jpg\",\"contentUrl\":\"https:\\\/\\\/www.lovendal.ro\\\/wp52\\\/wp-content\\\/uploads\\\/2024\\\/06\\\/cropped-SLL-iun-2024-1.jpg\",\"width\":771,\"height\":240,\"caption\":\"Secretele lui Lovendal\"},\"image\":{\"@id\":\"https:\\\/\\\/www.lovendal.ro\\\/wp52\\\/#\\\/schema\\\/logo\\\/image\\\/\"},\"sameAs\":[\"https:\\\/\\\/www.facebook.com\\\/secreteleluilovendal\"]},{\"@type\":\"Person\",\"@id\":\"https:\\\/\\\/www.lovendal.ro\\\/wp52\\\/#\\\/schema\\\/person\\\/088691de5dfc346bb0c023e1e52ef5d9\",\"name\":\"admin\",\"image\":{\"@type\":\"ImageObject\",\"inLanguage\":\"ro-RO\",\"@id\":\"https:\\\/\\\/secure.gravatar.com\\\/avatar\\\/ecb9cd41f5f63c9c9b989999a59f6e2639a865ec361e9db054db0679a8f341c2?s=96&d=mm&r=g\",\"url\":\"https:\\\/\\\/secure.gravatar.com\\\/avatar\\\/ecb9cd41f5f63c9c9b989999a59f6e2639a865ec361e9db054db0679a8f341c2?s=96&d=mm&r=g\",\"contentUrl\":\"https:\\\/\\\/secure.gravatar.com\\\/avatar\\\/ecb9cd41f5f63c9c9b989999a59f6e2639a865ec361e9db054db0679a8f341c2?s=96&d=mm&r=g\",\"caption\":\"admin\"},\"sameAs\":[\"https:\\\/\\\/www.lovendal.ro\\\/wp52\"]}]}<\/script>\n<!-- \/ Yoast SEO Premium plugin. -->","yoast_head_json":{"title":"O, Dumnezeule! Un soft genealogic a descoperit c\u0103 Iliescu se trage din patriarhul biblic Matusalem, cel care a tr\u0103it 969 de ani! C\u00e2t va tr\u0103i Iliescu? - Secretele lui Lovendal","robots":{"index":"index","follow":"follow","max-snippet":"max-snippet:-1","max-image-preview":"max-image-preview:large","max-video-preview":"max-video-preview:-1"},"canonical":"https:\/\/www.lovendal.ro\/wp52\/o-dumnezeule-un-soft-genealogic-a-descoperit-ca-iliescu-se-trage-din-patriarhul-biblic-matusalem-cel-care-a-trait-969-de-ani-cat-va-trai-iliescu\/","og_locale":"ro_RO","og_type":"article","og_title":"O, Dumnezeule! Un soft genealogic a descoperit c\u0103 Iliescu se trage din patriarhul biblic Matusalem, cel care a tr\u0103it 969 de ani! C\u00e2t va tr\u0103i Iliescu?","og_description":"Genealogia este una dintre cele mai vechi, dar \u0219i printre cele mai importante, \u0219tiin\u021be auxiliare ale istoriei av\u00e2nd drept scop studiul na\u0219terii \u0219i evolu\u021bia famiililor, \u00eenrudirile care se stabilesc \u00eentre persoanele unei epoci, evolu\u021bia acestor \u00eenrudiri \u00een timp, precum \u0219i ... Cititi mai multe","og_url":"https:\/\/www.lovendal.ro\/wp52\/o-dumnezeule-un-soft-genealogic-a-descoperit-ca-iliescu-se-trage-din-patriarhul-biblic-matusalem-cel-care-a-trait-969-de-ani-cat-va-trai-iliescu\/","og_site_name":"Secretele lui Lovendal","article_publisher":"https:\/\/www.facebook.com\/secreteleluilovendal","article_published_time":"2019-04-01T06:24:31+00:00","og_image":[{"width":337,"height":272,"url":"https:\/\/www.lovendal.ro\/wp52\/wp-content\/uploads\/2019\/04\/Matusalem-Iliescu.jpg","type":"image\/jpeg"}],"author":"admin","twitter_card":"summary_large_image","twitter_misc":{"Scris de":"admin","Timp estimat pentru citire":"2 minute"},"schema":{"@context":"https:\/\/schema.org","@graph":[{"@type":"Article","@id":"https:\/\/www.lovendal.ro\/wp52\/o-dumnezeule-un-soft-genealogic-a-descoperit-ca-iliescu-se-trage-din-patriarhul-biblic-matusalem-cel-care-a-trait-969-de-ani-cat-va-trai-iliescu\/#article","isPartOf":{"@id":"https:\/\/www.lovendal.ro\/wp52\/o-dumnezeule-un-soft-genealogic-a-descoperit-ca-iliescu-se-trage-din-patriarhul-biblic-matusalem-cel-care-a-trait-969-de-ani-cat-va-trai-iliescu\/"},"author":{"name":"admin","@id":"https:\/\/www.lovendal.ro\/wp52\/#\/schema\/person\/088691de5dfc346bb0c023e1e52ef5d9"},"headline":"O, Dumnezeule! Un soft genealogic a descoperit c\u0103 Iliescu se trage din patriarhul biblic Matusalem, cel care a tr\u0103it 969 de ani! C\u00e2t va tr\u0103i Iliescu?","datePublished":"2019-04-01T06:24:31+00:00","mainEntityOfPage":{"@id":"https:\/\/www.lovendal.ro\/wp52\/o-dumnezeule-un-soft-genealogic-a-descoperit-ca-iliescu-se-trage-din-patriarhul-biblic-matusalem-cel-care-a-trait-969-de-ani-cat-va-trai-iliescu\/"},"wordCount":427,"publisher":{"@id":"https:\/\/www.lovendal.ro\/wp52\/#organization"},"image":{"@id":"https:\/\/www.lovendal.ro\/wp52\/o-dumnezeule-un-soft-genealogic-a-descoperit-ca-iliescu-se-trage-din-patriarhul-biblic-matusalem-cel-care-a-trait-969-de-ani-cat-va-trai-iliescu\/#primaryimage"},"thumbnailUrl":"https:\/\/www.lovendal.ro\/wp52\/wp-content\/uploads\/2019\/04\/Matusalem-Iliescu.jpg","keywords":["arheologi","Basarab I","Biblie","comunism","Cuza","domnitori","Farse si Fantezii","genealogie","Iliescu","Internet","Matusalem","patriarh","pre\u015fedinte","Rom\u00e2nia","\u015eerban Cantacuzino Vod\u0103","\u015etefan cel Mare","Vlad \u0162epe\u015f"],"articleSection":["Farse si Fantezii"],"inLanguage":"ro-RO"},{"@type":"WebPage","@id":"https:\/\/www.lovendal.ro\/wp52\/o-dumnezeule-un-soft-genealogic-a-descoperit-ca-iliescu-se-trage-din-patriarhul-biblic-matusalem-cel-care-a-trait-969-de-ani-cat-va-trai-iliescu\/","url":"https:\/\/www.lovendal.ro\/wp52\/o-dumnezeule-un-soft-genealogic-a-descoperit-ca-iliescu-se-trage-din-patriarhul-biblic-matusalem-cel-care-a-trait-969-de-ani-cat-va-trai-iliescu\/","name":"O, Dumnezeule! Un soft genealogic a descoperit c\u0103 Iliescu se trage din patriarhul biblic Matusalem, cel care a tr\u0103it 969 de ani! C\u00e2t va tr\u0103i Iliescu? - Secretele lui Lovendal","isPartOf":{"@id":"https:\/\/www.lovendal.ro\/wp52\/#website"},"primaryImageOfPage":{"@id":"https:\/\/www.lovendal.ro\/wp52\/o-dumnezeule-un-soft-genealogic-a-descoperit-ca-iliescu-se-trage-din-patriarhul-biblic-matusalem-cel-care-a-trait-969-de-ani-cat-va-trai-iliescu\/#primaryimage"},"image":{"@id":"https:\/\/www.lovendal.ro\/wp52\/o-dumnezeule-un-soft-genealogic-a-descoperit-ca-iliescu-se-trage-din-patriarhul-biblic-matusalem-cel-care-a-trait-969-de-ani-cat-va-trai-iliescu\/#primaryimage"},"thumbnailUrl":"https:\/\/www.lovendal.ro\/wp52\/wp-content\/uploads\/2019\/04\/Matusalem-Iliescu.jpg","datePublished":"2019-04-01T06:24:31+00:00","breadcrumb":{"@id":"https:\/\/www.lovendal.ro\/wp52\/o-dumnezeule-un-soft-genealogic-a-descoperit-ca-iliescu-se-trage-din-patriarhul-biblic-matusalem-cel-care-a-trait-969-de-ani-cat-va-trai-iliescu\/#breadcrumb"},"inLanguage":"ro-RO","potentialAction":[{"@type":"ReadAction","target":["https:\/\/www.lovendal.ro\/wp52\/o-dumnezeule-un-soft-genealogic-a-descoperit-ca-iliescu-se-trage-din-patriarhul-biblic-matusalem-cel-care-a-trait-969-de-ani-cat-va-trai-iliescu\/"]}]},{"@type":"ImageObject","inLanguage":"ro-RO","@id":"https:\/\/www.lovendal.ro\/wp52\/o-dumnezeule-un-soft-genealogic-a-descoperit-ca-iliescu-se-trage-din-patriarhul-biblic-matusalem-cel-care-a-trait-969-de-ani-cat-va-trai-iliescu\/#primaryimage","url":"https:\/\/www.lovendal.ro\/wp52\/wp-content\/uploads\/2019\/04\/Matusalem-Iliescu.jpg","contentUrl":"https:\/\/www.lovendal.ro\/wp52\/wp-content\/uploads\/2019\/04\/Matusalem-Iliescu.jpg","width":337,"height":272},{"@type":"BreadcrumbList","@id":"https:\/\/www.lovendal.ro\/wp52\/o-dumnezeule-un-soft-genealogic-a-descoperit-ca-iliescu-se-trage-din-patriarhul-biblic-matusalem-cel-care-a-trait-969-de-ani-cat-va-trai-iliescu\/#breadcrumb","itemListElement":[{"@type":"ListItem","position":1,"name":"Home","item":"https:\/\/www.lovendal.ro\/wp52\/"},{"@type":"ListItem","position":2,"name":"O, Dumnezeule! Un soft genealogic a descoperit c\u0103 Iliescu se trage din patriarhul biblic Matusalem, cel care a tr\u0103it 969 de ani! C\u00e2t va tr\u0103i Iliescu?"}]},{"@type":"WebSite","@id":"https:\/\/www.lovendal.ro\/wp52\/#website","url":"https:\/\/www.lovendal.ro\/wp52\/","name":"Secretele lui Lovendal","description":"Site de secrete, stiinta si metafizica - din 2008 -","publisher":{"@id":"https:\/\/www.lovendal.ro\/wp52\/#organization"},"potentialAction":[{"@type":"SearchAction","target":{"@type":"EntryPoint","urlTemplate":"https:\/\/www.lovendal.ro\/wp52\/?s={search_term_string}"},"query-input":{"@type":"PropertyValueSpecification","valueRequired":true,"valueName":"search_term_string"}}],"inLanguage":"ro-RO"},{"@type":"Organization","@id":"https:\/\/www.lovendal.ro\/wp52\/#organization","name":"Secretele lui Lovendal","url":"https:\/\/www.lovendal.ro\/wp52\/","logo":{"@type":"ImageObject","inLanguage":"ro-RO","@id":"https:\/\/www.lovendal.ro\/wp52\/#\/schema\/logo\/image\/","url":"https:\/\/www.lovendal.ro\/wp52\/wp-content\/uploads\/2024\/06\/cropped-SLL-iun-2024-1.jpg","contentUrl":"https:\/\/www.lovendal.ro\/wp52\/wp-content\/uploads\/2024\/06\/cropped-SLL-iun-2024-1.jpg","width":771,"height":240,"caption":"Secretele lui Lovendal"},"image":{"@id":"https:\/\/www.lovendal.ro\/wp52\/#\/schema\/logo\/image\/"},"sameAs":["https:\/\/www.facebook.com\/secreteleluilovendal"]},{"@type":"Person","@id":"https:\/\/www.lovendal.ro\/wp52\/#\/schema\/person\/088691de5dfc346bb0c023e1e52ef5d9","name":"admin","image":{"@type":"ImageObject","inLanguage":"ro-RO","@id":"https:\/\/secure.gravatar.com\/avatar\/ecb9cd41f5f63c9c9b989999a59f6e2639a865ec361e9db054db0679a8f341c2?s=96&d=mm&r=g","url":"https:\/\/secure.gravatar.com\/avatar\/ecb9cd41f5f63c9c9b989999a59f6e2639a865ec361e9db054db0679a8f341c2?s=96&d=mm&r=g","contentUrl":"https:\/\/secure.gravatar.com\/avatar\/ecb9cd41f5f63c9c9b989999a59f6e2639a865ec361e9db054db0679a8f341c2?s=96&d=mm&r=g","caption":"admin"},"sameAs":["https:\/\/www.lovendal.ro\/wp52"]}]}},"_links":{"self":[{"href":"https:\/\/www.lovendal.ro\/wp52\/wp-json\/wp\/v2\/posts\/61545","targetHints":{"allow":["GET"]}}],"collection":[{"href":"https:\/\/www.lovendal.ro\/wp52\/wp-json\/wp\/v2\/posts"}],"about":[{"href":"https:\/\/www.lovendal.ro\/wp52\/wp-json\/wp\/v2\/types\/post"}],"author":[{"embeddable":true,"href":"https:\/\/www.lovendal.ro\/wp52\/wp-json\/wp\/v2\/users\/1"}],"replies":[{"embeddable":true,"href":"https:\/\/www.lovendal.ro\/wp52\/wp-json\/wp\/v2\/comments?post=61545"}],"version-history":[{"count":0,"href":"https:\/\/www.lovendal.ro\/wp52\/wp-json\/wp\/v2\/posts\/61545\/revisions"}],"wp:featuredmedia":[{"embeddable":true,"href":"https:\/\/www.lovendal.ro\/wp52\/wp-json\/wp\/v2\/media\/61546"}],"wp:attachment":[{"href":"https:\/\/www.lovendal.ro\/wp52\/wp-json\/wp\/v2\/media?parent=61545"}],"wp:term":[{"taxonomy":"category","embeddable":true,"href":"https:\/\/www.lovendal.ro\/wp52\/wp-json\/wp\/v2\/categories?post=61545"},{"taxonomy":"post_tag","embeddable":true,"href":"https:\/\/www.lovendal.ro\/wp52\/wp-json\/wp\/v2\/tags?post=61545"}],"curies":[{"name":"wp","href":"https:\/\/api.w.org\/{rel}","templated":true}]}}