{"id":61473,"date":"2019-03-27T21:26:56","date_gmt":"2019-03-27T19:26:56","guid":{"rendered":"https:\/\/www.lovendal.ro\/wp52\/?p=61473"},"modified":"2019-03-27T21:26:56","modified_gmt":"2019-03-27T19:26:56","slug":"de-ce-nu-ne-au-contactat-extraterestrii-avansati-pana-acum-pentru-ca-suntem-o-rasa-belicoasa-si-am-pune-in-pericol-alte-lumi","status":"publish","type":"post","link":"https:\/\/www.lovendal.ro\/wp52\/de-ce-nu-ne-au-contactat-extraterestrii-avansati-pana-acum-pentru-ca-suntem-o-rasa-belicoasa-si-am-pune-in-pericol-alte-lumi\/","title":{"rendered":"De ce nu ne-au contactat extratere\u015ftrii avansa\u0163i p\u00e2n\u0103 acum? Pentru c\u0103 suntem o ras\u0103 belicoas\u0103 \u015fi am pune \u00een pericol alte lumi?"},"content":{"rendered":"<p><a href=\"https:\/\/www.lovendal.ro\/wp52\/wp-content\/uploads\/2019\/03\/extraterestri-galaxie-2.jpg\"><img loading=\"lazy\" decoding=\"async\" class=\"alignleft size-full wp-image-61474\" src=\"https:\/\/www.lovendal.ro\/wp52\/wp-content\/uploads\/2019\/03\/extraterestri-galaxie-2.jpg\" alt=\"\" width=\"335\" height=\"236\" srcset=\"https:\/\/www.lovendal.ro\/wp52\/wp-content\/uploads\/2019\/03\/extraterestri-galaxie-2.jpg 335w, https:\/\/www.lovendal.ro\/wp52\/wp-content\/uploads\/2019\/03\/extraterestri-galaxie-2-300x211.jpg 300w\" sizes=\"auto, (max-width: 335px) 100vw, 335px\" \/><\/a>Ne uit\u0103m \u00een lume \u015fi ce vedem? Se poart\u0103 r\u0103zboaie, se distruge \u00eentr-o mie de feluri planeta, atmosfera este periclitat\u0103, maleficul urc\u0103 sub limitele admise, totul se degradeaz\u0103 conform elanului \u015fi poftelor omului. Dumnezeu nu poate lua parte la aceste acte, evolu\u0163ii \u015fi fapte malefice!<\/p>\n<p>Am atins momentul c\u00e2nd nimeni nu poate spune c\u0103 este fericit sau ce \u00eenseamn\u0103 fericirea. \u00cembuibarea material\u0103 \u015fi libertatea poftelor nu fac oameni ferici\u0163i, ci elibereaz\u0103 \u00een contul instinctelor c\u00e2teva senza\u0163ii care n-au nimic de-a face cu fericirea. Miliardarii care tr\u0103iesc \u00een cele mai luxoase condi\u0163ii nu pot afirma c\u0103 sunt ferici\u0163i, fiecare moare cu convingerea unei ne\u00eempliniri. La fel ca ei sunt politicienii, oamenii succesului, oamenii de r\u00e2nd. To\u0163i au murit \u015fi vor muri cu acest sentiment, al unei ne\u00eempliniri. Chiar \u015fi cei ce se iubesc cu adev\u0103rat au aceea\u015fi soart\u0103. Acesta-i sentimentul neputin\u0163ei \u00een fa\u0163a implacabilelor legi ale Universului. S\u0103 \u00een\u0163elegem a\u015fadar; con\u015ftiin\u0163a uman\u0103 actual\u0103 este blocat\u0103, ea nu are acces la pulsul Universului.<\/p>\n<p>P\u00e2n\u0103 \u00een prezent specia uman\u0103 de pe Terra a constituit, la scara Universului \u00een care suntem cuprin\u015fi, o &#8222;ras\u0103 belicoas\u0103&#8221; \u015fi de aceea alte civiliza\u0163ii ale C\u0103ii Lactee \u015fi-au luat toate m\u0103surile necesare pentru a nu ne contacta. Pentru ca oamenii P\u0103m\u00e2ntului prin tehnologiile lor de influen\u0163\u0103 malefic\u0103 s\u0103 nu se poat\u0103 av\u00e2nta prea departe \u00een Universul nostru. Altminteri, oamenii ar fi pus \u00een pericol alte lumi galactice, put\u00e2nd deveni v\u00e2rful de lance al satanismului propagat \u00een Calea Lactee.<\/p>\n<h6><em><strong>Foto:<\/strong> <\/em><a href=\"https:\/\/pixabay.com\/ro\/photos\/fantezie-spa%C5%A3iu-galaxie-str%C4%83in-2328442\/\" target=\"_blank\" rel=\"noopener noreferrer\"><strong>pixabay.com<\/strong><\/a> (Commons Creative &#8211; free)<\/h6>\n","protected":false},"excerpt":{"rendered":"<p>Ne uit\u0103m \u00een lume \u015fi ce vedem? Se poart\u0103 r\u0103zboaie, se distruge \u00eentr-o mie de feluri planeta, atmosfera este periclitat\u0103, maleficul urc\u0103 sub limitele admise, totul se degradeaz\u0103 conform elanului \u015fi poftelor omului. Dumnezeu nu poate lua parte la aceste &#8230; <\/p>\n<p class=\"read-more-container\"><a title=\"De ce nu ne-au contactat extratere\u015ftrii avansa\u0163i p\u00e2n\u0103 acum? Pentru c\u0103 suntem o ras\u0103 belicoas\u0103 \u015fi am pune \u00een pericol alte lumi?\" class=\"read-more button\" href=\"https:\/\/www.lovendal.ro\/wp52\/de-ce-nu-ne-au-contactat-extraterestrii-avansati-pana-acum-pentru-ca-suntem-o-rasa-belicoasa-si-am-pune-in-pericol-alte-lumi\/#more-61473\" aria-label=\"Cite\u0219te mai multe despre De ce nu ne-au contactat extratere\u015ftrii avansa\u0163i p\u00e2n\u0103 acum? Pentru c\u0103 suntem o ras\u0103 belicoas\u0103 \u015fi am pune \u00een pericol alte lumi?\">Cititi mai multe<\/a><\/p>\n","protected":false},"author":1,"featured_media":61474,"comment_status":"closed","ping_status":"open","sticky":false,"template":"","format":"standard","meta":{"footnotes":""},"categories":[14],"tags":[1405,323,51,951,433,57,9796,732,1087],"class_list":["post-61473","post","type-post","status-publish","format-standard","has-post-thumbnail","hentry","category-paranormal-spiritualitate","tag-calea-lactee","tag-dumnezeu","tag-extraterestri","tag-fericire","tag-galaxie","tag-oameni","tag-paranormal-spiritualitate","tag-planeta","tag-univers","resize-featured-image"],"yoast_head":"<!-- This site is optimized with the Yoast SEO Premium plugin v23.3 (Yoast SEO v27.4) - https:\/\/yoast.com\/product\/yoast-seo-premium-wordpress\/ -->\n<title>De ce nu ne-au contactat extratere\u015ftrii avansa\u0163i p\u00e2n\u0103 acum? Pentru c\u0103 suntem o ras\u0103 belicoas\u0103 \u015fi am pune \u00een pericol alte lumi? - Secretele lui Lovendal<\/title>\n<meta name=\"robots\" content=\"index, follow, max-snippet:-1, max-image-preview:large, max-video-preview:-1\" \/>\n<link rel=\"canonical\" href=\"https:\/\/www.lovendal.ro\/wp52\/de-ce-nu-ne-au-contactat-extraterestrii-avansati-pana-acum-pentru-ca-suntem-o-rasa-belicoasa-si-am-pune-in-pericol-alte-lumi\/\" \/>\n<meta property=\"og:locale\" content=\"ro_RO\" \/>\n<meta property=\"og:type\" content=\"article\" \/>\n<meta property=\"og:title\" content=\"De ce nu ne-au contactat extratere\u015ftrii avansa\u0163i p\u00e2n\u0103 acum? Pentru c\u0103 suntem o ras\u0103 belicoas\u0103 \u015fi am pune \u00een pericol alte lumi?\" \/>\n<meta property=\"og:description\" content=\"Ne uit\u0103m \u00een lume \u015fi ce vedem? Se poart\u0103 r\u0103zboaie, se distruge \u00eentr-o mie de feluri planeta, atmosfera este periclitat\u0103, maleficul urc\u0103 sub limitele admise, totul se degradeaz\u0103 conform elanului \u015fi poftelor omului. Dumnezeu nu poate lua parte la aceste ... Cititi mai multe\" \/>\n<meta property=\"og:url\" content=\"https:\/\/www.lovendal.ro\/wp52\/de-ce-nu-ne-au-contactat-extraterestrii-avansati-pana-acum-pentru-ca-suntem-o-rasa-belicoasa-si-am-pune-in-pericol-alte-lumi\/\" \/>\n<meta property=\"og:site_name\" content=\"Secretele lui Lovendal\" \/>\n<meta property=\"article:publisher\" content=\"https:\/\/www.facebook.com\/secreteleluilovendal\" \/>\n<meta property=\"article:published_time\" content=\"2019-03-27T19:26:56+00:00\" \/>\n<meta property=\"og:image\" content=\"https:\/\/www.lovendal.ro\/wp52\/wp-content\/uploads\/2019\/03\/extraterestri-galaxie-2.jpg\" \/>\n\t<meta property=\"og:image:width\" content=\"335\" \/>\n\t<meta property=\"og:image:height\" content=\"236\" \/>\n\t<meta property=\"og:image:type\" content=\"image\/jpeg\" \/>\n<meta name=\"author\" content=\"admin\" \/>\n<meta name=\"twitter:card\" content=\"summary_large_image\" \/>\n<meta name=\"twitter:label1\" content=\"Scris de\" \/>\n\t<meta name=\"twitter:data1\" content=\"admin\" \/>\n\t<meta name=\"twitter:label2\" content=\"Timp estimat pentru citire\" \/>\n\t<meta name=\"twitter:data2\" content=\"1 minut\" \/>\n<script type=\"application\/ld+json\" class=\"yoast-schema-graph\">{\"@context\":\"https:\\\/\\\/schema.org\",\"@graph\":[{\"@type\":\"Article\",\"@id\":\"https:\\\/\\\/www.lovendal.ro\\\/wp52\\\/de-ce-nu-ne-au-contactat-extraterestrii-avansati-pana-acum-pentru-ca-suntem-o-rasa-belicoasa-si-am-pune-in-pericol-alte-lumi\\\/#article\",\"isPartOf\":{\"@id\":\"https:\\\/\\\/www.lovendal.ro\\\/wp52\\\/de-ce-nu-ne-au-contactat-extraterestrii-avansati-pana-acum-pentru-ca-suntem-o-rasa-belicoasa-si-am-pune-in-pericol-alte-lumi\\\/\"},\"author\":{\"name\":\"admin\",\"@id\":\"https:\\\/\\\/www.lovendal.ro\\\/wp52\\\/#\\\/schema\\\/person\\\/088691de5dfc346bb0c023e1e52ef5d9\"},\"headline\":\"De ce nu ne-au contactat extratere\u015ftrii avansa\u0163i p\u00e2n\u0103 acum? Pentru c\u0103 suntem o ras\u0103 belicoas\u0103 \u015fi am pune \u00een pericol alte lumi?\",\"datePublished\":\"2019-03-27T19:26:56+00:00\",\"mainEntityOfPage\":{\"@id\":\"https:\\\/\\\/www.lovendal.ro\\\/wp52\\\/de-ce-nu-ne-au-contactat-extraterestrii-avansati-pana-acum-pentru-ca-suntem-o-rasa-belicoasa-si-am-pune-in-pericol-alte-lumi\\\/\"},\"wordCount\":304,\"publisher\":{\"@id\":\"https:\\\/\\\/www.lovendal.ro\\\/wp52\\\/#organization\"},\"image\":{\"@id\":\"https:\\\/\\\/www.lovendal.ro\\\/wp52\\\/de-ce-nu-ne-au-contactat-extraterestrii-avansati-pana-acum-pentru-ca-suntem-o-rasa-belicoasa-si-am-pune-in-pericol-alte-lumi\\\/#primaryimage\"},\"thumbnailUrl\":\"https:\\\/\\\/www.lovendal.ro\\\/wp52\\\/wp-content\\\/uploads\\\/2019\\\/03\\\/extraterestri-galaxie-2.jpg\",\"keywords\":[\"Calea Lactee\",\"Dumnezeu\",\"extratere\u015ftri\",\"fericire\",\"galaxie\",\"oameni\",\"Paranormal-Spiritualitate\",\"planet\u0103\",\"Univers\"],\"articleSection\":[\"Paranormal-Spiritualitate\"],\"inLanguage\":\"ro-RO\"},{\"@type\":\"WebPage\",\"@id\":\"https:\\\/\\\/www.lovendal.ro\\\/wp52\\\/de-ce-nu-ne-au-contactat-extraterestrii-avansati-pana-acum-pentru-ca-suntem-o-rasa-belicoasa-si-am-pune-in-pericol-alte-lumi\\\/\",\"url\":\"https:\\\/\\\/www.lovendal.ro\\\/wp52\\\/de-ce-nu-ne-au-contactat-extraterestrii-avansati-pana-acum-pentru-ca-suntem-o-rasa-belicoasa-si-am-pune-in-pericol-alte-lumi\\\/\",\"name\":\"De ce nu ne-au contactat extratere\u015ftrii avansa\u0163i p\u00e2n\u0103 acum? Pentru c\u0103 suntem o ras\u0103 belicoas\u0103 \u015fi am pune \u00een pericol alte lumi? - Secretele lui Lovendal\",\"isPartOf\":{\"@id\":\"https:\\\/\\\/www.lovendal.ro\\\/wp52\\\/#website\"},\"primaryImageOfPage\":{\"@id\":\"https:\\\/\\\/www.lovendal.ro\\\/wp52\\\/de-ce-nu-ne-au-contactat-extraterestrii-avansati-pana-acum-pentru-ca-suntem-o-rasa-belicoasa-si-am-pune-in-pericol-alte-lumi\\\/#primaryimage\"},\"image\":{\"@id\":\"https:\\\/\\\/www.lovendal.ro\\\/wp52\\\/de-ce-nu-ne-au-contactat-extraterestrii-avansati-pana-acum-pentru-ca-suntem-o-rasa-belicoasa-si-am-pune-in-pericol-alte-lumi\\\/#primaryimage\"},\"thumbnailUrl\":\"https:\\\/\\\/www.lovendal.ro\\\/wp52\\\/wp-content\\\/uploads\\\/2019\\\/03\\\/extraterestri-galaxie-2.jpg\",\"datePublished\":\"2019-03-27T19:26:56+00:00\",\"breadcrumb\":{\"@id\":\"https:\\\/\\\/www.lovendal.ro\\\/wp52\\\/de-ce-nu-ne-au-contactat-extraterestrii-avansati-pana-acum-pentru-ca-suntem-o-rasa-belicoasa-si-am-pune-in-pericol-alte-lumi\\\/#breadcrumb\"},\"inLanguage\":\"ro-RO\",\"potentialAction\":[{\"@type\":\"ReadAction\",\"target\":[\"https:\\\/\\\/www.lovendal.ro\\\/wp52\\\/de-ce-nu-ne-au-contactat-extraterestrii-avansati-pana-acum-pentru-ca-suntem-o-rasa-belicoasa-si-am-pune-in-pericol-alte-lumi\\\/\"]}]},{\"@type\":\"ImageObject\",\"inLanguage\":\"ro-RO\",\"@id\":\"https:\\\/\\\/www.lovendal.ro\\\/wp52\\\/de-ce-nu-ne-au-contactat-extraterestrii-avansati-pana-acum-pentru-ca-suntem-o-rasa-belicoasa-si-am-pune-in-pericol-alte-lumi\\\/#primaryimage\",\"url\":\"https:\\\/\\\/www.lovendal.ro\\\/wp52\\\/wp-content\\\/uploads\\\/2019\\\/03\\\/extraterestri-galaxie-2.jpg\",\"contentUrl\":\"https:\\\/\\\/www.lovendal.ro\\\/wp52\\\/wp-content\\\/uploads\\\/2019\\\/03\\\/extraterestri-galaxie-2.jpg\",\"width\":335,\"height\":236},{\"@type\":\"BreadcrumbList\",\"@id\":\"https:\\\/\\\/www.lovendal.ro\\\/wp52\\\/de-ce-nu-ne-au-contactat-extraterestrii-avansati-pana-acum-pentru-ca-suntem-o-rasa-belicoasa-si-am-pune-in-pericol-alte-lumi\\\/#breadcrumb\",\"itemListElement\":[{\"@type\":\"ListItem\",\"position\":1,\"name\":\"Home\",\"item\":\"https:\\\/\\\/www.lovendal.ro\\\/wp52\\\/\"},{\"@type\":\"ListItem\",\"position\":2,\"name\":\"De ce nu ne-au contactat extratere\u015ftrii avansa\u0163i p\u00e2n\u0103 acum? Pentru c\u0103 suntem o ras\u0103 belicoas\u0103 \u015fi am pune \u00een pericol alte lumi?\"}]},{\"@type\":\"WebSite\",\"@id\":\"https:\\\/\\\/www.lovendal.ro\\\/wp52\\\/#website\",\"url\":\"https:\\\/\\\/www.lovendal.ro\\\/wp52\\\/\",\"name\":\"Secretele lui Lovendal\",\"description\":\"Site de secrete, stiinta si metafizica - din 2008 -\",\"publisher\":{\"@id\":\"https:\\\/\\\/www.lovendal.ro\\\/wp52\\\/#organization\"},\"potentialAction\":[{\"@type\":\"SearchAction\",\"target\":{\"@type\":\"EntryPoint\",\"urlTemplate\":\"https:\\\/\\\/www.lovendal.ro\\\/wp52\\\/?s={search_term_string}\"},\"query-input\":{\"@type\":\"PropertyValueSpecification\",\"valueRequired\":true,\"valueName\":\"search_term_string\"}}],\"inLanguage\":\"ro-RO\"},{\"@type\":\"Organization\",\"@id\":\"https:\\\/\\\/www.lovendal.ro\\\/wp52\\\/#organization\",\"name\":\"Secretele lui Lovendal\",\"url\":\"https:\\\/\\\/www.lovendal.ro\\\/wp52\\\/\",\"logo\":{\"@type\":\"ImageObject\",\"inLanguage\":\"ro-RO\",\"@id\":\"https:\\\/\\\/www.lovendal.ro\\\/wp52\\\/#\\\/schema\\\/logo\\\/image\\\/\",\"url\":\"https:\\\/\\\/www.lovendal.ro\\\/wp52\\\/wp-content\\\/uploads\\\/2024\\\/06\\\/cropped-SLL-iun-2024-1.jpg\",\"contentUrl\":\"https:\\\/\\\/www.lovendal.ro\\\/wp52\\\/wp-content\\\/uploads\\\/2024\\\/06\\\/cropped-SLL-iun-2024-1.jpg\",\"width\":771,\"height\":240,\"caption\":\"Secretele lui Lovendal\"},\"image\":{\"@id\":\"https:\\\/\\\/www.lovendal.ro\\\/wp52\\\/#\\\/schema\\\/logo\\\/image\\\/\"},\"sameAs\":[\"https:\\\/\\\/www.facebook.com\\\/secreteleluilovendal\"]},{\"@type\":\"Person\",\"@id\":\"https:\\\/\\\/www.lovendal.ro\\\/wp52\\\/#\\\/schema\\\/person\\\/088691de5dfc346bb0c023e1e52ef5d9\",\"name\":\"admin\",\"image\":{\"@type\":\"ImageObject\",\"inLanguage\":\"ro-RO\",\"@id\":\"https:\\\/\\\/secure.gravatar.com\\\/avatar\\\/ecb9cd41f5f63c9c9b989999a59f6e2639a865ec361e9db054db0679a8f341c2?s=96&d=mm&r=g\",\"url\":\"https:\\\/\\\/secure.gravatar.com\\\/avatar\\\/ecb9cd41f5f63c9c9b989999a59f6e2639a865ec361e9db054db0679a8f341c2?s=96&d=mm&r=g\",\"contentUrl\":\"https:\\\/\\\/secure.gravatar.com\\\/avatar\\\/ecb9cd41f5f63c9c9b989999a59f6e2639a865ec361e9db054db0679a8f341c2?s=96&d=mm&r=g\",\"caption\":\"admin\"},\"sameAs\":[\"https:\\\/\\\/www.lovendal.ro\\\/wp52\"]}]}<\/script>\n<!-- \/ Yoast SEO Premium plugin. -->","yoast_head_json":{"title":"De ce nu ne-au contactat extratere\u015ftrii avansa\u0163i p\u00e2n\u0103 acum? Pentru c\u0103 suntem o ras\u0103 belicoas\u0103 \u015fi am pune \u00een pericol alte lumi? - Secretele lui Lovendal","robots":{"index":"index","follow":"follow","max-snippet":"max-snippet:-1","max-image-preview":"max-image-preview:large","max-video-preview":"max-video-preview:-1"},"canonical":"https:\/\/www.lovendal.ro\/wp52\/de-ce-nu-ne-au-contactat-extraterestrii-avansati-pana-acum-pentru-ca-suntem-o-rasa-belicoasa-si-am-pune-in-pericol-alte-lumi\/","og_locale":"ro_RO","og_type":"article","og_title":"De ce nu ne-au contactat extratere\u015ftrii avansa\u0163i p\u00e2n\u0103 acum? Pentru c\u0103 suntem o ras\u0103 belicoas\u0103 \u015fi am pune \u00een pericol alte lumi?","og_description":"Ne uit\u0103m \u00een lume \u015fi ce vedem? Se poart\u0103 r\u0103zboaie, se distruge \u00eentr-o mie de feluri planeta, atmosfera este periclitat\u0103, maleficul urc\u0103 sub limitele admise, totul se degradeaz\u0103 conform elanului \u015fi poftelor omului. Dumnezeu nu poate lua parte la aceste ... Cititi mai multe","og_url":"https:\/\/www.lovendal.ro\/wp52\/de-ce-nu-ne-au-contactat-extraterestrii-avansati-pana-acum-pentru-ca-suntem-o-rasa-belicoasa-si-am-pune-in-pericol-alte-lumi\/","og_site_name":"Secretele lui Lovendal","article_publisher":"https:\/\/www.facebook.com\/secreteleluilovendal","article_published_time":"2019-03-27T19:26:56+00:00","og_image":[{"width":335,"height":236,"url":"https:\/\/www.lovendal.ro\/wp52\/wp-content\/uploads\/2019\/03\/extraterestri-galaxie-2.jpg","type":"image\/jpeg"}],"author":"admin","twitter_card":"summary_large_image","twitter_misc":{"Scris de":"admin","Timp estimat pentru citire":"1 minut"},"schema":{"@context":"https:\/\/schema.org","@graph":[{"@type":"Article","@id":"https:\/\/www.lovendal.ro\/wp52\/de-ce-nu-ne-au-contactat-extraterestrii-avansati-pana-acum-pentru-ca-suntem-o-rasa-belicoasa-si-am-pune-in-pericol-alte-lumi\/#article","isPartOf":{"@id":"https:\/\/www.lovendal.ro\/wp52\/de-ce-nu-ne-au-contactat-extraterestrii-avansati-pana-acum-pentru-ca-suntem-o-rasa-belicoasa-si-am-pune-in-pericol-alte-lumi\/"},"author":{"name":"admin","@id":"https:\/\/www.lovendal.ro\/wp52\/#\/schema\/person\/088691de5dfc346bb0c023e1e52ef5d9"},"headline":"De ce nu ne-au contactat extratere\u015ftrii avansa\u0163i p\u00e2n\u0103 acum? Pentru c\u0103 suntem o ras\u0103 belicoas\u0103 \u015fi am pune \u00een pericol alte lumi?","datePublished":"2019-03-27T19:26:56+00:00","mainEntityOfPage":{"@id":"https:\/\/www.lovendal.ro\/wp52\/de-ce-nu-ne-au-contactat-extraterestrii-avansati-pana-acum-pentru-ca-suntem-o-rasa-belicoasa-si-am-pune-in-pericol-alte-lumi\/"},"wordCount":304,"publisher":{"@id":"https:\/\/www.lovendal.ro\/wp52\/#organization"},"image":{"@id":"https:\/\/www.lovendal.ro\/wp52\/de-ce-nu-ne-au-contactat-extraterestrii-avansati-pana-acum-pentru-ca-suntem-o-rasa-belicoasa-si-am-pune-in-pericol-alte-lumi\/#primaryimage"},"thumbnailUrl":"https:\/\/www.lovendal.ro\/wp52\/wp-content\/uploads\/2019\/03\/extraterestri-galaxie-2.jpg","keywords":["Calea Lactee","Dumnezeu","extratere\u015ftri","fericire","galaxie","oameni","Paranormal-Spiritualitate","planet\u0103","Univers"],"articleSection":["Paranormal-Spiritualitate"],"inLanguage":"ro-RO"},{"@type":"WebPage","@id":"https:\/\/www.lovendal.ro\/wp52\/de-ce-nu-ne-au-contactat-extraterestrii-avansati-pana-acum-pentru-ca-suntem-o-rasa-belicoasa-si-am-pune-in-pericol-alte-lumi\/","url":"https:\/\/www.lovendal.ro\/wp52\/de-ce-nu-ne-au-contactat-extraterestrii-avansati-pana-acum-pentru-ca-suntem-o-rasa-belicoasa-si-am-pune-in-pericol-alte-lumi\/","name":"De ce nu ne-au contactat extratere\u015ftrii avansa\u0163i p\u00e2n\u0103 acum? Pentru c\u0103 suntem o ras\u0103 belicoas\u0103 \u015fi am pune \u00een pericol alte lumi? - Secretele lui Lovendal","isPartOf":{"@id":"https:\/\/www.lovendal.ro\/wp52\/#website"},"primaryImageOfPage":{"@id":"https:\/\/www.lovendal.ro\/wp52\/de-ce-nu-ne-au-contactat-extraterestrii-avansati-pana-acum-pentru-ca-suntem-o-rasa-belicoasa-si-am-pune-in-pericol-alte-lumi\/#primaryimage"},"image":{"@id":"https:\/\/www.lovendal.ro\/wp52\/de-ce-nu-ne-au-contactat-extraterestrii-avansati-pana-acum-pentru-ca-suntem-o-rasa-belicoasa-si-am-pune-in-pericol-alte-lumi\/#primaryimage"},"thumbnailUrl":"https:\/\/www.lovendal.ro\/wp52\/wp-content\/uploads\/2019\/03\/extraterestri-galaxie-2.jpg","datePublished":"2019-03-27T19:26:56+00:00","breadcrumb":{"@id":"https:\/\/www.lovendal.ro\/wp52\/de-ce-nu-ne-au-contactat-extraterestrii-avansati-pana-acum-pentru-ca-suntem-o-rasa-belicoasa-si-am-pune-in-pericol-alte-lumi\/#breadcrumb"},"inLanguage":"ro-RO","potentialAction":[{"@type":"ReadAction","target":["https:\/\/www.lovendal.ro\/wp52\/de-ce-nu-ne-au-contactat-extraterestrii-avansati-pana-acum-pentru-ca-suntem-o-rasa-belicoasa-si-am-pune-in-pericol-alte-lumi\/"]}]},{"@type":"ImageObject","inLanguage":"ro-RO","@id":"https:\/\/www.lovendal.ro\/wp52\/de-ce-nu-ne-au-contactat-extraterestrii-avansati-pana-acum-pentru-ca-suntem-o-rasa-belicoasa-si-am-pune-in-pericol-alte-lumi\/#primaryimage","url":"https:\/\/www.lovendal.ro\/wp52\/wp-content\/uploads\/2019\/03\/extraterestri-galaxie-2.jpg","contentUrl":"https:\/\/www.lovendal.ro\/wp52\/wp-content\/uploads\/2019\/03\/extraterestri-galaxie-2.jpg","width":335,"height":236},{"@type":"BreadcrumbList","@id":"https:\/\/www.lovendal.ro\/wp52\/de-ce-nu-ne-au-contactat-extraterestrii-avansati-pana-acum-pentru-ca-suntem-o-rasa-belicoasa-si-am-pune-in-pericol-alte-lumi\/#breadcrumb","itemListElement":[{"@type":"ListItem","position":1,"name":"Home","item":"https:\/\/www.lovendal.ro\/wp52\/"},{"@type":"ListItem","position":2,"name":"De ce nu ne-au contactat extratere\u015ftrii avansa\u0163i p\u00e2n\u0103 acum? Pentru c\u0103 suntem o ras\u0103 belicoas\u0103 \u015fi am pune \u00een pericol alte lumi?"}]},{"@type":"WebSite","@id":"https:\/\/www.lovendal.ro\/wp52\/#website","url":"https:\/\/www.lovendal.ro\/wp52\/","name":"Secretele lui Lovendal","description":"Site de secrete, stiinta si metafizica - din 2008 -","publisher":{"@id":"https:\/\/www.lovendal.ro\/wp52\/#organization"},"potentialAction":[{"@type":"SearchAction","target":{"@type":"EntryPoint","urlTemplate":"https:\/\/www.lovendal.ro\/wp52\/?s={search_term_string}"},"query-input":{"@type":"PropertyValueSpecification","valueRequired":true,"valueName":"search_term_string"}}],"inLanguage":"ro-RO"},{"@type":"Organization","@id":"https:\/\/www.lovendal.ro\/wp52\/#organization","name":"Secretele lui Lovendal","url":"https:\/\/www.lovendal.ro\/wp52\/","logo":{"@type":"ImageObject","inLanguage":"ro-RO","@id":"https:\/\/www.lovendal.ro\/wp52\/#\/schema\/logo\/image\/","url":"https:\/\/www.lovendal.ro\/wp52\/wp-content\/uploads\/2024\/06\/cropped-SLL-iun-2024-1.jpg","contentUrl":"https:\/\/www.lovendal.ro\/wp52\/wp-content\/uploads\/2024\/06\/cropped-SLL-iun-2024-1.jpg","width":771,"height":240,"caption":"Secretele lui Lovendal"},"image":{"@id":"https:\/\/www.lovendal.ro\/wp52\/#\/schema\/logo\/image\/"},"sameAs":["https:\/\/www.facebook.com\/secreteleluilovendal"]},{"@type":"Person","@id":"https:\/\/www.lovendal.ro\/wp52\/#\/schema\/person\/088691de5dfc346bb0c023e1e52ef5d9","name":"admin","image":{"@type":"ImageObject","inLanguage":"ro-RO","@id":"https:\/\/secure.gravatar.com\/avatar\/ecb9cd41f5f63c9c9b989999a59f6e2639a865ec361e9db054db0679a8f341c2?s=96&d=mm&r=g","url":"https:\/\/secure.gravatar.com\/avatar\/ecb9cd41f5f63c9c9b989999a59f6e2639a865ec361e9db054db0679a8f341c2?s=96&d=mm&r=g","contentUrl":"https:\/\/secure.gravatar.com\/avatar\/ecb9cd41f5f63c9c9b989999a59f6e2639a865ec361e9db054db0679a8f341c2?s=96&d=mm&r=g","caption":"admin"},"sameAs":["https:\/\/www.lovendal.ro\/wp52"]}]}},"_links":{"self":[{"href":"https:\/\/www.lovendal.ro\/wp52\/wp-json\/wp\/v2\/posts\/61473","targetHints":{"allow":["GET"]}}],"collection":[{"href":"https:\/\/www.lovendal.ro\/wp52\/wp-json\/wp\/v2\/posts"}],"about":[{"href":"https:\/\/www.lovendal.ro\/wp52\/wp-json\/wp\/v2\/types\/post"}],"author":[{"embeddable":true,"href":"https:\/\/www.lovendal.ro\/wp52\/wp-json\/wp\/v2\/users\/1"}],"replies":[{"embeddable":true,"href":"https:\/\/www.lovendal.ro\/wp52\/wp-json\/wp\/v2\/comments?post=61473"}],"version-history":[{"count":0,"href":"https:\/\/www.lovendal.ro\/wp52\/wp-json\/wp\/v2\/posts\/61473\/revisions"}],"wp:featuredmedia":[{"embeddable":true,"href":"https:\/\/www.lovendal.ro\/wp52\/wp-json\/wp\/v2\/media\/61474"}],"wp:attachment":[{"href":"https:\/\/www.lovendal.ro\/wp52\/wp-json\/wp\/v2\/media?parent=61473"}],"wp:term":[{"taxonomy":"category","embeddable":true,"href":"https:\/\/www.lovendal.ro\/wp52\/wp-json\/wp\/v2\/categories?post=61473"},{"taxonomy":"post_tag","embeddable":true,"href":"https:\/\/www.lovendal.ro\/wp52\/wp-json\/wp\/v2\/tags?post=61473"}],"curies":[{"name":"wp","href":"https:\/\/api.w.org\/{rel}","templated":true}]}}