{"id":61441,"date":"2019-03-26T10:29:13","date_gmt":"2019-03-26T08:29:13","guid":{"rendered":"https:\/\/www.lovendal.ro\/wp52\/?p=61441"},"modified":"2019-03-26T10:29:13","modified_gmt":"2019-03-26T08:29:13","slug":"elvis-presley-e-inca-in-viata-declaratie-socanta-a-varului-lui-elvis-care-credea-ca-in-1977-rockstar-ul-american-a-fost-inlocuit-in-sicriu-cu-o-alta-persoana","status":"publish","type":"post","link":"https:\/\/www.lovendal.ro\/wp52\/elvis-presley-e-inca-in-viata-declaratie-socanta-a-varului-lui-elvis-care-credea-ca-in-1977-rockstar-ul-american-a-fost-inlocuit-in-sicriu-cu-o-alta-persoana\/","title":{"rendered":"Elvis Presley e \u00eenc\u0103 \u00een via\u0163\u0103? Declara\u0163ie \u015focant\u0103 a v\u0103rului lui Elvis care credea c\u0103 \u00een 1977 rockstar-ul american a fost \u00eenlocuit \u00een sicriu cu o alt\u0103 persoan\u0103!"},"content":{"rendered":"<p><a href=\"https:\/\/www.lovendal.ro\/wp52\/wp-content\/uploads\/2019\/03\/ELVIS-IN-VIATA.jpg\"><img loading=\"lazy\" decoding=\"async\" class=\"alignleft size-full wp-image-61445\" src=\"https:\/\/www.lovendal.ro\/wp52\/wp-content\/uploads\/2019\/03\/ELVIS-IN-VIATA.jpg\" alt=\"\" width=\"339\" height=\"201\" srcset=\"https:\/\/www.lovendal.ro\/wp52\/wp-content\/uploads\/2019\/03\/ELVIS-IN-VIATA.jpg 339w, https:\/\/www.lovendal.ro\/wp52\/wp-content\/uploads\/2019\/03\/ELVIS-IN-VIATA-300x178.jpg 300w\" sizes=\"auto, (max-width: 339px) 100vw, 339px\" \/><\/a>Conform rapoartelor oficiale, Elvis Presley a murit tragic c\u00e2nd avea doar 42 de ani, pe 16 august 1977. Raportul medicului legist a considerat c\u0103 rock-star-ul american a murit de un atac de cord, dar conspira\u0163ioni\u015ftii sunt convin\u0219i c\u0103 regele rock and roll este \u00eenc\u0103 \u00een via\u021b\u0103, scrie cotidianul englez <a href=\"https:\/\/www.dailystar.co.uk\/news\/weird-news\/767227\/Elvis-alive-conspiracy-cousin-lists-five-things-wrong-corpse-video\" target=\"_blank\" rel=\"noopener noreferrer\"><strong>Daily Star<\/strong><\/a>. Iar dovezile pentru aceast\u0103 idee\u00a0 provin din &#8222;gre\u0219eala&#8221; pe piatra de morm\u00e2nt, din \u00eenregistr\u0103rile \u00een care Elvis vorbe\u015fte dup\u0103 moartea sa \u0219i chiar din apari\u0163iile lui Elvis, dup\u0103 1977, \u00een care acesta ar apare viu \u0219i nev\u0103t\u0103mat.<\/p>\n<p>\u00centr-un documentar ap\u0103rut \u00een 1990, intitulat <em>&#8222;The Elvis Files&#8221;<\/em> \u015fi care a fost repostat recent pe YouTube, putem vedea declara\u0163ia \u015focant\u0103 a v\u0103rului lui Elvis, Gene Smith, care vorbe\u015fte despre \u00eenmorm\u00e2narea &#8222;regelui rock&#8217;n&#8217;roll-ului&#8221;. El a declarat c\u0103 m\u00e2inile, nasul \u015fi p\u0103rul lui Elvis parc\u0103 ar\u0103tau altfel. <em>&#8222;St\u0103team acolo, uit\u00e2ndu-m\u0103 la m\u00e2inile lui. Avea ni\u015fte m\u00e2ini butuc\u0103noase, muncite, cu pielea groas\u0103, de b\u0103tr\u00e2ni. Dar acolo \u00een sicriu m\u00e2inile lui erau la fel de netede ca cele ale unui nou-n\u0103scut. Frizura lui ar\u0103ta ca \u0219i cum p\u0103rul lui ar fi fost lipit. Nasul lui era turtit, asem\u0103n\u0103tor unui c\u00e2ine mops. Nu credeam c\u0103 este el.&#8221;<\/em><\/p>\n<p>Foarte interesant e faptul c\u0103 acela\u015fi documentar din 1990 mai sus\u0163ine urm\u0103toarele lucruri:<\/p>\n<p>&#8211; Un om misterios, ce sem\u0103na foarte bine cu Elvis, a fost fotografiat \u00een casa rockstar-ului, la c\u00e2teva s\u0103pt\u0103m\u00e2ni dup\u0103 moartea sa. Cine era el? Nu cumva chiar Elvis?<\/p>\n<p><a href=\"https:\/\/www.lovendal.ro\/wp52\/wp-content\/uploads\/2019\/03\/Elvis-in-casa.jpg\"><img loading=\"lazy\" decoding=\"async\" class=\"aligncenter size-full wp-image-61442\" src=\"https:\/\/www.lovendal.ro\/wp52\/wp-content\/uploads\/2019\/03\/Elvis-in-casa.jpg\" alt=\"\" width=\"537\" height=\"302\" srcset=\"https:\/\/www.lovendal.ro\/wp52\/wp-content\/uploads\/2019\/03\/Elvis-in-casa.jpg 537w, https:\/\/www.lovendal.ro\/wp52\/wp-content\/uploads\/2019\/03\/Elvis-in-casa-300x169.jpg 300w\" sizes=\"auto, (max-width: 537px) 100vw, 537px\" \/><\/a><\/p>\n<p>&#8211; De ce pe morm\u00e2ntul lui Elvis apare scris &#8222;Elvis Aaron Presley&#8221;, c\u00e2nd pe toate actele oficiale prenumele starului american &#8211; &#8222;Aron&#8221;, este cu un singur &#8222;a&#8221; \u015fi nu cu doi de &#8222;a&#8221; (&#8222;Aaron&#8221;). Cine a f\u0103cut aceast\u0103 &#8222;gre\u015feal\u0103&#8221;?<\/p>\n<p><a href=\"https:\/\/www.lovendal.ro\/wp52\/wp-content\/uploads\/2019\/03\/mormantul-lui-Elvis.jpg\"><img loading=\"lazy\" decoding=\"async\" class=\"aligncenter size-full wp-image-61443\" src=\"https:\/\/www.lovendal.ro\/wp52\/wp-content\/uploads\/2019\/03\/mormantul-lui-Elvis.jpg\" alt=\"\" width=\"540\" height=\"299\" srcset=\"https:\/\/www.lovendal.ro\/wp52\/wp-content\/uploads\/2019\/03\/mormantul-lui-Elvis.jpg 540w, https:\/\/www.lovendal.ro\/wp52\/wp-content\/uploads\/2019\/03\/mormantul-lui-Elvis-300x166.jpg 300w\" sizes=\"auto, (max-width: 540px) 100vw, 540px\" \/><\/a>Despre teoria c\u0103 Elvis Presley ar fi \u00eenc\u0103 \u00een via\u0163\u0103 am scris mai multe articole, ca de exemplu cel din 2016 &#8211; <a href=\"https:\/\/www.lovendal.ro\/wp52\/un-barbat-pretinde-ca-l-a-filmat-pe-elvis-presley-pe-1-iunie-2016-in-timp-ce-facea-semnul-v-adica-sunt-in-viata-oameni-buni-cica-n-a-murit-in-1977\/\" target=\"_blank\" rel=\"noopener noreferrer\"><strong>Un b\u0103rbat pretinde c\u0103 l-a filmat pe Elvis Presley, pe 1 iunie 2016, \u00een timp ce f\u0103cea semnul \u201cV\u201d, adic\u0103 \u201cSunt \u00een via\u0163\u0103, oameni buni!\u201d Cic\u0103 n-a murit \u00een 1977\u2026<\/strong><\/a> &#8211; sau cel din 2013 &#8211; <a href=\"https:\/\/www.lovendal.ro\/wp52\/elvis-presley-traieste-si-azi-deghizat-intr-un-barbat-pe-nume-jon-cotner-iata-5-dovezi-sau-sunt-prea-penibile-pentru-a-fi-crezute\/\" target=\"_blank\" rel=\"noopener noreferrer\"><strong>Elvis Presley tr\u0103ie\u015fte \u015fi azi deghizat \u00eentr-un b\u0103rbat pe nume Jon Cotner. Iat\u0103 5 dovezi\u2026. sau sunt prea penibile pentru a fi crezute?<\/strong><\/a><\/p>\n<p>Videoclipul YouTube cu documentarul din 1990 despre Elvis \u00eel pute\u0163i viziona <a href=\"https:\/\/www.youtube.com\/watch?v=V7g4n5qohpc\" target=\"_blank\" rel=\"noopener noreferrer\"><strong>AICI<\/strong><\/a>.<\/p>\n<p>&nbsp;<\/p>\n","protected":false},"excerpt":{"rendered":"<p>Conform rapoartelor oficiale, Elvis Presley a murit tragic c\u00e2nd avea doar 42 de ani, pe 16 august 1977. Raportul medicului legist a considerat c\u0103 rock-star-ul american a murit de un atac de cord, dar conspira\u0163ioni\u015ftii sunt convin\u0219i c\u0103 regele rock &#8230; <\/p>\n<p class=\"read-more-container\"><a title=\"Elvis Presley e \u00eenc\u0103 \u00een via\u0163\u0103? Declara\u0163ie \u015focant\u0103 a v\u0103rului lui Elvis care credea c\u0103 \u00een 1977 rockstar-ul american a fost \u00eenlocuit \u00een sicriu cu o alt\u0103 persoan\u0103!\" class=\"read-more button\" href=\"https:\/\/www.lovendal.ro\/wp52\/elvis-presley-e-inca-in-viata-declaratie-socanta-a-varului-lui-elvis-care-credea-ca-in-1977-rockstar-ul-american-a-fost-inlocuit-in-sicriu-cu-o-alta-persoana\/#more-61441\" aria-label=\"Cite\u0219te mai multe despre Elvis Presley e \u00eenc\u0103 \u00een via\u0163\u0103? Declara\u0163ie \u015focant\u0103 a v\u0103rului lui Elvis care credea c\u0103 \u00een 1977 rockstar-ul american a fost \u00eenlocuit \u00een sicriu cu o alt\u0103 persoan\u0103!\">Cititi mai multe<\/a><\/p>\n","protected":false},"author":1,"featured_media":61445,"comment_status":"closed","ping_status":"open","sticky":false,"template":"","format":"standard","meta":{"footnotes":""},"categories":[475],"tags":[335,652,358,4522,1143,15,4979,3763,108,315,1045,1169,1953,390,3230,4223],"class_list":["post-61441","post","type-post","status-publish","format-standard","has-post-thumbnail","hentry","category-conspiratii-mistere","tag-atac-de-cord","tag-caine","tag-conspiratii-si-mistere","tag-documentar","tag-elvis-presley","tag-fotografie","tag-maini","tag-medic","tag-moarte","tag-mormant","tag-nas","tag-par","tag-piele","tag-rock","tag-sicriu","tag-youtube","resize-featured-image"],"yoast_head":"<!-- This site is optimized with the Yoast SEO Premium plugin v23.3 (Yoast SEO v27.4) - https:\/\/yoast.com\/product\/yoast-seo-premium-wordpress\/ -->\n<title>Elvis Presley e \u00eenc\u0103 \u00een via\u0163\u0103? Declara\u0163ie \u015focant\u0103 a v\u0103rului lui Elvis care credea c\u0103 \u00een 1977 rockstar-ul american a fost \u00eenlocuit \u00een sicriu cu o alt\u0103 persoan\u0103! - Secretele lui Lovendal<\/title>\n<meta name=\"robots\" content=\"index, follow, max-snippet:-1, max-image-preview:large, max-video-preview:-1\" \/>\n<link rel=\"canonical\" href=\"https:\/\/www.lovendal.ro\/wp52\/elvis-presley-e-inca-in-viata-declaratie-socanta-a-varului-lui-elvis-care-credea-ca-in-1977-rockstar-ul-american-a-fost-inlocuit-in-sicriu-cu-o-alta-persoana\/\" \/>\n<meta property=\"og:locale\" content=\"ro_RO\" \/>\n<meta property=\"og:type\" content=\"article\" \/>\n<meta property=\"og:title\" content=\"Elvis Presley e \u00eenc\u0103 \u00een via\u0163\u0103? Declara\u0163ie \u015focant\u0103 a v\u0103rului lui Elvis care credea c\u0103 \u00een 1977 rockstar-ul american a fost \u00eenlocuit \u00een sicriu cu o alt\u0103 persoan\u0103!\" \/>\n<meta property=\"og:description\" content=\"Conform rapoartelor oficiale, Elvis Presley a murit tragic c\u00e2nd avea doar 42 de ani, pe 16 august 1977. Raportul medicului legist a considerat c\u0103 rock-star-ul american a murit de un atac de cord, dar conspira\u0163ioni\u015ftii sunt convin\u0219i c\u0103 regele rock ... Cititi mai multe\" \/>\n<meta property=\"og:url\" content=\"https:\/\/www.lovendal.ro\/wp52\/elvis-presley-e-inca-in-viata-declaratie-socanta-a-varului-lui-elvis-care-credea-ca-in-1977-rockstar-ul-american-a-fost-inlocuit-in-sicriu-cu-o-alta-persoana\/\" \/>\n<meta property=\"og:site_name\" content=\"Secretele lui Lovendal\" \/>\n<meta property=\"article:publisher\" content=\"https:\/\/www.facebook.com\/secreteleluilovendal\" \/>\n<meta property=\"article:published_time\" content=\"2019-03-26T08:29:13+00:00\" \/>\n<meta property=\"og:image\" content=\"https:\/\/www.lovendal.ro\/wp52\/wp-content\/uploads\/2019\/03\/ELVIS-IN-VIATA.jpg\" \/>\n\t<meta property=\"og:image:width\" content=\"339\" \/>\n\t<meta property=\"og:image:height\" content=\"201\" \/>\n\t<meta property=\"og:image:type\" content=\"image\/jpeg\" \/>\n<meta name=\"author\" content=\"admin\" \/>\n<meta name=\"twitter:card\" content=\"summary_large_image\" \/>\n<meta name=\"twitter:label1\" content=\"Scris de\" \/>\n\t<meta name=\"twitter:data1\" content=\"admin\" \/>\n\t<meta name=\"twitter:label2\" content=\"Timp estimat pentru citire\" \/>\n\t<meta name=\"twitter:data2\" content=\"2 minute\" \/>\n<script type=\"application\/ld+json\" class=\"yoast-schema-graph\">{\"@context\":\"https:\\\/\\\/schema.org\",\"@graph\":[{\"@type\":\"Article\",\"@id\":\"https:\\\/\\\/www.lovendal.ro\\\/wp52\\\/elvis-presley-e-inca-in-viata-declaratie-socanta-a-varului-lui-elvis-care-credea-ca-in-1977-rockstar-ul-american-a-fost-inlocuit-in-sicriu-cu-o-alta-persoana\\\/#article\",\"isPartOf\":{\"@id\":\"https:\\\/\\\/www.lovendal.ro\\\/wp52\\\/elvis-presley-e-inca-in-viata-declaratie-socanta-a-varului-lui-elvis-care-credea-ca-in-1977-rockstar-ul-american-a-fost-inlocuit-in-sicriu-cu-o-alta-persoana\\\/\"},\"author\":{\"name\":\"admin\",\"@id\":\"https:\\\/\\\/www.lovendal.ro\\\/wp52\\\/#\\\/schema\\\/person\\\/088691de5dfc346bb0c023e1e52ef5d9\"},\"headline\":\"Elvis Presley e \u00eenc\u0103 \u00een via\u0163\u0103? Declara\u0163ie \u015focant\u0103 a v\u0103rului lui Elvis care credea c\u0103 \u00een 1977 rockstar-ul american a fost \u00eenlocuit \u00een sicriu cu o alt\u0103 persoan\u0103!\",\"datePublished\":\"2019-03-26T08:29:13+00:00\",\"mainEntityOfPage\":{\"@id\":\"https:\\\/\\\/www.lovendal.ro\\\/wp52\\\/elvis-presley-e-inca-in-viata-declaratie-socanta-a-varului-lui-elvis-care-credea-ca-in-1977-rockstar-ul-american-a-fost-inlocuit-in-sicriu-cu-o-alta-persoana\\\/\"},\"wordCount\":436,\"publisher\":{\"@id\":\"https:\\\/\\\/www.lovendal.ro\\\/wp52\\\/#organization\"},\"image\":{\"@id\":\"https:\\\/\\\/www.lovendal.ro\\\/wp52\\\/elvis-presley-e-inca-in-viata-declaratie-socanta-a-varului-lui-elvis-care-credea-ca-in-1977-rockstar-ul-american-a-fost-inlocuit-in-sicriu-cu-o-alta-persoana\\\/#primaryimage\"},\"thumbnailUrl\":\"https:\\\/\\\/www.lovendal.ro\\\/wp52\\\/wp-content\\\/uploads\\\/2019\\\/03\\\/ELVIS-IN-VIATA.jpg\",\"keywords\":[\"atac de cord\",\"c\u00e2ine\",\"Conspiratii si Mistere\",\"documentar\",\"Elvis Presley\",\"fotografie\",\"m\u00e2ini\",\"medic\",\"moarte\",\"morm\u00e2nt\",\"nas\",\"p\u0103r\",\"piele\",\"rock\",\"sicriu\",\"YouTube\"],\"articleSection\":[\"Conspiratii si Mistere\"],\"inLanguage\":\"ro-RO\"},{\"@type\":\"WebPage\",\"@id\":\"https:\\\/\\\/www.lovendal.ro\\\/wp52\\\/elvis-presley-e-inca-in-viata-declaratie-socanta-a-varului-lui-elvis-care-credea-ca-in-1977-rockstar-ul-american-a-fost-inlocuit-in-sicriu-cu-o-alta-persoana\\\/\",\"url\":\"https:\\\/\\\/www.lovendal.ro\\\/wp52\\\/elvis-presley-e-inca-in-viata-declaratie-socanta-a-varului-lui-elvis-care-credea-ca-in-1977-rockstar-ul-american-a-fost-inlocuit-in-sicriu-cu-o-alta-persoana\\\/\",\"name\":\"Elvis Presley e \u00eenc\u0103 \u00een via\u0163\u0103? Declara\u0163ie \u015focant\u0103 a v\u0103rului lui Elvis care credea c\u0103 \u00een 1977 rockstar-ul american a fost \u00eenlocuit \u00een sicriu cu o alt\u0103 persoan\u0103! - Secretele lui Lovendal\",\"isPartOf\":{\"@id\":\"https:\\\/\\\/www.lovendal.ro\\\/wp52\\\/#website\"},\"primaryImageOfPage\":{\"@id\":\"https:\\\/\\\/www.lovendal.ro\\\/wp52\\\/elvis-presley-e-inca-in-viata-declaratie-socanta-a-varului-lui-elvis-care-credea-ca-in-1977-rockstar-ul-american-a-fost-inlocuit-in-sicriu-cu-o-alta-persoana\\\/#primaryimage\"},\"image\":{\"@id\":\"https:\\\/\\\/www.lovendal.ro\\\/wp52\\\/elvis-presley-e-inca-in-viata-declaratie-socanta-a-varului-lui-elvis-care-credea-ca-in-1977-rockstar-ul-american-a-fost-inlocuit-in-sicriu-cu-o-alta-persoana\\\/#primaryimage\"},\"thumbnailUrl\":\"https:\\\/\\\/www.lovendal.ro\\\/wp52\\\/wp-content\\\/uploads\\\/2019\\\/03\\\/ELVIS-IN-VIATA.jpg\",\"datePublished\":\"2019-03-26T08:29:13+00:00\",\"breadcrumb\":{\"@id\":\"https:\\\/\\\/www.lovendal.ro\\\/wp52\\\/elvis-presley-e-inca-in-viata-declaratie-socanta-a-varului-lui-elvis-care-credea-ca-in-1977-rockstar-ul-american-a-fost-inlocuit-in-sicriu-cu-o-alta-persoana\\\/#breadcrumb\"},\"inLanguage\":\"ro-RO\",\"potentialAction\":[{\"@type\":\"ReadAction\",\"target\":[\"https:\\\/\\\/www.lovendal.ro\\\/wp52\\\/elvis-presley-e-inca-in-viata-declaratie-socanta-a-varului-lui-elvis-care-credea-ca-in-1977-rockstar-ul-american-a-fost-inlocuit-in-sicriu-cu-o-alta-persoana\\\/\"]}]},{\"@type\":\"ImageObject\",\"inLanguage\":\"ro-RO\",\"@id\":\"https:\\\/\\\/www.lovendal.ro\\\/wp52\\\/elvis-presley-e-inca-in-viata-declaratie-socanta-a-varului-lui-elvis-care-credea-ca-in-1977-rockstar-ul-american-a-fost-inlocuit-in-sicriu-cu-o-alta-persoana\\\/#primaryimage\",\"url\":\"https:\\\/\\\/www.lovendal.ro\\\/wp52\\\/wp-content\\\/uploads\\\/2019\\\/03\\\/ELVIS-IN-VIATA.jpg\",\"contentUrl\":\"https:\\\/\\\/www.lovendal.ro\\\/wp52\\\/wp-content\\\/uploads\\\/2019\\\/03\\\/ELVIS-IN-VIATA.jpg\",\"width\":339,\"height\":201},{\"@type\":\"BreadcrumbList\",\"@id\":\"https:\\\/\\\/www.lovendal.ro\\\/wp52\\\/elvis-presley-e-inca-in-viata-declaratie-socanta-a-varului-lui-elvis-care-credea-ca-in-1977-rockstar-ul-american-a-fost-inlocuit-in-sicriu-cu-o-alta-persoana\\\/#breadcrumb\",\"itemListElement\":[{\"@type\":\"ListItem\",\"position\":1,\"name\":\"Home\",\"item\":\"https:\\\/\\\/www.lovendal.ro\\\/wp52\\\/\"},{\"@type\":\"ListItem\",\"position\":2,\"name\":\"Elvis Presley e \u00eenc\u0103 \u00een via\u0163\u0103? Declara\u0163ie \u015focant\u0103 a v\u0103rului lui Elvis care credea c\u0103 \u00een 1977 rockstar-ul american a fost \u00eenlocuit \u00een sicriu cu o alt\u0103 persoan\u0103!\"}]},{\"@type\":\"WebSite\",\"@id\":\"https:\\\/\\\/www.lovendal.ro\\\/wp52\\\/#website\",\"url\":\"https:\\\/\\\/www.lovendal.ro\\\/wp52\\\/\",\"name\":\"Secretele lui Lovendal\",\"description\":\"Site de secrete, stiinta si metafizica - din 2008 -\",\"publisher\":{\"@id\":\"https:\\\/\\\/www.lovendal.ro\\\/wp52\\\/#organization\"},\"potentialAction\":[{\"@type\":\"SearchAction\",\"target\":{\"@type\":\"EntryPoint\",\"urlTemplate\":\"https:\\\/\\\/www.lovendal.ro\\\/wp52\\\/?s={search_term_string}\"},\"query-input\":{\"@type\":\"PropertyValueSpecification\",\"valueRequired\":true,\"valueName\":\"search_term_string\"}}],\"inLanguage\":\"ro-RO\"},{\"@type\":\"Organization\",\"@id\":\"https:\\\/\\\/www.lovendal.ro\\\/wp52\\\/#organization\",\"name\":\"Secretele lui Lovendal\",\"url\":\"https:\\\/\\\/www.lovendal.ro\\\/wp52\\\/\",\"logo\":{\"@type\":\"ImageObject\",\"inLanguage\":\"ro-RO\",\"@id\":\"https:\\\/\\\/www.lovendal.ro\\\/wp52\\\/#\\\/schema\\\/logo\\\/image\\\/\",\"url\":\"https:\\\/\\\/www.lovendal.ro\\\/wp52\\\/wp-content\\\/uploads\\\/2024\\\/06\\\/cropped-SLL-iun-2024-1.jpg\",\"contentUrl\":\"https:\\\/\\\/www.lovendal.ro\\\/wp52\\\/wp-content\\\/uploads\\\/2024\\\/06\\\/cropped-SLL-iun-2024-1.jpg\",\"width\":771,\"height\":240,\"caption\":\"Secretele lui Lovendal\"},\"image\":{\"@id\":\"https:\\\/\\\/www.lovendal.ro\\\/wp52\\\/#\\\/schema\\\/logo\\\/image\\\/\"},\"sameAs\":[\"https:\\\/\\\/www.facebook.com\\\/secreteleluilovendal\"]},{\"@type\":\"Person\",\"@id\":\"https:\\\/\\\/www.lovendal.ro\\\/wp52\\\/#\\\/schema\\\/person\\\/088691de5dfc346bb0c023e1e52ef5d9\",\"name\":\"admin\",\"image\":{\"@type\":\"ImageObject\",\"inLanguage\":\"ro-RO\",\"@id\":\"https:\\\/\\\/secure.gravatar.com\\\/avatar\\\/ecb9cd41f5f63c9c9b989999a59f6e2639a865ec361e9db054db0679a8f341c2?s=96&d=mm&r=g\",\"url\":\"https:\\\/\\\/secure.gravatar.com\\\/avatar\\\/ecb9cd41f5f63c9c9b989999a59f6e2639a865ec361e9db054db0679a8f341c2?s=96&d=mm&r=g\",\"contentUrl\":\"https:\\\/\\\/secure.gravatar.com\\\/avatar\\\/ecb9cd41f5f63c9c9b989999a59f6e2639a865ec361e9db054db0679a8f341c2?s=96&d=mm&r=g\",\"caption\":\"admin\"},\"sameAs\":[\"https:\\\/\\\/www.lovendal.ro\\\/wp52\"]}]}<\/script>\n<!-- \/ Yoast SEO Premium plugin. -->","yoast_head_json":{"title":"Elvis Presley e \u00eenc\u0103 \u00een via\u0163\u0103? Declara\u0163ie \u015focant\u0103 a v\u0103rului lui Elvis care credea c\u0103 \u00een 1977 rockstar-ul american a fost \u00eenlocuit \u00een sicriu cu o alt\u0103 persoan\u0103! - Secretele lui Lovendal","robots":{"index":"index","follow":"follow","max-snippet":"max-snippet:-1","max-image-preview":"max-image-preview:large","max-video-preview":"max-video-preview:-1"},"canonical":"https:\/\/www.lovendal.ro\/wp52\/elvis-presley-e-inca-in-viata-declaratie-socanta-a-varului-lui-elvis-care-credea-ca-in-1977-rockstar-ul-american-a-fost-inlocuit-in-sicriu-cu-o-alta-persoana\/","og_locale":"ro_RO","og_type":"article","og_title":"Elvis Presley e \u00eenc\u0103 \u00een via\u0163\u0103? Declara\u0163ie \u015focant\u0103 a v\u0103rului lui Elvis care credea c\u0103 \u00een 1977 rockstar-ul american a fost \u00eenlocuit \u00een sicriu cu o alt\u0103 persoan\u0103!","og_description":"Conform rapoartelor oficiale, Elvis Presley a murit tragic c\u00e2nd avea doar 42 de ani, pe 16 august 1977. Raportul medicului legist a considerat c\u0103 rock-star-ul american a murit de un atac de cord, dar conspira\u0163ioni\u015ftii sunt convin\u0219i c\u0103 regele rock ... Cititi mai multe","og_url":"https:\/\/www.lovendal.ro\/wp52\/elvis-presley-e-inca-in-viata-declaratie-socanta-a-varului-lui-elvis-care-credea-ca-in-1977-rockstar-ul-american-a-fost-inlocuit-in-sicriu-cu-o-alta-persoana\/","og_site_name":"Secretele lui Lovendal","article_publisher":"https:\/\/www.facebook.com\/secreteleluilovendal","article_published_time":"2019-03-26T08:29:13+00:00","og_image":[{"width":339,"height":201,"url":"https:\/\/www.lovendal.ro\/wp52\/wp-content\/uploads\/2019\/03\/ELVIS-IN-VIATA.jpg","type":"image\/jpeg"}],"author":"admin","twitter_card":"summary_large_image","twitter_misc":{"Scris de":"admin","Timp estimat pentru citire":"2 minute"},"schema":{"@context":"https:\/\/schema.org","@graph":[{"@type":"Article","@id":"https:\/\/www.lovendal.ro\/wp52\/elvis-presley-e-inca-in-viata-declaratie-socanta-a-varului-lui-elvis-care-credea-ca-in-1977-rockstar-ul-american-a-fost-inlocuit-in-sicriu-cu-o-alta-persoana\/#article","isPartOf":{"@id":"https:\/\/www.lovendal.ro\/wp52\/elvis-presley-e-inca-in-viata-declaratie-socanta-a-varului-lui-elvis-care-credea-ca-in-1977-rockstar-ul-american-a-fost-inlocuit-in-sicriu-cu-o-alta-persoana\/"},"author":{"name":"admin","@id":"https:\/\/www.lovendal.ro\/wp52\/#\/schema\/person\/088691de5dfc346bb0c023e1e52ef5d9"},"headline":"Elvis Presley e \u00eenc\u0103 \u00een via\u0163\u0103? Declara\u0163ie \u015focant\u0103 a v\u0103rului lui Elvis care credea c\u0103 \u00een 1977 rockstar-ul american a fost \u00eenlocuit \u00een sicriu cu o alt\u0103 persoan\u0103!","datePublished":"2019-03-26T08:29:13+00:00","mainEntityOfPage":{"@id":"https:\/\/www.lovendal.ro\/wp52\/elvis-presley-e-inca-in-viata-declaratie-socanta-a-varului-lui-elvis-care-credea-ca-in-1977-rockstar-ul-american-a-fost-inlocuit-in-sicriu-cu-o-alta-persoana\/"},"wordCount":436,"publisher":{"@id":"https:\/\/www.lovendal.ro\/wp52\/#organization"},"image":{"@id":"https:\/\/www.lovendal.ro\/wp52\/elvis-presley-e-inca-in-viata-declaratie-socanta-a-varului-lui-elvis-care-credea-ca-in-1977-rockstar-ul-american-a-fost-inlocuit-in-sicriu-cu-o-alta-persoana\/#primaryimage"},"thumbnailUrl":"https:\/\/www.lovendal.ro\/wp52\/wp-content\/uploads\/2019\/03\/ELVIS-IN-VIATA.jpg","keywords":["atac de cord","c\u00e2ine","Conspiratii si Mistere","documentar","Elvis Presley","fotografie","m\u00e2ini","medic","moarte","morm\u00e2nt","nas","p\u0103r","piele","rock","sicriu","YouTube"],"articleSection":["Conspiratii si Mistere"],"inLanguage":"ro-RO"},{"@type":"WebPage","@id":"https:\/\/www.lovendal.ro\/wp52\/elvis-presley-e-inca-in-viata-declaratie-socanta-a-varului-lui-elvis-care-credea-ca-in-1977-rockstar-ul-american-a-fost-inlocuit-in-sicriu-cu-o-alta-persoana\/","url":"https:\/\/www.lovendal.ro\/wp52\/elvis-presley-e-inca-in-viata-declaratie-socanta-a-varului-lui-elvis-care-credea-ca-in-1977-rockstar-ul-american-a-fost-inlocuit-in-sicriu-cu-o-alta-persoana\/","name":"Elvis Presley e \u00eenc\u0103 \u00een via\u0163\u0103? Declara\u0163ie \u015focant\u0103 a v\u0103rului lui Elvis care credea c\u0103 \u00een 1977 rockstar-ul american a fost \u00eenlocuit \u00een sicriu cu o alt\u0103 persoan\u0103! - Secretele lui Lovendal","isPartOf":{"@id":"https:\/\/www.lovendal.ro\/wp52\/#website"},"primaryImageOfPage":{"@id":"https:\/\/www.lovendal.ro\/wp52\/elvis-presley-e-inca-in-viata-declaratie-socanta-a-varului-lui-elvis-care-credea-ca-in-1977-rockstar-ul-american-a-fost-inlocuit-in-sicriu-cu-o-alta-persoana\/#primaryimage"},"image":{"@id":"https:\/\/www.lovendal.ro\/wp52\/elvis-presley-e-inca-in-viata-declaratie-socanta-a-varului-lui-elvis-care-credea-ca-in-1977-rockstar-ul-american-a-fost-inlocuit-in-sicriu-cu-o-alta-persoana\/#primaryimage"},"thumbnailUrl":"https:\/\/www.lovendal.ro\/wp52\/wp-content\/uploads\/2019\/03\/ELVIS-IN-VIATA.jpg","datePublished":"2019-03-26T08:29:13+00:00","breadcrumb":{"@id":"https:\/\/www.lovendal.ro\/wp52\/elvis-presley-e-inca-in-viata-declaratie-socanta-a-varului-lui-elvis-care-credea-ca-in-1977-rockstar-ul-american-a-fost-inlocuit-in-sicriu-cu-o-alta-persoana\/#breadcrumb"},"inLanguage":"ro-RO","potentialAction":[{"@type":"ReadAction","target":["https:\/\/www.lovendal.ro\/wp52\/elvis-presley-e-inca-in-viata-declaratie-socanta-a-varului-lui-elvis-care-credea-ca-in-1977-rockstar-ul-american-a-fost-inlocuit-in-sicriu-cu-o-alta-persoana\/"]}]},{"@type":"ImageObject","inLanguage":"ro-RO","@id":"https:\/\/www.lovendal.ro\/wp52\/elvis-presley-e-inca-in-viata-declaratie-socanta-a-varului-lui-elvis-care-credea-ca-in-1977-rockstar-ul-american-a-fost-inlocuit-in-sicriu-cu-o-alta-persoana\/#primaryimage","url":"https:\/\/www.lovendal.ro\/wp52\/wp-content\/uploads\/2019\/03\/ELVIS-IN-VIATA.jpg","contentUrl":"https:\/\/www.lovendal.ro\/wp52\/wp-content\/uploads\/2019\/03\/ELVIS-IN-VIATA.jpg","width":339,"height":201},{"@type":"BreadcrumbList","@id":"https:\/\/www.lovendal.ro\/wp52\/elvis-presley-e-inca-in-viata-declaratie-socanta-a-varului-lui-elvis-care-credea-ca-in-1977-rockstar-ul-american-a-fost-inlocuit-in-sicriu-cu-o-alta-persoana\/#breadcrumb","itemListElement":[{"@type":"ListItem","position":1,"name":"Home","item":"https:\/\/www.lovendal.ro\/wp52\/"},{"@type":"ListItem","position":2,"name":"Elvis Presley e \u00eenc\u0103 \u00een via\u0163\u0103? Declara\u0163ie \u015focant\u0103 a v\u0103rului lui Elvis care credea c\u0103 \u00een 1977 rockstar-ul american a fost \u00eenlocuit \u00een sicriu cu o alt\u0103 persoan\u0103!"}]},{"@type":"WebSite","@id":"https:\/\/www.lovendal.ro\/wp52\/#website","url":"https:\/\/www.lovendal.ro\/wp52\/","name":"Secretele lui Lovendal","description":"Site de secrete, stiinta si metafizica - din 2008 -","publisher":{"@id":"https:\/\/www.lovendal.ro\/wp52\/#organization"},"potentialAction":[{"@type":"SearchAction","target":{"@type":"EntryPoint","urlTemplate":"https:\/\/www.lovendal.ro\/wp52\/?s={search_term_string}"},"query-input":{"@type":"PropertyValueSpecification","valueRequired":true,"valueName":"search_term_string"}}],"inLanguage":"ro-RO"},{"@type":"Organization","@id":"https:\/\/www.lovendal.ro\/wp52\/#organization","name":"Secretele lui Lovendal","url":"https:\/\/www.lovendal.ro\/wp52\/","logo":{"@type":"ImageObject","inLanguage":"ro-RO","@id":"https:\/\/www.lovendal.ro\/wp52\/#\/schema\/logo\/image\/","url":"https:\/\/www.lovendal.ro\/wp52\/wp-content\/uploads\/2024\/06\/cropped-SLL-iun-2024-1.jpg","contentUrl":"https:\/\/www.lovendal.ro\/wp52\/wp-content\/uploads\/2024\/06\/cropped-SLL-iun-2024-1.jpg","width":771,"height":240,"caption":"Secretele lui Lovendal"},"image":{"@id":"https:\/\/www.lovendal.ro\/wp52\/#\/schema\/logo\/image\/"},"sameAs":["https:\/\/www.facebook.com\/secreteleluilovendal"]},{"@type":"Person","@id":"https:\/\/www.lovendal.ro\/wp52\/#\/schema\/person\/088691de5dfc346bb0c023e1e52ef5d9","name":"admin","image":{"@type":"ImageObject","inLanguage":"ro-RO","@id":"https:\/\/secure.gravatar.com\/avatar\/ecb9cd41f5f63c9c9b989999a59f6e2639a865ec361e9db054db0679a8f341c2?s=96&d=mm&r=g","url":"https:\/\/secure.gravatar.com\/avatar\/ecb9cd41f5f63c9c9b989999a59f6e2639a865ec361e9db054db0679a8f341c2?s=96&d=mm&r=g","contentUrl":"https:\/\/secure.gravatar.com\/avatar\/ecb9cd41f5f63c9c9b989999a59f6e2639a865ec361e9db054db0679a8f341c2?s=96&d=mm&r=g","caption":"admin"},"sameAs":["https:\/\/www.lovendal.ro\/wp52"]}]}},"_links":{"self":[{"href":"https:\/\/www.lovendal.ro\/wp52\/wp-json\/wp\/v2\/posts\/61441","targetHints":{"allow":["GET"]}}],"collection":[{"href":"https:\/\/www.lovendal.ro\/wp52\/wp-json\/wp\/v2\/posts"}],"about":[{"href":"https:\/\/www.lovendal.ro\/wp52\/wp-json\/wp\/v2\/types\/post"}],"author":[{"embeddable":true,"href":"https:\/\/www.lovendal.ro\/wp52\/wp-json\/wp\/v2\/users\/1"}],"replies":[{"embeddable":true,"href":"https:\/\/www.lovendal.ro\/wp52\/wp-json\/wp\/v2\/comments?post=61441"}],"version-history":[{"count":0,"href":"https:\/\/www.lovendal.ro\/wp52\/wp-json\/wp\/v2\/posts\/61441\/revisions"}],"wp:featuredmedia":[{"embeddable":true,"href":"https:\/\/www.lovendal.ro\/wp52\/wp-json\/wp\/v2\/media\/61445"}],"wp:attachment":[{"href":"https:\/\/www.lovendal.ro\/wp52\/wp-json\/wp\/v2\/media?parent=61441"}],"wp:term":[{"taxonomy":"category","embeddable":true,"href":"https:\/\/www.lovendal.ro\/wp52\/wp-json\/wp\/v2\/categories?post=61441"},{"taxonomy":"post_tag","embeddable":true,"href":"https:\/\/www.lovendal.ro\/wp52\/wp-json\/wp\/v2\/tags?post=61441"}],"curies":[{"name":"wp","href":"https:\/\/api.w.org\/{rel}","templated":true}]}}