{"id":61349,"date":"2019-03-20T11:00:43","date_gmt":"2019-03-20T09:00:43","guid":{"rendered":"https:\/\/www.lovendal.ro\/wp52\/?p=61349"},"modified":"2019-03-20T11:00:43","modified_gmt":"2019-03-20T09:00:43","slug":"o-noua-specie-umana-descoperita-ii-socheaza-pe-paleontologi-homo-naledi-dovada-ca-teoria-evolutionista-clasica-este-gresita","status":"publish","type":"post","link":"https:\/\/www.lovendal.ro\/wp52\/o-noua-specie-umana-descoperita-ii-socheaza-pe-paleontologi-homo-naledi-dovada-ca-teoria-evolutionista-clasica-este-gresita\/","title":{"rendered":"O nou\u0103 specie uman\u0103 descoperit\u0103 \u00eei \u015focheaz\u0103 pe paleontologi &#8211; Homo Naledi. Dovada c\u0103 teoria evolu\u0163ionist\u0103 clasic\u0103 este gre\u015fit\u0103!"},"content":{"rendered":"<p><a href=\"https:\/\/www.lovendal.ro\/wp52\/wp-content\/uploads\/2019\/03\/Homo-naledi.jpg\"><img loading=\"lazy\" decoding=\"async\" class=\"alignleft size-full wp-image-61350\" src=\"https:\/\/www.lovendal.ro\/wp52\/wp-content\/uploads\/2019\/03\/Homo-naledi.jpg\" alt=\"\" width=\"336\" height=\"252\" srcset=\"https:\/\/www.lovendal.ro\/wp52\/wp-content\/uploads\/2019\/03\/Homo-naledi.jpg 336w, https:\/\/www.lovendal.ro\/wp52\/wp-content\/uploads\/2019\/03\/Homo-naledi-300x225.jpg 300w\" sizes=\"auto, (max-width: 336px) 100vw, 336px\" \/><\/a>Originea uman\u0103&#8230; cine suntem noi \u0219i de unde venim? Pentru a afla r\u0103spunsul la aceast\u0103 \u00eentrebare, paleontologii trebuie s\u0103 analizeze fosile umane, care dateaz\u0103 de mii, zeci de mii, sute de mii sau milioane de ani. \u00cen anul 2015, o echip\u0103 de paleontologi, au descoperit un nou gen de hominizi &#8211; Homo Naledi.<\/p>\n<p>Ultimii str\u0103mo\u015fi comuni \u00eentre oameni \u015fi maimu\u0163e au ap\u0103rut acum 6-8 milioane de ani. Hominizii timpurii (str\u0103mo\u015fii oamenilor de ast\u0103zi) au evoluat \u00eentr-un grup cunoscut sub numele de &#8222;australopitecini&#8221;. Ace\u015ftia au evoluat \u00een genul &#8222;Homo&#8221; \u015fi \u00een oamenii moderni.<\/p>\n<p>Cu fiecare nou\u0103 fosil\u0103 descoperit\u0103, ne apropiem mai mult pentru a descoperi cine suntem noi \u015fi de unde provenim. Cu aceste noi fosile descoperite, oamenii de \u015ftiin\u0163\u0103 \u015fi-au dat seama c\u0103 trebuie s\u0103 fac\u0103 modific\u0103ri \u00een acest arbore. P\u00e2n\u0103 la aceast\u0103 descoperire, se credea c\u0103 se cunoa\u015fte modelul evolu\u0163ionar. Dar fosilele noi descoperite sugereaz\u0103 faptul c\u0103 popula\u0163iile timpurii ale genului &#8222;Homo&#8221; au evoluat \u00een Africa \u00een urm\u0103 cu 2-3 milioane de ani. Asta \u00eenseamn\u0103 c\u0103 \u00een urm\u0103 cu aproximativ 300.000 de ani avem primele semne ale existen\u0163ei oamenilor moderni.<\/p>\n<p>Vechile fosile demonstrau anumite tendin\u0163e de la vechii no\u015ftri str\u0103mo\u015fi la oamenii moderni. De exemplu, creierul nostru a devenit mai mare, fa\u0163\u0103 de restul corpului. Pelvisul nostru a devenit \u00een form\u0103 de bol, iar forma m\u00e2inilor noastre sugereaz\u0103 o schimbare, prin folosirea instrumentelor de piatr\u0103, petrec\u00e2nd mai pu\u0163in timp \u00een copaci. Dar aceste noi fosile descoperite schimb\u0103 tot ceea ce \u015ftiam despre aceste tendin\u0163e \u015fi ne for\u0163eaz\u0103 s\u0103 schimb\u0103m felul \u00een care ne g\u00e2ndim la evolu\u0163ia uman\u0103.<\/p>\n<p>\u00cen Africa de Sud se g\u0103sesc numeroase situri arheologice, \u00een care s-au descoperit sute \u015fi mii de fosile. Iar noile fosile descoperite provin din Africa de Sud, mai precis din &#8222;Camera Dinaledi&#8221;, din sistemul de pe\u015fteri &#8222;Rising Star&#8221;. Din aceste pe\u015fteri au fost g\u0103site p\u00e2n\u0103 \u00een prezent circa 1.800 de fragmente care reprezint\u0103 aproximativ 15 schelete individuale.<\/p>\n<p>Echipa de paleontologi a avut rolul de a compara \u015fi a analiza fosilele, pentru a identifica c\u0103rei specii apar\u0163in fosilele. Ei au constatat c\u0103 diferitele p\u0103r\u0163i din scheletele descoperite nu se potrivesc niciunei specii cunoscute p\u00e2n\u0103 \u00een prezent. Craniul sau pelvisul lor parc\u0103 proveneau din specii diferite. Anatomia scheletelor nu avea niciun sens, nepotrivindu-se cu modelul evolu\u0163iei umane. Apar\u0163inea geniului &#8222;Homo&#8221;? Era vorba de australopitecini? Sau poate c\u0103 era vorba de o nou\u0103 specie?<\/p>\n<p>\u00cen cele din urm\u0103, paleontologii au decis c\u0103 scheletele din &#8222;Rising Star&#8221; apar\u0163ineau unei noi specii de str\u0103mo\u015fi umani, care a fost denumit\u0103 &#8222;Homo naledi&#8221;. Din cap p\u00e2n\u0103 \u00een picioare, fosilele prezentau \u015fi caracteristici primitive, dar \u015fi moderne. Craniul pare a fi mai aproape de speciile timpurii ale geniului &#8222;Homo&#8221;, ca Homo habilis sau Homo erectus. Totu\u015fi, creierul este jum\u0103tate din m\u0103rimea creierului uman modern, fiind chiar mai mic dec\u00e2t oricare fosil\u0103 de creier g\u0103sit\u0103 ce apar\u0163ine genului &#8222;Homo&#8221;.<\/p>\n<p>S\u0103 ne referim la din\u0163i&#8230; la oamenii moderni, cel de-al treilea molar este cel mai mic, \u00een timp ce primul molar este cel mai mare. \u00cen schimb, la Homo naledi este invers: primul molar este cel mai mic, pe c\u00e2nd al treilea este cel mai mare. Din punct de vedere al pozi\u0163iei umerilor, echipa de cercet\u0103tori a dedus c\u0103 Homo naledi era un c\u0103\u0163\u0103r\u0103tor, iar degetele curbate sunt caracteristice genului &#8222;Homo&#8221;. Totu\u015fi, \u00eencheietura m\u00e2inii \u015fi picioarele mai lungi sunt caracteristice altor specii umane.<\/p>\n<p>\u0162in\u00e2nd cont de creierul mic, paleontologii au crezut ini\u0163ial c\u0103 fosilele ar trebui s\u0103 aib\u0103 2 milioane de ani vechime, \u00eens\u0103, dup\u0103 mai multe analize s-a estimat c\u0103 Homo naledi are \u00eentre 235.000 \u015fi 335.000 de ani vechime, extrem de recent pentru un creier at\u00e2t de mic. Acest lucru se bate cap \u00een cap cu idee evolu\u0163ionist\u0103 c\u0103 creierul uman a devenit, de-a lungul timpului, din ce \u00een ce mai mare, raportat la trup. Nicio alt\u0103 specie nu mai exist\u0103 cu acest mix de tr\u0103s\u0103turi primitive. De ce exist\u0103 at\u00e2t de mult\u0103 varia\u0163ie \u00een genul Homo?<\/p>\n<p>O alt\u0103 consecin\u0163\u0103 a descoperirii arat\u0103 c\u0103 acum 300.000 de ani, \u00een Africa, co-existau diferite specii de oameni primitivi cu oamenii moderni. P\u00e2n\u0103 la aceast\u0103 descoperire, se \u015ftia doar de existen\u0163a oamenilor moderni \u00een Africa, cu creierul mare. Oare s-au \u00eemperechiat \u00eentre ei? Oare au concurat \u00eentre ei?<\/p>\n<h6><em><strong>Sursa<\/strong><\/em> (traducerea si adaptarea proprie):<a href=\"https:\/\/www.youtube.com\/watch?v=xv4_L5zlYaA\" target=\"_blank\" rel=\"noopener noreferrer\"><strong> videoclipul YouTube &#8222;How a new species of ancestors is changing our theory of human evolution by Juliet Brophy&#8221;<\/strong><\/a><\/h6>\n<p>&nbsp;<\/p>\n","protected":false},"excerpt":{"rendered":"<p>Originea uman\u0103&#8230; cine suntem noi \u0219i de unde venim? Pentru a afla r\u0103spunsul la aceast\u0103 \u00eentrebare, paleontologii trebuie s\u0103 analizeze fosile umane, care dateaz\u0103 de mii, zeci de mii, sute de mii sau milioane de ani. \u00cen anul 2015, o &#8230; <\/p>\n<p class=\"read-more-container\"><a title=\"O nou\u0103 specie uman\u0103 descoperit\u0103 \u00eei \u015focheaz\u0103 pe paleontologi &#8211; Homo Naledi. Dovada c\u0103 teoria evolu\u0163ionist\u0103 clasic\u0103 este gre\u015fit\u0103!\" class=\"read-more button\" href=\"https:\/\/www.lovendal.ro\/wp52\/o-noua-specie-umana-descoperita-ii-socheaza-pe-paleontologi-homo-naledi-dovada-ca-teoria-evolutionista-clasica-este-gresita\/#more-61349\" aria-label=\"Cite\u0219te mai multe despre O nou\u0103 specie uman\u0103 descoperit\u0103 \u00eei \u015focheaz\u0103 pe paleontologi &#8211; Homo Naledi. Dovada c\u0103 teoria evolu\u0163ionist\u0103 clasic\u0103 este gre\u015fit\u0103!\">Cititi mai multe<\/a><\/p>\n","protected":false},"author":1,"featured_media":61350,"comment_status":"closed","ping_status":"open","sticky":false,"template":"","format":"standard","meta":{"footnotes":""},"categories":[9],"tags":[235,1939,13392,2286,1496,230,1542,7628,3751,13391,1532,1838,4979,57,9484,13393,2890,1514,284,3091],"class_list":["post-61349","post","type-post","status-publish","format-standard","has-post-thumbnail","hentry","category-istorie","tag-africa","tag-africa-de-sud","tag-australopitecini","tag-copaci","tag-craniu","tag-creier","tag-dinti","tag-homo-erectus","tag-homo-habilis","tag-homo-naledi","tag-istorie-si-civilizatii","tag-maimute","tag-maini","tag-oameni","tag-paleontolog","tag-pelvis","tag-pestera","tag-piatra","tag-picioare","tag-schelet","resize-featured-image"],"yoast_head":"<!-- This site is optimized with the Yoast SEO Premium plugin v23.3 (Yoast SEO v27.4) - https:\/\/yoast.com\/product\/yoast-seo-premium-wordpress\/ -->\n<title>O nou\u0103 specie uman\u0103 descoperit\u0103 \u00eei \u015focheaz\u0103 pe paleontologi - Homo Naledi. Dovada c\u0103 teoria evolu\u0163ionist\u0103 clasic\u0103 este gre\u015fit\u0103! - Secretele lui Lovendal<\/title>\n<meta name=\"robots\" content=\"index, follow, max-snippet:-1, max-image-preview:large, max-video-preview:-1\" \/>\n<link rel=\"canonical\" href=\"https:\/\/www.lovendal.ro\/wp52\/o-noua-specie-umana-descoperita-ii-socheaza-pe-paleontologi-homo-naledi-dovada-ca-teoria-evolutionista-clasica-este-gresita\/\" \/>\n<meta property=\"og:locale\" content=\"ro_RO\" \/>\n<meta property=\"og:type\" content=\"article\" \/>\n<meta property=\"og:title\" content=\"O nou\u0103 specie uman\u0103 descoperit\u0103 \u00eei \u015focheaz\u0103 pe paleontologi - Homo Naledi. Dovada c\u0103 teoria evolu\u0163ionist\u0103 clasic\u0103 este gre\u015fit\u0103!\" \/>\n<meta property=\"og:description\" content=\"Originea uman\u0103&#8230; cine suntem noi \u0219i de unde venim? Pentru a afla r\u0103spunsul la aceast\u0103 \u00eentrebare, paleontologii trebuie s\u0103 analizeze fosile umane, care dateaz\u0103 de mii, zeci de mii, sute de mii sau milioane de ani. \u00cen anul 2015, o ... Cititi mai multe\" \/>\n<meta property=\"og:url\" content=\"https:\/\/www.lovendal.ro\/wp52\/o-noua-specie-umana-descoperita-ii-socheaza-pe-paleontologi-homo-naledi-dovada-ca-teoria-evolutionista-clasica-este-gresita\/\" \/>\n<meta property=\"og:site_name\" content=\"Secretele lui Lovendal\" \/>\n<meta property=\"article:publisher\" content=\"https:\/\/www.facebook.com\/secreteleluilovendal\" \/>\n<meta property=\"article:published_time\" content=\"2019-03-20T09:00:43+00:00\" \/>\n<meta property=\"og:image\" content=\"https:\/\/www.lovendal.ro\/wp52\/wp-content\/uploads\/2019\/03\/Homo-naledi.jpg\" \/>\n\t<meta property=\"og:image:width\" content=\"336\" \/>\n\t<meta property=\"og:image:height\" content=\"252\" \/>\n\t<meta property=\"og:image:type\" content=\"image\/jpeg\" \/>\n<meta name=\"author\" content=\"admin\" \/>\n<meta name=\"twitter:card\" content=\"summary_large_image\" \/>\n<meta name=\"twitter:label1\" content=\"Scris de\" \/>\n\t<meta name=\"twitter:data1\" content=\"admin\" \/>\n\t<meta name=\"twitter:label2\" content=\"Timp estimat pentru citire\" \/>\n\t<meta name=\"twitter:data2\" content=\"4 minute\" \/>\n<script type=\"application\/ld+json\" class=\"yoast-schema-graph\">{\"@context\":\"https:\\\/\\\/schema.org\",\"@graph\":[{\"@type\":\"Article\",\"@id\":\"https:\\\/\\\/www.lovendal.ro\\\/wp52\\\/o-noua-specie-umana-descoperita-ii-socheaza-pe-paleontologi-homo-naledi-dovada-ca-teoria-evolutionista-clasica-este-gresita\\\/#article\",\"isPartOf\":{\"@id\":\"https:\\\/\\\/www.lovendal.ro\\\/wp52\\\/o-noua-specie-umana-descoperita-ii-socheaza-pe-paleontologi-homo-naledi-dovada-ca-teoria-evolutionista-clasica-este-gresita\\\/\"},\"author\":{\"name\":\"admin\",\"@id\":\"https:\\\/\\\/www.lovendal.ro\\\/wp52\\\/#\\\/schema\\\/person\\\/088691de5dfc346bb0c023e1e52ef5d9\"},\"headline\":\"O nou\u0103 specie uman\u0103 descoperit\u0103 \u00eei \u015focheaz\u0103 pe paleontologi &#8211; Homo Naledi. Dovada c\u0103 teoria evolu\u0163ionist\u0103 clasic\u0103 este gre\u015fit\u0103!\",\"datePublished\":\"2019-03-20T09:00:43+00:00\",\"mainEntityOfPage\":{\"@id\":\"https:\\\/\\\/www.lovendal.ro\\\/wp52\\\/o-noua-specie-umana-descoperita-ii-socheaza-pe-paleontologi-homo-naledi-dovada-ca-teoria-evolutionista-clasica-este-gresita\\\/\"},\"wordCount\":799,\"publisher\":{\"@id\":\"https:\\\/\\\/www.lovendal.ro\\\/wp52\\\/#organization\"},\"image\":{\"@id\":\"https:\\\/\\\/www.lovendal.ro\\\/wp52\\\/o-noua-specie-umana-descoperita-ii-socheaza-pe-paleontologi-homo-naledi-dovada-ca-teoria-evolutionista-clasica-este-gresita\\\/#primaryimage\"},\"thumbnailUrl\":\"https:\\\/\\\/www.lovendal.ro\\\/wp52\\\/wp-content\\\/uploads\\\/2019\\\/03\\\/Homo-naledi.jpg\",\"keywords\":[\"Africa\",\"Africa de Sud\",\"australopitecini\",\"copaci\",\"craniu\",\"creier\",\"din\u0163i\",\"Homo Erectus\",\"Homo habilis\",\"Homo naledi\",\"Istorie si Civilizatii\",\"maimu\u0163e\",\"m\u00e2ini\",\"oameni\",\"paleontolog\",\"pelvis\",\"pe\u015fter\u0103\",\"piatr\u0103\",\"picioare\",\"schelet\"],\"articleSection\":[\"Istorie si Civilizatii\"],\"inLanguage\":\"ro-RO\"},{\"@type\":\"WebPage\",\"@id\":\"https:\\\/\\\/www.lovendal.ro\\\/wp52\\\/o-noua-specie-umana-descoperita-ii-socheaza-pe-paleontologi-homo-naledi-dovada-ca-teoria-evolutionista-clasica-este-gresita\\\/\",\"url\":\"https:\\\/\\\/www.lovendal.ro\\\/wp52\\\/o-noua-specie-umana-descoperita-ii-socheaza-pe-paleontologi-homo-naledi-dovada-ca-teoria-evolutionista-clasica-este-gresita\\\/\",\"name\":\"O nou\u0103 specie uman\u0103 descoperit\u0103 \u00eei \u015focheaz\u0103 pe paleontologi - Homo Naledi. Dovada c\u0103 teoria evolu\u0163ionist\u0103 clasic\u0103 este gre\u015fit\u0103! - Secretele lui Lovendal\",\"isPartOf\":{\"@id\":\"https:\\\/\\\/www.lovendal.ro\\\/wp52\\\/#website\"},\"primaryImageOfPage\":{\"@id\":\"https:\\\/\\\/www.lovendal.ro\\\/wp52\\\/o-noua-specie-umana-descoperita-ii-socheaza-pe-paleontologi-homo-naledi-dovada-ca-teoria-evolutionista-clasica-este-gresita\\\/#primaryimage\"},\"image\":{\"@id\":\"https:\\\/\\\/www.lovendal.ro\\\/wp52\\\/o-noua-specie-umana-descoperita-ii-socheaza-pe-paleontologi-homo-naledi-dovada-ca-teoria-evolutionista-clasica-este-gresita\\\/#primaryimage\"},\"thumbnailUrl\":\"https:\\\/\\\/www.lovendal.ro\\\/wp52\\\/wp-content\\\/uploads\\\/2019\\\/03\\\/Homo-naledi.jpg\",\"datePublished\":\"2019-03-20T09:00:43+00:00\",\"breadcrumb\":{\"@id\":\"https:\\\/\\\/www.lovendal.ro\\\/wp52\\\/o-noua-specie-umana-descoperita-ii-socheaza-pe-paleontologi-homo-naledi-dovada-ca-teoria-evolutionista-clasica-este-gresita\\\/#breadcrumb\"},\"inLanguage\":\"ro-RO\",\"potentialAction\":[{\"@type\":\"ReadAction\",\"target\":[\"https:\\\/\\\/www.lovendal.ro\\\/wp52\\\/o-noua-specie-umana-descoperita-ii-socheaza-pe-paleontologi-homo-naledi-dovada-ca-teoria-evolutionista-clasica-este-gresita\\\/\"]}]},{\"@type\":\"ImageObject\",\"inLanguage\":\"ro-RO\",\"@id\":\"https:\\\/\\\/www.lovendal.ro\\\/wp52\\\/o-noua-specie-umana-descoperita-ii-socheaza-pe-paleontologi-homo-naledi-dovada-ca-teoria-evolutionista-clasica-este-gresita\\\/#primaryimage\",\"url\":\"https:\\\/\\\/www.lovendal.ro\\\/wp52\\\/wp-content\\\/uploads\\\/2019\\\/03\\\/Homo-naledi.jpg\",\"contentUrl\":\"https:\\\/\\\/www.lovendal.ro\\\/wp52\\\/wp-content\\\/uploads\\\/2019\\\/03\\\/Homo-naledi.jpg\",\"width\":336,\"height\":252},{\"@type\":\"BreadcrumbList\",\"@id\":\"https:\\\/\\\/www.lovendal.ro\\\/wp52\\\/o-noua-specie-umana-descoperita-ii-socheaza-pe-paleontologi-homo-naledi-dovada-ca-teoria-evolutionista-clasica-este-gresita\\\/#breadcrumb\",\"itemListElement\":[{\"@type\":\"ListItem\",\"position\":1,\"name\":\"Home\",\"item\":\"https:\\\/\\\/www.lovendal.ro\\\/wp52\\\/\"},{\"@type\":\"ListItem\",\"position\":2,\"name\":\"O nou\u0103 specie uman\u0103 descoperit\u0103 \u00eei \u015focheaz\u0103 pe paleontologi &#8211; Homo Naledi. Dovada c\u0103 teoria evolu\u0163ionist\u0103 clasic\u0103 este gre\u015fit\u0103!\"}]},{\"@type\":\"WebSite\",\"@id\":\"https:\\\/\\\/www.lovendal.ro\\\/wp52\\\/#website\",\"url\":\"https:\\\/\\\/www.lovendal.ro\\\/wp52\\\/\",\"name\":\"Secretele lui Lovendal\",\"description\":\"Site de secrete, stiinta si metafizica - din 2008 -\",\"publisher\":{\"@id\":\"https:\\\/\\\/www.lovendal.ro\\\/wp52\\\/#organization\"},\"potentialAction\":[{\"@type\":\"SearchAction\",\"target\":{\"@type\":\"EntryPoint\",\"urlTemplate\":\"https:\\\/\\\/www.lovendal.ro\\\/wp52\\\/?s={search_term_string}\"},\"query-input\":{\"@type\":\"PropertyValueSpecification\",\"valueRequired\":true,\"valueName\":\"search_term_string\"}}],\"inLanguage\":\"ro-RO\"},{\"@type\":\"Organization\",\"@id\":\"https:\\\/\\\/www.lovendal.ro\\\/wp52\\\/#organization\",\"name\":\"Secretele lui Lovendal\",\"url\":\"https:\\\/\\\/www.lovendal.ro\\\/wp52\\\/\",\"logo\":{\"@type\":\"ImageObject\",\"inLanguage\":\"ro-RO\",\"@id\":\"https:\\\/\\\/www.lovendal.ro\\\/wp52\\\/#\\\/schema\\\/logo\\\/image\\\/\",\"url\":\"https:\\\/\\\/www.lovendal.ro\\\/wp52\\\/wp-content\\\/uploads\\\/2024\\\/06\\\/cropped-SLL-iun-2024-1.jpg\",\"contentUrl\":\"https:\\\/\\\/www.lovendal.ro\\\/wp52\\\/wp-content\\\/uploads\\\/2024\\\/06\\\/cropped-SLL-iun-2024-1.jpg\",\"width\":771,\"height\":240,\"caption\":\"Secretele lui Lovendal\"},\"image\":{\"@id\":\"https:\\\/\\\/www.lovendal.ro\\\/wp52\\\/#\\\/schema\\\/logo\\\/image\\\/\"},\"sameAs\":[\"https:\\\/\\\/www.facebook.com\\\/secreteleluilovendal\"]},{\"@type\":\"Person\",\"@id\":\"https:\\\/\\\/www.lovendal.ro\\\/wp52\\\/#\\\/schema\\\/person\\\/088691de5dfc346bb0c023e1e52ef5d9\",\"name\":\"admin\",\"image\":{\"@type\":\"ImageObject\",\"inLanguage\":\"ro-RO\",\"@id\":\"https:\\\/\\\/secure.gravatar.com\\\/avatar\\\/ecb9cd41f5f63c9c9b989999a59f6e2639a865ec361e9db054db0679a8f341c2?s=96&d=mm&r=g\",\"url\":\"https:\\\/\\\/secure.gravatar.com\\\/avatar\\\/ecb9cd41f5f63c9c9b989999a59f6e2639a865ec361e9db054db0679a8f341c2?s=96&d=mm&r=g\",\"contentUrl\":\"https:\\\/\\\/secure.gravatar.com\\\/avatar\\\/ecb9cd41f5f63c9c9b989999a59f6e2639a865ec361e9db054db0679a8f341c2?s=96&d=mm&r=g\",\"caption\":\"admin\"},\"sameAs\":[\"https:\\\/\\\/www.lovendal.ro\\\/wp52\"]}]}<\/script>\n<!-- \/ Yoast SEO Premium plugin. -->","yoast_head_json":{"title":"O nou\u0103 specie uman\u0103 descoperit\u0103 \u00eei \u015focheaz\u0103 pe paleontologi - Homo Naledi. Dovada c\u0103 teoria evolu\u0163ionist\u0103 clasic\u0103 este gre\u015fit\u0103! - Secretele lui Lovendal","robots":{"index":"index","follow":"follow","max-snippet":"max-snippet:-1","max-image-preview":"max-image-preview:large","max-video-preview":"max-video-preview:-1"},"canonical":"https:\/\/www.lovendal.ro\/wp52\/o-noua-specie-umana-descoperita-ii-socheaza-pe-paleontologi-homo-naledi-dovada-ca-teoria-evolutionista-clasica-este-gresita\/","og_locale":"ro_RO","og_type":"article","og_title":"O nou\u0103 specie uman\u0103 descoperit\u0103 \u00eei \u015focheaz\u0103 pe paleontologi - Homo Naledi. Dovada c\u0103 teoria evolu\u0163ionist\u0103 clasic\u0103 este gre\u015fit\u0103!","og_description":"Originea uman\u0103&#8230; cine suntem noi \u0219i de unde venim? Pentru a afla r\u0103spunsul la aceast\u0103 \u00eentrebare, paleontologii trebuie s\u0103 analizeze fosile umane, care dateaz\u0103 de mii, zeci de mii, sute de mii sau milioane de ani. \u00cen anul 2015, o ... Cititi mai multe","og_url":"https:\/\/www.lovendal.ro\/wp52\/o-noua-specie-umana-descoperita-ii-socheaza-pe-paleontologi-homo-naledi-dovada-ca-teoria-evolutionista-clasica-este-gresita\/","og_site_name":"Secretele lui Lovendal","article_publisher":"https:\/\/www.facebook.com\/secreteleluilovendal","article_published_time":"2019-03-20T09:00:43+00:00","og_image":[{"width":336,"height":252,"url":"https:\/\/www.lovendal.ro\/wp52\/wp-content\/uploads\/2019\/03\/Homo-naledi.jpg","type":"image\/jpeg"}],"author":"admin","twitter_card":"summary_large_image","twitter_misc":{"Scris de":"admin","Timp estimat pentru citire":"4 minute"},"schema":{"@context":"https:\/\/schema.org","@graph":[{"@type":"Article","@id":"https:\/\/www.lovendal.ro\/wp52\/o-noua-specie-umana-descoperita-ii-socheaza-pe-paleontologi-homo-naledi-dovada-ca-teoria-evolutionista-clasica-este-gresita\/#article","isPartOf":{"@id":"https:\/\/www.lovendal.ro\/wp52\/o-noua-specie-umana-descoperita-ii-socheaza-pe-paleontologi-homo-naledi-dovada-ca-teoria-evolutionista-clasica-este-gresita\/"},"author":{"name":"admin","@id":"https:\/\/www.lovendal.ro\/wp52\/#\/schema\/person\/088691de5dfc346bb0c023e1e52ef5d9"},"headline":"O nou\u0103 specie uman\u0103 descoperit\u0103 \u00eei \u015focheaz\u0103 pe paleontologi &#8211; Homo Naledi. Dovada c\u0103 teoria evolu\u0163ionist\u0103 clasic\u0103 este gre\u015fit\u0103!","datePublished":"2019-03-20T09:00:43+00:00","mainEntityOfPage":{"@id":"https:\/\/www.lovendal.ro\/wp52\/o-noua-specie-umana-descoperita-ii-socheaza-pe-paleontologi-homo-naledi-dovada-ca-teoria-evolutionista-clasica-este-gresita\/"},"wordCount":799,"publisher":{"@id":"https:\/\/www.lovendal.ro\/wp52\/#organization"},"image":{"@id":"https:\/\/www.lovendal.ro\/wp52\/o-noua-specie-umana-descoperita-ii-socheaza-pe-paleontologi-homo-naledi-dovada-ca-teoria-evolutionista-clasica-este-gresita\/#primaryimage"},"thumbnailUrl":"https:\/\/www.lovendal.ro\/wp52\/wp-content\/uploads\/2019\/03\/Homo-naledi.jpg","keywords":["Africa","Africa de Sud","australopitecini","copaci","craniu","creier","din\u0163i","Homo Erectus","Homo habilis","Homo naledi","Istorie si Civilizatii","maimu\u0163e","m\u00e2ini","oameni","paleontolog","pelvis","pe\u015fter\u0103","piatr\u0103","picioare","schelet"],"articleSection":["Istorie si Civilizatii"],"inLanguage":"ro-RO"},{"@type":"WebPage","@id":"https:\/\/www.lovendal.ro\/wp52\/o-noua-specie-umana-descoperita-ii-socheaza-pe-paleontologi-homo-naledi-dovada-ca-teoria-evolutionista-clasica-este-gresita\/","url":"https:\/\/www.lovendal.ro\/wp52\/o-noua-specie-umana-descoperita-ii-socheaza-pe-paleontologi-homo-naledi-dovada-ca-teoria-evolutionista-clasica-este-gresita\/","name":"O nou\u0103 specie uman\u0103 descoperit\u0103 \u00eei \u015focheaz\u0103 pe paleontologi - Homo Naledi. Dovada c\u0103 teoria evolu\u0163ionist\u0103 clasic\u0103 este gre\u015fit\u0103! - Secretele lui Lovendal","isPartOf":{"@id":"https:\/\/www.lovendal.ro\/wp52\/#website"},"primaryImageOfPage":{"@id":"https:\/\/www.lovendal.ro\/wp52\/o-noua-specie-umana-descoperita-ii-socheaza-pe-paleontologi-homo-naledi-dovada-ca-teoria-evolutionista-clasica-este-gresita\/#primaryimage"},"image":{"@id":"https:\/\/www.lovendal.ro\/wp52\/o-noua-specie-umana-descoperita-ii-socheaza-pe-paleontologi-homo-naledi-dovada-ca-teoria-evolutionista-clasica-este-gresita\/#primaryimage"},"thumbnailUrl":"https:\/\/www.lovendal.ro\/wp52\/wp-content\/uploads\/2019\/03\/Homo-naledi.jpg","datePublished":"2019-03-20T09:00:43+00:00","breadcrumb":{"@id":"https:\/\/www.lovendal.ro\/wp52\/o-noua-specie-umana-descoperita-ii-socheaza-pe-paleontologi-homo-naledi-dovada-ca-teoria-evolutionista-clasica-este-gresita\/#breadcrumb"},"inLanguage":"ro-RO","potentialAction":[{"@type":"ReadAction","target":["https:\/\/www.lovendal.ro\/wp52\/o-noua-specie-umana-descoperita-ii-socheaza-pe-paleontologi-homo-naledi-dovada-ca-teoria-evolutionista-clasica-este-gresita\/"]}]},{"@type":"ImageObject","inLanguage":"ro-RO","@id":"https:\/\/www.lovendal.ro\/wp52\/o-noua-specie-umana-descoperita-ii-socheaza-pe-paleontologi-homo-naledi-dovada-ca-teoria-evolutionista-clasica-este-gresita\/#primaryimage","url":"https:\/\/www.lovendal.ro\/wp52\/wp-content\/uploads\/2019\/03\/Homo-naledi.jpg","contentUrl":"https:\/\/www.lovendal.ro\/wp52\/wp-content\/uploads\/2019\/03\/Homo-naledi.jpg","width":336,"height":252},{"@type":"BreadcrumbList","@id":"https:\/\/www.lovendal.ro\/wp52\/o-noua-specie-umana-descoperita-ii-socheaza-pe-paleontologi-homo-naledi-dovada-ca-teoria-evolutionista-clasica-este-gresita\/#breadcrumb","itemListElement":[{"@type":"ListItem","position":1,"name":"Home","item":"https:\/\/www.lovendal.ro\/wp52\/"},{"@type":"ListItem","position":2,"name":"O nou\u0103 specie uman\u0103 descoperit\u0103 \u00eei \u015focheaz\u0103 pe paleontologi &#8211; Homo Naledi. Dovada c\u0103 teoria evolu\u0163ionist\u0103 clasic\u0103 este gre\u015fit\u0103!"}]},{"@type":"WebSite","@id":"https:\/\/www.lovendal.ro\/wp52\/#website","url":"https:\/\/www.lovendal.ro\/wp52\/","name":"Secretele lui Lovendal","description":"Site de secrete, stiinta si metafizica - din 2008 -","publisher":{"@id":"https:\/\/www.lovendal.ro\/wp52\/#organization"},"potentialAction":[{"@type":"SearchAction","target":{"@type":"EntryPoint","urlTemplate":"https:\/\/www.lovendal.ro\/wp52\/?s={search_term_string}"},"query-input":{"@type":"PropertyValueSpecification","valueRequired":true,"valueName":"search_term_string"}}],"inLanguage":"ro-RO"},{"@type":"Organization","@id":"https:\/\/www.lovendal.ro\/wp52\/#organization","name":"Secretele lui Lovendal","url":"https:\/\/www.lovendal.ro\/wp52\/","logo":{"@type":"ImageObject","inLanguage":"ro-RO","@id":"https:\/\/www.lovendal.ro\/wp52\/#\/schema\/logo\/image\/","url":"https:\/\/www.lovendal.ro\/wp52\/wp-content\/uploads\/2024\/06\/cropped-SLL-iun-2024-1.jpg","contentUrl":"https:\/\/www.lovendal.ro\/wp52\/wp-content\/uploads\/2024\/06\/cropped-SLL-iun-2024-1.jpg","width":771,"height":240,"caption":"Secretele lui Lovendal"},"image":{"@id":"https:\/\/www.lovendal.ro\/wp52\/#\/schema\/logo\/image\/"},"sameAs":["https:\/\/www.facebook.com\/secreteleluilovendal"]},{"@type":"Person","@id":"https:\/\/www.lovendal.ro\/wp52\/#\/schema\/person\/088691de5dfc346bb0c023e1e52ef5d9","name":"admin","image":{"@type":"ImageObject","inLanguage":"ro-RO","@id":"https:\/\/secure.gravatar.com\/avatar\/ecb9cd41f5f63c9c9b989999a59f6e2639a865ec361e9db054db0679a8f341c2?s=96&d=mm&r=g","url":"https:\/\/secure.gravatar.com\/avatar\/ecb9cd41f5f63c9c9b989999a59f6e2639a865ec361e9db054db0679a8f341c2?s=96&d=mm&r=g","contentUrl":"https:\/\/secure.gravatar.com\/avatar\/ecb9cd41f5f63c9c9b989999a59f6e2639a865ec361e9db054db0679a8f341c2?s=96&d=mm&r=g","caption":"admin"},"sameAs":["https:\/\/www.lovendal.ro\/wp52"]}]}},"_links":{"self":[{"href":"https:\/\/www.lovendal.ro\/wp52\/wp-json\/wp\/v2\/posts\/61349","targetHints":{"allow":["GET"]}}],"collection":[{"href":"https:\/\/www.lovendal.ro\/wp52\/wp-json\/wp\/v2\/posts"}],"about":[{"href":"https:\/\/www.lovendal.ro\/wp52\/wp-json\/wp\/v2\/types\/post"}],"author":[{"embeddable":true,"href":"https:\/\/www.lovendal.ro\/wp52\/wp-json\/wp\/v2\/users\/1"}],"replies":[{"embeddable":true,"href":"https:\/\/www.lovendal.ro\/wp52\/wp-json\/wp\/v2\/comments?post=61349"}],"version-history":[{"count":0,"href":"https:\/\/www.lovendal.ro\/wp52\/wp-json\/wp\/v2\/posts\/61349\/revisions"}],"wp:featuredmedia":[{"embeddable":true,"href":"https:\/\/www.lovendal.ro\/wp52\/wp-json\/wp\/v2\/media\/61350"}],"wp:attachment":[{"href":"https:\/\/www.lovendal.ro\/wp52\/wp-json\/wp\/v2\/media?parent=61349"}],"wp:term":[{"taxonomy":"category","embeddable":true,"href":"https:\/\/www.lovendal.ro\/wp52\/wp-json\/wp\/v2\/categories?post=61349"},{"taxonomy":"post_tag","embeddable":true,"href":"https:\/\/www.lovendal.ro\/wp52\/wp-json\/wp\/v2\/tags?post=61349"}],"curies":[{"name":"wp","href":"https:\/\/api.w.org\/{rel}","templated":true}]}}