{"id":6015,"date":"2009-07-02T20:35:26","date_gmt":"2009-07-02T17:35:26","guid":{"rendered":"http:\/\/www.lovendal.net\/wp52\/?p=6015"},"modified":"2009-07-02T20:35:26","modified_gmt":"2009-07-02T17:35:26","slug":"cum-s-a-sinucis-inventatorul-radioului-fm-din-cauza-marilor-corporatii","status":"publish","type":"post","link":"https:\/\/www.lovendal.ro\/wp52\/cum-s-a-sinucis-inventatorul-radioului-fm-din-cauza-marilor-corporatii\/","title":{"rendered":"Cum s-a sinucis inventatorul radioului FM din cauza marilor corpora\u0163ii"},"content":{"rendered":"<p><em><a href=\"https:\/\/www.lovendal.ro\/wp52\/wp-content\/uploads\/2009\/07\/radio.jpg\"><img loading=\"lazy\" decoding=\"async\" class=\"alignleft size-full wp-image-6016\" title=\"radio\" src=\"https:\/\/www.lovendal.ro\/wp52\/wp-content\/uploads\/2009\/07\/radio.jpg\" alt=\"radio\" width=\"320\" height=\"262\" \/><\/a>\u201eAM \u00eenseamn\u0103 muzic\u0103 obi\u015fnuit\u0103 (Average Music), iar FM \u00eenseamn\u0103 muzic\u0103 deosebit\u0103 (Fancy Music)&#8221;. <\/em>De\u015fi incorect\u0103 din punct de vedere tehnic, aceast\u0103 p\u0103rere a unui t\u00e2n\u0103r dintr-un ora\u015f minier din zona rural\u0103 a statului Pennsylvania caracteriza destul de bine \u00eenceputurile transmisiunilor \u00een band\u0103 FM, ce con\u0163ineau doar muzic\u0103 clasic\u0103, \u00een timp ce muzica la mod\u0103 era difuzat\u0103 de posturile AM.<\/p>\n<p>FM, care \u00eenseamn\u0103 modula\u0163ie de frecven\u0163\u0103 (AM \u00eenseamn\u0103 modula\u0163ie de amplitudine), a fost inventat\u0103 de Edwin Howard Armstrong \u00een \u00eencercarea de a ob\u0163ine o claritate de cristal a frecven\u0163elor \u00eenalte \u015fi o rezonan\u0163\u0103 puternic\u0103 a ba\u015filor, concomitent cu reducerea zgomotului de fond.<\/p>\n<p>Mul\u0163i s-ar fi a\u015fteptat ca inventatorul transmisiei radio FM s\u0103 fie \u00eent\u00eempinat cu ropote de aplauze, iar inven\u0163ia s\u0103-i fie pus\u0103 imediat \u00een aplicare. \u00cens\u0103 dezvoltarea acestui tip de transmisie radio, \u00een ciuda poten\u0163ialului s\u0103u ridicat, recunoscut imediat de toat\u0103 lumea, a fost fr\u00e2nat\u0103 vreme de mul\u0163i ani de birocra\u0163ie \u015fi de reglement\u0103ri meschine. Cei ce dictau progresul \u00een America i-au ponegrit reputa\u0163ia lui Armstrong, iar h\u0103r\u0163uirile acestora l-au \u00eempins \u00een cele din urm\u0103 la sinucidere.<\/p>\n<p>Armstrong realizase unul dintre primele receptoare func\u0163ionale de transmisii AM pe c\u00eend era \u00eenc\u0103 student, \u00een anul 1912. \u00cens\u0103 fiind pasionat de muzic\u0103, \u00eel deranjau zgomotul de fond \u015fi distorsion\u0103rile produse de aparatul s\u0103u, precum \u015fi de celelalte aparate timpurii. El \u015fi-a dat seama c\u0103 problema se datora \u00een mare parte faptului c\u0103 posturile de radio emiteau \u00een AM, care, conform denumirii, pot modifica amplitudinea (adic\u0103 volumul) semnalului, \u00eens\u0103 nu-i pot \u00eembun\u0103t\u0103\u0163i frecven\u0163a &#8211; o component\u0103 mai important\u0103 a sunetului, mai ales \u00een cazul muzicii, care are o gam\u0103 de frecven\u0163e cu mult mai larg\u0103 dec\u00e2t cea a vocii umane.<\/p>\n<p>Armstrong, al c\u0103rui geniu inovator este adeseori comparat cu cel al lui Edison, a construit astfel primul emi\u0163\u0103tor ce modula frecven\u0163a. Transmisiile timpurii ale acestuia, realizate din v\u00e2rful cl\u0103dirii Empire State Building dintr-un studio experimental ce-i fusese \u00eemprumutat de c\u0103tre nou-formata Corpora\u0163ie American\u0103 de Radio (RCA), i-au confirmat teoriile. Muzica transmis\u0103 \u00een band\u0103 FM era practic lipsit\u0103 de zgomot de fond \u015fi se remarca printr-o fidelitate ce nu putea fi ob\u0163inut\u0103 prin transmisii AM. Cu siguran\u0163\u0103, se g\u00e2ndea t\u00e2n\u0103rul Armstrong, satisf\u0103cut, transmisiile radio aveau s\u0103 fie revolu\u0163ionate.<\/p>\n<p>Ins\u0103 se \u00een\u015fela. Tem\u00e2ndu-se c\u0103 investi\u0163iile importante f\u0103cute \u00een emiterea \u00een band\u0103 AM vor fi subminate, iar locul frunta\u015f ocupat \u00een domeniu \u00eei va fi uzurpat, RCA, al\u0103turi de alte re\u0163ele, l-au t\u00e2r\u00e2t pe Armstrong \u00een procese interminabile, transform\u00e2ndu-l \u00eentr-un proscris al acestei industrii. Chiar \u015fi Comisia Comunica\u0163iilor Federale (FCC), sub influen\u0163a ostilit\u0103\u0163ii manifestate de re\u0163ele fa\u0163\u0103 de Armstrong, a plasat \u00eentreaga band\u0103 FM \u00eentr-un domeniu nefavorabil de transmisii \u015fi a limitat drastic puterea de emisie a posturilor FM. Cur\u00e2nd dup\u0103 aceasta, FCC a emis \u015fi alte reguli ce restric\u0163ionau suplimentar emisiile \u00een band\u0103 FM, fr\u00e2n\u00e2ndu-le dezvoltarea.<\/p>\n<p>Armstrong a devenit depresiv. Se luptase ani de zile cu industria radio \u015fi cu Comisia Federal\u0103, deschiz\u00e2nd o \u00eentreag\u0103 re\u0163ea de posturi FM \u00een statul New England \u015fi asigur\u00e2nd \u00een acea zon\u0103 primele transmisii radio calitativ superioare de muzic\u0103; acum, aceste posturi erau \u00een primejdie. El crease de unul singur aproape toat\u0103 schema circuitelor de baz\u0103, ce este folosit\u0103 \u015fi \u00een prezent \u00een emisiile FM; la acea dat\u0103 exista riscul ca, prin regulile emise de FCC, \u00eentregul echipament s\u0103 devin\u0103 desuet. \u00cen anul 1954, c\u00e2nd majoritatea patentelor sale ingenioase erau amenin\u0163ate de procese intentate de marile corpora\u0163ii, Armstrong a s\u0103rit \u00een gol din apartamentul s\u0103u din Park Avenue.<\/p>\n","protected":false},"excerpt":{"rendered":"<p>\u201eAM \u00eenseamn\u0103 muzic\u0103 obi\u015fnuit\u0103 (Average Music), iar FM \u00eenseamn\u0103 muzic\u0103 deosebit\u0103 (Fancy Music)&#8221;. De\u015fi incorect\u0103 din punct de vedere tehnic, aceast\u0103 p\u0103rere a unui t\u00e2n\u0103r dintr-un ora\u015f minier din zona rural\u0103 a statului Pennsylvania caracteriza destul de bine \u00eenceputurile transmisiunilor &#8230; <\/p>\n<p class=\"read-more-container\"><a title=\"Cum s-a sinucis inventatorul radioului FM din cauza marilor corpora\u0163ii\" class=\"read-more button\" href=\"https:\/\/www.lovendal.ro\/wp52\/cum-s-a-sinucis-inventatorul-radioului-fm-din-cauza-marilor-corporatii\/#more-6015\" aria-label=\"Cite\u0219te mai multe despre Cum s-a sinucis inventatorul radioului FM din cauza marilor corpora\u0163ii\">Cititi mai multe<\/a><\/p>\n","protected":false},"author":1,"featured_media":6016,"comment_status":"open","ping_status":"closed","sticky":false,"template":"","format":"standard","meta":{"footnotes":""},"categories":[106],"tags":[1767,1693,232,9803,23],"class_list":["post-6015","post","type-post","status-publish","format-standard","has-post-thumbnail","hentry","category-stiinta","tag-fm","tag-inventii","tag-radio","tag-stiinta","tag-sua"],"yoast_head":"<!-- This site is optimized with the Yoast SEO Premium plugin v23.3 (Yoast SEO v27.4) - https:\/\/yoast.com\/product\/yoast-seo-premium-wordpress\/ -->\n<title>Cum s-a sinucis inventatorul radioului FM din cauza marilor corpora\u0163ii - Secretele lui Lovendal<\/title>\n<meta name=\"robots\" content=\"index, follow, max-snippet:-1, max-image-preview:large, max-video-preview:-1\" \/>\n<link rel=\"canonical\" href=\"https:\/\/www.lovendal.ro\/wp52\/cum-s-a-sinucis-inventatorul-radioului-fm-din-cauza-marilor-corporatii\/\" \/>\n<meta property=\"og:locale\" content=\"ro_RO\" \/>\n<meta property=\"og:type\" content=\"article\" \/>\n<meta property=\"og:title\" content=\"Cum s-a sinucis inventatorul radioului FM din cauza marilor corpora\u0163ii\" \/>\n<meta property=\"og:description\" content=\"\u201eAM \u00eenseamn\u0103 muzic\u0103 obi\u015fnuit\u0103 (Average Music), iar FM \u00eenseamn\u0103 muzic\u0103 deosebit\u0103 (Fancy Music)&#8221;. De\u015fi incorect\u0103 din punct de vedere tehnic, aceast\u0103 p\u0103rere a unui t\u00e2n\u0103r dintr-un ora\u015f minier din zona rural\u0103 a statului Pennsylvania caracteriza destul de bine \u00eenceputurile transmisiunilor ... Cititi mai multe\" \/>\n<meta property=\"og:url\" content=\"https:\/\/www.lovendal.ro\/wp52\/cum-s-a-sinucis-inventatorul-radioului-fm-din-cauza-marilor-corporatii\/\" \/>\n<meta property=\"og:site_name\" content=\"Secretele lui Lovendal\" \/>\n<meta property=\"article:publisher\" content=\"https:\/\/www.facebook.com\/secreteleluilovendal\" \/>\n<meta property=\"article:published_time\" content=\"2009-07-02T17:35:26+00:00\" \/>\n<meta property=\"og:image\" content=\"https:\/\/www.lovendal.ro\/wp52\/wp-content\/uploads\/2009\/07\/radio.jpg\" \/>\n\t<meta property=\"og:image:width\" content=\"369\" \/>\n\t<meta property=\"og:image:height\" content=\"292\" \/>\n\t<meta property=\"og:image:type\" content=\"image\/jpeg\" \/>\n<meta name=\"author\" content=\"admin\" \/>\n<meta name=\"twitter:card\" content=\"summary_large_image\" \/>\n<meta name=\"twitter:label1\" content=\"Scris de\" \/>\n\t<meta name=\"twitter:data1\" content=\"admin\" \/>\n\t<meta name=\"twitter:label2\" content=\"Timp estimat pentru citire\" \/>\n\t<meta name=\"twitter:data2\" content=\"3 minute\" \/>\n<script type=\"application\/ld+json\" class=\"yoast-schema-graph\">{\"@context\":\"https:\\\/\\\/schema.org\",\"@graph\":[{\"@type\":\"Article\",\"@id\":\"https:\\\/\\\/www.lovendal.ro\\\/wp52\\\/cum-s-a-sinucis-inventatorul-radioului-fm-din-cauza-marilor-corporatii\\\/#article\",\"isPartOf\":{\"@id\":\"https:\\\/\\\/www.lovendal.ro\\\/wp52\\\/cum-s-a-sinucis-inventatorul-radioului-fm-din-cauza-marilor-corporatii\\\/\"},\"author\":{\"name\":\"admin\",\"@id\":\"https:\\\/\\\/www.lovendal.ro\\\/wp52\\\/#\\\/schema\\\/person\\\/088691de5dfc346bb0c023e1e52ef5d9\"},\"headline\":\"Cum s-a sinucis inventatorul radioului FM din cauza marilor corpora\u0163ii\",\"datePublished\":\"2009-07-02T17:35:26+00:00\",\"mainEntityOfPage\":{\"@id\":\"https:\\\/\\\/www.lovendal.ro\\\/wp52\\\/cum-s-a-sinucis-inventatorul-radioului-fm-din-cauza-marilor-corporatii\\\/\"},\"wordCount\":650,\"commentCount\":0,\"publisher\":{\"@id\":\"https:\\\/\\\/www.lovendal.ro\\\/wp52\\\/#organization\"},\"image\":{\"@id\":\"https:\\\/\\\/www.lovendal.ro\\\/wp52\\\/cum-s-a-sinucis-inventatorul-radioului-fm-din-cauza-marilor-corporatii\\\/#primaryimage\"},\"thumbnailUrl\":\"https:\\\/\\\/www.lovendal.ro\\\/wp52\\\/wp-content\\\/uploads\\\/2009\\\/07\\\/radio.jpg\",\"keywords\":[\"FM\",\"inven\u0163ii\",\"radio\",\"Stiinta\",\"SUA\"],\"articleSection\":[\"Stiinta\"],\"inLanguage\":\"ro-RO\",\"potentialAction\":[{\"@type\":\"CommentAction\",\"name\":\"Comment\",\"target\":[\"https:\\\/\\\/www.lovendal.ro\\\/wp52\\\/cum-s-a-sinucis-inventatorul-radioului-fm-din-cauza-marilor-corporatii\\\/#respond\"]}]},{\"@type\":\"WebPage\",\"@id\":\"https:\\\/\\\/www.lovendal.ro\\\/wp52\\\/cum-s-a-sinucis-inventatorul-radioului-fm-din-cauza-marilor-corporatii\\\/\",\"url\":\"https:\\\/\\\/www.lovendal.ro\\\/wp52\\\/cum-s-a-sinucis-inventatorul-radioului-fm-din-cauza-marilor-corporatii\\\/\",\"name\":\"Cum s-a sinucis inventatorul radioului FM din cauza marilor corpora\u0163ii - Secretele lui Lovendal\",\"isPartOf\":{\"@id\":\"https:\\\/\\\/www.lovendal.ro\\\/wp52\\\/#website\"},\"primaryImageOfPage\":{\"@id\":\"https:\\\/\\\/www.lovendal.ro\\\/wp52\\\/cum-s-a-sinucis-inventatorul-radioului-fm-din-cauza-marilor-corporatii\\\/#primaryimage\"},\"image\":{\"@id\":\"https:\\\/\\\/www.lovendal.ro\\\/wp52\\\/cum-s-a-sinucis-inventatorul-radioului-fm-din-cauza-marilor-corporatii\\\/#primaryimage\"},\"thumbnailUrl\":\"https:\\\/\\\/www.lovendal.ro\\\/wp52\\\/wp-content\\\/uploads\\\/2009\\\/07\\\/radio.jpg\",\"datePublished\":\"2009-07-02T17:35:26+00:00\",\"breadcrumb\":{\"@id\":\"https:\\\/\\\/www.lovendal.ro\\\/wp52\\\/cum-s-a-sinucis-inventatorul-radioului-fm-din-cauza-marilor-corporatii\\\/#breadcrumb\"},\"inLanguage\":\"ro-RO\",\"potentialAction\":[{\"@type\":\"ReadAction\",\"target\":[\"https:\\\/\\\/www.lovendal.ro\\\/wp52\\\/cum-s-a-sinucis-inventatorul-radioului-fm-din-cauza-marilor-corporatii\\\/\"]}]},{\"@type\":\"ImageObject\",\"inLanguage\":\"ro-RO\",\"@id\":\"https:\\\/\\\/www.lovendal.ro\\\/wp52\\\/cum-s-a-sinucis-inventatorul-radioului-fm-din-cauza-marilor-corporatii\\\/#primaryimage\",\"url\":\"https:\\\/\\\/www.lovendal.ro\\\/wp52\\\/wp-content\\\/uploads\\\/2009\\\/07\\\/radio.jpg\",\"contentUrl\":\"https:\\\/\\\/www.lovendal.ro\\\/wp52\\\/wp-content\\\/uploads\\\/2009\\\/07\\\/radio.jpg\",\"width\":\"369\",\"height\":\"292\"},{\"@type\":\"BreadcrumbList\",\"@id\":\"https:\\\/\\\/www.lovendal.ro\\\/wp52\\\/cum-s-a-sinucis-inventatorul-radioului-fm-din-cauza-marilor-corporatii\\\/#breadcrumb\",\"itemListElement\":[{\"@type\":\"ListItem\",\"position\":1,\"name\":\"Home\",\"item\":\"https:\\\/\\\/www.lovendal.ro\\\/wp52\\\/\"},{\"@type\":\"ListItem\",\"position\":2,\"name\":\"Cum s-a sinucis inventatorul radioului FM din cauza marilor corpora\u0163ii\"}]},{\"@type\":\"WebSite\",\"@id\":\"https:\\\/\\\/www.lovendal.ro\\\/wp52\\\/#website\",\"url\":\"https:\\\/\\\/www.lovendal.ro\\\/wp52\\\/\",\"name\":\"Secretele lui Lovendal\",\"description\":\"Site de secrete, stiinta si metafizica - din 2008 -\",\"publisher\":{\"@id\":\"https:\\\/\\\/www.lovendal.ro\\\/wp52\\\/#organization\"},\"potentialAction\":[{\"@type\":\"SearchAction\",\"target\":{\"@type\":\"EntryPoint\",\"urlTemplate\":\"https:\\\/\\\/www.lovendal.ro\\\/wp52\\\/?s={search_term_string}\"},\"query-input\":{\"@type\":\"PropertyValueSpecification\",\"valueRequired\":true,\"valueName\":\"search_term_string\"}}],\"inLanguage\":\"ro-RO\"},{\"@type\":\"Organization\",\"@id\":\"https:\\\/\\\/www.lovendal.ro\\\/wp52\\\/#organization\",\"name\":\"Secretele lui Lovendal\",\"url\":\"https:\\\/\\\/www.lovendal.ro\\\/wp52\\\/\",\"logo\":{\"@type\":\"ImageObject\",\"inLanguage\":\"ro-RO\",\"@id\":\"https:\\\/\\\/www.lovendal.ro\\\/wp52\\\/#\\\/schema\\\/logo\\\/image\\\/\",\"url\":\"https:\\\/\\\/www.lovendal.ro\\\/wp52\\\/wp-content\\\/uploads\\\/2024\\\/06\\\/cropped-SLL-iun-2024-1.jpg\",\"contentUrl\":\"https:\\\/\\\/www.lovendal.ro\\\/wp52\\\/wp-content\\\/uploads\\\/2024\\\/06\\\/cropped-SLL-iun-2024-1.jpg\",\"width\":771,\"height\":240,\"caption\":\"Secretele lui Lovendal\"},\"image\":{\"@id\":\"https:\\\/\\\/www.lovendal.ro\\\/wp52\\\/#\\\/schema\\\/logo\\\/image\\\/\"},\"sameAs\":[\"https:\\\/\\\/www.facebook.com\\\/secreteleluilovendal\"]},{\"@type\":\"Person\",\"@id\":\"https:\\\/\\\/www.lovendal.ro\\\/wp52\\\/#\\\/schema\\\/person\\\/088691de5dfc346bb0c023e1e52ef5d9\",\"name\":\"admin\",\"image\":{\"@type\":\"ImageObject\",\"inLanguage\":\"ro-RO\",\"@id\":\"https:\\\/\\\/secure.gravatar.com\\\/avatar\\\/ecb9cd41f5f63c9c9b989999a59f6e2639a865ec361e9db054db0679a8f341c2?s=96&d=mm&r=g\",\"url\":\"https:\\\/\\\/secure.gravatar.com\\\/avatar\\\/ecb9cd41f5f63c9c9b989999a59f6e2639a865ec361e9db054db0679a8f341c2?s=96&d=mm&r=g\",\"contentUrl\":\"https:\\\/\\\/secure.gravatar.com\\\/avatar\\\/ecb9cd41f5f63c9c9b989999a59f6e2639a865ec361e9db054db0679a8f341c2?s=96&d=mm&r=g\",\"caption\":\"admin\"},\"sameAs\":[\"https:\\\/\\\/www.lovendal.ro\\\/wp52\"]}]}<\/script>\n<!-- \/ Yoast SEO Premium plugin. -->","yoast_head_json":{"title":"Cum s-a sinucis inventatorul radioului FM din cauza marilor corpora\u0163ii - Secretele lui Lovendal","robots":{"index":"index","follow":"follow","max-snippet":"max-snippet:-1","max-image-preview":"max-image-preview:large","max-video-preview":"max-video-preview:-1"},"canonical":"https:\/\/www.lovendal.ro\/wp52\/cum-s-a-sinucis-inventatorul-radioului-fm-din-cauza-marilor-corporatii\/","og_locale":"ro_RO","og_type":"article","og_title":"Cum s-a sinucis inventatorul radioului FM din cauza marilor corpora\u0163ii","og_description":"\u201eAM \u00eenseamn\u0103 muzic\u0103 obi\u015fnuit\u0103 (Average Music), iar FM \u00eenseamn\u0103 muzic\u0103 deosebit\u0103 (Fancy Music)&#8221;. De\u015fi incorect\u0103 din punct de vedere tehnic, aceast\u0103 p\u0103rere a unui t\u00e2n\u0103r dintr-un ora\u015f minier din zona rural\u0103 a statului Pennsylvania caracteriza destul de bine \u00eenceputurile transmisiunilor ... Cititi mai multe","og_url":"https:\/\/www.lovendal.ro\/wp52\/cum-s-a-sinucis-inventatorul-radioului-fm-din-cauza-marilor-corporatii\/","og_site_name":"Secretele lui Lovendal","article_publisher":"https:\/\/www.facebook.com\/secreteleluilovendal","article_published_time":"2009-07-02T17:35:26+00:00","og_image":[{"width":369,"height":292,"url":"https:\/\/www.lovendal.ro\/wp52\/wp-content\/uploads\/2009\/07\/radio.jpg","type":"image\/jpeg"}],"author":"admin","twitter_card":"summary_large_image","twitter_misc":{"Scris de":"admin","Timp estimat pentru citire":"3 minute"},"schema":{"@context":"https:\/\/schema.org","@graph":[{"@type":"Article","@id":"https:\/\/www.lovendal.ro\/wp52\/cum-s-a-sinucis-inventatorul-radioului-fm-din-cauza-marilor-corporatii\/#article","isPartOf":{"@id":"https:\/\/www.lovendal.ro\/wp52\/cum-s-a-sinucis-inventatorul-radioului-fm-din-cauza-marilor-corporatii\/"},"author":{"name":"admin","@id":"https:\/\/www.lovendal.ro\/wp52\/#\/schema\/person\/088691de5dfc346bb0c023e1e52ef5d9"},"headline":"Cum s-a sinucis inventatorul radioului FM din cauza marilor corpora\u0163ii","datePublished":"2009-07-02T17:35:26+00:00","mainEntityOfPage":{"@id":"https:\/\/www.lovendal.ro\/wp52\/cum-s-a-sinucis-inventatorul-radioului-fm-din-cauza-marilor-corporatii\/"},"wordCount":650,"commentCount":0,"publisher":{"@id":"https:\/\/www.lovendal.ro\/wp52\/#organization"},"image":{"@id":"https:\/\/www.lovendal.ro\/wp52\/cum-s-a-sinucis-inventatorul-radioului-fm-din-cauza-marilor-corporatii\/#primaryimage"},"thumbnailUrl":"https:\/\/www.lovendal.ro\/wp52\/wp-content\/uploads\/2009\/07\/radio.jpg","keywords":["FM","inven\u0163ii","radio","Stiinta","SUA"],"articleSection":["Stiinta"],"inLanguage":"ro-RO","potentialAction":[{"@type":"CommentAction","name":"Comment","target":["https:\/\/www.lovendal.ro\/wp52\/cum-s-a-sinucis-inventatorul-radioului-fm-din-cauza-marilor-corporatii\/#respond"]}]},{"@type":"WebPage","@id":"https:\/\/www.lovendal.ro\/wp52\/cum-s-a-sinucis-inventatorul-radioului-fm-din-cauza-marilor-corporatii\/","url":"https:\/\/www.lovendal.ro\/wp52\/cum-s-a-sinucis-inventatorul-radioului-fm-din-cauza-marilor-corporatii\/","name":"Cum s-a sinucis inventatorul radioului FM din cauza marilor corpora\u0163ii - Secretele lui Lovendal","isPartOf":{"@id":"https:\/\/www.lovendal.ro\/wp52\/#website"},"primaryImageOfPage":{"@id":"https:\/\/www.lovendal.ro\/wp52\/cum-s-a-sinucis-inventatorul-radioului-fm-din-cauza-marilor-corporatii\/#primaryimage"},"image":{"@id":"https:\/\/www.lovendal.ro\/wp52\/cum-s-a-sinucis-inventatorul-radioului-fm-din-cauza-marilor-corporatii\/#primaryimage"},"thumbnailUrl":"https:\/\/www.lovendal.ro\/wp52\/wp-content\/uploads\/2009\/07\/radio.jpg","datePublished":"2009-07-02T17:35:26+00:00","breadcrumb":{"@id":"https:\/\/www.lovendal.ro\/wp52\/cum-s-a-sinucis-inventatorul-radioului-fm-din-cauza-marilor-corporatii\/#breadcrumb"},"inLanguage":"ro-RO","potentialAction":[{"@type":"ReadAction","target":["https:\/\/www.lovendal.ro\/wp52\/cum-s-a-sinucis-inventatorul-radioului-fm-din-cauza-marilor-corporatii\/"]}]},{"@type":"ImageObject","inLanguage":"ro-RO","@id":"https:\/\/www.lovendal.ro\/wp52\/cum-s-a-sinucis-inventatorul-radioului-fm-din-cauza-marilor-corporatii\/#primaryimage","url":"https:\/\/www.lovendal.ro\/wp52\/wp-content\/uploads\/2009\/07\/radio.jpg","contentUrl":"https:\/\/www.lovendal.ro\/wp52\/wp-content\/uploads\/2009\/07\/radio.jpg","width":"369","height":"292"},{"@type":"BreadcrumbList","@id":"https:\/\/www.lovendal.ro\/wp52\/cum-s-a-sinucis-inventatorul-radioului-fm-din-cauza-marilor-corporatii\/#breadcrumb","itemListElement":[{"@type":"ListItem","position":1,"name":"Home","item":"https:\/\/www.lovendal.ro\/wp52\/"},{"@type":"ListItem","position":2,"name":"Cum s-a sinucis inventatorul radioului FM din cauza marilor corpora\u0163ii"}]},{"@type":"WebSite","@id":"https:\/\/www.lovendal.ro\/wp52\/#website","url":"https:\/\/www.lovendal.ro\/wp52\/","name":"Secretele lui Lovendal","description":"Site de secrete, stiinta si metafizica - din 2008 -","publisher":{"@id":"https:\/\/www.lovendal.ro\/wp52\/#organization"},"potentialAction":[{"@type":"SearchAction","target":{"@type":"EntryPoint","urlTemplate":"https:\/\/www.lovendal.ro\/wp52\/?s={search_term_string}"},"query-input":{"@type":"PropertyValueSpecification","valueRequired":true,"valueName":"search_term_string"}}],"inLanguage":"ro-RO"},{"@type":"Organization","@id":"https:\/\/www.lovendal.ro\/wp52\/#organization","name":"Secretele lui Lovendal","url":"https:\/\/www.lovendal.ro\/wp52\/","logo":{"@type":"ImageObject","inLanguage":"ro-RO","@id":"https:\/\/www.lovendal.ro\/wp52\/#\/schema\/logo\/image\/","url":"https:\/\/www.lovendal.ro\/wp52\/wp-content\/uploads\/2024\/06\/cropped-SLL-iun-2024-1.jpg","contentUrl":"https:\/\/www.lovendal.ro\/wp52\/wp-content\/uploads\/2024\/06\/cropped-SLL-iun-2024-1.jpg","width":771,"height":240,"caption":"Secretele lui Lovendal"},"image":{"@id":"https:\/\/www.lovendal.ro\/wp52\/#\/schema\/logo\/image\/"},"sameAs":["https:\/\/www.facebook.com\/secreteleluilovendal"]},{"@type":"Person","@id":"https:\/\/www.lovendal.ro\/wp52\/#\/schema\/person\/088691de5dfc346bb0c023e1e52ef5d9","name":"admin","image":{"@type":"ImageObject","inLanguage":"ro-RO","@id":"https:\/\/secure.gravatar.com\/avatar\/ecb9cd41f5f63c9c9b989999a59f6e2639a865ec361e9db054db0679a8f341c2?s=96&d=mm&r=g","url":"https:\/\/secure.gravatar.com\/avatar\/ecb9cd41f5f63c9c9b989999a59f6e2639a865ec361e9db054db0679a8f341c2?s=96&d=mm&r=g","contentUrl":"https:\/\/secure.gravatar.com\/avatar\/ecb9cd41f5f63c9c9b989999a59f6e2639a865ec361e9db054db0679a8f341c2?s=96&d=mm&r=g","caption":"admin"},"sameAs":["https:\/\/www.lovendal.ro\/wp52"]}]}},"_links":{"self":[{"href":"https:\/\/www.lovendal.ro\/wp52\/wp-json\/wp\/v2\/posts\/6015","targetHints":{"allow":["GET"]}}],"collection":[{"href":"https:\/\/www.lovendal.ro\/wp52\/wp-json\/wp\/v2\/posts"}],"about":[{"href":"https:\/\/www.lovendal.ro\/wp52\/wp-json\/wp\/v2\/types\/post"}],"author":[{"embeddable":true,"href":"https:\/\/www.lovendal.ro\/wp52\/wp-json\/wp\/v2\/users\/1"}],"replies":[{"embeddable":true,"href":"https:\/\/www.lovendal.ro\/wp52\/wp-json\/wp\/v2\/comments?post=6015"}],"version-history":[{"count":0,"href":"https:\/\/www.lovendal.ro\/wp52\/wp-json\/wp\/v2\/posts\/6015\/revisions"}],"wp:featuredmedia":[{"embeddable":true,"href":"https:\/\/www.lovendal.ro\/wp52\/wp-json\/wp\/v2\/media\/6016"}],"wp:attachment":[{"href":"https:\/\/www.lovendal.ro\/wp52\/wp-json\/wp\/v2\/media?parent=6015"}],"wp:term":[{"taxonomy":"category","embeddable":true,"href":"https:\/\/www.lovendal.ro\/wp52\/wp-json\/wp\/v2\/categories?post=6015"},{"taxonomy":"post_tag","embeddable":true,"href":"https:\/\/www.lovendal.ro\/wp52\/wp-json\/wp\/v2\/tags?post=6015"}],"curies":[{"name":"wp","href":"https:\/\/api.w.org\/{rel}","templated":true}]}}