{"id":59445,"date":"2019-01-21T10:48:22","date_gmt":"2019-01-21T08:48:22","guid":{"rendered":"https:\/\/www.lovendal.ro\/wp52\/?p=59445"},"modified":"2019-01-21T10:48:22","modified_gmt":"2019-01-21T08:48:22","slug":"am-putea-exista-in-afara-timpului-da-daca-am-merge-cu-viteza-luminii-sau-daca-am-fi-morti","status":"publish","type":"post","link":"https:\/\/www.lovendal.ro\/wp52\/am-putea-exista-in-afara-timpului-da-daca-am-merge-cu-viteza-luminii-sau-daca-am-fi-morti\/","title":{"rendered":"Am putea exista \u00een afara timpului? Da, dac\u0103 am merge cu viteza luminii sau dac\u0103 am fi mor\u0163i&#8230;"},"content":{"rendered":"<p><a href=\"https:\/\/www.lovendal.ro\/wp52\/wp-content\/uploads\/2019\/01\/inghetat-in-timp.jpg\"><img loading=\"lazy\" decoding=\"async\" class=\"alignleft size-full wp-image-59446\" src=\"https:\/\/www.lovendal.ro\/wp52\/wp-content\/uploads\/2019\/01\/inghetat-in-timp.jpg\" alt=\"\" width=\"332\" height=\"247\" srcset=\"https:\/\/www.lovendal.ro\/wp52\/wp-content\/uploads\/2019\/01\/inghetat-in-timp.jpg 332w, https:\/\/www.lovendal.ro\/wp52\/wp-content\/uploads\/2019\/01\/inghetat-in-timp-300x223.jpg 300w\" sizes=\"auto, (max-width: 332px) 100vw, 332px\" \/><\/a>Revin din nou la o discu\u021bie care pe mine m\u0103 obsedeaz\u0103: timpul. \u00cencercam asear\u0103 s\u0103 \u00eemi imaginez cum ar fi s\u0103 nu existe timp, cum ar fi s\u0103 te afli \u00eentr-o existen\u0163\u0103 \u00een care nu mai exist\u0103 timpul, \u015fi, sincer s\u0103 fiu nu am putut s-o fac. Mintea mea e dep\u0103\u015fit\u0103 de aceast\u0103 situa\u0163ie. \u015etiu, fizica clasic\u0103, dar \u015fi cea cuantic\u0103, vorbesc de situa\u0163ii \u00een care timpul nu exist\u0103, \u00een care constanta t = 0, dar \u015fi-ar da seama cum ar fi ca aceast\u0103 dimensiune s\u0103 \u00eenghe\u0163e?<\/p>\n<p>Poate ar fi exact ca \u00eentr-un tablou, \u00een care toate elementele din tablou sunt pur \u015fi simplu \u00eenghe\u0163ate. Pentru c\u0103 absen\u0163a timpului \u00eenseamn\u0103 \u00een primul r\u00e2nd absen\u0163a mi\u015fc\u0103rii, inclusiv a g\u00e2ndurilor. Atunci c\u00e2nd te g\u00e2nde\u015fti la un lucru e\u015fti deja \u00een timp, pentru c\u0103 dup\u0103 ce-ai terminat, g\u00e2ndul este la trecut. C\u00e2nd nu te g\u00e2nde\u015fti la nimic, c\u00e2nd nu te mi\u015fti, c\u00e2nd e\u015fti &#8222;\u00eenghe\u0163at&#8221; &#8211; asta \u00eenseamn\u0103 cu adev\u0103rat s\u0103 fii \u00een afara timpului.<\/p>\n<p>\u00centr-un articol publicat pe site-ul almeea.ro \u00een 2011 &#8211; <a href=\"https:\/\/www.almeea.ro\/fiecare-om-e-nemuritor-partea-2timpul-nu-exista-pentru-cei-muribunzi\/\" target=\"_blank\" rel=\"noopener noreferrer\"><strong>Fiecare om e nemuritor! (partea 2)Timpul nu exista pentru cei muribunzi<\/strong><\/a> &#8211; descriam o teorie conform c\u0103reia pentru cei muribunzi, care trec \u00een alt\u0103 dimensiune, timpul \u00eenceteaz\u0103 s\u0103 mai existe. S\u0103 lu\u0103m cazul unui accident mortal de circula\u0163ie: un b\u0103rbat adoarme la volan \u015fi intr\u0103 \u00eentr-un zid, murind instantaneu. \u00cen secunda dinaintea mor\u0163ii, el se treze\u015fte, vede zidul n\u0103pustindu-se spre el \u015fi \u00ee\u015fi d\u0103 seama c\u0103 are s\u0103 moar\u0103. \u00cen acea secund\u0103 final\u0103 el se g\u0103se\u015fte la 5 metri de zid. Pe m\u0103sur\u0103 ce moartea se apropie, creierul b\u0103rbatului este inundat de ketamin\u0103 \u015fi glutama\u0163i; aceste endorfine \u00eencep imediat s\u0103 afecteze modul \u00een care b\u0103rbatul percepe timpul. \u015eti\u0163i conceptul de \u201ecronon\u201d introdus de fizicianul David Finklestein? Acesta este un \u201ecr\u00e2mpei\u201d indivizibil de timp care poate fi m\u0103surat obiectiv; \u00een cazul b\u0103rbatului, substan\u0163ele eliberate \u00een creierul s\u0103u fac ca fiecare \u201ecronon\u201d s\u0103 fie perceput ca av\u00e2nd o lungime de dou\u0103 ori mai mare dec\u00e2t a celui anterior. Pentru a ajunge la momentul mor\u0163ii, b\u0103rbatul trebuie s\u0103 parcurg\u0103 o serie infinit\u0103 de crononi fini\u0163i. \u00cen realitate, b\u0103rbatul nu ajunge niciodat\u0103 s\u0103 str\u0103bat\u0103 cei 5 metri care \u00eel despart de zid. Con\u015ftiin\u0163a b\u0103rbatului nu ajunge la momentul mor\u0163ii &#8211; \u00een spa\u0163iu sau \u00een timp. El iese din timp \u015fi p\u0103trunde \u00eentr-un univers alternativ, general subiectiv. Dar, \u00een universul unui observator, b\u0103rbatul moare.<\/p>\n<p>V\u0103 mai aduce\u0163i aminte de teoria relativit\u0103\u0163ii a lui Einstein? Ea spune c\u0103, cu c\u00e2t ne apropiem de viteza luminii (300.000 km\/s) cu at\u00e2t timpul \u00eencetine\u015fte mai tare, iar \u00een momentul \u00een care atingem viteza luminii, timpul dispare sau &#8222;\u00eenghea\u0163\u0103&#8221;. Dar, cum aceea\u015fi teorie a lui Einstein ne \u00eenva\u0163\u0103 c\u0103 timpul \u015fi spa\u0163iul sunt legate \u00eentre ele, asta \u00eenseamn\u0103 c\u0103 o persoan\u0103 care moare trece \u00een alt\u0103 dimensiune (\u00een care timpul e egal cu zero), fa\u0163\u0103 de noi, cei vii, care r\u0103m\u00e2nem \u00een aceea\u015fi dimensiune spa\u0163io-temporal\u0103.<\/p>\n<p>Revenind la b\u0103rbatul cu accidentul&#8230; creierul s\u0103u este \u201einundat cu neurotransmi\u0163\u0103tori\u201d, lucru care se petrece doar o dat\u0103 \u00een via\u0163\u0103, \u00een apropierea mor\u0163ii. Nu s-ar putea oare ca un asemenea &#8222;potop&#8221; s\u0103 \u00eemping\u0103 con\u015ftiin\u0163a \u00eens\u0103\u015fi s\u0103 se deplaseze cu viteza luminii \u015fi astfel s-o scoat\u0103 \u00een afara timpului? Pentru un observator exterior, b\u0103rbatul se ciocne\u015fte violent de zid cu ma\u015fina \u015fi moare. Dar el exist\u0103 deja pe o alt\u0103 traiectorie \u00een spa\u0163iu-timp, continu\u00e2nd s\u0103 tr\u0103iasc\u0103 \u00een \u201ecrononi\u201d din ce \u00een ce mai mici.<\/p>\n<p>A\u015fadar, pentru ca timpul s\u0103 nu mai existe, trebuie ori s\u0103 ne deplas\u0103m cu viteza luminii, ori s\u0103 murim&#8230;<\/p>\n","protected":false},"excerpt":{"rendered":"<p>Revin din nou la o discu\u021bie care pe mine m\u0103 obsedeaz\u0103: timpul. \u00cencercam asear\u0103 s\u0103 \u00eemi imaginez cum ar fi s\u0103 nu existe timp, cum ar fi s\u0103 te afli \u00eentr-o existen\u0163\u0103 \u00een care nu mai exist\u0103 timpul, \u015fi, sincer &#8230; <\/p>\n<p class=\"read-more-container\"><a title=\"Am putea exista \u00een afara timpului? Da, dac\u0103 am merge cu viteza luminii sau dac\u0103 am fi mor\u0163i&#8230;\" class=\"read-more button\" href=\"https:\/\/www.lovendal.ro\/wp52\/am-putea-exista-in-afara-timpului-da-daca-am-merge-cu-viteza-luminii-sau-daca-am-fi-morti\/#more-59445\" aria-label=\"Cite\u0219te mai multe despre Am putea exista \u00een afara timpului? Da, dac\u0103 am merge cu viteza luminii sau dac\u0103 am fi mor\u0163i&#8230;\">Cititi mai multe<\/a><\/p>\n","protected":false},"author":1,"featured_media":59446,"comment_status":"closed","ping_status":"closed","sticky":false,"template":"","format":"standard","meta":{"footnotes":""},"categories":[2883],"tags":[2647,2676,230,4527,9813,610,348,2524,2048,3999,580,755,108,2501,360,1104,789,1840,2916,5997],"class_list":["post-59445","post","type-post","status-publish","format-standard","has-post-thumbnail","hentry","category-editorial","tag-accident","tag-constiinta","tag-creier","tag-dimensiune","tag-editorial","tag-einstein","tag-fizica","tag-fizica-cuantica","tag-fizician","tag-gand","tag-masina","tag-minte","tag-moarte","tag-spatiu","tag-tablou","tag-teoria-relativitatii","tag-timp","tag-viteza","tag-viteza-luminii","tag-zid","resize-featured-image"],"yoast_head":"<!-- This site is optimized with the Yoast SEO Premium plugin v23.3 (Yoast SEO v27.4) - https:\/\/yoast.com\/product\/yoast-seo-premium-wordpress\/ -->\n<title>Am putea exista \u00een afara timpului? Da, dac\u0103 am merge cu viteza luminii sau dac\u0103 am fi mor\u0163i... - Secretele lui Lovendal<\/title>\n<meta name=\"robots\" content=\"index, follow, max-snippet:-1, max-image-preview:large, max-video-preview:-1\" \/>\n<link rel=\"canonical\" href=\"https:\/\/www.lovendal.ro\/wp52\/am-putea-exista-in-afara-timpului-da-daca-am-merge-cu-viteza-luminii-sau-daca-am-fi-morti\/\" \/>\n<meta property=\"og:locale\" content=\"ro_RO\" \/>\n<meta property=\"og:type\" content=\"article\" \/>\n<meta property=\"og:title\" content=\"Am putea exista \u00een afara timpului? Da, dac\u0103 am merge cu viteza luminii sau dac\u0103 am fi mor\u0163i...\" \/>\n<meta property=\"og:description\" content=\"Revin din nou la o discu\u021bie care pe mine m\u0103 obsedeaz\u0103: timpul. \u00cencercam asear\u0103 s\u0103 \u00eemi imaginez cum ar fi s\u0103 nu existe timp, cum ar fi s\u0103 te afli \u00eentr-o existen\u0163\u0103 \u00een care nu mai exist\u0103 timpul, \u015fi, sincer ... Cititi mai multe\" \/>\n<meta property=\"og:url\" content=\"https:\/\/www.lovendal.ro\/wp52\/am-putea-exista-in-afara-timpului-da-daca-am-merge-cu-viteza-luminii-sau-daca-am-fi-morti\/\" \/>\n<meta property=\"og:site_name\" content=\"Secretele lui Lovendal\" \/>\n<meta property=\"article:publisher\" content=\"https:\/\/www.facebook.com\/secreteleluilovendal\" \/>\n<meta property=\"article:published_time\" content=\"2019-01-21T08:48:22+00:00\" \/>\n<meta property=\"og:image\" content=\"https:\/\/www.lovendal.ro\/wp52\/wp-content\/uploads\/2019\/01\/inghetat-in-timp.jpg\" \/>\n\t<meta property=\"og:image:width\" content=\"332\" \/>\n\t<meta property=\"og:image:height\" content=\"247\" \/>\n\t<meta property=\"og:image:type\" content=\"image\/jpeg\" \/>\n<meta name=\"author\" content=\"admin\" \/>\n<meta name=\"twitter:card\" content=\"summary_large_image\" \/>\n<meta name=\"twitter:label1\" content=\"Scris de\" \/>\n\t<meta name=\"twitter:data1\" content=\"admin\" \/>\n\t<meta name=\"twitter:label2\" content=\"Timp estimat pentru citire\" \/>\n\t<meta name=\"twitter:data2\" content=\"3 minute\" \/>\n<script type=\"application\/ld+json\" class=\"yoast-schema-graph\">{\"@context\":\"https:\\\/\\\/schema.org\",\"@graph\":[{\"@type\":\"Article\",\"@id\":\"https:\\\/\\\/www.lovendal.ro\\\/wp52\\\/am-putea-exista-in-afara-timpului-da-daca-am-merge-cu-viteza-luminii-sau-daca-am-fi-morti\\\/#article\",\"isPartOf\":{\"@id\":\"https:\\\/\\\/www.lovendal.ro\\\/wp52\\\/am-putea-exista-in-afara-timpului-da-daca-am-merge-cu-viteza-luminii-sau-daca-am-fi-morti\\\/\"},\"author\":{\"name\":\"admin\",\"@id\":\"https:\\\/\\\/www.lovendal.ro\\\/wp52\\\/#\\\/schema\\\/person\\\/088691de5dfc346bb0c023e1e52ef5d9\"},\"headline\":\"Am putea exista \u00een afara timpului? Da, dac\u0103 am merge cu viteza luminii sau dac\u0103 am fi mor\u0163i&#8230;\",\"datePublished\":\"2019-01-21T08:48:22+00:00\",\"mainEntityOfPage\":{\"@id\":\"https:\\\/\\\/www.lovendal.ro\\\/wp52\\\/am-putea-exista-in-afara-timpului-da-daca-am-merge-cu-viteza-luminii-sau-daca-am-fi-morti\\\/\"},\"wordCount\":677,\"publisher\":{\"@id\":\"https:\\\/\\\/www.lovendal.ro\\\/wp52\\\/#organization\"},\"image\":{\"@id\":\"https:\\\/\\\/www.lovendal.ro\\\/wp52\\\/am-putea-exista-in-afara-timpului-da-daca-am-merge-cu-viteza-luminii-sau-daca-am-fi-morti\\\/#primaryimage\"},\"thumbnailUrl\":\"https:\\\/\\\/www.lovendal.ro\\\/wp52\\\/wp-content\\\/uploads\\\/2019\\\/01\\\/inghetat-in-timp.jpg\",\"keywords\":[\"accident\",\"con\u015ftiin\u0163\u0103\",\"creier\",\"dimensiune\",\"Editorial\",\"Einstein\",\"fizic\u0103\",\"fizic\u0103 cuantic\u0103\",\"fizician\",\"g\u00e2nd\",\"ma\u015fin\u0103\",\"minte\",\"moarte\",\"spa\u0163iu\",\"tablou\",\"teoria relativit\u0103\u0163ii\",\"timp\",\"vitez\u0103\",\"viteza luminii\",\"zid\"],\"articleSection\":[\"Editorial\"],\"inLanguage\":\"ro-RO\"},{\"@type\":\"WebPage\",\"@id\":\"https:\\\/\\\/www.lovendal.ro\\\/wp52\\\/am-putea-exista-in-afara-timpului-da-daca-am-merge-cu-viteza-luminii-sau-daca-am-fi-morti\\\/\",\"url\":\"https:\\\/\\\/www.lovendal.ro\\\/wp52\\\/am-putea-exista-in-afara-timpului-da-daca-am-merge-cu-viteza-luminii-sau-daca-am-fi-morti\\\/\",\"name\":\"Am putea exista \u00een afara timpului? Da, dac\u0103 am merge cu viteza luminii sau dac\u0103 am fi mor\u0163i... - Secretele lui Lovendal\",\"isPartOf\":{\"@id\":\"https:\\\/\\\/www.lovendal.ro\\\/wp52\\\/#website\"},\"primaryImageOfPage\":{\"@id\":\"https:\\\/\\\/www.lovendal.ro\\\/wp52\\\/am-putea-exista-in-afara-timpului-da-daca-am-merge-cu-viteza-luminii-sau-daca-am-fi-morti\\\/#primaryimage\"},\"image\":{\"@id\":\"https:\\\/\\\/www.lovendal.ro\\\/wp52\\\/am-putea-exista-in-afara-timpului-da-daca-am-merge-cu-viteza-luminii-sau-daca-am-fi-morti\\\/#primaryimage\"},\"thumbnailUrl\":\"https:\\\/\\\/www.lovendal.ro\\\/wp52\\\/wp-content\\\/uploads\\\/2019\\\/01\\\/inghetat-in-timp.jpg\",\"datePublished\":\"2019-01-21T08:48:22+00:00\",\"breadcrumb\":{\"@id\":\"https:\\\/\\\/www.lovendal.ro\\\/wp52\\\/am-putea-exista-in-afara-timpului-da-daca-am-merge-cu-viteza-luminii-sau-daca-am-fi-morti\\\/#breadcrumb\"},\"inLanguage\":\"ro-RO\",\"potentialAction\":[{\"@type\":\"ReadAction\",\"target\":[\"https:\\\/\\\/www.lovendal.ro\\\/wp52\\\/am-putea-exista-in-afara-timpului-da-daca-am-merge-cu-viteza-luminii-sau-daca-am-fi-morti\\\/\"]}]},{\"@type\":\"ImageObject\",\"inLanguage\":\"ro-RO\",\"@id\":\"https:\\\/\\\/www.lovendal.ro\\\/wp52\\\/am-putea-exista-in-afara-timpului-da-daca-am-merge-cu-viteza-luminii-sau-daca-am-fi-morti\\\/#primaryimage\",\"url\":\"https:\\\/\\\/www.lovendal.ro\\\/wp52\\\/wp-content\\\/uploads\\\/2019\\\/01\\\/inghetat-in-timp.jpg\",\"contentUrl\":\"https:\\\/\\\/www.lovendal.ro\\\/wp52\\\/wp-content\\\/uploads\\\/2019\\\/01\\\/inghetat-in-timp.jpg\",\"width\":332,\"height\":247},{\"@type\":\"BreadcrumbList\",\"@id\":\"https:\\\/\\\/www.lovendal.ro\\\/wp52\\\/am-putea-exista-in-afara-timpului-da-daca-am-merge-cu-viteza-luminii-sau-daca-am-fi-morti\\\/#breadcrumb\",\"itemListElement\":[{\"@type\":\"ListItem\",\"position\":1,\"name\":\"Home\",\"item\":\"https:\\\/\\\/www.lovendal.ro\\\/wp52\\\/\"},{\"@type\":\"ListItem\",\"position\":2,\"name\":\"Am putea exista \u00een afara timpului? Da, dac\u0103 am merge cu viteza luminii sau dac\u0103 am fi mor\u0163i&#8230;\"}]},{\"@type\":\"WebSite\",\"@id\":\"https:\\\/\\\/www.lovendal.ro\\\/wp52\\\/#website\",\"url\":\"https:\\\/\\\/www.lovendal.ro\\\/wp52\\\/\",\"name\":\"Secretele lui Lovendal\",\"description\":\"Site de secrete, stiinta si metafizica - din 2008 -\",\"publisher\":{\"@id\":\"https:\\\/\\\/www.lovendal.ro\\\/wp52\\\/#organization\"},\"potentialAction\":[{\"@type\":\"SearchAction\",\"target\":{\"@type\":\"EntryPoint\",\"urlTemplate\":\"https:\\\/\\\/www.lovendal.ro\\\/wp52\\\/?s={search_term_string}\"},\"query-input\":{\"@type\":\"PropertyValueSpecification\",\"valueRequired\":true,\"valueName\":\"search_term_string\"}}],\"inLanguage\":\"ro-RO\"},{\"@type\":\"Organization\",\"@id\":\"https:\\\/\\\/www.lovendal.ro\\\/wp52\\\/#organization\",\"name\":\"Secretele lui Lovendal\",\"url\":\"https:\\\/\\\/www.lovendal.ro\\\/wp52\\\/\",\"logo\":{\"@type\":\"ImageObject\",\"inLanguage\":\"ro-RO\",\"@id\":\"https:\\\/\\\/www.lovendal.ro\\\/wp52\\\/#\\\/schema\\\/logo\\\/image\\\/\",\"url\":\"https:\\\/\\\/www.lovendal.ro\\\/wp52\\\/wp-content\\\/uploads\\\/2024\\\/06\\\/cropped-SLL-iun-2024-1.jpg\",\"contentUrl\":\"https:\\\/\\\/www.lovendal.ro\\\/wp52\\\/wp-content\\\/uploads\\\/2024\\\/06\\\/cropped-SLL-iun-2024-1.jpg\",\"width\":771,\"height\":240,\"caption\":\"Secretele lui Lovendal\"},\"image\":{\"@id\":\"https:\\\/\\\/www.lovendal.ro\\\/wp52\\\/#\\\/schema\\\/logo\\\/image\\\/\"},\"sameAs\":[\"https:\\\/\\\/www.facebook.com\\\/secreteleluilovendal\"]},{\"@type\":\"Person\",\"@id\":\"https:\\\/\\\/www.lovendal.ro\\\/wp52\\\/#\\\/schema\\\/person\\\/088691de5dfc346bb0c023e1e52ef5d9\",\"name\":\"admin\",\"image\":{\"@type\":\"ImageObject\",\"inLanguage\":\"ro-RO\",\"@id\":\"https:\\\/\\\/secure.gravatar.com\\\/avatar\\\/ecb9cd41f5f63c9c9b989999a59f6e2639a865ec361e9db054db0679a8f341c2?s=96&d=mm&r=g\",\"url\":\"https:\\\/\\\/secure.gravatar.com\\\/avatar\\\/ecb9cd41f5f63c9c9b989999a59f6e2639a865ec361e9db054db0679a8f341c2?s=96&d=mm&r=g\",\"contentUrl\":\"https:\\\/\\\/secure.gravatar.com\\\/avatar\\\/ecb9cd41f5f63c9c9b989999a59f6e2639a865ec361e9db054db0679a8f341c2?s=96&d=mm&r=g\",\"caption\":\"admin\"},\"sameAs\":[\"https:\\\/\\\/www.lovendal.ro\\\/wp52\"]}]}<\/script>\n<!-- \/ Yoast SEO Premium plugin. -->","yoast_head_json":{"title":"Am putea exista \u00een afara timpului? Da, dac\u0103 am merge cu viteza luminii sau dac\u0103 am fi mor\u0163i... - Secretele lui Lovendal","robots":{"index":"index","follow":"follow","max-snippet":"max-snippet:-1","max-image-preview":"max-image-preview:large","max-video-preview":"max-video-preview:-1"},"canonical":"https:\/\/www.lovendal.ro\/wp52\/am-putea-exista-in-afara-timpului-da-daca-am-merge-cu-viteza-luminii-sau-daca-am-fi-morti\/","og_locale":"ro_RO","og_type":"article","og_title":"Am putea exista \u00een afara timpului? Da, dac\u0103 am merge cu viteza luminii sau dac\u0103 am fi mor\u0163i...","og_description":"Revin din nou la o discu\u021bie care pe mine m\u0103 obsedeaz\u0103: timpul. \u00cencercam asear\u0103 s\u0103 \u00eemi imaginez cum ar fi s\u0103 nu existe timp, cum ar fi s\u0103 te afli \u00eentr-o existen\u0163\u0103 \u00een care nu mai exist\u0103 timpul, \u015fi, sincer ... Cititi mai multe","og_url":"https:\/\/www.lovendal.ro\/wp52\/am-putea-exista-in-afara-timpului-da-daca-am-merge-cu-viteza-luminii-sau-daca-am-fi-morti\/","og_site_name":"Secretele lui Lovendal","article_publisher":"https:\/\/www.facebook.com\/secreteleluilovendal","article_published_time":"2019-01-21T08:48:22+00:00","og_image":[{"width":332,"height":247,"url":"https:\/\/www.lovendal.ro\/wp52\/wp-content\/uploads\/2019\/01\/inghetat-in-timp.jpg","type":"image\/jpeg"}],"author":"admin","twitter_card":"summary_large_image","twitter_misc":{"Scris de":"admin","Timp estimat pentru citire":"3 minute"},"schema":{"@context":"https:\/\/schema.org","@graph":[{"@type":"Article","@id":"https:\/\/www.lovendal.ro\/wp52\/am-putea-exista-in-afara-timpului-da-daca-am-merge-cu-viteza-luminii-sau-daca-am-fi-morti\/#article","isPartOf":{"@id":"https:\/\/www.lovendal.ro\/wp52\/am-putea-exista-in-afara-timpului-da-daca-am-merge-cu-viteza-luminii-sau-daca-am-fi-morti\/"},"author":{"name":"admin","@id":"https:\/\/www.lovendal.ro\/wp52\/#\/schema\/person\/088691de5dfc346bb0c023e1e52ef5d9"},"headline":"Am putea exista \u00een afara timpului? Da, dac\u0103 am merge cu viteza luminii sau dac\u0103 am fi mor\u0163i&#8230;","datePublished":"2019-01-21T08:48:22+00:00","mainEntityOfPage":{"@id":"https:\/\/www.lovendal.ro\/wp52\/am-putea-exista-in-afara-timpului-da-daca-am-merge-cu-viteza-luminii-sau-daca-am-fi-morti\/"},"wordCount":677,"publisher":{"@id":"https:\/\/www.lovendal.ro\/wp52\/#organization"},"image":{"@id":"https:\/\/www.lovendal.ro\/wp52\/am-putea-exista-in-afara-timpului-da-daca-am-merge-cu-viteza-luminii-sau-daca-am-fi-morti\/#primaryimage"},"thumbnailUrl":"https:\/\/www.lovendal.ro\/wp52\/wp-content\/uploads\/2019\/01\/inghetat-in-timp.jpg","keywords":["accident","con\u015ftiin\u0163\u0103","creier","dimensiune","Editorial","Einstein","fizic\u0103","fizic\u0103 cuantic\u0103","fizician","g\u00e2nd","ma\u015fin\u0103","minte","moarte","spa\u0163iu","tablou","teoria relativit\u0103\u0163ii","timp","vitez\u0103","viteza luminii","zid"],"articleSection":["Editorial"],"inLanguage":"ro-RO"},{"@type":"WebPage","@id":"https:\/\/www.lovendal.ro\/wp52\/am-putea-exista-in-afara-timpului-da-daca-am-merge-cu-viteza-luminii-sau-daca-am-fi-morti\/","url":"https:\/\/www.lovendal.ro\/wp52\/am-putea-exista-in-afara-timpului-da-daca-am-merge-cu-viteza-luminii-sau-daca-am-fi-morti\/","name":"Am putea exista \u00een afara timpului? Da, dac\u0103 am merge cu viteza luminii sau dac\u0103 am fi mor\u0163i... - Secretele lui Lovendal","isPartOf":{"@id":"https:\/\/www.lovendal.ro\/wp52\/#website"},"primaryImageOfPage":{"@id":"https:\/\/www.lovendal.ro\/wp52\/am-putea-exista-in-afara-timpului-da-daca-am-merge-cu-viteza-luminii-sau-daca-am-fi-morti\/#primaryimage"},"image":{"@id":"https:\/\/www.lovendal.ro\/wp52\/am-putea-exista-in-afara-timpului-da-daca-am-merge-cu-viteza-luminii-sau-daca-am-fi-morti\/#primaryimage"},"thumbnailUrl":"https:\/\/www.lovendal.ro\/wp52\/wp-content\/uploads\/2019\/01\/inghetat-in-timp.jpg","datePublished":"2019-01-21T08:48:22+00:00","breadcrumb":{"@id":"https:\/\/www.lovendal.ro\/wp52\/am-putea-exista-in-afara-timpului-da-daca-am-merge-cu-viteza-luminii-sau-daca-am-fi-morti\/#breadcrumb"},"inLanguage":"ro-RO","potentialAction":[{"@type":"ReadAction","target":["https:\/\/www.lovendal.ro\/wp52\/am-putea-exista-in-afara-timpului-da-daca-am-merge-cu-viteza-luminii-sau-daca-am-fi-morti\/"]}]},{"@type":"ImageObject","inLanguage":"ro-RO","@id":"https:\/\/www.lovendal.ro\/wp52\/am-putea-exista-in-afara-timpului-da-daca-am-merge-cu-viteza-luminii-sau-daca-am-fi-morti\/#primaryimage","url":"https:\/\/www.lovendal.ro\/wp52\/wp-content\/uploads\/2019\/01\/inghetat-in-timp.jpg","contentUrl":"https:\/\/www.lovendal.ro\/wp52\/wp-content\/uploads\/2019\/01\/inghetat-in-timp.jpg","width":332,"height":247},{"@type":"BreadcrumbList","@id":"https:\/\/www.lovendal.ro\/wp52\/am-putea-exista-in-afara-timpului-da-daca-am-merge-cu-viteza-luminii-sau-daca-am-fi-morti\/#breadcrumb","itemListElement":[{"@type":"ListItem","position":1,"name":"Home","item":"https:\/\/www.lovendal.ro\/wp52\/"},{"@type":"ListItem","position":2,"name":"Am putea exista \u00een afara timpului? Da, dac\u0103 am merge cu viteza luminii sau dac\u0103 am fi mor\u0163i&#8230;"}]},{"@type":"WebSite","@id":"https:\/\/www.lovendal.ro\/wp52\/#website","url":"https:\/\/www.lovendal.ro\/wp52\/","name":"Secretele lui Lovendal","description":"Site de secrete, stiinta si metafizica - din 2008 -","publisher":{"@id":"https:\/\/www.lovendal.ro\/wp52\/#organization"},"potentialAction":[{"@type":"SearchAction","target":{"@type":"EntryPoint","urlTemplate":"https:\/\/www.lovendal.ro\/wp52\/?s={search_term_string}"},"query-input":{"@type":"PropertyValueSpecification","valueRequired":true,"valueName":"search_term_string"}}],"inLanguage":"ro-RO"},{"@type":"Organization","@id":"https:\/\/www.lovendal.ro\/wp52\/#organization","name":"Secretele lui Lovendal","url":"https:\/\/www.lovendal.ro\/wp52\/","logo":{"@type":"ImageObject","inLanguage":"ro-RO","@id":"https:\/\/www.lovendal.ro\/wp52\/#\/schema\/logo\/image\/","url":"https:\/\/www.lovendal.ro\/wp52\/wp-content\/uploads\/2024\/06\/cropped-SLL-iun-2024-1.jpg","contentUrl":"https:\/\/www.lovendal.ro\/wp52\/wp-content\/uploads\/2024\/06\/cropped-SLL-iun-2024-1.jpg","width":771,"height":240,"caption":"Secretele lui Lovendal"},"image":{"@id":"https:\/\/www.lovendal.ro\/wp52\/#\/schema\/logo\/image\/"},"sameAs":["https:\/\/www.facebook.com\/secreteleluilovendal"]},{"@type":"Person","@id":"https:\/\/www.lovendal.ro\/wp52\/#\/schema\/person\/088691de5dfc346bb0c023e1e52ef5d9","name":"admin","image":{"@type":"ImageObject","inLanguage":"ro-RO","@id":"https:\/\/secure.gravatar.com\/avatar\/ecb9cd41f5f63c9c9b989999a59f6e2639a865ec361e9db054db0679a8f341c2?s=96&d=mm&r=g","url":"https:\/\/secure.gravatar.com\/avatar\/ecb9cd41f5f63c9c9b989999a59f6e2639a865ec361e9db054db0679a8f341c2?s=96&d=mm&r=g","contentUrl":"https:\/\/secure.gravatar.com\/avatar\/ecb9cd41f5f63c9c9b989999a59f6e2639a865ec361e9db054db0679a8f341c2?s=96&d=mm&r=g","caption":"admin"},"sameAs":["https:\/\/www.lovendal.ro\/wp52"]}]}},"_links":{"self":[{"href":"https:\/\/www.lovendal.ro\/wp52\/wp-json\/wp\/v2\/posts\/59445","targetHints":{"allow":["GET"]}}],"collection":[{"href":"https:\/\/www.lovendal.ro\/wp52\/wp-json\/wp\/v2\/posts"}],"about":[{"href":"https:\/\/www.lovendal.ro\/wp52\/wp-json\/wp\/v2\/types\/post"}],"author":[{"embeddable":true,"href":"https:\/\/www.lovendal.ro\/wp52\/wp-json\/wp\/v2\/users\/1"}],"replies":[{"embeddable":true,"href":"https:\/\/www.lovendal.ro\/wp52\/wp-json\/wp\/v2\/comments?post=59445"}],"version-history":[{"count":0,"href":"https:\/\/www.lovendal.ro\/wp52\/wp-json\/wp\/v2\/posts\/59445\/revisions"}],"wp:featuredmedia":[{"embeddable":true,"href":"https:\/\/www.lovendal.ro\/wp52\/wp-json\/wp\/v2\/media\/59446"}],"wp:attachment":[{"href":"https:\/\/www.lovendal.ro\/wp52\/wp-json\/wp\/v2\/media?parent=59445"}],"wp:term":[{"taxonomy":"category","embeddable":true,"href":"https:\/\/www.lovendal.ro\/wp52\/wp-json\/wp\/v2\/categories?post=59445"},{"taxonomy":"post_tag","embeddable":true,"href":"https:\/\/www.lovendal.ro\/wp52\/wp-json\/wp\/v2\/tags?post=59445"}],"curies":[{"name":"wp","href":"https:\/\/api.w.org\/{rel}","templated":true}]}}