{"id":59368,"date":"2010-01-20T20:58:56","date_gmt":"2010-01-20T18:58:56","guid":{"rendered":"https:\/\/www.lovendal.ro\/wp52\/?p=59368"},"modified":"2019-01-20T21:03:35","modified_gmt":"2019-01-20T19:03:35","slug":"cele-mai-tari-8-explicatii-despre-miracolul-de-la-fatima","status":"publish","type":"post","link":"https:\/\/www.lovendal.ro\/wp52\/cele-mai-tari-8-explicatii-despre-miracolul-de-la-fatima\/","title":{"rendered":"Cele mai tari 8 explica\u0163ii despre Miracolul de la Fatima"},"content":{"rendered":"<p><a href=\"https:\/\/www.lovendal.ro\/wp52\/wp-content\/uploads\/2010\/01\/miracolul-de-la-fatima.jpg\"><img loading=\"lazy\" decoding=\"async\" class=\"alignleft size-full wp-image-59372\" src=\"https:\/\/www.lovendal.ro\/wp52\/wp-content\/uploads\/2010\/01\/miracolul-de-la-fatima.jpg\" alt=\"\" width=\"320\" height=\"241\" srcset=\"https:\/\/www.lovendal.ro\/wp52\/wp-content\/uploads\/2010\/01\/miracolul-de-la-fatima.jpg 320w, https:\/\/www.lovendal.ro\/wp52\/wp-content\/uploads\/2010\/01\/miracolul-de-la-fatima-300x226.jpg 300w\" sizes=\"auto, (max-width: 320px) 100vw, 320px\" \/><\/a>De-a lungul timpului, s-au \u00eencercat diferite explica\u0163ii \u015ftiin\u0163ifice sau mai pu\u0163in \u015ftiin\u0163ifice ale acestui fenomen, care le vom enumera \u00een articolul de fa\u0163\u0103.<\/p>\n<p><strong>1) Praf stratosferic<\/strong><\/p>\n<p><a href=\"https:\/\/www.lovendal.ro\/wp52\/wp-content\/uploads\/2010\/06\/praf-stratosferic.jpg\"><img loading=\"lazy\" decoding=\"async\" class=\"aligncenter size-full wp-image-1485\" title=\"praf-stratosferic\" src=\"https:\/\/www.lovendal.ro\/wp52\/wp-content\/uploads\/2010\/06\/praf-stratosferic.jpg\" alt=\"praf-stratosferic\" width=\"204\" height=\"149\" \/><\/a><\/p>\n<p>Steuart Campbell a scris \u00een anul 1989 \u00een<em> &#8222;Journal of Meterology&#8221;<\/em> c\u0103 un nor de praf stratosferic a schimbat aparen\u0163a soarelui pe 13 octombrie 1917, care p\u0103rea galben, albastru \u015fi violet, \u015fi se rotea. \u00cen sprijinul acestei ipoteze, dl Campbell afirma c\u0103 un soare albastru \u015fi ro\u015fu a fost observat \u00een China \u00een anul 1983.<\/p>\n<p><strong>2) Soare fals<\/strong><\/p>\n<p><a href=\"https:\/\/www.lovendal.ro\/wp52\/wp-content\/uploads\/2010\/06\/soare-fals.jpg\"><img loading=\"lazy\" decoding=\"async\" class=\"aligncenter size-full wp-image-1486\" title=\"soare-fals\" src=\"https:\/\/www.lovendal.ro\/wp52\/wp-content\/uploads\/2010\/06\/soare-fals.jpg\" alt=\"soare-fals\" width=\"245\" height=\"184\" \/><\/a><\/p>\n<p>Joe Nickell, un investigator al fenomenelor paranormale, pretinde c\u0103 soarele din cadrul fenomenului de la Fatima, a\u015fa cum a fost el descris de diver\u015fi martori, nu era unul adev\u0103rat, ci un &#8222;soare fals&#8221;. Acest fenomen optic apare ca urmare a reflexiei sau refrac\u0163iei de c\u0103tre lumina solar\u0103 a numeroaselor cristale mici de ghea\u0163\u0103 ce compun norii cirrus sau cirrostratus. Astfel, pe cer apar doi sau trei sori fal\u015fi, \u00een afara soarelui adev\u0103rat.<\/p>\n<p>Totu\u015fi, &#8222;soarele fals&#8221; este un fenomen sta\u0163ionar \u015fi nu poate explica &#8222;soarele dansator&#8221; v\u0103zut la Fatima. Nickell crede c\u0103 acest &#8222;soare dansator&#8221; are drept cauz\u0103 distorsiunea temporar\u0103 a retinei, ca urmare a privirii \u00eendelungate a unui obiect intens luminos. Astfel, martorii acelui fenomen au v\u0103zut un &#8222;soare fals care dansa&#8221;. Chiar to\u0163i cei 70.000?<\/p>\n<p><strong>3) Nori de praf din Sahara<\/strong><\/p>\n<p><a href=\"https:\/\/www.lovendal.ro\/wp52\/wp-content\/uploads\/2010\/06\/praf-din-desertul-sahara.jpg\"><img loading=\"lazy\" decoding=\"async\" class=\"aligncenter size-full wp-image-1487\" title=\"praf-din-desertul-sahara\" src=\"https:\/\/www.lovendal.ro\/wp52\/wp-content\/uploads\/2010\/06\/praf-din-desertul-sahara.jpg\" alt=\"praf-din-desertul-sahara\" width=\"269\" height=\"194\" \/><\/a><\/p>\n<p>Paul Simons, \u00eentr-un articol publicat \u00een revista <em>&#8222;Times&#8221; <\/em>intitulat <em>&#8222;Secretele vremii din miracolul de la Fatima&#8221;<\/em> afirm\u0103 c\u0103 anumite efecte optice de la Fatima au fost provocate de un nor de praf provenit din Sahara.<\/p>\n<p><strong>4) Teoria halucina\u0163iei \u00een mas\u0103<\/strong><\/p>\n<p><a href=\"https:\/\/www.lovendal.ro\/wp52\/wp-content\/uploads\/2010\/06\/halucinatie-in-masa.jpg\"><img loading=\"lazy\" decoding=\"async\" class=\"aligncenter size-full wp-image-1488\" title=\"halucinatie-in-masa\" src=\"https:\/\/www.lovendal.ro\/wp52\/wp-content\/uploads\/2010\/06\/halucinatie-in-masa.jpg\" alt=\"halucinatie-in-masa\" width=\"237\" height=\"178\" \/><\/a><\/p>\n<p>Kevin McClure sus\u0163ine c\u0103 lumea prezent\u0103 la Fatima \u00een octombrie 1917 n-a v\u0103zut dec\u00e2t ceea ce vroia s\u0103 vad\u0103, astfel totul nefiind dec\u00e2t o imens\u0103 halucina\u0163ie \u00een mas\u0103. Aceast\u0103 teorie nu poate \u00eens\u0103 explica miile de declara\u0163ii f\u0103cu\u0163i de diferi\u0163i martori, afla\u0163i la kilometri distan\u0163\u0103 de Fatima, care nu \u015ftiau c\u0103 acolo avea loc o anumit\u0103 adunare religioas\u0103.<\/p>\n<p><strong>5) OZN<\/strong><\/p>\n<p><a href=\"https:\/\/www.lovendal.ro\/wp52\/wp-content\/uploads\/2010\/06\/ozn905.jpg\"><img loading=\"lazy\" decoding=\"async\" class=\"aligncenter size-full wp-image-1489\" title=\"ozn905\" src=\"https:\/\/www.lovendal.ro\/wp52\/wp-content\/uploads\/2010\/06\/ozn905.jpg\" alt=\"ozn905\" width=\"261\" height=\"193\" \/><\/a><\/p>\n<p>S-a afirmat c\u0103 fenomenul de la Fatima a fost de fapt o nav\u0103 extraterestr\u0103. Ciudat e c\u0103 aceast\u0103 nav\u0103 s-a \u00eent\u00e2mplat s\u0103 vin\u0103 tocmai \u00een ziua c\u00e2nd cei 3 copii au spus c\u0103 pe 13 octombrie 1917 se va \u00eent\u00e2mpla ceva. Personal, mi se pare cea mai fantasmagoric\u0103 explica\u0163ie.<\/p>\n<p><strong>6) Furtun\u0103 solar\u0103<\/strong><\/p>\n<p><a href=\"https:\/\/www.lovendal.ro\/wp52\/wp-content\/uploads\/2010\/06\/furtuna-solara.jpg\"><img loading=\"lazy\" decoding=\"async\" class=\"aligncenter size-full wp-image-1490\" title=\"furtuna-solara\" src=\"https:\/\/www.lovendal.ro\/wp52\/wp-content\/uploads\/2010\/06\/furtuna-solara.jpg\" alt=\"furtuna-solara\" width=\"228\" height=\"202\" \/><\/a><\/p>\n<p>Precum se \u015ftie, la fiecare 11 ani, Soarele nostru trece printr-o perioad\u0103 de puternice furtuni solare. A\u015fadar, se presupune c\u0103 fenomenul de la Fatima se datoreaz\u0103 unei puternice furtuni solare. Exist\u0103 \u00eens\u0103 o problem\u0103: a mai fost semnalat\u0103 p\u00e2n\u0103 \u00een prezent vreun fenomen gen &#8222;soarele dansator&#8221; atunci c\u00e2nd au loc furtunile solare? Mie mi se pare c\u0103 nu.<\/p>\n<p><strong>7) Eclips\u0103 de Soare<\/strong><\/p>\n<p><a href=\"https:\/\/www.lovendal.ro\/wp52\/wp-content\/uploads\/2010\/06\/eclipsa-de-soare-9.jpg\"><img loading=\"lazy\" decoding=\"async\" class=\"aligncenter size-full wp-image-1491\" title=\"eclipsa-de-soare-9\" src=\"https:\/\/www.lovendal.ro\/wp52\/wp-content\/uploads\/2010\/06\/eclipsa-de-soare-9.jpg\" alt=\"eclipsa-de-soare-9\" width=\"211\" height=\"211\" \/><\/a><\/p>\n<p>Explica\u0163ia pare destul de improbabil\u0103, deoarece \u00een acea perioad\u0103, nu se cunoa\u015fte prezen\u0163a vreunei eclipse. Atunci pentru ce a mai fost prezentat\u0103 aceast\u0103 ipotez\u0103?<\/p>\n<p><strong>8 ) Efectul de zoom<\/strong><\/p>\n<p><a href=\"https:\/\/www.lovendal.ro\/wp52\/wp-content\/uploads\/2010\/06\/efectul-de-zoom.jpg\"><img loading=\"lazy\" decoding=\"async\" class=\"aligncenter size-full wp-image-1492\" title=\"efectul-de-zoom\" src=\"https:\/\/www.lovendal.ro\/wp52\/wp-content\/uploads\/2010\/06\/efectul-de-zoom.jpg\" alt=\"efectul-de-zoom\" width=\"201\" height=\"201\" \/><\/a><\/p>\n<p>Aceast\u0103 explica\u0163ie a fost propus\u0103 de Institutul de Fizic\u0103 de la Universitatea Catolic\u0103 din Louvain. Acest efect apare atunci c\u00e2nd creierul se confrunt\u0103 cu o imagine bidimensional\u0103 aflat\u0103 la o distan\u0163\u0103 mare necunoscut\u0103, iar creierul va lua \u00een considerare posibilitatea ca ea s\u0103 fi venit mai aproape, prin efectuarea unui zoom mental iluzoriu, atunci c\u00e2nd m\u0103rimea aparent\u0103 a obiectului cre\u015fte progresiv. Dac\u0103 creierul percepe un anumit pericol, atunci efectul de zoom ac\u0163ioneaz\u0103 rapid, ap\u0103r\u00e2nd astfel &#8222;efectul soarelui dansator&#8221;.<\/p>\n<p>Uau! 70.000 de oameni au crezut c\u0103 Soarele e un fel de Predator care \u00eei devoreaz\u0103.<\/p>\n","protected":false},"excerpt":{"rendered":"<p>De-a lungul timpului, s-au \u00eencercat diferite explica\u0163ii \u015ftiin\u0163ifice sau mai pu\u0163in \u015ftiin\u0163ifice ale acestui fenomen, care le vom enumera \u00een articolul de fa\u0163\u0103. 1) Praf stratosferic Steuart Campbell a scris \u00een anul 1989 \u00een &#8222;Journal of Meterology&#8221; c\u0103 un nor &#8230; <\/p>\n<p class=\"read-more-container\"><a title=\"Cele mai tari 8 explica\u0163ii despre Miracolul de la Fatima\" class=\"read-more button\" href=\"https:\/\/www.lovendal.ro\/wp52\/cele-mai-tari-8-explicatii-despre-miracolul-de-la-fatima\/#more-59368\" aria-label=\"Cite\u0219te mai multe despre Cele mai tari 8 explica\u0163ii despre Miracolul de la Fatima\">Cititi mai multe<\/a><\/p>\n","protected":false},"author":1,"featured_media":59372,"comment_status":"closed","ping_status":"closed","sticky":false,"template":"","format":"standard","meta":{"footnotes":""},"categories":[2658],"tags":[983,4838,1748,1456,941,1978,50,826,6987,9810,688,865,5743,5049],"class_list":["post-59368","post","type-post","status-publish","format-standard","has-post-thumbnail","hentry","category-recordurile-lui-lovendal","tag-desert","tag-eclipsa","tag-fatima","tag-fecioara-maria","tag-halucinatie","tag-nori","tag-ozn","tag-portugalia","tag-praf","tag-recordurile-lui-lovendal","tag-sahara","tag-soare","tag-soare-fals","tag-zoom","resize-featured-image"],"yoast_head":"<!-- This site is optimized with the Yoast SEO Premium plugin v23.3 (Yoast SEO v27.4) - https:\/\/yoast.com\/product\/yoast-seo-premium-wordpress\/ -->\n<title>Cele mai tari 8 explica\u0163ii despre Miracolul de la Fatima - Secretele lui Lovendal<\/title>\n<meta name=\"robots\" content=\"index, follow, max-snippet:-1, max-image-preview:large, max-video-preview:-1\" \/>\n<link rel=\"canonical\" href=\"https:\/\/www.lovendal.ro\/wp52\/cele-mai-tari-8-explicatii-despre-miracolul-de-la-fatima\/\" \/>\n<meta property=\"og:locale\" content=\"ro_RO\" \/>\n<meta property=\"og:type\" content=\"article\" \/>\n<meta property=\"og:title\" content=\"Cele mai tari 8 explica\u0163ii despre Miracolul de la Fatima\" \/>\n<meta property=\"og:description\" content=\"De-a lungul timpului, s-au \u00eencercat diferite explica\u0163ii \u015ftiin\u0163ifice sau mai pu\u0163in \u015ftiin\u0163ifice ale acestui fenomen, care le vom enumera \u00een articolul de fa\u0163\u0103. 1) Praf stratosferic Steuart Campbell a scris \u00een anul 1989 \u00een &#8222;Journal of Meterology&#8221; c\u0103 un nor ... Cititi mai multe\" \/>\n<meta property=\"og:url\" content=\"https:\/\/www.lovendal.ro\/wp52\/cele-mai-tari-8-explicatii-despre-miracolul-de-la-fatima\/\" \/>\n<meta property=\"og:site_name\" content=\"Secretele lui Lovendal\" \/>\n<meta property=\"article:publisher\" content=\"https:\/\/www.facebook.com\/secreteleluilovendal\" \/>\n<meta property=\"article:published_time\" content=\"2010-01-20T18:58:56+00:00\" \/>\n<meta property=\"article:modified_time\" content=\"2019-01-20T19:03:35+00:00\" \/>\n<meta property=\"og:image\" content=\"https:\/\/www.lovendal.ro\/wp52\/wp-content\/uploads\/2010\/01\/miracolul-de-la-fatima.jpg\" \/>\n\t<meta property=\"og:image:width\" content=\"320\" \/>\n\t<meta property=\"og:image:height\" content=\"241\" \/>\n\t<meta property=\"og:image:type\" content=\"image\/jpeg\" \/>\n<meta name=\"author\" content=\"admin\" \/>\n<meta name=\"twitter:card\" content=\"summary_large_image\" \/>\n<meta name=\"twitter:label1\" content=\"Scris de\" \/>\n\t<meta name=\"twitter:data1\" content=\"admin\" \/>\n\t<meta name=\"twitter:label2\" content=\"Timp estimat pentru citire\" \/>\n\t<meta name=\"twitter:data2\" content=\"3 minute\" \/>\n<script type=\"application\/ld+json\" class=\"yoast-schema-graph\">{\"@context\":\"https:\\\/\\\/schema.org\",\"@graph\":[{\"@type\":\"Article\",\"@id\":\"https:\\\/\\\/www.lovendal.ro\\\/wp52\\\/cele-mai-tari-8-explicatii-despre-miracolul-de-la-fatima\\\/#article\",\"isPartOf\":{\"@id\":\"https:\\\/\\\/www.lovendal.ro\\\/wp52\\\/cele-mai-tari-8-explicatii-despre-miracolul-de-la-fatima\\\/\"},\"author\":{\"name\":\"admin\",\"@id\":\"https:\\\/\\\/www.lovendal.ro\\\/wp52\\\/#\\\/schema\\\/person\\\/088691de5dfc346bb0c023e1e52ef5d9\"},\"headline\":\"Cele mai tari 8 explica\u0163ii despre Miracolul de la Fatima\",\"datePublished\":\"2010-01-20T18:58:56+00:00\",\"dateModified\":\"2019-01-20T19:03:35+00:00\",\"mainEntityOfPage\":{\"@id\":\"https:\\\/\\\/www.lovendal.ro\\\/wp52\\\/cele-mai-tari-8-explicatii-despre-miracolul-de-la-fatima\\\/\"},\"wordCount\":591,\"publisher\":{\"@id\":\"https:\\\/\\\/www.lovendal.ro\\\/wp52\\\/#organization\"},\"image\":{\"@id\":\"https:\\\/\\\/www.lovendal.ro\\\/wp52\\\/cele-mai-tari-8-explicatii-despre-miracolul-de-la-fatima\\\/#primaryimage\"},\"thumbnailUrl\":\"https:\\\/\\\/www.lovendal.ro\\\/wp52\\\/wp-content\\\/uploads\\\/2010\\\/01\\\/miracolul-de-la-fatima.jpg\",\"keywords\":[\"de\u015fert\",\"eclips\u0103\",\"Fatima\",\"Fecioara Maria\",\"halucina\u0163ie\",\"nori\",\"OZN\",\"Portugalia\",\"praf\",\"Recordurile lui Lovendal\",\"Sahara\",\"Soare\",\"soare fals\",\"zoom\"],\"articleSection\":[\"Recordurile lui Lovendal\"],\"inLanguage\":\"ro-RO\"},{\"@type\":\"WebPage\",\"@id\":\"https:\\\/\\\/www.lovendal.ro\\\/wp52\\\/cele-mai-tari-8-explicatii-despre-miracolul-de-la-fatima\\\/\",\"url\":\"https:\\\/\\\/www.lovendal.ro\\\/wp52\\\/cele-mai-tari-8-explicatii-despre-miracolul-de-la-fatima\\\/\",\"name\":\"Cele mai tari 8 explica\u0163ii despre Miracolul de la Fatima - Secretele lui Lovendal\",\"isPartOf\":{\"@id\":\"https:\\\/\\\/www.lovendal.ro\\\/wp52\\\/#website\"},\"primaryImageOfPage\":{\"@id\":\"https:\\\/\\\/www.lovendal.ro\\\/wp52\\\/cele-mai-tari-8-explicatii-despre-miracolul-de-la-fatima\\\/#primaryimage\"},\"image\":{\"@id\":\"https:\\\/\\\/www.lovendal.ro\\\/wp52\\\/cele-mai-tari-8-explicatii-despre-miracolul-de-la-fatima\\\/#primaryimage\"},\"thumbnailUrl\":\"https:\\\/\\\/www.lovendal.ro\\\/wp52\\\/wp-content\\\/uploads\\\/2010\\\/01\\\/miracolul-de-la-fatima.jpg\",\"datePublished\":\"2010-01-20T18:58:56+00:00\",\"dateModified\":\"2019-01-20T19:03:35+00:00\",\"breadcrumb\":{\"@id\":\"https:\\\/\\\/www.lovendal.ro\\\/wp52\\\/cele-mai-tari-8-explicatii-despre-miracolul-de-la-fatima\\\/#breadcrumb\"},\"inLanguage\":\"ro-RO\",\"potentialAction\":[{\"@type\":\"ReadAction\",\"target\":[\"https:\\\/\\\/www.lovendal.ro\\\/wp52\\\/cele-mai-tari-8-explicatii-despre-miracolul-de-la-fatima\\\/\"]}]},{\"@type\":\"ImageObject\",\"inLanguage\":\"ro-RO\",\"@id\":\"https:\\\/\\\/www.lovendal.ro\\\/wp52\\\/cele-mai-tari-8-explicatii-despre-miracolul-de-la-fatima\\\/#primaryimage\",\"url\":\"https:\\\/\\\/www.lovendal.ro\\\/wp52\\\/wp-content\\\/uploads\\\/2010\\\/01\\\/miracolul-de-la-fatima.jpg\",\"contentUrl\":\"https:\\\/\\\/www.lovendal.ro\\\/wp52\\\/wp-content\\\/uploads\\\/2010\\\/01\\\/miracolul-de-la-fatima.jpg\",\"width\":320,\"height\":241},{\"@type\":\"BreadcrumbList\",\"@id\":\"https:\\\/\\\/www.lovendal.ro\\\/wp52\\\/cele-mai-tari-8-explicatii-despre-miracolul-de-la-fatima\\\/#breadcrumb\",\"itemListElement\":[{\"@type\":\"ListItem\",\"position\":1,\"name\":\"Home\",\"item\":\"https:\\\/\\\/www.lovendal.ro\\\/wp52\\\/\"},{\"@type\":\"ListItem\",\"position\":2,\"name\":\"Cele mai tari 8 explica\u0163ii despre Miracolul de la Fatima\"}]},{\"@type\":\"WebSite\",\"@id\":\"https:\\\/\\\/www.lovendal.ro\\\/wp52\\\/#website\",\"url\":\"https:\\\/\\\/www.lovendal.ro\\\/wp52\\\/\",\"name\":\"Secretele lui Lovendal\",\"description\":\"Site de secrete, stiinta si metafizica - din 2008 -\",\"publisher\":{\"@id\":\"https:\\\/\\\/www.lovendal.ro\\\/wp52\\\/#organization\"},\"potentialAction\":[{\"@type\":\"SearchAction\",\"target\":{\"@type\":\"EntryPoint\",\"urlTemplate\":\"https:\\\/\\\/www.lovendal.ro\\\/wp52\\\/?s={search_term_string}\"},\"query-input\":{\"@type\":\"PropertyValueSpecification\",\"valueRequired\":true,\"valueName\":\"search_term_string\"}}],\"inLanguage\":\"ro-RO\"},{\"@type\":\"Organization\",\"@id\":\"https:\\\/\\\/www.lovendal.ro\\\/wp52\\\/#organization\",\"name\":\"Secretele lui Lovendal\",\"url\":\"https:\\\/\\\/www.lovendal.ro\\\/wp52\\\/\",\"logo\":{\"@type\":\"ImageObject\",\"inLanguage\":\"ro-RO\",\"@id\":\"https:\\\/\\\/www.lovendal.ro\\\/wp52\\\/#\\\/schema\\\/logo\\\/image\\\/\",\"url\":\"https:\\\/\\\/www.lovendal.ro\\\/wp52\\\/wp-content\\\/uploads\\\/2024\\\/06\\\/cropped-SLL-iun-2024-1.jpg\",\"contentUrl\":\"https:\\\/\\\/www.lovendal.ro\\\/wp52\\\/wp-content\\\/uploads\\\/2024\\\/06\\\/cropped-SLL-iun-2024-1.jpg\",\"width\":771,\"height\":240,\"caption\":\"Secretele lui Lovendal\"},\"image\":{\"@id\":\"https:\\\/\\\/www.lovendal.ro\\\/wp52\\\/#\\\/schema\\\/logo\\\/image\\\/\"},\"sameAs\":[\"https:\\\/\\\/www.facebook.com\\\/secreteleluilovendal\"]},{\"@type\":\"Person\",\"@id\":\"https:\\\/\\\/www.lovendal.ro\\\/wp52\\\/#\\\/schema\\\/person\\\/088691de5dfc346bb0c023e1e52ef5d9\",\"name\":\"admin\",\"image\":{\"@type\":\"ImageObject\",\"inLanguage\":\"ro-RO\",\"@id\":\"https:\\\/\\\/secure.gravatar.com\\\/avatar\\\/ecb9cd41f5f63c9c9b989999a59f6e2639a865ec361e9db054db0679a8f341c2?s=96&d=mm&r=g\",\"url\":\"https:\\\/\\\/secure.gravatar.com\\\/avatar\\\/ecb9cd41f5f63c9c9b989999a59f6e2639a865ec361e9db054db0679a8f341c2?s=96&d=mm&r=g\",\"contentUrl\":\"https:\\\/\\\/secure.gravatar.com\\\/avatar\\\/ecb9cd41f5f63c9c9b989999a59f6e2639a865ec361e9db054db0679a8f341c2?s=96&d=mm&r=g\",\"caption\":\"admin\"},\"sameAs\":[\"https:\\\/\\\/www.lovendal.ro\\\/wp52\"]}]}<\/script>\n<!-- \/ Yoast SEO Premium plugin. -->","yoast_head_json":{"title":"Cele mai tari 8 explica\u0163ii despre Miracolul de la Fatima - Secretele lui Lovendal","robots":{"index":"index","follow":"follow","max-snippet":"max-snippet:-1","max-image-preview":"max-image-preview:large","max-video-preview":"max-video-preview:-1"},"canonical":"https:\/\/www.lovendal.ro\/wp52\/cele-mai-tari-8-explicatii-despre-miracolul-de-la-fatima\/","og_locale":"ro_RO","og_type":"article","og_title":"Cele mai tari 8 explica\u0163ii despre Miracolul de la Fatima","og_description":"De-a lungul timpului, s-au \u00eencercat diferite explica\u0163ii \u015ftiin\u0163ifice sau mai pu\u0163in \u015ftiin\u0163ifice ale acestui fenomen, care le vom enumera \u00een articolul de fa\u0163\u0103. 1) Praf stratosferic Steuart Campbell a scris \u00een anul 1989 \u00een &#8222;Journal of Meterology&#8221; c\u0103 un nor ... Cititi mai multe","og_url":"https:\/\/www.lovendal.ro\/wp52\/cele-mai-tari-8-explicatii-despre-miracolul-de-la-fatima\/","og_site_name":"Secretele lui Lovendal","article_publisher":"https:\/\/www.facebook.com\/secreteleluilovendal","article_published_time":"2010-01-20T18:58:56+00:00","article_modified_time":"2019-01-20T19:03:35+00:00","og_image":[{"width":320,"height":241,"url":"https:\/\/www.lovendal.ro\/wp52\/wp-content\/uploads\/2010\/01\/miracolul-de-la-fatima.jpg","type":"image\/jpeg"}],"author":"admin","twitter_card":"summary_large_image","twitter_misc":{"Scris de":"admin","Timp estimat pentru citire":"3 minute"},"schema":{"@context":"https:\/\/schema.org","@graph":[{"@type":"Article","@id":"https:\/\/www.lovendal.ro\/wp52\/cele-mai-tari-8-explicatii-despre-miracolul-de-la-fatima\/#article","isPartOf":{"@id":"https:\/\/www.lovendal.ro\/wp52\/cele-mai-tari-8-explicatii-despre-miracolul-de-la-fatima\/"},"author":{"name":"admin","@id":"https:\/\/www.lovendal.ro\/wp52\/#\/schema\/person\/088691de5dfc346bb0c023e1e52ef5d9"},"headline":"Cele mai tari 8 explica\u0163ii despre Miracolul de la Fatima","datePublished":"2010-01-20T18:58:56+00:00","dateModified":"2019-01-20T19:03:35+00:00","mainEntityOfPage":{"@id":"https:\/\/www.lovendal.ro\/wp52\/cele-mai-tari-8-explicatii-despre-miracolul-de-la-fatima\/"},"wordCount":591,"publisher":{"@id":"https:\/\/www.lovendal.ro\/wp52\/#organization"},"image":{"@id":"https:\/\/www.lovendal.ro\/wp52\/cele-mai-tari-8-explicatii-despre-miracolul-de-la-fatima\/#primaryimage"},"thumbnailUrl":"https:\/\/www.lovendal.ro\/wp52\/wp-content\/uploads\/2010\/01\/miracolul-de-la-fatima.jpg","keywords":["de\u015fert","eclips\u0103","Fatima","Fecioara Maria","halucina\u0163ie","nori","OZN","Portugalia","praf","Recordurile lui Lovendal","Sahara","Soare","soare fals","zoom"],"articleSection":["Recordurile lui Lovendal"],"inLanguage":"ro-RO"},{"@type":"WebPage","@id":"https:\/\/www.lovendal.ro\/wp52\/cele-mai-tari-8-explicatii-despre-miracolul-de-la-fatima\/","url":"https:\/\/www.lovendal.ro\/wp52\/cele-mai-tari-8-explicatii-despre-miracolul-de-la-fatima\/","name":"Cele mai tari 8 explica\u0163ii despre Miracolul de la Fatima - Secretele lui Lovendal","isPartOf":{"@id":"https:\/\/www.lovendal.ro\/wp52\/#website"},"primaryImageOfPage":{"@id":"https:\/\/www.lovendal.ro\/wp52\/cele-mai-tari-8-explicatii-despre-miracolul-de-la-fatima\/#primaryimage"},"image":{"@id":"https:\/\/www.lovendal.ro\/wp52\/cele-mai-tari-8-explicatii-despre-miracolul-de-la-fatima\/#primaryimage"},"thumbnailUrl":"https:\/\/www.lovendal.ro\/wp52\/wp-content\/uploads\/2010\/01\/miracolul-de-la-fatima.jpg","datePublished":"2010-01-20T18:58:56+00:00","dateModified":"2019-01-20T19:03:35+00:00","breadcrumb":{"@id":"https:\/\/www.lovendal.ro\/wp52\/cele-mai-tari-8-explicatii-despre-miracolul-de-la-fatima\/#breadcrumb"},"inLanguage":"ro-RO","potentialAction":[{"@type":"ReadAction","target":["https:\/\/www.lovendal.ro\/wp52\/cele-mai-tari-8-explicatii-despre-miracolul-de-la-fatima\/"]}]},{"@type":"ImageObject","inLanguage":"ro-RO","@id":"https:\/\/www.lovendal.ro\/wp52\/cele-mai-tari-8-explicatii-despre-miracolul-de-la-fatima\/#primaryimage","url":"https:\/\/www.lovendal.ro\/wp52\/wp-content\/uploads\/2010\/01\/miracolul-de-la-fatima.jpg","contentUrl":"https:\/\/www.lovendal.ro\/wp52\/wp-content\/uploads\/2010\/01\/miracolul-de-la-fatima.jpg","width":320,"height":241},{"@type":"BreadcrumbList","@id":"https:\/\/www.lovendal.ro\/wp52\/cele-mai-tari-8-explicatii-despre-miracolul-de-la-fatima\/#breadcrumb","itemListElement":[{"@type":"ListItem","position":1,"name":"Home","item":"https:\/\/www.lovendal.ro\/wp52\/"},{"@type":"ListItem","position":2,"name":"Cele mai tari 8 explica\u0163ii despre Miracolul de la Fatima"}]},{"@type":"WebSite","@id":"https:\/\/www.lovendal.ro\/wp52\/#website","url":"https:\/\/www.lovendal.ro\/wp52\/","name":"Secretele lui Lovendal","description":"Site de secrete, stiinta si metafizica - din 2008 -","publisher":{"@id":"https:\/\/www.lovendal.ro\/wp52\/#organization"},"potentialAction":[{"@type":"SearchAction","target":{"@type":"EntryPoint","urlTemplate":"https:\/\/www.lovendal.ro\/wp52\/?s={search_term_string}"},"query-input":{"@type":"PropertyValueSpecification","valueRequired":true,"valueName":"search_term_string"}}],"inLanguage":"ro-RO"},{"@type":"Organization","@id":"https:\/\/www.lovendal.ro\/wp52\/#organization","name":"Secretele lui Lovendal","url":"https:\/\/www.lovendal.ro\/wp52\/","logo":{"@type":"ImageObject","inLanguage":"ro-RO","@id":"https:\/\/www.lovendal.ro\/wp52\/#\/schema\/logo\/image\/","url":"https:\/\/www.lovendal.ro\/wp52\/wp-content\/uploads\/2024\/06\/cropped-SLL-iun-2024-1.jpg","contentUrl":"https:\/\/www.lovendal.ro\/wp52\/wp-content\/uploads\/2024\/06\/cropped-SLL-iun-2024-1.jpg","width":771,"height":240,"caption":"Secretele lui Lovendal"},"image":{"@id":"https:\/\/www.lovendal.ro\/wp52\/#\/schema\/logo\/image\/"},"sameAs":["https:\/\/www.facebook.com\/secreteleluilovendal"]},{"@type":"Person","@id":"https:\/\/www.lovendal.ro\/wp52\/#\/schema\/person\/088691de5dfc346bb0c023e1e52ef5d9","name":"admin","image":{"@type":"ImageObject","inLanguage":"ro-RO","@id":"https:\/\/secure.gravatar.com\/avatar\/ecb9cd41f5f63c9c9b989999a59f6e2639a865ec361e9db054db0679a8f341c2?s=96&d=mm&r=g","url":"https:\/\/secure.gravatar.com\/avatar\/ecb9cd41f5f63c9c9b989999a59f6e2639a865ec361e9db054db0679a8f341c2?s=96&d=mm&r=g","contentUrl":"https:\/\/secure.gravatar.com\/avatar\/ecb9cd41f5f63c9c9b989999a59f6e2639a865ec361e9db054db0679a8f341c2?s=96&d=mm&r=g","caption":"admin"},"sameAs":["https:\/\/www.lovendal.ro\/wp52"]}]}},"_links":{"self":[{"href":"https:\/\/www.lovendal.ro\/wp52\/wp-json\/wp\/v2\/posts\/59368","targetHints":{"allow":["GET"]}}],"collection":[{"href":"https:\/\/www.lovendal.ro\/wp52\/wp-json\/wp\/v2\/posts"}],"about":[{"href":"https:\/\/www.lovendal.ro\/wp52\/wp-json\/wp\/v2\/types\/post"}],"author":[{"embeddable":true,"href":"https:\/\/www.lovendal.ro\/wp52\/wp-json\/wp\/v2\/users\/1"}],"replies":[{"embeddable":true,"href":"https:\/\/www.lovendal.ro\/wp52\/wp-json\/wp\/v2\/comments?post=59368"}],"version-history":[{"count":0,"href":"https:\/\/www.lovendal.ro\/wp52\/wp-json\/wp\/v2\/posts\/59368\/revisions"}],"wp:featuredmedia":[{"embeddable":true,"href":"https:\/\/www.lovendal.ro\/wp52\/wp-json\/wp\/v2\/media\/59372"}],"wp:attachment":[{"href":"https:\/\/www.lovendal.ro\/wp52\/wp-json\/wp\/v2\/media?parent=59368"}],"wp:term":[{"taxonomy":"category","embeddable":true,"href":"https:\/\/www.lovendal.ro\/wp52\/wp-json\/wp\/v2\/categories?post=59368"},{"taxonomy":"post_tag","embeddable":true,"href":"https:\/\/www.lovendal.ro\/wp52\/wp-json\/wp\/v2\/tags?post=59368"}],"curies":[{"name":"wp","href":"https:\/\/api.w.org\/{rel}","templated":true}]}}