{"id":5929,"date":"2009-06-26T16:34:27","date_gmt":"2009-06-26T13:34:27","guid":{"rendered":"http:\/\/www.lovendal.net\/wp52\/?p=5929"},"modified":"2009-06-26T16:34:27","modified_gmt":"2009-06-26T13:34:27","slug":"profetia-de-la-fatima-a-fost-de-fapt-o-actiune-a-extraterestrilor","status":"publish","type":"post","link":"https:\/\/www.lovendal.ro\/wp52\/profetia-de-la-fatima-a-fost-de-fapt-o-actiune-a-extraterestrilor\/","title":{"rendered":"Profe\u0163ia de la Fatima a fost de fapt o ac\u0163iune a extratere\u015ftrilor?"},"content":{"rendered":"<p><a href=\"https:\/\/www.lovendal.ro\/wp52\/wp-content\/uploads\/2009\/06\/Fatima.jpg\"><img loading=\"lazy\" decoding=\"async\" class=\"alignleft size-full wp-image-5930\" title=\"Fatima\" src=\"https:\/\/www.lovendal.ro\/wp52\/wp-content\/uploads\/2009\/06\/Fatima.jpg\" alt=\"Fatima\" width=\"310\" height=\"283\" srcset=\"https:\/\/www.lovendal.ro\/wp52\/wp-content\/uploads\/2009\/06\/Fatima.jpg 310w, https:\/\/www.lovendal.ro\/wp52\/wp-content\/uploads\/2009\/06\/Fatima-300x273.jpg 300w\" sizes=\"auto, (max-width: 310px) 100vw, 310px\" \/><\/a>La 13 octombrie 1917, \u00eentr-o dup\u0103-amiaz\u0103 ploioas\u0103, 50.000 de persoane adunate la Fatima, \u00een Portugalia, au r\u0103mas mute de uimire \u00een fa\u0163a spectacolului ce se derula pe cer. Norii s-au \u00eendep\u0103rtat pentru a face loc unui disc argintiu enorm, \u00eenv\u00e2rtindu-se ca roata unei mori de v\u00e2nt \u015fi dans\u00e2nd pe cer. Obiectul degaja c\u0103ldur\u0103, \u015fi martorii au afirmat c\u0103 hainele lor ude de ploaie s-au uscat \u00een c\u00e2teva minute. Dup\u0103 ce a plonjat spre Terra, discul a urcat din nou spre cer \u015fi a disp\u0103rut \u00een direc\u0163ia Soarelui. Evenimentul \u00eendeplinea profe\u0163ia a trei tineri \u0163\u0103rani afirm\u00e2nd c\u0103 au vorbit Fecioarei Maria. Aceasta i-a prevenit de apari\u0163ia sa tocmai pe data de 13 octombrie, \u201epentru ca toat\u0103 lumea s\u0103 poat\u0103 \u00abcrede\u00bb&#8221;.<\/p>\n<p>Biserica a f\u0103cut din acest eveniment un miracol,  dar partizanii  OZN-urilor au remarcat similitudini frapante cu alte m\u0103rturii privind eventuale obiecte zbur\u0103toare. Ei pretind c\u0103 au capacitatea de a vedea \u00een viitor \u015fi c\u0103 au provocat aceast\u0103 apari\u0163ie. \u00cenainte ca extratere\u015ftrii s\u0103 dezv\u0103luie acest am\u0103nunt, guvernul avea o teorie pe termen lung potrivit c\u0103reia a treia profe\u0163ie de la Fatima nu a fost relevat\u0103, deoarece trata r\u0103zboiul nuclear \u015fi consecin\u0163ele sale. Aceast\u0103 profe\u0163ie era ascuns\u0103 oamenilor.<\/p>\n<p>Ce nu s-a ar\u0103tat totu\u015fi e c\u0103 situa\u0163ia extratere\u015ftrilor era legat\u0103 direct de profe\u0163ia r\u0103zboiului nuclear. \u00cen realitate, extratere\u015ftrii sperau s\u0103 contribuie la instabilitatea pe Terra \u00een a\u015fa m\u0103sur\u0103 \u00eenc\u00e2t s\u0103 se declan\u015feze r\u0103zboiul nuclear. Inten\u0163ia lor era deci s\u0103 fie provocate multe distrugeri pe p\u0103m\u00e2nt pentru ca planeta albastr\u0103 s\u0103 devin\u0103 o tint\u0103 u\u015for de cucerit, \u00een timp ce ei ar fi p\u0103strat un anumit num\u0103r de vie\u0163i umane pentru a le servi drept sclavi.<\/p>\n","protected":false},"excerpt":{"rendered":"<p>La 13 octombrie 1917, \u00eentr-o dup\u0103-amiaz\u0103 ploioas\u0103, 50.000 de persoane adunate la Fatima, \u00een Portugalia, au r\u0103mas mute de uimire \u00een fa\u0163a spectacolului ce se derula pe cer. Norii s-au \u00eendep\u0103rtat pentru a face loc unui disc argintiu enorm, \u00eenv\u00e2rtindu-se &#8230; <\/p>\n<p class=\"read-more-container\"><a title=\"Profe\u0163ia de la Fatima a fost de fapt o ac\u0163iune a extratere\u015ftrilor?\" class=\"read-more button\" href=\"https:\/\/www.lovendal.ro\/wp52\/profetia-de-la-fatima-a-fost-de-fapt-o-actiune-a-extraterestrilor\/#more-5929\" aria-label=\"Cite\u0219te mai multe despre Profe\u0163ia de la Fatima a fost de fapt o ac\u0163iune a extratere\u015ftrilor?\">Cititi mai multe<\/a><\/p>\n","protected":false},"author":1,"featured_media":5930,"comment_status":"open","ping_status":"closed","sticky":false,"template":"","format":"standard","meta":{"footnotes":""},"categories":[14],"tags":[51,1748,50,9796],"class_list":["post-5929","post","type-post","status-publish","format-standard","has-post-thumbnail","hentry","category-paranormal-spiritualitate","tag-extraterestri","tag-fatima","tag-ozn","tag-paranormal-spiritualitate","resize-featured-image"],"yoast_head":"<!-- This site is optimized with the Yoast SEO Premium plugin v23.3 (Yoast SEO v27.4) - https:\/\/yoast.com\/product\/yoast-seo-premium-wordpress\/ -->\n<title>Profe\u0163ia de la Fatima a fost de fapt o ac\u0163iune a extratere\u015ftrilor? - Secretele lui Lovendal<\/title>\n<meta name=\"robots\" content=\"index, follow, max-snippet:-1, max-image-preview:large, max-video-preview:-1\" \/>\n<link rel=\"canonical\" href=\"https:\/\/www.lovendal.ro\/wp52\/profetia-de-la-fatima-a-fost-de-fapt-o-actiune-a-extraterestrilor\/\" \/>\n<meta property=\"og:locale\" content=\"ro_RO\" \/>\n<meta property=\"og:type\" content=\"article\" \/>\n<meta property=\"og:title\" content=\"Profe\u0163ia de la Fatima a fost de fapt o ac\u0163iune a extratere\u015ftrilor?\" \/>\n<meta property=\"og:description\" content=\"La 13 octombrie 1917, \u00eentr-o dup\u0103-amiaz\u0103 ploioas\u0103, 50.000 de persoane adunate la Fatima, \u00een Portugalia, au r\u0103mas mute de uimire \u00een fa\u0163a spectacolului ce se derula pe cer. Norii s-au \u00eendep\u0103rtat pentru a face loc unui disc argintiu enorm, \u00eenv\u00e2rtindu-se ... Cititi mai multe\" \/>\n<meta property=\"og:url\" content=\"https:\/\/www.lovendal.ro\/wp52\/profetia-de-la-fatima-a-fost-de-fapt-o-actiune-a-extraterestrilor\/\" \/>\n<meta property=\"og:site_name\" content=\"Secretele lui Lovendal\" \/>\n<meta property=\"article:publisher\" content=\"https:\/\/www.facebook.com\/secreteleluilovendal\" \/>\n<meta property=\"article:published_time\" content=\"2009-06-26T13:34:27+00:00\" \/>\n<meta property=\"og:image\" content=\"https:\/\/www.lovendal.ro\/wp52\/wp-content\/uploads\/2009\/06\/Fatima.jpg\" \/>\n\t<meta property=\"og:image:width\" content=\"310\" \/>\n\t<meta property=\"og:image:height\" content=\"283\" \/>\n\t<meta property=\"og:image:type\" content=\"image\/jpeg\" \/>\n<meta name=\"author\" content=\"admin\" \/>\n<meta name=\"twitter:card\" content=\"summary_large_image\" \/>\n<meta name=\"twitter:label1\" content=\"Scris de\" \/>\n\t<meta name=\"twitter:data1\" content=\"admin\" \/>\n\t<meta name=\"twitter:label2\" content=\"Timp estimat pentru citire\" \/>\n\t<meta name=\"twitter:data2\" content=\"2 minute\" \/>\n<script type=\"application\/ld+json\" class=\"yoast-schema-graph\">{\"@context\":\"https:\\\/\\\/schema.org\",\"@graph\":[{\"@type\":\"Article\",\"@id\":\"https:\\\/\\\/www.lovendal.ro\\\/wp52\\\/profetia-de-la-fatima-a-fost-de-fapt-o-actiune-a-extraterestrilor\\\/#article\",\"isPartOf\":{\"@id\":\"https:\\\/\\\/www.lovendal.ro\\\/wp52\\\/profetia-de-la-fatima-a-fost-de-fapt-o-actiune-a-extraterestrilor\\\/\"},\"author\":{\"name\":\"admin\",\"@id\":\"https:\\\/\\\/www.lovendal.ro\\\/wp52\\\/#\\\/schema\\\/person\\\/088691de5dfc346bb0c023e1e52ef5d9\"},\"headline\":\"Profe\u0163ia de la Fatima a fost de fapt o ac\u0163iune a extratere\u015ftrilor?\",\"datePublished\":\"2009-06-26T13:34:27+00:00\",\"mainEntityOfPage\":{\"@id\":\"https:\\\/\\\/www.lovendal.ro\\\/wp52\\\/profetia-de-la-fatima-a-fost-de-fapt-o-actiune-a-extraterestrilor\\\/\"},\"wordCount\":327,\"commentCount\":3,\"publisher\":{\"@id\":\"https:\\\/\\\/www.lovendal.ro\\\/wp52\\\/#organization\"},\"image\":{\"@id\":\"https:\\\/\\\/www.lovendal.ro\\\/wp52\\\/profetia-de-la-fatima-a-fost-de-fapt-o-actiune-a-extraterestrilor\\\/#primaryimage\"},\"thumbnailUrl\":\"https:\\\/\\\/www.lovendal.ro\\\/wp52\\\/wp-content\\\/uploads\\\/2009\\\/06\\\/Fatima.jpg\",\"keywords\":[\"extratere\u015ftri\",\"Fatima\",\"OZN\",\"Paranormal-Spiritualitate\"],\"articleSection\":[\"Paranormal-Spiritualitate\"],\"inLanguage\":\"ro-RO\",\"potentialAction\":[{\"@type\":\"CommentAction\",\"name\":\"Comment\",\"target\":[\"https:\\\/\\\/www.lovendal.ro\\\/wp52\\\/profetia-de-la-fatima-a-fost-de-fapt-o-actiune-a-extraterestrilor\\\/#respond\"]}]},{\"@type\":\"WebPage\",\"@id\":\"https:\\\/\\\/www.lovendal.ro\\\/wp52\\\/profetia-de-la-fatima-a-fost-de-fapt-o-actiune-a-extraterestrilor\\\/\",\"url\":\"https:\\\/\\\/www.lovendal.ro\\\/wp52\\\/profetia-de-la-fatima-a-fost-de-fapt-o-actiune-a-extraterestrilor\\\/\",\"name\":\"Profe\u0163ia de la Fatima a fost de fapt o ac\u0163iune a extratere\u015ftrilor? - Secretele lui Lovendal\",\"isPartOf\":{\"@id\":\"https:\\\/\\\/www.lovendal.ro\\\/wp52\\\/#website\"},\"primaryImageOfPage\":{\"@id\":\"https:\\\/\\\/www.lovendal.ro\\\/wp52\\\/profetia-de-la-fatima-a-fost-de-fapt-o-actiune-a-extraterestrilor\\\/#primaryimage\"},\"image\":{\"@id\":\"https:\\\/\\\/www.lovendal.ro\\\/wp52\\\/profetia-de-la-fatima-a-fost-de-fapt-o-actiune-a-extraterestrilor\\\/#primaryimage\"},\"thumbnailUrl\":\"https:\\\/\\\/www.lovendal.ro\\\/wp52\\\/wp-content\\\/uploads\\\/2009\\\/06\\\/Fatima.jpg\",\"datePublished\":\"2009-06-26T13:34:27+00:00\",\"breadcrumb\":{\"@id\":\"https:\\\/\\\/www.lovendal.ro\\\/wp52\\\/profetia-de-la-fatima-a-fost-de-fapt-o-actiune-a-extraterestrilor\\\/#breadcrumb\"},\"inLanguage\":\"ro-RO\",\"potentialAction\":[{\"@type\":\"ReadAction\",\"target\":[\"https:\\\/\\\/www.lovendal.ro\\\/wp52\\\/profetia-de-la-fatima-a-fost-de-fapt-o-actiune-a-extraterestrilor\\\/\"]}]},{\"@type\":\"ImageObject\",\"inLanguage\":\"ro-RO\",\"@id\":\"https:\\\/\\\/www.lovendal.ro\\\/wp52\\\/profetia-de-la-fatima-a-fost-de-fapt-o-actiune-a-extraterestrilor\\\/#primaryimage\",\"url\":\"https:\\\/\\\/www.lovendal.ro\\\/wp52\\\/wp-content\\\/uploads\\\/2009\\\/06\\\/Fatima.jpg\",\"contentUrl\":\"https:\\\/\\\/www.lovendal.ro\\\/wp52\\\/wp-content\\\/uploads\\\/2009\\\/06\\\/Fatima.jpg\",\"width\":\"310\",\"height\":\"283\"},{\"@type\":\"BreadcrumbList\",\"@id\":\"https:\\\/\\\/www.lovendal.ro\\\/wp52\\\/profetia-de-la-fatima-a-fost-de-fapt-o-actiune-a-extraterestrilor\\\/#breadcrumb\",\"itemListElement\":[{\"@type\":\"ListItem\",\"position\":1,\"name\":\"Home\",\"item\":\"https:\\\/\\\/www.lovendal.ro\\\/wp52\\\/\"},{\"@type\":\"ListItem\",\"position\":2,\"name\":\"Profe\u0163ia de la Fatima a fost de fapt o ac\u0163iune a extratere\u015ftrilor?\"}]},{\"@type\":\"WebSite\",\"@id\":\"https:\\\/\\\/www.lovendal.ro\\\/wp52\\\/#website\",\"url\":\"https:\\\/\\\/www.lovendal.ro\\\/wp52\\\/\",\"name\":\"Secretele lui Lovendal\",\"description\":\"Site de secrete, stiinta si metafizica - din 2008 -\",\"publisher\":{\"@id\":\"https:\\\/\\\/www.lovendal.ro\\\/wp52\\\/#organization\"},\"potentialAction\":[{\"@type\":\"SearchAction\",\"target\":{\"@type\":\"EntryPoint\",\"urlTemplate\":\"https:\\\/\\\/www.lovendal.ro\\\/wp52\\\/?s={search_term_string}\"},\"query-input\":{\"@type\":\"PropertyValueSpecification\",\"valueRequired\":true,\"valueName\":\"search_term_string\"}}],\"inLanguage\":\"ro-RO\"},{\"@type\":\"Organization\",\"@id\":\"https:\\\/\\\/www.lovendal.ro\\\/wp52\\\/#organization\",\"name\":\"Secretele lui Lovendal\",\"url\":\"https:\\\/\\\/www.lovendal.ro\\\/wp52\\\/\",\"logo\":{\"@type\":\"ImageObject\",\"inLanguage\":\"ro-RO\",\"@id\":\"https:\\\/\\\/www.lovendal.ro\\\/wp52\\\/#\\\/schema\\\/logo\\\/image\\\/\",\"url\":\"https:\\\/\\\/www.lovendal.ro\\\/wp52\\\/wp-content\\\/uploads\\\/2024\\\/06\\\/cropped-SLL-iun-2024-1.jpg\",\"contentUrl\":\"https:\\\/\\\/www.lovendal.ro\\\/wp52\\\/wp-content\\\/uploads\\\/2024\\\/06\\\/cropped-SLL-iun-2024-1.jpg\",\"width\":771,\"height\":240,\"caption\":\"Secretele lui Lovendal\"},\"image\":{\"@id\":\"https:\\\/\\\/www.lovendal.ro\\\/wp52\\\/#\\\/schema\\\/logo\\\/image\\\/\"},\"sameAs\":[\"https:\\\/\\\/www.facebook.com\\\/secreteleluilovendal\"]},{\"@type\":\"Person\",\"@id\":\"https:\\\/\\\/www.lovendal.ro\\\/wp52\\\/#\\\/schema\\\/person\\\/088691de5dfc346bb0c023e1e52ef5d9\",\"name\":\"admin\",\"image\":{\"@type\":\"ImageObject\",\"inLanguage\":\"ro-RO\",\"@id\":\"https:\\\/\\\/secure.gravatar.com\\\/avatar\\\/ecb9cd41f5f63c9c9b989999a59f6e2639a865ec361e9db054db0679a8f341c2?s=96&d=mm&r=g\",\"url\":\"https:\\\/\\\/secure.gravatar.com\\\/avatar\\\/ecb9cd41f5f63c9c9b989999a59f6e2639a865ec361e9db054db0679a8f341c2?s=96&d=mm&r=g\",\"contentUrl\":\"https:\\\/\\\/secure.gravatar.com\\\/avatar\\\/ecb9cd41f5f63c9c9b989999a59f6e2639a865ec361e9db054db0679a8f341c2?s=96&d=mm&r=g\",\"caption\":\"admin\"},\"sameAs\":[\"https:\\\/\\\/www.lovendal.ro\\\/wp52\"]}]}<\/script>\n<!-- \/ Yoast SEO Premium plugin. -->","yoast_head_json":{"title":"Profe\u0163ia de la Fatima a fost de fapt o ac\u0163iune a extratere\u015ftrilor? - Secretele lui Lovendal","robots":{"index":"index","follow":"follow","max-snippet":"max-snippet:-1","max-image-preview":"max-image-preview:large","max-video-preview":"max-video-preview:-1"},"canonical":"https:\/\/www.lovendal.ro\/wp52\/profetia-de-la-fatima-a-fost-de-fapt-o-actiune-a-extraterestrilor\/","og_locale":"ro_RO","og_type":"article","og_title":"Profe\u0163ia de la Fatima a fost de fapt o ac\u0163iune a extratere\u015ftrilor?","og_description":"La 13 octombrie 1917, \u00eentr-o dup\u0103-amiaz\u0103 ploioas\u0103, 50.000 de persoane adunate la Fatima, \u00een Portugalia, au r\u0103mas mute de uimire \u00een fa\u0163a spectacolului ce se derula pe cer. Norii s-au \u00eendep\u0103rtat pentru a face loc unui disc argintiu enorm, \u00eenv\u00e2rtindu-se ... Cititi mai multe","og_url":"https:\/\/www.lovendal.ro\/wp52\/profetia-de-la-fatima-a-fost-de-fapt-o-actiune-a-extraterestrilor\/","og_site_name":"Secretele lui Lovendal","article_publisher":"https:\/\/www.facebook.com\/secreteleluilovendal","article_published_time":"2009-06-26T13:34:27+00:00","og_image":[{"width":310,"height":283,"url":"https:\/\/www.lovendal.ro\/wp52\/wp-content\/uploads\/2009\/06\/Fatima.jpg","type":"image\/jpeg"}],"author":"admin","twitter_card":"summary_large_image","twitter_misc":{"Scris de":"admin","Timp estimat pentru citire":"2 minute"},"schema":{"@context":"https:\/\/schema.org","@graph":[{"@type":"Article","@id":"https:\/\/www.lovendal.ro\/wp52\/profetia-de-la-fatima-a-fost-de-fapt-o-actiune-a-extraterestrilor\/#article","isPartOf":{"@id":"https:\/\/www.lovendal.ro\/wp52\/profetia-de-la-fatima-a-fost-de-fapt-o-actiune-a-extraterestrilor\/"},"author":{"name":"admin","@id":"https:\/\/www.lovendal.ro\/wp52\/#\/schema\/person\/088691de5dfc346bb0c023e1e52ef5d9"},"headline":"Profe\u0163ia de la Fatima a fost de fapt o ac\u0163iune a extratere\u015ftrilor?","datePublished":"2009-06-26T13:34:27+00:00","mainEntityOfPage":{"@id":"https:\/\/www.lovendal.ro\/wp52\/profetia-de-la-fatima-a-fost-de-fapt-o-actiune-a-extraterestrilor\/"},"wordCount":327,"commentCount":3,"publisher":{"@id":"https:\/\/www.lovendal.ro\/wp52\/#organization"},"image":{"@id":"https:\/\/www.lovendal.ro\/wp52\/profetia-de-la-fatima-a-fost-de-fapt-o-actiune-a-extraterestrilor\/#primaryimage"},"thumbnailUrl":"https:\/\/www.lovendal.ro\/wp52\/wp-content\/uploads\/2009\/06\/Fatima.jpg","keywords":["extratere\u015ftri","Fatima","OZN","Paranormal-Spiritualitate"],"articleSection":["Paranormal-Spiritualitate"],"inLanguage":"ro-RO","potentialAction":[{"@type":"CommentAction","name":"Comment","target":["https:\/\/www.lovendal.ro\/wp52\/profetia-de-la-fatima-a-fost-de-fapt-o-actiune-a-extraterestrilor\/#respond"]}]},{"@type":"WebPage","@id":"https:\/\/www.lovendal.ro\/wp52\/profetia-de-la-fatima-a-fost-de-fapt-o-actiune-a-extraterestrilor\/","url":"https:\/\/www.lovendal.ro\/wp52\/profetia-de-la-fatima-a-fost-de-fapt-o-actiune-a-extraterestrilor\/","name":"Profe\u0163ia de la Fatima a fost de fapt o ac\u0163iune a extratere\u015ftrilor? - Secretele lui Lovendal","isPartOf":{"@id":"https:\/\/www.lovendal.ro\/wp52\/#website"},"primaryImageOfPage":{"@id":"https:\/\/www.lovendal.ro\/wp52\/profetia-de-la-fatima-a-fost-de-fapt-o-actiune-a-extraterestrilor\/#primaryimage"},"image":{"@id":"https:\/\/www.lovendal.ro\/wp52\/profetia-de-la-fatima-a-fost-de-fapt-o-actiune-a-extraterestrilor\/#primaryimage"},"thumbnailUrl":"https:\/\/www.lovendal.ro\/wp52\/wp-content\/uploads\/2009\/06\/Fatima.jpg","datePublished":"2009-06-26T13:34:27+00:00","breadcrumb":{"@id":"https:\/\/www.lovendal.ro\/wp52\/profetia-de-la-fatima-a-fost-de-fapt-o-actiune-a-extraterestrilor\/#breadcrumb"},"inLanguage":"ro-RO","potentialAction":[{"@type":"ReadAction","target":["https:\/\/www.lovendal.ro\/wp52\/profetia-de-la-fatima-a-fost-de-fapt-o-actiune-a-extraterestrilor\/"]}]},{"@type":"ImageObject","inLanguage":"ro-RO","@id":"https:\/\/www.lovendal.ro\/wp52\/profetia-de-la-fatima-a-fost-de-fapt-o-actiune-a-extraterestrilor\/#primaryimage","url":"https:\/\/www.lovendal.ro\/wp52\/wp-content\/uploads\/2009\/06\/Fatima.jpg","contentUrl":"https:\/\/www.lovendal.ro\/wp52\/wp-content\/uploads\/2009\/06\/Fatima.jpg","width":"310","height":"283"},{"@type":"BreadcrumbList","@id":"https:\/\/www.lovendal.ro\/wp52\/profetia-de-la-fatima-a-fost-de-fapt-o-actiune-a-extraterestrilor\/#breadcrumb","itemListElement":[{"@type":"ListItem","position":1,"name":"Home","item":"https:\/\/www.lovendal.ro\/wp52\/"},{"@type":"ListItem","position":2,"name":"Profe\u0163ia de la Fatima a fost de fapt o ac\u0163iune a extratere\u015ftrilor?"}]},{"@type":"WebSite","@id":"https:\/\/www.lovendal.ro\/wp52\/#website","url":"https:\/\/www.lovendal.ro\/wp52\/","name":"Secretele lui Lovendal","description":"Site de secrete, stiinta si metafizica - din 2008 -","publisher":{"@id":"https:\/\/www.lovendal.ro\/wp52\/#organization"},"potentialAction":[{"@type":"SearchAction","target":{"@type":"EntryPoint","urlTemplate":"https:\/\/www.lovendal.ro\/wp52\/?s={search_term_string}"},"query-input":{"@type":"PropertyValueSpecification","valueRequired":true,"valueName":"search_term_string"}}],"inLanguage":"ro-RO"},{"@type":"Organization","@id":"https:\/\/www.lovendal.ro\/wp52\/#organization","name":"Secretele lui Lovendal","url":"https:\/\/www.lovendal.ro\/wp52\/","logo":{"@type":"ImageObject","inLanguage":"ro-RO","@id":"https:\/\/www.lovendal.ro\/wp52\/#\/schema\/logo\/image\/","url":"https:\/\/www.lovendal.ro\/wp52\/wp-content\/uploads\/2024\/06\/cropped-SLL-iun-2024-1.jpg","contentUrl":"https:\/\/www.lovendal.ro\/wp52\/wp-content\/uploads\/2024\/06\/cropped-SLL-iun-2024-1.jpg","width":771,"height":240,"caption":"Secretele lui Lovendal"},"image":{"@id":"https:\/\/www.lovendal.ro\/wp52\/#\/schema\/logo\/image\/"},"sameAs":["https:\/\/www.facebook.com\/secreteleluilovendal"]},{"@type":"Person","@id":"https:\/\/www.lovendal.ro\/wp52\/#\/schema\/person\/088691de5dfc346bb0c023e1e52ef5d9","name":"admin","image":{"@type":"ImageObject","inLanguage":"ro-RO","@id":"https:\/\/secure.gravatar.com\/avatar\/ecb9cd41f5f63c9c9b989999a59f6e2639a865ec361e9db054db0679a8f341c2?s=96&d=mm&r=g","url":"https:\/\/secure.gravatar.com\/avatar\/ecb9cd41f5f63c9c9b989999a59f6e2639a865ec361e9db054db0679a8f341c2?s=96&d=mm&r=g","contentUrl":"https:\/\/secure.gravatar.com\/avatar\/ecb9cd41f5f63c9c9b989999a59f6e2639a865ec361e9db054db0679a8f341c2?s=96&d=mm&r=g","caption":"admin"},"sameAs":["https:\/\/www.lovendal.ro\/wp52"]}]}},"_links":{"self":[{"href":"https:\/\/www.lovendal.ro\/wp52\/wp-json\/wp\/v2\/posts\/5929","targetHints":{"allow":["GET"]}}],"collection":[{"href":"https:\/\/www.lovendal.ro\/wp52\/wp-json\/wp\/v2\/posts"}],"about":[{"href":"https:\/\/www.lovendal.ro\/wp52\/wp-json\/wp\/v2\/types\/post"}],"author":[{"embeddable":true,"href":"https:\/\/www.lovendal.ro\/wp52\/wp-json\/wp\/v2\/users\/1"}],"replies":[{"embeddable":true,"href":"https:\/\/www.lovendal.ro\/wp52\/wp-json\/wp\/v2\/comments?post=5929"}],"version-history":[{"count":0,"href":"https:\/\/www.lovendal.ro\/wp52\/wp-json\/wp\/v2\/posts\/5929\/revisions"}],"wp:featuredmedia":[{"embeddable":true,"href":"https:\/\/www.lovendal.ro\/wp52\/wp-json\/wp\/v2\/media\/5930"}],"wp:attachment":[{"href":"https:\/\/www.lovendal.ro\/wp52\/wp-json\/wp\/v2\/media?parent=5929"}],"wp:term":[{"taxonomy":"category","embeddable":true,"href":"https:\/\/www.lovendal.ro\/wp52\/wp-json\/wp\/v2\/categories?post=5929"},{"taxonomy":"post_tag","embeddable":true,"href":"https:\/\/www.lovendal.ro\/wp52\/wp-json\/wp\/v2\/tags?post=5929"}],"curies":[{"name":"wp","href":"https:\/\/api.w.org\/{rel}","templated":true}]}}